{"id":322,"date":"2018-07-29T02:15:37","date_gmt":"2018-07-29T00:15:37","guid":{"rendered":"https:\/\/rozaria.pl\/ogrody-naszych-klientow\/bez-kategorii\/zuzildabw-2\/"},"modified":"2019-01-11T13:10:18","modified_gmt":"2019-01-11T12:10:18","slug":"katarzyna-jedlinska","status":"publish","type":"post","link":"https:\/\/rozaria.pl\/ogrody-naszych-klientow\/roze-2018\/katarzyna-jedlinska\/","title":{"rendered":"Katarzyna Jedli\u0144ska &#8211; wielobarwne r\u00f3\u017ce rabatowe"},"content":{"rendered":"<div class=\"fusion-fullwidth fullwidth-box nonhundred-percent-fullwidth non-hundred-percent-height-scrolling\"  style='background-color: #ffffff;background-position: center center;background-repeat: no-repeat;padding-top:0px;padding-right:0px;padding-bottom:0px;padding-left:0px;margin-top: 4%;'><div class=\"fusion-builder-row fusion-row \"><div  class=\"fusion-layout-column fusion_builder_column fusion_builder_column_1_1  fusion-one-full fusion-column-first fusion-column-last 1_1\"  style='margin-top:0px;margin-bottom:50px;'>\n\t\t\t\t\t<div class=\"fusion-column-wrapper\" style=\"padding: 0px 0px 0px 0px;background-position:left top;background-repeat:no-repeat;-webkit-background-size:cover;-moz-background-size:cover;-o-background-size:cover;background-size:cover;\"  data-bg-url=\"\">\n\t\t\t\t\t\t<div class=\"fusion-text\"><p style=\"text-align: justify;\">Jesieni\u0105 2016 jako zupe\u0142nie pocz\u0105tkuj\u0105cy posiadacz r\u00f3\u017c zakupi\u0142am w szk\u00f3\u0142ce Rozaria 26 sadzonek z nagim korzeniem \u2013 ka\u017cda z innej odmiany. Chocia\u017c jedna nie przetrwa\u0142a transportu, dwie nie przetrwa\u0142y zimy, kolejnym zaszkodzi\u0142y deszcze, niekt\u00f3re z przetrwa\u0142ych nie zakwit\u0142y w pierwszym roku, to wszystko wynagrodzi\u0142a mi zachwycaj\u0105ca triada. Posadzone razem pod p\u0142otem Fellowship, Samaritan i Super trouper okaza\u0142y si\u0119 zupe\u0142nym hitem. Podobne, a jednak inne, zmieniaj\u0105ce barw\u0119 i kszta\u0142t kwiat\u00f3w w miar\u0119 rozkwitu. Obficie kwitn\u0105ce ju\u017c w pierwszym roku &#8211; od wiosny a\u017c do \u015bnieg\u00f3w &#8211; zdrowe, bezproblemowe, zachwycaj\u0105 nie tylko mnie, ale te\u017c wzbudzaj\u0105 podziw s\u0105siad\u00f3w i odwiedzaj\u0105cych go\u015bci. Jednak najbardziej zadziwiaj\u0105ca kolorystycznie okaza\u0142a si\u0119 Rumba: od \u017c\u00f3\u0142ci, przez pomara\u0144cz i czerwie\u0144, a\u017c do r\u00f3\u017cowo\u015bci w ostatnim stadium kwitnienia, gdy wszystkie kolory mo\u017cna obserwowa\u0107 naraz na jednym krzaczku wygl\u0105da to niesamowicie.<\/p>\n<p>Katarzyna Jedli\u0144ska<\/p>\n<style type=\"text\/css\">\n#foogallery-gallery-316.fg-masonry .fg-item { width: 350px; }\n#foogallery-gallery-316.fg-masonry { --fg-gutter: 10px; }<\/style>\n\t\t\t<div class=\"foogallery foogallery-container foogallery-masonry foogallery-lightbox-foobox fg-center fg-masonry fg-ready fg-light fg-border-thin fg-shadow-outline fg-loading-default fg-loaded-fade-in fg-hover-scale fg-caption-hover fg-hover-fade fg-hover-zoom fg-fixed\" id=\"foogallery-gallery-316\" data-foogallery=\"{&quot;item&quot;:{&quot;showCaptionTitle&quot;:true,&quot;showCaptionDescription&quot;:true},&quot;lazy&quot;:true,&quot;template&quot;:{&quot;columnWidth&quot;:350,&quot;gutter&quot;:10}}\" style=\"--fg-title-line-clamp: 0; --fg-description-line-clamp: 0;\" >\n\t\t<div class=\"fg-item fg-type-image fg-idle\"><figure class=\"fg-item-inner\"><a href=\"https:\/\/rozaria.pl\/ogrody-naszych-klientow\/media\/2019\/01\/czerwona_roza.jpg\" data-attachment-id=\"317\" data-type=\"image\" class=\"fg-thumb\"><span class=\"fg-image-wrap\"><img alt=\"czerwona r\u00f3\u017ca\" width=\"350\" height=\"263\" class=\"skip-lazy fg-image\" data-src-fg=\"https:\/\/rozaria.pl\/ogrody-naszych-klientow\/media\/cache\/2019\/01\/czerwona_roza\/987676459.jpg\" src=\"data:image\/svg+xml,%3Csvg%20xmlns%3D%22http%3A%2F%2Fwww.w3.org%2F2000%2Fsvg%22%20width%3D%22350%22%20height%3D%22263%22%20viewBox%3D%220%200%20350%20263%22%3E%3C%2Fsvg%3E\" loading=\"eager\"><\/span><span class=\"fg-image-overlay\"><\/span><\/a><\/figure><div class=\"fg-loader\"><\/div><\/div><div class=\"fg-item fg-type-image fg-idle\"><figure class=\"fg-item-inner\"><a href=\"https:\/\/rozaria.pl\/ogrody-naszych-klientow\/media\/2019\/01\/fellowship_wytrzymale_roze_rabatowe_dla_poczatkujacych.jpg\" data-attachment-id=\"318\" data-type=\"image\" class=\"fg-thumb\"><span class=\"fg-image-wrap\"><img alt=\"fellowship wytrzyma\u0142e r\u00f3\u017ca rabatowe dla pocz\u0105tkuj\u0105cych\" width=\"350\" height=\"467\" class=\"skip-lazy fg-image\" data-src-fg=\"https:\/\/rozaria.pl\/ogrody-naszych-klientow\/media\/cache\/2019\/01\/fellowship_wytrzymale_roze_rabatowe_dla_poczatkujacych\/1355666710.jpg\" src=\"data:image\/svg+xml,%3Csvg%20xmlns%3D%22http%3A%2F%2Fwww.w3.org%2F2000%2Fsvg%22%20width%3D%22350%22%20height%3D%22467%22%20viewBox%3D%220%200%20350%20467%22%3E%3C%2Fsvg%3E\" loading=\"eager\"><\/span><span class=\"fg-image-overlay\"><\/span><\/a><\/figure><div class=\"fg-loader\"><\/div><\/div><div class=\"fg-item fg-type-image fg-idle\"><figure class=\"fg-item-inner\"><a href=\"https:\/\/rozaria.pl\/ogrody-naszych-klientow\/media\/2019\/01\/kolorowa_kompozycja_rozana.jpg\" data-attachment-id=\"319\" data-type=\"image\" class=\"fg-thumb\"><span class=\"fg-image-wrap\"><img alt=\"kolorowa kompozycja r\u00f3\u017cana\" width=\"350\" height=\"467\" class=\"skip-lazy fg-image\" data-src-fg=\"https:\/\/rozaria.pl\/ogrody-naszych-klientow\/media\/cache\/2019\/01\/kolorowa_kompozycja_rozana\/3431799906.jpg\" src=\"data:image\/svg+xml,%3Csvg%20xmlns%3D%22http%3A%2F%2Fwww.w3.org%2F2000%2Fsvg%22%20width%3D%22350%22%20height%3D%22467%22%20viewBox%3D%220%200%20350%20467%22%3E%3C%2Fsvg%3E\" loading=\"eager\"><\/span><span class=\"fg-image-overlay\"><\/span><\/a><\/figure><div class=\"fg-loader\"><\/div><\/div><div class=\"fg-item fg-type-image fg-idle\"><figure class=\"fg-item-inner\"><a href=\"https:\/\/rozaria.pl\/ogrody-naszych-klientow\/media\/2019\/01\/roza_rabatowa_pomaranczowa.jpg\" data-attachment-id=\"320\" data-type=\"image\" class=\"fg-thumb\"><span class=\"fg-image-wrap\"><img alt=\"r\u00f3\u017ca rabatowa pomara\u0144czowa\" width=\"350\" height=\"263\" class=\"skip-lazy fg-image\" data-src-fg=\"https:\/\/rozaria.pl\/ogrody-naszych-klientow\/media\/cache\/2019\/01\/roza_rabatowa_pomaranczowa\/1626464956.jpg\" src=\"data:image\/svg+xml,%3Csvg%20xmlns%3D%22http%3A%2F%2Fwww.w3.org%2F2000%2Fsvg%22%20width%3D%22350%22%20height%3D%22263%22%20viewBox%3D%220%200%20350%20263%22%3E%3C%2Fsvg%3E\" loading=\"eager\"><\/span><span class=\"fg-image-overlay\"><\/span><\/a><\/figure><div class=\"fg-loader\"><\/div><\/div><div class=\"fg-item fg-type-image fg-idle\"><figure class=\"fg-item-inner\"><a href=\"https:\/\/rozaria.pl\/ogrody-naszych-klientow\/media\/2019\/01\/samaritan_barwna_i_pachnaca_roza_rabatowa-2.jpg\" data-attachment-id=\"321\" data-type=\"image\" class=\"fg-thumb\"><span class=\"fg-image-wrap\"><img alt=\"samaritan barwna i pachn\u0105ca r\u00f3\u017ca rabatowa\" width=\"350\" height=\"263\" class=\"skip-lazy fg-image\" data-src-fg=\"https:\/\/rozaria.pl\/ogrody-naszych-klientow\/media\/cache\/2019\/01\/samaritan_barwna_i_pachnaca_roza_rabatowa-2\/3255797007.jpg\" src=\"data:image\/svg+xml,%3Csvg%20xmlns%3D%22http%3A%2F%2Fwww.w3.org%2F2000%2Fsvg%22%20width%3D%22350%22%20height%3D%22263%22%20viewBox%3D%220%200%20350%20263%22%3E%3C%2Fsvg%3E\" loading=\"eager\"><\/span><span class=\"fg-image-overlay\"><\/span><\/a><\/figure><div class=\"fg-loader\"><\/div><\/div><\/div>\n<\/div><div class=\"fusion-clearfix\"><\/div>\n\n\t\t\t\t\t<\/div>\n\t\t\t\t<\/div><\/div><\/div>\n","protected":false},"excerpt":{"rendered":"","protected":false},"author":1,"featured_media":321,"comment_status":"open","ping_status":"closed","sticky":false,"template":"","format":"standard","meta":{"_mi_skip_tracking":false,"_monsterinsights_sitenote_active":false,"_monsterinsights_sitenote_note":"","_monsterinsights_sitenote_category":0},"categories":[3],"tags":[],"acf":[],"aioseo_notices":[],"_links":{"self":[{"href":"https:\/\/rozaria.pl\/ogrody-naszych-klientow\/wp-json\/wp\/v2\/posts\/322"}],"collection":[{"href":"https:\/\/rozaria.pl\/ogrody-naszych-klientow\/wp-json\/wp\/v2\/posts"}],"about":[{"href":"https:\/\/rozaria.pl\/ogrody-naszych-klientow\/wp-json\/wp\/v2\/types\/post"}],"author":[{"embeddable":true,"href":"https:\/\/rozaria.pl\/ogrody-naszych-klientow\/wp-json\/wp\/v2\/users\/1"}],"replies":[{"embeddable":true,"href":"https:\/\/rozaria.pl\/ogrody-naszych-klientow\/wp-json\/wp\/v2\/comments?post=322"}],"version-history":[{"count":0,"href":"https:\/\/rozaria.pl\/ogrody-naszych-klientow\/wp-json\/wp\/v2\/posts\/322\/revisions"}],"wp:featuredmedia":[{"embeddable":true,"href":"https:\/\/rozaria.pl\/ogrody-naszych-klientow\/wp-json\/wp\/v2\/media\/321"}],"wp:attachment":[{"href":"https:\/\/rozaria.pl\/ogrody-naszych-klientow\/wp-json\/wp\/v2\/media?parent=322"}],"wp:term":[{"taxonomy":"category","embeddable":true,"href":"https:\/\/rozaria.pl\/ogrody-naszych-klientow\/wp-json\/wp\/v2\/categories?post=322"},{"taxonomy":"post_tag","embeddable":true,"href":"https:\/\/rozaria.pl\/ogrody-naszych-klientow\/wp-json\/wp\/v2\/tags?post=322"}],"curies":[{"name":"wp","href":"https:\/\/api.w.org\/{rel}","templated":true}]}}