{"id":755,"date":"2017-09-10T20:10:24","date_gmt":"2017-09-10T18:10:24","guid":{"rendered":"http:\/\/rozaria.pl\/blog\/?p=755"},"modified":"2020-01-17T09:51:38","modified_gmt":"2020-01-17T08:51:38","slug":"symbolika-i-znaczenie-kolorow-roz","status":"publish","type":"post","link":"https:\/\/rozaria.pl\/blog\/symbolika-i-znaczenie-kolorow-roz\/","title":{"rendered":"Symbolika i znaczenie kolor\u00f3w r\u00f3\u017c"},"content":{"rendered":"<h1 style=\"text-align: justify;\"><span style=\"font-family: georgia, palatino; font-size: 14pt;\">Symbolika i znaczenie kolor\u00f3w r\u00f3\u017c \u00a0<\/span><\/h1>\n<p style=\"text-align: justify;\"><span style=\"font-size: 14pt;\">Najprostsz\u0105 klasyfikacj\u0119 bogatej gamy odmian i rodzaj\u00f3w r\u00f3\u017c mo\u017cemy oprze\u0107 na ich kolorystyce i tak w\u0142a\u015bnie pogrupowa\u0107 te kwiaty. Wyodr\u0119bniaj\u0105c i dziel\u0105c r\u00f3\u017ce pod wzgl\u0119dem koloru p\u0142atk\u00f3w otrzymamy wiele\u00a0kategorii r\u00f3\u017c<\/span><\/p>\n<h2 style=\"text-align: justify;\"><span style=\"font-size: 14pt;\"><strong><a href=\"http:\/\/rozaria.pl\/blog\/wp-content\/uploads\/2015\/02\/czerwone-r\u00f3ze.jpg\"><img loading=\"lazy\" decoding=\"async\" class=\"alignleft wp-image-758 size-medium\" title=\"r\u00f3\u017ce czerwone\" src=\"http:\/\/rozaria.pl\/blog\/wp-content\/uploads\/2015\/02\/czerwone-r\u00f3ze-300x192.jpg\" alt=\"czerwone r\u00f3ze\" width=\"300\" height=\"192\" srcset=\"https:\/\/rozaria.pl\/blog\/wp-content\/uploads\/2015\/02\/czerwone-r\u00f3ze-150x96.jpg 150w, https:\/\/rozaria.pl\/blog\/wp-content\/uploads\/2015\/02\/czerwone-r\u00f3ze-300x192.jpg 300w, https:\/\/rozaria.pl\/blog\/wp-content\/uploads\/2015\/02\/czerwone-r\u00f3ze-1024x654.jpg 1024w, https:\/\/rozaria.pl\/blog\/wp-content\/uploads\/2015\/02\/czerwone-r\u00f3ze.jpg 1280w\" sizes=\"(max-width: 300px) 100vw, 300px\" \/><\/a>R\u00f3\u017ce czerwone<\/strong><\/span><\/h2>\n<p style=\"text-align: justify;\"><span style=\"font-size: 14pt;\">jak wiadomo na ca\u0142ym \u015bwiecie symbolizuj\u0105 mi\u0142o\u015b\u0107. W mitologii czerwony kwiat r\u00f3\u017cy uwa\u017cano za \u015bwi\u0119ty, w czasach rzymskich za symbol mi\u0142o\u015bci, w czasach romantyzmu i po dzie\u0144 dzisiejszy wyra\u017ca nie\u015bmierteln\u0105 i niepowtarzaln\u0105 mi\u0142o\u015b\u0107 mi\u0119dzy kobiet\u0105 i m\u0119\u017cczyzn\u0105. Dlatego te\u017c kwiat czerwonej r\u00f3\u017cy uznany zosta\u0142 za jeden z symboli przewodnich dnia \u015bwi\u0119tego Walentego.<\/span><\/p>\n<p style=\"text-align: justify;\"><span style=\"font-size: 14pt;\">Ale nie tylko bo czy\u017c jest inny kwiat wyra\u017caj\u0105cy pi\u0119kniej mi\u0142o\u015b\u0107 dziecka wzgl\u0119dem matki. Bukiet czerwonych r\u00f3\u017c to niezapomniany dar w dzie\u0144 jej \u015bwi\u0119ta.<\/span><\/p>\n<p style=\"text-align: justify;\"><span style=\"font-size: 14pt;\">Wiele kultur antycznych u\u017cywa\u0142o czerwonych r\u00f3\u017c\u00a0 w ceremoniach za\u015blubin, zw\u0142aszcza do przystrojenia panny m\u0142odej. Zwyczaj tej pozosta\u0142 jeszcze w niekt\u00f3rych krajach, i czerwona r\u00f3\u017ca jest wa\u017cnym atrybutem za\u015blubin symbolizuj\u0105c mi\u0142o\u015b\u0107 i wierno\u015b\u0107 przysz\u0142ych ma\u0142\u017conk\u00f3w.<\/span><\/p>\n<p style=\"text-align: justify;\"><span style=\"font-size: 14pt;\">Co ciekawe czerwie\u0144 p\u0142atk\u00f3w r\u00f3\u017c niejedno ma imi\u0119, bo r\u00f3\u017cne jej odcienie, t\u0142umaczone s\u0105 i odbierane jako r\u00f3\u017cne jej oblicza i symbole. Czerwie\u0144 intensywna, mocna odzwierciedla \u00a0szczery dramatyzm i b\u00f3l. Odcie\u0144 karminowy wyra\u017ca fantazje erotyczne, kolor kardynalski &#8211; mocny, ostry poci\u0105g i zainteresowanie, amarantowy &#8211; odczuwane od dawna \u00a0po\u017c\u0105danie, pragnienie rozpalone niczym ogie\u0144 i podsycane niegasn\u0105c\u0105 pasj\u0105 natomiast purpura &#8211; przysi\u0119gaj\u0105ca mi\u0142o\u015b\u0107 wieczn\u0105.<\/span><\/p>\n<h2 style=\"text-align: justify;\"><span style=\"font-size: 14pt;\"><strong>R\u00f3\u017ce pomara\u0144czowe<\/strong><\/span><\/h2>\n<p style=\"text-align: justify;\"><span style=\"font-size: 14pt;\"><a href=\"http:\/\/rozaria.pl\/blog\/wp-content\/uploads\/2015\/02\/pomara\u0144czowe-r\u00f3\u017ce.jpg\"><img loading=\"lazy\" decoding=\"async\" class=\"alignright wp-image-759 size-medium\" src=\"http:\/\/rozaria.pl\/blog\/wp-content\/uploads\/2015\/02\/pomara\u0144czowe-r\u00f3\u017ce-300x225.jpg\" alt=\"pomara\u0144czowe r\u00f3\u017ce\" width=\"300\" height=\"225\" srcset=\"https:\/\/rozaria.pl\/blog\/wp-content\/uploads\/2015\/02\/pomara\u0144czowe-r\u00f3\u017ce-150x113.jpg 150w, https:\/\/rozaria.pl\/blog\/wp-content\/uploads\/2015\/02\/pomara\u0144czowe-r\u00f3\u017ce-200x150.jpg 200w, https:\/\/rozaria.pl\/blog\/wp-content\/uploads\/2015\/02\/pomara\u0144czowe-r\u00f3\u017ce-300x225.jpg 300w, https:\/\/rozaria.pl\/blog\/wp-content\/uploads\/2015\/02\/pomara\u0144czowe-r\u00f3\u017ce-1024x768.jpg 1024w, https:\/\/rozaria.pl\/blog\/wp-content\/uploads\/2015\/02\/pomara\u0144czowe-r\u00f3\u017ce.jpg 1280w\" sizes=\"(max-width: 300px) 100vw, 300px\" \/><\/a>Pozostajemy nadal w ciep\u0142ej tonacji barw jak\u0105 jest pomara\u0144cz. Na wz\u00f3r wibruj\u0105cego i nios\u0105cego ciep\u0142o p\u0142omienia ognia, r\u00f3\u017ce pomara\u0144czowe przekazuj\u0105 dawk\u0119 energii i entuzjazmu, dumy i zapa\u0142u. Wszystkie kwiaty zawieraj\u0105ce mocno nasycon\u0105 barw\u0119 podobnie jak r\u00f3\u017ce czerwone budz\u0105 mocne zainteresowanie i pragnienie bycia po\u017c\u0105dan\u0105 i podziwian\u0105 w\u015br\u00f3d kwiat\u00f3w.<\/span><\/p>\n<p style=\"text-align: justify;\"><span style=\"font-size: 14pt;\">R\u00f3\u017ce koloru brzoskwiniowego symbolizuj\u0105 skromno\u015b\u0107, lecz jednocze\u015bnie wyra\u017caj\u0105 optymizm i pozytywne my\u015blenie na przysz\u0142o\u015b\u0107. St\u0105d s\u0105 mile widzianym akcentem na rabacie, o\u017cywiaj\u0105cym i rozja\u015bniaj\u0105cym nasz ogr\u00f3d.<\/span><\/p>\n<h2 style=\"text-align: justify;\"><span style=\"font-size: 14pt;\"><strong>R\u00f3\u017ce \u017c\u00f3\u0142te<\/strong><\/span><\/h2>\n<p style=\"text-align: justify;\"><span style=\"font-size: 14pt;\"><a href=\"http:\/\/rozaria.pl\/blog\/wp-content\/uploads\/2015\/02\/\u017c\u00f3\u0142te-r\u00f3\u017ce.jpg\"><img loading=\"lazy\" decoding=\"async\" class=\"alignleft wp-image-760 size-medium\" src=\"http:\/\/rozaria.pl\/blog\/wp-content\/uploads\/2015\/02\/\u017c\u00f3\u0142te-r\u00f3\u017ce-300x225.jpg\" alt=\"\u017c\u00f3\u0142te r\u00f3\u017ce\" width=\"300\" height=\"225\" srcset=\"https:\/\/rozaria.pl\/blog\/wp-content\/uploads\/2015\/02\/\u017c\u00f3\u0142te-r\u00f3\u017ce-150x113.jpg 150w, https:\/\/rozaria.pl\/blog\/wp-content\/uploads\/2015\/02\/\u017c\u00f3\u0142te-r\u00f3\u017ce-300x225.jpg 300w, https:\/\/rozaria.pl\/blog\/wp-content\/uploads\/2015\/02\/\u017c\u00f3\u0142te-r\u00f3\u017ce-1024x768.jpg 1024w, https:\/\/rozaria.pl\/blog\/wp-content\/uploads\/2015\/02\/\u017c\u00f3\u0142te-r\u00f3\u017ce.jpg 1280w\" sizes=\"(max-width: 300px) 100vw, 300px\" \/><\/a>W epoce wiktoria\u0144skiej\u00a0 &#8211; a wi\u0119c u schy\u0142ku XIX w, r\u00f3\u017ce \u017c\u00f3\u0142te kojarzone by\u0142y z negatywnymi cechami, takimi jak: zazdro\u015b\u0107, oszustwo, zdrada i niewierno\u015b\u0107. We wsp\u00f3\u0142czesnej kulturze r\u00f3\u017ce \u017c\u00f3\u0142te sta\u0142y si\u0119 symbolami uczu\u0107 platonicznych. Symbolizuj\u0105 one przyja\u017a\u0144, go\u015bcin\u0119, rado\u015b\u0107 niesienia pomocy, kt\u00f3ra rozgrzewa serce przenosz\u0105c do niego z\u0142oty kolor\u00a0 i ciep\u0142o s\u0142o\u0144ca. Kolor ten pobudza tak\u017ce do dzia\u0142ania i wyra\u017ca \u017cywio\u0142owo\u015b\u0107\u00a0 a r\u00f3\u017cane rabaty rozja\u015bnia niczym promienie s\u0142o\u0144ca. R\u00f3\u017ce o p\u0142atkach stonowanych bardzo jasnych cz\u0119sto s\u0105 tradycyjnym symbolem wyra\u017caj\u0105cym solidarno\u015b\u0107 oraz\u00a0 symbolem przyjaci\u00f3\u0142 pozostaj\u0105cych na zawsze w naszej pami\u0119ci.<\/span><\/p>\n<p style=\"text-align: justify;\"><span style=\"font-size: 14pt;\"><strong>R\u00f3\u017ce bia\u0142e<\/strong><\/span><\/p>\n<p style=\"text-align: justify;\"><span style=\"font-size: 14pt;\"><a href=\"http:\/\/rozaria.pl\/blog\/wp-content\/uploads\/2015\/02\/bia\u0142e-r\u00f3\u017ce.jpg\"><img loading=\"lazy\" decoding=\"async\" class=\"alignright wp-image-763 size-medium\" src=\"http:\/\/rozaria.pl\/blog\/wp-content\/uploads\/2015\/02\/bia\u0142e-r\u00f3\u017ce-300x211.jpg\" alt=\"bia\u0142e r\u00f3\u017ce\" width=\"300\" height=\"211\" srcset=\"https:\/\/rozaria.pl\/blog\/wp-content\/uploads\/2015\/02\/bia\u0142e-r\u00f3\u017ce-150x106.jpg 150w, https:\/\/rozaria.pl\/blog\/wp-content\/uploads\/2015\/02\/bia\u0142e-r\u00f3\u017ce-300x211.jpg 300w, https:\/\/rozaria.pl\/blog\/wp-content\/uploads\/2015\/02\/bia\u0142e-r\u00f3\u017ce-1024x722.jpg 1024w, https:\/\/rozaria.pl\/blog\/wp-content\/uploads\/2015\/02\/bia\u0142e-r\u00f3\u017ce.jpg 1280w\" sizes=\"(max-width: 300px) 100vw, 300px\" \/><\/a>R\u00f3\u017ce bia\u0142e cz\u0119sto okre\u015blane s\u0105 mianem \u201ekwiat\u00f3w nios\u0105cych \u015bwiat\u0142o\u201d. St\u0105d te\u017c wskazuj\u0105 nam na czysto\u015b\u0107, pow\u015bci\u0105gliwo\u015b\u0107, lojalno\u015b\u0107 i szacunek. Podobnie jak wiele innych bia\u0142ych kwiat\u00f3w reprezentuj\u0105 niewinn\u0105 pierwsz\u0105 mi\u0142o\u015b\u0107. W niekt\u00f3rych kulturach kontynentu Ameryki oraz zachodnich bia\u0142a r\u00f3\u017c\u0105 jest w ceremonii za\u015blubin r\u00f3\u017c\u0105 \u201epanny m\u0142odej\u201d i zapewnia szcz\u0119\u015bcie w czasie ceremonii. Natomiast w Szkocji kwitn\u0105ce mocno jesienne bia\u0142e r\u00f3\u017ce zwiastuj\u0105 przedwczesne ma\u0142\u017ce\u0144stwo. Jednak przede wszystkim symbolizuj\u0105 one czysto\u015b\u0107 i dziewictwo i s\u0105 dedykowane Maryi oraz innym \u015bwi\u0119tym w kulturze chrze\u015bcija\u0144skiej.<\/span><\/p>\n<h2 style=\"text-align: justify;\"><span style=\"font-size: 14pt;\"><strong>R\u00f3\u017ce r\u00f3\u017cowe<\/strong><\/span><\/h2>\n<p style=\"text-align: justify;\"><span style=\"font-size: 14pt;\"><a href=\"http:\/\/rozaria.pl\/blog\/wp-content\/uploads\/2015\/02\/r\u00f3zowe-r\u00f3ze.jpg\"><img loading=\"lazy\" decoding=\"async\" class=\"alignleft wp-image-764 size-medium\" src=\"http:\/\/rozaria.pl\/blog\/wp-content\/uploads\/2015\/02\/r\u00f3zowe-r\u00f3ze-300x225.jpg\" alt=\"r\u00f3zowe r\u00f3ze\" width=\"300\" height=\"225\" srcset=\"https:\/\/rozaria.pl\/blog\/wp-content\/uploads\/2015\/02\/r\u00f3zowe-r\u00f3ze-150x113.jpg 150w, https:\/\/rozaria.pl\/blog\/wp-content\/uploads\/2015\/02\/r\u00f3zowe-r\u00f3ze-200x150.jpg 200w, https:\/\/rozaria.pl\/blog\/wp-content\/uploads\/2015\/02\/r\u00f3zowe-r\u00f3ze-300x225.jpg 300w, https:\/\/rozaria.pl\/blog\/wp-content\/uploads\/2015\/02\/r\u00f3zowe-r\u00f3ze-1024x768.jpg 1024w, https:\/\/rozaria.pl\/blog\/wp-content\/uploads\/2015\/02\/r\u00f3zowe-r\u00f3ze.jpg 1280w\" sizes=\"(max-width: 300px) 100vw, 300px\" \/><\/a>Wiele z odmian o tym kolorze obdarzonych jest intensywnym zapachem i mo\u017ce st\u0105d r\u00f3\u017cy tej przypisana jest elegancja i wyrafinowanie. R\u00f3\u017ce te ofiarowane m\u0142odej kobiecie wyra\u017caj\u0105 zachwyt, podziw dla ich m\u0142odzie\u0144czego, rozkwitaj\u0105cego pi\u0119kna. R\u00f3\u017cowe r\u00f3\u017ce, to tak\u017ce rado\u015b\u0107 i poezja mi\u0142o\u015bci, kt\u00f3ra dopiero si\u0119 rodzi i jest niedojrza\u0142a. W\u015br\u00f3d wielu odmian i ton\u00f3w barwy mocne nasycone nios\u0105 przes\u0142anie\u00a0 wdzi\u0119czno\u015bci, za\u015b jasne sympati\u0119 i uprzejmo\u015b\u0107.<\/span><\/p>\n<h2 style=\"text-align: justify;\"><span style=\"font-size: 14pt;\"><strong>R\u00f3\u017ce niebieskie<\/strong><\/span><\/h2>\n<p style=\"text-align: justify;\"><span style=\"font-size: 14pt;\"><a href=\"http:\/\/rozaria.pl\/blog\/wp-content\/uploads\/2015\/02\/niebieskie-r\u00f3ze.jpg\"><img loading=\"lazy\" decoding=\"async\" class=\"alignright wp-image-765 size-medium\" src=\"http:\/\/rozaria.pl\/blog\/wp-content\/uploads\/2015\/02\/niebieskie-r\u00f3ze-300x225.jpg\" alt=\"niebieskie r\u00f3ze\" width=\"300\" height=\"225\" srcset=\"https:\/\/rozaria.pl\/blog\/wp-content\/uploads\/2015\/02\/niebieskie-r\u00f3ze-150x113.jpg 150w, https:\/\/rozaria.pl\/blog\/wp-content\/uploads\/2015\/02\/niebieskie-r\u00f3ze-200x150.jpg 200w, https:\/\/rozaria.pl\/blog\/wp-content\/uploads\/2015\/02\/niebieskie-r\u00f3ze-300x225.jpg 300w, https:\/\/rozaria.pl\/blog\/wp-content\/uploads\/2015\/02\/niebieskie-r\u00f3ze-1024x768.jpg 1024w, https:\/\/rozaria.pl\/blog\/wp-content\/uploads\/2015\/02\/niebieskie-r\u00f3ze.jpg 1280w\" sizes=\"(max-width: 300px) 100vw, 300px\" \/><\/a>Niebieska r\u00f3\u017ca\u00a0ujawnia pierwsze emocje rodz\u0105cej si\u0119 mi\u0142o\u015bci. Natomiast w odcieniu lawendy lub fioletu symbolizuje wielki dar oraz mi\u0142o\u015b\u0107 od pierwszego wejrzenia. Cz\u0119sto przypisywana jest magii oraz atrybut ostro\u017cno\u015bci i dyskrecji. Odcienie niebieskie wyra\u017caj\u0105 nadziej\u0119 na nowe rozwi\u0105zania, wydarzenia niecodzienne i cudowne.<\/span><\/p>\n<h2 style=\"text-align: justify;\"><span style=\"font-size: 14pt;\"><strong>R\u00f3\u017ce czarne<\/strong><\/span><\/h2>\n<p style=\"text-align: justify;\"><span style=\"font-size: 14pt;\">Niestety cz\u0119sto r\u00f3\u017ce o bardzo ciemnych prawie czarnych p\u0142atkach kojarzone s\u0105 negatywnie z wydarzeniem, kt\u00f3rego nadszed\u0142 kres. Dedykowane s\u0105 zmar\u0142ym, symbolizuj\u0105 koniec mi\u0142o\u015bci mi\u0119dzy dwojgiem ludzi, ale jednocze\u015bnie zapowiadaj\u0105 znacz\u0105ce przemiany w przysz\u0142o\u015bci.<\/span><\/p>\n<p style=\"text-align: center;\"><a href=\"http:\/\/rozaria.pl\/blog\/wp-content\/uploads\/2015\/02\/czarne-r\u00f3ze.jpg\"><img loading=\"lazy\" decoding=\"async\" class=\"aligncenter wp-image-766 size-medium\" src=\"http:\/\/rozaria.pl\/blog\/wp-content\/uploads\/2015\/02\/czarne-r\u00f3ze-300x171.jpg\" alt=\"czarne r\u00f3ze\" width=\"300\" height=\"171\" srcset=\"https:\/\/rozaria.pl\/blog\/wp-content\/uploads\/2015\/02\/czarne-r\u00f3ze-150x85.jpg 150w, https:\/\/rozaria.pl\/blog\/wp-content\/uploads\/2015\/02\/czarne-r\u00f3ze-300x171.jpg 300w, https:\/\/rozaria.pl\/blog\/wp-content\/uploads\/2015\/02\/czarne-r\u00f3ze-1024x583.jpg 1024w, https:\/\/rozaria.pl\/blog\/wp-content\/uploads\/2015\/02\/czarne-r\u00f3ze.jpg 1280w\" sizes=\"(max-width: 300px) 100vw, 300px\" \/><\/a><\/p>\n","protected":false},"excerpt":{"rendered":"<p>Symbolika i znaczenie kolor\u00f3w r\u00f3\u017c \u00a0 Najprostsz\u0105 klasyfikacj\u0119 bogatej gamy odmian i rodzaj\u00f3w r\u00f3\u017c mo\u017cemy oprze\u0107 na ich kolorystyce i tak w\u0142a\u015bnie pogrupowa\u0107 te kwiaty. Wyodr\u0119bniaj\u0105c i dziel\u0105c r\u00f3\u017ce pod wzgl\u0119dem koloru p\u0142atk\u00f3w otrzymamy wiele\u00a0kategorii r\u00f3\u017c R\u00f3\u017ce czerwone jak wiadomo [&hellip;]<\/p>\n","protected":false},"author":1,"featured_media":760,"comment_status":"open","ping_status":"open","sticky":false,"template":"","format":"standard","meta":{"_mi_skip_tracking":false,"_monsterinsights_sitenote_active":false,"_monsterinsights_sitenote_note":"","_monsterinsights_sitenote_category":0,"footnotes":""},"categories":[4],"tags":[],"yoast_head":"<!-- This site is optimized with the Yoast SEO plugin v23.5 - https:\/\/yoast.com\/wordpress\/plugins\/seo\/ -->\n<title>Symbolika i znaczenie kolor\u00f3w r\u00f3\u017c - blog Rozaria.pl<\/title>\n<meta name=\"robots\" content=\"index, follow, max-snippet:-1, max-image-preview:large, max-video-preview:-1\" \/>\n<link rel=\"canonical\" href=\"https:\/\/rozaria.pl\/blog\/symbolika-i-znaczenie-kolorow-roz\/\" \/>\n<meta property=\"og:locale\" content=\"pl_PL\" \/>\n<meta property=\"og:type\" content=\"article\" \/>\n<meta property=\"og:title\" content=\"Symbolika i znaczenie kolor\u00f3w r\u00f3\u017c - blog Rozaria.pl\" \/>\n<meta property=\"og:description\" content=\"Symbolika i znaczenie kolor\u00f3w r\u00f3\u017c \u00a0 Najprostsz\u0105 klasyfikacj\u0119 bogatej gamy odmian i rodzaj\u00f3w r\u00f3\u017c mo\u017cemy oprze\u0107 na ich kolorystyce i tak w\u0142a\u015bnie pogrupowa\u0107 te kwiaty. Wyodr\u0119bniaj\u0105c i dziel\u0105c r\u00f3\u017ce pod wzgl\u0119dem koloru p\u0142atk\u00f3w otrzymamy wiele\u00a0kategorii r\u00f3\u017c R\u00f3\u017ce czerwone jak wiadomo [&hellip;]\" \/>\n<meta property=\"og:url\" content=\"https:\/\/rozaria.pl\/blog\/symbolika-i-znaczenie-kolorow-roz\/\" \/>\n<meta property=\"og:site_name\" content=\"blog Rozaria.pl\" \/>\n<meta property=\"article:publisher\" content=\"https:\/\/www.facebook.com\/SzkolkaRozRozaria\/\" \/>\n<meta property=\"article:published_time\" content=\"2017-09-10T18:10:24+00:00\" \/>\n<meta property=\"article:modified_time\" content=\"2020-01-17T08:51:38+00:00\" \/>\n<meta property=\"og:image\" content=\"https:\/\/rozaria.pl\/blog\/wp-content\/uploads\/2015\/02\/\u017c\u00f3\u0142te-r\u00f3\u017ce.jpg\" \/>\n\t<meta property=\"og:image:width\" content=\"1280\" \/>\n\t<meta property=\"og:image:height\" content=\"960\" \/>\n\t<meta property=\"og:image:type\" content=\"image\/jpeg\" \/>\n<meta name=\"author\" content=\"Rozaria.pl\" \/>\n<meta name=\"twitter:card\" content=\"summary_large_image\" \/>\n<meta name=\"twitter:creator\" content=\"@SzkolkaRozaria\" \/>\n<meta name=\"twitter:site\" content=\"@SzkolkaRozaria\" \/>\n<meta name=\"twitter:label1\" content=\"Napisane przez\" \/>\n\t<meta name=\"twitter:data1\" content=\"Rozaria.pl\" \/>\n\t<meta name=\"twitter:label2\" content=\"Szacowany czas czytania\" \/>\n\t<meta name=\"twitter:data2\" content=\"4 minuty\" \/>\n<script type=\"application\/ld+json\" class=\"yoast-schema-graph\">{\"@context\":\"https:\/\/schema.org\",\"@graph\":[{\"@type\":\"Article\",\"@id\":\"https:\/\/rozaria.pl\/blog\/symbolika-i-znaczenie-kolorow-roz\/#article\",\"isPartOf\":{\"@id\":\"https:\/\/rozaria.pl\/blog\/symbolika-i-znaczenie-kolorow-roz\/\"},\"author\":{\"name\":\"Rozaria.pl\",\"@id\":\"https:\/\/rozaria.pl\/blog\/#\/schema\/person\/31b3805d5058ea1cffed1d8efb6e2513\"},\"headline\":\"Symbolika i znaczenie kolor\u00f3w r\u00f3\u017c\",\"datePublished\":\"2017-09-10T18:10:24+00:00\",\"dateModified\":\"2020-01-17T08:51:38+00:00\",\"mainEntityOfPage\":{\"@id\":\"https:\/\/rozaria.pl\/blog\/symbolika-i-znaczenie-kolorow-roz\/\"},\"wordCount\":808,\"commentCount\":2,\"publisher\":{\"@id\":\"https:\/\/rozaria.pl\/blog\/#organization\"},\"image\":{\"@id\":\"https:\/\/rozaria.pl\/blog\/symbolika-i-znaczenie-kolorow-roz\/#primaryimage\"},\"thumbnailUrl\":\"https:\/\/rozaria.pl\/blog\/wp-content\/uploads\/2015\/02\/\u017c\u00f3\u0142te-r\u00f3\u017ce.jpg\",\"articleSection\":[\"Ciekawostki\"],\"inLanguage\":\"pl-PL\",\"potentialAction\":[{\"@type\":\"CommentAction\",\"name\":\"Comment\",\"target\":[\"https:\/\/rozaria.pl\/blog\/symbolika-i-znaczenie-kolorow-roz\/#respond\"]}]},{\"@type\":\"WebPage\",\"@id\":\"https:\/\/rozaria.pl\/blog\/symbolika-i-znaczenie-kolorow-roz\/\",\"url\":\"https:\/\/rozaria.pl\/blog\/symbolika-i-znaczenie-kolorow-roz\/\",\"name\":\"Symbolika i znaczenie kolor\u00f3w r\u00f3\u017c - blog Rozaria.pl\",\"isPartOf\":{\"@id\":\"https:\/\/rozaria.pl\/blog\/#website\"},\"primaryImageOfPage\":{\"@id\":\"https:\/\/rozaria.pl\/blog\/symbolika-i-znaczenie-kolorow-roz\/#primaryimage\"},\"image\":{\"@id\":\"https:\/\/rozaria.pl\/blog\/symbolika-i-znaczenie-kolorow-roz\/#primaryimage\"},\"thumbnailUrl\":\"https:\/\/rozaria.pl\/blog\/wp-content\/uploads\/2015\/02\/\u017c\u00f3\u0142te-r\u00f3\u017ce.jpg\",\"datePublished\":\"2017-09-10T18:10:24+00:00\",\"dateModified\":\"2020-01-17T08:51:38+00:00\",\"breadcrumb\":{\"@id\":\"https:\/\/rozaria.pl\/blog\/symbolika-i-znaczenie-kolorow-roz\/#breadcrumb\"},\"inLanguage\":\"pl-PL\",\"potentialAction\":[{\"@type\":\"ReadAction\",\"target\":[\"https:\/\/rozaria.pl\/blog\/symbolika-i-znaczenie-kolorow-roz\/\"]}]},{\"@type\":\"ImageObject\",\"inLanguage\":\"pl-PL\",\"@id\":\"https:\/\/rozaria.pl\/blog\/symbolika-i-znaczenie-kolorow-roz\/#primaryimage\",\"url\":\"https:\/\/rozaria.pl\/blog\/wp-content\/uploads\/2015\/02\/\u017c\u00f3\u0142te-r\u00f3\u017ce.jpg\",\"contentUrl\":\"https:\/\/rozaria.pl\/blog\/wp-content\/uploads\/2015\/02\/\u017c\u00f3\u0142te-r\u00f3\u017ce.jpg\",\"width\":1280,\"height\":960,\"caption\":\"\u017c\u00f3\u0142te r\u00f3\u017ce\"},{\"@type\":\"BreadcrumbList\",\"@id\":\"https:\/\/rozaria.pl\/blog\/symbolika-i-znaczenie-kolorow-roz\/#breadcrumb\",\"itemListElement\":[{\"@type\":\"ListItem\",\"position\":1,\"name\":\"Strona g\u0142\u00f3wna\",\"item\":\"https:\/\/rozaria.pl\/blog\/\"},{\"@type\":\"ListItem\",\"position\":2,\"name\":\"Symbolika i znaczenie kolor\u00f3w r\u00f3\u017c\"}]},{\"@type\":\"WebSite\",\"@id\":\"https:\/\/rozaria.pl\/blog\/#website\",\"url\":\"https:\/\/rozaria.pl\/blog\/\",\"name\":\"blog Rozaria.pl\",\"description\":\"Porozmawiajmy o r\u00f3\u017cach, o wszystkich sprawach\",\"publisher\":{\"@id\":\"https:\/\/rozaria.pl\/blog\/#organization\"},\"potentialAction\":[{\"@type\":\"SearchAction\",\"target\":{\"@type\":\"EntryPoint\",\"urlTemplate\":\"https:\/\/rozaria.pl\/blog\/?s={search_term_string}\"},\"query-input\":{\"@type\":\"PropertyValueSpecification\",\"valueRequired\":true,\"valueName\":\"search_term_string\"}}],\"inLanguage\":\"pl-PL\"},{\"@type\":\"Organization\",\"@id\":\"https:\/\/rozaria.pl\/blog\/#organization\",\"name\":\"Szk\u00f3\u0142ka R\u00f3\u017c Rozaria\",\"url\":\"https:\/\/rozaria.pl\/blog\/\",\"logo\":{\"@type\":\"ImageObject\",\"inLanguage\":\"pl-PL\",\"@id\":\"https:\/\/rozaria.pl\/blog\/#\/schema\/logo\/image\/\",\"url\":\"https:\/\/rozaria.pl\/blog\/wp-content\/uploads\/2016\/12\/logo_dla-rozaria.png\",\"contentUrl\":\"https:\/\/rozaria.pl\/blog\/wp-content\/uploads\/2016\/12\/logo_dla-rozaria.png\",\"width\":400,\"height\":166,\"caption\":\"Szk\u00f3\u0142ka R\u00f3\u017c Rozaria\"},\"image\":{\"@id\":\"https:\/\/rozaria.pl\/blog\/#\/schema\/logo\/image\/\"},\"sameAs\":[\"https:\/\/www.facebook.com\/SzkolkaRozRozaria\/\",\"https:\/\/x.com\/SzkolkaRozaria\",\"https:\/\/www.youtube.com\/channel\/UCguKKBc7F06eYM1tzYx1Z5A\"]},{\"@type\":\"Person\",\"@id\":\"https:\/\/rozaria.pl\/blog\/#\/schema\/person\/31b3805d5058ea1cffed1d8efb6e2513\",\"name\":\"Rozaria.pl\",\"image\":{\"@type\":\"ImageObject\",\"inLanguage\":\"pl-PL\",\"@id\":\"https:\/\/rozaria.pl\/blog\/#\/schema\/person\/image\/\",\"url\":\"https:\/\/secure.gravatar.com\/avatar\/36c7e4b15b333b9fb573f9e54e7fcf52?s=96&d=mm&r=g\",\"contentUrl\":\"https:\/\/secure.gravatar.com\/avatar\/36c7e4b15b333b9fb573f9e54e7fcf52?s=96&d=mm&r=g\",\"caption\":\"Rozaria.pl\"},\"sameAs\":[\"https:\/\/www.rozaria.pl\",\"https:\/\/www.youtube.com\/channel\/UCguKKBc7F06eYM1tzYx1Z5A\"],\"url\":\"https:\/\/rozaria.pl\/blog\/author\/1rozanka\/\"}]}<\/script>\n<!-- \/ Yoast SEO plugin. -->","yoast_head_json":{"title":"Symbolika i znaczenie kolor\u00f3w r\u00f3\u017c - blog Rozaria.pl","robots":{"index":"index","follow":"follow","max-snippet":"max-snippet:-1","max-image-preview":"max-image-preview:large","max-video-preview":"max-video-preview:-1"},"canonical":"https:\/\/rozaria.pl\/blog\/symbolika-i-znaczenie-kolorow-roz\/","og_locale":"pl_PL","og_type":"article","og_title":"Symbolika i znaczenie kolor\u00f3w r\u00f3\u017c - blog Rozaria.pl","og_description":"Symbolika i znaczenie kolor\u00f3w r\u00f3\u017c \u00a0 Najprostsz\u0105 klasyfikacj\u0119 bogatej gamy odmian i rodzaj\u00f3w r\u00f3\u017c mo\u017cemy oprze\u0107 na ich kolorystyce i tak w\u0142a\u015bnie pogrupowa\u0107 te kwiaty. Wyodr\u0119bniaj\u0105c i dziel\u0105c r\u00f3\u017ce pod wzgl\u0119dem koloru p\u0142atk\u00f3w otrzymamy wiele\u00a0kategorii r\u00f3\u017c R\u00f3\u017ce czerwone jak wiadomo [&hellip;]","og_url":"https:\/\/rozaria.pl\/blog\/symbolika-i-znaczenie-kolorow-roz\/","og_site_name":"blog Rozaria.pl","article_publisher":"https:\/\/www.facebook.com\/SzkolkaRozRozaria\/","article_published_time":"2017-09-10T18:10:24+00:00","article_modified_time":"2020-01-17T08:51:38+00:00","og_image":[{"width":1280,"height":960,"url":"https:\/\/rozaria.pl\/blog\/wp-content\/uploads\/2015\/02\/\u017c\u00f3\u0142te-r\u00f3\u017ce.jpg","type":"image\/jpeg"}],"author":"Rozaria.pl","twitter_card":"summary_large_image","twitter_creator":"@SzkolkaRozaria","twitter_site":"@SzkolkaRozaria","twitter_misc":{"Napisane przez":"Rozaria.pl","Szacowany czas czytania":"4 minuty"},"schema":{"@context":"https:\/\/schema.org","@graph":[{"@type":"Article","@id":"https:\/\/rozaria.pl\/blog\/symbolika-i-znaczenie-kolorow-roz\/#article","isPartOf":{"@id":"https:\/\/rozaria.pl\/blog\/symbolika-i-znaczenie-kolorow-roz\/"},"author":{"name":"Rozaria.pl","@id":"https:\/\/rozaria.pl\/blog\/#\/schema\/person\/31b3805d5058ea1cffed1d8efb6e2513"},"headline":"Symbolika i znaczenie kolor\u00f3w r\u00f3\u017c","datePublished":"2017-09-10T18:10:24+00:00","dateModified":"2020-01-17T08:51:38+00:00","mainEntityOfPage":{"@id":"https:\/\/rozaria.pl\/blog\/symbolika-i-znaczenie-kolorow-roz\/"},"wordCount":808,"commentCount":2,"publisher":{"@id":"https:\/\/rozaria.pl\/blog\/#organization"},"image":{"@id":"https:\/\/rozaria.pl\/blog\/symbolika-i-znaczenie-kolorow-roz\/#primaryimage"},"thumbnailUrl":"https:\/\/rozaria.pl\/blog\/wp-content\/uploads\/2015\/02\/\u017c\u00f3\u0142te-r\u00f3\u017ce.jpg","articleSection":["Ciekawostki"],"inLanguage":"pl-PL","potentialAction":[{"@type":"CommentAction","name":"Comment","target":["https:\/\/rozaria.pl\/blog\/symbolika-i-znaczenie-kolorow-roz\/#respond"]}]},{"@type":"WebPage","@id":"https:\/\/rozaria.pl\/blog\/symbolika-i-znaczenie-kolorow-roz\/","url":"https:\/\/rozaria.pl\/blog\/symbolika-i-znaczenie-kolorow-roz\/","name":"Symbolika i znaczenie kolor\u00f3w r\u00f3\u017c - blog Rozaria.pl","isPartOf":{"@id":"https:\/\/rozaria.pl\/blog\/#website"},"primaryImageOfPage":{"@id":"https:\/\/rozaria.pl\/blog\/symbolika-i-znaczenie-kolorow-roz\/#primaryimage"},"image":{"@id":"https:\/\/rozaria.pl\/blog\/symbolika-i-znaczenie-kolorow-roz\/#primaryimage"},"thumbnailUrl":"https:\/\/rozaria.pl\/blog\/wp-content\/uploads\/2015\/02\/\u017c\u00f3\u0142te-r\u00f3\u017ce.jpg","datePublished":"2017-09-10T18:10:24+00:00","dateModified":"2020-01-17T08:51:38+00:00","breadcrumb":{"@id":"https:\/\/rozaria.pl\/blog\/symbolika-i-znaczenie-kolorow-roz\/#breadcrumb"},"inLanguage":"pl-PL","potentialAction":[{"@type":"ReadAction","target":["https:\/\/rozaria.pl\/blog\/symbolika-i-znaczenie-kolorow-roz\/"]}]},{"@type":"ImageObject","inLanguage":"pl-PL","@id":"https:\/\/rozaria.pl\/blog\/symbolika-i-znaczenie-kolorow-roz\/#primaryimage","url":"https:\/\/rozaria.pl\/blog\/wp-content\/uploads\/2015\/02\/\u017c\u00f3\u0142te-r\u00f3\u017ce.jpg","contentUrl":"https:\/\/rozaria.pl\/blog\/wp-content\/uploads\/2015\/02\/\u017c\u00f3\u0142te-r\u00f3\u017ce.jpg","width":1280,"height":960,"caption":"\u017c\u00f3\u0142te r\u00f3\u017ce"},{"@type":"BreadcrumbList","@id":"https:\/\/rozaria.pl\/blog\/symbolika-i-znaczenie-kolorow-roz\/#breadcrumb","itemListElement":[{"@type":"ListItem","position":1,"name":"Strona g\u0142\u00f3wna","item":"https:\/\/rozaria.pl\/blog\/"},{"@type":"ListItem","position":2,"name":"Symbolika i znaczenie kolor\u00f3w r\u00f3\u017c"}]},{"@type":"WebSite","@id":"https:\/\/rozaria.pl\/blog\/#website","url":"https:\/\/rozaria.pl\/blog\/","name":"blog Rozaria.pl","description":"Porozmawiajmy o r\u00f3\u017cach, o wszystkich sprawach","publisher":{"@id":"https:\/\/rozaria.pl\/blog\/#organization"},"potentialAction":[{"@type":"SearchAction","target":{"@type":"EntryPoint","urlTemplate":"https:\/\/rozaria.pl\/blog\/?s={search_term_string}"},"query-input":{"@type":"PropertyValueSpecification","valueRequired":true,"valueName":"search_term_string"}}],"inLanguage":"pl-PL"},{"@type":"Organization","@id":"https:\/\/rozaria.pl\/blog\/#organization","name":"Szk\u00f3\u0142ka R\u00f3\u017c Rozaria","url":"https:\/\/rozaria.pl\/blog\/","logo":{"@type":"ImageObject","inLanguage":"pl-PL","@id":"https:\/\/rozaria.pl\/blog\/#\/schema\/logo\/image\/","url":"https:\/\/rozaria.pl\/blog\/wp-content\/uploads\/2016\/12\/logo_dla-rozaria.png","contentUrl":"https:\/\/rozaria.pl\/blog\/wp-content\/uploads\/2016\/12\/logo_dla-rozaria.png","width":400,"height":166,"caption":"Szk\u00f3\u0142ka R\u00f3\u017c Rozaria"},"image":{"@id":"https:\/\/rozaria.pl\/blog\/#\/schema\/logo\/image\/"},"sameAs":["https:\/\/www.facebook.com\/SzkolkaRozRozaria\/","https:\/\/x.com\/SzkolkaRozaria","https:\/\/www.youtube.com\/channel\/UCguKKBc7F06eYM1tzYx1Z5A"]},{"@type":"Person","@id":"https:\/\/rozaria.pl\/blog\/#\/schema\/person\/31b3805d5058ea1cffed1d8efb6e2513","name":"Rozaria.pl","image":{"@type":"ImageObject","inLanguage":"pl-PL","@id":"https:\/\/rozaria.pl\/blog\/#\/schema\/person\/image\/","url":"https:\/\/secure.gravatar.com\/avatar\/36c7e4b15b333b9fb573f9e54e7fcf52?s=96&d=mm&r=g","contentUrl":"https:\/\/secure.gravatar.com\/avatar\/36c7e4b15b333b9fb573f9e54e7fcf52?s=96&d=mm&r=g","caption":"Rozaria.pl"},"sameAs":["https:\/\/www.rozaria.pl","https:\/\/www.youtube.com\/channel\/UCguKKBc7F06eYM1tzYx1Z5A"],"url":"https:\/\/rozaria.pl\/blog\/author\/1rozanka\/"}]}},"_links":{"self":[{"href":"https:\/\/rozaria.pl\/blog\/wp-json\/wp\/v2\/posts\/755"}],"collection":[{"href":"https:\/\/rozaria.pl\/blog\/wp-json\/wp\/v2\/posts"}],"about":[{"href":"https:\/\/rozaria.pl\/blog\/wp-json\/wp\/v2\/types\/post"}],"author":[{"embeddable":true,"href":"https:\/\/rozaria.pl\/blog\/wp-json\/wp\/v2\/users\/1"}],"replies":[{"embeddable":true,"href":"https:\/\/rozaria.pl\/blog\/wp-json\/wp\/v2\/comments?post=755"}],"version-history":[{"count":10,"href":"https:\/\/rozaria.pl\/blog\/wp-json\/wp\/v2\/posts\/755\/revisions"}],"predecessor-version":[{"id":783,"href":"https:\/\/rozaria.pl\/blog\/wp-json\/wp\/v2\/posts\/755\/revisions\/783"}],"wp:featuredmedia":[{"embeddable":true,"href":"https:\/\/rozaria.pl\/blog\/wp-json\/wp\/v2\/media\/760"}],"wp:attachment":[{"href":"https:\/\/rozaria.pl\/blog\/wp-json\/wp\/v2\/media?parent=755"}],"wp:term":[{"taxonomy":"category","embeddable":true,"href":"https:\/\/rozaria.pl\/blog\/wp-json\/wp\/v2\/categories?post=755"},{"taxonomy":"post_tag","embeddable":true,"href":"https:\/\/rozaria.pl\/blog\/wp-json\/wp\/v2\/tags?post=755"}],"curies":[{"name":"wp","href":"https:\/\/api.w.org\/{rel}","templated":true}]}}