{"id":7115,"date":"2025-12-15T12:18:08","date_gmt":"2025-12-15T11:18:08","guid":{"rendered":"https:\/\/rozaria.pl\/blog\/?p=7115"},"modified":"2025-12-15T12:21:23","modified_gmt":"2025-12-15T11:21:23","slug":"czy-w-grudniu-trzeba-okrywac-roze","status":"publish","type":"post","link":"https:\/\/rozaria.pl\/blog\/czy-w-grudniu-trzeba-okrywac-roze\/","title":{"rendered":"Czy w grudniu trzeba okrywa\u0107 r\u00f3\u017ce?"},"content":{"rendered":"<h2 style=\"text-align: justify;\" data-start=\"252\" data-end=\"318\">Grudzie\u0144 w ogrodzie \u2013 spokojny czas, kt\u00f3ry zaprocentuje wiosn\u0105<\/h2>\n<p style=\"text-align: justify;\" data-start=\"394\" data-end=\"716\"><a href=\"https:\/\/rozaria.pl\/blog\/wp-content\/uploads\/2025\/10\/kopczyki-ziemia.jpg\"><img loading=\"lazy\" decoding=\"async\" class=\"alignleft size-medium wp-image-6937\" src=\"https:\/\/rozaria.pl\/blog\/wp-content\/uploads\/2025\/10\/kopczyki-ziemia-300x208.jpg\" alt=\"czy w grudniu trzeba okrywa\u0107 r\u00f3\u017ce\" width=\"300\" height=\"208\" srcset=\"https:\/\/rozaria.pl\/blog\/wp-content\/uploads\/2025\/10\/kopczyki-ziemia-150x104.jpg 150w, https:\/\/rozaria.pl\/blog\/wp-content\/uploads\/2025\/10\/kopczyki-ziemia-200x139.jpg 200w, https:\/\/rozaria.pl\/blog\/wp-content\/uploads\/2025\/10\/kopczyki-ziemia-300x208.jpg 300w, https:\/\/rozaria.pl\/blog\/wp-content\/uploads\/2025\/10\/kopczyki-ziemia-400x278.jpg 400w, https:\/\/rozaria.pl\/blog\/wp-content\/uploads\/2025\/10\/kopczyki-ziemia-600x416.jpg 600w, https:\/\/rozaria.pl\/blog\/wp-content\/uploads\/2025\/10\/kopczyki-ziemia-768x533.jpg 768w, https:\/\/rozaria.pl\/blog\/wp-content\/uploads\/2025\/10\/kopczyki-ziemia-800x555.jpg 800w, https:\/\/rozaria.pl\/blog\/wp-content\/uploads\/2025\/10\/kopczyki-ziemia-1024x711.jpg 1024w, https:\/\/rozaria.pl\/blog\/wp-content\/uploads\/2025\/10\/kopczyki-ziemia.jpg 1049w\" sizes=\"(max-width: 300px) 100vw, 300px\" \/><\/a>Grudzie\u0144 kojarzy si\u0119 wielu osobom z ko\u0144cem prac ogrodowych. Ogr\u00f3d zwalnia, ro\u015bliny przechodz\u0105 w stan spoczynku, a my cz\u0119\u015bciej patrzymy na rabaty z okna ni\u017c z sekatorem w r\u0119ku. W praktyce jednak jest to miesi\u0105c, w kt\u00f3rym <strong data-start=\"614\" data-end=\"677\">wci\u0105\u017c mo\u017cna \u2013 a nawet warto \u2013 wykona\u0107 kilka wa\u017cnych dzia\u0142a\u0144<\/strong>, zw\u0142aszcza je\u015bli pogoda na to pozwala.<\/p>\n<p style=\"text-align: justify;\" data-start=\"718\" data-end=\"957\">Kluczem jest obserwowanie prognoz dla swojego regionu. Inne warunki panuj\u0105 w g\u00f3rach, inne nad morzem, a jeszcze inne w centralnej czy wschodniej Polsce. Je\u015bli ziemia nie jest zamarzni\u0119ta, grudzie\u0144 wcale nie musi oznacza\u0107 przerwy od ogrodu.<\/p>\n<h2 style=\"text-align: justify;\" data-start=\"164\" data-end=\"215\">Brak mrozu w grudniu \u2013 co to oznacza dla ogrodu?<\/h2>\n<p style=\"text-align: justify;\" data-start=\"217\" data-end=\"489\">Coraz cz\u0119\u015bciej grudzie\u0144 przynosi dodatnie temperatury, brak \u015bniegu i d\u0142ugie okresy bez mrozu. Dla wielu ogrodnik\u00f3w to moment niepewno\u015bci \u2013 czy ogr\u00f3d jest ju\u017c przygotowany na zim\u0119, czy mo\u017ce nale\u017ca\u0142oby jeszcze co\u015b zrobi\u0107, a mo\u017ce wr\u0119cz przeciwnie \u2013 lepiej niczego nie rusza\u0107?<\/p>\n<p style=\"text-align: justify;\" data-start=\"491\" data-end=\"746\">Brak mrozu w grudniu nie jest ani jednoznacznie dobry, ani jednoznacznie z\u0142y. Oznacza przede wszystkim, \u017ce ogr\u00f3d nie wszed\u0142 jeszcze w g\u0142\u0119boki stan spoczynku, a cz\u0119\u015b\u0107 prac mo\u017cna wykona\u0107 spokojniej i dok\u0142adniej ni\u017c w po\u015bpiechu przed pierwszymi przymrozkami.<a href=\"https:\/\/rozaria.pl\/blog\/wp-content\/uploads\/2025\/10\/zdjecie.png\"><img loading=\"lazy\" decoding=\"async\" class=\"size-medium wp-image-6940 alignright\" src=\"https:\/\/rozaria.pl\/blog\/wp-content\/uploads\/2025\/10\/zdjecie-300x300.png\" alt=\"czy w grudniu trzeba okrywa\u0107 r\u00f3\u017ce\" width=\"300\" height=\"300\" srcset=\"https:\/\/rozaria.pl\/blog\/wp-content\/uploads\/2025\/10\/zdjecie-66x66.png 66w, https:\/\/rozaria.pl\/blog\/wp-content\/uploads\/2025\/10\/zdjecie-150x150.png 150w, https:\/\/rozaria.pl\/blog\/wp-content\/uploads\/2025\/10\/zdjecie-200x200.png 200w, https:\/\/rozaria.pl\/blog\/wp-content\/uploads\/2025\/10\/zdjecie-300x300.png 300w, https:\/\/rozaria.pl\/blog\/wp-content\/uploads\/2025\/10\/zdjecie-400x400.png 400w, https:\/\/rozaria.pl\/blog\/wp-content\/uploads\/2025\/10\/zdjecie-600x600.png 600w, https:\/\/rozaria.pl\/blog\/wp-content\/uploads\/2025\/10\/zdjecie-768x768.png 768w, https:\/\/rozaria.pl\/blog\/wp-content\/uploads\/2025\/10\/zdjecie-800x800.png 800w, https:\/\/rozaria.pl\/blog\/wp-content\/uploads\/2025\/10\/zdjecie.png 1024w\" sizes=\"(max-width: 300px) 100vw, 300px\" \/><\/a><\/p>\n<p style=\"text-align: justify;\" data-start=\"748\" data-end=\"785\">W takiej sytuacji najwa\u017cniejsze jest:<\/p>\n<ul style=\"text-align: justify;\" data-start=\"786\" data-end=\"966\">\n<li data-start=\"786\" data-end=\"836\">\n<p data-start=\"788\" data-end=\"836\">obserwowanie prognoz pogody, a nie kalendarza,<\/p>\n<\/li>\n<li data-start=\"837\" data-end=\"891\">\n<p data-start=\"839\" data-end=\"891\">unikanie dzia\u0142a\u0144 pobudzaj\u0105cych ro\u015bliny do wzrostu,<\/p>\n<\/li>\n<li data-start=\"892\" data-end=\"966\">\n<p data-start=\"894\" data-end=\"966\">wykorzystywanie sprzyjaj\u0105cych dni na prace porz\u0105dkowe i zabezpieczaj\u0105ce.<\/p>\n<\/li>\n<\/ul>\n<h3 style=\"text-align: justify;\" data-start=\"973\" data-end=\"1027\">Ciep\u0142y grudzie\u0144 w ogrodzie \u2013 zagro\u017cenie czy szansa?<\/h3>\n<p style=\"text-align: justify;\" data-start=\"1029\" data-end=\"1336\">Ciep\u0142y grudzie\u0144 mo\u017ce by\u0107 <strong data-start=\"1054\" data-end=\"1064\">szans\u0105<\/strong>, je\u015bli wykorzystasz go rozs\u0105dnie \u2013 na doko\u0144czenie okrywania ro\u015blin, poprawienie zabezpiecze\u0144 i uporz\u0105dkowanie rabat. Jednocze\u015bnie nale\u017cy pami\u0119ta\u0107 o zagro\u017ceniach: zbyt szczelne okrycia sprzyjaj\u0105 zaparzaniu p\u0119d\u00f3w, a nag\u0142e och\u0142odzenie mo\u017ce uszkodzi\u0107 nieprzygotowane ro\u015bliny.<\/p>\n<p style=\"text-align: justify;\" data-start=\"1338\" data-end=\"1590\">Dlatego w okresach bezmro\u017anych najlepiej ograniczy\u0107 ingerencj\u0119 do minimum, stosowa\u0107 przewiewne materia\u0142y okrywowe oraz zrezygnowa\u0107 z nawo\u017cenia i silnego ci\u0119cia. Ciep\u0142y grudzie\u0144 to czas obserwacji i spokojnych korekt, a nie intensywnych prac ogrodowych.<\/p>\n<h2 style=\"text-align: justify;\" data-start=\"1259\" data-end=\"1296\">Czy w grudniu trzeba okrywa\u0107 r\u00f3\u017ce?<\/h2>\n<p style=\"text-align: justify;\" data-start=\"1298\" data-end=\"1525\">To jedno z najcz\u0119\u015bciej zadawanych pyta\u0144 przez ogrodnik\u00f3w, zw\u0142aszcza w latach, gdy grudzie\u0144 jest ciep\u0142y i bez\u015bnie\u017cny. Odpowied\u017a nie jest jednoznaczna, poniewa\u017c <strong data-start=\"1457\" data-end=\"1524\">nie istnieje jedna, sztywna data okrywania r\u00f3\u017c dla ca\u0142ej Polski<\/strong>.<\/p>\n<p style=\"text-align: justify;\" data-start=\"1527\" data-end=\"1591\">W praktyce decyzja o okrywaniu r\u00f3\u017c w grudniu powinna zale\u017ce\u0107 od:<\/p>\n<ul style=\"text-align: justify;\" data-start=\"1592\" data-end=\"1700\">\n<li data-start=\"1592\" data-end=\"1631\">\n<p data-start=\"1594\" data-end=\"1631\"><a href=\"https:\/\/rozaria.pl\/blog\/wp-content\/uploads\/2025\/10\/zima-nie-robic-z-rozami.jpg\"><img loading=\"lazy\" decoding=\"async\" class=\"size-medium wp-image-6935 alignright\" src=\"https:\/\/rozaria.pl\/blog\/wp-content\/uploads\/2025\/10\/zima-nie-robic-z-rozami-300x225.jpg\" alt=\"czego nie robi\u0107 z r\u00f3\u017cami zim\u0105\" width=\"300\" height=\"225\" srcset=\"https:\/\/rozaria.pl\/blog\/wp-content\/uploads\/2025\/10\/zima-nie-robic-z-rozami-150x113.jpg 150w, https:\/\/rozaria.pl\/blog\/wp-content\/uploads\/2025\/10\/zima-nie-robic-z-rozami-200x150.jpg 200w, https:\/\/rozaria.pl\/blog\/wp-content\/uploads\/2025\/10\/zima-nie-robic-z-rozami-300x225.jpg 300w, https:\/\/rozaria.pl\/blog\/wp-content\/uploads\/2025\/10\/zima-nie-robic-z-rozami-400x300.jpg 400w, https:\/\/rozaria.pl\/blog\/wp-content\/uploads\/2025\/10\/zima-nie-robic-z-rozami-600x450.jpg 600w, https:\/\/rozaria.pl\/blog\/wp-content\/uploads\/2025\/10\/zima-nie-robic-z-rozami-768x576.jpg 768w, https:\/\/rozaria.pl\/blog\/wp-content\/uploads\/2025\/10\/zima-nie-robic-z-rozami.jpg 800w\" sizes=\"(max-width: 300px) 100vw, 300px\" \/><\/a>prognoz pogody dla Twojego regionu,<\/p>\n<\/li>\n<li data-start=\"1632\" data-end=\"1660\">\n<p data-start=\"1634\" data-end=\"1660\">rodzaju i wieku krzew\u00f3w,<\/p>\n<\/li>\n<li data-start=\"1661\" data-end=\"1700\">\n<p data-start=\"1663\" data-end=\"1700\">tego, czy gleba jest ju\u017c zamarzni\u0119ta.<\/p>\n<\/li>\n<\/ul>\n<p style=\"text-align: justify;\" data-start=\"211\" data-end=\"464\">Ciep\u0142y grudzie\u0144 i brak mroz\u00f3w sprawiaj\u0105, \u017ce na krzewach r\u00f3\u017c wci\u0105\u017c utrzymuje si\u0119 du\u017co li\u015bci, dlatego je\u015bli pogoda na to pozwala, warto usun\u0105\u0107 je z rabat \u2013 wydmucha\u0107 lub wygrabi\u0107 \u2013 aby nie pozostawia\u0107 miejsc zimowania dla szkodnik\u00f3w i chor\u00f3b grzybowych.<\/p>\n<p style=\"text-align: justify;\" data-start=\"471\" data-end=\"772\">Je\u015bli mroz\u00f3w jeszcze nie ma, a temperatury utrzymuj\u0105 si\u0119 powy\u017cej zera, okrywanie r\u00f3\u017c w grudniu jest jak najbardziej zasadne \u2013 pod warunkiem, \u017ce wykonuje si\u0119 je spokojnie i z umiarem. Dotyczy to zw\u0142aszcza r\u00f3\u017c m\u0142odych oraz tych, kt\u00f3re nie zosta\u0142y zabezpieczone wcze\u015bniej z powodu niesprzyjaj\u0105cej pogody.<\/p>\n<h3 style=\"text-align: justify;\" data-start=\"2014\" data-end=\"2076\">Sprawdzanie i poprawianie okry\u0107 \u2013 szczeg\u00f3lnie wa\u017cne dla r\u00f3\u017c<\/h3>\n<p style=\"text-align: justify;\" data-start=\"2078\" data-end=\"2312\">Je\u015bli r\u00f3\u017ce zosta\u0142y ju\u017c wcze\u015bniej okryte, grudzie\u0144 to dobry moment nie tyle na kolejne zabiegi, co na <strong data-start=\"2179\" data-end=\"2225\">kontrol\u0119 i ewentualn\u0105 korekt\u0119 zabezpiecze\u0144<\/strong>. Silny wiatr, opady deszczu czy wahania temperatur mog\u0105 os\u0142abi\u0107 lub przesun\u0105\u0107 okrycia.<\/p>\n<p style=\"text-align: justify;\" data-start=\"2314\" data-end=\"2336\">W przypadku r\u00f3\u017c warto:<\/p>\n<ul style=\"text-align: justify;\" data-start=\"2337\" data-end=\"2599\">\n<li data-start=\"2337\" data-end=\"2412\">\n<p data-start=\"2339\" data-end=\"2412\">upewni\u0107 si\u0119, \u017ce kopczyki ziemi nadal dobrze chroni\u0105 miejsce okulizacji,<\/p>\n<\/li>\n<li data-start=\"2413\" data-end=\"2503\">\n<p data-start=\"2415\" data-end=\"2503\">sprawdzi\u0107, czy agrow\u0142\u00f3knina, igliwie lub inne materia\u0142y okrywowe nie zosta\u0142y rozwiane,<\/p>\n<\/li>\n<li data-start=\"2504\" data-end=\"2599\">\n<p data-start=\"2506\" data-end=\"2599\">w razie potrzeby delikatnie uzupe\u0142ni\u0107 okrycie, <strong data-start=\"2553\" data-end=\"2598\">o ile ziemia nie jest jeszcze zamarzni\u0119ta<\/strong>.<\/p>\n<\/li>\n<\/ul>\n<p style=\"text-align: justify;\" data-start=\"2601\" data-end=\"2706\">Takie dzia\u0142ania s\u0105 szczeg\u00f3lnie istotne przy m\u0142odych nasadzeniach i odmianach bardziej wra\u017cliwych na mr\u00f3z, jak <a href=\"https:\/\/rozaria.pl\/roze-rabatowe\">r\u00f3\u017ce rabatowe<\/a>, <a href=\"https:\/\/rozaria.pl\/roze-wielkokwiatowe\">wielkokwiatowe<\/a> oraz <a href=\"https:\/\/rozaria.pl\/roze-pienne\">r\u00f3\u017ce szczepione na pniu<\/a>.<\/p>\n<h3 style=\"text-align: justify;\" data-start=\"2713\" data-end=\"2771\">R\u00f3\u017ce w grudniu \u2013 co mo\u017cna zrobi\u0107, a czego lepiej unika\u0107, czy bezwzgl\u0119dnie trzeba je okrywa\u0107 w grudniu<\/h3>\n<p style=\"text-align: justify;\" data-start=\"2773\" data-end=\"2923\">Grudzie\u0144 nie jest miesi\u0105cem intensywnej piel\u0119gnacji r\u00f3\u017c, ale przy sprzyjaj\u0105cych warunkach pogodowych nadal mo\u017cna wykona\u0107 kilka bezpiecznych czynno\u015bci.<\/p>\n<p style=\"text-align: justify;\" data-start=\"2925\" data-end=\"2946\"><strong data-start=\"2925\" data-end=\"2946\">Co mo\u017cesz zrobi\u0107:<\/strong><\/p>\n<ul style=\"text-align: justify;\" data-start=\"2947\" data-end=\"3176\">\n<li data-start=\"2947\" data-end=\"3029\">\n<p data-start=\"2949\" data-end=\"3029\">doko\u0144czy\u0107 okrywanie r\u00f3\u017c, je\u015bli wcze\u015bniej nie by\u0142o na to odpowiednich warunk\u00f3w,<a style=\"text-align: justify;\" href=\"https:\/\/rozaria.pl\/blog\/wp-content\/uploads\/2024\/09\/kopcowanieroz.jpg\"><img loading=\"lazy\" decoding=\"async\" class=\"size-medium wp-image-6165 alignright\" src=\"https:\/\/rozaria.pl\/blog\/wp-content\/uploads\/2024\/09\/kopcowanieroz-300x224.jpg\" alt=\"czy w grudniu r\u00f3\u017c\u0119 okrywa\u0107\" width=\"300\" height=\"224\" srcset=\"https:\/\/rozaria.pl\/blog\/wp-content\/uploads\/2024\/09\/kopcowanieroz-150x112.jpg 150w, https:\/\/rozaria.pl\/blog\/wp-content\/uploads\/2024\/09\/kopcowanieroz-200x150.jpg 200w, https:\/\/rozaria.pl\/blog\/wp-content\/uploads\/2024\/09\/kopcowanieroz-300x224.jpg 300w, https:\/\/rozaria.pl\/blog\/wp-content\/uploads\/2024\/09\/kopcowanieroz-400x299.jpg 400w, https:\/\/rozaria.pl\/blog\/wp-content\/uploads\/2024\/09\/kopcowanieroz-600x449.jpg 600w, https:\/\/rozaria.pl\/blog\/wp-content\/uploads\/2024\/09\/kopcowanieroz-768x575.jpg 768w, https:\/\/rozaria.pl\/blog\/wp-content\/uploads\/2024\/09\/kopcowanieroz-800x599.jpg 800w, https:\/\/rozaria.pl\/blog\/wp-content\/uploads\/2024\/09\/kopcowanieroz-1024x766.jpg 1024w, https:\/\/rozaria.pl\/blog\/wp-content\/uploads\/2024\/09\/kopcowanieroz-1200x898.jpg 1200w, https:\/\/rozaria.pl\/blog\/wp-content\/uploads\/2024\/09\/kopcowanieroz-1536x1149.jpg 1536w\" sizes=\"(max-width: 300px) 100vw, 300px\" \/><\/a><\/p>\n<\/li>\n<li data-start=\"3030\" data-end=\"3082\">\n<p data-start=\"3032\" data-end=\"3082\">poprawi\u0107 lub wzmocni\u0107 istniej\u0105ce zabezpieczenia,<\/p>\n<\/li>\n<li data-start=\"3083\" data-end=\"3176\">\n<p data-start=\"3085\" data-end=\"3176\">usun\u0105\u0107 pojedyncze, wyra\u017anie uszkodzone lub chore p\u0119dy (wy\u0142\u0105cznie w bezmro\u017any, suchy dzie\u0144).<\/p>\n<\/li>\n<\/ul>\n<p style=\"text-align: justify;\" data-start=\"3178\" data-end=\"3202\"><strong data-start=\"3178\" data-end=\"3202\">Czego lepiej unika\u0107:<\/strong><\/p>\n<ul style=\"text-align: justify;\" data-start=\"3203\" data-end=\"3458\">\n<li data-start=\"3203\" data-end=\"3258\">\n<p data-start=\"3205\" data-end=\"3258\">silnego ci\u0119cia krzew\u00f3w \u2013 to zabieg typowo wiosenny,<\/p>\n<\/li>\n<li data-start=\"3259\" data-end=\"3341\">\n<p data-start=\"3261\" data-end=\"3341\">nawo\u017cenia \u2013 r\u00f3\u017ce s\u0105 w stanie spoczynku i nie pobieraj\u0105 sk\u0142adnik\u00f3w pokarmowych,<\/p>\n<\/li>\n<li data-start=\"3342\" data-end=\"3458\">\n<p data-start=\"3344\" data-end=\"3458\">zbyt szczelnego okrywania, kt\u00f3re przy dodatnich temperaturach mo\u017ce prowadzi\u0107 do zaparzania p\u0119d\u00f3w i rozwoju chor\u00f3b.<\/p>\n<\/li>\n<\/ul>\n<p style=\"text-align: justify;\" data-start=\"3460\" data-end=\"3578\">W grudniu r\u00f3\u017ce wymagaj\u0105 przede wszystkim <strong data-start=\"3501\" data-end=\"3532\">ochrony, kontroli i spokoju<\/strong>, a nie intensywnych zabieg\u00f3w piel\u0119gnacyjnych.<\/p>\n<p>&nbsp;<\/p>\n<h2 style=\"text-align: justify;\" data-start=\"2419\" data-end=\"2467\">Porz\u0105dki na rabatach i zimowa estetyka ogrodu, czyli jak przygotowa\u0107 ogr\u00f3d na zim\u0119 w grudniu?<\/h2>\n<p style=\"text-align: justify;\" data-start=\"302\" data-end=\"578\">Grudzie\u0144 nie oznacza, \u017ce w ogrodzie nie ma ju\u017c nic do zrobienia. Wr\u0119cz przeciwnie \u2013 to ostatni moment, by <strong data-start=\"408\" data-end=\"435\">spokojnie domkn\u0105\u0107 sezon<\/strong>, szczeg\u00f3lnie je\u015bli pogoda nadal na to pozwala. Kluczem jest obserwacja prognoz i dostosowanie dzia\u0142a\u0144 do warunk\u00f3w panuj\u0105cych w Twoim regionie.<\/p>\n<h3 style=\"text-align: justify;\" data-start=\"580\" data-end=\"628\">1\ufe0f\u20e3 Sprawd\u017a i wzmocnij zabezpieczenia ro\u015blin<\/h3>\n<p style=\"text-align: justify;\" data-start=\"629\" data-end=\"969\">Na pocz\u0105tku warto obej\u015b\u0107 ogr\u00f3d i sprawdzi\u0107, czy zimowe okrycia nie zosta\u0142y naruszone przez wiatr lub opady. Dotyczy to przede wszystkim r\u00f3\u017c, bylin wra\u017cliwych na mr\u00f3z oraz m\u0142odych nasadze\u0144. Je\u015bli ziemia nie jest zamarzni\u0119ta, mo\u017cesz jeszcze uzupe\u0142ni\u0107 kopczyki, poprawi\u0107 agrow\u0142\u00f3knin\u0119 lub doda\u0107 igliwie tam, gdzie ochrona jest niewystarczaj\u0105ca.<a href=\"https:\/\/rozaria.pl\/blog\/wp-content\/uploads\/2025\/10\/roze_w_pojemnikach_okryte.jpg\"><img loading=\"lazy\" decoding=\"async\" class=\"size-medium wp-image-6971 alignright\" src=\"https:\/\/rozaria.pl\/blog\/wp-content\/uploads\/2025\/10\/roze_w_pojemnikach_okryte-200x300.jpg\" alt=\"jak zabezpieczy\u0107 r\u00f3\u017ce przed zim\u0105 w pojemikach\" width=\"200\" height=\"300\" srcset=\"https:\/\/rozaria.pl\/blog\/wp-content\/uploads\/2025\/10\/roze_w_pojemnikach_okryte-100x150.jpg 100w, https:\/\/rozaria.pl\/blog\/wp-content\/uploads\/2025\/10\/roze_w_pojemnikach_okryte-200x300.jpg 200w, https:\/\/rozaria.pl\/blog\/wp-content\/uploads\/2025\/10\/roze_w_pojemnikach_okryte-400x600.jpg 400w, https:\/\/rozaria.pl\/blog\/wp-content\/uploads\/2025\/10\/roze_w_pojemnikach_okryte.jpg 533w\" sizes=\"(max-width: 200px) 100vw, 200px\" \/><\/a><\/p>\n<h3 style=\"text-align: justify;\" data-start=\"971\" data-end=\"1019\">2\ufe0f\u20e3 Usu\u0144 to, co mo\u017ce sta\u0107 si\u0119 problemem zim\u0105<\/h3>\n<p style=\"text-align: justify;\" data-start=\"1020\" data-end=\"1067\">Grudzie\u0144 to dobry moment na delikatne porz\u0105dki:<\/p>\n<ul style=\"text-align: justify;\" data-start=\"1068\" data-end=\"1318\">\n<li data-start=\"1068\" data-end=\"1122\">\n<p data-start=\"1070\" data-end=\"1122\">usu\u0144 po\u0142amane, chore lub wyra\u017anie uszkodzone p\u0119dy,<\/p>\n<\/li>\n<li data-start=\"1123\" data-end=\"1201\">\n<p data-start=\"1125\" data-end=\"1201\">zbierz resztki jednorocznych ro\u015blin, kt\u00f3re mog\u0105 sprzyja\u0107 rozwojowi chor\u00f3b,<\/p>\n<\/li>\n<li data-start=\"1202\" data-end=\"1318\">\n<p data-start=\"1204\" data-end=\"1318\">sprawd\u017a li\u015bcie zalegaj\u0105ce przy podstawach krzew\u00f3w \u2013 nie wszystkie trzeba usuwa\u0107, ale chore warto wynie\u015b\u0107 z ogrodu.<\/p>\n<\/li>\n<\/ul>\n<h3 style=\"text-align: justify;\" data-start=\"1320\" data-end=\"1351\">3\ufe0f\u20e3 Zadbaj o rabaty i gleb\u0119<\/h3>\n<p style=\"text-align: justify;\" data-start=\"1352\" data-end=\"1398\">Je\u015bli jeszcze nie zosta\u0142o to zrobione, mo\u017cesz:<a href=\"https:\/\/rozaria.pl\/blog\/wp-content\/uploads\/2024\/05\/co_zrobic_zeby_roze_pieknie_zakwitly_mulczowanie.jpeg\"><img loading=\"lazy\" decoding=\"async\" class=\"alignleft size-medium wp-image-5776\" src=\"https:\/\/rozaria.pl\/blog\/wp-content\/uploads\/2024\/05\/co_zrobic_zeby_roze_pieknie_zakwitly_mulczowanie-300x300.jpeg\" alt=\"mulczowanie r\u00f3\u017c\" width=\"300\" height=\"300\" srcset=\"https:\/\/rozaria.pl\/blog\/wp-content\/uploads\/2024\/05\/co_zrobic_zeby_roze_pieknie_zakwitly_mulczowanie-66x66.jpeg 66w, https:\/\/rozaria.pl\/blog\/wp-content\/uploads\/2024\/05\/co_zrobic_zeby_roze_pieknie_zakwitly_mulczowanie-150x150.jpeg 150w, https:\/\/rozaria.pl\/blog\/wp-content\/uploads\/2024\/05\/co_zrobic_zeby_roze_pieknie_zakwitly_mulczowanie-200x200.jpeg 200w, https:\/\/rozaria.pl\/blog\/wp-content\/uploads\/2024\/05\/co_zrobic_zeby_roze_pieknie_zakwitly_mulczowanie-300x300.jpeg 300w, https:\/\/rozaria.pl\/blog\/wp-content\/uploads\/2024\/05\/co_zrobic_zeby_roze_pieknie_zakwitly_mulczowanie-400x400.jpeg 400w, https:\/\/rozaria.pl\/blog\/wp-content\/uploads\/2024\/05\/co_zrobic_zeby_roze_pieknie_zakwitly_mulczowanie-600x600.jpeg 600w, https:\/\/rozaria.pl\/blog\/wp-content\/uploads\/2024\/05\/co_zrobic_zeby_roze_pieknie_zakwitly_mulczowanie-768x768.jpeg 768w, https:\/\/rozaria.pl\/blog\/wp-content\/uploads\/2024\/05\/co_zrobic_zeby_roze_pieknie_zakwitly_mulczowanie.jpeg 800w\" sizes=\"(max-width: 300px) 100vw, 300px\" \/><\/a><\/p>\n<ul style=\"text-align: justify;\" data-start=\"1399\" data-end=\"1642\">\n<li data-start=\"1399\" data-end=\"1473\">\n<p data-start=\"1401\" data-end=\"1473\">uzupe\u0142ni\u0107 \u015bci\u00f3\u0142k\u0119, kt\u00f3ra ochroni gleb\u0119 przed nadmiernym wych\u0142odzeniem,<\/p>\n<\/li>\n<li data-start=\"1474\" data-end=\"1559\">\n<p data-start=\"1476\" data-end=\"1559\">delikatnie spulchni\u0107 ziemi\u0119 w miejscach, gdzie nie ma ryzyka uszkodzenia korzeni,<\/p>\n<\/li>\n<li data-start=\"1560\" data-end=\"1642\">\n<p data-start=\"1562\" data-end=\"1642\">pozostawi\u0107 cz\u0119\u015b\u0107 suchych bylin i traw jako naturaln\u0105 ochron\u0119 i zimow\u0105 dekoracj\u0119.<\/p>\n<\/li>\n<\/ul>\n<h3 style=\"text-align: justify;\" data-start=\"1644\" data-end=\"1699\">4\ufe0f\u20e3 Zabezpiecz elementy ma\u0142ej architektury i donice<\/h3>\n<p style=\"text-align: justify;\" data-start=\"1700\" data-end=\"1946\">Donice ceramiczne, gliniane i betonowe warto opr\u00f3\u017cni\u0107 lub przenie\u015b\u0107 w miejsce os\u0142oni\u0119te przed mrozem. Elementy ma\u0142ej architektury \u2013 podpory, paliki, kratki \u2013 dobrze jest sprawdzi\u0107 i ustabilizowa\u0107, aby nie zosta\u0142y uszkodzone przez \u015bnieg lub wiatr.<\/p>\n<h3 style=\"text-align: justify;\" data-start=\"1948\" data-end=\"1992\">5\ufe0f\u20e3 Domknij sezon porz\u0105dkami sprz\u0119towymi<\/h3>\n<p style=\"text-align: justify;\" data-start=\"1993\" data-end=\"2300\">Gdy prace w ogrodzie s\u0105 ju\u017c zako\u0144czone, warto zaj\u0105\u0107 si\u0119 narz\u0119dziami. Umyj je, dok\u0142adnie osusz i przechowuj w suchym miejscu. Szczeg\u00f3ln\u0105 uwag\u0119 zwr\u00f3\u0107 na opryskiwacze \u2013 opr\u00f3\u017cnij zbiorniki, wyp\u0142ucz przewody i dysze oraz pozostaw sprz\u0119t do wyschni\u0119cia. To drobne czynno\u015bci, kt\u00f3re wiosn\u0105 bardzo szybko si\u0119 op\u0142ac\u0105.<\/p>\n<h3 style=\"text-align: justify;\" data-start=\"263\" data-end=\"293\">6\ufe0f\u20e3 Zostaw ogr\u00f3d w spokoju<\/h3>\n<p style=\"text-align: justify;\" data-start=\"295\" data-end=\"529\">Po wykonaniu tych prac pozw\u00f3l ogrodowi odpocz\u0105\u0107. Unikaj niepotrzebnego chodzenia po zamarzni\u0119tej glebie i intensywnych zabieg\u00f3w piel\u0119gnacyjnych. W grudniu ogr\u00f3d nie potrzebuje ju\u017c ingerencji \u2013 raczej uwa\u017cnej obserwacji i cierpliwo\u015bci.<\/p>\n<p style=\"text-align: justify;\" data-start=\"531\" data-end=\"788\">To jednak nie oznacza, \u017ce ca\u0142kowicie przestajesz by\u0107 obecny w ogrodzie. Zim\u0105 Twoja rola zmienia si\u0119 z aktywnego ogrodnika w <strong data-start=\"655\" data-end=\"676\">uwa\u017cnego opiekuna<\/strong>. Jednym z niewielu dzia\u0142a\u0144, kt\u00f3re warto kontynuowa\u0107 w tym czasie, jest wsparcie naturalnych mieszka\u0144c\u00f3w ogrodu.<\/p>\n<h2 style=\"text-align: justify;\" data-start=\"795\" data-end=\"843\">Dokarmianie ptak\u00f3w \u2013 pomoc naturze i ogrodowi<\/h2>\n<p style=\"text-align: justify;\" data-start=\"845\" data-end=\"1165\"><a href=\"https:\/\/rozaria.pl\/blog\/wp-content\/uploads\/2025\/02\/luty_w_ogrodzie.jpg\"><img loading=\"lazy\" decoding=\"async\" class=\"alignleft size-medium wp-image-6415\" src=\"https:\/\/rozaria.pl\/blog\/wp-content\/uploads\/2025\/02\/luty_w_ogrodzie-300x225.jpg\" alt=\"luty ogr\u00f3d\" width=\"300\" height=\"225\" srcset=\"https:\/\/rozaria.pl\/blog\/wp-content\/uploads\/2025\/02\/luty_w_ogrodzie-150x113.jpg 150w, https:\/\/rozaria.pl\/blog\/wp-content\/uploads\/2025\/02\/luty_w_ogrodzie-200x150.jpg 200w, https:\/\/rozaria.pl\/blog\/wp-content\/uploads\/2025\/02\/luty_w_ogrodzie-300x225.jpg 300w, https:\/\/rozaria.pl\/blog\/wp-content\/uploads\/2025\/02\/luty_w_ogrodzie-400x300.jpg 400w, https:\/\/rozaria.pl\/blog\/wp-content\/uploads\/2025\/02\/luty_w_ogrodzie-600x450.jpg 600w, https:\/\/rozaria.pl\/blog\/wp-content\/uploads\/2025\/02\/luty_w_ogrodzie-768x576.jpg 768w, https:\/\/rozaria.pl\/blog\/wp-content\/uploads\/2025\/02\/luty_w_ogrodzie-800x600.jpg 800w, https:\/\/rozaria.pl\/blog\/wp-content\/uploads\/2025\/02\/luty_w_ogrodzie.jpg 900w\" sizes=\"(max-width: 300px) 100vw, 300px\" \/><\/a>Grudzie\u0144 to moment, w kt\u00f3rym ptaki coraz cz\u0119\u015bciej maj\u0105 trudno\u015bci ze znalezieniem po\u017cywienia. Regularne, rozs\u0105dne dokarmianie pomaga im przetrwa\u0107 zimowe tygodnie, a jednocze\u015bnie realnie wspiera r\u00f3wnowag\u0119 biologiczn\u0105 w ogrodzie. Ptaki, kt\u00f3re zim\u0105 korzystaj\u0105 z ogrodu, wiosn\u0105 odwdzi\u0119cz\u0105 si\u0119 ograniczaniem liczby szkodnik\u00f3w.<\/p>\n<p style=\"text-align: justify;\" data-start=\"2954\" data-end=\"3201\">Grudzie\u0144 to r\u00f3wnie\u017c moment, w kt\u00f3rym warto pomy\u015ble\u0107 o ptakach zimuj\u0105cych w ogrodzie. Dokarmianie ich w okresach mrozu pomaga im przetrwa\u0107 trudny czas, a w d\u0142u\u017cszej perspektywie sprzyja ogrodowi \u2013 ptaki wiosn\u0105 pomagaj\u0105 ogranicza\u0107 liczb\u0119 szkodnik\u00f3w.<\/p>\n<p style=\"text-align: justify;\" data-start=\"3203\" data-end=\"3217\">Pami\u0119taj, aby:<\/p>\n<ul style=\"text-align: justify;\" data-start=\"3218\" data-end=\"3384\">\n<li data-start=\"3218\" data-end=\"3276\">\n<p data-start=\"3220\" data-end=\"3276\">stosowa\u0107 odpowiedni pokarm (nasiona, kule t\u0142uszczowe),<\/p>\n<\/li>\n<li data-start=\"3277\" data-end=\"3316\">\n<p data-start=\"3279\" data-end=\"3316\">unika\u0107 chleba i produkt\u00f3w solonych,<\/p>\n<\/li>\n<li data-start=\"3317\" data-end=\"3384\">\n<p data-start=\"3319\" data-end=\"3384\">regularnie uzupe\u0142nia\u0107 karmnik, je\u015bli ju\u017c rozpocz\u0105\u0142e\u015b dokarmianie.<\/p>\n<\/li>\n<\/ul>\n<h2 style=\"text-align: justify;\" data-start=\"3391\" data-end=\"3452\">Gdy prace w ogrodzie s\u0105 ju\u017c zako\u0144czone \u2013 czas na narz\u0119dzia<\/h2>\n<p style=\"text-align: justify;\" data-start=\"3454\" data-end=\"3629\">Kiedy rabaty s\u0105 zabezpieczone, a ogr\u00f3d przygotowany do zimy, warto <strong data-start=\"3521\" data-end=\"3561\">domkn\u0105\u0107 sezon porz\u0105dkami sprz\u0119towymi<\/strong>. Grudzie\u0144 to idealny moment, by zaj\u0105\u0107 si\u0119 narz\u0119dziami ogrodniczymi.<a href=\"https:\/\/rozaria.pl\/blog\/wp-content\/uploads\/2025\/02\/sekator.jpg\"><img loading=\"lazy\" decoding=\"async\" class=\"size-medium wp-image-6460 alignright\" src=\"https:\/\/rozaria.pl\/blog\/wp-content\/uploads\/2025\/02\/sekator-300x199.jpg\" alt=\"narz\u0119dzia do zimy\" width=\"300\" height=\"199\" srcset=\"https:\/\/rozaria.pl\/blog\/wp-content\/uploads\/2025\/02\/sekator-150x100.jpg 150w, https:\/\/rozaria.pl\/blog\/wp-content\/uploads\/2025\/02\/sekator-200x133.jpg 200w, https:\/\/rozaria.pl\/blog\/wp-content\/uploads\/2025\/02\/sekator-300x199.jpg 300w, https:\/\/rozaria.pl\/blog\/wp-content\/uploads\/2025\/02\/sekator-400x266.jpg 400w, https:\/\/rozaria.pl\/blog\/wp-content\/uploads\/2025\/02\/sekator-600x398.jpg 600w, https:\/\/rozaria.pl\/blog\/wp-content\/uploads\/2025\/02\/sekator-768x510.jpg 768w, https:\/\/rozaria.pl\/blog\/wp-content\/uploads\/2025\/02\/sekator.jpg 800w\" sizes=\"(max-width: 300px) 100vw, 300px\" \/><\/a><\/p>\n<ul style=\"text-align: justify;\" data-start=\"3631\" data-end=\"3856\">\n<li data-start=\"3631\" data-end=\"3684\">\n<p data-start=\"3633\" data-end=\"3684\">umyj i dok\u0142adnie osusz sekatory, \u0142opaty i grabie,<\/p>\n<\/li>\n<li data-start=\"3685\" data-end=\"3751\">\n<p data-start=\"3687\" data-end=\"3751\">naostrz narz\u0119dzia tn\u0105ce i zabezpiecz metalowe elementy olejem,<\/p>\n<\/li>\n<li data-start=\"3752\" data-end=\"3856\">\n<p data-start=\"3754\" data-end=\"3856\"><strong data-start=\"3754\" data-end=\"3790\">opryskiwacze ca\u0142kowicie opr\u00f3\u017cnij<\/strong>, wyp\u0142ucz zbiornik, przewody i dysze oraz pozostaw do wyschni\u0119cia.<\/p>\n<\/li>\n<\/ul>\n<p style=\"text-align: justify;\" data-start=\"3858\" data-end=\"3940\">To drobne czynno\u015bci, kt\u00f3re wiosn\u0105 oszcz\u0119dz\u0105 czasu, nerw\u00f3w i niepotrzebnych napraw.<\/p>\n<h2 style=\"text-align: justify;\" data-start=\"3947\" data-end=\"3983\">Grudzie\u0144 to tak\u017ce czas planowania<\/h2>\n<p style=\"text-align: justify;\" data-start=\"3985\" data-end=\"4043\">Zima to najlepszy moment, by spojrze\u0107 na ogr\u00f3d z dystansu:<\/p>\n<ul style=\"text-align: justify;\" data-start=\"4044\" data-end=\"4209\">\n<li data-start=\"4044\" data-end=\"4088\">\n<p data-start=\"4046\" data-end=\"4088\">zaplanowa\u0107 nowe rabaty i nasadzenia r\u00f3\u017c,<\/p>\n<\/li>\n<li data-start=\"4089\" data-end=\"4148\">\n<p data-start=\"4091\" data-end=\"4148\">przemy\u015ble\u0107 kolorystyk\u0119 i uk\u0142ad ogrodu na kolejny sezon,<\/p>\n<\/li>\n<li data-start=\"4149\" data-end=\"4209\">\n<p data-start=\"4151\" data-end=\"4209\">wybra\u0107 odmiany, kt\u00f3re chcesz posadzi\u0107 wiosn\u0105 lub jesieni\u0105.<\/p>\n<\/li>\n<\/ul>\n<p data-start=\"116\" data-end=\"327\">Dobrze zaplanowany ogr\u00f3d to ogr\u00f3d, kt\u00f3ry daje rado\u015b\u0107 przez ca\u0142y sezon.<br data-start=\"186\" data-end=\"189\" \/>Ju\u017c wkr\u00f3tce na naszym blogu ruszy <strong data-start=\"225\" data-end=\"243\">cykl artyku\u0142\u00f3w<\/strong>, w kt\u00f3rych krok po kroku poka\u017cemy, jak zaplanowa\u0107 nowe, harmonijne rabaty r\u00f3\u017cane.<\/p>\n<p data-start=\"334\" data-end=\"534\">Zach\u0119camy r\u00f3wnie\u017c do regularnych odwiedzin naszej strony \u2013 <strong data-start=\"393\" data-end=\"406\">od lutego<\/strong> w ofercie pojawi\u0105 si\u0119 <strong data-start=\"429\" data-end=\"467\"><a href=\"https:\/\/rozaria.pl\/nowosci\">nowo\u015bci odmianowe<\/a> oraz <a href=\"https:\/\/rozaria.pl\/roze-pienne\">r\u00f3\u017ce pienne<\/a><\/strong>, starannie wyselekcjonowane i przygotowane do wiosennych nasadze\u0144.<\/p>\n<h2 style=\"text-align: justify;\" data-start=\"4271\" data-end=\"4329\">Podsumowanie \u2013 grudzie\u0144 w ogrodzie wcale nie jest pusty<\/h2>\n<p style=\"text-align: justify;\" data-start=\"4331\" data-end=\"4418\">Cho\u0107 grudzie\u0144 to miesi\u0105c spokojniejszy, nadal ma ogromne znaczenie dla kondycji ogrodu:<\/p>\n<ul style=\"text-align: justify;\" data-start=\"4419\" data-end=\"4582\">\n<li data-start=\"4419\" data-end=\"4475\">\n<p data-start=\"4421\" data-end=\"4475\">pozwala zabezpieczy\u0107 r\u00f3\u017ce i inne ro\u015bliny przed zim\u0105,<\/p>\n<\/li>\n<li data-start=\"4476\" data-end=\"4527\">\n<p data-start=\"4478\" data-end=\"4527\">daje czas na uporz\u0105dkowanie narz\u0119dzi i sprz\u0119tu,<\/p>\n<\/li>\n<li data-start=\"4528\" data-end=\"4582\">\n<p data-start=\"4530\" data-end=\"4582\">umo\u017cliwia planowanie kolejnego sezonu bez po\u015bpiechu.<\/p>\n<\/li>\n<\/ul>\n<p style=\"text-align: justify;\" data-start=\"4584\" data-end=\"4726\">To w\u0142a\u015bnie te ciche, zimowe dzia\u0142ania cz\u0119sto decyduj\u0105 o tym, jak ogr\u00f3d b\u0119dzie wygl\u0105da\u0142 wiosn\u0105. Je\u015bli pogoda pozwala \u2013 warto z nich skorzysta\u0107.<\/p>\n","protected":false},"excerpt":{"rendered":"<p>Grudzie\u0144 w ogrodzie \u2013 spokojny czas, kt\u00f3ry zaprocentuje wiosn\u0105 Grudzie\u0144 kojarzy si\u0119 wielu osobom z ko\u0144cem prac ogrodowych. Ogr\u00f3d zwalnia, ro\u015bliny przechodz\u0105 w stan spoczynku, a my cz\u0119\u015bciej patrzymy na rabaty z okna ni\u017c z sekatorem w r\u0119ku. W praktyce [&hellip;]<\/p>\n","protected":false},"author":1,"featured_media":7120,"comment_status":"open","ping_status":"open","sticky":false,"template":"","format":"standard","meta":{"_mi_skip_tracking":false,"_monsterinsights_sitenote_active":false,"_monsterinsights_sitenote_note":"","_monsterinsights_sitenote_category":0,"footnotes":""},"categories":[6,124],"tags":[],"yoast_head":"<!-- This site is optimized with the Yoast SEO plugin v23.5 - https:\/\/yoast.com\/wordpress\/plugins\/seo\/ -->\n<title>Czy w grudniu trzeba okrywa\u0107 r\u00f3\u017ce? - blog Rozaria.pl<\/title>\n<meta name=\"description\" content=\"Czy w grudniu trzeba okrywa\u0107 r\u00f3\u017ce? Sprawd\u017a, co robi\u0107 w ogrodzie, gdy zima si\u0119 op\u00f3\u017ania, i jak bezpiecznie przygotowa\u0107 r\u00f3\u017ce na ch\u0142\u00f3d.\" \/>\n<meta name=\"robots\" content=\"index, follow, max-snippet:-1, max-image-preview:large, max-video-preview:-1\" \/>\n<link rel=\"canonical\" href=\"https:\/\/rozaria.pl\/blog\/czy-w-grudniu-trzeba-okrywac-roze\/\" \/>\n<meta property=\"og:locale\" content=\"pl_PL\" \/>\n<meta property=\"og:type\" content=\"article\" \/>\n<meta property=\"og:title\" content=\"Czy w grudniu trzeba okrywa\u0107 r\u00f3\u017ce? - blog Rozaria.pl\" \/>\n<meta property=\"og:description\" content=\"Czy w grudniu trzeba okrywa\u0107 r\u00f3\u017ce? Sprawd\u017a, co robi\u0107 w ogrodzie, gdy zima si\u0119 op\u00f3\u017ania, i jak bezpiecznie przygotowa\u0107 r\u00f3\u017ce na ch\u0142\u00f3d.\" \/>\n<meta property=\"og:url\" content=\"https:\/\/rozaria.pl\/blog\/czy-w-grudniu-trzeba-okrywac-roze\/\" \/>\n<meta property=\"og:site_name\" content=\"blog Rozaria.pl\" \/>\n<meta property=\"article:publisher\" content=\"https:\/\/www.facebook.com\/SzkolkaRozRozaria\/\" \/>\n<meta property=\"article:published_time\" content=\"2025-12-15T11:18:08+00:00\" \/>\n<meta property=\"article:modified_time\" content=\"2025-12-15T11:21:23+00:00\" \/>\n<meta property=\"og:image\" content=\"https:\/\/rozaria.pl\/blog\/wp-content\/uploads\/2025\/12\/kopcowanie1.jpg\" \/>\n\t<meta property=\"og:image:width\" content=\"800\" \/>\n\t<meta property=\"og:image:height\" content=\"601\" \/>\n\t<meta property=\"og:image:type\" content=\"image\/jpeg\" \/>\n<meta name=\"author\" content=\"Rozaria.pl\" \/>\n<meta name=\"twitter:card\" content=\"summary_large_image\" \/>\n<meta name=\"twitter:creator\" content=\"@SzkolkaRozaria\" \/>\n<meta name=\"twitter:site\" content=\"@SzkolkaRozaria\" \/>\n<meta name=\"twitter:label1\" content=\"Napisane przez\" \/>\n\t<meta name=\"twitter:data1\" content=\"Rozaria.pl\" \/>\n\t<meta name=\"twitter:label2\" content=\"Szacowany czas czytania\" \/>\n\t<meta name=\"twitter:data2\" content=\"10 minut\" \/>\n<script type=\"application\/ld+json\" class=\"yoast-schema-graph\">{\"@context\":\"https:\/\/schema.org\",\"@graph\":[{\"@type\":\"Article\",\"@id\":\"https:\/\/rozaria.pl\/blog\/czy-w-grudniu-trzeba-okrywac-roze\/#article\",\"isPartOf\":{\"@id\":\"https:\/\/rozaria.pl\/blog\/czy-w-grudniu-trzeba-okrywac-roze\/\"},\"author\":{\"name\":\"Rozaria.pl\",\"@id\":\"https:\/\/rozaria.pl\/blog\/#\/schema\/person\/31b3805d5058ea1cffed1d8efb6e2513\"},\"headline\":\"Czy w grudniu trzeba okrywa\u0107 r\u00f3\u017ce?\",\"datePublished\":\"2025-12-15T11:18:08+00:00\",\"dateModified\":\"2025-12-15T11:21:23+00:00\",\"mainEntityOfPage\":{\"@id\":\"https:\/\/rozaria.pl\/blog\/czy-w-grudniu-trzeba-okrywac-roze\/\"},\"wordCount\":1636,\"commentCount\":0,\"publisher\":{\"@id\":\"https:\/\/rozaria.pl\/blog\/#organization\"},\"image\":{\"@id\":\"https:\/\/rozaria.pl\/blog\/czy-w-grudniu-trzeba-okrywac-roze\/#primaryimage\"},\"thumbnailUrl\":\"https:\/\/rozaria.pl\/blog\/wp-content\/uploads\/2025\/12\/kopcowanie1.jpg\",\"articleSection\":[\"Piel\u0119gnacja\",\"Porady ogrodowe\"],\"inLanguage\":\"pl-PL\",\"potentialAction\":[{\"@type\":\"CommentAction\",\"name\":\"Comment\",\"target\":[\"https:\/\/rozaria.pl\/blog\/czy-w-grudniu-trzeba-okrywac-roze\/#respond\"]}]},{\"@type\":\"WebPage\",\"@id\":\"https:\/\/rozaria.pl\/blog\/czy-w-grudniu-trzeba-okrywac-roze\/\",\"url\":\"https:\/\/rozaria.pl\/blog\/czy-w-grudniu-trzeba-okrywac-roze\/\",\"name\":\"Czy w grudniu trzeba okrywa\u0107 r\u00f3\u017ce? - blog Rozaria.pl\",\"isPartOf\":{\"@id\":\"https:\/\/rozaria.pl\/blog\/#website\"},\"primaryImageOfPage\":{\"@id\":\"https:\/\/rozaria.pl\/blog\/czy-w-grudniu-trzeba-okrywac-roze\/#primaryimage\"},\"image\":{\"@id\":\"https:\/\/rozaria.pl\/blog\/czy-w-grudniu-trzeba-okrywac-roze\/#primaryimage\"},\"thumbnailUrl\":\"https:\/\/rozaria.pl\/blog\/wp-content\/uploads\/2025\/12\/kopcowanie1.jpg\",\"datePublished\":\"2025-12-15T11:18:08+00:00\",\"dateModified\":\"2025-12-15T11:21:23+00:00\",\"description\":\"Czy w grudniu trzeba okrywa\u0107 r\u00f3\u017ce? Sprawd\u017a, co robi\u0107 w ogrodzie, gdy zima si\u0119 op\u00f3\u017ania, i jak bezpiecznie przygotowa\u0107 r\u00f3\u017ce na ch\u0142\u00f3d.\",\"breadcrumb\":{\"@id\":\"https:\/\/rozaria.pl\/blog\/czy-w-grudniu-trzeba-okrywac-roze\/#breadcrumb\"},\"inLanguage\":\"pl-PL\",\"potentialAction\":[{\"@type\":\"ReadAction\",\"target\":[\"https:\/\/rozaria.pl\/blog\/czy-w-grudniu-trzeba-okrywac-roze\/\"]}]},{\"@type\":\"ImageObject\",\"inLanguage\":\"pl-PL\",\"@id\":\"https:\/\/rozaria.pl\/blog\/czy-w-grudniu-trzeba-okrywac-roze\/#primaryimage\",\"url\":\"https:\/\/rozaria.pl\/blog\/wp-content\/uploads\/2025\/12\/kopcowanie1.jpg\",\"contentUrl\":\"https:\/\/rozaria.pl\/blog\/wp-content\/uploads\/2025\/12\/kopcowanie1.jpg\",\"width\":800,\"height\":601,\"caption\":\"czy w grudniun trzeba okrywa\u0107 r\u00f3\u017ce\"},{\"@type\":\"BreadcrumbList\",\"@id\":\"https:\/\/rozaria.pl\/blog\/czy-w-grudniu-trzeba-okrywac-roze\/#breadcrumb\",\"itemListElement\":[{\"@type\":\"ListItem\",\"position\":1,\"name\":\"Strona g\u0142\u00f3wna\",\"item\":\"https:\/\/rozaria.pl\/blog\/\"},{\"@type\":\"ListItem\",\"position\":2,\"name\":\"Czy w grudniu trzeba okrywa\u0107 r\u00f3\u017ce?\"}]},{\"@type\":\"WebSite\",\"@id\":\"https:\/\/rozaria.pl\/blog\/#website\",\"url\":\"https:\/\/rozaria.pl\/blog\/\",\"name\":\"blog Rozaria.pl\",\"description\":\"Porozmawiajmy o r\u00f3\u017cach, o wszystkich sprawach\",\"publisher\":{\"@id\":\"https:\/\/rozaria.pl\/blog\/#organization\"},\"potentialAction\":[{\"@type\":\"SearchAction\",\"target\":{\"@type\":\"EntryPoint\",\"urlTemplate\":\"https:\/\/rozaria.pl\/blog\/?s={search_term_string}\"},\"query-input\":{\"@type\":\"PropertyValueSpecification\",\"valueRequired\":true,\"valueName\":\"search_term_string\"}}],\"inLanguage\":\"pl-PL\"},{\"@type\":\"Organization\",\"@id\":\"https:\/\/rozaria.pl\/blog\/#organization\",\"name\":\"Szk\u00f3\u0142ka R\u00f3\u017c Rozaria\",\"url\":\"https:\/\/rozaria.pl\/blog\/\",\"logo\":{\"@type\":\"ImageObject\",\"inLanguage\":\"pl-PL\",\"@id\":\"https:\/\/rozaria.pl\/blog\/#\/schema\/logo\/image\/\",\"url\":\"https:\/\/rozaria.pl\/blog\/wp-content\/uploads\/2016\/12\/logo_dla-rozaria.png\",\"contentUrl\":\"https:\/\/rozaria.pl\/blog\/wp-content\/uploads\/2016\/12\/logo_dla-rozaria.png\",\"width\":400,\"height\":166,\"caption\":\"Szk\u00f3\u0142ka R\u00f3\u017c Rozaria\"},\"image\":{\"@id\":\"https:\/\/rozaria.pl\/blog\/#\/schema\/logo\/image\/\"},\"sameAs\":[\"https:\/\/www.facebook.com\/SzkolkaRozRozaria\/\",\"https:\/\/x.com\/SzkolkaRozaria\",\"https:\/\/www.youtube.com\/channel\/UCguKKBc7F06eYM1tzYx1Z5A\"]},{\"@type\":\"Person\",\"@id\":\"https:\/\/rozaria.pl\/blog\/#\/schema\/person\/31b3805d5058ea1cffed1d8efb6e2513\",\"name\":\"Rozaria.pl\",\"image\":{\"@type\":\"ImageObject\",\"inLanguage\":\"pl-PL\",\"@id\":\"https:\/\/rozaria.pl\/blog\/#\/schema\/person\/image\/\",\"url\":\"https:\/\/secure.gravatar.com\/avatar\/36c7e4b15b333b9fb573f9e54e7fcf52?s=96&d=mm&r=g\",\"contentUrl\":\"https:\/\/secure.gravatar.com\/avatar\/36c7e4b15b333b9fb573f9e54e7fcf52?s=96&d=mm&r=g\",\"caption\":\"Rozaria.pl\"},\"sameAs\":[\"https:\/\/www.rozaria.pl\",\"https:\/\/www.youtube.com\/channel\/UCguKKBc7F06eYM1tzYx1Z5A\"],\"url\":\"https:\/\/rozaria.pl\/blog\/author\/1rozanka\/\"}]}<\/script>\n<!-- \/ Yoast SEO plugin. -->","yoast_head_json":{"title":"Czy w grudniu trzeba okrywa\u0107 r\u00f3\u017ce? - blog Rozaria.pl","description":"Czy w grudniu trzeba okrywa\u0107 r\u00f3\u017ce? Sprawd\u017a, co robi\u0107 w ogrodzie, gdy zima si\u0119 op\u00f3\u017ania, i jak bezpiecznie przygotowa\u0107 r\u00f3\u017ce na ch\u0142\u00f3d.","robots":{"index":"index","follow":"follow","max-snippet":"max-snippet:-1","max-image-preview":"max-image-preview:large","max-video-preview":"max-video-preview:-1"},"canonical":"https:\/\/rozaria.pl\/blog\/czy-w-grudniu-trzeba-okrywac-roze\/","og_locale":"pl_PL","og_type":"article","og_title":"Czy w grudniu trzeba okrywa\u0107 r\u00f3\u017ce? - blog Rozaria.pl","og_description":"Czy w grudniu trzeba okrywa\u0107 r\u00f3\u017ce? Sprawd\u017a, co robi\u0107 w ogrodzie, gdy zima si\u0119 op\u00f3\u017ania, i jak bezpiecznie przygotowa\u0107 r\u00f3\u017ce na ch\u0142\u00f3d.","og_url":"https:\/\/rozaria.pl\/blog\/czy-w-grudniu-trzeba-okrywac-roze\/","og_site_name":"blog Rozaria.pl","article_publisher":"https:\/\/www.facebook.com\/SzkolkaRozRozaria\/","article_published_time":"2025-12-15T11:18:08+00:00","article_modified_time":"2025-12-15T11:21:23+00:00","og_image":[{"width":800,"height":601,"url":"https:\/\/rozaria.pl\/blog\/wp-content\/uploads\/2025\/12\/kopcowanie1.jpg","type":"image\/jpeg"}],"author":"Rozaria.pl","twitter_card":"summary_large_image","twitter_creator":"@SzkolkaRozaria","twitter_site":"@SzkolkaRozaria","twitter_misc":{"Napisane przez":"Rozaria.pl","Szacowany czas czytania":"10 minut"},"schema":{"@context":"https:\/\/schema.org","@graph":[{"@type":"Article","@id":"https:\/\/rozaria.pl\/blog\/czy-w-grudniu-trzeba-okrywac-roze\/#article","isPartOf":{"@id":"https:\/\/rozaria.pl\/blog\/czy-w-grudniu-trzeba-okrywac-roze\/"},"author":{"name":"Rozaria.pl","@id":"https:\/\/rozaria.pl\/blog\/#\/schema\/person\/31b3805d5058ea1cffed1d8efb6e2513"},"headline":"Czy w grudniu trzeba okrywa\u0107 r\u00f3\u017ce?","datePublished":"2025-12-15T11:18:08+00:00","dateModified":"2025-12-15T11:21:23+00:00","mainEntityOfPage":{"@id":"https:\/\/rozaria.pl\/blog\/czy-w-grudniu-trzeba-okrywac-roze\/"},"wordCount":1636,"commentCount":0,"publisher":{"@id":"https:\/\/rozaria.pl\/blog\/#organization"},"image":{"@id":"https:\/\/rozaria.pl\/blog\/czy-w-grudniu-trzeba-okrywac-roze\/#primaryimage"},"thumbnailUrl":"https:\/\/rozaria.pl\/blog\/wp-content\/uploads\/2025\/12\/kopcowanie1.jpg","articleSection":["Piel\u0119gnacja","Porady ogrodowe"],"inLanguage":"pl-PL","potentialAction":[{"@type":"CommentAction","name":"Comment","target":["https:\/\/rozaria.pl\/blog\/czy-w-grudniu-trzeba-okrywac-roze\/#respond"]}]},{"@type":"WebPage","@id":"https:\/\/rozaria.pl\/blog\/czy-w-grudniu-trzeba-okrywac-roze\/","url":"https:\/\/rozaria.pl\/blog\/czy-w-grudniu-trzeba-okrywac-roze\/","name":"Czy w grudniu trzeba okrywa\u0107 r\u00f3\u017ce? - blog Rozaria.pl","isPartOf":{"@id":"https:\/\/rozaria.pl\/blog\/#website"},"primaryImageOfPage":{"@id":"https:\/\/rozaria.pl\/blog\/czy-w-grudniu-trzeba-okrywac-roze\/#primaryimage"},"image":{"@id":"https:\/\/rozaria.pl\/blog\/czy-w-grudniu-trzeba-okrywac-roze\/#primaryimage"},"thumbnailUrl":"https:\/\/rozaria.pl\/blog\/wp-content\/uploads\/2025\/12\/kopcowanie1.jpg","datePublished":"2025-12-15T11:18:08+00:00","dateModified":"2025-12-15T11:21:23+00:00","description":"Czy w grudniu trzeba okrywa\u0107 r\u00f3\u017ce? Sprawd\u017a, co robi\u0107 w ogrodzie, gdy zima si\u0119 op\u00f3\u017ania, i jak bezpiecznie przygotowa\u0107 r\u00f3\u017ce na ch\u0142\u00f3d.","breadcrumb":{"@id":"https:\/\/rozaria.pl\/blog\/czy-w-grudniu-trzeba-okrywac-roze\/#breadcrumb"},"inLanguage":"pl-PL","potentialAction":[{"@type":"ReadAction","target":["https:\/\/rozaria.pl\/blog\/czy-w-grudniu-trzeba-okrywac-roze\/"]}]},{"@type":"ImageObject","inLanguage":"pl-PL","@id":"https:\/\/rozaria.pl\/blog\/czy-w-grudniu-trzeba-okrywac-roze\/#primaryimage","url":"https:\/\/rozaria.pl\/blog\/wp-content\/uploads\/2025\/12\/kopcowanie1.jpg","contentUrl":"https:\/\/rozaria.pl\/blog\/wp-content\/uploads\/2025\/12\/kopcowanie1.jpg","width":800,"height":601,"caption":"czy w grudniun trzeba okrywa\u0107 r\u00f3\u017ce"},{"@type":"BreadcrumbList","@id":"https:\/\/rozaria.pl\/blog\/czy-w-grudniu-trzeba-okrywac-roze\/#breadcrumb","itemListElement":[{"@type":"ListItem","position":1,"name":"Strona g\u0142\u00f3wna","item":"https:\/\/rozaria.pl\/blog\/"},{"@type":"ListItem","position":2,"name":"Czy w grudniu trzeba okrywa\u0107 r\u00f3\u017ce?"}]},{"@type":"WebSite","@id":"https:\/\/rozaria.pl\/blog\/#website","url":"https:\/\/rozaria.pl\/blog\/","name":"blog Rozaria.pl","description":"Porozmawiajmy o r\u00f3\u017cach, o wszystkich sprawach","publisher":{"@id":"https:\/\/rozaria.pl\/blog\/#organization"},"potentialAction":[{"@type":"SearchAction","target":{"@type":"EntryPoint","urlTemplate":"https:\/\/rozaria.pl\/blog\/?s={search_term_string}"},"query-input":{"@type":"PropertyValueSpecification","valueRequired":true,"valueName":"search_term_string"}}],"inLanguage":"pl-PL"},{"@type":"Organization","@id":"https:\/\/rozaria.pl\/blog\/#organization","name":"Szk\u00f3\u0142ka R\u00f3\u017c Rozaria","url":"https:\/\/rozaria.pl\/blog\/","logo":{"@type":"ImageObject","inLanguage":"pl-PL","@id":"https:\/\/rozaria.pl\/blog\/#\/schema\/logo\/image\/","url":"https:\/\/rozaria.pl\/blog\/wp-content\/uploads\/2016\/12\/logo_dla-rozaria.png","contentUrl":"https:\/\/rozaria.pl\/blog\/wp-content\/uploads\/2016\/12\/logo_dla-rozaria.png","width":400,"height":166,"caption":"Szk\u00f3\u0142ka R\u00f3\u017c Rozaria"},"image":{"@id":"https:\/\/rozaria.pl\/blog\/#\/schema\/logo\/image\/"},"sameAs":["https:\/\/www.facebook.com\/SzkolkaRozRozaria\/","https:\/\/x.com\/SzkolkaRozaria","https:\/\/www.youtube.com\/channel\/UCguKKBc7F06eYM1tzYx1Z5A"]},{"@type":"Person","@id":"https:\/\/rozaria.pl\/blog\/#\/schema\/person\/31b3805d5058ea1cffed1d8efb6e2513","name":"Rozaria.pl","image":{"@type":"ImageObject","inLanguage":"pl-PL","@id":"https:\/\/rozaria.pl\/blog\/#\/schema\/person\/image\/","url":"https:\/\/secure.gravatar.com\/avatar\/36c7e4b15b333b9fb573f9e54e7fcf52?s=96&d=mm&r=g","contentUrl":"https:\/\/secure.gravatar.com\/avatar\/36c7e4b15b333b9fb573f9e54e7fcf52?s=96&d=mm&r=g","caption":"Rozaria.pl"},"sameAs":["https:\/\/www.rozaria.pl","https:\/\/www.youtube.com\/channel\/UCguKKBc7F06eYM1tzYx1Z5A"],"url":"https:\/\/rozaria.pl\/blog\/author\/1rozanka\/"}]}},"_links":{"self":[{"href":"https:\/\/rozaria.pl\/blog\/wp-json\/wp\/v2\/posts\/7115"}],"collection":[{"href":"https:\/\/rozaria.pl\/blog\/wp-json\/wp\/v2\/posts"}],"about":[{"href":"https:\/\/rozaria.pl\/blog\/wp-json\/wp\/v2\/types\/post"}],"author":[{"embeddable":true,"href":"https:\/\/rozaria.pl\/blog\/wp-json\/wp\/v2\/users\/1"}],"replies":[{"embeddable":true,"href":"https:\/\/rozaria.pl\/blog\/wp-json\/wp\/v2\/comments?post=7115"}],"version-history":[{"count":7,"href":"https:\/\/rozaria.pl\/blog\/wp-json\/wp\/v2\/posts\/7115\/revisions"}],"predecessor-version":[{"id":7123,"href":"https:\/\/rozaria.pl\/blog\/wp-json\/wp\/v2\/posts\/7115\/revisions\/7123"}],"wp:featuredmedia":[{"embeddable":true,"href":"https:\/\/rozaria.pl\/blog\/wp-json\/wp\/v2\/media\/7120"}],"wp:attachment":[{"href":"https:\/\/rozaria.pl\/blog\/wp-json\/wp\/v2\/media?parent=7115"}],"wp:term":[{"taxonomy":"category","embeddable":true,"href":"https:\/\/rozaria.pl\/blog\/wp-json\/wp\/v2\/categories?post=7115"},{"taxonomy":"post_tag","embeddable":true,"href":"https:\/\/rozaria.pl\/blog\/wp-json\/wp\/v2\/tags?post=7115"}],"curies":[{"name":"wp","href":"https:\/\/api.w.org\/{rel}","templated":true}]}}