{"id":6984,"date":"2025-10-27T11:03:45","date_gmt":"2025-10-27T10:03:45","guid":{"rendered":"https:\/\/rozaria.pl\/blog\/?p=6984"},"modified":"2025-11-08T20:32:37","modified_gmt":"2025-11-08T19:32:37","slug":"do-kiedy-mozna-sadzic-roze-jesienia","status":"publish","type":"post","link":"https:\/\/rozaria.pl\/blog\/do-kiedy-mozna-sadzic-roze-jesienia\/","title":{"rendered":"Do kiedy mo\u017cna sadzi\u0107 r\u00f3\u017ce jesieni\u0105?"},"content":{"rendered":"<h2 style=\"text-align: justify;\">\ud83c\udf39 <strong data-start=\"3\" data-end=\"61\" data-is-last-node=\"\">Do kiedy mo\u017cna sadzi\u0107 r\u00f3\u017ce z go\u0142ym korzeniem jesieni\u0105?<\/strong><br \/>\nWasze najcz\u0119stsze pytania dotycz\u0105ce jesiennego sadzenia r\u00f3\u017c<\/h2>\n<p style=\"text-align: justify;\"><a href=\"https:\/\/rozaria.pl\/blog\/wp-content\/uploads\/2025\/10\/sadzimy_roze_jesienia.jpg\"><img loading=\"lazy\" decoding=\"async\" class=\"alignleft size-medium wp-image-6987\" src=\"https:\/\/rozaria.pl\/blog\/wp-content\/uploads\/2025\/10\/sadzimy_roze_jesienia-300x200.jpg\" alt=\"do kiedy mo\u017cna sadzi\u0107 r\u00f3\u017c\u0119 jesieni\u0105 z go\u0142ym korzeniem\" width=\"300\" height=\"200\" srcset=\"https:\/\/rozaria.pl\/blog\/wp-content\/uploads\/2025\/10\/sadzimy_roze_jesienia-150x100.jpg 150w, https:\/\/rozaria.pl\/blog\/wp-content\/uploads\/2025\/10\/sadzimy_roze_jesienia-200x133.jpg 200w, https:\/\/rozaria.pl\/blog\/wp-content\/uploads\/2025\/10\/sadzimy_roze_jesienia-300x200.jpg 300w, https:\/\/rozaria.pl\/blog\/wp-content\/uploads\/2025\/10\/sadzimy_roze_jesienia-400x267.jpg 400w, https:\/\/rozaria.pl\/blog\/wp-content\/uploads\/2025\/10\/sadzimy_roze_jesienia-600x400.jpg 600w, https:\/\/rozaria.pl\/blog\/wp-content\/uploads\/2025\/10\/sadzimy_roze_jesienia-768x512.jpg 768w, https:\/\/rozaria.pl\/blog\/wp-content\/uploads\/2025\/10\/sadzimy_roze_jesienia-800x533.jpg 800w, https:\/\/rozaria.pl\/blog\/wp-content\/uploads\/2025\/10\/sadzimy_roze_jesienia-1024x683.jpg 1024w, https:\/\/rozaria.pl\/blog\/wp-content\/uploads\/2025\/10\/sadzimy_roze_jesienia.jpg 1164w\" sizes=\"(max-width: 300px) 100vw, 300px\" \/><\/a><strong>Do kiedy mo\u017cna sadzi\u0107 r\u00f3\u017ce jesieni\u0105?<\/strong> To jedno z najcz\u0119stszych pyta\u0144, kt\u00f3re pojawia si\u0119 co roku w\u015br\u00f3d mi\u0142o\u015bnik\u00f3w ogrod\u00f3w. Jesie\u0144 to doskona\u0142y czas na sadzenie r\u00f3\u017c z go\u0142ym korzeniem \u2014 gleba jest ciep\u0142a, wilgotna i sprzyja szybkiemu ukorzenieniu. Dzi\u0119ki temu wiosn\u0105 ro\u015bliny ruszaj\u0105 z pe\u0142n\u0105 si\u0142\u0105 i zachwycaj\u0105 bujnym kwitnieniem.<br \/>\nW tym artykule znajdziesz odpowiedzi na 15 najcz\u0119\u015bciej zadawanych pyta\u0144 o jesienne sadzenie r\u00f3\u017c \u2014 zebrane przez ekspert\u00f3w Szk\u00f3\u0142ki R\u00f3\u017c Rozaria.<\/p>\n<h3 style=\"text-align: justify;\">1\ufe0f\u20e3 Do kiedy mo\u017cna zatem sadzi\u0107 r\u00f3\u017ce z odkrytym systemem korzeniowym\u00a0 jesieni\u0105?<\/h3>\n<p style=\"text-align: justify;\"><a href=\"https:\/\/rozaria.pl\/blog\/wp-content\/uploads\/2025\/10\/jesienne-sadzenie-roz-na-dzialce.png\"><img loading=\"lazy\" decoding=\"async\" class=\"size-medium wp-image-7000 alignright\" src=\"https:\/\/rozaria.pl\/blog\/wp-content\/uploads\/2025\/10\/jesienne-sadzenie-roz-na-dzialce-200x300.png\" alt=\"\" width=\"200\" height=\"300\" srcset=\"https:\/\/rozaria.pl\/blog\/wp-content\/uploads\/2025\/10\/jesienne-sadzenie-roz-na-dzialce-100x150.png 100w, https:\/\/rozaria.pl\/blog\/wp-content\/uploads\/2025\/10\/jesienne-sadzenie-roz-na-dzialce-200x300.png 200w, https:\/\/rozaria.pl\/blog\/wp-content\/uploads\/2025\/10\/jesienne-sadzenie-roz-na-dzialce-400x600.png 400w, https:\/\/rozaria.pl\/blog\/wp-content\/uploads\/2025\/10\/jesienne-sadzenie-roz-na-dzialce-600x900.png 600w, https:\/\/rozaria.pl\/blog\/wp-content\/uploads\/2025\/10\/jesienne-sadzenie-roz-na-dzialce-683x1024.png 683w, https:\/\/rozaria.pl\/blog\/wp-content\/uploads\/2025\/10\/jesienne-sadzenie-roz-na-dzialce-768x1152.png 768w, https:\/\/rozaria.pl\/blog\/wp-content\/uploads\/2025\/10\/jesienne-sadzenie-roz-na-dzialce-800x1200.png 800w, https:\/\/rozaria.pl\/blog\/wp-content\/uploads\/2025\/10\/jesienne-sadzenie-roz-na-dzialce.png 1024w\" sizes=\"(max-width: 200px) 100vw, 200px\" \/><\/a>W polskich warunkach klimatycznych r\u00f3\u017ce z go\u0142ym korzeniem mo\u017cna sadzi\u0107 od po\u0142owy pa\u017adziernika a\u017c do momentu, gdy ziemia zaczyna przemarza\u0107.<br \/>\nTo bezpieczny przedzia\u0142 dla ca\u0142ego kraju, cho\u0107 dok\u0142adny termin zale\u017cy od regionu i pogody:<\/p>\n<p style=\"text-align: justify;\">\ud83c\udf24 Na zachodzie i po\u0142udniu Polski (np. Dolny \u015al\u0105sk, Ma\u0142opolska) \u2013 sadzenie mo\u017cna prowadzi\u0107 nawet do ko\u0144ca listopada, a w \u0142agodne zimy nawet na pocz\u0105tku grudnia.<\/p>\n<p style=\"text-align: justify;\">\ud83c\udf26 W centrum kraju (Mazowsze, \u0141\u00f3dzkie, Wielkopolska) \u2013 najlepszy okres to od po\u0142owy pa\u017adziernika do ok. 25 listopada, zanim pojawi\u0105 si\u0119 pierwsze trwa\u0142e przymrozki.<\/p>\n<p style=\"text-align: justify;\">\ud83c\udf2c Na wschodzie i p\u00f3\u0142nocy Polski (Lubelszczyzna, Podlasie, Warmi\u0144sko-Mazurskie) \u2013 warto zako\u0144czy\u0107 sadzenie do po\u0142owy lub trzeciego tygodnia listopada, by ro\u015bliny zd\u0105\u017cy\u0142y si\u0119 ukorzeni\u0107 przed zim\u0105.<\/p>\n<p style=\"text-align: justify;\">Najwa\u017cniejsze, by gleba nie by\u0142a zmarzni\u0119ta i dawa\u0142a si\u0119 dobrze ugnie\u015b\u0107 wok\u00f3\u0142 korzeni.<br \/>\nJe\u015bli pogoda jest \u0142agodna, a ziemia wci\u0105\u017c mi\u0119kka \u2013 mo\u017cna sadzi\u0107 nawet w grudniu. R\u00f3\u017ce doskonale znosz\u0105 ch\u0142\u00f3d i przez zim\u0119 spokojnie si\u0119 ukorzeniaj\u0105, dzi\u0119ki czemu wiosn\u0105 szybciej ruszaj\u0105 z wzrostem i kwitnieniem.<\/p>\n<p style=\"text-align: justify;\">Je\u015bli jednak jesie\u0144 jest ciep\u0142a i d\u0142uga, mo\u017cna spokojnie wyd\u0142u\u017cy\u0107 sezon sadzenia nawet o 2\u20133 tygodnie.<br \/>\nW takich warunkach gleba pozostaje ciep\u0142a i wilgotna, co sprzyja ukorzenianiu. Wystarczy tylko regularnie podlewa\u0107 po posadzeniu i przed nadej\u015bciem mroz\u00f3w usypa\u0107 kopczyk ochronny z ziemi lub torfu.<\/p>\n<p style=\"text-align: justify;\"><strong>Najwa\u017cniejsze, by nie sadzi\u0107 w zmarzni\u0119t\u0105 ziemi\u0119 \u2014 dop\u00f3ki gleba jest mi\u0119kka i mo\u017cna j\u0105 dobrze ugnie\u015b\u0107 wok\u00f3\u0142 korzeni, r\u00f3\u017ce mo\u017cna bezpiecznie sadzi\u0107.<\/strong><\/p>\n<h3 style=\"text-align: justify;\">2\ufe0f\u20e3 Czy mog\u0119 sadzi\u0107 r\u00f3\u017ce z go\u0142ym korzeniem, je\u015bli p\u0119dy s\u0105 jeszcze zielone?<\/h3>\n<p style=\"text-align: justify;\"><a href=\"https:\/\/rozaria.pl\/blog\/wp-content\/uploads\/2024\/10\/dolowanie.jpg\"><img loading=\"lazy\" decoding=\"async\" class=\"size-medium wp-image-6256 alignright\" src=\"https:\/\/rozaria.pl\/blog\/wp-content\/uploads\/2024\/10\/dolowanie-200x300.jpg\" alt=\"sadzonki go\u0142y korze\u0144 do kiedy sadzimy w ogrodzie\" width=\"200\" height=\"300\" srcset=\"https:\/\/rozaria.pl\/blog\/wp-content\/uploads\/2024\/10\/dolowanie-100x150.jpg 100w, https:\/\/rozaria.pl\/blog\/wp-content\/uploads\/2024\/10\/dolowanie-200x300.jpg 200w, https:\/\/rozaria.pl\/blog\/wp-content\/uploads\/2024\/10\/dolowanie-400x600.jpg 400w, https:\/\/rozaria.pl\/blog\/wp-content\/uploads\/2024\/10\/dolowanie.jpg 533w\" sizes=\"(max-width: 200px) 100vw, 200px\" \/><\/a>Tak, mo\u017cna \u2014 to ca\u0142kowicie naturalne, \u017ce \u015bwie\u017co wykopane sadzonki zachowuj\u0105 zielone p\u0119dy. Wa\u017cne, by ro\u015blina by\u0142a ju\u017c w stanie spoczynku, czyli nie wypuszcza\u0142a nowych li\u015bci ani p\u0105k\u00f3w kwiatowych.<\/p>\n<p style=\"text-align: justify;\">Zdarza si\u0119 jednak, \u017ce ciep\u0142a i d\u0142uga jesie\u0144 pobudza r\u00f3\u017ce do wegetacji i p\u0119dy zaczynaj\u0105 \u201erusza\u0107\u201d. Wtedy nie trzeba ich wyrzuca\u0107 ani przek\u0142ada\u0107 sadzenia na wiosn\u0119 \u2014 wystarczy posadzi\u0107 ro\u015bliny zgodnie z zasadami i dobrze je zabezpieczy\u0107 na zim\u0119.<\/p>\n<p style=\"text-align: justify;\">Najwa\u017cniejsze:<\/p>\n<p style=\"text-align: justify;\"><em><strong>Po posadzeniu usypa\u0107 wysoki kopczyk (20\u201330 cm) z suchej, przepuszczalnej ziemi lub torfu \u2014 zakrywa on dolne cz\u0119\u015bci p\u0119d\u00f3w i miejsce szczepienia, chroni\u0105c przed mrozem.<\/strong><\/em><\/p>\n<p style=\"text-align: justify;\">W razie nadej\u015bcia silniejszych mroz\u00f3w lub wiatru mo\u017cna dodatkowo os\u0142oni\u0107 krzew agrow\u0142\u00f3knin\u0105 zimow\u0105.<\/p>\n<p style=\"text-align: justify;\">M\u0142ode, wybite p\u0119dy zwykle przemarzaj\u0105, ale nie szkodzi to ro\u015blinie \u2014 na wiosn\u0119 wypu\u015bci nowe, silne p\u0119dy z nasady. Najwa\u017cniejsze, by zabezpieczy\u0107 podstaw\u0119 krzewu, bo to w\u0142a\u015bnie z niej r\u00f3\u017ca odbudowuje si\u0119 po zimie.<\/p>\n<h3 style=\"text-align: justify;\">3\ufe0f\u20e3 Czy trzeba moczy\u0107 sadzonki przed sadzeniem i jak d\u0142ugo?<\/h3>\n<p style=\"text-align: justify;\"><a href=\"https:\/\/rozaria.pl\/blog\/wp-content\/uploads\/2025\/10\/moczenie_roz_w_wodzie.jpg\"><img loading=\"lazy\" decoding=\"async\" class=\"alignleft size-medium wp-image-6989\" src=\"https:\/\/rozaria.pl\/blog\/wp-content\/uploads\/2025\/10\/moczenie_roz_w_wodzie-300x211.jpg\" alt=\"sadzimy jesieni\u0105 do kiedy\" width=\"300\" height=\"211\" srcset=\"https:\/\/rozaria.pl\/blog\/wp-content\/uploads\/2025\/10\/moczenie_roz_w_wodzie-150x105.jpg 150w, https:\/\/rozaria.pl\/blog\/wp-content\/uploads\/2025\/10\/moczenie_roz_w_wodzie-200x141.jpg 200w, https:\/\/rozaria.pl\/blog\/wp-content\/uploads\/2025\/10\/moczenie_roz_w_wodzie-300x211.jpg 300w, https:\/\/rozaria.pl\/blog\/wp-content\/uploads\/2025\/10\/moczenie_roz_w_wodzie-400x281.jpg 400w, https:\/\/rozaria.pl\/blog\/wp-content\/uploads\/2025\/10\/moczenie_roz_w_wodzie-600x422.jpg 600w, https:\/\/rozaria.pl\/blog\/wp-content\/uploads\/2025\/10\/moczenie_roz_w_wodzie-768x540.jpg 768w, https:\/\/rozaria.pl\/blog\/wp-content\/uploads\/2025\/10\/moczenie_roz_w_wodzie.jpg 800w\" sizes=\"(max-width: 300px) 100vw, 300px\" \/><\/a>Zdecydowanie tak! \ud83d\udca7<br \/>\nR\u00f3\u017ce z go\u0142ym korzeniem po transporcie potrzebuj\u0105 nawodnienia tkanek, dlatego przed sadzeniem warto je namoczy\u0107 w czystej, ch\u0142odnej wodzie na 6\u201312 godzin. Najlepiej umie\u015bci\u0107 je w wiadrze lub du\u017cym pojemniku tak, aby ca\u0142y system korzeniowy by\u0142 zanurzony, a cz\u0119\u015b\u0107 p\u0119d\u00f3w pozosta\u0142a nad wod\u0105.<\/p>\n<p style=\"text-align: justify;\">Mo\u017cna te\u017c moczy\u0107 na noc i posadzi\u0107 rano \u2014 to bardzo dobry i bezpieczny spos\u00f3b.<br \/>\nJe\u015bli r\u00f3\u017ce s\u0105 mocno przesuszone, dopuszcza si\u0119 d\u0142u\u017csze moczenie, maksymalnie do 24 godzin, ale nie d\u0142u\u017cej, \u017ceby korzenie nie zacz\u0119\u0142y si\u0119 \u201edusi\u0107\u201d i nie dosz\u0142o do gnicia.<\/p>\n<p style=\"text-align: justify;\">\ud83d\udc49 Wskaz\u00f3wka: Woda mo\u017ce by\u0107 wzbogacona o biohumus lub preparat ukorzeniaj\u0105cy, co dodatkowo pobudzi rozw\u00f3j korzeni.<br \/>\n<strong>Po wyj\u0119ciu z wody warto sadzi\u0107 r\u00f3\u017ce bezpo\u015brednio, nie pozwalaj\u0105c im wyschn\u0105\u0107 \u2014 wtedy naj\u0142atwiej si\u0119 przyjmuj\u0105 i szybko startuj\u0105 z wzrostem.<\/strong><\/p>\n<h3 style=\"text-align: justify;\">4\ufe0f\u20e3 Jak\u0105 ziemi\u0119 przygotowa\u0107 i czy trzeba j\u0105 wymieni\u0107?<\/h3>\n<p style=\"text-align: justify;\">R\u00f3\u017ce najlepiej rosn\u0105 w glebie \u017cyznej, przepuszczalnej, lekko wilgotnej, o odczynie lekko kwa\u015bnym (pH 6,0\u20136,5).<br \/>\nZiemia powinna by\u0107 dobrze napowietrzona, niezbyt ci\u0119\u017cka i niezaskorupiaj\u0105ca si\u0119 po deszczu.<\/p>\n<p style=\"text-align: justify;\">Je\u015bli sadzimy w miejscu po starych r\u00f3\u017cach, koniecznie wymieniamy gleb\u0119 \u2013 stare pod\u0142o\u017ce jest cz\u0119sto \u201ezm\u0119czone\u201d i mo\u017ce zawiera\u0107 pozosta\u0142o\u015bci chor\u00f3b lub nicieni, kt\u00f3re os\u0142abiaj\u0105 wzrost nowych ro\u015blin.<br \/>\nWymieniamy warstw\u0119 na g\u0142\u0119boko\u015b\u0107 oko\u0142o 40\u201350 cm, ale nie wsypujemy czystego, nowego pod\u0142o\u017ca \u2013 najlepiej wymiesza\u0107 \u015bwie\u017c\u0105 ziemi\u0119 z nasz\u0105 rodzim\u0105 gleb\u0105. Dzi\u0119ki temu struktura b\u0119dzie bardziej naturalna, a r\u00f3\u017ce \u0142atwiej si\u0119 zaaklimatyzuj\u0105.<\/p>\n<p style=\"text-align: justify;\">\ud83d\udc49 <em><strong>Wa\u017cne: Przed posadzeniem warto spulchni\u0107 dno do\u0142ka, tak aby korzenie mog\u0142y \u0142atwo si\u0119 rozrasta\u0107.<\/strong><\/em> Mo\u017cna te\u017c wsypa\u0107 na sp\u00f3d niewielk\u0105 ilo\u015b\u0107 kompostu lub dobrze roz\u0142o\u017conego obornika, wymieszanego z ziemi\u0105.<br \/>\nNie stosujemy \u015bwie\u017cego nawozu ani nadmiaru torfu \u2013 gleba powinna by\u0107 \u017cyzna, ale nie zbyt bogata w azot, by nie pobudza\u0107 zbyt wczesnego wzrostu przed zim\u0105.<\/p>\n<h3 style=\"text-align: justify;\">5\ufe0f\u20e3 Czy przycina\u0107 korzenie i p\u0119dy przed sadzeniem?<\/h3>\n<p style=\"text-align: justify;\"><strong>Tak, ale z umiarem<\/strong> \u2702\ufe0f<a href=\"https:\/\/rozaria.pl\/blog\/wp-content\/uploads\/2025\/10\/przycianamy-korzenie-roz.jpg\"><img loading=\"lazy\" decoding=\"async\" class=\"alignleft size-medium wp-image-6990\" src=\"https:\/\/rozaria.pl\/blog\/wp-content\/uploads\/2025\/10\/przycianamy-korzenie-roz-300x183.jpg\" alt=\"przycinamy korzenie r\u00f3\u017c z go\u0142ym \" width=\"300\" height=\"183\" srcset=\"https:\/\/rozaria.pl\/blog\/wp-content\/uploads\/2025\/10\/przycianamy-korzenie-roz-150x92.jpg 150w, https:\/\/rozaria.pl\/blog\/wp-content\/uploads\/2025\/10\/przycianamy-korzenie-roz-200x122.jpg 200w, https:\/\/rozaria.pl\/blog\/wp-content\/uploads\/2025\/10\/przycianamy-korzenie-roz-300x183.jpg 300w, https:\/\/rozaria.pl\/blog\/wp-content\/uploads\/2025\/10\/przycianamy-korzenie-roz-400x244.jpg 400w, https:\/\/rozaria.pl\/blog\/wp-content\/uploads\/2025\/10\/przycianamy-korzenie-roz-600x366.jpg 600w, https:\/\/rozaria.pl\/blog\/wp-content\/uploads\/2025\/10\/przycianamy-korzenie-roz-768x468.jpg 768w, https:\/\/rozaria.pl\/blog\/wp-content\/uploads\/2025\/10\/przycianamy-korzenie-roz.jpg 800w\" sizes=\"(max-width: 300px) 100vw, 300px\" \/><\/a><\/p>\n<p style=\"text-align: justify;\">Korzenie mo\u017cna delikatnie skr\u00f3ci\u0107 o kilka do kilkunastu cm, zw\u0142aszcza je\u015bli s\u0105 zbyt d\u0142ugie i nie mieszcz\u0105 si\u0119 w do\u0142ku. Dzi\u0119ki temu nie b\u0119d\u0105 si\u0119 zagina\u0107 ani zawija\u0107 podczas sadzenia, co sprzyja r\u00f3wnemu rozrostowi systemu korzeniowego.<br \/>\nPrzycinanie ko\u0144c\u00f3wek dodatkowo pobudza tworzenie nowych, drobnych korzeni w\u0142o\u015bnikowych, kt\u00f3re odpowiadaj\u0105 za pobieranie wody i sk\u0142adnik\u00f3w od\u017cywczych.<\/p>\n<p style=\"text-align: justify;\">G\u00f3rnej cz\u0119\u015bci, czyli p\u0119d\u00f3w, jesieni\u0105 zasadniczo nie skracamy \u2014 pozostawiamy ich naturaln\u0105 d\u0142ugo\u015b\u0107.<br \/>\nDlaczego? Bo w razie silniejszych mroz\u00f3w uszkodzenia zawsze zaczynaj\u0105 si\u0119 od g\u00f3ry, a d\u0142u\u017csze p\u0119dy stanowi\u0105 naturaln\u0105 ochron\u0119 dla ni\u017cszej cz\u0119\u015bci krzewu. Wiosn\u0105, po zimie, i tak wykonujemy ci\u0119cie koryguj\u0105ce, usuwaj\u0105c ewentualne przemarzni\u0119te fragmenty.<\/p>\n<p style=\"text-align: justify;\">Po posadzeniu warto jeszcze usypa\u0107 kopczyk z ziemi (20\u201330 cm) wok\u00f3\u0142 podstawy krzewu \u2013 zabezpieczy to dolne p\u0119dy i miejsce okulizacji przed wysychaniem oraz przemarzni\u0119ciem zimowym.<\/p>\n<h3 style=\"text-align: justify;\">6\ufe0f\u20e3 Czy mo\u017cna sadzi\u0107 r\u00f3\u017ce, gdy ziemia jest ju\u017c ch\u0142odna?<\/h3>\n<p style=\"text-align: justify;\"><a href=\"https:\/\/rozaria.pl\/blog\/wp-content\/uploads\/2025\/10\/sadzimy_roze.jpeg\"><img loading=\"lazy\" decoding=\"async\" class=\"size-medium wp-image-6991 alignright\" src=\"https:\/\/rozaria.pl\/blog\/wp-content\/uploads\/2025\/10\/sadzimy_roze-300x210.jpeg\" alt=\"do kiedy sadzimy r\u00f3\u017ce\" width=\"300\" height=\"210\" srcset=\"https:\/\/rozaria.pl\/blog\/wp-content\/uploads\/2025\/10\/sadzimy_roze-150x105.jpeg 150w, https:\/\/rozaria.pl\/blog\/wp-content\/uploads\/2025\/10\/sadzimy_roze-200x140.jpeg 200w, https:\/\/rozaria.pl\/blog\/wp-content\/uploads\/2025\/10\/sadzimy_roze-300x210.jpeg 300w, https:\/\/rozaria.pl\/blog\/wp-content\/uploads\/2025\/10\/sadzimy_roze.jpeg 400w\" sizes=\"(max-width: 300px) 100vw, 300px\" \/><\/a><span style=\"text-decoration: underline;\"><em>Tak, mo\u017cna \u2014 dop\u00f3ki ziemia nie jest zamarzni\u0119ta.<\/em><\/span><br \/>\nCh\u0142odna gleba nie stanowi problemu, poniewa\u017c r\u00f3\u017ce z go\u0142ym korzeniem nie potrzebuj\u0105 wysokiej temperatury do ukorzenienia. Wr\u0119cz przeciwnie \u2014 ch\u0142\u00f3d naturalnie spowalnia procesy \u017cyciowe, dzi\u0119ki czemu ro\u015blina \u0142atwiej wchodzi w stan spoczynku zimowego i nie pobudza si\u0119 do wzrostu.<\/p>\n<p style=\"text-align: justify;\">Warto jednak pami\u0119ta\u0107 o kilku zasadach:<\/p>\n<ul>\n<li style=\"text-align: justify;\">ziemia powinna by\u0107 na tyle mi\u0119kka, by da\u0142o si\u0119 j\u0105 dobrze ugnie\u015b\u0107 wok\u00f3\u0142 korzeni;<\/li>\n<li style=\"text-align: justify;\">po posadzeniu r\u00f3\u017ce nale\u017cy obficie podla\u0107, nawet je\u015bli jest wilgotno \u2014 woda pomaga usun\u0105\u0107 p\u0119cherzyki powietrza i docisn\u0105\u0107 ziemi\u0119 do korzeni;<\/li>\n<li style=\"text-align: justify;\">bezpo\u015brednio po sadzeniu usypujemy kopczyk z ziemi lub torfu o wysoko\u015bci ok. 20\u201330 cm, kt\u00f3ry zabezpiecza podstaw\u0119 krzewu przed mrozem i wysychaniem.<\/li>\n<\/ul>\n<p style=\"text-align: justify;\">Je\u015bli zapowiada si\u0119 fala mroz\u00f3w, a r\u00f3\u017ce zosta\u0142y posadzone p\u00f3\u017ano, mo\u017cna dodatkowo okry\u0107 je agrow\u0142\u00f3knin\u0105 zimow\u0105 lub stroiszem.<br \/>\nTak zabezpieczone sadzonki spokojnie przetrwaj\u0105 zim\u0119, a na wiosn\u0119 szybko wystartuj\u0105 z nowymi, zdrowymi p\u0119dami.<\/p>\n<h3 style=\"text-align: justify;\">7\ufe0f\u20e3 Co zrobi\u0107, je\u015bli posadzi\u0142am za p\u00f3\u017ano?<\/h3>\n<p style=\"text-align: justify;\">Je\u015bli r\u00f3\u017ce zosta\u0142y posadzone tu\u017c przed nadej\u015bciem mroz\u00f3w, najwa\u017cniejsze jest ich dobre zabezpieczenie przed zim\u0105.<br \/>\nWarto je obficie obsypa\u0107 ziemi\u0105 ogrodow\u0105, tworz\u0105c kopczyk o wysoko\u015bci ok. 20\u201330 cm wok\u00f3\u0142 podstawy krzewu. Ziemia stanowi najlepsz\u0105 ochron\u0119 \u2014 magazynuje ciep\u0142o i chroni miejsce szczepienia oraz dolne p\u0119dy przed przemarzaniem.<\/p>\n<p style=\"text-align: justify;\">Nie trzeba u\u017cywa\u0107 suchego torfu \u2014 lepiej zastosowa\u0107 zwyk\u0142\u0105 ziemi\u0119 ogrodow\u0105 lub mieszank\u0119 ziemi z piaskiem i kompostem, kt\u00f3ra dobrze przylega i nie zbija si\u0119 w tward\u0105 skorup\u0119.<\/p>\n<p style=\"text-align: justify;\">\ud83d\udc49 <strong>Je\u015bli r\u00f3\u017ce sadzimy bardzo p\u00f3\u017ano, a ziemia zaczyna by\u0107 zmarzni\u0119ta, warto mie\u0107 w pogotowiu worki z ziemi\u0105 uniwersaln\u0105 lub kor\u0105.<\/strong> W cieplejszy dzie\u0144 mo\u017cna z nich szybko usypa\u0107 kopczyki ochronne bez potrzeby przekopywania gruntu.<\/p>\n<p style=\"text-align: justify;\">Nawet je\u015bli r\u00f3\u017ce nie zd\u0105\u017c\u0105 si\u0119 ukorzeni\u0107 przed zim\u0105, nie ma powodu do obaw \u2014 rusz\u0105 wiosn\u0105 z zapasem wilgoci w korzeniach, a wcze\u015bniejsze zabezpieczenie pozwoli im bezpiecznie przetrwa\u0107 zimowy okres spoczynku.<\/p>\n<h3 style=\"text-align: justify;\">8\ufe0f\u20e3 Czy sadzenie jesieni\u0105 jest lepsze ni\u017c wiosn\u0105?<\/h3>\n<p style=\"text-align: justify;\"><a href=\"https:\/\/rozaria.pl\/blog\/wp-content\/uploads\/2025\/10\/do_kiedy_mozna-sadzic-roze.jpg\"><img loading=\"lazy\" decoding=\"async\" class=\"alignleft size-medium wp-image-6993\" src=\"https:\/\/rozaria.pl\/blog\/wp-content\/uploads\/2025\/10\/do_kiedy_mozna-sadzic-roze-300x200.jpg\" alt=\"sadzimy go\u0142y korze\u0144\" width=\"300\" height=\"200\" srcset=\"https:\/\/rozaria.pl\/blog\/wp-content\/uploads\/2025\/10\/do_kiedy_mozna-sadzic-roze-150x100.jpg 150w, https:\/\/rozaria.pl\/blog\/wp-content\/uploads\/2025\/10\/do_kiedy_mozna-sadzic-roze-200x133.jpg 200w, https:\/\/rozaria.pl\/blog\/wp-content\/uploads\/2025\/10\/do_kiedy_mozna-sadzic-roze-300x200.jpg 300w, https:\/\/rozaria.pl\/blog\/wp-content\/uploads\/2025\/10\/do_kiedy_mozna-sadzic-roze-400x267.jpg 400w, https:\/\/rozaria.pl\/blog\/wp-content\/uploads\/2025\/10\/do_kiedy_mozna-sadzic-roze-600x400.jpg 600w, https:\/\/rozaria.pl\/blog\/wp-content\/uploads\/2025\/10\/do_kiedy_mozna-sadzic-roze-768x512.jpg 768w, https:\/\/rozaria.pl\/blog\/wp-content\/uploads\/2025\/10\/do_kiedy_mozna-sadzic-roze-800x533.jpg 800w, https:\/\/rozaria.pl\/blog\/wp-content\/uploads\/2025\/10\/do_kiedy_mozna-sadzic-roze-1024x683.jpg 1024w, https:\/\/rozaria.pl\/blog\/wp-content\/uploads\/2025\/10\/do_kiedy_mozna-sadzic-roze.jpg 1191w\" sizes=\"(max-width: 300px) 100vw, 300px\" \/><\/a>Tak \u2013 jesienne sadzenie r\u00f3\u017c z go\u0142ym korzeniem ma wiele zalet i cz\u0119sto daje ro\u015blinom lepszy start ni\u017c sadzenie wiosenne.<br \/>\nJesieni\u0105 gleba jest jeszcze ciep\u0142a od lata i naturalnie wilgotna, dzi\u0119ki czemu korzenie maj\u0105 idealne warunki, by si\u0119 przyj\u0105\u0107.<br \/>\nRo\u015bliny nie s\u0105 wtedy nara\u017cone na stres suszy, a temperatura sprzyja spokojnemu ukorzenieniu.<\/p>\n<p style=\"text-align: justify;\">Wiosn\u0105 r\u00f3\u017ca posadzona jesieni\u0105 rusza natychmiast z wegetacj\u0105, bo ma ju\u017c rozbudowany system korzeniowy. Dla por\u00f3wnania \u2014 sadzonka posadzona dopiero wiosn\u0105 musi najpierw si\u0119 ukorzeni\u0107, zanim zacznie budowa\u0107 p\u0119dy i kwiaty, wi\u0119c jej rozw\u00f3j jest op\u00f3\u017aniony o kilka tygodni.<\/p>\n<p style=\"text-align: justify;\"><strong>Jesienne sadzenie to tak\u017ce oszcz\u0119dno\u015b\u0107 czasu wiosn\u0105, gdy w ogrodzie jest najwi\u0119cej pracy. Wystarczy tylko odpowiednio zabezpieczy\u0107 ro\u015bliny przed zim\u0105 \u2014 dobrym kopczykiem z ziemi i ewentualnym okryciem \u2014 a w kolejnym sezonie odwdzi\u0119cz\u0105 si\u0119 bujnym wzrostem i wcze\u015bniejszym kwitnieniem.<\/strong><\/p>\n<h3 style=\"text-align: justify;\">9\ufe0f\u20e3 Czy w glebie piaszczystej trzeba co\u015b zrobi\u0107 inaczej?<\/h3>\n<p style=\"text-align: justify;\">Tak \u2014 r\u00f3\u017ce mog\u0105 rosn\u0105\u0107 w glebie piaszczystej, ale wymaga ona modyfikacji i lepszego przygotowania, poniewa\u017c z natury jest uboga w sk\u0142adniki od\u017cywcze i szybko przesycha.<\/p>\n<p style=\"text-align: justify;\">Przed sadzeniem warto wi\u0119c:<\/p>\n<ul style=\"list-style-type: square;\">\n<li style=\"text-align: justify;\">wzbogaci\u0107 ziemi\u0119 kompostem, glin\u0105 lub dobrze roz\u0142o\u017conym obornikiem, co poprawi jej struktur\u0119 i zdolno\u015b\u0107 zatrzymywania wilgoci,<\/li>\n<li style=\"text-align: justify;\">na dno do\u0142ka wsypa\u0107 warstw\u0119 \u017cyznej ziemi ogrodowej lub kompostu i wymiesza\u0107 j\u0105 z rodzim\u0105 gleb\u0105 \u2013 to pomo\u017ce korzeniom wej\u015b\u0107 w bardziej stabilne \u015brodowisko,<\/li>\n<li style=\"text-align: justify;\">po posadzeniu \u015bci\u00f3\u0142kowa\u0107 powierzchni\u0119 wok\u00f3\u0142 krzew\u00f3w zr\u0119bkami, kor\u0105 lub kompostem, by ograniczy\u0107 parowanie wody i chroni\u0107 korzenie przed przegrzewaniem latem.<\/li>\n<\/ul>\n<p style=\"text-align: justify;\">W glebach piaszczystych kluczowe jest utrzymanie r\u00f3wnowagi mi\u0119dzy przepuszczalno\u015bci\u0105 a wilgotno\u015bci\u0105 \u2013 r\u00f3\u017ca nie lubi ani zastoju wody, ani przesuszenia.<br \/>\nDlatego najlepszy efekt daje mieszanka ziemi rodzimej z dodatkiem pr\u00f3chnicy i gliny, kt\u00f3ra stabilizuje wilgo\u0107 i pozwala r\u00f3\u017cy dobrze si\u0119 ukorzeni\u0107.<\/p>\n<h3 style=\"text-align: justify;\">\ud83d\udd1f Jak g\u0142\u0119boko sadzi\u0107 r\u00f3\u017ce z go\u0142ym korzeniem?<\/h3>\n<p style=\"text-align: justify;\"><a href=\"https:\/\/rozaria.pl\/blog\/wp-content\/uploads\/2025\/10\/miejsce_okulizacji.jpg\"><img loading=\"lazy\" decoding=\"async\" class=\"alignleft size-medium wp-image-6992\" src=\"https:\/\/rozaria.pl\/blog\/wp-content\/uploads\/2025\/10\/miejsce_okulizacji-300x169.jpg\" alt=\"sadzimy r\u00f3\u017c\u0119 z go\u0142ym korzeniem jesieni\u0105\" width=\"300\" height=\"169\" srcset=\"https:\/\/rozaria.pl\/blog\/wp-content\/uploads\/2025\/10\/miejsce_okulizacji-150x85.jpg 150w, https:\/\/rozaria.pl\/blog\/wp-content\/uploads\/2025\/10\/miejsce_okulizacji-200x113.jpg 200w, https:\/\/rozaria.pl\/blog\/wp-content\/uploads\/2025\/10\/miejsce_okulizacji-300x169.jpg 300w, https:\/\/rozaria.pl\/blog\/wp-content\/uploads\/2025\/10\/miejsce_okulizacji-400x226.jpg 400w, https:\/\/rozaria.pl\/blog\/wp-content\/uploads\/2025\/10\/miejsce_okulizacji.jpg 564w\" sizes=\"(max-width: 300px) 100vw, 300px\" \/><\/a>Miejsce szczepienia (czyli charakterystyczne zgrubienie tu\u017c nad korzeniami) powinno znale\u017a\u0107 si\u0119 2\u20133 cm poni\u017cej poziomu gruntu.<br \/>\nTo kluczowa zasada, kt\u00f3ra zapewnia ro\u015blinie stabilno\u015b\u0107 i ochron\u0119 przed mrozem oraz wysychaniem.<\/p>\n<p style=\"text-align: justify;\">Taki spos\u00f3b sadzenia sprawia, \u017ce r\u00f3\u017ca w przysz\u0142o\u015bci wypuszcza silniejsze p\u0119dy z cz\u0119\u015bci podziemnej, a jej system korzeniowy lepiej znosi zmiany temperatur i wiatr.<\/p>\n<p style=\"text-align: justify;\">Jest to szczeg\u00f3lnie wa\u017cne, gdy:<\/p>\n<ul style=\"list-style-type: circle;\">\n<li style=\"text-align: justify;\">r\u00f3\u017ce s\u0105 sadzone na rabatach \u015bci\u00f3\u0142kowanych kor\u0105 lub kamykiem, gdzie nie planujemy wykonywa\u0107 kopczyk\u00f3w zimowych,<\/li>\n<li style=\"text-align: justify;\">sadzimy wi\u0119ksz\u0105 liczb\u0119 r\u00f3\u017c naraz i nie ma mo\u017cliwo\u015bci, by ka\u017cd\u0105 z osobna obsypywa\u0107 ziemi\u0105,<\/li>\n<li style=\"text-align: justify;\">lub gdy ro\u015bliny trafiaj\u0105 na skarpy lub podwy\u017cszone rabaty, gdzie gleba szybciej przesycha i jest bardziej nara\u017cona na przemarzni\u0119cie.<\/li>\n<\/ul>\n<p style=\"text-align: justify;\">W takich sytuacjach ni\u017csze posadzenie miejsca szczepienia dzia\u0142a jak naturalna ochrona \u2013 pozwala ro\u015blinie przetrwa\u0107 zim\u0119 bez konieczno\u015bci kopczykowania, a wiosn\u0105 szybciej odbi\u0107 z mocnych, zdrowych p\u0119d\u00f3w.<\/p>\n<h3 style=\"text-align: justify;\">11\ufe0f\u20e3 Dlaczego r\u00f3\u017ce czasem si\u0119 nie przyjmuj\u0105?<\/h3>\n<p style=\"text-align: justify;\">Najcz\u0119stsze b\u0142\u0119dy to:<br \/>\n\u2013 sadzenie w zbyt ci\u0119\u017ckiej lub mokrej glebie,<br \/>\n\u2013 brak podlewania po posadzeniu,<br \/>\n\u2013 zbyt p\u0142ytkie sadzenie,<br \/>\n\u2013 posadzenie w miejscu po starych r\u00f3\u017cach bez wymiany ziemi.<br \/>\nR\u00f3\u017ce to ro\u015bliny wymagaj\u0105ce dobrego pod\u0142o\u017ca i umiarkowanej wilgotno\u015bci.<\/p>\n<h3 style=\"text-align: justify;\">12\ufe0f\u20e3 Czy po posadzeniu od razu kopczykowa\u0107?<\/h3>\n<p style=\"text-align: justify;\">Tak, warto to zrobi\u0107 od razu po posadzeniu.<br \/>\nKopczyk z ziemi o wysoko\u015bci 20\u201330 cm chroni r\u00f3\u017c\u0119 przed wysychaniem, nag\u0142ymi zmianami temperatury i mrozem. Zabezpiecza tak\u017ce miejsce szczepienia, kt\u00f3re jest najbardziej wra\u017cliwe.<\/p>\n<p style=\"text-align: justify;\">Najlepiej u\u017cy\u0107 ziemi ogrodowej lub mieszanki ziemi z piaskiem, poniewa\u017c dobrze przylega i nie zaskorupia si\u0119 po deszczu.<br \/>\nNa wiosn\u0119, gdy min\u0105 przymrozki i ziemia rozmarznie, kopczyk nale\u017cy rozgarn\u0105\u0107. To zapewni p\u0119dom\u00a0 swobodne rozwijanie i zapobiega gniciu u podstawy.<\/p>\n<h3 style=\"text-align: justify;\">13\ufe0f\u20e3 Czy r\u00f3\u017ce z go\u0142ym korzeniem zakwitn\u0105 w pierwszym roku?<\/h3>\n<p style=\"text-align: justify;\"><a href=\"https:\/\/rozaria.pl\/blog\/wp-content\/uploads\/2025\/10\/swieta_teresa_z_lisieux.jpg\"><img loading=\"lazy\" decoding=\"async\" class=\"alignleft size-medium wp-image-6996\" src=\"https:\/\/rozaria.pl\/blog\/wp-content\/uploads\/2025\/10\/swieta_teresa_z_lisieux-300x203.jpg\" alt=\"\" width=\"300\" height=\"203\" srcset=\"https:\/\/rozaria.pl\/blog\/wp-content\/uploads\/2025\/10\/swieta_teresa_z_lisieux-150x101.jpg 150w, https:\/\/rozaria.pl\/blog\/wp-content\/uploads\/2025\/10\/swieta_teresa_z_lisieux-200x135.jpg 200w, https:\/\/rozaria.pl\/blog\/wp-content\/uploads\/2025\/10\/swieta_teresa_z_lisieux-300x203.jpg 300w, https:\/\/rozaria.pl\/blog\/wp-content\/uploads\/2025\/10\/swieta_teresa_z_lisieux-400x270.jpg 400w, https:\/\/rozaria.pl\/blog\/wp-content\/uploads\/2025\/10\/swieta_teresa_z_lisieux.jpg 546w\" sizes=\"(max-width: 300px) 100vw, 300px\" \/><\/a>Tak, w wi\u0119kszo\u015bci przypadk\u00f3w r\u00f3\u017ce z go\u0142ym korzeniem zakwitaj\u0105 ju\u017c w pierwszym roku po posadzeniu \ud83c\udf38<br \/>\nJe\u015bli sadzonki s\u0105 zdrowe, dobrze ukorzenione i posadzone jesieni\u0105, wiosn\u0105 szybko ruszaj\u0105 z wegetacj\u0105, wytwarzaj\u0105 silne p\u0119dy i zakwitaj\u0105 ju\u017c latem.<\/p>\n<p style=\"text-align: justify;\">Warto jednak wiedzie\u0107, \u017ce spos\u00f3b kwitnienia zale\u017cy od typu odmiany.<br \/>\nWi\u0119kszo\u015b\u0107 nowoczesnych r\u00f3\u017c \u2013 szczeg\u00f3lnie r\u00f3\u017ce rabatowe i herbatnie \u2013 kwitnie na p\u0119dach jednorocznych, czyli tych, kt\u00f3re wyrastaj\u0105 w tym samym sezonie. Dlatego potrafi\u0105 cieszy\u0107 kwiatami ju\u017c kilka miesi\u0119cy po posadzeniu.<\/p>\n<p style=\"text-align: justify;\">Istniej\u0105 jednak odmiany, zw\u0142aszcza r\u00f3\u017ce pn\u0105ce i niekt\u00f3re parkowe, kt\u00f3re kwitn\u0105 na p\u0119dach dwuletnich. W ich przypadku pierwszy obfity kwitnienie mo\u017ce pojawi\u0107 si\u0119 dopiero w kolejnym sezonie.<br \/>\nDlatego przy wyborze ro\u015blin warto zawsze czyta\u0107 opisy odmian w sklepie lub katalogu, by wiedzie\u0107, kiedy mo\u017cna spodziewa\u0107 si\u0119 pierwszych kwiat\u00f3w i jak\u0105 strategi\u0119 piel\u0119gnacji przyj\u0105\u0107.<\/p>\n<h3 style=\"text-align: justify;\">14\ufe0f\u20e3 Czy mo\u017cna sadzi\u0107 r\u00f3\u017ce ju\u017c we wrze\u015bniu?<\/h3>\n<p style=\"text-align: justify;\">Teoretycznie mo\u017cna, ale z du\u017c\u0105 ostro\u017cno\u015bci\u0105.<br \/>\nWrzesie\u0144 bywa ciep\u0142y i wilgotny, dlatego posadzone wtedy r\u00f3\u017ce cz\u0119sto zbyt szybko rozpoczynaj\u0105 wegetacj\u0119 \u2014 wypuszczaj\u0105 m\u0142ode p\u0119dy, kt\u00f3re nie zd\u0105\u017c\u0105 zdrewnie\u0107 przed zim\u0105 i p\u00f3\u017aniej \u0142atwo przemarzaj\u0105.<\/p>\n<p style=\"text-align: justify;\">Sadzenie zbyt wcze\u015bnie, zw\u0142aszcza w okresie silnego s\u0142o\u0144ca i wysokich temperatur, nie sprzyja sadzonkom z go\u0142ym korzeniem. Takie ro\u015bliny po wykopaniu potrzebuj\u0105 ch\u0142odu i spokoju, by wej\u015b\u0107 w stan spoczynku, a nie zosta\u0107 pobudzone do wzrostu.<\/p>\n<p style=\"text-align: justify;\">Dlatego cho\u0107 gleba we wrze\u015bniu ma idealne warunki \u2013 jest ciep\u0142a i wilgotna \u2013 lepiej poczeka\u0107 do pa\u017adziernika. Wtedy temperatura powietrza spada, dni s\u0105 kr\u00f3tsze, a r\u00f3\u017ce mog\u0105 si\u0119 spokojnie ukorzeni\u0107 bez ryzyka, \u017ce rusz\u0105 z wegetacj\u0105 przed zim\u0105.<br \/>\nTo gwarancja, \u017ce sadzonki lepiej si\u0119 przyjm\u0105 i zdrowo przezimuj\u0105.<\/p>\n<h3 style=\"text-align: justify;\">15\ufe0f\u20e3 Czy mo\u017cna sadzi\u0107 w miejscu po starej r\u00f3\u017cy?<\/h3>\n<p style=\"text-align: justify;\">Nie zaleca si\u0119 sadzenia nowej r\u00f3\u017cy w miejscu, gdzie wcze\u015bniej ros\u0142a inna.<br \/>\nZjawisko to okre\u015bla si\u0119 jako \u201ezm\u0119czenie gleby r\u00f3\u017canej\u201d \u2013 pod\u0142o\u017ce po kilku latach uprawy r\u00f3\u017c jest wyja\u0142owione. Cz\u0119sto jest pozbawione mikroelement\u00f3w i zainfekowane patogenami glebowymi.<br \/>\nTakie \u015brodowisko utrudnia m\u0142odym ro\u015blinom prawid\u0142owe ukorzenienie si\u0119.\u00a0 A w efekcie r\u00f3\u017ce rosn\u0105 s\u0142abiej, choruj\u0105 lub zamieraj\u0105 ju\u017c w pierwszym roku.<\/p>\n<p style=\"text-align: justify;\">Je\u015bli jednak nie ma mo\u017cliwo\u015bci zmiany stanowiska, nale\u017cy koniecznie wymieni\u0107 ziemi\u0119 na g\u0142\u0119boko\u015b\u0107 co najmniej 40 cm, najlepiej w obr\u0119bie ca\u0142ego do\u0142ka.<a href=\"https:\/\/rozaria.pl\/blog\/wp-content\/uploads\/2025\/10\/przymrozki_listopad.jpg\"><img loading=\"lazy\" decoding=\"async\" class=\"size-medium wp-image-6951 alignright\" src=\"https:\/\/rozaria.pl\/blog\/wp-content\/uploads\/2025\/10\/przymrozki_listopad-300x199.jpg\" alt=\"listopad w ogrodzie r\u00f3\u017canym\" width=\"300\" height=\"199\" srcset=\"https:\/\/rozaria.pl\/blog\/wp-content\/uploads\/2025\/10\/przymrozki_listopad-150x99.jpg 150w, https:\/\/rozaria.pl\/blog\/wp-content\/uploads\/2025\/10\/przymrozki_listopad-200x132.jpg 200w, https:\/\/rozaria.pl\/blog\/wp-content\/uploads\/2025\/10\/przymrozki_listopad-300x199.jpg 300w, https:\/\/rozaria.pl\/blog\/wp-content\/uploads\/2025\/10\/przymrozki_listopad-400x265.jpg 400w, https:\/\/rozaria.pl\/blog\/wp-content\/uploads\/2025\/10\/przymrozki_listopad-600x397.jpg 600w, https:\/\/rozaria.pl\/blog\/wp-content\/uploads\/2025\/10\/przymrozki_listopad-768x508.jpg 768w, https:\/\/rozaria.pl\/blog\/wp-content\/uploads\/2025\/10\/przymrozki_listopad-800x529.jpg 800w, https:\/\/rozaria.pl\/blog\/wp-content\/uploads\/2025\/10\/przymrozki_listopad-1024x678.jpg 1024w, https:\/\/rozaria.pl\/blog\/wp-content\/uploads\/2025\/10\/przymrozki_listopad.jpg 1200w\" sizes=\"(max-width: 300px) 100vw, 300px\" \/><\/a><br \/>\nNowe pod\u0142o\u017ce powinno by\u0107 \u017cyzne, przepuszczalne i lekko kwa\u015bne (pH ok. 6\u20136,5).<br \/>\nWarto je wzbogaci\u0107 o kompost lub gotowe pod\u0142o\u017ce do r\u00f3\u017c, kt\u00f3re poprawi struktur\u0119 i dostarczy sk\u0142adnik\u00f3w od\u017cywczych.<\/p>\n<p style=\"text-align: justify;\">Dobr\u0105 praktyk\u0105 jest te\u017c dosypanie niewielkiej ilo\u015bci gliny lub pr\u00f3chnicy. Dzia\u0142amy, aby nowa ziemia nie by\u0142a zbyt lekka i szybko nie przesycha\u0142a.<br \/>\nTak przygotowane stanowisko pozwoli m\u0142odej r\u00f3\u017cy wystartowa\u0107 bez obci\u0105\u017cenia po poprzedniej ro\u015blinie i zdrowo si\u0119 rozwija\u0107 przez kolejne lata.<\/p>\n<h2 style=\"text-align: justify;\">\ud83c\udf39 Podsumowanie<\/h2>\n<p style=\"text-align: justify;\">Jesienne sadzenie r\u00f3\u017c z go\u0142ym korzeniem to doskona\u0142a okazja, by za\u0142o\u017cy\u0107 pi\u0119kn\u0105 r\u00f3\u017cank\u0119. Wystarczy przestrzega\u0107 kilku zasad \u2013 sadzi\u0107 przed zamarzni\u0119ciem ziemi, dobrze podla\u0107 i zabezpieczy\u0107 ro\u015bliny na zim\u0119.<br \/>\nWiosn\u0105 odwdzi\u0119cz\u0105 si\u0119 szybkim wzrostem i silnym kwitnieniem.<\/p>\n","protected":false},"excerpt":{"rendered":"<p>\ud83c\udf39 Do kiedy mo\u017cna sadzi\u0107 r\u00f3\u017ce z go\u0142ym korzeniem jesieni\u0105? Wasze najcz\u0119stsze pytania dotycz\u0105ce jesiennego sadzenia r\u00f3\u017c Do kiedy mo\u017cna sadzi\u0107 r\u00f3\u017ce jesieni\u0105? To jedno z najcz\u0119stszych pyta\u0144, kt\u00f3re pojawia si\u0119 co roku w\u015br\u00f3d mi\u0142o\u015bnik\u00f3w ogrod\u00f3w. Jesie\u0144 to doskona\u0142y czas [&hellip;]<\/p>\n","protected":false},"author":1,"featured_media":7007,"comment_status":"open","ping_status":"open","sticky":false,"template":"","format":"standard","meta":{"_mi_skip_tracking":false,"_monsterinsights_sitenote_active":false,"_monsterinsights_sitenote_note":"","_monsterinsights_sitenote_category":0,"footnotes":""},"categories":[6,124],"tags":[31,10,86],"yoast_head":"<!-- This site is optimized with the Yoast SEO plugin v23.5 - https:\/\/yoast.com\/wordpress\/plugins\/seo\/ -->\n<title>Do kiedy mo\u017cna sadzi\u0107 r\u00f3\u017ce jesieni\u0105? - blog Rozaria.pl<\/title>\n<meta name=\"description\" content=\"Do kiedy mo\u017cna sadzi\u0107 r\u00f3\u017ce z go\u0142ym korzeniem jesieni\u0105 oraz 15 Waszych najcz\u0119stszych pyta\u0144 i praktycznych odpowiedzi od Szk\u00f3\u0142ki Rozaria.\" \/>\n<meta name=\"robots\" content=\"index, follow, max-snippet:-1, max-image-preview:large, max-video-preview:-1\" \/>\n<link rel=\"canonical\" href=\"https:\/\/rozaria.pl\/blog\/do-kiedy-mozna-sadzic-roze-jesienia\/\" \/>\n<meta property=\"og:locale\" content=\"pl_PL\" \/>\n<meta property=\"og:type\" content=\"article\" \/>\n<meta property=\"og:title\" content=\"Do kiedy mo\u017cna sadzi\u0107 r\u00f3\u017ce jesieni\u0105? - blog Rozaria.pl\" \/>\n<meta property=\"og:description\" content=\"Do kiedy mo\u017cna sadzi\u0107 r\u00f3\u017ce z go\u0142ym korzeniem jesieni\u0105 oraz 15 Waszych najcz\u0119stszych pyta\u0144 i praktycznych odpowiedzi od Szk\u00f3\u0142ki Rozaria.\" \/>\n<meta property=\"og:url\" content=\"https:\/\/rozaria.pl\/blog\/do-kiedy-mozna-sadzic-roze-jesienia\/\" \/>\n<meta property=\"og:site_name\" content=\"blog Rozaria.pl\" \/>\n<meta property=\"article:publisher\" content=\"https:\/\/www.facebook.com\/SzkolkaRozRozaria\/\" \/>\n<meta property=\"article:published_time\" content=\"2025-10-27T10:03:45+00:00\" \/>\n<meta property=\"article:modified_time\" content=\"2025-11-08T19:32:37+00:00\" \/>\n<meta property=\"og:image\" content=\"https:\/\/rozaria.pl\/blog\/wp-content\/uploads\/2025\/10\/do_kiedy_mozna-sadzic-roze-2.jpg\" \/>\n\t<meta property=\"og:image:width\" content=\"800\" \/>\n\t<meta property=\"og:image:height\" content=\"800\" \/>\n\t<meta property=\"og:image:type\" content=\"image\/jpeg\" \/>\n<meta name=\"author\" content=\"Rozaria.pl\" \/>\n<meta name=\"twitter:card\" content=\"summary_large_image\" \/>\n<meta name=\"twitter:creator\" content=\"@SzkolkaRozaria\" \/>\n<meta name=\"twitter:site\" content=\"@SzkolkaRozaria\" \/>\n<meta name=\"twitter:label1\" content=\"Napisane przez\" \/>\n\t<meta name=\"twitter:data1\" content=\"Rozaria.pl\" \/>\n\t<meta name=\"twitter:label2\" content=\"Szacowany czas czytania\" \/>\n\t<meta name=\"twitter:data2\" content=\"16 minut\" \/>\n<script type=\"application\/ld+json\" class=\"yoast-schema-graph\">{\"@context\":\"https:\/\/schema.org\",\"@graph\":[{\"@type\":\"Article\",\"@id\":\"https:\/\/rozaria.pl\/blog\/do-kiedy-mozna-sadzic-roze-jesienia\/#article\",\"isPartOf\":{\"@id\":\"https:\/\/rozaria.pl\/blog\/do-kiedy-mozna-sadzic-roze-jesienia\/\"},\"author\":{\"name\":\"Rozaria.pl\",\"@id\":\"https:\/\/rozaria.pl\/blog\/#\/schema\/person\/31b3805d5058ea1cffed1d8efb6e2513\"},\"headline\":\"Do kiedy mo\u017cna sadzi\u0107 r\u00f3\u017ce jesieni\u0105?\",\"datePublished\":\"2025-10-27T10:03:45+00:00\",\"dateModified\":\"2025-11-08T19:32:37+00:00\",\"mainEntityOfPage\":{\"@id\":\"https:\/\/rozaria.pl\/blog\/do-kiedy-mozna-sadzic-roze-jesienia\/\"},\"wordCount\":2605,\"commentCount\":0,\"publisher\":{\"@id\":\"https:\/\/rozaria.pl\/blog\/#organization\"},\"image\":{\"@id\":\"https:\/\/rozaria.pl\/blog\/do-kiedy-mozna-sadzic-roze-jesienia\/#primaryimage\"},\"thumbnailUrl\":\"https:\/\/rozaria.pl\/blog\/wp-content\/uploads\/2025\/10\/do_kiedy_mozna-sadzic-roze-2.jpg\",\"keywords\":[\"r\u00f3\u017ce sadzenie\",\"r\u00f3\u017ce uprawa\",\"sadzonki r\u00f3\u017c\"],\"articleSection\":[\"Piel\u0119gnacja\",\"Porady ogrodowe\"],\"inLanguage\":\"pl-PL\",\"potentialAction\":[{\"@type\":\"CommentAction\",\"name\":\"Comment\",\"target\":[\"https:\/\/rozaria.pl\/blog\/do-kiedy-mozna-sadzic-roze-jesienia\/#respond\"]}]},{\"@type\":\"WebPage\",\"@id\":\"https:\/\/rozaria.pl\/blog\/do-kiedy-mozna-sadzic-roze-jesienia\/\",\"url\":\"https:\/\/rozaria.pl\/blog\/do-kiedy-mozna-sadzic-roze-jesienia\/\",\"name\":\"Do kiedy mo\u017cna sadzi\u0107 r\u00f3\u017ce jesieni\u0105? - blog Rozaria.pl\",\"isPartOf\":{\"@id\":\"https:\/\/rozaria.pl\/blog\/#website\"},\"primaryImageOfPage\":{\"@id\":\"https:\/\/rozaria.pl\/blog\/do-kiedy-mozna-sadzic-roze-jesienia\/#primaryimage\"},\"image\":{\"@id\":\"https:\/\/rozaria.pl\/blog\/do-kiedy-mozna-sadzic-roze-jesienia\/#primaryimage\"},\"thumbnailUrl\":\"https:\/\/rozaria.pl\/blog\/wp-content\/uploads\/2025\/10\/do_kiedy_mozna-sadzic-roze-2.jpg\",\"datePublished\":\"2025-10-27T10:03:45+00:00\",\"dateModified\":\"2025-11-08T19:32:37+00:00\",\"description\":\"Do kiedy mo\u017cna sadzi\u0107 r\u00f3\u017ce z go\u0142ym korzeniem jesieni\u0105 oraz 15 Waszych najcz\u0119stszych pyta\u0144 i praktycznych odpowiedzi od Szk\u00f3\u0142ki Rozaria.\",\"breadcrumb\":{\"@id\":\"https:\/\/rozaria.pl\/blog\/do-kiedy-mozna-sadzic-roze-jesienia\/#breadcrumb\"},\"inLanguage\":\"pl-PL\",\"potentialAction\":[{\"@type\":\"ReadAction\",\"target\":[\"https:\/\/rozaria.pl\/blog\/do-kiedy-mozna-sadzic-roze-jesienia\/\"]}]},{\"@type\":\"ImageObject\",\"inLanguage\":\"pl-PL\",\"@id\":\"https:\/\/rozaria.pl\/blog\/do-kiedy-mozna-sadzic-roze-jesienia\/#primaryimage\",\"url\":\"https:\/\/rozaria.pl\/blog\/wp-content\/uploads\/2025\/10\/do_kiedy_mozna-sadzic-roze-2.jpg\",\"contentUrl\":\"https:\/\/rozaria.pl\/blog\/wp-content\/uploads\/2025\/10\/do_kiedy_mozna-sadzic-roze-2.jpg\",\"width\":800,\"height\":800},{\"@type\":\"BreadcrumbList\",\"@id\":\"https:\/\/rozaria.pl\/blog\/do-kiedy-mozna-sadzic-roze-jesienia\/#breadcrumb\",\"itemListElement\":[{\"@type\":\"ListItem\",\"position\":1,\"name\":\"Strona g\u0142\u00f3wna\",\"item\":\"https:\/\/rozaria.pl\/blog\/\"},{\"@type\":\"ListItem\",\"position\":2,\"name\":\"Do kiedy mo\u017cna sadzi\u0107 r\u00f3\u017ce jesieni\u0105?\"}]},{\"@type\":\"WebSite\",\"@id\":\"https:\/\/rozaria.pl\/blog\/#website\",\"url\":\"https:\/\/rozaria.pl\/blog\/\",\"name\":\"blog Rozaria.pl\",\"description\":\"Porozmawiajmy o r\u00f3\u017cach, o wszystkich sprawach\",\"publisher\":{\"@id\":\"https:\/\/rozaria.pl\/blog\/#organization\"},\"potentialAction\":[{\"@type\":\"SearchAction\",\"target\":{\"@type\":\"EntryPoint\",\"urlTemplate\":\"https:\/\/rozaria.pl\/blog\/?s={search_term_string}\"},\"query-input\":{\"@type\":\"PropertyValueSpecification\",\"valueRequired\":true,\"valueName\":\"search_term_string\"}}],\"inLanguage\":\"pl-PL\"},{\"@type\":\"Organization\",\"@id\":\"https:\/\/rozaria.pl\/blog\/#organization\",\"name\":\"Szk\u00f3\u0142ka R\u00f3\u017c Rozaria\",\"url\":\"https:\/\/rozaria.pl\/blog\/\",\"logo\":{\"@type\":\"ImageObject\",\"inLanguage\":\"pl-PL\",\"@id\":\"https:\/\/rozaria.pl\/blog\/#\/schema\/logo\/image\/\",\"url\":\"https:\/\/rozaria.pl\/blog\/wp-content\/uploads\/2016\/12\/logo_dla-rozaria.png\",\"contentUrl\":\"https:\/\/rozaria.pl\/blog\/wp-content\/uploads\/2016\/12\/logo_dla-rozaria.png\",\"width\":400,\"height\":166,\"caption\":\"Szk\u00f3\u0142ka R\u00f3\u017c Rozaria\"},\"image\":{\"@id\":\"https:\/\/rozaria.pl\/blog\/#\/schema\/logo\/image\/\"},\"sameAs\":[\"https:\/\/www.facebook.com\/SzkolkaRozRozaria\/\",\"https:\/\/x.com\/SzkolkaRozaria\",\"https:\/\/www.youtube.com\/channel\/UCguKKBc7F06eYM1tzYx1Z5A\"]},{\"@type\":\"Person\",\"@id\":\"https:\/\/rozaria.pl\/blog\/#\/schema\/person\/31b3805d5058ea1cffed1d8efb6e2513\",\"name\":\"Rozaria.pl\",\"image\":{\"@type\":\"ImageObject\",\"inLanguage\":\"pl-PL\",\"@id\":\"https:\/\/rozaria.pl\/blog\/#\/schema\/person\/image\/\",\"url\":\"https:\/\/secure.gravatar.com\/avatar\/36c7e4b15b333b9fb573f9e54e7fcf52?s=96&d=mm&r=g\",\"contentUrl\":\"https:\/\/secure.gravatar.com\/avatar\/36c7e4b15b333b9fb573f9e54e7fcf52?s=96&d=mm&r=g\",\"caption\":\"Rozaria.pl\"},\"sameAs\":[\"https:\/\/www.rozaria.pl\",\"https:\/\/www.youtube.com\/channel\/UCguKKBc7F06eYM1tzYx1Z5A\"],\"url\":\"https:\/\/rozaria.pl\/blog\/author\/1rozanka\/\"}]}<\/script>\n<!-- \/ Yoast SEO plugin. -->","yoast_head_json":{"title":"Do kiedy mo\u017cna sadzi\u0107 r\u00f3\u017ce jesieni\u0105? - blog Rozaria.pl","description":"Do kiedy mo\u017cna sadzi\u0107 r\u00f3\u017ce z go\u0142ym korzeniem jesieni\u0105 oraz 15 Waszych najcz\u0119stszych pyta\u0144 i praktycznych odpowiedzi od Szk\u00f3\u0142ki Rozaria.","robots":{"index":"index","follow":"follow","max-snippet":"max-snippet:-1","max-image-preview":"max-image-preview:large","max-video-preview":"max-video-preview:-1"},"canonical":"https:\/\/rozaria.pl\/blog\/do-kiedy-mozna-sadzic-roze-jesienia\/","og_locale":"pl_PL","og_type":"article","og_title":"Do kiedy mo\u017cna sadzi\u0107 r\u00f3\u017ce jesieni\u0105? - blog Rozaria.pl","og_description":"Do kiedy mo\u017cna sadzi\u0107 r\u00f3\u017ce z go\u0142ym korzeniem jesieni\u0105 oraz 15 Waszych najcz\u0119stszych pyta\u0144 i praktycznych odpowiedzi od Szk\u00f3\u0142ki Rozaria.","og_url":"https:\/\/rozaria.pl\/blog\/do-kiedy-mozna-sadzic-roze-jesienia\/","og_site_name":"blog Rozaria.pl","article_publisher":"https:\/\/www.facebook.com\/SzkolkaRozRozaria\/","article_published_time":"2025-10-27T10:03:45+00:00","article_modified_time":"2025-11-08T19:32:37+00:00","og_image":[{"width":800,"height":800,"url":"https:\/\/rozaria.pl\/blog\/wp-content\/uploads\/2025\/10\/do_kiedy_mozna-sadzic-roze-2.jpg","type":"image\/jpeg"}],"author":"Rozaria.pl","twitter_card":"summary_large_image","twitter_creator":"@SzkolkaRozaria","twitter_site":"@SzkolkaRozaria","twitter_misc":{"Napisane przez":"Rozaria.pl","Szacowany czas czytania":"16 minut"},"schema":{"@context":"https:\/\/schema.org","@graph":[{"@type":"Article","@id":"https:\/\/rozaria.pl\/blog\/do-kiedy-mozna-sadzic-roze-jesienia\/#article","isPartOf":{"@id":"https:\/\/rozaria.pl\/blog\/do-kiedy-mozna-sadzic-roze-jesienia\/"},"author":{"name":"Rozaria.pl","@id":"https:\/\/rozaria.pl\/blog\/#\/schema\/person\/31b3805d5058ea1cffed1d8efb6e2513"},"headline":"Do kiedy mo\u017cna sadzi\u0107 r\u00f3\u017ce jesieni\u0105?","datePublished":"2025-10-27T10:03:45+00:00","dateModified":"2025-11-08T19:32:37+00:00","mainEntityOfPage":{"@id":"https:\/\/rozaria.pl\/blog\/do-kiedy-mozna-sadzic-roze-jesienia\/"},"wordCount":2605,"commentCount":0,"publisher":{"@id":"https:\/\/rozaria.pl\/blog\/#organization"},"image":{"@id":"https:\/\/rozaria.pl\/blog\/do-kiedy-mozna-sadzic-roze-jesienia\/#primaryimage"},"thumbnailUrl":"https:\/\/rozaria.pl\/blog\/wp-content\/uploads\/2025\/10\/do_kiedy_mozna-sadzic-roze-2.jpg","keywords":["r\u00f3\u017ce sadzenie","r\u00f3\u017ce uprawa","sadzonki r\u00f3\u017c"],"articleSection":["Piel\u0119gnacja","Porady ogrodowe"],"inLanguage":"pl-PL","potentialAction":[{"@type":"CommentAction","name":"Comment","target":["https:\/\/rozaria.pl\/blog\/do-kiedy-mozna-sadzic-roze-jesienia\/#respond"]}]},{"@type":"WebPage","@id":"https:\/\/rozaria.pl\/blog\/do-kiedy-mozna-sadzic-roze-jesienia\/","url":"https:\/\/rozaria.pl\/blog\/do-kiedy-mozna-sadzic-roze-jesienia\/","name":"Do kiedy mo\u017cna sadzi\u0107 r\u00f3\u017ce jesieni\u0105? - blog Rozaria.pl","isPartOf":{"@id":"https:\/\/rozaria.pl\/blog\/#website"},"primaryImageOfPage":{"@id":"https:\/\/rozaria.pl\/blog\/do-kiedy-mozna-sadzic-roze-jesienia\/#primaryimage"},"image":{"@id":"https:\/\/rozaria.pl\/blog\/do-kiedy-mozna-sadzic-roze-jesienia\/#primaryimage"},"thumbnailUrl":"https:\/\/rozaria.pl\/blog\/wp-content\/uploads\/2025\/10\/do_kiedy_mozna-sadzic-roze-2.jpg","datePublished":"2025-10-27T10:03:45+00:00","dateModified":"2025-11-08T19:32:37+00:00","description":"Do kiedy mo\u017cna sadzi\u0107 r\u00f3\u017ce z go\u0142ym korzeniem jesieni\u0105 oraz 15 Waszych najcz\u0119stszych pyta\u0144 i praktycznych odpowiedzi od Szk\u00f3\u0142ki Rozaria.","breadcrumb":{"@id":"https:\/\/rozaria.pl\/blog\/do-kiedy-mozna-sadzic-roze-jesienia\/#breadcrumb"},"inLanguage":"pl-PL","potentialAction":[{"@type":"ReadAction","target":["https:\/\/rozaria.pl\/blog\/do-kiedy-mozna-sadzic-roze-jesienia\/"]}]},{"@type":"ImageObject","inLanguage":"pl-PL","@id":"https:\/\/rozaria.pl\/blog\/do-kiedy-mozna-sadzic-roze-jesienia\/#primaryimage","url":"https:\/\/rozaria.pl\/blog\/wp-content\/uploads\/2025\/10\/do_kiedy_mozna-sadzic-roze-2.jpg","contentUrl":"https:\/\/rozaria.pl\/blog\/wp-content\/uploads\/2025\/10\/do_kiedy_mozna-sadzic-roze-2.jpg","width":800,"height":800},{"@type":"BreadcrumbList","@id":"https:\/\/rozaria.pl\/blog\/do-kiedy-mozna-sadzic-roze-jesienia\/#breadcrumb","itemListElement":[{"@type":"ListItem","position":1,"name":"Strona g\u0142\u00f3wna","item":"https:\/\/rozaria.pl\/blog\/"},{"@type":"ListItem","position":2,"name":"Do kiedy mo\u017cna sadzi\u0107 r\u00f3\u017ce jesieni\u0105?"}]},{"@type":"WebSite","@id":"https:\/\/rozaria.pl\/blog\/#website","url":"https:\/\/rozaria.pl\/blog\/","name":"blog Rozaria.pl","description":"Porozmawiajmy o r\u00f3\u017cach, o wszystkich sprawach","publisher":{"@id":"https:\/\/rozaria.pl\/blog\/#organization"},"potentialAction":[{"@type":"SearchAction","target":{"@type":"EntryPoint","urlTemplate":"https:\/\/rozaria.pl\/blog\/?s={search_term_string}"},"query-input":{"@type":"PropertyValueSpecification","valueRequired":true,"valueName":"search_term_string"}}],"inLanguage":"pl-PL"},{"@type":"Organization","@id":"https:\/\/rozaria.pl\/blog\/#organization","name":"Szk\u00f3\u0142ka R\u00f3\u017c Rozaria","url":"https:\/\/rozaria.pl\/blog\/","logo":{"@type":"ImageObject","inLanguage":"pl-PL","@id":"https:\/\/rozaria.pl\/blog\/#\/schema\/logo\/image\/","url":"https:\/\/rozaria.pl\/blog\/wp-content\/uploads\/2016\/12\/logo_dla-rozaria.png","contentUrl":"https:\/\/rozaria.pl\/blog\/wp-content\/uploads\/2016\/12\/logo_dla-rozaria.png","width":400,"height":166,"caption":"Szk\u00f3\u0142ka R\u00f3\u017c Rozaria"},"image":{"@id":"https:\/\/rozaria.pl\/blog\/#\/schema\/logo\/image\/"},"sameAs":["https:\/\/www.facebook.com\/SzkolkaRozRozaria\/","https:\/\/x.com\/SzkolkaRozaria","https:\/\/www.youtube.com\/channel\/UCguKKBc7F06eYM1tzYx1Z5A"]},{"@type":"Person","@id":"https:\/\/rozaria.pl\/blog\/#\/schema\/person\/31b3805d5058ea1cffed1d8efb6e2513","name":"Rozaria.pl","image":{"@type":"ImageObject","inLanguage":"pl-PL","@id":"https:\/\/rozaria.pl\/blog\/#\/schema\/person\/image\/","url":"https:\/\/secure.gravatar.com\/avatar\/36c7e4b15b333b9fb573f9e54e7fcf52?s=96&d=mm&r=g","contentUrl":"https:\/\/secure.gravatar.com\/avatar\/36c7e4b15b333b9fb573f9e54e7fcf52?s=96&d=mm&r=g","caption":"Rozaria.pl"},"sameAs":["https:\/\/www.rozaria.pl","https:\/\/www.youtube.com\/channel\/UCguKKBc7F06eYM1tzYx1Z5A"],"url":"https:\/\/rozaria.pl\/blog\/author\/1rozanka\/"}]}},"_links":{"self":[{"href":"https:\/\/rozaria.pl\/blog\/wp-json\/wp\/v2\/posts\/6984"}],"collection":[{"href":"https:\/\/rozaria.pl\/blog\/wp-json\/wp\/v2\/posts"}],"about":[{"href":"https:\/\/rozaria.pl\/blog\/wp-json\/wp\/v2\/types\/post"}],"author":[{"embeddable":true,"href":"https:\/\/rozaria.pl\/blog\/wp-json\/wp\/v2\/users\/1"}],"replies":[{"embeddable":true,"href":"https:\/\/rozaria.pl\/blog\/wp-json\/wp\/v2\/comments?post=6984"}],"version-history":[{"count":11,"href":"https:\/\/rozaria.pl\/blog\/wp-json\/wp\/v2\/posts\/6984\/revisions"}],"predecessor-version":[{"id":7005,"href":"https:\/\/rozaria.pl\/blog\/wp-json\/wp\/v2\/posts\/6984\/revisions\/7005"}],"wp:featuredmedia":[{"embeddable":true,"href":"https:\/\/rozaria.pl\/blog\/wp-json\/wp\/v2\/media\/7007"}],"wp:attachment":[{"href":"https:\/\/rozaria.pl\/blog\/wp-json\/wp\/v2\/media?parent=6984"}],"wp:term":[{"taxonomy":"category","embeddable":true,"href":"https:\/\/rozaria.pl\/blog\/wp-json\/wp\/v2\/categories?post=6984"},{"taxonomy":"post_tag","embeddable":true,"href":"https:\/\/rozaria.pl\/blog\/wp-json\/wp\/v2\/tags?post=6984"}],"curies":[{"name":"wp","href":"https:\/\/api.w.org\/{rel}","templated":true}]}}