{"id":6958,"date":"2025-11-08T20:27:39","date_gmt":"2025-11-08T19:27:39","guid":{"rendered":"https:\/\/rozaria.pl\/blog\/?p=6958"},"modified":"2025-11-08T20:36:53","modified_gmt":"2025-11-08T19:36:53","slug":"jak-zabezpieczyc-roze-w-donicach-na-zime","status":"publish","type":"post","link":"https:\/\/rozaria.pl\/blog\/jak-zabezpieczyc-roze-w-donicach-na-zime\/","title":{"rendered":"Jak zabezpieczy\u0107 r\u00f3\u017ce w donicach na zim\u0119?"},"content":{"rendered":"<h2>Jak zabezpieczy\u0107 r\u00f3\u017ce w pojemnikach i donicach\u00a0 na zim\u0119? Poradnik krok po kroku\ud83c\udf39<\/h2>\n<p style=\"text-align: justify;\" data-start=\"321\" data-end=\"887\">Jak zabezpieczy\u0107 r\u00f3\u017ce w pojemnikach i donicach na zim\u0119, by bezpiecznie przetrwa\u0142y mrozy i cieszy\u0142y oczy wiosn\u0105? To pytanie wraca do nas w szk\u00f3\u0142ce Rozaria co roku \u2013 zw\u0142aszcza od os\u00f3b, kt\u00f3re uprawiaj\u0105 r\u00f3\u017ce na balkonach i tarasach. W odr\u00f3\u017cnieniu od krzew\u00f3w rosn\u0105cych w gruncie, r\u00f3\u017ce w donicach s\u0105 znacznie bardziej nara\u017cone na przemarzni\u0119cie, bo ziemia w pojemniku zamarza du\u017co szybciej, a brak naturalnej izolacji sprawia, \u017ce korzenie mog\u0105 zosta\u0107 uszkodzone. Dlatego warto wiedzie\u0107, jak krok po kroku przygotowa\u0107 je do zimy i zapewni\u0107 im bezpieczny sen a\u017c do wiosny.<\/p>\n<h3 style=\"text-align: justify;\">\ud83c\udf21\ufe0f Dlaczego r\u00f3\u017ce w pojemnikach s\u0105 bardziej wra\u017cliwe?<\/h3>\n<p style=\"text-align: justify;\">Ziemia w donicy szybciej zamarza \u2013 brak wi\u0119kszej masy gruntu, kt\u00f3ra w ogrodzie dzia\u0142a jak naturalna ko\u0142dra.<a href=\"https:\/\/rozaria.pl\/blog\/wp-content\/uploads\/2025\/10\/rozedonica3.jpeg\"><img loading=\"lazy\" decoding=\"async\" class=\"size-medium wp-image-6970 alignright\" src=\"https:\/\/rozaria.pl\/blog\/wp-content\/uploads\/2025\/10\/rozedonica3-224x300.jpeg\" alt=\"jak zabezpieczy\u0107 r\u00f3\u017c\u0119 w donicach\" width=\"224\" height=\"300\" srcset=\"https:\/\/rozaria.pl\/blog\/wp-content\/uploads\/2025\/10\/rozedonica3-112x150.jpeg 112w, https:\/\/rozaria.pl\/blog\/wp-content\/uploads\/2025\/10\/rozedonica3-200x268.jpeg 200w, https:\/\/rozaria.pl\/blog\/wp-content\/uploads\/2025\/10\/rozedonica3-224x300.jpeg 224w, https:\/\/rozaria.pl\/blog\/wp-content\/uploads\/2025\/10\/rozedonica3-400x535.jpeg 400w, https:\/\/rozaria.pl\/blog\/wp-content\/uploads\/2025\/10\/rozedonica3.jpeg 598w\" sizes=\"(max-width: 224px) 100vw, 224px\" \/><\/a><\/p>\n<p style=\"text-align: justify;\">Wahania temperatur (np. +5\u00b0C w dzie\u0144, -10\u00b0C w nocy) bardziej obci\u0105\u017caj\u0105 korzenie w ograniczonej przestrzeni.<\/p>\n<p style=\"text-align: justify;\">Brak \u015bniegu na balkonach i tarasach = brak dodatkowej izolacji, kt\u00f3r\u0105 w gruncie zapewnia pokrywa \u015bnie\u017cna.<\/p>\n<p style=\"text-align: justify;\">Mniejsza pojemno\u015b\u0107 donicy \u2013 korzenie maj\u0105 mniej miejsca i s\u0105 bardziej nara\u017cone na przesychanie.<\/p>\n<p style=\"text-align: justify;\">\ud83d\udc49 Dlatego r\u00f3\u017ce w donicach wymagaj\u0105 dodatkowej ochrony zim\u0105 \u2013 zw\u0142aszcza m\u0142ode krzewy, kt\u00f3re nie maj\u0105 jeszcze rozbudowanego systemu korzeniowego.<\/p>\n<h3 style=\"text-align: justify;\">\ud83e\udeb5 Jakie materia\u0142y do izolacji sprawdzaj\u0105 si\u0119 najlepiej?<\/h3>\n<p style=\"text-align: justify;\"><a href=\"https:\/\/rozaria.pl\/blog\/wp-content\/uploads\/2025\/10\/roze_w_pojemnikach_okryte.jpg\"><img loading=\"lazy\" decoding=\"async\" class=\"size-medium wp-image-6971 alignright\" src=\"https:\/\/rozaria.pl\/blog\/wp-content\/uploads\/2025\/10\/roze_w_pojemnikach_okryte-200x300.jpg\" alt=\"jak zabezpieczy\u0107 r\u00f3\u017ce przed zim\u0105 w pojemikach\" width=\"200\" height=\"300\" srcset=\"https:\/\/rozaria.pl\/blog\/wp-content\/uploads\/2025\/10\/roze_w_pojemnikach_okryte-100x150.jpg 100w, https:\/\/rozaria.pl\/blog\/wp-content\/uploads\/2025\/10\/roze_w_pojemnikach_okryte-200x300.jpg 200w, https:\/\/rozaria.pl\/blog\/wp-content\/uploads\/2025\/10\/roze_w_pojemnikach_okryte-400x600.jpg 400w, https:\/\/rozaria.pl\/blog\/wp-content\/uploads\/2025\/10\/roze_w_pojemnikach_okryte.jpg 533w\" sizes=\"(max-width: 200px) 100vw, 200px\" \/><\/a><\/p>\n<ul data-start=\"1342\" data-end=\"1685\">\n<li data-start=\"1342\" data-end=\"1421\">\n<p data-start=\"1344\" data-end=\"1421\"><strong data-start=\"1344\" data-end=\"1367\">Agrow\u0142\u00f3knina zimowa<\/strong> \u2013 lekka, przewiewna, chroni przed mrozem i wiatrem.<\/p>\n<\/li>\n<li data-start=\"1422\" data-end=\"1501\">\n<p data-start=\"1424\" data-end=\"1501\"><strong data-start=\"1424\" data-end=\"1464\">Juta, mata s\u0142omiana, tektura falista<\/strong> \u2013 dobre do owini\u0119cia bok\u00f3w donicy.<\/p>\n<\/li>\n<li data-start=\"1502\" data-end=\"1597\">\n<p data-start=\"1504\" data-end=\"1597\"><strong data-start=\"1504\" data-end=\"1537\">Styropian, skrzynki drewniane<\/strong> \u2013 izolacja od pod\u0142o\u017ca, zapobiegaj\u0105 wych\u0142odzeniu od spodu.<\/p>\n<\/li>\n<li data-start=\"1598\" data-end=\"1685\">\n<p data-start=\"1600\" data-end=\"1685\"><strong data-start=\"1600\" data-end=\"1619\">Ga\u0142\u0105zki iglak\u00f3w<\/strong> \u2013 naturalne okrycie, kt\u00f3re przepuszcza powietrze i chroni p\u0119dy.<\/p>\n<\/li>\n<\/ul>\n<p data-start=\"1687\" data-end=\"1816\">\u274c <strong data-start=\"1689\" data-end=\"1706\">Czego unika\u0107:<\/strong><br data-start=\"1706\" data-end=\"1709\" \/>Work\u00f3w foliowych i szczelnych kaptur\u00f3w \u2013 zatrzymuj\u0105 wilgo\u0107, przez co korzenie mog\u0105 gni\u0107, a p\u0119dy ple\u015bnie\u0107.<\/p>\n<h3 style=\"text-align: justify;\">\ud83c\udfe1 Gdzie przechowa\u0107 r\u00f3\u017ce w donicach zim\u0105?<\/h3>\n<p style=\"text-align: justify;\">Najlepsze miejsce: ch\u0142odne i jasne pomieszczenie, np. nieogrzewany gara\u017c, piwnica z oknem, oran\u017ceria.<\/p>\n<p style=\"text-align: justify;\">Na zewn\u0105trz: ustaw donice blisko \u015bciany budynku, od strony os\u0142oni\u0119tej od wiatru. Pod\u0142\u00f3\u017c styropian, a boki owi\u0144 izolacj\u0105.<\/p>\n<p style=\"text-align: justify;\"><a href=\"https:\/\/rozaria.pl\/blog\/wp-content\/uploads\/2025\/10\/zimowe-okrycie-kopiec.jpg\"><img loading=\"lazy\" decoding=\"async\" class=\"size-medium wp-image-6972 alignleft\" src=\"https:\/\/rozaria.pl\/blog\/wp-content\/uploads\/2025\/10\/zimowe-okrycie-kopiec-200x300.jpg\" alt=\"zimowe okrycie w pojemnikach\" width=\"200\" height=\"300\" srcset=\"https:\/\/rozaria.pl\/blog\/wp-content\/uploads\/2025\/10\/zimowe-okrycie-kopiec-100x150.jpg 100w, https:\/\/rozaria.pl\/blog\/wp-content\/uploads\/2025\/10\/zimowe-okrycie-kopiec-200x300.jpg 200w, https:\/\/rozaria.pl\/blog\/wp-content\/uploads\/2025\/10\/zimowe-okrycie-kopiec-400x600.jpg 400w, https:\/\/rozaria.pl\/blog\/wp-content\/uploads\/2025\/10\/zimowe-okrycie-kopiec.jpg 533w\" sizes=\"(max-width: 200px) 100vw, 200px\" \/><\/a>Czego nie robi\u0107: nie wstawiaj r\u00f3\u017c do ciep\u0142ego mieszkania \u2013 temperatura powy\u017cej 10\u00b0C wybudza je ze spoczynku i os\u0142abia na wiosn\u0119.<\/p>\n<h3 style=\"text-align: justify;\">\ud83d\udca7 Podlewanie zim\u0105 \u2013 czy trzeba?<\/h3>\n<p style=\"text-align: justify;\">Tak, ale bardzo ostro\u017cnie.<\/p>\n<p style=\"text-align: justify;\">Raz na 3-4 tygodnie podlej niewielk\u0105 ilo\u015bci\u0105 wody, je\u015bli ziemia nie jest zamarzni\u0119ta.<\/p>\n<p style=\"text-align: justify;\">Nie przelewaj \u2013 nadmiar wilgoci przy niskich temperaturach sprzyja chorobom grzybowym.<\/p>\n<p style=\"text-align: justify;\">Nie dopuszczaj do ca\u0142kowitego przesuszenia \u2013 korzenie, kt\u00f3re ca\u0142kiem wyschn\u0105 zim\u0105, nie od\u017cyj\u0105 na wiosn\u0119.<\/p>\n<h3 style=\"text-align: justify;\">\u2702\ufe0f Ci\u0119cie przed zim\u0105<\/h3>\n<p style=\"text-align: justify;\">Jesieni\u0105 nie wykonujemy silnego ci\u0119cia \u2013 r\u00f3\u017ca powinna wej\u015b\u0107 w zim\u0119 z naturaln\u0105 ilo\u015bci\u0105 p\u0119d\u00f3w.<\/p>\n<p style=\"text-align: justify;\">Usuwamy tylko chore, z\u0142amane i bardzo cienkie ga\u0142\u0105zki.<\/p>\n<p style=\"text-align: justify;\">G\u0142\u00f3wne ci\u0119cie przeprowadzamy dopiero wiosn\u0105, gdy minie ryzyko przymrozk\u00f3w.<\/p>\n<h2 data-start=\"2832\" data-end=\"2867\">\ud83c\udf39 Warto wiedzie\u0107 \u2013 cenne porady jak zabezpieczy\u0107 skutecznie r\u00f3\u017ce w donicach na zim\u0119<\/h2>\n<p data-start=\"2869\" data-end=\"3060\">\ud83d\udca1 <strong data-start=\"2872\" data-end=\"2902\">Rodzaj donicy ma znaczenie<\/strong><br data-start=\"2902\" data-end=\"2905\" \/>Ceramiczne i kamienne szybciej przemarzaj\u0105 i mog\u0105 p\u0119ka\u0107. Plastikowe i kompozytowe izoluj\u0105 lepiej, a donice z podw\u00f3jn\u0105 \u015bciank\u0105 to najlepszy wyb\u00f3r na zim\u0119.<a href=\"https:\/\/rozaria.pl\/blog\/wp-content\/uploads\/2025\/10\/jak-zabezpioeczyc-roze-w-donicach-na-zime.jpeg\"><img loading=\"lazy\" decoding=\"async\" class=\"size-medium wp-image-7049 alignright\" src=\"https:\/\/rozaria.pl\/blog\/wp-content\/uploads\/2025\/10\/jak-zabezpioeczyc-roze-w-donicach-na-zime-300x300.jpeg\" alt=\"jak zabezpieczy\u0107 r\u00f3\u017ce w pojemnikach \" width=\"300\" height=\"300\" srcset=\"https:\/\/rozaria.pl\/blog\/wp-content\/uploads\/2025\/10\/jak-zabezpioeczyc-roze-w-donicach-na-zime-66x66.jpeg 66w, https:\/\/rozaria.pl\/blog\/wp-content\/uploads\/2025\/10\/jak-zabezpioeczyc-roze-w-donicach-na-zime-150x150.jpeg 150w, https:\/\/rozaria.pl\/blog\/wp-content\/uploads\/2025\/10\/jak-zabezpioeczyc-roze-w-donicach-na-zime-200x200.jpeg 200w, https:\/\/rozaria.pl\/blog\/wp-content\/uploads\/2025\/10\/jak-zabezpioeczyc-roze-w-donicach-na-zime-300x300.jpeg 300w, https:\/\/rozaria.pl\/blog\/wp-content\/uploads\/2025\/10\/jak-zabezpioeczyc-roze-w-donicach-na-zime-400x400.jpeg 400w, https:\/\/rozaria.pl\/blog\/wp-content\/uploads\/2025\/10\/jak-zabezpioeczyc-roze-w-donicach-na-zime-600x600.jpeg 600w, https:\/\/rozaria.pl\/blog\/wp-content\/uploads\/2025\/10\/jak-zabezpioeczyc-roze-w-donicach-na-zime-768x768.jpeg 768w, https:\/\/rozaria.pl\/blog\/wp-content\/uploads\/2025\/10\/jak-zabezpioeczyc-roze-w-donicach-na-zime.jpeg 800w\" sizes=\"(max-width: 300px) 100vw, 300px\" \/><\/a><\/p>\n<p data-start=\"3062\" data-end=\"3187\">\ud83c\udf3f <strong data-start=\"3065\" data-end=\"3095\">Ustaw donice blisko siebie<\/strong><br data-start=\"3095\" data-end=\"3098\" \/>Grupowanie pojemnik\u00f3w tworzy naturaln\u0105 barier\u0119 przed wiatrem i ogranicza utrat\u0119 ciep\u0142a.<\/p>\n<p data-start=\"3189\" data-end=\"3318\">\ud83e\udeb5 <strong data-start=\"3192\" data-end=\"3218\">Okopcuj podstaw\u0119 p\u0119d\u00f3w<\/strong><br data-start=\"3218\" data-end=\"3221\" \/>Na zim\u0119 usyp kopczyk z kory, trocin lub torfu i w razie silnych mroz\u00f3w okryj p\u0119dy agrow\u0142\u00f3knin\u0105.<\/p>\n<p data-start=\"3320\" data-end=\"3480\">\ud83c\udf1e <strong data-start=\"3323\" data-end=\"3344\">Hartowanie wiosn\u0105<\/strong><br data-start=\"3344\" data-end=\"3347\" \/>Nie wystawiaj r\u00f3\u017c od razu na pe\u0142ne s\u0142o\u0144ce \u2013 przyzwyczajaj je stopniowo do \u015bwiat\u0142a i temperatury, by unikn\u0105\u0107 poparze\u0144 m\u0142odych p\u0119d\u00f3w.<\/p>\n<p data-start=\"3482\" data-end=\"3618\">\u2764\ufe0f <strong data-start=\"3485\" data-end=\"3523\">Nie panikuj, je\u015bli co\u015b przemar\u017anie<\/strong><br data-start=\"3523\" data-end=\"3526\" \/>Nawet je\u015bli g\u00f3rne p\u0119dy zmarzn\u0105, cz\u0119sto odbijaj\u0105 m\u0142ode, silne przyrosty od podstawy krzewu.<\/p>\n<h2 data-start=\"190\" data-end=\"248\">\ud83e\udde3 Dodatkowa ochrona \u2013 kaptury i agrow\u0142\u00f3knina zimowa<\/h2>\n<p style=\"text-align: justify;\" data-start=\"250\" data-end=\"561\">W ogrodniczych coraz cz\u0119\u015bciej mo\u017cna kupi\u0107 <strong data-start=\"292\" data-end=\"319\">gotowe kaptury ochronne<\/strong> wykonane z agrow\u0142\u00f3kniny lub juty. To bardzo wygodne rozwi\u0105zanie \u2013 wystarczy na\u0142o\u017cy\u0107 kaptur na ro\u015blin\u0119 i zaci\u0105gn\u0105\u0107 go sznurkiem lub \u015bci\u0105gaczem u do\u0142u. Dzi\u0119ki temu r\u00f3\u017ca zyskuje skuteczn\u0105 barier\u0119 przed mrozem, \u015bniegiem i wysuszaj\u0105cym wiatrem.<\/p>\n<p style=\"text-align: justify;\" data-start=\"563\" data-end=\"768\">Kaptury s\u0105 <strong data-start=\"574\" data-end=\"588\">przewiewne<\/strong>, nie zatrzymuj\u0105 wilgoci i pozwalaj\u0105 ro\u015blinie oddycha\u0107. Warto wybiera\u0107 te w <strong data-start=\"664\" data-end=\"682\">jasnym kolorze<\/strong> \u2013 bia\u0142e lub be\u017cowe, poniewa\u017c nie nagrzewaj\u0105 si\u0119 nadmiernie w s\u0142oneczne, zimowe dni.<\/p>\n<p data-start=\"770\" data-end=\"829\">\ud83c\udf21\ufe0f <strong data-start=\"774\" data-end=\"827\">Jaka grubo\u015b\u0107 agrow\u0142\u00f3kniny zimowej jest najlepsza?<\/strong><\/p>\n<ul data-start=\"830\" data-end=\"1174\">\n<li data-start=\"830\" data-end=\"953\">\n<p data-start=\"832\" data-end=\"953\"><strong data-start=\"832\" data-end=\"843\">50 g\/m\u00b2<\/strong> \u2013 najcz\u0119\u015bciej stosowana i w pe\u0142ni wystarczaj\u0105ca do zabezpieczenia r\u00f3\u017c w donicach; chroni do ok. \u20137 \/ \u201310\u00b0C.<\/p>\n<\/li>\n<li data-start=\"954\" data-end=\"1064\">\n<p data-start=\"956\" data-end=\"1064\"><strong data-start=\"956\" data-end=\"971\">70\u2013100 g\/m\u00b2<\/strong> \u2013 do miejsc szczeg\u00f3lnie nara\u017conych na mr\u00f3z i wiatr (np. otwarte balkony, p\u00f3\u0142nocne tarasy).<\/p>\n<\/li>\n<li data-start=\"1065\" data-end=\"1174\">\n<p data-start=\"1067\" data-end=\"1174\"><strong data-start=\"1067\" data-end=\"1078\">30 g\/m\u00b2<\/strong> \u2013 zbyt cienka na zim\u0119, nadaje si\u0119 jedynie do wiosennego os\u0142aniania ro\u015blin przed przymrozkami.<\/p>\n<\/li>\n<\/ul>\n<p data-start=\"1176\" data-end=\"1396\">\ud83d\udc49 Dla najlepszej ochrony mo\u017cesz <strong data-start=\"1209\" data-end=\"1255\">owin\u0105\u0107 donic\u0119 dwoma warstwami agrow\u0142\u00f3kniny<\/strong> lub po\u0142\u0105czy\u0107 j\u0105 z jut\u0105 b\u0105d\u017a mat\u0105 s\u0142omian\u0105. Takie po\u0142\u0105czenie zatrzymuje ciep\u0142o, a jednocze\u015bnie pozwala ziemi oddycha\u0107 i odprowadza\u0107 wilgo\u0107.<\/p>\n<h2 style=\"text-align: justify;\">\ud83c\udf39 Podsumowanie<\/h2>\n<p style=\"text-align: justify;\">R\u00f3\u017ce w donicach zim\u0105 wymagaj\u0105 wi\u0119cej troski ni\u017c te w gruncie, ale przy odpowiedniej piel\u0119gnacji przetrwaj\u0105 bez problemu:<\/p>\n<p style=\"text-align: justify;\">Zabezpiecz donic\u0119 od spodu i bok\u00f3w,<\/p>\n<p style=\"text-align: justify;\">ustaw w os\u0142oni\u0119tym miejscu lub przenie\u015b do ch\u0142odnego pomieszczenia,<\/p>\n<p style=\"text-align: justify;\">podlewaj oszcz\u0119dnie, ale regularnie,<\/p>\n<p style=\"text-align: justify;\">zostaw mocniejsze ci\u0119cie na wiosn\u0119.<\/p>\n<p style=\"text-align: justify;\">\ud83d\udc49 Dzi\u0119ki tym zabiegom Twoje r\u00f3\u017ce w pojemnikach bezpiecznie przetrwaj\u0105 zim\u0119 i wiosn\u0105 rusz\u0105 zdrowe, pe\u0142ne si\u0142 i gotowe do kwitnienia.<\/p>\n","protected":false},"excerpt":{"rendered":"<p>Jak zabezpieczy\u0107 r\u00f3\u017ce w pojemnikach i donicach\u00a0 na zim\u0119? Poradnik krok po kroku\ud83c\udf39 Jak zabezpieczy\u0107 r\u00f3\u017ce w pojemnikach i donicach na zim\u0119, by bezpiecznie przetrwa\u0142y mrozy i cieszy\u0142y oczy wiosn\u0105? To pytanie wraca do nas w szk\u00f3\u0142ce Rozaria co roku [&hellip;]<\/p>\n","protected":false},"author":1,"featured_media":6974,"comment_status":"open","ping_status":"open","sticky":false,"template":"","format":"standard","meta":{"_mi_skip_tracking":false,"_monsterinsights_sitenote_active":false,"_monsterinsights_sitenote_note":"","_monsterinsights_sitenote_category":0,"footnotes":""},"categories":[6,124],"tags":[38,57,29,30,36],"yoast_head":"<!-- This site is optimized with the Yoast SEO plugin v23.5 - https:\/\/yoast.com\/wordpress\/plugins\/seo\/ -->\n<title>Jak zabezpieczy\u0107 r\u00f3\u017ce w donicach na zim\u0119? - blog Rozaria.pl<\/title>\n<meta name=\"description\" content=\"R\u00f3\u017ce w donicach s\u0105 bardziej nara\u017cone na mr\u00f3z ni\u017c te w gruncie. Sprawd\u017a sprawdzone sposoby zabezpieczania r\u00f3\u017c w pojemnikach zim\u0105.\" \/>\n<meta name=\"robots\" content=\"index, follow, max-snippet:-1, max-image-preview:large, max-video-preview:-1\" \/>\n<link rel=\"canonical\" href=\"https:\/\/rozaria.pl\/blog\/jak-zabezpieczyc-roze-w-donicach-na-zime\/\" \/>\n<meta property=\"og:locale\" content=\"pl_PL\" \/>\n<meta property=\"og:type\" content=\"article\" \/>\n<meta property=\"og:title\" content=\"Jak zabezpieczy\u0107 r\u00f3\u017ce w donicach na zim\u0119? - blog Rozaria.pl\" \/>\n<meta property=\"og:description\" content=\"R\u00f3\u017ce w donicach s\u0105 bardziej nara\u017cone na mr\u00f3z ni\u017c te w gruncie. Sprawd\u017a sprawdzone sposoby zabezpieczania r\u00f3\u017c w pojemnikach zim\u0105.\" \/>\n<meta property=\"og:url\" content=\"https:\/\/rozaria.pl\/blog\/jak-zabezpieczyc-roze-w-donicach-na-zime\/\" \/>\n<meta property=\"og:site_name\" content=\"blog Rozaria.pl\" \/>\n<meta property=\"article:publisher\" content=\"https:\/\/www.facebook.com\/SzkolkaRozRozaria\/\" \/>\n<meta property=\"article:published_time\" content=\"2025-11-08T19:27:39+00:00\" \/>\n<meta property=\"article:modified_time\" content=\"2025-11-08T19:36:53+00:00\" \/>\n<meta property=\"og:image\" content=\"https:\/\/rozaria.pl\/blog\/wp-content\/uploads\/2025\/10\/roze-jak-oslonic-zima-w-pojemnikach_cr.jpg\" \/>\n\t<meta property=\"og:image:width\" content=\"800\" \/>\n\t<meta property=\"og:image:height\" content=\"800\" \/>\n\t<meta property=\"og:image:type\" content=\"image\/jpeg\" \/>\n<meta name=\"author\" content=\"Rozaria.pl\" \/>\n<meta name=\"twitter:card\" content=\"summary_large_image\" \/>\n<meta name=\"twitter:creator\" content=\"@SzkolkaRozaria\" \/>\n<meta name=\"twitter:site\" content=\"@SzkolkaRozaria\" \/>\n<meta name=\"twitter:label1\" content=\"Napisane przez\" \/>\n\t<meta name=\"twitter:data1\" content=\"Rozaria.pl\" \/>\n\t<meta name=\"twitter:label2\" content=\"Szacowany czas czytania\" \/>\n\t<meta name=\"twitter:data2\" content=\"6 minut\" \/>\n<script type=\"application\/ld+json\" class=\"yoast-schema-graph\">{\"@context\":\"https:\/\/schema.org\",\"@graph\":[{\"@type\":\"Article\",\"@id\":\"https:\/\/rozaria.pl\/blog\/jak-zabezpieczyc-roze-w-donicach-na-zime\/#article\",\"isPartOf\":{\"@id\":\"https:\/\/rozaria.pl\/blog\/jak-zabezpieczyc-roze-w-donicach-na-zime\/\"},\"author\":{\"name\":\"Rozaria.pl\",\"@id\":\"https:\/\/rozaria.pl\/blog\/#\/schema\/person\/31b3805d5058ea1cffed1d8efb6e2513\"},\"headline\":\"Jak zabezpieczy\u0107 r\u00f3\u017ce w donicach na zim\u0119?\",\"datePublished\":\"2025-11-08T19:27:39+00:00\",\"dateModified\":\"2025-11-08T19:36:53+00:00\",\"mainEntityOfPage\":{\"@id\":\"https:\/\/rozaria.pl\/blog\/jak-zabezpieczyc-roze-w-donicach-na-zime\/\"},\"wordCount\":877,\"commentCount\":0,\"publisher\":{\"@id\":\"https:\/\/rozaria.pl\/blog\/#organization\"},\"image\":{\"@id\":\"https:\/\/rozaria.pl\/blog\/jak-zabezpieczyc-roze-w-donicach-na-zime\/#primaryimage\"},\"thumbnailUrl\":\"https:\/\/rozaria.pl\/blog\/wp-content\/uploads\/2025\/10\/roze-jak-oslonic-zima-w-pojemnikach_cr.jpg\",\"keywords\":[\"kopczykowanie r\u00f3\u017c\",\"porz\u0105dki w\u015br\u00f3d r\u00f3\u017c\",\"r\u00f3\u017ce doniczkowe\",\"r\u00f3\u017ce doniczkowe pielegnacja\",\"r\u00f3\u017ce ochrona na zim\u0119\"],\"articleSection\":[\"Piel\u0119gnacja\",\"Porady ogrodowe\"],\"inLanguage\":\"pl-PL\",\"potentialAction\":[{\"@type\":\"CommentAction\",\"name\":\"Comment\",\"target\":[\"https:\/\/rozaria.pl\/blog\/jak-zabezpieczyc-roze-w-donicach-na-zime\/#respond\"]}]},{\"@type\":\"WebPage\",\"@id\":\"https:\/\/rozaria.pl\/blog\/jak-zabezpieczyc-roze-w-donicach-na-zime\/\",\"url\":\"https:\/\/rozaria.pl\/blog\/jak-zabezpieczyc-roze-w-donicach-na-zime\/\",\"name\":\"Jak zabezpieczy\u0107 r\u00f3\u017ce w donicach na zim\u0119? - blog Rozaria.pl\",\"isPartOf\":{\"@id\":\"https:\/\/rozaria.pl\/blog\/#website\"},\"primaryImageOfPage\":{\"@id\":\"https:\/\/rozaria.pl\/blog\/jak-zabezpieczyc-roze-w-donicach-na-zime\/#primaryimage\"},\"image\":{\"@id\":\"https:\/\/rozaria.pl\/blog\/jak-zabezpieczyc-roze-w-donicach-na-zime\/#primaryimage\"},\"thumbnailUrl\":\"https:\/\/rozaria.pl\/blog\/wp-content\/uploads\/2025\/10\/roze-jak-oslonic-zima-w-pojemnikach_cr.jpg\",\"datePublished\":\"2025-11-08T19:27:39+00:00\",\"dateModified\":\"2025-11-08T19:36:53+00:00\",\"description\":\"R\u00f3\u017ce w donicach s\u0105 bardziej nara\u017cone na mr\u00f3z ni\u017c te w gruncie. Sprawd\u017a sprawdzone sposoby zabezpieczania r\u00f3\u017c w pojemnikach zim\u0105.\",\"breadcrumb\":{\"@id\":\"https:\/\/rozaria.pl\/blog\/jak-zabezpieczyc-roze-w-donicach-na-zime\/#breadcrumb\"},\"inLanguage\":\"pl-PL\",\"potentialAction\":[{\"@type\":\"ReadAction\",\"target\":[\"https:\/\/rozaria.pl\/blog\/jak-zabezpieczyc-roze-w-donicach-na-zime\/\"]}]},{\"@type\":\"ImageObject\",\"inLanguage\":\"pl-PL\",\"@id\":\"https:\/\/rozaria.pl\/blog\/jak-zabezpieczyc-roze-w-donicach-na-zime\/#primaryimage\",\"url\":\"https:\/\/rozaria.pl\/blog\/wp-content\/uploads\/2025\/10\/roze-jak-oslonic-zima-w-pojemnikach_cr.jpg\",\"contentUrl\":\"https:\/\/rozaria.pl\/blog\/wp-content\/uploads\/2025\/10\/roze-jak-oslonic-zima-w-pojemnikach_cr.jpg\",\"width\":800,\"height\":800,\"caption\":\"jak zabezpieczy\u0107 r\u00f3\u017ce w pojemnikach na zim\u0119\"},{\"@type\":\"BreadcrumbList\",\"@id\":\"https:\/\/rozaria.pl\/blog\/jak-zabezpieczyc-roze-w-donicach-na-zime\/#breadcrumb\",\"itemListElement\":[{\"@type\":\"ListItem\",\"position\":1,\"name\":\"Strona g\u0142\u00f3wna\",\"item\":\"https:\/\/rozaria.pl\/blog\/\"},{\"@type\":\"ListItem\",\"position\":2,\"name\":\"Jak zabezpieczy\u0107 r\u00f3\u017ce w donicach na zim\u0119?\"}]},{\"@type\":\"WebSite\",\"@id\":\"https:\/\/rozaria.pl\/blog\/#website\",\"url\":\"https:\/\/rozaria.pl\/blog\/\",\"name\":\"blog Rozaria.pl\",\"description\":\"Porozmawiajmy o r\u00f3\u017cach, o wszystkich sprawach\",\"publisher\":{\"@id\":\"https:\/\/rozaria.pl\/blog\/#organization\"},\"potentialAction\":[{\"@type\":\"SearchAction\",\"target\":{\"@type\":\"EntryPoint\",\"urlTemplate\":\"https:\/\/rozaria.pl\/blog\/?s={search_term_string}\"},\"query-input\":{\"@type\":\"PropertyValueSpecification\",\"valueRequired\":true,\"valueName\":\"search_term_string\"}}],\"inLanguage\":\"pl-PL\"},{\"@type\":\"Organization\",\"@id\":\"https:\/\/rozaria.pl\/blog\/#organization\",\"name\":\"Szk\u00f3\u0142ka R\u00f3\u017c Rozaria\",\"url\":\"https:\/\/rozaria.pl\/blog\/\",\"logo\":{\"@type\":\"ImageObject\",\"inLanguage\":\"pl-PL\",\"@id\":\"https:\/\/rozaria.pl\/blog\/#\/schema\/logo\/image\/\",\"url\":\"https:\/\/rozaria.pl\/blog\/wp-content\/uploads\/2016\/12\/logo_dla-rozaria.png\",\"contentUrl\":\"https:\/\/rozaria.pl\/blog\/wp-content\/uploads\/2016\/12\/logo_dla-rozaria.png\",\"width\":400,\"height\":166,\"caption\":\"Szk\u00f3\u0142ka R\u00f3\u017c Rozaria\"},\"image\":{\"@id\":\"https:\/\/rozaria.pl\/blog\/#\/schema\/logo\/image\/\"},\"sameAs\":[\"https:\/\/www.facebook.com\/SzkolkaRozRozaria\/\",\"https:\/\/x.com\/SzkolkaRozaria\",\"https:\/\/www.youtube.com\/channel\/UCguKKBc7F06eYM1tzYx1Z5A\"]},{\"@type\":\"Person\",\"@id\":\"https:\/\/rozaria.pl\/blog\/#\/schema\/person\/31b3805d5058ea1cffed1d8efb6e2513\",\"name\":\"Rozaria.pl\",\"image\":{\"@type\":\"ImageObject\",\"inLanguage\":\"pl-PL\",\"@id\":\"https:\/\/rozaria.pl\/blog\/#\/schema\/person\/image\/\",\"url\":\"https:\/\/secure.gravatar.com\/avatar\/36c7e4b15b333b9fb573f9e54e7fcf52?s=96&d=mm&r=g\",\"contentUrl\":\"https:\/\/secure.gravatar.com\/avatar\/36c7e4b15b333b9fb573f9e54e7fcf52?s=96&d=mm&r=g\",\"caption\":\"Rozaria.pl\"},\"sameAs\":[\"https:\/\/www.rozaria.pl\",\"https:\/\/www.youtube.com\/channel\/UCguKKBc7F06eYM1tzYx1Z5A\"],\"url\":\"https:\/\/rozaria.pl\/blog\/author\/1rozanka\/\"}]}<\/script>\n<!-- \/ Yoast SEO plugin. -->","yoast_head_json":{"title":"Jak zabezpieczy\u0107 r\u00f3\u017ce w donicach na zim\u0119? - blog Rozaria.pl","description":"R\u00f3\u017ce w donicach s\u0105 bardziej nara\u017cone na mr\u00f3z ni\u017c te w gruncie. Sprawd\u017a sprawdzone sposoby zabezpieczania r\u00f3\u017c w pojemnikach zim\u0105.","robots":{"index":"index","follow":"follow","max-snippet":"max-snippet:-1","max-image-preview":"max-image-preview:large","max-video-preview":"max-video-preview:-1"},"canonical":"https:\/\/rozaria.pl\/blog\/jak-zabezpieczyc-roze-w-donicach-na-zime\/","og_locale":"pl_PL","og_type":"article","og_title":"Jak zabezpieczy\u0107 r\u00f3\u017ce w donicach na zim\u0119? - blog Rozaria.pl","og_description":"R\u00f3\u017ce w donicach s\u0105 bardziej nara\u017cone na mr\u00f3z ni\u017c te w gruncie. Sprawd\u017a sprawdzone sposoby zabezpieczania r\u00f3\u017c w pojemnikach zim\u0105.","og_url":"https:\/\/rozaria.pl\/blog\/jak-zabezpieczyc-roze-w-donicach-na-zime\/","og_site_name":"blog Rozaria.pl","article_publisher":"https:\/\/www.facebook.com\/SzkolkaRozRozaria\/","article_published_time":"2025-11-08T19:27:39+00:00","article_modified_time":"2025-11-08T19:36:53+00:00","og_image":[{"width":800,"height":800,"url":"https:\/\/rozaria.pl\/blog\/wp-content\/uploads\/2025\/10\/roze-jak-oslonic-zima-w-pojemnikach_cr.jpg","type":"image\/jpeg"}],"author":"Rozaria.pl","twitter_card":"summary_large_image","twitter_creator":"@SzkolkaRozaria","twitter_site":"@SzkolkaRozaria","twitter_misc":{"Napisane przez":"Rozaria.pl","Szacowany czas czytania":"6 minut"},"schema":{"@context":"https:\/\/schema.org","@graph":[{"@type":"Article","@id":"https:\/\/rozaria.pl\/blog\/jak-zabezpieczyc-roze-w-donicach-na-zime\/#article","isPartOf":{"@id":"https:\/\/rozaria.pl\/blog\/jak-zabezpieczyc-roze-w-donicach-na-zime\/"},"author":{"name":"Rozaria.pl","@id":"https:\/\/rozaria.pl\/blog\/#\/schema\/person\/31b3805d5058ea1cffed1d8efb6e2513"},"headline":"Jak zabezpieczy\u0107 r\u00f3\u017ce w donicach na zim\u0119?","datePublished":"2025-11-08T19:27:39+00:00","dateModified":"2025-11-08T19:36:53+00:00","mainEntityOfPage":{"@id":"https:\/\/rozaria.pl\/blog\/jak-zabezpieczyc-roze-w-donicach-na-zime\/"},"wordCount":877,"commentCount":0,"publisher":{"@id":"https:\/\/rozaria.pl\/blog\/#organization"},"image":{"@id":"https:\/\/rozaria.pl\/blog\/jak-zabezpieczyc-roze-w-donicach-na-zime\/#primaryimage"},"thumbnailUrl":"https:\/\/rozaria.pl\/blog\/wp-content\/uploads\/2025\/10\/roze-jak-oslonic-zima-w-pojemnikach_cr.jpg","keywords":["kopczykowanie r\u00f3\u017c","porz\u0105dki w\u015br\u00f3d r\u00f3\u017c","r\u00f3\u017ce doniczkowe","r\u00f3\u017ce doniczkowe pielegnacja","r\u00f3\u017ce ochrona na zim\u0119"],"articleSection":["Piel\u0119gnacja","Porady ogrodowe"],"inLanguage":"pl-PL","potentialAction":[{"@type":"CommentAction","name":"Comment","target":["https:\/\/rozaria.pl\/blog\/jak-zabezpieczyc-roze-w-donicach-na-zime\/#respond"]}]},{"@type":"WebPage","@id":"https:\/\/rozaria.pl\/blog\/jak-zabezpieczyc-roze-w-donicach-na-zime\/","url":"https:\/\/rozaria.pl\/blog\/jak-zabezpieczyc-roze-w-donicach-na-zime\/","name":"Jak zabezpieczy\u0107 r\u00f3\u017ce w donicach na zim\u0119? - blog Rozaria.pl","isPartOf":{"@id":"https:\/\/rozaria.pl\/blog\/#website"},"primaryImageOfPage":{"@id":"https:\/\/rozaria.pl\/blog\/jak-zabezpieczyc-roze-w-donicach-na-zime\/#primaryimage"},"image":{"@id":"https:\/\/rozaria.pl\/blog\/jak-zabezpieczyc-roze-w-donicach-na-zime\/#primaryimage"},"thumbnailUrl":"https:\/\/rozaria.pl\/blog\/wp-content\/uploads\/2025\/10\/roze-jak-oslonic-zima-w-pojemnikach_cr.jpg","datePublished":"2025-11-08T19:27:39+00:00","dateModified":"2025-11-08T19:36:53+00:00","description":"R\u00f3\u017ce w donicach s\u0105 bardziej nara\u017cone na mr\u00f3z ni\u017c te w gruncie. Sprawd\u017a sprawdzone sposoby zabezpieczania r\u00f3\u017c w pojemnikach zim\u0105.","breadcrumb":{"@id":"https:\/\/rozaria.pl\/blog\/jak-zabezpieczyc-roze-w-donicach-na-zime\/#breadcrumb"},"inLanguage":"pl-PL","potentialAction":[{"@type":"ReadAction","target":["https:\/\/rozaria.pl\/blog\/jak-zabezpieczyc-roze-w-donicach-na-zime\/"]}]},{"@type":"ImageObject","inLanguage":"pl-PL","@id":"https:\/\/rozaria.pl\/blog\/jak-zabezpieczyc-roze-w-donicach-na-zime\/#primaryimage","url":"https:\/\/rozaria.pl\/blog\/wp-content\/uploads\/2025\/10\/roze-jak-oslonic-zima-w-pojemnikach_cr.jpg","contentUrl":"https:\/\/rozaria.pl\/blog\/wp-content\/uploads\/2025\/10\/roze-jak-oslonic-zima-w-pojemnikach_cr.jpg","width":800,"height":800,"caption":"jak zabezpieczy\u0107 r\u00f3\u017ce w pojemnikach na zim\u0119"},{"@type":"BreadcrumbList","@id":"https:\/\/rozaria.pl\/blog\/jak-zabezpieczyc-roze-w-donicach-na-zime\/#breadcrumb","itemListElement":[{"@type":"ListItem","position":1,"name":"Strona g\u0142\u00f3wna","item":"https:\/\/rozaria.pl\/blog\/"},{"@type":"ListItem","position":2,"name":"Jak zabezpieczy\u0107 r\u00f3\u017ce w donicach na zim\u0119?"}]},{"@type":"WebSite","@id":"https:\/\/rozaria.pl\/blog\/#website","url":"https:\/\/rozaria.pl\/blog\/","name":"blog Rozaria.pl","description":"Porozmawiajmy o r\u00f3\u017cach, o wszystkich sprawach","publisher":{"@id":"https:\/\/rozaria.pl\/blog\/#organization"},"potentialAction":[{"@type":"SearchAction","target":{"@type":"EntryPoint","urlTemplate":"https:\/\/rozaria.pl\/blog\/?s={search_term_string}"},"query-input":{"@type":"PropertyValueSpecification","valueRequired":true,"valueName":"search_term_string"}}],"inLanguage":"pl-PL"},{"@type":"Organization","@id":"https:\/\/rozaria.pl\/blog\/#organization","name":"Szk\u00f3\u0142ka R\u00f3\u017c Rozaria","url":"https:\/\/rozaria.pl\/blog\/","logo":{"@type":"ImageObject","inLanguage":"pl-PL","@id":"https:\/\/rozaria.pl\/blog\/#\/schema\/logo\/image\/","url":"https:\/\/rozaria.pl\/blog\/wp-content\/uploads\/2016\/12\/logo_dla-rozaria.png","contentUrl":"https:\/\/rozaria.pl\/blog\/wp-content\/uploads\/2016\/12\/logo_dla-rozaria.png","width":400,"height":166,"caption":"Szk\u00f3\u0142ka R\u00f3\u017c Rozaria"},"image":{"@id":"https:\/\/rozaria.pl\/blog\/#\/schema\/logo\/image\/"},"sameAs":["https:\/\/www.facebook.com\/SzkolkaRozRozaria\/","https:\/\/x.com\/SzkolkaRozaria","https:\/\/www.youtube.com\/channel\/UCguKKBc7F06eYM1tzYx1Z5A"]},{"@type":"Person","@id":"https:\/\/rozaria.pl\/blog\/#\/schema\/person\/31b3805d5058ea1cffed1d8efb6e2513","name":"Rozaria.pl","image":{"@type":"ImageObject","inLanguage":"pl-PL","@id":"https:\/\/rozaria.pl\/blog\/#\/schema\/person\/image\/","url":"https:\/\/secure.gravatar.com\/avatar\/36c7e4b15b333b9fb573f9e54e7fcf52?s=96&d=mm&r=g","contentUrl":"https:\/\/secure.gravatar.com\/avatar\/36c7e4b15b333b9fb573f9e54e7fcf52?s=96&d=mm&r=g","caption":"Rozaria.pl"},"sameAs":["https:\/\/www.rozaria.pl","https:\/\/www.youtube.com\/channel\/UCguKKBc7F06eYM1tzYx1Z5A"],"url":"https:\/\/rozaria.pl\/blog\/author\/1rozanka\/"}]}},"_links":{"self":[{"href":"https:\/\/rozaria.pl\/blog\/wp-json\/wp\/v2\/posts\/6958"}],"collection":[{"href":"https:\/\/rozaria.pl\/blog\/wp-json\/wp\/v2\/posts"}],"about":[{"href":"https:\/\/rozaria.pl\/blog\/wp-json\/wp\/v2\/types\/post"}],"author":[{"embeddable":true,"href":"https:\/\/rozaria.pl\/blog\/wp-json\/wp\/v2\/users\/1"}],"replies":[{"embeddable":true,"href":"https:\/\/rozaria.pl\/blog\/wp-json\/wp\/v2\/comments?post=6958"}],"version-history":[{"count":13,"href":"https:\/\/rozaria.pl\/blog\/wp-json\/wp\/v2\/posts\/6958\/revisions"}],"predecessor-version":[{"id":7057,"href":"https:\/\/rozaria.pl\/blog\/wp-json\/wp\/v2\/posts\/6958\/revisions\/7057"}],"wp:featuredmedia":[{"embeddable":true,"href":"https:\/\/rozaria.pl\/blog\/wp-json\/wp\/v2\/media\/6974"}],"wp:attachment":[{"href":"https:\/\/rozaria.pl\/blog\/wp-json\/wp\/v2\/media?parent=6958"}],"wp:term":[{"taxonomy":"category","embeddable":true,"href":"https:\/\/rozaria.pl\/blog\/wp-json\/wp\/v2\/categories?post=6958"},{"taxonomy":"post_tag","embeddable":true,"href":"https:\/\/rozaria.pl\/blog\/wp-json\/wp\/v2\/tags?post=6958"}],"curies":[{"name":"wp","href":"https:\/\/api.w.org\/{rel}","templated":true}]}}