{"id":6896,"date":"2025-10-01T10:52:57","date_gmt":"2025-10-01T08:52:57","guid":{"rendered":"https:\/\/rozaria.pl\/blog\/?p=6896"},"modified":"2025-11-08T20:33:44","modified_gmt":"2025-11-08T19:33:44","slug":"pazdziernik-w-ogrodzie","status":"publish","type":"post","link":"https:\/\/rozaria.pl\/blog\/pazdziernik-w-ogrodzie\/","title":{"rendered":"Pa\u017adziernik w ogrodzie"},"content":{"rendered":"<h2 style=\"text-align: justify;\" data-start=\"90\" data-end=\"163\">Pa\u017adziernik w ogrodzie \u2013 sadzenie r\u00f3\u017c, porz\u0105dki w warzywniku i sadzie<\/h2>\n<p style=\"text-align: justify;\" data-start=\"165\" data-end=\"576\">Jesie\u0144 to czas wyciszenia w ogrodzie, ale nie oznacza bezczynno\u015bci. Wr\u0119cz przeciwnie \u2013 pa\u017adziernik to miesi\u0105c intensywnych przygotowa\u0144, kt\u00f3re zadecyduj\u0105 o kondycji ogrodu w nadchodz\u0105cym roku. Ziemia jest jeszcze ciep\u0142a, powietrze wilgotniejsze, a to doskona\u0142e warunki do sadzenia i przesadzania ro\u015blin. To tak\u017ce moment, w kt\u00f3rym ko\u0144czymy zbiory, porz\u0105dkujemy rabaty i zabezpieczamy drzewa oraz krzewy owocowe.<a href=\"https:\/\/rozaria.pl\/blog\/wp-content\/uploads\/2025\/09\/pazdziernik-w-ogrodzie.jpeg\"><img loading=\"lazy\" decoding=\"async\" class=\"alignleft size-medium wp-image-6900\" src=\"https:\/\/rozaria.pl\/blog\/wp-content\/uploads\/2025\/09\/pazdziernik-w-ogrodzie-300x194.jpeg\" alt=\"pa\u017adziernik w ogrodzie\" width=\"300\" height=\"194\" srcset=\"https:\/\/rozaria.pl\/blog\/wp-content\/uploads\/2025\/09\/pazdziernik-w-ogrodzie-150x97.jpeg 150w, https:\/\/rozaria.pl\/blog\/wp-content\/uploads\/2025\/09\/pazdziernik-w-ogrodzie-200x129.jpeg 200w, https:\/\/rozaria.pl\/blog\/wp-content\/uploads\/2025\/09\/pazdziernik-w-ogrodzie-300x194.jpeg 300w, https:\/\/rozaria.pl\/blog\/wp-content\/uploads\/2025\/09\/pazdziernik-w-ogrodzie-400x259.jpeg 400w, https:\/\/rozaria.pl\/blog\/wp-content\/uploads\/2025\/09\/pazdziernik-w-ogrodzie-600x388.jpeg 600w, https:\/\/rozaria.pl\/blog\/wp-content\/uploads\/2025\/09\/pazdziernik-w-ogrodzie-768x497.jpeg 768w, https:\/\/rozaria.pl\/blog\/wp-content\/uploads\/2025\/09\/pazdziernik-w-ogrodzie-800x517.jpeg 800w, https:\/\/rozaria.pl\/blog\/wp-content\/uploads\/2025\/09\/pazdziernik-w-ogrodzie-1024x662.jpeg 1024w, https:\/\/rozaria.pl\/blog\/wp-content\/uploads\/2025\/09\/pazdziernik-w-ogrodzie.jpeg 1200w\" sizes=\"(max-width: 300px) 100vw, 300px\" \/><\/a><\/p>\n<h3 style=\"text-align: justify;\" data-start=\"587\" data-end=\"621\">Jesienny spektakl kwiat\u00f3w<\/h3>\n<p style=\"text-align: justify;\" data-start=\"622\" data-end=\"915\">Cho\u0107 dni staj\u0105 si\u0119 coraz kr\u00f3tsze, ogr\u00f3d ozdobny w pa\u017adzierniku nie zamiera. Wci\u0105\u017c ciesz\u0105 oczy barwne kwiaty: astry, dalie, aksamitki czy wrzosy. Ich intensywne kolory kontrastuj\u0105 z jesiennym z\u0142otem i czerwieni\u0105 li\u015bci drzew, zamieniaj\u0105c ogr\u00f3d w naturalny spektakl barw tu\u017c przed zimow\u0105 cisz\u0105.<\/p>\n<h3 style=\"text-align: justify;\" data-start=\"208\" data-end=\"247\">Ciep\u0142a ziemia sprzyja sadzeniu<\/h3>\n<p style=\"text-align: justify;\" data-start=\"248\" data-end=\"585\">Pa\u017adziernik to czas, gdy gleba wci\u0105\u017c utrzymuje ciep\u0142o, a powietrze staje si\u0119 wilgotniejsze. To wyj\u0105tkowe po\u0142\u0105czenie sprawia, \u017ce ro\u015bliny \u0142atwiej si\u0119 przyjmuj\u0105 i szybciej ukorzeniaj\u0105. Dlatego w\u0142a\u015bnie w tym miesi\u0105cu najlepiej sadzi\u0107 r\u00f3\u017ce z go\u0142ym korzeniem, m\u0142ode drzewa owocowe czy byliny, kt\u00f3re potrzebuj\u0105 stabilnych warunk\u00f3w startowych.<\/p>\n<h2 style=\"text-align: justify;\" data-start=\"578\" data-end=\"620\">Ogr\u00f3d r\u00f3\u017cany \u2013 sadzenie i piel\u0119gnacja<\/h2>\n<p style=\"text-align: justify;\" data-start=\"622\" data-end=\"756\">Dla mi\u0142o\u015bnik\u00f3w r\u00f3\u017c pa\u017adziernik to szczeg\u00f3lnie wa\u017cny czas. <a href=\"https:\/\/rozaria.pl\/blog\/wp-content\/uploads\/2025\/09\/sadzenie_goly_korzen.jpg\"><img loading=\"lazy\" decoding=\"async\" class=\"wp-image-6902 size-medium alignright\" src=\"https:\/\/rozaria.pl\/blog\/wp-content\/uploads\/2025\/09\/sadzenie_goly_korzen-200x300.jpg\" alt=\"\" width=\"200\" height=\"300\" srcset=\"https:\/\/rozaria.pl\/blog\/wp-content\/uploads\/2025\/09\/sadzenie_goly_korzen-100x150.jpg 100w, https:\/\/rozaria.pl\/blog\/wp-content\/uploads\/2025\/09\/sadzenie_goly_korzen-200x300.jpg 200w, https:\/\/rozaria.pl\/blog\/wp-content\/uploads\/2025\/09\/sadzenie_goly_korzen-400x600.jpg 400w, https:\/\/rozaria.pl\/blog\/wp-content\/uploads\/2025\/09\/sadzenie_goly_korzen.jpg 533w\" sizes=\"(max-width: 200px) 100vw, 200px\" \/><\/a>W\u0142a\u015bnie teraz przypada najlepszy termin na sadzenie r\u00f3\u017c z go\u0142ym korzeniem.<\/p>\n<p style=\"text-align: justify;\" data-start=\"758\" data-end=\"1404\">Jak to zrobi\u0107 krok po kroku? Najpierw kupujemy zdrowe, dobrze rozga\u0142\u0119zione krzewy \u2013 jesieni\u0105 oferta szk\u00f3\u0142ek jest najbogatsza. Przed posadzeniem korzenie moczymy kilka godzin w wodzie, skracamy zbyt d\u0142ugie i uszkodzone, a p\u0119dy lekko przycinamy, pozostawiaj\u0105c po kilka oczek. Do\u0142ek wype\u0142niamy \u017cyzn\u0105 gleb\u0105 z dodatkiem kompostu lub dobrze roz\u0142o\u017conego obornika granulowanego. Miejsce szczepienia umieszczamy kilka centymetr\u00f3w pod powierzchni\u0105 ziemi \u2013 2\u20133 cm na glebach ci\u0119\u017cszych, do 5 cm na lekkich. Po zasypaniu korzenie musz\u0105 by\u0107 dobrze roz\u0142o\u017cone, a ziemia dok\u0142adnie ugnieciona. Na koniec obficie podlewamy, aby gleba dobrze przylega\u0142a do korzeni.<\/p>\n<p style=\"text-align: justify;\" data-start=\"1406\" data-end=\"1842\">Po jesiennym sadzeniu r\u00f3\u017c nie okrywamy ich od razu. Kopczykowanie ziemi\u0105 czy stosowanie os\u0142on zostawiamy na listopad, gdy pojawi\u0105 si\u0119 pierwsze przymrozki. R\u00f3wnie wa\u017cne s\u0105 porz\u0105dki na istniej\u0105cych rabatach \u2013 usuwamy opad\u0142e li\u015bcie i chore p\u0119dy, aby ograniczy\u0107 rozw\u00f3j chor\u00f3b grzybowych. Mo\u017cna zastosowa\u0107 jesienne nawozy z przewag\u0105 fosforu i potasu, kt\u00f3re wzmocni\u0105 korzenie, ale unikamy azotu, bo pobudzi\u0142by ro\u015bliny do wzrostu przed zim\u0105.<\/p>\n<p style=\"text-align: justify;\" data-start=\"1406\" data-end=\"1842\">Warto r\u00f3wnie\u017c pami\u0119ta\u0107 o <strong data-start=\"1379\" data-end=\"1415\">jesiennym podlaniu ca\u0142ego ogrodu<\/strong>, zw\u0142aszcza je\u015bli jesie\u0144 jest sucha. Ro\u015bliny \u2014 w tym r\u00f3\u017ce \u2014 z niedoborem wody w glebie wchodz\u0105 w zim\u0119 os\u0142abione. Przesuszony system korzeniowy znosi mr\u00f3z znacznie gorzej, co zwi\u0119ksza ryzyko przemarzni\u0119\u0107 i uszkodze\u0144 tkanek. G\u0142\u0119bokie podlewanie przed nadej\u015bciem mroz\u00f3w pozwala korzeniom pobra\u0107 wilgo\u0107 \u201ena zapas\u201d i lepiej przetrwa\u0107 zimowe przemro\u017cenia.<\/p>\n<h2 style=\"text-align: justify;\" data-start=\"1844\" data-end=\"1891\">Warzywnik \u2013 zbiory i przygotowanie grz\u0105dek<\/h2>\n<p style=\"text-align: justify;\" data-start=\"86\" data-end=\"542\"><a href=\"https:\/\/rozaria.pl\/blog\/wp-content\/uploads\/2025\/09\/pazdziernik-scaled.jpg\"><img loading=\"lazy\" decoding=\"async\" class=\"alignleft size-medium wp-image-6904\" src=\"https:\/\/rozaria.pl\/blog\/wp-content\/uploads\/2025\/09\/pazdziernik-300x225.jpg\" alt=\"\" width=\"300\" height=\"225\" srcset=\"https:\/\/rozaria.pl\/blog\/wp-content\/uploads\/2025\/09\/pazdziernik-150x113.jpg 150w, https:\/\/rozaria.pl\/blog\/wp-content\/uploads\/2025\/09\/pazdziernik-200x150.jpg 200w, https:\/\/rozaria.pl\/blog\/wp-content\/uploads\/2025\/09\/pazdziernik-300x225.jpg 300w, https:\/\/rozaria.pl\/blog\/wp-content\/uploads\/2025\/09\/pazdziernik-400x300.jpg 400w, https:\/\/rozaria.pl\/blog\/wp-content\/uploads\/2025\/09\/pazdziernik-600x450.jpg 600w, https:\/\/rozaria.pl\/blog\/wp-content\/uploads\/2025\/09\/pazdziernik-768x576.jpg 768w, https:\/\/rozaria.pl\/blog\/wp-content\/uploads\/2025\/09\/pazdziernik-800x600.jpg 800w, https:\/\/rozaria.pl\/blog\/wp-content\/uploads\/2025\/09\/pazdziernik-1024x768.jpg 1024w, https:\/\/rozaria.pl\/blog\/wp-content\/uploads\/2025\/09\/pazdziernik-1200x900.jpg 1200w, https:\/\/rozaria.pl\/blog\/wp-content\/uploads\/2025\/09\/pazdziernik-1536x1152.jpg 1536w\" sizes=\"(max-width: 300px) 100vw, 300px\" \/><\/a>Pa\u017adziernik to czas intensywnych zbior\u00f3w i porz\u0105dk\u00f3w w warzywniku. Z grz\u0105dek schodz\u0105 marchew, pietruszka, seler, buraki, ziemniaki i dynie, a pozostaj\u0105 jeszcze pory, kapusta czy brukselka, kt\u00f3re dobrze znosz\u0105 jesienne ch\u0142ody. To r\u00f3wnie\u017c najlepszy moment na wysiew warzyw ozimych \u2013 czosnku, cebuli dymki, szpinaku, roszponki czy sa\u0142aty zimowej. Dzi\u0119ki temu wiosn\u0105 szybciej pojawi\u0105 si\u0119 \u015bwie\u017ce, zielone plony, a ogr\u00f3d odwdzi\u0119czy si\u0119 wcze\u015bniejszym urodzajem.<\/p>\n<p style=\"text-align: justify;\" data-start=\"2275\" data-end=\"2716\">Nie zapominamy o porz\u0105dkach \u2013 resztki ro\u015blin usuwamy z grz\u0105dek, a te pora\u017cone chorobami najlepiej spali\u0107. Zdrowe nadaj\u0105 si\u0119 na kompost. Warto te\u017c wzbogaci\u0107 gleb\u0119 organicznie, rozrzucaj\u0105c kompost lub obornik. Na pustych grz\u0105dkach mo\u017cemy wysia\u0107 nawozy zielone, takie jak facelia czy gorczyca. Grz\u0105dki przekopujemy lub zostawiamy w tzw. ostrej skibie, aby zim\u0105 gleba si\u0119 przewietrzy\u0142a i wymarz\u0142a, co naturalnie ograniczy populacj\u0119 szkodnik\u00f3w.<\/p>\n<h2 style=\"text-align: justify;\" data-start=\"2718\" data-end=\"2743\">Sad i krzewy owocowe<\/h2>\n<p style=\"text-align: justify;\" data-start=\"2745\" data-end=\"3158\">Jesie\u0144 to czas obfitych zbior\u00f3w w sadzie \u2013 jab\u0142ka, gruszki, p\u00f3\u017ane odmiany \u015bliw oraz winogrona. Do przechowywania wybieramy tylko zdrowe owoce i uk\u0142adamy je w skrzynkach w ch\u0142odnym, przewiewnym pomieszczeniu. Pa\u017adziernik sprzyja tak\u017ce sadzeniu drzew owocowych \u2013 jab\u0142oni, grusz, \u015bliw \u2013 oraz krzew\u00f3w jagodowych, takich jak agrest, porzeczki czy maliny. M\u0142ode drzewa od razu zabezpieczamy os\u0142onami przed gryzoniami.<\/p>\n<p style=\"text-align: justify;\" data-start=\"3160\" data-end=\"3433\">Na starszych drzewach wykonujemy ci\u0119cia sanitarne, usuwaj\u0105c ga\u0142\u0119zie chore lub z\u0142amane. Ci\u0119cie zasadnicze zostawiamy na zim\u0119 lub wczesn\u0105 wiosn\u0119. Pod koniec miesi\u0105ca mo\u017cna rozpocz\u0105\u0107 bielenie pni drzew, aby uchroni\u0107 je przed p\u0119kaniem kory podczas mro\u017anych i s\u0142onecznych dni.<a href=\"https:\/\/rozaria.pl\/blog\/wp-content\/uploads\/2025\/09\/sadzenie_cebul.jpg\"><img loading=\"lazy\" decoding=\"async\" class=\"size-medium wp-image-6905 alignright\" src=\"https:\/\/rozaria.pl\/blog\/wp-content\/uploads\/2025\/09\/sadzenie_cebul-300x200.jpg\" alt=\"\" width=\"300\" height=\"200\" srcset=\"https:\/\/rozaria.pl\/blog\/wp-content\/uploads\/2025\/09\/sadzenie_cebul-150x100.jpg 150w, https:\/\/rozaria.pl\/blog\/wp-content\/uploads\/2025\/09\/sadzenie_cebul-200x133.jpg 200w, https:\/\/rozaria.pl\/blog\/wp-content\/uploads\/2025\/09\/sadzenie_cebul-300x200.jpg 300w, https:\/\/rozaria.pl\/blog\/wp-content\/uploads\/2025\/09\/sadzenie_cebul-400x267.jpg 400w, https:\/\/rozaria.pl\/blog\/wp-content\/uploads\/2025\/09\/sadzenie_cebul-600x400.jpg 600w, https:\/\/rozaria.pl\/blog\/wp-content\/uploads\/2025\/09\/sadzenie_cebul-768x512.jpg 768w, https:\/\/rozaria.pl\/blog\/wp-content\/uploads\/2025\/09\/sadzenie_cebul.jpg 800w\" sizes=\"(max-width: 300px) 100vw, 300px\" \/><\/a><\/p>\n<h2 style=\"text-align: justify;\" data-start=\"3435\" data-end=\"3480\">Ogr\u00f3d ozdobny \u2013 byliny, trawnik i cebule<\/h2>\n<p style=\"text-align: justify;\" data-start=\"3482\" data-end=\"3712\">Pa\u017adziernik to tak\u017ce pora na sadzenie cebul kwiatowych \u2013 tulipan\u00f3w, narcyz\u00f3w, hiacynt\u00f3w czy krokus\u00f3w, kt\u00f3re zakwitn\u0105 wiosn\u0105. To tak\u017ce dobry moment na dzielenie i przesadzanie bylin, odm\u0142adzanie rabat oraz porz\u0105dkowanie trawnika.<\/p>\n<h3 data-start=\"0\" data-end=\"41\">Jesienne sadzenie z go\u0142ym korzeniem<\/h3>\n<p style=\"text-align: justify;\" data-start=\"43\" data-end=\"620\">Jesie\u0144 to doskona\u0142y moment, aby si\u0119gn\u0105\u0107 nie tylko po r\u00f3\u017ce, lecz tak\u017ce po inne ro\u015bliny oferowane z go\u0142ym korzeniem. W tym czasie dobrze przyjmuj\u0105 si\u0119 zar\u00f3wno drzewa owocowe, takie jak jab\u0142onie, grusze czy \u015bliwy, jak i krzewy jagodowe \u2013 porzeczki, agrest, maliny czy je\u017cyny. Sadzi\u0107 mo\u017cna r\u00f3wnie\u017c wiele gatunk\u00f3w drzew i krzew\u00f3w ozdobnych, w tym lilaki, forsycje, ja\u015bminowce czy ro\u015bliny na \u017cywop\u0142oty, np. grab czy ligustr. Jesienne sadzenie daje im przewag\u0119 \u2013 ciep\u0142a i wilgotna gleba sprzyja szybkiemu wytwarzaniu nowych korzeni, dzi\u0119ki czemu ro\u015bliny wiosn\u0105 startuj\u0105 w pe\u0142ni si\u0142.<\/p>\n<p data-start=\"0\" data-end=\"61\">Jesieni\u0105, obok r\u00f3\u017c, z go\u0142ym korzeniem dobrze sadzi\u0107 r\u00f3wnie\u017c:<\/p>\n<ul data-start=\"63\" data-end=\"426\">\n<li data-start=\"63\" data-end=\"152\">\n<p data-start=\"65\" data-end=\"152\"><strong data-start=\"65\" data-end=\"83\">drzewa owocowe<\/strong> \u2013 jab\u0142onie, grusze, \u015bliwy, czere\u015bnie, wi\u015bnie, morele, brzoskwinie,<\/p>\n<\/li>\n<li data-start=\"153\" data-end=\"212\">\n<p data-start=\"155\" data-end=\"212\"><strong data-start=\"155\" data-end=\"173\">krzewy owocowe<\/strong> \u2013 porzeczki, agrest, maliny, je\u017cyny,<\/p>\n<\/li>\n<li data-start=\"213\" data-end=\"360\">\n<p data-start=\"215\" data-end=\"360\"><strong data-start=\"215\" data-end=\"242\">drzewa i krzewy ozdobne<\/strong> \u2013 np. ligustr, grab, buk, lipa, \u017cywotnik (na \u017cywop\u0142oty), lilaki (bzy), ja\u015bminowce, forsycje, r\u00f3\u017ce pienne i parkowe,<\/p>\n<\/li>\n<li data-start=\"361\" data-end=\"426\">\n<p data-start=\"363\" data-end=\"426\"><strong data-start=\"363\" data-end=\"376\">winoro\u015ble<\/strong> \u2013 m\u0142ode sadzonki dobrze przyjmuj\u0105 si\u0119 jesieni\u0105.<\/p>\n<\/li>\n<\/ul>\n<h3 style=\"text-align: justify;\" data-start=\"1677\" data-end=\"1715\">Ostatnia piel\u0119gnacja trawnika<\/h3>\n<p style=\"text-align: justify;\" data-start=\"1716\" data-end=\"2132\">Murawa wymaga jeszcze kilku zabieg\u00f3w, zanim wejdzie w zimowy spoczynek. W pa\u017adzierniku kosimy trawnik po raz ostatni, zwykle nieco wy\u017cej ni\u017c latem, aby korzenie lepiej przetrwa\u0142y mrozy. To tak\u017ce moment na usuwanie opad\u0142ych li\u015bci, kt\u00f3re pozostawione w nadmiarze mog\u0142yby zniszczy\u0107 dar\u0144 i sprzyja\u0107 chorobom grzybowym. Na koniec warto zastosowa\u0107 naw\u00f3z jesienny, bogaty w potas i fosfor, kt\u00f3ry wzmocni traw\u0119 przed zim\u0105.<\/p>\n<h2 style=\"text-align: justify;\" data-start=\"101\" data-end=\"156\">Wykorzystaj brzydkie dni na przygotowanie spi\u017carni<\/h2>\n<p style=\"text-align: justify;\" data-start=\"158\" data-end=\"909\"><a href=\"https:\/\/rozaria.pl\/blog\/wp-content\/uploads\/2025\/09\/zbiory.jpg\"><img loading=\"lazy\" decoding=\"async\" class=\"alignleft wp-image-6907 size-thumbnail\" src=\"https:\/\/rozaria.pl\/blog\/wp-content\/uploads\/2025\/09\/zbiory-150x150.jpg\" alt=\"\" width=\"150\" height=\"150\" srcset=\"https:\/\/rozaria.pl\/blog\/wp-content\/uploads\/2025\/09\/zbiory-66x66.jpg 66w, https:\/\/rozaria.pl\/blog\/wp-content\/uploads\/2025\/09\/zbiory-150x150.jpg 150w, https:\/\/rozaria.pl\/blog\/wp-content\/uploads\/2025\/09\/zbiory-200x200.jpg 200w, https:\/\/rozaria.pl\/blog\/wp-content\/uploads\/2025\/09\/zbiory-300x300.jpg 300w, https:\/\/rozaria.pl\/blog\/wp-content\/uploads\/2025\/09\/zbiory-400x400.jpg 400w, https:\/\/rozaria.pl\/blog\/wp-content\/uploads\/2025\/09\/zbiory.jpg 600w\" sizes=\"(max-width: 150px) 100vw, 150px\" \/><\/a>Nie ka\u017cdy pa\u017adziernikowy dzie\u0144 sprzyja pracom na zewn\u0105trz. Ch\u0142\u00f3d, deszcz czy silniejszy wiatr to doskona\u0142a okazja, by przenie\u015b\u0107 si\u0119 do kuchni i zadba\u0107 o zapasy na zim\u0119. To w\u0142a\u015bnie teraz przetwarzamy jab\u0142ka i gruszki na soki, musy czy konfitury, przygotowujemy powid\u0142a \u015bliwkowe i syropy z pigwy. Dyni\u0119 mo\u017cna zamieni\u0107 w aromatyczny d\u017cem lub puree do ciast, a z burak\u00f3w zrobi\u0107 sok czy zakwas na barszcz wigilijny. Kapust\u0119 warto ukisi\u0107, by zim\u0105 cieszy\u0107 si\u0119 zdrow\u0105, witaminow\u0105 bomb\u0105. Nawet zio\u0142a z ogrodu \u2013 mi\u0119ta, melisa czy tymianek \u2013 mo\u017cna ususzy\u0107 albo zamrozi\u0107, by zim\u0105 wzbogaca\u0142y napary i potrawy. Jesienne, pochmurne dni staj\u0105 si\u0119 dzi\u0119ki temu czasem pe\u0142nym zapachu i smaku, a spi\u017carnia nabiera kolor\u00f3w, kt\u00f3re przypominaj\u0105 o bogactwie minionego lata.<\/p>\n<h2 style=\"text-align: justify;\" data-start=\"3857\" data-end=\"3904\">Podsumowanie \u2013 inwestycja w przysz\u0142y sezon<\/h2>\n<p style=\"text-align: justify;\" data-start=\"3906\" data-end=\"4175\">Prace wykonane w pa\u017adzierniku s\u0105 kluczowe dla kondycji ca\u0142ego ogrodu. To najlepszy moment na sadzenie r\u00f3\u017c i drzew owocowych, przygotowanie warzywnika oraz uporz\u0105dkowanie rabat. Dzi\u0119ki temu wiosn\u0105 ogr\u00f3d wystartuje szybciej, a ro\u015bliny b\u0119d\u0105 zdrowsze i obficiej zakwitn\u0105.<\/p>\n<p style=\"text-align: justify;\" data-start=\"4177\" data-end=\"4375\">Jesie\u0144 to czas spokojniejszy ni\u017c lato, ale ka\u017cdy krok podj\u0119ty teraz procentuje w kolejnym sezonie. Warto wykorzysta\u0107 pa\u017adziernik do maksimum \u2013 to inwestycja w pi\u0119kny i zdrowy ogr\u00f3d na lata. \ud83c\udf3f\ud83c\udf39\ud83c\udf4e<\/p>\n","protected":false},"excerpt":{"rendered":"<p>Pa\u017adziernik w ogrodzie \u2013 sadzenie r\u00f3\u017c, porz\u0105dki w warzywniku i sadzie Jesie\u0144 to czas wyciszenia w ogrodzie, ale nie oznacza bezczynno\u015bci. Wr\u0119cz przeciwnie \u2013 pa\u017adziernik to miesi\u0105c intensywnych przygotowa\u0144, kt\u00f3re zadecyduj\u0105 o kondycji ogrodu w nadchodz\u0105cym roku. Ziemia jest jeszcze [&hellip;]<\/p>\n","protected":false},"author":1,"featured_media":6898,"comment_status":"open","ping_status":"open","sticky":false,"template":"","format":"standard","meta":{"_mi_skip_tracking":false,"_monsterinsights_sitenote_active":false,"_monsterinsights_sitenote_note":"","_monsterinsights_sitenote_category":0,"footnotes":""},"categories":[6,124],"tags":[27,13,37,57,86],"yoast_head":"<!-- This site is optimized with the Yoast SEO plugin v23.5 - https:\/\/yoast.com\/wordpress\/plugins\/seo\/ -->\n<title>Pa\u017adziernik w ogrodzie - blog Rozaria.pl<\/title>\n<meta name=\"description\" content=\"Pa\u017adziernik w ogrodzie to czas sadzenia r\u00f3\u017c, zbior\u00f3w warzyw i piel\u0119gnacji sadu. Zobacz, jakie prace jesienne przygotuj\u0105 ogr\u00f3d na wiosn\u0119.\" \/>\n<meta name=\"robots\" content=\"index, follow, max-snippet:-1, max-image-preview:large, max-video-preview:-1\" \/>\n<link rel=\"canonical\" href=\"https:\/\/rozaria.pl\/blog\/pazdziernik-w-ogrodzie\/\" \/>\n<meta property=\"og:locale\" content=\"pl_PL\" \/>\n<meta property=\"og:type\" content=\"article\" \/>\n<meta property=\"og:title\" content=\"Pa\u017adziernik w ogrodzie - blog Rozaria.pl\" \/>\n<meta property=\"og:description\" content=\"Pa\u017adziernik w ogrodzie to czas sadzenia r\u00f3\u017c, zbior\u00f3w warzyw i piel\u0119gnacji sadu. Zobacz, jakie prace jesienne przygotuj\u0105 ogr\u00f3d na wiosn\u0119.\" \/>\n<meta property=\"og:url\" content=\"https:\/\/rozaria.pl\/blog\/pazdziernik-w-ogrodzie\/\" \/>\n<meta property=\"og:site_name\" content=\"blog Rozaria.pl\" \/>\n<meta property=\"article:publisher\" content=\"https:\/\/www.facebook.com\/SzkolkaRozRozaria\/\" \/>\n<meta property=\"article:published_time\" content=\"2025-10-01T08:52:57+00:00\" \/>\n<meta property=\"article:modified_time\" content=\"2025-11-08T19:33:44+00:00\" \/>\n<meta property=\"og:image\" content=\"https:\/\/rozaria.pl\/blog\/wp-content\/uploads\/2025\/09\/pazdziernik_w_ogrodzie.jpg\" \/>\n\t<meta property=\"og:image:width\" content=\"800\" \/>\n\t<meta property=\"og:image:height\" content=\"800\" \/>\n\t<meta property=\"og:image:type\" content=\"image\/jpeg\" \/>\n<meta name=\"author\" content=\"Rozaria.pl\" \/>\n<meta name=\"twitter:card\" content=\"summary_large_image\" \/>\n<meta name=\"twitter:creator\" content=\"@SzkolkaRozaria\" \/>\n<meta name=\"twitter:site\" content=\"@SzkolkaRozaria\" \/>\n<meta name=\"twitter:label1\" content=\"Napisane przez\" \/>\n\t<meta name=\"twitter:data1\" content=\"Rozaria.pl\" \/>\n\t<meta name=\"twitter:label2\" content=\"Szacowany czas czytania\" \/>\n\t<meta name=\"twitter:data2\" content=\"8 minut\" \/>\n<script type=\"application\/ld+json\" class=\"yoast-schema-graph\">{\"@context\":\"https:\/\/schema.org\",\"@graph\":[{\"@type\":\"Article\",\"@id\":\"https:\/\/rozaria.pl\/blog\/pazdziernik-w-ogrodzie\/#article\",\"isPartOf\":{\"@id\":\"https:\/\/rozaria.pl\/blog\/pazdziernik-w-ogrodzie\/\"},\"author\":{\"name\":\"Rozaria.pl\",\"@id\":\"https:\/\/rozaria.pl\/blog\/#\/schema\/person\/31b3805d5058ea1cffed1d8efb6e2513\"},\"headline\":\"Pa\u017adziernik w ogrodzie\",\"datePublished\":\"2025-10-01T08:52:57+00:00\",\"dateModified\":\"2025-11-08T19:33:44+00:00\",\"mainEntityOfPage\":{\"@id\":\"https:\/\/rozaria.pl\/blog\/pazdziernik-w-ogrodzie\/\"},\"wordCount\":1284,\"commentCount\":0,\"publisher\":{\"@id\":\"https:\/\/rozaria.pl\/blog\/#organization\"},\"image\":{\"@id\":\"https:\/\/rozaria.pl\/blog\/pazdziernik-w-ogrodzie\/#primaryimage\"},\"thumbnailUrl\":\"https:\/\/rozaria.pl\/blog\/wp-content\/uploads\/2025\/09\/pazdziernik_w_ogrodzie.jpg\",\"keywords\":[\"jak pielegnowa\u0107 r\u00f3\u017ce\",\"nawo\u017cenie r\u00f3\u017c\",\"piel\u0119gnacja r\u00f3\u017c\",\"porz\u0105dki w\u015br\u00f3d r\u00f3\u017c\",\"sadzonki r\u00f3\u017c\"],\"articleSection\":[\"Piel\u0119gnacja\",\"Porady ogrodowe\"],\"inLanguage\":\"pl-PL\",\"potentialAction\":[{\"@type\":\"CommentAction\",\"name\":\"Comment\",\"target\":[\"https:\/\/rozaria.pl\/blog\/pazdziernik-w-ogrodzie\/#respond\"]}]},{\"@type\":\"WebPage\",\"@id\":\"https:\/\/rozaria.pl\/blog\/pazdziernik-w-ogrodzie\/\",\"url\":\"https:\/\/rozaria.pl\/blog\/pazdziernik-w-ogrodzie\/\",\"name\":\"Pa\u017adziernik w ogrodzie - blog Rozaria.pl\",\"isPartOf\":{\"@id\":\"https:\/\/rozaria.pl\/blog\/#website\"},\"primaryImageOfPage\":{\"@id\":\"https:\/\/rozaria.pl\/blog\/pazdziernik-w-ogrodzie\/#primaryimage\"},\"image\":{\"@id\":\"https:\/\/rozaria.pl\/blog\/pazdziernik-w-ogrodzie\/#primaryimage\"},\"thumbnailUrl\":\"https:\/\/rozaria.pl\/blog\/wp-content\/uploads\/2025\/09\/pazdziernik_w_ogrodzie.jpg\",\"datePublished\":\"2025-10-01T08:52:57+00:00\",\"dateModified\":\"2025-11-08T19:33:44+00:00\",\"description\":\"Pa\u017adziernik w ogrodzie to czas sadzenia r\u00f3\u017c, zbior\u00f3w warzyw i piel\u0119gnacji sadu. Zobacz, jakie prace jesienne przygotuj\u0105 ogr\u00f3d na wiosn\u0119.\",\"breadcrumb\":{\"@id\":\"https:\/\/rozaria.pl\/blog\/pazdziernik-w-ogrodzie\/#breadcrumb\"},\"inLanguage\":\"pl-PL\",\"potentialAction\":[{\"@type\":\"ReadAction\",\"target\":[\"https:\/\/rozaria.pl\/blog\/pazdziernik-w-ogrodzie\/\"]}]},{\"@type\":\"ImageObject\",\"inLanguage\":\"pl-PL\",\"@id\":\"https:\/\/rozaria.pl\/blog\/pazdziernik-w-ogrodzie\/#primaryimage\",\"url\":\"https:\/\/rozaria.pl\/blog\/wp-content\/uploads\/2025\/09\/pazdziernik_w_ogrodzie.jpg\",\"contentUrl\":\"https:\/\/rozaria.pl\/blog\/wp-content\/uploads\/2025\/09\/pazdziernik_w_ogrodzie.jpg\",\"width\":800,\"height\":800,\"caption\":\"pa\u017adziernik w sadzie ogrodzie warzywniku\"},{\"@type\":\"BreadcrumbList\",\"@id\":\"https:\/\/rozaria.pl\/blog\/pazdziernik-w-ogrodzie\/#breadcrumb\",\"itemListElement\":[{\"@type\":\"ListItem\",\"position\":1,\"name\":\"Strona g\u0142\u00f3wna\",\"item\":\"https:\/\/rozaria.pl\/blog\/\"},{\"@type\":\"ListItem\",\"position\":2,\"name\":\"Pa\u017adziernik w ogrodzie\"}]},{\"@type\":\"WebSite\",\"@id\":\"https:\/\/rozaria.pl\/blog\/#website\",\"url\":\"https:\/\/rozaria.pl\/blog\/\",\"name\":\"blog Rozaria.pl\",\"description\":\"Porozmawiajmy o r\u00f3\u017cach, o wszystkich sprawach\",\"publisher\":{\"@id\":\"https:\/\/rozaria.pl\/blog\/#organization\"},\"potentialAction\":[{\"@type\":\"SearchAction\",\"target\":{\"@type\":\"EntryPoint\",\"urlTemplate\":\"https:\/\/rozaria.pl\/blog\/?s={search_term_string}\"},\"query-input\":{\"@type\":\"PropertyValueSpecification\",\"valueRequired\":true,\"valueName\":\"search_term_string\"}}],\"inLanguage\":\"pl-PL\"},{\"@type\":\"Organization\",\"@id\":\"https:\/\/rozaria.pl\/blog\/#organization\",\"name\":\"Szk\u00f3\u0142ka R\u00f3\u017c Rozaria\",\"url\":\"https:\/\/rozaria.pl\/blog\/\",\"logo\":{\"@type\":\"ImageObject\",\"inLanguage\":\"pl-PL\",\"@id\":\"https:\/\/rozaria.pl\/blog\/#\/schema\/logo\/image\/\",\"url\":\"https:\/\/rozaria.pl\/blog\/wp-content\/uploads\/2016\/12\/logo_dla-rozaria.png\",\"contentUrl\":\"https:\/\/rozaria.pl\/blog\/wp-content\/uploads\/2016\/12\/logo_dla-rozaria.png\",\"width\":400,\"height\":166,\"caption\":\"Szk\u00f3\u0142ka R\u00f3\u017c Rozaria\"},\"image\":{\"@id\":\"https:\/\/rozaria.pl\/blog\/#\/schema\/logo\/image\/\"},\"sameAs\":[\"https:\/\/www.facebook.com\/SzkolkaRozRozaria\/\",\"https:\/\/x.com\/SzkolkaRozaria\",\"https:\/\/www.youtube.com\/channel\/UCguKKBc7F06eYM1tzYx1Z5A\"]},{\"@type\":\"Person\",\"@id\":\"https:\/\/rozaria.pl\/blog\/#\/schema\/person\/31b3805d5058ea1cffed1d8efb6e2513\",\"name\":\"Rozaria.pl\",\"image\":{\"@type\":\"ImageObject\",\"inLanguage\":\"pl-PL\",\"@id\":\"https:\/\/rozaria.pl\/blog\/#\/schema\/person\/image\/\",\"url\":\"https:\/\/secure.gravatar.com\/avatar\/36c7e4b15b333b9fb573f9e54e7fcf52?s=96&d=mm&r=g\",\"contentUrl\":\"https:\/\/secure.gravatar.com\/avatar\/36c7e4b15b333b9fb573f9e54e7fcf52?s=96&d=mm&r=g\",\"caption\":\"Rozaria.pl\"},\"sameAs\":[\"https:\/\/www.rozaria.pl\",\"https:\/\/www.youtube.com\/channel\/UCguKKBc7F06eYM1tzYx1Z5A\"],\"url\":\"https:\/\/rozaria.pl\/blog\/author\/1rozanka\/\"}]}<\/script>\n<!-- \/ Yoast SEO plugin. -->","yoast_head_json":{"title":"Pa\u017adziernik w ogrodzie - blog Rozaria.pl","description":"Pa\u017adziernik w ogrodzie to czas sadzenia r\u00f3\u017c, zbior\u00f3w warzyw i piel\u0119gnacji sadu. Zobacz, jakie prace jesienne przygotuj\u0105 ogr\u00f3d na wiosn\u0119.","robots":{"index":"index","follow":"follow","max-snippet":"max-snippet:-1","max-image-preview":"max-image-preview:large","max-video-preview":"max-video-preview:-1"},"canonical":"https:\/\/rozaria.pl\/blog\/pazdziernik-w-ogrodzie\/","og_locale":"pl_PL","og_type":"article","og_title":"Pa\u017adziernik w ogrodzie - blog Rozaria.pl","og_description":"Pa\u017adziernik w ogrodzie to czas sadzenia r\u00f3\u017c, zbior\u00f3w warzyw i piel\u0119gnacji sadu. Zobacz, jakie prace jesienne przygotuj\u0105 ogr\u00f3d na wiosn\u0119.","og_url":"https:\/\/rozaria.pl\/blog\/pazdziernik-w-ogrodzie\/","og_site_name":"blog Rozaria.pl","article_publisher":"https:\/\/www.facebook.com\/SzkolkaRozRozaria\/","article_published_time":"2025-10-01T08:52:57+00:00","article_modified_time":"2025-11-08T19:33:44+00:00","og_image":[{"width":800,"height":800,"url":"https:\/\/rozaria.pl\/blog\/wp-content\/uploads\/2025\/09\/pazdziernik_w_ogrodzie.jpg","type":"image\/jpeg"}],"author":"Rozaria.pl","twitter_card":"summary_large_image","twitter_creator":"@SzkolkaRozaria","twitter_site":"@SzkolkaRozaria","twitter_misc":{"Napisane przez":"Rozaria.pl","Szacowany czas czytania":"8 minut"},"schema":{"@context":"https:\/\/schema.org","@graph":[{"@type":"Article","@id":"https:\/\/rozaria.pl\/blog\/pazdziernik-w-ogrodzie\/#article","isPartOf":{"@id":"https:\/\/rozaria.pl\/blog\/pazdziernik-w-ogrodzie\/"},"author":{"name":"Rozaria.pl","@id":"https:\/\/rozaria.pl\/blog\/#\/schema\/person\/31b3805d5058ea1cffed1d8efb6e2513"},"headline":"Pa\u017adziernik w ogrodzie","datePublished":"2025-10-01T08:52:57+00:00","dateModified":"2025-11-08T19:33:44+00:00","mainEntityOfPage":{"@id":"https:\/\/rozaria.pl\/blog\/pazdziernik-w-ogrodzie\/"},"wordCount":1284,"commentCount":0,"publisher":{"@id":"https:\/\/rozaria.pl\/blog\/#organization"},"image":{"@id":"https:\/\/rozaria.pl\/blog\/pazdziernik-w-ogrodzie\/#primaryimage"},"thumbnailUrl":"https:\/\/rozaria.pl\/blog\/wp-content\/uploads\/2025\/09\/pazdziernik_w_ogrodzie.jpg","keywords":["jak pielegnowa\u0107 r\u00f3\u017ce","nawo\u017cenie r\u00f3\u017c","piel\u0119gnacja r\u00f3\u017c","porz\u0105dki w\u015br\u00f3d r\u00f3\u017c","sadzonki r\u00f3\u017c"],"articleSection":["Piel\u0119gnacja","Porady ogrodowe"],"inLanguage":"pl-PL","potentialAction":[{"@type":"CommentAction","name":"Comment","target":["https:\/\/rozaria.pl\/blog\/pazdziernik-w-ogrodzie\/#respond"]}]},{"@type":"WebPage","@id":"https:\/\/rozaria.pl\/blog\/pazdziernik-w-ogrodzie\/","url":"https:\/\/rozaria.pl\/blog\/pazdziernik-w-ogrodzie\/","name":"Pa\u017adziernik w ogrodzie - blog Rozaria.pl","isPartOf":{"@id":"https:\/\/rozaria.pl\/blog\/#website"},"primaryImageOfPage":{"@id":"https:\/\/rozaria.pl\/blog\/pazdziernik-w-ogrodzie\/#primaryimage"},"image":{"@id":"https:\/\/rozaria.pl\/blog\/pazdziernik-w-ogrodzie\/#primaryimage"},"thumbnailUrl":"https:\/\/rozaria.pl\/blog\/wp-content\/uploads\/2025\/09\/pazdziernik_w_ogrodzie.jpg","datePublished":"2025-10-01T08:52:57+00:00","dateModified":"2025-11-08T19:33:44+00:00","description":"Pa\u017adziernik w ogrodzie to czas sadzenia r\u00f3\u017c, zbior\u00f3w warzyw i piel\u0119gnacji sadu. Zobacz, jakie prace jesienne przygotuj\u0105 ogr\u00f3d na wiosn\u0119.","breadcrumb":{"@id":"https:\/\/rozaria.pl\/blog\/pazdziernik-w-ogrodzie\/#breadcrumb"},"inLanguage":"pl-PL","potentialAction":[{"@type":"ReadAction","target":["https:\/\/rozaria.pl\/blog\/pazdziernik-w-ogrodzie\/"]}]},{"@type":"ImageObject","inLanguage":"pl-PL","@id":"https:\/\/rozaria.pl\/blog\/pazdziernik-w-ogrodzie\/#primaryimage","url":"https:\/\/rozaria.pl\/blog\/wp-content\/uploads\/2025\/09\/pazdziernik_w_ogrodzie.jpg","contentUrl":"https:\/\/rozaria.pl\/blog\/wp-content\/uploads\/2025\/09\/pazdziernik_w_ogrodzie.jpg","width":800,"height":800,"caption":"pa\u017adziernik w sadzie ogrodzie warzywniku"},{"@type":"BreadcrumbList","@id":"https:\/\/rozaria.pl\/blog\/pazdziernik-w-ogrodzie\/#breadcrumb","itemListElement":[{"@type":"ListItem","position":1,"name":"Strona g\u0142\u00f3wna","item":"https:\/\/rozaria.pl\/blog\/"},{"@type":"ListItem","position":2,"name":"Pa\u017adziernik w ogrodzie"}]},{"@type":"WebSite","@id":"https:\/\/rozaria.pl\/blog\/#website","url":"https:\/\/rozaria.pl\/blog\/","name":"blog Rozaria.pl","description":"Porozmawiajmy o r\u00f3\u017cach, o wszystkich sprawach","publisher":{"@id":"https:\/\/rozaria.pl\/blog\/#organization"},"potentialAction":[{"@type":"SearchAction","target":{"@type":"EntryPoint","urlTemplate":"https:\/\/rozaria.pl\/blog\/?s={search_term_string}"},"query-input":{"@type":"PropertyValueSpecification","valueRequired":true,"valueName":"search_term_string"}}],"inLanguage":"pl-PL"},{"@type":"Organization","@id":"https:\/\/rozaria.pl\/blog\/#organization","name":"Szk\u00f3\u0142ka R\u00f3\u017c Rozaria","url":"https:\/\/rozaria.pl\/blog\/","logo":{"@type":"ImageObject","inLanguage":"pl-PL","@id":"https:\/\/rozaria.pl\/blog\/#\/schema\/logo\/image\/","url":"https:\/\/rozaria.pl\/blog\/wp-content\/uploads\/2016\/12\/logo_dla-rozaria.png","contentUrl":"https:\/\/rozaria.pl\/blog\/wp-content\/uploads\/2016\/12\/logo_dla-rozaria.png","width":400,"height":166,"caption":"Szk\u00f3\u0142ka R\u00f3\u017c Rozaria"},"image":{"@id":"https:\/\/rozaria.pl\/blog\/#\/schema\/logo\/image\/"},"sameAs":["https:\/\/www.facebook.com\/SzkolkaRozRozaria\/","https:\/\/x.com\/SzkolkaRozaria","https:\/\/www.youtube.com\/channel\/UCguKKBc7F06eYM1tzYx1Z5A"]},{"@type":"Person","@id":"https:\/\/rozaria.pl\/blog\/#\/schema\/person\/31b3805d5058ea1cffed1d8efb6e2513","name":"Rozaria.pl","image":{"@type":"ImageObject","inLanguage":"pl-PL","@id":"https:\/\/rozaria.pl\/blog\/#\/schema\/person\/image\/","url":"https:\/\/secure.gravatar.com\/avatar\/36c7e4b15b333b9fb573f9e54e7fcf52?s=96&d=mm&r=g","contentUrl":"https:\/\/secure.gravatar.com\/avatar\/36c7e4b15b333b9fb573f9e54e7fcf52?s=96&d=mm&r=g","caption":"Rozaria.pl"},"sameAs":["https:\/\/www.rozaria.pl","https:\/\/www.youtube.com\/channel\/UCguKKBc7F06eYM1tzYx1Z5A"],"url":"https:\/\/rozaria.pl\/blog\/author\/1rozanka\/"}]}},"_links":{"self":[{"href":"https:\/\/rozaria.pl\/blog\/wp-json\/wp\/v2\/posts\/6896"}],"collection":[{"href":"https:\/\/rozaria.pl\/blog\/wp-json\/wp\/v2\/posts"}],"about":[{"href":"https:\/\/rozaria.pl\/blog\/wp-json\/wp\/v2\/types\/post"}],"author":[{"embeddable":true,"href":"https:\/\/rozaria.pl\/blog\/wp-json\/wp\/v2\/users\/1"}],"replies":[{"embeddable":true,"href":"https:\/\/rozaria.pl\/blog\/wp-json\/wp\/v2\/comments?post=6896"}],"version-history":[{"count":6,"href":"https:\/\/rozaria.pl\/blog\/wp-json\/wp\/v2\/posts\/6896\/revisions"}],"predecessor-version":[{"id":6931,"href":"https:\/\/rozaria.pl\/blog\/wp-json\/wp\/v2\/posts\/6896\/revisions\/6931"}],"wp:featuredmedia":[{"embeddable":true,"href":"https:\/\/rozaria.pl\/blog\/wp-json\/wp\/v2\/media\/6898"}],"wp:attachment":[{"href":"https:\/\/rozaria.pl\/blog\/wp-json\/wp\/v2\/media?parent=6896"}],"wp:term":[{"taxonomy":"category","embeddable":true,"href":"https:\/\/rozaria.pl\/blog\/wp-json\/wp\/v2\/categories?post=6896"},{"taxonomy":"post_tag","embeddable":true,"href":"https:\/\/rozaria.pl\/blog\/wp-json\/wp\/v2\/tags?post=6896"}],"curies":[{"name":"wp","href":"https:\/\/api.w.org\/{rel}","templated":true}]}}