{"id":6826,"date":"2025-08-22T11:18:04","date_gmt":"2025-08-22T09:18:04","guid":{"rendered":"https:\/\/rozaria.pl\/blog\/?p=6826"},"modified":"2025-08-22T11:32:55","modified_gmt":"2025-08-22T09:32:55","slug":"wrzesien-w-ogrodzie","status":"publish","type":"post","link":"https:\/\/rozaria.pl\/blog\/wrzesien-w-ogrodzie\/","title":{"rendered":"Wrzesie\u0144 w ogrodzie"},"content":{"rendered":"<h2 style=\"text-align: justify;\">\ud83c\udf39 Wrzesie\u0144 w ogrodzie r\u00f3\u017canym \u2013 co warto zrobi\u0107, by r\u00f3\u017ce pi\u0119knie przetrwa\u0142y zim\u0119?<\/h2>\n<p style=\"text-align: justify;\">Wrzesie\u0144 to czas prze\u0142omu \u2013 ogr\u00f3d powoli zwalnia, <a href=\"https:\/\/rozaria.pl\/blog\/wp-content\/uploads\/2025\/08\/wrzesniowe_roze_herbaciane.jpg\"><img loading=\"lazy\" decoding=\"async\" class=\"size-medium wp-image-6834 alignright\" src=\"https:\/\/rozaria.pl\/blog\/wp-content\/uploads\/2025\/08\/wrzesniowe_roze_herbaciane-300x200.jpg\" alt=\"wrzesie\u0144 w ogrodzie\" width=\"300\" height=\"200\" srcset=\"https:\/\/rozaria.pl\/blog\/wp-content\/uploads\/2025\/08\/wrzesniowe_roze_herbaciane-150x100.jpg 150w, https:\/\/rozaria.pl\/blog\/wp-content\/uploads\/2025\/08\/wrzesniowe_roze_herbaciane-200x134.jpg 200w, https:\/\/rozaria.pl\/blog\/wp-content\/uploads\/2025\/08\/wrzesniowe_roze_herbaciane-300x200.jpg 300w, https:\/\/rozaria.pl\/blog\/wp-content\/uploads\/2025\/08\/wrzesniowe_roze_herbaciane-400x267.jpg 400w, https:\/\/rozaria.pl\/blog\/wp-content\/uploads\/2025\/08\/wrzesniowe_roze_herbaciane-600x401.jpg 600w, https:\/\/rozaria.pl\/blog\/wp-content\/uploads\/2025\/08\/wrzesniowe_roze_herbaciane-768x513.jpg 768w, https:\/\/rozaria.pl\/blog\/wp-content\/uploads\/2025\/08\/wrzesniowe_roze_herbaciane-800x534.jpg 800w, https:\/\/rozaria.pl\/blog\/wp-content\/uploads\/2025\/08\/wrzesniowe_roze_herbaciane.jpg 1024w\" sizes=\"(max-width: 300px) 100vw, 300px\" \/><\/a>ale r\u00f3\u017ce wci\u0105\u017c mog\u0105 zachwyca\u0107. To idealny moment, by zadba\u0107 o krzewy przed zimowym spoczynkiem i przygotowa\u0107 rabaty na nowy sezon. Oto nasz praktyczny przewodnik, co warto zrobi\u0107 we wrze\u015bniu w r\u00f3\u017canym ogrodzie.<\/p>\n<h3 style=\"text-align: justify;\"><span style=\"text-decoration: underline;\">\u2702\ufe0f 1. Lekkie ci\u0119cie i usuwanie przekwit\u0142ych kwiat\u00f3w<\/span><\/h3>\n<p style=\"text-align: justify;\">Do po\u0142owy wrze\u015bnia warto jeszcze usuwa\u0107 przekwit\u0142e kwiaty, je\u015bli krzewy nadal kwitn\u0105.<\/p>\n<p style=\"text-align: justify;\">Po tym terminie warto pozwoli\u0107 r\u00f3\u017com zawi\u0105za\u0107 owoce \u2013 to naturalny sygna\u0142 dla ro\u015bliny, by zako\u0144czy\u0107 sezon wegetacyjny.<\/p>\n<p style=\"text-align: justify;\">Mo\u017cna przyci\u0105\u0107 cienkie, s\u0142abe lub chore p\u0119dy \u2013 ale nie wykonujemy ci\u0119cia formuj\u0105cego, kt\u00f3re zostawiamy na wiosn\u0119.<\/p>\n<h3 style=\"text-align: justify;\"><span style=\"text-decoration: underline;\">\ud83d\udca7 2. Podlewanie i \u015bci\u00f3\u0142kowanie<\/span><\/h3>\n<p style=\"text-align: justify;\">Wrzesie\u0144 bywa suchy \u2013 r\u00f3\u017ce trzeba podlewa\u0107 obficie, szczeg\u00f3lnie m\u0142ode sadzonki.<\/p>\n<p style=\"text-align: justify;\">Unikamy podlewania po li\u015bciach \u2013 zawsze przy podstawie krzewu.<\/p>\n<p style=\"text-align: justify;\">Warto roz\u0142o\u017cy\u0107 now\u0105 warstw\u0119 \u015bci\u00f3\u0142ki z kory, kompostu lub trocin \u2013 ograniczy parowanie i ochroni korzenie przed nag\u0142ymi spadkami temperatur.<\/p>\n<h3 style=\"text-align: justify;\"><span style=\"text-decoration: underline;\">\ud83e\uddf4 3. Profilaktyczne opryski przeciw chorobom<\/span><\/h3>\n<p style=\"text-align: justify;\">Wrzesie\u0144 to ostatni dzwonek na profilaktyczne opryski przeciw <a href=\"https:\/\/rozaria.pl\/blog\/czarna-plamistosc\/\">czarnej plamisto\u015bci<\/a> i <a href=\"https:\/\/rozaria.pl\/blog\/roze-choroby-maczniak-prawdziwy\/\">m\u0105czniakowi<\/a>.<\/p>\n<p style=\"text-align: justify;\">Zalecane \u015brodki: Score 250 EC, Scorpion 325 SC, Switch 62,5 WG (stosowa\u0107 naprzemiennie).<\/p>\n<p style=\"text-align: justify;\">Usu\u0144 wszystkie chore li\u015bcie \u2013 zar\u00f3wno z krzew\u00f3w, jak i z ziemi.<\/p>\n<h3 style=\"text-align: justify;\"><span style=\"text-decoration: underline;\">\ud83c\udf3f 4. Jesienne nawo\u017cenie r\u00f3\u017c<\/span><\/h3>\n<p style=\"text-align: justify;\">Unikamy nawoz\u00f3w azotowych \u2013 te pobudzaj\u0105 ro\u015blin\u0119 do wzrostu, co przed zim\u0105 jest niewskazane.<\/p>\n<p style=\"text-align: justify;\">Stosujemy nawozy jesienne z fosforem i potasem, np. Polifoska Plus, YaraMila Jesienny.<\/p>\n<p style=\"text-align: justify;\">Nawo\u017cenie wykonujemy do po\u0142owy wrze\u015bnia \u2013 p\u00f3\u017aniej nie ma ju\u017c sensu.<a href=\"https:\/\/rozaria.pl\/blog\/wp-content\/uploads\/2025\/08\/sadzenie-roz-w-donicach.jpg\"><img loading=\"lazy\" decoding=\"async\" class=\"alignright wp-image-6843 size-medium\" src=\"https:\/\/rozaria.pl\/blog\/wp-content\/uploads\/2025\/08\/sadzenie-roz-w-donicach-300x241.jpg\" alt=\"sadzenie w donicach r\u00f3\u017c\" width=\"300\" height=\"241\" srcset=\"https:\/\/rozaria.pl\/blog\/wp-content\/uploads\/2025\/08\/sadzenie-roz-w-donicach-150x120.jpg 150w, https:\/\/rozaria.pl\/blog\/wp-content\/uploads\/2025\/08\/sadzenie-roz-w-donicach-177x142.jpg 177w, https:\/\/rozaria.pl\/blog\/wp-content\/uploads\/2025\/08\/sadzenie-roz-w-donicach-200x161.jpg 200w, https:\/\/rozaria.pl\/blog\/wp-content\/uploads\/2025\/08\/sadzenie-roz-w-donicach-300x241.jpg 300w, https:\/\/rozaria.pl\/blog\/wp-content\/uploads\/2025\/08\/sadzenie-roz-w-donicach-400x321.jpg 400w, https:\/\/rozaria.pl\/blog\/wp-content\/uploads\/2025\/08\/sadzenie-roz-w-donicach-600x482.jpg 600w, https:\/\/rozaria.pl\/blog\/wp-content\/uploads\/2025\/08\/sadzenie-roz-w-donicach-768x616.jpg 768w, https:\/\/rozaria.pl\/blog\/wp-content\/uploads\/2025\/08\/sadzenie-roz-w-donicach-800x642.jpg 800w, https:\/\/rozaria.pl\/blog\/wp-content\/uploads\/2025\/08\/sadzenie-roz-w-donicach.jpg 841w\" sizes=\"(max-width: 300px) 100vw, 300px\" \/><\/a><\/p>\n<h3 style=\"text-align: justify;\"><span style=\"text-decoration: underline;\">\ud83c\udf37 5. Czas sadzenia nowych r\u00f3\u017c i cebul<\/span><\/h3>\n<p style=\"text-align: justify;\">Wrzesie\u0144 to idealny moment w ogrodzie na sadzenie r\u00f3\u017c z doniczek, kt\u00f3re zd\u0105\u017c\u0105 si\u0119 ukorzeni\u0107 przed zim\u0105.<\/p>\n<p style=\"text-align: justify;\">To r\u00f3wnie\u017c pora na sadzenie cebul: tulipan\u00f3w, narcyz\u00f3w, czosnk\u00f3w ozdobnych.<\/p>\n<p style=\"text-align: justify;\">Warto stosowa\u0107 koszyczki lub siatki przeciw gryzoniom.<\/p>\n<h3 style=\"text-align: justify;\"><span style=\"text-decoration: underline;\">\ud83c\udf42 6. Porz\u0105dki i planowanie<\/span><\/h3>\n<p style=\"text-align: justify;\">Zbieramy opad\u0142e li\u015bcie, przycinamy przekwitni\u0119te byliny i oczyszczamy rabaty.<\/p>\n<p style=\"text-align: justify;\">Mo\u017cna zacz\u0105\u0107 przygotowywa\u0107 stanowiska pod nowe nasadzenia r\u00f3\u017c, kt\u00f3re b\u0119d\u0105 dost\u0119pne z go\u0142ym korzeniem ju\u017c od pa\u017adziernika.<\/p>\n<p style=\"text-align: justify;\">Jesie\u0144 to doskona\u0142y czas na planowanie nowego uk\u0142adu r\u00f3\u017canki \u2013 ogr\u00f3d \u201ew spoczynku\u201d pozwala lepiej oceni\u0107 przestrze\u0144.<\/p>\n<h2 style=\"text-align: justify;\">\u2705 Podsumowanie: wrze\u015bniowa checklista ogrodnika r\u00f3\u017canego<\/h2>\n<ul style=\"text-align: justify;\">\n<li data-start=\"60\" data-end=\"107\">\n<p data-start=\"62\" data-end=\"107\">Usu\u0144 przekwit\u0142e kwiaty (do po\u0142owy wrze\u015bnia)<\/p>\n<\/li>\n<li data-start=\"108\" data-end=\"139\">\n<p data-start=\"110\" data-end=\"139\">Przytnij s\u0142abe i chore p\u0119dy<\/p>\n<\/li>\n<li data-start=\"140\" data-end=\"188\">\n<p data-start=\"142\" data-end=\"188\">Podlewaj obficie, szczeg\u00f3lnie m\u0142ode sadzonki<\/p>\n<\/li>\n<li data-start=\"189\" data-end=\"220\">\n<p data-start=\"191\" data-end=\"220\">\u015aci\u00f3\u0142kuj kor\u0105 lub kompostem<\/p>\n<\/li>\n<li data-start=\"221\" data-end=\"263\">\n<p data-start=\"223\" data-end=\"263\">Wykonaj oprysk zapobiegawczy na grzyby<\/p>\n<\/li>\n<li data-start=\"264\" data-end=\"303\">\n<p data-start=\"266\" data-end=\"303\">Nawo\u017a nawozem jesiennym (bez azotu)<\/p>\n<\/li>\n<li data-start=\"304\" data-end=\"348\">\n<p data-start=\"306\" data-end=\"348\">Sad\u017a r\u00f3\u017ce doniczkowane i cebule wiosenne<\/p>\n<\/li>\n<li data-start=\"349\" data-end=\"384\" data-is-last-node=\"\">\n<p data-start=\"351\" data-end=\"384\" data-is-last-node=\"\">Planuj nowe rabaty na sezon 2025!<\/p>\n<\/li>\n<\/ul>\n<p style=\"text-align: justify;\"><em><span style=\"text-decoration: underline;\"><strong>\ud83c\udf39 Jesie\u0144 to najlepszy czas dla r\u00f3\u017c<\/strong><\/span><\/em><\/p>\n<p style=\"text-align: justify;\">Nie odk\u0142adaj jesiennych prac! To one zdecyduj\u0105, jak Twoje r\u00f3\u017ce wystartuj\u0105 wiosn\u0105.<br \/>\n<a href=\"https:\/\/rozaria.pl\/\"><strong>Ju\u017c od 1 wrze\u015bnia ruszamy z przedsprzeda\u017c\u0105 r\u00f3\u017c z go\u0142ym korzeniem \u2013 obserwuj nasz\u0105 stron\u0119 i przygotuj miejsce dla nowych pi\u0119kno\u015bci!<\/strong><\/a><\/p>\n<h2 style=\"text-align: justify;\">\ud83c\udf3f Wrzesie\u0144 w ogrodzie \u2013 co warto zrobi\u0107?<\/h2>\n<p style=\"text-align: justify;\">Wrzesie\u0144 to miesi\u0105c przej\u015bciowy \u2013 jeszcze cieszymy si\u0119 s\u0142o\u0144cem, ale ju\u017c czas pomy\u015ble\u0107 o jesiennym zabezpieczeniu ro\u015blin i porz\u0105dkach. Poni\u017cej lista kluczowych prac ogrodniczych w sadzie, na rabatach, warzywniku i trawniku.<\/p>\n<h3 style=\"text-align: justify;\">\ud83c\udf4f Sad i warzywnik<\/h3>\n<p style=\"text-align: justify;\"><a href=\"https:\/\/rozaria.pl\/blog\/wp-content\/uploads\/2025\/08\/wrzesien_dynie.jpg\"><img loading=\"lazy\" decoding=\"async\" class=\"size-medium wp-image-6835 alignright\" src=\"https:\/\/rozaria.pl\/blog\/wp-content\/uploads\/2025\/08\/wrzesien_dynie-300x200.jpg\" alt=\"wrzesie\u0144\" width=\"300\" height=\"200\" srcset=\"https:\/\/rozaria.pl\/blog\/wp-content\/uploads\/2025\/08\/wrzesien_dynie-150x100.jpg 150w, https:\/\/rozaria.pl\/blog\/wp-content\/uploads\/2025\/08\/wrzesien_dynie-200x133.jpg 200w, https:\/\/rozaria.pl\/blog\/wp-content\/uploads\/2025\/08\/wrzesien_dynie-300x200.jpg 300w, https:\/\/rozaria.pl\/blog\/wp-content\/uploads\/2025\/08\/wrzesien_dynie-400x267.jpg 400w, https:\/\/rozaria.pl\/blog\/wp-content\/uploads\/2025\/08\/wrzesien_dynie-600x400.jpg 600w, https:\/\/rozaria.pl\/blog\/wp-content\/uploads\/2025\/08\/wrzesien_dynie-768x512.jpg 768w, https:\/\/rozaria.pl\/blog\/wp-content\/uploads\/2025\/08\/wrzesien_dynie-800x533.jpg 800w, https:\/\/rozaria.pl\/blog\/wp-content\/uploads\/2025\/08\/wrzesien_dynie.jpg 900w\" sizes=\"(max-width: 300px) 100vw, 300px\" \/><\/a>W sadzie i warzywniku trwa czas intensywnych zbior\u00f3w. Zrywamy jab\u0142ka i gruszki, kt\u00f3re zaczynaj\u0105 naturalnie opada\u0107 \u2013 to najlepszy moment, by trafi\u0142y do skrzynek lub piwniczek. \u015aliwki, je\u017cyny, winogrona i maliny r\u00f3wnie\u017c dojrzewaj\u0105 \u2013 warto je na bie\u017c\u0105co zbiera\u0107, zw\u0142aszcza je\u015bli planujemy przetwory. Pomidory, papryki i og\u00f3rki nale\u017cy zebra\u0107 przed pierwszymi przymrozkami, kt\u00f3re cz\u0119sto zaskakuj\u0105 ju\u017c pod koniec miesi\u0105ca. Zielone pomidory mo\u017cna pozostawi\u0107 do dojrzewania w skrzynkach lub wykorzysta\u0107 do przetwor\u00f3w.<\/p>\n<p style=\"text-align: justify;\">Po zbiorach przychodzi czas na oczyszczenie ogrodu z chorych resztek \u2013 zgni\u0142e li\u015bcie, pora\u017cone owoce i resztki warzyw lepiej spali\u0107 lub g\u0142\u0119boko zakopa\u0107, by ograniczy\u0107 \u017ar\u00f3d\u0142a infekcji w przysz\u0142ym sezonie. Gleb\u0119 w warzywniku warto przekopa\u0107 \u2013 szczeg\u00f3lnie je\u015bli mamy ci\u0119\u017ck\u0105 ziemi\u0119 \u2013 i pozostawi\u0107 na zim\u0119 w tzw. ostrej skibie. To naturalny spos\u00f3b poprawiania jej struktury.<\/p>\n<p style=\"text-align: justify;\">We wrze\u015bniu warto rozpocz\u0105\u0107 sadzenie cebuli dymki oraz warzyw przeznaczonych na przezimowanie, takich jak roszponka, szpinak i buraki li\u015bciowe. To r\u00f3wnie\u017c dobry czas na dzielenie i rozmna\u017canie rabarbaru \u2013 wykopane karpy mo\u017cna podzieli\u0107 na mniejsze cz\u0119\u015bci i posadzi\u0107 w nowych miejscach.<\/p>\n<h3 style=\"text-align: justify;\">\ud83c\udf38 Rabaty kwiatowe<\/h3>\n<p style=\"text-align: justify;\"><a href=\"https:\/\/rozaria.pl\/blog\/wp-content\/uploads\/2025\/08\/wrzesien_w_ogrodzie.jpg\"><img loading=\"lazy\" decoding=\"async\" class=\"alignleft size-medium wp-image-6836\" src=\"https:\/\/rozaria.pl\/blog\/wp-content\/uploads\/2025\/08\/wrzesien_w_ogrodzie-300x225.jpg\" alt=\"w ogrodzie wrzesie\u0144\" width=\"300\" height=\"225\" srcset=\"https:\/\/rozaria.pl\/blog\/wp-content\/uploads\/2025\/08\/wrzesien_w_ogrodzie-150x113.jpg 150w, https:\/\/rozaria.pl\/blog\/wp-content\/uploads\/2025\/08\/wrzesien_w_ogrodzie-200x150.jpg 200w, https:\/\/rozaria.pl\/blog\/wp-content\/uploads\/2025\/08\/wrzesien_w_ogrodzie-300x225.jpg 300w, https:\/\/rozaria.pl\/blog\/wp-content\/uploads\/2025\/08\/wrzesien_w_ogrodzie-400x300.jpg 400w, https:\/\/rozaria.pl\/blog\/wp-content\/uploads\/2025\/08\/wrzesien_w_ogrodzie-600x450.jpg 600w, https:\/\/rozaria.pl\/blog\/wp-content\/uploads\/2025\/08\/wrzesien_w_ogrodzie-768x576.jpg 768w, https:\/\/rozaria.pl\/blog\/wp-content\/uploads\/2025\/08\/wrzesien_w_ogrodzie-800x600.jpg 800w, https:\/\/rozaria.pl\/blog\/wp-content\/uploads\/2025\/08\/wrzesien_w_ogrodzie-1024x768.jpg 1024w, https:\/\/rozaria.pl\/blog\/wp-content\/uploads\/2025\/08\/wrzesien_w_ogrodzie.jpg 1068w\" sizes=\"(max-width: 300px) 100vw, 300px\" \/><\/a>Wrzesie\u0144 to tak\u017ce doskona\u0142y czas na sadzenie \u2013 zar\u00f3wno ro\u015blin u\u017cytkowych, jak i ozdobnych. Mo\u017cna sadzi\u0107 cebulki tulipan\u00f3w, narcyz\u00f3w, czosnk\u00f3w i krokus\u00f3w. Na rabatach warto posadzi\u0107 wrzosy, bratki, stokrotki oraz rozpocz\u0105\u0107 podzia\u0142 i przesadzanie bylin. Przesadzanie nie tylko odm\u0142adza ro\u015bliny, ale pozwala te\u017c na lepsze ich ukorzenienie przed zim\u0105. Je\u015bli planujemy zak\u0142ada\u0107 nowy \u017cywop\u0142ot lub zmienia\u0107 kompozycj\u0119 ogrodu \u2013 wrzesie\u0144 to idealny czas na sadzenie drzew i krzew\u00f3w.<\/p>\n<p style=\"text-align: justify;\">We wrze\u015bniu warto przesadza\u0107 i dzieli\u0107 byliny, by odm\u0142odzi\u0107 rabaty i przygotowa\u0107 ro\u015bliny do kolejnego sezonu. To tak\u017ce dobry moment na zbieranie nasion jednorocznych kwiat\u00f3w do wiosennych wysiew\u00f3w. Mo\u017cna rozpocz\u0105\u0107 sadzenie wrzos\u00f3w oraz ro\u015blin dwuletnich, takich jak bratki czy stokrotki \u2013 jednak je\u015bli lato przed\u0142u\u017cy\u0142o si\u0119 na wrzesie\u0144 i panuj\u0105 ciep\u0142e, suche dni, lepiej poczeka\u0107 z tymi pracami do pa\u017adziernika, by ro\u015bliny lepiej si\u0119 przyj\u0119\u0142y.<\/p>\n<h3 style=\"text-align: justify;\">\ud83c\udf31 Trawnik i og\u00f3lne porz\u0105dki<\/h3>\n<p style=\"text-align: justify;\">Trawnik r\u00f3wnie\u017c potrzebuje uwagi \u2013 nadal ro\u015bnie, wi\u0119c kosimy go regularnie. To dobry moment na jego dosiewanie, uzupe\u0142nianie ubytk\u00f3w oraz tzw. top dressing, czyli rozsypywanie cienkiej warstwy kompostu, kt\u00f3ry poprawia struktur\u0119 gleby. Kto marzy o wiosennych krokusach na trawniku \u2013 powinien w\u0142a\u015bnie teraz je posadzi\u0107.<\/p>\n<h3 style=\"text-align: justify;\">\ud83c\udf3c Doniczki, tarasy i balkon<\/h3>\n<p style=\"text-align: justify;\">W ogrodzie ozdobnym zbieramy nasiona jednorocznych ro\u015blin, a przekwit\u0142e kwiaty kierujemy na kompost. Warto zacz\u0105\u0107 wykopywa\u0107 lilie, begonie, mieczyki i inne cebule, kt\u00f3re nie zimuj\u0105 w gruncie. Te, kt\u00f3re sadzimy jesieni\u0105 \u2013 np. hiacynty do p\u0119dzenia zimowego \u2013 mo\u017cemy przygotowa\u0107 do doniczek. We wrze\u015bniu przenosimy wra\u017cliwe ro\u015bliny do wn\u0119trz (figowce, palmy, paprocie), tak by nie zosta\u0142y ich jesienne przymrozki na dworze.<\/p>\n<h2 style=\"text-align: justify;\">Dlaczego warto dzia\u0142a\u0107 we wrze\u015bniu?<\/h2>\n<p style=\"text-align: justify;\"><a href=\"https:\/\/rozaria.pl\/blog\/wp-content\/uploads\/2025\/08\/wrzesien_w_sadzie.jpg\"><img loading=\"lazy\" decoding=\"async\" class=\"alignleft size-medium wp-image-6837\" src=\"https:\/\/rozaria.pl\/blog\/wp-content\/uploads\/2025\/08\/wrzesien_w_sadzie-300x200.jpg\" alt=\"wrzesie\u0144 w ogrodzie\" width=\"300\" height=\"200\" srcset=\"https:\/\/rozaria.pl\/blog\/wp-content\/uploads\/2025\/08\/wrzesien_w_sadzie-150x100.jpg 150w, https:\/\/rozaria.pl\/blog\/wp-content\/uploads\/2025\/08\/wrzesien_w_sadzie-200x133.jpg 200w, https:\/\/rozaria.pl\/blog\/wp-content\/uploads\/2025\/08\/wrzesien_w_sadzie-300x200.jpg 300w, https:\/\/rozaria.pl\/blog\/wp-content\/uploads\/2025\/08\/wrzesien_w_sadzie-400x267.jpg 400w, https:\/\/rozaria.pl\/blog\/wp-content\/uploads\/2025\/08\/wrzesien_w_sadzie-600x400.jpg 600w, https:\/\/rozaria.pl\/blog\/wp-content\/uploads\/2025\/08\/wrzesien_w_sadzie.jpg 669w\" sizes=\"(max-width: 300px) 100vw, 300px\" \/><\/a>Wrzesie\u0144 to ostatni moment intensywnej aktywno\u015bci ro\u015blin przed zimowym spoczynkiem. To, co zrobisz teraz \u2013 od nawo\u017cenia, przez sadzenie, po porz\u0105dki \u2013 zadecyduje o kondycji ogrodu w kolejnym sezonie. W\u0142a\u015bnie teraz budujesz fundament pod wiosenne kwitnienie, zdrowy wzrost i bujny rozw\u00f3j ro\u015blin. Nie przegap tej szansy, bo ogr\u00f3d odwdzi\u0119czy si\u0119 za trosk\u0119 ju\u017c za kilka miesi\u0119cy.<\/p>\n<p style=\"text-align: justify;\">Pod koniec miesi\u0105ca li\u015bcie zaczn\u0105 intensywnie opada\u0107. Je\u015bli mamy wiele drzew, warto przygotowa\u0107 si\u0119 na ich systematyczne grabienie, a li\u015bcie zdrowe \u2013 kierowa\u0107 do kompostownika. Chore \u2013 podobnie jak pora\u017cone owoce \u2013 lepiej spali\u0107.<\/p>\n<p style=\"text-align: justify;\">Wrzesie\u0144 to r\u00f3wnie\u017c czas refleksji nad minionym sezonem \u2013 co si\u0119 uda\u0142o, co wymaga zmian. Mo\u017cna zaplanowa\u0107 nowe nasadzenia, przearan\u017cowa\u0107 rabaty, przygotowa\u0107 szkic nowych zak\u0105tk\u00f3w. Ogr\u00f3d jeszcze t\u0119tni \u017cyciem, ale ju\u017c zaczyna zwalnia\u0107 \u2013 warto wykorzysta\u0107 ten czas, by wej\u015b\u0107 w jesie\u0144 z satysfakcj\u0105 i spokojem.<\/p>\n<p style=\"text-align: justify;\">\ud83d\udccc Podsumowanie \u2013 wrzesie\u0144 w ogrodzie to czas:<\/p>\n<p style=\"text-align: justify;\" data-start=\"86\" data-end=\"340\">Wrzesie\u0144 w ogrodzie to czas <strong data-start=\"114\" data-end=\"134\">obfitych zbior\u00f3w<\/strong> \u2013 warzywniki i rabaty wci\u0105\u017c daj\u0105 plony i kolory, cho\u0107 dni staj\u0105 si\u0119 coraz kr\u00f3tsze. To r\u00f3wnie\u017c moment na <strong data-start=\"239\" data-end=\"306\">ostatnie siewy i sadzenie warzyw ozimych oraz ro\u015blin dwuletnich<\/strong>, takich jak bratki czy stokrotki.<\/p>\n<p style=\"text-align: justify;\" data-start=\"342\" data-end=\"627\">Nie mo\u017cna zapomina\u0107 o <strong data-start=\"364\" data-end=\"399\">ochronie ro\u015blin przed chorobami<\/strong>, kt\u00f3re przy wilgotnej aurze szybko si\u0119 rozprzestrzeniaj\u0105. <strong data-start=\"458\" data-end=\"480\">Jesienne nawo\u017cenie<\/strong> wzmacnia krzewy i byliny przed zim\u0105, a <strong data-start=\"520\" data-end=\"534\">podlewanie<\/strong> \u2013 cho\u0107 cz\u0119sto niedoceniane o tej porze \u2013 wci\u0105\u017c jest bardzo wa\u017cne, zw\u0142aszcza po suchym lecie.<\/p>\n<p style=\"text-align: justify;\" data-start=\"629\" data-end=\"780\" data-is-last-node=\"\" data-is-only-node=\"\">Wrzesie\u0144 to tak\u017ce czas <strong data-start=\"652\" data-end=\"676\">porz\u0105dk\u00f3w przed zim\u0105<\/strong>: usuwamy przekwit\u0142e ro\u015bliny, zbieramy nasiona, dzielimy byliny i przygotowujemy ogr\u00f3d do nowego sezonu.<\/p>\n","protected":false},"excerpt":{"rendered":"<p>\ud83c\udf39 Wrzesie\u0144 w ogrodzie r\u00f3\u017canym \u2013 co warto zrobi\u0107, by r\u00f3\u017ce pi\u0119knie przetrwa\u0142y zim\u0119? Wrzesie\u0144 to czas prze\u0142omu \u2013 ogr\u00f3d powoli zwalnia, ale r\u00f3\u017ce wci\u0105\u017c mog\u0105 zachwyca\u0107. To idealny moment, by zadba\u0107 o krzewy przed zimowym spoczynkiem i przygotowa\u0107 rabaty [&hellip;]<\/p>\n","protected":false},"author":1,"featured_media":6863,"comment_status":"open","ping_status":"open","sticky":false,"template":"","format":"standard","meta":{"_mi_skip_tracking":false,"_monsterinsights_sitenote_active":false,"_monsterinsights_sitenote_note":"","_monsterinsights_sitenote_category":0,"footnotes":""},"categories":[4,6,124],"tags":[],"yoast_head":"<!-- This site is optimized with the Yoast SEO plugin v23.5 - https:\/\/yoast.com\/wordpress\/plugins\/seo\/ -->\n<title>Wrzesie\u0144 w ogrodzie - blog Rozaria.pl<\/title>\n<meta name=\"description\" content=\"Wrzesie\u0144 to czas zmian w ogrodzie \u2013 ko\u0144cz\u0105 si\u0119 letnie plony, a rozpoczynaj\u0105 przygotowania do jesieni. Co warto zrobi\u0107 we wrze\u015bniu w ogrodzie.\" \/>\n<meta name=\"robots\" content=\"index, follow, max-snippet:-1, max-image-preview:large, max-video-preview:-1\" \/>\n<link rel=\"canonical\" href=\"https:\/\/rozaria.pl\/blog\/wrzesien-w-ogrodzie\/\" \/>\n<meta property=\"og:locale\" content=\"pl_PL\" \/>\n<meta property=\"og:type\" content=\"article\" \/>\n<meta property=\"og:title\" content=\"Wrzesie\u0144 w ogrodzie - blog Rozaria.pl\" \/>\n<meta property=\"og:description\" content=\"Wrzesie\u0144 to czas zmian w ogrodzie \u2013 ko\u0144cz\u0105 si\u0119 letnie plony, a rozpoczynaj\u0105 przygotowania do jesieni. Co warto zrobi\u0107 we wrze\u015bniu w ogrodzie.\" \/>\n<meta property=\"og:url\" content=\"https:\/\/rozaria.pl\/blog\/wrzesien-w-ogrodzie\/\" \/>\n<meta property=\"og:site_name\" content=\"blog Rozaria.pl\" \/>\n<meta property=\"article:publisher\" content=\"https:\/\/www.facebook.com\/SzkolkaRozRozaria\/\" \/>\n<meta property=\"article:published_time\" content=\"2025-08-22T09:18:04+00:00\" \/>\n<meta property=\"article:modified_time\" content=\"2025-08-22T09:32:55+00:00\" \/>\n<meta property=\"og:image\" content=\"https:\/\/rozaria.pl\/blog\/wp-content\/uploads\/2025\/08\/papageno_wrz.jpg\" \/>\n\t<meta property=\"og:image:width\" content=\"800\" \/>\n\t<meta property=\"og:image:height\" content=\"800\" \/>\n\t<meta property=\"og:image:type\" content=\"image\/jpeg\" \/>\n<meta name=\"author\" content=\"Rozaria.pl\" \/>\n<meta name=\"twitter:card\" content=\"summary_large_image\" \/>\n<meta name=\"twitter:creator\" content=\"@SzkolkaRozaria\" \/>\n<meta name=\"twitter:site\" content=\"@SzkolkaRozaria\" \/>\n<meta name=\"twitter:label1\" content=\"Napisane przez\" \/>\n\t<meta name=\"twitter:data1\" content=\"Rozaria.pl\" \/>\n\t<meta name=\"twitter:label2\" content=\"Szacowany czas czytania\" \/>\n\t<meta name=\"twitter:data2\" content=\"8 minut\" \/>\n<script type=\"application\/ld+json\" class=\"yoast-schema-graph\">{\"@context\":\"https:\/\/schema.org\",\"@graph\":[{\"@type\":\"Article\",\"@id\":\"https:\/\/rozaria.pl\/blog\/wrzesien-w-ogrodzie\/#article\",\"isPartOf\":{\"@id\":\"https:\/\/rozaria.pl\/blog\/wrzesien-w-ogrodzie\/\"},\"author\":{\"name\":\"Rozaria.pl\",\"@id\":\"https:\/\/rozaria.pl\/blog\/#\/schema\/person\/31b3805d5058ea1cffed1d8efb6e2513\"},\"headline\":\"Wrzesie\u0144 w ogrodzie\",\"datePublished\":\"2025-08-22T09:18:04+00:00\",\"dateModified\":\"2025-08-22T09:32:55+00:00\",\"mainEntityOfPage\":{\"@id\":\"https:\/\/rozaria.pl\/blog\/wrzesien-w-ogrodzie\/\"},\"wordCount\":1291,\"commentCount\":0,\"publisher\":{\"@id\":\"https:\/\/rozaria.pl\/blog\/#organization\"},\"image\":{\"@id\":\"https:\/\/rozaria.pl\/blog\/wrzesien-w-ogrodzie\/#primaryimage\"},\"thumbnailUrl\":\"https:\/\/rozaria.pl\/blog\/wp-content\/uploads\/2025\/08\/papageno_wrz.jpg\",\"articleSection\":[\"Ciekawostki\",\"Piel\u0119gnacja\",\"Porady ogrodowe\"],\"inLanguage\":\"pl-PL\",\"potentialAction\":[{\"@type\":\"CommentAction\",\"name\":\"Comment\",\"target\":[\"https:\/\/rozaria.pl\/blog\/wrzesien-w-ogrodzie\/#respond\"]}]},{\"@type\":\"WebPage\",\"@id\":\"https:\/\/rozaria.pl\/blog\/wrzesien-w-ogrodzie\/\",\"url\":\"https:\/\/rozaria.pl\/blog\/wrzesien-w-ogrodzie\/\",\"name\":\"Wrzesie\u0144 w ogrodzie - blog Rozaria.pl\",\"isPartOf\":{\"@id\":\"https:\/\/rozaria.pl\/blog\/#website\"},\"primaryImageOfPage\":{\"@id\":\"https:\/\/rozaria.pl\/blog\/wrzesien-w-ogrodzie\/#primaryimage\"},\"image\":{\"@id\":\"https:\/\/rozaria.pl\/blog\/wrzesien-w-ogrodzie\/#primaryimage\"},\"thumbnailUrl\":\"https:\/\/rozaria.pl\/blog\/wp-content\/uploads\/2025\/08\/papageno_wrz.jpg\",\"datePublished\":\"2025-08-22T09:18:04+00:00\",\"dateModified\":\"2025-08-22T09:32:55+00:00\",\"description\":\"Wrzesie\u0144 to czas zmian w ogrodzie \u2013 ko\u0144cz\u0105 si\u0119 letnie plony, a rozpoczynaj\u0105 przygotowania do jesieni. Co warto zrobi\u0107 we wrze\u015bniu w ogrodzie.\",\"breadcrumb\":{\"@id\":\"https:\/\/rozaria.pl\/blog\/wrzesien-w-ogrodzie\/#breadcrumb\"},\"inLanguage\":\"pl-PL\",\"potentialAction\":[{\"@type\":\"ReadAction\",\"target\":[\"https:\/\/rozaria.pl\/blog\/wrzesien-w-ogrodzie\/\"]}]},{\"@type\":\"ImageObject\",\"inLanguage\":\"pl-PL\",\"@id\":\"https:\/\/rozaria.pl\/blog\/wrzesien-w-ogrodzie\/#primaryimage\",\"url\":\"https:\/\/rozaria.pl\/blog\/wp-content\/uploads\/2025\/08\/papageno_wrz.jpg\",\"contentUrl\":\"https:\/\/rozaria.pl\/blog\/wp-content\/uploads\/2025\/08\/papageno_wrz.jpg\",\"width\":800,\"height\":800,\"caption\":\"wrzesie\u0144 w ogrodzie r\u00f3\u017canym\"},{\"@type\":\"BreadcrumbList\",\"@id\":\"https:\/\/rozaria.pl\/blog\/wrzesien-w-ogrodzie\/#breadcrumb\",\"itemListElement\":[{\"@type\":\"ListItem\",\"position\":1,\"name\":\"Strona g\u0142\u00f3wna\",\"item\":\"https:\/\/rozaria.pl\/blog\/\"},{\"@type\":\"ListItem\",\"position\":2,\"name\":\"Wrzesie\u0144 w ogrodzie\"}]},{\"@type\":\"WebSite\",\"@id\":\"https:\/\/rozaria.pl\/blog\/#website\",\"url\":\"https:\/\/rozaria.pl\/blog\/\",\"name\":\"blog Rozaria.pl\",\"description\":\"Porozmawiajmy o r\u00f3\u017cach, o wszystkich sprawach\",\"publisher\":{\"@id\":\"https:\/\/rozaria.pl\/blog\/#organization\"},\"potentialAction\":[{\"@type\":\"SearchAction\",\"target\":{\"@type\":\"EntryPoint\",\"urlTemplate\":\"https:\/\/rozaria.pl\/blog\/?s={search_term_string}\"},\"query-input\":{\"@type\":\"PropertyValueSpecification\",\"valueRequired\":true,\"valueName\":\"search_term_string\"}}],\"inLanguage\":\"pl-PL\"},{\"@type\":\"Organization\",\"@id\":\"https:\/\/rozaria.pl\/blog\/#organization\",\"name\":\"Szk\u00f3\u0142ka R\u00f3\u017c Rozaria\",\"url\":\"https:\/\/rozaria.pl\/blog\/\",\"logo\":{\"@type\":\"ImageObject\",\"inLanguage\":\"pl-PL\",\"@id\":\"https:\/\/rozaria.pl\/blog\/#\/schema\/logo\/image\/\",\"url\":\"https:\/\/rozaria.pl\/blog\/wp-content\/uploads\/2016\/12\/logo_dla-rozaria.png\",\"contentUrl\":\"https:\/\/rozaria.pl\/blog\/wp-content\/uploads\/2016\/12\/logo_dla-rozaria.png\",\"width\":400,\"height\":166,\"caption\":\"Szk\u00f3\u0142ka R\u00f3\u017c Rozaria\"},\"image\":{\"@id\":\"https:\/\/rozaria.pl\/blog\/#\/schema\/logo\/image\/\"},\"sameAs\":[\"https:\/\/www.facebook.com\/SzkolkaRozRozaria\/\",\"https:\/\/x.com\/SzkolkaRozaria\",\"https:\/\/www.youtube.com\/channel\/UCguKKBc7F06eYM1tzYx1Z5A\"]},{\"@type\":\"Person\",\"@id\":\"https:\/\/rozaria.pl\/blog\/#\/schema\/person\/31b3805d5058ea1cffed1d8efb6e2513\",\"name\":\"Rozaria.pl\",\"image\":{\"@type\":\"ImageObject\",\"inLanguage\":\"pl-PL\",\"@id\":\"https:\/\/rozaria.pl\/blog\/#\/schema\/person\/image\/\",\"url\":\"https:\/\/secure.gravatar.com\/avatar\/36c7e4b15b333b9fb573f9e54e7fcf52?s=96&d=mm&r=g\",\"contentUrl\":\"https:\/\/secure.gravatar.com\/avatar\/36c7e4b15b333b9fb573f9e54e7fcf52?s=96&d=mm&r=g\",\"caption\":\"Rozaria.pl\"},\"sameAs\":[\"https:\/\/www.rozaria.pl\",\"https:\/\/www.youtube.com\/channel\/UCguKKBc7F06eYM1tzYx1Z5A\"],\"url\":\"https:\/\/rozaria.pl\/blog\/author\/1rozanka\/\"}]}<\/script>\n<!-- \/ Yoast SEO plugin. -->","yoast_head_json":{"title":"Wrzesie\u0144 w ogrodzie - blog Rozaria.pl","description":"Wrzesie\u0144 to czas zmian w ogrodzie \u2013 ko\u0144cz\u0105 si\u0119 letnie plony, a rozpoczynaj\u0105 przygotowania do jesieni. Co warto zrobi\u0107 we wrze\u015bniu w ogrodzie.","robots":{"index":"index","follow":"follow","max-snippet":"max-snippet:-1","max-image-preview":"max-image-preview:large","max-video-preview":"max-video-preview:-1"},"canonical":"https:\/\/rozaria.pl\/blog\/wrzesien-w-ogrodzie\/","og_locale":"pl_PL","og_type":"article","og_title":"Wrzesie\u0144 w ogrodzie - blog Rozaria.pl","og_description":"Wrzesie\u0144 to czas zmian w ogrodzie \u2013 ko\u0144cz\u0105 si\u0119 letnie plony, a rozpoczynaj\u0105 przygotowania do jesieni. Co warto zrobi\u0107 we wrze\u015bniu w ogrodzie.","og_url":"https:\/\/rozaria.pl\/blog\/wrzesien-w-ogrodzie\/","og_site_name":"blog Rozaria.pl","article_publisher":"https:\/\/www.facebook.com\/SzkolkaRozRozaria\/","article_published_time":"2025-08-22T09:18:04+00:00","article_modified_time":"2025-08-22T09:32:55+00:00","og_image":[{"width":800,"height":800,"url":"https:\/\/rozaria.pl\/blog\/wp-content\/uploads\/2025\/08\/papageno_wrz.jpg","type":"image\/jpeg"}],"author":"Rozaria.pl","twitter_card":"summary_large_image","twitter_creator":"@SzkolkaRozaria","twitter_site":"@SzkolkaRozaria","twitter_misc":{"Napisane przez":"Rozaria.pl","Szacowany czas czytania":"8 minut"},"schema":{"@context":"https:\/\/schema.org","@graph":[{"@type":"Article","@id":"https:\/\/rozaria.pl\/blog\/wrzesien-w-ogrodzie\/#article","isPartOf":{"@id":"https:\/\/rozaria.pl\/blog\/wrzesien-w-ogrodzie\/"},"author":{"name":"Rozaria.pl","@id":"https:\/\/rozaria.pl\/blog\/#\/schema\/person\/31b3805d5058ea1cffed1d8efb6e2513"},"headline":"Wrzesie\u0144 w ogrodzie","datePublished":"2025-08-22T09:18:04+00:00","dateModified":"2025-08-22T09:32:55+00:00","mainEntityOfPage":{"@id":"https:\/\/rozaria.pl\/blog\/wrzesien-w-ogrodzie\/"},"wordCount":1291,"commentCount":0,"publisher":{"@id":"https:\/\/rozaria.pl\/blog\/#organization"},"image":{"@id":"https:\/\/rozaria.pl\/blog\/wrzesien-w-ogrodzie\/#primaryimage"},"thumbnailUrl":"https:\/\/rozaria.pl\/blog\/wp-content\/uploads\/2025\/08\/papageno_wrz.jpg","articleSection":["Ciekawostki","Piel\u0119gnacja","Porady ogrodowe"],"inLanguage":"pl-PL","potentialAction":[{"@type":"CommentAction","name":"Comment","target":["https:\/\/rozaria.pl\/blog\/wrzesien-w-ogrodzie\/#respond"]}]},{"@type":"WebPage","@id":"https:\/\/rozaria.pl\/blog\/wrzesien-w-ogrodzie\/","url":"https:\/\/rozaria.pl\/blog\/wrzesien-w-ogrodzie\/","name":"Wrzesie\u0144 w ogrodzie - blog Rozaria.pl","isPartOf":{"@id":"https:\/\/rozaria.pl\/blog\/#website"},"primaryImageOfPage":{"@id":"https:\/\/rozaria.pl\/blog\/wrzesien-w-ogrodzie\/#primaryimage"},"image":{"@id":"https:\/\/rozaria.pl\/blog\/wrzesien-w-ogrodzie\/#primaryimage"},"thumbnailUrl":"https:\/\/rozaria.pl\/blog\/wp-content\/uploads\/2025\/08\/papageno_wrz.jpg","datePublished":"2025-08-22T09:18:04+00:00","dateModified":"2025-08-22T09:32:55+00:00","description":"Wrzesie\u0144 to czas zmian w ogrodzie \u2013 ko\u0144cz\u0105 si\u0119 letnie plony, a rozpoczynaj\u0105 przygotowania do jesieni. Co warto zrobi\u0107 we wrze\u015bniu w ogrodzie.","breadcrumb":{"@id":"https:\/\/rozaria.pl\/blog\/wrzesien-w-ogrodzie\/#breadcrumb"},"inLanguage":"pl-PL","potentialAction":[{"@type":"ReadAction","target":["https:\/\/rozaria.pl\/blog\/wrzesien-w-ogrodzie\/"]}]},{"@type":"ImageObject","inLanguage":"pl-PL","@id":"https:\/\/rozaria.pl\/blog\/wrzesien-w-ogrodzie\/#primaryimage","url":"https:\/\/rozaria.pl\/blog\/wp-content\/uploads\/2025\/08\/papageno_wrz.jpg","contentUrl":"https:\/\/rozaria.pl\/blog\/wp-content\/uploads\/2025\/08\/papageno_wrz.jpg","width":800,"height":800,"caption":"wrzesie\u0144 w ogrodzie r\u00f3\u017canym"},{"@type":"BreadcrumbList","@id":"https:\/\/rozaria.pl\/blog\/wrzesien-w-ogrodzie\/#breadcrumb","itemListElement":[{"@type":"ListItem","position":1,"name":"Strona g\u0142\u00f3wna","item":"https:\/\/rozaria.pl\/blog\/"},{"@type":"ListItem","position":2,"name":"Wrzesie\u0144 w ogrodzie"}]},{"@type":"WebSite","@id":"https:\/\/rozaria.pl\/blog\/#website","url":"https:\/\/rozaria.pl\/blog\/","name":"blog Rozaria.pl","description":"Porozmawiajmy o r\u00f3\u017cach, o wszystkich sprawach","publisher":{"@id":"https:\/\/rozaria.pl\/blog\/#organization"},"potentialAction":[{"@type":"SearchAction","target":{"@type":"EntryPoint","urlTemplate":"https:\/\/rozaria.pl\/blog\/?s={search_term_string}"},"query-input":{"@type":"PropertyValueSpecification","valueRequired":true,"valueName":"search_term_string"}}],"inLanguage":"pl-PL"},{"@type":"Organization","@id":"https:\/\/rozaria.pl\/blog\/#organization","name":"Szk\u00f3\u0142ka R\u00f3\u017c Rozaria","url":"https:\/\/rozaria.pl\/blog\/","logo":{"@type":"ImageObject","inLanguage":"pl-PL","@id":"https:\/\/rozaria.pl\/blog\/#\/schema\/logo\/image\/","url":"https:\/\/rozaria.pl\/blog\/wp-content\/uploads\/2016\/12\/logo_dla-rozaria.png","contentUrl":"https:\/\/rozaria.pl\/blog\/wp-content\/uploads\/2016\/12\/logo_dla-rozaria.png","width":400,"height":166,"caption":"Szk\u00f3\u0142ka R\u00f3\u017c Rozaria"},"image":{"@id":"https:\/\/rozaria.pl\/blog\/#\/schema\/logo\/image\/"},"sameAs":["https:\/\/www.facebook.com\/SzkolkaRozRozaria\/","https:\/\/x.com\/SzkolkaRozaria","https:\/\/www.youtube.com\/channel\/UCguKKBc7F06eYM1tzYx1Z5A"]},{"@type":"Person","@id":"https:\/\/rozaria.pl\/blog\/#\/schema\/person\/31b3805d5058ea1cffed1d8efb6e2513","name":"Rozaria.pl","image":{"@type":"ImageObject","inLanguage":"pl-PL","@id":"https:\/\/rozaria.pl\/blog\/#\/schema\/person\/image\/","url":"https:\/\/secure.gravatar.com\/avatar\/36c7e4b15b333b9fb573f9e54e7fcf52?s=96&d=mm&r=g","contentUrl":"https:\/\/secure.gravatar.com\/avatar\/36c7e4b15b333b9fb573f9e54e7fcf52?s=96&d=mm&r=g","caption":"Rozaria.pl"},"sameAs":["https:\/\/www.rozaria.pl","https:\/\/www.youtube.com\/channel\/UCguKKBc7F06eYM1tzYx1Z5A"],"url":"https:\/\/rozaria.pl\/blog\/author\/1rozanka\/"}]}},"_links":{"self":[{"href":"https:\/\/rozaria.pl\/blog\/wp-json\/wp\/v2\/posts\/6826"}],"collection":[{"href":"https:\/\/rozaria.pl\/blog\/wp-json\/wp\/v2\/posts"}],"about":[{"href":"https:\/\/rozaria.pl\/blog\/wp-json\/wp\/v2\/types\/post"}],"author":[{"embeddable":true,"href":"https:\/\/rozaria.pl\/blog\/wp-json\/wp\/v2\/users\/1"}],"replies":[{"embeddable":true,"href":"https:\/\/rozaria.pl\/blog\/wp-json\/wp\/v2\/comments?post=6826"}],"version-history":[{"count":6,"href":"https:\/\/rozaria.pl\/blog\/wp-json\/wp\/v2\/posts\/6826\/revisions"}],"predecessor-version":[{"id":6865,"href":"https:\/\/rozaria.pl\/blog\/wp-json\/wp\/v2\/posts\/6826\/revisions\/6865"}],"wp:featuredmedia":[{"embeddable":true,"href":"https:\/\/rozaria.pl\/blog\/wp-json\/wp\/v2\/media\/6863"}],"wp:attachment":[{"href":"https:\/\/rozaria.pl\/blog\/wp-json\/wp\/v2\/media?parent=6826"}],"wp:term":[{"taxonomy":"category","embeddable":true,"href":"https:\/\/rozaria.pl\/blog\/wp-json\/wp\/v2\/categories?post=6826"},{"taxonomy":"post_tag","embeddable":true,"href":"https:\/\/rozaria.pl\/blog\/wp-json\/wp\/v2\/tags?post=6826"}],"curies":[{"name":"wp","href":"https:\/\/api.w.org\/{rel}","templated":true}]}}