{"id":6776,"date":"2025-07-22T18:28:44","date_gmt":"2025-07-22T16:28:44","guid":{"rendered":"https:\/\/rozaria.pl\/blog\/?p=6776"},"modified":"2025-07-24T21:17:36","modified_gmt":"2025-07-24T19:17:36","slug":"swieto-roz-w-konskowoli","status":"publish","type":"post","link":"https:\/\/rozaria.pl\/blog\/swieto-roz-w-konskowoli\/","title":{"rendered":"\u015awi\u0119to R\u00f3\u017c w Ko\u0144skowoli"},"content":{"rendered":"<h2>\ud83c\udf39 \u015awi\u0119to R\u00f3\u017c w Ko\u0144skowoli \u2013 historia, kt\u00f3ra zakorzeni\u0142a si\u0119 g\u0142\u0119boko<\/h2>\n<p style=\"text-align: justify;\">Ko\u0144skowola to serce polskiego szk\u00f3\u0142karstwa, kt\u00f3rego tradycja si\u0119ga pocz\u0105tk\u00f3w XIX wieku. Wszystko zacz\u0119\u0142o si\u0119 od wyj\u0105tkowej postaci \u2013 ksi\u0119\u017cnej Izabeli z Fleming\u00f3w Czartoryskiej, prekursorki sztuki ogrodniczej w Polsce. To ona jako jedna z pierwszych zacz\u0119\u0142a krzewi\u0107 nowoczesn\u0105 my\u015bl o architekturze krajobrazu i planowaniu zieleni \u2013 <a href=\"https:\/\/rozaria.pl\/blog\/wp-content\/uploads\/2025\/07\/wystawa_bukiety.jpg\"><img loading=\"lazy\" decoding=\"async\" class=\"size-medium wp-image-6778 alignright\" src=\"https:\/\/rozaria.pl\/blog\/wp-content\/uploads\/2025\/07\/wystawa_bukiety-300x225.jpg\" alt=\"\u015bwi\u0119to r\u00f3\u017c w Ko\u0144skowoli\" width=\"300\" height=\"225\" srcset=\"https:\/\/rozaria.pl\/blog\/wp-content\/uploads\/2025\/07\/wystawa_bukiety-150x113.jpg 150w, https:\/\/rozaria.pl\/blog\/wp-content\/uploads\/2025\/07\/wystawa_bukiety-200x150.jpg 200w, https:\/\/rozaria.pl\/blog\/wp-content\/uploads\/2025\/07\/wystawa_bukiety-300x225.jpg 300w, https:\/\/rozaria.pl\/blog\/wp-content\/uploads\/2025\/07\/wystawa_bukiety-400x300.jpg 400w, https:\/\/rozaria.pl\/blog\/wp-content\/uploads\/2025\/07\/wystawa_bukiety-600x450.jpg 600w, https:\/\/rozaria.pl\/blog\/wp-content\/uploads\/2025\/07\/wystawa_bukiety-768x576.jpg 768w, https:\/\/rozaria.pl\/blog\/wp-content\/uploads\/2025\/07\/wystawa_bukiety.jpg 800w\" sizes=\"(max-width: 300px) 100vw, 300px\" \/><\/a>nie tylko na kr\u00f3lewskich dworach, ale r\u00f3wnie\u017c w wiejskich ogr\u00f3dkach i przydomowych ogrodach.<\/p>\n<p style=\"text-align: justify;\">Ksi\u0119\u017cna Czartoryska wprowadza\u0142a w \u017cycie idee ogrodnictwa jako sztuki i stylu \u017cycia. W swojej ksi\u0105\u017cce \u201eMy\u015bli r\u00f3\u017cne o sposobie zak\u0142adania ogrod\u00f3w\u201d z 1805 roku dzieli\u0142a si\u0119 do\u015bwiadczeniem z planowania, sadzenia i piel\u0119gnacji ro\u015blin. Dzie\u0142o to zyska\u0142o ogromny odd\u017awi\u0119k spo\u0142eczny i rozbudzi\u0142o zami\u0142owanie do ogrodnictwa w regionie. Jej podr\u00f3\u017ce, lektury i niezwyk\u0142a wiedza o gatunkach ro\u015blin, ich pochodzeniu i \u0142aci\u0144skich nazwach sprawi\u0142y, \u017ce zaszczepi\u0142a w Ko\u0144skowoli pasj\u0119 do ro\u015blin, kt\u00f3ra z czasem przerodzi\u0142a si\u0119 w profesjonaln\u0105 produkcj\u0119 szk\u00f3\u0142karsk\u0105.<\/p>\n<p style=\"text-align: justify;\">To w\u0142a\u015bnie z tej tradycji \u2013 z pasji, wiedzy i wielopokoleniowego do\u015bwiadczenia \u2013 wyrasta dzisiejsze \u015awi\u0119to R\u00f3\u017c.<\/p>\n<h2 style=\"text-align: justify;\">\ud83c\udf38 Jak narodzi\u0142o si\u0119 \u015awi\u0119to R\u00f3\u017c w Ko\u0144skowoli?<\/h2>\n<p style=\"text-align: justify;\"><a href=\"https:\/\/rozaria.pl\/blog\/wp-content\/uploads\/2025\/07\/scena.jpg\"><img loading=\"lazy\" decoding=\"async\" class=\"alignleft wp-image-6809 size-medium\" src=\"https:\/\/rozaria.pl\/blog\/wp-content\/uploads\/2025\/07\/scena-300x169.jpg\" alt=\"\u015bwi\u0119to r\u00f3\u017c w ko\u0144skowoli \" width=\"300\" height=\"169\" srcset=\"https:\/\/rozaria.pl\/blog\/wp-content\/uploads\/2025\/07\/scena-150x84.jpg 150w, https:\/\/rozaria.pl\/blog\/wp-content\/uploads\/2025\/07\/scena-200x113.jpg 200w, https:\/\/rozaria.pl\/blog\/wp-content\/uploads\/2025\/07\/scena-300x169.jpg 300w, https:\/\/rozaria.pl\/blog\/wp-content\/uploads\/2025\/07\/scena-400x225.jpg 400w, https:\/\/rozaria.pl\/blog\/wp-content\/uploads\/2025\/07\/scena-600x338.jpg 600w, https:\/\/rozaria.pl\/blog\/wp-content\/uploads\/2025\/07\/scena-768x432.jpg 768w, https:\/\/rozaria.pl\/blog\/wp-content\/uploads\/2025\/07\/scena.jpg 800w\" sizes=\"(max-width: 300px) 100vw, 300px\" \/><\/a>Z bogatej tradycji uprawy r\u00f3\u017c w gminie Ko\u0144skowola zrodzi\u0142 si\u0119 pomys\u0142 na wyj\u0105tkowe wydarzenie \u2013 pierwsze \u015awi\u0119to R\u00f3\u017c zorganizowano w 1998 roku z inicjatywy Urz\u0119du Gminy, Lubelskiego O\u015brodka Doradztwa Rolniczego, Gminnego O\u015brodka Kultury oraz firmy Florpak. Mia\u0142o by\u0107 okazj\u0105 do promocji lokalnych producent\u00f3w, wymiany wiedzy ogrodniczej oraz uczczenia roli, jak\u0105 r\u00f3\u017ca odgrywa w to\u017csamo\u015bci regionu.<\/p>\n<p style=\"text-align: justify;\">\u015awi\u0119to rozpocz\u0119to od mszy \u015bwi\u0119tej w intencji ogrodnik\u00f3w i rolnik\u00f3w. Tradycyjnie organizowany by\u0142 te\u017c uroczysty korow\u00f3d z udzia\u0142em orkiestry, kt\u00f3ry prowadzi\u0142 na plac wystawowy LODR \u2013 tam lokalni szk\u00f3\u0142karze prezentowali swoje najpi\u0119kniejsze odmiany r\u00f3\u017c.<\/p>\n<h3 style=\"text-align: justify;\">\ud83c\udf39 Dlaczego \u015bwi\u0119to wpisa\u0142o si\u0119 w tradycj\u0119?<\/h3>\n<p style=\"text-align: justify;\">\u015awi\u0119to R\u00f3\u017c szybko zdoby\u0142o serca mieszka\u0144c\u00f3w i odwiedzaj\u0105cych \u2013 nie tylko dzi\u0119ki wspania\u0142ym r\u00f3\u017canym wystawom, ale te\u017c dzi\u0119ki atmosferze wsp\u00f3lnoty, rado\u015bci i dumy z lokalnego dziedzictwa. Ka\u017cdego roku mo\u017cna tu podziwia\u0107 nowe odmiany r\u00f3\u017c, zdobywa\u0107 wiedz\u0119 od do\u015bwiadczonych szk\u00f3\u0142karzy, bra\u0107 udzia\u0142 w konkursach, koncertach, rajdach i pokazach florystycznych.<\/p>\n<h2 style=\"text-align: justify;\">Jak wygl\u0105da \u015awi\u0119to R\u00f3\u017c w Ko\u0144skowoli dzi\u015b?<\/h2>\n<h3 style=\"text-align: justify;\"><span style=\"text-decoration: underline;\">\ud83c\udf3f Sobota \u2013 aktywny pocz\u0105tek \u015bwi\u0119ta i kiermasz na placu<\/span><\/h3>\n<p style=\"text-align: justify;\">Cho\u0107 kulminacja \u015awi\u0119ta R\u00f3\u017c przypada na niedziel\u0119, ju\u017c w sobot\u0119 w Ko\u0144skowoli zaczyna si\u0119 wielkie \u015bwi\u0119towanie. Program rozpoczynaj\u0105 zawody w\u0119dkarskie, rajdy rowerowe, spacery piesze i nordic walking, kt\u00f3re prowadz\u0105 szlakami zieleni, szk\u00f3\u0142ek i miejsc historycznych.<\/p>\n<p style=\"text-align: justify;\">Tego dnia odbywa si\u0119 r\u00f3wnie\u017c kiermasz na placu wystawowym LODR, gdzie swoje stoiska rozstawiaj\u0105 <a href=\"https:\/\/rozaria.pl\/\">szk\u00f3\u0142ki<\/a>, producenci sadzonek, r\u0119kodzielnicy i lokalni wytw\u00f3rcy. Mo\u017cna kupi\u0107 r\u00f3\u017ce, byliny, ro\u015bliny sezonowe, a tak\u017ce regionalne przysmaki i r\u0119kodzie\u0142o.<\/p>\n<p style=\"text-align: justify;\">Wiecz\u00f3r to czas koncert\u00f3w \u2013 scena plenerowa rozbrzmiewa muzyk\u0105, wyst\u0119puj\u0105 zespo\u0142y lokalne i zaproszeni go\u015bcie. To idealna okazja, by sp\u0119dzi\u0107 czas w rodzinnej atmosferze, poczu\u0107 klimat letniego festynu i wprowadzi\u0107 si\u0119 w nastr\u00f3j nadchodz\u0105cego \u015bwi\u0119ta.<a href=\"https:\/\/rozaria.pl\/blog\/wp-content\/uploads\/2025\/07\/wystawa.jpg\"><img loading=\"lazy\" decoding=\"async\" class=\"wp-image-6779 size-full aligncenter\" src=\"https:\/\/rozaria.pl\/blog\/wp-content\/uploads\/2025\/07\/wystawa.jpg\" alt=\"\u015bwi\u0119to r\u00f3\u017c w Ko\u0144skowoli\" width=\"533\" height=\"800\" srcset=\"https:\/\/rozaria.pl\/blog\/wp-content\/uploads\/2025\/07\/wystawa-100x150.jpg 100w, https:\/\/rozaria.pl\/blog\/wp-content\/uploads\/2025\/07\/wystawa-200x300.jpg 200w, https:\/\/rozaria.pl\/blog\/wp-content\/uploads\/2025\/07\/wystawa-400x600.jpg 400w, https:\/\/rozaria.pl\/blog\/wp-content\/uploads\/2025\/07\/wystawa.jpg 533w\" sizes=\"(max-width: 533px) 100vw, 533px\" \/><\/a><\/p>\n<h3 style=\"text-align: justify;\"><span style=\"text-decoration: underline;\">\ud83c\udf39 Niedzielna Wystawa \u2013 centrum wydarze\u0144 i spajaj\u0105cy akcent ca\u0142ego \u015bwi\u0119ta<\/span><\/h3>\n<p><a href=\"https:\/\/rozaria.pl\/blog\/wp-content\/uploads\/2025\/07\/wystawyroza.jpg\"><img loading=\"lazy\" decoding=\"async\" class=\"alignright wp-image-6813 size-full\" src=\"https:\/\/rozaria.pl\/blog\/wp-content\/uploads\/2025\/07\/wystawyroza.jpg\" alt=\"\" width=\"533\" height=\"800\" srcset=\"https:\/\/rozaria.pl\/blog\/wp-content\/uploads\/2025\/07\/wystawyroza-100x150.jpg 100w, https:\/\/rozaria.pl\/blog\/wp-content\/uploads\/2025\/07\/wystawyroza-200x300.jpg 200w, https:\/\/rozaria.pl\/blog\/wp-content\/uploads\/2025\/07\/wystawyroza-400x600.jpg 400w, https:\/\/rozaria.pl\/blog\/wp-content\/uploads\/2025\/07\/wystawyroza.jpg 533w\" sizes=\"(max-width: 533px) 100vw, 533px\" \/><\/a><\/p>\n<p style=\"text-align: justify;\">Niedziela to najwa\u017cniejszy dzie\u0144 \u015awi\u0119ta R\u00f3\u017c \u2013 jego serce i kulminacja. Uroczysto\u015bci rozpoczyna tradycyjnie Msza \u015awi\u0119ta w intencji ogrodnik\u00f3w i szk\u00f3\u0142karzy, odprawiana w ko\u015bciele parafialnym. W wydarzenie anga\u017cuj\u0105 si\u0119 r\u00f3wnie\u017c mieszka\u0144cy i go\u015bcie, cz\u0119sto wyst\u0119puj\u0105cy w strojach z epoki, co nawi\u0105zuje do dziedzictwa ksi\u0119\u017cnej Izabeli Czartoryskiej i ogrodniczych tradycji Ko\u0144skowoli.<\/p>\n<p style=\"text-align: justify;\">Centralnym punktem jest wystawa r\u00f3\u017c, kt\u00f3ra od 2019 roku odbywa si\u0119 we wn\u0119trzach odrestaurowanego ratusza. W pi\u0119knych, reprezentacyjnych salach prezentowane s\u0105 dziesi\u0105tki bukiet\u00f3w i odmian r\u00f3\u017c \u2013 zar\u00f3wno klasycznych, jak i nowo\u015bci hodowlanych. Liczba zg\u0142oszonych kompozycji zwykle przekracza 100 bukiet\u00f3w, a do tego dochodz\u0105 pokazy florystyczne z r\u00f3\u017c\u0105 w roli g\u0142\u00f3wnej i ekspozycje czo\u0142owych szk\u00f3\u0142ek z ca\u0142ego regionu. To prawdziwa uczta dla zmys\u0142\u00f3w i \u017ar\u00f3d\u0142o inspiracji ogrodniczych.<\/p>\n<h3><span style=\"text-decoration: underline;\">Konkursy<\/span><\/h3>\n<p style=\"text-align: justify;\">W ramach wystawy odbywa si\u0119 presti\u017cowy konkurs \u201eNajpi\u0119kniejsza R\u00f3\u017ca Wystawy\u201d, oceniany przez profesjonalne jury, a tak\u017ce g\u0142osowanie publiczno\u015bci \u2013 \u201eMiss Publiczno\u015bci\u201d. Dla wielu szk\u00f3\u0142karzy to najwa\u017cniejszy moment sezonu i symboliczne podsumowanie ca\u0142orocznej pracy. W 2024 roku r\u00f3\u017c\u0105 wystawy zosta\u0142a odmiana wielkokwiatowa Imperatrice Farah. 2025 rok nale\u017ca\u0142 do odmiany Wis\u0142awa Szymborska.<\/p>\n<p style=\"text-align: justify;\">Na placu wok\u00f3\u0142 ratusza kontynuowany jest kiermasz. Mo\u017cna tu nie tylko kupi\u0107 sadzonki, ale tak\u017ce porozmawia\u0107 z producentami, zapozna\u0107 si\u0119 z ofert\u0105 szk\u00f3\u0142ek i zasi\u0119gn\u0105\u0107 porady. Opr\u00f3cz tego warto skosztowa\u0107 lokalnych przysmak\u00f3w oraz podziwia\u0107 lokalne r\u0119kodzie\u0142o.<\/p>\n<p style=\"text-align: justify;\">Po godzinie 13 centrum wydarze\u0144 przenosi si\u0119 na scen\u0119 koncertow\u0105, gdzie \u2013 opr\u00f3cz wyst\u0119p\u00f3w muzycznych \u2013 odbywa si\u0119 cz\u0119\u015b\u0107 oficjalna. W\u0142adze gminy wr\u0119czaj\u0105 podzi\u0119kowania producentom r\u00f3\u017c za przygotowane bukiety i aran\u017cacje, a tak\u017ce wszystkim szk\u00f3\u0142kom, kt\u00f3re wsp\u00f3\u0142tworzy\u0142y opraw\u0119 \u015bwi\u0119ta. W tym miejscu nast\u0119puje te\u017c og\u0142oszenie wynik\u00f3w konkurs\u00f3w i wr\u0119czenie tytu\u0142\u00f3w zwyci\u0119skim odmianom oraz ich w\u0142a\u015bcicielom. Scena staje si\u0119 miejscem wsp\u00f3lnego \u015bwi\u0119towania pasji, ci\u0119\u017ckiej pracy i lokalnej dumy. W tym miejscu nast\u0119puje r\u00f3wnie\u017c uroczyste og\u0142oszenie wynik\u00f3w konkurs\u00f3w: wr\u0119czane s\u0105 tytu\u0142y dla Najpi\u0119kniejszej R\u00f3\u017cy Wystawy, Miss Publiczno\u015bci oraz wyr\u00f3\u017cnienia specjalne. Publiczno\u015b\u0107 bije brawo zwyci\u0119skim odmianom i ich hodowcom, a scena staje si\u0119 miejscem, gdzie pasja i ci\u0119\u017cka praca ogrodnik\u00f3w spotykaj\u0105 si\u0119 z uznaniem i rado\u015bci\u0105 wsp\u00f3lnego \u015bwi\u0119towania.<a href=\"https:\/\/rozaria.pl\/blog\/wp-content\/uploads\/2025\/07\/wislawa_szymborska1.jpg\"><img loading=\"lazy\" decoding=\"async\" class=\"wp-image-6792 size-full aligncenter\" src=\"https:\/\/rozaria.pl\/blog\/wp-content\/uploads\/2025\/07\/wislawa_szymborska1.jpg\" alt=\"\" width=\"533\" height=\"800\" srcset=\"https:\/\/rozaria.pl\/blog\/wp-content\/uploads\/2025\/07\/wislawa_szymborska1-100x150.jpg 100w, https:\/\/rozaria.pl\/blog\/wp-content\/uploads\/2025\/07\/wislawa_szymborska1-200x300.jpg 200w, https:\/\/rozaria.pl\/blog\/wp-content\/uploads\/2025\/07\/wislawa_szymborska1-400x600.jpg 400w, https:\/\/rozaria.pl\/blog\/wp-content\/uploads\/2025\/07\/wislawa_szymborska1.jpg 533w\" sizes=\"(max-width: 533px) 100vw, 533px\" \/><\/a><\/p>\n<h2 style=\"text-align: justify;\">\ud83d\udcf8 Fotorelacja \u2013 r\u00f3\u017ce, kt\u00f3re zachwyci\u0142y w 2025 roku<\/h2>\n<p style=\"text-align: justify;\">Tegoroczne \u015awi\u0119to R\u00f3\u017c mia\u0142o wyj\u0105tkowy, selektywny charakter \u2013 wszystko za spraw\u0105 burzowych tygodni, kt\u00f3re poprzedzi\u0142y lipcowe wydarzenie. Kapry\u015bna pogoda okaza\u0142a si\u0119 najlepszym testerem odporno\u015bci \u2013 do bukiet\u00f3w i kompozycji trafi\u0142y wy\u0142\u0105cznie te odmiany, kt\u00f3re przetrwa\u0142y deszcz, wiatr i wilgo\u0107, zachowuj\u0105c sw\u00f3j urok, barw\u0119 i form\u0119.<\/p>\n<p style=\"text-align: justify;\">To w\u0142a\u015bnie dzi\u0119ki temu na wystawie znalaz\u0142y si\u0119 r\u00f3\u017ce nie tylko pi\u0119kne, ale te\u017c wyj\u0105tkowo wytrzyma\u0142e, co czyni\u0142o tegoroczn\u0105 ekspozycj\u0119 szczeg\u00f3lnie inspiruj\u0105c\u0105 dla mi\u0142o\u015bnik\u00f3w ogrod\u00f3w.<\/p>\n<p style=\"text-align: justify;\">Warto te\u017c wspomnie\u0107, \u017ce uk\u0142ad wystawy by\u0142 starannie zaprojektowany \u2013 w 2025 roku przewodzi\u0142 mu styl ombre, kt\u00f3ry subtelnie przechodzi\u0142 przez gamy kolorystyczne, tworz\u0105c harmonijn\u0105, artystyczn\u0105 ca\u0142o\u015b\u0107.<\/p>\n<p style=\"text-align: justify;\">Poni\u017cej prezentujemy fotorelacj\u0119 z najciekawszych bukiet\u00f3w\u00a0 \u015awi\u0119ta R\u00f3\u017c 2025 \u2013 zapraszamy do ogl\u0105dania, podziwiania i czerpania inspiracji oraz komentarzy. \ud83c\udf39<\/p>\n<p>&nbsp;<\/p>\n<table style=\"border-collapse: collapse; width: 100%; height: 768px;\">\n<tbody>\n<tr>\n<td style=\"width: 24.9571%;\"><a href=\"https:\/\/rozaria.pl\/blog\/wp-content\/uploads\/2025\/07\/minerva1.jpg\"><img loading=\"lazy\" decoding=\"async\" class=\"size-medium wp-image-6798 aligncenter\" src=\"https:\/\/rozaria.pl\/blog\/wp-content\/uploads\/2025\/07\/minerva1-200x300.jpg\" alt=\"\" width=\"200\" height=\"300\" srcset=\"https:\/\/rozaria.pl\/blog\/wp-content\/uploads\/2025\/07\/minerva1-100x150.jpg 100w, https:\/\/rozaria.pl\/blog\/wp-content\/uploads\/2025\/07\/minerva1-200x300.jpg 200w, https:\/\/rozaria.pl\/blog\/wp-content\/uploads\/2025\/07\/minerva1-400x600.jpg 400w, https:\/\/rozaria.pl\/blog\/wp-content\/uploads\/2025\/07\/minerva1.jpg 533w\" sizes=\"(max-width: 200px) 100vw, 200px\" \/><\/a><\/td>\n<td style=\"width: 24.9571%;\"><a href=\"https:\/\/rozaria.pl\/blog\/wp-content\/uploads\/2025\/07\/dinky1.jpg\"><img loading=\"lazy\" decoding=\"async\" class=\"size-medium wp-image-6800 aligncenter\" src=\"https:\/\/rozaria.pl\/blog\/wp-content\/uploads\/2025\/07\/dinky1-200x300.jpg\" alt=\"\" width=\"200\" height=\"300\" srcset=\"https:\/\/rozaria.pl\/blog\/wp-content\/uploads\/2025\/07\/dinky1-100x150.jpg 100w, https:\/\/rozaria.pl\/blog\/wp-content\/uploads\/2025\/07\/dinky1-200x300.jpg 200w, https:\/\/rozaria.pl\/blog\/wp-content\/uploads\/2025\/07\/dinky1-400x600.jpg 400w, https:\/\/rozaria.pl\/blog\/wp-content\/uploads\/2025\/07\/dinky1.jpg 533w\" sizes=\"(max-width: 200px) 100vw, 200px\" \/><\/a><\/td>\n<td style=\"width: 24.9571%;\"><a href=\"https:\/\/rozaria.pl\/blog\/wp-content\/uploads\/2025\/07\/deep_secret1.jpg\"><img loading=\"lazy\" decoding=\"async\" class=\"alignleft size-medium wp-image-6799\" src=\"https:\/\/rozaria.pl\/blog\/wp-content\/uploads\/2025\/07\/deep_secret1-200x300.jpg\" alt=\"\" width=\"200\" height=\"300\" srcset=\"https:\/\/rozaria.pl\/blog\/wp-content\/uploads\/2025\/07\/deep_secret1-100x150.jpg 100w, https:\/\/rozaria.pl\/blog\/wp-content\/uploads\/2025\/07\/deep_secret1-200x300.jpg 200w, https:\/\/rozaria.pl\/blog\/wp-content\/uploads\/2025\/07\/deep_secret1-400x600.jpg 400w, https:\/\/rozaria.pl\/blog\/wp-content\/uploads\/2025\/07\/deep_secret1.jpg 533w\" sizes=\"(max-width: 200px) 100vw, 200px\" \/><\/a><\/td>\n<td style=\"width: 24.9571%;\"><a href=\"https:\/\/rozaria.pl\/blog\/wp-content\/uploads\/2025\/07\/ascot1.jpg\"><img loading=\"lazy\" decoding=\"async\" class=\"size-medium wp-image-6797 aligncenter\" src=\"https:\/\/rozaria.pl\/blog\/wp-content\/uploads\/2025\/07\/ascot1-169x300.jpg\" alt=\"\" width=\"169\" height=\"300\" srcset=\"https:\/\/rozaria.pl\/blog\/wp-content\/uploads\/2025\/07\/ascot1-84x150.jpg 84w, https:\/\/rozaria.pl\/blog\/wp-content\/uploads\/2025\/07\/ascot1-169x300.jpg 169w, https:\/\/rozaria.pl\/blog\/wp-content\/uploads\/2025\/07\/ascot1-200x356.jpg 200w, https:\/\/rozaria.pl\/blog\/wp-content\/uploads\/2025\/07\/ascot1-400x711.jpg 400w, https:\/\/rozaria.pl\/blog\/wp-content\/uploads\/2025\/07\/ascot1.jpg 450w\" sizes=\"(max-width: 169px) 100vw, 169px\" \/><\/a><\/td>\n<\/tr>\n<tr style=\"height: 348px;\">\n<td style=\"width: 24.9571%; height: 348px;\"><a href=\"https:\/\/rozaria.pl\/blog\/wp-content\/uploads\/2025\/07\/venrosa1.jpg\"><img loading=\"lazy\" decoding=\"async\" class=\"alignleft size-medium wp-image-6802\" src=\"https:\/\/rozaria.pl\/blog\/wp-content\/uploads\/2025\/07\/venrosa1-200x300.jpg\" alt=\"\" width=\"200\" height=\"300\" srcset=\"https:\/\/rozaria.pl\/blog\/wp-content\/uploads\/2025\/07\/venrosa1-100x150.jpg 100w, https:\/\/rozaria.pl\/blog\/wp-content\/uploads\/2025\/07\/venrosa1-200x300.jpg 200w, https:\/\/rozaria.pl\/blog\/wp-content\/uploads\/2025\/07\/venrosa1-400x600.jpg 400w, https:\/\/rozaria.pl\/blog\/wp-content\/uploads\/2025\/07\/venrosa1.jpg 533w\" sizes=\"(max-width: 200px) 100vw, 200px\" \/><\/a><\/td>\n<td style=\"width: 24.9571%; height: 348px;\"><a href=\"https:\/\/rozaria.pl\/blog\/wp-content\/uploads\/2025\/07\/pomponella1.jpg\"><img loading=\"lazy\" decoding=\"async\" class=\"alignleft size-medium wp-image-6803\" src=\"https:\/\/rozaria.pl\/blog\/wp-content\/uploads\/2025\/07\/pomponella1-200x300.jpg\" alt=\"\" width=\"200\" height=\"300\" srcset=\"https:\/\/rozaria.pl\/blog\/wp-content\/uploads\/2025\/07\/pomponella1-100x150.jpg 100w, https:\/\/rozaria.pl\/blog\/wp-content\/uploads\/2025\/07\/pomponella1-200x300.jpg 200w, https:\/\/rozaria.pl\/blog\/wp-content\/uploads\/2025\/07\/pomponella1-400x600.jpg 400w, https:\/\/rozaria.pl\/blog\/wp-content\/uploads\/2025\/07\/pomponella1.jpg 533w\" sizes=\"(max-width: 200px) 100vw, 200px\" \/><\/a><\/td>\n<td style=\"width: 24.9571%; height: 348px;\"><a href=\"https:\/\/rozaria.pl\/blog\/wp-content\/uploads\/2025\/07\/madame_boll1.jpg\"><img loading=\"lazy\" decoding=\"async\" class=\"size-medium wp-image-6785 aligncenter\" src=\"https:\/\/rozaria.pl\/blog\/wp-content\/uploads\/2025\/07\/madame_boll1-200x300.jpg\" alt=\"\" width=\"200\" height=\"300\" srcset=\"https:\/\/rozaria.pl\/blog\/wp-content\/uploads\/2025\/07\/madame_boll1-100x150.jpg 100w, https:\/\/rozaria.pl\/blog\/wp-content\/uploads\/2025\/07\/madame_boll1-200x300.jpg 200w, https:\/\/rozaria.pl\/blog\/wp-content\/uploads\/2025\/07\/madame_boll1-400x600.jpg 400w, https:\/\/rozaria.pl\/blog\/wp-content\/uploads\/2025\/07\/madame_boll1.jpg 533w\" sizes=\"(max-width: 200px) 100vw, 200px\" \/><\/a><\/td>\n<td style=\"width: 24.9571%; height: 348px;\"><a href=\"https:\/\/rozaria.pl\/blog\/wp-content\/uploads\/2025\/07\/biedermaier1.jpg\"><img loading=\"lazy\" decoding=\"async\" class=\"size-medium wp-image-6783 aligncenter\" src=\"https:\/\/rozaria.pl\/blog\/wp-content\/uploads\/2025\/07\/biedermaier1-200x300.jpg\" alt=\"\" width=\"200\" height=\"300\" srcset=\"https:\/\/rozaria.pl\/blog\/wp-content\/uploads\/2025\/07\/biedermaier1-100x150.jpg 100w, https:\/\/rozaria.pl\/blog\/wp-content\/uploads\/2025\/07\/biedermaier1-200x300.jpg 200w, https:\/\/rozaria.pl\/blog\/wp-content\/uploads\/2025\/07\/biedermaier1-400x600.jpg 400w, https:\/\/rozaria.pl\/blog\/wp-content\/uploads\/2025\/07\/biedermaier1.jpg 533w\" sizes=\"(max-width: 200px) 100vw, 200px\" \/><\/a><\/td>\n<\/tr>\n<tr style=\"height: 324px;\">\n<td style=\"width: 24.9571%; height: 324px;\"><a href=\"https:\/\/rozaria.pl\/blog\/wp-content\/uploads\/2025\/07\/ballerina1.jpg\"><img loading=\"lazy\" decoding=\"async\" class=\"size-medium wp-image-6781 aligncenter\" src=\"https:\/\/rozaria.pl\/blog\/wp-content\/uploads\/2025\/07\/ballerina1-200x300.jpg\" alt=\"bukiet \u015bwi\u0119to r\u00f3\u017c\" width=\"200\" height=\"300\" srcset=\"https:\/\/rozaria.pl\/blog\/wp-content\/uploads\/2025\/07\/ballerina1-100x150.jpg 100w, https:\/\/rozaria.pl\/blog\/wp-content\/uploads\/2025\/07\/ballerina1-200x300.jpg 200w, https:\/\/rozaria.pl\/blog\/wp-content\/uploads\/2025\/07\/ballerina1-400x600.jpg 400w, https:\/\/rozaria.pl\/blog\/wp-content\/uploads\/2025\/07\/ballerina1.jpg 533w\" sizes=\"(max-width: 200px) 100vw, 200px\" \/><\/a><\/td>\n<td style=\"width: 24.9571%; height: 324px;\"><a href=\"https:\/\/rozaria.pl\/blog\/wp-content\/uploads\/2025\/07\/mariatteresia1.jpg\"><img loading=\"lazy\" decoding=\"async\" class=\"size-medium wp-image-6782 aligncenter\" src=\"https:\/\/rozaria.pl\/blog\/wp-content\/uploads\/2025\/07\/mariatteresia1-200x300.jpg\" alt=\"\" width=\"200\" height=\"300\" srcset=\"https:\/\/rozaria.pl\/blog\/wp-content\/uploads\/2025\/07\/mariatteresia1-100x150.jpg 100w, https:\/\/rozaria.pl\/blog\/wp-content\/uploads\/2025\/07\/mariatteresia1-200x300.jpg 200w, https:\/\/rozaria.pl\/blog\/wp-content\/uploads\/2025\/07\/mariatteresia1-400x600.jpg 400w, https:\/\/rozaria.pl\/blog\/wp-content\/uploads\/2025\/07\/mariatteresia1.jpg 533w\" sizes=\"(max-width: 200px) 100vw, 200px\" \/><\/a><\/td>\n<td style=\"width: 24.9571%; height: 324px;\"><a href=\"https:\/\/rozaria.pl\/blog\/wp-content\/uploads\/2025\/07\/carissimo1.jpg\"><img loading=\"lazy\" decoding=\"async\" class=\"size-medium wp-image-6804 aligncenter\" src=\"https:\/\/rozaria.pl\/blog\/wp-content\/uploads\/2025\/07\/carissimo1-200x300.jpg\" alt=\"\" width=\"200\" height=\"300\" srcset=\"https:\/\/rozaria.pl\/blog\/wp-content\/uploads\/2025\/07\/carissimo1-100x150.jpg 100w, https:\/\/rozaria.pl\/blog\/wp-content\/uploads\/2025\/07\/carissimo1-200x300.jpg 200w, https:\/\/rozaria.pl\/blog\/wp-content\/uploads\/2025\/07\/carissimo1-400x600.jpg 400w, https:\/\/rozaria.pl\/blog\/wp-content\/uploads\/2025\/07\/carissimo1.jpg 533w\" sizes=\"(max-width: 200px) 100vw, 200px\" \/><\/a><\/td>\n<td style=\"width: 24.9571%; height: 324px;\"><a href=\"https:\/\/rozaria.pl\/blog\/wp-content\/uploads\/2025\/07\/pastella1.jpg\"><img loading=\"lazy\" decoding=\"async\" class=\"size-medium wp-image-6786 aligncenter\" src=\"https:\/\/rozaria.pl\/blog\/wp-content\/uploads\/2025\/07\/pastella1-200x300.jpg\" alt=\"\" width=\"200\" height=\"300\" srcset=\"https:\/\/rozaria.pl\/blog\/wp-content\/uploads\/2025\/07\/pastella1-100x150.jpg 100w, https:\/\/rozaria.pl\/blog\/wp-content\/uploads\/2025\/07\/pastella1-200x300.jpg 200w, https:\/\/rozaria.pl\/blog\/wp-content\/uploads\/2025\/07\/pastella1-400x600.jpg 400w, https:\/\/rozaria.pl\/blog\/wp-content\/uploads\/2025\/07\/pastella1.jpg 533w\" sizes=\"(max-width: 200px) 100vw, 200px\" \/><\/a><\/td>\n<\/tr>\n<tr style=\"height: 24px;\">\n<td style=\"width: 24.9571%; height: 24px;\"><a href=\"https:\/\/rozaria.pl\/blog\/wp-content\/uploads\/2025\/07\/concerto1.jpg\"><img loading=\"lazy\" decoding=\"async\" class=\"size-medium wp-image-6784 aligncenter\" src=\"https:\/\/rozaria.pl\/blog\/wp-content\/uploads\/2025\/07\/concerto1-169x300.jpg\" alt=\"\" width=\"169\" height=\"300\" srcset=\"https:\/\/rozaria.pl\/blog\/wp-content\/uploads\/2025\/07\/concerto1-84x150.jpg 84w, https:\/\/rozaria.pl\/blog\/wp-content\/uploads\/2025\/07\/concerto1-169x300.jpg 169w, https:\/\/rozaria.pl\/blog\/wp-content\/uploads\/2025\/07\/concerto1-200x356.jpg 200w, https:\/\/rozaria.pl\/blog\/wp-content\/uploads\/2025\/07\/concerto1-400x711.jpg 400w, https:\/\/rozaria.pl\/blog\/wp-content\/uploads\/2025\/07\/concerto1.jpg 450w\" sizes=\"(max-width: 169px) 100vw, 169px\" \/><\/a><\/td>\n<td style=\"width: 24.9571%; height: 24px;\"><a href=\"https:\/\/rozaria.pl\/blog\/wp-content\/uploads\/2025\/07\/versigny1.jpg\"><img loading=\"lazy\" decoding=\"async\" class=\"size-medium wp-image-6787 aligncenter\" src=\"https:\/\/rozaria.pl\/blog\/wp-content\/uploads\/2025\/07\/versigny1-200x300.jpg\" alt=\"\" width=\"200\" height=\"300\" srcset=\"https:\/\/rozaria.pl\/blog\/wp-content\/uploads\/2025\/07\/versigny1-100x150.jpg 100w, https:\/\/rozaria.pl\/blog\/wp-content\/uploads\/2025\/07\/versigny1-200x300.jpg 200w, https:\/\/rozaria.pl\/blog\/wp-content\/uploads\/2025\/07\/versigny1-400x600.jpg 400w, https:\/\/rozaria.pl\/blog\/wp-content\/uploads\/2025\/07\/versigny1.jpg 533w\" sizes=\"(max-width: 200px) 100vw, 200px\" \/><\/a><\/td>\n<td style=\"width: 24.9571%; height: 24px;\"><a href=\"https:\/\/rozaria.pl\/blog\/wp-content\/uploads\/2025\/07\/la_villa_cotta1.jpg\"><img loading=\"lazy\" decoding=\"async\" class=\"size-medium wp-image-6789 aligncenter\" src=\"https:\/\/rozaria.pl\/blog\/wp-content\/uploads\/2025\/07\/la_villa_cotta1-200x300.jpg\" alt=\"\" width=\"200\" height=\"300\" srcset=\"https:\/\/rozaria.pl\/blog\/wp-content\/uploads\/2025\/07\/la_villa_cotta1-100x150.jpg 100w, https:\/\/rozaria.pl\/blog\/wp-content\/uploads\/2025\/07\/la_villa_cotta1-200x300.jpg 200w, https:\/\/rozaria.pl\/blog\/wp-content\/uploads\/2025\/07\/la_villa_cotta1-400x600.jpg 400w, https:\/\/rozaria.pl\/blog\/wp-content\/uploads\/2025\/07\/la_villa_cotta1.jpg 533w\" sizes=\"(max-width: 200px) 100vw, 200px\" \/><\/a><\/td>\n<td style=\"width: 24.9571%; height: 24px;\"><a href=\"https:\/\/rozaria.pl\/blog\/wp-content\/uploads\/2025\/07\/circle_of_live1.jpg\"><img loading=\"lazy\" decoding=\"async\" class=\"size-medium wp-image-6790 aligncenter\" src=\"https:\/\/rozaria.pl\/blog\/wp-content\/uploads\/2025\/07\/circle_of_live1-200x300.jpg\" alt=\"\" width=\"200\" height=\"300\" srcset=\"https:\/\/rozaria.pl\/blog\/wp-content\/uploads\/2025\/07\/circle_of_live1-100x150.jpg 100w, https:\/\/rozaria.pl\/blog\/wp-content\/uploads\/2025\/07\/circle_of_live1-200x300.jpg 200w, https:\/\/rozaria.pl\/blog\/wp-content\/uploads\/2025\/07\/circle_of_live1-400x600.jpg 400w, https:\/\/rozaria.pl\/blog\/wp-content\/uploads\/2025\/07\/circle_of_live1.jpg 533w\" sizes=\"(max-width: 200px) 100vw, 200px\" \/><\/a><\/td>\n<\/tr>\n<tr style=\"height: 24px;\">\n<td style=\"width: 24.9571%; height: 24px;\"><a href=\"https:\/\/rozaria.pl\/blog\/wp-content\/uploads\/2025\/07\/augusta_luise-1-scaled.jpg\"><img loading=\"lazy\" decoding=\"async\" class=\"size-medium wp-image-6791 aligncenter\" src=\"https:\/\/rozaria.pl\/blog\/wp-content\/uploads\/2025\/07\/augusta_luise-1-200x300.jpg\" alt=\"\" width=\"200\" height=\"300\" srcset=\"https:\/\/rozaria.pl\/blog\/wp-content\/uploads\/2025\/07\/augusta_luise-1-100x150.jpg 100w, https:\/\/rozaria.pl\/blog\/wp-content\/uploads\/2025\/07\/augusta_luise-1-200x300.jpg 200w, https:\/\/rozaria.pl\/blog\/wp-content\/uploads\/2025\/07\/augusta_luise-1-400x600.jpg 400w, https:\/\/rozaria.pl\/blog\/wp-content\/uploads\/2025\/07\/augusta_luise-1-600x900.jpg 600w, https:\/\/rozaria.pl\/blog\/wp-content\/uploads\/2025\/07\/augusta_luise-1-683x1024.jpg 683w, https:\/\/rozaria.pl\/blog\/wp-content\/uploads\/2025\/07\/augusta_luise-1-768x1152.jpg 768w, https:\/\/rozaria.pl\/blog\/wp-content\/uploads\/2025\/07\/augusta_luise-1-800x1200.jpg 800w, https:\/\/rozaria.pl\/blog\/wp-content\/uploads\/2025\/07\/augusta_luise-1-1024x1536.jpg 1024w, https:\/\/rozaria.pl\/blog\/wp-content\/uploads\/2025\/07\/augusta_luise-1-1200x1800.jpg 1200w, https:\/\/rozaria.pl\/blog\/wp-content\/uploads\/2025\/07\/augusta_luise-1-1365x2048.jpg 1365w, https:\/\/rozaria.pl\/blog\/wp-content\/uploads\/2025\/07\/augusta_luise-1-scaled.jpg 1707w\" sizes=\"(max-width: 200px) 100vw, 200px\" \/><\/a><\/td>\n<td style=\"width: 24.9571%; height: 24px;\"><a href=\"https:\/\/rozaria.pl\/blog\/wp-content\/uploads\/2025\/07\/wislawa_szymborska1.jpg\"><img loading=\"lazy\" decoding=\"async\" class=\"size-medium wp-image-6792 aligncenter\" src=\"https:\/\/rozaria.pl\/blog\/wp-content\/uploads\/2025\/07\/wislawa_szymborska1-200x300.jpg\" alt=\"\" width=\"200\" height=\"300\" srcset=\"https:\/\/rozaria.pl\/blog\/wp-content\/uploads\/2025\/07\/wislawa_szymborska1-100x150.jpg 100w, https:\/\/rozaria.pl\/blog\/wp-content\/uploads\/2025\/07\/wislawa_szymborska1-200x300.jpg 200w, https:\/\/rozaria.pl\/blog\/wp-content\/uploads\/2025\/07\/wislawa_szymborska1-400x600.jpg 400w, https:\/\/rozaria.pl\/blog\/wp-content\/uploads\/2025\/07\/wislawa_szymborska1.jpg 533w\" sizes=\"(max-width: 200px) 100vw, 200px\" \/><\/a><\/td>\n<td style=\"width: 24.9571%; height: 24px;\"><a href=\"https:\/\/rozaria.pl\/blog\/wp-content\/uploads\/2025\/07\/naranga1.jpg\"><img loading=\"lazy\" decoding=\"async\" class=\"size-medium wp-image-6793 aligncenter\" src=\"https:\/\/rozaria.pl\/blog\/wp-content\/uploads\/2025\/07\/naranga1-200x300.jpg\" alt=\"\" width=\"200\" height=\"300\" srcset=\"https:\/\/rozaria.pl\/blog\/wp-content\/uploads\/2025\/07\/naranga1-100x150.jpg 100w, https:\/\/rozaria.pl\/blog\/wp-content\/uploads\/2025\/07\/naranga1-200x300.jpg 200w, https:\/\/rozaria.pl\/blog\/wp-content\/uploads\/2025\/07\/naranga1-400x600.jpg 400w, https:\/\/rozaria.pl\/blog\/wp-content\/uploads\/2025\/07\/naranga1.jpg 533w\" sizes=\"(max-width: 200px) 100vw, 200px\" \/><\/a><\/td>\n<td style=\"width: 24.9571%; height: 24px;\"><a href=\"https:\/\/rozaria.pl\/blog\/wp-content\/uploads\/2025\/07\/super_trouper1.jpg\"><img loading=\"lazy\" decoding=\"async\" class=\"size-medium wp-image-6794 aligncenter\" src=\"https:\/\/rozaria.pl\/blog\/wp-content\/uploads\/2025\/07\/super_trouper1-200x300.jpg\" alt=\"\" width=\"200\" height=\"300\" srcset=\"https:\/\/rozaria.pl\/blog\/wp-content\/uploads\/2025\/07\/super_trouper1-100x150.jpg 100w, https:\/\/rozaria.pl\/blog\/wp-content\/uploads\/2025\/07\/super_trouper1-200x300.jpg 200w, https:\/\/rozaria.pl\/blog\/wp-content\/uploads\/2025\/07\/super_trouper1-400x600.jpg 400w, https:\/\/rozaria.pl\/blog\/wp-content\/uploads\/2025\/07\/super_trouper1.jpg 533w\" sizes=\"(max-width: 200px) 100vw, 200px\" \/><\/a><\/td>\n<\/tr>\n<tr style=\"height: 24px;\">\n<td style=\"width: 24.9571%; height: 24px;\"><a href=\"https:\/\/rozaria.pl\/blog\/wp-content\/uploads\/2025\/07\/grande_amore1.jpg\"><img loading=\"lazy\" decoding=\"async\" class=\"size-medium wp-image-6795 aligncenter\" src=\"https:\/\/rozaria.pl\/blog\/wp-content\/uploads\/2025\/07\/grande_amore1-200x300.jpg\" alt=\"\" width=\"200\" height=\"300\" srcset=\"https:\/\/rozaria.pl\/blog\/wp-content\/uploads\/2025\/07\/grande_amore1-100x150.jpg 100w, https:\/\/rozaria.pl\/blog\/wp-content\/uploads\/2025\/07\/grande_amore1-200x300.jpg 200w, https:\/\/rozaria.pl\/blog\/wp-content\/uploads\/2025\/07\/grande_amore1-400x600.jpg 400w, https:\/\/rozaria.pl\/blog\/wp-content\/uploads\/2025\/07\/grande_amore1.jpg 533w\" sizes=\"(max-width: 200px) 100vw, 200px\" \/><\/a><\/td>\n<td style=\"width: 24.9571%; height: 24px;\"><a href=\"https:\/\/rozaria.pl\/blog\/wp-content\/uploads\/2025\/07\/ingrid_bergman_poulman1.jpg\"><img loading=\"lazy\" decoding=\"async\" class=\"size-medium wp-image-6796 aligncenter\" src=\"https:\/\/rozaria.pl\/blog\/wp-content\/uploads\/2025\/07\/ingrid_bergman_poulman1-200x300.jpg\" alt=\"\" width=\"200\" height=\"300\" srcset=\"https:\/\/rozaria.pl\/blog\/wp-content\/uploads\/2025\/07\/ingrid_bergman_poulman1-100x150.jpg 100w, https:\/\/rozaria.pl\/blog\/wp-content\/uploads\/2025\/07\/ingrid_bergman_poulman1-200x300.jpg 200w, https:\/\/rozaria.pl\/blog\/wp-content\/uploads\/2025\/07\/ingrid_bergman_poulman1-400x600.jpg 400w, https:\/\/rozaria.pl\/blog\/wp-content\/uploads\/2025\/07\/ingrid_bergman_poulman1.jpg 533w\" sizes=\"(max-width: 200px) 100vw, 200px\" \/><\/a><\/td>\n<td style=\"width: 24.9571%; height: 24px;\"><a href=\"https:\/\/rozaria.pl\/blog\/wp-content\/uploads\/2025\/07\/wedding_piano1.jpg\"><img loading=\"lazy\" decoding=\"async\" class=\"size-medium wp-image-6788 aligncenter\" src=\"https:\/\/rozaria.pl\/blog\/wp-content\/uploads\/2025\/07\/wedding_piano1-200x300.jpg\" alt=\"\" width=\"200\" height=\"300\" srcset=\"https:\/\/rozaria.pl\/blog\/wp-content\/uploads\/2025\/07\/wedding_piano1-100x150.jpg 100w, https:\/\/rozaria.pl\/blog\/wp-content\/uploads\/2025\/07\/wedding_piano1-200x300.jpg 200w, https:\/\/rozaria.pl\/blog\/wp-content\/uploads\/2025\/07\/wedding_piano1-400x600.jpg 400w, https:\/\/rozaria.pl\/blog\/wp-content\/uploads\/2025\/07\/wedding_piano1.jpg 533w\" sizes=\"(max-width: 200px) 100vw, 200px\" \/><\/a><\/td>\n<td style=\"width: 24.9571%; height: 24px;\"><a href=\"https:\/\/rozaria.pl\/blog\/wp-content\/uploads\/2025\/07\/karen_blixen1.jpg\"><img loading=\"lazy\" decoding=\"async\" class=\"alignleft size-medium wp-image-6805\" src=\"https:\/\/rozaria.pl\/blog\/wp-content\/uploads\/2025\/07\/karen_blixen1-200x300.jpg\" alt=\"\" width=\"200\" height=\"300\" srcset=\"https:\/\/rozaria.pl\/blog\/wp-content\/uploads\/2025\/07\/karen_blixen1-100x150.jpg 100w, https:\/\/rozaria.pl\/blog\/wp-content\/uploads\/2025\/07\/karen_blixen1-200x300.jpg 200w, https:\/\/rozaria.pl\/blog\/wp-content\/uploads\/2025\/07\/karen_blixen1-400x600.jpg 400w, https:\/\/rozaria.pl\/blog\/wp-content\/uploads\/2025\/07\/karen_blixen1.jpg 533w\" sizes=\"(max-width: 200px) 100vw, 200px\" \/><\/a><\/td>\n<\/tr>\n<\/tbody>\n<\/table>\n<h2><\/h2>\n<h2 style=\"text-align: justify;\">\ud83c\udf3a Zako\u0144czenie \u2013 \u015awi\u0119to, kt\u00f3re rozkwita co roku<\/h2>\n<p style=\"text-align: justify;\">\u015awi\u0119to R\u00f3\u017c w Ko\u0144skowoli to dzi\u015b wydarzenie o og\u00f3lnopolskim charakterze \u2013 \u0142\u0105cz\u0105ce tradycj\u0119 z nowoczesno\u015bci\u0105, sztuk\u0119 z ogrodnictwem, a kwiaty z emocjami ludzi, kt\u00f3rzy je z mi\u0142o\u015bci\u0105 tworz\u0105. To opowie\u015b\u0107 o miejscu, kt\u00f3re zakwit\u0142o dzi\u0119ki pasji \u2013 i co roku rozkwita na nowo. \u015awi\u0119to przyci\u0105ga wszystkich, kt\u00f3rym bliskie s\u0105 pi\u0119kno, natura i ogrodnicza dusza.<\/p>\n<p style=\"text-align: justify;\">Nie bez powodu to w\u0142a\u015bnie Ko\u0144skowola \u2013 serce jednego z najwi\u0119kszych zag\u0142\u0119bi producent\u00f3w r\u00f3\u017c w Polsce \u2013 sta\u0142a si\u0119 gospodarzem tego wyj\u0105tkowego \u015bwi\u0119ta. To tu, na \u017cyznych ziemiach, powstaj\u0105 r\u00f3\u017ce, kt\u00f3re p\u00f3\u017aniej zdobi\u0105 ogrody w ca\u0142ym kraju.<\/p>\n<p style=\"text-align: justify;\">Ka\u017cda edycja to nie tylko kontynuacja tradycji, ale r\u00f3wnie\u017c nowe odkrycia, niespodzianki i florystyczne zaskoczenia. R\u00f3\u017ce zmieniaj\u0105 si\u0119 z sezonu na sezon, podobnie jak pomys\u0142y tw\u00f3rc\u00f3w bukiet\u00f3w, kompozycji i wydarze\u0144 towarzysz\u0105cych.<\/p>\n<p style=\"text-align: justify;\">Zapraszamy ju\u017c teraz na kolejne \u015awi\u0119to R\u00f3\u017c \u2013 bo ka\u017cda kolejna edycja to nowe emocje, nowe odmiany i kolejne niezapomniane spotkania w\u015br\u00f3d kwiat\u00f3w. \ud83c\udf39<\/p>\n","protected":false},"excerpt":{"rendered":"<p>\ud83c\udf39 \u015awi\u0119to R\u00f3\u017c w Ko\u0144skowoli \u2013 historia, kt\u00f3ra zakorzeni\u0142a si\u0119 g\u0142\u0119boko Ko\u0144skowola to serce polskiego szk\u00f3\u0142karstwa, kt\u00f3rego tradycja si\u0119ga pocz\u0105tk\u00f3w XIX wieku. Wszystko zacz\u0119\u0142o si\u0119 od wyj\u0105tkowej postaci \u2013 ksi\u0119\u017cnej Izabeli z Fleming\u00f3w Czartoryskiej, prekursorki sztuki ogrodniczej w Polsce. To [&hellip;]<\/p>\n","protected":false},"author":1,"featured_media":6816,"comment_status":"open","ping_status":"open","sticky":false,"template":"","format":"standard","meta":{"_mi_skip_tracking":false,"_monsterinsights_sitenote_active":false,"_monsterinsights_sitenote_note":"","_monsterinsights_sitenote_category":0,"footnotes":""},"categories":[4,111],"tags":[],"yoast_head":"<!-- This site is optimized with the Yoast SEO plugin v23.5 - https:\/\/yoast.com\/wordpress\/plugins\/seo\/ -->\n<title>\u015awi\u0119to R\u00f3\u017c w Ko\u0144skowoli - blog Rozaria.pl<\/title>\n<meta name=\"description\" content=\"\u015awi\u0119to R\u00f3\u017c w Ko\u0144skowoli to jedyne takie w Polsce wydarzenie. Tradycja, nowo\u015bci i wyj\u0105tkowa fotorelacja z wystawy r\u00f3\u017c \u2013 odkryj ten festiwal!\" \/>\n<meta name=\"robots\" content=\"index, follow, max-snippet:-1, max-image-preview:large, max-video-preview:-1\" \/>\n<link rel=\"canonical\" href=\"https:\/\/rozaria.pl\/blog\/swieto-roz-w-konskowoli\/\" \/>\n<meta property=\"og:locale\" content=\"pl_PL\" \/>\n<meta property=\"og:type\" content=\"article\" \/>\n<meta property=\"og:title\" content=\"\u015awi\u0119to R\u00f3\u017c w Ko\u0144skowoli - blog Rozaria.pl\" \/>\n<meta property=\"og:description\" content=\"\u015awi\u0119to R\u00f3\u017c w Ko\u0144skowoli to jedyne takie w Polsce wydarzenie. Tradycja, nowo\u015bci i wyj\u0105tkowa fotorelacja z wystawy r\u00f3\u017c \u2013 odkryj ten festiwal!\" \/>\n<meta property=\"og:url\" content=\"https:\/\/rozaria.pl\/blog\/swieto-roz-w-konskowoli\/\" \/>\n<meta property=\"og:site_name\" content=\"blog Rozaria.pl\" \/>\n<meta property=\"article:publisher\" content=\"https:\/\/www.facebook.com\/SzkolkaRozRozaria\/\" \/>\n<meta property=\"article:published_time\" content=\"2025-07-22T16:28:44+00:00\" \/>\n<meta property=\"article:modified_time\" content=\"2025-07-24T19:17:36+00:00\" \/>\n<meta property=\"og:image\" content=\"https:\/\/rozaria.pl\/blog\/wp-content\/uploads\/2025\/07\/collage.jpg\" \/>\n\t<meta property=\"og:image:width\" content=\"800\" \/>\n\t<meta property=\"og:image:height\" content=\"800\" \/>\n\t<meta property=\"og:image:type\" content=\"image\/jpeg\" \/>\n<meta name=\"author\" content=\"Rozaria.pl\" \/>\n<meta name=\"twitter:card\" content=\"summary_large_image\" \/>\n<meta name=\"twitter:creator\" content=\"@SzkolkaRozaria\" \/>\n<meta name=\"twitter:site\" content=\"@SzkolkaRozaria\" \/>\n<meta name=\"twitter:label1\" content=\"Napisane przez\" \/>\n\t<meta name=\"twitter:data1\" content=\"Rozaria.pl\" \/>\n\t<meta name=\"twitter:label2\" content=\"Szacowany czas czytania\" \/>\n\t<meta name=\"twitter:data2\" content=\"13 minut\" \/>\n<script type=\"application\/ld+json\" class=\"yoast-schema-graph\">{\"@context\":\"https:\/\/schema.org\",\"@graph\":[{\"@type\":\"Article\",\"@id\":\"https:\/\/rozaria.pl\/blog\/swieto-roz-w-konskowoli\/#article\",\"isPartOf\":{\"@id\":\"https:\/\/rozaria.pl\/blog\/swieto-roz-w-konskowoli\/\"},\"author\":{\"name\":\"Rozaria.pl\",\"@id\":\"https:\/\/rozaria.pl\/blog\/#\/schema\/person\/31b3805d5058ea1cffed1d8efb6e2513\"},\"headline\":\"\u015awi\u0119to R\u00f3\u017c w Ko\u0144skowoli\",\"datePublished\":\"2025-07-22T16:28:44+00:00\",\"dateModified\":\"2025-07-24T19:17:36+00:00\",\"mainEntityOfPage\":{\"@id\":\"https:\/\/rozaria.pl\/blog\/swieto-roz-w-konskowoli\/\"},\"wordCount\":1314,\"commentCount\":0,\"publisher\":{\"@id\":\"https:\/\/rozaria.pl\/blog\/#organization\"},\"image\":{\"@id\":\"https:\/\/rozaria.pl\/blog\/swieto-roz-w-konskowoli\/#primaryimage\"},\"thumbnailUrl\":\"https:\/\/rozaria.pl\/blog\/wp-content\/uploads\/2025\/07\/collage.jpg\",\"articleSection\":[\"Ciekawostki\",\"Historie\"],\"inLanguage\":\"pl-PL\",\"potentialAction\":[{\"@type\":\"CommentAction\",\"name\":\"Comment\",\"target\":[\"https:\/\/rozaria.pl\/blog\/swieto-roz-w-konskowoli\/#respond\"]}]},{\"@type\":\"WebPage\",\"@id\":\"https:\/\/rozaria.pl\/blog\/swieto-roz-w-konskowoli\/\",\"url\":\"https:\/\/rozaria.pl\/blog\/swieto-roz-w-konskowoli\/\",\"name\":\"\u015awi\u0119to R\u00f3\u017c w Ko\u0144skowoli - blog Rozaria.pl\",\"isPartOf\":{\"@id\":\"https:\/\/rozaria.pl\/blog\/#website\"},\"primaryImageOfPage\":{\"@id\":\"https:\/\/rozaria.pl\/blog\/swieto-roz-w-konskowoli\/#primaryimage\"},\"image\":{\"@id\":\"https:\/\/rozaria.pl\/blog\/swieto-roz-w-konskowoli\/#primaryimage\"},\"thumbnailUrl\":\"https:\/\/rozaria.pl\/blog\/wp-content\/uploads\/2025\/07\/collage.jpg\",\"datePublished\":\"2025-07-22T16:28:44+00:00\",\"dateModified\":\"2025-07-24T19:17:36+00:00\",\"description\":\"\u015awi\u0119to R\u00f3\u017c w Ko\u0144skowoli to jedyne takie w Polsce wydarzenie. Tradycja, nowo\u015bci i wyj\u0105tkowa fotorelacja z wystawy r\u00f3\u017c \u2013 odkryj ten festiwal!\",\"breadcrumb\":{\"@id\":\"https:\/\/rozaria.pl\/blog\/swieto-roz-w-konskowoli\/#breadcrumb\"},\"inLanguage\":\"pl-PL\",\"potentialAction\":[{\"@type\":\"ReadAction\",\"target\":[\"https:\/\/rozaria.pl\/blog\/swieto-roz-w-konskowoli\/\"]}]},{\"@type\":\"ImageObject\",\"inLanguage\":\"pl-PL\",\"@id\":\"https:\/\/rozaria.pl\/blog\/swieto-roz-w-konskowoli\/#primaryimage\",\"url\":\"https:\/\/rozaria.pl\/blog\/wp-content\/uploads\/2025\/07\/collage.jpg\",\"contentUrl\":\"https:\/\/rozaria.pl\/blog\/wp-content\/uploads\/2025\/07\/collage.jpg\",\"width\":800,\"height\":800,\"caption\":\"\u015bwi\u0119to r\u00f3\u017c w ko\u0144skowoli\"},{\"@type\":\"BreadcrumbList\",\"@id\":\"https:\/\/rozaria.pl\/blog\/swieto-roz-w-konskowoli\/#breadcrumb\",\"itemListElement\":[{\"@type\":\"ListItem\",\"position\":1,\"name\":\"Strona g\u0142\u00f3wna\",\"item\":\"https:\/\/rozaria.pl\/blog\/\"},{\"@type\":\"ListItem\",\"position\":2,\"name\":\"\u015awi\u0119to R\u00f3\u017c w Ko\u0144skowoli\"}]},{\"@type\":\"WebSite\",\"@id\":\"https:\/\/rozaria.pl\/blog\/#website\",\"url\":\"https:\/\/rozaria.pl\/blog\/\",\"name\":\"blog Rozaria.pl\",\"description\":\"Porozmawiajmy o r\u00f3\u017cach, o wszystkich sprawach\",\"publisher\":{\"@id\":\"https:\/\/rozaria.pl\/blog\/#organization\"},\"potentialAction\":[{\"@type\":\"SearchAction\",\"target\":{\"@type\":\"EntryPoint\",\"urlTemplate\":\"https:\/\/rozaria.pl\/blog\/?s={search_term_string}\"},\"query-input\":{\"@type\":\"PropertyValueSpecification\",\"valueRequired\":true,\"valueName\":\"search_term_string\"}}],\"inLanguage\":\"pl-PL\"},{\"@type\":\"Organization\",\"@id\":\"https:\/\/rozaria.pl\/blog\/#organization\",\"name\":\"Szk\u00f3\u0142ka R\u00f3\u017c Rozaria\",\"url\":\"https:\/\/rozaria.pl\/blog\/\",\"logo\":{\"@type\":\"ImageObject\",\"inLanguage\":\"pl-PL\",\"@id\":\"https:\/\/rozaria.pl\/blog\/#\/schema\/logo\/image\/\",\"url\":\"https:\/\/rozaria.pl\/blog\/wp-content\/uploads\/2016\/12\/logo_dla-rozaria.png\",\"contentUrl\":\"https:\/\/rozaria.pl\/blog\/wp-content\/uploads\/2016\/12\/logo_dla-rozaria.png\",\"width\":400,\"height\":166,\"caption\":\"Szk\u00f3\u0142ka R\u00f3\u017c Rozaria\"},\"image\":{\"@id\":\"https:\/\/rozaria.pl\/blog\/#\/schema\/logo\/image\/\"},\"sameAs\":[\"https:\/\/www.facebook.com\/SzkolkaRozRozaria\/\",\"https:\/\/x.com\/SzkolkaRozaria\",\"https:\/\/www.youtube.com\/channel\/UCguKKBc7F06eYM1tzYx1Z5A\"]},{\"@type\":\"Person\",\"@id\":\"https:\/\/rozaria.pl\/blog\/#\/schema\/person\/31b3805d5058ea1cffed1d8efb6e2513\",\"name\":\"Rozaria.pl\",\"image\":{\"@type\":\"ImageObject\",\"inLanguage\":\"pl-PL\",\"@id\":\"https:\/\/rozaria.pl\/blog\/#\/schema\/person\/image\/\",\"url\":\"https:\/\/secure.gravatar.com\/avatar\/36c7e4b15b333b9fb573f9e54e7fcf52?s=96&d=mm&r=g\",\"contentUrl\":\"https:\/\/secure.gravatar.com\/avatar\/36c7e4b15b333b9fb573f9e54e7fcf52?s=96&d=mm&r=g\",\"caption\":\"Rozaria.pl\"},\"sameAs\":[\"https:\/\/www.rozaria.pl\",\"https:\/\/www.youtube.com\/channel\/UCguKKBc7F06eYM1tzYx1Z5A\"],\"url\":\"https:\/\/rozaria.pl\/blog\/author\/1rozanka\/\"}]}<\/script>\n<!-- \/ Yoast SEO plugin. -->","yoast_head_json":{"title":"\u015awi\u0119to R\u00f3\u017c w Ko\u0144skowoli - blog Rozaria.pl","description":"\u015awi\u0119to R\u00f3\u017c w Ko\u0144skowoli to jedyne takie w Polsce wydarzenie. Tradycja, nowo\u015bci i wyj\u0105tkowa fotorelacja z wystawy r\u00f3\u017c \u2013 odkryj ten festiwal!","robots":{"index":"index","follow":"follow","max-snippet":"max-snippet:-1","max-image-preview":"max-image-preview:large","max-video-preview":"max-video-preview:-1"},"canonical":"https:\/\/rozaria.pl\/blog\/swieto-roz-w-konskowoli\/","og_locale":"pl_PL","og_type":"article","og_title":"\u015awi\u0119to R\u00f3\u017c w Ko\u0144skowoli - blog Rozaria.pl","og_description":"\u015awi\u0119to R\u00f3\u017c w Ko\u0144skowoli to jedyne takie w Polsce wydarzenie. Tradycja, nowo\u015bci i wyj\u0105tkowa fotorelacja z wystawy r\u00f3\u017c \u2013 odkryj ten festiwal!","og_url":"https:\/\/rozaria.pl\/blog\/swieto-roz-w-konskowoli\/","og_site_name":"blog Rozaria.pl","article_publisher":"https:\/\/www.facebook.com\/SzkolkaRozRozaria\/","article_published_time":"2025-07-22T16:28:44+00:00","article_modified_time":"2025-07-24T19:17:36+00:00","og_image":[{"width":800,"height":800,"url":"https:\/\/rozaria.pl\/blog\/wp-content\/uploads\/2025\/07\/collage.jpg","type":"image\/jpeg"}],"author":"Rozaria.pl","twitter_card":"summary_large_image","twitter_creator":"@SzkolkaRozaria","twitter_site":"@SzkolkaRozaria","twitter_misc":{"Napisane przez":"Rozaria.pl","Szacowany czas czytania":"13 minut"},"schema":{"@context":"https:\/\/schema.org","@graph":[{"@type":"Article","@id":"https:\/\/rozaria.pl\/blog\/swieto-roz-w-konskowoli\/#article","isPartOf":{"@id":"https:\/\/rozaria.pl\/blog\/swieto-roz-w-konskowoli\/"},"author":{"name":"Rozaria.pl","@id":"https:\/\/rozaria.pl\/blog\/#\/schema\/person\/31b3805d5058ea1cffed1d8efb6e2513"},"headline":"\u015awi\u0119to R\u00f3\u017c w Ko\u0144skowoli","datePublished":"2025-07-22T16:28:44+00:00","dateModified":"2025-07-24T19:17:36+00:00","mainEntityOfPage":{"@id":"https:\/\/rozaria.pl\/blog\/swieto-roz-w-konskowoli\/"},"wordCount":1314,"commentCount":0,"publisher":{"@id":"https:\/\/rozaria.pl\/blog\/#organization"},"image":{"@id":"https:\/\/rozaria.pl\/blog\/swieto-roz-w-konskowoli\/#primaryimage"},"thumbnailUrl":"https:\/\/rozaria.pl\/blog\/wp-content\/uploads\/2025\/07\/collage.jpg","articleSection":["Ciekawostki","Historie"],"inLanguage":"pl-PL","potentialAction":[{"@type":"CommentAction","name":"Comment","target":["https:\/\/rozaria.pl\/blog\/swieto-roz-w-konskowoli\/#respond"]}]},{"@type":"WebPage","@id":"https:\/\/rozaria.pl\/blog\/swieto-roz-w-konskowoli\/","url":"https:\/\/rozaria.pl\/blog\/swieto-roz-w-konskowoli\/","name":"\u015awi\u0119to R\u00f3\u017c w Ko\u0144skowoli - blog Rozaria.pl","isPartOf":{"@id":"https:\/\/rozaria.pl\/blog\/#website"},"primaryImageOfPage":{"@id":"https:\/\/rozaria.pl\/blog\/swieto-roz-w-konskowoli\/#primaryimage"},"image":{"@id":"https:\/\/rozaria.pl\/blog\/swieto-roz-w-konskowoli\/#primaryimage"},"thumbnailUrl":"https:\/\/rozaria.pl\/blog\/wp-content\/uploads\/2025\/07\/collage.jpg","datePublished":"2025-07-22T16:28:44+00:00","dateModified":"2025-07-24T19:17:36+00:00","description":"\u015awi\u0119to R\u00f3\u017c w Ko\u0144skowoli to jedyne takie w Polsce wydarzenie. Tradycja, nowo\u015bci i wyj\u0105tkowa fotorelacja z wystawy r\u00f3\u017c \u2013 odkryj ten festiwal!","breadcrumb":{"@id":"https:\/\/rozaria.pl\/blog\/swieto-roz-w-konskowoli\/#breadcrumb"},"inLanguage":"pl-PL","potentialAction":[{"@type":"ReadAction","target":["https:\/\/rozaria.pl\/blog\/swieto-roz-w-konskowoli\/"]}]},{"@type":"ImageObject","inLanguage":"pl-PL","@id":"https:\/\/rozaria.pl\/blog\/swieto-roz-w-konskowoli\/#primaryimage","url":"https:\/\/rozaria.pl\/blog\/wp-content\/uploads\/2025\/07\/collage.jpg","contentUrl":"https:\/\/rozaria.pl\/blog\/wp-content\/uploads\/2025\/07\/collage.jpg","width":800,"height":800,"caption":"\u015bwi\u0119to r\u00f3\u017c w ko\u0144skowoli"},{"@type":"BreadcrumbList","@id":"https:\/\/rozaria.pl\/blog\/swieto-roz-w-konskowoli\/#breadcrumb","itemListElement":[{"@type":"ListItem","position":1,"name":"Strona g\u0142\u00f3wna","item":"https:\/\/rozaria.pl\/blog\/"},{"@type":"ListItem","position":2,"name":"\u015awi\u0119to R\u00f3\u017c w Ko\u0144skowoli"}]},{"@type":"WebSite","@id":"https:\/\/rozaria.pl\/blog\/#website","url":"https:\/\/rozaria.pl\/blog\/","name":"blog Rozaria.pl","description":"Porozmawiajmy o r\u00f3\u017cach, o wszystkich sprawach","publisher":{"@id":"https:\/\/rozaria.pl\/blog\/#organization"},"potentialAction":[{"@type":"SearchAction","target":{"@type":"EntryPoint","urlTemplate":"https:\/\/rozaria.pl\/blog\/?s={search_term_string}"},"query-input":{"@type":"PropertyValueSpecification","valueRequired":true,"valueName":"search_term_string"}}],"inLanguage":"pl-PL"},{"@type":"Organization","@id":"https:\/\/rozaria.pl\/blog\/#organization","name":"Szk\u00f3\u0142ka R\u00f3\u017c Rozaria","url":"https:\/\/rozaria.pl\/blog\/","logo":{"@type":"ImageObject","inLanguage":"pl-PL","@id":"https:\/\/rozaria.pl\/blog\/#\/schema\/logo\/image\/","url":"https:\/\/rozaria.pl\/blog\/wp-content\/uploads\/2016\/12\/logo_dla-rozaria.png","contentUrl":"https:\/\/rozaria.pl\/blog\/wp-content\/uploads\/2016\/12\/logo_dla-rozaria.png","width":400,"height":166,"caption":"Szk\u00f3\u0142ka R\u00f3\u017c Rozaria"},"image":{"@id":"https:\/\/rozaria.pl\/blog\/#\/schema\/logo\/image\/"},"sameAs":["https:\/\/www.facebook.com\/SzkolkaRozRozaria\/","https:\/\/x.com\/SzkolkaRozaria","https:\/\/www.youtube.com\/channel\/UCguKKBc7F06eYM1tzYx1Z5A"]},{"@type":"Person","@id":"https:\/\/rozaria.pl\/blog\/#\/schema\/person\/31b3805d5058ea1cffed1d8efb6e2513","name":"Rozaria.pl","image":{"@type":"ImageObject","inLanguage":"pl-PL","@id":"https:\/\/rozaria.pl\/blog\/#\/schema\/person\/image\/","url":"https:\/\/secure.gravatar.com\/avatar\/36c7e4b15b333b9fb573f9e54e7fcf52?s=96&d=mm&r=g","contentUrl":"https:\/\/secure.gravatar.com\/avatar\/36c7e4b15b333b9fb573f9e54e7fcf52?s=96&d=mm&r=g","caption":"Rozaria.pl"},"sameAs":["https:\/\/www.rozaria.pl","https:\/\/www.youtube.com\/channel\/UCguKKBc7F06eYM1tzYx1Z5A"],"url":"https:\/\/rozaria.pl\/blog\/author\/1rozanka\/"}]}},"_links":{"self":[{"href":"https:\/\/rozaria.pl\/blog\/wp-json\/wp\/v2\/posts\/6776"}],"collection":[{"href":"https:\/\/rozaria.pl\/blog\/wp-json\/wp\/v2\/posts"}],"about":[{"href":"https:\/\/rozaria.pl\/blog\/wp-json\/wp\/v2\/types\/post"}],"author":[{"embeddable":true,"href":"https:\/\/rozaria.pl\/blog\/wp-json\/wp\/v2\/users\/1"}],"replies":[{"embeddable":true,"href":"https:\/\/rozaria.pl\/blog\/wp-json\/wp\/v2\/comments?post=6776"}],"version-history":[{"count":15,"href":"https:\/\/rozaria.pl\/blog\/wp-json\/wp\/v2\/posts\/6776\/revisions"}],"predecessor-version":[{"id":6817,"href":"https:\/\/rozaria.pl\/blog\/wp-json\/wp\/v2\/posts\/6776\/revisions\/6817"}],"wp:featuredmedia":[{"embeddable":true,"href":"https:\/\/rozaria.pl\/blog\/wp-json\/wp\/v2\/media\/6816"}],"wp:attachment":[{"href":"https:\/\/rozaria.pl\/blog\/wp-json\/wp\/v2\/media?parent=6776"}],"wp:term":[{"taxonomy":"category","embeddable":true,"href":"https:\/\/rozaria.pl\/blog\/wp-json\/wp\/v2\/categories?post=6776"},{"taxonomy":"post_tag","embeddable":true,"href":"https:\/\/rozaria.pl\/blog\/wp-json\/wp\/v2\/tags?post=6776"}],"curies":[{"name":"wp","href":"https:\/\/api.w.org\/{rel}","templated":true}]}}