{"id":6744,"date":"2025-07-09T16:49:53","date_gmt":"2025-07-09T14:49:53","guid":{"rendered":"https:\/\/rozaria.pl\/blog\/?p=6744"},"modified":"2025-07-09T16:49:53","modified_gmt":"2025-07-09T14:49:53","slug":"lipiec-w-ogrodzie-letnia-pielegnacja-roz-w-pigulce","status":"publish","type":"post","link":"https:\/\/rozaria.pl\/blog\/lipiec-w-ogrodzie-letnia-pielegnacja-roz-w-pigulce\/","title":{"rendered":"Lipiec w ogrodzie  &#8211; letnia piel\u0119gnacja r\u00f3\u017c w pigu\u0142ce"},"content":{"rendered":"<h2 style=\"text-align: justify;\">\u2600\ufe0f Wst\u0119p: Lipiec w ogrodzie \u2013 czas pr\u00f3by dla ro\u015blin i ogrodnika<\/h2>\n<p style=\"text-align: justify;\"><a href=\"https:\/\/rozaria.pl\/blog\/wp-content\/uploads\/2025\/07\/roze_ogrod.jpg\"><img loading=\"lazy\" decoding=\"async\" class=\"alignleft size-medium wp-image-6749\" src=\"https:\/\/rozaria.pl\/blog\/wp-content\/uploads\/2025\/07\/roze_ogrod-300x200.jpg\" alt=\"lipiec w ogrodzie\" width=\"300\" height=\"200\" srcset=\"https:\/\/rozaria.pl\/blog\/wp-content\/uploads\/2025\/07\/roze_ogrod-150x100.jpg 150w, https:\/\/rozaria.pl\/blog\/wp-content\/uploads\/2025\/07\/roze_ogrod-200x133.jpg 200w, https:\/\/rozaria.pl\/blog\/wp-content\/uploads\/2025\/07\/roze_ogrod-300x200.jpg 300w, https:\/\/rozaria.pl\/blog\/wp-content\/uploads\/2025\/07\/roze_ogrod-400x267.jpg 400w, https:\/\/rozaria.pl\/blog\/wp-content\/uploads\/2025\/07\/roze_ogrod-600x400.jpg 600w, https:\/\/rozaria.pl\/blog\/wp-content\/uploads\/2025\/07\/roze_ogrod-768x512.jpg 768w, https:\/\/rozaria.pl\/blog\/wp-content\/uploads\/2025\/07\/roze_ogrod.jpg 800w\" sizes=\"(max-width: 300px) 100vw, 300px\" \/><\/a><span style=\"text-decoration: underline;\">Lipiec<\/span> to najgor\u0119tszy miesi\u0105c roku \u2013 zar\u00f3wno pod wzgl\u0119dem temperatur, jak i ogrodniczych wyzwa\u0144. Dni s\u0105 d\u0142ugie, s\u0142o\u0144ce operuje mocno od wczesnego rana, a opady deszczu zdarzaj\u0105 si\u0119 coraz rzadziej lub bywaj\u0105 gwa\u0142towne i kr\u00f3tkotrwa\u0142e. Ro\u015bliny wchodz\u0105 w faz\u0119 pe\u0142nej wegetacji \u2013 kwitn\u0105, zawi\u0105zuj\u0105 owoce, intensywnie si\u0119 rozwijaj\u0105 \u2013 a to oznacza wzmo\u017cone zapotrzebowanie na wod\u0119, sk\u0142adniki od\u017cywcze i cie\u0144.<\/p>\n<p style=\"text-align: justify;\">Jednocze\u015bnie to czas, gdy susza i upa\u0142y mog\u0105 dawa\u0107 si\u0119 we znaki \u2013 nie tylko trawnikom i warzywom, ale te\u017c r\u00f3\u017com, bylinom i m\u0142odym drzewkom. Gleba szybko przesycha, ro\u015bliny trac\u0105 turgor, a silne promieniowanie mo\u017ce uszkadza\u0107 li\u015bcie i kwiaty. Dlatego lipiec w ogrodzie to moment, kiedy regularno\u015b\u0107 i uwa\u017cno\u015b\u0107 ogrodnika maj\u0105 najwi\u0119ksze znaczenie \u2013 trzeba umie\u0107 pogodzi\u0107 podlewanie z ochron\u0105 przed chorobami, nawo\u017cenie z umiarem, a prace piel\u0119gnacyjne z trosk\u0105 o zdrowie ro\u015blin.<\/p>\n<p style=\"text-align: justify;\">To r\u00f3wnie\u017c miesi\u0105c, kt\u00f3ry wymaga planowania cienia, os\u0142on, \u015bci\u00f3\u0142kowania i m\u0105drego zarz\u0105dzania wod\u0105 \u2013 nie tylko dla ro\u015blin, ale i dla w\u0142asnego komfortu. Je\u015bli wi\u0119c ogr\u00f3d ma w lipcu t\u0119tni\u0107 \u017cyciem, trzeba go wspiera\u0107 w najwa\u017cniejszym momencie sezonu.<\/p>\n<h2 style=\"text-align: justify;\">\ud83d\udca7 Nawadnianie \u2013 klucz w upalne dni<\/h2>\n<p><strong data-start=\"105\" data-end=\"192\">Lipiec w ogrodzie to miesi\u0105c pr\u00f3by \u2013 ro\u015bliny najbardziej wtedy odczuwaj\u0105 brak wody.<\/strong> Dzieje si\u0119 tak nie tylko z powodu sk\u0105pych opad\u00f3w, ale przede wszystkim przez codzienne, intensywne parowanie przy wysokich temperaturach. Regularne, g\u0142\u0119bokie podlewanie staje si\u0119 wtedy absolutn\u0105 podstaw\u0105 letniej piel\u0119gnacji \u2013 szczeg\u00f3lnie dla rabat, m\u0142odych nasadze\u0144 i krzew\u00f3w kwitn\u0105cych, kt\u00f3re bez wody szybko trac\u0105 wigor i urod\u0119.<\/p>\n<h3 style=\"text-align: justify;\"><span style=\"text-decoration: underline;\">Najlepszy spos\u00f3b?<\/span><\/h3>\n<p style=\"text-align: justify;\">\ud83c\udf3f G\u0142\u0119bokie, rzadkie podlewanie \u2013 zamiast codziennych \u201eprzelewek\u201d, lepiej podlewa\u0107 rzadziej (co 2\u20134 dni), ale tak, by woda dotar\u0142a do g\u0142\u0119bszych warstw gleby.<br \/>\n\u2013 Ro\u015bliny rabatowe: 2\u20133 razy w tygodniu, 5\u201310 l na krzew<br \/>\n\u2013 Byliny i m\u0142ode drzewka: co 2\u20133 dni, 10\u201320 l wody<br \/>\n\u2013 Warzywa: najlepiej wcze\u015bnie rano, bez zamaczania li\u015bci<\/p>\n<p style=\"text-align: justify;\">\ud83c\udf05 Kiedy podlewa\u0107?<br \/>\n\u2013 Rano \u2013 najlepszy czas, ro\u015bliny maj\u0105 ca\u0142y dzie\u0144, by wykorzysta\u0107 wilgo\u0107.<br \/>\n\u2013 Wieczorem \u2013 tylko je\u015bli noce s\u0105 ciep\u0142e i przewiewne; w przeciwnym razie mo\u017ce sprzyja\u0107 chorobom grzybowym.<\/p>\n<p style=\"text-align: justify;\">\ud83d\udebf Podlewanie r\u0119czne:<br \/>\nJe\u015bli podlewasz konewk\u0105 lub w\u0119\u017cem, staraj si\u0119 podlewa\u0107 przy podstawie ro\u015bliny, a nie po li\u015bciach. Unikaj gwa\u0142townego strumienia \u2013 delikatne s\u0105czenie pozwoli wodzie wsi\u0105kn\u0105\u0107 zamiast sp\u0142yn\u0105\u0107 po powierzchni. Warto te\u017c co kilka dni lekko spulchni\u0107 gleb\u0119 wok\u00f3\u0142 korzeni, by woda nie ucieka\u0142a po skorupie.<\/p>\n<h3 style=\"text-align: justify;\"><span style=\"text-decoration: underline;\">\ud83d\udeb0 Czy warto zainwestowa\u0107 w linie kropluj\u0105ce?<\/span><\/h3>\n<p style=\"text-align: justify;\">Zdecydowanie tak \u2013 szczeg\u00f3lnie przy r\u00f3\u017cach, bylinach, warzywach i m\u0142odych nasadzeniach.<br \/>\nLinie kropluj\u0105ce (lub ta\u015bmy kropluj\u0105ce) to system, kt\u00f3ry powoli uwalnia wod\u0119 bezpo\u015brednio do strefy korzeniowej \u2013 oszcz\u0119dzaj\u0105c wod\u0119, czas i nerwy.<\/p>\n<p style=\"text-align: justify;\">Zalety:<br \/>\nLinia kropluj\u0105ca to rozwi\u0105zanie oszcz\u0119dne i precyzyjne \u2013 zu\u017cywa nawet o 50% mniej wody ni\u017c zraszacze, a nawodnienie trafia dok\u0142adnie tam, gdzie trzeba, bez moczenia li\u015bci i kwiat\u00f3w. Dzi\u0119ki mo\u017cliwo\u015bci pod\u0142\u0105czenia do zegara mo\u017cesz zautomatyzowa\u0107 podlewanie i cieszy\u0107 si\u0119 zdrowszym ogrodem nawet podczas nieobecno\u015bci.<\/p>\n<p style=\"text-align: justify;\">Co trzeba wiedzie\u0107?<br \/>\n\u2013 Najlepiej instalowa\u0107 linie na wyr\u00f3wnanej powierzchni i lekko nachylonej glebie,<br \/>\n\u2013 Linie przykrywamy \u015bci\u00f3\u0142k\u0105 (kora, s\u0142oma, \u017cwir), by zmniejszy\u0107 parowanie,<br \/>\n\u2013 Wymagaj\u0105 filtra i reduktora ci\u015bnienia przy pod\u0142\u0105czeniu do kranu \u2013 to wyd\u0142u\u017ca \u017cywotno\u015b\u0107 systemu.<\/p>\n<p style=\"text-align: justify;\">Linie kropluj\u0105ce s\u0105 szczeg\u00f3lnie polecane w ogrodach r\u00f3\u017canych \u2013 r\u00f3\u017ce nie lubi\u0105 moczenia li\u015bci, a ich g\u0142\u0119boki system korzeniowy doceni wod\u0119 dostarczan\u0105 powoli i regularnie.<\/p>\n<h2 style=\"text-align: justify;\">LIPCOWA PIEL\u0118GNACJA R\u00d3\u017b W PIGU\u0141CE:<\/h2>\n<p style=\"text-align: justify;\">\ud83c\udf39 Jak podlewa\u0107 r\u00f3\u017ce w lipcu? Poradnik na upalne dni<br \/>\nLipiec to miesi\u0105c pr\u00f3by dla r\u00f3\u017c \u2013 intensywne s\u0142o\u0144ce, wysoka temperatura i sk\u0105pe opady sprawiaj\u0105, \u017ce ro\u015bliny szybko trac\u0105 wod\u0119, a przesuszenie mo\u017ce skutkowa\u0107 opadaniem p\u0105k\u00f3w, bladymi kwiatami, a nawet wi\u0119ksz\u0105 podatno\u015bci\u0105 na prz\u0119dziorka i choroby grzybowe.<\/p>\n<p style=\"text-align: justify;\">Dlatego tak wa\u017cne jest regularne i g\u0142\u0119bokie podlewanie, dostosowane do rodzaju gleby i warunk\u00f3w panuj\u0105cych w ogrodzie.<\/p>\n<h3 style=\"text-align: justify;\"><span style=\"text-decoration: underline;\"><strong><em>\ud83d\udca7 Zasady podlewania r\u00f3\u017c latem:<\/em><\/strong><\/span><\/h3>\n<p style=\"text-align: justify;\">Podlewaj rzadziej, ale obficie \u2013 najlepiej wcze\u015bnie rano, zanim li\u015bcie si\u0119 nagrzej\u0105.<a href=\"https:\/\/rozaria.pl\/blog\/wp-content\/uploads\/2025\/07\/nawodnienie_roz.jpg\"><img loading=\"lazy\" decoding=\"async\" class=\"alignright wp-image-6750 size-medium\" src=\"https:\/\/rozaria.pl\/blog\/wp-content\/uploads\/2025\/07\/nawodnienie_roz-300x169.jpg\" alt=\"nawadinianie r\u00f3\u017c latem lipiec\" width=\"300\" height=\"169\" srcset=\"https:\/\/rozaria.pl\/blog\/wp-content\/uploads\/2025\/07\/nawodnienie_roz-150x84.jpg 150w, https:\/\/rozaria.pl\/blog\/wp-content\/uploads\/2025\/07\/nawodnienie_roz-200x113.jpg 200w, https:\/\/rozaria.pl\/blog\/wp-content\/uploads\/2025\/07\/nawodnienie_roz-300x169.jpg 300w, https:\/\/rozaria.pl\/blog\/wp-content\/uploads\/2025\/07\/nawodnienie_roz-400x225.jpg 400w, https:\/\/rozaria.pl\/blog\/wp-content\/uploads\/2025\/07\/nawodnienie_roz-600x338.jpg 600w, https:\/\/rozaria.pl\/blog\/wp-content\/uploads\/2025\/07\/nawodnienie_roz-768x432.jpg 768w, https:\/\/rozaria.pl\/blog\/wp-content\/uploads\/2025\/07\/nawodnienie_roz-800x450.jpg 800w, https:\/\/rozaria.pl\/blog\/wp-content\/uploads\/2025\/07\/nawodnienie_roz-1024x576.jpg 1024w, https:\/\/rozaria.pl\/blog\/wp-content\/uploads\/2025\/07\/nawodnienie_roz.jpg 1200w\" sizes=\"(max-width: 300px) 100vw, 300px\" \/><\/a><\/p>\n<p style=\"text-align: justify;\">Unikaj zraszania li\u015bci i kwiat\u00f3w \u2013 rosa + s\u0142o\u0144ce = m\u0105czniak i czarna plamisto\u015b\u0107.<\/p>\n<p style=\"text-align: justify;\">Stosuj podlewanie przy ziemi \u2013 w\u0119\u017cem z ma\u0142ym ci\u015bnieniem, konewk\u0105 z d\u0142ug\u0105 szyjk\u0105 lub lini\u0105 kropluj\u0105c\u0105, kt\u00f3ra jest szczeg\u00f3lnie polecana przy r\u00f3\u017cach.<\/p>\n<p style=\"text-align: justify;\">\u015aci\u00f3\u0142kuj gleb\u0119 (np. kor\u0105, s\u0142om\u0105, kompostem), by ograniczy\u0107 parowanie i utrzyma\u0107 wilgo\u0107 tam, gdzie jest potrzebna \u2013 przy korzeniach.<\/p>\n<p style=\"text-align: justify;\">\ud83d\udcca Jak cz\u0119sto podlewa\u0107 w zale\u017cno\u015bci od gleby?<br \/>\nTyp gleby Cz\u0119stotliwo\u015b\u0107 Ilo\u015b\u0107 wody<br \/>\nLekkie, piaszczyste co 2\u20133 dni 10\u201315 litr\u00f3w\/krzew<br \/>\nCi\u0119\u017csze, gliniaste co 4\u20135 dni 15\u201320 litr\u00f3w\/krzew<\/p>\n<p style=\"text-align: justify;\">\ud83d\udc49 Pami\u0119taj \u2013 lepiej podlewa\u0107 rzadziej, ale porz\u0105dnie, ni\u017c codziennie po trochu. To mobilizuje korzenie do si\u0119gania g\u0142\u0119biej, co czyni ro\u015bliny bardziej odpornymi na susz\u0119 i stres termiczny.<\/p>\n<p style=\"text-align: justify;\">\ud83d\udd77\ufe0f Bonus: Czy poranne zraszanie li\u015bci pomaga przeciwko prz\u0119dziorkowi?<br \/>\nCz\u0119\u015bciowo tak \u2013 poranne zraszanie (ale tylko delikatne i bardzo wcze\u015bnie!) zwi\u0119ksza wilgotno\u015b\u0107 powietrza, kt\u00f3rej prz\u0119dziorek nie znosi. To mo\u017ce ograniczy\u0107 jego rozw\u00f3j, ale nie zast\u0105pi regularnej obserwacji i ewentualnych oprysk\u00f3w, je\u015bli kolonia ju\u017c si\u0119 pojawi\u0142a. Zawsze dbaj, by li\u015bcie obeschn\u0119\u0142y przed noc\u0105.<\/p>\n<p style=\"text-align: justify;\">\ud83c\udf3f Dlaczego to wa\u017cne?<br \/>\nDobrze nawodnione r\u00f3\u017ce to nie tylko silniejsze p\u0105ki i d\u0142u\u017csze kwitnienie, ale te\u017c wi\u0119ksza odporno\u015b\u0107 na szkodniki, choroby i stres cieplny \u2013 a to w lipcu bezcenne!<\/p>\n<p style=\"text-align: justify;\">Je\u015bli r\u00f3\u017ce s\u0105 \u015bwie\u017co posadzone lub rosn\u0105 w donicach \u2013 cz\u0119stotliwo\u015b\u0107 PODLEWANIA b\u0119dzie wi\u0119ksza. \ud83c\udf39\ud83d\udca7<\/p>\n<h3 style=\"text-align: justify;\"><span style=\"text-decoration: underline;\"><em><strong>\ud83d\udee1\ufe0f Zwalczanie szkodnik\u00f3w i chor\u00f3b \u2013 konkrety!<\/strong><\/em><\/span><\/h3>\n<h4 style=\"text-align: justify;\">1\ufe0f\u20e3 Mszyce<\/h4>\n<p style=\"text-align: justify;\">W walce z nalotami mszyc proponujemy:<\/p>\n<ul>\n<li>Chemiczne \u015brodki: Mospilan 20 SP &#8211; najskutecznijeszy podczas wysokich temperatur, \u00a0Karate Zeon 050 CS, \u00a0Teppeki 50 WG<\/li>\n<li>Domowe metody: \u00a0wyci\u0105g z szarego myd\u0142a (10\u201315 ml\/1 l wody), \u00a0napar z czosnku, \u00a0roztw\u00f3r pokrzywy (gnoj\u00f3wka).<\/li>\n<\/ul>\n<h4 style=\"text-align: justify;\">2\ufe0f\u20e3 Prz\u0119dziorek (ma\u0142e, czerwone paj\u0105czki \u2013 cz\u0119sto spodnia strona li\u015bci)<\/h4>\n<p style=\"text-align: justify;\">\u2022 \ud83d\udd2c \u015arodki ochrony ro\u015blin: \u00a0Magus 200 SC, \u00a0Ortus 05 SC, \u00a0Sanmite 20 WP (uwaga \u2013 dzia\u0142aj\u0105 tylko kontaktowo na larwy i doros\u0142e, trzeba trafi\u0107 w moment!)<br \/>\n\u2022 \ud83c\udf31 Naturalne sposoby: \u00a0cz\u0119stsze zraszanie wod\u0105 spodniej strony li\u015bci wczesnym rankiem w upalne dni (prz\u0119dziorek nie lubi wilgoci), \u00a0wyci\u0105g z czosnku lub cebuli.<\/p>\n<p>Przy opryskach przeciwko prz\u0119dziorkowi niezwykle wa\u017cne jest, aby dysz\u0119 opryskiwacza kierowa\u0107 przede wszystkim na <strong data-start=\"113\" data-end=\"137\">spodni\u0105 stron\u0119 li\u015bci<\/strong>, gdzie najcz\u0119\u015bciej bytuj\u0105 szkodniki.<\/p>\n<h4 style=\"text-align: justify;\">3\ufe0f\u20e3 M\u0105czniak prawdziwy (bia\u0142y, m\u0105czysty nalot)<\/h4>\n<p style=\"text-align: justify;\">\u2022\u00a0 \u015arodki chemiczne: \u00a0Topas 100 EC, \u00a0Domark 100 EC, \u00a0Score 250 EC<br \/>\n\u2022\u00a0 Domowe metody: \u00a0soda oczyszczona + olej + woda (1 \u0142y\u017ceczka sody, 1 \u0142y\u017ceczka oleju ro\u015blinnego, 1 l wody), \u00a0odwar ze skrzypu polnego.<\/p>\n<p>Przy zwalczaniu m\u0105czniaka prawdziwego kluczowe jest dobre nawodnienie krzewu \u2013 to podstawa zar\u00f3wno skutecznej ochrony, jak i profilaktyki przed rozwojem tego grzyba.<\/p>\n<h4 style=\"text-align: justify;\">4\ufe0f\u20e3 Czarna plamisto\u015b\u0107<\/h4>\n<p style=\"text-align: justify;\">\u2022 \ud83d\udd2c \u015arodki chemiczne: \u00a0Topsin M 500 SC, \u00a0Zato 50 WG, \u00a0Dithane NeoTec 75 WG<br \/>\n\u2022 \ud83c\udf31 Ro\u015blinne receptury: \u00a0oprysk z czosnku + cebuli + mleka, \u00a0gnoj\u00f3wka z pokrzywy lub skrzypu.<\/p>\n<p>W przypadku czarnej plamisto\u015bci r\u00f3\u017cy usuwamy jak najszybciej li\u015bcie z widocznymi objawami choroby, nie zostawiamy r\u00f3wnie\u017c opad\u0142ych li\u015bci pod krzewem \u2013 dopiero po takim oczyszczeniu wykonujemy oprysk ochronny.<\/p>\n<p>Wszystkie opryski wykonujemy p\u00f3\u017anym wieczorem \u2013 gdy temperatura zaczyna spada\u0107, s\u0142o\u0144ce nie operuje ju\u017c bezpo\u015brednio, a owady zapylaj\u0105ce zako\u0144czy\u0142y sw\u00f3j dzienny oblot, co minimalizuje ryzyko ich przypadkowego kontaktu ze \u015brodkiem.<\/p>\n<h3 style=\"text-align: justify;\"><span style=\"text-decoration: underline;\"><em><strong>Nawo\u017cenie w lipcu:<\/strong><\/em><\/span><\/h3>\n<p style=\"text-align: justify;\">\ud83c\udf39 Lipcowe nawo\u017cenie r\u00f3\u017c \u2013 co polecamy?<br \/>\n\u2705 Polifoska Plus (5\u201110\u201120)<br \/>\n\u2013 idealna na lipiec: ma\u0142o azotu, za to du\u017co fosforu i potasu \u2013 wspiera drugie kwitnienie, wzmacnia odporno\u015b\u0107.<a href=\"https:\/\/rozaria.pl\/blog\/wp-content\/uploads\/2025\/03\/ziemia_roze.jpg\"><img loading=\"lazy\" decoding=\"async\" class=\"size-medium wp-image-6535 alignright\" src=\"https:\/\/rozaria.pl\/blog\/wp-content\/uploads\/2025\/03\/ziemia_roze-300x225.jpg\" alt=\"lipiec w ogrodzie\" width=\"300\" height=\"225\" srcset=\"https:\/\/rozaria.pl\/blog\/wp-content\/uploads\/2025\/03\/ziemia_roze-150x113.jpg 150w, https:\/\/rozaria.pl\/blog\/wp-content\/uploads\/2025\/03\/ziemia_roze-200x150.jpg 200w, https:\/\/rozaria.pl\/blog\/wp-content\/uploads\/2025\/03\/ziemia_roze-300x225.jpg 300w, https:\/\/rozaria.pl\/blog\/wp-content\/uploads\/2025\/03\/ziemia_roze-400x300.jpg 400w, https:\/\/rozaria.pl\/blog\/wp-content\/uploads\/2025\/03\/ziemia_roze-600x450.jpg 600w, https:\/\/rozaria.pl\/blog\/wp-content\/uploads\/2025\/03\/ziemia_roze-768x576.jpg 768w, https:\/\/rozaria.pl\/blog\/wp-content\/uploads\/2025\/03\/ziemia_roze.jpg 800w\" sizes=\"(max-width: 300px) 100vw, 300px\" \/><\/a><br \/>\n\ud83d\udca1 Dawkowanie: 30\u201350 g na krzew, raz w miesi\u0105cu.<\/p>\n<p style=\"text-align: justify;\">\u2705 M\u0105czka kostna<br \/>\n\u2013 naturalne \u017ar\u00f3d\u0142o fosforu, wolno dzia\u0142a, wzmacnia system korzeniowy i rozw\u00f3j p\u0105k\u00f3w.<br \/>\n\ud83d\udca1 Dosypa\u0107 1\u20132 \u0142y\u017cki wok\u00f3\u0142 krzewu.<\/p>\n<p style=\"text-align: justify;\">\u2705 Biohumus<br \/>\n\u2013 delikatny naw\u00f3z organiczny, poprawia \u017cycie mikrobiologiczne gleby i odporno\u015b\u0107 r\u00f3\u017c.<br \/>\n\ud83d\udca1 Mo\u017cna stosowa\u0107 z podlewaniem co 7\u201314 dni.<\/p>\n<p style=\"text-align: justify;\">\u2705 Kompost? Tak, ale z umiarem<br \/>\n\u2013 \u015bwietny jako dodatek strukturalny i organiczny, ale nie zast\u0105pi nawozu mineralnego w fazie intensywnego kwitnienia.<br \/>\n\ud83d\udca1 Rozsyp 3\u20135 litr\u00f3w wok\u00f3\u0142 krzewu jako dodatek do nawo\u017cenia.<br \/>\n\u2022 regularne usuwanie pora\u017conych li\u015bci i ich niekompostowanie<\/p>\n<p style=\"text-align: justify;\">\u2705 Co si\u0119 **nadaje z YaraMila na lipiec?<\/p>\n<div id=\"attachment_6754\" style=\"width: 310px\" class=\"wp-caption alignright\"><a href=\"https:\/\/rozaria.pl\/roze-wielkokwiatowe-sourire-du-havre\"><img loading=\"lazy\" decoding=\"async\" aria-describedby=\"caption-attachment-6754\" class=\"size-medium wp-image-6754\" src=\"https:\/\/rozaria.pl\/blog\/wp-content\/uploads\/2025\/07\/sourire_lato-300x169.jpg\" alt=\"\" width=\"300\" height=\"169\" srcset=\"https:\/\/rozaria.pl\/blog\/wp-content\/uploads\/2025\/07\/sourire_lato-150x84.jpg 150w, https:\/\/rozaria.pl\/blog\/wp-content\/uploads\/2025\/07\/sourire_lato-200x113.jpg 200w, https:\/\/rozaria.pl\/blog\/wp-content\/uploads\/2025\/07\/sourire_lato-300x169.jpg 300w, https:\/\/rozaria.pl\/blog\/wp-content\/uploads\/2025\/07\/sourire_lato-400x225.jpg 400w, https:\/\/rozaria.pl\/blog\/wp-content\/uploads\/2025\/07\/sourire_lato-600x338.jpg 600w, https:\/\/rozaria.pl\/blog\/wp-content\/uploads\/2025\/07\/sourire_lato-768x432.jpg 768w, https:\/\/rozaria.pl\/blog\/wp-content\/uploads\/2025\/07\/sourire_lato.jpg 800w\" sizes=\"(max-width: 300px) 100vw, 300px\" \/><\/a><p id=\"caption-attachment-6754\" class=\"wp-caption-text\"><a href=\"https:\/\/rozaria.pl\/roze-wielkokwiatowe-sourire-du-havre\">wielkokwiatowa r\u00f3\u017ca Sourire du Havre<\/a><\/p><\/div>\n<p style=\"text-align: justify;\">Rekomendowane:<\/p>\n<p style=\"text-align: justify;\">YaraMila Cropcare 8\u201124\u201124<br \/>\n\u2013 bardzo dobra formu\u0142a: niewiele azotu, ale za to bardzo du\u017co fosforu i potasu.<\/p>\n<p style=\"text-align: justify;\">\ud83c\udf31 Idealna do pobudzania kwitnienia i budowy odporno\u015bci.<\/p>\n<p style=\"text-align: justify;\">YaraMila Universal 7\u201120\u201128<br \/>\n\u2013 nieco bardziej zbalansowana, ale nadal z niskim N, bardzo dobre proporcje na lipiec.<\/p>\n<p style=\"text-align: justify;\">\u2705 Nawozy p\u0142ynne i dolistne dla r\u00f3\u017c \u2013 co dzia\u0142a najlepiej w \u015brodku lata?<br \/>\nDo lipcowego zasilenia r\u00f3\u017c warto si\u0119gn\u0105\u0107 po dolistny Florovit lub Target, a w glebie stosowa\u0107 Agrecol Biohumus, Compo lub \u201eTw\u00f3j Ogr\u00f3d\u201d. Dla fan\u00f3w ekologii \u2013 emulsja rybna to \u015bwietna, naturalna opcja wspieraj\u0105ca zdrowie ro\u015blin.<\/p>\n<p style=\"text-align: justify;\">\ud83d\udccc Zawsze czytaj etykiety i instrukcje producenta \u2013 w\u0142a\u015bciwe dawkowanie i termin stosowania maj\u0105 ogromne znaczenie, szczeg\u00f3lnie przy wysokich temperaturach lub przy nawo\u017ceniu dolistnym.<\/p>\n<h3 style=\"text-align: justify;\"><span style=\"text-decoration: underline;\"><em><strong>\u2702\ufe0f Og\u0142awianie r\u00f3\u017c \u2013 po co usuwamy przekwitni\u0119te kwiaty?<\/strong><\/em><\/span><\/h3>\n<p style=\"text-align: justify;\"><a href=\"https:\/\/rozaria.pl\/blog\/wp-content\/uploads\/2025\/07\/lipiec_oglawianie_roz.jpg\"><img loading=\"lazy\" decoding=\"async\" class=\"wp-image-6751 size-full aligncenter\" src=\"https:\/\/rozaria.pl\/blog\/wp-content\/uploads\/2025\/07\/lipiec_oglawianie_roz.jpg\" alt=\"lipiec w ogrodzie\" width=\"800\" height=\"419\" srcset=\"https:\/\/rozaria.pl\/blog\/wp-content\/uploads\/2025\/07\/lipiec_oglawianie_roz-150x79.jpg 150w, https:\/\/rozaria.pl\/blog\/wp-content\/uploads\/2025\/07\/lipiec_oglawianie_roz-200x105.jpg 200w, https:\/\/rozaria.pl\/blog\/wp-content\/uploads\/2025\/07\/lipiec_oglawianie_roz-300x157.jpg 300w, https:\/\/rozaria.pl\/blog\/wp-content\/uploads\/2025\/07\/lipiec_oglawianie_roz-400x210.jpg 400w, https:\/\/rozaria.pl\/blog\/wp-content\/uploads\/2025\/07\/lipiec_oglawianie_roz-600x314.jpg 600w, https:\/\/rozaria.pl\/blog\/wp-content\/uploads\/2025\/07\/lipiec_oglawianie_roz-768x402.jpg 768w, https:\/\/rozaria.pl\/blog\/wp-content\/uploads\/2025\/07\/lipiec_oglawianie_roz.jpg 800w\" sizes=\"(max-width: 800px) 100vw, 800px\" \/><\/a>Lipiec to idealny moment, by regularnie og\u0142awia\u0107 r\u00f3\u017ce, czyli usuwa\u0107 przekwitni\u0119te kwiaty \u2013 zanim zaczn\u0105 zawi\u0105zywa\u0107 owoce (tzw. owocostany). To prosty, ale bardzo wa\u017cny zabieg piel\u0119gnacyjny, kt\u00f3ry ma kilka kluczowych zalet:<\/p>\n<p style=\"text-align: justify;\">\ud83c\udf38 Pobudza ro\u015blin\u0119 do ponownego kwitnienia \u2013 r\u00f3\u017ca zamiast inwestowa\u0107 energi\u0119 w tworzenie nasion, zaczyna budowa\u0107 nowe p\u0105ki.<\/p>\n<p style=\"text-align: justify;\">\ud83d\udcaa Wzmacnia krzew \u2013 nie traci on si\u0142 na zb\u0119dne procesy biologiczne, tylko rozwija kolejne p\u0119dy i li\u015bcie.<\/p>\n<p style=\"text-align: justify;\">\ud83c\udf3f Poprawia estetyk\u0119 ogrodu \u2013 usuwa zwi\u0119d\u0142e kwiaty, kt\u00f3re mog\u0105 by\u0107 siedliskiem chor\u00f3b i szkodnik\u00f3w.<\/p>\n<div id=\"attachment_6753\" style=\"width: 310px\" class=\"wp-caption alignleft\"><a href=\"https:\/\/rozaria.pl\/czerwone-roze-okrywowe-mercury-2000\"><img loading=\"lazy\" decoding=\"async\" aria-describedby=\"caption-attachment-6753\" class=\"size-medium wp-image-6753\" src=\"https:\/\/rozaria.pl\/blog\/wp-content\/uploads\/2025\/07\/mercury-300x169.jpg\" alt=\"ogrodzie lipiec\" width=\"300\" height=\"169\" srcset=\"https:\/\/rozaria.pl\/blog\/wp-content\/uploads\/2025\/07\/mercury-150x84.jpg 150w, https:\/\/rozaria.pl\/blog\/wp-content\/uploads\/2025\/07\/mercury-200x113.jpg 200w, https:\/\/rozaria.pl\/blog\/wp-content\/uploads\/2025\/07\/mercury-300x169.jpg 300w, https:\/\/rozaria.pl\/blog\/wp-content\/uploads\/2025\/07\/mercury-400x225.jpg 400w, https:\/\/rozaria.pl\/blog\/wp-content\/uploads\/2025\/07\/mercury-600x338.jpg 600w, https:\/\/rozaria.pl\/blog\/wp-content\/uploads\/2025\/07\/mercury-768x432.jpg 768w, https:\/\/rozaria.pl\/blog\/wp-content\/uploads\/2025\/07\/mercury.jpg 800w\" sizes=\"(max-width: 300px) 100vw, 300px\" \/><\/a><p id=\"caption-attachment-6753\" class=\"wp-caption-text\"><a href=\"https:\/\/rozaria.pl\/czerwone-roze-okrywowe-mercury-2000\">odmiana okrywowa Mercury 2000<\/a><\/p><\/div>\n<p style=\"text-align: justify;\">\ud83d\udd04 Wyd\u0142u\u017ca sezon kwitnienia \u2013 systematycznie og\u0142awiane r\u00f3\u017ce mog\u0105 kwitn\u0105\u0107 a\u017c do pierwszych przymrozk\u00f3w!<\/p>\n<p style=\"text-align: justify;\">Jak to robi\u0107?<br \/>\nPrzycinasz p\u0119d tu\u017c nad pierwszym zdrowym li\u015bciem 5-listkowym, najlepiej skierowanym na zewn\u0105trz krzewu \u2013 to zapewnia r\u00f3wnowag\u0119 i dobry pokr\u00f3j ro\u015bliny. U r\u00f3\u017c wielkokwiatowych mo\u017cna \u015bcina\u0107 g\u0142\u0119biej (nawet 1\/3 p\u0119du), a u r\u00f3\u017c rabatowych \u2013 delikatniej, tylko kilka centymetr\u00f3w poni\u017cej kwiatu.<\/p>\n<p style=\"text-align: justify;\">\ud83d\udccc Nie og\u0142awiamy tylko r\u00f3\u017c, kt\u00f3re maj\u0105 wytwarza\u0107 owoce ozdobne \u2013 np. niekt\u00f3rych odmian r\u00f3\u017c dzikich lub parkowych, gdzie owocostany s\u0105 dekoracyjne jesieni\u0105.<\/p>\n<h2 style=\"text-align: justify;\"><span style=\"text-decoration: underline;\"><em>\ud83d\udee0\ufe0f Inne prace ogrodowe w lipcu \u2013 przycinanie, \u015bci\u00f3\u0142kowanie, ochrona<\/em><\/span><\/h2>\n<p style=\"text-align: justify;\">Lipiec to nie tylko podlewanie i nawo\u017cenie \u2013 to tak\u017ce czas piel\u0119gnacji i porz\u0105dkowania ca\u0142ego ogrodu. Ro\u015bliny intensywnie rosn\u0105, ale te\u017c zu\u017cywaj\u0105 du\u017co energii i s\u0105 bardziej nara\u017cone na ataki szkodnik\u00f3w oraz chor\u00f3b. Warto po\u015bwi\u0119ci\u0107 chwil\u0119 na og\u00f3ln\u0105 obserwacj\u0119 i szybkie interwencje.<\/p>\n<h3 style=\"text-align: justify;\"><span style=\"text-decoration: underline;\">\ud83c\udf3f Byliny<\/span><\/h3>\n<p style=\"text-align: justify;\">Usuwamy przekwit\u0142e kwiatostany (np. u liliowc\u00f3w, \u0142ubin\u00f3w, ostr\u00f3\u017cek) \u2013 stymuluje to nowe p\u0119dy i zapobiega samosiewom.<\/p>\n<p style=\"text-align: justify;\">Podwi\u0105zujemy wybuja\u0142e p\u0119dy \u2013 np. u floks\u00f3w czy rudbekii \u2013 by si\u0119 nie pok\u0142ada\u0142y i nie \u0142ama\u0142y.<\/p>\n<p style=\"text-align: justify;\">\u015aci\u00f3\u0142kujemy kompostem lub kor\u0105 \u2013 ogranicza parowanie, chroni korzenie i t\u0142umi chwasty.<\/p>\n<h3 style=\"text-align: justify;\"><span style=\"text-decoration: underline;\">\ud83c\udf33 Drzewa i krzewy ozdobne<\/span><\/h3>\n<p style=\"text-align: justify;\">Formujemy \u017cywop\u0142oty z ligustru, grabu, cisa czy tui \u2013 to ostatni moment przed sierpniow\u0105 regeneracj\u0105.<\/p>\n<p style=\"text-align: justify;\">Usuwamy dzikie p\u0119dy i odrosty korzeniowe (zw\u0142aszcza u szczepionych ro\u015blin).<\/p>\n<p style=\"text-align: justify;\">Sprawdzamy obecno\u015b\u0107 szkodnik\u00f3w \u2013 mszyc, misecznik\u00f3w, ochojnik\u00f3w \u2013 szczeg\u00f3lnie na m\u0142odych p\u0119dach i spodniej stronie li\u015bci.<\/p>\n<p style=\"text-align: justify;\">Przy drzewach ozdobnych (np. klony, magnolie) kontrolujemy stan mulczu i \u015bci\u00f3\u0142ki \u2013 mog\u0105 wymaga\u0107 uzupe\u0142nienia.<\/p>\n<h3 style=\"text-align: justify;\"><span style=\"text-decoration: underline;\">\ud83c\udf4e Drzewa i krzewy owocowe<\/span><\/h3>\n<p style=\"text-align: justify;\"><span style=\"text-decoration: underline;\">\ud83c\udf52 Czere\u015bnie i wi\u015bnie \u2013 letnie ci\u0119cie po zbiorach<\/span><br \/>\nNajlepszy moment na przycinanie czere\u015bni i wi\u015bni przypada na koniec lipca lub pocz\u0105tek sierpnia, tu\u017c po zako\u0144czeniu owocowania. To dobry czas, by:<\/p>\n<p style=\"text-align: justify;\">usun\u0105\u0107 stare, chore i s\u0142abo owocuj\u0105ce ga\u0142\u0119zie,<\/p>\n<p style=\"text-align: justify;\">poprawi\u0107 struktur\u0119 korony i dost\u0119p \u015bwiat\u0142a do wn\u0119trza drzewa,<\/p>\n<p style=\"text-align: justify;\">ograniczy\u0107 ryzyko chor\u00f3b kory i drewna, kt\u00f3re \u0142atwiej rozwijaj\u0105 si\u0119 po ci\u0119ciu wiosennym.<\/p>\n<p style=\"text-align: justify;\">Warto przycina\u0107 tak, by pozostawi\u0107 ok. 20 cm czopy przy grubych konarach \u2013 zmniejsza to ryzyko p\u0119kni\u0119\u0107 i u\u0142atwia zabli\u017anianie ran. Latem drzewa szybciej si\u0119 regeneruj\u0105, a infekcje s\u0105 rzadsze ni\u017c po cieciu wczesnowiosennym.<\/p>\n<p style=\"text-align: justify;\"><span style=\"text-decoration: underline;\">\ud83c\udf4f Jab\u0142onie i grusze \u2013 usuwanie \u201ewilk\u00f3w\u201d latem<\/span><br \/>\nLatem warto r\u00f3wnie\u017c zaj\u0105\u0107 si\u0119 tzw. wilkami \u2013 to silne, pionowe p\u0119dy, kt\u00f3re nadmiernie zag\u0119szczaj\u0105 koron\u0119 i zabieraj\u0105 ro\u015blinie energi\u0119, nie daj\u0105c owoc\u00f3w. Ich usuni\u0119cie:<\/p>\n<p style=\"text-align: justify;\">poprawia do\u015bwietlenie owoc\u00f3w,<\/p>\n<p style=\"text-align: justify;\">wzmacnia przyrosty owocono\u015bne,<\/p>\n<p style=\"text-align: justify;\">zmniejsza ryzyko chor\u00f3b i \u0142amania si\u0119 ga\u0142\u0119zi.<\/p>\n<p style=\"text-align: justify;\">Wilki najlepiej usuwa\u0107 3\u20134 tygodnie przed zbiorem owoc\u00f3w, czyli od pocz\u0105tku lipca do sierpnia \u2013 w zale\u017cno\u015bci od terminu dojrzewania danej odmiany. Ci\u0119cie wykonujemy tu\u017c przy odga\u0142\u0119zieniu, nie zostawiaj\u0105c kikuta, by zapobiec wyrastaniu kolejnych wilk\u00f3w w tym samym miejscu.<a href=\"https:\/\/rozaria.pl\/blog\/wp-content\/uploads\/2025\/07\/warzywnik_lipiec.jpg\"><img loading=\"lazy\" decoding=\"async\" class=\"size-medium wp-image-6755 alignright\" src=\"https:\/\/rozaria.pl\/blog\/wp-content\/uploads\/2025\/07\/warzywnik_lipiec-300x200.jpg\" alt=\"\" width=\"300\" height=\"200\" srcset=\"https:\/\/rozaria.pl\/blog\/wp-content\/uploads\/2025\/07\/warzywnik_lipiec-150x100.jpg 150w, https:\/\/rozaria.pl\/blog\/wp-content\/uploads\/2025\/07\/warzywnik_lipiec-200x133.jpg 200w, https:\/\/rozaria.pl\/blog\/wp-content\/uploads\/2025\/07\/warzywnik_lipiec-300x200.jpg 300w, https:\/\/rozaria.pl\/blog\/wp-content\/uploads\/2025\/07\/warzywnik_lipiec-400x267.jpg 400w, https:\/\/rozaria.pl\/blog\/wp-content\/uploads\/2025\/07\/warzywnik_lipiec-600x400.jpg 600w, https:\/\/rozaria.pl\/blog\/wp-content\/uploads\/2025\/07\/warzywnik_lipiec-768x512.jpg 768w, https:\/\/rozaria.pl\/blog\/wp-content\/uploads\/2025\/07\/warzywnik_lipiec-800x533.jpg 800w, https:\/\/rozaria.pl\/blog\/wp-content\/uploads\/2025\/07\/warzywnik_lipiec-1024x683.jpg 1024w, https:\/\/rozaria.pl\/blog\/wp-content\/uploads\/2025\/07\/warzywnik_lipiec.jpg 1200w\" sizes=\"(max-width: 300px) 100vw, 300px\" \/><\/a><\/p>\n<h3 style=\"text-align: justify;\"><span style=\"text-decoration: underline;\">\ud83e\udd55 Warzywnik<\/span><\/h3>\n<p style=\"text-align: justify;\">Zbieramy plony warzyw ciep\u0142olubnych (cukinie, og\u00f3rki, fasol\u0119), by stymulowa\u0107 dalsze owocowanie.<\/p>\n<p style=\"text-align: justify;\">Wysiewamy poplon i warzywa na jesie\u0144 \u2013 np. sa\u0142at\u0119, koper, rzodkiewk\u0119, buraka li\u015bciowego.<\/p>\n<p style=\"text-align: justify;\">Regularnie odchwaszczamy i podlewamy \u2013 najlepiej wczesnym rankiem, unikaj\u0105c moczenia li\u015bci pomidor\u00f3w i og\u00f3rk\u00f3w.<\/p>\n<p style=\"text-align: justify;\">Usuwamy chore li\u015bcie i p\u0119dy (np. pomidor\u00f3w z oznakami zarazy ziemniaczanej), by nie dopu\u015bci\u0107 do rozprzestrzeniania infekcji.<\/p>\n<p style=\"text-align: justify;\">Stosujemy naturalne \u015brodki ochrony ro\u015blin \u2013 np. gnoj\u00f3wki z pokrzywy i skrzypu lub emulsje z czosnku na mszyce i m\u0105czniaka.<\/p>\n<h3 style=\"text-align: justify;\"><span style=\"text-decoration: underline;\">\ud83e\uddea Walka ze szkodnikami i chorobami<\/span><\/h3>\n<p style=\"text-align: justify;\">Regularnie przegl\u0105daj ro\u015bliny od spodu li\u015bci \u2013 tam ukrywaj\u0105 si\u0119 najcz\u0119\u015bciej mszyce, prz\u0119dziorki i larwy szkodnik\u00f3w.<\/p>\n<p style=\"text-align: justify;\">Przy pierwszych oznakach infekcji (plamy, paj\u0119czynki, deformacje) si\u0119gaj po \u015brodki ekologiczne lub delikatne chemiczne dopuszczone do stosowania w czasie upa\u0142\u00f3w (np. Mospilan, Magus, Emulpar).<\/p>\n<p style=\"text-align: justify;\">Stosuj opryski dolistne najlepiej wieczorem, by unikn\u0105\u0107 poparze\u0144 li\u015bci i nie szkodzi\u0107 owadom zapylaj\u0105cym.<\/p>\n<h2 style=\"text-align: justify;\"><span style=\"text-decoration: underline;\"><em>\ud83c\udfd6\ufe0f Czas na relaks \u2013 wypoczynek w ogrodzie latem<\/em><\/span><\/h2>\n<p style=\"text-align: justify;\">Ogr\u00f3d to nie tylko miejsce pracy i piel\u0119gnacji ro\u015blin \u2013 to r\u00f3wnie\u017c przestrze\u0144 do odpoczynku i regeneracji, szczeg\u00f3lnie w upalne dni. Warto zadba\u0107 o zacieniony k\u0105cik, gdzie mo\u017cna schowa\u0107 si\u0119 z ksi\u0105\u017ck\u0105, hamakiem lub fili\u017cank\u0105 kawy. Doskonale sprawdz\u0105 si\u0119:<a href=\"https:\/\/rozaria.pl\/blog\/wp-content\/uploads\/2025\/07\/lato_w_ogrodzie_warzywnik.jpg\"><img loading=\"lazy\" decoding=\"async\" class=\"size-medium wp-image-6752 alignright\" src=\"https:\/\/rozaria.pl\/blog\/wp-content\/uploads\/2025\/07\/lato_w_ogrodzie_warzywnik-300x209.jpg\" alt=\"lipiec w ogrodzie\" width=\"300\" height=\"209\" srcset=\"https:\/\/rozaria.pl\/blog\/wp-content\/uploads\/2025\/07\/lato_w_ogrodzie_warzywnik-150x105.jpg 150w, https:\/\/rozaria.pl\/blog\/wp-content\/uploads\/2025\/07\/lato_w_ogrodzie_warzywnik-200x140.jpg 200w, https:\/\/rozaria.pl\/blog\/wp-content\/uploads\/2025\/07\/lato_w_ogrodzie_warzywnik-300x209.jpg 300w, https:\/\/rozaria.pl\/blog\/wp-content\/uploads\/2025\/07\/lato_w_ogrodzie_warzywnik-400x279.jpg 400w, https:\/\/rozaria.pl\/blog\/wp-content\/uploads\/2025\/07\/lato_w_ogrodzie_warzywnik-600x419.jpg 600w, https:\/\/rozaria.pl\/blog\/wp-content\/uploads\/2025\/07\/lato_w_ogrodzie_warzywnik-768x536.jpg 768w, https:\/\/rozaria.pl\/blog\/wp-content\/uploads\/2025\/07\/lato_w_ogrodzie_warzywnik.jpg 800w\" sizes=\"(max-width: 300px) 100vw, 300px\" \/><\/a><\/p>\n<ul>\n<li style=\"text-align: justify;\">drewniane pergole poro\u015bni\u0119te pn\u0105czami (np. powojnikiem, winobluszczem czy r\u00f3\u017cami pn\u0105cymi),<\/li>\n<li style=\"text-align: justify;\">parasole ogrodowe lub \u017cagle przeciws\u0142oneczne,<\/li>\n<li style=\"text-align: justify;\">altanki i pawilony z zas\u0142onami lub a\u017curowymi \u015bciankami daj\u0105cymi cie\u0144 i lekki przewiew.<\/li>\n<\/ul>\n<p style=\"text-align: justify;\">Aby och\u0142odzi\u0107 si\u0119 w czasie upa\u0142\u00f3w, warto rozwa\u017cy\u0107 \u017ar\u00f3d\u0142o wody w ogrodzie:<\/p>\n<ul style=\"list-style-type: square;\">\n<li style=\"text-align: justify;\">niewielki basen rozporowy lub stela\u017cowy,<\/li>\n<li style=\"text-align: justify;\">fontann\u0119 ogrodow\u0105 (nawet solarna wersja w donicy robi klimat!),<\/li>\n<li style=\"text-align: justify;\">oczko wodne z ro\u015blinno\u015bci\u0105, kt\u00f3re poprawia mikroklimat i przyci\u0105ga wa\u017cki, ptaki i \u017caby.<\/li>\n<\/ul>\n<p style=\"text-align: justify;\">D\u017awi\u0119k wody dzia\u0142a koj\u0105co, a cie\u0144 i zielone otoczenie pomagaj\u0105 si\u0119 zresetowa\u0107 \u2013 nawet je\u015bli masz tylko kilkana\u015bcie minut. Lipiec to idealny czas, by korzysta\u0107 z ogrodu nie tylko jako ogrodnik, ale te\u017c jako jego gospodarz i go\u015b\u0107 jednocze\u015bnie. \ud83c\udf3f\ud83e\ude91\ud83d\udca6<\/p>\n<h2 style=\"text-align: justify;\"><span style=\"text-decoration: underline;\"><em>\ud83c\udf3b Podsumowanie \u2013 lipiec w ogrodzie<\/em><\/span><\/h2>\n<p style=\"text-align: justify;\">Lipiec to czas ogrodniczego rozkwitu \u2013 pe\u0142en barw, zapach\u00f3w i bujnego kwitnienia. Jednocze\u015bnie to miesi\u0105c, w kt\u00f3rym ro\u015bliny potrzebuj\u0105 szczeg\u00f3lnej troski, zw\u0142aszcza podczas upa\u0142\u00f3w i d\u0142ugotrwa\u0142ej suszy. Regularne podlewanie, letnie nawo\u017cenie, usuwanie przekwit\u0142ych kwiat\u00f3w i obserwacja zdrowotno\u015bci ro\u015blin to klucz do tego, by ogr\u00f3d kwit\u0142 dalej \u2013 a\u017c do jesieni. To tak\u017ce idealny moment na ci\u0119cie czere\u015bni, usuwanie \u201ewilk\u00f3w\u201d z jab\u0142oni i porz\u0105dki na rabatach bylinowych.<a href=\"https:\/\/rozaria.pl\/blog\/wp-content\/uploads\/2025\/05\/czerwiec_ogrod.jpg\"><img loading=\"lazy\" decoding=\"async\" class=\"alignleft size-medium wp-image-6678\" src=\"https:\/\/rozaria.pl\/blog\/wp-content\/uploads\/2025\/05\/czerwiec_ogrod-300x200.jpg\" alt=\"czerwiec\" width=\"300\" height=\"200\" srcset=\"https:\/\/rozaria.pl\/blog\/wp-content\/uploads\/2025\/05\/czerwiec_ogrod-150x100.jpg 150w, https:\/\/rozaria.pl\/blog\/wp-content\/uploads\/2025\/05\/czerwiec_ogrod-200x134.jpg 200w, https:\/\/rozaria.pl\/blog\/wp-content\/uploads\/2025\/05\/czerwiec_ogrod-300x200.jpg 300w, https:\/\/rozaria.pl\/blog\/wp-content\/uploads\/2025\/05\/czerwiec_ogrod-400x267.jpg 400w, https:\/\/rozaria.pl\/blog\/wp-content\/uploads\/2025\/05\/czerwiec_ogrod-600x401.jpg 600w, https:\/\/rozaria.pl\/blog\/wp-content\/uploads\/2025\/05\/czerwiec_ogrod-768x513.jpg 768w, https:\/\/rozaria.pl\/blog\/wp-content\/uploads\/2025\/05\/czerwiec_ogrod.jpg 800w\" sizes=\"(max-width: 300px) 100vw, 300px\" \/><\/a><\/p>\n<p style=\"text-align: justify;\">Ale nie sam\u0105 prac\u0105 \u017cyje ogrodnik \u2013 lato to r\u00f3wnie\u017c czas \u015bwi\u0119towania i spotka\u0144 w\u015br\u00f3d kwiat\u00f3w! W wielu miejscach odbywaj\u0105 si\u0119 lokalne festiwale r\u00f3\u017c, dni ogrodnika i kiermasze ro\u015blin, np. w Kutnie, Ko\u0144skowoli, \u0141asku czy Warszawie. Warto odwiedzi\u0107 cho\u0107 jeden z nich \u2013 dla inspiracji, nowych odmian i rozm\u00f3w z lud\u017ami, kt\u00f3rzy te\u017c kochaj\u0105 ziele\u0144.<\/p>\n<p style=\"text-align: justify;\">Zadbaj o ogr\u00f3d, ale i o siebie. Wi\u0119c usi\u0105d\u017a w cieniu, zanurz stopy w ch\u0142odnej wodzie i daj sobie chwil\u0119 wytchnienia w\u015br\u00f3d wszystkiego, co zakwit\u0142o dzi\u0119ki Twojej pracy. \ud83c\udf1e\ud83c\udf3f\ud83c\udf38<\/p>\n","protected":false},"excerpt":{"rendered":"<p>\u2600\ufe0f Wst\u0119p: Lipiec w ogrodzie \u2013 czas pr\u00f3by dla ro\u015blin i ogrodnika Lipiec to najgor\u0119tszy miesi\u0105c roku \u2013 zar\u00f3wno pod wzgl\u0119dem temperatur, jak i ogrodniczych wyzwa\u0144. Dni s\u0105 d\u0142ugie, s\u0142o\u0144ce operuje mocno od wczesnego rana, a opady deszczu zdarzaj\u0105 si\u0119 [&hellip;]<\/p>\n","protected":false},"author":1,"featured_media":6748,"comment_status":"open","ping_status":"open","sticky":false,"template":"","format":"standard","meta":{"_mi_skip_tracking":false,"_monsterinsights_sitenote_active":false,"_monsterinsights_sitenote_note":"","_monsterinsights_sitenote_category":0,"footnotes":""},"categories":[4,6,124],"tags":[],"yoast_head":"<!-- This site is optimized with the Yoast SEO plugin v23.5 - https:\/\/yoast.com\/wordpress\/plugins\/seo\/ -->\n<title>Lipiec w ogrodzie - letnia piel\u0119gnacja r\u00f3\u017c w pigu\u0142ce - blog Rozaria.pl<\/title>\n<meta name=\"description\" content=\"Lipiec to wa\u017cny miesi\u0105c w ogrodzie \u2013 upa\u0142y, susza i dojrzewaj\u0105ce plony. Jak piel\u0119gnowa\u0107 r\u00f3\u017ce i jakie prace ogrodowe warto wykona\u0107,\" \/>\n<meta name=\"robots\" content=\"index, follow, max-snippet:-1, max-image-preview:large, max-video-preview:-1\" \/>\n<link rel=\"canonical\" href=\"https:\/\/rozaria.pl\/blog\/lipiec-w-ogrodzie-letnia-pielegnacja-roz-w-pigulce\/\" \/>\n<meta property=\"og:locale\" content=\"pl_PL\" \/>\n<meta property=\"og:type\" content=\"article\" \/>\n<meta property=\"og:title\" content=\"Lipiec w ogrodzie - letnia piel\u0119gnacja r\u00f3\u017c w pigu\u0142ce - blog Rozaria.pl\" \/>\n<meta property=\"og:description\" content=\"Lipiec to wa\u017cny miesi\u0105c w ogrodzie \u2013 upa\u0142y, susza i dojrzewaj\u0105ce plony. Jak piel\u0119gnowa\u0107 r\u00f3\u017ce i jakie prace ogrodowe warto wykona\u0107,\" \/>\n<meta property=\"og:url\" content=\"https:\/\/rozaria.pl\/blog\/lipiec-w-ogrodzie-letnia-pielegnacja-roz-w-pigulce\/\" \/>\n<meta property=\"og:site_name\" content=\"blog Rozaria.pl\" \/>\n<meta property=\"article:publisher\" content=\"https:\/\/www.facebook.com\/SzkolkaRozRozaria\/\" \/>\n<meta property=\"article:published_time\" content=\"2025-07-09T14:49:53+00:00\" \/>\n<meta property=\"og:image\" content=\"https:\/\/rozaria.pl\/blog\/wp-content\/uploads\/2025\/07\/lipiec_w_ogrodzie_lato_glw.jpg\" \/>\n\t<meta property=\"og:image:width\" content=\"800\" \/>\n\t<meta property=\"og:image:height\" content=\"800\" \/>\n\t<meta property=\"og:image:type\" content=\"image\/jpeg\" \/>\n<meta name=\"author\" content=\"Rozaria.pl\" \/>\n<meta name=\"twitter:card\" content=\"summary_large_image\" \/>\n<meta name=\"twitter:creator\" content=\"@SzkolkaRozaria\" \/>\n<meta name=\"twitter:site\" content=\"@SzkolkaRozaria\" \/>\n<meta name=\"twitter:label1\" content=\"Napisane przez\" \/>\n\t<meta name=\"twitter:data1\" content=\"Rozaria.pl\" \/>\n\t<meta name=\"twitter:label2\" content=\"Szacowany czas czytania\" \/>\n\t<meta name=\"twitter:data2\" content=\"16 minut\" \/>\n<script type=\"application\/ld+json\" class=\"yoast-schema-graph\">{\"@context\":\"https:\/\/schema.org\",\"@graph\":[{\"@type\":\"Article\",\"@id\":\"https:\/\/rozaria.pl\/blog\/lipiec-w-ogrodzie-letnia-pielegnacja-roz-w-pigulce\/#article\",\"isPartOf\":{\"@id\":\"https:\/\/rozaria.pl\/blog\/lipiec-w-ogrodzie-letnia-pielegnacja-roz-w-pigulce\/\"},\"author\":{\"name\":\"Rozaria.pl\",\"@id\":\"https:\/\/rozaria.pl\/blog\/#\/schema\/person\/31b3805d5058ea1cffed1d8efb6e2513\"},\"headline\":\"Lipiec w ogrodzie &#8211; letnia piel\u0119gnacja r\u00f3\u017c w pigu\u0142ce\",\"datePublished\":\"2025-07-09T14:49:53+00:00\",\"dateModified\":\"2025-07-09T14:49:53+00:00\",\"mainEntityOfPage\":{\"@id\":\"https:\/\/rozaria.pl\/blog\/lipiec-w-ogrodzie-letnia-pielegnacja-roz-w-pigulce\/\"},\"wordCount\":2665,\"commentCount\":0,\"publisher\":{\"@id\":\"https:\/\/rozaria.pl\/blog\/#organization\"},\"image\":{\"@id\":\"https:\/\/rozaria.pl\/blog\/lipiec-w-ogrodzie-letnia-pielegnacja-roz-w-pigulce\/#primaryimage\"},\"thumbnailUrl\":\"https:\/\/rozaria.pl\/blog\/wp-content\/uploads\/2025\/07\/lipiec_w_ogrodzie_lato_glw.jpg\",\"articleSection\":[\"Ciekawostki\",\"Piel\u0119gnacja\",\"Porady ogrodowe\"],\"inLanguage\":\"pl-PL\",\"potentialAction\":[{\"@type\":\"CommentAction\",\"name\":\"Comment\",\"target\":[\"https:\/\/rozaria.pl\/blog\/lipiec-w-ogrodzie-letnia-pielegnacja-roz-w-pigulce\/#respond\"]}]},{\"@type\":\"WebPage\",\"@id\":\"https:\/\/rozaria.pl\/blog\/lipiec-w-ogrodzie-letnia-pielegnacja-roz-w-pigulce\/\",\"url\":\"https:\/\/rozaria.pl\/blog\/lipiec-w-ogrodzie-letnia-pielegnacja-roz-w-pigulce\/\",\"name\":\"Lipiec w ogrodzie - letnia piel\u0119gnacja r\u00f3\u017c w pigu\u0142ce - blog Rozaria.pl\",\"isPartOf\":{\"@id\":\"https:\/\/rozaria.pl\/blog\/#website\"},\"primaryImageOfPage\":{\"@id\":\"https:\/\/rozaria.pl\/blog\/lipiec-w-ogrodzie-letnia-pielegnacja-roz-w-pigulce\/#primaryimage\"},\"image\":{\"@id\":\"https:\/\/rozaria.pl\/blog\/lipiec-w-ogrodzie-letnia-pielegnacja-roz-w-pigulce\/#primaryimage\"},\"thumbnailUrl\":\"https:\/\/rozaria.pl\/blog\/wp-content\/uploads\/2025\/07\/lipiec_w_ogrodzie_lato_glw.jpg\",\"datePublished\":\"2025-07-09T14:49:53+00:00\",\"dateModified\":\"2025-07-09T14:49:53+00:00\",\"description\":\"Lipiec to wa\u017cny miesi\u0105c w ogrodzie \u2013 upa\u0142y, susza i dojrzewaj\u0105ce plony. Jak piel\u0119gnowa\u0107 r\u00f3\u017ce i jakie prace ogrodowe warto wykona\u0107,\",\"breadcrumb\":{\"@id\":\"https:\/\/rozaria.pl\/blog\/lipiec-w-ogrodzie-letnia-pielegnacja-roz-w-pigulce\/#breadcrumb\"},\"inLanguage\":\"pl-PL\",\"potentialAction\":[{\"@type\":\"ReadAction\",\"target\":[\"https:\/\/rozaria.pl\/blog\/lipiec-w-ogrodzie-letnia-pielegnacja-roz-w-pigulce\/\"]}]},{\"@type\":\"ImageObject\",\"inLanguage\":\"pl-PL\",\"@id\":\"https:\/\/rozaria.pl\/blog\/lipiec-w-ogrodzie-letnia-pielegnacja-roz-w-pigulce\/#primaryimage\",\"url\":\"https:\/\/rozaria.pl\/blog\/wp-content\/uploads\/2025\/07\/lipiec_w_ogrodzie_lato_glw.jpg\",\"contentUrl\":\"https:\/\/rozaria.pl\/blog\/wp-content\/uploads\/2025\/07\/lipiec_w_ogrodzie_lato_glw.jpg\",\"width\":800,\"height\":800,\"caption\":\"lipiec w ogrodzie\"},{\"@type\":\"BreadcrumbList\",\"@id\":\"https:\/\/rozaria.pl\/blog\/lipiec-w-ogrodzie-letnia-pielegnacja-roz-w-pigulce\/#breadcrumb\",\"itemListElement\":[{\"@type\":\"ListItem\",\"position\":1,\"name\":\"Strona g\u0142\u00f3wna\",\"item\":\"https:\/\/rozaria.pl\/blog\/\"},{\"@type\":\"ListItem\",\"position\":2,\"name\":\"Lipiec w ogrodzie &#8211; letnia piel\u0119gnacja r\u00f3\u017c w pigu\u0142ce\"}]},{\"@type\":\"WebSite\",\"@id\":\"https:\/\/rozaria.pl\/blog\/#website\",\"url\":\"https:\/\/rozaria.pl\/blog\/\",\"name\":\"blog Rozaria.pl\",\"description\":\"Porozmawiajmy o r\u00f3\u017cach, o wszystkich sprawach\",\"publisher\":{\"@id\":\"https:\/\/rozaria.pl\/blog\/#organization\"},\"potentialAction\":[{\"@type\":\"SearchAction\",\"target\":{\"@type\":\"EntryPoint\",\"urlTemplate\":\"https:\/\/rozaria.pl\/blog\/?s={search_term_string}\"},\"query-input\":{\"@type\":\"PropertyValueSpecification\",\"valueRequired\":true,\"valueName\":\"search_term_string\"}}],\"inLanguage\":\"pl-PL\"},{\"@type\":\"Organization\",\"@id\":\"https:\/\/rozaria.pl\/blog\/#organization\",\"name\":\"Szk\u00f3\u0142ka R\u00f3\u017c Rozaria\",\"url\":\"https:\/\/rozaria.pl\/blog\/\",\"logo\":{\"@type\":\"ImageObject\",\"inLanguage\":\"pl-PL\",\"@id\":\"https:\/\/rozaria.pl\/blog\/#\/schema\/logo\/image\/\",\"url\":\"https:\/\/rozaria.pl\/blog\/wp-content\/uploads\/2016\/12\/logo_dla-rozaria.png\",\"contentUrl\":\"https:\/\/rozaria.pl\/blog\/wp-content\/uploads\/2016\/12\/logo_dla-rozaria.png\",\"width\":400,\"height\":166,\"caption\":\"Szk\u00f3\u0142ka R\u00f3\u017c Rozaria\"},\"image\":{\"@id\":\"https:\/\/rozaria.pl\/blog\/#\/schema\/logo\/image\/\"},\"sameAs\":[\"https:\/\/www.facebook.com\/SzkolkaRozRozaria\/\",\"https:\/\/x.com\/SzkolkaRozaria\",\"https:\/\/www.youtube.com\/channel\/UCguKKBc7F06eYM1tzYx1Z5A\"]},{\"@type\":\"Person\",\"@id\":\"https:\/\/rozaria.pl\/blog\/#\/schema\/person\/31b3805d5058ea1cffed1d8efb6e2513\",\"name\":\"Rozaria.pl\",\"image\":{\"@type\":\"ImageObject\",\"inLanguage\":\"pl-PL\",\"@id\":\"https:\/\/rozaria.pl\/blog\/#\/schema\/person\/image\/\",\"url\":\"https:\/\/secure.gravatar.com\/avatar\/36c7e4b15b333b9fb573f9e54e7fcf52?s=96&d=mm&r=g\",\"contentUrl\":\"https:\/\/secure.gravatar.com\/avatar\/36c7e4b15b333b9fb573f9e54e7fcf52?s=96&d=mm&r=g\",\"caption\":\"Rozaria.pl\"},\"sameAs\":[\"https:\/\/www.rozaria.pl\",\"https:\/\/www.youtube.com\/channel\/UCguKKBc7F06eYM1tzYx1Z5A\"],\"url\":\"https:\/\/rozaria.pl\/blog\/author\/1rozanka\/\"}]}<\/script>\n<!-- \/ Yoast SEO plugin. -->","yoast_head_json":{"title":"Lipiec w ogrodzie - letnia piel\u0119gnacja r\u00f3\u017c w pigu\u0142ce - blog Rozaria.pl","description":"Lipiec to wa\u017cny miesi\u0105c w ogrodzie \u2013 upa\u0142y, susza i dojrzewaj\u0105ce plony. Jak piel\u0119gnowa\u0107 r\u00f3\u017ce i jakie prace ogrodowe warto wykona\u0107,","robots":{"index":"index","follow":"follow","max-snippet":"max-snippet:-1","max-image-preview":"max-image-preview:large","max-video-preview":"max-video-preview:-1"},"canonical":"https:\/\/rozaria.pl\/blog\/lipiec-w-ogrodzie-letnia-pielegnacja-roz-w-pigulce\/","og_locale":"pl_PL","og_type":"article","og_title":"Lipiec w ogrodzie - letnia piel\u0119gnacja r\u00f3\u017c w pigu\u0142ce - blog Rozaria.pl","og_description":"Lipiec to wa\u017cny miesi\u0105c w ogrodzie \u2013 upa\u0142y, susza i dojrzewaj\u0105ce plony. Jak piel\u0119gnowa\u0107 r\u00f3\u017ce i jakie prace ogrodowe warto wykona\u0107,","og_url":"https:\/\/rozaria.pl\/blog\/lipiec-w-ogrodzie-letnia-pielegnacja-roz-w-pigulce\/","og_site_name":"blog Rozaria.pl","article_publisher":"https:\/\/www.facebook.com\/SzkolkaRozRozaria\/","article_published_time":"2025-07-09T14:49:53+00:00","og_image":[{"width":800,"height":800,"url":"https:\/\/rozaria.pl\/blog\/wp-content\/uploads\/2025\/07\/lipiec_w_ogrodzie_lato_glw.jpg","type":"image\/jpeg"}],"author":"Rozaria.pl","twitter_card":"summary_large_image","twitter_creator":"@SzkolkaRozaria","twitter_site":"@SzkolkaRozaria","twitter_misc":{"Napisane przez":"Rozaria.pl","Szacowany czas czytania":"16 minut"},"schema":{"@context":"https:\/\/schema.org","@graph":[{"@type":"Article","@id":"https:\/\/rozaria.pl\/blog\/lipiec-w-ogrodzie-letnia-pielegnacja-roz-w-pigulce\/#article","isPartOf":{"@id":"https:\/\/rozaria.pl\/blog\/lipiec-w-ogrodzie-letnia-pielegnacja-roz-w-pigulce\/"},"author":{"name":"Rozaria.pl","@id":"https:\/\/rozaria.pl\/blog\/#\/schema\/person\/31b3805d5058ea1cffed1d8efb6e2513"},"headline":"Lipiec w ogrodzie &#8211; letnia piel\u0119gnacja r\u00f3\u017c w pigu\u0142ce","datePublished":"2025-07-09T14:49:53+00:00","dateModified":"2025-07-09T14:49:53+00:00","mainEntityOfPage":{"@id":"https:\/\/rozaria.pl\/blog\/lipiec-w-ogrodzie-letnia-pielegnacja-roz-w-pigulce\/"},"wordCount":2665,"commentCount":0,"publisher":{"@id":"https:\/\/rozaria.pl\/blog\/#organization"},"image":{"@id":"https:\/\/rozaria.pl\/blog\/lipiec-w-ogrodzie-letnia-pielegnacja-roz-w-pigulce\/#primaryimage"},"thumbnailUrl":"https:\/\/rozaria.pl\/blog\/wp-content\/uploads\/2025\/07\/lipiec_w_ogrodzie_lato_glw.jpg","articleSection":["Ciekawostki","Piel\u0119gnacja","Porady ogrodowe"],"inLanguage":"pl-PL","potentialAction":[{"@type":"CommentAction","name":"Comment","target":["https:\/\/rozaria.pl\/blog\/lipiec-w-ogrodzie-letnia-pielegnacja-roz-w-pigulce\/#respond"]}]},{"@type":"WebPage","@id":"https:\/\/rozaria.pl\/blog\/lipiec-w-ogrodzie-letnia-pielegnacja-roz-w-pigulce\/","url":"https:\/\/rozaria.pl\/blog\/lipiec-w-ogrodzie-letnia-pielegnacja-roz-w-pigulce\/","name":"Lipiec w ogrodzie - letnia piel\u0119gnacja r\u00f3\u017c w pigu\u0142ce - blog Rozaria.pl","isPartOf":{"@id":"https:\/\/rozaria.pl\/blog\/#website"},"primaryImageOfPage":{"@id":"https:\/\/rozaria.pl\/blog\/lipiec-w-ogrodzie-letnia-pielegnacja-roz-w-pigulce\/#primaryimage"},"image":{"@id":"https:\/\/rozaria.pl\/blog\/lipiec-w-ogrodzie-letnia-pielegnacja-roz-w-pigulce\/#primaryimage"},"thumbnailUrl":"https:\/\/rozaria.pl\/blog\/wp-content\/uploads\/2025\/07\/lipiec_w_ogrodzie_lato_glw.jpg","datePublished":"2025-07-09T14:49:53+00:00","dateModified":"2025-07-09T14:49:53+00:00","description":"Lipiec to wa\u017cny miesi\u0105c w ogrodzie \u2013 upa\u0142y, susza i dojrzewaj\u0105ce plony. Jak piel\u0119gnowa\u0107 r\u00f3\u017ce i jakie prace ogrodowe warto wykona\u0107,","breadcrumb":{"@id":"https:\/\/rozaria.pl\/blog\/lipiec-w-ogrodzie-letnia-pielegnacja-roz-w-pigulce\/#breadcrumb"},"inLanguage":"pl-PL","potentialAction":[{"@type":"ReadAction","target":["https:\/\/rozaria.pl\/blog\/lipiec-w-ogrodzie-letnia-pielegnacja-roz-w-pigulce\/"]}]},{"@type":"ImageObject","inLanguage":"pl-PL","@id":"https:\/\/rozaria.pl\/blog\/lipiec-w-ogrodzie-letnia-pielegnacja-roz-w-pigulce\/#primaryimage","url":"https:\/\/rozaria.pl\/blog\/wp-content\/uploads\/2025\/07\/lipiec_w_ogrodzie_lato_glw.jpg","contentUrl":"https:\/\/rozaria.pl\/blog\/wp-content\/uploads\/2025\/07\/lipiec_w_ogrodzie_lato_glw.jpg","width":800,"height":800,"caption":"lipiec w ogrodzie"},{"@type":"BreadcrumbList","@id":"https:\/\/rozaria.pl\/blog\/lipiec-w-ogrodzie-letnia-pielegnacja-roz-w-pigulce\/#breadcrumb","itemListElement":[{"@type":"ListItem","position":1,"name":"Strona g\u0142\u00f3wna","item":"https:\/\/rozaria.pl\/blog\/"},{"@type":"ListItem","position":2,"name":"Lipiec w ogrodzie &#8211; letnia piel\u0119gnacja r\u00f3\u017c w pigu\u0142ce"}]},{"@type":"WebSite","@id":"https:\/\/rozaria.pl\/blog\/#website","url":"https:\/\/rozaria.pl\/blog\/","name":"blog Rozaria.pl","description":"Porozmawiajmy o r\u00f3\u017cach, o wszystkich sprawach","publisher":{"@id":"https:\/\/rozaria.pl\/blog\/#organization"},"potentialAction":[{"@type":"SearchAction","target":{"@type":"EntryPoint","urlTemplate":"https:\/\/rozaria.pl\/blog\/?s={search_term_string}"},"query-input":{"@type":"PropertyValueSpecification","valueRequired":true,"valueName":"search_term_string"}}],"inLanguage":"pl-PL"},{"@type":"Organization","@id":"https:\/\/rozaria.pl\/blog\/#organization","name":"Szk\u00f3\u0142ka R\u00f3\u017c Rozaria","url":"https:\/\/rozaria.pl\/blog\/","logo":{"@type":"ImageObject","inLanguage":"pl-PL","@id":"https:\/\/rozaria.pl\/blog\/#\/schema\/logo\/image\/","url":"https:\/\/rozaria.pl\/blog\/wp-content\/uploads\/2016\/12\/logo_dla-rozaria.png","contentUrl":"https:\/\/rozaria.pl\/blog\/wp-content\/uploads\/2016\/12\/logo_dla-rozaria.png","width":400,"height":166,"caption":"Szk\u00f3\u0142ka R\u00f3\u017c Rozaria"},"image":{"@id":"https:\/\/rozaria.pl\/blog\/#\/schema\/logo\/image\/"},"sameAs":["https:\/\/www.facebook.com\/SzkolkaRozRozaria\/","https:\/\/x.com\/SzkolkaRozaria","https:\/\/www.youtube.com\/channel\/UCguKKBc7F06eYM1tzYx1Z5A"]},{"@type":"Person","@id":"https:\/\/rozaria.pl\/blog\/#\/schema\/person\/31b3805d5058ea1cffed1d8efb6e2513","name":"Rozaria.pl","image":{"@type":"ImageObject","inLanguage":"pl-PL","@id":"https:\/\/rozaria.pl\/blog\/#\/schema\/person\/image\/","url":"https:\/\/secure.gravatar.com\/avatar\/36c7e4b15b333b9fb573f9e54e7fcf52?s=96&d=mm&r=g","contentUrl":"https:\/\/secure.gravatar.com\/avatar\/36c7e4b15b333b9fb573f9e54e7fcf52?s=96&d=mm&r=g","caption":"Rozaria.pl"},"sameAs":["https:\/\/www.rozaria.pl","https:\/\/www.youtube.com\/channel\/UCguKKBc7F06eYM1tzYx1Z5A"],"url":"https:\/\/rozaria.pl\/blog\/author\/1rozanka\/"}]}},"_links":{"self":[{"href":"https:\/\/rozaria.pl\/blog\/wp-json\/wp\/v2\/posts\/6744"}],"collection":[{"href":"https:\/\/rozaria.pl\/blog\/wp-json\/wp\/v2\/posts"}],"about":[{"href":"https:\/\/rozaria.pl\/blog\/wp-json\/wp\/v2\/types\/post"}],"author":[{"embeddable":true,"href":"https:\/\/rozaria.pl\/blog\/wp-json\/wp\/v2\/users\/1"}],"replies":[{"embeddable":true,"href":"https:\/\/rozaria.pl\/blog\/wp-json\/wp\/v2\/comments?post=6744"}],"version-history":[{"count":11,"href":"https:\/\/rozaria.pl\/blog\/wp-json\/wp\/v2\/posts\/6744\/revisions"}],"predecessor-version":[{"id":6763,"href":"https:\/\/rozaria.pl\/blog\/wp-json\/wp\/v2\/posts\/6744\/revisions\/6763"}],"wp:featuredmedia":[{"embeddable":true,"href":"https:\/\/rozaria.pl\/blog\/wp-json\/wp\/v2\/media\/6748"}],"wp:attachment":[{"href":"https:\/\/rozaria.pl\/blog\/wp-json\/wp\/v2\/media?parent=6744"}],"wp:term":[{"taxonomy":"category","embeddable":true,"href":"https:\/\/rozaria.pl\/blog\/wp-json\/wp\/v2\/categories?post=6744"},{"taxonomy":"post_tag","embeddable":true,"href":"https:\/\/rozaria.pl\/blog\/wp-json\/wp\/v2\/tags?post=6744"}],"curies":[{"name":"wp","href":"https:\/\/api.w.org\/{rel}","templated":true}]}}