{"id":6699,"date":"2025-07-07T16:24:47","date_gmt":"2025-07-07T14:24:47","guid":{"rendered":"https:\/\/rozaria.pl\/blog\/?p=6699"},"modified":"2025-07-07T16:24:47","modified_gmt":"2025-07-07T14:24:47","slug":"cien-w-ogrodzie","status":"publish","type":"post","link":"https:\/\/rozaria.pl\/blog\/cien-w-ogrodzie\/","title":{"rendered":"Cie\u0144 w ogrodzie"},"content":{"rendered":"<h2 style=\"text-align: justify;\">Cie\u0144 w ogrodzie mile widziany w upalne dni \u2013 jak zaplanowa\u0107 przestrze\u0144, by kwit\u0142a i ch\u0142odzi\u0142a<\/h2>\n<p style=\"text-align: justify;\"><a href=\"https:\/\/rozaria.pl\/blog\/wp-content\/uploads\/2025\/06\/cien_ogrod.jpg\"><img loading=\"lazy\" decoding=\"async\" class=\"size-medium wp-image-6701 alignright\" src=\"https:\/\/rozaria.pl\/blog\/wp-content\/uploads\/2025\/06\/cien_ogrod-300x200.jpg\" alt=\"cie\u0144 w ogrodzie\" width=\"300\" height=\"200\" srcset=\"https:\/\/rozaria.pl\/blog\/wp-content\/uploads\/2025\/06\/cien_ogrod-150x100.jpg 150w, https:\/\/rozaria.pl\/blog\/wp-content\/uploads\/2025\/06\/cien_ogrod-200x133.jpg 200w, https:\/\/rozaria.pl\/blog\/wp-content\/uploads\/2025\/06\/cien_ogrod-300x200.jpg 300w, https:\/\/rozaria.pl\/blog\/wp-content\/uploads\/2025\/06\/cien_ogrod-400x267.jpg 400w, https:\/\/rozaria.pl\/blog\/wp-content\/uploads\/2025\/06\/cien_ogrod-600x400.jpg 600w, https:\/\/rozaria.pl\/blog\/wp-content\/uploads\/2025\/06\/cien_ogrod-768x512.jpg 768w, https:\/\/rozaria.pl\/blog\/wp-content\/uploads\/2025\/06\/cien_ogrod.jpg 790w\" sizes=\"(max-width: 300px) 100vw, 300px\" \/><\/a>Letni ogr\u00f3d kojarzy si\u0119 ze s\u0142o\u0144cem, kwitn\u0105cymi rabatami i zapachem r\u00f3\u017c. Ale kiedy temperatura przekracza 30 stopni, nawet najpi\u0119kniejsza rabata mo\u017ce sta\u0107 si\u0119 miejscem nie do zniesienia. W takich chwilach cie\u0144 nie jest przeszkod\u0105 \u2013 jest ratunkiem. Dobrze zaprojektowana przestrze\u0144 ogrodowa powinna uwzgl\u0119dnia\u0107 nie tylko nas\u0142onecznione fragmenty, ale r\u00f3wnie\u017c miejsca, w kt\u00f3rych mo\u017cna schowa\u0107 si\u0119 przed upa\u0142em. I co wa\u017cne: nawet r\u00f3\u017ce potrafi\u0105 doceni\u0107 chwil\u0119 oddechu w p\u00f3\u0142cieniu.<\/p>\n<h3 style=\"text-align: justify;\">Cie\u0144 w ogrodzie \u2013 wr\u00f3g czy sprzymierzeniec?<\/h3>\n<p style=\"text-align: justify;\" data-start=\"0\" data-end=\"139\">Cie\u0144 wcale nie musi oznacza\u0107 ograniczenia mo\u017cliwo\u015bci. Wr\u0119cz przeciwnie \u2013 mo\u017ce by\u0107 atutem, szczeg\u00f3lnie w czasie d\u0142ugich, gor\u0105cych dni. Cie\u0144:<\/p>\n<p style=\"text-align: justify;\" data-start=\"141\" data-end=\"298\">\u2013 obni\u017ca temperatur\u0119 gleby,<br data-start=\"168\" data-end=\"171\" \/>\u2013 spowalnia parowanie wody,<br data-start=\"198\" data-end=\"201\" \/>\u2013 chroni delikatne p\u0105ki przed przypaleniem,<br data-start=\"244\" data-end=\"247\" \/>\u2013 pozwala tworzy\u0107 bardziej zr\u00f3wnowa\u017cone kompozycje.<\/p>\n<p style=\"text-align: justify;\" data-start=\"300\" data-end=\"732\">Co wi\u0119cej, cie\u0144 sprzyja zachowaniu bior\u00f3\u017cnorodno\u015bci \u2013 staje si\u0119 schronieniem dla owad\u00f3w zapylaj\u0105cych, je\u017cy, ptak\u00f3w czy p\u0142az\u00f3w, kt\u00f3re unikaj\u0105 przegrzanych miejsc. To r\u00f3wnie\u017c naturalna ochrona dla gleby, kt\u00f3ra pod okapem ro\u015blin d\u0142u\u017cej utrzymuje struktur\u0119 i wilgo\u0107, sprzyjaj\u0105c aktywno\u015bci mikroorganizm\u00f3w. Dla ludzi z kolei to bezpieczna, ch\u0142odniejsza przestrze\u0144 \u2013 idealna do odpoczynku, lektury czy wsp\u00f3lnego sp\u0119dzania czasu z rodzin\u0105.<\/p>\n<p style=\"text-align: justify;\" data-start=\"734\" data-end=\"1001\" data-is-last-node=\"\" data-is-only-node=\"\">W ogrodzie znajdziemy r\u00f3\u017cne rodzaje cienia: rzucany przez budynki, \u015bciany, drzewa, \u017cywop\u0142oty, a tak\u017ce cie\u0144 cz\u0119\u015bciowy, tworzony przez a\u017cury, pergole czy wysokie ro\u015bliny. Warto je m\u0105drze zaplanowa\u0107, bo cie\u0144 mo\u017ce sta\u0107 si\u0119 sprzymierze\u0144cem zar\u00f3wno natury, jak i ogrodnika.<\/p>\n<h2 style=\"text-align: justify;\">R\u00f3\u017ce a cie\u0144<\/h2>\n<p style=\"text-align: justify;\">R\u00f3\u017ce <a href=\"https:\/\/rozaria.pl\/blog\/wp-content\/uploads\/2025\/06\/trejarze.jpg\"><img loading=\"lazy\" decoding=\"async\" class=\"size-medium wp-image-6702 alignright\" src=\"https:\/\/rozaria.pl\/blog\/wp-content\/uploads\/2025\/06\/trejarze-300x200.jpg\" alt=\"cie\u0144 latem wskazany\" width=\"300\" height=\"200\" srcset=\"https:\/\/rozaria.pl\/blog\/wp-content\/uploads\/2025\/06\/trejarze-150x100.jpg 150w, https:\/\/rozaria.pl\/blog\/wp-content\/uploads\/2025\/06\/trejarze-200x134.jpg 200w, https:\/\/rozaria.pl\/blog\/wp-content\/uploads\/2025\/06\/trejarze-300x200.jpg 300w, https:\/\/rozaria.pl\/blog\/wp-content\/uploads\/2025\/06\/trejarze-400x267.jpg 400w, https:\/\/rozaria.pl\/blog\/wp-content\/uploads\/2025\/06\/trejarze-600x401.jpg 600w, https:\/\/rozaria.pl\/blog\/wp-content\/uploads\/2025\/06\/trejarze-768x513.jpg 768w, https:\/\/rozaria.pl\/blog\/wp-content\/uploads\/2025\/06\/trejarze.jpg 800w\" sizes=\"(max-width: 300px) 100vw, 300px\" \/><\/a>kochaj\u0105 s\u0142o\u0144ce, ale nie ka\u017cda z nich potrzebuje go przez ca\u0142y dzie\u0144. W czasie upa\u0142\u00f3w, lekkie ocienienie w najgor\u0119tszych godzinach chroni p\u0105ki przed przypaleniem, a li\u015bcie przed utrat\u0105 blasku. Cie\u0144 mo\u017ce r\u00f3wnie\u017c przed\u0142u\u017cy\u0107 \u017cycie kwiat\u00f3w \u2013 szczeg\u00f3lnie tych o jasnych lub pastelowych barwach.<\/p>\n<p style=\"text-align: justify;\">W Rozarii polecamy kilka odmian, kt\u00f3re dobrze znosz\u0105 p\u00f3\u0142cie\u0144:<\/p>\n<p style=\"text-align: justify;\"><em><strong><a href=\"https:\/\/rozaria.pl\/roze-krzaczaste-lavender-lassie\">Lavender Lassie<\/a><\/strong><\/em> \u2013 odporna, pachn\u0105ca, zachowuje intensywny kolor nawet w rozproszonym \u015bwietle,<\/p>\n<p style=\"text-align: justify;\"><strong><em><a href=\"https:\/\/rozaria.pl\/roze-angielskie-heritage\">Heritage<\/a><\/em><\/strong> i <strong><em><a href=\"https:\/\/rozaria.pl\/the-generous-gardener-roza-angielska\">The Generous Gardener<\/a><\/em><\/strong> \u2013 klasyki wsr\u00f3d r\u00f3\u017c angielskich, kt\u00f3re lubi\u0105 \u0142agodne o\u015bwietlenie,<\/p>\n<p style=\"text-align: justify;\"><em><strong><a href=\"https:\/\/rozaria.pl\/roze-na-pergole-new-dawn\">New Dawn<\/a><\/strong><\/em> \u2013 jedna z najbardziej cieniozno\u015bnych r\u00f3\u017c pn\u0105cych.<\/p>\n<p style=\"text-align: justify;\">Cie\u0144 w ogrodzie to nie tylko wytchnienie w upalne dni, ale tak\u017ce szansa na urozmaicenie przestrzeni. Warto wiedzie\u0107, jakie elementy mog\u0105 szybko i skutecznie go zapewni\u0107. Wi\u0119cej odmian r\u00f3\u017c toleruj\u0105cych cie\u0144 znajdziecie na naszej stronie w zak\u0142adce <a href=\"https:\/\/rozaria.pl\/roze-tolerujace-polcien\">\u201eR\u00f3\u017ce do cienia\u201d<\/a>.<\/p>\n<h2 style=\"text-align: justify;\">Jak zaplanowa\u0107 przestrze\u0144 z cieniem?<\/h2>\n<p style=\"text-align: justify;\"><a href=\"https:\/\/rozaria.pl\/blog\/wp-content\/uploads\/2025\/06\/cien_w_ogrodzie.jpg\"><img loading=\"lazy\" decoding=\"async\" class=\"alignleft size-medium wp-image-6703\" src=\"https:\/\/rozaria.pl\/blog\/wp-content\/uploads\/2025\/06\/cien_w_ogrodzie-300x201.jpg\" alt=\"w ogrodzie upalny cie\u0144\" width=\"300\" height=\"201\" srcset=\"https:\/\/rozaria.pl\/blog\/wp-content\/uploads\/2025\/06\/cien_w_ogrodzie-150x100.jpg 150w, https:\/\/rozaria.pl\/blog\/wp-content\/uploads\/2025\/06\/cien_w_ogrodzie-200x134.jpg 200w, https:\/\/rozaria.pl\/blog\/wp-content\/uploads\/2025\/06\/cien_w_ogrodzie-300x201.jpg 300w, https:\/\/rozaria.pl\/blog\/wp-content\/uploads\/2025\/06\/cien_w_ogrodzie-400x268.jpg 400w, https:\/\/rozaria.pl\/blog\/wp-content\/uploads\/2025\/06\/cien_w_ogrodzie-600x401.jpg 600w, https:\/\/rozaria.pl\/blog\/wp-content\/uploads\/2025\/06\/cien_w_ogrodzie-768x514.jpg 768w, https:\/\/rozaria.pl\/blog\/wp-content\/uploads\/2025\/06\/cien_w_ogrodzie-800x535.jpg 800w, https:\/\/rozaria.pl\/blog\/wp-content\/uploads\/2025\/06\/cien_w_ogrodzie.jpg 1000w\" sizes=\"(max-width: 300px) 100vw, 300px\" \/><\/a>Zadbaj o r\u00f3wnowag\u0119. Niech obok s\u0142onecznych rabat pojawi si\u0119 miejsce z \u0142awk\u0105 pod pergol\u0105, cienisty zak\u0105tek przy \u015bcianie domu lub strefa relaksu pod drzewem.<\/p>\n<p style=\"text-align: justify;\">Stosuj ro\u015bliny cieniozno\u015bne jako t\u0142o lub wype\u0142nienie mi\u0119dzy krzewami r\u00f3\u017c. \u015awietnie sprawdz\u0105 si\u0119: paprocie, hosty, tawu\u0142ki, \u017curawki, brunery.<\/p>\n<p style=\"text-align: justify;\">Pami\u0119taj o przewiewie. Cie\u0144 to nie to samo co zast\u00f3j powietrza. R\u00f3\u017ce potrzebuj\u0105 przewiewnych stanowisk, nawet w p\u00f3\u0142cieniu.<\/p>\n<h2 style=\"text-align: justify;\">\ud83c\udf33 Co mo\u017ce da\u0107 cie\u0144 w ogrodzie?<\/h2>\n<p style=\"text-align: justify;\">Cie\u0144 w ogrodzie to nie tylko wytchnienie w upalne dni, ale tak\u017ce szansa na urozmaicenie przestrzeni. Warto wiedzie\u0107, jakie elementy mog\u0105 szybko i skutecznie go zapewni\u0107. Propozycje dla praktyk\u00f3w:<a href=\"https:\/\/rozaria.pl\/blog\/wp-content\/uploads\/2025\/06\/cien_rabaty_glw.jpeg\"><img loading=\"lazy\" decoding=\"async\" class=\"alignleft size-medium wp-image-6704\" src=\"https:\/\/rozaria.pl\/blog\/wp-content\/uploads\/2025\/06\/cien_rabaty_glw-300x300.jpeg\" alt=\"cie\u0144 drzewa\" width=\"300\" height=\"300\" srcset=\"https:\/\/rozaria.pl\/blog\/wp-content\/uploads\/2025\/06\/cien_rabaty_glw-66x66.jpeg 66w, https:\/\/rozaria.pl\/blog\/wp-content\/uploads\/2025\/06\/cien_rabaty_glw-150x150.jpeg 150w, https:\/\/rozaria.pl\/blog\/wp-content\/uploads\/2025\/06\/cien_rabaty_glw-200x200.jpeg 200w, https:\/\/rozaria.pl\/blog\/wp-content\/uploads\/2025\/06\/cien_rabaty_glw-300x300.jpeg 300w, https:\/\/rozaria.pl\/blog\/wp-content\/uploads\/2025\/06\/cien_rabaty_glw-400x400.jpeg 400w, https:\/\/rozaria.pl\/blog\/wp-content\/uploads\/2025\/06\/cien_rabaty_glw-600x600.jpeg 600w, https:\/\/rozaria.pl\/blog\/wp-content\/uploads\/2025\/06\/cien_rabaty_glw-768x768.jpeg 768w, https:\/\/rozaria.pl\/blog\/wp-content\/uploads\/2025\/06\/cien_rabaty_glw.jpeg 800w\" sizes=\"(max-width: 300px) 100vw, 300px\" \/><\/a><\/p>\n<h3 style=\"text-align: justify;\">1. Drzewa szybko daj\u0105ce cie\u0144:<\/h3>\n<p style=\"text-align: justify;\">Klon pospolity (Acer platanoides) \u2013 szybki wzrost, szeroka korona,<\/p>\n<p style=\"text-align: justify;\">Tulipanowiec ameryka\u0144ski \u2013 efektowny, szybko rosn\u0105cy,<\/p>\n<p style=\"text-align: justify;\">Robinia akacjowa \u2013 lekka, a\u017curowa korona, cie\u0144 nieprzyt\u0142aczaj\u0105cy,<\/p>\n<p style=\"text-align: justify;\">Jarz\u0105b pospolity (jarz\u0119bina) \u2013 atrakcyjny przez ca\u0142y sezon.<a href=\"https:\/\/rozaria.pl\/blog\/wp-content\/uploads\/2025\/06\/cien-pergola-z-roza-scaled.jpg\"><img loading=\"lazy\" decoding=\"async\" class=\"size-medium wp-image-6705 alignright\" src=\"https:\/\/rozaria.pl\/blog\/wp-content\/uploads\/2025\/06\/cien-pergola-z-roza-187x300.jpg\" alt=\"r\u00f3\u017ce pergole\" width=\"187\" height=\"300\" srcset=\"https:\/\/rozaria.pl\/blog\/wp-content\/uploads\/2025\/06\/cien-pergola-z-roza-94x150.jpg 94w, https:\/\/rozaria.pl\/blog\/wp-content\/uploads\/2025\/06\/cien-pergola-z-roza-187x300.jpg 187w, https:\/\/rozaria.pl\/blog\/wp-content\/uploads\/2025\/06\/cien-pergola-z-roza-200x321.jpg 200w, https:\/\/rozaria.pl\/blog\/wp-content\/uploads\/2025\/06\/cien-pergola-z-roza-400x641.jpg 400w, https:\/\/rozaria.pl\/blog\/wp-content\/uploads\/2025\/06\/cien-pergola-z-roza-600x962.jpg 600w, https:\/\/rozaria.pl\/blog\/wp-content\/uploads\/2025\/06\/cien-pergola-z-roza-639x1024.jpg 639w, https:\/\/rozaria.pl\/blog\/wp-content\/uploads\/2025\/06\/cien-pergola-z-roza-768x1231.jpg 768w, https:\/\/rozaria.pl\/blog\/wp-content\/uploads\/2025\/06\/cien-pergola-z-roza-800x1283.jpg 800w, https:\/\/rozaria.pl\/blog\/wp-content\/uploads\/2025\/06\/cien-pergola-z-roza-958x1536.jpg 958w, https:\/\/rozaria.pl\/blog\/wp-content\/uploads\/2025\/06\/cien-pergola-z-roza-1200x1924.jpg 1200w, https:\/\/rozaria.pl\/blog\/wp-content\/uploads\/2025\/06\/cien-pergola-z-roza-1277x2048.jpg 1277w, https:\/\/rozaria.pl\/blog\/wp-content\/uploads\/2025\/06\/cien-pergola-z-roza-scaled.jpg 1597w\" sizes=\"(max-width: 187px) 100vw, 187px\" \/><\/a><\/p>\n<h3 style=\"text-align: justify;\">2. R\u00f3\u017ce na pergolach i treja\u017cach daj\u0105ce cie\u0144:<\/h3>\n<p style=\"text-align: justify;\">New Dawn \u2013 pn\u0105ca, cieniozno\u015bna, delikatna,<\/p>\n<p style=\"text-align: justify;\">Paul\u2019s Himalayan Musk \u2013 mocno rosn\u0105ca, tworzy \u201echmur\u0119\u201d kwiat\u00f3w,<\/p>\n<p style=\"text-align: justify;\">Alb\u00e9ric Barbier \u2013 silny wzrost i zimozielone li\u015bcie w \u0142agodniejszym klimacie,<\/p>\n<p style=\"text-align: justify;\">Ghislaine de F\u00e9ligonde \u2013 tworzy lekk\u0105 zas\u0142on\u0119 kwiatow\u0105.<\/p>\n<h3 style=\"text-align: justify;\">3. Elementy architektury ogrodowej tworz\u0105ce cie\u0144:<\/h3>\n<p style=\"text-align: justify;\"><a href=\"https:\/\/rozaria.pl\/blog\/wp-content\/uploads\/2025\/06\/roze_cien.jpg\"><img loading=\"lazy\" decoding=\"async\" class=\"wp-image-6706 size-full aligncenter\" src=\"https:\/\/rozaria.pl\/blog\/wp-content\/uploads\/2025\/06\/roze_cien.jpg\" alt=\"pergola\" width=\"800\" height=\"511\" srcset=\"https:\/\/rozaria.pl\/blog\/wp-content\/uploads\/2025\/06\/roze_cien-150x96.jpg 150w, https:\/\/rozaria.pl\/blog\/wp-content\/uploads\/2025\/06\/roze_cien-200x128.jpg 200w, https:\/\/rozaria.pl\/blog\/wp-content\/uploads\/2025\/06\/roze_cien-300x192.jpg 300w, https:\/\/rozaria.pl\/blog\/wp-content\/uploads\/2025\/06\/roze_cien-400x256.jpg 400w, https:\/\/rozaria.pl\/blog\/wp-content\/uploads\/2025\/06\/roze_cien-460x295.jpg 460w, https:\/\/rozaria.pl\/blog\/wp-content\/uploads\/2025\/06\/roze_cien-600x383.jpg 600w, https:\/\/rozaria.pl\/blog\/wp-content\/uploads\/2025\/06\/roze_cien-768x491.jpg 768w, https:\/\/rozaria.pl\/blog\/wp-content\/uploads\/2025\/06\/roze_cien.jpg 800w\" sizes=\"(max-width: 800px) 100vw, 800px\" \/><\/a>Pergole i treja\u017ce \u2013 z r\u00f3\u017cami pn\u0105cymi lub winoro\u015bl\u0105,<\/p>\n<p style=\"text-align: justify;\">Altany \u2013 zamykaj\u0105 przestrze\u0144, tworz\u0105 naturalny pok\u00f3j w ogrodzie, daj\u0105 nam prywatno\u015b\u0107 i chwile intymno\u015bci<\/p>\n<p style=\"text-align: justify;\">\u0141uki i bramy poro\u015bni\u0119te ro\u015blinno\u015bci\u0105 \u2013 s\u0142u\u017c\u0105ce do wprowadzenia rytmu i ch\u0142odnych przej\u015b\u0107,<\/p>\n<p style=\"text-align: justify;\">Wiaty i pawilony \u2013 nie tylko cie\u0144, ale i miejsce do wypoczynku.<\/p>\n<h3 style=\"text-align: justify;\">4. Przeno\u015bne konstrukcje, kt\u00f3re daj\u0105 cie\u0144 \u201eod r\u0119ki\u201d:<\/h3>\n<p style=\"text-align: justify;\">Parasole ogrodowe \u2013 szybki efekt i mobilno\u015b\u0107,<a href=\"https:\/\/rozaria.pl\/blog\/wp-content\/uploads\/2025\/06\/parasol_do_cienia.jpg\"><img loading=\"lazy\" decoding=\"async\" class=\"size-medium wp-image-6707 alignright\" src=\"https:\/\/rozaria.pl\/blog\/wp-content\/uploads\/2025\/06\/parasol_do_cienia-300x200.jpg\" alt=\"\" width=\"300\" height=\"200\" srcset=\"https:\/\/rozaria.pl\/blog\/wp-content\/uploads\/2025\/06\/parasol_do_cienia-150x100.jpg 150w, https:\/\/rozaria.pl\/blog\/wp-content\/uploads\/2025\/06\/parasol_do_cienia-200x133.jpg 200w, https:\/\/rozaria.pl\/blog\/wp-content\/uploads\/2025\/06\/parasol_do_cienia-300x200.jpg 300w, https:\/\/rozaria.pl\/blog\/wp-content\/uploads\/2025\/06\/parasol_do_cienia-400x266.jpg 400w, https:\/\/rozaria.pl\/blog\/wp-content\/uploads\/2025\/06\/parasol_do_cienia-600x399.jpg 600w, https:\/\/rozaria.pl\/blog\/wp-content\/uploads\/2025\/06\/parasol_do_cienia-768x511.jpg 768w, https:\/\/rozaria.pl\/blog\/wp-content\/uploads\/2025\/06\/parasol_do_cienia.jpg 800w\" sizes=\"(max-width: 300px) 100vw, 300px\" \/><\/a><\/p>\n<p style=\"text-align: justify;\">\u017bagle przeciws\u0142oneczne \u2013 nowoczesne, lekkie, dekoracyjne,<\/p>\n<p style=\"text-align: justify;\">Markizy rozk\u0142adane \u2013 idealne przy tarasie,<\/p>\n<p style=\"text-align: justify;\">Parawany i \u015bcianki z maty \u2013 lekkie, mo\u017cna dowolnie przestawia\u0107.<\/p>\n<h2 style=\"text-align: justify;\">Cie\u0144 w ogrodzie jako element kompozycji<\/h2>\n<p style=\"text-align: justify;\">Cie\u0144 nie musi by\u0107 kompromisem. Mo\u017ce by\u0107 narz\u0119dziem w kompozycji. Pozwala budowa\u0107 kontrasty, wprowadza g\u0142\u0119bi\u0119 i rytm. To on modeluje przestrze\u0144 i nadaje jej g\u0142\u0119bi\u0119, jak \u015bwiat\u0142o w obrazie. Dzi\u0119ki niemu mo\u017cemy wyeksponowa\u0107 kontrasty, np. jasne r\u00f3\u017ce na tle ciemnych host czy paproci, po\u0142yskuj\u0105ce li\u015bcie w cieniu, delikatne \u015bwiat\u0142o prze\u015bwituj\u0105ce przez a\u017curow\u0105 pergol\u0119.<a href=\"https:\/\/rozaria.pl\/blog\/wp-content\/uploads\/2025\/06\/ocienione.jpg\"><img loading=\"lazy\" decoding=\"async\" class=\"alignleft size-medium wp-image-6708\" src=\"https:\/\/rozaria.pl\/blog\/wp-content\/uploads\/2025\/06\/ocienione-170x300.jpg\" alt=\"\" width=\"170\" height=\"300\" srcset=\"https:\/\/rozaria.pl\/blog\/wp-content\/uploads\/2025\/06\/ocienione-85x150.jpg 85w, https:\/\/rozaria.pl\/blog\/wp-content\/uploads\/2025\/06\/ocienione-170x300.jpg 170w, https:\/\/rozaria.pl\/blog\/wp-content\/uploads\/2025\/06\/ocienione-200x352.jpg 200w, https:\/\/rozaria.pl\/blog\/wp-content\/uploads\/2025\/06\/ocienione-400x705.jpg 400w, https:\/\/rozaria.pl\/blog\/wp-content\/uploads\/2025\/06\/ocienione.jpg 549w\" sizes=\"(max-width: 170px) 100vw, 170px\" \/><\/a><\/p>\n<p style=\"text-align: justify;\">Przyk\u0142ad? W jednym z naszych projekt\u00f3w r\u00f3\u017ca &#8216;Heritage&#8217; ros\u0142a tu\u017c przy a\u017curowej altanie. Rano k\u0105pa\u0142a si\u0119 w s\u0142o\u0144cu, po po\u0142udniu za\u015b jej pudrowy r\u00f3\u017c stawa\u0142 si\u0119 ch\u0142odniejszy, bardziej subtelny \u2013 a sama rabata zyskiwa\u0142a drugie \u017cycie.<\/p>\n<p style=\"text-align: justify;\">Cie\u0144 tworzy rytm. Pomaga prowadzi\u0107 wzrok przez ogr\u00f3d \u2013 od plamy \u015bwiat\u0142a na trawniku, przez cienisty zak\u0105tek pod drzewem, a\u017c po s\u0142oneczne zwie\u0144czenie rabaty. Ogr\u00f3d, w kt\u00f3rym \u015bwiat\u0142o i cie\u0144 graj\u0105 wsp\u00f3lnie, jest pe\u0142en nastroju. To ogr\u00f3d bardziej dynamiczny i naturalny, jak opowie\u015b\u0107, kt\u00f3ra nigdy si\u0119 nie nudzi.<\/p>\n<h2 style=\"text-align: justify;\">Podsumowanie:<\/h2>\n<p style=\"text-align: justify;\">Warto uczy\u0107 si\u0119 czyta\u0107 ogr\u00f3d \u2013 gdzie panuje cie\u0144, gdzie \u015bwiat\u0142o gra inaczej w zale\u017cno\u015bci od pory dnia. To pozwala lepiej dobra\u0107 ro\u015bliny i zaplanowa\u0107 rabaty, kt\u00f3re nie tylko b\u0119d\u0105 pi\u0119kne, ale i funkcjonalne.<\/p>\n<p style=\"text-align: justify;\">Bo ogr\u00f3d to nie tylko scena dla kwiat\u00f3w, ale r\u00f3wnie\u017c miejsce dla nas. I w pe\u0142nym s\u0142o\u0144cu, i w ko\u0142ysz\u0105cym si\u0119 cieniu drzew. Ogr\u00f3d to nie tylko przestrze\u0144 relaksu i wytchnienia, ale tak\u017ce \u017ar\u00f3d\u0142o rado\u015bci, zachwytu nad przyrod\u0105 oraz satysfakcji z w\u0142asnych umiej\u0119tno\u015bci ogrodniczych.<\/p>\n","protected":false},"excerpt":{"rendered":"<p>Cie\u0144 w ogrodzie mile widziany w upalne dni \u2013 jak zaplanowa\u0107 przestrze\u0144, by kwit\u0142a i ch\u0142odzi\u0142a Letni ogr\u00f3d kojarzy si\u0119 ze s\u0142o\u0144cem, kwitn\u0105cymi rabatami i zapachem r\u00f3\u017c. Ale kiedy temperatura przekracza 30 stopni, nawet najpi\u0119kniejsza rabata mo\u017ce sta\u0107 si\u0119 miejscem [&hellip;]<\/p>\n","protected":false},"author":1,"featured_media":6700,"comment_status":"open","ping_status":"open","sticky":false,"template":"","format":"standard","meta":{"_mi_skip_tracking":false,"_monsterinsights_sitenote_active":false,"_monsterinsights_sitenote_note":"","_monsterinsights_sitenote_category":0,"footnotes":""},"categories":[4,6,124],"tags":[],"yoast_head":"<!-- This site is optimized with the Yoast SEO plugin v23.5 - https:\/\/yoast.com\/wordpress\/plugins\/seo\/ -->\n<title>Cie\u0144 w ogrodzie - blog Rozaria.pl<\/title>\n<meta name=\"description\" content=\"Cie\u0144 w ogrodzie to ulga w gor\u0105ce dni. Jak go stworzy\u0107 i cieszy\u0107 si\u0119 komfortem latem - od ro\u015blin po praktyczne konstrukcje.\" \/>\n<meta name=\"robots\" content=\"index, follow, max-snippet:-1, max-image-preview:large, max-video-preview:-1\" \/>\n<link rel=\"canonical\" href=\"https:\/\/rozaria.pl\/blog\/cien-w-ogrodzie\/\" \/>\n<meta property=\"og:locale\" content=\"pl_PL\" \/>\n<meta property=\"og:type\" content=\"article\" \/>\n<meta property=\"og:title\" content=\"Cie\u0144 w ogrodzie - blog Rozaria.pl\" \/>\n<meta property=\"og:description\" content=\"Cie\u0144 w ogrodzie to ulga w gor\u0105ce dni. Jak go stworzy\u0107 i cieszy\u0107 si\u0119 komfortem latem - od ro\u015blin po praktyczne konstrukcje.\" \/>\n<meta property=\"og:url\" content=\"https:\/\/rozaria.pl\/blog\/cien-w-ogrodzie\/\" \/>\n<meta property=\"og:site_name\" content=\"blog Rozaria.pl\" \/>\n<meta property=\"article:publisher\" content=\"https:\/\/www.facebook.com\/SzkolkaRozRozaria\/\" \/>\n<meta property=\"article:published_time\" content=\"2025-07-07T14:24:47+00:00\" \/>\n<meta property=\"og:image\" content=\"https:\/\/rozaria.pl\/blog\/wp-content\/uploads\/2025\/06\/cien_w_ogrodzie_glw.jpg\" \/>\n\t<meta property=\"og:image:width\" content=\"800\" \/>\n\t<meta property=\"og:image:height\" content=\"800\" \/>\n\t<meta property=\"og:image:type\" content=\"image\/jpeg\" \/>\n<meta name=\"author\" content=\"Rozaria.pl\" \/>\n<meta name=\"twitter:card\" content=\"summary_large_image\" \/>\n<meta name=\"twitter:creator\" content=\"@SzkolkaRozaria\" \/>\n<meta name=\"twitter:site\" content=\"@SzkolkaRozaria\" \/>\n<meta name=\"twitter:label1\" content=\"Napisane przez\" \/>\n\t<meta name=\"twitter:data1\" content=\"Rozaria.pl\" \/>\n\t<meta name=\"twitter:label2\" content=\"Szacowany czas czytania\" \/>\n\t<meta name=\"twitter:data2\" content=\"7 minut\" \/>\n<script type=\"application\/ld+json\" class=\"yoast-schema-graph\">{\"@context\":\"https:\/\/schema.org\",\"@graph\":[{\"@type\":\"Article\",\"@id\":\"https:\/\/rozaria.pl\/blog\/cien-w-ogrodzie\/#article\",\"isPartOf\":{\"@id\":\"https:\/\/rozaria.pl\/blog\/cien-w-ogrodzie\/\"},\"author\":{\"name\":\"Rozaria.pl\",\"@id\":\"https:\/\/rozaria.pl\/blog\/#\/schema\/person\/31b3805d5058ea1cffed1d8efb6e2513\"},\"headline\":\"Cie\u0144 w ogrodzie\",\"datePublished\":\"2025-07-07T14:24:47+00:00\",\"dateModified\":\"2025-07-07T14:24:47+00:00\",\"mainEntityOfPage\":{\"@id\":\"https:\/\/rozaria.pl\/blog\/cien-w-ogrodzie\/\"},\"wordCount\":1025,\"commentCount\":0,\"publisher\":{\"@id\":\"https:\/\/rozaria.pl\/blog\/#organization\"},\"image\":{\"@id\":\"https:\/\/rozaria.pl\/blog\/cien-w-ogrodzie\/#primaryimage\"},\"thumbnailUrl\":\"https:\/\/rozaria.pl\/blog\/wp-content\/uploads\/2025\/06\/cien_w_ogrodzie_glw.jpg\",\"articleSection\":[\"Ciekawostki\",\"Piel\u0119gnacja\",\"Porady ogrodowe\"],\"inLanguage\":\"pl-PL\",\"potentialAction\":[{\"@type\":\"CommentAction\",\"name\":\"Comment\",\"target\":[\"https:\/\/rozaria.pl\/blog\/cien-w-ogrodzie\/#respond\"]}]},{\"@type\":\"WebPage\",\"@id\":\"https:\/\/rozaria.pl\/blog\/cien-w-ogrodzie\/\",\"url\":\"https:\/\/rozaria.pl\/blog\/cien-w-ogrodzie\/\",\"name\":\"Cie\u0144 w ogrodzie - blog Rozaria.pl\",\"isPartOf\":{\"@id\":\"https:\/\/rozaria.pl\/blog\/#website\"},\"primaryImageOfPage\":{\"@id\":\"https:\/\/rozaria.pl\/blog\/cien-w-ogrodzie\/#primaryimage\"},\"image\":{\"@id\":\"https:\/\/rozaria.pl\/blog\/cien-w-ogrodzie\/#primaryimage\"},\"thumbnailUrl\":\"https:\/\/rozaria.pl\/blog\/wp-content\/uploads\/2025\/06\/cien_w_ogrodzie_glw.jpg\",\"datePublished\":\"2025-07-07T14:24:47+00:00\",\"dateModified\":\"2025-07-07T14:24:47+00:00\",\"description\":\"Cie\u0144 w ogrodzie to ulga w gor\u0105ce dni. Jak go stworzy\u0107 i cieszy\u0107 si\u0119 komfortem latem - od ro\u015blin po praktyczne konstrukcje.\",\"breadcrumb\":{\"@id\":\"https:\/\/rozaria.pl\/blog\/cien-w-ogrodzie\/#breadcrumb\"},\"inLanguage\":\"pl-PL\",\"potentialAction\":[{\"@type\":\"ReadAction\",\"target\":[\"https:\/\/rozaria.pl\/blog\/cien-w-ogrodzie\/\"]}]},{\"@type\":\"ImageObject\",\"inLanguage\":\"pl-PL\",\"@id\":\"https:\/\/rozaria.pl\/blog\/cien-w-ogrodzie\/#primaryimage\",\"url\":\"https:\/\/rozaria.pl\/blog\/wp-content\/uploads\/2025\/06\/cien_w_ogrodzie_glw.jpg\",\"contentUrl\":\"https:\/\/rozaria.pl\/blog\/wp-content\/uploads\/2025\/06\/cien_w_ogrodzie_glw.jpg\",\"width\":800,\"height\":800,\"caption\":\"cie\u0144\"},{\"@type\":\"BreadcrumbList\",\"@id\":\"https:\/\/rozaria.pl\/blog\/cien-w-ogrodzie\/#breadcrumb\",\"itemListElement\":[{\"@type\":\"ListItem\",\"position\":1,\"name\":\"Strona g\u0142\u00f3wna\",\"item\":\"https:\/\/rozaria.pl\/blog\/\"},{\"@type\":\"ListItem\",\"position\":2,\"name\":\"Cie\u0144 w ogrodzie\"}]},{\"@type\":\"WebSite\",\"@id\":\"https:\/\/rozaria.pl\/blog\/#website\",\"url\":\"https:\/\/rozaria.pl\/blog\/\",\"name\":\"blog Rozaria.pl\",\"description\":\"Porozmawiajmy o r\u00f3\u017cach, o wszystkich sprawach\",\"publisher\":{\"@id\":\"https:\/\/rozaria.pl\/blog\/#organization\"},\"potentialAction\":[{\"@type\":\"SearchAction\",\"target\":{\"@type\":\"EntryPoint\",\"urlTemplate\":\"https:\/\/rozaria.pl\/blog\/?s={search_term_string}\"},\"query-input\":{\"@type\":\"PropertyValueSpecification\",\"valueRequired\":true,\"valueName\":\"search_term_string\"}}],\"inLanguage\":\"pl-PL\"},{\"@type\":\"Organization\",\"@id\":\"https:\/\/rozaria.pl\/blog\/#organization\",\"name\":\"Szk\u00f3\u0142ka R\u00f3\u017c Rozaria\",\"url\":\"https:\/\/rozaria.pl\/blog\/\",\"logo\":{\"@type\":\"ImageObject\",\"inLanguage\":\"pl-PL\",\"@id\":\"https:\/\/rozaria.pl\/blog\/#\/schema\/logo\/image\/\",\"url\":\"https:\/\/rozaria.pl\/blog\/wp-content\/uploads\/2016\/12\/logo_dla-rozaria.png\",\"contentUrl\":\"https:\/\/rozaria.pl\/blog\/wp-content\/uploads\/2016\/12\/logo_dla-rozaria.png\",\"width\":400,\"height\":166,\"caption\":\"Szk\u00f3\u0142ka R\u00f3\u017c Rozaria\"},\"image\":{\"@id\":\"https:\/\/rozaria.pl\/blog\/#\/schema\/logo\/image\/\"},\"sameAs\":[\"https:\/\/www.facebook.com\/SzkolkaRozRozaria\/\",\"https:\/\/x.com\/SzkolkaRozaria\",\"https:\/\/www.youtube.com\/channel\/UCguKKBc7F06eYM1tzYx1Z5A\"]},{\"@type\":\"Person\",\"@id\":\"https:\/\/rozaria.pl\/blog\/#\/schema\/person\/31b3805d5058ea1cffed1d8efb6e2513\",\"name\":\"Rozaria.pl\",\"image\":{\"@type\":\"ImageObject\",\"inLanguage\":\"pl-PL\",\"@id\":\"https:\/\/rozaria.pl\/blog\/#\/schema\/person\/image\/\",\"url\":\"https:\/\/secure.gravatar.com\/avatar\/36c7e4b15b333b9fb573f9e54e7fcf52?s=96&d=mm&r=g\",\"contentUrl\":\"https:\/\/secure.gravatar.com\/avatar\/36c7e4b15b333b9fb573f9e54e7fcf52?s=96&d=mm&r=g\",\"caption\":\"Rozaria.pl\"},\"sameAs\":[\"https:\/\/www.rozaria.pl\",\"https:\/\/www.youtube.com\/channel\/UCguKKBc7F06eYM1tzYx1Z5A\"],\"url\":\"https:\/\/rozaria.pl\/blog\/author\/1rozanka\/\"}]}<\/script>\n<!-- \/ Yoast SEO plugin. -->","yoast_head_json":{"title":"Cie\u0144 w ogrodzie - blog Rozaria.pl","description":"Cie\u0144 w ogrodzie to ulga w gor\u0105ce dni. Jak go stworzy\u0107 i cieszy\u0107 si\u0119 komfortem latem - od ro\u015blin po praktyczne konstrukcje.","robots":{"index":"index","follow":"follow","max-snippet":"max-snippet:-1","max-image-preview":"max-image-preview:large","max-video-preview":"max-video-preview:-1"},"canonical":"https:\/\/rozaria.pl\/blog\/cien-w-ogrodzie\/","og_locale":"pl_PL","og_type":"article","og_title":"Cie\u0144 w ogrodzie - blog Rozaria.pl","og_description":"Cie\u0144 w ogrodzie to ulga w gor\u0105ce dni. Jak go stworzy\u0107 i cieszy\u0107 si\u0119 komfortem latem - od ro\u015blin po praktyczne konstrukcje.","og_url":"https:\/\/rozaria.pl\/blog\/cien-w-ogrodzie\/","og_site_name":"blog Rozaria.pl","article_publisher":"https:\/\/www.facebook.com\/SzkolkaRozRozaria\/","article_published_time":"2025-07-07T14:24:47+00:00","og_image":[{"width":800,"height":800,"url":"https:\/\/rozaria.pl\/blog\/wp-content\/uploads\/2025\/06\/cien_w_ogrodzie_glw.jpg","type":"image\/jpeg"}],"author":"Rozaria.pl","twitter_card":"summary_large_image","twitter_creator":"@SzkolkaRozaria","twitter_site":"@SzkolkaRozaria","twitter_misc":{"Napisane przez":"Rozaria.pl","Szacowany czas czytania":"7 minut"},"schema":{"@context":"https:\/\/schema.org","@graph":[{"@type":"Article","@id":"https:\/\/rozaria.pl\/blog\/cien-w-ogrodzie\/#article","isPartOf":{"@id":"https:\/\/rozaria.pl\/blog\/cien-w-ogrodzie\/"},"author":{"name":"Rozaria.pl","@id":"https:\/\/rozaria.pl\/blog\/#\/schema\/person\/31b3805d5058ea1cffed1d8efb6e2513"},"headline":"Cie\u0144 w ogrodzie","datePublished":"2025-07-07T14:24:47+00:00","dateModified":"2025-07-07T14:24:47+00:00","mainEntityOfPage":{"@id":"https:\/\/rozaria.pl\/blog\/cien-w-ogrodzie\/"},"wordCount":1025,"commentCount":0,"publisher":{"@id":"https:\/\/rozaria.pl\/blog\/#organization"},"image":{"@id":"https:\/\/rozaria.pl\/blog\/cien-w-ogrodzie\/#primaryimage"},"thumbnailUrl":"https:\/\/rozaria.pl\/blog\/wp-content\/uploads\/2025\/06\/cien_w_ogrodzie_glw.jpg","articleSection":["Ciekawostki","Piel\u0119gnacja","Porady ogrodowe"],"inLanguage":"pl-PL","potentialAction":[{"@type":"CommentAction","name":"Comment","target":["https:\/\/rozaria.pl\/blog\/cien-w-ogrodzie\/#respond"]}]},{"@type":"WebPage","@id":"https:\/\/rozaria.pl\/blog\/cien-w-ogrodzie\/","url":"https:\/\/rozaria.pl\/blog\/cien-w-ogrodzie\/","name":"Cie\u0144 w ogrodzie - blog Rozaria.pl","isPartOf":{"@id":"https:\/\/rozaria.pl\/blog\/#website"},"primaryImageOfPage":{"@id":"https:\/\/rozaria.pl\/blog\/cien-w-ogrodzie\/#primaryimage"},"image":{"@id":"https:\/\/rozaria.pl\/blog\/cien-w-ogrodzie\/#primaryimage"},"thumbnailUrl":"https:\/\/rozaria.pl\/blog\/wp-content\/uploads\/2025\/06\/cien_w_ogrodzie_glw.jpg","datePublished":"2025-07-07T14:24:47+00:00","dateModified":"2025-07-07T14:24:47+00:00","description":"Cie\u0144 w ogrodzie to ulga w gor\u0105ce dni. Jak go stworzy\u0107 i cieszy\u0107 si\u0119 komfortem latem - od ro\u015blin po praktyczne konstrukcje.","breadcrumb":{"@id":"https:\/\/rozaria.pl\/blog\/cien-w-ogrodzie\/#breadcrumb"},"inLanguage":"pl-PL","potentialAction":[{"@type":"ReadAction","target":["https:\/\/rozaria.pl\/blog\/cien-w-ogrodzie\/"]}]},{"@type":"ImageObject","inLanguage":"pl-PL","@id":"https:\/\/rozaria.pl\/blog\/cien-w-ogrodzie\/#primaryimage","url":"https:\/\/rozaria.pl\/blog\/wp-content\/uploads\/2025\/06\/cien_w_ogrodzie_glw.jpg","contentUrl":"https:\/\/rozaria.pl\/blog\/wp-content\/uploads\/2025\/06\/cien_w_ogrodzie_glw.jpg","width":800,"height":800,"caption":"cie\u0144"},{"@type":"BreadcrumbList","@id":"https:\/\/rozaria.pl\/blog\/cien-w-ogrodzie\/#breadcrumb","itemListElement":[{"@type":"ListItem","position":1,"name":"Strona g\u0142\u00f3wna","item":"https:\/\/rozaria.pl\/blog\/"},{"@type":"ListItem","position":2,"name":"Cie\u0144 w ogrodzie"}]},{"@type":"WebSite","@id":"https:\/\/rozaria.pl\/blog\/#website","url":"https:\/\/rozaria.pl\/blog\/","name":"blog Rozaria.pl","description":"Porozmawiajmy o r\u00f3\u017cach, o wszystkich sprawach","publisher":{"@id":"https:\/\/rozaria.pl\/blog\/#organization"},"potentialAction":[{"@type":"SearchAction","target":{"@type":"EntryPoint","urlTemplate":"https:\/\/rozaria.pl\/blog\/?s={search_term_string}"},"query-input":{"@type":"PropertyValueSpecification","valueRequired":true,"valueName":"search_term_string"}}],"inLanguage":"pl-PL"},{"@type":"Organization","@id":"https:\/\/rozaria.pl\/blog\/#organization","name":"Szk\u00f3\u0142ka R\u00f3\u017c Rozaria","url":"https:\/\/rozaria.pl\/blog\/","logo":{"@type":"ImageObject","inLanguage":"pl-PL","@id":"https:\/\/rozaria.pl\/blog\/#\/schema\/logo\/image\/","url":"https:\/\/rozaria.pl\/blog\/wp-content\/uploads\/2016\/12\/logo_dla-rozaria.png","contentUrl":"https:\/\/rozaria.pl\/blog\/wp-content\/uploads\/2016\/12\/logo_dla-rozaria.png","width":400,"height":166,"caption":"Szk\u00f3\u0142ka R\u00f3\u017c Rozaria"},"image":{"@id":"https:\/\/rozaria.pl\/blog\/#\/schema\/logo\/image\/"},"sameAs":["https:\/\/www.facebook.com\/SzkolkaRozRozaria\/","https:\/\/x.com\/SzkolkaRozaria","https:\/\/www.youtube.com\/channel\/UCguKKBc7F06eYM1tzYx1Z5A"]},{"@type":"Person","@id":"https:\/\/rozaria.pl\/blog\/#\/schema\/person\/31b3805d5058ea1cffed1d8efb6e2513","name":"Rozaria.pl","image":{"@type":"ImageObject","inLanguage":"pl-PL","@id":"https:\/\/rozaria.pl\/blog\/#\/schema\/person\/image\/","url":"https:\/\/secure.gravatar.com\/avatar\/36c7e4b15b333b9fb573f9e54e7fcf52?s=96&d=mm&r=g","contentUrl":"https:\/\/secure.gravatar.com\/avatar\/36c7e4b15b333b9fb573f9e54e7fcf52?s=96&d=mm&r=g","caption":"Rozaria.pl"},"sameAs":["https:\/\/www.rozaria.pl","https:\/\/www.youtube.com\/channel\/UCguKKBc7F06eYM1tzYx1Z5A"],"url":"https:\/\/rozaria.pl\/blog\/author\/1rozanka\/"}]}},"_links":{"self":[{"href":"https:\/\/rozaria.pl\/blog\/wp-json\/wp\/v2\/posts\/6699"}],"collection":[{"href":"https:\/\/rozaria.pl\/blog\/wp-json\/wp\/v2\/posts"}],"about":[{"href":"https:\/\/rozaria.pl\/blog\/wp-json\/wp\/v2\/types\/post"}],"author":[{"embeddable":true,"href":"https:\/\/rozaria.pl\/blog\/wp-json\/wp\/v2\/users\/1"}],"replies":[{"embeddable":true,"href":"https:\/\/rozaria.pl\/blog\/wp-json\/wp\/v2\/comments?post=6699"}],"version-history":[{"count":4,"href":"https:\/\/rozaria.pl\/blog\/wp-json\/wp\/v2\/posts\/6699\/revisions"}],"predecessor-version":[{"id":6712,"href":"https:\/\/rozaria.pl\/blog\/wp-json\/wp\/v2\/posts\/6699\/revisions\/6712"}],"wp:featuredmedia":[{"embeddable":true,"href":"https:\/\/rozaria.pl\/blog\/wp-json\/wp\/v2\/media\/6700"}],"wp:attachment":[{"href":"https:\/\/rozaria.pl\/blog\/wp-json\/wp\/v2\/media?parent=6699"}],"wp:term":[{"taxonomy":"category","embeddable":true,"href":"https:\/\/rozaria.pl\/blog\/wp-json\/wp\/v2\/categories?post=6699"},{"taxonomy":"post_tag","embeddable":true,"href":"https:\/\/rozaria.pl\/blog\/wp-json\/wp\/v2\/tags?post=6699"}],"curies":[{"name":"wp","href":"https:\/\/api.w.org\/{rel}","templated":true}]}}