{"id":6692,"date":"2025-06-17T08:09:16","date_gmt":"2025-06-17T06:09:16","guid":{"rendered":"https:\/\/rozaria.pl\/blog\/?p=6692"},"modified":"2025-06-17T08:10:43","modified_gmt":"2025-06-17T06:10:43","slug":"rabata-mieszana-z-rozami","status":"publish","type":"post","link":"https:\/\/rozaria.pl\/blog\/rabata-mieszana-z-rozami\/","title":{"rendered":"Rabata mieszana z r\u00f3\u017cami"},"content":{"rendered":"<h2 style=\"text-align: justify;\">Rabata mieszana z r\u00f3\u017cami \u2013 jak po\u0142\u0105czy\u0107 kr\u00f3low\u0105 ogrodu z innymi ro\u015blinami<\/h2>\n<p style=\"text-align: justify;\">Czekaj\u0105c na spektakl r\u00f3\u017canego kwitnienia, szukamy sposob\u00f3w, by ogr\u00f3d t\u0119tni\u0142 \u017cyciem tak\u017ce wtedy, gdy r\u00f3\u017ce dopiero si\u0119 budz\u0105 lub chwilowo odpoczywaj\u0105. Rabata mieszana z r\u00f3\u017cami, to odpowied\u017a na t\u0119 potrzeb\u0119 \u2013 subtelne po\u0142\u0105czenie r\u00f3\u017c z innymi ro\u015blinami, kt\u00f3re uzupe\u0142niaj\u0105 ich pi\u0119kno, wype\u0142niaj\u0105 przestrze\u0144 i zapewniaj\u0105 ci\u0105g\u0142o\u015b\u0107 kolor\u00f3w przez ca\u0142y sezon.<a href=\"https:\/\/rozaria.pl\/blog\/wp-content\/uploads\/2025\/06\/rabata_mieszana_roze.jpg\"><img loading=\"lazy\" decoding=\"async\" class=\"aligncenter wp-image-6716 size-large\" src=\"https:\/\/rozaria.pl\/blog\/wp-content\/uploads\/2025\/06\/rabata_mieszana_roze-1024x683.jpg\" alt=\"rabata mieszana\" width=\"1024\" height=\"683\" srcset=\"https:\/\/rozaria.pl\/blog\/wp-content\/uploads\/2025\/06\/rabata_mieszana_roze-150x100.jpg 150w, https:\/\/rozaria.pl\/blog\/wp-content\/uploads\/2025\/06\/rabata_mieszana_roze-200x133.jpg 200w, https:\/\/rozaria.pl\/blog\/wp-content\/uploads\/2025\/06\/rabata_mieszana_roze-300x200.jpg 300w, https:\/\/rozaria.pl\/blog\/wp-content\/uploads\/2025\/06\/rabata_mieszana_roze-400x267.jpg 400w, https:\/\/rozaria.pl\/blog\/wp-content\/uploads\/2025\/06\/rabata_mieszana_roze-600x400.jpg 600w, https:\/\/rozaria.pl\/blog\/wp-content\/uploads\/2025\/06\/rabata_mieszana_roze-768x512.jpg 768w, https:\/\/rozaria.pl\/blog\/wp-content\/uploads\/2025\/06\/rabata_mieszana_roze-800x534.jpg 800w, https:\/\/rozaria.pl\/blog\/wp-content\/uploads\/2025\/06\/rabata_mieszana_roze-1024x683.jpg 1024w, https:\/\/rozaria.pl\/blog\/wp-content\/uploads\/2025\/06\/rabata_mieszana_roze-1200x801.jpg 1200w, https:\/\/rozaria.pl\/blog\/wp-content\/uploads\/2025\/06\/rabata_mieszana_roze.jpg 1349w\" sizes=\"(max-width: 1024px) 100vw, 1024px\" \/><\/a><\/p>\n<h2 style=\"text-align: justify;\">1. R\u00f3\u017ce jako g\u0142\u00f3wny punkt kompozycji<\/h2>\n<p style=\"text-align: justify;\">Na rabacie mieszanej to r\u00f3\u017ce graj\u0105 pierwsze skrzypce. Ich forma, barwa i zapach nadaj\u0105 ton ca\u0142ej kompozycji, dlatego warto dobrze przemy\u015ble\u0107 wyb\u00f3r odmian. Dobrze dobrane stan\u0105 si\u0119 filarem rabaty \u2013 dekoracyjnym przez wiele miesi\u0119cy.<\/p>\n<p style=\"text-align: justify;\">\u2013 <span style=\"text-decoration: underline;\"><strong>R\u00f3\u017ce rabatowe<\/strong><\/span> (np. floribunda, wielkokwiatowe) to klasyka, kt\u00f3ra nigdy nie zawodzi. Kwitn\u0105 obficie, cz\u0119sto w kilku falach, i tworz\u0105 kolorowe, zwarte grupy w centralnej cz\u0119\u015bci rabaty. \u015awietnie \u0142\u0105cz\u0105 si\u0119 z bylinami o podobnej wysoko\u015bci.<\/p>\n<p style=\"text-align: justify;\">\u2013 <span style=\"text-decoration: underline;\"><strong>R\u00f3\u017ce pn\u0105ce<\/strong><\/span> nadaj\u0105 rabacie pionowego wymiaru \u2013 prowadzone po pergolach, kratownicach czy ogrodzeniach przyci\u0105gaj\u0105 wzrok i stanowi\u0105 t\u0142o dla ni\u017cszych nasadze\u0144. Ich naturalna forma wprowadza romantyczny klimat i mi\u0119kko\u015b\u0107.<\/p>\n<p style=\"text-align: justify;\">\u2013 <span style=\"text-decoration: underline;\"><strong>R\u00f3\u017ce parkowe i krzaczaste<\/strong><\/span> sprawdzaj\u0105 si\u0119 doskonale w wi\u0119kszych ogrodach, gdzie mog\u0105 rosn\u0105\u0107 bardziej swobodnie. S\u0105 silne, odporne i cz\u0119sto pachn\u0105ce \u2013 idealne na t\u0142o rabaty lub jako solitery w\u015br\u00f3d traw i bylin.<\/p>\n<p style=\"text-align: justify;\">\u2013 <span style=\"text-decoration: underline;\"><strong>R\u00f3\u017ce pienne<\/strong><\/span> to elegancki akcent, kt\u00f3ry przyci\u0105ga uwag\u0119 i wprowadza do rabaty element ogrodowej architektury. Dzi\u0119ki swojej wysoko\u015bci unosz\u0105 kwiaty ponad inne ro\u015bliny, a ich forma drzewka \u015bwietnie komponuje si\u0119 z niskimi obw\u00f3dkami.<\/p>\n<p style=\"text-align: justify;\">\u2013 <span style=\"text-decoration: underline;\"><strong>R\u00f3\u017ce okrywowe<\/strong><\/span> doskonale wype\u0142niaj\u0105 przestrze\u0144 przy przednim planie rabaty. Tworz\u0105 niskie, g\u0119ste dywany zieleni i kwiat\u00f3w, kt\u00f3re przez wiele tygodni zas\u0142aniaj\u0105 gleb\u0119, ograniczaj\u0105 wzrost chwast\u00f3w i wprowadzaj\u0105 mi\u0119kki, naturalny rytm.<a href=\"https:\/\/rozaria.pl\/blog\/wp-content\/uploads\/2025\/06\/rabaty_roze_mieszane.jpg\"><img loading=\"lazy\" decoding=\"async\" class=\"wp-image-6717 size-full aligncenter\" src=\"https:\/\/rozaria.pl\/blog\/wp-content\/uploads\/2025\/06\/rabaty_roze_mieszane.jpg\" alt=\"rabata mieszana\" width=\"795\" height=\"527\" srcset=\"https:\/\/rozaria.pl\/blog\/wp-content\/uploads\/2025\/06\/rabaty_roze_mieszane-150x99.jpg 150w, https:\/\/rozaria.pl\/blog\/wp-content\/uploads\/2025\/06\/rabaty_roze_mieszane-200x133.jpg 200w, https:\/\/rozaria.pl\/blog\/wp-content\/uploads\/2025\/06\/rabaty_roze_mieszane-300x199.jpg 300w, https:\/\/rozaria.pl\/blog\/wp-content\/uploads\/2025\/06\/rabaty_roze_mieszane-400x265.jpg 400w, https:\/\/rozaria.pl\/blog\/wp-content\/uploads\/2025\/06\/rabaty_roze_mieszane-600x398.jpg 600w, https:\/\/rozaria.pl\/blog\/wp-content\/uploads\/2025\/06\/rabaty_roze_mieszane-768x509.jpg 768w, https:\/\/rozaria.pl\/blog\/wp-content\/uploads\/2025\/06\/rabaty_roze_mieszane.jpg 795w\" sizes=\"(max-width: 795px) 100vw, 795px\" \/><\/a><\/p>\n<p style=\"text-align: justify;\">Ka\u017cdy typ r\u00f3\u017cy wnosi co\u015b innego \u2013 wysoko\u015b\u0107, struktur\u0119, barw\u0119, zapach. Razem tworz\u0105 harmonijn\u0105 baz\u0119, kt\u00f3ra pozwala reszcie ro\u015blin \u201edogrywa\u0107\u201d swoje role w pi\u0119knie zaprojektowanej ca\u0142o\u015bci.<\/p>\n<h2 style=\"text-align: justify;\">2. Towarzystwo z charakterem \u2013 ro\u015bliny uzupe\u0142niaj\u0105ce<\/h2>\n<p style=\"text-align: justify;\">Rabata z\u0142o\u017cona wy\u0142\u0105cznie z r\u00f3\u017c mo\u017ce by\u0107 wymagaj\u0105ca i z czasem monotonna, nawet je\u015bli kwitnie pi\u0119knie. Wprowadzenie innych ro\u015blin nie tylko wzbogaca kompozycj\u0119, ale te\u017c wspiera r\u00f3\u017ce \u2013 chroni gleb\u0119, przyci\u0105ga po\u017cyteczne owady i uzupe\u0142nia luki w okresach mniej intensywnego kwitnienia. Przy doborze warto kierowa\u0107 si\u0119 kilkoma zasadami:<\/p>\n<h3 style=\"text-align: justify;\"><span style=\"text-decoration: underline;\"><em>Dob\u00f3r pod wzgl\u0119dem formy \u2013 r\u00f3wnowaga i kontrast<\/em><\/span><\/h3>\n<p style=\"text-align: justify;\">R\u00f3\u017ce \u2013 z natury eleganckie i cz\u0119sto \u201eokr\u0105g\u0142e\u201d w pokroju \u2013 potrzebuj\u0105 uzupe\u0142nienia o inne kszta\u0142ty, by rabata nie sta\u0142a si\u0119 zbyt jednorodna:<br \/>\n\u2013 Trawy ozdobne (np. sesleria, ostnica, turzyce) dodaj\u0105 lekko\u015bci, mi\u0119kko ko\u0142ysz\u0105 si\u0119 na wietrze, nadaj\u0105c rabacie ruchu i przestrzeni.<br \/>\n\u2013 Ro\u015bliny o wertykalnym wzro\u015bcie jak ostr\u00f3\u017cki, przetaczniki, krwawniki czy je\u017c\u00f3wki dodaj\u0105 wysoko\u015bci i pionowego akcentu.<br \/>\n\u2013 Niskie byliny okrywowe \u2013 takie jak kocimi\u0119tka, macierzanka, \u017curawki czy rozchodniki \u2013 \u0142adnie obramowuj\u0105 rabat\u0119 i podkre\u015blaj\u0105 linie kompozycji.<br \/>\n\u2013 Zimozielone formy (np. bukszpanowe kule, kar\u0142owe ja\u0142owce) nadaj\u0105 struktur\u0119 przez ca\u0142y rok i tworz\u0105 eleganckie t\u0142o dla kwiat\u00f3w sezonowych.<\/p>\n<h3 style=\"text-align: justify;\"><span style=\"text-decoration: underline;\"><em>Dob\u00f3r pod wzgl\u0119dem kwitnienia \u2013 ci\u0105g\u0142o\u015b\u0107 i rytm<\/em><\/span><\/h3>\n<p style=\"text-align: justify;\">R\u00f3\u017ce kwitn\u0105 falami \u2013 warto zadba\u0107 o to, by w przerwach inne ro\u015bliny przejmowa\u0142y wizualn\u0105 pa\u0142eczk\u0119:<a href=\"https:\/\/rozaria.pl\/blog\/wp-content\/uploads\/2025\/06\/trawy_roze.jpg\"><img loading=\"lazy\" decoding=\"async\" class=\"size-medium wp-image-6718 alignright\" src=\"https:\/\/rozaria.pl\/blog\/wp-content\/uploads\/2025\/06\/trawy_roze-300x200.jpg\" alt=\"mieszana rabata\" width=\"300\" height=\"200\" srcset=\"https:\/\/rozaria.pl\/blog\/wp-content\/uploads\/2025\/06\/trawy_roze-150x100.jpg 150w, https:\/\/rozaria.pl\/blog\/wp-content\/uploads\/2025\/06\/trawy_roze-200x133.jpg 200w, https:\/\/rozaria.pl\/blog\/wp-content\/uploads\/2025\/06\/trawy_roze-300x200.jpg 300w, https:\/\/rozaria.pl\/blog\/wp-content\/uploads\/2025\/06\/trawy_roze-400x267.jpg 400w, https:\/\/rozaria.pl\/blog\/wp-content\/uploads\/2025\/06\/trawy_roze-600x400.jpg 600w, https:\/\/rozaria.pl\/blog\/wp-content\/uploads\/2025\/06\/trawy_roze-768x512.jpg 768w, https:\/\/rozaria.pl\/blog\/wp-content\/uploads\/2025\/06\/trawy_roze.jpg 800w\" sizes=\"(max-width: 300px) 100vw, 300px\" \/><\/a><br \/>\n\u2013 Wiosenne akcenty: czosnki ozdobne, serduszki, fio\u0142ki i pierwiosnki \u2013 delikatne preludium przed r\u00f3\u017canym sezonem.<br \/>\n\u2013 Letnie bogactwo: sza\u0142wia, pysznog\u0142\u00f3wka, rudbekia, nachy\u0142ki \u2013 ich intensywne barwy i d\u0142ugie kwitnienie idealnie komponuj\u0105 si\u0119 z r\u00f3\u017cami.<br \/>\n\u2013 Jesienne przed\u0142u\u017cenie: astry, marcinki, dziel\u017cany i chryzantemy \u2013 wyd\u0142u\u017caj\u0105 sezon i tworz\u0105 mi\u0119kkie przej\u015bcie do ch\u0142odniejszych miesi\u0119cy.<\/p>\n<h3 style=\"text-align: justify;\"><span style=\"text-decoration: underline;\"><em>Dob\u00f3r kolorystyczny \u2013 harmonia lub kontrast<\/em><\/span><\/h3>\n<p style=\"text-align: justify;\">Dobieraj\u0105c towarzystwo dla r\u00f3\u017c, warto kierowa\u0107 si\u0119 tak\u017ce barw\u0105 ich kwiat\u00f3w, by ca\u0142o\u015b\u0107 by\u0142a sp\u00f3jna lub efektownie kontrastowa:<br \/>\n\u2013 Dla <span style=\"text-decoration: underline;\">r\u00f3\u017c w odcieniach r\u00f3\u017cu i fioletu<\/span>: sprawdz\u0105 si\u0119 ch\u0142odne barwy jak b\u0142\u0119kit (kocimi\u0119tka, przetacznik), lawendowy (sza\u0142wia), bia\u0142y (stokrotki, czosnek).<br \/>\n\u2013 <span style=\"text-decoration: underline;\">\u017b\u00f3\u0142te i morelowe r\u00f3\u017ce<\/span> zyskuj\u0105 wyj\u0105tkowy urok w towarzystwie fiolet\u00f3w i b\u0142\u0119kit\u00f3w bodziszk\u00f3w czy ostr\u00f3\u017cek, a dla r\u00f3wnowagi warto doda\u0107 tak\u017ce delikatne zielenie i szaro\u015bci, jak santolina czy sza\u0142wia.&#8221;<br \/>\n\u2013 Dla <span style=\"text-decoration: underline;\">r\u00f3\u017c czerwonych i bordowych<\/span>: pi\u0119knie wypadaj\u0105 w towarzystwie srebrzystych li\u015bci (czy\u015bciec, artemisia) i bia\u0142ych kwiat\u00f3w (werbena, zawci\u0105g).<br \/>\n\u2013 <span style=\"text-decoration: underline;\">Kolor neutralny i prze\u0142amuj\u0105cy: biel i ziele\u0144<\/span> \u2013 \u015bwietne do ka\u017cdej kompozycji \u2013 wprowadzaj\u0105 oddech i porz\u0105dkuj\u0105 przestrze\u0144 mi\u0119dzy intensywnymi barwami.<\/p>\n<h2 style=\"text-align: justify;\">3. <a href=\"https:\/\/rozaria.pl\/blog\/jak-dbac-o-roze-poradnik-ogrodnika\/\">Dopasowanie warunk\u00f3w \u2013 klucz do zdrowej rabaty<\/a><\/h2>\n<p style=\"text-align: justify;\">Pi\u0119kno rabaty mieszanej nie bierze si\u0119 wy\u0142\u0105cznie z doboru odmian i kolor\u00f3w. To efekt przemy\u015blanej uprawy \u2013 stworzenia warunk\u00f3w, w kt\u00f3rych wszystkie ro\u015bliny czuj\u0105 si\u0119 dobrze, a r\u00f3\u017ce maj\u0105 przestrze\u0144, by rozkwitn\u0105\u0107 w pe\u0142ni.<\/p>\n<ul style=\"text-align: justify;\">\n<li>\n<h3><span style=\"text-decoration: underline;\">Gleba \u2013 fundament kompozycji<\/span><\/h3>\n<\/li>\n<\/ul>\n<p style=\"text-align: justify;\">R\u00f3\u017ce preferuj\u0105 gleb\u0119 \u017cyzn\u0105, przepuszczaln\u0105, lekko gliniast\u0105, bogat\u0105 w sk\u0142adniki pokarmowe. Warto wzbogaci\u0107 j\u0105 kompostem, dobrze przerobionym obornikiem lub nawozem organicznym jeszcze przed sadzeniem.<br \/>\n\u2013 Ro\u015bliny towarzysz\u0105ce powinny mie\u0107 zbli\u017cone potrzeby glebowe \u2013 unikaj gatunk\u00f3w, kt\u00f3re preferuj\u0105 kwa\u015bne lub bardzo suche \u015brodowisko (np. wrzosy).<br \/>\n\u2013 W miejscach mniej przepuszczalnych warto zadba\u0107 o drena\u017c \u2013 korzenie r\u00f3\u017c nie lubi\u0105 zastoin wody.<\/p>\n<ul style=\"text-align: justify;\">\n<li>\n<h3><span style=\"text-decoration: underline;\">Stanowisko \u2013 s\u0142o\u0144ce to \u017cycie<\/span><\/h3>\n<\/li>\n<\/ul>\n<p style=\"text-align: justify;\">R\u00f3\u017ce najlepiej rosn\u0105 w miejscach dobrze nas\u0142onecznionych \u2013 6 godzin \u015bwiat\u0142a dziennie to absolutne minimum.<br \/>\n\u2013 Towarzysz\u0105ce byliny i trawy r\u00f3wnie\u017c powinny by\u0107 \u015bwiat\u0142olubne \u2013 wsp\u00f3lne preferencje u\u0142atwiaj\u0105 piel\u0119gnacj\u0119 i gwarantuj\u0105 sukces.<br \/>\n\u2013 W p\u00f3\u0142cieniu warto wybiera\u0107 bardziej tolerancyjne odmiany r\u00f3\u017c (np. Lavender Lassie, niekt\u00f3re miesza\u0144ce pi\u017cmowe) i towarzyszy\u0107 im gatunkami, kt\u00f3re dobrze znosz\u0105 cie\u0144 (np. bodziszki, paprocie, tawu\u0142ki).<\/p>\n<ul style=\"text-align: justify;\">\n<li>\n<h3><span style=\"text-decoration: underline;\">Odst\u0119py i cyrkulacja powietrza \u2013 dla zdrowia ro\u015blin<\/span><\/h3>\n<\/li>\n<\/ul>\n<p style=\"text-align: justify;\">Zbyt g\u0119ste sadzenie sprzyja rozwojowi chor\u00f3b grzybowych i utrudnia piel\u0119gnacj\u0119.<br \/>\n\u2013 R\u00f3\u017ce sad\u017a co 40\u201350 cm, a wi\u0119ksze okazy i r\u00f3\u017ce parkowe \u2013 nawet co 1 m.<br \/>\n\u2013 Zachowuj luzy r\u00f3wnie\u017c mi\u0119dzy r\u00f3\u017cami a innymi ro\u015blinami \u2013 lekki dystans pozwala li\u015bciom schn\u0105\u0107 po deszczu i ogranicza ryzyko m\u0105czniaka czy czarnej plamisto\u015bci.<br \/>\n\u2013 Regularne przycinanie i prze\u015bwietlanie rabaty (zw\u0142aszcza traw i g\u0119stych bylin) pomo\u017ce utrzyma\u0107 w\u0142a\u015bciwy mikroklimat.<\/p>\n<ul style=\"text-align: justify;\">\n<li>\n<h3><span style=\"text-decoration: underline;\">Piel\u0119gnacja zaczyna si\u0119 pod ziemi\u0105<\/span><\/h3>\n<\/li>\n<\/ul>\n<p style=\"text-align: justify;\">Dobry pocz\u0105tek to nie tylko estetyka \u2013 to inwestycja w zdrowie ro\u015blin. Im lepiej dopasujesz warunki do potrzeb r\u00f3\u017c i ich zielonych towarzyszy, tym mniej pracy czeka Ci\u0119 p\u00f3\u017aniej. A ogr\u00f3d \u2013 odwdzi\u0119czy si\u0119 pe\u0142ni\u0105 barw i \u017cycia.<\/p>\n<h2 style=\"text-align: justify;\">4. Kompozycja warstwowa \u2013 od t\u0142a po brzeg rabaty<\/h2>\n<p style=\"text-align: justify;\">Kompozycja warstwowa to spos\u00f3b planowania rabaty, kt\u00f3ry pozwala w pe\u0142ni wykorzysta\u0107 potencja\u0142 przestrzeni. Tworzy wra\u017cenie g\u0142\u0119bi, prowadzi wzrok, a jednocze\u015bnie sprawia, \u017ce ka\u017cda ro\u015blina ma swoje miejsce \u2013 i czas na scenie.<\/p>\n<h3 style=\"text-align: justify;\"><em><span style=\"text-decoration: underline;\"><strong>Zasada trzech plan\u00f3w<\/strong><\/span><\/em><\/h3>\n<p style=\"text-align: justify;\"><a href=\"https:\/\/rozaria.pl\/blog\/wp-content\/uploads\/2025\/06\/roze_mieszana_rabata.jpg\"><img loading=\"lazy\" decoding=\"async\" class=\"alignleft size-medium wp-image-6719\" src=\"https:\/\/rozaria.pl\/blog\/wp-content\/uploads\/2025\/06\/roze_mieszana_rabata-300x163.jpg\" alt=\"rabata mieszana z r\u00f3\u017c\" width=\"300\" height=\"163\" srcset=\"https:\/\/rozaria.pl\/blog\/wp-content\/uploads\/2025\/06\/roze_mieszana_rabata-150x81.jpg 150w, https:\/\/rozaria.pl\/blog\/wp-content\/uploads\/2025\/06\/roze_mieszana_rabata-200x109.jpg 200w, https:\/\/rozaria.pl\/blog\/wp-content\/uploads\/2025\/06\/roze_mieszana_rabata-300x163.jpg 300w, https:\/\/rozaria.pl\/blog\/wp-content\/uploads\/2025\/06\/roze_mieszana_rabata-400x217.jpg 400w, https:\/\/rozaria.pl\/blog\/wp-content\/uploads\/2025\/06\/roze_mieszana_rabata-600x326.jpg 600w, https:\/\/rozaria.pl\/blog\/wp-content\/uploads\/2025\/06\/roze_mieszana_rabata-768x417.jpg 768w, https:\/\/rozaria.pl\/blog\/wp-content\/uploads\/2025\/06\/roze_mieszana_rabata.jpg 800w\" sizes=\"(max-width: 300px) 100vw, 300px\" \/><\/a>Rabata mino, \u017ce mieszana pod wzgl\u0119dem gatunk\u00f3w, form i struktur, powinna by\u0107 czytelna i rytmiczna \u2013 nie chaotyczna. Podzia\u0142 na warstwy porz\u0105dkuje uk\u0142ad ro\u015blin i u\u0142atwia piel\u0119gnacj\u0119 ro\u015blin, krzew\u00f3w, bylin i drzew po\u0142\u0105czonych w sp\u00f3jn\u0105 ca\u0142o\u015b\u0107 z r\u00f3\u017cami.<\/p>\n<h4 style=\"text-align: justify;\">1. T\u0142o \u2013 piony i mocne formy<\/h4>\n<p style=\"text-align: justify;\">To najwy\u017csze elementy rabaty, kt\u00f3re zamykaj\u0105 kompozycj\u0119 od ty\u0142u lub pe\u0142ni\u0105 funkcj\u0119 t\u0142a wizualnego.<br \/>\n\u2013 R\u00f3\u017ce pn\u0105ce prowadzone po kratkach, pergolach lub \u015bcianach \u2013 dodaj\u0105 wysoko\u015bci i romantyzmu.<br \/>\n\u2013 Krzewy ozdobne (np. hortensje bukietowe, budleje) wprowadzaj\u0105 r\u00f3\u017cnorodno\u015b\u0107 tekstur i przed\u0142u\u017caj\u0105 sezon.<br \/>\n\u2013 Iglaki i zimozielone formy (np. kolumnowe ja\u0142owce, cyprysiki, cis) nadaj\u0105 struktur\u0119 przez ca\u0142y rok.<\/p>\n<h4 style=\"text-align: justify;\">2. \u015arodek \u2013 r\u00f3\u017ce i ich partnerzy<\/h4>\n<p style=\"text-align: justify;\">To najbardziej kolorowa i dynamiczna cz\u0119\u015b\u0107 rabaty \u2013 centrum uwagi.<br \/>\n\u2013 R\u00f3\u017ce rabatowe w r\u00f3\u017cnych odmianach i kolorach \u2013 mog\u0105 by\u0107 zestawione kontrastowo lub ton w ton.<br \/>\n\u2013 Byliny o \u015bredniej wysoko\u015bci (np. pysznog\u0142\u00f3wka, przetacznik, krwawnik, je\u017c\u00f3wka) to naturalni towarzysze r\u00f3\u017c \u2013 dobrze komponuj\u0105 si\u0119 zar\u00f3wno pod wzgl\u0119dem estetycznym, jak i wymaga\u0144.<br \/>\n\u2013 Trawy ozdobne \u015bredniego wzrostu (np. proso, rozplenica) dodaj\u0105 lekko\u015bci i ruchu.<\/p>\n<h4 style=\"text-align: justify;\">3. Front \u2013 obw\u00f3dki, zapach i lekko\u015b\u0107<\/h4>\n<p style=\"text-align: justify;\">Najni\u017csze ro\u015bliny sadzimy z przodu rabaty \u2013 cz\u0119sto s\u0105 to gatunki aromatyczne lub okrywowe.<br \/>\n\u2013 Lawenda, macierzanka, sza\u0142wia, kocimi\u0119tka \u2013 ich zapach i mi\u0119kkie ulistnienie pi\u0119knie podkre\u015blaj\u0105 r\u00f3\u017ce.<br \/>\n\u2013 Bodziszki, \u017curawki, go\u017adziki \u2013 idealne na wype\u0142nienie luk i zamkni\u0119cie kompozycji przy \u015bcie\u017ckach.<br \/>\n\u2013 Ro\u015bliny cebulowe (wiosn\u0105) \u2013 krokusy, narcyzy czy tulipany mog\u0105 tworzy\u0107 sezonowy front jeszcze przed rozkwitem r\u00f3\u017c.<\/p>\n<h3 style=\"text-align: justify;\"><span style=\"text-decoration: underline;\">Przyk\u0142adowe uk\u0142ady rabat mieszanych z r\u00f3\u017cami<\/span><\/h3>\n<h4 style=\"text-align: justify;\">\ud83c\udf38 Rabata mieszana klasyczna \u2013 romantyczny zak\u0105tek z r\u00f3\u017cami<\/h4>\n<p style=\"text-align: justify;\">\u2013 T\u0142o: r\u00f3\u017ce pn\u0105ce \u2018New Dawn\u2019 + hortensje bukietowe<\/p>\n<p style=\"text-align: justify;\">\u2013 \u015arodek: r\u00f3\u017ce rabatowe \u2018Leonardo da Vinci\u2019 + je\u017c\u00f3wka purpurowa + rozplenica japo\u0144ska<br \/>\n\u2013 Front: lawenda w\u0105skolistna + macierzanka cytrynowa<\/p>\n<h4 style=\"text-align: justify;\">\ud83c\udf3c Rabata naturalistyczna \u2013 ogr\u00f3d w ruchu<\/h4>\n<p style=\"text-align: justify;\">\u2013 T\u0142o: kolumnowe ja\u0142owce + dzika r\u00f3\u017ca \u2018Complicata\u2019<br \/>\n\u2013 \u015arodek: r\u00f3\u017ce parkowe \u2018Westerland\u2019 + przetacznik k\u0142osowy + krwawnik pastelowy<br \/>\n\u2013 Front: kocimi\u0119tka Faassena + rozchodnik okaza\u0142y + \u017curawka &#8216;Lime Marmalade&#8217;<\/p>\n<h4 style=\"text-align: justify;\">\ud83c\udf3f Rabata w p\u00f3\u0142cieniu \u2013 dla spokojnego zak\u0105tka<\/h4>\n<p style=\"text-align: justify;\">\u2013 T\u0142o: cis pospolity + r\u00f3\u017ca pn\u0105ca \u2018Ghislaine de F\u00e9ligonde\u2019<br \/>\n\u2013 \u015arodek: r\u00f3\u017ce krzaczaste \u2018Lavender Lassie\u2019 + tawu\u0142ka Arendsa + paprocie<br \/>\n\u2013 Front: bodziszek korzeniasty + sza\u0142wia omszona + bluszcz pospolity<\/p>\n<table style=\"border-collapse: collapse; width: 100%;\">\n<tbody>\n<tr>\n<td style=\"width: 28.2231%; text-align: center; vertical-align: middle;\">\n<p><div id=\"attachment_6720\" style=\"width: 235px\" class=\"wp-caption aligncenter\"><a href=\"https:\/\/rozaria.pl\/roze-na-pergole-new-dawn\"><img loading=\"lazy\" decoding=\"async\" aria-describedby=\"caption-attachment-6720\" class=\"size-medium wp-image-6720\" src=\"https:\/\/rozaria.pl\/blog\/wp-content\/uploads\/2025\/06\/roza-4-new-dawn-225x300.jpg\" alt=\"new dawn na rabaty mieszane\" width=\"225\" height=\"300\" srcset=\"https:\/\/rozaria.pl\/blog\/wp-content\/uploads\/2025\/06\/roza-4-new-dawn-113x150.jpg 113w, https:\/\/rozaria.pl\/blog\/wp-content\/uploads\/2025\/06\/roza-4-new-dawn-200x267.jpg 200w, https:\/\/rozaria.pl\/blog\/wp-content\/uploads\/2025\/06\/roza-4-new-dawn-225x300.jpg 225w, https:\/\/rozaria.pl\/blog\/wp-content\/uploads\/2025\/06\/roza-4-new-dawn-400x533.jpg 400w, https:\/\/rozaria.pl\/blog\/wp-content\/uploads\/2025\/06\/roza-4-new-dawn-600x800.jpg 600w, https:\/\/rozaria.pl\/blog\/wp-content\/uploads\/2025\/06\/roza-4-new-dawn.jpg 706w\" sizes=\"(max-width: 225px) 100vw, 225px\" \/><\/a><p id=\"caption-attachment-6720\" class=\"wp-caption-text\"><a href=\"https:\/\/rozaria.pl\/roze-na-pergole-new-dawn\">r\u00f3\u017ca pn\u0105ca New Dawn<\/a><\/p><\/div><\/td>\n<td style=\"width: 38.4435%; text-align: center; vertical-align: middle;\">\n<p><div id=\"attachment_6721\" style=\"width: 310px\" class=\"wp-caption aligncenter\"><a href=\"https:\/\/rozaria.pl\/roze-krzaczaste-lavender-lassie\"><img loading=\"lazy\" decoding=\"async\" aria-describedby=\"caption-attachment-6721\" class=\"size-medium wp-image-6721\" src=\"https:\/\/rozaria.pl\/blog\/wp-content\/uploads\/2025\/06\/lawender_lassie_krzew-300x300.jpg\" alt=\"lavender lassie \" width=\"300\" height=\"300\" srcset=\"https:\/\/rozaria.pl\/blog\/wp-content\/uploads\/2025\/06\/lawender_lassie_krzew-66x66.jpg 66w, https:\/\/rozaria.pl\/blog\/wp-content\/uploads\/2025\/06\/lawender_lassie_krzew-150x150.jpg 150w, https:\/\/rozaria.pl\/blog\/wp-content\/uploads\/2025\/06\/lawender_lassie_krzew-200x200.jpg 200w, https:\/\/rozaria.pl\/blog\/wp-content\/uploads\/2025\/06\/lawender_lassie_krzew-300x300.jpg 300w, https:\/\/rozaria.pl\/blog\/wp-content\/uploads\/2025\/06\/lawender_lassie_krzew-400x400.jpg 400w, https:\/\/rozaria.pl\/blog\/wp-content\/uploads\/2025\/06\/lawender_lassie_krzew-600x600.jpg 600w, https:\/\/rozaria.pl\/blog\/wp-content\/uploads\/2025\/06\/lawender_lassie_krzew-768x768.jpg 768w, https:\/\/rozaria.pl\/blog\/wp-content\/uploads\/2025\/06\/lawender_lassie_krzew.jpg 800w\" sizes=\"(max-width: 300px) 100vw, 300px\" \/><\/a><p id=\"caption-attachment-6721\" class=\"wp-caption-text\"><a href=\"https:\/\/rozaria.pl\/roze-krzaczaste-lavender-lassie\">r\u00f3\u017ca krzaczasta Lavender Lassie<\/a><\/p><\/div><\/td>\n<td style=\"width: 33.3333%; text-align: center; vertical-align: middle;\">\n<p><div id=\"attachment_6722\" style=\"width: 235px\" class=\"wp-caption aligncenter\"><a href=\"https:\/\/rozaria.pl\/roze-historyczne-ghislaine-de-feligonde\"><img loading=\"lazy\" decoding=\"async\" aria-describedby=\"caption-attachment-6722\" class=\"wp-image-6722 size-medium\" src=\"https:\/\/rozaria.pl\/blog\/wp-content\/uploads\/2025\/06\/ghislane-de-feligonde-225x300.jpg\" alt=\"R\u00f3\u017ca historyczna pn\u0105ca Ghislaine de Feligonde, rabata mieszana\" width=\"225\" height=\"300\" srcset=\"https:\/\/rozaria.pl\/blog\/wp-content\/uploads\/2025\/06\/ghislane-de-feligonde-113x150.jpg 113w, https:\/\/rozaria.pl\/blog\/wp-content\/uploads\/2025\/06\/ghislane-de-feligonde-200x267.jpg 200w, https:\/\/rozaria.pl\/blog\/wp-content\/uploads\/2025\/06\/ghislane-de-feligonde-225x300.jpg 225w, https:\/\/rozaria.pl\/blog\/wp-content\/uploads\/2025\/06\/ghislane-de-feligonde-400x533.jpg 400w, https:\/\/rozaria.pl\/blog\/wp-content\/uploads\/2025\/06\/ghislane-de-feligonde.jpg 600w\" sizes=\"(max-width: 225px) 100vw, 225px\" \/><\/a><p id=\"caption-attachment-6722\" class=\"wp-caption-text\"><a href=\"https:\/\/rozaria.pl\/roze-historyczne-ghislaine-de-feligonde\">R\u00f3\u017ca historyczna pn\u0105ca Ghislaine de Feligonde, wdzi\u0119czna Gizelka<\/a><\/p><\/div><\/td>\n<\/tr>\n<\/tbody>\n<\/table>\n<p style=\"text-align: justify;\">Taka tr\u00f3jwarstwowa struktura pozwala nie tylko osi\u0105gn\u0105\u0107 efekt wizualny, ale te\u017c zoptymalizowa\u0107 wzrost ro\u015blin \u2013 ka\u017cda ma dost\u0119p do \u015bwiat\u0142a i powietrza, a rabata \u017cyje swoim rytmem od wczesnej wiosny do p\u00f3\u017anej jesieni.<\/p>\n<h2 style=\"text-align: justify;\">5. Piel\u0119gnacja i utrzymanie rabaty mieszanej \u2013 rytua\u0142 ogrodnika<\/h2>\n<p style=\"text-align: justify;\">Rabata mieszana, cho\u0107 zr\u00f3\u017cnicowana i dynamiczna, wymaga troski. Jej pi\u0119kno nie wynika z przypadku, ale z uwa\u017cno\u015bci i regularnej piel\u0119gnacji. Dbanie o ni\u0105 to nie obowi\u0105zek, lecz rytua\u0142 \u2013 codzienne obserwacje, ma\u0142e poprawki, decyzje podejmowane z mi\u0142o\u015bci do ogrodu.<\/p>\n<h3 style=\"text-align: justify;\"><a href=\"https:\/\/rozaria.pl\/blog\/roze-podlewanie\/\" target=\"_blank\" rel=\"noopener\"><em>Podlewanie i nawo\u017cenie \u2013 fundament zdrowego wzrostu<\/em><\/a><\/h3>\n<p style=\"text-align: justify;\">R\u00f3\u017ce, podobnie jak wi\u0119kszo\u015b\u0107 bylin, potrzebuj\u0105 regularnego nawadniania \u2013 szczeg\u00f3lnie w okresach suszy i intensywnego kwitnienia.<br \/>\n\u2013 Najlepiej podlewa\u0107 rzadziej, ale obficie \u2013 woda powinna dotrze\u0107 do g\u0142\u0119bszych warstw gleby.<br \/>\n\u2013 Unikaj zraszania li\u015bci \u2013 to sprzyja chorobom grzybowym. Podlewaj bezpo\u015brednio przy korzeniach.<br \/>\n\u2013 Nawo\u017cenie warto dostosowa\u0107 do rodzaju ro\u015blin: r\u00f3\u017com s\u0142u\u017c\u0105 nawozy potasowo-fosforowe (wzmacniaj\u0105ce kwitnienie), bylinom \u2013 nawozy wielosk\u0142adnikowe.<br \/>\n\u2013 Pami\u0119taj o zbilansowanym \u017cywieniu \u2013 nadmiar azotu mo\u017ce spowodowa\u0107 bujny wzrost li\u015bci kosztem kwiat\u00f3w.<\/p>\n<h3 style=\"text-align: justify;\"><em>Usuwanie przekwit\u0142ych kwiat\u00f3w \u2013 dla estetyki i nowych p\u0105k\u00f3w<\/em><\/h3>\n<p style=\"text-align: justify;\"><a href=\"https:\/\/rozaria.pl\/blog\/wp-content\/uploads\/2025\/02\/marzec-w-ogrodzie-glw.jpg\"><img loading=\"lazy\" decoding=\"async\" class=\"size-medium wp-image-6458 alignright\" src=\"https:\/\/rozaria.pl\/blog\/wp-content\/uploads\/2025\/02\/marzec-w-ogrodzie-glw-300x300.jpg\" alt=\"marzec w ogrodzie\" width=\"300\" height=\"300\" srcset=\"https:\/\/rozaria.pl\/blog\/wp-content\/uploads\/2025\/02\/marzec-w-ogrodzie-glw-66x66.jpg 66w, https:\/\/rozaria.pl\/blog\/wp-content\/uploads\/2025\/02\/marzec-w-ogrodzie-glw-150x150.jpg 150w, https:\/\/rozaria.pl\/blog\/wp-content\/uploads\/2025\/02\/marzec-w-ogrodzie-glw-200x200.jpg 200w, https:\/\/rozaria.pl\/blog\/wp-content\/uploads\/2025\/02\/marzec-w-ogrodzie-glw-300x300.jpg 300w, https:\/\/rozaria.pl\/blog\/wp-content\/uploads\/2025\/02\/marzec-w-ogrodzie-glw-400x400.jpg 400w, https:\/\/rozaria.pl\/blog\/wp-content\/uploads\/2025\/02\/marzec-w-ogrodzie-glw-600x600.jpg 600w, https:\/\/rozaria.pl\/blog\/wp-content\/uploads\/2025\/02\/marzec-w-ogrodzie-glw-768x768.jpg 768w, https:\/\/rozaria.pl\/blog\/wp-content\/uploads\/2025\/02\/marzec-w-ogrodzie-glw.jpg 800w\" sizes=\"(max-width: 300px) 100vw, 300px\" \/><\/a>R\u00f3\u017ce i byliny kwitn\u0105ce w kilku falach warto regularnie oczyszcza\u0107 z przekwit\u0142ych kwiat\u00f3w.<br \/>\n\u2013 Dzi\u0119ki temu rabata wygl\u0105da \u015bwie\u017co i schludnie.<br \/>\n\u2013 Ro\u015blina nie traci energii na tworzenie nasion \u2013 zamiast tego inwestuje w nowe p\u0105ki.<br \/>\n\u2013 U niekt\u00f3rych bylin (np. sza\u0142wii, kocimi\u0119tki) ci\u0119cie po pierwszym kwitnieniu pobudza je do powt\u00f3rki.<\/p>\n<h3 style=\"text-align: justify;\"><em>\u015aci\u00f3\u0142kowanie \u2013 mniej podlewania, mniej chwast\u00f3w, wi\u0119cej zdrowia<\/em><\/h3>\n<p style=\"text-align: justify;\">\u015aci\u00f3\u0142ka (np. kora, kompost, zr\u0119bki, \u017cwir) pe\u0142ni kilka funkcji:<br \/>\n\u2013 Ogranicza parowanie wody z gleby.<br \/>\n\u2013 Utrudnia rozw\u00f3j chwast\u00f3w.<br \/>\n\u2013 Stabilizuje temperatur\u0119 gleby i chroni korzenie przed skrajnymi warunkami.<br \/>\n\u2013 W przypadku kompostu \u2013 dostarcza sk\u0142adnik\u00f3w od\u017cywczych i poprawia struktur\u0119 gleby.<\/p>\n<h3 style=\"text-align: justify;\"><em>Obserwacja \u2013 klucz do ogrodniczej r\u00f3wnowagi<\/em><\/h3>\n<p style=\"text-align: justify;\">Rabata mieszana z r\u00f3\u017cami, to \u017cywy organizm \u2013 ro\u015bliny si\u0119 rozrastaj\u0105, zmieniaj\u0105, rywalizuj\u0105.<br \/>\n\u2013 Je\u015bli jaka\u015b ro\u015blina dominuje i przyt\u0142acza inne \u2013 rozwa\u017c jej przyci\u0119cie lub przesadzenie.<br \/>\n\u2013 Je\u015bli kt\u00f3ra\u015b s\u0142abnie, nie zakwita, ginie \u2013 przyjrzyj si\u0119 warunkom: mo\u017ce to kwestia \u015bwiat\u0142a, gleby, konkurencji lub choroby.<br \/>\n\u2013 Regularna obserwacja pozwala szybko reagowa\u0107 \u2013 zanim problem si\u0119 rozwinie.<\/p>\n<p style=\"text-align: justify;\">Piel\u0119gnacja rabaty mieszanej to co\u015b wi\u0119cej ni\u017c utrzymanie porz\u0105dku.<br \/>\nTo spos\u00f3b na zbudowanie relacji z ogrodem \u2013 uwa\u017cnej, rytmicznej, czu\u0142ej. W zamian otrzymujesz przestrze\u0144, kt\u00f3ra nagradza Ci\u0119 kwiatem, kolorem i spokojem przez ca\u0142y sezon.<\/p>\n<h2 style=\"text-align: justify;\">Podsumowanie<\/h2>\n<p style=\"text-align: justify;\"><a href=\"https:\/\/rozaria.pl\/blog\/wp-content\/uploads\/2025\/06\/mieszane_rabaty_z_roz.jpg\"><img loading=\"lazy\" decoding=\"async\" class=\"alignleft size-medium wp-image-6723\" src=\"https:\/\/rozaria.pl\/blog\/wp-content\/uploads\/2025\/06\/mieszane_rabaty_z_roz-300x200.jpg\" alt=\"\" width=\"300\" height=\"200\" srcset=\"https:\/\/rozaria.pl\/blog\/wp-content\/uploads\/2025\/06\/mieszane_rabaty_z_roz-150x100.jpg 150w, https:\/\/rozaria.pl\/blog\/wp-content\/uploads\/2025\/06\/mieszane_rabaty_z_roz-200x133.jpg 200w, https:\/\/rozaria.pl\/blog\/wp-content\/uploads\/2025\/06\/mieszane_rabaty_z_roz-300x200.jpg 300w, https:\/\/rozaria.pl\/blog\/wp-content\/uploads\/2025\/06\/mieszane_rabaty_z_roz-400x266.jpg 400w, https:\/\/rozaria.pl\/blog\/wp-content\/uploads\/2025\/06\/mieszane_rabaty_z_roz-600x399.jpg 600w, https:\/\/rozaria.pl\/blog\/wp-content\/uploads\/2025\/06\/mieszane_rabaty_z_roz-768x511.jpg 768w, https:\/\/rozaria.pl\/blog\/wp-content\/uploads\/2025\/06\/mieszane_rabaty_z_roz.jpg 800w\" sizes=\"(max-width: 300px) 100vw, 300px\" \/><\/a>Rabata mieszana z r\u00f3\u017cami to ogr\u00f3d, kt\u00f3ry nie przestaje gra\u0107 \u2013 zmienia ton, ale nie traci harmonii.<br \/>\nDobrze dobrane ro\u015bliny to nie tylko estetyka, to tak\u017ce rytm i opowie\u015b\u0107, kt\u00f3r\u0105 ogr\u00f3d snuje przez ca\u0142y sezon. R\u00f3\u017ce przestaj\u0105 by\u0107 samotnymi solistkami \u2013 staj\u0105 si\u0119 cz\u0119\u015bci\u0105 ro\u015blinnego zespo\u0142u, w kt\u00f3rym ka\u017cdy gatunek ma swoje miejsce, swoj\u0105 rol\u0119 i sw\u00f3j czas na scenie. A kiedy r\u00f3\u017ce na chwil\u0119 milkn\u0105, inne gatunki p\u0142ynnie przejmuj\u0105 melodi\u0119 \u2013 nie po to, by zag\u0142uszy\u0107, ale by kontynuowa\u0107.<\/p>\n<p style=\"text-align: justify;\">Nie b\u00f3j si\u0119 tworzy\u0107 po swojemu.<br \/>\nNie istnieje jedna, idealna kompozycja \u2013 ka\u017cda rabata to \u017cywy projekt, kt\u00f3ry zmienia si\u0119 z porami roku i z Twoimi pomys\u0142ami. Eksperymentuj z kolorami, fakturami, wysoko\u015bciami. Obserwuj, jak ro\u015bliny reaguj\u0105 na siebie, jak wzajemnie si\u0119 uzupe\u0142niaj\u0105 \u2013 a czasem konkuruj\u0105.<\/p>\n<p style=\"text-align: justify;\">Ogr\u00f3d to przestrze\u0144 wolno\u015bci i tw\u00f3rczo\u015bci.<br \/>\nWystarczy zna\u0107 kilka zasad, by potem\u2026 z rado\u015bci\u0105 je \u0142ama\u0107. Tw\u00f3rz z pasj\u0105, sad\u017a z wyobra\u017ani\u0105 i nie b\u00f3j si\u0119 zmian. Bo w dobrze zaprojektowanej rabacie z r\u00f3\u017cami nie ma miejsca na nud\u0119 \u2013 jest za to mn\u00f3stwo przestrzeni na zachwyt.<\/p>\n<p data-start=\"573\" data-end=\"729\">\n","protected":false},"excerpt":{"rendered":"<p>Rabata mieszana z r\u00f3\u017cami \u2013 jak po\u0142\u0105czy\u0107 kr\u00f3low\u0105 ogrodu z innymi ro\u015blinami Czekaj\u0105c na spektakl r\u00f3\u017canego kwitnienia, szukamy sposob\u00f3w, by ogr\u00f3d t\u0119tni\u0142 \u017cyciem tak\u017ce wtedy, gdy r\u00f3\u017ce dopiero si\u0119 budz\u0105 lub chwilowo odpoczywaj\u0105. Rabata mieszana z r\u00f3\u017cami, to odpowied\u017a na [&hellip;]<\/p>\n","protected":false},"author":1,"featured_media":6715,"comment_status":"open","ping_status":"open","sticky":false,"template":"","format":"standard","meta":{"_mi_skip_tracking":false,"_monsterinsights_sitenote_active":false,"_monsterinsights_sitenote_note":"","_monsterinsights_sitenote_category":0,"footnotes":""},"categories":[4,6,124],"tags":[],"yoast_head":"<!-- This site is optimized with the Yoast SEO plugin v23.5 - https:\/\/yoast.com\/wordpress\/plugins\/seo\/ -->\n<title>Rabata mieszana z r\u00f3\u017cami - blog Rozaria.pl<\/title>\n<meta name=\"description\" content=\"Rabata mieszana z r\u00f3\u017cami to spos\u00f3b na ogr\u00f3d pe\u0142en \u017cycia i koloru. Sprawd\u017a, jak \u0142\u0105czy\u0107 r\u00f3\u017ce z bylinami, trawami i krzewami przez ca\u0142y sezon.\" \/>\n<meta name=\"robots\" content=\"index, follow, max-snippet:-1, max-image-preview:large, max-video-preview:-1\" \/>\n<link rel=\"canonical\" href=\"https:\/\/rozaria.pl\/blog\/rabata-mieszana-z-rozami\/\" \/>\n<meta property=\"og:locale\" content=\"pl_PL\" \/>\n<meta property=\"og:type\" content=\"article\" \/>\n<meta property=\"og:title\" content=\"Rabata mieszana z r\u00f3\u017cami - blog Rozaria.pl\" \/>\n<meta property=\"og:description\" content=\"Rabata mieszana z r\u00f3\u017cami to spos\u00f3b na ogr\u00f3d pe\u0142en \u017cycia i koloru. Sprawd\u017a, jak \u0142\u0105czy\u0107 r\u00f3\u017ce z bylinami, trawami i krzewami przez ca\u0142y sezon.\" \/>\n<meta property=\"og:url\" content=\"https:\/\/rozaria.pl\/blog\/rabata-mieszana-z-rozami\/\" \/>\n<meta property=\"og:site_name\" content=\"blog Rozaria.pl\" \/>\n<meta property=\"article:publisher\" content=\"https:\/\/www.facebook.com\/SzkolkaRozRozaria\/\" \/>\n<meta property=\"article:published_time\" content=\"2025-06-17T06:09:16+00:00\" \/>\n<meta property=\"article:modified_time\" content=\"2025-06-17T06:10:43+00:00\" \/>\n<meta property=\"og:image\" content=\"https:\/\/rozaria.pl\/blog\/wp-content\/uploads\/2025\/06\/mix_roze_lawenda.jpg\" \/>\n\t<meta property=\"og:image:width\" content=\"800\" \/>\n\t<meta property=\"og:image:height\" content=\"800\" \/>\n\t<meta property=\"og:image:type\" content=\"image\/jpeg\" \/>\n<meta name=\"author\" content=\"Rozaria.pl\" \/>\n<meta name=\"twitter:card\" content=\"summary_large_image\" \/>\n<meta name=\"twitter:creator\" content=\"@SzkolkaRozaria\" \/>\n<meta name=\"twitter:site\" content=\"@SzkolkaRozaria\" \/>\n<meta name=\"twitter:label1\" content=\"Napisane przez\" \/>\n\t<meta name=\"twitter:data1\" content=\"Rozaria.pl\" \/>\n\t<meta name=\"twitter:label2\" content=\"Szacowany czas czytania\" \/>\n\t<meta name=\"twitter:data2\" content=\"13 minut\" \/>\n<script type=\"application\/ld+json\" class=\"yoast-schema-graph\">{\"@context\":\"https:\/\/schema.org\",\"@graph\":[{\"@type\":\"Article\",\"@id\":\"https:\/\/rozaria.pl\/blog\/rabata-mieszana-z-rozami\/#article\",\"isPartOf\":{\"@id\":\"https:\/\/rozaria.pl\/blog\/rabata-mieszana-z-rozami\/\"},\"author\":{\"name\":\"Rozaria.pl\",\"@id\":\"https:\/\/rozaria.pl\/blog\/#\/schema\/person\/31b3805d5058ea1cffed1d8efb6e2513\"},\"headline\":\"Rabata mieszana z r\u00f3\u017cami\",\"datePublished\":\"2025-06-17T06:09:16+00:00\",\"dateModified\":\"2025-06-17T06:10:43+00:00\",\"mainEntityOfPage\":{\"@id\":\"https:\/\/rozaria.pl\/blog\/rabata-mieszana-z-rozami\/\"},\"wordCount\":2206,\"commentCount\":0,\"publisher\":{\"@id\":\"https:\/\/rozaria.pl\/blog\/#organization\"},\"image\":{\"@id\":\"https:\/\/rozaria.pl\/blog\/rabata-mieszana-z-rozami\/#primaryimage\"},\"thumbnailUrl\":\"https:\/\/rozaria.pl\/blog\/wp-content\/uploads\/2025\/06\/mix_roze_lawenda.jpg\",\"articleSection\":[\"Ciekawostki\",\"Piel\u0119gnacja\",\"Porady ogrodowe\"],\"inLanguage\":\"pl-PL\",\"potentialAction\":[{\"@type\":\"CommentAction\",\"name\":\"Comment\",\"target\":[\"https:\/\/rozaria.pl\/blog\/rabata-mieszana-z-rozami\/#respond\"]}]},{\"@type\":\"WebPage\",\"@id\":\"https:\/\/rozaria.pl\/blog\/rabata-mieszana-z-rozami\/\",\"url\":\"https:\/\/rozaria.pl\/blog\/rabata-mieszana-z-rozami\/\",\"name\":\"Rabata mieszana z r\u00f3\u017cami - blog Rozaria.pl\",\"isPartOf\":{\"@id\":\"https:\/\/rozaria.pl\/blog\/#website\"},\"primaryImageOfPage\":{\"@id\":\"https:\/\/rozaria.pl\/blog\/rabata-mieszana-z-rozami\/#primaryimage\"},\"image\":{\"@id\":\"https:\/\/rozaria.pl\/blog\/rabata-mieszana-z-rozami\/#primaryimage\"},\"thumbnailUrl\":\"https:\/\/rozaria.pl\/blog\/wp-content\/uploads\/2025\/06\/mix_roze_lawenda.jpg\",\"datePublished\":\"2025-06-17T06:09:16+00:00\",\"dateModified\":\"2025-06-17T06:10:43+00:00\",\"description\":\"Rabata mieszana z r\u00f3\u017cami to spos\u00f3b na ogr\u00f3d pe\u0142en \u017cycia i koloru. Sprawd\u017a, jak \u0142\u0105czy\u0107 r\u00f3\u017ce z bylinami, trawami i krzewami przez ca\u0142y sezon.\",\"breadcrumb\":{\"@id\":\"https:\/\/rozaria.pl\/blog\/rabata-mieszana-z-rozami\/#breadcrumb\"},\"inLanguage\":\"pl-PL\",\"potentialAction\":[{\"@type\":\"ReadAction\",\"target\":[\"https:\/\/rozaria.pl\/blog\/rabata-mieszana-z-rozami\/\"]}]},{\"@type\":\"ImageObject\",\"inLanguage\":\"pl-PL\",\"@id\":\"https:\/\/rozaria.pl\/blog\/rabata-mieszana-z-rozami\/#primaryimage\",\"url\":\"https:\/\/rozaria.pl\/blog\/wp-content\/uploads\/2025\/06\/mix_roze_lawenda.jpg\",\"contentUrl\":\"https:\/\/rozaria.pl\/blog\/wp-content\/uploads\/2025\/06\/mix_roze_lawenda.jpg\",\"width\":800,\"height\":800,\"caption\":\"rabata mieszana z r\u00f3\u017cami\"},{\"@type\":\"BreadcrumbList\",\"@id\":\"https:\/\/rozaria.pl\/blog\/rabata-mieszana-z-rozami\/#breadcrumb\",\"itemListElement\":[{\"@type\":\"ListItem\",\"position\":1,\"name\":\"Strona g\u0142\u00f3wna\",\"item\":\"https:\/\/rozaria.pl\/blog\/\"},{\"@type\":\"ListItem\",\"position\":2,\"name\":\"Rabata mieszana z r\u00f3\u017cami\"}]},{\"@type\":\"WebSite\",\"@id\":\"https:\/\/rozaria.pl\/blog\/#website\",\"url\":\"https:\/\/rozaria.pl\/blog\/\",\"name\":\"blog Rozaria.pl\",\"description\":\"Porozmawiajmy o r\u00f3\u017cach, o wszystkich sprawach\",\"publisher\":{\"@id\":\"https:\/\/rozaria.pl\/blog\/#organization\"},\"potentialAction\":[{\"@type\":\"SearchAction\",\"target\":{\"@type\":\"EntryPoint\",\"urlTemplate\":\"https:\/\/rozaria.pl\/blog\/?s={search_term_string}\"},\"query-input\":{\"@type\":\"PropertyValueSpecification\",\"valueRequired\":true,\"valueName\":\"search_term_string\"}}],\"inLanguage\":\"pl-PL\"},{\"@type\":\"Organization\",\"@id\":\"https:\/\/rozaria.pl\/blog\/#organization\",\"name\":\"Szk\u00f3\u0142ka R\u00f3\u017c Rozaria\",\"url\":\"https:\/\/rozaria.pl\/blog\/\",\"logo\":{\"@type\":\"ImageObject\",\"inLanguage\":\"pl-PL\",\"@id\":\"https:\/\/rozaria.pl\/blog\/#\/schema\/logo\/image\/\",\"url\":\"https:\/\/rozaria.pl\/blog\/wp-content\/uploads\/2016\/12\/logo_dla-rozaria.png\",\"contentUrl\":\"https:\/\/rozaria.pl\/blog\/wp-content\/uploads\/2016\/12\/logo_dla-rozaria.png\",\"width\":400,\"height\":166,\"caption\":\"Szk\u00f3\u0142ka R\u00f3\u017c Rozaria\"},\"image\":{\"@id\":\"https:\/\/rozaria.pl\/blog\/#\/schema\/logo\/image\/\"},\"sameAs\":[\"https:\/\/www.facebook.com\/SzkolkaRozRozaria\/\",\"https:\/\/x.com\/SzkolkaRozaria\",\"https:\/\/www.youtube.com\/channel\/UCguKKBc7F06eYM1tzYx1Z5A\"]},{\"@type\":\"Person\",\"@id\":\"https:\/\/rozaria.pl\/blog\/#\/schema\/person\/31b3805d5058ea1cffed1d8efb6e2513\",\"name\":\"Rozaria.pl\",\"image\":{\"@type\":\"ImageObject\",\"inLanguage\":\"pl-PL\",\"@id\":\"https:\/\/rozaria.pl\/blog\/#\/schema\/person\/image\/\",\"url\":\"https:\/\/secure.gravatar.com\/avatar\/36c7e4b15b333b9fb573f9e54e7fcf52?s=96&d=mm&r=g\",\"contentUrl\":\"https:\/\/secure.gravatar.com\/avatar\/36c7e4b15b333b9fb573f9e54e7fcf52?s=96&d=mm&r=g\",\"caption\":\"Rozaria.pl\"},\"sameAs\":[\"https:\/\/www.rozaria.pl\",\"https:\/\/www.youtube.com\/channel\/UCguKKBc7F06eYM1tzYx1Z5A\"],\"url\":\"https:\/\/rozaria.pl\/blog\/author\/1rozanka\/\"}]}<\/script>\n<!-- \/ Yoast SEO plugin. -->","yoast_head_json":{"title":"Rabata mieszana z r\u00f3\u017cami - blog Rozaria.pl","description":"Rabata mieszana z r\u00f3\u017cami to spos\u00f3b na ogr\u00f3d pe\u0142en \u017cycia i koloru. Sprawd\u017a, jak \u0142\u0105czy\u0107 r\u00f3\u017ce z bylinami, trawami i krzewami przez ca\u0142y sezon.","robots":{"index":"index","follow":"follow","max-snippet":"max-snippet:-1","max-image-preview":"max-image-preview:large","max-video-preview":"max-video-preview:-1"},"canonical":"https:\/\/rozaria.pl\/blog\/rabata-mieszana-z-rozami\/","og_locale":"pl_PL","og_type":"article","og_title":"Rabata mieszana z r\u00f3\u017cami - blog Rozaria.pl","og_description":"Rabata mieszana z r\u00f3\u017cami to spos\u00f3b na ogr\u00f3d pe\u0142en \u017cycia i koloru. Sprawd\u017a, jak \u0142\u0105czy\u0107 r\u00f3\u017ce z bylinami, trawami i krzewami przez ca\u0142y sezon.","og_url":"https:\/\/rozaria.pl\/blog\/rabata-mieszana-z-rozami\/","og_site_name":"blog Rozaria.pl","article_publisher":"https:\/\/www.facebook.com\/SzkolkaRozRozaria\/","article_published_time":"2025-06-17T06:09:16+00:00","article_modified_time":"2025-06-17T06:10:43+00:00","og_image":[{"width":800,"height":800,"url":"https:\/\/rozaria.pl\/blog\/wp-content\/uploads\/2025\/06\/mix_roze_lawenda.jpg","type":"image\/jpeg"}],"author":"Rozaria.pl","twitter_card":"summary_large_image","twitter_creator":"@SzkolkaRozaria","twitter_site":"@SzkolkaRozaria","twitter_misc":{"Napisane przez":"Rozaria.pl","Szacowany czas czytania":"13 minut"},"schema":{"@context":"https:\/\/schema.org","@graph":[{"@type":"Article","@id":"https:\/\/rozaria.pl\/blog\/rabata-mieszana-z-rozami\/#article","isPartOf":{"@id":"https:\/\/rozaria.pl\/blog\/rabata-mieszana-z-rozami\/"},"author":{"name":"Rozaria.pl","@id":"https:\/\/rozaria.pl\/blog\/#\/schema\/person\/31b3805d5058ea1cffed1d8efb6e2513"},"headline":"Rabata mieszana z r\u00f3\u017cami","datePublished":"2025-06-17T06:09:16+00:00","dateModified":"2025-06-17T06:10:43+00:00","mainEntityOfPage":{"@id":"https:\/\/rozaria.pl\/blog\/rabata-mieszana-z-rozami\/"},"wordCount":2206,"commentCount":0,"publisher":{"@id":"https:\/\/rozaria.pl\/blog\/#organization"},"image":{"@id":"https:\/\/rozaria.pl\/blog\/rabata-mieszana-z-rozami\/#primaryimage"},"thumbnailUrl":"https:\/\/rozaria.pl\/blog\/wp-content\/uploads\/2025\/06\/mix_roze_lawenda.jpg","articleSection":["Ciekawostki","Piel\u0119gnacja","Porady ogrodowe"],"inLanguage":"pl-PL","potentialAction":[{"@type":"CommentAction","name":"Comment","target":["https:\/\/rozaria.pl\/blog\/rabata-mieszana-z-rozami\/#respond"]}]},{"@type":"WebPage","@id":"https:\/\/rozaria.pl\/blog\/rabata-mieszana-z-rozami\/","url":"https:\/\/rozaria.pl\/blog\/rabata-mieszana-z-rozami\/","name":"Rabata mieszana z r\u00f3\u017cami - blog Rozaria.pl","isPartOf":{"@id":"https:\/\/rozaria.pl\/blog\/#website"},"primaryImageOfPage":{"@id":"https:\/\/rozaria.pl\/blog\/rabata-mieszana-z-rozami\/#primaryimage"},"image":{"@id":"https:\/\/rozaria.pl\/blog\/rabata-mieszana-z-rozami\/#primaryimage"},"thumbnailUrl":"https:\/\/rozaria.pl\/blog\/wp-content\/uploads\/2025\/06\/mix_roze_lawenda.jpg","datePublished":"2025-06-17T06:09:16+00:00","dateModified":"2025-06-17T06:10:43+00:00","description":"Rabata mieszana z r\u00f3\u017cami to spos\u00f3b na ogr\u00f3d pe\u0142en \u017cycia i koloru. Sprawd\u017a, jak \u0142\u0105czy\u0107 r\u00f3\u017ce z bylinami, trawami i krzewami przez ca\u0142y sezon.","breadcrumb":{"@id":"https:\/\/rozaria.pl\/blog\/rabata-mieszana-z-rozami\/#breadcrumb"},"inLanguage":"pl-PL","potentialAction":[{"@type":"ReadAction","target":["https:\/\/rozaria.pl\/blog\/rabata-mieszana-z-rozami\/"]}]},{"@type":"ImageObject","inLanguage":"pl-PL","@id":"https:\/\/rozaria.pl\/blog\/rabata-mieszana-z-rozami\/#primaryimage","url":"https:\/\/rozaria.pl\/blog\/wp-content\/uploads\/2025\/06\/mix_roze_lawenda.jpg","contentUrl":"https:\/\/rozaria.pl\/blog\/wp-content\/uploads\/2025\/06\/mix_roze_lawenda.jpg","width":800,"height":800,"caption":"rabata mieszana z r\u00f3\u017cami"},{"@type":"BreadcrumbList","@id":"https:\/\/rozaria.pl\/blog\/rabata-mieszana-z-rozami\/#breadcrumb","itemListElement":[{"@type":"ListItem","position":1,"name":"Strona g\u0142\u00f3wna","item":"https:\/\/rozaria.pl\/blog\/"},{"@type":"ListItem","position":2,"name":"Rabata mieszana z r\u00f3\u017cami"}]},{"@type":"WebSite","@id":"https:\/\/rozaria.pl\/blog\/#website","url":"https:\/\/rozaria.pl\/blog\/","name":"blog Rozaria.pl","description":"Porozmawiajmy o r\u00f3\u017cach, o wszystkich sprawach","publisher":{"@id":"https:\/\/rozaria.pl\/blog\/#organization"},"potentialAction":[{"@type":"SearchAction","target":{"@type":"EntryPoint","urlTemplate":"https:\/\/rozaria.pl\/blog\/?s={search_term_string}"},"query-input":{"@type":"PropertyValueSpecification","valueRequired":true,"valueName":"search_term_string"}}],"inLanguage":"pl-PL"},{"@type":"Organization","@id":"https:\/\/rozaria.pl\/blog\/#organization","name":"Szk\u00f3\u0142ka R\u00f3\u017c Rozaria","url":"https:\/\/rozaria.pl\/blog\/","logo":{"@type":"ImageObject","inLanguage":"pl-PL","@id":"https:\/\/rozaria.pl\/blog\/#\/schema\/logo\/image\/","url":"https:\/\/rozaria.pl\/blog\/wp-content\/uploads\/2016\/12\/logo_dla-rozaria.png","contentUrl":"https:\/\/rozaria.pl\/blog\/wp-content\/uploads\/2016\/12\/logo_dla-rozaria.png","width":400,"height":166,"caption":"Szk\u00f3\u0142ka R\u00f3\u017c Rozaria"},"image":{"@id":"https:\/\/rozaria.pl\/blog\/#\/schema\/logo\/image\/"},"sameAs":["https:\/\/www.facebook.com\/SzkolkaRozRozaria\/","https:\/\/x.com\/SzkolkaRozaria","https:\/\/www.youtube.com\/channel\/UCguKKBc7F06eYM1tzYx1Z5A"]},{"@type":"Person","@id":"https:\/\/rozaria.pl\/blog\/#\/schema\/person\/31b3805d5058ea1cffed1d8efb6e2513","name":"Rozaria.pl","image":{"@type":"ImageObject","inLanguage":"pl-PL","@id":"https:\/\/rozaria.pl\/blog\/#\/schema\/person\/image\/","url":"https:\/\/secure.gravatar.com\/avatar\/36c7e4b15b333b9fb573f9e54e7fcf52?s=96&d=mm&r=g","contentUrl":"https:\/\/secure.gravatar.com\/avatar\/36c7e4b15b333b9fb573f9e54e7fcf52?s=96&d=mm&r=g","caption":"Rozaria.pl"},"sameAs":["https:\/\/www.rozaria.pl","https:\/\/www.youtube.com\/channel\/UCguKKBc7F06eYM1tzYx1Z5A"],"url":"https:\/\/rozaria.pl\/blog\/author\/1rozanka\/"}]}},"_links":{"self":[{"href":"https:\/\/rozaria.pl\/blog\/wp-json\/wp\/v2\/posts\/6692"}],"collection":[{"href":"https:\/\/rozaria.pl\/blog\/wp-json\/wp\/v2\/posts"}],"about":[{"href":"https:\/\/rozaria.pl\/blog\/wp-json\/wp\/v2\/types\/post"}],"author":[{"embeddable":true,"href":"https:\/\/rozaria.pl\/blog\/wp-json\/wp\/v2\/users\/1"}],"replies":[{"embeddable":true,"href":"https:\/\/rozaria.pl\/blog\/wp-json\/wp\/v2\/comments?post=6692"}],"version-history":[{"count":6,"href":"https:\/\/rozaria.pl\/blog\/wp-json\/wp\/v2\/posts\/6692\/revisions"}],"predecessor-version":[{"id":6726,"href":"https:\/\/rozaria.pl\/blog\/wp-json\/wp\/v2\/posts\/6692\/revisions\/6726"}],"wp:featuredmedia":[{"embeddable":true,"href":"https:\/\/rozaria.pl\/blog\/wp-json\/wp\/v2\/media\/6715"}],"wp:attachment":[{"href":"https:\/\/rozaria.pl\/blog\/wp-json\/wp\/v2\/media?parent=6692"}],"wp:term":[{"taxonomy":"category","embeddable":true,"href":"https:\/\/rozaria.pl\/blog\/wp-json\/wp\/v2\/categories?post=6692"},{"taxonomy":"post_tag","embeddable":true,"href":"https:\/\/rozaria.pl\/blog\/wp-json\/wp\/v2\/tags?post=6692"}],"curies":[{"name":"wp","href":"https:\/\/api.w.org\/{rel}","templated":true}]}}