{"id":6670,"date":"2025-05-28T11:21:41","date_gmt":"2025-05-28T09:21:41","guid":{"rendered":"https:\/\/rozaria.pl\/blog\/?p=6670"},"modified":"2025-05-28T11:21:41","modified_gmt":"2025-05-28T09:21:41","slug":"czerwiec-w-ogrodzie","status":"publish","type":"post","link":"https:\/\/rozaria.pl\/blog\/czerwiec-w-ogrodzie\/","title":{"rendered":"Czerwiec w ogrodzie"},"content":{"rendered":"<h2 style=\"text-align: justify;\">\ud83c\udf38 Czerwiec w ogrodzie \u2013 przewodnik po pracach i piel\u0119gnacji<\/h2>\n<h3 style=\"text-align: justify;\">1. Wprowadzenie: Czerwiec \u2013 miesi\u0105c ogrodniczego rozkwitu<\/h3>\n<p style=\"text-align: justify;\">\ud83c\udf3f Gdy ogr\u00f3d zaczyna m\u00f3wi\u0107 w\u0142asnym g\u0142osem<\/p>\n<p style=\"text-align: justify;\">Czerwiec to ten moment, w kt\u00f3rym ogr\u00f3d naprawd\u0119 si\u0119 budzi \u2013 nie ju\u017c z zimowego snu, ale z wiosennego po\u015bpiechu. To nie jest miesi\u0105c pocz\u0105tku. To miesi\u0105c&#8230; rozkwitu. R\u00f3\u017ce unosz\u0105 g\u0142owy ku s\u0142o\u0144cu, rabaty nabieraj\u0105 barw, a trawa ro\u015bnie jak szalona, jakby wiedzia\u0142a, \u017ce teraz jest jej czas.<\/p>\n<p style=\"text-align: justify;\">Dni s\u0105 d\u0142ugie, noce ciep\u0142e \u2013 a wszystko wok\u00f3\u0142 zdaje si\u0119 m\u00f3wi\u0107: \u201eSp\u00f3jrz, oto \u017cycie w pe\u0142nym rozkwicie!\u201d<br \/>\nCzerwiec w naszym ogrodzie, to most mi\u0119dzy wiosn\u0105 a latem, pe\u0142en zieleni, zapach\u00f3w i ogrodniczych decyzji.<\/p>\n<p style=\"text-align: justify;\">Czerwiec, to te\u017c miesi\u0105c, w kt\u00f3rym r\u00f3\u017ce przejmuj\u0105 scen\u0119 w ogrodzie \u2013 kr\u00f3lewskie i niecierpliwe. Potrzebuj\u0105 chwili naszej uwagi, by mog\u0142y odwdzi\u0119czy\u0107 si\u0119 ca\u0142ym sezonem kwitnienia.<a href=\"https:\/\/rozaria.pl\/blog\/wp-content\/uploads\/2025\/05\/czerwiec_w_ogrodzie.jpg\"><img loading=\"lazy\" decoding=\"async\" class=\"alignright wp-image-6673 size-large\" src=\"https:\/\/rozaria.pl\/blog\/wp-content\/uploads\/2025\/05\/czerwiec_w_ogrodzie-1024x536.jpg\" alt=\"czerwiec w ogrodzie\" width=\"1024\" height=\"536\" srcset=\"https:\/\/rozaria.pl\/blog\/wp-content\/uploads\/2025\/05\/czerwiec_w_ogrodzie-150x79.jpg 150w, https:\/\/rozaria.pl\/blog\/wp-content\/uploads\/2025\/05\/czerwiec_w_ogrodzie-200x105.jpg 200w, https:\/\/rozaria.pl\/blog\/wp-content\/uploads\/2025\/05\/czerwiec_w_ogrodzie-300x157.jpg 300w, https:\/\/rozaria.pl\/blog\/wp-content\/uploads\/2025\/05\/czerwiec_w_ogrodzie-400x209.jpg 400w, https:\/\/rozaria.pl\/blog\/wp-content\/uploads\/2025\/05\/czerwiec_w_ogrodzie-600x314.jpg 600w, https:\/\/rozaria.pl\/blog\/wp-content\/uploads\/2025\/05\/czerwiec_w_ogrodzie-768x402.jpg 768w, https:\/\/rozaria.pl\/blog\/wp-content\/uploads\/2025\/05\/czerwiec_w_ogrodzie-800x419.jpg 800w, https:\/\/rozaria.pl\/blog\/wp-content\/uploads\/2025\/05\/czerwiec_w_ogrodzie-1024x536.jpg 1024w, https:\/\/rozaria.pl\/blog\/wp-content\/uploads\/2025\/05\/czerwiec_w_ogrodzie.jpg 1200w\" sizes=\"(max-width: 1024px) 100vw, 1024px\" \/><\/a><\/p>\n<p style=\"text-align: justify;\">A wi\u0119c za\u0142\u00f3\u017c kapelusz, chwy\u0107 za konewk\u0119 i chod\u017a ze mn\u0105. Ogr\u00f3d ma Ci w czerwcu sporo do powiedzenia.<\/p>\n<h2 style=\"text-align: justify;\">2. \ud83c\udf39R\u00f3\u017ce \u2013 kr\u00f3lowe czerwcowego ogrodu<\/h2>\n<p style=\"text-align: justify;\">Czerwiec to ich scena, a ogr\u00f3d&#8230; zamienia si\u0119 w kr\u00f3lewski dw\u00f3r.<\/p>\n<p style=\"text-align: justify;\">Trudno nie zauwa\u017cy\u0107, \u017ce w\u0142a\u015bnie teraz r\u00f3\u017ce przejmuj\u0105 w\u0142adz\u0119. Wchodz\u0105 pewnym krokiem na ogrodow\u0105 scen\u0119 i nie pytaj\u0105, czy mog\u0105 \u2013 one po prostu kwitn\u0105. R\u00f3\u017ce pn\u0105ce wspinaj\u0105 si\u0119 po pergolach jak baletnice po linie \u015bwiat\u0142a. Rabatowe unosz\u0105 ki\u015bcie kwiat\u00f3w nad g\u0119stym listowiem. Okrywowe tworz\u0105 kwitn\u0105ce dywany, jakby kto\u015b wysypa\u0142 p\u0142atki z bajki.<\/p>\n<p style=\"text-align: justify;\">Ich r\u00f3\u017cnorodno\u015b\u0107 jest osza\u0142amiaj\u0105ca \u2013 od delikatnych, pastelowych ton\u00f3w, po odcienie tak g\u0142\u0119bokie, \u017ce mo\u017cna w nich uton\u0105\u0107. Ka\u017cda z nich ma swoj\u0105 osobowo\u015b\u0107, swoje tempo, sw\u00f3j zapach.<\/p>\n<p style=\"text-align: justify;\">Ale nawet kr\u00f3lowe potrzebuj\u0105 garderobianej \u2013 <a href=\"https:\/\/rozaria.pl\/blog\/wp-content\/uploads\/2025\/05\/relask-czerwiec.jpg\"><img loading=\"lazy\" decoding=\"async\" class=\"alignleft wp-image-6674 size-medium\" src=\"https:\/\/rozaria.pl\/blog\/wp-content\/uploads\/2025\/05\/relask-czerwiec-300x225.jpg\" alt=\"w ogrodzie czerwiec\" width=\"300\" height=\"225\" srcset=\"https:\/\/rozaria.pl\/blog\/wp-content\/uploads\/2025\/05\/relask-czerwiec-150x113.jpg 150w, https:\/\/rozaria.pl\/blog\/wp-content\/uploads\/2025\/05\/relask-czerwiec-200x150.jpg 200w, https:\/\/rozaria.pl\/blog\/wp-content\/uploads\/2025\/05\/relask-czerwiec-300x225.jpg 300w, https:\/\/rozaria.pl\/blog\/wp-content\/uploads\/2025\/05\/relask-czerwiec-400x300.jpg 400w, https:\/\/rozaria.pl\/blog\/wp-content\/uploads\/2025\/05\/relask-czerwiec-600x450.jpg 600w, https:\/\/rozaria.pl\/blog\/wp-content\/uploads\/2025\/05\/relask-czerwiec-768x576.jpg 768w, https:\/\/rozaria.pl\/blog\/wp-content\/uploads\/2025\/05\/relask-czerwiec.jpg 800w\" sizes=\"(max-width: 300px) 100vw, 300px\" \/><\/a>czerwiec to czas troski, \u017ceby ta r\u00f3\u017cana orkiestra gra\u0142a dalej.<\/p>\n<p style=\"text-align: justify;\">\u2705 Podlewanie \u2013 systematyczne, ale z umiarem. Lej wod\u0119 przy korzeniu, nie po li\u015bciach.<br \/>\n\u2705 Nawo\u017cenie \u2013 teraz ro\u015blina pracuje najci\u0119\u017cej. Wspom\u00f3\u017c j\u0105 nawozem do r\u00f3\u017c \u2013 mineralnym lub organicznym.<br \/>\n\u2705 Usuwanie przekwit\u0142ych kwiat\u00f3w \u2013 to jak zdj\u0119cie zas\u0142on ze sceny. Pomaga krzewom zawi\u0105za\u0107 nowe p\u0105ki i wygl\u0105da\u0107 schludnie.<br \/>\n\u2705 Ochrona \u2013 przyjrzyj si\u0119 li\u015bciom. Czy nie pojawi\u0142y si\u0119 plamy? A mo\u017ce na p\u0119dach zauwa\u017cysz mszyce? Czerwiec to moment, w kt\u00f3rym warto by\u0107 o krok przed chorobami i szkodnikami.<\/p>\n<p style=\"text-align: justify;\">R\u00f3\u017ca w czerwcu jest jak aktorka w g\u0142\u00f3wnej roli \u2013 pi\u0119kna, zachwycaj\u0105ca, ale te\u017c wymagaj\u0105ca opieki. A nagrod\u0105 za Twoj\u0105 trosk\u0119 b\u0119dzie ogr\u00f3d, kt\u00f3ry pachnie, kwitnie i przyci\u0105ga spojrzenia a\u017c do jesieni.<\/p>\n<h2 style=\"text-align: justify;\">3. Kwiaty i krzewy kwitn\u0105ce w czerwcu<\/h2>\n<p style=\"text-align: justify;\">Czerwiec to miesi\u0105c, kiedy w ogrodzie nie potrzeba fajerwerk\u00f3w \u2013 sam staje si\u0119 widowiskiem.<\/p>\n<p style=\"text-align: justify;\">Obok r\u00f3\u017c, kt\u00f3re graj\u0105 pierwsze skrzypce, na scen\u0119 wchodz\u0105 te\u017c byliny i krzewy kwitn\u0105ce \u2013 z pozoru cisi bohaterowie, ale bez nich nie by\u0142oby tej ca\u0142ej symfonii kolor\u00f3w.<\/p>\n<p style=\"text-align: justify;\">\u2728 Na pierwszym planie:<br \/>\n\u2013 \u0141ubin \u2013 pionowy, dumny, jak \u017co\u0142nierz w paradzie.<br \/>\n\u2013 Ostr\u00f3\u017cka \u2013 finezyjna dama w b\u0142\u0119kicie, fioletach i r\u00f3\u017cach.<br \/>\n\u2013 Piwonia \u2013 bujna jak kr\u00f3lewski puch, pachnie latem w pe\u0142nej krasie.<br \/>\n\u2013 Funkia \u2013 bardziej dyskretna, ale jej li\u015bcie robi\u0105 dekoracj\u0119 lepsz\u0105 ni\u017c niejedna rama.<\/p>\n<p style=\"text-align: justify;\">\u2728 A z krzew\u00f3w?<br \/>\n\u2013 Ja\u015bminowiec pachnie jak wspomnienie dzieci\u0144stwa i obietnica letniego wieczoru.<br \/>\n\u2013 Tawu\u0142a tworzy lekkie, pieniste kaskady.<br \/>\n\u2013 Hortensja \u2013 jeszcze si\u0119 rozkr\u0119ca, ale ju\u017c zapowiada wielkie, kuliste widowisko.<\/p>\n<p style=\"text-align: justify;\">To moment, kiedy ogr\u00f3d zmienia tempo \u2013 staje si\u0119 bardziej dojrza\u0142y, pe\u0142niejszy, g\u0142\u0119bszy.<\/p>\n<p style=\"text-align: justify;\">\ud83d\udee0\ufe0f Co warto zrobi\u0107 w czerwcu?<br \/>\n\u2013 Przycina\u0107 przekwit\u0142e kwiatostany \u2013 nie tylko poprawia to wygl\u0105d, ale cz\u0119sto pobudza ro\u015bliny do powt\u00f3rnego kwitnienia.<br \/>\n\u2013 Podlewa\u0107 i nawozi\u0107 \u2013 szczeg\u00f3lnie byliny na pe\u0142nym s\u0142o\u0144cu i krzewy, kt\u00f3re szykuj\u0105 si\u0119 do wielkiego pokazu.<\/p>\n<p style=\"text-align: justify;\">Nie zapomnij te\u017c\u2026 po prostu usi\u0105\u015b\u0107 z kaw\u0105 i popatrze\u0107. Bo czerwiec to czas, gdy ogr\u00f3d m\u00f3wi: \u201eZobacz, to dla Ciebie.\u201d \ud83d\udc9a<\/p>\n<h2 style=\"text-align: justify;\">\ud83c\udf53 4. Warzywnik i sad w czerwcu<\/h2>\n<p style=\"text-align: justify;\"><a href=\"https:\/\/rozaria.pl\/blog\/wp-content\/uploads\/2025\/05\/czerwiec_warzywnik-scaled.jpg\"><img loading=\"lazy\" decoding=\"async\" class=\"alignleft size-medium wp-image-6675\" src=\"https:\/\/rozaria.pl\/blog\/wp-content\/uploads\/2025\/05\/czerwiec_warzywnik-300x200.jpg\" alt=\"sad w czerwcu\" width=\"300\" height=\"200\" srcset=\"https:\/\/rozaria.pl\/blog\/wp-content\/uploads\/2025\/05\/czerwiec_warzywnik-150x100.jpg 150w, https:\/\/rozaria.pl\/blog\/wp-content\/uploads\/2025\/05\/czerwiec_warzywnik-200x133.jpg 200w, https:\/\/rozaria.pl\/blog\/wp-content\/uploads\/2025\/05\/czerwiec_warzywnik-300x200.jpg 300w, https:\/\/rozaria.pl\/blog\/wp-content\/uploads\/2025\/05\/czerwiec_warzywnik-400x267.jpg 400w, https:\/\/rozaria.pl\/blog\/wp-content\/uploads\/2025\/05\/czerwiec_warzywnik-600x400.jpg 600w, https:\/\/rozaria.pl\/blog\/wp-content\/uploads\/2025\/05\/czerwiec_warzywnik-768x512.jpg 768w, https:\/\/rozaria.pl\/blog\/wp-content\/uploads\/2025\/05\/czerwiec_warzywnik-800x533.jpg 800w, https:\/\/rozaria.pl\/blog\/wp-content\/uploads\/2025\/05\/czerwiec_warzywnik-1024x683.jpg 1024w, https:\/\/rozaria.pl\/blog\/wp-content\/uploads\/2025\/05\/czerwiec_warzywnik-1200x800.jpg 1200w, https:\/\/rozaria.pl\/blog\/wp-content\/uploads\/2025\/05\/czerwiec_warzywnik-1536x1024.jpg 1536w\" sizes=\"(max-width: 300px) 100vw, 300px\" \/><\/a>To czas zbior\u00f3w\u2026 i zapowiedzi kolejnych pyszno\u015bci.<\/p>\n<p style=\"text-align: justify;\">W czerwcu ogr\u00f3d zaczyna odp\u0142aca\u0107 si\u0119 za nasz\u0105 wiosenn\u0105 trosk\u0119. Wystarczy wyj\u015b\u0107 z koszykiem \u2013 i wr\u00f3ci\u0107 z sa\u0142at\u0105, rzodkiewk\u0105, pierwszymi truskawkami albo gar\u015bci\u0105 czere\u015bni zerwanych prosto z ga\u0142\u0119zi. To w\u0142a\u015bnie teraz przychodzi satysfakcja \u2013 namacalna, s\u0142odka, chrupi\u0105ca.<\/p>\n<p style=\"text-align: justify;\">Ale ogr\u00f3d warzywny nie zna wakacji \u2013 w czerwcu siejemy dalej:<br \/>\n\ud83c\udf3f koper, pietruszk\u0119 naciow\u0105, fasol\u0119, buraczki, sa\u0142at\u0119 na p\u00f3\u017aniejszy zbi\u00f3r.<br \/>\nNiech grz\u0105dki zawsze maj\u0105 co\u015b do powiedzenia \u2013 i do zaoferowania.<\/p>\n<h3 style=\"text-align: justify;\">A co z sadem?<\/h3>\n<p style=\"text-align: justify;\">\ud83c\udf33 M\u0142ode drzewa potrzebuj\u0105 czujnego oka. Czerwiec to dobry moment, by:<br \/>\n\u2013 usuwa\u0107 dzikie odrosty z podk\u0142adki,<br \/>\n\u2013 wy\u0142ama\u0107 nadmiar tzw. wilk\u00f3w, czyli pionowych, nieowocuj\u0105cych p\u0119d\u00f3w,<br \/>\n\u2013 przerzedzi\u0107 zawi\u0105zki owoc\u00f3w, by pozosta\u0142e by\u0142y wi\u0119ksze i smaczniejsze.<\/p>\n<p style=\"text-align: justify;\">To te\u017c czas na czujno\u015b\u0107 \u2013 mszyce, owoc\u00f3wki, parch i inne ogrodowe niespodzianki potrafi\u0105 atakowa\u0107 znienacka.<br \/>\n\ud83d\udee1\ufe0f Warto wi\u0119c obserwowa\u0107 li\u015bcie, stosowa\u0107 naturalne napary (np. z pokrzywy czy skrzypu), a w razie potrzeby \u2013 si\u0119gn\u0105\u0107 po delikatn\u0105 chemi\u0119 interwencyjn\u0105.<\/p>\n<p style=\"text-align: justify;\">Czerwiec to miesi\u0105c ogrodniczej r\u00f3wnowagi \u2013 zbierasz i sadzisz, cieszysz si\u0119 i planujesz. I w\u0142a\u015bnie dlatego smakuje najlepiej.<\/p>\n<h2 style=\"text-align: justify;\">\ud83c\udf31 5. Trawnik i oczko wodne<\/h2>\n<p style=\"text-align: justify;\">Ogr\u00f3d to nie tylko ro\u015bliny \u2013 to tak\u017ce t\u0142o, rytm i szmer letniego spokoju.<\/p>\n<h3>Trawnik<\/h3>\n<p style=\"text-align: justify;\">Zielony dywan pod stopami nie robi szumu, ale jego brak by\u0142by jak brak ciszy w muzyce. Trawnik w czerwcu ro\u015bnie jak szalony \u2013 deszcze przeplataj\u0105 si\u0119 z upa\u0142ami, wi\u0119c trzeba go regularnie kosi\u0107, najlepiej co 5\u20137 dni, nie skracaj\u0105c zbyt drastycznie \u017ad\u017abe\u0142. Wysoki upa\u0142? Zostaw nieco d\u0142u\u017csz\u0105 wysoko\u015b\u0107 \u2013 zatrzyma wilgo\u0107 i ochroni korzenie.<\/p>\n<p style=\"text-align: justify;\">\ud83d\udca7 Podlewanie? Rzadziej, ale porz\u0105dnie. Rano lub wieczorem \u2013 wtedy woda trafia do gleby, a nie w powietrze.<br \/>\n\ud83c\udf3f Nawo\u017cenie? Tak \u2013 trawa te\u017c jest g\u0142odna, zw\u0142aszcza po deszczach, kt\u00f3re wyp\u0142ukuj\u0105 sk\u0142adniki pokarmowe.<\/p>\n<h3>Oczko wodne<\/h3>\n<p style=\"text-align: justify;\">A je\u015bli masz w ogrodzie oczko wodne \u2013 to Twoje prywatne jezioro spokoju. Ale i ono wymaga czujno\u015bci.<\/p>\n<p style=\"text-align: justify;\">\ud83d\udc38 Czerwiec to czas, gdy glony rosn\u0105 szybciej ni\u017c pomys\u0142y na ich usuni\u0119cie. Warto wi\u0119c:<br \/>\n\u2013 mechanicznie je usuwa\u0107 siatk\u0105,<br \/>\n\u2013 doda\u0107 ro\u015bliny wodne (np. rz\u0119s\u0119 wodn\u0105, pistie, hiacynty wodne), kt\u00f3re ogranicz\u0105 dost\u0119p \u015bwiat\u0142a dla glon\u00f3w,<br \/>\n\u2013 kontrolowa\u0107 poziom wody \u2013 szczeg\u00f3lnie podczas upa\u0142\u00f3w.<\/p>\n<p style=\"text-align: justify;\">Nie zapominaj te\u017c, \u017ce woda w oczku to \u015bwiat\u0142o, d\u017awi\u0119k i ruch. To miejsce, w kt\u00f3rym ogr\u00f3d odbija si\u0119 jak w lustrze \u2013 i nabiera g\u0142\u0119bi.<\/p>\n<h2 style=\"text-align: justify;\">\ud83d\udee1 6. Ochrona ro\u015blin przed szkodnikami i chorobami<\/h2>\n<p style=\"text-align: justify;\">Bo nawet najpi\u0119kniejszy ogr\u00f3d potrzebuje swojej zbroi.<\/p>\n<p style=\"text-align: justify;\">W czerwcu ogr\u00f3d wygl\u0105da jak raj \u2013 ale dla szkodnik\u00f3w i patogen\u00f3w&#8230; te\u017c. Ciep\u0142o, wilgotno, soczysto \u2013 idealne warunki dla <a href=\"https:\/\/rozaria.pl\/blog\/szkodniki-atakujace-roze\/\">mszyc, prz\u0119dziork\u00f3w, skoczka r\u00f3\u017canego<\/a> czy m\u0105czniaka. Dlatego zanim rozgo\u015bcisz si\u0119 z kaw\u0105 w cieniu pergoli \u2013 rozejrzyj si\u0119 uwa\u017cnie.<\/p>\n<p style=\"text-align: justify;\"><a href=\"https:\/\/rozaria.pl\/blog\/wp-content\/uploads\/2025\/02\/mszyce.jpg\"><img loading=\"lazy\" decoding=\"async\" class=\"alignleft size-medium wp-image-6440\" src=\"https:\/\/rozaria.pl\/blog\/wp-content\/uploads\/2025\/02\/mszyce-300x220.jpg\" alt=\"mszyce\" width=\"300\" height=\"220\" srcset=\"https:\/\/rozaria.pl\/blog\/wp-content\/uploads\/2025\/02\/mszyce-150x110.jpg 150w, https:\/\/rozaria.pl\/blog\/wp-content\/uploads\/2025\/02\/mszyce-200x147.jpg 200w, https:\/\/rozaria.pl\/blog\/wp-content\/uploads\/2025\/02\/mszyce-300x220.jpg 300w, https:\/\/rozaria.pl\/blog\/wp-content\/uploads\/2025\/02\/mszyce-400x294.jpg 400w, https:\/\/rozaria.pl\/blog\/wp-content\/uploads\/2025\/02\/mszyce-600x440.jpg 600w, https:\/\/rozaria.pl\/blog\/wp-content\/uploads\/2025\/02\/mszyce-768x564.jpg 768w, https:\/\/rozaria.pl\/blog\/wp-content\/uploads\/2025\/02\/mszyce.jpg 800w\" sizes=\"(max-width: 300px) 100vw, 300px\" \/><\/a>\ud83d\udc40 Obserwacja to podstawa.<br \/>\nSprawd\u017a m\u0142ode przyrosty r\u00f3\u017c, spodni\u0105 stron\u0119 li\u015bci, nowe p\u0105ki. Co\u015b si\u0119 rusza? Lepi si\u0119? Li\u015bcie zwijaj\u0105 si\u0119, matowiej\u0105 lub maj\u0105 przebarwienia?<\/p>\n<p style=\"text-align: justify;\">Gdy pojawi\u0105 si\u0119 pierwsze symptomy \u2013 dzia\u0142aj od razu, ale z g\u0142ow\u0105:<\/p>\n<h3 style=\"text-align: justify;\">\ud83c\udf3f Naturalne metody na start:<\/h3>\n<p style=\"text-align: justify;\">\u2013 gnoj\u00f3wka z pokrzywy \u2013 wzmacnia odporno\u015b\u0107 i odstrasza mszyce,<br \/>\n\u2013 gnoj\u00f3wka z \u017cywokostu \u2013 idealna przy s\u0142abszych ro\u015blinach,<br \/>\n\u2013 wyci\u0105g z czosnku i cebuli \u2013 prosty, a skuteczny,<br \/>\n\u2013 oprysk z szarego myd\u0142a \u2013 dobry na pocz\u0105tek przy mszycach i prz\u0119dziorkach.<\/p>\n<h3 style=\"text-align: justify;\">\ud83e\uddea \u015arodki chemiczne?<\/h3>\n<p style=\"text-align: justify;\">Tak, ale tylko wtedy, gdy sytuacja tego wymaga:<br \/>\n\u2013 wybieraj preparaty selektywne i najlepiej systemiczne (np. Mospilan, Afinto),<br \/>\n\u2013 stosuj zgodnie z etykiet\u0105, wieczorem lub wcze\u015bnie rano, z dala od zapylaczy,<br \/>\n\u2013 nie mieszaj kilku \u015brodk\u00f3w naraz \u2013 mniej znaczy wi\u0119cej.<\/p>\n<p style=\"text-align: justify;\">\ud83c\udf3c Dobrze dobrana ro\u015blinno\u015b\u0107 te\u017c mo\u017ce pom\u00f3c \u2013 lawenda, cz\u0105ber, nagietek, mi\u0119ta czy czosnek nie tylko zdobi\u0105, ale i zniech\u0119caj\u0105 nieproszonych go\u015bci.<\/p>\n<p style=\"text-align: justify;\">W czerwcu ogrodnik nie musi walczy\u0107 \u2013 wystarczy, \u017ce czuwa.<br \/>\nA ogr\u00f3d mu si\u0119 odwdzi\u0119czy \u2013 spokojem, zdrowiem i morzem kwiat\u00f3w. \ud83c\udf38<\/p>\n<h2 style=\"text-align: justify;\">7. Podsumowanie: \ud83c\udf1eCzerwiec \u2013 czas intensywnej pracy i pi\u0119kna w ogrodzie<\/h2>\n<p style=\"text-align: justify;\">To ten moment, gdy ogr\u00f3d pokazuje wszystko, co w nim najlepsze.<a href=\"https:\/\/rozaria.pl\/blog\/wp-content\/uploads\/2025\/05\/czerwiec_ogrod.jpg\"><img loading=\"lazy\" decoding=\"async\" class=\"size-medium wp-image-6678 alignright\" src=\"https:\/\/rozaria.pl\/blog\/wp-content\/uploads\/2025\/05\/czerwiec_ogrod-300x200.jpg\" alt=\"czerwiec\" width=\"300\" height=\"200\" srcset=\"https:\/\/rozaria.pl\/blog\/wp-content\/uploads\/2025\/05\/czerwiec_ogrod-150x100.jpg 150w, https:\/\/rozaria.pl\/blog\/wp-content\/uploads\/2025\/05\/czerwiec_ogrod-200x134.jpg 200w, https:\/\/rozaria.pl\/blog\/wp-content\/uploads\/2025\/05\/czerwiec_ogrod-300x200.jpg 300w, https:\/\/rozaria.pl\/blog\/wp-content\/uploads\/2025\/05\/czerwiec_ogrod-400x267.jpg 400w, https:\/\/rozaria.pl\/blog\/wp-content\/uploads\/2025\/05\/czerwiec_ogrod-600x401.jpg 600w, https:\/\/rozaria.pl\/blog\/wp-content\/uploads\/2025\/05\/czerwiec_ogrod-768x513.jpg 768w, https:\/\/rozaria.pl\/blog\/wp-content\/uploads\/2025\/05\/czerwiec_ogrod.jpg 800w\" sizes=\"(max-width: 300px) 100vw, 300px\" \/><\/a><\/p>\n<p style=\"text-align: justify;\">R\u00f3\u017ce kr\u00f3luj\u0105, byliny ta\u0144cz\u0105 w pe\u0142ni rozkwitu, warzywnik oddaje pierwsze plony, a trawnik i oczko wodne graj\u0105 rol\u0119 scenografii \u2013 zielonej, bujnej, koj\u0105cej.<a href=\"https:\/\/rozaria.pl\/blog\/wp-content\/uploads\/2025\/05\/jan-pawel-ii.jpg\"><img loading=\"lazy\" decoding=\"async\" class=\"alignleft size-medium wp-image-6679\" src=\"https:\/\/rozaria.pl\/blog\/wp-content\/uploads\/2025\/05\/jan-pawel-ii-183x300.jpg\" alt=\"\" width=\"183\" height=\"300\" srcset=\"https:\/\/rozaria.pl\/blog\/wp-content\/uploads\/2025\/05\/jan-pawel-ii-91x150.jpg 91w, https:\/\/rozaria.pl\/blog\/wp-content\/uploads\/2025\/05\/jan-pawel-ii-183x300.jpg 183w, https:\/\/rozaria.pl\/blog\/wp-content\/uploads\/2025\/05\/jan-pawel-ii-200x329.jpg 200w, https:\/\/rozaria.pl\/blog\/wp-content\/uploads\/2025\/05\/jan-pawel-ii-400x657.jpg 400w, https:\/\/rozaria.pl\/blog\/wp-content\/uploads\/2025\/05\/jan-pawel-ii-600x986.jpg 600w, https:\/\/rozaria.pl\/blog\/wp-content\/uploads\/2025\/05\/jan-pawel-ii-623x1024.jpg 623w, https:\/\/rozaria.pl\/blog\/wp-content\/uploads\/2025\/05\/jan-pawel-ii-768x1262.jpg 768w, https:\/\/rozaria.pl\/blog\/wp-content\/uploads\/2025\/05\/jan-pawel-ii-800x1314.jpg 800w, https:\/\/rozaria.pl\/blog\/wp-content\/uploads\/2025\/05\/jan-pawel-ii-935x1536.jpg 935w, https:\/\/rozaria.pl\/blog\/wp-content\/uploads\/2025\/05\/jan-pawel-ii.jpg 969w\" sizes=\"(max-width: 183px) 100vw, 183px\" \/><\/a> Ale cho\u0107 czerwiec pachnie wakacjami, ogrodnik jeszcze nie odpoczywa. Tu podlewa, tam nawozi, tu co\u015b zetnie, tam przerywk\u0119 zrobi.<\/p>\n<p style=\"text-align: justify;\">\ud83c\udf3f Zaplanuj te\u017c lato \u2013 mo\u017ce drugie kwitnienie r\u00f3\u017c, mo\u017ce dosiew koperku, mo\u017ce nowe byliny na rabacie?<br \/>\nZanotuj, co si\u0119 sprawdza, a co zaskakuje \u2013 Tw\u00f3j ogr\u00f3d to \u017cywa historia. Ka\u017cda pora roku pisze jej nowy rozdzia\u0142.<\/p>\n<p style=\"text-align: justify;\">A je\u015bli nie wiesz, od czego zacz\u0105\u0107 \u2013 zacznij od r\u00f3\u017c.<br \/>\nBo w czerwcu to one wyznaczaj\u0105 rytm ca\u0142ego ogrodu.<br \/>\nI warto z nimi ta\u0144czy\u0107 ten rytm\u2026 a\u017c do jesieni. \ud83c\udf39<\/p>\n","protected":false},"excerpt":{"rendered":"<p>\ud83c\udf38 Czerwiec w ogrodzie \u2013 przewodnik po pracach i piel\u0119gnacji 1. Wprowadzenie: Czerwiec \u2013 miesi\u0105c ogrodniczego rozkwitu \ud83c\udf3f Gdy ogr\u00f3d zaczyna m\u00f3wi\u0107 w\u0142asnym g\u0142osem Czerwiec to ten moment, w kt\u00f3rym ogr\u00f3d naprawd\u0119 si\u0119 budzi \u2013 nie ju\u017c z zimowego snu, [&hellip;]<\/p>\n","protected":false},"author":1,"featured_media":6677,"comment_status":"open","ping_status":"open","sticky":false,"template":"","format":"standard","meta":{"_mi_skip_tracking":false,"_monsterinsights_sitenote_active":false,"_monsterinsights_sitenote_note":"","_monsterinsights_sitenote_category":0,"footnotes":""},"categories":[3,6,124],"tags":[],"yoast_head":"<!-- This site is optimized with the Yoast SEO plugin v23.5 - https:\/\/yoast.com\/wordpress\/plugins\/seo\/ -->\n<title>Czerwiec w ogrodzie - blog Rozaria.pl<\/title>\n<meta name=\"description\" content=\"Czerwiec w ogrodzie to czas feerii r\u00f3\u017canych barw i przygotowa\u0144 do lata \u2013 sprawd\u017a, jakie prace wykona\u0107, by cieszy\u0107 si\u0119 jego urokiem.\" \/>\n<meta name=\"robots\" content=\"index, follow, max-snippet:-1, max-image-preview:large, max-video-preview:-1\" \/>\n<link rel=\"canonical\" href=\"https:\/\/rozaria.pl\/blog\/czerwiec-w-ogrodzie\/\" \/>\n<meta property=\"og:locale\" content=\"pl_PL\" \/>\n<meta property=\"og:type\" content=\"article\" \/>\n<meta property=\"og:title\" content=\"Czerwiec w ogrodzie - blog Rozaria.pl\" \/>\n<meta property=\"og:description\" content=\"Czerwiec w ogrodzie to czas feerii r\u00f3\u017canych barw i przygotowa\u0144 do lata \u2013 sprawd\u017a, jakie prace wykona\u0107, by cieszy\u0107 si\u0119 jego urokiem.\" \/>\n<meta property=\"og:url\" content=\"https:\/\/rozaria.pl\/blog\/czerwiec-w-ogrodzie\/\" \/>\n<meta property=\"og:site_name\" content=\"blog Rozaria.pl\" \/>\n<meta property=\"article:publisher\" content=\"https:\/\/www.facebook.com\/SzkolkaRozRozaria\/\" \/>\n<meta property=\"article:published_time\" content=\"2025-05-28T09:21:41+00:00\" \/>\n<meta property=\"og:image\" content=\"https:\/\/rozaria.pl\/blog\/wp-content\/uploads\/2025\/05\/czerwiec_ogrodzie_w_glw.jpg\" \/>\n\t<meta property=\"og:image:width\" content=\"800\" \/>\n\t<meta property=\"og:image:height\" content=\"800\" \/>\n\t<meta property=\"og:image:type\" content=\"image\/jpeg\" \/>\n<meta name=\"author\" content=\"Rozaria.pl\" \/>\n<meta name=\"twitter:card\" content=\"summary_large_image\" \/>\n<meta name=\"twitter:creator\" content=\"@SzkolkaRozaria\" \/>\n<meta name=\"twitter:site\" content=\"@SzkolkaRozaria\" \/>\n<meta name=\"twitter:label1\" content=\"Napisane przez\" \/>\n\t<meta name=\"twitter:data1\" content=\"Rozaria.pl\" \/>\n\t<meta name=\"twitter:label2\" content=\"Szacowany czas czytania\" \/>\n\t<meta name=\"twitter:data2\" content=\"9 minut\" \/>\n<script type=\"application\/ld+json\" class=\"yoast-schema-graph\">{\"@context\":\"https:\/\/schema.org\",\"@graph\":[{\"@type\":\"Article\",\"@id\":\"https:\/\/rozaria.pl\/blog\/czerwiec-w-ogrodzie\/#article\",\"isPartOf\":{\"@id\":\"https:\/\/rozaria.pl\/blog\/czerwiec-w-ogrodzie\/\"},\"author\":{\"name\":\"Rozaria.pl\",\"@id\":\"https:\/\/rozaria.pl\/blog\/#\/schema\/person\/31b3805d5058ea1cffed1d8efb6e2513\"},\"headline\":\"Czerwiec w ogrodzie\",\"datePublished\":\"2025-05-28T09:21:41+00:00\",\"dateModified\":\"2025-05-28T09:21:41+00:00\",\"mainEntityOfPage\":{\"@id\":\"https:\/\/rozaria.pl\/blog\/czerwiec-w-ogrodzie\/\"},\"wordCount\":1468,\"commentCount\":0,\"publisher\":{\"@id\":\"https:\/\/rozaria.pl\/blog\/#organization\"},\"image\":{\"@id\":\"https:\/\/rozaria.pl\/blog\/czerwiec-w-ogrodzie\/#primaryimage\"},\"thumbnailUrl\":\"https:\/\/rozaria.pl\/blog\/wp-content\/uploads\/2025\/05\/czerwiec_ogrodzie_w_glw.jpg\",\"articleSection\":[\"Choroby i Szkodniki\",\"Piel\u0119gnacja\",\"Porady ogrodowe\"],\"inLanguage\":\"pl-PL\",\"potentialAction\":[{\"@type\":\"CommentAction\",\"name\":\"Comment\",\"target\":[\"https:\/\/rozaria.pl\/blog\/czerwiec-w-ogrodzie\/#respond\"]}]},{\"@type\":\"WebPage\",\"@id\":\"https:\/\/rozaria.pl\/blog\/czerwiec-w-ogrodzie\/\",\"url\":\"https:\/\/rozaria.pl\/blog\/czerwiec-w-ogrodzie\/\",\"name\":\"Czerwiec w ogrodzie - blog Rozaria.pl\",\"isPartOf\":{\"@id\":\"https:\/\/rozaria.pl\/blog\/#website\"},\"primaryImageOfPage\":{\"@id\":\"https:\/\/rozaria.pl\/blog\/czerwiec-w-ogrodzie\/#primaryimage\"},\"image\":{\"@id\":\"https:\/\/rozaria.pl\/blog\/czerwiec-w-ogrodzie\/#primaryimage\"},\"thumbnailUrl\":\"https:\/\/rozaria.pl\/blog\/wp-content\/uploads\/2025\/05\/czerwiec_ogrodzie_w_glw.jpg\",\"datePublished\":\"2025-05-28T09:21:41+00:00\",\"dateModified\":\"2025-05-28T09:21:41+00:00\",\"description\":\"Czerwiec w ogrodzie to czas feerii r\u00f3\u017canych barw i przygotowa\u0144 do lata \u2013 sprawd\u017a, jakie prace wykona\u0107, by cieszy\u0107 si\u0119 jego urokiem.\",\"breadcrumb\":{\"@id\":\"https:\/\/rozaria.pl\/blog\/czerwiec-w-ogrodzie\/#breadcrumb\"},\"inLanguage\":\"pl-PL\",\"potentialAction\":[{\"@type\":\"ReadAction\",\"target\":[\"https:\/\/rozaria.pl\/blog\/czerwiec-w-ogrodzie\/\"]}]},{\"@type\":\"ImageObject\",\"inLanguage\":\"pl-PL\",\"@id\":\"https:\/\/rozaria.pl\/blog\/czerwiec-w-ogrodzie\/#primaryimage\",\"url\":\"https:\/\/rozaria.pl\/blog\/wp-content\/uploads\/2025\/05\/czerwiec_ogrodzie_w_glw.jpg\",\"contentUrl\":\"https:\/\/rozaria.pl\/blog\/wp-content\/uploads\/2025\/05\/czerwiec_ogrodzie_w_glw.jpg\",\"width\":800,\"height\":800,\"caption\":\"czerwiec w ogrodzie r\u00f3\u017c nawo\u017cenie\"},{\"@type\":\"BreadcrumbList\",\"@id\":\"https:\/\/rozaria.pl\/blog\/czerwiec-w-ogrodzie\/#breadcrumb\",\"itemListElement\":[{\"@type\":\"ListItem\",\"position\":1,\"name\":\"Strona g\u0142\u00f3wna\",\"item\":\"https:\/\/rozaria.pl\/blog\/\"},{\"@type\":\"ListItem\",\"position\":2,\"name\":\"Czerwiec w ogrodzie\"}]},{\"@type\":\"WebSite\",\"@id\":\"https:\/\/rozaria.pl\/blog\/#website\",\"url\":\"https:\/\/rozaria.pl\/blog\/\",\"name\":\"blog Rozaria.pl\",\"description\":\"Porozmawiajmy o r\u00f3\u017cach, o wszystkich sprawach\",\"publisher\":{\"@id\":\"https:\/\/rozaria.pl\/blog\/#organization\"},\"potentialAction\":[{\"@type\":\"SearchAction\",\"target\":{\"@type\":\"EntryPoint\",\"urlTemplate\":\"https:\/\/rozaria.pl\/blog\/?s={search_term_string}\"},\"query-input\":{\"@type\":\"PropertyValueSpecification\",\"valueRequired\":true,\"valueName\":\"search_term_string\"}}],\"inLanguage\":\"pl-PL\"},{\"@type\":\"Organization\",\"@id\":\"https:\/\/rozaria.pl\/blog\/#organization\",\"name\":\"Szk\u00f3\u0142ka R\u00f3\u017c Rozaria\",\"url\":\"https:\/\/rozaria.pl\/blog\/\",\"logo\":{\"@type\":\"ImageObject\",\"inLanguage\":\"pl-PL\",\"@id\":\"https:\/\/rozaria.pl\/blog\/#\/schema\/logo\/image\/\",\"url\":\"https:\/\/rozaria.pl\/blog\/wp-content\/uploads\/2016\/12\/logo_dla-rozaria.png\",\"contentUrl\":\"https:\/\/rozaria.pl\/blog\/wp-content\/uploads\/2016\/12\/logo_dla-rozaria.png\",\"width\":400,\"height\":166,\"caption\":\"Szk\u00f3\u0142ka R\u00f3\u017c Rozaria\"},\"image\":{\"@id\":\"https:\/\/rozaria.pl\/blog\/#\/schema\/logo\/image\/\"},\"sameAs\":[\"https:\/\/www.facebook.com\/SzkolkaRozRozaria\/\",\"https:\/\/x.com\/SzkolkaRozaria\",\"https:\/\/www.youtube.com\/channel\/UCguKKBc7F06eYM1tzYx1Z5A\"]},{\"@type\":\"Person\",\"@id\":\"https:\/\/rozaria.pl\/blog\/#\/schema\/person\/31b3805d5058ea1cffed1d8efb6e2513\",\"name\":\"Rozaria.pl\",\"image\":{\"@type\":\"ImageObject\",\"inLanguage\":\"pl-PL\",\"@id\":\"https:\/\/rozaria.pl\/blog\/#\/schema\/person\/image\/\",\"url\":\"https:\/\/secure.gravatar.com\/avatar\/36c7e4b15b333b9fb573f9e54e7fcf52?s=96&d=mm&r=g\",\"contentUrl\":\"https:\/\/secure.gravatar.com\/avatar\/36c7e4b15b333b9fb573f9e54e7fcf52?s=96&d=mm&r=g\",\"caption\":\"Rozaria.pl\"},\"sameAs\":[\"https:\/\/www.rozaria.pl\",\"https:\/\/www.youtube.com\/channel\/UCguKKBc7F06eYM1tzYx1Z5A\"],\"url\":\"https:\/\/rozaria.pl\/blog\/author\/1rozanka\/\"}]}<\/script>\n<!-- \/ Yoast SEO plugin. -->","yoast_head_json":{"title":"Czerwiec w ogrodzie - blog Rozaria.pl","description":"Czerwiec w ogrodzie to czas feerii r\u00f3\u017canych barw i przygotowa\u0144 do lata \u2013 sprawd\u017a, jakie prace wykona\u0107, by cieszy\u0107 si\u0119 jego urokiem.","robots":{"index":"index","follow":"follow","max-snippet":"max-snippet:-1","max-image-preview":"max-image-preview:large","max-video-preview":"max-video-preview:-1"},"canonical":"https:\/\/rozaria.pl\/blog\/czerwiec-w-ogrodzie\/","og_locale":"pl_PL","og_type":"article","og_title":"Czerwiec w ogrodzie - blog Rozaria.pl","og_description":"Czerwiec w ogrodzie to czas feerii r\u00f3\u017canych barw i przygotowa\u0144 do lata \u2013 sprawd\u017a, jakie prace wykona\u0107, by cieszy\u0107 si\u0119 jego urokiem.","og_url":"https:\/\/rozaria.pl\/blog\/czerwiec-w-ogrodzie\/","og_site_name":"blog Rozaria.pl","article_publisher":"https:\/\/www.facebook.com\/SzkolkaRozRozaria\/","article_published_time":"2025-05-28T09:21:41+00:00","og_image":[{"width":800,"height":800,"url":"https:\/\/rozaria.pl\/blog\/wp-content\/uploads\/2025\/05\/czerwiec_ogrodzie_w_glw.jpg","type":"image\/jpeg"}],"author":"Rozaria.pl","twitter_card":"summary_large_image","twitter_creator":"@SzkolkaRozaria","twitter_site":"@SzkolkaRozaria","twitter_misc":{"Napisane przez":"Rozaria.pl","Szacowany czas czytania":"9 minut"},"schema":{"@context":"https:\/\/schema.org","@graph":[{"@type":"Article","@id":"https:\/\/rozaria.pl\/blog\/czerwiec-w-ogrodzie\/#article","isPartOf":{"@id":"https:\/\/rozaria.pl\/blog\/czerwiec-w-ogrodzie\/"},"author":{"name":"Rozaria.pl","@id":"https:\/\/rozaria.pl\/blog\/#\/schema\/person\/31b3805d5058ea1cffed1d8efb6e2513"},"headline":"Czerwiec w ogrodzie","datePublished":"2025-05-28T09:21:41+00:00","dateModified":"2025-05-28T09:21:41+00:00","mainEntityOfPage":{"@id":"https:\/\/rozaria.pl\/blog\/czerwiec-w-ogrodzie\/"},"wordCount":1468,"commentCount":0,"publisher":{"@id":"https:\/\/rozaria.pl\/blog\/#organization"},"image":{"@id":"https:\/\/rozaria.pl\/blog\/czerwiec-w-ogrodzie\/#primaryimage"},"thumbnailUrl":"https:\/\/rozaria.pl\/blog\/wp-content\/uploads\/2025\/05\/czerwiec_ogrodzie_w_glw.jpg","articleSection":["Choroby i Szkodniki","Piel\u0119gnacja","Porady ogrodowe"],"inLanguage":"pl-PL","potentialAction":[{"@type":"CommentAction","name":"Comment","target":["https:\/\/rozaria.pl\/blog\/czerwiec-w-ogrodzie\/#respond"]}]},{"@type":"WebPage","@id":"https:\/\/rozaria.pl\/blog\/czerwiec-w-ogrodzie\/","url":"https:\/\/rozaria.pl\/blog\/czerwiec-w-ogrodzie\/","name":"Czerwiec w ogrodzie - blog Rozaria.pl","isPartOf":{"@id":"https:\/\/rozaria.pl\/blog\/#website"},"primaryImageOfPage":{"@id":"https:\/\/rozaria.pl\/blog\/czerwiec-w-ogrodzie\/#primaryimage"},"image":{"@id":"https:\/\/rozaria.pl\/blog\/czerwiec-w-ogrodzie\/#primaryimage"},"thumbnailUrl":"https:\/\/rozaria.pl\/blog\/wp-content\/uploads\/2025\/05\/czerwiec_ogrodzie_w_glw.jpg","datePublished":"2025-05-28T09:21:41+00:00","dateModified":"2025-05-28T09:21:41+00:00","description":"Czerwiec w ogrodzie to czas feerii r\u00f3\u017canych barw i przygotowa\u0144 do lata \u2013 sprawd\u017a, jakie prace wykona\u0107, by cieszy\u0107 si\u0119 jego urokiem.","breadcrumb":{"@id":"https:\/\/rozaria.pl\/blog\/czerwiec-w-ogrodzie\/#breadcrumb"},"inLanguage":"pl-PL","potentialAction":[{"@type":"ReadAction","target":["https:\/\/rozaria.pl\/blog\/czerwiec-w-ogrodzie\/"]}]},{"@type":"ImageObject","inLanguage":"pl-PL","@id":"https:\/\/rozaria.pl\/blog\/czerwiec-w-ogrodzie\/#primaryimage","url":"https:\/\/rozaria.pl\/blog\/wp-content\/uploads\/2025\/05\/czerwiec_ogrodzie_w_glw.jpg","contentUrl":"https:\/\/rozaria.pl\/blog\/wp-content\/uploads\/2025\/05\/czerwiec_ogrodzie_w_glw.jpg","width":800,"height":800,"caption":"czerwiec w ogrodzie r\u00f3\u017c nawo\u017cenie"},{"@type":"BreadcrumbList","@id":"https:\/\/rozaria.pl\/blog\/czerwiec-w-ogrodzie\/#breadcrumb","itemListElement":[{"@type":"ListItem","position":1,"name":"Strona g\u0142\u00f3wna","item":"https:\/\/rozaria.pl\/blog\/"},{"@type":"ListItem","position":2,"name":"Czerwiec w ogrodzie"}]},{"@type":"WebSite","@id":"https:\/\/rozaria.pl\/blog\/#website","url":"https:\/\/rozaria.pl\/blog\/","name":"blog Rozaria.pl","description":"Porozmawiajmy o r\u00f3\u017cach, o wszystkich sprawach","publisher":{"@id":"https:\/\/rozaria.pl\/blog\/#organization"},"potentialAction":[{"@type":"SearchAction","target":{"@type":"EntryPoint","urlTemplate":"https:\/\/rozaria.pl\/blog\/?s={search_term_string}"},"query-input":{"@type":"PropertyValueSpecification","valueRequired":true,"valueName":"search_term_string"}}],"inLanguage":"pl-PL"},{"@type":"Organization","@id":"https:\/\/rozaria.pl\/blog\/#organization","name":"Szk\u00f3\u0142ka R\u00f3\u017c Rozaria","url":"https:\/\/rozaria.pl\/blog\/","logo":{"@type":"ImageObject","inLanguage":"pl-PL","@id":"https:\/\/rozaria.pl\/blog\/#\/schema\/logo\/image\/","url":"https:\/\/rozaria.pl\/blog\/wp-content\/uploads\/2016\/12\/logo_dla-rozaria.png","contentUrl":"https:\/\/rozaria.pl\/blog\/wp-content\/uploads\/2016\/12\/logo_dla-rozaria.png","width":400,"height":166,"caption":"Szk\u00f3\u0142ka R\u00f3\u017c Rozaria"},"image":{"@id":"https:\/\/rozaria.pl\/blog\/#\/schema\/logo\/image\/"},"sameAs":["https:\/\/www.facebook.com\/SzkolkaRozRozaria\/","https:\/\/x.com\/SzkolkaRozaria","https:\/\/www.youtube.com\/channel\/UCguKKBc7F06eYM1tzYx1Z5A"]},{"@type":"Person","@id":"https:\/\/rozaria.pl\/blog\/#\/schema\/person\/31b3805d5058ea1cffed1d8efb6e2513","name":"Rozaria.pl","image":{"@type":"ImageObject","inLanguage":"pl-PL","@id":"https:\/\/rozaria.pl\/blog\/#\/schema\/person\/image\/","url":"https:\/\/secure.gravatar.com\/avatar\/36c7e4b15b333b9fb573f9e54e7fcf52?s=96&d=mm&r=g","contentUrl":"https:\/\/secure.gravatar.com\/avatar\/36c7e4b15b333b9fb573f9e54e7fcf52?s=96&d=mm&r=g","caption":"Rozaria.pl"},"sameAs":["https:\/\/www.rozaria.pl","https:\/\/www.youtube.com\/channel\/UCguKKBc7F06eYM1tzYx1Z5A"],"url":"https:\/\/rozaria.pl\/blog\/author\/1rozanka\/"}]}},"_links":{"self":[{"href":"https:\/\/rozaria.pl\/blog\/wp-json\/wp\/v2\/posts\/6670"}],"collection":[{"href":"https:\/\/rozaria.pl\/blog\/wp-json\/wp\/v2\/posts"}],"about":[{"href":"https:\/\/rozaria.pl\/blog\/wp-json\/wp\/v2\/types\/post"}],"author":[{"embeddable":true,"href":"https:\/\/rozaria.pl\/blog\/wp-json\/wp\/v2\/users\/1"}],"replies":[{"embeddable":true,"href":"https:\/\/rozaria.pl\/blog\/wp-json\/wp\/v2\/comments?post=6670"}],"version-history":[{"count":7,"href":"https:\/\/rozaria.pl\/blog\/wp-json\/wp\/v2\/posts\/6670\/revisions"}],"predecessor-version":[{"id":6683,"href":"https:\/\/rozaria.pl\/blog\/wp-json\/wp\/v2\/posts\/6670\/revisions\/6683"}],"wp:featuredmedia":[{"embeddable":true,"href":"https:\/\/rozaria.pl\/blog\/wp-json\/wp\/v2\/media\/6677"}],"wp:attachment":[{"href":"https:\/\/rozaria.pl\/blog\/wp-json\/wp\/v2\/media?parent=6670"}],"wp:term":[{"taxonomy":"category","embeddable":true,"href":"https:\/\/rozaria.pl\/blog\/wp-json\/wp\/v2\/categories?post=6670"},{"taxonomy":"post_tag","embeddable":true,"href":"https:\/\/rozaria.pl\/blog\/wp-json\/wp\/v2\/tags?post=6670"}],"curies":[{"name":"wp","href":"https:\/\/api.w.org\/{rel}","templated":true}]}}