{"id":6644,"date":"2025-05-07T13:06:41","date_gmt":"2025-05-07T11:06:41","guid":{"rendered":"https:\/\/rozaria.pl\/blog\/?p=6644"},"modified":"2025-05-07T13:12:32","modified_gmt":"2025-05-07T11:12:32","slug":"maj-w-ogrodzie","status":"publish","type":"post","link":"https:\/\/rozaria.pl\/blog\/maj-w-ogrodzie\/","title":{"rendered":"Maj w ogrodzie"},"content":{"rendered":"<h2>Prace ogrodowe w maju \u2013 praktyczny przewodnik<\/h2>\n<p style=\"text-align: justify;\"><a href=\"https:\/\/rozaria.pl\/blog\/wp-content\/uploads\/2025\/05\/byliny_maj.jpg\"><img loading=\"lazy\" decoding=\"async\" class=\"size-medium wp-image-6649 alignright\" src=\"https:\/\/rozaria.pl\/blog\/wp-content\/uploads\/2025\/05\/byliny_maj-300x199.jpg\" alt=\"maj w ogrodzie\" width=\"300\" height=\"199\" srcset=\"https:\/\/rozaria.pl\/blog\/wp-content\/uploads\/2025\/05\/byliny_maj-150x100.jpg 150w, https:\/\/rozaria.pl\/blog\/wp-content\/uploads\/2025\/05\/byliny_maj-200x133.jpg 200w, https:\/\/rozaria.pl\/blog\/wp-content\/uploads\/2025\/05\/byliny_maj-300x199.jpg 300w, https:\/\/rozaria.pl\/blog\/wp-content\/uploads\/2025\/05\/byliny_maj-400x265.jpg 400w, https:\/\/rozaria.pl\/blog\/wp-content\/uploads\/2025\/05\/byliny_maj-600x398.jpg 600w, https:\/\/rozaria.pl\/blog\/wp-content\/uploads\/2025\/05\/byliny_maj-768x510.jpg 768w, https:\/\/rozaria.pl\/blog\/wp-content\/uploads\/2025\/05\/byliny_maj-800x531.jpg 800w, https:\/\/rozaria.pl\/blog\/wp-content\/uploads\/2025\/05\/byliny_maj.jpg 850w\" sizes=\"(max-width: 300px) 100vw, 300px\" \/><\/a>Maj to jeden z najbardziej intensywnych, ale te\u017c najpi\u0119kniejszych miesi\u0119cy w ogrodzie. Wszystko t\u0119tni \u017cyciem, a ro\u015bliny bujnie rosn\u0105. To czas, gdy ogrodnik nie schodzi z grz\u0105dki, ale te\u017c czerpie ogromn\u0105 satysfakcj\u0119 z efekt\u00f3w. Maj to miesi\u0105c, w kt\u00f3rym ogr\u00f3d rozkwita pe\u0142ni\u0105 barw i zapach\u00f3w. Dowiedz si\u0119, jakie prace ogrodowe warto wykona\u0107 w maju, co sadzi\u0107 i jak zadba\u0107 o ro\u015bliny, by cieszy\u0107 si\u0119 pi\u0119knym ogrodem przez ca\u0142y sezon. Oto kompleksowy przegl\u0105d prac, kt\u00f3re warto wykona\u0107:<\/p>\n<h2 style=\"text-align: justify;\">\ud83c\udf3c Ro\u015bliny ozdobne i rabaty<\/h2>\n<p style=\"text-align: justify;\">Maj w naszym ogrodzie, to eksplozja zieleni i kwiat\u00f3w. Rabaty nabieraj\u0105 kszta\u0142tu, a ro\u015bliny tylko czekaj\u0105 na odpowiednie wsparcie. To idealny moment, by zatroszczy\u0107 si\u0119 o sw\u00f3j ogr\u00f3d \u2013 nawozi\u0107, podlewa\u0107 i planowa\u0107 kolejne nasadzenia. Odpowiednie dzia\u0142ania teraz zaowocuj\u0105 bujnym rozwojem i pi\u0119knym wygl\u0105dem ro\u015blin przez ca\u0142e lato. To moment, by zadba\u0107 o nie z pe\u0142n\u0105 czu\u0142o\u015bci\u0105:<\/p>\n<h3 style=\"text-align: justify;\">\ud83c\udf38 Majowe przyjemno\u015bci w ogrodzie \u2013 co sadzi\u0107, ci\u0105\u0107 i dzieli\u0107? \ud83c\udf3f<\/h3>\n<p style=\"text-align: justify;\"><a href=\"https:\/\/rozaria.pl\/blog\/wp-content\/uploads\/2025\/05\/maj_ogrod.jpeg\"><img loading=\"lazy\" decoding=\"async\" class=\"alignleft size-medium wp-image-6650\" src=\"https:\/\/rozaria.pl\/blog\/wp-content\/uploads\/2025\/05\/maj_ogrod-300x200.jpeg\" alt=\"maj w ogrodzie zadania\" width=\"300\" height=\"200\" srcset=\"https:\/\/rozaria.pl\/blog\/wp-content\/uploads\/2025\/05\/maj_ogrod-150x100.jpeg 150w, https:\/\/rozaria.pl\/blog\/wp-content\/uploads\/2025\/05\/maj_ogrod-200x133.jpeg 200w, https:\/\/rozaria.pl\/blog\/wp-content\/uploads\/2025\/05\/maj_ogrod-300x200.jpeg 300w, https:\/\/rozaria.pl\/blog\/wp-content\/uploads\/2025\/05\/maj_ogrod-400x267.jpeg 400w, https:\/\/rozaria.pl\/blog\/wp-content\/uploads\/2025\/05\/maj_ogrod-600x400.jpeg 600w, https:\/\/rozaria.pl\/blog\/wp-content\/uploads\/2025\/05\/maj_ogrod-768x512.jpeg 768w, https:\/\/rozaria.pl\/blog\/wp-content\/uploads\/2025\/05\/maj_ogrod-800x533.jpeg 800w, https:\/\/rozaria.pl\/blog\/wp-content\/uploads\/2025\/05\/maj_ogrod-1024x683.jpeg 1024w, https:\/\/rozaria.pl\/blog\/wp-content\/uploads\/2025\/05\/maj_ogrod.jpeg 1200w\" sizes=\"(max-width: 300px) 100vw, 300px\" \/><\/a>Sadzenie bylin, krzew\u00f3w i drzew z pojemnik\u00f3w \u2013 maj to idealny moment.<\/p>\n<p style=\"text-align: justify;\">Przycinanie przekwit\u0142ych krzew\u00f3w (forsycje, tawu\u0142y, migda\u0142ki, miniaturowe wierzby, pigwowce).<\/p>\n<p style=\"text-align: justify;\">Dzielenie przero\u015bni\u0119tych bylin (funkie, dzwonki, floksy, dziel\u017cany, trawy).<\/p>\n<p style=\"text-align: justify;\">Sadzenie letnich kwiat\u00f3w z rozsady (lobelie, go\u017adziki brodate, malwy).<\/p>\n<h3 style=\"text-align: justify;\">\u2744\ufe0f Po zimnych ogrodnikach \u2013 czas na kwiatow\u0105 eksplozj\u0119! \ud83c\udf3c<\/h3>\n<p style=\"text-align: justify;\">Po 15 maja (po \u201ezimnych ogrodnikach\u201d) sadzimy dalie, mieczyki, begonie bulwiaste.<\/p>\n<p style=\"text-align: justify;\">Wysiew do gruntu nasturcji, nagietk\u00f3w i kwiat\u00f3w dwuletnich (bratki, stokrotki, malwy).<\/p>\n<h3 style=\"text-align: justify;\">\ud83c\udf3f Piel\u0119gnacja rabat \u2013 zadbaj o urod\u0119 ogrodu na d\u0142u\u017cej \ud83c\udf38<\/h3>\n<p class=\"\" data-start=\"226\" data-end=\"329\">\u2013 Gleba powinna by\u0107 spulchniana, chwasty regularnie usuwane, a rabaty \u015bci\u00f3\u0142kowane kor\u0105 lub kompostem.<\/p>\n<p class=\"\" data-start=\"331\" data-end=\"413\">\u2013 Wysokie byliny nale\u017cy starannie przywi\u0105zywa\u0107 do podp\u00f3r, zanim wiatr je z\u0142amie.<\/p>\n<p class=\"\" data-start=\"415\" data-end=\"540\">\u2013 M\u0142ode li\u015bcie (np. funkii) powinny by\u0107 chronione przed \u015blimakami \u2013 najlepiej przez zastosowanie ostrego \u017cwiru lub popio\u0142u.<\/p>\n<p class=\"\" data-start=\"542\" data-end=\"648\">\u2013 Ro\u015bliny warto nawozi\u0107 zgodnie z ich potrzebami \u2013 sprawdz\u0105 si\u0119 Florovit, YaraMila, kompost czy obornik.<\/p>\n<p class=\"\" data-start=\"650\" data-end=\"752\">\u2013 Nadmiernie wybuja\u0142e p\u0119dy (np. bluszczu, rdestu Auberta) powinny by\u0107 skracane dla zachowania formy.<\/p>\n<p class=\"\" data-start=\"754\" data-end=\"858\">\u2013 Byliny takie jak penstemony, ostr\u00f3\u017cki czy dziel\u017cany dobrze jest rozmna\u017ca\u0107 przez sadzonki odziomkowe.<\/p>\n<p class=\"\" data-start=\"860\" data-end=\"943\">\u2013 Przekwitni\u0119te kwiatostany r\u00f3\u017canecznik\u00f3w powinny by\u0107 wy\u0142amywane pod koniec maja.<\/p>\n<p class=\"\" data-start=\"945\" data-end=\"1028\">\u2013 P\u0119dy wrzos\u00f3w nale\u017cy przycina\u0107 o 1\/3 d\u0142ugo\u015bci, aby ro\u015bliny \u0142adnie si\u0119 zag\u0119\u015bci\u0142y.<\/p>\n<h2 style=\"text-align: justify;\">\ud83c\udf39 R\u00f3\u017ce w ogrodzie \u2013 piel\u0119gnacja w maju<\/h2>\n<p style=\"text-align: justify;\"><a href=\"https:\/\/rozaria.pl\/blog\/wp-content\/uploads\/2025\/05\/maj_roze_paki.jpg\"><img loading=\"lazy\" decoding=\"async\" class=\"alignleft size-medium wp-image-6651\" src=\"https:\/\/rozaria.pl\/blog\/wp-content\/uploads\/2025\/05\/maj_roze_paki-300x169.jpg\" alt=\"maj w ogrodzie r\u00f3\u017ce\" width=\"300\" height=\"169\" srcset=\"https:\/\/rozaria.pl\/blog\/wp-content\/uploads\/2025\/05\/maj_roze_paki-150x84.jpg 150w, https:\/\/rozaria.pl\/blog\/wp-content\/uploads\/2025\/05\/maj_roze_paki-200x113.jpg 200w, https:\/\/rozaria.pl\/blog\/wp-content\/uploads\/2025\/05\/maj_roze_paki-300x169.jpg 300w, https:\/\/rozaria.pl\/blog\/wp-content\/uploads\/2025\/05\/maj_roze_paki-400x225.jpg 400w, https:\/\/rozaria.pl\/blog\/wp-content\/uploads\/2025\/05\/maj_roze_paki-600x338.jpg 600w, https:\/\/rozaria.pl\/blog\/wp-content\/uploads\/2025\/05\/maj_roze_paki-768x432.jpg 768w, https:\/\/rozaria.pl\/blog\/wp-content\/uploads\/2025\/05\/maj_roze_paki.jpg 800w\" sizes=\"(max-width: 300px) 100vw, 300px\" \/><\/a>R\u00f3\u017ce w maju rozbudzaj\u0105 si\u0119 do \u017cycia pe\u0142n\u0105 par\u0105. To kluczowy moment, by ugruntowa\u0107 ich zdrowy wzrost i zapobiec pierwszym problemom:<\/p>\n<h3 style=\"text-align: justify;\">\ud83d\udc40 M\u0142ode p\u0119dy pod lup\u0105 \u2013 pierwsze <a href=\"https:\/\/www.youtube.com\/watch?v=Ok2z8bCxVBQ\">mszyce ju\u017c w natarciu<\/a>!<\/h3>\n<p style=\"text-align: justify;\">Obserwujemy m\u0142ode przyrosty \u2013 to one jako pierwsze mog\u0105 pa\u015b\u0107 ofiar\u0105 mszyc. Warto je regularnie usuwa\u0107 r\u0119cznie lub wykona\u0107 oprysk naturalny (np. z pokrzywy, myd\u0142a potasowego) albo zastosowa\u0107 preparaty chemiczne w razie potrzeby (np. Mospilan, roztw\u00f3r z myd\u0142a potasowego).<\/p>\n<h3 style=\"text-align: justify;\">\ud83c\udf43 Jasne plamki? To mo\u017ce by\u0107 skoczek r\u00f3\u017cany!<\/h3>\n<p style=\"text-align: justify;\">Sprawdzamy li\u015bcie \u2013 czy nie pojawiaj\u0105 si\u0119 drobne, jasne plamki? To objaw \u017cerowania skoczka r\u00f3\u017canego. W razie potrzeby stosujemy \u015brodki typu Emulpar, Karate Zeon lub Decis Mega. Wi\u0119cej informacji znale\u017a\u0107 mo\u017cna na naszym kanale <a href=\"https:\/\/www.youtube.com\/watch?v=Aw9nA3Y2Lg4&amp;t=43s\">w materiale o rozpoznaniu i zwalczaniu szkodnika.<\/a><\/p>\n<h3 style=\"text-align: justify;\">\ud83c\udf2b\ufe0f Szary nalot na li\u015bciach \u2013 <a href=\"https:\/\/www.youtube.com\/watch?v=kA2x9wTpnto&amp;t=267s\">czas na walk\u0119 z m\u0105czniakiem prawdziwym<\/a><\/h3>\n<p style=\"text-align: justify;\">Suche, szare, m\u0105czyste naloty na li\u015bciach to mo\u017ce by\u0107 m\u0105czniak prawdziwy \u2013 cz\u0119sty w such\u0105 pogod\u0119. Mo\u017cna opryska\u0107 r\u00f3\u017ce preparatem Siarkol, Domark lub naturalnie \u2013 wyci\u0105giem z czosnku.<\/p>\n<h3 style=\"text-align: justify;\">\ud83d\udca7 Uwaga na dolne li\u015bcie \u2013 sprawdzamy, czy to nie m\u0105czniak rzekomy<\/h3>\n<p style=\"text-align: justify;\">Przy ciep\u0142ej i wilgotnej aurze mo\u017cliwy jest te\u017c m\u0105czniak rzekomy \u2013 obserwujemy zw\u0142aszcza dolne partie li\u015bci.<\/p>\n<h3 style=\"text-align: justify;\">\u2702\ufe0f Ci\u0119cie sanitarne \u2013 daj r\u00f3\u017com \u015bwie\u017cy start po p\u00f3\u017anych przymrozkach<\/h3>\n<p style=\"text-align: justify;\">Wci\u0105\u017c mo\u017cliwe jest ci\u0119cie sanitarne \u2013 je\u015bli kt\u00f3re\u015b z p\u0119d\u00f3w nie wypu\u015bci\u0142y li\u015bci, skracamy je do zdrowego, zielonego miejsca.<\/p>\n<h3 style=\"text-align: justify;\">\ud83c\udf31 Nawo\u017cenie r\u00f3\u017c \u2013 czas na dawk\u0119 energii<\/h3>\n<p style=\"text-align: justify;\">Pami\u0119tamy o nawo\u017ceniu \u2013 mo\u017cemy poda\u0107 YaraMil\u0119 Complex lub Rosafert, je\u015bli nie robili\u015bmy tego wcze\u015bniej. Dobrym rozwi\u0105zaniem na ca\u0142y sezon jest te\u017c naw\u00f3z o przed\u0142u\u017conym dzia\u0142aniu, np. Osmocote \u2013 uwalnia sk\u0142adniki stopniowo przez kilka miesi\u0119cy.<\/p>\n<h3 style=\"text-align: justify;\">\ud83d\udca6 Podlewanie to podstawa \u2013 zw\u0142aszcza dla m\u0142odych \u015bwie\u017co posadzonych r\u00f3\u017c<\/h3>\n<p style=\"text-align: justify;\">Regularne podlewanie \u2013 szczeg\u00f3lnie m\u0142odych r\u00f3\u017c \u2013 to fundament ich dobrej kondycji.<\/p>\n<h2 style=\"text-align: justify;\">\ud83c\udf38 Kompozycje doniczkowe i balkonowe<\/h2>\n<p style=\"text-align: justify;\"><a href=\"https:\/\/rozaria.pl\/blog\/wp-content\/uploads\/2025\/05\/balkony_kompozycje_maj.jpg\"><img loading=\"lazy\" decoding=\"async\" class=\"alignleft size-medium wp-image-6652\" src=\"https:\/\/rozaria.pl\/blog\/wp-content\/uploads\/2025\/05\/balkony_kompozycje_maj-300x300.jpg\" alt=\"maj balkony\" width=\"300\" height=\"300\" srcset=\"https:\/\/rozaria.pl\/blog\/wp-content\/uploads\/2025\/05\/balkony_kompozycje_maj-66x66.jpg 66w, https:\/\/rozaria.pl\/blog\/wp-content\/uploads\/2025\/05\/balkony_kompozycje_maj-150x150.jpg 150w, https:\/\/rozaria.pl\/blog\/wp-content\/uploads\/2025\/05\/balkony_kompozycje_maj-200x200.jpg 200w, https:\/\/rozaria.pl\/blog\/wp-content\/uploads\/2025\/05\/balkony_kompozycje_maj-300x300.jpg 300w, https:\/\/rozaria.pl\/blog\/wp-content\/uploads\/2025\/05\/balkony_kompozycje_maj-400x400.jpg 400w, https:\/\/rozaria.pl\/blog\/wp-content\/uploads\/2025\/05\/balkony_kompozycje_maj-600x600.jpg 600w, https:\/\/rozaria.pl\/blog\/wp-content\/uploads\/2025\/05\/balkony_kompozycje_maj-768x768.jpg 768w, https:\/\/rozaria.pl\/blog\/wp-content\/uploads\/2025\/05\/balkony_kompozycje_maj.jpg 773w\" sizes=\"(max-width: 300px) 100vw, 300px\" \/><\/a>Wiosna to te\u017c czas upi\u0119kszania wej\u015bcia do domu, tarasu i balkon\u00f3w. W sklepach ogrodniczych a\u017c kusi wyb\u00f3r kwiat\u00f3w \u2013 mo\u017cna da\u0107 si\u0119 ponie\u015b\u0107 fantazji i stworzy\u0107 kolorowe kompozycje:<\/p>\n<p style=\"text-align: justify;\">Obsadzamy donice bratkami, pierwiosnkami, stokrotkami, narcyzami, hiacyntami \u2013 wiosenne kompozycje.<\/p>\n<p style=\"text-align: justify;\">Letnie kwiaty balkonowe (petunie, pelargonie, lobelie) sadzimy po 15 maja.<\/p>\n<p style=\"text-align: justify;\">Ro\u015bliny tarasowe (agawy, oleandry, fuksje) wystawiamy na zewn\u0105trz \u2013 pocz\u0105tkowo cieniujemy.<\/p>\n<p style=\"text-align: justify;\">Ro\u015bliny o nieporz\u0105dnym pokroju lekko przycinamy, by si\u0119 rozkrzewi\u0142y.<\/p>\n<p style=\"text-align: justify;\">Sadzenie zi\u00f3\u0142 do donic lub na sta\u0142e miejsce w gruncie (bazylia, majeranek).<\/p>\n<h2><\/h2>\n<h2 style=\"text-align: justify;\">\ud83c\udf31 Warzywnik i sad<\/h2>\n<p style=\"text-align: justify;\"><a href=\"https:\/\/rozaria.pl\/blog\/wp-content\/uploads\/2025\/05\/warzywnik_maj.jpg\"><img loading=\"lazy\" decoding=\"async\" class=\"size-medium wp-image-6653 alignright\" src=\"https:\/\/rozaria.pl\/blog\/wp-content\/uploads\/2025\/05\/warzywnik_maj-300x200.jpg\" alt=\"warzywnik i maj w ogrodzie\" width=\"300\" height=\"200\" srcset=\"https:\/\/rozaria.pl\/blog\/wp-content\/uploads\/2025\/05\/warzywnik_maj-150x100.jpg 150w, https:\/\/rozaria.pl\/blog\/wp-content\/uploads\/2025\/05\/warzywnik_maj-200x133.jpg 200w, https:\/\/rozaria.pl\/blog\/wp-content\/uploads\/2025\/05\/warzywnik_maj-300x200.jpg 300w, https:\/\/rozaria.pl\/blog\/wp-content\/uploads\/2025\/05\/warzywnik_maj-400x267.jpg 400w, https:\/\/rozaria.pl\/blog\/wp-content\/uploads\/2025\/05\/warzywnik_maj-600x400.jpg 600w, https:\/\/rozaria.pl\/blog\/wp-content\/uploads\/2025\/05\/warzywnik_maj-768x512.jpg 768w, https:\/\/rozaria.pl\/blog\/wp-content\/uploads\/2025\/05\/warzywnik_maj-800x533.jpg 800w, https:\/\/rozaria.pl\/blog\/wp-content\/uploads\/2025\/05\/warzywnik_maj-1024x683.jpg 1024w, https:\/\/rozaria.pl\/blog\/wp-content\/uploads\/2025\/05\/warzywnik_maj.jpg 1200w\" sizes=\"(max-width: 300px) 100vw, 300px\" \/><\/a>Dla mi\u0142o\u015bnik\u00f3w warzyw <span style=\"text-decoration: underline;\">maj w ogrodzie<\/span> to czas intensywnych wysiew\u00f3w, sadzenia i piel\u0119gnacji. To, co zrobimy teraz, zaprocentuje w letnich zbiorach:<\/p>\n<p style=\"text-align: justify;\">Wysiew do gruntu: marchew, buraki, rzodkiewka, sa\u0142ata, fasola, kukurydza, dynie.<\/p>\n<p style=\"text-align: justify;\">Sadzenie rozsad pomidor\u00f3w, papryki, og\u00f3rk\u00f3w, por\u00f3w, selera, kapusty.<\/p>\n<p style=\"text-align: justify;\">Wysiew fasolki szparagowej co 2 tygodnie a\u017c do lipca.<\/p>\n<p style=\"text-align: justify;\">Przerywanie zbyt g\u0119sto rosn\u0105cych siewek.<\/p>\n<p style=\"text-align: justify;\">Podlewanie podczas suszy.<\/p>\n<p style=\"text-align: justify;\">\u015aci\u00f3\u0142kowanie kompostem lub dobrze roz\u0142o\u017conym obornikiem.<\/p>\n<p style=\"text-align: justify;\">Przywi\u0105zywanie p\u0119d\u00f3w malin i je\u017cyn.<\/p>\n<p style=\"text-align: justify;\">Sadzenie czosnku mi\u0119dzy truskawkami jako ochrona przed szar\u0105 ple\u015bni\u0105.<\/p>\n<p style=\"text-align: justify;\">Ochrona drzew owocowych przed przymrozkami \u2013 okrywanie w\u0142\u00f3knin\u0105.<\/p>\n<h2 style=\"text-align: justify;\">\ud83c\udf3f Trawnik<\/h2>\n<p style=\"text-align: justify;\"><a href=\"https:\/\/rozaria.pl\/blog\/wp-content\/uploads\/2025\/05\/maj_w_ogrodzie_tulipany.jpg\"><img loading=\"lazy\" decoding=\"async\" class=\"alignleft wp-image-6654 size-medium\" src=\"https:\/\/rozaria.pl\/blog\/wp-content\/uploads\/2025\/05\/maj_w_ogrodzie_tulipany-300x202.jpg\" alt=\"trawnik \" width=\"300\" height=\"202\" srcset=\"https:\/\/rozaria.pl\/blog\/wp-content\/uploads\/2025\/05\/maj_w_ogrodzie_tulipany-150x101.jpg 150w, https:\/\/rozaria.pl\/blog\/wp-content\/uploads\/2025\/05\/maj_w_ogrodzie_tulipany-200x135.jpg 200w, https:\/\/rozaria.pl\/blog\/wp-content\/uploads\/2025\/05\/maj_w_ogrodzie_tulipany-300x202.jpg 300w, https:\/\/rozaria.pl\/blog\/wp-content\/uploads\/2025\/05\/maj_w_ogrodzie_tulipany-400x270.jpg 400w, https:\/\/rozaria.pl\/blog\/wp-content\/uploads\/2025\/05\/maj_w_ogrodzie_tulipany-600x404.jpg 600w, https:\/\/rozaria.pl\/blog\/wp-content\/uploads\/2025\/05\/maj_w_ogrodzie_tulipany-768x517.jpg 768w, https:\/\/rozaria.pl\/blog\/wp-content\/uploads\/2025\/05\/maj_w_ogrodzie_tulipany.jpg 800w\" sizes=\"(max-width: 300px) 100vw, 300px\" \/><\/a>Trawnik to wizyt\u00f3wka ogrodu \u2013 w maju potrzebuje regularnej piel\u0119gnacji, by by\u0142 g\u0119sty, zielony i zdrowy:<\/p>\n<p style=\"text-align: justify;\">Kosimy regularnie, nie skracaj\u0105c zbyt mocno (optymalna wysoko\u015b\u0107: 4 cm).<\/p>\n<p style=\"text-align: justify;\">Nawo\u017cenie nawozem do trawnik\u00f3w (min. raz w miesi\u0105cu).<\/p>\n<p style=\"text-align: justify;\">Po nawo\u017ceniu \u2013 podlewanie, aby unikn\u0105\u0107 poparze\u0144 trawy.<\/p>\n<p style=\"text-align: justify;\">Usuwanie chwast\u00f3w, docinanie brzeg\u00f3w trawnika.<\/p>\n<p style=\"text-align: justify;\">W razie potrzeby \u2013 aeracja i wertykulacja.<\/p>\n<h2 style=\"text-align: justify;\">\ud83d\udc1f Staw ogrodowy<\/h2>\n<p style=\"text-align: justify;\"><a href=\"https:\/\/rozaria.pl\/blog\/wp-content\/uploads\/2025\/05\/maj_staw_w_ogrodzie.jpg\"><img loading=\"lazy\" decoding=\"async\" class=\"size-medium wp-image-6656 alignright\" src=\"https:\/\/rozaria.pl\/blog\/wp-content\/uploads\/2025\/05\/maj_staw_w_ogrodzie-300x225.jpg\" alt=\"staw w maju\" width=\"300\" height=\"225\" srcset=\"https:\/\/rozaria.pl\/blog\/wp-content\/uploads\/2025\/05\/maj_staw_w_ogrodzie-150x113.jpg 150w, https:\/\/rozaria.pl\/blog\/wp-content\/uploads\/2025\/05\/maj_staw_w_ogrodzie-200x150.jpg 200w, https:\/\/rozaria.pl\/blog\/wp-content\/uploads\/2025\/05\/maj_staw_w_ogrodzie-300x225.jpg 300w, https:\/\/rozaria.pl\/blog\/wp-content\/uploads\/2025\/05\/maj_staw_w_ogrodzie-400x300.jpg 400w, https:\/\/rozaria.pl\/blog\/wp-content\/uploads\/2025\/05\/maj_staw_w_ogrodzie-600x450.jpg 600w, https:\/\/rozaria.pl\/blog\/wp-content\/uploads\/2025\/05\/maj_staw_w_ogrodzie-768x576.jpg 768w, https:\/\/rozaria.pl\/blog\/wp-content\/uploads\/2025\/05\/maj_staw_w_ogrodzie-800x600.jpg 800w, https:\/\/rozaria.pl\/blog\/wp-content\/uploads\/2025\/05\/maj_staw_w_ogrodzie-1024x768.jpg 1024w, https:\/\/rozaria.pl\/blog\/wp-content\/uploads\/2025\/05\/maj_staw_w_ogrodzie-1200x900.jpg 1200w, https:\/\/rozaria.pl\/blog\/wp-content\/uploads\/2025\/05\/maj_staw_w_ogrodzie.jpg 1500w\" sizes=\"(max-width: 300px) 100vw, 300px\" \/><\/a>W oczku wodnym te\u017c dzieje si\u0119 sporo \u2013 to czas na czyszczenie, dzielenie ro\u015blin i wprowadzanie egzotycznych gatunk\u00f3w:<\/p>\n<p style=\"text-align: justify;\">Usuwamy zanieczyszczenia z powierzchni wody (p\u0142atki, trawa).<\/p>\n<p style=\"text-align: justify;\">Dzielimy ro\u015bliny wodne.<\/p>\n<p style=\"text-align: justify;\">Po przymrozkach wstawiamy do oczka egzotyczne ro\u015bliny wodne.<\/p>\n<p style=\"text-align: justify;\">Karmimy ryby z umiarem \u2013 nadmiar pokarmu usuwamy.<\/p>\n<p style=\"text-align: justify;\">Zak\u0142adamy nowe zbiorniki wodne \u2013 maj to dobry moment.<\/p>\n<p style=\"text-align: justify;\">Wy\u0142awiamy glony nitkowate.<\/p>\n<h2 style=\"text-align: justify;\">\ud83d\udc1e Choroby i szkodniki<\/h2>\n<p style=\"text-align: justify;\"><a href=\"https:\/\/rozaria.pl\/blog\/wp-content\/uploads\/2025\/05\/maj_pszczoly.jpg\"><img loading=\"lazy\" decoding=\"async\" class=\"alignleft wp-image-6657 size-medium\" src=\"https:\/\/rozaria.pl\/blog\/wp-content\/uploads\/2025\/05\/maj_pszczoly-300x200.jpg\" alt=\"owady w maju \" width=\"300\" height=\"200\" srcset=\"https:\/\/rozaria.pl\/blog\/wp-content\/uploads\/2025\/05\/maj_pszczoly-150x100.jpg 150w, https:\/\/rozaria.pl\/blog\/wp-content\/uploads\/2025\/05\/maj_pszczoly-200x134.jpg 200w, https:\/\/rozaria.pl\/blog\/wp-content\/uploads\/2025\/05\/maj_pszczoly-300x200.jpg 300w, https:\/\/rozaria.pl\/blog\/wp-content\/uploads\/2025\/05\/maj_pszczoly-400x267.jpg 400w, https:\/\/rozaria.pl\/blog\/wp-content\/uploads\/2025\/05\/maj_pszczoly-600x401.jpg 600w, https:\/\/rozaria.pl\/blog\/wp-content\/uploads\/2025\/05\/maj_pszczoly-768x513.jpg 768w, https:\/\/rozaria.pl\/blog\/wp-content\/uploads\/2025\/05\/maj_pszczoly.jpg 800w\" sizes=\"(max-width: 300px) 100vw, 300px\" \/><\/a>Maj w ogrodzie, to tak\u017ce czas wzmo\u017conej czujno\u015bci \u2013 ro\u015bliny, cho\u0107 silne, s\u0105 nara\u017cone na pierwsze ataki chor\u00f3b i szkodnik\u00f3w. Im wcze\u015bniej zareagujemy, tym \u0142atwiej b\u0119dzie je zwalczy\u0107:<\/p>\n<p style=\"text-align: justify;\">Ogl\u0105damy ro\u015bliny \u2013 wczesna reakcja = lepsze efekty.<\/p>\n<p style=\"text-align: justify;\">W razie potrzeby opryskujemy naturalnie (np. wyci\u0105g z pokrzywy) lub odpowiednimi preparatami.<\/p>\n<p style=\"text-align: justify;\">Pod koniec miesi\u0105ca opryskujemy kar\u0142owe iglaki przeciwko prz\u0119dziorkom (Apollo Plus, Nissorun).<\/p>\n<p style=\"text-align: justify;\">Uwa\u017cnie przegl\u0105damy nowe ro\u015bliny \u2013 szczeg\u00f3lnie od spodu li\u015bci.<\/p>\n<h2 style=\"text-align: justify;\">\ud83c\udfe1 W domu i wok\u00f3\u0142 wej\u015bcia<\/h2>\n<p class=\"\" style=\"text-align: justify;\" data-start=\"114\" data-end=\"449\"><a href=\"https:\/\/rozaria.pl\/blog\/wp-content\/uploads\/2025\/05\/maj_w_ogrodzie_planer.jpg\"><img loading=\"lazy\" decoding=\"async\" class=\"alignright wp-image-6658 size-full\" src=\"https:\/\/rozaria.pl\/blog\/wp-content\/uploads\/2025\/05\/maj_w_ogrodzie_planer.jpg\" alt=\"\" width=\"533\" height=\"800\" srcset=\"https:\/\/rozaria.pl\/blog\/wp-content\/uploads\/2025\/05\/maj_w_ogrodzie_planer-100x150.jpg 100w, https:\/\/rozaria.pl\/blog\/wp-content\/uploads\/2025\/05\/maj_w_ogrodzie_planer-200x300.jpg 200w, https:\/\/rozaria.pl\/blog\/wp-content\/uploads\/2025\/05\/maj_w_ogrodzie_planer-400x600.jpg 400w, https:\/\/rozaria.pl\/blog\/wp-content\/uploads\/2025\/05\/maj_w_ogrodzie_planer.jpg 533w\" sizes=\"(max-width: 533px) 100vw, 533px\" \/><\/a>Maj to czas, gdy przyroda nie tylko budzi si\u0119 do \u017cycia \u2013 ona wybucha pe\u0142ni\u0105 barw i zapach\u00f3w. To doskona\u0142y moment, by zadba\u0107 nie tylko o rabaty, ale te\u017c o przestrzenie wok\u00f3\u0142 domu. Balkon, taras czy nawet kuchenny parapet mog\u0105 rozkwitn\u0105\u0107 kolorami dzi\u0119ki kwiatom sezonowym.<\/p>\n<p class=\"\" style=\"text-align: justify;\" data-start=\"451\" data-end=\"760\">Maj zach\u0119ca do tego, by r\u00f3wnie\u017c przestrze\u0144 przydomowa rozkwit\u0142a \u2013 skrzynki, donice i domowe parapety mog\u0105 t\u0119tni\u0107 \u017cyciem. To idealna pora na sadzenie pelargonii, begonii, lobelii czy supertunii, kt\u00f3re b\u0119d\u0105 cieszy\u0107 oko a\u017c do jesieni. Komponuj\u0105c je w efektowne zestawienia, mo\u017cemy stworzy\u0107 w\u0142asn\u0105, kwitn\u0105c\u0105 oaz\u0119.<\/p>\n<p class=\"\" data-start=\"762\" data-end=\"804\">Nie zapominajmy te\u017c o sta\u0142ych obowi\u0105zkach:<\/p>\n<p class=\"\" data-start=\"806\" data-end=\"1357\">\u2013 Kwiaty cebulowe (np. tulipany, narcyzy) zasilamy do momentu, a\u017c ich li\u015bcie z\u017c\u00f3\u0142kn\u0105 \u2013 p\u00f3\u017aniej cebule wykopujemy, suszymy i przechowujemy do wrze\u015bnia.<br data-start=\"956\" data-end=\"959\" \/>\u2013 To doskona\u0142y czas na ukorzenianie sadzonek ro\u015blin domowych \u2013 wykorzystajmy energi\u0119 wzrostu, jak\u0105 niesie wiosna.<br data-start=\"1072\" data-end=\"1075\" \/>\u2013 Regularne podlewanie i nawo\u017cenie ro\u015blin pokojowych pomo\u017ce im utrzyma\u0107 kondycj\u0119 i pi\u0119kny wygl\u0105d.<br data-start=\"1172\" data-end=\"1175\" \/>\u2013 Przy wej\u015bciu do domu warto ustawi\u0107 wiosenne dekoracje \u2013 bratki, stokrotki, hiacynty lub p\u00f3\u017aniejsze kompozycje z pelargonii i bakopy, kt\u00f3re z czasem zast\u0105pi\u0105 wczesnowiosenne kwiaty.<\/p>\n<h2 data-pm-slice=\"1 1 []\">\u201eMajowe chwile w ogrodzie \u2013 zatrzymaj si\u0119 i zachwy\u0107 pi\u0119knem\u201d<\/h2>\n<p style=\"text-align: justify;\" data-pm-slice=\"1 1 []\">Maj w ogrodzie to czas intensywny, ale pe\u0142en rado\u015bci i barw. Przebywanie w\u015br\u00f3d ro\u015blin poprawia nastr\u00f3j, dodaje energii i sprawia, \u017ce codzienno\u015b\u0107 nabiera blasku. \ud83c\udf38\ud83c\udf1e Ka\u017cdy poranek w\u015br\u00f3d kwitn\u0105cych rabat, \u015bpiew ptak\u00f3w i zapach \u015bwie\u017co skoszonej trawy to ma\u0142e \u015bwi\u0119to zmys\u0142\u00f3w. Nie zapominajmy wi\u0119c o chwili odpoczynku, bo c\u00f3\u017c mo\u017ce by\u0107 milszego, ni\u017c\u00a0 fili\u017canka kawy w\u015br\u00f3d zieleni, rozmowa z bliskimi na \u0142awce pod drzewem czy po prostu podziwianie efekt\u00f3w w\u0142asnej pracy to najlepsza nagroda, jak\u0105 mo\u017ce da\u0107 ogr\u00f3d.<\/p>\n","protected":false},"excerpt":{"rendered":"<p>Prace ogrodowe w maju \u2013 praktyczny przewodnik Maj to jeden z najbardziej intensywnych, ale te\u017c najpi\u0119kniejszych miesi\u0119cy w ogrodzie. Wszystko t\u0119tni \u017cyciem, a ro\u015bliny bujnie rosn\u0105. To czas, gdy ogrodnik nie schodzi z grz\u0105dki, ale te\u017c czerpie ogromn\u0105 satysfakcj\u0119 z [&hellip;]<\/p>\n","protected":false},"author":1,"featured_media":6647,"comment_status":"open","ping_status":"open","sticky":false,"template":"","format":"standard","meta":{"_mi_skip_tracking":false,"_monsterinsights_sitenote_active":false,"_monsterinsights_sitenote_note":"","_monsterinsights_sitenote_category":0,"footnotes":""},"categories":[3,4,6,124],"tags":[],"yoast_head":"<!-- This site is optimized with the Yoast SEO plugin v23.5 - https:\/\/yoast.com\/wordpress\/plugins\/seo\/ -->\n<title>Maj w ogrodzie - blog Rozaria.pl<\/title>\n<meta name=\"description\" content=\"Maj w ogrodzie to czas intensywnej pracy i rado\u015bci z kwitn\u0105cej przyrody. Sprawd\u017a, co warto zrobi\u0107 i posadzi\u0107.\" \/>\n<meta name=\"robots\" content=\"index, follow, max-snippet:-1, max-image-preview:large, max-video-preview:-1\" \/>\n<link rel=\"canonical\" href=\"https:\/\/rozaria.pl\/blog\/maj-w-ogrodzie\/\" \/>\n<meta property=\"og:locale\" content=\"pl_PL\" \/>\n<meta property=\"og:type\" content=\"article\" \/>\n<meta property=\"og:title\" content=\"Maj w ogrodzie - blog Rozaria.pl\" \/>\n<meta property=\"og:description\" content=\"Maj w ogrodzie to czas intensywnej pracy i rado\u015bci z kwitn\u0105cej przyrody. Sprawd\u017a, co warto zrobi\u0107 i posadzi\u0107.\" \/>\n<meta property=\"og:url\" content=\"https:\/\/rozaria.pl\/blog\/maj-w-ogrodzie\/\" \/>\n<meta property=\"og:site_name\" content=\"blog Rozaria.pl\" \/>\n<meta property=\"article:publisher\" content=\"https:\/\/www.facebook.com\/SzkolkaRozRozaria\/\" \/>\n<meta property=\"article:published_time\" content=\"2025-05-07T11:06:41+00:00\" \/>\n<meta property=\"article:modified_time\" content=\"2025-05-07T11:12:32+00:00\" \/>\n<meta property=\"og:image\" content=\"https:\/\/rozaria.pl\/blog\/wp-content\/uploads\/2025\/05\/bez_w_ogrodzie_maj.jpg\" \/>\n\t<meta property=\"og:image:width\" content=\"800\" \/>\n\t<meta property=\"og:image:height\" content=\"799\" \/>\n\t<meta property=\"og:image:type\" content=\"image\/jpeg\" \/>\n<meta name=\"author\" content=\"Rozaria.pl\" \/>\n<meta name=\"twitter:card\" content=\"summary_large_image\" \/>\n<meta name=\"twitter:creator\" content=\"@SzkolkaRozaria\" \/>\n<meta name=\"twitter:site\" content=\"@SzkolkaRozaria\" \/>\n<meta name=\"twitter:label1\" content=\"Napisane przez\" \/>\n\t<meta name=\"twitter:data1\" content=\"Rozaria.pl\" \/>\n\t<meta name=\"twitter:label2\" content=\"Szacowany czas czytania\" \/>\n\t<meta name=\"twitter:data2\" content=\"10 minut\" \/>\n<script type=\"application\/ld+json\" class=\"yoast-schema-graph\">{\"@context\":\"https:\/\/schema.org\",\"@graph\":[{\"@type\":\"Article\",\"@id\":\"https:\/\/rozaria.pl\/blog\/maj-w-ogrodzie\/#article\",\"isPartOf\":{\"@id\":\"https:\/\/rozaria.pl\/blog\/maj-w-ogrodzie\/\"},\"author\":{\"name\":\"Rozaria.pl\",\"@id\":\"https:\/\/rozaria.pl\/blog\/#\/schema\/person\/31b3805d5058ea1cffed1d8efb6e2513\"},\"headline\":\"Maj w ogrodzie\",\"datePublished\":\"2025-05-07T11:06:41+00:00\",\"dateModified\":\"2025-05-07T11:12:32+00:00\",\"mainEntityOfPage\":{\"@id\":\"https:\/\/rozaria.pl\/blog\/maj-w-ogrodzie\/\"},\"wordCount\":1457,\"commentCount\":0,\"publisher\":{\"@id\":\"https:\/\/rozaria.pl\/blog\/#organization\"},\"image\":{\"@id\":\"https:\/\/rozaria.pl\/blog\/maj-w-ogrodzie\/#primaryimage\"},\"thumbnailUrl\":\"https:\/\/rozaria.pl\/blog\/wp-content\/uploads\/2025\/05\/bez_w_ogrodzie_maj.jpg\",\"articleSection\":[\"Choroby i Szkodniki\",\"Ciekawostki\",\"Piel\u0119gnacja\",\"Porady ogrodowe\"],\"inLanguage\":\"pl-PL\",\"potentialAction\":[{\"@type\":\"CommentAction\",\"name\":\"Comment\",\"target\":[\"https:\/\/rozaria.pl\/blog\/maj-w-ogrodzie\/#respond\"]}]},{\"@type\":\"WebPage\",\"@id\":\"https:\/\/rozaria.pl\/blog\/maj-w-ogrodzie\/\",\"url\":\"https:\/\/rozaria.pl\/blog\/maj-w-ogrodzie\/\",\"name\":\"Maj w ogrodzie - blog Rozaria.pl\",\"isPartOf\":{\"@id\":\"https:\/\/rozaria.pl\/blog\/#website\"},\"primaryImageOfPage\":{\"@id\":\"https:\/\/rozaria.pl\/blog\/maj-w-ogrodzie\/#primaryimage\"},\"image\":{\"@id\":\"https:\/\/rozaria.pl\/blog\/maj-w-ogrodzie\/#primaryimage\"},\"thumbnailUrl\":\"https:\/\/rozaria.pl\/blog\/wp-content\/uploads\/2025\/05\/bez_w_ogrodzie_maj.jpg\",\"datePublished\":\"2025-05-07T11:06:41+00:00\",\"dateModified\":\"2025-05-07T11:12:32+00:00\",\"description\":\"Maj w ogrodzie to czas intensywnej pracy i rado\u015bci z kwitn\u0105cej przyrody. Sprawd\u017a, co warto zrobi\u0107 i posadzi\u0107.\",\"breadcrumb\":{\"@id\":\"https:\/\/rozaria.pl\/blog\/maj-w-ogrodzie\/#breadcrumb\"},\"inLanguage\":\"pl-PL\",\"potentialAction\":[{\"@type\":\"ReadAction\",\"target\":[\"https:\/\/rozaria.pl\/blog\/maj-w-ogrodzie\/\"]}]},{\"@type\":\"ImageObject\",\"inLanguage\":\"pl-PL\",\"@id\":\"https:\/\/rozaria.pl\/blog\/maj-w-ogrodzie\/#primaryimage\",\"url\":\"https:\/\/rozaria.pl\/blog\/wp-content\/uploads\/2025\/05\/bez_w_ogrodzie_maj.jpg\",\"contentUrl\":\"https:\/\/rozaria.pl\/blog\/wp-content\/uploads\/2025\/05\/bez_w_ogrodzie_maj.jpg\",\"width\":800,\"height\":799,\"caption\":\"maj w ogrodzie\"},{\"@type\":\"BreadcrumbList\",\"@id\":\"https:\/\/rozaria.pl\/blog\/maj-w-ogrodzie\/#breadcrumb\",\"itemListElement\":[{\"@type\":\"ListItem\",\"position\":1,\"name\":\"Strona g\u0142\u00f3wna\",\"item\":\"https:\/\/rozaria.pl\/blog\/\"},{\"@type\":\"ListItem\",\"position\":2,\"name\":\"Maj w ogrodzie\"}]},{\"@type\":\"WebSite\",\"@id\":\"https:\/\/rozaria.pl\/blog\/#website\",\"url\":\"https:\/\/rozaria.pl\/blog\/\",\"name\":\"blog Rozaria.pl\",\"description\":\"Porozmawiajmy o r\u00f3\u017cach, o wszystkich sprawach\",\"publisher\":{\"@id\":\"https:\/\/rozaria.pl\/blog\/#organization\"},\"potentialAction\":[{\"@type\":\"SearchAction\",\"target\":{\"@type\":\"EntryPoint\",\"urlTemplate\":\"https:\/\/rozaria.pl\/blog\/?s={search_term_string}\"},\"query-input\":{\"@type\":\"PropertyValueSpecification\",\"valueRequired\":true,\"valueName\":\"search_term_string\"}}],\"inLanguage\":\"pl-PL\"},{\"@type\":\"Organization\",\"@id\":\"https:\/\/rozaria.pl\/blog\/#organization\",\"name\":\"Szk\u00f3\u0142ka R\u00f3\u017c Rozaria\",\"url\":\"https:\/\/rozaria.pl\/blog\/\",\"logo\":{\"@type\":\"ImageObject\",\"inLanguage\":\"pl-PL\",\"@id\":\"https:\/\/rozaria.pl\/blog\/#\/schema\/logo\/image\/\",\"url\":\"https:\/\/rozaria.pl\/blog\/wp-content\/uploads\/2016\/12\/logo_dla-rozaria.png\",\"contentUrl\":\"https:\/\/rozaria.pl\/blog\/wp-content\/uploads\/2016\/12\/logo_dla-rozaria.png\",\"width\":400,\"height\":166,\"caption\":\"Szk\u00f3\u0142ka R\u00f3\u017c Rozaria\"},\"image\":{\"@id\":\"https:\/\/rozaria.pl\/blog\/#\/schema\/logo\/image\/\"},\"sameAs\":[\"https:\/\/www.facebook.com\/SzkolkaRozRozaria\/\",\"https:\/\/x.com\/SzkolkaRozaria\",\"https:\/\/www.youtube.com\/channel\/UCguKKBc7F06eYM1tzYx1Z5A\"]},{\"@type\":\"Person\",\"@id\":\"https:\/\/rozaria.pl\/blog\/#\/schema\/person\/31b3805d5058ea1cffed1d8efb6e2513\",\"name\":\"Rozaria.pl\",\"image\":{\"@type\":\"ImageObject\",\"inLanguage\":\"pl-PL\",\"@id\":\"https:\/\/rozaria.pl\/blog\/#\/schema\/person\/image\/\",\"url\":\"https:\/\/secure.gravatar.com\/avatar\/36c7e4b15b333b9fb573f9e54e7fcf52?s=96&d=mm&r=g\",\"contentUrl\":\"https:\/\/secure.gravatar.com\/avatar\/36c7e4b15b333b9fb573f9e54e7fcf52?s=96&d=mm&r=g\",\"caption\":\"Rozaria.pl\"},\"sameAs\":[\"https:\/\/www.rozaria.pl\",\"https:\/\/www.youtube.com\/channel\/UCguKKBc7F06eYM1tzYx1Z5A\"],\"url\":\"https:\/\/rozaria.pl\/blog\/author\/1rozanka\/\"}]}<\/script>\n<!-- \/ Yoast SEO plugin. -->","yoast_head_json":{"title":"Maj w ogrodzie - blog Rozaria.pl","description":"Maj w ogrodzie to czas intensywnej pracy i rado\u015bci z kwitn\u0105cej przyrody. Sprawd\u017a, co warto zrobi\u0107 i posadzi\u0107.","robots":{"index":"index","follow":"follow","max-snippet":"max-snippet:-1","max-image-preview":"max-image-preview:large","max-video-preview":"max-video-preview:-1"},"canonical":"https:\/\/rozaria.pl\/blog\/maj-w-ogrodzie\/","og_locale":"pl_PL","og_type":"article","og_title":"Maj w ogrodzie - blog Rozaria.pl","og_description":"Maj w ogrodzie to czas intensywnej pracy i rado\u015bci z kwitn\u0105cej przyrody. Sprawd\u017a, co warto zrobi\u0107 i posadzi\u0107.","og_url":"https:\/\/rozaria.pl\/blog\/maj-w-ogrodzie\/","og_site_name":"blog Rozaria.pl","article_publisher":"https:\/\/www.facebook.com\/SzkolkaRozRozaria\/","article_published_time":"2025-05-07T11:06:41+00:00","article_modified_time":"2025-05-07T11:12:32+00:00","og_image":[{"width":800,"height":799,"url":"https:\/\/rozaria.pl\/blog\/wp-content\/uploads\/2025\/05\/bez_w_ogrodzie_maj.jpg","type":"image\/jpeg"}],"author":"Rozaria.pl","twitter_card":"summary_large_image","twitter_creator":"@SzkolkaRozaria","twitter_site":"@SzkolkaRozaria","twitter_misc":{"Napisane przez":"Rozaria.pl","Szacowany czas czytania":"10 minut"},"schema":{"@context":"https:\/\/schema.org","@graph":[{"@type":"Article","@id":"https:\/\/rozaria.pl\/blog\/maj-w-ogrodzie\/#article","isPartOf":{"@id":"https:\/\/rozaria.pl\/blog\/maj-w-ogrodzie\/"},"author":{"name":"Rozaria.pl","@id":"https:\/\/rozaria.pl\/blog\/#\/schema\/person\/31b3805d5058ea1cffed1d8efb6e2513"},"headline":"Maj w ogrodzie","datePublished":"2025-05-07T11:06:41+00:00","dateModified":"2025-05-07T11:12:32+00:00","mainEntityOfPage":{"@id":"https:\/\/rozaria.pl\/blog\/maj-w-ogrodzie\/"},"wordCount":1457,"commentCount":0,"publisher":{"@id":"https:\/\/rozaria.pl\/blog\/#organization"},"image":{"@id":"https:\/\/rozaria.pl\/blog\/maj-w-ogrodzie\/#primaryimage"},"thumbnailUrl":"https:\/\/rozaria.pl\/blog\/wp-content\/uploads\/2025\/05\/bez_w_ogrodzie_maj.jpg","articleSection":["Choroby i Szkodniki","Ciekawostki","Piel\u0119gnacja","Porady ogrodowe"],"inLanguage":"pl-PL","potentialAction":[{"@type":"CommentAction","name":"Comment","target":["https:\/\/rozaria.pl\/blog\/maj-w-ogrodzie\/#respond"]}]},{"@type":"WebPage","@id":"https:\/\/rozaria.pl\/blog\/maj-w-ogrodzie\/","url":"https:\/\/rozaria.pl\/blog\/maj-w-ogrodzie\/","name":"Maj w ogrodzie - blog Rozaria.pl","isPartOf":{"@id":"https:\/\/rozaria.pl\/blog\/#website"},"primaryImageOfPage":{"@id":"https:\/\/rozaria.pl\/blog\/maj-w-ogrodzie\/#primaryimage"},"image":{"@id":"https:\/\/rozaria.pl\/blog\/maj-w-ogrodzie\/#primaryimage"},"thumbnailUrl":"https:\/\/rozaria.pl\/blog\/wp-content\/uploads\/2025\/05\/bez_w_ogrodzie_maj.jpg","datePublished":"2025-05-07T11:06:41+00:00","dateModified":"2025-05-07T11:12:32+00:00","description":"Maj w ogrodzie to czas intensywnej pracy i rado\u015bci z kwitn\u0105cej przyrody. Sprawd\u017a, co warto zrobi\u0107 i posadzi\u0107.","breadcrumb":{"@id":"https:\/\/rozaria.pl\/blog\/maj-w-ogrodzie\/#breadcrumb"},"inLanguage":"pl-PL","potentialAction":[{"@type":"ReadAction","target":["https:\/\/rozaria.pl\/blog\/maj-w-ogrodzie\/"]}]},{"@type":"ImageObject","inLanguage":"pl-PL","@id":"https:\/\/rozaria.pl\/blog\/maj-w-ogrodzie\/#primaryimage","url":"https:\/\/rozaria.pl\/blog\/wp-content\/uploads\/2025\/05\/bez_w_ogrodzie_maj.jpg","contentUrl":"https:\/\/rozaria.pl\/blog\/wp-content\/uploads\/2025\/05\/bez_w_ogrodzie_maj.jpg","width":800,"height":799,"caption":"maj w ogrodzie"},{"@type":"BreadcrumbList","@id":"https:\/\/rozaria.pl\/blog\/maj-w-ogrodzie\/#breadcrumb","itemListElement":[{"@type":"ListItem","position":1,"name":"Strona g\u0142\u00f3wna","item":"https:\/\/rozaria.pl\/blog\/"},{"@type":"ListItem","position":2,"name":"Maj w ogrodzie"}]},{"@type":"WebSite","@id":"https:\/\/rozaria.pl\/blog\/#website","url":"https:\/\/rozaria.pl\/blog\/","name":"blog Rozaria.pl","description":"Porozmawiajmy o r\u00f3\u017cach, o wszystkich sprawach","publisher":{"@id":"https:\/\/rozaria.pl\/blog\/#organization"},"potentialAction":[{"@type":"SearchAction","target":{"@type":"EntryPoint","urlTemplate":"https:\/\/rozaria.pl\/blog\/?s={search_term_string}"},"query-input":{"@type":"PropertyValueSpecification","valueRequired":true,"valueName":"search_term_string"}}],"inLanguage":"pl-PL"},{"@type":"Organization","@id":"https:\/\/rozaria.pl\/blog\/#organization","name":"Szk\u00f3\u0142ka R\u00f3\u017c Rozaria","url":"https:\/\/rozaria.pl\/blog\/","logo":{"@type":"ImageObject","inLanguage":"pl-PL","@id":"https:\/\/rozaria.pl\/blog\/#\/schema\/logo\/image\/","url":"https:\/\/rozaria.pl\/blog\/wp-content\/uploads\/2016\/12\/logo_dla-rozaria.png","contentUrl":"https:\/\/rozaria.pl\/blog\/wp-content\/uploads\/2016\/12\/logo_dla-rozaria.png","width":400,"height":166,"caption":"Szk\u00f3\u0142ka R\u00f3\u017c Rozaria"},"image":{"@id":"https:\/\/rozaria.pl\/blog\/#\/schema\/logo\/image\/"},"sameAs":["https:\/\/www.facebook.com\/SzkolkaRozRozaria\/","https:\/\/x.com\/SzkolkaRozaria","https:\/\/www.youtube.com\/channel\/UCguKKBc7F06eYM1tzYx1Z5A"]},{"@type":"Person","@id":"https:\/\/rozaria.pl\/blog\/#\/schema\/person\/31b3805d5058ea1cffed1d8efb6e2513","name":"Rozaria.pl","image":{"@type":"ImageObject","inLanguage":"pl-PL","@id":"https:\/\/rozaria.pl\/blog\/#\/schema\/person\/image\/","url":"https:\/\/secure.gravatar.com\/avatar\/36c7e4b15b333b9fb573f9e54e7fcf52?s=96&d=mm&r=g","contentUrl":"https:\/\/secure.gravatar.com\/avatar\/36c7e4b15b333b9fb573f9e54e7fcf52?s=96&d=mm&r=g","caption":"Rozaria.pl"},"sameAs":["https:\/\/www.rozaria.pl","https:\/\/www.youtube.com\/channel\/UCguKKBc7F06eYM1tzYx1Z5A"],"url":"https:\/\/rozaria.pl\/blog\/author\/1rozanka\/"}]}},"_links":{"self":[{"href":"https:\/\/rozaria.pl\/blog\/wp-json\/wp\/v2\/posts\/6644"}],"collection":[{"href":"https:\/\/rozaria.pl\/blog\/wp-json\/wp\/v2\/posts"}],"about":[{"href":"https:\/\/rozaria.pl\/blog\/wp-json\/wp\/v2\/types\/post"}],"author":[{"embeddable":true,"href":"https:\/\/rozaria.pl\/blog\/wp-json\/wp\/v2\/users\/1"}],"replies":[{"embeddable":true,"href":"https:\/\/rozaria.pl\/blog\/wp-json\/wp\/v2\/comments?post=6644"}],"version-history":[{"count":7,"href":"https:\/\/rozaria.pl\/blog\/wp-json\/wp\/v2\/posts\/6644\/revisions"}],"predecessor-version":[{"id":6662,"href":"https:\/\/rozaria.pl\/blog\/wp-json\/wp\/v2\/posts\/6644\/revisions\/6662"}],"wp:featuredmedia":[{"embeddable":true,"href":"https:\/\/rozaria.pl\/blog\/wp-json\/wp\/v2\/media\/6647"}],"wp:attachment":[{"href":"https:\/\/rozaria.pl\/blog\/wp-json\/wp\/v2\/media?parent=6644"}],"wp:term":[{"taxonomy":"category","embeddable":true,"href":"https:\/\/rozaria.pl\/blog\/wp-json\/wp\/v2\/categories?post=6644"},{"taxonomy":"post_tag","embeddable":true,"href":"https:\/\/rozaria.pl\/blog\/wp-json\/wp\/v2\/tags?post=6644"}],"curies":[{"name":"wp","href":"https:\/\/api.w.org\/{rel}","templated":true}]}}