{"id":6454,"date":"2025-03-04T14:22:36","date_gmt":"2025-03-04T13:22:36","guid":{"rendered":"https:\/\/rozaria.pl\/blog\/?p=6454"},"modified":"2025-03-04T14:56:52","modified_gmt":"2025-03-04T13:56:52","slug":"marzec-w-ogrodzie","status":"publish","type":"post","link":"https:\/\/rozaria.pl\/blog\/marzec-w-ogrodzie\/","title":{"rendered":"Marzec w ogrodzie"},"content":{"rendered":"<h2 style=\"text-align: justify;\">Marzec w ogrodzie \u2013 najwa\u017cniejsze prace ogrodowe \ud83e\uddf9 \ud83c\udfe1\ud83c\udf3f<\/h2>\n<p style=\"text-align: justify;\"><a href=\"https:\/\/rozaria.pl\/blog\/wp-content\/uploads\/2025\/02\/marzec-w-ogrodzie-ogrod.jpeg\"><img loading=\"lazy\" decoding=\"async\" class=\"size-medium wp-image-6461 alignleft\" src=\"https:\/\/rozaria.pl\/blog\/wp-content\/uploads\/2025\/02\/marzec-w-ogrodzie-ogrod-300x226.jpeg\" alt=\"marzec\" width=\"300\" height=\"226\" srcset=\"https:\/\/rozaria.pl\/blog\/wp-content\/uploads\/2025\/02\/marzec-w-ogrodzie-ogrod-150x113.jpeg 150w, https:\/\/rozaria.pl\/blog\/wp-content\/uploads\/2025\/02\/marzec-w-ogrodzie-ogrod-200x150.jpeg 200w, https:\/\/rozaria.pl\/blog\/wp-content\/uploads\/2025\/02\/marzec-w-ogrodzie-ogrod-300x226.jpeg 300w, https:\/\/rozaria.pl\/blog\/wp-content\/uploads\/2025\/02\/marzec-w-ogrodzie-ogrod-400x301.jpeg 400w, https:\/\/rozaria.pl\/blog\/wp-content\/uploads\/2025\/02\/marzec-w-ogrodzie-ogrod-600x451.jpeg 600w, https:\/\/rozaria.pl\/blog\/wp-content\/uploads\/2025\/02\/marzec-w-ogrodzie-ogrod-768x577.jpeg 768w, https:\/\/rozaria.pl\/blog\/wp-content\/uploads\/2025\/02\/marzec-w-ogrodzie-ogrod.jpeg 798w\" sizes=\"(max-width: 300px) 100vw, 300px\" \/><\/a>Marzec to czas, w kt\u00f3rym przyroda budzi si\u0119 do \u017cycia po zimowym u\u015bpieniu. To r\u00f3wnie\u017c jeden z kluczowych miesi\u0119cy w pracy ka\u017cdego ogrodnika. Wraz z nadej\u015bciem kalendarzowej wiosny, kt\u00f3ra przypada na 21 marca, rozpoczynamy intensywne przygotowania do nowego sezonu. Po zimie ogr\u00f3d wymaga uporz\u0105dkowania, a ro\u015bliny odpowiedniej piel\u0119gnacji, by mog\u0142y zdrowo rosn\u0105\u0107 i rozwija\u0107 si\u0119 w nadchodz\u0105cych miesi\u0105cach.<\/p>\n<p style=\"text-align: justify;\">W marcu powinni\u015bmy tak\u017ce \u015bledzi\u0107 prognozy pogody, gdy\u017c wiosenne przymrozki mog\u0105 by\u0107 gro\u017ane dla naszych upraw. Odpowiednie dzia\u0142ania profilaktyczne pozwol\u0105 uchroni\u0107 ro\u015bliny przed szkodliwym wp\u0142ywem zmiennych temperatur.<\/p>\n<p style=\"text-align: justify;\">Pami\u0119tajmy, \u017ce staranne wykonanie wszystkich marcowych prac sprawi, \u017ce nasz ogr\u00f3d b\u0119dzie w sezonie wysokim zachwyca\u0142 wygl\u0105dem, a uprawy obfitowa\u0142y w zdrowe plony. Prace na rabatach ozdobnych rozpocznijmy, kiedy ziemia b\u0119dzie wystarczaj\u0105co sucha. Starajmy si\u0119 nie depta\u0107 po bardzo wilgotnych zagonach, by nie ubija\u0107 ziemi i nie pozbywa\u0107 si\u0119 z niej cennego powietrza.<\/p>\n<p style=\"text-align: justify;\">A zatem do dzie\u0142a! Sprawd\u017a, o jakich czynno\u015bciach nie mo\u017cna zapomnie\u0107 w marcu!<\/p>\n<h3 style=\"text-align: justify;\">Najwa\u017cniejsze prace ogrodnicze w marcu w ma\u0142ym skr\u00f3cie:<\/h3>\n<h4 style=\"text-align: justify;\">1. Porz\u0105dkowanie ogrodu po zimie<\/h4>\n<ul>\n<li style=\"text-align: justify;\">Usuni\u0119cie suchych li\u015bci, ga\u0142\u0119zi i innych pozosta\u0142o\u015bci ro\u015blinnych.<\/li>\n<li style=\"text-align: justify;\">Grabienie trawnika w celu usuni\u0119cia li\u015bci, \u015bmieci naniesionych przez wiatr i pobudzenia trawy do wzrostu.<\/li>\n<li style=\"text-align: justify;\">Czyszczenie i naprawa element\u00f3w ma\u0142ej architektury ogrodowej (altany, pergole, \u0142awki itp.).<\/li>\n<li style=\"text-align: justify;\">Przygotowanie narz\u0119dzi ogrodniczych do sezonu.<\/li>\n<\/ul>\n<h4 style=\"text-align: justify;\">2. Przycinanie drzew i krzew\u00f3w owocowych \ud83e\ude93\ud83c\udf33\ud83c\udf50\ud83c\udf33\ud83c\udf52\ud83c\udf33\u2702\ufe0f<\/h4>\n<ul>\n<li style=\"text-align: justify;\">Przegl\u0105d stanu drzew i krzew\u00f3w owocowych pod k\u0105tem uszkodze\u0144 mrozowych oraz infekcji chorobowych.<a href=\"https:\/\/rozaria.pl\/blog\/wp-content\/uploads\/2025\/02\/sekator.jpg\"><img loading=\"lazy\" decoding=\"async\" class=\"size-medium wp-image-6460 alignright\" src=\"https:\/\/rozaria.pl\/blog\/wp-content\/uploads\/2025\/02\/sekator-300x199.jpg\" alt=\"marzec w ogrodzie sekator\" width=\"300\" height=\"199\" srcset=\"https:\/\/rozaria.pl\/blog\/wp-content\/uploads\/2025\/02\/sekator-150x100.jpg 150w, https:\/\/rozaria.pl\/blog\/wp-content\/uploads\/2025\/02\/sekator-200x133.jpg 200w, https:\/\/rozaria.pl\/blog\/wp-content\/uploads\/2025\/02\/sekator-300x199.jpg 300w, https:\/\/rozaria.pl\/blog\/wp-content\/uploads\/2025\/02\/sekator-400x266.jpg 400w, https:\/\/rozaria.pl\/blog\/wp-content\/uploads\/2025\/02\/sekator-600x398.jpg 600w, https:\/\/rozaria.pl\/blog\/wp-content\/uploads\/2025\/02\/sekator-768x510.jpg 768w, https:\/\/rozaria.pl\/blog\/wp-content\/uploads\/2025\/02\/sekator.jpg 800w\" sizes=\"(max-width: 300px) 100vw, 300px\" \/><\/a><\/li>\n<li style=\"text-align: justify;\">Leczenie ran na p\u0119kni\u0119tej korze drzew.<\/li>\n<li style=\"text-align: justify;\">Ci\u0119cie posadzonych jesieni\u0105 drzewek owocowych oraz krzew\u00f3w, takich jak agrest, maliny i porzeczki.<\/li>\n<li style=\"text-align: justify;\">Ci\u0119cie prze\u015bwietlaj\u0105ce starszych drzew i krzew\u00f3w, w tym jab\u0142oni, grusz i \u015bliw.<\/li>\n<li style=\"text-align: justify;\">Usuwanie uszkodzonych i pora\u017conych p\u0119d\u00f3w w celu zapobiegania chorobom.<\/li>\n<li style=\"text-align: justify;\">Pokrywanie ran po ci\u0119ciu ma\u015bci\u0105 ogrodnicz\u0105 (np. Funaben 03 PA, Eko-Derma).<\/li>\n<\/ul>\n<h4 style=\"text-align: justify;\">3. Ochrona drzew owocowych przed chorobami i szkodnikami \ud83d\udca6\ud83d\ude9c<\/h4>\n<ul>\n<li style=\"text-align: justify;\">Oprysk brzoskwi\u0144 przeciwko k\u0119dzierzawo\u015bci li\u015bci (np. Syllit 65 WP, Miedzian 50 WP, Miedzian Extra 350 SC).<\/li>\n<li style=\"text-align: justify;\">Usuwanie zainfekowanych p\u0105k\u00f3w porzeczki w celu ograniczenia rozwoju wielkop\u0105kowca porzeczkowego.<\/li>\n<\/ul>\n<h4 style=\"text-align: justify;\">4. Przygotowanie gleby do nowego sezonu<\/h4>\n<ul>\n<li style=\"text-align: justify;\">Spulchnianie i nawo\u017cenie gleby w warzywnikach oraz rabatach kwiatowych.<\/li>\n<li style=\"text-align: justify;\">Dodanie kompostu lub obornika, aby wzbogaci\u0107 pod\u0142o\u017ce w sk\u0142adniki od\u017cywcze.<\/li>\n<li style=\"text-align: justify;\">Wysiew nawoz\u00f3w wielosk\u0142adnikowych pod drzewa i krzewy owocowe.<\/li>\n<\/ul>\n<h4 style=\"text-align: justify;\">5. Sadzenie i wysiew ro\u015blin<\/h4>\n<ul>\n<li style=\"text-align: justify;\">Wysiew nasion warzyw odpornych na ch\u0142ody (np. marchew, pietruszka, rzodkiewka, b\u00f3b, groch) w tunelach i szklarniach.<\/li>\n<li style=\"text-align: justify;\">Sadzenie nowych drzew i krzew\u00f3w owocowych pod koniec marca, gdy pogoda sprzyja.<\/li>\n<li style=\"text-align: justify;\">Po posadzeniu przyci\u0119cie i podlanie ro\u015blin dla lepszego ukorzenienia.<\/li>\n<\/ul>\n<h4 style=\"text-align: justify;\">6. Piel\u0119gnacja ro\u015blin ozdobnych<\/h4>\n<ul>\n<li style=\"text-align: justify;\">Usuwanie zimowych os\u0142on z bylin i krzew\u00f3w.<a href=\"https:\/\/rozaria.pl\/blog\/wp-content\/uploads\/2025\/02\/marzec-krokusy.jpg\"><img loading=\"lazy\" decoding=\"async\" class=\"size-medium wp-image-6462 alignright\" src=\"https:\/\/rozaria.pl\/blog\/wp-content\/uploads\/2025\/02\/marzec-krokusy-300x200.jpg\" alt=\"ogr\u00f3d w marcu\" width=\"300\" height=\"200\" srcset=\"https:\/\/rozaria.pl\/blog\/wp-content\/uploads\/2025\/02\/marzec-krokusy-150x100.jpg 150w, https:\/\/rozaria.pl\/blog\/wp-content\/uploads\/2025\/02\/marzec-krokusy-200x133.jpg 200w, https:\/\/rozaria.pl\/blog\/wp-content\/uploads\/2025\/02\/marzec-krokusy-300x200.jpg 300w, https:\/\/rozaria.pl\/blog\/wp-content\/uploads\/2025\/02\/marzec-krokusy-400x267.jpg 400w, https:\/\/rozaria.pl\/blog\/wp-content\/uploads\/2025\/02\/marzec-krokusy-600x400.jpg 600w, https:\/\/rozaria.pl\/blog\/wp-content\/uploads\/2025\/02\/marzec-krokusy-768x512.jpg 768w, https:\/\/rozaria.pl\/blog\/wp-content\/uploads\/2025\/02\/marzec-krokusy-800x534.jpg 800w, https:\/\/rozaria.pl\/blog\/wp-content\/uploads\/2025\/02\/marzec-krokusy.jpg 1000w\" sizes=\"(max-width: 300px) 100vw, 300px\" \/><\/a><\/li>\n<li style=\"text-align: justify;\">Rozmna\u017canie bylin przez podzia\u0142, aby uzyska\u0107 nowe egzemplarze.<\/li>\n<li style=\"text-align: justify;\">Sadzenie cebulowych ro\u015blin wiosennych (np. lilie, mieczyki).<\/li>\n<\/ul>\n<h4 style=\"text-align: justify;\">7. Piel\u0119gnacja trawnika<\/h4>\n<ul>\n<li style=\"text-align: justify;\">Grabienie i wertykulacja trawnika w celu poprawy jego kondycji.<\/li>\n<li style=\"text-align: justify;\">Wysiew nasion trawy w miejscach przerzedzonych.<\/li>\n<li style=\"text-align: justify;\">Pierwsze nawo\u017cenie trawnika nawozami azotowymi.<\/li>\n<\/ul>\n<h4 style=\"text-align: justify;\">8. Ochrona ro\u015blin przed przymrozkami<\/h4>\n<ul>\n<li style=\"text-align: justify;\">Okrywanie wra\u017cliwych ro\u015blin agrow\u0142\u00f3knin\u0105 lub stroiszem.<\/li>\n<li style=\"text-align: justify;\">Monitorowanie temperatury i w razie potrzeby stosowanie os\u0142on na noc.<\/li>\n<\/ul>\n<h4 style=\"text-align: justify;\">9. Piel\u0119gnacja ro\u015blin doniczkowych i balkonowych<\/h4>\n<ul>\n<li style=\"text-align: justify;\">Przesadzanie ro\u015blin domowych do \u015bwie\u017cej ziemi.<\/li>\n<li style=\"text-align: justify;\">Podcinanie p\u0119d\u00f3w dla lepszego krzewienia.<\/li>\n<li style=\"text-align: justify;\">Stopniowe wprowadzanie nawo\u017cenia ro\u015blin balkonowych.<\/li>\n<\/ul>\n<p style=\"text-align: justify;\">Marzec to intensywny miesi\u0105c w ogrodzie, ale efekty w\u0142o\u017cone w tym czasie procentuj\u0105 pi\u0119knym i zdrowym ogrodem przez ca\u0142y sezon. Warto po\u015bwi\u0119ci\u0107 czas na solidne przygotowania, by p\u00f3\u017aniej cieszy\u0107 si\u0119 bujn\u0105 zieleni\u0105 i obfitymi zbiorami. Powodzenia w marcowych pracach ogrodniczych!<\/p>\n<h2 style=\"text-align: justify;\">Marzec w ogrodzie ozdobnym<\/h2>\n<p style=\"text-align: justify;\">Wczesna wiosna to czas intensywnych prac w ogrodzie. Je\u015bli temperatury s\u0105 ju\u017c stabilne, zdejmujemy zimowe okrycia ro\u015blin ozdobnych \u2013 najlepiej w dni pochmurne, by unikn\u0105\u0107 nag\u0142ych zmian temperatury. Szczeg\u00f3ln\u0105 uwag\u0119 warto zwr\u00f3ci\u0107 na pustynniki, kt\u00f3rych m\u0142ode p\u0119dy mog\u0105 podnosi\u0107 os\u0142ony. W razie zapowiadanych przymrozk\u00f3w zabezpieczamy ro\u015bliny tekturowymi os\u0142onami.<\/p>\n<h3 style=\"text-align: justify;\"><span style=\"text-decoration: underline;\">Ci\u0119cie zabieg kluczowy, kt\u00f3ry determinuje wygl\u0105d i zdrowie ro\u015blin w ca\u0142ym sezonie od marca a\u017c do kolejnej zimy w ogrodzie<\/span><\/h3>\n<p style=\"text-align: justify;\">Przycinamy krzewy ozdobne, kt\u00f3re kwitn\u0105 p\u00f3\u017an\u0105 wiosn\u0105 i latem, aby pobudzi\u0107 ich wzrost i poprawi\u0107 wygl\u0105d. Zabieg wykonujemy w ciep\u0142e, suche dni, u\u017cywaj\u0105c ostrego sekatora, co pozwala na czyste ci\u0119cie \u2013 poszarpane rany goj\u0105 si\u0119 d\u0142u\u017cej i sprzyjaj\u0105 infekcjom. Usuwamy p\u0119dy chore, zdeformowane, przemro\u017cone oraz te rosn\u0105ce do \u015brodka krzewu. Kluczowe znaczenie ma nie tylko odpowiednia technika, ale tak\u017ce dobrze dobrane, ostre narz\u0119dzia.<\/p>\n<h4 style=\"text-align: justify;\"><em>Przycinanie i piel\u0119gnacja ro\u015blin<\/em><\/h4>\n<p style=\"text-align: justify;\">Usuwamy zesz\u0142oroczne resztki bylin \u2013 zdrowe trafiaj\u0105 na kompost, chore palimy lub zakopujemy. Przycinamy krzewy kwitn\u0105ce p\u00f3\u017an\u0105 wiosn\u0105 i latem, usuwaj\u0105c chore, przemarzni\u0119te i zdeformowane p\u0119dy. R\u00f3\u017ce krzaczaste i pn\u0105ce prze\u015bwietlamy, usuwaj\u0105c najstarsze p\u0119dy. R\u00f3\u017ce wielkokwiatowe tniemy w zale\u017cno\u015bci od po\u017c\u0105danego efektu \u2013 mocno dla wi\u0119kszych kwiat\u00f3w, lekko dla wcze\u015bniejszego kwitnienia. Budlej\u0119 przycinamy silnie, zostawiaj\u0105c p\u0119dy d\u0142ugo\u015bci ok. 30 cm.<\/p>\n<h4 style=\"text-align: justify;\"><em>Piel\u0119gnacja drzew i gleby<\/em><\/h4>\n<p style=\"text-align: justify;\">Sprawdzamy uszkodzenia mrozowe na krzewach i iglakach, usuwamy przemarzni\u0119te p\u0119dy, a p\u0119kni\u0119cia kory zabezpieczamy ma\u015bci\u0105 ogrodnicz\u0105. Uzupe\u0142niamy kor\u0119 sosnow\u0105 pod iglakami, co poprawia estetyk\u0119 i ogranicza chwasty. Je\u015bli gleba na rabatach nie by\u0142a przygotowana jesieni\u0105, teraz przekopujemy j\u0105 z kompostem lub torfem, a wok\u00f3\u0142 ro\u015blin stosujemy nawo\u017cenie powierzchniowe.<\/p>\n<h4 style=\"text-align: justify;\"><em>Kszta\u0142towanie \u017cywop\u0142ot\u00f3w<\/em><\/h4>\n<p style=\"text-align: justify;\">Marzec to idealny czas na przycinanie i formowanie \u017cywop\u0142ot\u00f3w sadzonych w poprzednich latach. Najpierw usu\u0144 stare, suche oraz uszkodzone p\u0119dy, a nast\u0119pnie przejd\u017a do ci\u0119cia formuj\u0105cego, kt\u00f3re nada ro\u015blinom po\u017c\u0105dany kszta\u0142t. Zwykle skraca si\u0119 p\u0119dy o oko\u0142o \u00bc ich wysoko\u015bci. W tym okresie warto r\u00f3wnie\u017c przyci\u0105\u0107 drzewa i krzewy kwitn\u0105ce p\u00f3\u017an\u0105 wiosn\u0105 i latem. Natomiast ro\u015bliny kwitn\u0105ce w marcu przycinamy dopiero po przekwitni\u0119ciu. \ud83c\udfe1\ud83c\udf38\ud83c\udf3f\ud83c\udf3a\ud83c\udf33<\/p>\n<h4 style=\"text-align: justify;\"><em>Wiosenne ci\u0119cie r\u00f3\u017c\u00a0<\/em><\/h4>\n<p style=\"text-align: justify;\">Zdejmujemy zimowe os\u0142ony i przyst\u0119pujemy do przycinania r\u00f3\u017c . <a href=\"https:\/\/rozaria.pl\/blog\/roze-ciecie\/\"><img loading=\"lazy\" decoding=\"async\" class=\"alignright wp-image-6298 size-medium\" src=\"https:\/\/rozaria.pl\/blog\/wp-content\/uploads\/2024\/10\/cicie_roz-300x205.jpg\" alt=\"marzec w ogrodzie wiosenne ci\u0119cie r\u00f3\u017c\" width=\"300\" height=\"205\" srcset=\"https:\/\/rozaria.pl\/blog\/wp-content\/uploads\/2024\/10\/cicie_roz-150x103.jpg 150w, https:\/\/rozaria.pl\/blog\/wp-content\/uploads\/2024\/10\/cicie_roz-200x137.jpg 200w, https:\/\/rozaria.pl\/blog\/wp-content\/uploads\/2024\/10\/cicie_roz-300x205.jpg 300w, https:\/\/rozaria.pl\/blog\/wp-content\/uploads\/2024\/10\/cicie_roz-400x273.jpg 400w, https:\/\/rozaria.pl\/blog\/wp-content\/uploads\/2024\/10\/cicie_roz-600x410.jpg 600w, https:\/\/rozaria.pl\/blog\/wp-content\/uploads\/2024\/10\/cicie_roz-768x525.jpg 768w, https:\/\/rozaria.pl\/blog\/wp-content\/uploads\/2024\/10\/cicie_roz-800x547.jpg 800w, https:\/\/rozaria.pl\/blog\/wp-content\/uploads\/2024\/10\/cicie_roz.jpg 900w\" sizes=\"(max-width: 300px) 100vw, 300px\" \/><\/a>Krzewiaste i pn\u0105ce odmiany prze\u015bwietlamy, usuwaj\u0105c najstarsze p\u0119dy, a u wszystkich r\u00f3\u017c eliminujemy ga\u0142\u0105zki s\u0142abe, stare i obumar\u0142e.<\/p>\n<p style=\"text-align: justify;\">R\u00f3\u017ce wielkokwiatowe mo\u017cna przycina\u0107 na dwa sposoby. Je\u015bli zale\u017cy nam na wi\u0119kszych kwiatach, cz\u0119\u015b\u0107 p\u0119d\u00f3w skracamy mocno, pozostawiaj\u0105c tylko kilka oczek \u2013 w\u00f3wczas kwitnienie nast\u0105pi p\u00f3\u017aniej. Natomiast lekkie przyci\u0119cie pozwala na wcze\u015bniejsze pojawienie si\u0119 kwiat\u00f3w, cho\u0107 b\u0119d\u0105 one mniejsze ni\u017c te rozwijaj\u0105ce si\u0119 na intensywnie przyci\u0119tych p\u0119dach.<br \/>\nPo wi\u0119cej porad dotycz\u0105cych ci\u0119cie i jego techniki odno\u015bnie ka\u017cdej z r\u00f3\u017canych grup zapraszamy do <a href=\"https:\/\/rozaria.pl\/blog\/roze-ciecie\/\">naszych artyku\u0142\u00f3w na blogu<\/a>. Zach\u0119camy te\u017c do wej\u015bcia na <a href=\"https:\/\/www.youtube.com\/@KatarzynaStypula\" target=\"_blank\" rel=\"noopener\">nasz kana\u0142<\/a>, gdzie w wielu filmach pokazujemy, jak wykona\u0107 ci\u0119cie i nie ba\u0107 si\u0119 tego zabiegu. \ud83c\udf39\u2702\ufe0f\ud83c\udf39<\/p>\n<h3 style=\"text-align: justify;\"><span style=\"text-decoration: underline;\">Sadzenie kwiat\u00f3w<\/span><\/h3>\n<p style=\"text-align: justify;\">W marcu mo\u017cna obsadza\u0107 donice i skrzynki na balkonach oraz sadzi\u0107 bulwy ro\u015blin kwitn\u0105cych latem i jesieni\u0105. W tunelach i inspektach siejemy aksamitki, astry chi\u0144skie, cynie oraz lewkonie. Rozsad\u0119 jednorocznych przygotowujemy r\u00f3wnie\u017c w domu \u2013 w skrzynkach, doniczkach lub kubeczkach po jogurcie.<\/p>\n<h4 style=\"text-align: justify;\"><em>Piel\u0119gnacja rozsady<\/em><\/h4>\n<p style=\"text-align: justify;\">Je\u015bli wysiew by\u0142 rozpocz\u0119ty w lutym, to czas na pikowanie siewek. Gotow\u0105 rozsad\u0119 warto ustawi\u0107 w jasnym i ciep\u0142ym miejscu, np. na parapecie.<\/p>\n<h2 style=\"text-align: justify;\">Marzec w sadzie<\/h2>\n<p style=\"text-align: justify;\">Marzec w ogrodzie, to czas, kiedy rozpoczynamy porz\u0105dkowanie dzia\u0142ki po zimie. Wygrabiamy pozosta\u0142e opad\u0142e zesz\u0142oroczne li\u015bcie i ogl\u0105damy w jakim stanie s\u0105 ro\u015bliny sadownicze, czy nie s\u0105 widoczne uszkodzenia mrozowe drzew lub oznaki infekcji chorobowych. Gdy kora drzew pop\u0119ka\u0142a, konieczne jest podj\u0119cie pr\u00f3by wyleczenia ran na drzewach.<\/p>\n<h3 style=\"text-align: justify;\"><span style=\"text-decoration: underline;\">Ci\u0119cie drzew i krzew\u00f3w owocowych<\/span> \ud83c\udf4e\ud83c\udf33\ud83c\udf50<\/h3>\n<p style=\"text-align: justify;\">Wykonujemy ci\u0119cie drzew i krzew\u00f3w owocowych &#8211; w po\u0142owie marca przycinamy posadzone jesieni\u0105 m\u0142ode drzewa owocowe, a tak\u017ce krzewy. <a href=\"https:\/\/rozaria.pl\/blog\/wp-content\/uploads\/2025\/02\/ciecie_winorosli_luty_w_ogrodzie.jpg\"><img loading=\"lazy\" decoding=\"async\" class=\"alignleft size-medium wp-image-6417\" src=\"https:\/\/rozaria.pl\/blog\/wp-content\/uploads\/2025\/02\/ciecie_winorosli_luty_w_ogrodzie-300x200.jpg\" alt=\"marzec w sadzie i ogrodzie\" width=\"300\" height=\"200\" srcset=\"https:\/\/rozaria.pl\/blog\/wp-content\/uploads\/2025\/02\/ciecie_winorosli_luty_w_ogrodzie-150x100.jpg 150w, https:\/\/rozaria.pl\/blog\/wp-content\/uploads\/2025\/02\/ciecie_winorosli_luty_w_ogrodzie-200x134.jpg 200w, https:\/\/rozaria.pl\/blog\/wp-content\/uploads\/2025\/02\/ciecie_winorosli_luty_w_ogrodzie-300x200.jpg 300w, https:\/\/rozaria.pl\/blog\/wp-content\/uploads\/2025\/02\/ciecie_winorosli_luty_w_ogrodzie-400x267.jpg 400w, https:\/\/rozaria.pl\/blog\/wp-content\/uploads\/2025\/02\/ciecie_winorosli_luty_w_ogrodzie-600x401.jpg 600w, https:\/\/rozaria.pl\/blog\/wp-content\/uploads\/2025\/02\/ciecie_winorosli_luty_w_ogrodzie-768x513.jpg 768w, https:\/\/rozaria.pl\/blog\/wp-content\/uploads\/2025\/02\/ciecie_winorosli_luty_w_ogrodzie.jpg 800w\" sizes=\"(max-width: 300px) 100vw, 300px\" \/><\/a>Sadzony jesieni\u0105 agrest, maliny i porzeczki teraz przycinamy tu\u017c nad ziemi\u0105. U starszych drzew i krzew\u00f3w wykonujemy ci\u0119cie prze\u015bwietlaj\u0105ce, je\u015bli nie przyci\u0119li\u015bmy jeszcze jab\u0142oni, mo\u017cemy to zrobi\u0107 jeszcze teraz, przycinamy te\u017c grusze i \u015bliwy.<\/p>\n<p style=\"text-align: justify;\">Aby zapewni\u0107 zdrowy wzrost drzew i obfite plony w naszym sadzie, dobr\u0105 praktyk\u0105 jest coroczne ci\u0119cie drzew i krzew\u00f3w owocowych. Poprzez ci\u0119cie mo\u017cemy nadawa\u0107 m\u0142odym ro\u015blinom po\u017c\u0105dane kszta\u0142ty i stymulowa\u0107 wyrastanie nowych, silnych p\u0119d\u00f3w. Dzi\u0119ki temu nasze drzewa b\u0119d\u0105 zdrowe, mocne i odwdzi\u0119cz\u0105 si\u0119 owocami.<\/p>\n<p style=\"text-align: justify;\">Ci\u0119cie prze\u015bwietlaj\u0105ce koron drzew owocowych odgrywa ogromn\u0105 rol\u0119 w zapobieganiu wyst\u0119powaniu wielu chor\u00f3b rozpowszechnionych w wi\u0119kszo\u015bci ogrod\u00f3w. Zmniejszenie liczby ga\u0142\u0119zi sprzyja lepszemu dost\u0119powi \u015bwiat\u0142a do wn\u0119trza korony, a tak\u017ce poprawia przewiewno\u015b\u0107, co w efekcie sprawia, \u017ce li\u015bcie i p\u0119dy szybciej obsychaj\u0105 po opadach deszczu oraz nocnej rosie. Ma to du\u017ce znaczenie w przypadku sprawc\u00f3w takich chor\u00f3b jak parch jab\u0142oni, brunatna zgnilizna drzew pestkowych i ziarnkowych, a tak\u017ce drobna plamisto\u015bci li\u015bci &#8211; atakuj\u0105cych w warunkach podwy\u017cszonej wilgotno\u015bci.<\/p>\n<h3 style=\"text-align: justify;\"><span style=\"text-decoration: underline;\">Profilaktyka i prewencja podczas marcowych zabieg\u00f3w<\/span><\/h3>\n<p style=\"text-align: justify;\">W czasie ci\u0119cia sprawdzamy, czy konary nie maj\u0105 p\u0119kni\u0119\u0107 i ran powsta\u0142ych w skutek zaatakowania przez raka bakteryjnego drzew owocowych. Je\u017celi zauwa\u017cymy uszkodzenia &#8211; pora\u017cone p\u0119dy wycinamy poni\u017cej miejsca zaka\u017cenia.<a href=\"https:\/\/rozaria.pl\/blog\/wp-content\/uploads\/2025\/02\/opryski-olejowe_ochrona.jpg\"><img loading=\"lazy\" decoding=\"async\" class=\"alignleft size-medium wp-image-6447\" src=\"https:\/\/rozaria.pl\/blog\/wp-content\/uploads\/2025\/02\/opryski-olejowe_ochrona-300x200.jpg\" alt=\"marzec w ogrodzie opryski\" width=\"300\" height=\"200\" srcset=\"https:\/\/rozaria.pl\/blog\/wp-content\/uploads\/2025\/02\/opryski-olejowe_ochrona-150x100.jpg 150w, https:\/\/rozaria.pl\/blog\/wp-content\/uploads\/2025\/02\/opryski-olejowe_ochrona-200x133.jpg 200w, https:\/\/rozaria.pl\/blog\/wp-content\/uploads\/2025\/02\/opryski-olejowe_ochrona-300x200.jpg 300w, https:\/\/rozaria.pl\/blog\/wp-content\/uploads\/2025\/02\/opryski-olejowe_ochrona-400x267.jpg 400w, https:\/\/rozaria.pl\/blog\/wp-content\/uploads\/2025\/02\/opryski-olejowe_ochrona-600x400.jpg 600w, https:\/\/rozaria.pl\/blog\/wp-content\/uploads\/2025\/02\/opryski-olejowe_ochrona-768x512.jpg 768w, https:\/\/rozaria.pl\/blog\/wp-content\/uploads\/2025\/02\/opryski-olejowe_ochrona.jpg 800w\" sizes=\"(max-width: 300px) 100vw, 300px\" \/><\/a><br \/>\nPami\u0119tajmy aby rany po ci\u0119ciu posmarowa\u0107 ma\u015bci\u0105 ogrodnicz\u0105, np. Funaben 03 PA czy Eko-Derma. Ma\u015b\u0107 ogrodnicz\u0105 mo\u017cemy te\u017c przygotowa\u0107 sami, stosuj\u0105c farb\u0119 emulsyjn\u0105 z dodatkiem preparatu grzybob\u00f3jczego.<\/p>\n<p style=\"text-align: justify;\">W tym miesi\u0105cu osoby, kt\u00f3re maj\u0105 w swoim sadzie brzoskwinie, powinny rozpocz\u0105\u0107 zabiegi chroni\u0105ce te drzewka przed do\u015b\u0107 cz\u0119sto wyst\u0119puj\u0105c\u0105 chorob\u0105, jak\u0105 jest k\u0119dzierzawo\u015b\u0107 li\u015bci. Je\u015bli zabieg nie by\u0142 przeprowadzony w lutym podczas sprzyjaj\u0105cych temperatur, to ju\u017c ostatni dzwonek przed p\u0119kaniem p\u0105k\u00f3w. Wykonujemy oprysk jednym z takich preparat\u00f3w jak: Syllit 65 WP, Miedzian 50 WP, Miedzian Extra 350 SC.<br \/>\nPodczas usuwania starszych i zaschni\u0119tych p\u0119d\u00f3w porzeczki nale\u017cy zwr\u00f3ci\u0107 uwag\u0119 na wygl\u0105d p\u0105k\u00f3w. Je\u015bli s\u0105 one nienaturalnie nabrzmia\u0142e to w ich wn\u0119trzu z ca\u0142\u0105 pewno\u015bci\u0105 rozwija si\u0119 roztocz &#8211; wielkop\u0105kowiec porzeczkowy. Je\u015bli tylko pojedyncze p\u0105ki s\u0105 nabrzmia\u0142e, po prostu je obrywamy i palimy, a w przypadku gdy wi\u0119kszo\u015b\u0107 p\u0105czk\u00f3w przybra\u0142a taki wygl\u0105d, wycinamy ca\u0142y p\u0119d.<\/p>\n<h3 style=\"text-align: justify;\"><span style=\"text-decoration: underline;\">Opryski drzew owocowych w marcu<\/span><\/h3>\n<p style=\"text-align: justify;\">Opryski drzew owocowych w marcu pozwalaj\u0105 unikn\u0105\u0107 gro\u017anych chor\u00f3b ro\u015blin sadowniczych, kt\u00f3rych zwalczenie w p\u00f3\u017aniejszym terminie cz\u0119sto bywa ju\u017c niemo\u017cliwe. Dlatego, obok ci\u0119cia drzew, s\u0105 one jednymi z najwa\u017cniejszych wiosennych zabieg\u00f3w w sadach.<\/p>\n<h3 style=\"text-align: justify;\"><span style=\"text-decoration: underline;\">Sadzenie nowych okaz\u00f3w drzewek, krzew\u00f3w, r\u00f3\u017c i innych wieloletnich krzew\u00f3w ozdobnych i owocowych<\/span><\/h3>\n<p style=\"text-align: justify;\"><a href=\"https:\/\/rozaria.pl\/blog\/wp-content\/uploads\/2024\/10\/dolowanie.jpg\"><img loading=\"lazy\" decoding=\"async\" class=\"size-medium wp-image-6256 alignright\" src=\"https:\/\/rozaria.pl\/blog\/wp-content\/uploads\/2024\/10\/dolowanie-200x300.jpg\" alt=\"marzec w ogrodzie sadzenie krzew\u00f3w\" width=\"200\" height=\"300\" srcset=\"https:\/\/rozaria.pl\/blog\/wp-content\/uploads\/2024\/10\/dolowanie-100x150.jpg 100w, https:\/\/rozaria.pl\/blog\/wp-content\/uploads\/2024\/10\/dolowanie-200x300.jpg 200w, https:\/\/rozaria.pl\/blog\/wp-content\/uploads\/2024\/10\/dolowanie-400x600.jpg 400w, https:\/\/rozaria.pl\/blog\/wp-content\/uploads\/2024\/10\/dolowanie.jpg 533w\" sizes=\"(max-width: 200px) 100vw, 200px\" \/><\/a>Pod koniec marca, przy \u0142adnej pogodzie, mo\u017cemy posadzi\u0107 nowe drzewa i krzewy owocowe. Po posadzeniu przycinamy je i podlewamy. Aby mie\u0107 pewno\u015b\u0107, \u017ce nowe drzewa i krzewy owocowe po posadzeniu przyjm\u0105 si\u0119 i b\u0119d\u0105 zdrowo ros\u0142y, warto dowiedzie\u0107 si\u0119 czym si\u0119 kierowa\u0107 przy wyborze sadzonek drzew owocowych i krzew\u00f3w, aby wybra\u0107 ro\u015bliny zdrowe i zdolne do dalszego wzrostu. Nie bez znaczenia jest te\u017c staranne wykonanie samego sadzenia oraz wyb\u00f3r w\u0142a\u015bciwego terminu na wykonanie nowych nasadze\u0144 w sadzie.<\/p>\n<p style=\"text-align: justify;\">R\u00f3wnie wa\u017cne jest w\u0142a\u015bciwe posadzenie krzew\u00f3w r\u00f3\u017c. Kiedy przyroda szybko wybucha wiosennym ciep\u0142em i wilgo\u0107 wyparowuje z gleby znaczenie \u0142atwiej, ca\u0142y proces sadzenia i przyj\u0119cia takiego krzewu z sukcesem zale\u017cy od naszej pracy. Dlatego zach\u0119camy do odwiedzania social medi\u00f3w, gdzie dzielimy si\u0119 wiedz\u0105 i wskaz\u00f3wkami jak prawid\u0142owo sadzi\u0107 r\u00f3\u017ce i cieszy\u0107 si\u0119 pi\u0119knymi kwiatami.<\/p>\n<p style=\"text-align: justify;\">Aby mie\u0107 pewno\u015b\u0107, \u017ce nowe drzewa i krzewy owocowe po posadzeniu przyjm\u0105 si\u0119 i b\u0119d\u0105 zdrowo ros\u0142y, warto dowiedzie\u0107 si\u0119 czym si\u0119 kierowa\u0107 przy wyborze sadzonek drzew owocowych i krzew\u00f3w, aby wybra\u0107 ro\u015bliny zdrowe i zdolne do dalszego wzrostu. Nie bez znaczenia jest te\u017c staranne wykonanie samego sadzenia oraz wyb\u00f3r w\u0142a\u015bciwego terminu na wykonanie nowych nasadze\u0144 w sadzie. \ud83c\udf33\ud83c\udf4e\ud83c\udf50\ud83c\udf51\ud83c\udf3f\ud83c\udfe1<\/p>\n<h2 style=\"text-align: justify;\">Pami\u0119taj o nawo\u017ceniu!<\/h2>\n<p style=\"text-align: justify;\">Wczesna wiosna to kluczowy moment na dostarczenie ro\u015blinom niezb\u0119dnych sk\u0142adnik\u00f3w od\u017cywczych. Zar\u00f3wno m\u0142ode sadzonki, jak i wieloletnie drzewa oraz krzewy wymagaj\u0105 odpowiedniego nawo\u017cenia.<a href=\"https:\/\/rozaria.pl\/blog\/wp-content\/uploads\/2025\/02\/ziemia_luty.jpg\"><img loading=\"lazy\" decoding=\"async\" class=\"alignleft size-medium wp-image-6420\" src=\"https:\/\/rozaria.pl\/blog\/wp-content\/uploads\/2025\/02\/ziemia_luty-300x218.jpg\" alt=\"ziemia\" width=\"300\" height=\"218\" srcset=\"https:\/\/rozaria.pl\/blog\/wp-content\/uploads\/2025\/02\/ziemia_luty-150x109.jpg 150w, https:\/\/rozaria.pl\/blog\/wp-content\/uploads\/2025\/02\/ziemia_luty-200x145.jpg 200w, https:\/\/rozaria.pl\/blog\/wp-content\/uploads\/2025\/02\/ziemia_luty-300x218.jpg 300w, https:\/\/rozaria.pl\/blog\/wp-content\/uploads\/2025\/02\/ziemia_luty-400x291.jpg 400w, https:\/\/rozaria.pl\/blog\/wp-content\/uploads\/2025\/02\/ziemia_luty-600x436.jpg 600w, https:\/\/rozaria.pl\/blog\/wp-content\/uploads\/2025\/02\/ziemia_luty-768x558.jpg 768w, https:\/\/rozaria.pl\/blog\/wp-content\/uploads\/2025\/02\/ziemia_luty.jpg 800w\" sizes=\"(max-width: 300px) 100vw, 300px\" \/><\/a><\/p>\n<h3><span style=\"text-decoration: underline;\">Nawozy, od\u017cywki, koncentraty<\/span><\/h3>\n<p style=\"text-align: justify;\">Wyb\u00f3r odpowiedniego preparatu zale\u017cy od gatunku ro\u015bliny \u2013 m\u0142ode drzewka najlepiej od\u017cywia\u0107 nawozami bogatymi w azot, kt\u00f3ry wspomaga ich intensywny wzrost. Z kolei starsze krzewy najlepiej reaguj\u0105 na nawozy zawieraj\u0105ce du\u017ce ilo\u015bci potasu i fosforu, kt\u00f3re wspieraj\u0105 ich zdrowy rozw\u00f3j.<\/p>\n<p style=\"text-align: justify;\">Je\u015bli masz w\u0105tpliwo\u015bci co do wyboru odpowiedniego nawozu, warto kierowa\u0107 si\u0119 informacjami na etykiecie. Wiele produkt\u00f3w dost\u0119pnych w sklepach ogrodniczych jest przeznaczonych do konkretnych typ\u00f3w ro\u015blin, co u\u0142atwia piel\u0119gnacj\u0119 i pozwala zapewni\u0107 optymalne warunki wzrostu.<\/p>\n<h3 style=\"text-align: justify;\"><span style=\"text-decoration: underline;\">Naturalne nawozy na wiosn\u0119 \u2013 jak od\u017cywi\u0107 ogr\u00f3d bez chemii?<\/span><\/h3>\n<p style=\"text-align: justify;\">Je\u015bli unikasz chemicznych \u015brodk\u00f3w, warto si\u0119gn\u0105\u0107 po naturalne nawozy, kt\u00f3re wspomog\u0105 ro\u015bliny w intensywnym wzro\u015bcie. Wiosna to najlepszy czas na ich zastosowanie.<a href=\"https:\/\/rozaria.pl\/blog\/wp-content\/uploads\/2025\/01\/kompostownik_materia_organiczna_w_ogrodzie.jpeg\"><img loading=\"lazy\" decoding=\"async\" class=\"size-medium wp-image-6375 alignright\" src=\"https:\/\/rozaria.pl\/blog\/wp-content\/uploads\/2025\/01\/kompostownik_materia_organiczna_w_ogrodzie-300x225.jpeg\" alt=\"marzec w ogrodzie nawo\u017cenie organiczne\" width=\"300\" height=\"225\" srcset=\"https:\/\/rozaria.pl\/blog\/wp-content\/uploads\/2025\/01\/kompostownik_materia_organiczna_w_ogrodzie-150x113.jpeg 150w, https:\/\/rozaria.pl\/blog\/wp-content\/uploads\/2025\/01\/kompostownik_materia_organiczna_w_ogrodzie-200x150.jpeg 200w, https:\/\/rozaria.pl\/blog\/wp-content\/uploads\/2025\/01\/kompostownik_materia_organiczna_w_ogrodzie-300x225.jpeg 300w, https:\/\/rozaria.pl\/blog\/wp-content\/uploads\/2025\/01\/kompostownik_materia_organiczna_w_ogrodzie-400x300.jpeg 400w, https:\/\/rozaria.pl\/blog\/wp-content\/uploads\/2025\/01\/kompostownik_materia_organiczna_w_ogrodzie-600x450.jpeg 600w, https:\/\/rozaria.pl\/blog\/wp-content\/uploads\/2025\/01\/kompostownik_materia_organiczna_w_ogrodzie-768x576.jpeg 768w, https:\/\/rozaria.pl\/blog\/wp-content\/uploads\/2025\/01\/kompostownik_materia_organiczna_w_ogrodzie-800x600.jpeg 800w, https:\/\/rozaria.pl\/blog\/wp-content\/uploads\/2025\/01\/kompostownik_materia_organiczna_w_ogrodzie.jpeg 900w\" sizes=\"(max-width: 300px) 100vw, 300px\" \/><\/a><\/p>\n<p>Sprawdzone ekologiczne rozwi\u0105zania:<br \/>\n\u2705 Kompost \u2013 wzbogaca gleb\u0119 w pr\u00f3chnic\u0119 i minera\u0142y, poprawiaj\u0105c jej struktur\u0119.<br \/>\n\u2705 Obornik \u2013 naturalne \u017ar\u00f3d\u0142o azotu, fosforu i potasu, idealny w postaci roz\u0142o\u017conej lub granulowanej.<br \/>\n\u2705 Gnoj\u00f3wki ro\u015blinne \u2013 np. z pokrzywy (naw\u00f3z azotowy), skrzypu (ochrona przed chorobami) czy mniszka (wzmacnianie korzeni).<br \/>\n\u2705 M\u0105czka bazaltowa \u2013 dostarcza mikroelement\u00f3w, poprawia odporno\u015b\u0107 ro\u015blin.<br \/>\n\u2705 Popi\u00f3\u0142 drzewny \u2013 \u017ar\u00f3d\u0142o potasu i wapnia, \u015bwietny dla warzyw kapustnych.<br \/>\n\u2705 \u015aci\u00f3\u0142kowanie organiczne \u2013 s\u0142oma, kora, li\u015bcie czy skoszona trawa zatrzymuj\u0105 wilgo\u0107 i ograniczaj\u0105 rozw\u00f3j chwast\u00f3w.<\/p>\n<p style=\"text-align: justify;\"><a href=\"https:\/\/rozaria.pl\/blog\/wp-content\/uploads\/2025\/02\/marzec-w-ogrodzie-glw.jpg\"><img loading=\"lazy\" decoding=\"async\" class=\"alignleft size-medium wp-image-6458\" src=\"https:\/\/rozaria.pl\/blog\/wp-content\/uploads\/2025\/02\/marzec-w-ogrodzie-glw-300x300.jpg\" alt=\"marzec w ogrodzie\" width=\"300\" height=\"300\" srcset=\"https:\/\/rozaria.pl\/blog\/wp-content\/uploads\/2025\/02\/marzec-w-ogrodzie-glw-66x66.jpg 66w, https:\/\/rozaria.pl\/blog\/wp-content\/uploads\/2025\/02\/marzec-w-ogrodzie-glw-150x150.jpg 150w, https:\/\/rozaria.pl\/blog\/wp-content\/uploads\/2025\/02\/marzec-w-ogrodzie-glw-200x200.jpg 200w, https:\/\/rozaria.pl\/blog\/wp-content\/uploads\/2025\/02\/marzec-w-ogrodzie-glw-300x300.jpg 300w, https:\/\/rozaria.pl\/blog\/wp-content\/uploads\/2025\/02\/marzec-w-ogrodzie-glw-400x400.jpg 400w, https:\/\/rozaria.pl\/blog\/wp-content\/uploads\/2025\/02\/marzec-w-ogrodzie-glw-600x600.jpg 600w, https:\/\/rozaria.pl\/blog\/wp-content\/uploads\/2025\/02\/marzec-w-ogrodzie-glw-768x768.jpg 768w, https:\/\/rozaria.pl\/blog\/wp-content\/uploads\/2025\/02\/marzec-w-ogrodzie-glw.jpg 800w\" sizes=\"(max-width: 300px) 100vw, 300px\" \/><\/a>Dzi\u0119ki tym naturalnym metodom Tw\u00f3j ogr\u00f3d b\u0119dzie zdrowy i bujny \u2013 bez potrzeby stosowania chemii! \ud83c\udf3f\ud83d\ude0a<\/p>\n<h2 style=\"text-align: justify;\">Podsumowanie \u2013 marzec w ogrodzie<\/h2>\n<p style=\"text-align: justify;\">Marzec to czas intensywnych prac ogrodowych, kt\u00f3re przygotowuj\u0105 ro\u015bliny i gleb\u0119 na nadchodz\u0105cy sezon. To moment na uprz\u0105tni\u0119cie ogrodu, przycinanie krzew\u00f3w, zdejmowanie zimowych os\u0142on oraz nawo\u017cenie ro\u015blin. Warto r\u00f3wnie\u017c zaplanowa\u0107 nowe nasadzenia i rozpocz\u0105\u0107 produkcj\u0119 rozsady. Cho\u0107 wiosenna pogoda bywa kapry\u015bna, staranna piel\u0119gnacja ogrodu w marcu przyniesie efekty w postaci zdrowych, bujnych ro\u015blin i pi\u0119knej zielonej przestrzeni. Praca mo\u017ce by\u0107 wymagaj\u0105ca, ale satysfakcja z efekt\u00f3w wynagrodzi ka\u017cdy wysi\u0142ek! \ud83c\udf3f\u2728<\/p>\n","protected":false},"excerpt":{"rendered":"<p>Marzec w ogrodzie \u2013 najwa\u017cniejsze prace ogrodowe \ud83e\uddf9 \ud83c\udfe1\ud83c\udf3f Marzec to czas, w kt\u00f3rym przyroda budzi si\u0119 do \u017cycia po zimowym u\u015bpieniu. To r\u00f3wnie\u017c jeden z kluczowych miesi\u0119cy w pracy ka\u017cdego ogrodnika. Wraz z nadej\u015bciem kalendarzowej wiosny, kt\u00f3ra przypada na [&hellip;]<\/p>\n","protected":false},"author":1,"featured_media":6502,"comment_status":"open","ping_status":"open","sticky":false,"template":"","format":"standard","meta":{"_mi_skip_tracking":false,"_monsterinsights_sitenote_active":false,"_monsterinsights_sitenote_note":"","_monsterinsights_sitenote_category":0,"footnotes":""},"categories":[6,124],"tags":[],"yoast_head":"<!-- This site is optimized with the Yoast SEO plugin v23.5 - https:\/\/yoast.com\/wordpress\/plugins\/seo\/ -->\n<title>Marzec w ogrodzie - blog Rozaria.pl<\/title>\n<meta name=\"description\" content=\"Marzec to wiosna w ogrodzie. Przycinamy r\u00f3\u017ce i drzewa, nawozimy ro\u015bliny. Sprawd\u017a nasze wskaz\u00f3wki i przygotuj si\u0119 na nowy sezon.\" \/>\n<meta name=\"robots\" content=\"index, follow, max-snippet:-1, max-image-preview:large, max-video-preview:-1\" \/>\n<link rel=\"canonical\" href=\"https:\/\/rozaria.pl\/blog\/marzec-w-ogrodzie\/\" \/>\n<meta property=\"og:locale\" content=\"pl_PL\" \/>\n<meta property=\"og:type\" content=\"article\" \/>\n<meta property=\"og:title\" content=\"Marzec w ogrodzie - blog Rozaria.pl\" \/>\n<meta property=\"og:description\" content=\"Marzec to wiosna w ogrodzie. Przycinamy r\u00f3\u017ce i drzewa, nawozimy ro\u015bliny. Sprawd\u017a nasze wskaz\u00f3wki i przygotuj si\u0119 na nowy sezon.\" \/>\n<meta property=\"og:url\" content=\"https:\/\/rozaria.pl\/blog\/marzec-w-ogrodzie\/\" \/>\n<meta property=\"og:site_name\" content=\"blog Rozaria.pl\" \/>\n<meta property=\"article:publisher\" content=\"https:\/\/www.facebook.com\/SzkolkaRozRozaria\/\" \/>\n<meta property=\"article:published_time\" content=\"2025-03-04T13:22:36+00:00\" \/>\n<meta property=\"article:modified_time\" content=\"2025-03-04T13:56:52+00:00\" \/>\n<meta property=\"og:image\" content=\"https:\/\/rozaria.pl\/blog\/wp-content\/uploads\/2025\/02\/marzec_w_ogrodzie_zdjecie_glw.jpg\" \/>\n\t<meta property=\"og:image:width\" content=\"800\" \/>\n\t<meta property=\"og:image:height\" content=\"800\" \/>\n\t<meta property=\"og:image:type\" content=\"image\/jpeg\" \/>\n<meta name=\"author\" content=\"Rozaria.pl\" \/>\n<meta name=\"twitter:card\" content=\"summary_large_image\" \/>\n<meta name=\"twitter:creator\" content=\"@SzkolkaRozaria\" \/>\n<meta name=\"twitter:site\" content=\"@SzkolkaRozaria\" \/>\n<meta name=\"twitter:label1\" content=\"Napisane przez\" \/>\n\t<meta name=\"twitter:data1\" content=\"Rozaria.pl\" \/>\n\t<meta name=\"twitter:label2\" content=\"Szacowany czas czytania\" \/>\n\t<meta name=\"twitter:data2\" content=\"15 minut\" \/>\n<script type=\"application\/ld+json\" class=\"yoast-schema-graph\">{\"@context\":\"https:\/\/schema.org\",\"@graph\":[{\"@type\":\"Article\",\"@id\":\"https:\/\/rozaria.pl\/blog\/marzec-w-ogrodzie\/#article\",\"isPartOf\":{\"@id\":\"https:\/\/rozaria.pl\/blog\/marzec-w-ogrodzie\/\"},\"author\":{\"name\":\"Rozaria.pl\",\"@id\":\"https:\/\/rozaria.pl\/blog\/#\/schema\/person\/31b3805d5058ea1cffed1d8efb6e2513\"},\"headline\":\"Marzec w ogrodzie\",\"datePublished\":\"2025-03-04T13:22:36+00:00\",\"dateModified\":\"2025-03-04T13:56:52+00:00\",\"mainEntityOfPage\":{\"@id\":\"https:\/\/rozaria.pl\/blog\/marzec-w-ogrodzie\/\"},\"wordCount\":2429,\"commentCount\":0,\"publisher\":{\"@id\":\"https:\/\/rozaria.pl\/blog\/#organization\"},\"image\":{\"@id\":\"https:\/\/rozaria.pl\/blog\/marzec-w-ogrodzie\/#primaryimage\"},\"thumbnailUrl\":\"https:\/\/rozaria.pl\/blog\/wp-content\/uploads\/2025\/02\/marzec_w_ogrodzie_zdjecie_glw.jpg\",\"articleSection\":[\"Piel\u0119gnacja\",\"Porady ogrodowe\"],\"inLanguage\":\"pl-PL\",\"potentialAction\":[{\"@type\":\"CommentAction\",\"name\":\"Comment\",\"target\":[\"https:\/\/rozaria.pl\/blog\/marzec-w-ogrodzie\/#respond\"]}]},{\"@type\":\"WebPage\",\"@id\":\"https:\/\/rozaria.pl\/blog\/marzec-w-ogrodzie\/\",\"url\":\"https:\/\/rozaria.pl\/blog\/marzec-w-ogrodzie\/\",\"name\":\"Marzec w ogrodzie - blog Rozaria.pl\",\"isPartOf\":{\"@id\":\"https:\/\/rozaria.pl\/blog\/#website\"},\"primaryImageOfPage\":{\"@id\":\"https:\/\/rozaria.pl\/blog\/marzec-w-ogrodzie\/#primaryimage\"},\"image\":{\"@id\":\"https:\/\/rozaria.pl\/blog\/marzec-w-ogrodzie\/#primaryimage\"},\"thumbnailUrl\":\"https:\/\/rozaria.pl\/blog\/wp-content\/uploads\/2025\/02\/marzec_w_ogrodzie_zdjecie_glw.jpg\",\"datePublished\":\"2025-03-04T13:22:36+00:00\",\"dateModified\":\"2025-03-04T13:56:52+00:00\",\"description\":\"Marzec to wiosna w ogrodzie. Przycinamy r\u00f3\u017ce i drzewa, nawozimy ro\u015bliny. Sprawd\u017a nasze wskaz\u00f3wki i przygotuj si\u0119 na nowy sezon.\",\"breadcrumb\":{\"@id\":\"https:\/\/rozaria.pl\/blog\/marzec-w-ogrodzie\/#breadcrumb\"},\"inLanguage\":\"pl-PL\",\"potentialAction\":[{\"@type\":\"ReadAction\",\"target\":[\"https:\/\/rozaria.pl\/blog\/marzec-w-ogrodzie\/\"]}]},{\"@type\":\"ImageObject\",\"inLanguage\":\"pl-PL\",\"@id\":\"https:\/\/rozaria.pl\/blog\/marzec-w-ogrodzie\/#primaryimage\",\"url\":\"https:\/\/rozaria.pl\/blog\/wp-content\/uploads\/2025\/02\/marzec_w_ogrodzie_zdjecie_glw.jpg\",\"contentUrl\":\"https:\/\/rozaria.pl\/blog\/wp-content\/uploads\/2025\/02\/marzec_w_ogrodzie_zdjecie_glw.jpg\",\"width\":800,\"height\":800},{\"@type\":\"BreadcrumbList\",\"@id\":\"https:\/\/rozaria.pl\/blog\/marzec-w-ogrodzie\/#breadcrumb\",\"itemListElement\":[{\"@type\":\"ListItem\",\"position\":1,\"name\":\"Strona g\u0142\u00f3wna\",\"item\":\"https:\/\/rozaria.pl\/blog\/\"},{\"@type\":\"ListItem\",\"position\":2,\"name\":\"Marzec w ogrodzie\"}]},{\"@type\":\"WebSite\",\"@id\":\"https:\/\/rozaria.pl\/blog\/#website\",\"url\":\"https:\/\/rozaria.pl\/blog\/\",\"name\":\"blog Rozaria.pl\",\"description\":\"Porozmawiajmy o r\u00f3\u017cach, o wszystkich sprawach\",\"publisher\":{\"@id\":\"https:\/\/rozaria.pl\/blog\/#organization\"},\"potentialAction\":[{\"@type\":\"SearchAction\",\"target\":{\"@type\":\"EntryPoint\",\"urlTemplate\":\"https:\/\/rozaria.pl\/blog\/?s={search_term_string}\"},\"query-input\":{\"@type\":\"PropertyValueSpecification\",\"valueRequired\":true,\"valueName\":\"search_term_string\"}}],\"inLanguage\":\"pl-PL\"},{\"@type\":\"Organization\",\"@id\":\"https:\/\/rozaria.pl\/blog\/#organization\",\"name\":\"Szk\u00f3\u0142ka R\u00f3\u017c Rozaria\",\"url\":\"https:\/\/rozaria.pl\/blog\/\",\"logo\":{\"@type\":\"ImageObject\",\"inLanguage\":\"pl-PL\",\"@id\":\"https:\/\/rozaria.pl\/blog\/#\/schema\/logo\/image\/\",\"url\":\"https:\/\/rozaria.pl\/blog\/wp-content\/uploads\/2016\/12\/logo_dla-rozaria.png\",\"contentUrl\":\"https:\/\/rozaria.pl\/blog\/wp-content\/uploads\/2016\/12\/logo_dla-rozaria.png\",\"width\":400,\"height\":166,\"caption\":\"Szk\u00f3\u0142ka R\u00f3\u017c Rozaria\"},\"image\":{\"@id\":\"https:\/\/rozaria.pl\/blog\/#\/schema\/logo\/image\/\"},\"sameAs\":[\"https:\/\/www.facebook.com\/SzkolkaRozRozaria\/\",\"https:\/\/x.com\/SzkolkaRozaria\",\"https:\/\/www.youtube.com\/channel\/UCguKKBc7F06eYM1tzYx1Z5A\"]},{\"@type\":\"Person\",\"@id\":\"https:\/\/rozaria.pl\/blog\/#\/schema\/person\/31b3805d5058ea1cffed1d8efb6e2513\",\"name\":\"Rozaria.pl\",\"image\":{\"@type\":\"ImageObject\",\"inLanguage\":\"pl-PL\",\"@id\":\"https:\/\/rozaria.pl\/blog\/#\/schema\/person\/image\/\",\"url\":\"https:\/\/secure.gravatar.com\/avatar\/36c7e4b15b333b9fb573f9e54e7fcf52?s=96&d=mm&r=g\",\"contentUrl\":\"https:\/\/secure.gravatar.com\/avatar\/36c7e4b15b333b9fb573f9e54e7fcf52?s=96&d=mm&r=g\",\"caption\":\"Rozaria.pl\"},\"sameAs\":[\"https:\/\/www.rozaria.pl\",\"https:\/\/www.youtube.com\/channel\/UCguKKBc7F06eYM1tzYx1Z5A\"],\"url\":\"https:\/\/rozaria.pl\/blog\/author\/1rozanka\/\"}]}<\/script>\n<!-- \/ Yoast SEO plugin. -->","yoast_head_json":{"title":"Marzec w ogrodzie - blog Rozaria.pl","description":"Marzec to wiosna w ogrodzie. Przycinamy r\u00f3\u017ce i drzewa, nawozimy ro\u015bliny. Sprawd\u017a nasze wskaz\u00f3wki i przygotuj si\u0119 na nowy sezon.","robots":{"index":"index","follow":"follow","max-snippet":"max-snippet:-1","max-image-preview":"max-image-preview:large","max-video-preview":"max-video-preview:-1"},"canonical":"https:\/\/rozaria.pl\/blog\/marzec-w-ogrodzie\/","og_locale":"pl_PL","og_type":"article","og_title":"Marzec w ogrodzie - blog Rozaria.pl","og_description":"Marzec to wiosna w ogrodzie. Przycinamy r\u00f3\u017ce i drzewa, nawozimy ro\u015bliny. Sprawd\u017a nasze wskaz\u00f3wki i przygotuj si\u0119 na nowy sezon.","og_url":"https:\/\/rozaria.pl\/blog\/marzec-w-ogrodzie\/","og_site_name":"blog Rozaria.pl","article_publisher":"https:\/\/www.facebook.com\/SzkolkaRozRozaria\/","article_published_time":"2025-03-04T13:22:36+00:00","article_modified_time":"2025-03-04T13:56:52+00:00","og_image":[{"width":800,"height":800,"url":"https:\/\/rozaria.pl\/blog\/wp-content\/uploads\/2025\/02\/marzec_w_ogrodzie_zdjecie_glw.jpg","type":"image\/jpeg"}],"author":"Rozaria.pl","twitter_card":"summary_large_image","twitter_creator":"@SzkolkaRozaria","twitter_site":"@SzkolkaRozaria","twitter_misc":{"Napisane przez":"Rozaria.pl","Szacowany czas czytania":"15 minut"},"schema":{"@context":"https:\/\/schema.org","@graph":[{"@type":"Article","@id":"https:\/\/rozaria.pl\/blog\/marzec-w-ogrodzie\/#article","isPartOf":{"@id":"https:\/\/rozaria.pl\/blog\/marzec-w-ogrodzie\/"},"author":{"name":"Rozaria.pl","@id":"https:\/\/rozaria.pl\/blog\/#\/schema\/person\/31b3805d5058ea1cffed1d8efb6e2513"},"headline":"Marzec w ogrodzie","datePublished":"2025-03-04T13:22:36+00:00","dateModified":"2025-03-04T13:56:52+00:00","mainEntityOfPage":{"@id":"https:\/\/rozaria.pl\/blog\/marzec-w-ogrodzie\/"},"wordCount":2429,"commentCount":0,"publisher":{"@id":"https:\/\/rozaria.pl\/blog\/#organization"},"image":{"@id":"https:\/\/rozaria.pl\/blog\/marzec-w-ogrodzie\/#primaryimage"},"thumbnailUrl":"https:\/\/rozaria.pl\/blog\/wp-content\/uploads\/2025\/02\/marzec_w_ogrodzie_zdjecie_glw.jpg","articleSection":["Piel\u0119gnacja","Porady ogrodowe"],"inLanguage":"pl-PL","potentialAction":[{"@type":"CommentAction","name":"Comment","target":["https:\/\/rozaria.pl\/blog\/marzec-w-ogrodzie\/#respond"]}]},{"@type":"WebPage","@id":"https:\/\/rozaria.pl\/blog\/marzec-w-ogrodzie\/","url":"https:\/\/rozaria.pl\/blog\/marzec-w-ogrodzie\/","name":"Marzec w ogrodzie - blog Rozaria.pl","isPartOf":{"@id":"https:\/\/rozaria.pl\/blog\/#website"},"primaryImageOfPage":{"@id":"https:\/\/rozaria.pl\/blog\/marzec-w-ogrodzie\/#primaryimage"},"image":{"@id":"https:\/\/rozaria.pl\/blog\/marzec-w-ogrodzie\/#primaryimage"},"thumbnailUrl":"https:\/\/rozaria.pl\/blog\/wp-content\/uploads\/2025\/02\/marzec_w_ogrodzie_zdjecie_glw.jpg","datePublished":"2025-03-04T13:22:36+00:00","dateModified":"2025-03-04T13:56:52+00:00","description":"Marzec to wiosna w ogrodzie. Przycinamy r\u00f3\u017ce i drzewa, nawozimy ro\u015bliny. Sprawd\u017a nasze wskaz\u00f3wki i przygotuj si\u0119 na nowy sezon.","breadcrumb":{"@id":"https:\/\/rozaria.pl\/blog\/marzec-w-ogrodzie\/#breadcrumb"},"inLanguage":"pl-PL","potentialAction":[{"@type":"ReadAction","target":["https:\/\/rozaria.pl\/blog\/marzec-w-ogrodzie\/"]}]},{"@type":"ImageObject","inLanguage":"pl-PL","@id":"https:\/\/rozaria.pl\/blog\/marzec-w-ogrodzie\/#primaryimage","url":"https:\/\/rozaria.pl\/blog\/wp-content\/uploads\/2025\/02\/marzec_w_ogrodzie_zdjecie_glw.jpg","contentUrl":"https:\/\/rozaria.pl\/blog\/wp-content\/uploads\/2025\/02\/marzec_w_ogrodzie_zdjecie_glw.jpg","width":800,"height":800},{"@type":"BreadcrumbList","@id":"https:\/\/rozaria.pl\/blog\/marzec-w-ogrodzie\/#breadcrumb","itemListElement":[{"@type":"ListItem","position":1,"name":"Strona g\u0142\u00f3wna","item":"https:\/\/rozaria.pl\/blog\/"},{"@type":"ListItem","position":2,"name":"Marzec w ogrodzie"}]},{"@type":"WebSite","@id":"https:\/\/rozaria.pl\/blog\/#website","url":"https:\/\/rozaria.pl\/blog\/","name":"blog Rozaria.pl","description":"Porozmawiajmy o r\u00f3\u017cach, o wszystkich sprawach","publisher":{"@id":"https:\/\/rozaria.pl\/blog\/#organization"},"potentialAction":[{"@type":"SearchAction","target":{"@type":"EntryPoint","urlTemplate":"https:\/\/rozaria.pl\/blog\/?s={search_term_string}"},"query-input":{"@type":"PropertyValueSpecification","valueRequired":true,"valueName":"search_term_string"}}],"inLanguage":"pl-PL"},{"@type":"Organization","@id":"https:\/\/rozaria.pl\/blog\/#organization","name":"Szk\u00f3\u0142ka R\u00f3\u017c Rozaria","url":"https:\/\/rozaria.pl\/blog\/","logo":{"@type":"ImageObject","inLanguage":"pl-PL","@id":"https:\/\/rozaria.pl\/blog\/#\/schema\/logo\/image\/","url":"https:\/\/rozaria.pl\/blog\/wp-content\/uploads\/2016\/12\/logo_dla-rozaria.png","contentUrl":"https:\/\/rozaria.pl\/blog\/wp-content\/uploads\/2016\/12\/logo_dla-rozaria.png","width":400,"height":166,"caption":"Szk\u00f3\u0142ka R\u00f3\u017c Rozaria"},"image":{"@id":"https:\/\/rozaria.pl\/blog\/#\/schema\/logo\/image\/"},"sameAs":["https:\/\/www.facebook.com\/SzkolkaRozRozaria\/","https:\/\/x.com\/SzkolkaRozaria","https:\/\/www.youtube.com\/channel\/UCguKKBc7F06eYM1tzYx1Z5A"]},{"@type":"Person","@id":"https:\/\/rozaria.pl\/blog\/#\/schema\/person\/31b3805d5058ea1cffed1d8efb6e2513","name":"Rozaria.pl","image":{"@type":"ImageObject","inLanguage":"pl-PL","@id":"https:\/\/rozaria.pl\/blog\/#\/schema\/person\/image\/","url":"https:\/\/secure.gravatar.com\/avatar\/36c7e4b15b333b9fb573f9e54e7fcf52?s=96&d=mm&r=g","contentUrl":"https:\/\/secure.gravatar.com\/avatar\/36c7e4b15b333b9fb573f9e54e7fcf52?s=96&d=mm&r=g","caption":"Rozaria.pl"},"sameAs":["https:\/\/www.rozaria.pl","https:\/\/www.youtube.com\/channel\/UCguKKBc7F06eYM1tzYx1Z5A"],"url":"https:\/\/rozaria.pl\/blog\/author\/1rozanka\/"}]}},"_links":{"self":[{"href":"https:\/\/rozaria.pl\/blog\/wp-json\/wp\/v2\/posts\/6454"}],"collection":[{"href":"https:\/\/rozaria.pl\/blog\/wp-json\/wp\/v2\/posts"}],"about":[{"href":"https:\/\/rozaria.pl\/blog\/wp-json\/wp\/v2\/types\/post"}],"author":[{"embeddable":true,"href":"https:\/\/rozaria.pl\/blog\/wp-json\/wp\/v2\/users\/1"}],"replies":[{"embeddable":true,"href":"https:\/\/rozaria.pl\/blog\/wp-json\/wp\/v2\/comments?post=6454"}],"version-history":[{"count":12,"href":"https:\/\/rozaria.pl\/blog\/wp-json\/wp\/v2\/posts\/6454\/revisions"}],"predecessor-version":[{"id":6507,"href":"https:\/\/rozaria.pl\/blog\/wp-json\/wp\/v2\/posts\/6454\/revisions\/6507"}],"wp:featuredmedia":[{"embeddable":true,"href":"https:\/\/rozaria.pl\/blog\/wp-json\/wp\/v2\/media\/6502"}],"wp:attachment":[{"href":"https:\/\/rozaria.pl\/blog\/wp-json\/wp\/v2\/media?parent=6454"}],"wp:term":[{"taxonomy":"category","embeddable":true,"href":"https:\/\/rozaria.pl\/blog\/wp-json\/wp\/v2\/categories?post=6454"},{"taxonomy":"post_tag","embeddable":true,"href":"https:\/\/rozaria.pl\/blog\/wp-json\/wp\/v2\/tags?post=6454"}],"curies":[{"name":"wp","href":"https:\/\/api.w.org\/{rel}","templated":true}]}}