{"id":6406,"date":"2025-02-02T19:17:39","date_gmt":"2025-02-02T18:17:39","guid":{"rendered":"https:\/\/rozaria.pl\/blog\/?p=6406"},"modified":"2025-02-05T11:50:40","modified_gmt":"2025-02-05T10:50:40","slug":"luty-w-ogrodzie","status":"publish","type":"post","link":"https:\/\/rozaria.pl\/blog\/luty-w-ogrodzie\/","title":{"rendered":"Luty w ogrodzie"},"content":{"rendered":"<h2 style=\"text-align: justify;\">1. Luty w ogrodzie i w naszych planach i pracach ogrodowych<\/h2>\n<p style=\"text-align: justify;\">Luty to miesi\u0105c przygotowa\u0144 do nadchodz\u0105cego sezonu ogrodniczego. <a href=\"https:\/\/rozaria.pl\/blog\/wp-content\/uploads\/2025\/01\/zimowy_sad_luty_w_ogrodzie.jpg\"><img loading=\"lazy\" decoding=\"async\" class=\"size-medium wp-image-6413 alignright\" src=\"https:\/\/rozaria.pl\/blog\/wp-content\/uploads\/2025\/01\/zimowy_sad_luty_w_ogrodzie-300x225.jpg\" alt=\"luty w ogrodzie\" width=\"300\" height=\"225\" srcset=\"https:\/\/rozaria.pl\/blog\/wp-content\/uploads\/2025\/01\/zimowy_sad_luty_w_ogrodzie-150x113.jpg 150w, https:\/\/rozaria.pl\/blog\/wp-content\/uploads\/2025\/01\/zimowy_sad_luty_w_ogrodzie-200x150.jpg 200w, https:\/\/rozaria.pl\/blog\/wp-content\/uploads\/2025\/01\/zimowy_sad_luty_w_ogrodzie-300x225.jpg 300w, https:\/\/rozaria.pl\/blog\/wp-content\/uploads\/2025\/01\/zimowy_sad_luty_w_ogrodzie-400x300.jpg 400w, https:\/\/rozaria.pl\/blog\/wp-content\/uploads\/2025\/01\/zimowy_sad_luty_w_ogrodzie-600x450.jpg 600w, https:\/\/rozaria.pl\/blog\/wp-content\/uploads\/2025\/01\/zimowy_sad_luty_w_ogrodzie-768x576.jpg 768w, https:\/\/rozaria.pl\/blog\/wp-content\/uploads\/2025\/01\/zimowy_sad_luty_w_ogrodzie.jpg 800w\" sizes=\"(max-width: 300px) 100vw, 300px\" \/><\/a>To czas na planowanie i wykonanie prac wst\u0119pnych, takich jak kontrola stanu ro\u015blin zimuj\u0105cych, przycinanie drzew i krzew\u00f3w owocowych, czy sadzenie cebulek wiosennych kwiat\u00f3w. Warto r\u00f3wnie\u017c rozpocz\u0105\u0107 upraw\u0119 warzyw pod os\u0142onami oraz zadba\u0107 o konserwacj\u0119 narz\u0119dzi ogrodniczych. Cho\u0107 luty nie obfituje w prace ogrodowe, jest kluczowym okresem dla przygotowania ogrodu na wiosn\u0119.<\/p>\n<h2 style=\"text-align: justify;\">2. Prace porz\u0105dkowe w lutym w ogrodzie<\/h2>\n<h3 style=\"text-align: justify;\">2.1. Oczyszczanie terenu<\/h3>\n<h4 style=\"text-align: justify;\">Je\u015bli nie mamy ju\u017c pokrywy \u015bnie\u017cnej, to zalecamy w lutym <em><span style=\"text-decoration: underline;\"><strong>usuwanie zeschni\u0119tych li\u015bci i ga\u0142\u0119zi w ogrodzie<\/strong><\/span><\/em>.<\/h4>\n<p style=\"text-align: justify;\"><span style=\"text-decoration: underline;\">Dlaczego to wa\u017cne?<\/span> Zeschni\u0119te li\u015bcie i ga\u0142\u0119zie mog\u0105 by\u0107 siedliskiem chor\u00f3b grzybowych oraz schronieniem dla szkodnik\u00f3w, dlatego ich usuni\u0119cie pomaga zachowa\u0107 zdrowie ogrodu.<\/p>\n<p style=\"text-align: justify;\"><span style=\"text-decoration: underline;\">Co robi\u0107?\u00a0<\/span>Zbierz li\u015bcie i ga\u0142\u0119zie z trawnika, rabat oraz \u015bcie\u017cek ogrodowych. Warto je przesia\u0107 \u2013 zdrowe li\u015bcie mo\u017cna przeznaczy\u0107 na kompost, a te pora\u017cone chorobami najlepiej spali\u0107 lub odpowiednio zutylizowa\u0107.<\/p>\n<h4 style=\"text-align: justify;\"><span style=\"text-decoration: underline;\"><em><strong>Sprawdzanie stanu \u015bci\u00f3\u0142ki na rabatach i w razie potrzeby jej uzupe\u0142nienie.<\/strong><\/em><\/span><\/h4>\n<p style=\"text-align: justify;\"><span style=\"text-decoration: underline;\">Znaczenie \u015bci\u00f3\u0142ki:<\/span> Chroni ro\u015bliny przed mrozem, ogranicza rozw\u00f3j chwast\u00f3w oraz poprawia struktur\u0119 gleby.<br \/>\n<span style=\"text-decoration: underline;\">Co sprawdzi\u0107?<\/span> Zwr\u00f3\u0107 uwag\u0119, czy \u015bci\u00f3\u0142ka jest r\u00f3wnomiernie roz\u0142o\u017cona i czy wci\u0105\u017c pokrywa gleb\u0119 w wystarczaj\u0105cym stopniu. Je\u017celi brakuje \u015bci\u00f3\u0142ki, uzupe\u0142nij j\u0105 kor\u0105, s\u0142om\u0105 lub innymi materia\u0142ami organicznymi.<\/p>\n<h3 style=\"text-align: justify;\">2.2. Przegl\u0105d narz\u0119dzi do ogrodu w lutym, kiedy mamy na to wi\u0119cej czasu<\/h3>\n<h4 style=\"text-align: justify;\"><span style=\"text-decoration: underline;\"><em><strong>Ostrzenie sekator\u00f3w, no\u017cyc do \u017cywop\u0142otu<\/strong><\/em><\/span><\/h4>\n<p style=\"text-align: justify;\"><a href=\"https:\/\/rozaria.pl\/blog\/wp-content\/uploads\/2025\/02\/luty_w_ogrodzie_sekatory.jpg\"><img loading=\"lazy\" decoding=\"async\" class=\"size-medium wp-image-6416 alignright\" src=\"https:\/\/rozaria.pl\/blog\/wp-content\/uploads\/2025\/02\/luty_w_ogrodzie_sekatory-279x300.jpg\" alt=\"sekatory\" width=\"279\" height=\"300\" srcset=\"https:\/\/rozaria.pl\/blog\/wp-content\/uploads\/2025\/02\/luty_w_ogrodzie_sekatory-140x150.jpg 140w, https:\/\/rozaria.pl\/blog\/wp-content\/uploads\/2025\/02\/luty_w_ogrodzie_sekatory-200x215.jpg 200w, https:\/\/rozaria.pl\/blog\/wp-content\/uploads\/2025\/02\/luty_w_ogrodzie_sekatory-279x300.jpg 279w, https:\/\/rozaria.pl\/blog\/wp-content\/uploads\/2025\/02\/luty_w_ogrodzie_sekatory-400x430.jpg 400w, https:\/\/rozaria.pl\/blog\/wp-content\/uploads\/2025\/02\/luty_w_ogrodzie_sekatory.jpg 563w\" sizes=\"(max-width: 279px) 100vw, 279px\" \/><\/a><span style=\"text-decoration: underline;\">Dlaczego warto?<\/span> T\u0119pe narz\u0119dzia mog\u0105 uszkadza\u0107 ro\u015bliny, co zwi\u0119ksza ryzyko infekcji i spowalnia ich regeneracj\u0119.<br \/>\n<span style=\"text-decoration: underline;\">Jak to zrobi\u0107?<\/span> U\u017cyj ose\u0142ki lub specjalnych ostrza\u0142ek do narz\u0119dzi. Przed ostrzeniem dok\u0142adnie oczy\u015b\u0107 ostrza z resztek ro\u015blin i rdzy, a po naostrzeniu na\u0142\u00f3\u017c na nie cienk\u0105 warstw\u0119 oleju.<\/p>\n<h4 style=\"text-align: justify;\"><strong><em><span style=\"text-decoration: underline;\">Konserwacja sprz\u0119tu ogrodniczego (np. kosiarki, grabie, \u0142opaty)<\/span><\/em><\/strong><\/h4>\n<p style=\"text-align: justify;\"><span style=\"text-decoration: underline;\">Co sprawdzi\u0107?<\/span> W przypadku kosiarek przeprowad\u017a przegl\u0105d silnika, wymie\u0144 olej i wyczy\u015b\u0107 no\u017ce. Grabie i \u0142opaty sprawd\u017a pod k\u0105tem uszkodze\u0144, a metalowe elementy zakonserwuj olejem, aby zabezpieczy\u0107 je przed korozj\u0105.<br \/>\n<span style=\"text-decoration: underline;\">Kiedy to zrobi\u0107?<\/span> Luty jest idealnym momentem na konserwacj\u0119 narz\u0119dzi, poniewa\u017c s\u0105 one mniej u\u017cywane, a dobrze przygotowany sprz\u0119t u\u0142atwi prace wiosenne.<\/p>\n<h3 style=\"text-align: justify;\">2.3. Sprawdzenie os\u0142on zimowych<\/h3>\n<h4 style=\"text-align: justify;\"><span style=\"text-decoration: underline;\"><em><strong>Kontrola zabezpiecze\u0144 ro\u015blin przed mrozem, szczeg\u00f3lnie w przypadku zmiennej pogody.<\/strong><\/em><\/span><\/h4>\n<p style=\"text-align: justify;\"><span style=\"text-decoration: underline;\">Dlaczego to istotne?<\/span> Zmienna pogoda w lutym \u2013 od mro\u017anych nocy po cieplejsze dni \u2013 mo\u017ce powodowa\u0107 uszkodzenia ro\u015blin, szczeg\u00f3lnie tych wra\u017cliwych na zimno.<br \/>\n<span style=\"text-decoration: underline;\">Co sprawdzi\u0107?<\/span> Skontroluj agrow\u0142\u00f3knin\u0119, s\u0142omiane maty, ga\u0142\u0119zie \u015bwierkowe czy inne os\u0142ony, czy s\u0105 dobrze zamocowane i nie zosta\u0142y uszkodzone przez wiatr lub wilgo\u0107.<br \/>\n<span style=\"text-decoration: underline;\">Co zrobi\u0107?<\/span> Je\u015bli os\u0142ony s\u0105 przemokni\u0119te lub uszkodzone, wymie\u0144 je lub popraw. W przypadku bardzo ciep\u0142ych dni lekko rozlu\u017anij os\u0142ony, aby zapobiec przegrzewaniu si\u0119 ro\u015blin i rozwojowi ple\u015bni.<br \/>\nTe dzia\u0142ania pozwalaj\u0105 utrzyma\u0107 ogr\u00f3d w dobrym stanie i przygotowa\u0107 go na nadchodz\u0105c\u0105 wiosn\u0119.<\/p>\n<h2 style=\"text-align: justify;\">3. Przygotowanie do siewu i sadzenia<\/h2>\n<h3 style=\"text-align: justify;\">3.1. Siew ro\u015blin wczesnych<\/h3>\n<h4 style=\"text-align: justify;\">Wysiew do skrzynek cebuli, pora, selera czy kwiat\u00f3w jednorocznych<\/h4>\n<p style=\"text-align: justify;\"><a href=\"https:\/\/rozaria.pl\/blog\/wp-content\/uploads\/2025\/02\/nasiona_rozsady_luty_w_ogrodzie.jpg\"><img loading=\"lazy\" decoding=\"async\" class=\"alignleft size-medium wp-image-6414\" src=\"https:\/\/rozaria.pl\/blog\/wp-content\/uploads\/2025\/02\/nasiona_rozsady_luty_w_ogrodzie-300x200.jpg\" alt=\"luty w ogrodzie siew nasion\" width=\"300\" height=\"200\" srcset=\"https:\/\/rozaria.pl\/blog\/wp-content\/uploads\/2025\/02\/nasiona_rozsady_luty_w_ogrodzie-150x100.jpg 150w, https:\/\/rozaria.pl\/blog\/wp-content\/uploads\/2025\/02\/nasiona_rozsady_luty_w_ogrodzie-200x133.jpg 200w, https:\/\/rozaria.pl\/blog\/wp-content\/uploads\/2025\/02\/nasiona_rozsady_luty_w_ogrodzie-300x200.jpg 300w, https:\/\/rozaria.pl\/blog\/wp-content\/uploads\/2025\/02\/nasiona_rozsady_luty_w_ogrodzie-400x267.jpg 400w, https:\/\/rozaria.pl\/blog\/wp-content\/uploads\/2025\/02\/nasiona_rozsady_luty_w_ogrodzie-600x400.jpg 600w, https:\/\/rozaria.pl\/blog\/wp-content\/uploads\/2025\/02\/nasiona_rozsady_luty_w_ogrodzie-768x512.jpg 768w, https:\/\/rozaria.pl\/blog\/wp-content\/uploads\/2025\/02\/nasiona_rozsady_luty_w_ogrodzie.jpg 800w\" sizes=\"(max-width: 300px) 100vw, 300px\" \/><\/a><span style=\"text-decoration: underline;\">Dlaczego warto sia\u0107 w lutym?<\/span> Niekt\u00f3re ro\u015bliny, takie jak cebula, por czy seler, maj\u0105 d\u0142ugi okres wegetacji i wymagaj\u0105 wcze\u015bniejszego wysiewu, aby wiosn\u0105 by\u0142y gotowe do przesadzenia na grz\u0105dki.<br \/>\n<span style=\"text-decoration: underline;\">Jak to zrobi\u0107?<\/span><br \/>\nPrzygotuj pojemniki, np. skrzynki lub wielodoniczki, wype\u0142nione lekkim pod\u0142o\u017cem ogrodniczym.<br \/>\nWysiej nasiona wed\u0142ug zalece\u0144 na opakowaniu, pami\u0119taj\u0105c o odpowiedniej g\u0142\u0119boko\u015bci siewu.<br \/>\nZabezpiecz wysiane nasiona foli\u0105 lub przykryj szklan\u0105 p\u0142yt\u0105, aby stworzy\u0107 efekt mini-szklarni i utrzyma\u0107 wilgo\u0107.<br \/>\n<span style=\"text-decoration: underline;\">Co sia\u0107?<\/span> Opr\u00f3cz warzyw mo\u017cna wysiewa\u0107 r\u00f3wnie\u017c kwiaty jednoroczne, takie jak lobelia, petunia czy begonia, kt\u00f3re ozdobi\u0105 ogr\u00f3d latem.<\/p>\n<h4 style=\"text-align: justify;\"><strong><em><span style=\"text-decoration: underline;\">Przygotowanie miejsca do rozsady \u2013 najlepiej w jasnym i ciep\u0142ym miejscu<\/span><\/em><\/strong><\/h4>\n<p style=\"text-align: justify;\"><span style=\"text-decoration: underline;\">Jakie warunki s\u0105 potrzebne?<\/span><br \/>\nUmie\u015b\u0107 skrzynki w jasnym pomieszczeniu, najlepiej w pobli\u017cu okna o po\u0142udniowej ekspozycji.<br \/>\nZapewnij temperatur\u0119 w zakresie 18\u201322\u00b0C, co sprzyja kie\u0142kowaniu.<br \/>\n<span style=\"text-decoration: underline;\">Dodatkowe wskaz\u00f3wki:<\/span><br \/>\nJe\u015bli naturalne \u015bwiat\u0142o jest niewystarczaj\u0105ce, mo\u017cna zastosowa\u0107 lampy do do\u015bwietlania ro\u015blin.<br \/>\nRegularnie zraszaj pod\u0142o\u017ce, aby utrzyma\u0107 wilgotno\u015b\u0107, ale unikaj przelania, kt\u00f3re mog\u0142oby doprowadzi\u0107 do gnicia nasion.<\/p>\n<h3 style=\"text-align: justify;\">3.2. Planowanie grz\u0105dek w ogrodzie<\/h3>\n<h4 style=\"text-align: justify;\"><strong><em><span style=\"text-decoration: underline;\">Opracowanie uk\u0142adu warzywnika i kwietnik\u00f3w na nadchodz\u0105cy sezon<\/span><\/em><\/strong><\/h4>\n<p style=\"text-align: justify;\"><span style=\"text-decoration: underline;\">Dlaczego planowanie jest wa\u017cne?<\/span> Dobrze zaplanowany ogr\u00f3d pozwala maksymalnie wykorzysta\u0107 przestrze\u0144, zapewniaj\u0105c r\u00f3wnocze\u015bnie odpowiednie warunki dla ka\u017cdej ro\u015bliny.<br \/>\n<span style=\"text-decoration: underline;\">Jak planowa\u0107?<\/span><br \/>\nZastan\u00f3w si\u0119, jakie ro\u015bliny chcesz uprawia\u0107, uwzgl\u0119dniaj\u0105c swoje potrzeby i preferencje.<br \/>\nRozrysuj schemat grz\u0105dek, uwzgl\u0119dniaj\u0105c miejsca s\u0142oneczne i zacienione, aby ka\u017cda ro\u015blina mia\u0142a optymalne warunki wzrostu.<br \/>\nUstal kolejno\u015b\u0107 wysiewu i sadzenia \u2013 niekt\u00f3re ro\u015bliny mo\u017cna wysadza\u0107 na miejsce ju\u017c wczesn\u0105 wiosn\u0105, inne dopiero p\u00f3\u017aniej.<\/p>\n<h4 style=\"text-align: justify;\"><strong><em><span style=\"text-decoration: underline;\">Rotacja upraw w celu unikni\u0119cia wyja\u0142owienia gleby<\/span><\/em><\/strong><\/h4>\n<p style=\"text-align: justify;\"><span style=\"text-decoration: underline;\">Dlaczego rotacja jest kluczowa?<\/span> Ci\u0105g\u0142a uprawa tych samych ro\u015blin na jednym stanowisku mo\u017ce prowadzi\u0107 do wyczerpania sk\u0142adnik\u00f3w od\u017cywczych i rozwoju chor\u00f3b specyficznych dla danej grupy ro\u015blin.<br \/>\n<span style=\"text-decoration: underline;\">Jak wprowadzi\u0107 rotacj\u0119?<\/span><br \/>\nPodziel warzywnik na strefy wed\u0142ug grup ro\u015blin, np. korzeniowe (marchew, buraki), li\u015bciaste (szpinak, sa\u0142ata), str\u0105czkowe (groch, fasola) oraz dyniowate (dynia, og\u00f3rki).<br \/>\nKa\u017cdego roku przesuwaj grupy ro\u015blin mi\u0119dzy strefami, aby gleba mog\u0142a si\u0119 zregenerowa\u0107.<br \/>\nW\u0142\u0105cz do planu ro\u015bliny wi\u0105\u017c\u0105ce azot, takie jak fasola czy groch, aby naturalnie poprawi\u0107 \u017cyzno\u015b\u0107 gleby.<br \/>\nDzi\u0119ki odpowiedniemu przygotowaniu siewu i starannemu zaplanowaniu uk\u0142adu grz\u0105dek w lutym mo\u017cna zbudowa\u0107 solidne fundamenty dla sukcesu ogrodniczego w ca\u0142ym sezonie.<\/p>\n<h3 style=\"text-align: justify;\">3.3. Planowanie nowych rabat z ro\u015blinami wieloletnimi, krzewami i r\u00f3\u017cami<\/h3>\n<p style=\"text-align: justify;\"><a href=\"https:\/\/rozaria.pl\/blog\/wp-content\/uploads\/2025\/02\/luty_pierwsze_kwiaty.webp\"><img loading=\"lazy\" decoding=\"async\" class=\"alignleft size-medium wp-image-6419\" src=\"https:\/\/rozaria.pl\/blog\/wp-content\/uploads\/2025\/02\/luty_pierwsze_kwiaty-300x146.webp\" alt=\"luty narcyze krokusy\" width=\"300\" height=\"146\" srcset=\"https:\/\/rozaria.pl\/blog\/wp-content\/uploads\/2025\/02\/luty_pierwsze_kwiaty-150x73.webp 150w, https:\/\/rozaria.pl\/blog\/wp-content\/uploads\/2025\/02\/luty_pierwsze_kwiaty-200x98.webp 200w, https:\/\/rozaria.pl\/blog\/wp-content\/uploads\/2025\/02\/luty_pierwsze_kwiaty-300x146.webp 300w, https:\/\/rozaria.pl\/blog\/wp-content\/uploads\/2025\/02\/luty_pierwsze_kwiaty-400x195.webp 400w, https:\/\/rozaria.pl\/blog\/wp-content\/uploads\/2025\/02\/luty_pierwsze_kwiaty-600x293.webp 600w, https:\/\/rozaria.pl\/blog\/wp-content\/uploads\/2025\/02\/luty_pierwsze_kwiaty-768x375.webp 768w, https:\/\/rozaria.pl\/blog\/wp-content\/uploads\/2025\/02\/luty_pierwsze_kwiaty-800x391.webp 800w, https:\/\/rozaria.pl\/blog\/wp-content\/uploads\/2025\/02\/luty_pierwsze_kwiaty.webp 1024w\" sizes=\"(max-width: 300px) 100vw, 300px\" \/><\/a>Tworzenie rabat z ro\u015blinami wieloletnimi<br \/>\n<span style=\"text-decoration: underline;\">Dlaczego warto?<\/span> Ro\u015bliny wieloletnie s\u0105 trwa\u0142e i dekoracyjne, a ich odpowiedni dob\u00f3r pozwala stworzy\u0107 rabaty, kt\u00f3re b\u0119d\u0105 efektowne przez wiele lat.<\/p>\n<ul>\n<li style=\"text-align: justify;\">\n<h4>Jak planowa\u0107?<\/h4>\n<p>Wybierz ro\u015bliny dostosowane do warunk\u00f3w w Twoim ogrodzie (nas\u0142onecznienie, rodzaj gleby, wilgotno\u015b\u0107).<br \/>\nUstal kolory i wysoko\u015bci ro\u015blin, aby zapewni\u0107 harmonijny wygl\u0105d \u2013 wy\u017csze ro\u015bliny umie\u015b\u0107 z ty\u0142u, ni\u017csze z przodu.<br \/>\nUwzgl\u0119dnij terminy kwitnienia, aby rabata by\u0142a atrakcyjna przez ca\u0142y sezon.<br \/>\nDob\u00f3r krzew\u00f3w wieloletnich<br \/>\n<span style=\"text-decoration: underline;\">Dlaczego krzewy?<\/span> Krzewy wieloletnie dodaj\u0105 struktury i wysoko\u015bci rabatom, a niekt\u00f3re z nich, jak hortensje czy lilaki, oferuj\u0105 spektakularne kwitnienie.<\/li>\n<li style=\"text-align: justify;\">\n<h4>Co uwzgl\u0119dni\u0107?<\/h4>\n<\/li>\n<\/ul>\n<p style=\"text-align: justify;\">Wybierz gatunki odporne na warunki klimatyczne w Twoim regionie.<br \/>\nZwr\u00f3\u0107 uwag\u0119 na funkcj\u0119 krzew\u00f3w: ozdobne li\u015bcie, kwiaty czy owoce.<br \/>\nPami\u0119taj o przestrzeni \u2013 krzewy wymagaj\u0105 wi\u0119cej miejsca, wi\u0119c odpowiednio rozplanuj ich rozmieszczenie.<\/p>\n<ul>\n<li style=\"text-align: justify;\">\n<h4>Planowanie rabat z r\u00f3\u017cami<\/h4>\n<\/li>\n<\/ul>\n<p style=\"text-align: justify;\"><span style=\"text-decoration: underline;\">Dlaczego r\u00f3\u017ce?<\/span> R\u00f3\u017ce s\u0105 kr\u00f3lowymi ogrodu, nadaj\u0105 mu elegancji i przyci\u0105gaj\u0105 uwag\u0119 swoim zapachem i wygl\u0105dem.<br \/>\nJak zaplanowa\u0107 rabat\u0119 z r\u00f3\u017cami?<a href=\"https:\/\/rozaria.pl\/blog\/wp-content\/uploads\/2024\/08\/mala_meble_ogrodowe_architektura.jpg\"><img loading=\"lazy\" decoding=\"async\" class=\"size-medium wp-image-6018 alignright\" src=\"https:\/\/rozaria.pl\/blog\/wp-content\/uploads\/2024\/08\/mala_meble_ogrodowe_architektura-300x300.jpg\" alt=\"ma\u0142a architektura w ogrodzie\" width=\"300\" height=\"300\" srcset=\"https:\/\/rozaria.pl\/blog\/wp-content\/uploads\/2024\/08\/mala_meble_ogrodowe_architektura-66x66.jpg 66w, https:\/\/rozaria.pl\/blog\/wp-content\/uploads\/2024\/08\/mala_meble_ogrodowe_architektura-150x150.jpg 150w, https:\/\/rozaria.pl\/blog\/wp-content\/uploads\/2024\/08\/mala_meble_ogrodowe_architektura-200x200.jpg 200w, https:\/\/rozaria.pl\/blog\/wp-content\/uploads\/2024\/08\/mala_meble_ogrodowe_architektura-300x300.jpg 300w, https:\/\/rozaria.pl\/blog\/wp-content\/uploads\/2024\/08\/mala_meble_ogrodowe_architektura-400x400.jpg 400w, https:\/\/rozaria.pl\/blog\/wp-content\/uploads\/2024\/08\/mala_meble_ogrodowe_architektura-600x600.jpg 600w, https:\/\/rozaria.pl\/blog\/wp-content\/uploads\/2024\/08\/mala_meble_ogrodowe_architektura-768x768.jpg 768w, https:\/\/rozaria.pl\/blog\/wp-content\/uploads\/2024\/08\/mala_meble_ogrodowe_architektura.jpg 800w\" sizes=\"(max-width: 300px) 100vw, 300px\" \/><\/a><br \/>\nWybierz odpowiedni <a href=\"https:\/\/rozaria.pl\/roze-rodzaj\">rodzaj r\u00f3\u017c<\/a> (pienne, rabatowe, wielkokwiatowe, pn\u0105ce) w zale\u017cno\u015bci od stylu ogrodu i dost\u0119pnej przestrzeni.<br \/>\nZadbaj o dobre stanowisko \u2013 r\u00f3\u017ce preferuj\u0105 miejsca s\u0142oneczne, przewiewne i z \u017cyzn\u0105, przepuszczaln\u0105 gleb\u0105.<br \/>\nPo\u0142\u0105cz r\u00f3\u017ce z ro\u015blinami towarzysz\u0105cymi, takimi jak lawenda, sza\u0142wia czy kocimi\u0119tka, kt\u00f3re nie tylko podkre\u015bl\u0105 ich urok, ale tak\u017ce pomog\u0105 odstrasza\u0107 szkodniki.<\/p>\n<ul>\n<li style=\"text-align: justify;\">\n<h4>Dodatkowe wskaz\u00f3wki:<\/h4>\n<\/li>\n<\/ul>\n<p style=\"text-align: justify;\">Sporz\u0105d\u017a szkic planowanej rabaty, uwzgl\u0119dniaj\u0105c odleg\u0142o\u015bci mi\u0119dzy ro\u015blinami.<br \/>\nRozwa\u017c wprowadzenie element\u00f3w dekoracyjnych, takich jak kamienie, obrze\u017ca czy ma\u0142e \u015bcie\u017cki, kt\u00f3re u\u0142atwi\u0105 piel\u0119gnacj\u0119 rabaty.<br \/>\nJe\u015bli w gr\u0119 wchodzi wi\u0119ksza zmiana uk\u0142adu ogrodu, warto rozwa\u017cy\u0107 konsultacj\u0119 z architektem krajobrazu.<br \/>\nPlanowanie nowych rabat w lutym pozwoli odpowiednio przygotowa\u0107 si\u0119 do wiosennego sadzenia, a przemy\u015blany uk\u0142ad stanie si\u0119 ozdob\u0105 ogrodu na wiele lat.<\/p>\n<h2 style=\"text-align: justify;\">4. Piel\u0119gnacja ro\u015blin zimuj\u0105cych<\/h2>\n<h3 style=\"text-align: justify;\">4.1.Piel\u0119gnacja ro\u015blin zimuj\u0105cych<\/h3>\n<p style=\"text-align: justify;\">Luty czas rozpocz\u0105\u0107 niezb\u0119dne prace w pod koniec zimy w\u015br\u00f3d drzew i krzew\u00f3w owocowych w ogrodzie<br \/>\n<a href=\"https:\/\/rozaria.pl\/blog\/wp-content\/uploads\/2025\/02\/ciecie_winorosli_luty_w_ogrodzie.jpg\"><img loading=\"lazy\" decoding=\"async\" class=\"alignleft size-medium wp-image-6417\" src=\"https:\/\/rozaria.pl\/blog\/wp-content\/uploads\/2025\/02\/ciecie_winorosli_luty_w_ogrodzie-300x200.jpg\" alt=\"luty tniemy winoro\u015bl\" width=\"300\" height=\"200\" srcset=\"https:\/\/rozaria.pl\/blog\/wp-content\/uploads\/2025\/02\/ciecie_winorosli_luty_w_ogrodzie-150x100.jpg 150w, https:\/\/rozaria.pl\/blog\/wp-content\/uploads\/2025\/02\/ciecie_winorosli_luty_w_ogrodzie-200x134.jpg 200w, https:\/\/rozaria.pl\/blog\/wp-content\/uploads\/2025\/02\/ciecie_winorosli_luty_w_ogrodzie-300x200.jpg 300w, https:\/\/rozaria.pl\/blog\/wp-content\/uploads\/2025\/02\/ciecie_winorosli_luty_w_ogrodzie-400x267.jpg 400w, https:\/\/rozaria.pl\/blog\/wp-content\/uploads\/2025\/02\/ciecie_winorosli_luty_w_ogrodzie-600x401.jpg 600w, https:\/\/rozaria.pl\/blog\/wp-content\/uploads\/2025\/02\/ciecie_winorosli_luty_w_ogrodzie-768x513.jpg 768w, https:\/\/rozaria.pl\/blog\/wp-content\/uploads\/2025\/02\/ciecie_winorosli_luty_w_ogrodzie.jpg 800w\" sizes=\"(max-width: 300px) 100vw, 300px\" \/><\/a>Przycinanie winoro\u015bli, jab\u0142oni, grusz oraz porzeczek i agrestu:<br \/>\n<span style=\"text-decoration: underline;\">Dlaczego przycinanie w lutym jest wa\u017cne?<\/span> To idealny czas, poniewa\u017c drzewa i krzewy owocowe s\u0105 w stanie spoczynku, a niskie temperatury ograniczaj\u0105 ryzyko infekcji patogenami. Przycinanie w tym okresie sprzyja formowaniu koron, poprawia przep\u0142yw powietrza mi\u0119dzy ga\u0142\u0119ziami oraz zwi\u0119ksza plonowanie.<\/p>\n<h4 style=\"text-align: justify;\"><span style=\"text-decoration: underline;\">Jak to zrobi\u0107?<a href=\"https:\/\/rozaria.pl\/blog\/wp-content\/uploads\/2025\/02\/winorosl_luty_marzec.jpg\"><img loading=\"lazy\" decoding=\"async\" class=\"size-medium wp-image-6418 alignright\" src=\"https:\/\/rozaria.pl\/blog\/wp-content\/uploads\/2025\/02\/winorosl_luty_marzec-300x200.jpg\" alt=\"winoro\u015bl ci\u0119ta w lutym\" width=\"300\" height=\"200\" srcset=\"https:\/\/rozaria.pl\/blog\/wp-content\/uploads\/2025\/02\/winorosl_luty_marzec-150x100.jpg 150w, https:\/\/rozaria.pl\/blog\/wp-content\/uploads\/2025\/02\/winorosl_luty_marzec-200x133.jpg 200w, https:\/\/rozaria.pl\/blog\/wp-content\/uploads\/2025\/02\/winorosl_luty_marzec-300x200.jpg 300w, https:\/\/rozaria.pl\/blog\/wp-content\/uploads\/2025\/02\/winorosl_luty_marzec-400x267.jpg 400w, https:\/\/rozaria.pl\/blog\/wp-content\/uploads\/2025\/02\/winorosl_luty_marzec-600x400.jpg 600w, https:\/\/rozaria.pl\/blog\/wp-content\/uploads\/2025\/02\/winorosl_luty_marzec-768x512.jpg 768w, https:\/\/rozaria.pl\/blog\/wp-content\/uploads\/2025\/02\/winorosl_luty_marzec.jpg 800w\" sizes=\"(max-width: 300px) 100vw, 300px\" \/><\/a><\/span><\/h4>\n<p style=\"text-align: justify;\">Winoro\u015ble: Przycinaj p\u0119dy jednoroczne, pozostawiaj\u0105c jedynie te, kt\u00f3re b\u0119d\u0105 owocowa\u0107 w nadchodz\u0105cym sezonie. Zredukuj liczb\u0119 p\u0119d\u00f3w, aby winoro\u015bl by\u0142a lepiej o\u015bwietlona.<br \/>\nJab\u0142onie i grusze: Usu\u0144 martwe, uszkodzone oraz chore ga\u0142\u0119zie. Wyczy\u015b\u0107 wn\u0119trze korony, aby \u015bwiat\u0142o mog\u0142o dociera\u0107 do wszystkich jej cz\u0119\u015bci. Skr\u00f3\u0107 jednoroczne przyrosty, aby pobudzi\u0107 rozw\u00f3j p\u0105k\u00f3w kwiatowych.<br \/>\nPorzeczki i agrest: Skracaj stare p\u0119dy, kt\u00f3re nie owocuj\u0105, i usuwaj p\u0119dy le\u017c\u0105ce na ziemi lub rosn\u0105ce zbyt g\u0119sto. D\u0105\u017c do przejrzystej struktury krzewu.<\/p>\n<h4 style=\"text-align: justify;\"><span style=\"text-decoration: underline;\">Przydatne wskaz\u00f3wki:<\/span><\/h4>\n<p style=\"text-align: justify;\">U\u017cywaj ostrych narz\u0119dzi, aby unikn\u0105\u0107 postrz\u0119pionych ran.<br \/>\nZabezpiecz wi\u0119ksze rany po ci\u0119ciu ma\u015bci\u0105 ogrodnicz\u0105, aby ograniczy\u0107 ryzyko infekcji.<\/p>\n<h3 style=\"text-align: justify;\">4.2.Trawnik<\/h3>\n<h4 style=\"text-align: justify;\"><span style=\"text-decoration: underline;\"><em>Sprawdzenie stanu trawnika pod k\u0105tem ple\u015bni \u015bniegowej:<\/em><\/span><\/h4>\n<p style=\"text-align: justify;\"><span style=\"text-decoration: underline;\">Dlaczego to wa\u017cne?<a href=\"https:\/\/rozaria.pl\/blog\/wp-content\/uploads\/2025\/02\/trawnik_luty_w_ogrodzie.jpg\"><img loading=\"lazy\" decoding=\"async\" class=\"alignleft size-medium wp-image-6431\" src=\"https:\/\/rozaria.pl\/blog\/wp-content\/uploads\/2025\/02\/trawnik_luty_w_ogrodzie-300x231.jpg\" alt=\"trawnik luty w ogrodzie\" width=\"300\" height=\"231\" srcset=\"https:\/\/rozaria.pl\/blog\/wp-content\/uploads\/2025\/02\/trawnik_luty_w_ogrodzie-150x116.jpg 150w, https:\/\/rozaria.pl\/blog\/wp-content\/uploads\/2025\/02\/trawnik_luty_w_ogrodzie-200x154.jpg 200w, https:\/\/rozaria.pl\/blog\/wp-content\/uploads\/2025\/02\/trawnik_luty_w_ogrodzie-300x231.jpg 300w, https:\/\/rozaria.pl\/blog\/wp-content\/uploads\/2025\/02\/trawnik_luty_w_ogrodzie-400x309.jpg 400w, https:\/\/rozaria.pl\/blog\/wp-content\/uploads\/2025\/02\/trawnik_luty_w_ogrodzie-600x463.jpg 600w, https:\/\/rozaria.pl\/blog\/wp-content\/uploads\/2025\/02\/trawnik_luty_w_ogrodzie.jpg 717w\" sizes=\"(max-width: 300px) 100vw, 300px\" \/><\/a><\/span> Ple\u015b\u0144 \u015bniegowa, wywo\u0142ana przez grzyby, pojawia si\u0119 na trawnikach po zimie w postaci szarych lub bia\u0142ych, watowatych plam. Je\u015bli nie zostanie usuni\u0119ta, mo\u017ce doprowadzi\u0107 do trwa\u0142ego uszkodzenia trawnika.<br \/>\n<span style=\"text-decoration: underline;\">Co i jak sprawdzi\u0107?<\/span><br \/>\nUsu\u0144 zalegaj\u0105cy \u015bnieg lub l\u00f3d w miejscach, gdzie trawnik wygl\u0105da podejrzanie.<br \/>\nSprawd\u017a, czy na powierzchni darni nie ma plam ple\u015bni \u2013 s\u0105 one mi\u0119kkie i maj\u0105 charakterystyczny, wilgotny wygl\u0105d.<\/p>\n<h4 style=\"text-align: justify;\"><span style=\"text-decoration: underline;\"><em>Ewentualne napowietrzenie gleby:<\/em><\/span><\/h4>\n<p style=\"text-align: justify;\">Czy napowietrzanie jest potrzebne? Zbita gleba ogranicza dost\u0119p powietrza do korzeni trawy, co hamuje jej regeneracj\u0119 po zimie.<br \/>\nJak napowietrzy\u0107 trawnik?<br \/>\nW przypadku ma\u0142ych trawnik\u00f3w u\u017cyj widelca ogrodowego, nak\u0142uwaj\u0105c gleb\u0119 na g\u0142\u0119boko\u015b\u0107 8\u201310 cm.<br \/>\nNa wi\u0119kszych powierzchniach warto zastosowa\u0107 aerator r\u0119czny lub mechaniczny.<\/p>\n<h4 style=\"text-align: justify;\"><span style=\"text-decoration: underline;\"><em>Dodatkowe dzia\u0142ania:<\/em><\/span><\/h4>\n<p style=\"text-align: justify;\">Po napowietrzeniu mo\u017cesz rozsypa\u0107 cienk\u0105 warstw\u0119 piasku (tzw. piaskowanie), aby poprawi\u0107 drena\u017c.<br \/>\nJe\u015bli na trawniku znajduj\u0105 si\u0119 martwe fragmenty, warto delikatnie wygrabi\u0107 je, aby pobudzi\u0107 wzrost nowej trawy.<br \/>\nPiel\u0119gnacja drzew, krzew\u00f3w i trawnika w lutym to kluczowy etap przygotowa\u0144 ogrodu na nadchodz\u0105c\u0105 wiosn\u0119. Regularne prace w tym okresie pomagaj\u0105 zapobiec problemom i wspieraj\u0105 zdrowy rozw\u00f3j ro\u015blin w kolejnym sezonie.<\/p>\n<h2 style=\"text-align: justify;\">5. Zakupy i przygotowanie materia\u0142\u00f3w<\/h2>\n<h3 style=\"text-align: justify;\">Nasiona i sadzonki<\/h3>\n<p style=\"text-align: justify;\">Luty, to czas na zakup nasion, kt\u00f3re chcemy wysia\u0107 wiosn\u0105 w ogrodzie:<\/p>\n<p style=\"text-align: justify;\"><span style=\"text-decoration: underline;\">Dlaczego warto zaplanowa\u0107 zakupy?<\/span> W lutym asortyment nasion w sklepach ogrodniczych jest szeroki, a wcze\u015bniejsze zakupy pozwalaj\u0105 unikn\u0105\u0107 problem\u00f3w z brakiem wybranych gatunk\u00f3w lub odmian.<br \/>\n<span style=\"text-decoration: underline;\">Jak wybiera\u0107 nasiona?<\/span><br \/>\nSprawd\u017a, kt\u00f3re warzywa, zio\u0142a czy kwiaty najlepiej sprawdzaj\u0105 si\u0119 w Twoim ogrodzie i jakie warunki glebowe oraz klimatyczne s\u0105 im potrzebne.<br \/>\nPostaw na nasiona odmian odpornych na choroby i szkodniki, szczeg\u00f3lnie je\u015bli dopiero zaczynasz swoj\u0105 przygod\u0119 z ogrodnictwem.<br \/>\nZwr\u00f3\u0107 uwag\u0119 na dat\u0119 przydatno\u015bci nasion \u2013 \u015bwie\u017ce nasiona maj\u0105 lepsz\u0105 zdolno\u015b\u0107 kie\u0142kowania.<br \/>\nKup nasiona w ilo\u015bciach dostosowanych do Twojego zapotrzebowania, aby unikn\u0105\u0107 nadmiaru, kt\u00f3ry mo\u017ce si\u0119 zmarnowa\u0107.<a href=\"https:\/\/rozaria.pl\/blog\/wp-content\/uploads\/2025\/02\/ziemia_luty.jpg\"><img loading=\"lazy\" decoding=\"async\" class=\"alignleft size-medium wp-image-6420\" src=\"https:\/\/rozaria.pl\/blog\/wp-content\/uploads\/2025\/02\/ziemia_luty-300x218.jpg\" alt=\"ziemia\" width=\"300\" height=\"218\" srcset=\"https:\/\/rozaria.pl\/blog\/wp-content\/uploads\/2025\/02\/ziemia_luty-150x109.jpg 150w, https:\/\/rozaria.pl\/blog\/wp-content\/uploads\/2025\/02\/ziemia_luty-200x145.jpg 200w, https:\/\/rozaria.pl\/blog\/wp-content\/uploads\/2025\/02\/ziemia_luty-300x218.jpg 300w, https:\/\/rozaria.pl\/blog\/wp-content\/uploads\/2025\/02\/ziemia_luty-400x291.jpg 400w, https:\/\/rozaria.pl\/blog\/wp-content\/uploads\/2025\/02\/ziemia_luty-600x436.jpg 600w, https:\/\/rozaria.pl\/blog\/wp-content\/uploads\/2025\/02\/ziemia_luty-768x558.jpg 768w, https:\/\/rozaria.pl\/blog\/wp-content\/uploads\/2025\/02\/ziemia_luty.jpg 800w\" sizes=\"(max-width: 300px) 100vw, 300px\" \/><\/a><\/p>\n<h3 style=\"text-align: justify;\">Sprawdzenie zapas\u00f3w nawoz\u00f3w i ziemi ogrodniczej:<\/h3>\n<p style=\"text-align: justify;\"><span style=\"text-decoration: underline;\">Z jakiego powodu jest to wa\u017cne?<\/span> Dobrze dobrana ziemia i odpowiednie nawozy wspieraj\u0105 zdrowy rozw\u00f3j ro\u015blin od samego pocz\u0105tku.<br \/>\n<span style=\"text-decoration: underline;\">Co warto zrobi\u0107?<\/span><br \/>\nSprawd\u017a, ile ziemi ogrodniczej masz w zapasie i czy jej jako\u015b\u0107 jest odpowiednia (np. czy nie uleg\u0142a zbytniej wilgoci lub nie zawiera grudek ple\u015bni).<br \/>\nPrzygotuj nawozy dostosowane do ro\u015blin, kt\u00f3re planujesz uprawia\u0107 (np. nawozy wielosk\u0142adnikowe, organiczne, specjalistyczne dla r\u00f3\u017c, warzyw czy trawnika).<br \/>\nWarto r\u00f3wnie\u017c zaopatrzy\u0107 si\u0119 w \u015brodki poprawiaj\u0105ce struktur\u0119 gleby, takie jak kompost, perlit czy obornik granulowany.<\/p>\n<h3 style=\"text-align: justify;\">Dekoracje ogrodowe<\/h3>\n<p style=\"text-align: justify;\"><a href=\"https:\/\/rozaria.pl\/blog\/wp-content\/uploads\/2025\/02\/luty_w_ogrodzie.jpg\"><img loading=\"lazy\" decoding=\"async\" class=\"alignleft size-medium wp-image-6415\" src=\"https:\/\/rozaria.pl\/blog\/wp-content\/uploads\/2025\/02\/luty_w_ogrodzie-300x225.jpg\" alt=\"luty ogr\u00f3d\" width=\"300\" height=\"225\" srcset=\"https:\/\/rozaria.pl\/blog\/wp-content\/uploads\/2025\/02\/luty_w_ogrodzie-150x113.jpg 150w, https:\/\/rozaria.pl\/blog\/wp-content\/uploads\/2025\/02\/luty_w_ogrodzie-200x150.jpg 200w, https:\/\/rozaria.pl\/blog\/wp-content\/uploads\/2025\/02\/luty_w_ogrodzie-300x225.jpg 300w, https:\/\/rozaria.pl\/blog\/wp-content\/uploads\/2025\/02\/luty_w_ogrodzie-400x300.jpg 400w, https:\/\/rozaria.pl\/blog\/wp-content\/uploads\/2025\/02\/luty_w_ogrodzie-600x450.jpg 600w, https:\/\/rozaria.pl\/blog\/wp-content\/uploads\/2025\/02\/luty_w_ogrodzie-768x576.jpg 768w, https:\/\/rozaria.pl\/blog\/wp-content\/uploads\/2025\/02\/luty_w_ogrodzie-800x600.jpg 800w, https:\/\/rozaria.pl\/blog\/wp-content\/uploads\/2025\/02\/luty_w_ogrodzie.jpg 900w\" sizes=\"(max-width: 300px) 100vw, 300px\" \/><\/a>Wyb\u00f3r nowych element\u00f3w, takich jak donice, figurki czy pergole:<br \/>\n<span style=\"text-decoration: underline;\">Czy dekoracje s\u0105 wa\u017cne?<\/span> Elementy ozdobne nadaj\u0105 ogrodowi charakter, podkre\u015blaj\u0105 jego styl i sprawiaj\u0105, \u017ce przestrze\u0144 staje si\u0119 bardziej przyjazna i funkcjonalna.<\/p>\n<h4 style=\"text-align: justify;\"><span style=\"text-decoration: underline;\">Jak planowa\u0107 zakupy dekoracji?<\/span><\/h4>\n<p style=\"text-align: justify;\">Donice: Zastan\u00f3w si\u0119 nad wyborem donic o odpowiedniej wielko\u015bci, kolorze i stylu, kt\u00f3re b\u0119d\u0105 pasowa\u0107 do charakteru ogrodu. Warto rozwa\u017cy\u0107 donice mrozoodporne, je\u015bli planujesz ich ca\u0142oroczne wykorzystanie.<br \/>\nFigurki i dekoracje: Wybierz subtelne elementy, kt\u00f3re podkre\u015bl\u0105 urok ogrodu, np. figurki zwierz\u0105t, kamienne kule czy latarenki. Unikaj przesady, aby ogr\u00f3d nie wydawa\u0142 si\u0119 prze\u0142adowany.<br \/>\nPergole i treja\u017ce: Je\u015bli planujesz rozbudow\u0119 ogrodu, pergole s\u0105 \u015bwietnym rozwi\u0105zaniem do podtrzymywania pn\u0105czy, takich jak r\u00f3\u017ce czy wiciokrzewy, a tak\u017ce tworzenia zacisznych, ozdobnych zak\u0105tk\u00f3w.<\/p>\n<h4 style=\"text-align: justify;\">Dodatkowe akcesoria:<\/h4>\n<p style=\"text-align: justify;\">Kup nowe etykiety do oznaczania ro\u015blin na grz\u0105dkach.<br \/>\nRozwa\u017c zakup mat \u015bci\u00f3\u0142kuj\u0105cych lub agrow\u0142\u00f3kniny, kt\u00f3re u\u0142atwi\u0105 utrzymanie porz\u0105dku w ogrodzie.<br \/>\nPodsumowanie zakup\u00f3w:<\/p>\n<p style=\"text-align: justify;\">Luty to idealny czas na zakupy ogrodnicze \u2013 nie tylko unikniesz p\u00f3\u017aniejszych brak\u00f3w, ale tak\u017ce b\u0119dziesz mie\u0107 czas na spokojne zaplanowanie kolejnych krok\u00f3w. Dzi\u0119ki temu Tw\u00f3j ogr\u00f3d b\u0119dzie nie tylko pi\u0119kny, ale tak\u017ce dobrze przygotowany na wiosenne prace i rosn\u0105ce ro\u015bliny.<\/p>\n<h2 style=\"text-align: justify;\">6. Podsumowanie<\/h2>\n<p style=\"text-align: justify;\">Luty to czas, w kt\u00f3rym ogrodnicy mog\u0105 spokojnie zaplanowa\u0107 swoje dzia\u0142ania i wykona\u0107 pierwsze, drobne prace w ogrodzie. Zaprocentuje to dobrym przygotowaniem ogrodu na wiosn\u0119. To miesi\u0105c pe\u0142en mo\u017cliwo\u015bci \u2013 od porz\u0105dk\u00f3w, przez siew ro\u015blin wczesnych, a\u017c po planowanie nowych rabat czy zakup niezb\u0119dnych materia\u0142\u00f3w. Regularna praca w ogrodzie w tym okresie nie tylko u\u0142atwia p\u00f3\u017aniejsze zadania, ale tak\u017ce pozwala cieszy\u0107 si\u0119 rado\u015bci\u0105 z bliskiego kontaktu z natur\u0105. Obserwowanie pierwszych oznak wiosny, takich jak przebi\u015bniegi czy krokusy, daje satysfakcj\u0119 i inspiruje do dalszej troski o ogr\u00f3d. Zach\u0119camy, aby wykorzysta\u0107 luty jako czas tw\u00f3rczego dzia\u0142ania i przygotowania na nowy sezon ogrodniczy!<\/p>\n","protected":false},"excerpt":{"rendered":"<p>1. Luty w ogrodzie i w naszych planach i pracach ogrodowych Luty to miesi\u0105c przygotowa\u0144 do nadchodz\u0105cego sezonu ogrodniczego. To czas na planowanie i wykonanie prac wst\u0119pnych, takich jak kontrola stanu ro\u015blin zimuj\u0105cych, przycinanie drzew i krzew\u00f3w owocowych, czy sadzenie [&hellip;]<\/p>\n","protected":false},"author":1,"featured_media":6411,"comment_status":"open","ping_status":"open","sticky":false,"template":"","format":"standard","meta":{"_mi_skip_tracking":false,"_monsterinsights_sitenote_active":false,"_monsterinsights_sitenote_note":"","_monsterinsights_sitenote_category":0,"footnotes":""},"categories":[4,124],"tags":[],"yoast_head":"<!-- This site is optimized with the Yoast SEO plugin v23.5 - https:\/\/yoast.com\/wordpress\/plugins\/seo\/ -->\n<title>Luty w ogrodzie - blog Rozaria.pl<\/title>\n<meta name=\"description\" content=\"Luty w ogrodzie i stratujemy. Przygotuj ogr\u00f3d na wiosn\u0119, zadbaj o ro\u015bliny i zaplanuj dzia\u0142ania na ca\u0142y sezon.\" \/>\n<meta name=\"robots\" content=\"index, follow, max-snippet:-1, max-image-preview:large, max-video-preview:-1\" \/>\n<link rel=\"canonical\" href=\"https:\/\/rozaria.pl\/blog\/luty-w-ogrodzie\/\" \/>\n<meta property=\"og:locale\" content=\"pl_PL\" \/>\n<meta property=\"og:type\" content=\"article\" \/>\n<meta property=\"og:title\" content=\"Luty w ogrodzie - blog Rozaria.pl\" \/>\n<meta property=\"og:description\" content=\"Luty w ogrodzie i stratujemy. Przygotuj ogr\u00f3d na wiosn\u0119, zadbaj o ro\u015bliny i zaplanuj dzia\u0142ania na ca\u0142y sezon.\" \/>\n<meta property=\"og:url\" content=\"https:\/\/rozaria.pl\/blog\/luty-w-ogrodzie\/\" \/>\n<meta property=\"og:site_name\" content=\"blog Rozaria.pl\" \/>\n<meta property=\"article:publisher\" content=\"https:\/\/www.facebook.com\/SzkolkaRozRozaria\/\" \/>\n<meta property=\"article:published_time\" content=\"2025-02-02T18:17:39+00:00\" \/>\n<meta property=\"article:modified_time\" content=\"2025-02-05T10:50:40+00:00\" \/>\n<meta property=\"og:image\" content=\"https:\/\/rozaria.pl\/blog\/wp-content\/uploads\/2025\/01\/luty_w_ogrodzie_glw.jpg\" \/>\n\t<meta property=\"og:image:width\" content=\"800\" \/>\n\t<meta property=\"og:image:height\" content=\"800\" \/>\n\t<meta property=\"og:image:type\" content=\"image\/jpeg\" \/>\n<meta name=\"author\" content=\"Rozaria.pl\" \/>\n<meta name=\"twitter:card\" content=\"summary_large_image\" \/>\n<meta name=\"twitter:creator\" content=\"@SzkolkaRozaria\" \/>\n<meta name=\"twitter:site\" content=\"@SzkolkaRozaria\" \/>\n<meta name=\"twitter:label1\" content=\"Napisane przez\" \/>\n\t<meta name=\"twitter:data1\" content=\"Rozaria.pl\" \/>\n\t<meta name=\"twitter:label2\" content=\"Szacowany czas czytania\" \/>\n\t<meta name=\"twitter:data2\" content=\"14 minut\" \/>\n<script type=\"application\/ld+json\" class=\"yoast-schema-graph\">{\"@context\":\"https:\/\/schema.org\",\"@graph\":[{\"@type\":\"Article\",\"@id\":\"https:\/\/rozaria.pl\/blog\/luty-w-ogrodzie\/#article\",\"isPartOf\":{\"@id\":\"https:\/\/rozaria.pl\/blog\/luty-w-ogrodzie\/\"},\"author\":{\"name\":\"Rozaria.pl\",\"@id\":\"https:\/\/rozaria.pl\/blog\/#\/schema\/person\/31b3805d5058ea1cffed1d8efb6e2513\"},\"headline\":\"Luty w ogrodzie\",\"datePublished\":\"2025-02-02T18:17:39+00:00\",\"dateModified\":\"2025-02-05T10:50:40+00:00\",\"mainEntityOfPage\":{\"@id\":\"https:\/\/rozaria.pl\/blog\/luty-w-ogrodzie\/\"},\"wordCount\":2294,\"commentCount\":0,\"publisher\":{\"@id\":\"https:\/\/rozaria.pl\/blog\/#organization\"},\"image\":{\"@id\":\"https:\/\/rozaria.pl\/blog\/luty-w-ogrodzie\/#primaryimage\"},\"thumbnailUrl\":\"https:\/\/rozaria.pl\/blog\/wp-content\/uploads\/2025\/01\/luty_w_ogrodzie_glw.jpg\",\"articleSection\":[\"Ciekawostki\",\"Porady ogrodowe\"],\"inLanguage\":\"pl-PL\",\"potentialAction\":[{\"@type\":\"CommentAction\",\"name\":\"Comment\",\"target\":[\"https:\/\/rozaria.pl\/blog\/luty-w-ogrodzie\/#respond\"]}]},{\"@type\":\"WebPage\",\"@id\":\"https:\/\/rozaria.pl\/blog\/luty-w-ogrodzie\/\",\"url\":\"https:\/\/rozaria.pl\/blog\/luty-w-ogrodzie\/\",\"name\":\"Luty w ogrodzie - blog Rozaria.pl\",\"isPartOf\":{\"@id\":\"https:\/\/rozaria.pl\/blog\/#website\"},\"primaryImageOfPage\":{\"@id\":\"https:\/\/rozaria.pl\/blog\/luty-w-ogrodzie\/#primaryimage\"},\"image\":{\"@id\":\"https:\/\/rozaria.pl\/blog\/luty-w-ogrodzie\/#primaryimage\"},\"thumbnailUrl\":\"https:\/\/rozaria.pl\/blog\/wp-content\/uploads\/2025\/01\/luty_w_ogrodzie_glw.jpg\",\"datePublished\":\"2025-02-02T18:17:39+00:00\",\"dateModified\":\"2025-02-05T10:50:40+00:00\",\"description\":\"Luty w ogrodzie i stratujemy. Przygotuj ogr\u00f3d na wiosn\u0119, zadbaj o ro\u015bliny i zaplanuj dzia\u0142ania na ca\u0142y sezon.\",\"breadcrumb\":{\"@id\":\"https:\/\/rozaria.pl\/blog\/luty-w-ogrodzie\/#breadcrumb\"},\"inLanguage\":\"pl-PL\",\"potentialAction\":[{\"@type\":\"ReadAction\",\"target\":[\"https:\/\/rozaria.pl\/blog\/luty-w-ogrodzie\/\"]}]},{\"@type\":\"ImageObject\",\"inLanguage\":\"pl-PL\",\"@id\":\"https:\/\/rozaria.pl\/blog\/luty-w-ogrodzie\/#primaryimage\",\"url\":\"https:\/\/rozaria.pl\/blog\/wp-content\/uploads\/2025\/01\/luty_w_ogrodzie_glw.jpg\",\"contentUrl\":\"https:\/\/rozaria.pl\/blog\/wp-content\/uploads\/2025\/01\/luty_w_ogrodzie_glw.jpg\",\"width\":800,\"height\":800,\"caption\":\"luty w ogrodzie\"},{\"@type\":\"BreadcrumbList\",\"@id\":\"https:\/\/rozaria.pl\/blog\/luty-w-ogrodzie\/#breadcrumb\",\"itemListElement\":[{\"@type\":\"ListItem\",\"position\":1,\"name\":\"Strona g\u0142\u00f3wna\",\"item\":\"https:\/\/rozaria.pl\/blog\/\"},{\"@type\":\"ListItem\",\"position\":2,\"name\":\"Luty w ogrodzie\"}]},{\"@type\":\"WebSite\",\"@id\":\"https:\/\/rozaria.pl\/blog\/#website\",\"url\":\"https:\/\/rozaria.pl\/blog\/\",\"name\":\"blog Rozaria.pl\",\"description\":\"Porozmawiajmy o r\u00f3\u017cach, o wszystkich sprawach\",\"publisher\":{\"@id\":\"https:\/\/rozaria.pl\/blog\/#organization\"},\"potentialAction\":[{\"@type\":\"SearchAction\",\"target\":{\"@type\":\"EntryPoint\",\"urlTemplate\":\"https:\/\/rozaria.pl\/blog\/?s={search_term_string}\"},\"query-input\":{\"@type\":\"PropertyValueSpecification\",\"valueRequired\":true,\"valueName\":\"search_term_string\"}}],\"inLanguage\":\"pl-PL\"},{\"@type\":\"Organization\",\"@id\":\"https:\/\/rozaria.pl\/blog\/#organization\",\"name\":\"Szk\u00f3\u0142ka R\u00f3\u017c Rozaria\",\"url\":\"https:\/\/rozaria.pl\/blog\/\",\"logo\":{\"@type\":\"ImageObject\",\"inLanguage\":\"pl-PL\",\"@id\":\"https:\/\/rozaria.pl\/blog\/#\/schema\/logo\/image\/\",\"url\":\"https:\/\/rozaria.pl\/blog\/wp-content\/uploads\/2016\/12\/logo_dla-rozaria.png\",\"contentUrl\":\"https:\/\/rozaria.pl\/blog\/wp-content\/uploads\/2016\/12\/logo_dla-rozaria.png\",\"width\":400,\"height\":166,\"caption\":\"Szk\u00f3\u0142ka R\u00f3\u017c Rozaria\"},\"image\":{\"@id\":\"https:\/\/rozaria.pl\/blog\/#\/schema\/logo\/image\/\"},\"sameAs\":[\"https:\/\/www.facebook.com\/SzkolkaRozRozaria\/\",\"https:\/\/x.com\/SzkolkaRozaria\",\"https:\/\/www.youtube.com\/channel\/UCguKKBc7F06eYM1tzYx1Z5A\"]},{\"@type\":\"Person\",\"@id\":\"https:\/\/rozaria.pl\/blog\/#\/schema\/person\/31b3805d5058ea1cffed1d8efb6e2513\",\"name\":\"Rozaria.pl\",\"image\":{\"@type\":\"ImageObject\",\"inLanguage\":\"pl-PL\",\"@id\":\"https:\/\/rozaria.pl\/blog\/#\/schema\/person\/image\/\",\"url\":\"https:\/\/secure.gravatar.com\/avatar\/36c7e4b15b333b9fb573f9e54e7fcf52?s=96&d=mm&r=g\",\"contentUrl\":\"https:\/\/secure.gravatar.com\/avatar\/36c7e4b15b333b9fb573f9e54e7fcf52?s=96&d=mm&r=g\",\"caption\":\"Rozaria.pl\"},\"sameAs\":[\"https:\/\/www.rozaria.pl\",\"https:\/\/www.youtube.com\/channel\/UCguKKBc7F06eYM1tzYx1Z5A\"],\"url\":\"https:\/\/rozaria.pl\/blog\/author\/1rozanka\/\"}]}<\/script>\n<!-- \/ Yoast SEO plugin. -->","yoast_head_json":{"title":"Luty w ogrodzie - blog Rozaria.pl","description":"Luty w ogrodzie i stratujemy. Przygotuj ogr\u00f3d na wiosn\u0119, zadbaj o ro\u015bliny i zaplanuj dzia\u0142ania na ca\u0142y sezon.","robots":{"index":"index","follow":"follow","max-snippet":"max-snippet:-1","max-image-preview":"max-image-preview:large","max-video-preview":"max-video-preview:-1"},"canonical":"https:\/\/rozaria.pl\/blog\/luty-w-ogrodzie\/","og_locale":"pl_PL","og_type":"article","og_title":"Luty w ogrodzie - blog Rozaria.pl","og_description":"Luty w ogrodzie i stratujemy. Przygotuj ogr\u00f3d na wiosn\u0119, zadbaj o ro\u015bliny i zaplanuj dzia\u0142ania na ca\u0142y sezon.","og_url":"https:\/\/rozaria.pl\/blog\/luty-w-ogrodzie\/","og_site_name":"blog Rozaria.pl","article_publisher":"https:\/\/www.facebook.com\/SzkolkaRozRozaria\/","article_published_time":"2025-02-02T18:17:39+00:00","article_modified_time":"2025-02-05T10:50:40+00:00","og_image":[{"width":800,"height":800,"url":"https:\/\/rozaria.pl\/blog\/wp-content\/uploads\/2025\/01\/luty_w_ogrodzie_glw.jpg","type":"image\/jpeg"}],"author":"Rozaria.pl","twitter_card":"summary_large_image","twitter_creator":"@SzkolkaRozaria","twitter_site":"@SzkolkaRozaria","twitter_misc":{"Napisane przez":"Rozaria.pl","Szacowany czas czytania":"14 minut"},"schema":{"@context":"https:\/\/schema.org","@graph":[{"@type":"Article","@id":"https:\/\/rozaria.pl\/blog\/luty-w-ogrodzie\/#article","isPartOf":{"@id":"https:\/\/rozaria.pl\/blog\/luty-w-ogrodzie\/"},"author":{"name":"Rozaria.pl","@id":"https:\/\/rozaria.pl\/blog\/#\/schema\/person\/31b3805d5058ea1cffed1d8efb6e2513"},"headline":"Luty w ogrodzie","datePublished":"2025-02-02T18:17:39+00:00","dateModified":"2025-02-05T10:50:40+00:00","mainEntityOfPage":{"@id":"https:\/\/rozaria.pl\/blog\/luty-w-ogrodzie\/"},"wordCount":2294,"commentCount":0,"publisher":{"@id":"https:\/\/rozaria.pl\/blog\/#organization"},"image":{"@id":"https:\/\/rozaria.pl\/blog\/luty-w-ogrodzie\/#primaryimage"},"thumbnailUrl":"https:\/\/rozaria.pl\/blog\/wp-content\/uploads\/2025\/01\/luty_w_ogrodzie_glw.jpg","articleSection":["Ciekawostki","Porady ogrodowe"],"inLanguage":"pl-PL","potentialAction":[{"@type":"CommentAction","name":"Comment","target":["https:\/\/rozaria.pl\/blog\/luty-w-ogrodzie\/#respond"]}]},{"@type":"WebPage","@id":"https:\/\/rozaria.pl\/blog\/luty-w-ogrodzie\/","url":"https:\/\/rozaria.pl\/blog\/luty-w-ogrodzie\/","name":"Luty w ogrodzie - blog Rozaria.pl","isPartOf":{"@id":"https:\/\/rozaria.pl\/blog\/#website"},"primaryImageOfPage":{"@id":"https:\/\/rozaria.pl\/blog\/luty-w-ogrodzie\/#primaryimage"},"image":{"@id":"https:\/\/rozaria.pl\/blog\/luty-w-ogrodzie\/#primaryimage"},"thumbnailUrl":"https:\/\/rozaria.pl\/blog\/wp-content\/uploads\/2025\/01\/luty_w_ogrodzie_glw.jpg","datePublished":"2025-02-02T18:17:39+00:00","dateModified":"2025-02-05T10:50:40+00:00","description":"Luty w ogrodzie i stratujemy. Przygotuj ogr\u00f3d na wiosn\u0119, zadbaj o ro\u015bliny i zaplanuj dzia\u0142ania na ca\u0142y sezon.","breadcrumb":{"@id":"https:\/\/rozaria.pl\/blog\/luty-w-ogrodzie\/#breadcrumb"},"inLanguage":"pl-PL","potentialAction":[{"@type":"ReadAction","target":["https:\/\/rozaria.pl\/blog\/luty-w-ogrodzie\/"]}]},{"@type":"ImageObject","inLanguage":"pl-PL","@id":"https:\/\/rozaria.pl\/blog\/luty-w-ogrodzie\/#primaryimage","url":"https:\/\/rozaria.pl\/blog\/wp-content\/uploads\/2025\/01\/luty_w_ogrodzie_glw.jpg","contentUrl":"https:\/\/rozaria.pl\/blog\/wp-content\/uploads\/2025\/01\/luty_w_ogrodzie_glw.jpg","width":800,"height":800,"caption":"luty w ogrodzie"},{"@type":"BreadcrumbList","@id":"https:\/\/rozaria.pl\/blog\/luty-w-ogrodzie\/#breadcrumb","itemListElement":[{"@type":"ListItem","position":1,"name":"Strona g\u0142\u00f3wna","item":"https:\/\/rozaria.pl\/blog\/"},{"@type":"ListItem","position":2,"name":"Luty w ogrodzie"}]},{"@type":"WebSite","@id":"https:\/\/rozaria.pl\/blog\/#website","url":"https:\/\/rozaria.pl\/blog\/","name":"blog Rozaria.pl","description":"Porozmawiajmy o r\u00f3\u017cach, o wszystkich sprawach","publisher":{"@id":"https:\/\/rozaria.pl\/blog\/#organization"},"potentialAction":[{"@type":"SearchAction","target":{"@type":"EntryPoint","urlTemplate":"https:\/\/rozaria.pl\/blog\/?s={search_term_string}"},"query-input":{"@type":"PropertyValueSpecification","valueRequired":true,"valueName":"search_term_string"}}],"inLanguage":"pl-PL"},{"@type":"Organization","@id":"https:\/\/rozaria.pl\/blog\/#organization","name":"Szk\u00f3\u0142ka R\u00f3\u017c Rozaria","url":"https:\/\/rozaria.pl\/blog\/","logo":{"@type":"ImageObject","inLanguage":"pl-PL","@id":"https:\/\/rozaria.pl\/blog\/#\/schema\/logo\/image\/","url":"https:\/\/rozaria.pl\/blog\/wp-content\/uploads\/2016\/12\/logo_dla-rozaria.png","contentUrl":"https:\/\/rozaria.pl\/blog\/wp-content\/uploads\/2016\/12\/logo_dla-rozaria.png","width":400,"height":166,"caption":"Szk\u00f3\u0142ka R\u00f3\u017c Rozaria"},"image":{"@id":"https:\/\/rozaria.pl\/blog\/#\/schema\/logo\/image\/"},"sameAs":["https:\/\/www.facebook.com\/SzkolkaRozRozaria\/","https:\/\/x.com\/SzkolkaRozaria","https:\/\/www.youtube.com\/channel\/UCguKKBc7F06eYM1tzYx1Z5A"]},{"@type":"Person","@id":"https:\/\/rozaria.pl\/blog\/#\/schema\/person\/31b3805d5058ea1cffed1d8efb6e2513","name":"Rozaria.pl","image":{"@type":"ImageObject","inLanguage":"pl-PL","@id":"https:\/\/rozaria.pl\/blog\/#\/schema\/person\/image\/","url":"https:\/\/secure.gravatar.com\/avatar\/36c7e4b15b333b9fb573f9e54e7fcf52?s=96&d=mm&r=g","contentUrl":"https:\/\/secure.gravatar.com\/avatar\/36c7e4b15b333b9fb573f9e54e7fcf52?s=96&d=mm&r=g","caption":"Rozaria.pl"},"sameAs":["https:\/\/www.rozaria.pl","https:\/\/www.youtube.com\/channel\/UCguKKBc7F06eYM1tzYx1Z5A"],"url":"https:\/\/rozaria.pl\/blog\/author\/1rozanka\/"}]}},"_links":{"self":[{"href":"https:\/\/rozaria.pl\/blog\/wp-json\/wp\/v2\/posts\/6406"}],"collection":[{"href":"https:\/\/rozaria.pl\/blog\/wp-json\/wp\/v2\/posts"}],"about":[{"href":"https:\/\/rozaria.pl\/blog\/wp-json\/wp\/v2\/types\/post"}],"author":[{"embeddable":true,"href":"https:\/\/rozaria.pl\/blog\/wp-json\/wp\/v2\/users\/1"}],"replies":[{"embeddable":true,"href":"https:\/\/rozaria.pl\/blog\/wp-json\/wp\/v2\/comments?post=6406"}],"version-history":[{"count":13,"href":"https:\/\/rozaria.pl\/blog\/wp-json\/wp\/v2\/posts\/6406\/revisions"}],"predecessor-version":[{"id":6434,"href":"https:\/\/rozaria.pl\/blog\/wp-json\/wp\/v2\/posts\/6406\/revisions\/6434"}],"wp:featuredmedia":[{"embeddable":true,"href":"https:\/\/rozaria.pl\/blog\/wp-json\/wp\/v2\/media\/6411"}],"wp:attachment":[{"href":"https:\/\/rozaria.pl\/blog\/wp-json\/wp\/v2\/media?parent=6406"}],"wp:term":[{"taxonomy":"category","embeddable":true,"href":"https:\/\/rozaria.pl\/blog\/wp-json\/wp\/v2\/categories?post=6406"},{"taxonomy":"post_tag","embeddable":true,"href":"https:\/\/rozaria.pl\/blog\/wp-json\/wp\/v2\/tags?post=6406"}],"curies":[{"name":"wp","href":"https:\/\/api.w.org\/{rel}","templated":true}]}}