{"id":6387,"date":"2025-01-21T19:21:35","date_gmt":"2025-01-21T18:21:35","guid":{"rendered":"https:\/\/rozaria.pl\/blog\/?p=6387"},"modified":"2025-01-22T17:55:02","modified_gmt":"2025-01-22T16:55:02","slug":"prywatnosc-w-ogrodzie","status":"publish","type":"post","link":"https:\/\/rozaria.pl\/blog\/prywatnosc-w-ogrodzie\/","title":{"rendered":"Prywatno\u015b\u0107 w ogrodzie"},"content":{"rendered":"<h2 style=\"text-align: justify;\">1. &#8220;Prywatno\u015b\u0107 w ogrodzie \u2013 jak stworzy\u0107 intymn\u0105 przestrze\u0144 z r\u00f3\u017cami&#8221;<\/h2>\n<ul>\n<li style=\"text-align: justify;\">\n<h3>Ogr\u00f3d jako przestrze\u0144 relaksu i intymno\u015bci<\/h3>\n<\/li>\n<\/ul>\n<p style=\"text-align: justify;\">Ogr\u00f3d to miejsce, kt\u00f3re cz\u0119sto staje si\u0119 przed\u0142u\u017ceniem naszego domu \u2013 przestrzeni\u0105, gdzie chcemy odpocz\u0105\u0107, zrelaksowa\u0107 si\u0119 po intensywnym dniu czy sp\u0119dzi\u0107 czas z bliskimi. Aby w pe\u0142ni cieszy\u0107 si\u0119 tym wyj\u0105tkowym miejscem, prywatno\u015b\u0107 odgrywa kluczow\u0105 rol\u0119. Komfortowy wypoczynek wymaga poczucia intymno\u015bci i odci\u0119cia od \u015bwiata zewn\u0119trznego.<a href=\"https:\/\/rozaria.pl\/blog\/wp-content\/uploads\/2025\/01\/roze_prywatnosc_w_ogrodzie.jpg\"><img loading=\"lazy\" decoding=\"async\" class=\"wp-image-6393 size-full aligncenter\" src=\"https:\/\/rozaria.pl\/blog\/wp-content\/uploads\/2025\/01\/roze_prywatnosc_w_ogrodzie.jpg\" alt=\"r\u00f3\u017ce prywatno\u015b\u0107 w ogrodzie\" width=\"800\" height=\"534\" srcset=\"https:\/\/rozaria.pl\/blog\/wp-content\/uploads\/2025\/01\/roze_prywatnosc_w_ogrodzie-150x100.jpg 150w, https:\/\/rozaria.pl\/blog\/wp-content\/uploads\/2025\/01\/roze_prywatnosc_w_ogrodzie-200x134.jpg 200w, https:\/\/rozaria.pl\/blog\/wp-content\/uploads\/2025\/01\/roze_prywatnosc_w_ogrodzie-300x200.jpg 300w, https:\/\/rozaria.pl\/blog\/wp-content\/uploads\/2025\/01\/roze_prywatnosc_w_ogrodzie-400x267.jpg 400w, https:\/\/rozaria.pl\/blog\/wp-content\/uploads\/2025\/01\/roze_prywatnosc_w_ogrodzie-600x401.jpg 600w, https:\/\/rozaria.pl\/blog\/wp-content\/uploads\/2025\/01\/roze_prywatnosc_w_ogrodzie-768x513.jpg 768w, https:\/\/rozaria.pl\/blog\/wp-content\/uploads\/2025\/01\/roze_prywatnosc_w_ogrodzie.jpg 800w\" sizes=\"(max-width: 800px) 100vw, 800px\" \/><\/a><\/p>\n<ul>\n<li style=\"text-align: justify;\">\n<h3>Dlaczego prywatno\u015b\u0107 we w\u0142asnym ogrodzie jest tak istotna?<\/h3>\n<\/li>\n<\/ul>\n<p style=\"text-align: justify;\">W dzisiejszych czasach, gdy przestrzenie mieszkalne coraz cz\u0119\u015bciej znajduj\u0105 si\u0119 blisko siebie, a ogrody nierzadko granicz\u0105 z s\u0105siadami lub ruchliwymi ulicami, stworzenie prywatnej enklawy staje si\u0119 wyzwaniem. Widok z okien s\u0105siednich dom\u00f3w czy spojrzenia przechodni\u00f3w mog\u0105 powodowa\u0107 dyskomfort i ogranicza\u0107 swobod\u0119 w korzystaniu z ogrodu. Os\u0142oni\u0119cie si\u0119 od tych czynnik\u00f3w pozwala w pe\u0142ni wykorzysta\u0107 potencja\u0142 ogrodu jako miejsca relaksu, intymnych spotka\u0144 czy medytacji.<\/p>\n<ul>\n<li style=\"text-align: justify;\">\n<h3>Prywatno\u015b\u0107 i estetyka w jednym<\/h3>\n<\/li>\n<\/ul>\n<p style=\"text-align: justify;\">Prywatno\u015b\u0107 w ogrodzie to nie tylko komfort i swoboda, ale tak\u017ce spos\u00f3b na podniesienie walor\u00f3w estetycznych przestrzeni. Odpowiednie os\u0142oni\u0119cie \u2013 na przyk\u0142ad za pomoc\u0105 \u017cywop\u0142ot\u00f3w, pergoli z r\u00f3\u017cami czy pn\u0105czy \u2013 pomaga stworzy\u0107 harmonijn\u0105, funkcjonaln\u0105 i pi\u0119kn\u0105 przestrze\u0144. Ro\u015bliny takie jak r\u00f3\u017ce nie tylko zas\u0142aniaj\u0105 niechciane widoki, ale tak\u017ce wprowadzaj\u0105 zapach i barw\u0119, kt\u00f3re dodaj\u0105 ogrodowi wyj\u0105tkowego charakteru.<\/p>\n<p style=\"text-align: justify;\">W dalszej cz\u0119\u015bci artyku\u0142u przedstawimy praktyczne pomys\u0142y na zapewnienie prywatno\u015bci w ogrodzie, wykorzystuj\u0105c r\u00f3\u017ce parkowe i pn\u0105ce jako naturalne, a zarazem efektowne rozwi\u0105zanie.<\/p>\n<h2 style=\"text-align: justify;\">2. R\u00f3\u017ce jako naturalne \u017cywop\u0142oty<\/h2>\n<h3 style=\"text-align: justify;\"><span style=\"text-decoration: underline;\">2.1. Dlaczego r\u00f3\u017ce?<\/span><\/h3>\n<p style=\"text-align: justify;\"><em><strong><span style=\"text-decoration: underline;\">R\u00f3\u017ce jako nieoczywiste, ale efektowne rozwi\u0105zanie<\/span><\/strong><\/em><\/p>\n<div id=\"attachment_6394\" style=\"width: 460px\" class=\"wp-caption alignleft\"><a href=\"https:\/\/rozaria.pl\/rozowe-roze-pnace-Ross-Ami\"><img loading=\"lazy\" decoding=\"async\" aria-describedby=\"caption-attachment-6394\" class=\"wp-image-6394 size-full\" src=\"https:\/\/rozaria.pl\/blog\/wp-content\/uploads\/2025\/01\/rosarium_prywatnosc_w_ogrodzie.jpg\" alt=\"szpaler prywatno\u015b\u0107 w ogrodzie\" width=\"450\" height=\"800\" srcset=\"https:\/\/rozaria.pl\/blog\/wp-content\/uploads\/2025\/01\/rosarium_prywatnosc_w_ogrodzie-84x150.jpg 84w, https:\/\/rozaria.pl\/blog\/wp-content\/uploads\/2025\/01\/rosarium_prywatnosc_w_ogrodzie-169x300.jpg 169w, https:\/\/rozaria.pl\/blog\/wp-content\/uploads\/2025\/01\/rosarium_prywatnosc_w_ogrodzie-200x356.jpg 200w, https:\/\/rozaria.pl\/blog\/wp-content\/uploads\/2025\/01\/rosarium_prywatnosc_w_ogrodzie-400x711.jpg 400w, https:\/\/rozaria.pl\/blog\/wp-content\/uploads\/2025\/01\/rosarium_prywatnosc_w_ogrodzie.jpg 450w\" sizes=\"(max-width: 450px) 100vw, 450px\" \/><\/a><p id=\"caption-attachment-6394\" class=\"wp-caption-text\">r\u00f3\u017ca pn\u0105ca odmiana Rosarium\/ Ross Ami<\/p><\/div>\n<p style=\"text-align: justify;\">Kiedy my\u015blimy o zapewnieniu prywatno\u015bci w ogrodzie, zwykle na my\u015bl przychodz\u0105 tradycyjne \u017cywop\u0142oty z tuj, ligustru czy grabu. R\u00f3\u017ce jednak, cho\u0107 mniej oczywiste, stanowi\u0105 doskona\u0142\u0105 alternatyw\u0119 \u2013 s\u0105 zar\u00f3wno pi\u0119kne, jak i funkcjonalne. Ich r\u00f3\u017cnorodno\u015b\u0107 odmian pozwala na tworzenie zar\u00f3wno niskich, formalnych \u017cywop\u0142ot\u00f3w, jak i bujnych, swobodnych \u015bcian zieleni, kt\u00f3re skutecznie zas\u0142aniaj\u0105 niechciane widoki.<\/p>\n<p style=\"text-align: justify;\">R\u00f3\u017ce wprowadzaj\u0105 niepowtarzalny klimat do ogrodu dzi\u0119ki swojej urodzie i zapachowi, kt\u00f3ry dzia\u0142a relaksuj\u0105co i tworzy wyj\u0105tkow\u0105 atmosfer\u0119. Opr\u00f3cz walor\u00f3w estetycznych, kolce r\u00f3\u017c pe\u0142ni\u0105 tak\u017ce funkcj\u0119 ochronn\u0105, co czyni je doskona\u0142ym wyborem dla os\u00f3b, kt\u00f3re chc\u0105 os\u0142oni\u0107 sw\u00f3j ogr\u00f3d, zachowuj\u0105c jednocze\u015bnie bezpiecze\u0144stwo. W dalszej cz\u0119\u015bci artyku\u0142u dowiesz si\u0119, jak wykorzysta\u0107 r\u00f3\u017ce jako naturalne \u017cywop\u0142oty, kt\u00f3re b\u0119d\u0105 nie tylko pi\u0119kn\u0105 ozdob\u0105, ale tak\u017ce praktycznym elementem aran\u017cacji.<\/p>\n<p style=\"text-align: justify;\"><span style=\"text-decoration: underline;\"><strong><em>R\u00f3\u017ce jako naturalne \u017cywop\u0142oty<\/em><\/strong><\/span><br \/>\nDlaczego r\u00f3\u017ce s\u0105 idealne na \u017cywop\u0142oty?<br \/>\nR\u00f3\u017ce to ro\u015bliny, kt\u00f3re doskonale sprawdzaj\u0105 si\u0119 jako \u017cywop\u0142oty, zar\u00f3wno w du\u017cych ogrodach, jak i w mniejszych przestrzeniach. Ich zalet\u0105 jest g\u0119sty pokr\u00f3j, kt\u00f3ry skutecznie zas\u0142ania ogr\u00f3d od \u015bwiata zewn\u0119trznego. Wiele odmian r\u00f3\u017c parkowych i pn\u0105cych charakteryzuje si\u0119 du\u017c\u0105 odporno\u015bci\u0105 na trudne warunki atmosferyczne oraz d\u0142ugim okresem kwitnienia, co sprawia, \u017ce \u017cywop\u0142ot z r\u00f3\u017c jest nie tylko funkcjonalny, ale tak\u017ce dekoracyjny przez wiele miesi\u0119cy w roku.<\/p>\n<p style=\"text-align: justify;\">R\u00f3\u017ce mog\u0105 by\u0107 r\u00f3wnie\u017c alternatyw\u0105 dla tradycyjnych ogrodze\u0144 \u2013 wprowadzaj\u0105 lekko\u015b\u0107 i naturalno\u015b\u0107, a jednocze\u015bnie dodaj\u0105 ogrodowi elegancji. Dzi\u0119ki szerokiemu wyborowi odmian, mo\u017cliwe jest dostosowanie ich do ka\u017cdego stylu ogrodu \u2013 od romantycznego po nowoczesny.<\/p>\n<h3 style=\"text-align: justify;\"><span style=\"text-decoration: underline;\">2.2. R\u00f3\u017ce parkowe jako \u017cywop\u0142oty &#8211; pi\u0119kne i niezawodne<\/span><\/h3>\n<p style=\"text-align: justify;\">R\u00f3\u017ce parkowe to idealny wyb\u00f3r dla os\u00f3b poszukuj\u0105cych g\u0119stych, trwa\u0142ych i \u0142atwych w uprawie \u017cywop\u0142ot\u00f3w. Charakteryzuj\u0105 si\u0119 one obfitym kwitnieniem i silnym wzrostem, co pozwala szybko uzyska\u0107 os\u0142on\u0119 w ogrodzie. Popularne odmiany, takie jak Rosa rugosa czy Rosa gallica, maj\u0105 du\u017ce, pachn\u0105ce kwiaty i s\u0105 odporne na choroby, co minimalizuje wymagania piel\u0119gnacyjne.<\/p>\n<p style=\"text-align: justify;\"><span style=\"text-decoration: underline;\">Zalety r\u00f3\u017c parkowych na \u017cywop\u0142ot:<\/span><\/p>\n<p style=\"text-align: justify;\">G\u0119sty pokr\u00f3j zapewniaj\u0105cy prywatno\u015b\u0107.<br \/>\nNiskie wymagania piel\u0119gnacyjne \u2013 doskonale radz\u0105 sobie w trudniejszych warunkach.<br \/>\nD\u0142ugotrwa\u0142e kwitnienie i atrakcyjny wygl\u0105d przez ca\u0142y sezon.<br \/>\nPiel\u0119gnacja r\u00f3\u017c parkowych ogranicza si\u0119 do corocznego przycinania, kt\u00f3re pozwala utrzyma\u0107 ich kszta\u0142t i stymuluje obfite kwitnienie. Sadz\u0105c je w odpowiednich odst\u0119pach (zwykle 50-100 cm w zale\u017cno\u015bci od odmiany), mo\u017cna szybko uzyska\u0107 efektown\u0105, naturaln\u0105 barier\u0119.<\/p>\n<h3 style=\"text-align: justify;\"><span style=\"text-decoration: underline;\">2.3. R\u00f3\u017ce pn\u0105ce &#8211; \u017cywop\u0142oty na podporach<\/span><\/h3>\n<p style=\"text-align: justify;\"><a href=\"https:\/\/rozaria.pl\/blog\/wp-content\/uploads\/2025\/01\/sciana_rozy_pnacej_prywatnosc_w_ogrodzie.jpg\"><img loading=\"lazy\" decoding=\"async\" class=\"alignleft size-medium wp-image-6395\" src=\"https:\/\/rozaria.pl\/blog\/wp-content\/uploads\/2025\/01\/sciana_rozy_pnacej_prywatnosc_w_ogrodzie-300x197.jpg\" alt=\"prywatno\u015b\u0107\" width=\"300\" height=\"197\" srcset=\"https:\/\/rozaria.pl\/blog\/wp-content\/uploads\/2025\/01\/sciana_rozy_pnacej_prywatnosc_w_ogrodzie-150x99.jpg 150w, https:\/\/rozaria.pl\/blog\/wp-content\/uploads\/2025\/01\/sciana_rozy_pnacej_prywatnosc_w_ogrodzie-200x132.jpg 200w, https:\/\/rozaria.pl\/blog\/wp-content\/uploads\/2025\/01\/sciana_rozy_pnacej_prywatnosc_w_ogrodzie-300x197.jpg 300w, https:\/\/rozaria.pl\/blog\/wp-content\/uploads\/2025\/01\/sciana_rozy_pnacej_prywatnosc_w_ogrodzie-400x263.jpg 400w, https:\/\/rozaria.pl\/blog\/wp-content\/uploads\/2025\/01\/sciana_rozy_pnacej_prywatnosc_w_ogrodzie-600x395.jpg 600w, https:\/\/rozaria.pl\/blog\/wp-content\/uploads\/2025\/01\/sciana_rozy_pnacej_prywatnosc_w_ogrodzie-768x506.jpg 768w, https:\/\/rozaria.pl\/blog\/wp-content\/uploads\/2025\/01\/sciana_rozy_pnacej_prywatnosc_w_ogrodzie-800x527.jpg 800w, https:\/\/rozaria.pl\/blog\/wp-content\/uploads\/2025\/01\/sciana_rozy_pnacej_prywatnosc_w_ogrodzie.jpg 1024w\" sizes=\"(max-width: 300px) 100vw, 300px\" \/><\/a>R\u00f3\u017ce pn\u0105ce to idealne rozwi\u0105zanie, je\u015bli chcesz os\u0142oni\u0107 wy\u017csze partie ogrodu, takie jak p\u0142oty, pergole czy trelia\u017ce. Te ro\u015bliny maj\u0105 zdolno\u015b\u0107 do szybkiego wzrostu i wytwarzania d\u0142ugich p\u0119d\u00f3w, kt\u00f3re mo\u017cna \u0142atwo prowadzi\u0107 po podporach. Dzi\u0119ki temu r\u00f3\u017ce pn\u0105ce \u015bwietnie sprawdzaj\u0105 si\u0119 jako \u017cywe \u015bciany os\u0142aniaj\u0105ce od spojrze\u0144 s\u0105siad\u00f3w lub przechodni\u00f3w.<\/p>\n<div id=\"attachment_6397\" style=\"width: 235px\" class=\"wp-caption alignright\"><a href=\"https:\/\/rozaria.pl\/blog\/wp-content\/uploads\/2025\/01\/ghislane-de-feligonde-sciana.jpg\"><img loading=\"lazy\" decoding=\"async\" aria-describedby=\"caption-attachment-6397\" class=\"wp-image-6397 size-medium\" src=\"https:\/\/rozaria.pl\/blog\/wp-content\/uploads\/2025\/01\/ghislane-de-feligonde-sciana-225x300.jpg\" alt=\"szpaler\" width=\"225\" height=\"300\" srcset=\"https:\/\/rozaria.pl\/blog\/wp-content\/uploads\/2025\/01\/ghislane-de-feligonde-sciana-113x150.jpg 113w, https:\/\/rozaria.pl\/blog\/wp-content\/uploads\/2025\/01\/ghislane-de-feligonde-sciana-200x267.jpg 200w, https:\/\/rozaria.pl\/blog\/wp-content\/uploads\/2025\/01\/ghislane-de-feligonde-sciana-225x300.jpg 225w, https:\/\/rozaria.pl\/blog\/wp-content\/uploads\/2025\/01\/ghislane-de-feligonde-sciana-400x533.jpg 400w, https:\/\/rozaria.pl\/blog\/wp-content\/uploads\/2025\/01\/ghislane-de-feligonde-sciana.jpg 600w\" sizes=\"(max-width: 225px) 100vw, 225px\" \/><\/a><p id=\"caption-attachment-6397\" class=\"wp-caption-text\">odmiana historyczna &#8211; Gizelka\/ Ghislaine de Feligonde<\/p><\/div>\n<p style=\"text-align: justify;\">Najpopularniejsze odmiany r\u00f3\u017c pn\u0105cych, takie jak <a href=\"https:\/\/rozaria.pl\/roze-na-pergole-new-dawn\">\u2018New Dawn\u2019<\/a> czy <a href=\"https:\/\/rozaria.pl\/rozowe-roze-pnace-Ross-Ami\">\u2018Rosarium Uetersen\u2019<\/a>, zachwycaj\u0105 du\u017cymi, pachn\u0105cymi kwiatami i maj\u0105 stosunkowo niskie wymagania piel\u0119gnacyjne. Wystarczy zapewni\u0107 im regularne ci\u0119cie i nawo\u017cenie, aby ros\u0142y bujnie i kwit\u0142y przez ca\u0142y sezon.<\/p>\n<p style=\"text-align: justify;\"><span style=\"text-decoration: underline;\">Zalety r\u00f3\u017c pn\u0105cych na \u017cywop\u0142oty:<\/span><\/p>\n<p style=\"text-align: justify;\">Szybki wzrost, kt\u00f3ry pozwala na szybkie stworzenie os\u0142ony.<br \/>\nMo\u017cliwo\u015b\u0107 pokrycia wi\u0119kszej wysoko\u015bci ni\u017c tradycyjne \u017cywop\u0142oty.<br \/>\nSpektakularne kwitnienie, kt\u00f3re nadaje ogrodowi wyj\u0105tkowy urok.<br \/>\nPraktyczne wskaz\u00f3wki dotycz\u0105ce r\u00f3\u017canych \u017cywop\u0142ot\u00f3w<br \/>\nStanowisko i gleba: R\u00f3\u017ce najlepiej rosn\u0105 w miejscach s\u0142onecznych i na przepuszczalnej glebie. Aby poprawi\u0107 jako\u015b\u0107 pod\u0142o\u017ca, warto wzbogaci\u0107 je kompostem przed sadzeniem.<br \/>\nSadzenie: R\u00f3\u017ce parkowe nale\u017cy sadzi\u0107 w rozstawie 50-100 cm, a pn\u0105ce przy podporach lub ogrodzeniach.<br \/>\nCi\u0119cie: Regularne przycinanie stymuluje wzrost i obfite kwitnienie.<br \/>\nNawo\u017cenie: R\u00f3\u017ce potrzebuj\u0105 regularnego nawo\u017cenia, zw\u0142aszcza wiosn\u0105 i latem, aby zachowa\u0107 zdrowy wygl\u0105d i obfite kwitnienie.<br \/>\n\u017bywop\u0142oty z r\u00f3\u017c to rozwi\u0105zanie, kt\u00f3re \u0142\u0105czy funkcjonalno\u015b\u0107 z niepowtarzalnym urokiem \u2013 skutecznie os\u0142ania ogr\u00f3d, dodaj\u0105c mu jednocze\u015bnie charakteru i elegancji. W kolejnych cz\u0119\u015bciach artyku\u0142u przyjrzymy si\u0119 projektowaniu intymnych zak\u0105tk\u00f3w z r\u00f3\u017cami oraz inspiracjom do aran\u017cacji.<\/p>\n<h2 style=\"text-align: justify;\">3. Komponowanie r\u00f3\u017c z innymi ro\u015blinami<\/h2>\n<div id=\"attachment_6396\" style=\"width: 310px\" class=\"wp-caption alignleft\"><a href=\"https:\/\/rozaria.pl\/blog\/wp-content\/uploads\/2025\/01\/roza-angela.jpg\"><img loading=\"lazy\" decoding=\"async\" aria-describedby=\"caption-attachment-6396\" class=\"wp-image-6396 size-medium\" src=\"https:\/\/rozaria.pl\/blog\/wp-content\/uploads\/2025\/01\/roza-angela-300x200.jpg\" alt=\"inspiracje na prywatnosc\" width=\"300\" height=\"200\" srcset=\"https:\/\/rozaria.pl\/blog\/wp-content\/uploads\/2025\/01\/roza-angela-150x100.jpg 150w, https:\/\/rozaria.pl\/blog\/wp-content\/uploads\/2025\/01\/roza-angela-200x134.jpg 200w, https:\/\/rozaria.pl\/blog\/wp-content\/uploads\/2025\/01\/roza-angela-300x200.jpg 300w, https:\/\/rozaria.pl\/blog\/wp-content\/uploads\/2025\/01\/roza-angela-400x267.jpg 400w, https:\/\/rozaria.pl\/blog\/wp-content\/uploads\/2025\/01\/roza-angela-600x401.jpg 600w, https:\/\/rozaria.pl\/blog\/wp-content\/uploads\/2025\/01\/roza-angela-768x513.jpg 768w, https:\/\/rozaria.pl\/blog\/wp-content\/uploads\/2025\/01\/roza-angela.jpg 800w\" sizes=\"(max-width: 300px) 100vw, 300px\" \/><\/a><p id=\"caption-attachment-6396\" class=\"wp-caption-text\">odmiana Angela<\/p><\/div>\n<p style=\"text-align: justify;\">R\u00f3\u017ce, cho\u0107 pi\u0119kne same w sobie, nabieraj\u0105 jeszcze wi\u0119kszego uroku, gdy zostan\u0105 umiej\u0119tnie skomponowane z innymi ro\u015blinami. Odpowiednie po\u0142\u0105czenia mog\u0105 wzbogaci\u0107 wygl\u0105d ogrodu, nadaj\u0105c mu g\u0142\u0119bi, harmonii i r\u00f3\u017cnorodno\u015bci.<\/p>\n<h3 style=\"text-align: justify;\"><em>3.1. R\u00f3\u017ce z bylinami i trawami ozdobnymi<\/em><\/h3>\n<p style=\"text-align: justify;\">Byliny i trawy ozdobne to doskona\u0142e towarzystwo dla r\u00f3\u017c. Tworz\u0105 one mi\u0119kkie, naturalne przej\u015bcia mi\u0119dzy rabatami, podkre\u015blaj\u0105c elegancj\u0119 r\u00f3\u017c, a jednocze\u015bnie \u0142agodz\u0105c ich wyrazisty charakter. Dobrze sprawdzaj\u0105 si\u0119 tutaj ro\u015bliny takie jak sza\u0142wia, lawenda czy kocimi\u0119tka, kt\u00f3re nie tylko pi\u0119knie kontrastuj\u0105 z r\u00f3\u017cami, ale tak\u017ce przyci\u0105gaj\u0105 zapylacze i wspieraj\u0105 zdrowy ekosystem ogrodu. Trawy ozdobne, takie jak miskanty czy kostrzewy, wprowadzaj\u0105 lekko\u015b\u0107 i ruch, co \u015bwietnie wsp\u00f3\u0142gra z bujnymi kwiatami r\u00f3\u017c.<\/p>\n<h3 style=\"text-align: justify;\"><em>3.2. \u0141\u0105czenie r\u00f3\u017c z drzewami i krzewami<\/em><\/h3>\n<p style=\"text-align: justify;\">Dodanie drzew i krzew\u00f3w li\u015bciastych lub iglastych pozwala urozmaici\u0107 wysoko\u015b\u0107 kompozycji w ogrodzie. R\u00f3\u017ce parkowe \u015bwietnie prezentuj\u0105 si\u0119 na tle \u017cywotnik\u00f3w, bukszpan\u00f3w czy grab\u00f3w, kt\u00f3re tworz\u0105 neutralne t\u0142o podkre\u015blaj\u0105ce ich kwiaty. Drzewa o delikatnych li\u015bciach, takie jak brzozy, wprowadzaj\u0105 wra\u017cenie lekko\u015bci, podczas gdy iglaki, jak ja\u0142owce czy cisy, zapewniaj\u0105 ca\u0142oroczn\u0105 struktur\u0119. Tego rodzaju po\u0142\u0105czenia sprawiaj\u0105, \u017ce ogr\u00f3d jest ciekawy wizualnie przez ca\u0142y rok.<\/p>\n<h2 style=\"text-align: justify;\">4. Praktyczne wskaz\u00f3wki<\/h2>\n<p style=\"text-align: justify;\"><span style=\"text-decoration: underline;\">Odpowiedni dob\u00f3r stanowiska:<\/span> R\u00f3\u017ce najlepiej rosn\u0105 na s\u0142onecznych stanowiskach, ale warto zwr\u00f3ci\u0107 uwag\u0119 na potrzeby ro\u015blin towarzysz\u0105cych, by harmonijnie wsp\u00f3\u0142gra\u0142y.<br \/>\n<span style=\"text-decoration: underline;\">Planowanie kompozycji:<\/span> Uk\u0142adaj ro\u015bliny w grupach, uwzgl\u0119dniaj\u0105c ich wysoko\u015b\u0107 i sezonowo\u015b\u0107 \u2013 r\u00f3\u017ce mog\u0105 by\u0107 centralnym punktem, otoczonym ni\u017cszymi bylinami lub trawami.<br \/>\n<span style=\"text-decoration: underline;\">Kolory i faktury:<\/span> Zwr\u00f3\u0107 uwag\u0119 na zestawienia kolor\u00f3w i faktur \u2013 intensywne barwy r\u00f3\u017c dobrze komponuj\u0105 si\u0119 z ro\u015blinami o srebrzystych li\u015bciach, jak lawenda czy czy\u015bciec, a delikatne pastelowe r\u00f3\u017ce pi\u0119knie kontrastuj\u0105 z ciemn\u0105 zieleni\u0105 krzew\u00f3w iglastych.<br \/>\n<span style=\"text-decoration: underline;\">Piel\u0119gnacja:<\/span> Regularne nawo\u017cenie i podlewanie r\u00f3\u017c jest kluczowe, ale pami\u0119taj r\u00f3wnie\u017c o potrzebach innych ro\u015blin w kompozycji, aby ca\u0142o\u015b\u0107 pozosta\u0142a zdrowa i efektowna.<br \/>\nTakie zestawienia sprawiaj\u0105, \u017ce r\u00f3\u017ce staj\u0105 si\u0119 integraln\u0105 cz\u0119\u015bci\u0105 r\u00f3\u017cnorodnego, dynamicznego ogrodu, a nie tylko samotnym akcentem w rabacie. Dzi\u0119ki temu ogr\u00f3d zyskuje na uroku i funkcjonalno\u015bci przez ca\u0142y rok.<\/p>\n<h2 style=\"text-align: justify;\">5. Inspiracje i przyk\u0142ady aran\u017cacji<\/h2>\n<p style=\"text-align: justify;\">Oto kilka pomys\u0142\u00f3w do ogrod\u00f3w o r\u00f3\u017cnym odmiennym charakterze. Mam nadziej\u0119, \u017ce kt\u00f3ry\u015b z pomys\u0142\u00f3w Was zainspiruje.<\/p>\n<ul>\n<li style=\"text-align: justify;\">\n<h3><span style=\"text-decoration: underline;\"><strong>Ogr\u00f3d romantyczny z r\u00f3\u017canymi \u017cywop\u0142otami<\/strong><\/span><\/h3>\n<\/li>\n<\/ul>\n<div id=\"attachment_6399\" style=\"width: 235px\" class=\"wp-caption alignright\"><a href=\"https:\/\/rozaria.pl\/roze-parkowe-Ed-Sharazan\"><img loading=\"lazy\" decoding=\"async\" aria-describedby=\"caption-attachment-6399\" class=\"wp-image-6399 size-medium\" src=\"https:\/\/rozaria.pl\/blog\/wp-content\/uploads\/2025\/01\/ed-sharazan-225x300.jpg\" alt=\"\" width=\"225\" height=\"300\" srcset=\"https:\/\/rozaria.pl\/blog\/wp-content\/uploads\/2025\/01\/ed-sharazan-113x150.jpg 113w, https:\/\/rozaria.pl\/blog\/wp-content\/uploads\/2025\/01\/ed-sharazan-200x267.jpg 200w, https:\/\/rozaria.pl\/blog\/wp-content\/uploads\/2025\/01\/ed-sharazan-225x300.jpg 225w, https:\/\/rozaria.pl\/blog\/wp-content\/uploads\/2025\/01\/ed-sharazan-400x533.jpg 400w, https:\/\/rozaria.pl\/blog\/wp-content\/uploads\/2025\/01\/ed-sharazan.jpg 600w\" sizes=\"(max-width: 225px) 100vw, 225px\" \/><\/a><p id=\"caption-attachment-6399\" class=\"wp-caption-text\">odmiana Pierre de Ronsard\/ Ed Sharazan<\/p><\/div>\n<p style=\"text-align: justify;\">Romantyczny ogr\u00f3d to miejsce pe\u0142ne uroku i nostalgii, gdzie r\u00f3\u017ce odgrywaj\u0105 g\u0142\u00f3wn\u0105 rol\u0119. \u017bywop\u0142oty z r\u00f3\u017c parkowych, takich jak Rosa gallica czy Rosa rugosa, tworz\u0105 intymne, pachn\u0105ce przestrzenie idealne do relaksu. W po\u0142\u0105czeniu z pergolami oplecionymi r\u00f3\u017cami pn\u0105cymi, jak <a href=\"https:\/\/rozaria.pl\/roze-parkowe-Ed-Sharazan\">\u2018Pierre de Ronsard\u2019<\/a>, oraz meblami w stylu vintage, taki ogr\u00f3d zachwyca nastrojem i elegancj\u0105.<\/p>\n<ul>\n<li style=\"text-align: justify;\">\n<h3><strong><span style=\"text-decoration: underline;\">Nowoczesne aran\u017cacje z r\u00f3\u017cami na treja\u017cach<\/span><\/strong><\/h3>\n<\/li>\n<\/ul>\n<p style=\"text-align: justify;\">W nowoczesnych ogrodach r\u00f3\u017ce \u015bwietnie prezentuj\u0105 si\u0119 jako element kontrastuj\u0105cy z prostymi liniami i geometrycznymi formami. R\u00f3\u017ce pn\u0105ce, jak <a href=\"https:\/\/rozaria.pl\/roze-na-pergole-new-dawn\">\u2018New Dawn\u2019<\/a> czy <a href=\"https:\/\/rozaria.pl\/rozowe-roze-pnace-Ross-Ami\">\u2018Rosarium Uetersen\u2019<\/a>, prowadzone na minimalistycznych trelia\u017cach z metalu lub drewna, wprowadzaj\u0105 kolor i mi\u0119kko\u015b\u0107, jednocze\u015bnie zapewniaj\u0105c prywatno\u015b\u0107. Takie rozwi\u0105zanie idealnie pasuje do przestrzeni w stylu urban jungle lub nowoczesnych taras\u00f3w.<\/p>\n<ul>\n<li style=\"text-align: justify;\"><span style=\"text-decoration: underline;\"><strong>Ogr\u00f3d wiejski z naturalnymi, swobodnymi \u017cywop\u0142otami<\/strong><\/span><\/li>\n<\/ul>\n<p style=\"text-align: justify;\">W ogrodach wiejskich kr\u00f3luje swoboda i naturalno\u015b\u0107. \u017bywop\u0142oty z r\u00f3\u017c parkowych, prowadzonych w lu\u017anym stylu, doskonale wpisuj\u0105 si\u0119 w rustykalny charakter takich aran\u017cacji.<\/p>\n<div id=\"attachment_6398\" style=\"width: 810px\" class=\"wp-caption aligncenter\"><a href=\"https:\/\/rozaria.pl\/blog\/wp-content\/uploads\/2025\/01\/szpaler.jpg\"><img loading=\"lazy\" decoding=\"async\" aria-describedby=\"caption-attachment-6398\" class=\"wp-image-6398 size-full\" src=\"https:\/\/rozaria.pl\/blog\/wp-content\/uploads\/2025\/01\/szpaler.jpg\" alt=\"wiejski szpaler\" width=\"800\" height=\"450\" srcset=\"https:\/\/rozaria.pl\/blog\/wp-content\/uploads\/2025\/01\/szpaler-150x84.jpg 150w, https:\/\/rozaria.pl\/blog\/wp-content\/uploads\/2025\/01\/szpaler-200x113.jpg 200w, https:\/\/rozaria.pl\/blog\/wp-content\/uploads\/2025\/01\/szpaler-300x169.jpg 300w, https:\/\/rozaria.pl\/blog\/wp-content\/uploads\/2025\/01\/szpaler-400x225.jpg 400w, https:\/\/rozaria.pl\/blog\/wp-content\/uploads\/2025\/01\/szpaler-600x338.jpg 600w, https:\/\/rozaria.pl\/blog\/wp-content\/uploads\/2025\/01\/szpaler-768x432.jpg 768w, https:\/\/rozaria.pl\/blog\/wp-content\/uploads\/2025\/01\/szpaler.jpg 800w\" sizes=\"(max-width: 800px) 100vw, 800px\" \/><\/a><p id=\"caption-attachment-6398\" class=\"wp-caption-text\">szpaler z r\u00f3\u017c parkowych i pn\u0105cych w ogrodzie wiejskim: od lewej odmiany: Robusta, Gizelka, Westerland<\/p><\/div>\n<p style=\"text-align: justify;\">Odmiany o dzikim pokroju, jak Rosa canina, mog\u0105 by\u0107 uzupe\u0142nione innymi tradycyjnymi ro\u015blinami, takimi jak malwy czy floks, tworz\u0105c harmonijn\u0105, sielsk\u0105 atmosfer\u0119.<\/p>\n<p style=\"text-align: justify;\">Ka\u017cdy z tych styl\u00f3w udowadnia, \u017ce r\u00f3\u017ce to wszechstronne ro\u015bliny, kt\u00f3re mog\u0105 nada\u0107 ogrodowi wyj\u0105tkowy charakter, jednocze\u015bnie dbaj\u0105c o prywatno\u015b\u0107.<\/p>\n<h2 style=\"text-align: justify;\">6. Podsumowanie i zaproszenie do dzia\u0142ania<\/h2>\n<p style=\"text-align: justify;\">R\u00f3\u017ce to nie tylko jedne z najpi\u0119kniejszych ro\u015blin ozdobnych, ale tak\u017ce praktyczne rozwi\u0105zanie dla zapewnienia prywatno\u015bci w ogrodzie. Dzi\u0119ki r\u00f3\u017cnorodno\u015bci odmian \u2013 od g\u0119stych r\u00f3\u017c parkowych po efektowne r\u00f3\u017ce pn\u0105ce \u2013 mo\u017cna stworzy\u0107 niepowtarzalne aran\u017cacje dostosowane do ka\u017cdego stylu ogrodu. \u017bywop\u0142oty, pergole czy trelia\u017ce z r\u00f3\u017c to nie tylko os\u0142ona przed spojrzeniami, ale tak\u017ce wyj\u0105tkowa ozdoba, kt\u00f3ra wprowadza kolor, zapach i harmoni\u0119.<\/p>\n<p style=\"text-align: justify;\">Zapraszamy do odwiedzenia naszej szk\u00f3\u0142ki r\u00f3\u017c, gdzie znajdziesz bogaty wyb\u00f3r odmian idealnych na \u017cywop\u0142oty i aran\u017cacje ogrodowe. Skorzystaj z porad naszych specjalist\u00f3w, kt\u00f3rzy pomog\u0105 Ci wybra\u0107 odpowiednie ro\u015bliny i zaprojektowa\u0107 w\u0142asn\u0105 r\u00f3\u017can\u0105 przestrze\u0144. Zrealizuj swoje marzenia o pi\u0119knym, pe\u0142nym prywatno\u015bci ogrodzie \u2013 zacznij od r\u00f3\u017c! \ud83d\ude0a<\/p>\n","protected":false},"excerpt":{"rendered":"<p>1. &#8220;Prywatno\u015b\u0107 w ogrodzie \u2013 jak stworzy\u0107 intymn\u0105 przestrze\u0144 z r\u00f3\u017cami&#8221; Ogr\u00f3d jako przestrze\u0144 relaksu i intymno\u015bci Ogr\u00f3d to miejsce, kt\u00f3re cz\u0119sto staje si\u0119 przed\u0142u\u017ceniem naszego domu \u2013 przestrzeni\u0105, gdzie chcemy odpocz\u0105\u0107, zrelaksowa\u0107 si\u0119 po intensywnym dniu czy sp\u0119dzi\u0107 czas [&hellip;]<\/p>\n","protected":false},"author":1,"featured_media":6392,"comment_status":"open","ping_status":"open","sticky":false,"template":"","format":"standard","meta":{"_mi_skip_tracking":false,"_monsterinsights_sitenote_active":false,"_monsterinsights_sitenote_note":"","_monsterinsights_sitenote_category":0,"footnotes":""},"categories":[4,124],"tags":[],"yoast_head":"<!-- This site is optimized with the Yoast SEO plugin v23.5 - https:\/\/yoast.com\/wordpress\/plugins\/seo\/ -->\n<title>Prywatno\u015b\u0107 w ogrodzie - blog Rozaria.pl<\/title>\n<meta name=\"description\" content=\"Marzysz o prywatno\u015bci w swoim ogrodzie? R\u00f3\u017ce to nie tylko pi\u0119kne kwiaty, ale tak\u017ce doskona\u0142y spos\u00f3b na stworzenie naturalnej bariery.\" \/>\n<meta name=\"robots\" content=\"index, follow, max-snippet:-1, max-image-preview:large, max-video-preview:-1\" \/>\n<link rel=\"canonical\" href=\"https:\/\/rozaria.pl\/blog\/prywatnosc-w-ogrodzie\/\" \/>\n<meta property=\"og:locale\" content=\"pl_PL\" \/>\n<meta property=\"og:type\" content=\"article\" \/>\n<meta property=\"og:title\" content=\"Prywatno\u015b\u0107 w ogrodzie - blog Rozaria.pl\" \/>\n<meta property=\"og:description\" content=\"Marzysz o prywatno\u015bci w swoim ogrodzie? R\u00f3\u017ce to nie tylko pi\u0119kne kwiaty, ale tak\u017ce doskona\u0142y spos\u00f3b na stworzenie naturalnej bariery.\" \/>\n<meta property=\"og:url\" content=\"https:\/\/rozaria.pl\/blog\/prywatnosc-w-ogrodzie\/\" \/>\n<meta property=\"og:site_name\" content=\"blog Rozaria.pl\" \/>\n<meta property=\"article:publisher\" content=\"https:\/\/www.facebook.com\/SzkolkaRozRozaria\/\" \/>\n<meta property=\"article:published_time\" content=\"2025-01-21T18:21:35+00:00\" \/>\n<meta property=\"article:modified_time\" content=\"2025-01-22T16:55:02+00:00\" \/>\n<meta property=\"og:image\" content=\"https:\/\/rozaria.pl\/blog\/wp-content\/uploads\/2025\/01\/petite_de_hollande_glw.jpg\" \/>\n\t<meta property=\"og:image:width\" content=\"800\" \/>\n\t<meta property=\"og:image:height\" content=\"800\" \/>\n\t<meta property=\"og:image:type\" content=\"image\/jpeg\" \/>\n<meta name=\"author\" content=\"Rozaria.pl\" \/>\n<meta name=\"twitter:card\" content=\"summary_large_image\" \/>\n<meta name=\"twitter:creator\" content=\"@SzkolkaRozaria\" \/>\n<meta name=\"twitter:site\" content=\"@SzkolkaRozaria\" \/>\n<meta name=\"twitter:label1\" content=\"Napisane przez\" \/>\n\t<meta name=\"twitter:data1\" content=\"Rozaria.pl\" \/>\n\t<meta name=\"twitter:label2\" content=\"Szacowany czas czytania\" \/>\n\t<meta name=\"twitter:data2\" content=\"11 minut\" \/>\n<script type=\"application\/ld+json\" class=\"yoast-schema-graph\">{\"@context\":\"https:\/\/schema.org\",\"@graph\":[{\"@type\":\"Article\",\"@id\":\"https:\/\/rozaria.pl\/blog\/prywatnosc-w-ogrodzie\/#article\",\"isPartOf\":{\"@id\":\"https:\/\/rozaria.pl\/blog\/prywatnosc-w-ogrodzie\/\"},\"author\":{\"name\":\"Rozaria.pl\",\"@id\":\"https:\/\/rozaria.pl\/blog\/#\/schema\/person\/31b3805d5058ea1cffed1d8efb6e2513\"},\"headline\":\"Prywatno\u015b\u0107 w ogrodzie\",\"datePublished\":\"2025-01-21T18:21:35+00:00\",\"dateModified\":\"2025-01-22T16:55:02+00:00\",\"mainEntityOfPage\":{\"@id\":\"https:\/\/rozaria.pl\/blog\/prywatnosc-w-ogrodzie\/\"},\"wordCount\":1900,\"commentCount\":0,\"publisher\":{\"@id\":\"https:\/\/rozaria.pl\/blog\/#organization\"},\"image\":{\"@id\":\"https:\/\/rozaria.pl\/blog\/prywatnosc-w-ogrodzie\/#primaryimage\"},\"thumbnailUrl\":\"https:\/\/rozaria.pl\/blog\/wp-content\/uploads\/2025\/01\/petite_de_hollande_glw.jpg\",\"articleSection\":[\"Ciekawostki\",\"Porady ogrodowe\"],\"inLanguage\":\"pl-PL\",\"potentialAction\":[{\"@type\":\"CommentAction\",\"name\":\"Comment\",\"target\":[\"https:\/\/rozaria.pl\/blog\/prywatnosc-w-ogrodzie\/#respond\"]}]},{\"@type\":\"WebPage\",\"@id\":\"https:\/\/rozaria.pl\/blog\/prywatnosc-w-ogrodzie\/\",\"url\":\"https:\/\/rozaria.pl\/blog\/prywatnosc-w-ogrodzie\/\",\"name\":\"Prywatno\u015b\u0107 w ogrodzie - blog Rozaria.pl\",\"isPartOf\":{\"@id\":\"https:\/\/rozaria.pl\/blog\/#website\"},\"primaryImageOfPage\":{\"@id\":\"https:\/\/rozaria.pl\/blog\/prywatnosc-w-ogrodzie\/#primaryimage\"},\"image\":{\"@id\":\"https:\/\/rozaria.pl\/blog\/prywatnosc-w-ogrodzie\/#primaryimage\"},\"thumbnailUrl\":\"https:\/\/rozaria.pl\/blog\/wp-content\/uploads\/2025\/01\/petite_de_hollande_glw.jpg\",\"datePublished\":\"2025-01-21T18:21:35+00:00\",\"dateModified\":\"2025-01-22T16:55:02+00:00\",\"description\":\"Marzysz o prywatno\u015bci w swoim ogrodzie? R\u00f3\u017ce to nie tylko pi\u0119kne kwiaty, ale tak\u017ce doskona\u0142y spos\u00f3b na stworzenie naturalnej bariery.\",\"breadcrumb\":{\"@id\":\"https:\/\/rozaria.pl\/blog\/prywatnosc-w-ogrodzie\/#breadcrumb\"},\"inLanguage\":\"pl-PL\",\"potentialAction\":[{\"@type\":\"ReadAction\",\"target\":[\"https:\/\/rozaria.pl\/blog\/prywatnosc-w-ogrodzie\/\"]}]},{\"@type\":\"ImageObject\",\"inLanguage\":\"pl-PL\",\"@id\":\"https:\/\/rozaria.pl\/blog\/prywatnosc-w-ogrodzie\/#primaryimage\",\"url\":\"https:\/\/rozaria.pl\/blog\/wp-content\/uploads\/2025\/01\/petite_de_hollande_glw.jpg\",\"contentUrl\":\"https:\/\/rozaria.pl\/blog\/wp-content\/uploads\/2025\/01\/petite_de_hollande_glw.jpg\",\"width\":800,\"height\":800,\"caption\":\"prywatno\u015b\u0107 w ogrodzie\"},{\"@type\":\"BreadcrumbList\",\"@id\":\"https:\/\/rozaria.pl\/blog\/prywatnosc-w-ogrodzie\/#breadcrumb\",\"itemListElement\":[{\"@type\":\"ListItem\",\"position\":1,\"name\":\"Strona g\u0142\u00f3wna\",\"item\":\"https:\/\/rozaria.pl\/blog\/\"},{\"@type\":\"ListItem\",\"position\":2,\"name\":\"Prywatno\u015b\u0107 w ogrodzie\"}]},{\"@type\":\"WebSite\",\"@id\":\"https:\/\/rozaria.pl\/blog\/#website\",\"url\":\"https:\/\/rozaria.pl\/blog\/\",\"name\":\"blog Rozaria.pl\",\"description\":\"Porozmawiajmy o r\u00f3\u017cach, o wszystkich sprawach\",\"publisher\":{\"@id\":\"https:\/\/rozaria.pl\/blog\/#organization\"},\"potentialAction\":[{\"@type\":\"SearchAction\",\"target\":{\"@type\":\"EntryPoint\",\"urlTemplate\":\"https:\/\/rozaria.pl\/blog\/?s={search_term_string}\"},\"query-input\":{\"@type\":\"PropertyValueSpecification\",\"valueRequired\":true,\"valueName\":\"search_term_string\"}}],\"inLanguage\":\"pl-PL\"},{\"@type\":\"Organization\",\"@id\":\"https:\/\/rozaria.pl\/blog\/#organization\",\"name\":\"Szk\u00f3\u0142ka R\u00f3\u017c Rozaria\",\"url\":\"https:\/\/rozaria.pl\/blog\/\",\"logo\":{\"@type\":\"ImageObject\",\"inLanguage\":\"pl-PL\",\"@id\":\"https:\/\/rozaria.pl\/blog\/#\/schema\/logo\/image\/\",\"url\":\"https:\/\/rozaria.pl\/blog\/wp-content\/uploads\/2016\/12\/logo_dla-rozaria.png\",\"contentUrl\":\"https:\/\/rozaria.pl\/blog\/wp-content\/uploads\/2016\/12\/logo_dla-rozaria.png\",\"width\":400,\"height\":166,\"caption\":\"Szk\u00f3\u0142ka R\u00f3\u017c Rozaria\"},\"image\":{\"@id\":\"https:\/\/rozaria.pl\/blog\/#\/schema\/logo\/image\/\"},\"sameAs\":[\"https:\/\/www.facebook.com\/SzkolkaRozRozaria\/\",\"https:\/\/x.com\/SzkolkaRozaria\",\"https:\/\/www.youtube.com\/channel\/UCguKKBc7F06eYM1tzYx1Z5A\"]},{\"@type\":\"Person\",\"@id\":\"https:\/\/rozaria.pl\/blog\/#\/schema\/person\/31b3805d5058ea1cffed1d8efb6e2513\",\"name\":\"Rozaria.pl\",\"image\":{\"@type\":\"ImageObject\",\"inLanguage\":\"pl-PL\",\"@id\":\"https:\/\/rozaria.pl\/blog\/#\/schema\/person\/image\/\",\"url\":\"https:\/\/secure.gravatar.com\/avatar\/36c7e4b15b333b9fb573f9e54e7fcf52?s=96&d=mm&r=g\",\"contentUrl\":\"https:\/\/secure.gravatar.com\/avatar\/36c7e4b15b333b9fb573f9e54e7fcf52?s=96&d=mm&r=g\",\"caption\":\"Rozaria.pl\"},\"sameAs\":[\"https:\/\/www.rozaria.pl\",\"https:\/\/www.youtube.com\/channel\/UCguKKBc7F06eYM1tzYx1Z5A\"],\"url\":\"https:\/\/rozaria.pl\/blog\/author\/1rozanka\/\"}]}<\/script>\n<!-- \/ Yoast SEO plugin. -->","yoast_head_json":{"title":"Prywatno\u015b\u0107 w ogrodzie - blog Rozaria.pl","description":"Marzysz o prywatno\u015bci w swoim ogrodzie? R\u00f3\u017ce to nie tylko pi\u0119kne kwiaty, ale tak\u017ce doskona\u0142y spos\u00f3b na stworzenie naturalnej bariery.","robots":{"index":"index","follow":"follow","max-snippet":"max-snippet:-1","max-image-preview":"max-image-preview:large","max-video-preview":"max-video-preview:-1"},"canonical":"https:\/\/rozaria.pl\/blog\/prywatnosc-w-ogrodzie\/","og_locale":"pl_PL","og_type":"article","og_title":"Prywatno\u015b\u0107 w ogrodzie - blog Rozaria.pl","og_description":"Marzysz o prywatno\u015bci w swoim ogrodzie? R\u00f3\u017ce to nie tylko pi\u0119kne kwiaty, ale tak\u017ce doskona\u0142y spos\u00f3b na stworzenie naturalnej bariery.","og_url":"https:\/\/rozaria.pl\/blog\/prywatnosc-w-ogrodzie\/","og_site_name":"blog Rozaria.pl","article_publisher":"https:\/\/www.facebook.com\/SzkolkaRozRozaria\/","article_published_time":"2025-01-21T18:21:35+00:00","article_modified_time":"2025-01-22T16:55:02+00:00","og_image":[{"width":800,"height":800,"url":"https:\/\/rozaria.pl\/blog\/wp-content\/uploads\/2025\/01\/petite_de_hollande_glw.jpg","type":"image\/jpeg"}],"author":"Rozaria.pl","twitter_card":"summary_large_image","twitter_creator":"@SzkolkaRozaria","twitter_site":"@SzkolkaRozaria","twitter_misc":{"Napisane przez":"Rozaria.pl","Szacowany czas czytania":"11 minut"},"schema":{"@context":"https:\/\/schema.org","@graph":[{"@type":"Article","@id":"https:\/\/rozaria.pl\/blog\/prywatnosc-w-ogrodzie\/#article","isPartOf":{"@id":"https:\/\/rozaria.pl\/blog\/prywatnosc-w-ogrodzie\/"},"author":{"name":"Rozaria.pl","@id":"https:\/\/rozaria.pl\/blog\/#\/schema\/person\/31b3805d5058ea1cffed1d8efb6e2513"},"headline":"Prywatno\u015b\u0107 w ogrodzie","datePublished":"2025-01-21T18:21:35+00:00","dateModified":"2025-01-22T16:55:02+00:00","mainEntityOfPage":{"@id":"https:\/\/rozaria.pl\/blog\/prywatnosc-w-ogrodzie\/"},"wordCount":1900,"commentCount":0,"publisher":{"@id":"https:\/\/rozaria.pl\/blog\/#organization"},"image":{"@id":"https:\/\/rozaria.pl\/blog\/prywatnosc-w-ogrodzie\/#primaryimage"},"thumbnailUrl":"https:\/\/rozaria.pl\/blog\/wp-content\/uploads\/2025\/01\/petite_de_hollande_glw.jpg","articleSection":["Ciekawostki","Porady ogrodowe"],"inLanguage":"pl-PL","potentialAction":[{"@type":"CommentAction","name":"Comment","target":["https:\/\/rozaria.pl\/blog\/prywatnosc-w-ogrodzie\/#respond"]}]},{"@type":"WebPage","@id":"https:\/\/rozaria.pl\/blog\/prywatnosc-w-ogrodzie\/","url":"https:\/\/rozaria.pl\/blog\/prywatnosc-w-ogrodzie\/","name":"Prywatno\u015b\u0107 w ogrodzie - blog Rozaria.pl","isPartOf":{"@id":"https:\/\/rozaria.pl\/blog\/#website"},"primaryImageOfPage":{"@id":"https:\/\/rozaria.pl\/blog\/prywatnosc-w-ogrodzie\/#primaryimage"},"image":{"@id":"https:\/\/rozaria.pl\/blog\/prywatnosc-w-ogrodzie\/#primaryimage"},"thumbnailUrl":"https:\/\/rozaria.pl\/blog\/wp-content\/uploads\/2025\/01\/petite_de_hollande_glw.jpg","datePublished":"2025-01-21T18:21:35+00:00","dateModified":"2025-01-22T16:55:02+00:00","description":"Marzysz o prywatno\u015bci w swoim ogrodzie? R\u00f3\u017ce to nie tylko pi\u0119kne kwiaty, ale tak\u017ce doskona\u0142y spos\u00f3b na stworzenie naturalnej bariery.","breadcrumb":{"@id":"https:\/\/rozaria.pl\/blog\/prywatnosc-w-ogrodzie\/#breadcrumb"},"inLanguage":"pl-PL","potentialAction":[{"@type":"ReadAction","target":["https:\/\/rozaria.pl\/blog\/prywatnosc-w-ogrodzie\/"]}]},{"@type":"ImageObject","inLanguage":"pl-PL","@id":"https:\/\/rozaria.pl\/blog\/prywatnosc-w-ogrodzie\/#primaryimage","url":"https:\/\/rozaria.pl\/blog\/wp-content\/uploads\/2025\/01\/petite_de_hollande_glw.jpg","contentUrl":"https:\/\/rozaria.pl\/blog\/wp-content\/uploads\/2025\/01\/petite_de_hollande_glw.jpg","width":800,"height":800,"caption":"prywatno\u015b\u0107 w ogrodzie"},{"@type":"BreadcrumbList","@id":"https:\/\/rozaria.pl\/blog\/prywatnosc-w-ogrodzie\/#breadcrumb","itemListElement":[{"@type":"ListItem","position":1,"name":"Strona g\u0142\u00f3wna","item":"https:\/\/rozaria.pl\/blog\/"},{"@type":"ListItem","position":2,"name":"Prywatno\u015b\u0107 w ogrodzie"}]},{"@type":"WebSite","@id":"https:\/\/rozaria.pl\/blog\/#website","url":"https:\/\/rozaria.pl\/blog\/","name":"blog Rozaria.pl","description":"Porozmawiajmy o r\u00f3\u017cach, o wszystkich sprawach","publisher":{"@id":"https:\/\/rozaria.pl\/blog\/#organization"},"potentialAction":[{"@type":"SearchAction","target":{"@type":"EntryPoint","urlTemplate":"https:\/\/rozaria.pl\/blog\/?s={search_term_string}"},"query-input":{"@type":"PropertyValueSpecification","valueRequired":true,"valueName":"search_term_string"}}],"inLanguage":"pl-PL"},{"@type":"Organization","@id":"https:\/\/rozaria.pl\/blog\/#organization","name":"Szk\u00f3\u0142ka R\u00f3\u017c Rozaria","url":"https:\/\/rozaria.pl\/blog\/","logo":{"@type":"ImageObject","inLanguage":"pl-PL","@id":"https:\/\/rozaria.pl\/blog\/#\/schema\/logo\/image\/","url":"https:\/\/rozaria.pl\/blog\/wp-content\/uploads\/2016\/12\/logo_dla-rozaria.png","contentUrl":"https:\/\/rozaria.pl\/blog\/wp-content\/uploads\/2016\/12\/logo_dla-rozaria.png","width":400,"height":166,"caption":"Szk\u00f3\u0142ka R\u00f3\u017c Rozaria"},"image":{"@id":"https:\/\/rozaria.pl\/blog\/#\/schema\/logo\/image\/"},"sameAs":["https:\/\/www.facebook.com\/SzkolkaRozRozaria\/","https:\/\/x.com\/SzkolkaRozaria","https:\/\/www.youtube.com\/channel\/UCguKKBc7F06eYM1tzYx1Z5A"]},{"@type":"Person","@id":"https:\/\/rozaria.pl\/blog\/#\/schema\/person\/31b3805d5058ea1cffed1d8efb6e2513","name":"Rozaria.pl","image":{"@type":"ImageObject","inLanguage":"pl-PL","@id":"https:\/\/rozaria.pl\/blog\/#\/schema\/person\/image\/","url":"https:\/\/secure.gravatar.com\/avatar\/36c7e4b15b333b9fb573f9e54e7fcf52?s=96&d=mm&r=g","contentUrl":"https:\/\/secure.gravatar.com\/avatar\/36c7e4b15b333b9fb573f9e54e7fcf52?s=96&d=mm&r=g","caption":"Rozaria.pl"},"sameAs":["https:\/\/www.rozaria.pl","https:\/\/www.youtube.com\/channel\/UCguKKBc7F06eYM1tzYx1Z5A"],"url":"https:\/\/rozaria.pl\/blog\/author\/1rozanka\/"}]}},"_links":{"self":[{"href":"https:\/\/rozaria.pl\/blog\/wp-json\/wp\/v2\/posts\/6387"}],"collection":[{"href":"https:\/\/rozaria.pl\/blog\/wp-json\/wp\/v2\/posts"}],"about":[{"href":"https:\/\/rozaria.pl\/blog\/wp-json\/wp\/v2\/types\/post"}],"author":[{"embeddable":true,"href":"https:\/\/rozaria.pl\/blog\/wp-json\/wp\/v2\/users\/1"}],"replies":[{"embeddable":true,"href":"https:\/\/rozaria.pl\/blog\/wp-json\/wp\/v2\/comments?post=6387"}],"version-history":[{"count":10,"href":"https:\/\/rozaria.pl\/blog\/wp-json\/wp\/v2\/posts\/6387\/revisions"}],"predecessor-version":[{"id":6405,"href":"https:\/\/rozaria.pl\/blog\/wp-json\/wp\/v2\/posts\/6387\/revisions\/6405"}],"wp:featuredmedia":[{"embeddable":true,"href":"https:\/\/rozaria.pl\/blog\/wp-json\/wp\/v2\/media\/6392"}],"wp:attachment":[{"href":"https:\/\/rozaria.pl\/blog\/wp-json\/wp\/v2\/media?parent=6387"}],"wp:term":[{"taxonomy":"category","embeddable":true,"href":"https:\/\/rozaria.pl\/blog\/wp-json\/wp\/v2\/categories?post=6387"},{"taxonomy":"post_tag","embeddable":true,"href":"https:\/\/rozaria.pl\/blog\/wp-json\/wp\/v2\/tags?post=6387"}],"curies":[{"name":"wp","href":"https:\/\/api.w.org\/{rel}","templated":true}]}}