{"id":621,"date":"2014-06-17T11:23:07","date_gmt":"2014-06-17T09:23:07","guid":{"rendered":"http:\/\/rozaria.pl\/blog\/?p=621"},"modified":"2015-02-27T00:07:07","modified_gmt":"2015-02-26T23:07:07","slug":"uszkodzenia-roz-podczas-zimowania","status":"publish","type":"post","link":"https:\/\/rozaria.pl\/blog\/uszkodzenia-roz-podczas-zimowania\/","title":{"rendered":"Uszkodzenia r\u00f3\u017c podczas zimowania"},"content":{"rendered":"<p><a href=\"http:\/\/rozaria.pl\/blog\/wp-content\/uploads\/2014\/06\/roze-zima.jpg\"><img loading=\"lazy\" decoding=\"async\" class=\"alignleft size-medium wp-image-622\" style=\"border: 2px solid black; margin-left: 2px; margin-right: 2px;\" src=\"http:\/\/rozaria.pl\/blog\/wp-content\/uploads\/2014\/06\/roze-zima-300x225.jpg\" alt=\"piel\u0119gnacja ro\u017c zim\u0105\" width=\"300\" height=\"225\" srcset=\"https:\/\/rozaria.pl\/blog\/wp-content\/uploads\/2014\/06\/roze-zima-150x112.jpg 150w, https:\/\/rozaria.pl\/blog\/wp-content\/uploads\/2014\/06\/roze-zima-200x150.jpg 200w, https:\/\/rozaria.pl\/blog\/wp-content\/uploads\/2014\/06\/roze-zima-300x225.jpg 300w, https:\/\/rozaria.pl\/blog\/wp-content\/uploads\/2014\/06\/roze-zima.jpg 800w\" sizes=\"(max-width: 300px) 100vw, 300px\" \/><\/a>W naszym klimacie cz\u0119sto wyst\u0119puj\u0105 mro\u017ane zimy, a wi\u0119c przygotowanie r\u00f3\u017c do zimy jest najbardziej odpowiedzialnym okresem dbania o te ro\u015bliny. Tylko podczas prawid\u0142owej ochrony r\u00f3\u017c zim\u0105 mo\u017cna liczy\u0107 na pi\u0119kny dekoracyjny efekt latem. Je\u017celi r\u00f3\u017ce zostan\u0105 niew\u0142a\u015bciwie zabezpieczone przed mrozami, mo\u017cemy by\u0107 pozbawieni rado\u015bci cieszenia si\u0119 nimi na drugi rok.<\/p>\n<p>R\u00f3\u017ce, na prze\u0142omie wielu lat w procesie hodowli nowych odmian cz\u0119stokro\u0107 utraci\u0142y \u0142atwo\u015b\u0107 przechodzenia w stan hibernacji przed nastaniem zimy. Dlatego zima zastaje r\u00f3\u017ce ogrodowe, szczeg\u00f3lne z nowych gatunk\u00f3w, z\u00a0zielonymi p\u0119dami, z p\u0105kami a nawet z kwiatami. Z jednej strony cieszy nas i oczekujemy tego by kwit\u0142y a\u017c do przymrozk\u00f3w, lecz z drugiej strony mo\u017ce to by\u0107 powodem ich s\u0142abej zdolno\u015bci prze\u017cycia okresu niskich temperatur.<\/p>\n<p>Przymrozki przerywaj\u0105 wegetacj\u0119 ro\u015blin i wprowadzaj\u0105 je w stan hibernacji. Jednak\u017ce przy wzro\u015bcie temperatury powy\u017cej 0<sup>o<\/sup>C krzewy r\u00f3\u017c niemal\u017ce natychmiast wychodz\u0105 ze stanu u\u015bpienia i wznawia si\u0119 w nich przepych sok\u00f3w. Ta biologiczna cecha nowych gatunk\u00f3w r\u00f3\u017c ogrodowych niejednokrotnie jest przyczyn\u0105 \u015bmierci ro\u015blin w czasie zimy.<\/p>\n<p>W temperaturze poni\u017cej -3<sup>o<\/sup>C w p\u0119dach r\u00f3\u017c nie u\u015bpionych przed zim\u0105 zamarzaj\u0105 soki. Tworzy si\u0119 na nich l\u00f3d, kt\u00f3ry \u0142amie tkanki i w\u00f3wczas na p\u0119dach pojawiaj\u0105 si\u0119 g\u0142\u0119bokie, pod\u0142u\u017cne p\u0119kni\u0119cia, pe\u0142ne kryszta\u0142k\u00f3w lodu.<\/p>\n<p>Na m\u0142odych, \u00a0jednorocznych p\u0119dach r\u00f3\u017c, powsta\u0142e p\u0119kni\u0119cia utrzymuj\u0105 si\u0119 do\u015b\u0107 d\u0142ugo. Na starych, mocnych p\u0119dach p\u0119kni\u0119cia te bywaj\u0105 zazwyczaj na tyle ma\u0142e, \u017ce nie mo\u017cna ich dostrzec go\u0142ym okiem.<\/p>\n<p>W obszarze powsta\u0142ej szczeliny, w korze i nask\u00f3rku uszkodzonych p\u0119d\u00f3w r\u00f3\u017c, wewn\u0119trzne tkanki nie chroni\u0105 ro\u015bliny przed przenikaniem wszelkich drobnoustroj\u00f3w. Wraz ze wzrostem temperatury powy\u017cej 0<sup>o<\/sup>C wzrasta zagro\u017cenie zaka\u017cenia r\u00f3\u017c.<\/p>\n<p>Do zaka\u017cenia uszkodzonych ro\u015blin nie dojdzie tylko wtedy, gdy soki wyciekaj\u0105ce z rany b\u0119d\u0105 szybko wysycha\u0107 i powierzchnia zabli\u017ani si\u0119. R\u00f3\u017ce powinny wi\u0119c zimowa\u0107 suche, a w ich okryciu powinny by\u015b dostatecznie du\u017co powietrza po to, by p\u0119dy szybko wysycha\u0142y. Wahania temperatury w okryciu powinno ograniczy\u0107 si\u0119 do minimum.<\/p>\n<p>Z pocz\u0105tkiem wrze\u015bnia nale\u017cy zaprzesta\u0107 przekopywania i spulchniania gleby pomi\u0119dzy krzakami r\u00f3\u017c. Jest to konieczne, gdy\u017c w przeciwnym razie spowoduje to rozw\u00f3j p\u0119d\u00f3w z\u00a0p\u0105czk\u00f3w, b\u0119d\u0105cych w stanie spoczynku.<\/p>\n<p>Na prze\u0142omie pa\u017adziernika i listopada, w zale\u017cno\u015bci od pogody, z p\u0119d\u00f3w r\u00f3\u017c powoli opadaj\u0105 li\u015bcie. Je\u017celi nie opadn\u0105 przed zim\u0105 same powinni\u015bmy je usun\u0105\u0107 sami. Nie pozostawiamy nawet nieznacznych cz\u0105stek ogonk\u00f3w listk\u00f3w, gdy\u017c w przeciwnym razie w czasie hibernacji obumieraj\u0105cy ogonek zaczyna gni\u0107, a nast\u0119pnie gniecie przechodzi na zdrowe, u\u015bpione p\u0105ki na p\u0119dach.<\/p>\n","protected":false},"excerpt":{"rendered":"<p>W naszym klimacie cz\u0119sto wyst\u0119puj\u0105 mro\u017ane zimy, a wi\u0119c przygotowanie r\u00f3\u017c do zimy jest najbardziej odpowiedzialnym okresem dbania o te ro\u015bliny. Tylko podczas prawid\u0142owej ochrony r\u00f3\u017c zim\u0105 mo\u017cna liczy\u0107 na pi\u0119kny dekoracyjny efekt latem. Je\u017celi r\u00f3\u017ce zostan\u0105 niew\u0142a\u015bciwie zabezpieczone przed [&hellip;]<\/p>\n","protected":false},"author":1,"featured_media":622,"comment_status":"open","ping_status":"open","sticky":false,"template":"","format":"standard","meta":{"_mi_skip_tracking":false,"_monsterinsights_sitenote_active":false,"_monsterinsights_sitenote_note":"","_monsterinsights_sitenote_category":0,"footnotes":""},"categories":[6],"tags":[27,37,35],"yoast_head":"<!-- This site is optimized with the Yoast SEO plugin v23.5 - https:\/\/yoast.com\/wordpress\/plugins\/seo\/ -->\n<title>Uszkodzenia r\u00f3\u017c podczas zimowania - blog Rozaria.pl<\/title>\n<meta name=\"robots\" content=\"index, follow, max-snippet:-1, max-image-preview:large, max-video-preview:-1\" \/>\n<link rel=\"canonical\" href=\"https:\/\/rozaria.pl\/blog\/uszkodzenia-roz-podczas-zimowania\/\" \/>\n<meta property=\"og:locale\" content=\"pl_PL\" \/>\n<meta property=\"og:type\" content=\"article\" \/>\n<meta property=\"og:title\" content=\"Uszkodzenia r\u00f3\u017c podczas zimowania - blog Rozaria.pl\" \/>\n<meta property=\"og:description\" content=\"W naszym klimacie cz\u0119sto wyst\u0119puj\u0105 mro\u017ane zimy, a wi\u0119c przygotowanie r\u00f3\u017c do zimy jest najbardziej odpowiedzialnym okresem dbania o te ro\u015bliny. Tylko podczas prawid\u0142owej ochrony r\u00f3\u017c zim\u0105 mo\u017cna liczy\u0107 na pi\u0119kny dekoracyjny efekt latem. Je\u017celi r\u00f3\u017ce zostan\u0105 niew\u0142a\u015bciwie zabezpieczone przed [&hellip;]\" \/>\n<meta property=\"og:url\" content=\"https:\/\/rozaria.pl\/blog\/uszkodzenia-roz-podczas-zimowania\/\" \/>\n<meta property=\"og:site_name\" content=\"blog Rozaria.pl\" \/>\n<meta property=\"article:publisher\" content=\"https:\/\/www.facebook.com\/SzkolkaRozRozaria\/\" \/>\n<meta property=\"article:published_time\" content=\"2014-06-17T09:23:07+00:00\" \/>\n<meta property=\"article:modified_time\" content=\"2015-02-26T23:07:07+00:00\" \/>\n<meta property=\"og:image\" content=\"https:\/\/rozaria.pl\/blog\/wp-content\/uploads\/2014\/06\/roze-zima.jpg\" \/>\n\t<meta property=\"og:image:width\" content=\"800\" \/>\n\t<meta property=\"og:image:height\" content=\"600\" \/>\n\t<meta property=\"og:image:type\" content=\"image\/jpeg\" \/>\n<meta name=\"author\" content=\"Rozaria.pl\" \/>\n<meta name=\"twitter:card\" content=\"summary_large_image\" \/>\n<meta name=\"twitter:creator\" content=\"@SzkolkaRozaria\" \/>\n<meta name=\"twitter:site\" content=\"@SzkolkaRozaria\" \/>\n<meta name=\"twitter:label1\" content=\"Napisane przez\" \/>\n\t<meta name=\"twitter:data1\" content=\"Rozaria.pl\" \/>\n\t<meta name=\"twitter:label2\" content=\"Szacowany czas czytania\" \/>\n\t<meta name=\"twitter:data2\" content=\"3 minuty\" \/>\n<script type=\"application\/ld+json\" class=\"yoast-schema-graph\">{\"@context\":\"https:\/\/schema.org\",\"@graph\":[{\"@type\":\"Article\",\"@id\":\"https:\/\/rozaria.pl\/blog\/uszkodzenia-roz-podczas-zimowania\/#article\",\"isPartOf\":{\"@id\":\"https:\/\/rozaria.pl\/blog\/uszkodzenia-roz-podczas-zimowania\/\"},\"author\":{\"name\":\"Rozaria.pl\",\"@id\":\"https:\/\/rozaria.pl\/blog\/#\/schema\/person\/31b3805d5058ea1cffed1d8efb6e2513\"},\"headline\":\"Uszkodzenia r\u00f3\u017c podczas zimowania\",\"datePublished\":\"2014-06-17T09:23:07+00:00\",\"dateModified\":\"2015-02-26T23:07:07+00:00\",\"mainEntityOfPage\":{\"@id\":\"https:\/\/rozaria.pl\/blog\/uszkodzenia-roz-podczas-zimowania\/\"},\"wordCount\":504,\"commentCount\":0,\"publisher\":{\"@id\":\"https:\/\/rozaria.pl\/blog\/#organization\"},\"image\":{\"@id\":\"https:\/\/rozaria.pl\/blog\/uszkodzenia-roz-podczas-zimowania\/#primaryimage\"},\"thumbnailUrl\":\"https:\/\/rozaria.pl\/blog\/wp-content\/uploads\/2014\/06\/roze-zima.jpg\",\"keywords\":[\"jak pielegnowa\u0107 r\u00f3\u017ce\",\"piel\u0119gnacja r\u00f3\u017c\",\"r\u00f3\u017ce zim\u0105\"],\"articleSection\":[\"Piel\u0119gnacja\"],\"inLanguage\":\"pl-PL\",\"potentialAction\":[{\"@type\":\"CommentAction\",\"name\":\"Comment\",\"target\":[\"https:\/\/rozaria.pl\/blog\/uszkodzenia-roz-podczas-zimowania\/#respond\"]}]},{\"@type\":\"WebPage\",\"@id\":\"https:\/\/rozaria.pl\/blog\/uszkodzenia-roz-podczas-zimowania\/\",\"url\":\"https:\/\/rozaria.pl\/blog\/uszkodzenia-roz-podczas-zimowania\/\",\"name\":\"Uszkodzenia r\u00f3\u017c podczas zimowania - blog Rozaria.pl\",\"isPartOf\":{\"@id\":\"https:\/\/rozaria.pl\/blog\/#website\"},\"primaryImageOfPage\":{\"@id\":\"https:\/\/rozaria.pl\/blog\/uszkodzenia-roz-podczas-zimowania\/#primaryimage\"},\"image\":{\"@id\":\"https:\/\/rozaria.pl\/blog\/uszkodzenia-roz-podczas-zimowania\/#primaryimage\"},\"thumbnailUrl\":\"https:\/\/rozaria.pl\/blog\/wp-content\/uploads\/2014\/06\/roze-zima.jpg\",\"datePublished\":\"2014-06-17T09:23:07+00:00\",\"dateModified\":\"2015-02-26T23:07:07+00:00\",\"breadcrumb\":{\"@id\":\"https:\/\/rozaria.pl\/blog\/uszkodzenia-roz-podczas-zimowania\/#breadcrumb\"},\"inLanguage\":\"pl-PL\",\"potentialAction\":[{\"@type\":\"ReadAction\",\"target\":[\"https:\/\/rozaria.pl\/blog\/uszkodzenia-roz-podczas-zimowania\/\"]}]},{\"@type\":\"ImageObject\",\"inLanguage\":\"pl-PL\",\"@id\":\"https:\/\/rozaria.pl\/blog\/uszkodzenia-roz-podczas-zimowania\/#primaryimage\",\"url\":\"https:\/\/rozaria.pl\/blog\/wp-content\/uploads\/2014\/06\/roze-zima.jpg\",\"contentUrl\":\"https:\/\/rozaria.pl\/blog\/wp-content\/uploads\/2014\/06\/roze-zima.jpg\",\"width\":800,\"height\":600},{\"@type\":\"BreadcrumbList\",\"@id\":\"https:\/\/rozaria.pl\/blog\/uszkodzenia-roz-podczas-zimowania\/#breadcrumb\",\"itemListElement\":[{\"@type\":\"ListItem\",\"position\":1,\"name\":\"Strona g\u0142\u00f3wna\",\"item\":\"https:\/\/rozaria.pl\/blog\/\"},{\"@type\":\"ListItem\",\"position\":2,\"name\":\"Uszkodzenia r\u00f3\u017c podczas zimowania\"}]},{\"@type\":\"WebSite\",\"@id\":\"https:\/\/rozaria.pl\/blog\/#website\",\"url\":\"https:\/\/rozaria.pl\/blog\/\",\"name\":\"blog Rozaria.pl\",\"description\":\"Porozmawiajmy o r\u00f3\u017cach, o wszystkich sprawach\",\"publisher\":{\"@id\":\"https:\/\/rozaria.pl\/blog\/#organization\"},\"potentialAction\":[{\"@type\":\"SearchAction\",\"target\":{\"@type\":\"EntryPoint\",\"urlTemplate\":\"https:\/\/rozaria.pl\/blog\/?s={search_term_string}\"},\"query-input\":{\"@type\":\"PropertyValueSpecification\",\"valueRequired\":true,\"valueName\":\"search_term_string\"}}],\"inLanguage\":\"pl-PL\"},{\"@type\":\"Organization\",\"@id\":\"https:\/\/rozaria.pl\/blog\/#organization\",\"name\":\"Szk\u00f3\u0142ka R\u00f3\u017c Rozaria\",\"url\":\"https:\/\/rozaria.pl\/blog\/\",\"logo\":{\"@type\":\"ImageObject\",\"inLanguage\":\"pl-PL\",\"@id\":\"https:\/\/rozaria.pl\/blog\/#\/schema\/logo\/image\/\",\"url\":\"https:\/\/rozaria.pl\/blog\/wp-content\/uploads\/2016\/12\/logo_dla-rozaria.png\",\"contentUrl\":\"https:\/\/rozaria.pl\/blog\/wp-content\/uploads\/2016\/12\/logo_dla-rozaria.png\",\"width\":400,\"height\":166,\"caption\":\"Szk\u00f3\u0142ka R\u00f3\u017c Rozaria\"},\"image\":{\"@id\":\"https:\/\/rozaria.pl\/blog\/#\/schema\/logo\/image\/\"},\"sameAs\":[\"https:\/\/www.facebook.com\/SzkolkaRozRozaria\/\",\"https:\/\/x.com\/SzkolkaRozaria\",\"https:\/\/www.youtube.com\/channel\/UCguKKBc7F06eYM1tzYx1Z5A\"]},{\"@type\":\"Person\",\"@id\":\"https:\/\/rozaria.pl\/blog\/#\/schema\/person\/31b3805d5058ea1cffed1d8efb6e2513\",\"name\":\"Rozaria.pl\",\"image\":{\"@type\":\"ImageObject\",\"inLanguage\":\"pl-PL\",\"@id\":\"https:\/\/rozaria.pl\/blog\/#\/schema\/person\/image\/\",\"url\":\"https:\/\/secure.gravatar.com\/avatar\/36c7e4b15b333b9fb573f9e54e7fcf52?s=96&d=mm&r=g\",\"contentUrl\":\"https:\/\/secure.gravatar.com\/avatar\/36c7e4b15b333b9fb573f9e54e7fcf52?s=96&d=mm&r=g\",\"caption\":\"Rozaria.pl\"},\"sameAs\":[\"https:\/\/www.rozaria.pl\",\"https:\/\/www.youtube.com\/channel\/UCguKKBc7F06eYM1tzYx1Z5A\"],\"url\":\"https:\/\/rozaria.pl\/blog\/author\/1rozanka\/\"}]}<\/script>\n<!-- \/ Yoast SEO plugin. -->","yoast_head_json":{"title":"Uszkodzenia r\u00f3\u017c podczas zimowania - blog Rozaria.pl","robots":{"index":"index","follow":"follow","max-snippet":"max-snippet:-1","max-image-preview":"max-image-preview:large","max-video-preview":"max-video-preview:-1"},"canonical":"https:\/\/rozaria.pl\/blog\/uszkodzenia-roz-podczas-zimowania\/","og_locale":"pl_PL","og_type":"article","og_title":"Uszkodzenia r\u00f3\u017c podczas zimowania - blog Rozaria.pl","og_description":"W naszym klimacie cz\u0119sto wyst\u0119puj\u0105 mro\u017ane zimy, a wi\u0119c przygotowanie r\u00f3\u017c do zimy jest najbardziej odpowiedzialnym okresem dbania o te ro\u015bliny. Tylko podczas prawid\u0142owej ochrony r\u00f3\u017c zim\u0105 mo\u017cna liczy\u0107 na pi\u0119kny dekoracyjny efekt latem. Je\u017celi r\u00f3\u017ce zostan\u0105 niew\u0142a\u015bciwie zabezpieczone przed [&hellip;]","og_url":"https:\/\/rozaria.pl\/blog\/uszkodzenia-roz-podczas-zimowania\/","og_site_name":"blog Rozaria.pl","article_publisher":"https:\/\/www.facebook.com\/SzkolkaRozRozaria\/","article_published_time":"2014-06-17T09:23:07+00:00","article_modified_time":"2015-02-26T23:07:07+00:00","og_image":[{"width":800,"height":600,"url":"https:\/\/rozaria.pl\/blog\/wp-content\/uploads\/2014\/06\/roze-zima.jpg","type":"image\/jpeg"}],"author":"Rozaria.pl","twitter_card":"summary_large_image","twitter_creator":"@SzkolkaRozaria","twitter_site":"@SzkolkaRozaria","twitter_misc":{"Napisane przez":"Rozaria.pl","Szacowany czas czytania":"3 minuty"},"schema":{"@context":"https:\/\/schema.org","@graph":[{"@type":"Article","@id":"https:\/\/rozaria.pl\/blog\/uszkodzenia-roz-podczas-zimowania\/#article","isPartOf":{"@id":"https:\/\/rozaria.pl\/blog\/uszkodzenia-roz-podczas-zimowania\/"},"author":{"name":"Rozaria.pl","@id":"https:\/\/rozaria.pl\/blog\/#\/schema\/person\/31b3805d5058ea1cffed1d8efb6e2513"},"headline":"Uszkodzenia r\u00f3\u017c podczas zimowania","datePublished":"2014-06-17T09:23:07+00:00","dateModified":"2015-02-26T23:07:07+00:00","mainEntityOfPage":{"@id":"https:\/\/rozaria.pl\/blog\/uszkodzenia-roz-podczas-zimowania\/"},"wordCount":504,"commentCount":0,"publisher":{"@id":"https:\/\/rozaria.pl\/blog\/#organization"},"image":{"@id":"https:\/\/rozaria.pl\/blog\/uszkodzenia-roz-podczas-zimowania\/#primaryimage"},"thumbnailUrl":"https:\/\/rozaria.pl\/blog\/wp-content\/uploads\/2014\/06\/roze-zima.jpg","keywords":["jak pielegnowa\u0107 r\u00f3\u017ce","piel\u0119gnacja r\u00f3\u017c","r\u00f3\u017ce zim\u0105"],"articleSection":["Piel\u0119gnacja"],"inLanguage":"pl-PL","potentialAction":[{"@type":"CommentAction","name":"Comment","target":["https:\/\/rozaria.pl\/blog\/uszkodzenia-roz-podczas-zimowania\/#respond"]}]},{"@type":"WebPage","@id":"https:\/\/rozaria.pl\/blog\/uszkodzenia-roz-podczas-zimowania\/","url":"https:\/\/rozaria.pl\/blog\/uszkodzenia-roz-podczas-zimowania\/","name":"Uszkodzenia r\u00f3\u017c podczas zimowania - blog Rozaria.pl","isPartOf":{"@id":"https:\/\/rozaria.pl\/blog\/#website"},"primaryImageOfPage":{"@id":"https:\/\/rozaria.pl\/blog\/uszkodzenia-roz-podczas-zimowania\/#primaryimage"},"image":{"@id":"https:\/\/rozaria.pl\/blog\/uszkodzenia-roz-podczas-zimowania\/#primaryimage"},"thumbnailUrl":"https:\/\/rozaria.pl\/blog\/wp-content\/uploads\/2014\/06\/roze-zima.jpg","datePublished":"2014-06-17T09:23:07+00:00","dateModified":"2015-02-26T23:07:07+00:00","breadcrumb":{"@id":"https:\/\/rozaria.pl\/blog\/uszkodzenia-roz-podczas-zimowania\/#breadcrumb"},"inLanguage":"pl-PL","potentialAction":[{"@type":"ReadAction","target":["https:\/\/rozaria.pl\/blog\/uszkodzenia-roz-podczas-zimowania\/"]}]},{"@type":"ImageObject","inLanguage":"pl-PL","@id":"https:\/\/rozaria.pl\/blog\/uszkodzenia-roz-podczas-zimowania\/#primaryimage","url":"https:\/\/rozaria.pl\/blog\/wp-content\/uploads\/2014\/06\/roze-zima.jpg","contentUrl":"https:\/\/rozaria.pl\/blog\/wp-content\/uploads\/2014\/06\/roze-zima.jpg","width":800,"height":600},{"@type":"BreadcrumbList","@id":"https:\/\/rozaria.pl\/blog\/uszkodzenia-roz-podczas-zimowania\/#breadcrumb","itemListElement":[{"@type":"ListItem","position":1,"name":"Strona g\u0142\u00f3wna","item":"https:\/\/rozaria.pl\/blog\/"},{"@type":"ListItem","position":2,"name":"Uszkodzenia r\u00f3\u017c podczas zimowania"}]},{"@type":"WebSite","@id":"https:\/\/rozaria.pl\/blog\/#website","url":"https:\/\/rozaria.pl\/blog\/","name":"blog Rozaria.pl","description":"Porozmawiajmy o r\u00f3\u017cach, o wszystkich sprawach","publisher":{"@id":"https:\/\/rozaria.pl\/blog\/#organization"},"potentialAction":[{"@type":"SearchAction","target":{"@type":"EntryPoint","urlTemplate":"https:\/\/rozaria.pl\/blog\/?s={search_term_string}"},"query-input":{"@type":"PropertyValueSpecification","valueRequired":true,"valueName":"search_term_string"}}],"inLanguage":"pl-PL"},{"@type":"Organization","@id":"https:\/\/rozaria.pl\/blog\/#organization","name":"Szk\u00f3\u0142ka R\u00f3\u017c Rozaria","url":"https:\/\/rozaria.pl\/blog\/","logo":{"@type":"ImageObject","inLanguage":"pl-PL","@id":"https:\/\/rozaria.pl\/blog\/#\/schema\/logo\/image\/","url":"https:\/\/rozaria.pl\/blog\/wp-content\/uploads\/2016\/12\/logo_dla-rozaria.png","contentUrl":"https:\/\/rozaria.pl\/blog\/wp-content\/uploads\/2016\/12\/logo_dla-rozaria.png","width":400,"height":166,"caption":"Szk\u00f3\u0142ka R\u00f3\u017c Rozaria"},"image":{"@id":"https:\/\/rozaria.pl\/blog\/#\/schema\/logo\/image\/"},"sameAs":["https:\/\/www.facebook.com\/SzkolkaRozRozaria\/","https:\/\/x.com\/SzkolkaRozaria","https:\/\/www.youtube.com\/channel\/UCguKKBc7F06eYM1tzYx1Z5A"]},{"@type":"Person","@id":"https:\/\/rozaria.pl\/blog\/#\/schema\/person\/31b3805d5058ea1cffed1d8efb6e2513","name":"Rozaria.pl","image":{"@type":"ImageObject","inLanguage":"pl-PL","@id":"https:\/\/rozaria.pl\/blog\/#\/schema\/person\/image\/","url":"https:\/\/secure.gravatar.com\/avatar\/36c7e4b15b333b9fb573f9e54e7fcf52?s=96&d=mm&r=g","contentUrl":"https:\/\/secure.gravatar.com\/avatar\/36c7e4b15b333b9fb573f9e54e7fcf52?s=96&d=mm&r=g","caption":"Rozaria.pl"},"sameAs":["https:\/\/www.rozaria.pl","https:\/\/www.youtube.com\/channel\/UCguKKBc7F06eYM1tzYx1Z5A"],"url":"https:\/\/rozaria.pl\/blog\/author\/1rozanka\/"}]}},"_links":{"self":[{"href":"https:\/\/rozaria.pl\/blog\/wp-json\/wp\/v2\/posts\/621"}],"collection":[{"href":"https:\/\/rozaria.pl\/blog\/wp-json\/wp\/v2\/posts"}],"about":[{"href":"https:\/\/rozaria.pl\/blog\/wp-json\/wp\/v2\/types\/post"}],"author":[{"embeddable":true,"href":"https:\/\/rozaria.pl\/blog\/wp-json\/wp\/v2\/users\/1"}],"replies":[{"embeddable":true,"href":"https:\/\/rozaria.pl\/blog\/wp-json\/wp\/v2\/comments?post=621"}],"version-history":[{"count":4,"href":"https:\/\/rozaria.pl\/blog\/wp-json\/wp\/v2\/posts\/621\/revisions"}],"predecessor-version":[{"id":805,"href":"https:\/\/rozaria.pl\/blog\/wp-json\/wp\/v2\/posts\/621\/revisions\/805"}],"wp:featuredmedia":[{"embeddable":true,"href":"https:\/\/rozaria.pl\/blog\/wp-json\/wp\/v2\/media\/622"}],"wp:attachment":[{"href":"https:\/\/rozaria.pl\/blog\/wp-json\/wp\/v2\/media?parent=621"}],"wp:term":[{"taxonomy":"category","embeddable":true,"href":"https:\/\/rozaria.pl\/blog\/wp-json\/wp\/v2\/categories?post=621"},{"taxonomy":"post_tag","embeddable":true,"href":"https:\/\/rozaria.pl\/blog\/wp-json\/wp\/v2\/tags?post=621"}],"curies":[{"name":"wp","href":"https:\/\/api.w.org\/{rel}","templated":true}]}}