{"id":6,"date":"2012-12-19T10:41:00","date_gmt":"2012-12-19T09:41:00","guid":{"rendered":"http:\/\/rozaria.pl\/blog\/?p=6"},"modified":"2015-02-27T00:03:46","modified_gmt":"2015-02-26T23:03:46","slug":"przygotowanie-roz-do-sadzenia","status":"publish","type":"post","link":"https:\/\/rozaria.pl\/blog\/przygotowanie-roz-do-sadzenia\/","title":{"rendered":"Zanim wsadzimy r\u00f3\u017ce&#8230;"},"content":{"rendered":"<p style=\"text-align: justify;\"><span style=\"font-size: small;\"><a href=\"http:\/\/rozaria.pl\/blog\/wp-content\/uploads\/2012\/12\/moczenie_roz.jpg\"><img loading=\"lazy\" decoding=\"async\" class=\"alignleft size-medium wp-image-156\" style=\"border: 2px solid black;\" src=\"http:\/\/rozaria.pl\/blog\/wp-content\/uploads\/2012\/12\/moczenie_roz-300x225.jpg\" alt=\"moczenie roz\" width=\"300\" height=\"225\" srcset=\"https:\/\/rozaria.pl\/blog\/wp-content\/uploads\/2012\/12\/moczenie_roz-150x113.jpg 150w, https:\/\/rozaria.pl\/blog\/wp-content\/uploads\/2012\/12\/moczenie_roz-300x225.jpg 300w, https:\/\/rozaria.pl\/blog\/wp-content\/uploads\/2012\/12\/moczenie_roz.jpg 640w\" sizes=\"(max-width: 300px) 100vw, 300px\" \/><\/a>Przygotowanie r\u00f3\u017c do sadzenia polega g\u0142\u00f3wnie na przygotowaniu stanowiska, jak i samych krzew\u00f3w. Nale\u017cy pami\u0119ta\u0107, \u017ce r\u00f3\u017ce nale\u017c\u0105 do ro\u015blin g\u0142\u0119boko korzeni\u0105cych si\u0119, o silnym systemie korzeniowym, a wi\u0119c gleba powinna by\u0107 jak najg\u0142\u0119biej spulchniona. W miar\u0119 mo\u017cliwo\u015bci dobrze jest odpowiednio wcze\u015bniej u\u017cy\u017ani\u0107 j\u0105 mieszaj\u0105c z kompostem, obornikiem torfem lub nawozami mineralnymi (g\u0142\u00f3wnie fosforowo &#8211; potasowymi). Zapewni to naszym r\u00f3\u017com wszystkie niezb\u0119dne do prawid\u0142owego wzrostu sk\u0142adniki mineralne.<br \/>\n<\/span><\/p>\n<p style=\"text-align: justify;\"><span style=\"font-size: small;\"><b>PRZYGOTOWANIE RO\u015aLIN<\/b><\/span><\/p>\n<p style=\"text-align: justify;\"><span style=\"font-size: small;\">Natomiast przygotowanie ro\u015blin polega przede wszystkim na dok\u0142adnym przegl\u0105dzie sadzonki. Wszelkie uszkodzone, martwe, wadliwe uformowane cz\u0119\u015bci sadzonki r\u00f3\u017cy musz\u0105 by\u0107 usuni\u0119te przed sadzeniem. D\u0142ugo\u015b\u0107 wszystkich korzeni nie powinna przekracza\u0107 20-25 cm. Tak\u0105 sam\u0105 te\u017c wysoko\u015b\u0107 powinny mie\u0107 p\u0119dy. Potrzebn\u0105 wysoko\u015b\u0107 szybko zmierzymy przyk\u0142adaj\u0105c nasz\u0105 d\u0142o\u0144 do sadzonki. Maksymalny rozstaw palc\u00f3w pomi\u0119dzy kciukiem a ma\u0142ym palcem okre\u015bli nam t\u0105 miar\u0119 20 &#8211; 25 cm. Mo\u017cemy przyci\u0105\u0107 te\u017c grubsze korzenie poniewa\u017c ukorzeniaj\u0105ca si\u0119 ro\u015blina musi wytworzy\u0107 wi\u0119kszo\u015b\u0107 z nich od nowa.<\/span><\/p>\n<p style=\"text-align: justify; padding-left: 30px;\"><span style=\"font-size: small;\"><b>OMIJAJMY SUPERMARKETY<\/b><\/span><\/p>\n<p style=\"text-align: justify; padding-left: 30px;\"><span style=\"font-size: small;\">\u0179le przyjmuj\u0105 si\u0119 i s\u0142abo rosn\u0105 r\u00f3\u017ce, kt\u00f3re od wykopania ich ze szk\u00f3\u0142ki do momentu posadzenia by\u0142y przesuszone. St\u0105d tak wa\u017cny a cz\u0119sto niedoceniony jest zakup sadzonek bezpo\u015brednio w szk\u00f3\u0142ce z pomini\u0119ciem po\u015brednik\u00f3w. Mamy wtedy gwarancj\u0119, \u017ce producent odpowiednio zabezpieczy krzewy po wykopaniu oraz na czas ekspedycji. Ka\u017cde &#8220;kolejne r\u0119ce&#8221; przez kt\u00f3re przechodzi sadzonka r\u00f3\u017cy nara\u017ca j\u0105 niestety na przeschni\u0119cie.<\/span><\/p>\n<p style=\"text-align: justify;\"><span style=\"font-size: small;\"><b>PAMI\u0118TAJMY O MOCZENIU KORZENI<\/b><\/span><\/p>\n<p style=\"text-align: justify;\"><span style=\"font-size: small;\">Ponadto bezpo\u015brednio przed sadzeniem na kilka godzin nale\u017cy zanurzy\u0107 korzenie w wodzie. Zabieg ten jest nie k\u0142opotliwy, a po\u017cyteczny, zw\u0142aszcza przy sadzeniu wiosennym.<\/span><\/p>\n<p style=\"text-align: justify; padding-left: 30px;\"><span style=\"font-size: small;\"><b>DO\u0141OWANIE R\u00d3\u017b<\/b><\/span><\/p>\n<p style=\"text-align: justify; padding-left: 30px;\"><span style=\"font-size: small;\">Mo\u017ce si\u0119 r\u00f3wnie\u017c zdarzy\u0107, \u017ce po otrzymaniu r\u00f3\u017c jesieni\u0105 mo\u017cemy je wysadzi\u0107 na miejsce sta\u0142e dopiero za kilka dni. Mamy oddalon\u0105 dzia\u0142k\u0119 b\u0105d\u017a pracujemy do p\u00f3\u017ana a wi\u0119ksz\u0105 ilo\u015bci\u0105 wolnego czasu dysponujemy dopiero podczas weekendu itp. W takim przypadku musimy bezwzgl\u0119dnie zabezpieczy\u0107 nasze sadzonki sami przed przeschni\u0119ciem. Najpewniejszym sposobem jest zado\u0142owanie. Miejsce powinno by\u0107 os\u0142oni\u0119te od wiatru i nie podmok\u0142e. Korzenie ka\u017cdej ro\u015bliny musz\u0105 by\u0107 dobrze okryte wilgotn\u0105 ziemi\u0105. Nie nale\u017cy wi\u0119c do\u0142owa\u0107 r\u00f3\u017c w p\u0119czkach tylko je rozwi\u0105za\u0107, lu\u017ano u\u0142o\u017cy\u0107 i dobrze przysypa\u0107. W ziemi powinny znale\u017a\u0107 si\u0119 ca\u0142e korzenie a p\u0119dy nale\u017cy przysypa\u0107 do po\u0142owy.<\/span><\/p>\n<p style=\"text-align: justify;\"><span style=\"font-size: small;\"><b>MIESZKAMY W BLOKU &#8211; NIE MAMY PODW\u00d3RKA<\/b><\/span><\/p>\n<p style=\"text-align: justify;\"><span style=\"font-size: small;\">Je\u017celi nie mamy mo\u017cliwo\u015bci zado\u0142owania bo mieszkamy np. w bloku mo\u017cemy przechowa\u0107 przez kilka &#8211; kilkana\u015bcie dni sadzonki r\u00f3\u017c luzem w piwnicy. Obowi\u0105zkowo pami\u0119ta\u0107 tylko musimy o codziennym zraszaniu ro\u015blin tak by by\u0142y wilgotne i nie przesch\u0142y.<\/span><\/p>\n<p style=\"text-align: justify; padding-left: 30px;\"><span style=\"font-size: small;\"><b>KUPILI\u015aMY I ZASKOCZY\u0141A NAS ZIMA<\/b><\/span><\/p>\n<p style=\"text-align: justify; padding-left: 30px;\"><span style=\"font-size: small;\">W przypadku otrzymania przesy\u0142ki podczas mroz\u00f3w, nale\u017cy j\u0105 przed rozpakowaniem umie\u015bci\u0107 w jakim\u015b ch\u0142odnym pomieszczeniu, gdzie stopniowo odmarznie. W takim przypadku trzeba czeka\u0107 z wysadzeniem do wiosny.<\/span><\/p>\n","protected":false},"excerpt":{"rendered":"<p>Przygotowanie r\u00f3\u017c do sadzenia polega g\u0142\u00f3wnie na przygotowaniu stanowiska, jak i samych krzew\u00f3w. Nale\u017cy pami\u0119ta\u0107, \u017ce r\u00f3\u017ce nale\u017c\u0105 do ro\u015blin g\u0142\u0119boko korzeni\u0105cych si\u0119, o silnym systemie korzeniowym, a wi\u0119c gleba powinna by\u0107 jak najg\u0142\u0119biej spulchniona. W miar\u0119 mo\u017cliwo\u015bci dobrze jest [&hellip;]<\/p>\n","protected":false},"author":1,"featured_media":156,"comment_status":"open","ping_status":"open","sticky":false,"template":"","format":"standard","meta":{"_mi_skip_tracking":false,"_monsterinsights_sitenote_active":false,"_monsterinsights_sitenote_note":"","_monsterinsights_sitenote_category":0,"footnotes":""},"categories":[6],"tags":[2],"yoast_head":"<!-- This site is optimized with the Yoast SEO plugin v23.5 - https:\/\/yoast.com\/wordpress\/plugins\/seo\/ -->\n<title>Zanim wsadzimy r\u00f3\u017ce... - blog Rozaria.pl<\/title>\n<meta name=\"robots\" content=\"index, follow, max-snippet:-1, max-image-preview:large, max-video-preview:-1\" \/>\n<link rel=\"canonical\" href=\"https:\/\/rozaria.pl\/blog\/przygotowanie-roz-do-sadzenia\/\" \/>\n<meta property=\"og:locale\" content=\"pl_PL\" \/>\n<meta property=\"og:type\" content=\"article\" \/>\n<meta property=\"og:title\" content=\"Zanim wsadzimy r\u00f3\u017ce... - blog Rozaria.pl\" \/>\n<meta property=\"og:description\" content=\"Przygotowanie r\u00f3\u017c do sadzenia polega g\u0142\u00f3wnie na przygotowaniu stanowiska, jak i samych krzew\u00f3w. Nale\u017cy pami\u0119ta\u0107, \u017ce r\u00f3\u017ce nale\u017c\u0105 do ro\u015blin g\u0142\u0119boko korzeni\u0105cych si\u0119, o silnym systemie korzeniowym, a wi\u0119c gleba powinna by\u0107 jak najg\u0142\u0119biej spulchniona. W miar\u0119 mo\u017cliwo\u015bci dobrze jest [&hellip;]\" \/>\n<meta property=\"og:url\" content=\"https:\/\/rozaria.pl\/blog\/przygotowanie-roz-do-sadzenia\/\" \/>\n<meta property=\"og:site_name\" content=\"blog Rozaria.pl\" \/>\n<meta property=\"article:publisher\" content=\"https:\/\/www.facebook.com\/SzkolkaRozRozaria\/\" \/>\n<meta property=\"article:published_time\" content=\"2012-12-19T09:41:00+00:00\" \/>\n<meta property=\"article:modified_time\" content=\"2015-02-26T23:03:46+00:00\" \/>\n<meta property=\"og:image\" content=\"https:\/\/rozaria.pl\/blog\/wp-content\/uploads\/2012\/12\/moczenie_roz.jpg\" \/>\n\t<meta property=\"og:image:width\" content=\"640\" \/>\n\t<meta property=\"og:image:height\" content=\"480\" \/>\n\t<meta property=\"og:image:type\" content=\"image\/jpeg\" \/>\n<meta name=\"author\" content=\"Rozaria.pl\" \/>\n<meta name=\"twitter:card\" content=\"summary_large_image\" \/>\n<meta name=\"twitter:creator\" content=\"@SzkolkaRozaria\" \/>\n<meta name=\"twitter:site\" content=\"@SzkolkaRozaria\" \/>\n<meta name=\"twitter:label1\" content=\"Napisane przez\" \/>\n\t<meta name=\"twitter:data1\" content=\"Rozaria.pl\" \/>\n\t<meta name=\"twitter:label2\" content=\"Szacowany czas czytania\" \/>\n\t<meta name=\"twitter:data2\" content=\"3 minuty\" \/>\n<script type=\"application\/ld+json\" class=\"yoast-schema-graph\">{\"@context\":\"https:\/\/schema.org\",\"@graph\":[{\"@type\":\"Article\",\"@id\":\"https:\/\/rozaria.pl\/blog\/przygotowanie-roz-do-sadzenia\/#article\",\"isPartOf\":{\"@id\":\"https:\/\/rozaria.pl\/blog\/przygotowanie-roz-do-sadzenia\/\"},\"author\":{\"name\":\"Rozaria.pl\",\"@id\":\"https:\/\/rozaria.pl\/blog\/#\/schema\/person\/31b3805d5058ea1cffed1d8efb6e2513\"},\"headline\":\"Zanim wsadzimy r\u00f3\u017ce&#8230;\",\"datePublished\":\"2012-12-19T09:41:00+00:00\",\"dateModified\":\"2015-02-26T23:03:46+00:00\",\"mainEntityOfPage\":{\"@id\":\"https:\/\/rozaria.pl\/blog\/przygotowanie-roz-do-sadzenia\/\"},\"wordCount\":529,\"commentCount\":1,\"publisher\":{\"@id\":\"https:\/\/rozaria.pl\/blog\/#organization\"},\"image\":{\"@id\":\"https:\/\/rozaria.pl\/blog\/przygotowanie-roz-do-sadzenia\/#primaryimage\"},\"thumbnailUrl\":\"https:\/\/rozaria.pl\/blog\/wp-content\/uploads\/2012\/12\/moczenie_roz.jpg\",\"keywords\":[\"r\u00f3\u017ce piel\u0119gnacja\"],\"articleSection\":[\"Piel\u0119gnacja\"],\"inLanguage\":\"pl-PL\",\"potentialAction\":[{\"@type\":\"CommentAction\",\"name\":\"Comment\",\"target\":[\"https:\/\/rozaria.pl\/blog\/przygotowanie-roz-do-sadzenia\/#respond\"]}]},{\"@type\":\"WebPage\",\"@id\":\"https:\/\/rozaria.pl\/blog\/przygotowanie-roz-do-sadzenia\/\",\"url\":\"https:\/\/rozaria.pl\/blog\/przygotowanie-roz-do-sadzenia\/\",\"name\":\"Zanim wsadzimy r\u00f3\u017ce... - blog Rozaria.pl\",\"isPartOf\":{\"@id\":\"https:\/\/rozaria.pl\/blog\/#website\"},\"primaryImageOfPage\":{\"@id\":\"https:\/\/rozaria.pl\/blog\/przygotowanie-roz-do-sadzenia\/#primaryimage\"},\"image\":{\"@id\":\"https:\/\/rozaria.pl\/blog\/przygotowanie-roz-do-sadzenia\/#primaryimage\"},\"thumbnailUrl\":\"https:\/\/rozaria.pl\/blog\/wp-content\/uploads\/2012\/12\/moczenie_roz.jpg\",\"datePublished\":\"2012-12-19T09:41:00+00:00\",\"dateModified\":\"2015-02-26T23:03:46+00:00\",\"breadcrumb\":{\"@id\":\"https:\/\/rozaria.pl\/blog\/przygotowanie-roz-do-sadzenia\/#breadcrumb\"},\"inLanguage\":\"pl-PL\",\"potentialAction\":[{\"@type\":\"ReadAction\",\"target\":[\"https:\/\/rozaria.pl\/blog\/przygotowanie-roz-do-sadzenia\/\"]}]},{\"@type\":\"ImageObject\",\"inLanguage\":\"pl-PL\",\"@id\":\"https:\/\/rozaria.pl\/blog\/przygotowanie-roz-do-sadzenia\/#primaryimage\",\"url\":\"https:\/\/rozaria.pl\/blog\/wp-content\/uploads\/2012\/12\/moczenie_roz.jpg\",\"contentUrl\":\"https:\/\/rozaria.pl\/blog\/wp-content\/uploads\/2012\/12\/moczenie_roz.jpg\",\"width\":640,\"height\":480,\"caption\":\"moczenie roz\"},{\"@type\":\"BreadcrumbList\",\"@id\":\"https:\/\/rozaria.pl\/blog\/przygotowanie-roz-do-sadzenia\/#breadcrumb\",\"itemListElement\":[{\"@type\":\"ListItem\",\"position\":1,\"name\":\"Strona g\u0142\u00f3wna\",\"item\":\"https:\/\/rozaria.pl\/blog\/\"},{\"@type\":\"ListItem\",\"position\":2,\"name\":\"Zanim wsadzimy r\u00f3\u017ce&#8230;\"}]},{\"@type\":\"WebSite\",\"@id\":\"https:\/\/rozaria.pl\/blog\/#website\",\"url\":\"https:\/\/rozaria.pl\/blog\/\",\"name\":\"blog Rozaria.pl\",\"description\":\"Porozmawiajmy o r\u00f3\u017cach, o wszystkich sprawach\",\"publisher\":{\"@id\":\"https:\/\/rozaria.pl\/blog\/#organization\"},\"potentialAction\":[{\"@type\":\"SearchAction\",\"target\":{\"@type\":\"EntryPoint\",\"urlTemplate\":\"https:\/\/rozaria.pl\/blog\/?s={search_term_string}\"},\"query-input\":{\"@type\":\"PropertyValueSpecification\",\"valueRequired\":true,\"valueName\":\"search_term_string\"}}],\"inLanguage\":\"pl-PL\"},{\"@type\":\"Organization\",\"@id\":\"https:\/\/rozaria.pl\/blog\/#organization\",\"name\":\"Szk\u00f3\u0142ka R\u00f3\u017c Rozaria\",\"url\":\"https:\/\/rozaria.pl\/blog\/\",\"logo\":{\"@type\":\"ImageObject\",\"inLanguage\":\"pl-PL\",\"@id\":\"https:\/\/rozaria.pl\/blog\/#\/schema\/logo\/image\/\",\"url\":\"https:\/\/rozaria.pl\/blog\/wp-content\/uploads\/2016\/12\/logo_dla-rozaria.png\",\"contentUrl\":\"https:\/\/rozaria.pl\/blog\/wp-content\/uploads\/2016\/12\/logo_dla-rozaria.png\",\"width\":400,\"height\":166,\"caption\":\"Szk\u00f3\u0142ka R\u00f3\u017c Rozaria\"},\"image\":{\"@id\":\"https:\/\/rozaria.pl\/blog\/#\/schema\/logo\/image\/\"},\"sameAs\":[\"https:\/\/www.facebook.com\/SzkolkaRozRozaria\/\",\"https:\/\/x.com\/SzkolkaRozaria\",\"https:\/\/www.youtube.com\/channel\/UCguKKBc7F06eYM1tzYx1Z5A\"]},{\"@type\":\"Person\",\"@id\":\"https:\/\/rozaria.pl\/blog\/#\/schema\/person\/31b3805d5058ea1cffed1d8efb6e2513\",\"name\":\"Rozaria.pl\",\"image\":{\"@type\":\"ImageObject\",\"inLanguage\":\"pl-PL\",\"@id\":\"https:\/\/rozaria.pl\/blog\/#\/schema\/person\/image\/\",\"url\":\"https:\/\/secure.gravatar.com\/avatar\/36c7e4b15b333b9fb573f9e54e7fcf52?s=96&d=mm&r=g\",\"contentUrl\":\"https:\/\/secure.gravatar.com\/avatar\/36c7e4b15b333b9fb573f9e54e7fcf52?s=96&d=mm&r=g\",\"caption\":\"Rozaria.pl\"},\"sameAs\":[\"https:\/\/www.rozaria.pl\",\"https:\/\/www.youtube.com\/channel\/UCguKKBc7F06eYM1tzYx1Z5A\"],\"url\":\"https:\/\/rozaria.pl\/blog\/author\/1rozanka\/\"}]}<\/script>\n<!-- \/ Yoast SEO plugin. -->","yoast_head_json":{"title":"Zanim wsadzimy r\u00f3\u017ce... - blog Rozaria.pl","robots":{"index":"index","follow":"follow","max-snippet":"max-snippet:-1","max-image-preview":"max-image-preview:large","max-video-preview":"max-video-preview:-1"},"canonical":"https:\/\/rozaria.pl\/blog\/przygotowanie-roz-do-sadzenia\/","og_locale":"pl_PL","og_type":"article","og_title":"Zanim wsadzimy r\u00f3\u017ce... - blog Rozaria.pl","og_description":"Przygotowanie r\u00f3\u017c do sadzenia polega g\u0142\u00f3wnie na przygotowaniu stanowiska, jak i samych krzew\u00f3w. Nale\u017cy pami\u0119ta\u0107, \u017ce r\u00f3\u017ce nale\u017c\u0105 do ro\u015blin g\u0142\u0119boko korzeni\u0105cych si\u0119, o silnym systemie korzeniowym, a wi\u0119c gleba powinna by\u0107 jak najg\u0142\u0119biej spulchniona. W miar\u0119 mo\u017cliwo\u015bci dobrze jest [&hellip;]","og_url":"https:\/\/rozaria.pl\/blog\/przygotowanie-roz-do-sadzenia\/","og_site_name":"blog Rozaria.pl","article_publisher":"https:\/\/www.facebook.com\/SzkolkaRozRozaria\/","article_published_time":"2012-12-19T09:41:00+00:00","article_modified_time":"2015-02-26T23:03:46+00:00","og_image":[{"width":640,"height":480,"url":"https:\/\/rozaria.pl\/blog\/wp-content\/uploads\/2012\/12\/moczenie_roz.jpg","type":"image\/jpeg"}],"author":"Rozaria.pl","twitter_card":"summary_large_image","twitter_creator":"@SzkolkaRozaria","twitter_site":"@SzkolkaRozaria","twitter_misc":{"Napisane przez":"Rozaria.pl","Szacowany czas czytania":"3 minuty"},"schema":{"@context":"https:\/\/schema.org","@graph":[{"@type":"Article","@id":"https:\/\/rozaria.pl\/blog\/przygotowanie-roz-do-sadzenia\/#article","isPartOf":{"@id":"https:\/\/rozaria.pl\/blog\/przygotowanie-roz-do-sadzenia\/"},"author":{"name":"Rozaria.pl","@id":"https:\/\/rozaria.pl\/blog\/#\/schema\/person\/31b3805d5058ea1cffed1d8efb6e2513"},"headline":"Zanim wsadzimy r\u00f3\u017ce&#8230;","datePublished":"2012-12-19T09:41:00+00:00","dateModified":"2015-02-26T23:03:46+00:00","mainEntityOfPage":{"@id":"https:\/\/rozaria.pl\/blog\/przygotowanie-roz-do-sadzenia\/"},"wordCount":529,"commentCount":1,"publisher":{"@id":"https:\/\/rozaria.pl\/blog\/#organization"},"image":{"@id":"https:\/\/rozaria.pl\/blog\/przygotowanie-roz-do-sadzenia\/#primaryimage"},"thumbnailUrl":"https:\/\/rozaria.pl\/blog\/wp-content\/uploads\/2012\/12\/moczenie_roz.jpg","keywords":["r\u00f3\u017ce piel\u0119gnacja"],"articleSection":["Piel\u0119gnacja"],"inLanguage":"pl-PL","potentialAction":[{"@type":"CommentAction","name":"Comment","target":["https:\/\/rozaria.pl\/blog\/przygotowanie-roz-do-sadzenia\/#respond"]}]},{"@type":"WebPage","@id":"https:\/\/rozaria.pl\/blog\/przygotowanie-roz-do-sadzenia\/","url":"https:\/\/rozaria.pl\/blog\/przygotowanie-roz-do-sadzenia\/","name":"Zanim wsadzimy r\u00f3\u017ce... - blog Rozaria.pl","isPartOf":{"@id":"https:\/\/rozaria.pl\/blog\/#website"},"primaryImageOfPage":{"@id":"https:\/\/rozaria.pl\/blog\/przygotowanie-roz-do-sadzenia\/#primaryimage"},"image":{"@id":"https:\/\/rozaria.pl\/blog\/przygotowanie-roz-do-sadzenia\/#primaryimage"},"thumbnailUrl":"https:\/\/rozaria.pl\/blog\/wp-content\/uploads\/2012\/12\/moczenie_roz.jpg","datePublished":"2012-12-19T09:41:00+00:00","dateModified":"2015-02-26T23:03:46+00:00","breadcrumb":{"@id":"https:\/\/rozaria.pl\/blog\/przygotowanie-roz-do-sadzenia\/#breadcrumb"},"inLanguage":"pl-PL","potentialAction":[{"@type":"ReadAction","target":["https:\/\/rozaria.pl\/blog\/przygotowanie-roz-do-sadzenia\/"]}]},{"@type":"ImageObject","inLanguage":"pl-PL","@id":"https:\/\/rozaria.pl\/blog\/przygotowanie-roz-do-sadzenia\/#primaryimage","url":"https:\/\/rozaria.pl\/blog\/wp-content\/uploads\/2012\/12\/moczenie_roz.jpg","contentUrl":"https:\/\/rozaria.pl\/blog\/wp-content\/uploads\/2012\/12\/moczenie_roz.jpg","width":640,"height":480,"caption":"moczenie roz"},{"@type":"BreadcrumbList","@id":"https:\/\/rozaria.pl\/blog\/przygotowanie-roz-do-sadzenia\/#breadcrumb","itemListElement":[{"@type":"ListItem","position":1,"name":"Strona g\u0142\u00f3wna","item":"https:\/\/rozaria.pl\/blog\/"},{"@type":"ListItem","position":2,"name":"Zanim wsadzimy r\u00f3\u017ce&#8230;"}]},{"@type":"WebSite","@id":"https:\/\/rozaria.pl\/blog\/#website","url":"https:\/\/rozaria.pl\/blog\/","name":"blog Rozaria.pl","description":"Porozmawiajmy o r\u00f3\u017cach, o wszystkich sprawach","publisher":{"@id":"https:\/\/rozaria.pl\/blog\/#organization"},"potentialAction":[{"@type":"SearchAction","target":{"@type":"EntryPoint","urlTemplate":"https:\/\/rozaria.pl\/blog\/?s={search_term_string}"},"query-input":{"@type":"PropertyValueSpecification","valueRequired":true,"valueName":"search_term_string"}}],"inLanguage":"pl-PL"},{"@type":"Organization","@id":"https:\/\/rozaria.pl\/blog\/#organization","name":"Szk\u00f3\u0142ka R\u00f3\u017c Rozaria","url":"https:\/\/rozaria.pl\/blog\/","logo":{"@type":"ImageObject","inLanguage":"pl-PL","@id":"https:\/\/rozaria.pl\/blog\/#\/schema\/logo\/image\/","url":"https:\/\/rozaria.pl\/blog\/wp-content\/uploads\/2016\/12\/logo_dla-rozaria.png","contentUrl":"https:\/\/rozaria.pl\/blog\/wp-content\/uploads\/2016\/12\/logo_dla-rozaria.png","width":400,"height":166,"caption":"Szk\u00f3\u0142ka R\u00f3\u017c Rozaria"},"image":{"@id":"https:\/\/rozaria.pl\/blog\/#\/schema\/logo\/image\/"},"sameAs":["https:\/\/www.facebook.com\/SzkolkaRozRozaria\/","https:\/\/x.com\/SzkolkaRozaria","https:\/\/www.youtube.com\/channel\/UCguKKBc7F06eYM1tzYx1Z5A"]},{"@type":"Person","@id":"https:\/\/rozaria.pl\/blog\/#\/schema\/person\/31b3805d5058ea1cffed1d8efb6e2513","name":"Rozaria.pl","image":{"@type":"ImageObject","inLanguage":"pl-PL","@id":"https:\/\/rozaria.pl\/blog\/#\/schema\/person\/image\/","url":"https:\/\/secure.gravatar.com\/avatar\/36c7e4b15b333b9fb573f9e54e7fcf52?s=96&d=mm&r=g","contentUrl":"https:\/\/secure.gravatar.com\/avatar\/36c7e4b15b333b9fb573f9e54e7fcf52?s=96&d=mm&r=g","caption":"Rozaria.pl"},"sameAs":["https:\/\/www.rozaria.pl","https:\/\/www.youtube.com\/channel\/UCguKKBc7F06eYM1tzYx1Z5A"],"url":"https:\/\/rozaria.pl\/blog\/author\/1rozanka\/"}]}},"_links":{"self":[{"href":"https:\/\/rozaria.pl\/blog\/wp-json\/wp\/v2\/posts\/6"}],"collection":[{"href":"https:\/\/rozaria.pl\/blog\/wp-json\/wp\/v2\/posts"}],"about":[{"href":"https:\/\/rozaria.pl\/blog\/wp-json\/wp\/v2\/types\/post"}],"author":[{"embeddable":true,"href":"https:\/\/rozaria.pl\/blog\/wp-json\/wp\/v2\/users\/1"}],"replies":[{"embeddable":true,"href":"https:\/\/rozaria.pl\/blog\/wp-json\/wp\/v2\/comments?post=6"}],"version-history":[{"count":16,"href":"https:\/\/rozaria.pl\/blog\/wp-json\/wp\/v2\/posts\/6\/revisions"}],"predecessor-version":[{"id":801,"href":"https:\/\/rozaria.pl\/blog\/wp-json\/wp\/v2\/posts\/6\/revisions\/801"}],"wp:featuredmedia":[{"embeddable":true,"href":"https:\/\/rozaria.pl\/blog\/wp-json\/wp\/v2\/media\/156"}],"wp:attachment":[{"href":"https:\/\/rozaria.pl\/blog\/wp-json\/wp\/v2\/media?parent=6"}],"wp:term":[{"taxonomy":"category","embeddable":true,"href":"https:\/\/rozaria.pl\/blog\/wp-json\/wp\/v2\/categories?post=6"},{"taxonomy":"post_tag","embeddable":true,"href":"https:\/\/rozaria.pl\/blog\/wp-json\/wp\/v2\/tags?post=6"}],"curies":[{"name":"wp","href":"https:\/\/api.w.org\/{rel}","templated":true}]}}