{"id":4939,"date":"2024-01-30T18:04:40","date_gmt":"2024-01-30T17:04:40","guid":{"rendered":"https:\/\/rozaria.pl\/blog\/?p=4939"},"modified":"2025-05-14T08:30:44","modified_gmt":"2025-05-14T06:30:44","slug":"co-posadzic-z-rozami-optymalne-sasiedztwo-dla-twoich-roz","status":"publish","type":"post","link":"https:\/\/rozaria.pl\/blog\/co-posadzic-z-rozami-optymalne-sasiedztwo-dla-twoich-roz\/","title":{"rendered":"Co posadzi\u0107 z r\u00f3\u017cami? Optymalne s\u0105siedztwo dla Twoich r\u00f3\u017c!"},"content":{"rendered":"<h2 style=\"text-align: justify;\">Co posadzi\u0107 z r\u00f3\u017cami? Jak wybra\u0107 najlepsze s\u0105siedztwo dla Twoich r\u00f3\u017c!<\/h2>\n<p style=\"text-align: justify;\">Posadzenie r\u00f3\u017c w odpowiednim s\u0105siedztwie mo\u017ce mie\u0107 istotny wp\u0142yw na ich wzrost, kwitnienie i og\u00f3lny rozw\u00f3j. Dobrze dobrana ro\u015blinno\u015b\u0107 b\u0119d\u0105ca w bliskim s\u0105siedztwie r\u00f3\u017c mo\u017ce stworzy\u0107 harmonijn\u0105 kompozycj\u0119, poprawi\u0107 walory estetyczne ogrodu oraz zapewni\u0107 korzystne warunki dla rozwoju tych pi\u0119knych kwiat\u00f3w. Jak zatem wybra\u0107 optymalne s\u0105siedztwo dla Twoich r\u00f3\u017c?!<a href=\"https:\/\/rozaria.pl\/blog\/wp-content\/uploads\/2024\/01\/20210702_102124-scaled.jpg\"><img loading=\"lazy\" decoding=\"async\" class=\"alignleft wp-image-4962 size-large\" src=\"https:\/\/rozaria.pl\/blog\/wp-content\/uploads\/2024\/01\/20210702_102124-1024x498.jpg\" alt=\" jak \u0142\u0105czy\u0107 krzewy z r\u00f3\u017cami w ogrodzie idealne s\u0105siedztwo\" width=\"1024\" height=\"498\" srcset=\"https:\/\/rozaria.pl\/blog\/wp-content\/uploads\/2024\/01\/20210702_102124-150x73.jpg 150w, https:\/\/rozaria.pl\/blog\/wp-content\/uploads\/2024\/01\/20210702_102124-200x97.jpg 200w, https:\/\/rozaria.pl\/blog\/wp-content\/uploads\/2024\/01\/20210702_102124-300x146.jpg 300w, https:\/\/rozaria.pl\/blog\/wp-content\/uploads\/2024\/01\/20210702_102124-400x194.jpg 400w, https:\/\/rozaria.pl\/blog\/wp-content\/uploads\/2024\/01\/20210702_102124-600x292.jpg 600w, https:\/\/rozaria.pl\/blog\/wp-content\/uploads\/2024\/01\/20210702_102124-768x373.jpg 768w, https:\/\/rozaria.pl\/blog\/wp-content\/uploads\/2024\/01\/20210702_102124-800x389.jpg 800w, https:\/\/rozaria.pl\/blog\/wp-content\/uploads\/2024\/01\/20210702_102124-1024x498.jpg 1024w, https:\/\/rozaria.pl\/blog\/wp-content\/uploads\/2024\/01\/20210702_102124-1200x583.jpg 1200w, https:\/\/rozaria.pl\/blog\/wp-content\/uploads\/2024\/01\/20210702_102124-1536x747.jpg 1536w\" sizes=\"(max-width: 1024px) 100vw, 1024px\" \/><\/a><\/p>\n<h2 style=\"text-align: justify;\">Wprowadzenie do posadzenia r\u00f3\u017c oraz optymalnego s\u0105siedztwa dla tych krzew\u00f3w<\/h2>\n<p style=\"text-align: justify;\">R\u00f3\u017ce s\u0105 bezkonkurencyjne, je\u015bli chodzi o elegancj\u0119 w ogrodzie \u2013 ale nawet kr\u00f3lowe potrzebuj\u0105 odpowiedniego dworu. Dobrze dobrane towarzystwo nie tylko podkre\u015bla ich urod\u0119, lecz tak\u017ce poprawia kondycj\u0119 krzew\u00f3w, wspomaga zdrowie i u\u0142atwia piel\u0119gnacj\u0119. Dowiedz si\u0119, jak stworzy\u0107 zachwycaj\u0105c\u0105 i funkcjonaln\u0105 r\u00f3\u017cank\u0119, kt\u00f3ra b\u0119dzie ozdob\u0105 przez ca\u0142y sezon!<\/p>\n<p style=\"text-align: justify;\">R\u00f3\u017ce, popularne i cenione krzewy ozdobne, idealnie komponuj\u0105 si\u0119 z wieloma innymi ro\u015blinami ogrodowymi. Wybieraj\u0105c towarzystwo dla r\u00f3\u017c, warto zwr\u00f3ci\u0107 uwag\u0119 na ich wymagania oraz preferencje dotycz\u0105ce gleby, nas\u0142onecznienia i nawo\u017cenia. Odpowiednio dobrana ro\u015blinno\u015b\u0107 b\u0119d\u0105ca w s\u0105siedztwie r\u00f3\u017c mo\u017ce nie tylko podkre\u015bli\u0107 ich urod\u0119, ale r\u00f3wnie\u017c wp\u0142yn\u0105\u0107 pozytywnie na zdrowie i kondycj\u0119 ro\u015blin.<\/p>\n<h3 style=\"text-align: justify;\">Dlaczego s\u0105siedztwo ro\u015blin jest wa\u017cne dla r\u00f3\u017c<a href=\"https:\/\/rozaria.pl\/blog\/wp-content\/uploads\/2024\/01\/co_posadzic_z_rozami-scaled.jpg\"><img loading=\"lazy\" decoding=\"async\" class=\"alignright wp-image-4964 size-medium\" src=\"https:\/\/rozaria.pl\/blog\/wp-content\/uploads\/2024\/01\/co_posadzic_z_rozami-165x300.jpg\" alt=\" idealne s\u0105siedztwo dla r\u00f3\u017c\" width=\"165\" height=\"300\" srcset=\"https:\/\/rozaria.pl\/blog\/wp-content\/uploads\/2024\/01\/co_posadzic_z_rozami-82x150.jpg 82w, https:\/\/rozaria.pl\/blog\/wp-content\/uploads\/2024\/01\/co_posadzic_z_rozami-165x300.jpg 165w, https:\/\/rozaria.pl\/blog\/wp-content\/uploads\/2024\/01\/co_posadzic_z_rozami-200x365.jpg 200w, https:\/\/rozaria.pl\/blog\/wp-content\/uploads\/2024\/01\/co_posadzic_z_rozami-400x729.jpg 400w, https:\/\/rozaria.pl\/blog\/wp-content\/uploads\/2024\/01\/co_posadzic_z_rozami-562x1024.jpg 562w, https:\/\/rozaria.pl\/blog\/wp-content\/uploads\/2024\/01\/co_posadzic_z_rozami-600x1094.jpg 600w, https:\/\/rozaria.pl\/blog\/wp-content\/uploads\/2024\/01\/co_posadzic_z_rozami-768x1400.jpg 768w, https:\/\/rozaria.pl\/blog\/wp-content\/uploads\/2024\/01\/co_posadzic_z_rozami-800x1459.jpg 800w, https:\/\/rozaria.pl\/blog\/wp-content\/uploads\/2024\/01\/co_posadzic_z_rozami-842x1536.jpg 842w, https:\/\/rozaria.pl\/blog\/wp-content\/uploads\/2024\/01\/co_posadzic_z_rozami-1123x2048.jpg 1123w, https:\/\/rozaria.pl\/blog\/wp-content\/uploads\/2024\/01\/co_posadzic_z_rozami-1200x2188.jpg 1200w, https:\/\/rozaria.pl\/blog\/wp-content\/uploads\/2024\/01\/co_posadzic_z_rozami-scaled.jpg 1404w\" sizes=\"(max-width: 165px) 100vw, 165px\" \/><\/a><\/h3>\n<p style=\"text-align: justify;\">Wprowadzaj\u0105c na rabat\u0119 ro\u015bliny\u00a0 towarzysz\u0105ce r\u00f3\u017com\u00a0 musimy\u00a0 sprawdzi\u0107,\u00a0 czy\u00a0 s\u0105\u00a0 to\u00a0 ro\u015bliny\u00a0 o podobnych\u00a0 wymaganiach\u00a0 glebowych oraz jakiej piel\u0119gnacji wymaga\u0107 b\u0119d\u0105 na rabacie w trakcie ca\u0142ego sezonu. Opr\u00f3cz wizualnej strony, jak\u0105 daje \u0142\u0105czenie form, krzewy i ro\u015bliny pozwalaj\u0105 wype\u0142ni\u0107 pustk\u0119 w momentach, kiedy r\u00f3\u017ce jeszcze nie kwitn\u0105 ewentualnie w czasie mi\u0119dzy kolejnymi kwitnieniami. W przypadku nasadze\u0144 <a href=\"https:\/\/rozaria.pl\/roze-pienne\">r\u00f3\u017c piennych<\/a> mog\u0105 stanowi\u0107 dolne pi\u0119tro i zadarnia\u0107 przestrze\u0144, co ogranicza wysychanie gleby i szybkie kie\u0142kowanie chwast\u00f3w.<\/p>\n<p style=\"text-align: justify;\">R\u00f3\u017ce, cho\u0107 same w sobie zachwycaj\u0105ce, zyskuj\u0105 jeszcze bardziej, gdy otoczy si\u0119 je starannie dobranymi bylinami, trawami i niskimi krzewami. Dobrzy s\u0105siedzi r\u00f3\u017c nie tylko wspieraj\u0105 ich rozw\u00f3j, ale te\u017c pomagaj\u0105 stworzy\u0107 atrakcyjny ogr\u00f3d od wczesnej wiosny a\u017c po p\u00f3\u017an\u0105 jesie\u0144. Ro\u015bliny towarzysz\u0105ce mog\u0105 chroni\u0107 przed nadmiernym nagrzewaniem gleby, ogranicza\u0107 rozw\u00f3j chwast\u00f3w i wprowadza\u0107 dynamik\u0119 do kompozycji dzi\u0119ki r\u00f3\u017cnorodnym formom i kolorom.<\/p>\n<h3 style=\"text-align: justify;\">Badanie potrzeb r\u00f3\u017c podczas sadzenia<\/h3>\n<p style=\"text-align: justify;\">Przed sadzeniem r\u00f3\u017c warto zwr\u00f3ci\u0107 uwag\u0119 na ich indywidualne potrzeby, takie jak preferencje dotycz\u0105ce ziemi, nas\u0142onecznienia, wilgotno\u015bci gleby czy pH. Nale\u017cy tak\u017ce rozwa\u017cy\u0107 wysoko\u015b\u0107 r\u00f3\u017c i ich pokr\u00f3j, aby dobra\u0107 odpowiednie ro\u015bliny towarzysz\u0105ce. Dobrze dobrany s\u0105siad ro\u015blinny mo\u017ce wspom\u00f3c r\u00f3\u017ce w ochronie przed niekorzystnymi warunkami \u015brodowiska oraz stworzy\u0107 naturaln\u0105 ozdob\u0119 ogrodu.<\/p>\n<h2 style=\"text-align: justify;\">Optymalne ro\u015bliny towarzysz\u0105ce r\u00f3\u017com<\/h2>\n<p style=\"text-align: justify;\">Ogrodnictwo towarzysz\u0105ce r\u00f3\u017com mo\u017ce znacz\u0105co wp\u0142yn\u0105\u0107 na ich wzrost, wygl\u0105d i og\u00f3lny rozw\u00f3j. Dobrze dobrana ro\u015blinno\u015b\u0107 w s\u0105siedztwie r\u00f3\u017c mo\u017ce stworzy\u0107 harmonijn\u0105 kompozycj\u0119 ogrodu i poprawi\u0107 walory estetyczne. Polecane byliny do sadzenia obok r\u00f3\u017c mog\u0105 odpowiada\u0107 na potrzeby r\u00f3\u017c oraz urozmaici\u0107 kompozycj\u0119 ogrodu. Rosn\u0105ce obok siebie trawy i poszycie, tak\u017ce przyczyni\u0105 si\u0119 do stworzenia atrakcyjnego otoczenia dla r\u00f3\u017c.<a href=\"https:\/\/rozaria.pl\/blog\/wp-content\/uploads\/2024\/01\/sadiedztwo_dla_roz.jpg\"><img loading=\"lazy\" decoding=\"async\" class=\"aligncenter wp-image-4965 size-full\" src=\"https:\/\/rozaria.pl\/blog\/wp-content\/uploads\/2024\/01\/sadiedztwo_dla_roz.jpg\" alt=\"Optymalne s\u0105siedztwo dla Twoich r\u00f3\u017c! lawenda, byliny o kwiatach delikatnych eterycznych dobre do posadzenia obok r\u00f3\u017c\" width=\"800\" height=\"600\" srcset=\"https:\/\/rozaria.pl\/blog\/wp-content\/uploads\/2024\/01\/sadiedztwo_dla_roz-150x113.jpg 150w, https:\/\/rozaria.pl\/blog\/wp-content\/uploads\/2024\/01\/sadiedztwo_dla_roz-200x150.jpg 200w, https:\/\/rozaria.pl\/blog\/wp-content\/uploads\/2024\/01\/sadiedztwo_dla_roz-300x225.jpg 300w, https:\/\/rozaria.pl\/blog\/wp-content\/uploads\/2024\/01\/sadiedztwo_dla_roz-400x300.jpg 400w, https:\/\/rozaria.pl\/blog\/wp-content\/uploads\/2024\/01\/sadiedztwo_dla_roz-600x450.jpg 600w, https:\/\/rozaria.pl\/blog\/wp-content\/uploads\/2024\/01\/sadiedztwo_dla_roz-768x576.jpg 768w, https:\/\/rozaria.pl\/blog\/wp-content\/uploads\/2024\/01\/sadiedztwo_dla_roz.jpg 800w\" sizes=\"(max-width: 800px) 100vw, 800px\" \/><\/a><\/p>\n<h3 style=\"text-align: justify;\">Ogrodnictwo towarzysz\u0105ce r\u00f3\u017com<\/h3>\n<p class=\"\" style=\"text-align: justify;\" data-start=\"1178\" data-end=\"1468\">S\u0105siedztwo ma znaczenie! R\u00f3\u017ce najlepiej czuj\u0105 si\u0119 w towarzystwie ro\u015blin o podobnych wymaganiach \u2013 s\u0142oneczne stanowisko, umiarkowanie wilgotna gleba, dobra przepuszczalno\u015b\u0107. Przy odpowiednim planowaniu ro\u015bliny towarzysz\u0105ce nie b\u0119d\u0105 z nimi konkurowa\u0107, lecz wsp\u00f3lnie stworz\u0105 harmonijn\u0105 ca\u0142o\u015b\u0107.<\/p>\n<h3 class=\"\" style=\"text-align: justify;\" data-start=\"1470\" data-end=\"1483\">Pami\u0119taj:<\/h3>\n<ul style=\"text-align: justify;\" data-start=\"1484\" data-end=\"1685\">\n<li class=\"\" data-start=\"1484\" data-end=\"1533\">\n<p class=\"\" data-start=\"1486\" data-end=\"1533\">Nie sad\u017a r\u00f3\u017c zbyt g\u0119sto \u2013 potrzebuj\u0105 przewiewu.<\/p>\n<\/li>\n<li class=\"\" data-start=\"1534\" data-end=\"1598\">\n<p class=\"\" data-start=\"1536\" data-end=\"1598\">Unikaj agresywnych ro\u015blin z ekspansywnym systemem korzeniowym.<\/p>\n<\/li>\n<li class=\"\" data-start=\"1599\" data-end=\"1685\">\n<p class=\"\" data-start=\"1601\" data-end=\"1685\">Dobieraj ro\u015bliny o r\u00f3\u017cnych porach kwitnienia \u2013 r\u00f3\u017canka b\u0119dzie atrakcyjna ca\u0142y sezon.<\/p>\n<\/li>\n<\/ul>\n<h2 class=\"\" style=\"text-align: justify;\" data-start=\"1692\" data-end=\"1727\">Jakie ro\u015bliny posadzi\u0107 z r\u00f3\u017cami?<\/h2>\n<h3 class=\"\" style=\"text-align: justify;\" data-start=\"1729\" data-end=\"1771\">\ud83c\udf3f Byliny \u2013 kolory, zapachy i tekstury<\/h3>\n<p class=\"\" style=\"text-align: justify;\" data-start=\"1773\" data-end=\"1939\">Byliny to prawdziwy skarb w r\u00f3\u017cance \u2013 s\u0105 trwa\u0142e, r\u00f3\u017cnorodne i cz\u0119sto bardzo odporne. Do sadzenia obok r\u00f3\u017c polecane s\u0105 r\u00f3\u017cne gatunki bylin, takie jak naparstnica, ostr\u00f3\u017cki, sza\u0142wia, bodziszek czy okrywowe odmiany rabatowych bylin. Byliny s\u0105 polecane jako dolne pi\u0119tro dla silnie rosn\u0105cych <a href=\"https:\/\/rozaria.pl\/roze-rabatowe\">r\u00f3\u017c rabatowych<\/a> oraz ni\u017cej rosn\u0105cych <a href=\"https:\/\/rozaria.pl\/roze-parkowe\">r\u00f3\u017c parkowych<\/a>. Ich urozmaicona kolorystyka i r\u00f3\u017cnorodno\u015b\u0107 pokroju mog\u0105 stanowi\u0107 ciekawe uzupe\u0142nienie dla rabat z r\u00f3\u017cami. Ro\u015bliny, takie jak \u0142ubin, z\u0142ocie\u0144, je\u017c\u00f3wka, lub r\u00f3\u017cne odmiany iglastych krzew\u00f3w, stanowi\u0105 doskona\u0142e s\u0105siedztwo dla r\u00f3\u017c. W otoczeniu r\u00f3\u017c mog\u0105 one tworzy\u0107 interesuj\u0105ce kontrasty i urozmaici\u0107 kompozycj\u0119 ogrodu. Posadzenie traw i poszycia obok r\u00f3\u017c mo\u017ce r\u00f3wnie\u017c zapewni\u0107 korzystne warunki mikroklimatyczne oraz stanowi\u0107 barier\u0119 dla rozprzestrzeniania si\u0119 chwast\u00f3w.Byliny te mog\u0105 te\u017c pom\u00f3c w tworzeniu harmonijnej kompozycji ogrodu oraz by\u0107 atrakcyjnym elementem krajobrazu. \u015awietnie sprawdzaj\u0105 si\u0119 jako &#8220;pierwszy plan&#8221; pod r\u00f3\u017cami rabatowymi czy parkowymi.<\/p>\n<p class=\"\" style=\"text-align: justify;\" data-start=\"1941\" data-end=\"1972\"><strong data-start=\"1941\" data-end=\"1972\">Polecane gatunki i odmiany:<\/strong><\/p>\n<ul style=\"text-align: justify;\" data-start=\"1974\" data-end=\"2382\">\n<li class=\"\" data-start=\"1974\" data-end=\"2045\">\n<p class=\"\" data-start=\"1976\" data-end=\"2045\"><strong data-start=\"1976\" data-end=\"2013\">Sza\u0142wia omszona (Salvia nemorosa)<\/strong> \u2013 np. \u2018Caradonna\u2019, \u2018Mainacht\u2019<\/p>\n<\/li>\n<li class=\"\" data-start=\"2046\" data-end=\"2113\">\n<p class=\"\" data-start=\"2048\" data-end=\"2113\"><strong data-start=\"2048\" data-end=\"2071\">Kocimi\u0119tka (Nepeta)<\/strong> \u2013 np. \u2018Walker\u2019s Low\u2019, \u2018Six Hills Giant\u2019<\/p>\n<\/li>\n<li class=\"\" data-start=\"2114\" data-end=\"2190\">\n<p class=\"\" data-start=\"2116\" data-end=\"2190\"><strong data-start=\"2116\" data-end=\"2164\">Lawenda w\u0105skolistna (Lavandula angustifolia)<\/strong> \u2013 \u2018Hidcote\u2019, \u2018Munstead\u2019<\/p>\n<\/li>\n<li class=\"\" data-start=\"2191\" data-end=\"2253\">\n<p class=\"\" data-start=\"2193\" data-end=\"2253\"><strong data-start=\"2193\" data-end=\"2217\">Bodziszek (Geranium)<\/strong> \u2013 np. \u2018Rozanne\u2019, \u2018Johnson\u2019s Blue\u2019<\/p>\n<\/li>\n<li class=\"\" data-start=\"2254\" data-end=\"2317\">\n<p class=\"\" data-start=\"2256\" data-end=\"2317\"><strong data-start=\"2256\" data-end=\"2301\">Go\u017adzik siny (Dianthus gratianopolitanus)<\/strong> \u2013 \u2018Firewitch\u2019<\/p>\n<\/li>\n<li class=\"\" data-start=\"2318\" data-end=\"2382\">\n<p class=\"\" data-start=\"2320\" data-end=\"2382\"><strong data-start=\"2320\" data-end=\"2342\">\u017burawka (Heuchera)<\/strong> \u2013 np. \u2018Palace Purple\u2019, \u2018Lime Marmalade\u2019<\/p>\n<\/li>\n<\/ul>\n<p class=\"\" style=\"text-align: justify;\" data-start=\"2384\" data-end=\"2473\">Te ro\u015bliny tworz\u0105 pi\u0119kne kontrasty, podkre\u015blaj\u0105 delikatno\u015b\u0107 r\u00f3\u017c i wabi\u0105 owady zapylaj\u0105ce.<\/p>\n<hr class=\"\" data-start=\"2475\" data-end=\"2478\" \/>\n<h3 class=\"\" style=\"text-align: justify;\" data-start=\"2480\" data-end=\"2524\">\ud83c\udf3e Trawy ozdobne \u2013 naturalno\u015b\u0107 i lekko\u015b\u0107<\/h3>\n<p class=\"\" style=\"text-align: justify;\" data-start=\"2526\" data-end=\"2653\">Trawy ozdobne wnosz\u0105 do r\u00f3\u017canki lekko\u015b\u0107 i swobod\u0119. W otoczeniu r\u00f3\u017c mog\u0105 one tworzy\u0107 interesuj\u0105ce kontrasty i urozmaici\u0107 kompozycj\u0119 ogrodu. Posadzenie traw i poszycia obok r\u00f3\u017c mo\u017ce r\u00f3wnie\u017c zapewni\u0107 korzystne warunki mikroklimatyczne oraz stanowi\u0107 barier\u0119 dla rozprzestrzeniania si\u0119 chwast\u00f3w. Ich delikatne \u017ad\u017ab\u0142a poruszaj\u0105 si\u0119 na wietrze, wprowadzaj\u0105c ruch i dynamik\u0119. Wszystkie te trawy <strong data-start=\"24\" data-end=\"77\">doskonale sprawdzaj\u0105 si\u0119 w zestawieniach z r\u00f3\u017cami<\/strong> \u2013 pod warunkiem, \u017ce uwzgl\u0119dnisz ich wymagania i dobierzesz je zgodnie z charakterem rabaty.<\/p>\n<p class=\"\" style=\"text-align: justify;\" data-start=\"2655\" data-end=\"2676\"><strong data-start=\"2655\" data-end=\"2676\">Polecane gatunki:<\/strong><\/p>\n<ul style=\"text-align: justify;\" data-start=\"2678\" data-end=\"2947\">\n<li class=\"\" data-start=\"2678\" data-end=\"2727\">\n<p class=\"\" data-start=\"2680\" data-end=\"2727\"><strong data-start=\"2680\" data-end=\"2699\">Turzyca (Carex)<\/strong> \u2013 \u2018Ice Dance\u2019, \u2018Evergold\u2019<\/p>\n<\/li>\n<li class=\"\" data-start=\"2728\" data-end=\"2806\">\n<p class=\"\" data-start=\"2730\" data-end=\"2806\"><strong data-start=\"2730\" data-end=\"2771\">Miskant chi\u0144ski (Miscanthus sinensis)<\/strong> \u2013 \u2018Gracillimus\u2019, \u2018Morning Light\u2019<\/p>\n<\/li>\n<li class=\"\" data-start=\"2807\" data-end=\"2862\">\n<p class=\"\" data-start=\"2809\" data-end=\"2862\"><strong data-start=\"2809\" data-end=\"2844\">Kostrzewa sina (Festuca glauca)<\/strong> \u2013 \u2018Elijah Blue\u2019<\/p>\n<\/li>\n<li class=\"\" data-start=\"2863\" data-end=\"2947\">\n<p class=\"\" data-start=\"2865\" data-end=\"2947\"><strong data-start=\"2865\" data-end=\"2905\">Stipa tenuissima (ostnica cieniutka)<\/strong> \u2013 delikatna, puszysta, bardzo dekoracyjna<\/p>\n<\/li>\n<li class=\"\" data-start=\"301\" data-end=\"406\">\n<p class=\"\" data-start=\"303\" data-end=\"406\"><strong data-start=\"303\" data-end=\"333\">Mol\u00ednia (Molinia caerulea)<\/strong> \u2013 np. \u2018Moorhexe\u2019 \u2013 delikatna, a\u017curowa, pi\u0119knie si\u0119 porusza na wietrze.<\/p>\n<\/li>\n<li class=\"\" data-start=\"407\" data-end=\"507\">\n<p class=\"\" data-start=\"409\" data-end=\"507\"><strong data-start=\"409\" data-end=\"447\">Proso r\u00f3zgowate (Panicum virgatum)<\/strong> \u2013 np. \u2018Heavy Metal\u2019 \u2013 strzelista forma, srebrzysty kolor.<\/p>\n<\/li>\n<li class=\"\" data-start=\"508\" data-end=\"627\">\n<p class=\"\" data-start=\"510\" data-end=\"627\"><strong data-start=\"510\" data-end=\"566\">Trzcinnik ostrokwiatowy (Calamagrostis x acutiflora)<\/strong> \u2013 np. \u2018Karl Foerster\u2019 \u2013 wysoki, elegancki, \u015bwietny na t\u0142o.<\/p>\n<\/li>\n<li class=\"\" data-start=\"628\" data-end=\"717\">\n<p class=\"\" data-start=\"630\" data-end=\"717\"><strong data-start=\"630\" data-end=\"662\">Sesleria (Sesleria caerulea)<\/strong> \u2013 niska, zimozielona, bardzo ozdobna przez ca\u0142y rok.<\/p>\n<\/li>\n<li class=\"\" data-start=\"718\" data-end=\"836\">\n<p class=\"\" data-start=\"720\" data-end=\"836\"><strong data-start=\"720\" data-end=\"760\">Stipa tenuissima (ostnica cieniutka)<\/strong> \u2013 ju\u017c wspomniana, ale warto powt\u00f3rzy\u0107 \u2013 puszysta, bardzo lekka i efektowna!<\/p>\n<\/li>\n<\/ul>\n<p class=\"\" style=\"text-align: justify;\" data-start=\"720\" data-end=\"836\">Je\u015bli zale\u017cy Ci na <strong data-start=\"1623\" data-end=\"1687\">stylu romantycznym, naturalistycznym albo wiejsko-angielskim<\/strong>, te trawy b\u0119d\u0105 \u015bwietne. Dobrze komponuj\u0105 si\u0119 wizualnie z r\u00f3\u017cami, <strong data-start=\"1753\" data-end=\"1780\">nie konkuruj\u0105 o \u015bwiat\u0142o<\/strong>, a ich korzenie nie zag\u0142uszaj\u0105 korzeni r\u00f3\u017c (co niestety mo\u017ce si\u0119 zdarzy\u0107 np. z ekspansywnymi bylinami).<\/p>\n<hr class=\"\" data-start=\"2949\" data-end=\"2952\" \/>\n<h3 class=\"\" style=\"text-align: justify;\" data-start=\"2954\" data-end=\"2992\">\ud83c\udf3c Krzewinki i ro\u015bliny zimozielone<\/h3>\n<p class=\"\" style=\"text-align: justify;\" data-start=\"2994\" data-end=\"3055\">Nadaj\u0105 struktur\u0119 i kolor r\u00f3wnie\u017c poza sezonem kwitnienia r\u00f3\u017c.<\/p>\n<ul style=\"text-align: justify;\" data-start=\"3057\" data-end=\"3364\">\n<li class=\"\" data-start=\"3057\" data-end=\"3126\">\n<p class=\"\" data-start=\"3059\" data-end=\"3126\"><strong data-start=\"3059\" data-end=\"3095\">Barwinek pospolity (Vinca minor)<\/strong> \u2013 zadarniaj\u0105ca i dekoracyjna<\/p>\n<\/li>\n<li class=\"\" data-start=\"3127\" data-end=\"3206\">\n<p class=\"\" data-start=\"3129\" data-end=\"3206\"><strong data-start=\"3129\" data-end=\"3162\">Bukszpan (Buxus sempervirens)<\/strong> \u2013 idealny do formowania ramek wok\u00f3\u0142 rabat<\/p>\n<\/li>\n<li class=\"\" data-start=\"3207\" data-end=\"3283\">\n<p class=\"\" data-start=\"3209\" data-end=\"3283\"><strong data-start=\"3209\" data-end=\"3246\">Rozmaryn (Rosmarinus officinalis)<\/strong> \u2013 zio\u0142owa nuta i atrakcyjny wygl\u0105d<\/p>\n<\/li>\n<li class=\"\" data-start=\"3284\" data-end=\"3364\">\n<p class=\"\" data-start=\"3286\" data-end=\"3364\"><strong data-start=\"3286\" data-end=\"3319\">Cis pospolity (Taxus baccata)<\/strong> \u2013 ciemna ziele\u0144 pi\u0119knie kontrastuje z r\u00f3\u017cami<\/p>\n<\/li>\n<\/ul>\n<hr class=\"\" data-start=\"3366\" data-end=\"3369\" \/>\n<h2 style=\"text-align: justify;\">Nieodpowiednie s\u0105siedztwo dla r\u00f3\u017c<\/h2>\n<p style=\"text-align: justify;\">R\u00f3\u017ce, popularne i cenione krzewy ozdobne, idealnie komponuj\u0105 si\u0119 z wieloma innymi ro\u015blinami ogrodowymi. Wybieraj\u0105c towarzystwo dla r\u00f3\u017c, warto zwr\u00f3ci\u0107 uwag\u0119 na ich wymagania oraz preferencje dotycz\u0105ce gleby, nas\u0142onecznienia i nawo\u017cenia. Odpowiednio dobrana ro\u015blinno\u015b\u0107 b\u0119d\u0105ca w s\u0105siedztwie r\u00f3\u017c mo\u017ce nie tylko podkre\u015bli\u0107 ich urod\u0119, ale r\u00f3wnie\u017c wp\u0142yn\u0105\u0107 pozytywnie na zdrowie i kondycj\u0119 ro\u015blin.<\/p>\n<h3 style=\"text-align: justify;\" data-start=\"3371\" data-end=\"3404\">Ro\u015bliny, kt\u00f3rych lepiej unika\u0107<\/h3>\n<p class=\"\" style=\"text-align: justify;\" data-start=\"3406\" data-end=\"3461\">Nie wszystko, co ro\u015bnie, dobrze zagra z r\u00f3\u017cami. Unikaj:<\/p>\n<ul style=\"text-align: justify;\" data-start=\"3462\" data-end=\"3668\">\n<li class=\"\" data-start=\"3462\" data-end=\"3541\">\n<p class=\"\" data-start=\"3464\" data-end=\"3541\">silnie ekspansywnych bylin (np. mi\u0119ta, wiesio\u0142ek, niekt\u00f3re odmiany miskanta),<\/p>\n<\/li>\n<li class=\"\" data-start=\"3542\" data-end=\"3604\">\n<p class=\"\" data-start=\"3544\" data-end=\"3604\">ro\u015blin o wysokich wymaganiach wodnych (np. funkii w s\u0142o\u0144cu),<a href=\"https:\/\/rozaria.pl\/blog\/wp-content\/uploads\/2024\/01\/sasiedztwo_dla_roz_lawenda.jpg\"><img loading=\"lazy\" decoding=\"async\" class=\"alignright wp-image-4966 size-medium\" src=\"https:\/\/rozaria.pl\/blog\/wp-content\/uploads\/2024\/01\/sasiedztwo_dla_roz_lawenda-300x225.jpg\" alt=\"Co posadzi\u0107 z r\u00f3\u017cami? lawenda, sza\u0142wie omszone i jednoroczne kwiaty to optymalne s\u0105siedztwo dla r\u00f3\u017c\" width=\"300\" height=\"225\" srcset=\"https:\/\/rozaria.pl\/blog\/wp-content\/uploads\/2024\/01\/sasiedztwo_dla_roz_lawenda-150x113.jpg 150w, https:\/\/rozaria.pl\/blog\/wp-content\/uploads\/2024\/01\/sasiedztwo_dla_roz_lawenda-200x150.jpg 200w, https:\/\/rozaria.pl\/blog\/wp-content\/uploads\/2024\/01\/sasiedztwo_dla_roz_lawenda-300x225.jpg 300w, https:\/\/rozaria.pl\/blog\/wp-content\/uploads\/2024\/01\/sasiedztwo_dla_roz_lawenda-400x300.jpg 400w, https:\/\/rozaria.pl\/blog\/wp-content\/uploads\/2024\/01\/sasiedztwo_dla_roz_lawenda-600x450.jpg 600w, https:\/\/rozaria.pl\/blog\/wp-content\/uploads\/2024\/01\/sasiedztwo_dla_roz_lawenda-768x576.jpg 768w, https:\/\/rozaria.pl\/blog\/wp-content\/uploads\/2024\/01\/sasiedztwo_dla_roz_lawenda.jpg 800w\" sizes=\"(max-width: 300px) 100vw, 300px\" \/><\/a><\/p>\n<\/li>\n<li class=\"\" data-start=\"3605\" data-end=\"3668\">\n<p class=\"\" data-start=\"3607\" data-end=\"3668\">gatunk\u00f3w bardzo cieniolubnych lub preferuj\u0105cych kwa\u015bne gleby.<\/p>\n<\/li>\n<\/ul>\n<h3 style=\"text-align: justify;\">Ro\u015bliny, kt\u00f3re nie pasuj\u0105 do r\u00f3\u017c w ramach kompozycji ogrodu<\/h3>\n<p style=\"text-align: justify;\">Ogrodnictwo towarzysz\u0105ce r\u00f3\u017com mo\u017ce znacz\u0105co wp\u0142yn\u0105\u0107 na ich wzrost, wygl\u0105d i og\u00f3lny rozw\u00f3j. Dobrze dobrana ro\u015blinno\u015b\u0107 w s\u0105siedztwie r\u00f3\u017c mo\u017ce stworzy\u0107 harmonijn\u0105 kompozycj\u0119 ogrodu i poprawi\u0107 walory estetyczne. Polecane byliny do sadzenia obok r\u00f3\u017c mog\u0105 odpowiada\u0107 na potrzeby r\u00f3\u017c oraz urozmaici\u0107 kompozycj\u0119 ogrodu. Rosn\u0105ce obok siebie trawy i poszycie, tak\u017ce przyczyni\u0105 si\u0119 do stworzenia atrakcyjnego otoczenia dla r\u00f3\u017c. R\u00f3\u017ce potrzebuj\u0105 na rabacie\u00a0 miejsca, musz\u0105 mie\u0107 dost\u0119p do \u015bwiat\u0142a i powietrza, dlatego nie powinny by\u0107 \u015bci\u015bni\u0119te pomi\u0119dzy innymi ro\u015blinami. Nale\u017cy unika\u0107 silnie rozrastaj\u0105cych si\u0119 ro\u015blin z ekspansywnym systemem korzeniowym, kt\u00f3ry mo\u017ce zag\u0142usza\u0107 korzenie r\u00f3\u017c.<\/p>\n<h2 style=\"text-align: justify;\">Od czego zacz\u0105\u0107, tworz\u0105c optymalne s\u0105siedztwo na r\u00f3\u017canej rabacie?<\/h2>\n<h3 class=\"\" style=\"text-align: justify;\" data-start=\"217\" data-end=\"260\">\u2705 <strong data-start=\"223\" data-end=\"260\">Checklista: Co posadzi\u0107 z r\u00f3\u017cami?<\/strong><\/h3>\n<h4 class=\"\" style=\"text-align: justify;\" data-start=\"262\" data-end=\"295\">\ud83e\udeb4 <em data-start=\"270\" data-end=\"295\">Zanim zaczniesz sadzi\u0107:<\/em><\/h4>\n<ul class=\"contains-task-list\" style=\"text-align: justify;\" data-start=\"296\" data-end=\"519\">\n<li class=\"\" data-start=\"296\" data-end=\"367\">\n<p class=\"\" data-start=\"302\" data-end=\"367\"><input disabled=\"disabled\" type=\"checkbox\" \/> Sprawd\u017a, ile s\u0142o\u0144ca ma rabata (r\u00f3\u017ce potrzebuj\u0105 min. 6h dziennie).<\/p>\n<\/li>\n<li class=\"\" data-start=\"368\" data-end=\"444\">\n<p class=\"\" data-start=\"374\" data-end=\"444\"><input disabled=\"disabled\" type=\"checkbox\" \/> Oce\u0144 jako\u015b\u0107 gleby \u2013 powinna by\u0107 \u017cyzna, przepuszczalna, lekko zasadowa.<\/p>\n<\/li>\n<li class=\"\" data-start=\"445\" data-end=\"519\">\n<p class=\"\" data-start=\"451\" data-end=\"519\"><input disabled=\"disabled\" type=\"checkbox\" \/> Zaplanuj przestrze\u0144 \u2013 r\u00f3\u017ce potrzebuj\u0105 przewiewu i miejsca na rozw\u00f3j.<\/p>\n<\/li>\n<\/ul>\n<hr class=\"\" data-start=\"521\" data-end=\"524\" \/>\n<h4 class=\"\" style=\"text-align: justify;\" data-start=\"526\" data-end=\"562\">\ud83c\udf3f <em data-start=\"534\" data-end=\"562\">Byliny idealne do r\u00f3\u017canki:<\/em><\/h4>\n<ul class=\"contains-task-list\" style=\"text-align: justify;\" data-start=\"563\" data-end=\"797\">\n<li class=\"\" data-start=\"563\" data-end=\"610\">\n<p class=\"\" data-start=\"569\" data-end=\"610\"><input disabled=\"disabled\" type=\"checkbox\" \/> Sza\u0142wia omszona (\u2018Caradonna\u2019, \u2018Mainacht\u2019)<\/p>\n<\/li>\n<li class=\"\" data-start=\"611\" data-end=\"663\">\n<p class=\"\" data-start=\"617\" data-end=\"663\"><input disabled=\"disabled\" type=\"checkbox\" \/> Kocimi\u0119tka (\u2018Walker\u2019s Low\u2019, \u2018Six Hills Giant\u2019)<\/p>\n<\/li>\n<li class=\"\" data-start=\"664\" data-end=\"701\">\n<p class=\"\" data-start=\"670\" data-end=\"701\"><input disabled=\"disabled\" type=\"checkbox\" \/> Lawenda (\u2018Hidcote\u2019, \u2018Munstead\u2019)<\/p>\n<\/li>\n<li class=\"\" data-start=\"702\" data-end=\"747\">\n<p class=\"\" data-start=\"708\" data-end=\"747\"><input disabled=\"disabled\" type=\"checkbox\" \/> Bodziszek (\u2018Rozanne\u2019, \u2018Johnson\u2019s Blue\u2019)<\/p>\n<\/li>\n<li class=\"\" data-start=\"748\" data-end=\"797\">\n<p class=\"\" data-start=\"754\" data-end=\"797\"><input disabled=\"disabled\" type=\"checkbox\" \/> \u017burawka (\u2018Palace Purple\u2019, \u2018Lime Marmalade\u2019)<\/p>\n<\/li>\n<\/ul>\n<hr class=\"\" data-start=\"799\" data-end=\"802\" \/>\n<h4 class=\"\" style=\"text-align: justify;\" data-start=\"804\" data-end=\"837\">\ud83c\udf3e <em data-start=\"812\" data-end=\"837\">Trawy i lekkie akcenty:<\/em><\/h4>\n<ul class=\"contains-task-list\" style=\"text-align: justify;\" data-start=\"838\" data-end=\"1012\">\n<li class=\"\" data-start=\"838\" data-end=\"892\">\n<p class=\"\" data-start=\"844\" data-end=\"892\"><input disabled=\"disabled\" type=\"checkbox\" \/> Miskant chi\u0144ski (\u2018Gracillimus\u2019, \u2018Morning Light\u2019)<\/p>\n<\/li>\n<li class=\"\" data-start=\"893\" data-end=\"929\">\n<p class=\"\" data-start=\"899\" data-end=\"929\"><input disabled=\"disabled\" type=\"checkbox\" \/> Kostrzewa sina (\u2018Elijah Blue\u2019)<\/p>\n<\/li>\n<li class=\"\" data-start=\"930\" data-end=\"969\">\n<p class=\"\" data-start=\"936\" data-end=\"969\"><input disabled=\"disabled\" type=\"checkbox\" \/> Turzyca (\u2018Evergold\u2019, \u2018Ice Dance\u2019)<\/p>\n<\/li>\n<li class=\"\" data-start=\"970\" data-end=\"1012\">\n<p class=\"\" data-start=\"976\" data-end=\"1012\"><input disabled=\"disabled\" type=\"checkbox\" \/> Ostnica cieniutka (Stipa tenuissima)<\/p>\n<\/li>\n<\/ul>\n<hr class=\"\" data-start=\"1014\" data-end=\"1017\" \/>\n<h4 class=\"\" style=\"text-align: justify;\" data-start=\"1019\" data-end=\"1056\">\ud83c\udf38 <em data-start=\"1027\" data-end=\"1056\">Zimozielone i strukturalne:<\/em><\/h4>\n<ul class=\"contains-task-list\" style=\"text-align: justify;\" data-start=\"1057\" data-end=\"1174\">\n<li class=\"\" data-start=\"1057\" data-end=\"1095\">\n<p class=\"\" data-start=\"1063\" data-end=\"1095\"><input disabled=\"disabled\" type=\"checkbox\" \/> Barwinek pospolity (Vinca minor)<\/p>\n<\/li>\n<li class=\"\" data-start=\"1096\" data-end=\"1118\">\n<p class=\"\" data-start=\"1102\" data-end=\"1118\"><input disabled=\"disabled\" type=\"checkbox\" \/> Bukszpan (Buxus)<\/p>\n<\/li>\n<li class=\"\" data-start=\"1119\" data-end=\"1146\">\n<p class=\"\" data-start=\"1125\" data-end=\"1146\"><input disabled=\"disabled\" type=\"checkbox\" \/> Rozmaryn (Rosmarinus)<\/p>\n<\/li>\n<li class=\"\" data-start=\"1147\" data-end=\"1174\">\n<p class=\"\" data-start=\"1153\" data-end=\"1174\"><input disabled=\"disabled\" type=\"checkbox\" \/> Cis pospolity (Taxus)<\/p>\n<\/li>\n<\/ul>\n<hr class=\"\" data-start=\"1176\" data-end=\"1179\" \/>\n<h4 class=\"\" style=\"text-align: justify;\" data-start=\"1181\" data-end=\"1215\">\u274c <em data-start=\"1188\" data-end=\"1215\">Unikaj w s\u0105siedztwie r\u00f3\u017c:<\/em><\/h4>\n<ul class=\"contains-task-list\" style=\"text-align: justify;\" data-start=\"1216\" data-end=\"1356\">\n<li class=\"\" data-start=\"1216\" data-end=\"1265\">\n<p class=\"\" data-start=\"1222\" data-end=\"1265\"><input disabled=\"disabled\" type=\"checkbox\" \/> Ro\u015blin ekspansywnych (np. mi\u0119ta, wiesio\u0142ek)<\/p>\n<\/li>\n<li class=\"\" data-start=\"1266\" data-end=\"1314\">\n<p class=\"\" data-start=\"1272\" data-end=\"1314\"><input disabled=\"disabled\" type=\"checkbox\" \/> Cieniolubnych (np. hosty na pe\u0142nym s\u0142o\u0144cu)<\/p>\n<\/li>\n<li class=\"\" data-start=\"1315\" data-end=\"1356\">\n<p class=\"\" data-start=\"1321\" data-end=\"1356\"><input disabled=\"disabled\" type=\"checkbox\" \/> Lubi\u0105cych kwa\u015bn\u0105 gleb\u0119 (np. wrzosy)<a href=\"https:\/\/rozaria.pl\/blog\/wp-content\/uploads\/2024\/01\/co_posadzic_z_rozami_byliny.jpg\"><img loading=\"lazy\" decoding=\"async\" class=\"alignleft wp-image-4969 size-large\" src=\"https:\/\/rozaria.pl\/blog\/wp-content\/uploads\/2024\/01\/co_posadzic_z_rozami_byliny-1024x768.jpg\" alt=\"Co posadzi\u0107 z r\u00f3\u017cami? Optymalne s\u0105siedztwo dla Twoich r\u00f3\u017c! \" width=\"1024\" height=\"768\" srcset=\"https:\/\/rozaria.pl\/blog\/wp-content\/uploads\/2024\/01\/co_posadzic_z_rozami_byliny-150x113.jpg 150w, https:\/\/rozaria.pl\/blog\/wp-content\/uploads\/2024\/01\/co_posadzic_z_rozami_byliny-200x150.jpg 200w, https:\/\/rozaria.pl\/blog\/wp-content\/uploads\/2024\/01\/co_posadzic_z_rozami_byliny-300x225.jpg 300w, https:\/\/rozaria.pl\/blog\/wp-content\/uploads\/2024\/01\/co_posadzic_z_rozami_byliny-400x300.jpg 400w, https:\/\/rozaria.pl\/blog\/wp-content\/uploads\/2024\/01\/co_posadzic_z_rozami_byliny-600x450.jpg 600w, https:\/\/rozaria.pl\/blog\/wp-content\/uploads\/2024\/01\/co_posadzic_z_rozami_byliny-768x576.jpg 768w, https:\/\/rozaria.pl\/blog\/wp-content\/uploads\/2024\/01\/co_posadzic_z_rozami_byliny-800x600.jpg 800w, https:\/\/rozaria.pl\/blog\/wp-content\/uploads\/2024\/01\/co_posadzic_z_rozami_byliny-1024x768.jpg 1024w, https:\/\/rozaria.pl\/blog\/wp-content\/uploads\/2024\/01\/co_posadzic_z_rozami_byliny-1200x900.jpg 1200w, https:\/\/rozaria.pl\/blog\/wp-content\/uploads\/2024\/01\/co_posadzic_z_rozami_byliny-1536x1152.jpg 1536w, https:\/\/rozaria.pl\/blog\/wp-content\/uploads\/2024\/01\/co_posadzic_z_rozami_byliny.jpg 1600w\" sizes=\"(max-width: 1024px) 100vw, 1024px\" \/><\/a><\/p>\n<\/li>\n<\/ul>\n<h2 class=\"\" style=\"text-align: justify;\" data-start=\"4257\" data-end=\"4274\">Na zako\u0144czenie<\/h2>\n<p class=\"\" style=\"text-align: justify;\" data-start=\"4276\" data-end=\"4640\">R\u00f3\u017ce odwdzi\u0119czaj\u0105 si\u0119 bujnym kwitnieniem, gdy zapewni si\u0119 im nie tylko odpowiedni\u0105 piel\u0119gnacj\u0119, ale i dobre towarzystwo. Projektuj\u0105c r\u00f3\u017cank\u0119, warto my\u015ble\u0107 szerzej \u2013 jak o orkiestrze, w kt\u00f3rej r\u00f3\u017ce graj\u0105 pierwsze skrzypce, ale bez t\u0142a i harmonii innych ro\u015blin nie rozbrzmia\u0142yby tak pi\u0119knie. Nie b\u00f3j si\u0119 eksperymentowa\u0107 \u2013 i pami\u0119taj: ogr\u00f3d z r\u00f3\u017cami to ogr\u00f3d z dusz\u0105.<\/p>\n<h2 style=\"text-align: justify;\" data-start=\"4276\" data-end=\"4640\">Zainspiruj si\u0119! Oto 5 kompozycji, kt\u00f3re mog\u0105 sta\u0107 si\u0119 sercem Twojej r\u00f3\u017canki:<\/h2>\n<p class=\"\" style=\"text-align: justify;\" data-start=\"0\" data-end=\"293\">Stworzone dla mi\u0142o\u015bnik\u00f3w r\u00f3\u017c <strong data-start=\"21\" data-end=\"45\">5 gotowych zestawie\u0144<\/strong> r\u00f3\u017c z trawami ozdobnymi i innymi ro\u015blinami towarzysz\u0105cymi \u2013 zaprojektowane tak, by wygl\u0105da\u0142y pi\u0119knie przez ca\u0142y sezon, by\u0142y zdrowe i funkcjonalne. Ka\u017cde z nich pasuje do innego stylu ogrodu i uwzgl\u0119dnia zar\u00f3wno estetyk\u0119, jak i warunki siedliskowe.<\/p>\n<hr class=\"\" data-start=\"295\" data-end=\"298\" \/>\n<h3 class=\"\" style=\"text-align: justify;\" data-start=\"300\" data-end=\"353\">\ud83c\udf3f <strong data-start=\"307\" data-end=\"351\">1. Romantyczna klasyka (ogr\u00f3d angielski)<\/strong><\/h3>\n<p class=\"\" style=\"text-align: justify;\" data-start=\"354\" data-end=\"392\"><strong data-start=\"354\" data-end=\"392\">Dla mi\u0142o\u015bnik\u00f3w r\u00f3\u017c w stylu vintage<\/strong><\/p>\n<ul style=\"text-align: justify;\" data-start=\"394\" data-end=\"621\">\n<li class=\"\" data-start=\"394\" data-end=\"434\">\n<p class=\"\" data-start=\"396\" data-end=\"434\"><a href=\"https:\/\/rozaria.pl\/roze-angielskie-ausmak\"><strong data-start=\"396\" data-end=\"414\">R\u00f3\u017ca angielska<\/strong> \u2018AUSmak\u2019 (Eglantyne)<\/a><\/p>\n<\/li>\n<li class=\"\" data-start=\"435\" data-end=\"468\">\n<p class=\"\" data-start=\"437\" data-end=\"468\"><strong data-start=\"437\" data-end=\"451\">Kocimi\u0119tka<\/strong> \u2018Walker\u2019s Low\u2019<\/p>\n<\/li>\n<li class=\"\" data-start=\"469\" data-end=\"515\">\n<p class=\"\" data-start=\"471\" data-end=\"515\"><strong data-start=\"471\" data-end=\"492\">Ostnica cieniutka<\/strong> (<em data-start=\"494\" data-end=\"512\">Stipa tenuissima<\/em>)<\/p>\n<\/li>\n<li class=\"\" data-start=\"516\" data-end=\"550\">\n<p class=\"\" data-start=\"518\" data-end=\"550\"><strong data-start=\"518\" data-end=\"537\">Sza\u0142wia omszona<\/strong> \u2018Mainacht\u2019<\/p>\n<\/li>\n<li class=\"\" data-start=\"551\" data-end=\"578\">\n<p class=\"\" data-start=\"553\" data-end=\"578\"><strong data-start=\"553\" data-end=\"566\">Bodziszek<\/strong> \u2018Rozanne\u2019<\/p>\n<\/li>\n<li class=\"\" data-start=\"579\" data-end=\"621\">\n<p class=\"\" data-start=\"581\" data-end=\"621\"><strong data-start=\"581\" data-end=\"589\">T\u0142o:<\/strong> Cis pospolity w formie kulistej<\/p>\n<\/li>\n<\/ul>\n<blockquote data-start=\"623\" data-end=\"704\">\n<p class=\"\" data-start=\"625\" data-end=\"704\">Efekt: To delikatne, faluj\u0105ce tekstury i pastelowe barwy. Idealne na pe\u0142ne s\u0142o\u0144ce. Ponadto mo\u017cna w kompozycji doda\u0107 lub\u00a0 wykorzysta\u0107 wymiennie odmiany <a href=\"https:\/\/rozaria.pl\/pachnace-roze-angielskie-ausbord\">&#8216;AUSbord&#8217;<\/a> lub <a href=\"https:\/\/rozaria.pl\/roze-angielskie-candy-rain\">&#8216;Candy Rain&#8217;<\/a><\/p>\n<\/blockquote>\n<hr class=\"\" data-start=\"706\" data-end=\"709\" \/>\n<h3 class=\"\" style=\"text-align: justify;\" data-start=\"711\" data-end=\"763\">\ud83c\udf3c <strong data-start=\"718\" data-end=\"761\">2. Letnia ekspresja (nowoczesna rabata)<\/strong><\/h3>\n<p class=\"\" style=\"text-align: justify;\" data-start=\"764\" data-end=\"811\"><strong data-start=\"764\" data-end=\"811\">Dynamiczne po\u0142\u0105czenie traw i \u017cywych kolor\u00f3w<\/strong><\/p>\n<ul style=\"text-align: justify;\" data-start=\"813\" data-end=\"1077\">\n<li class=\"\" data-start=\"813\" data-end=\"875\">\n<p class=\"\" data-start=\"815\" data-end=\"875\"><a href=\"https:\/\/rozaria.pl\/tatton-roza-rabatowa\"><strong data-start=\"815\" data-end=\"832\">R\u00f3\u017ca rabatowa<\/strong> \u2018Tatton\u2019 (pomara\u0144czowo-czerwona)<\/a><\/p>\n<\/li>\n<li class=\"\" data-start=\"876\" data-end=\"914\">\n<p class=\"\" data-start=\"878\" data-end=\"914\"><strong data-start=\"878\" data-end=\"898\">Panicum virgatum<\/strong> \u2018Heavy Metal\u2019<\/p>\n<\/li>\n<li class=\"\" data-start=\"915\" data-end=\"949\">\n<p class=\"\" data-start=\"917\" data-end=\"949\"><strong data-start=\"917\" data-end=\"938\">Je\u017c\u00f3wka purpurowa<\/strong> \u2018Magnus\u2019<\/p>\n<\/li>\n<li class=\"\" data-start=\"950\" data-end=\"985\">\n<p class=\"\" data-start=\"952\" data-end=\"985\"><strong data-start=\"952\" data-end=\"971\">Sza\u0142wia omszona<\/strong> \u2018Caradonna\u2019<\/p>\n<\/li>\n<li class=\"\" data-start=\"986\" data-end=\"1028\">\n<p class=\"\" data-start=\"988\" data-end=\"1028\"><strong data-start=\"988\" data-end=\"1006\">Liatra k\u0142osowa<\/strong> (<em data-start=\"1008\" data-end=\"1025\">Liatris spicata<\/em>)<\/p>\n<\/li>\n<li class=\"\" data-start=\"1029\" data-end=\"1077\">\n<p class=\"\" data-start=\"1031\" data-end=\"1077\"><strong data-start=\"1031\" data-end=\"1043\">Obrze\u017ce:<\/strong> Rozchodnik okaza\u0142y \u2018Herbstfreude\u2019<\/p>\n<\/li>\n<\/ul>\n<blockquote data-start=\"1079\" data-end=\"1160\">\n<p class=\"\" data-start=\"1081\" data-end=\"1160\">Efekt: Pionowe linie i kontrastowe kolory \u2013 dla odwa\u017cnych i energicznych rabat. Postrz\u0119pione p\u0142atki, jak u r\u00f3\u017cy <a href=\"https:\/\/rozaria.pl\/easy-does-it-roza-rabatowa\">\u2018Easy Does It\u2019<\/a>, nadaj\u0105 kwiatom lekko\u015bci, mi\u0119kko faluj\u0105 i \u0142api\u0105 \u015bwiat\u0142o, tworz\u0105c efekt delikatnego ruchu i \u015bwietlnego gradientu. To idealny wyb\u00f3r dla ogrod\u00f3w o romantycznym, malarskim charakterze \u2013 gdzie ka\u017cda r\u00f3\u017ca ma wygl\u0105da\u0107 jak z obrazu.<\/p>\n<\/blockquote>\n<hr class=\"\" data-start=\"1162\" data-end=\"1165\" \/>\n<h3 class=\"\" style=\"text-align: justify;\" data-start=\"1167\" data-end=\"1231\">\ud83c\udf43 <strong data-start=\"1174\" data-end=\"1229\">3. R\u00f3\u017cana naturalno\u015b\u0107 (ogr\u00f3d le\u015bny lub p\u00f3\u0142cienisty)<\/strong><\/h3>\n<p class=\"\" style=\"text-align: justify;\" data-start=\"1232\" data-end=\"1292\"><strong data-start=\"1232\" data-end=\"1292\">Zestawienie z lekkimi trawami i ro\u015blinami strukturalnymi<\/strong><\/p>\n<ul style=\"text-align: justify;\" data-start=\"1294\" data-end=\"1507\">\n<li class=\"\" data-start=\"1294\" data-end=\"1331\">\n<p class=\"\" data-start=\"1296\" data-end=\"1331\"><a href=\"https:\/\/rozaria.pl\/roze-pnace-schannel-no1\"><strong data-start=\"1296\" data-end=\"1312\">R\u00f3\u017ca pn\u0105ca<\/strong> \u2018Schneewittchen\u2019<\/a><\/p>\n<\/li>\n<li class=\"\" data-start=\"1332\" data-end=\"1357\">\n<p class=\"\" data-start=\"1334\" data-end=\"1357\"><strong data-start=\"1334\" data-end=\"1355\">Sesleria caerulea<\/strong><\/p>\n<\/li>\n<li class=\"\" data-start=\"1358\" data-end=\"1400\">\n<p class=\"\" data-start=\"1360\" data-end=\"1400\"><strong data-start=\"1360\" data-end=\"1385\">Brunnera wielkolistna<\/strong> \u2018Jack Frost\u2019<\/p>\n<\/li>\n<li class=\"\" data-start=\"1401\" data-end=\"1432\">\n<p class=\"\" data-start=\"1403\" data-end=\"1432\"><strong data-start=\"1403\" data-end=\"1414\">\u017burawka<\/strong> \u2018Palace Purple\u2019<\/p>\n<\/li>\n<li class=\"\" data-start=\"1433\" data-end=\"1463\">\n<p class=\"\" data-start=\"1435\" data-end=\"1463\"><strong data-start=\"1435\" data-end=\"1461\">Bodziszek kantabryjski<\/strong><\/p>\n<\/li>\n<li class=\"\" data-start=\"1464\" data-end=\"1507\">\n<p class=\"\" data-start=\"1466\" data-end=\"1507\"><strong data-start=\"1466\" data-end=\"1488\">Barwinek pospolity<\/strong> (jako zadarnienie)<\/p>\n<\/li>\n<\/ul>\n<blockquote data-start=\"1509\" data-end=\"1574\">\n<p class=\"\" data-start=\"1511\" data-end=\"1574\">Efekt: Lekka kompozycja w cieniu, z akcentami srebra i fioletu.<\/p>\n<\/blockquote>\n<hr class=\"\" data-start=\"1576\" data-end=\"1579\" \/>\n<h3 class=\"\" style=\"text-align: justify;\" data-start=\"1581\" data-end=\"1635\">\ud83c\udf3e <strong data-start=\"1588\" data-end=\"1633\">4. Elegancja i struktura (ogr\u00f3d formalny)<\/strong><\/h3>\n<p class=\"\" style=\"text-align: justify;\" data-start=\"1636\" data-end=\"1691\"><strong data-start=\"1636\" data-end=\"1691\">Zestawienie dla bardziej uporz\u0105dkowanych kompozycji<\/strong><\/p>\n<ul style=\"text-align: justify;\" data-start=\"1693\" data-end=\"1935\">\n<li class=\"\" data-start=\"1693\" data-end=\"1737\">\n<p class=\"\" data-start=\"1695\" data-end=\"1737\"><a href=\"https:\/\/rozaria.pl\/roze-historyczne-comte-de-chambord\"><strong data-start=\"1695\" data-end=\"1715\">R\u00f3\u017ca historyczna<\/strong> \u2018Comte de Chambord\u2019<\/a><\/p>\n<\/li>\n<li class=\"\" data-start=\"1738\" data-end=\"1807\">\n<p class=\"\" data-start=\"1740\" data-end=\"1807\"><strong data-start=\"1740\" data-end=\"1770\">Calamagrostis x acutiflora<\/strong> \u2018Karl Foerster\u2019 (w grupach po 3\u20135)<\/p>\n<\/li>\n<li class=\"\" data-start=\"1808\" data-end=\"1849\">\n<p class=\"\" data-start=\"1810\" data-end=\"1849\"><strong data-start=\"1810\" data-end=\"1821\">Lawenda<\/strong> \u2018Hidcote\u2019 jako niska rama<\/p>\n<\/li>\n<li class=\"\" data-start=\"1850\" data-end=\"1894\">\n<p class=\"\" data-start=\"1852\" data-end=\"1894\"><strong data-start=\"1852\" data-end=\"1864\">Bukszpan<\/strong> w formie niskiego \u017cywop\u0142otu<\/p>\n<\/li>\n<li class=\"\" data-start=\"1895\" data-end=\"1935\">\n<p class=\"\" data-start=\"1897\" data-end=\"1935\"><strong data-start=\"1897\" data-end=\"1913\">Go\u017adzik siny<\/strong> \u2018Firewitch\u2019 na brzegu<\/p>\n<\/li>\n<\/ul>\n<blockquote data-start=\"1937\" data-end=\"2018\">\n<p class=\"\" data-start=\"1939\" data-end=\"2018\">Efekt: Klarowna kompozycja z powtarzalnym rytmem \u2013 \u015bwietna do frontowych rabat.<\/p>\n<\/blockquote>\n<hr class=\"\" data-start=\"2020\" data-end=\"2023\" \/>\n<h3 class=\"\" style=\"text-align: justify;\" data-start=\"2025\" data-end=\"2082\">\ud83c\udf38 <strong data-start=\"2032\" data-end=\"2080\">5. Ciep\u0142e i mi\u0119kkie (ogr\u00f3d \u015br\u00f3dziemnomorski)<\/strong><\/h3>\n<p class=\"\" style=\"text-align: justify;\" data-start=\"2083\" data-end=\"2136\"><strong data-start=\"2083\" data-end=\"2136\">Idealne do suchych stanowisk, z zapachem i ruchem<\/strong><\/p>\n<ul style=\"text-align: justify;\" data-start=\"2138\" data-end=\"2338\">\n<li class=\"\" data-start=\"2138\" data-end=\"2176\">\n<p class=\"\" data-start=\"2140\" data-end=\"2176\"><a href=\"https:\/\/rozaria.pl\/roze-parkowe-Ed-Sharazan\"><strong data-start=\"2140\" data-end=\"2154\">R\u00f3\u017ca parkowo pn\u0105ca<\/strong> \u2018Pierre de Ronsard\u2019<\/a><\/p>\n<\/li>\n<li class=\"\" data-start=\"2177\" data-end=\"2201\">\n<p class=\"\" data-start=\"2179\" data-end=\"2201\"><strong data-start=\"2179\" data-end=\"2199\">Stipa tenuissima<\/strong><\/p>\n<\/li>\n<li class=\"\" data-start=\"2202\" data-end=\"2228\">\n<p class=\"\" data-start=\"2204\" data-end=\"2228\"><strong data-start=\"2204\" data-end=\"2215\">Lawenda<\/strong> \u2018Munstead\u2019<\/p>\n<\/li>\n<li class=\"\" data-start=\"2229\" data-end=\"2254\">\n<p class=\"\" data-start=\"2231\" data-end=\"2254\"><strong data-start=\"2231\" data-end=\"2252\">Rozmaryn lekarski<\/strong><\/p>\n<\/li>\n<li class=\"\" data-start=\"2255\" data-end=\"2298\">\n<p class=\"\" data-start=\"2257\" data-end=\"2298\"><strong data-start=\"2257\" data-end=\"2277\">Sza\u0142wia lekarska<\/strong> (np. \u2018Berggarten\u2019)<\/p>\n<\/li>\n<li class=\"\" data-start=\"2299\" data-end=\"2338\">\n<p class=\"\" data-start=\"2301\" data-end=\"2338\"><strong data-start=\"2301\" data-end=\"2321\">Tymianek p\u0142o\u017c\u0105cy<\/strong> jako wype\u0142nienie<\/p>\n<\/li>\n<\/ul>\n<blockquote data-start=\"2340\" data-end=\"2406\">\n<p class=\"\" style=\"text-align: justify;\" data-start=\"2342\" data-end=\"2406\">Efekt: Ciep\u0142a paleta, zapachy, tekstury \u2013 rabata pachn\u0105ca latem!<\/p>\n<\/blockquote>\n<p class=\"\" data-start=\"4276\" data-end=\"4640\">\n","protected":false},"excerpt":{"rendered":"<p>Co posadzi\u0107 z r\u00f3\u017cami? Jak wybra\u0107 najlepsze s\u0105siedztwo dla Twoich r\u00f3\u017c! Posadzenie r\u00f3\u017c w odpowiednim s\u0105siedztwie mo\u017ce mie\u0107 istotny wp\u0142yw na ich wzrost, kwitnienie i og\u00f3lny rozw\u00f3j. Dobrze dobrana ro\u015blinno\u015b\u0107 b\u0119d\u0105ca w bliskim s\u0105siedztwie r\u00f3\u017c mo\u017ce stworzy\u0107 harmonijn\u0105 kompozycj\u0119, poprawi\u0107 [&hellip;]<\/p>\n","protected":false},"author":1,"featured_media":4961,"comment_status":"open","ping_status":"open","sticky":false,"template":"","format":"standard","meta":{"_mi_skip_tracking":false,"_monsterinsights_sitenote_active":false,"_monsterinsights_sitenote_note":"","_monsterinsights_sitenote_category":0,"footnotes":""},"categories":[4,6],"tags":[58,2,56],"yoast_head":"<!-- This site is optimized with the Yoast SEO plugin v23.5 - https:\/\/yoast.com\/wordpress\/plugins\/seo\/ -->\n<title>Co posadzi\u0107 z r\u00f3\u017cami? Optymalne s\u0105siedztwo dla Twoich r\u00f3\u017c! - blog Rozaria.pl<\/title>\n<meta name=\"description\" content=\"Co posadzi\u0107 z r\u00f3\u017cami, by stworzy\u0107 optymalne s\u0105siedztwo dla Twoich r\u00f3\u017c i maksymalnie podkre\u015bli\u0107 ich pi\u0119kno i urok.\" \/>\n<meta name=\"robots\" content=\"index, follow, max-snippet:-1, max-image-preview:large, max-video-preview:-1\" \/>\n<link rel=\"canonical\" href=\"https:\/\/rozaria.pl\/blog\/co-posadzic-z-rozami-optymalne-sasiedztwo-dla-twoich-roz\/\" \/>\n<meta property=\"og:locale\" content=\"pl_PL\" \/>\n<meta property=\"og:type\" content=\"article\" \/>\n<meta property=\"og:title\" content=\"Co posadzi\u0107 z r\u00f3\u017cami? Optymalne s\u0105siedztwo dla Twoich r\u00f3\u017c! - blog Rozaria.pl\" \/>\n<meta property=\"og:description\" content=\"Co posadzi\u0107 z r\u00f3\u017cami, by stworzy\u0107 optymalne s\u0105siedztwo dla Twoich r\u00f3\u017c i maksymalnie podkre\u015bli\u0107 ich pi\u0119kno i urok.\" \/>\n<meta property=\"og:url\" content=\"https:\/\/rozaria.pl\/blog\/co-posadzic-z-rozami-optymalne-sasiedztwo-dla-twoich-roz\/\" \/>\n<meta property=\"og:site_name\" content=\"blog Rozaria.pl\" \/>\n<meta property=\"article:publisher\" content=\"https:\/\/www.facebook.com\/SzkolkaRozRozaria\/\" \/>\n<meta property=\"article:published_time\" content=\"2024-01-30T17:04:40+00:00\" \/>\n<meta property=\"article:modified_time\" content=\"2025-05-14T06:30:44+00:00\" \/>\n<meta property=\"og:image\" content=\"https:\/\/rozaria.pl\/blog\/wp-content\/uploads\/2024\/01\/z_czym_laczyc_roze-scaled.jpg\" \/>\n\t<meta property=\"og:image:width\" content=\"2560\" \/>\n\t<meta property=\"og:image:height\" content=\"856\" \/>\n\t<meta property=\"og:image:type\" content=\"image\/jpeg\" \/>\n<meta name=\"author\" content=\"Rozaria.pl\" \/>\n<meta name=\"twitter:card\" content=\"summary_large_image\" \/>\n<meta name=\"twitter:creator\" content=\"@SzkolkaRozaria\" \/>\n<meta name=\"twitter:site\" content=\"@SzkolkaRozaria\" \/>\n<meta name=\"twitter:label1\" content=\"Napisane przez\" \/>\n\t<meta name=\"twitter:data1\" content=\"Rozaria.pl\" \/>\n\t<meta name=\"twitter:label2\" content=\"Szacowany czas czytania\" \/>\n\t<meta name=\"twitter:data2\" content=\"11 minut\" \/>\n<script type=\"application\/ld+json\" class=\"yoast-schema-graph\">{\"@context\":\"https:\/\/schema.org\",\"@graph\":[{\"@type\":\"Article\",\"@id\":\"https:\/\/rozaria.pl\/blog\/co-posadzic-z-rozami-optymalne-sasiedztwo-dla-twoich-roz\/#article\",\"isPartOf\":{\"@id\":\"https:\/\/rozaria.pl\/blog\/co-posadzic-z-rozami-optymalne-sasiedztwo-dla-twoich-roz\/\"},\"author\":{\"name\":\"Rozaria.pl\",\"@id\":\"https:\/\/rozaria.pl\/blog\/#\/schema\/person\/31b3805d5058ea1cffed1d8efb6e2513\"},\"headline\":\"Co posadzi\u0107 z r\u00f3\u017cami? Optymalne s\u0105siedztwo dla Twoich r\u00f3\u017c!\",\"datePublished\":\"2024-01-30T17:04:40+00:00\",\"dateModified\":\"2025-05-14T06:30:44+00:00\",\"mainEntityOfPage\":{\"@id\":\"https:\/\/rozaria.pl\/blog\/co-posadzic-z-rozami-optymalne-sasiedztwo-dla-twoich-roz\/\"},\"wordCount\":2035,\"commentCount\":0,\"publisher\":{\"@id\":\"https:\/\/rozaria.pl\/blog\/#organization\"},\"image\":{\"@id\":\"https:\/\/rozaria.pl\/blog\/co-posadzic-z-rozami-optymalne-sasiedztwo-dla-twoich-roz\/#primaryimage\"},\"thumbnailUrl\":\"https:\/\/rozaria.pl\/blog\/wp-content\/uploads\/2024\/01\/z_czym_laczyc_roze-scaled.jpg\",\"keywords\":[\"r\u00f3\u017cane ogrody\",\"r\u00f3\u017ce piel\u0119gnacja\",\"r\u00f3\u017ce w ogrodzie\"],\"articleSection\":[\"Ciekawostki\",\"Piel\u0119gnacja\"],\"inLanguage\":\"pl-PL\",\"potentialAction\":[{\"@type\":\"CommentAction\",\"name\":\"Comment\",\"target\":[\"https:\/\/rozaria.pl\/blog\/co-posadzic-z-rozami-optymalne-sasiedztwo-dla-twoich-roz\/#respond\"]}]},{\"@type\":\"WebPage\",\"@id\":\"https:\/\/rozaria.pl\/blog\/co-posadzic-z-rozami-optymalne-sasiedztwo-dla-twoich-roz\/\",\"url\":\"https:\/\/rozaria.pl\/blog\/co-posadzic-z-rozami-optymalne-sasiedztwo-dla-twoich-roz\/\",\"name\":\"Co posadzi\u0107 z r\u00f3\u017cami? Optymalne s\u0105siedztwo dla Twoich r\u00f3\u017c! - blog Rozaria.pl\",\"isPartOf\":{\"@id\":\"https:\/\/rozaria.pl\/blog\/#website\"},\"primaryImageOfPage\":{\"@id\":\"https:\/\/rozaria.pl\/blog\/co-posadzic-z-rozami-optymalne-sasiedztwo-dla-twoich-roz\/#primaryimage\"},\"image\":{\"@id\":\"https:\/\/rozaria.pl\/blog\/co-posadzic-z-rozami-optymalne-sasiedztwo-dla-twoich-roz\/#primaryimage\"},\"thumbnailUrl\":\"https:\/\/rozaria.pl\/blog\/wp-content\/uploads\/2024\/01\/z_czym_laczyc_roze-scaled.jpg\",\"datePublished\":\"2024-01-30T17:04:40+00:00\",\"dateModified\":\"2025-05-14T06:30:44+00:00\",\"description\":\"Co posadzi\u0107 z r\u00f3\u017cami, by stworzy\u0107 optymalne s\u0105siedztwo dla Twoich r\u00f3\u017c i maksymalnie podkre\u015bli\u0107 ich pi\u0119kno i urok.\",\"breadcrumb\":{\"@id\":\"https:\/\/rozaria.pl\/blog\/co-posadzic-z-rozami-optymalne-sasiedztwo-dla-twoich-roz\/#breadcrumb\"},\"inLanguage\":\"pl-PL\",\"potentialAction\":[{\"@type\":\"ReadAction\",\"target\":[\"https:\/\/rozaria.pl\/blog\/co-posadzic-z-rozami-optymalne-sasiedztwo-dla-twoich-roz\/\"]}]},{\"@type\":\"ImageObject\",\"inLanguage\":\"pl-PL\",\"@id\":\"https:\/\/rozaria.pl\/blog\/co-posadzic-z-rozami-optymalne-sasiedztwo-dla-twoich-roz\/#primaryimage\",\"url\":\"https:\/\/rozaria.pl\/blog\/wp-content\/uploads\/2024\/01\/z_czym_laczyc_roze-scaled.jpg\",\"contentUrl\":\"https:\/\/rozaria.pl\/blog\/wp-content\/uploads\/2024\/01\/z_czym_laczyc_roze-scaled.jpg\",\"width\":2560,\"height\":856},{\"@type\":\"BreadcrumbList\",\"@id\":\"https:\/\/rozaria.pl\/blog\/co-posadzic-z-rozami-optymalne-sasiedztwo-dla-twoich-roz\/#breadcrumb\",\"itemListElement\":[{\"@type\":\"ListItem\",\"position\":1,\"name\":\"Strona g\u0142\u00f3wna\",\"item\":\"https:\/\/rozaria.pl\/blog\/\"},{\"@type\":\"ListItem\",\"position\":2,\"name\":\"Co posadzi\u0107 z r\u00f3\u017cami? Optymalne s\u0105siedztwo dla Twoich r\u00f3\u017c!\"}]},{\"@type\":\"WebSite\",\"@id\":\"https:\/\/rozaria.pl\/blog\/#website\",\"url\":\"https:\/\/rozaria.pl\/blog\/\",\"name\":\"blog Rozaria.pl\",\"description\":\"Porozmawiajmy o r\u00f3\u017cach, o wszystkich sprawach\",\"publisher\":{\"@id\":\"https:\/\/rozaria.pl\/blog\/#organization\"},\"potentialAction\":[{\"@type\":\"SearchAction\",\"target\":{\"@type\":\"EntryPoint\",\"urlTemplate\":\"https:\/\/rozaria.pl\/blog\/?s={search_term_string}\"},\"query-input\":{\"@type\":\"PropertyValueSpecification\",\"valueRequired\":true,\"valueName\":\"search_term_string\"}}],\"inLanguage\":\"pl-PL\"},{\"@type\":\"Organization\",\"@id\":\"https:\/\/rozaria.pl\/blog\/#organization\",\"name\":\"Szk\u00f3\u0142ka R\u00f3\u017c Rozaria\",\"url\":\"https:\/\/rozaria.pl\/blog\/\",\"logo\":{\"@type\":\"ImageObject\",\"inLanguage\":\"pl-PL\",\"@id\":\"https:\/\/rozaria.pl\/blog\/#\/schema\/logo\/image\/\",\"url\":\"https:\/\/rozaria.pl\/blog\/wp-content\/uploads\/2016\/12\/logo_dla-rozaria.png\",\"contentUrl\":\"https:\/\/rozaria.pl\/blog\/wp-content\/uploads\/2016\/12\/logo_dla-rozaria.png\",\"width\":400,\"height\":166,\"caption\":\"Szk\u00f3\u0142ka R\u00f3\u017c Rozaria\"},\"image\":{\"@id\":\"https:\/\/rozaria.pl\/blog\/#\/schema\/logo\/image\/\"},\"sameAs\":[\"https:\/\/www.facebook.com\/SzkolkaRozRozaria\/\",\"https:\/\/x.com\/SzkolkaRozaria\",\"https:\/\/www.youtube.com\/channel\/UCguKKBc7F06eYM1tzYx1Z5A\"]},{\"@type\":\"Person\",\"@id\":\"https:\/\/rozaria.pl\/blog\/#\/schema\/person\/31b3805d5058ea1cffed1d8efb6e2513\",\"name\":\"Rozaria.pl\",\"image\":{\"@type\":\"ImageObject\",\"inLanguage\":\"pl-PL\",\"@id\":\"https:\/\/rozaria.pl\/blog\/#\/schema\/person\/image\/\",\"url\":\"https:\/\/secure.gravatar.com\/avatar\/36c7e4b15b333b9fb573f9e54e7fcf52?s=96&d=mm&r=g\",\"contentUrl\":\"https:\/\/secure.gravatar.com\/avatar\/36c7e4b15b333b9fb573f9e54e7fcf52?s=96&d=mm&r=g\",\"caption\":\"Rozaria.pl\"},\"sameAs\":[\"https:\/\/www.rozaria.pl\",\"https:\/\/www.youtube.com\/channel\/UCguKKBc7F06eYM1tzYx1Z5A\"],\"url\":\"https:\/\/rozaria.pl\/blog\/author\/1rozanka\/\"}]}<\/script>\n<!-- \/ Yoast SEO plugin. -->","yoast_head_json":{"title":"Co posadzi\u0107 z r\u00f3\u017cami? Optymalne s\u0105siedztwo dla Twoich r\u00f3\u017c! - blog Rozaria.pl","description":"Co posadzi\u0107 z r\u00f3\u017cami, by stworzy\u0107 optymalne s\u0105siedztwo dla Twoich r\u00f3\u017c i maksymalnie podkre\u015bli\u0107 ich pi\u0119kno i urok.","robots":{"index":"index","follow":"follow","max-snippet":"max-snippet:-1","max-image-preview":"max-image-preview:large","max-video-preview":"max-video-preview:-1"},"canonical":"https:\/\/rozaria.pl\/blog\/co-posadzic-z-rozami-optymalne-sasiedztwo-dla-twoich-roz\/","og_locale":"pl_PL","og_type":"article","og_title":"Co posadzi\u0107 z r\u00f3\u017cami? Optymalne s\u0105siedztwo dla Twoich r\u00f3\u017c! - blog Rozaria.pl","og_description":"Co posadzi\u0107 z r\u00f3\u017cami, by stworzy\u0107 optymalne s\u0105siedztwo dla Twoich r\u00f3\u017c i maksymalnie podkre\u015bli\u0107 ich pi\u0119kno i urok.","og_url":"https:\/\/rozaria.pl\/blog\/co-posadzic-z-rozami-optymalne-sasiedztwo-dla-twoich-roz\/","og_site_name":"blog Rozaria.pl","article_publisher":"https:\/\/www.facebook.com\/SzkolkaRozRozaria\/","article_published_time":"2024-01-30T17:04:40+00:00","article_modified_time":"2025-05-14T06:30:44+00:00","og_image":[{"width":2560,"height":856,"url":"https:\/\/rozaria.pl\/blog\/wp-content\/uploads\/2024\/01\/z_czym_laczyc_roze-scaled.jpg","type":"image\/jpeg"}],"author":"Rozaria.pl","twitter_card":"summary_large_image","twitter_creator":"@SzkolkaRozaria","twitter_site":"@SzkolkaRozaria","twitter_misc":{"Napisane przez":"Rozaria.pl","Szacowany czas czytania":"11 minut"},"schema":{"@context":"https:\/\/schema.org","@graph":[{"@type":"Article","@id":"https:\/\/rozaria.pl\/blog\/co-posadzic-z-rozami-optymalne-sasiedztwo-dla-twoich-roz\/#article","isPartOf":{"@id":"https:\/\/rozaria.pl\/blog\/co-posadzic-z-rozami-optymalne-sasiedztwo-dla-twoich-roz\/"},"author":{"name":"Rozaria.pl","@id":"https:\/\/rozaria.pl\/blog\/#\/schema\/person\/31b3805d5058ea1cffed1d8efb6e2513"},"headline":"Co posadzi\u0107 z r\u00f3\u017cami? Optymalne s\u0105siedztwo dla Twoich r\u00f3\u017c!","datePublished":"2024-01-30T17:04:40+00:00","dateModified":"2025-05-14T06:30:44+00:00","mainEntityOfPage":{"@id":"https:\/\/rozaria.pl\/blog\/co-posadzic-z-rozami-optymalne-sasiedztwo-dla-twoich-roz\/"},"wordCount":2035,"commentCount":0,"publisher":{"@id":"https:\/\/rozaria.pl\/blog\/#organization"},"image":{"@id":"https:\/\/rozaria.pl\/blog\/co-posadzic-z-rozami-optymalne-sasiedztwo-dla-twoich-roz\/#primaryimage"},"thumbnailUrl":"https:\/\/rozaria.pl\/blog\/wp-content\/uploads\/2024\/01\/z_czym_laczyc_roze-scaled.jpg","keywords":["r\u00f3\u017cane ogrody","r\u00f3\u017ce piel\u0119gnacja","r\u00f3\u017ce w ogrodzie"],"articleSection":["Ciekawostki","Piel\u0119gnacja"],"inLanguage":"pl-PL","potentialAction":[{"@type":"CommentAction","name":"Comment","target":["https:\/\/rozaria.pl\/blog\/co-posadzic-z-rozami-optymalne-sasiedztwo-dla-twoich-roz\/#respond"]}]},{"@type":"WebPage","@id":"https:\/\/rozaria.pl\/blog\/co-posadzic-z-rozami-optymalne-sasiedztwo-dla-twoich-roz\/","url":"https:\/\/rozaria.pl\/blog\/co-posadzic-z-rozami-optymalne-sasiedztwo-dla-twoich-roz\/","name":"Co posadzi\u0107 z r\u00f3\u017cami? Optymalne s\u0105siedztwo dla Twoich r\u00f3\u017c! - blog Rozaria.pl","isPartOf":{"@id":"https:\/\/rozaria.pl\/blog\/#website"},"primaryImageOfPage":{"@id":"https:\/\/rozaria.pl\/blog\/co-posadzic-z-rozami-optymalne-sasiedztwo-dla-twoich-roz\/#primaryimage"},"image":{"@id":"https:\/\/rozaria.pl\/blog\/co-posadzic-z-rozami-optymalne-sasiedztwo-dla-twoich-roz\/#primaryimage"},"thumbnailUrl":"https:\/\/rozaria.pl\/blog\/wp-content\/uploads\/2024\/01\/z_czym_laczyc_roze-scaled.jpg","datePublished":"2024-01-30T17:04:40+00:00","dateModified":"2025-05-14T06:30:44+00:00","description":"Co posadzi\u0107 z r\u00f3\u017cami, by stworzy\u0107 optymalne s\u0105siedztwo dla Twoich r\u00f3\u017c i maksymalnie podkre\u015bli\u0107 ich pi\u0119kno i urok.","breadcrumb":{"@id":"https:\/\/rozaria.pl\/blog\/co-posadzic-z-rozami-optymalne-sasiedztwo-dla-twoich-roz\/#breadcrumb"},"inLanguage":"pl-PL","potentialAction":[{"@type":"ReadAction","target":["https:\/\/rozaria.pl\/blog\/co-posadzic-z-rozami-optymalne-sasiedztwo-dla-twoich-roz\/"]}]},{"@type":"ImageObject","inLanguage":"pl-PL","@id":"https:\/\/rozaria.pl\/blog\/co-posadzic-z-rozami-optymalne-sasiedztwo-dla-twoich-roz\/#primaryimage","url":"https:\/\/rozaria.pl\/blog\/wp-content\/uploads\/2024\/01\/z_czym_laczyc_roze-scaled.jpg","contentUrl":"https:\/\/rozaria.pl\/blog\/wp-content\/uploads\/2024\/01\/z_czym_laczyc_roze-scaled.jpg","width":2560,"height":856},{"@type":"BreadcrumbList","@id":"https:\/\/rozaria.pl\/blog\/co-posadzic-z-rozami-optymalne-sasiedztwo-dla-twoich-roz\/#breadcrumb","itemListElement":[{"@type":"ListItem","position":1,"name":"Strona g\u0142\u00f3wna","item":"https:\/\/rozaria.pl\/blog\/"},{"@type":"ListItem","position":2,"name":"Co posadzi\u0107 z r\u00f3\u017cami? Optymalne s\u0105siedztwo dla Twoich r\u00f3\u017c!"}]},{"@type":"WebSite","@id":"https:\/\/rozaria.pl\/blog\/#website","url":"https:\/\/rozaria.pl\/blog\/","name":"blog Rozaria.pl","description":"Porozmawiajmy o r\u00f3\u017cach, o wszystkich sprawach","publisher":{"@id":"https:\/\/rozaria.pl\/blog\/#organization"},"potentialAction":[{"@type":"SearchAction","target":{"@type":"EntryPoint","urlTemplate":"https:\/\/rozaria.pl\/blog\/?s={search_term_string}"},"query-input":{"@type":"PropertyValueSpecification","valueRequired":true,"valueName":"search_term_string"}}],"inLanguage":"pl-PL"},{"@type":"Organization","@id":"https:\/\/rozaria.pl\/blog\/#organization","name":"Szk\u00f3\u0142ka R\u00f3\u017c Rozaria","url":"https:\/\/rozaria.pl\/blog\/","logo":{"@type":"ImageObject","inLanguage":"pl-PL","@id":"https:\/\/rozaria.pl\/blog\/#\/schema\/logo\/image\/","url":"https:\/\/rozaria.pl\/blog\/wp-content\/uploads\/2016\/12\/logo_dla-rozaria.png","contentUrl":"https:\/\/rozaria.pl\/blog\/wp-content\/uploads\/2016\/12\/logo_dla-rozaria.png","width":400,"height":166,"caption":"Szk\u00f3\u0142ka R\u00f3\u017c Rozaria"},"image":{"@id":"https:\/\/rozaria.pl\/blog\/#\/schema\/logo\/image\/"},"sameAs":["https:\/\/www.facebook.com\/SzkolkaRozRozaria\/","https:\/\/x.com\/SzkolkaRozaria","https:\/\/www.youtube.com\/channel\/UCguKKBc7F06eYM1tzYx1Z5A"]},{"@type":"Person","@id":"https:\/\/rozaria.pl\/blog\/#\/schema\/person\/31b3805d5058ea1cffed1d8efb6e2513","name":"Rozaria.pl","image":{"@type":"ImageObject","inLanguage":"pl-PL","@id":"https:\/\/rozaria.pl\/blog\/#\/schema\/person\/image\/","url":"https:\/\/secure.gravatar.com\/avatar\/36c7e4b15b333b9fb573f9e54e7fcf52?s=96&d=mm&r=g","contentUrl":"https:\/\/secure.gravatar.com\/avatar\/36c7e4b15b333b9fb573f9e54e7fcf52?s=96&d=mm&r=g","caption":"Rozaria.pl"},"sameAs":["https:\/\/www.rozaria.pl","https:\/\/www.youtube.com\/channel\/UCguKKBc7F06eYM1tzYx1Z5A"],"url":"https:\/\/rozaria.pl\/blog\/author\/1rozanka\/"}]}},"_links":{"self":[{"href":"https:\/\/rozaria.pl\/blog\/wp-json\/wp\/v2\/posts\/4939"}],"collection":[{"href":"https:\/\/rozaria.pl\/blog\/wp-json\/wp\/v2\/posts"}],"about":[{"href":"https:\/\/rozaria.pl\/blog\/wp-json\/wp\/v2\/types\/post"}],"author":[{"embeddable":true,"href":"https:\/\/rozaria.pl\/blog\/wp-json\/wp\/v2\/users\/1"}],"replies":[{"embeddable":true,"href":"https:\/\/rozaria.pl\/blog\/wp-json\/wp\/v2\/comments?post=4939"}],"version-history":[{"count":16,"href":"https:\/\/rozaria.pl\/blog\/wp-json\/wp\/v2\/posts\/4939\/revisions"}],"predecessor-version":[{"id":6640,"href":"https:\/\/rozaria.pl\/blog\/wp-json\/wp\/v2\/posts\/4939\/revisions\/6640"}],"wp:featuredmedia":[{"embeddable":true,"href":"https:\/\/rozaria.pl\/blog\/wp-json\/wp\/v2\/media\/4961"}],"wp:attachment":[{"href":"https:\/\/rozaria.pl\/blog\/wp-json\/wp\/v2\/media?parent=4939"}],"wp:term":[{"taxonomy":"category","embeddable":true,"href":"https:\/\/rozaria.pl\/blog\/wp-json\/wp\/v2\/categories?post=4939"},{"taxonomy":"post_tag","embeddable":true,"href":"https:\/\/rozaria.pl\/blog\/wp-json\/wp\/v2\/tags?post=4939"}],"curies":[{"name":"wp","href":"https:\/\/api.w.org\/{rel}","templated":true}]}}