{"id":4847,"date":"2023-12-23T14:33:39","date_gmt":"2023-12-23T13:33:39","guid":{"rendered":"https:\/\/rozaria.pl\/blog\/?p=4847"},"modified":"2024-04-25T08:54:01","modified_gmt":"2024-04-25T06:54:01","slug":"kiedy-i-jak-przycinac-roze","status":"publish","type":"post","link":"https:\/\/rozaria.pl\/blog\/kiedy-i-jak-przycinac-roze\/","title":{"rendered":"kiedy i jak przycina\u0107 r\u00f3\u017ce"},"content":{"rendered":"<h2>Przycinanie r\u00f3\u017c: Jak i kiedy prawid\u0142owo ci\u0105\u0107 r\u00f3\u017cne odmiany r\u00f3\u017c<\/h2>\n<p style=\"text-align: justify;\">Ci\u0119cie r\u00f3\u017c, z pozoru i niekiedy trudne, jest kluczowym zabiegiem piel\u0119gnacyjnym, kt\u00f3ry pomaga utrzyma\u0107 zdrowie i pi\u0119kno ro\u015bliny. Celem tego artyku\u0142u jest wyja\u015bnienie, kiedy i jak przycina\u0107 r\u00f3\u017ce. O ile niekt\u00f3re odmiany r\u00f3\u017c nie wymagaj\u0105 mocnego, radykalnego ci\u0119cia, o tyle dla niekt\u00f3rych jest ono wymagane do prawid\u0142owego wzrostu w trakcie sezonu wegetacyjnego. R\u00f3\u017ce pn\u0105ce, czy rabatowe musz\u0105 by\u0107 inaczej przycinane. Du\u017ce znaczenie ma r\u00f3wnie\u017c fakt, czy r\u00f3\u017ca kwitnie tylko jeden raz, czy powtarza kwitnienie. Je\u015bli chodzi o terminy wykonywania ci\u0119\u0107, mamy tutaj r\u00f3wnie\u017c niewielkie r\u00f3\u017cnice wynikaj\u0105ce z r\u00f3\u017cnic regionu, a wi\u0119c warunk\u00f3w klimatycznych danego regionu. Najwa\u017cniejszym celem ci\u0119cia r\u00f3\u017c jest utrzymanie krzew\u00f3w w dobrej kondycji i sta\u0142e ich odm\u0142adzanie.<\/p>\n<h2>Kiedy i jak przycina\u0107 r\u00f3\u017ce wielkokwiatowe i rabatowe?<\/h2>\n<p style=\"text-align: justify;\">R\u00f3\u017ce wielkokwiatowe i rabatowe, kt\u00f3re s\u0105 popularnymi krzewami ogrodowymi, wymagaj\u0105 corocznego ci\u0119cia. Ci\u0119cie r\u00f3\u017c przeprowadzamy, aby przyci\u0105\u0107 stare, chore i s\u0142absze p\u0119dy, aby zrobi\u0107 miejsce dla nowych. Usuwamy r\u00f3wnie\u017c p\u0119dy zbyt cienkie, uszkodzone i zmarzni\u0119te.<\/p>\n<div id=\"attachment_4885\" style=\"width: 310px\" class=\"wp-caption alignright\"><a href=\"https:\/\/rozaria.pl\/blog\/wp-content\/uploads\/2023\/12\/ciecie-roz-wielkokwiatowych.jpg\"><img loading=\"lazy\" decoding=\"async\" aria-describedby=\"caption-attachment-4885\" class=\"wp-image-4885 size-medium\" src=\"https:\/\/rozaria.pl\/blog\/wp-content\/uploads\/2023\/12\/ciecie-roz-wielkokwiatowych-300x226.jpg\" alt=\"kiedy i jak przycina\u0107 r\u00f3\u017ce wielkokwiatowe\" width=\"300\" height=\"226\" srcset=\"https:\/\/rozaria.pl\/blog\/wp-content\/uploads\/2023\/12\/ciecie-roz-wielkokwiatowych-150x113.jpg 150w, https:\/\/rozaria.pl\/blog\/wp-content\/uploads\/2023\/12\/ciecie-roz-wielkokwiatowych-200x151.jpg 200w, https:\/\/rozaria.pl\/blog\/wp-content\/uploads\/2023\/12\/ciecie-roz-wielkokwiatowych-300x226.jpg 300w, https:\/\/rozaria.pl\/blog\/wp-content\/uploads\/2023\/12\/ciecie-roz-wielkokwiatowych-400x302.jpg 400w, https:\/\/rozaria.pl\/blog\/wp-content\/uploads\/2023\/12\/ciecie-roz-wielkokwiatowych-600x452.jpg 600w, https:\/\/rozaria.pl\/blog\/wp-content\/uploads\/2023\/12\/ciecie-roz-wielkokwiatowych-768x579.jpg 768w, https:\/\/rozaria.pl\/blog\/wp-content\/uploads\/2023\/12\/ciecie-roz-wielkokwiatowych.jpg 796w\" sizes=\"(max-width: 300px) 100vw, 300px\" \/><\/a><p id=\"caption-attachment-4885\" class=\"wp-caption-text\">ci\u0119cie r\u00f3\u017c wielkokwiatowych<\/p><\/div>\n<div id=\"attachment_4889\" style=\"width: 310px\" class=\"wp-caption alignright\"><a href=\"https:\/\/rozaria.pl\/blog\/wp-content\/uploads\/2023\/12\/kiedy_i_jak_przycinac_roze_ciecie_roz_rabatowych.jpg\"><img loading=\"lazy\" decoding=\"async\" aria-describedby=\"caption-attachment-4889\" class=\"wp-image-4889 size-medium\" src=\"https:\/\/rozaria.pl\/blog\/wp-content\/uploads\/2023\/12\/kiedy_i_jak_przycinac_roze_ciecie_roz_rabatowych-300x226.jpg\" alt=\" Jak i kiedy prawid\u0142owo ci\u0105\u0107 odmiany rabatowe\" width=\"300\" height=\"226\" srcset=\"https:\/\/rozaria.pl\/blog\/wp-content\/uploads\/2023\/12\/kiedy_i_jak_przycinac_roze_ciecie_roz_rabatowych-150x113.jpg 150w, https:\/\/rozaria.pl\/blog\/wp-content\/uploads\/2023\/12\/kiedy_i_jak_przycinac_roze_ciecie_roz_rabatowych-200x151.jpg 200w, https:\/\/rozaria.pl\/blog\/wp-content\/uploads\/2023\/12\/kiedy_i_jak_przycinac_roze_ciecie_roz_rabatowych-300x226.jpg 300w, https:\/\/rozaria.pl\/blog\/wp-content\/uploads\/2023\/12\/kiedy_i_jak_przycinac_roze_ciecie_roz_rabatowych-400x302.jpg 400w, https:\/\/rozaria.pl\/blog\/wp-content\/uploads\/2023\/12\/kiedy_i_jak_przycinac_roze_ciecie_roz_rabatowych-600x452.jpg 600w, https:\/\/rozaria.pl\/blog\/wp-content\/uploads\/2023\/12\/kiedy_i_jak_przycinac_roze_ciecie_roz_rabatowych-768x579.jpg 768w, https:\/\/rozaria.pl\/blog\/wp-content\/uploads\/2023\/12\/kiedy_i_jak_przycinac_roze_ciecie_roz_rabatowych.jpg 796w\" sizes=\"(max-width: 300px) 100vw, 300px\" \/><\/a><p id=\"caption-attachment-4889\" class=\"wp-caption-text\">ci\u0119cie r\u00f3\u017c rabatowych (wielokwiatowych)<\/p><\/div>\n<p style=\"text-align: justify;\">W przypadku r\u00f3\u017c wielkokwiatowych wykonujemy corocznie silne ci\u0119cie nad 5-7 oczkiem w przypadku p\u0119d\u00f3w mocnych, natomiast nad 3-5 oczkiem w przypadku p\u0119d\u00f3w s\u0142abszych. Silniej tniemy krzewy, gdy chcemy uzyska\u0107 kwiaty pi\u0119kne, du\u017ce na na d\u0142ugich p\u0119dach. Gdy zale\u017cy nam na bardziej obfitym kwitnieniu nawet kosztem wielko\u015bci kwiatu mo\u017cemy ci\u0105\u0107 wy\u017cej, mniej radykalnie. W przypadku r\u00f3\u017c rabatowych nie tniemy ich tak silnie, a o 1\/3 wysoko\u015bci do 2\/3 wysoko\u015bci, w zale\u017cno\u015bci od si\u0142y p\u0119du i jego \u017cywotno\u015bci. Podczas ci\u0119cia r\u00f3\u017c nale\u017cy uwa\u017ca\u0107, aby nie uszkodzi\u0107 zdrowych p\u0119d\u00f3w. Najlepiej przycina\u0107 r\u00f3\u017ce na wiosn\u0119, zw\u0142aszcza koniec marca do po\u0142owy kwietnia to idealny moment. Ci\u0119cie w\u015br\u00f3d r\u00f3\u017c najlepiej przeprowadzi\u0107, kiedy p\u0119dy zaczynaj\u0105 nabrzmiewa\u0107, ale jeszcze nie ma li\u015bci na r\u00f3\u017canych krzewach.<\/p>\n<h2>Kiedy i jak przycina\u0107 r\u00f3\u017ce miniaturowe?<a href=\"https:\/\/rozaria.pl\/blog\/wp-content\/uploads\/2023\/12\/cicie_roz.jpg\"><img loading=\"lazy\" decoding=\"async\" class=\"alignleft wp-image-4884 size-medium\" src=\"https:\/\/rozaria.pl\/blog\/wp-content\/uploads\/2023\/12\/cicie_roz-300x205.jpg\" alt=\"Przycinanie r\u00f3\u017c sekatorem\" width=\"300\" height=\"205\" srcset=\"https:\/\/rozaria.pl\/blog\/wp-content\/uploads\/2023\/12\/cicie_roz-150x103.jpg 150w, https:\/\/rozaria.pl\/blog\/wp-content\/uploads\/2023\/12\/cicie_roz-200x137.jpg 200w, https:\/\/rozaria.pl\/blog\/wp-content\/uploads\/2023\/12\/cicie_roz-300x205.jpg 300w, https:\/\/rozaria.pl\/blog\/wp-content\/uploads\/2023\/12\/cicie_roz-400x273.jpg 400w, https:\/\/rozaria.pl\/blog\/wp-content\/uploads\/2023\/12\/cicie_roz-600x410.jpg 600w, https:\/\/rozaria.pl\/blog\/wp-content\/uploads\/2023\/12\/cicie_roz-768x525.jpg 768w, https:\/\/rozaria.pl\/blog\/wp-content\/uploads\/2023\/12\/cicie_roz-800x547.jpg 800w, https:\/\/rozaria.pl\/blog\/wp-content\/uploads\/2023\/12\/cicie_roz.jpg 900w\" sizes=\"(max-width: 300px) 100vw, 300px\" \/><\/a><\/h2>\n<p>R\u00f3\u017ce miniaturowe tniemy podobnie jak r\u00f3\u017ce wielkokwiatowe, tylko jeszcze kr\u00f3cej, bli\u017cej gruntu. Ci\u0119cie przeprowadzamy wczesn\u0105 wiosn\u0105. Ogromn\u0105 ilo\u015b\u0107 bardzo cienkich p\u0119d\u00f3w ograniczamy do kilku lub kilkunastu najsilniejszych, najgrubszych, maj\u0105cych stanowi\u0107 szkielet krzewu w danym sezonie. Skracamy je do 5-8 oczek czyli ok. 20-40cm od powierzchni gruntu.<\/p>\n<h2>Ci\u0119cie r\u00f3\u017c okrywowych<\/h2>\n<p>Nowoczesne odmiany okrywowe nie wymagaj\u0105 corocznego ci\u0119cia wiosennego. Sadzone w du\u017cych grupach maj\u0105 za zadanie zadarniania przestrzeni i ci\u0119cie radykalne, odm\u0142adzaj\u0105ce przeprowadzamy do kilka lat. Wi\u0119kszo\u015b\u0107 odmian okrywowych cieszy si\u0119 du\u017c\u0105 zdrowotno\u015bci\u0105 oraz mrozodoporno\u015bci\u0105, je\u015bli nawet pojawi\u0105 si\u0119 pojedy\u0144cze uszkodzone ga\u0142\u0105zki, du\u017cy wigor ro\u015bliny szybko zamaskuje takie punkty.<\/p>\n<h3>Przygotowanie narz\u0119dzi do przycinania r\u00f3\u017c<a href=\"https:\/\/rozaria.pl\/blog\/wp-content\/uploads\/2023\/12\/kiedy_i_jak_przycinac_roze_ciecie_sekatory_do_ciecia.jpg\"><img loading=\"lazy\" decoding=\"async\" class=\"alignright wp-image-4894 size-medium\" src=\"https:\/\/rozaria.pl\/blog\/wp-content\/uploads\/2023\/12\/kiedy_i_jak_przycinac_roze_ciecie_sekatory_do_ciecia-300x225.jpg\" alt=\"kiedy i jak przycina\u0107 r\u00f3\u017ce w\u0142a\u015bciwe narz\u0119dzia\" width=\"300\" height=\"225\" srcset=\"https:\/\/rozaria.pl\/blog\/wp-content\/uploads\/2023\/12\/kiedy_i_jak_przycinac_roze_ciecie_sekatory_do_ciecia-150x113.jpg 150w, https:\/\/rozaria.pl\/blog\/wp-content\/uploads\/2023\/12\/kiedy_i_jak_przycinac_roze_ciecie_sekatory_do_ciecia-200x150.jpg 200w, https:\/\/rozaria.pl\/blog\/wp-content\/uploads\/2023\/12\/kiedy_i_jak_przycinac_roze_ciecie_sekatory_do_ciecia-300x225.jpg 300w, https:\/\/rozaria.pl\/blog\/wp-content\/uploads\/2023\/12\/kiedy_i_jak_przycinac_roze_ciecie_sekatory_do_ciecia-400x300.jpg 400w, https:\/\/rozaria.pl\/blog\/wp-content\/uploads\/2023\/12\/kiedy_i_jak_przycinac_roze_ciecie_sekatory_do_ciecia-600x450.jpg 600w, https:\/\/rozaria.pl\/blog\/wp-content\/uploads\/2023\/12\/kiedy_i_jak_przycinac_roze_ciecie_sekatory_do_ciecia-768x576.jpg 768w, https:\/\/rozaria.pl\/blog\/wp-content\/uploads\/2023\/12\/kiedy_i_jak_przycinac_roze_ciecie_sekatory_do_ciecia.jpg 800w\" sizes=\"(max-width: 300px) 100vw, 300px\" \/><\/a><\/h3>\n<p style=\"text-align: justify;\">Pierwszym krokiem jest w\u0142a\u015bciwe przygotowanie narz\u0119dzi. Sekator nale\u017cy dobrze naostrzy\u0107 i zdezynfekowa\u0107, aby unikn\u0105\u0107 wprowadzenia zarazk\u00f3w do ro\u015bliny. Do ci\u0119cia p\u0119d\u00f3w cie\u0144szych u\u017cywamy sekator\u00f3w ma\u0142ych, jednor\u0119cznych, do p\u0119d\u00f3w grubych du\u017cych sekator\u00f3w dwur\u0119cznych.<\/p>\n<h3>Prawid\u0142owe przycinanie p\u0119d\u00f3w r\u00f3\u017c<\/h3>\n<div id=\"attachment_4892\" style=\"width: 310px\" class=\"wp-caption alignleft\"><a href=\"https:\/\/rozaria.pl\/blog\/wp-content\/uploads\/2023\/12\/kiedy_i_jak_przycinac_roze_ciecie_nad_pakiem.jpg\"><img loading=\"lazy\" decoding=\"async\" aria-describedby=\"caption-attachment-4892\" class=\"wp-image-4892 size-medium\" src=\"https:\/\/rozaria.pl\/blog\/wp-content\/uploads\/2023\/12\/kiedy_i_jak_przycinac_roze_ciecie_nad_pakiem-300x204.jpg\" alt=\" r\u00f3\u017ce prawid\u0142owa technika ci\u0119cia\" width=\"300\" height=\"204\" srcset=\"https:\/\/rozaria.pl\/blog\/wp-content\/uploads\/2023\/12\/kiedy_i_jak_przycinac_roze_ciecie_nad_pakiem-150x102.jpg 150w, https:\/\/rozaria.pl\/blog\/wp-content\/uploads\/2023\/12\/kiedy_i_jak_przycinac_roze_ciecie_nad_pakiem-200x136.jpg 200w, https:\/\/rozaria.pl\/blog\/wp-content\/uploads\/2023\/12\/kiedy_i_jak_przycinac_roze_ciecie_nad_pakiem-300x204.jpg 300w, https:\/\/rozaria.pl\/blog\/wp-content\/uploads\/2023\/12\/kiedy_i_jak_przycinac_roze_ciecie_nad_pakiem-400x272.jpg 400w, https:\/\/rozaria.pl\/blog\/wp-content\/uploads\/2023\/12\/kiedy_i_jak_przycinac_roze_ciecie_nad_pakiem-600x408.jpg 600w, https:\/\/rozaria.pl\/blog\/wp-content\/uploads\/2023\/12\/kiedy_i_jak_przycinac_roze_ciecie_nad_pakiem-768x522.jpg 768w, https:\/\/rozaria.pl\/blog\/wp-content\/uploads\/2023\/12\/kiedy_i_jak_przycinac_roze_ciecie_nad_pakiem.jpg 800w\" sizes=\"(max-width: 300px) 100vw, 300px\" \/><\/a><p id=\"caption-attachment-4892\" class=\"wp-caption-text\">w\u0142a\u015bciwe ci\u0119cie p\u0119du r\u00f3\u017canego krzewu<\/p><\/div>\n<p style=\"text-align: justify;\">Kiedy zaczynamy przycina\u0107 r\u00f3\u017ce, musimy pami\u0119ta\u0107 o kilku zasadach. Po pierwsze, ci\u0119cie r\u00f3\u017c nale\u017cy wykonywa\u0107 uko\u015bnie, oko\u0142o 1 cm powy\u017cej oczka skierowanego na zewn\u0105trz krzewu. Zabieg ten sprawia, \u017ce nowe p\u0119dy rosn\u0105ce z oczka b\u0119d\u0105 skierowane na zewn\u0105trz krzewu, co zapewnia dobr\u0105 cyrkulacj\u0119 powietrza. No\u017cyce, sekator, kt\u00f3rych u\u017cywamy do ci\u0119\u0107, musz\u0105 by\u0107 bardzo ostre, aby uci\u0105\u0107 p\u0119d g\u0142adko i czysto, tak by nie zosta\u0142 rozgnieciony i by powsta\u0142a rana, nie by\u0142a poszarpana. Po dokonaniu ci\u0119cia, nie zostawiamy na rabatach odpadk\u00f3w. Po pierwsze, tak, by nie pozostawia\u0107 na p\u0119dach przetrwalnik\u00f3w chor\u00f3b grzybowych, a po drugie, by z powodu czysto technicznego, by podczas wiosennego plewienia oraz kolejnych nie by\u0142o k\u0142uj\u0105cych zaschni\u0119tych niespodzianek w gruncie.<\/p>\n<h2>Czy prawid\u0142owo przyci\u0119te r\u00f3\u017ce pn\u0105ce kwitn\u0105 lepiej?<\/h2>\n<p style=\"text-align: justify;\">W pierwszych latach po posadzeniu <a href=\"https:\/\/rozaria.pl\/roze-pnace\">r\u00f3\u017ce pn\u0105ce<\/a> powinny rozrasta\u0107 si\u0119 swobodnie ku podporze. Najlepiej ci\u0119cie i formowanie rozpocz\u0105\u0107 w 3 lub w 4 roku po posadzeniu. Widzimy ju\u017c wtedy jakiego rodzaju r\u00f3\u017c\u0119 mamy ci\u0105\u0107 i formowa\u0107.<\/p>\n<p style=\"text-align: justify;\">R\u00f3\u017ce pn\u0105ce o sztywnych p\u0119dach kwitn\u0105 bowiem najcz\u0119\u015bciej na p\u0119dach co najmniej dwuletnich. Pozostawiamy m\u0142ode, silne i d\u0142ugie przyrosty, kt\u00f3re prowadzimy poziomo lub sko\u015bnie, tworz\u0105 one szkielet ro\u015bliny w kolejnym roku. Obcinamy u nasady p\u0119dy obumar\u0142e, chore, bardzo stare, kt\u00f3re nie b\u0119d\u0105 mia\u0142y si\u0142y wyprodukowa\u0107 masy nowych kwiat\u00f3w.\u00a0 Wiele sztywnych r\u00f3\u017c pn\u0105cych dobrze kwitnie bez corocznego kwitnienia, jednak maj\u0105 one tendencj\u0119 do wypuszczania u podstawy wielu drobnych odrost\u00f3w, kt\u00f3re zmniejszaj\u0105 cyrkulacj\u0119 powietrza i zwi\u0119kszaj\u0105 ryzyko wyst\u0105pienia chor\u00f3b grzybowych. Te zbyt drobne odrosty musza zosta\u0107 usuni\u0119te. W ciep\u0142ych klimatach ci\u0119cie tej grupy wykonuje si\u0119 po kwitnieniu jesieni\u0105, w naszym klimacie to zbyt du\u017ce ryzyko. W trzecim roku i w nast\u0119pnych latach usuwamy nie wi\u0119cej ni\u017c 1\/3 starych kwitn\u0105cych p\u0119d\u00f3w, wi\u0119kszo\u015b\u0107 starszych pozostawiamy i wolne miejsca w szkielecie wype\u0142niamy nowymi przyrostami wyrastaj\u0105cymi od podstawy.<a href=\"https:\/\/rozaria.pl\/blog\/wp-content\/uploads\/2023\/12\/kiedy-i-jak-przycinac-roze.jpeg\"><img loading=\"lazy\" decoding=\"async\" class=\"alignright wp-image-4886 size-medium\" src=\"https:\/\/rozaria.pl\/blog\/wp-content\/uploads\/2023\/12\/kiedy-i-jak-przycinac-roze-300x214.jpeg\" alt=\"r\u00f3\u017ce radykalne ci\u0119cie wiosenne\" width=\"300\" height=\"214\" srcset=\"https:\/\/rozaria.pl\/blog\/wp-content\/uploads\/2023\/12\/kiedy-i-jak-przycinac-roze-150x107.jpeg 150w, https:\/\/rozaria.pl\/blog\/wp-content\/uploads\/2023\/12\/kiedy-i-jak-przycinac-roze-200x143.jpeg 200w, https:\/\/rozaria.pl\/blog\/wp-content\/uploads\/2023\/12\/kiedy-i-jak-przycinac-roze-300x214.jpeg 300w, https:\/\/rozaria.pl\/blog\/wp-content\/uploads\/2023\/12\/kiedy-i-jak-przycinac-roze-400x286.jpeg 400w, https:\/\/rozaria.pl\/blog\/wp-content\/uploads\/2023\/12\/kiedy-i-jak-przycinac-roze-600x429.jpeg 600w, https:\/\/rozaria.pl\/blog\/wp-content\/uploads\/2023\/12\/kiedy-i-jak-przycinac-roze-768x548.jpeg 768w, https:\/\/rozaria.pl\/blog\/wp-content\/uploads\/2023\/12\/kiedy-i-jak-przycinac-roze-800x571.jpeg 800w, https:\/\/rozaria.pl\/blog\/wp-content\/uploads\/2023\/12\/kiedy-i-jak-przycinac-roze-1024x731.jpeg 1024w, https:\/\/rozaria.pl\/blog\/wp-content\/uploads\/2023\/12\/kiedy-i-jak-przycinac-roze.jpeg 1200w\" sizes=\"(max-width: 300px) 100vw, 300px\" \/><\/a><\/p>\n<p>Ci\u0119cie r\u00f3\u017c pn\u0105cych wiotkich, tzw. climbingi\u00a0 polega na na usuwaniu p\u0119d\u00f3w martwych i prze\u015bwietlaniu. Je\u015bli od do\u0142u nie obsypuj\u0105 si\u0119 kwiatem, a kwitn\u0105 tylko na szczycie, przycinamy najstarsze p\u0119dy\u00a0 na wysoko\u015bci do 1 m nad ziemi\u0105, za\u015b pozosta\u0142e p\u0119dy upinamy mo\u017cliwie najbardziej w poziomie. R\u00f3\u017ce kwitn\u0105ce na p\u0119dach starszych podzieli\u0107 mo\u017cemy na dwie grupy: kwitn\u0105ce na silnych p\u0119dach zesz\u0142orocznych wyrastaj\u0105cych w dolnej cz\u0119\u015bci krzewu i w tym przypadku usuwamy wszystkie p\u0119dy, kt\u00f3re kwit\u0142y w roku poprzednim, np. Dorothy Perknis, <a href=\"https:\/\/rozaria.pl\/roze-pnace-super-excelsa\">Super Excelsa<\/a>.<\/p>\n<p>Je\u015bli natomiast nale\u017c\u0105 do grupy kwitn\u0105cych na p\u0119dach zesz\u0142orocznych wyrastaj\u0105cych na ca\u0142ej d\u0142ugo\u015bci p\u0119d\u00f3w starszych, np. <a href=\"https:\/\/rozaria.pl\/roze-pnace-Pauls-Scarlet-Climber\">Paul&#8217;s Scarlet Climber<\/a>, ograniczamy ci\u0119cie do usuni\u0119cia kilku najstarszych p\u0119d\u00f3w pozostawiaj\u0105c lub co nieco skracaj\u0105c te, kt\u00f3re wyda\u0142y du\u017co zdrowych bocznych p\u0119d\u00f3w.<\/p>\n<h2>Jak i kiedy przycina\u0107 r\u00f3\u017ce pn\u0105ce<\/h2>\n<p style=\"text-align: justify;\"><a href=\"https:\/\/rozaria.pl\/blog\/wp-content\/uploads\/2023\/12\/ciecie-roz-pnacych.jpg\"><img loading=\"lazy\" decoding=\"async\" class=\"alignleft wp-image-4887 size-medium\" src=\"https:\/\/rozaria.pl\/blog\/wp-content\/uploads\/2023\/12\/ciecie-roz-pnacych-300x170.jpg\" alt=\"kiedy i jak przycina\u0107 r\u00f3\u017ce pn\u0105ce o sztywnych p\u0119dach\" width=\"300\" height=\"170\" srcset=\"https:\/\/rozaria.pl\/blog\/wp-content\/uploads\/2023\/12\/ciecie-roz-pnacych-150x85.jpg 150w, https:\/\/rozaria.pl\/blog\/wp-content\/uploads\/2023\/12\/ciecie-roz-pnacych-200x113.jpg 200w, https:\/\/rozaria.pl\/blog\/wp-content\/uploads\/2023\/12\/ciecie-roz-pnacych-300x170.jpg 300w, https:\/\/rozaria.pl\/blog\/wp-content\/uploads\/2023\/12\/ciecie-roz-pnacych-400x226.jpg 400w, https:\/\/rozaria.pl\/blog\/wp-content\/uploads\/2023\/12\/ciecie-roz-pnacych.jpg 600w\" sizes=\"(max-width: 300px) 100vw, 300px\" \/><\/a>R\u00f3\u017ce pn\u0105ce wymagaj\u0105 specjalnej opieki, kt\u00f3rej cz\u0119\u015bci\u0105 jest prawid\u0142owe ci\u0119cie r\u00f3\u017c pn\u0105cych. Ci\u0119cie r\u00f3\u017c nale\u017cy przeprowadzi\u0107 na wiosn\u0119, zaraz po tym jak min\u0105\u0142 ostatni przymrozek. Wiele r\u00f3\u017c mo\u017cna ci\u0105\u0107 od razu po ich kwitnieniu w trakcie sezonu, ale niestety nie w naszej szeroko\u015bci geograficznej. Brak okrywy \u015bnie\u017cnej w ostatnich latach i zmienne temperatury, a raczej nag\u0142e skoki niskich temperatur zw\u0142aszcza na przedwio\u015bniu powoduj\u0105 przemarzanie p\u0119d\u00f3w i st\u0105d nie nale\u017cy spieszy\u0107 si\u0119 z ci\u0119ciem na koniec sezonu, a raczej rozpocz\u0105\u0107 od tej czynno\u015bci nowy wiosenny sezon krzewu r\u00f3\u017canego.<\/p>\n<div id=\"attachment_4890\" style=\"width: 310px\" class=\"wp-caption alignright\"><a href=\"https:\/\/rozaria.pl\/blog\/wp-content\/uploads\/2023\/12\/kiedy_i_jak_przycinac_roze_ciecie_pnacych_roz.jpg\"><img loading=\"lazy\" decoding=\"async\" aria-describedby=\"caption-attachment-4890\" class=\"wp-image-4890 size-medium\" src=\"https:\/\/rozaria.pl\/blog\/wp-content\/uploads\/2023\/12\/kiedy_i_jak_przycinac_roze_ciecie_pnacych_roz-300x176.jpg\" alt=\"kiedy i jak przycina\u0107 r\u00f3\u017ce pn\u0105ce o wiotkich p\u0119dach\" width=\"300\" height=\"176\" srcset=\"https:\/\/rozaria.pl\/blog\/wp-content\/uploads\/2023\/12\/kiedy_i_jak_przycinac_roze_ciecie_pnacych_roz-150x88.jpg 150w, https:\/\/rozaria.pl\/blog\/wp-content\/uploads\/2023\/12\/kiedy_i_jak_przycinac_roze_ciecie_pnacych_roz-200x117.jpg 200w, https:\/\/rozaria.pl\/blog\/wp-content\/uploads\/2023\/12\/kiedy_i_jak_przycinac_roze_ciecie_pnacych_roz-300x176.jpg 300w, https:\/\/rozaria.pl\/blog\/wp-content\/uploads\/2023\/12\/kiedy_i_jak_przycinac_roze_ciecie_pnacych_roz-400x235.jpg 400w, https:\/\/rozaria.pl\/blog\/wp-content\/uploads\/2023\/12\/kiedy_i_jak_przycinac_roze_ciecie_pnacych_roz-600x352.jpg 600w, https:\/\/rozaria.pl\/blog\/wp-content\/uploads\/2023\/12\/kiedy_i_jak_przycinac_roze_ciecie_pnacych_roz-768x450.jpg 768w, https:\/\/rozaria.pl\/blog\/wp-content\/uploads\/2023\/12\/kiedy_i_jak_przycinac_roze_ciecie_pnacych_roz.jpg 800w\" sizes=\"(max-width: 300px) 100vw, 300px\" \/><\/a><p id=\"caption-attachment-4890\" class=\"wp-caption-text\">ci\u0119cie r\u00f3\u017cy pn\u0105cej<\/p><\/div>\n<h3>Idealne warunki do przycinania r\u00f3\u017cy pn\u0105cej<\/h3>\n<p style=\"text-align: justify;\">R\u00f3\u017ce pn\u0105ce najlepiej przycina\u0107 w ciep\u0142y, bezwietrzny dzien. Przy ci\u0119ciu nale\u017cy zostawia\u0107 p\u0119dy, kt\u00f3re rosn\u0105 na zewn\u0105trz krzewu, kt\u00f3re s\u0105 mocne i zdrowe. Obserwujemy oczywi\u015bcie prognoz\u0119 pogody na kolejne dni, nie powinny wyst\u0105pi\u0107 mocne przymrozki tu\u017c po ci\u0119ciu, gdy\u017c \u015bwie\u017ce rany i \u015bwie\u017co przyci\u0119te p\u0119dy, mog\u0105 zosta\u0107 wtedy uszkodzone.<\/p>\n<h3>Czy kwitnienie r\u00f3\u017cy pn\u0105cej jest zale\u017cne od ci\u0119cia?<\/h3>\n<p style=\"text-align: justify;\">W\u0142a\u015bciwe ci\u0119cie r\u00f3\u017c pn\u0105cych ma du\u017cy wp\u0142yw na ich kwitnienie. Dzi\u0119ki temu krzewy r\u00f3\u017c pn\u0105cych staj\u0105 si\u0119 bardziej odporne na choroby i mog\u0105 skupi\u0107 si\u0119 na produkcji kwiat\u00f3w. Z\u0142e ci\u0119cie, usuni\u0119cie p\u0119d\u00f3w, kt\u00f3re maj\u0105 wyprodukowa\u0107 p\u0105ki kwiatowe oczywi\u015bcie znacznie ograniczy kwitnienie w danym roku. Czasem przeprowadzaj\u0105c odm\u0142adzanie krzewu, lub radykalne ci\u0119cie po przemarzni\u0119ciu ro\u015bliny spowoduje brak kwitnienia. Brak kwiat\u00f3w charakteryzuje r\u00f3wnie\u017c m\u0142ode sadzonki w pierwszym roku po posadzeniu, nie jest to b\u0142\u0105d szk\u00f3\u0142ki, ani b\u0142\u0105d w piel\u0119gnacji, po prostu na kwiaty nale\u017cy zaczeka\u0107 do kolejnego sezonu na p\u0119dy min. dwuletnie.<\/p>\n<h2>R\u00f3\u017ce parkowe, w tym angielskie: specyfika ci\u0119cia<\/h2>\n<p style=\"text-align: justify;\">Ze wzgl\u0119du na charakter pokroju i wzrost najcz\u0119\u015bciej r\u00f3\u017ce dzielimy na dwie grupy &#8211; o pokroju krzewiastym, intensywnie i wysoko rosn\u0105ce od 1,5 do 3m oraz krzewi\u0105ce si\u0119 silnie. Ci\u0119cie wiosenne ograniczamy do do usuni\u0119cia p\u0119d\u00f3w chorych, uszkodzonych, najstarszych.\u00a0 Krzewy silnie si\u0119 rozrastaj\u0105 i potrzebuj\u0105 du\u017co miejsca, a ci\u0119cie polega na przerzedzaniu p\u0119d\u00f3w, by mia\u0142y odpowiedni\u0105 cyrkulacj\u0119 powietrza, usuwaniu p\u0119d\u00f3w o 1\/3 d\u0142ugo\u015bci, tych, kt\u00f3re psuj\u0105 og\u00f3lny wygl\u0105d krzewu. Na krzewach w pe\u0142ni dojrza\u0142ych co 2, 3 lata przeprowadzamy ci\u0119cie odm\u0142adzaj\u0105ce, podczas kt\u00f3rego usuwamy u podstawy najstarsze p\u0119dy, by zwolni\u0107 miejsce dla nowych silnych przyrost\u00f3w.<\/p>\n<p>Druga grupa r\u00f3\u017c pn\u0105cych, to bardziej wsp\u00f3\u0142czesne odmiany r\u00f3\u017c, zaliczamy do nich grup\u0119 <a href=\"https:\/\/rozaria.pl\/roze-angielskie\">r\u00f3\u017c angielskich<\/a>, s\u0105 to r\u00f3\u017ce parkowe o rosn\u0105ce ni\u017cej od 1 m do 1,5m, cz\u0119sto mniej rozga\u0142\u0119zione o mniej zwartym pokroju. Odmiany te tniemy nieco silniej ni\u0107 poprzedni\u0105 grup\u0119. Naszym celem jest otrzyma\u0107 du\u017co mocnych p\u0119d\u00f3w z kwiatami oraz regularnie odm\u0142adza\u0107 krzew. Prze\u015bwietlaj\u0105c krzew wycinamy najstarsze p\u0119dy, pozosta\u0142e p\u0119dy g\u0142\u00f3wne skracamy o 1\/3 wysoko\u015bci, p\u0119dy boczne kr\u00f3cej, a najdrobniejsze i najs\u0142absze usuwamy ca\u0142kowicie.<\/p>\n<h2>R\u00f3\u017ce na pniu: jak je ci\u0105\u0107 i piel\u0119gnowa\u0107<\/h2>\n<div id=\"attachment_4891\" style=\"width: 310px\" class=\"wp-caption alignleft\"><a href=\"https:\/\/rozaria.pl\/blog\/wp-content\/uploads\/2023\/12\/kiedy_i_jak_przycinac_roze_ciecie_piennych_roz.jpg\"><img loading=\"lazy\" decoding=\"async\" aria-describedby=\"caption-attachment-4891\" class=\"wp-image-4891 size-medium\" src=\"https:\/\/rozaria.pl\/blog\/wp-content\/uploads\/2023\/12\/kiedy_i_jak_przycinac_roze_ciecie_piennych_roz-300x197.jpg\" alt=\"kiedy i jak przycina\u0107 r\u00f3\u017ce pienne. Przycinanie r\u00f3\u017c: Jak i kiedy prawid\u0142owo ci\u0105\u0107 r\u00f3\u017cne odmiany\" width=\"300\" height=\"197\" srcset=\"https:\/\/rozaria.pl\/blog\/wp-content\/uploads\/2023\/12\/kiedy_i_jak_przycinac_roze_ciecie_piennych_roz-150x98.jpg 150w, https:\/\/rozaria.pl\/blog\/wp-content\/uploads\/2023\/12\/kiedy_i_jak_przycinac_roze_ciecie_piennych_roz-200x131.jpg 200w, https:\/\/rozaria.pl\/blog\/wp-content\/uploads\/2023\/12\/kiedy_i_jak_przycinac_roze_ciecie_piennych_roz-300x197.jpg 300w, https:\/\/rozaria.pl\/blog\/wp-content\/uploads\/2023\/12\/kiedy_i_jak_przycinac_roze_ciecie_piennych_roz-400x263.jpg 400w, https:\/\/rozaria.pl\/blog\/wp-content\/uploads\/2023\/12\/kiedy_i_jak_przycinac_roze_ciecie_piennych_roz-600x394.jpg 600w, https:\/\/rozaria.pl\/blog\/wp-content\/uploads\/2023\/12\/kiedy_i_jak_przycinac_roze_ciecie_piennych_roz-768x504.jpg 768w, https:\/\/rozaria.pl\/blog\/wp-content\/uploads\/2023\/12\/kiedy_i_jak_przycinac_roze_ciecie_piennych_roz.jpg 800w\" sizes=\"(max-width: 300px) 100vw, 300px\" \/><\/a><p id=\"caption-attachment-4891\" class=\"wp-caption-text\">ci\u0119cie r\u00f3\u017cy piennej (sztamowej) o kopu\u0142owym pokroju<\/p><\/div>\n<p style=\"text-align: justify;\">Przycinanie r\u00f3\u017cy piennych wymaga specyficznej wiedzy i do\u015bwiadczenia. Ci\u0119cia r\u00f3\u017c piennych nale\u017cy przeprowadza\u0107 z zachowaniem szczeg\u00f3lnych zasad, kt\u00f3re opisujemy poni\u017cej.<\/p>\n<h3>Przycinanie r\u00f3\u017c na pniu: podstawowe zasady<\/h3>\n<p style=\"text-align: justify;\">Ci\u0119cie r\u00f3\u017c piennych jest zabiegiem piel\u0119gnacyjnym, kt\u00f3ry wyd\u0142u\u017ca \u017cywotno\u015b\u0107 ro\u015blin i poprawia ich wygl\u0105d. Ci\u0119cie r\u00f3\u017c przeprowadzamy w spos\u00f3b podobny do ci\u0119cia krzew\u00f3w r\u00f3\u017c, usuwaj\u0105c p\u0119dy chore i s\u0142absze. Odmiany, kt\u00f3re zostaj\u0105 zaokulizowane na pniu nale\u017c\u0105 do grup r\u00f3\u017c wielkokwiatowych, rabatowych okrywowych lub pn\u0105cych. Uog\u00f3lniaj\u0105c ich korony b\u0119d\u0105 formowa\u0107 si\u0119 w kul\u0119 &#8211; <a href=\"https:\/\/rozaria.pl\/roze-na-pniu-kopulowe\">r\u00f3\u017ce pienne kopu\u0142owe<\/a> lub przybiera\u0107 formy p\u0142acz\u0105ce, w przypadku r\u00f3\u017c pn\u0105cych lub okrywowych, a wi\u0119c r\u00f3\u017c o p\u0119dach wiotkich i cienkich, kt\u00f3rych pe\u0142ne grona kwiatowe przewieszaj\u0105 si\u0119 pod ci\u0119\u017carem kwiat\u00f3w &#8211; <a href=\"https:\/\/rozaria.pl\/roze-na-pniu-zwisajace\">r\u00f3\u017ce pienne kaskadowe<\/a>. R\u00f3\u017ce wyprowadzane ze zraz\u00f3w odmian wielokwiatowych oraz wielkokwiatowych formujemy wiosn\u0105 przycinaj\u0105c korony do 1\/3 ich d\u0142ugo\u015bci. W przypadku r\u00f3\u017c piennych p\u0142acz\u0105cych nie wykonujemy tak radykalnego ci\u0119cia. Usuwamy stare przekwitni\u0119te p\u0119dy, pozostawiamy m\u0142ode przyrosty.<\/p>\n<h3>Piel\u0119gnacja r\u00f3\u017c piennych po przyci\u0119ciu<\/h3>\n<p style=\"text-align: justify;\">Po przyci\u0119ciu r\u00f3\u017cy piennej, nale\u017cy zadba\u0107 o jej dalsz\u0105 piel\u0119gnacj\u0119. Szczeg\u00f3lnie wa\u017cne jest odpowiednie nawodnienie ro\u015bliny, dostarczanie sk\u0142adnik\u00f3w pokarmowych i ochrona przed szkodnikami.<\/p>\n<h3>Co robi\u0107, kiedy r\u00f3\u017ca pienna nie ro\u015bnie po przyci\u0119ciu?<\/h3>\n<p style=\"text-align: justify;\">Je\u015bli po przyci\u0119ciu r\u00f3\u017ca pienna nie ro\u015bnie, mo\u017ce to \u015bwiadczy\u0107 o nieprawid\u0142owym ci\u0119ciu lub innym problemie. Najwa\u017cniejsze, to dostarczy\u0107 odpowiedni\u0105 ilo\u015b\u0107 wody, sk\u0142adnik\u00f3w pokarmowych oraz sprawdzi\u0107 i wykluczy\u0107 owady, kt\u00f3re mog\u0105 uszkadza\u0107 zawi\u0105zki p\u0119d\u00f3w kwiatowych.<\/p>\n<h2>Najcz\u0119\u015bciej pope\u0142niane b\u0142\u0119dy podczas przycinania r\u00f3\u017c<a href=\"https:\/\/rozaria.pl\/blog\/wp-content\/uploads\/2023\/12\/kiedy_i_jak_przycinac_roze_ciecie_sekator.jpg\"><img loading=\"lazy\" decoding=\"async\" class=\"alignright wp-image-4895 size-medium\" src=\"https:\/\/rozaria.pl\/blog\/wp-content\/uploads\/2023\/12\/kiedy_i_jak_przycinac_roze_ciecie_sekator-300x200.jpg\" alt=\"ci\u0119cie r\u00f3\u017ce\" width=\"300\" height=\"200\" srcset=\"https:\/\/rozaria.pl\/blog\/wp-content\/uploads\/2023\/12\/kiedy_i_jak_przycinac_roze_ciecie_sekator-150x100.jpg 150w, https:\/\/rozaria.pl\/blog\/wp-content\/uploads\/2023\/12\/kiedy_i_jak_przycinac_roze_ciecie_sekator-200x134.jpg 200w, https:\/\/rozaria.pl\/blog\/wp-content\/uploads\/2023\/12\/kiedy_i_jak_przycinac_roze_ciecie_sekator-300x200.jpg 300w, https:\/\/rozaria.pl\/blog\/wp-content\/uploads\/2023\/12\/kiedy_i_jak_przycinac_roze_ciecie_sekator-400x267.jpg 400w, https:\/\/rozaria.pl\/blog\/wp-content\/uploads\/2023\/12\/kiedy_i_jak_przycinac_roze_ciecie_sekator-600x401.jpg 600w, https:\/\/rozaria.pl\/blog\/wp-content\/uploads\/2023\/12\/kiedy_i_jak_przycinac_roze_ciecie_sekator-768x513.jpg 768w, https:\/\/rozaria.pl\/blog\/wp-content\/uploads\/2023\/12\/kiedy_i_jak_przycinac_roze_ciecie_sekator.jpg 800w\" sizes=\"(max-width: 300px) 100vw, 300px\" \/><\/a><\/h2>\n<p style=\"text-align: justify;\">Podczas przycinania r\u00f3\u017c \u0142atwo jest pope\u0142ni\u0107 b\u0142\u0119dy, kt\u00f3re mog\u0105 zaszkodzi\u0107 ro\u015blinie. Wymieniamy poni\u017cej najcz\u0119\u015bciej pope\u0142niane b\u0142\u0119dy w ci\u0119ciu r\u00f3\u017c.<\/p>\n<h3>Dlaczego nie wolno przycina\u0107 r\u00f3\u017cy zbyt kr\u00f3tko?<\/h3>\n<p style=\"text-align: justify;\">Przycinanie r\u00f3\u017cy na zbyt kr\u00f3tko mo\u017ce zaszkodzi\u0107 ro\u015blinie, poniewa\u017c usuni\u0119te zostaj\u0105 nie tylko stare i chore p\u0119dy, ale r\u00f3wnie\u017c m\u0142ode i zdrowe. Lepiej jest ci\u0105\u0107 r\u00f3\u017ce umiarkowanie, aby zachowa\u0107 ich zdrowie i pi\u0119kno.<\/p>\n<h3>Czy przycinanie r\u00f3\u017cy podczas mrozu jest szkodliwe?<\/h3>\n<p style=\"text-align: justify;\">Przycinanie r\u00f3\u017cy podczas mrozu jest zdecydowanie niewskazane, poniewa\u017c mo\u017ce to spowodowa\u0107 zamro\u017cenie otwartych ran i uszkodzenie ro\u015bliny. Lepiej jest poczeka\u0107 na ciep\u0142e dni na wiosn\u0119, kiedy temperatura powietrza jest odpowiednia do ci\u0119cia ro\u015blin. Zawsze nale\u017cy sprawdzi\u0107 prognozy temperatury na kolejne dni je\u015bli w danym momencie planujemy rozpocz\u0105\u0107 ci\u0119cie.<\/p>\n<h3>Co zrobi\u0107, je\u017celi uszkodzili\u015bmy r\u00f3\u017c\u0119 podczas przycinania?<\/h3>\n<p style=\"text-align: justify;\">Je\u015bli uszkodzili\u015bmy r\u00f3\u017c\u0119 podczas przycinania, wa\u017cne jest, aby jak najszybciej podj\u0105\u0107 dzia\u0142ania, aby zminimalizowa\u0107 szkody. Najlepiej pokry\u0107 ran\u0119 specjalnym preparatem ochronnym, kt\u00f3ry przyspieszy gojenie i chroni ro\u015blin\u0119 przed infekcjami. Najpro\u015bciej zapyta\u0107 w sklepie ogrodniczym o ma\u015b\u0107 ogrodnicz\u0105. ewentualnie dokona\u0107 ci\u0119cia r\u00f3\u017cy poni\u017cej miejsca uszkodzenia.<\/p>\n<p style=\"text-align: justify;\">W opracowaniu poruszyli\u015bmy temat g\u0142\u00f3wnego terminu oraz charakteru g\u0142\u00f3wnego ci\u0119cia r\u00f3\u017canych krzew\u00f3w. Nie zapominajmy o ci\u0119ciu w trakcie sezonu, ale dotyczy ono ju\u017c tylko usuwania przekwitaj\u0105cych kwiatostan\u00f3w. Jest r\u00f3wnie\u017c niezwykle wa\u017cne, bo prowokuje krzewy do szybszego i powt\u00f3rnego kwitni\u0119cia w sezonie. Je\u015bli kto\u015b chcia\u0142by zg\u0142\u0119bi\u0107 temat mocniej, zach\u0119camy do zapoznania si\u0119 z <a href=\"https:\/\/rozaria.pl\/blog\/roze-ciecie\/\">innymi materia\u0142ami na naszym blogu<\/a>. Poszerzamy tam wiedz\u0119 na temat dobrego przygotowania si\u0119 do zabiegu i ci\u0119cia ka\u017cdej z grup r\u00f3\u017canych krzew\u00f3w.<\/p>\n<h3 style=\"text-align: justify;\"><\/h3>\n","protected":false},"excerpt":{"rendered":"<p>Przycinanie r\u00f3\u017c: Jak i kiedy prawid\u0142owo ci\u0105\u0107 r\u00f3\u017cne odmiany r\u00f3\u017c Ci\u0119cie r\u00f3\u017c, z pozoru i niekiedy trudne, jest kluczowym zabiegiem piel\u0119gnacyjnym, kt\u00f3ry pomaga utrzyma\u0107 zdrowie i pi\u0119kno ro\u015bliny. Celem tego artyku\u0142u jest wyja\u015bnienie, kiedy i jak przycina\u0107 r\u00f3\u017ce. O ile [&hellip;]<\/p>\n","protected":false},"author":1,"featured_media":4883,"comment_status":"open","ping_status":"open","sticky":false,"template":"","format":"standard","meta":{"_mi_skip_tracking":false,"_monsterinsights_sitenote_active":false,"_monsterinsights_sitenote_note":"","_monsterinsights_sitenote_category":0,"footnotes":""},"categories":[6,7],"tags":[27,26,57,17,99,9,25],"yoast_head":"<!-- This site is optimized with the Yoast SEO plugin v23.5 - https:\/\/yoast.com\/wordpress\/plugins\/seo\/ -->\n<title>kiedy i jak przycina\u0107 r\u00f3\u017ce - blog Rozaria.pl<\/title>\n<meta name=\"description\" content=\"Kiedy i jak przycina\u0107 r\u00f3\u017ce, kiedy rozpocz\u0105\u0107 najwa\u017cniejszy zabieg jakim jest ci\u0119cie i jak w\u0142a\u015bciwie ci\u0105\u0107 r\u00f3\u017cne grupy r\u00f3\u017c.\" \/>\n<meta name=\"robots\" content=\"index, follow, max-snippet:-1, max-image-preview:large, max-video-preview:-1\" \/>\n<link rel=\"canonical\" href=\"https:\/\/rozaria.pl\/blog\/kiedy-i-jak-przycinac-roze\/\" \/>\n<meta property=\"og:locale\" content=\"pl_PL\" \/>\n<meta property=\"og:type\" content=\"article\" \/>\n<meta property=\"og:title\" content=\"kiedy i jak przycina\u0107 r\u00f3\u017ce - blog Rozaria.pl\" \/>\n<meta property=\"og:description\" content=\"Kiedy i jak przycina\u0107 r\u00f3\u017ce, kiedy rozpocz\u0105\u0107 najwa\u017cniejszy zabieg jakim jest ci\u0119cie i jak w\u0142a\u015bciwie ci\u0105\u0107 r\u00f3\u017cne grupy r\u00f3\u017c.\" \/>\n<meta property=\"og:url\" content=\"https:\/\/rozaria.pl\/blog\/kiedy-i-jak-przycinac-roze\/\" \/>\n<meta property=\"og:site_name\" content=\"blog Rozaria.pl\" \/>\n<meta property=\"article:publisher\" content=\"https:\/\/www.facebook.com\/SzkolkaRozRozaria\/\" \/>\n<meta property=\"article:published_time\" content=\"2023-12-23T13:33:39+00:00\" \/>\n<meta property=\"article:modified_time\" content=\"2024-04-25T06:54:01+00:00\" \/>\n<meta property=\"og:image\" content=\"https:\/\/rozaria.pl\/blog\/wp-content\/uploads\/2023\/12\/kiedy_i_jak_przycinac_roze_ciecie-1.jpg\" \/>\n\t<meta property=\"og:image:width\" content=\"1024\" \/>\n\t<meta property=\"og:image:height\" content=\"576\" \/>\n\t<meta property=\"og:image:type\" content=\"image\/jpeg\" \/>\n<meta name=\"author\" content=\"Rozaria.pl\" \/>\n<meta name=\"twitter:card\" content=\"summary_large_image\" \/>\n<meta name=\"twitter:creator\" content=\"@SzkolkaRozaria\" \/>\n<meta name=\"twitter:site\" content=\"@SzkolkaRozaria\" \/>\n<meta name=\"twitter:label1\" content=\"Napisane przez\" \/>\n\t<meta name=\"twitter:data1\" content=\"Rozaria.pl\" \/>\n\t<meta name=\"twitter:label2\" content=\"Szacowany czas czytania\" \/>\n\t<meta name=\"twitter:data2\" content=\"13 minut\" \/>\n<script type=\"application\/ld+json\" class=\"yoast-schema-graph\">{\"@context\":\"https:\/\/schema.org\",\"@graph\":[{\"@type\":\"Article\",\"@id\":\"https:\/\/rozaria.pl\/blog\/kiedy-i-jak-przycinac-roze\/#article\",\"isPartOf\":{\"@id\":\"https:\/\/rozaria.pl\/blog\/kiedy-i-jak-przycinac-roze\/\"},\"author\":{\"name\":\"Rozaria.pl\",\"@id\":\"https:\/\/rozaria.pl\/blog\/#\/schema\/person\/31b3805d5058ea1cffed1d8efb6e2513\"},\"headline\":\"kiedy i jak przycina\u0107 r\u00f3\u017ce\",\"datePublished\":\"2023-12-23T13:33:39+00:00\",\"dateModified\":\"2024-04-25T06:54:01+00:00\",\"mainEntityOfPage\":{\"@id\":\"https:\/\/rozaria.pl\/blog\/kiedy-i-jak-przycinac-roze\/\"},\"wordCount\":2302,\"commentCount\":0,\"publisher\":{\"@id\":\"https:\/\/rozaria.pl\/blog\/#organization\"},\"image\":{\"@id\":\"https:\/\/rozaria.pl\/blog\/kiedy-i-jak-przycinac-roze\/#primaryimage\"},\"thumbnailUrl\":\"https:\/\/rozaria.pl\/blog\/wp-content\/uploads\/2023\/12\/kiedy_i_jak_przycinac_roze_ciecie-1.jpg\",\"keywords\":[\"jak pielegnowa\u0107 r\u00f3\u017ce\",\"kiedy przycina\u0107 r\u00f3\u017ce\",\"porz\u0105dki w\u015br\u00f3d r\u00f3\u017c\",\"r\u00f3\u017ce ci\u0119cie\",\"r\u00f3\u017ce na pniu\",\"r\u00f3\u017ce pienne\",\"r\u00f3\u017ce przycinanie\"],\"articleSection\":[\"Piel\u0119gnacja\",\"Uprawa\"],\"inLanguage\":\"pl-PL\",\"potentialAction\":[{\"@type\":\"CommentAction\",\"name\":\"Comment\",\"target\":[\"https:\/\/rozaria.pl\/blog\/kiedy-i-jak-przycinac-roze\/#respond\"]}]},{\"@type\":\"WebPage\",\"@id\":\"https:\/\/rozaria.pl\/blog\/kiedy-i-jak-przycinac-roze\/\",\"url\":\"https:\/\/rozaria.pl\/blog\/kiedy-i-jak-przycinac-roze\/\",\"name\":\"kiedy i jak przycina\u0107 r\u00f3\u017ce - blog Rozaria.pl\",\"isPartOf\":{\"@id\":\"https:\/\/rozaria.pl\/blog\/#website\"},\"primaryImageOfPage\":{\"@id\":\"https:\/\/rozaria.pl\/blog\/kiedy-i-jak-przycinac-roze\/#primaryimage\"},\"image\":{\"@id\":\"https:\/\/rozaria.pl\/blog\/kiedy-i-jak-przycinac-roze\/#primaryimage\"},\"thumbnailUrl\":\"https:\/\/rozaria.pl\/blog\/wp-content\/uploads\/2023\/12\/kiedy_i_jak_przycinac_roze_ciecie-1.jpg\",\"datePublished\":\"2023-12-23T13:33:39+00:00\",\"dateModified\":\"2024-04-25T06:54:01+00:00\",\"description\":\"Kiedy i jak przycina\u0107 r\u00f3\u017ce, kiedy rozpocz\u0105\u0107 najwa\u017cniejszy zabieg jakim jest ci\u0119cie i jak w\u0142a\u015bciwie ci\u0105\u0107 r\u00f3\u017cne grupy r\u00f3\u017c.\",\"breadcrumb\":{\"@id\":\"https:\/\/rozaria.pl\/blog\/kiedy-i-jak-przycinac-roze\/#breadcrumb\"},\"inLanguage\":\"pl-PL\",\"potentialAction\":[{\"@type\":\"ReadAction\",\"target\":[\"https:\/\/rozaria.pl\/blog\/kiedy-i-jak-przycinac-roze\/\"]}]},{\"@type\":\"ImageObject\",\"inLanguage\":\"pl-PL\",\"@id\":\"https:\/\/rozaria.pl\/blog\/kiedy-i-jak-przycinac-roze\/#primaryimage\",\"url\":\"https:\/\/rozaria.pl\/blog\/wp-content\/uploads\/2023\/12\/kiedy_i_jak_przycinac_roze_ciecie-1.jpg\",\"contentUrl\":\"https:\/\/rozaria.pl\/blog\/wp-content\/uploads\/2023\/12\/kiedy_i_jak_przycinac_roze_ciecie-1.jpg\",\"width\":1024,\"height\":576},{\"@type\":\"BreadcrumbList\",\"@id\":\"https:\/\/rozaria.pl\/blog\/kiedy-i-jak-przycinac-roze\/#breadcrumb\",\"itemListElement\":[{\"@type\":\"ListItem\",\"position\":1,\"name\":\"Strona g\u0142\u00f3wna\",\"item\":\"https:\/\/rozaria.pl\/blog\/\"},{\"@type\":\"ListItem\",\"position\":2,\"name\":\"kiedy i jak przycina\u0107 r\u00f3\u017ce\"}]},{\"@type\":\"WebSite\",\"@id\":\"https:\/\/rozaria.pl\/blog\/#website\",\"url\":\"https:\/\/rozaria.pl\/blog\/\",\"name\":\"blog Rozaria.pl\",\"description\":\"Porozmawiajmy o r\u00f3\u017cach, o wszystkich sprawach\",\"publisher\":{\"@id\":\"https:\/\/rozaria.pl\/blog\/#organization\"},\"potentialAction\":[{\"@type\":\"SearchAction\",\"target\":{\"@type\":\"EntryPoint\",\"urlTemplate\":\"https:\/\/rozaria.pl\/blog\/?s={search_term_string}\"},\"query-input\":{\"@type\":\"PropertyValueSpecification\",\"valueRequired\":true,\"valueName\":\"search_term_string\"}}],\"inLanguage\":\"pl-PL\"},{\"@type\":\"Organization\",\"@id\":\"https:\/\/rozaria.pl\/blog\/#organization\",\"name\":\"Szk\u00f3\u0142ka R\u00f3\u017c Rozaria\",\"url\":\"https:\/\/rozaria.pl\/blog\/\",\"logo\":{\"@type\":\"ImageObject\",\"inLanguage\":\"pl-PL\",\"@id\":\"https:\/\/rozaria.pl\/blog\/#\/schema\/logo\/image\/\",\"url\":\"https:\/\/rozaria.pl\/blog\/wp-content\/uploads\/2016\/12\/logo_dla-rozaria.png\",\"contentUrl\":\"https:\/\/rozaria.pl\/blog\/wp-content\/uploads\/2016\/12\/logo_dla-rozaria.png\",\"width\":400,\"height\":166,\"caption\":\"Szk\u00f3\u0142ka R\u00f3\u017c Rozaria\"},\"image\":{\"@id\":\"https:\/\/rozaria.pl\/blog\/#\/schema\/logo\/image\/\"},\"sameAs\":[\"https:\/\/www.facebook.com\/SzkolkaRozRozaria\/\",\"https:\/\/x.com\/SzkolkaRozaria\",\"https:\/\/www.youtube.com\/channel\/UCguKKBc7F06eYM1tzYx1Z5A\"]},{\"@type\":\"Person\",\"@id\":\"https:\/\/rozaria.pl\/blog\/#\/schema\/person\/31b3805d5058ea1cffed1d8efb6e2513\",\"name\":\"Rozaria.pl\",\"image\":{\"@type\":\"ImageObject\",\"inLanguage\":\"pl-PL\",\"@id\":\"https:\/\/rozaria.pl\/blog\/#\/schema\/person\/image\/\",\"url\":\"https:\/\/secure.gravatar.com\/avatar\/36c7e4b15b333b9fb573f9e54e7fcf52?s=96&d=mm&r=g\",\"contentUrl\":\"https:\/\/secure.gravatar.com\/avatar\/36c7e4b15b333b9fb573f9e54e7fcf52?s=96&d=mm&r=g\",\"caption\":\"Rozaria.pl\"},\"sameAs\":[\"https:\/\/www.rozaria.pl\",\"https:\/\/www.youtube.com\/channel\/UCguKKBc7F06eYM1tzYx1Z5A\"],\"url\":\"https:\/\/rozaria.pl\/blog\/author\/1rozanka\/\"}]}<\/script>\n<!-- \/ Yoast SEO plugin. -->","yoast_head_json":{"title":"kiedy i jak przycina\u0107 r\u00f3\u017ce - blog Rozaria.pl","description":"Kiedy i jak przycina\u0107 r\u00f3\u017ce, kiedy rozpocz\u0105\u0107 najwa\u017cniejszy zabieg jakim jest ci\u0119cie i jak w\u0142a\u015bciwie ci\u0105\u0107 r\u00f3\u017cne grupy r\u00f3\u017c.","robots":{"index":"index","follow":"follow","max-snippet":"max-snippet:-1","max-image-preview":"max-image-preview:large","max-video-preview":"max-video-preview:-1"},"canonical":"https:\/\/rozaria.pl\/blog\/kiedy-i-jak-przycinac-roze\/","og_locale":"pl_PL","og_type":"article","og_title":"kiedy i jak przycina\u0107 r\u00f3\u017ce - blog Rozaria.pl","og_description":"Kiedy i jak przycina\u0107 r\u00f3\u017ce, kiedy rozpocz\u0105\u0107 najwa\u017cniejszy zabieg jakim jest ci\u0119cie i jak w\u0142a\u015bciwie ci\u0105\u0107 r\u00f3\u017cne grupy r\u00f3\u017c.","og_url":"https:\/\/rozaria.pl\/blog\/kiedy-i-jak-przycinac-roze\/","og_site_name":"blog Rozaria.pl","article_publisher":"https:\/\/www.facebook.com\/SzkolkaRozRozaria\/","article_published_time":"2023-12-23T13:33:39+00:00","article_modified_time":"2024-04-25T06:54:01+00:00","og_image":[{"width":1024,"height":576,"url":"https:\/\/rozaria.pl\/blog\/wp-content\/uploads\/2023\/12\/kiedy_i_jak_przycinac_roze_ciecie-1.jpg","type":"image\/jpeg"}],"author":"Rozaria.pl","twitter_card":"summary_large_image","twitter_creator":"@SzkolkaRozaria","twitter_site":"@SzkolkaRozaria","twitter_misc":{"Napisane przez":"Rozaria.pl","Szacowany czas czytania":"13 minut"},"schema":{"@context":"https:\/\/schema.org","@graph":[{"@type":"Article","@id":"https:\/\/rozaria.pl\/blog\/kiedy-i-jak-przycinac-roze\/#article","isPartOf":{"@id":"https:\/\/rozaria.pl\/blog\/kiedy-i-jak-przycinac-roze\/"},"author":{"name":"Rozaria.pl","@id":"https:\/\/rozaria.pl\/blog\/#\/schema\/person\/31b3805d5058ea1cffed1d8efb6e2513"},"headline":"kiedy i jak przycina\u0107 r\u00f3\u017ce","datePublished":"2023-12-23T13:33:39+00:00","dateModified":"2024-04-25T06:54:01+00:00","mainEntityOfPage":{"@id":"https:\/\/rozaria.pl\/blog\/kiedy-i-jak-przycinac-roze\/"},"wordCount":2302,"commentCount":0,"publisher":{"@id":"https:\/\/rozaria.pl\/blog\/#organization"},"image":{"@id":"https:\/\/rozaria.pl\/blog\/kiedy-i-jak-przycinac-roze\/#primaryimage"},"thumbnailUrl":"https:\/\/rozaria.pl\/blog\/wp-content\/uploads\/2023\/12\/kiedy_i_jak_przycinac_roze_ciecie-1.jpg","keywords":["jak pielegnowa\u0107 r\u00f3\u017ce","kiedy przycina\u0107 r\u00f3\u017ce","porz\u0105dki w\u015br\u00f3d r\u00f3\u017c","r\u00f3\u017ce ci\u0119cie","r\u00f3\u017ce na pniu","r\u00f3\u017ce pienne","r\u00f3\u017ce przycinanie"],"articleSection":["Piel\u0119gnacja","Uprawa"],"inLanguage":"pl-PL","potentialAction":[{"@type":"CommentAction","name":"Comment","target":["https:\/\/rozaria.pl\/blog\/kiedy-i-jak-przycinac-roze\/#respond"]}]},{"@type":"WebPage","@id":"https:\/\/rozaria.pl\/blog\/kiedy-i-jak-przycinac-roze\/","url":"https:\/\/rozaria.pl\/blog\/kiedy-i-jak-przycinac-roze\/","name":"kiedy i jak przycina\u0107 r\u00f3\u017ce - blog Rozaria.pl","isPartOf":{"@id":"https:\/\/rozaria.pl\/blog\/#website"},"primaryImageOfPage":{"@id":"https:\/\/rozaria.pl\/blog\/kiedy-i-jak-przycinac-roze\/#primaryimage"},"image":{"@id":"https:\/\/rozaria.pl\/blog\/kiedy-i-jak-przycinac-roze\/#primaryimage"},"thumbnailUrl":"https:\/\/rozaria.pl\/blog\/wp-content\/uploads\/2023\/12\/kiedy_i_jak_przycinac_roze_ciecie-1.jpg","datePublished":"2023-12-23T13:33:39+00:00","dateModified":"2024-04-25T06:54:01+00:00","description":"Kiedy i jak przycina\u0107 r\u00f3\u017ce, kiedy rozpocz\u0105\u0107 najwa\u017cniejszy zabieg jakim jest ci\u0119cie i jak w\u0142a\u015bciwie ci\u0105\u0107 r\u00f3\u017cne grupy r\u00f3\u017c.","breadcrumb":{"@id":"https:\/\/rozaria.pl\/blog\/kiedy-i-jak-przycinac-roze\/#breadcrumb"},"inLanguage":"pl-PL","potentialAction":[{"@type":"ReadAction","target":["https:\/\/rozaria.pl\/blog\/kiedy-i-jak-przycinac-roze\/"]}]},{"@type":"ImageObject","inLanguage":"pl-PL","@id":"https:\/\/rozaria.pl\/blog\/kiedy-i-jak-przycinac-roze\/#primaryimage","url":"https:\/\/rozaria.pl\/blog\/wp-content\/uploads\/2023\/12\/kiedy_i_jak_przycinac_roze_ciecie-1.jpg","contentUrl":"https:\/\/rozaria.pl\/blog\/wp-content\/uploads\/2023\/12\/kiedy_i_jak_przycinac_roze_ciecie-1.jpg","width":1024,"height":576},{"@type":"BreadcrumbList","@id":"https:\/\/rozaria.pl\/blog\/kiedy-i-jak-przycinac-roze\/#breadcrumb","itemListElement":[{"@type":"ListItem","position":1,"name":"Strona g\u0142\u00f3wna","item":"https:\/\/rozaria.pl\/blog\/"},{"@type":"ListItem","position":2,"name":"kiedy i jak przycina\u0107 r\u00f3\u017ce"}]},{"@type":"WebSite","@id":"https:\/\/rozaria.pl\/blog\/#website","url":"https:\/\/rozaria.pl\/blog\/","name":"blog Rozaria.pl","description":"Porozmawiajmy o r\u00f3\u017cach, o wszystkich sprawach","publisher":{"@id":"https:\/\/rozaria.pl\/blog\/#organization"},"potentialAction":[{"@type":"SearchAction","target":{"@type":"EntryPoint","urlTemplate":"https:\/\/rozaria.pl\/blog\/?s={search_term_string}"},"query-input":{"@type":"PropertyValueSpecification","valueRequired":true,"valueName":"search_term_string"}}],"inLanguage":"pl-PL"},{"@type":"Organization","@id":"https:\/\/rozaria.pl\/blog\/#organization","name":"Szk\u00f3\u0142ka R\u00f3\u017c Rozaria","url":"https:\/\/rozaria.pl\/blog\/","logo":{"@type":"ImageObject","inLanguage":"pl-PL","@id":"https:\/\/rozaria.pl\/blog\/#\/schema\/logo\/image\/","url":"https:\/\/rozaria.pl\/blog\/wp-content\/uploads\/2016\/12\/logo_dla-rozaria.png","contentUrl":"https:\/\/rozaria.pl\/blog\/wp-content\/uploads\/2016\/12\/logo_dla-rozaria.png","width":400,"height":166,"caption":"Szk\u00f3\u0142ka R\u00f3\u017c Rozaria"},"image":{"@id":"https:\/\/rozaria.pl\/blog\/#\/schema\/logo\/image\/"},"sameAs":["https:\/\/www.facebook.com\/SzkolkaRozRozaria\/","https:\/\/x.com\/SzkolkaRozaria","https:\/\/www.youtube.com\/channel\/UCguKKBc7F06eYM1tzYx1Z5A"]},{"@type":"Person","@id":"https:\/\/rozaria.pl\/blog\/#\/schema\/person\/31b3805d5058ea1cffed1d8efb6e2513","name":"Rozaria.pl","image":{"@type":"ImageObject","inLanguage":"pl-PL","@id":"https:\/\/rozaria.pl\/blog\/#\/schema\/person\/image\/","url":"https:\/\/secure.gravatar.com\/avatar\/36c7e4b15b333b9fb573f9e54e7fcf52?s=96&d=mm&r=g","contentUrl":"https:\/\/secure.gravatar.com\/avatar\/36c7e4b15b333b9fb573f9e54e7fcf52?s=96&d=mm&r=g","caption":"Rozaria.pl"},"sameAs":["https:\/\/www.rozaria.pl","https:\/\/www.youtube.com\/channel\/UCguKKBc7F06eYM1tzYx1Z5A"],"url":"https:\/\/rozaria.pl\/blog\/author\/1rozanka\/"}]}},"_links":{"self":[{"href":"https:\/\/rozaria.pl\/blog\/wp-json\/wp\/v2\/posts\/4847"}],"collection":[{"href":"https:\/\/rozaria.pl\/blog\/wp-json\/wp\/v2\/posts"}],"about":[{"href":"https:\/\/rozaria.pl\/blog\/wp-json\/wp\/v2\/types\/post"}],"author":[{"embeddable":true,"href":"https:\/\/rozaria.pl\/blog\/wp-json\/wp\/v2\/users\/1"}],"replies":[{"embeddable":true,"href":"https:\/\/rozaria.pl\/blog\/wp-json\/wp\/v2\/comments?post=4847"}],"version-history":[{"count":26,"href":"https:\/\/rozaria.pl\/blog\/wp-json\/wp\/v2\/posts\/4847\/revisions"}],"predecessor-version":[{"id":5688,"href":"https:\/\/rozaria.pl\/blog\/wp-json\/wp\/v2\/posts\/4847\/revisions\/5688"}],"wp:featuredmedia":[{"embeddable":true,"href":"https:\/\/rozaria.pl\/blog\/wp-json\/wp\/v2\/media\/4883"}],"wp:attachment":[{"href":"https:\/\/rozaria.pl\/blog\/wp-json\/wp\/v2\/media?parent=4847"}],"wp:term":[{"taxonomy":"category","embeddable":true,"href":"https:\/\/rozaria.pl\/blog\/wp-json\/wp\/v2\/categories?post=4847"},{"taxonomy":"post_tag","embeddable":true,"href":"https:\/\/rozaria.pl\/blog\/wp-json\/wp\/v2\/tags?post=4847"}],"curies":[{"name":"wp","href":"https:\/\/api.w.org\/{rel}","templated":true}]}}