{"id":464,"date":"2014-01-21T10:48:49","date_gmt":"2014-01-21T09:48:49","guid":{"rendered":"http:\/\/rozaria.pl\/blog\/?p=464"},"modified":"2015-02-27T00:08:33","modified_gmt":"2015-02-26T23:08:33","slug":"roze-rabatowe","status":"publish","type":"post","link":"https:\/\/rozaria.pl\/blog\/roze-rabatowe\/","title":{"rendered":"Troch\u0119 o kolorystyce rabat r\u00f3\u017canych"},"content":{"rendered":"<p style=\"text-align: justify;\"><a href=\"http:\/\/rozaria.pl\/blog\/wp-content\/uploads\/2014\/01\/zimne.jpg\"><img loading=\"lazy\" decoding=\"async\" class=\"alignleft size-medium wp-image-468\" style=\"border: 2px solid black; margin-left: 2px; margin-right: 2px;\" src=\"http:\/\/rozaria.pl\/blog\/wp-content\/uploads\/2014\/01\/zimne-300x225.jpg\" alt=\"zimne\" width=\"300\" height=\"225\" srcset=\"https:\/\/rozaria.pl\/blog\/wp-content\/uploads\/2014\/01\/zimne-150x112.jpg 150w, https:\/\/rozaria.pl\/blog\/wp-content\/uploads\/2014\/01\/zimne-200x150.jpg 200w, https:\/\/rozaria.pl\/blog\/wp-content\/uploads\/2014\/01\/zimne-300x225.jpg 300w, https:\/\/rozaria.pl\/blog\/wp-content\/uploads\/2014\/01\/zimne.jpg 800w\" sizes=\"(max-width: 300px) 100vw, 300px\" \/><\/a>Przy planowaniu nasadze\u0144 r\u00f3\u017c rabatowych szczeg\u00f3lnie wa\u017cny jest dob\u00f3r kolor\u00f3w. O ile w grupowych nasadzeniach przej\u015bcia kolor\u00f3w w wi\u0119kszo\u015bci \u0142agodz\u0105 inne grupy ro\u015blin, w pojedynczych nasadzeniach ka\u017cdy b\u0142\u0105d b\u0119dzie widoczny. Chcia\u0142abym ostrzec mi\u0142o\u015bnik\u00f3w r\u00f3\u017c przed pope\u0142nieniem powszechnego b\u0142\u0119du. Wiele os\u00f3b stara si\u0119 dobiera\u0107 r\u00f3\u017ce tak, by wszystkie kwiaty by\u0142y jednego koloru \u2013 tylko morelowe, tylko \u017c\u00f3\u0142te itp. Decyzja ta bynajmniej nie jest najlepsza. Podobnych do siebie gatunk\u00f3w jest du\u017co i gatunki jednego koloru posadzone obok siebie gubi\u0105 si\u0119 w og\u00f3lnej masie. Opr\u00f3cz tego, b\u0119dziecie stale je ze sob\u0105 por\u00f3wnywa\u0107. Ten jaskrawy, a tamten na jego tle wygl\u0105da jak sprany, wyp\u0142owia\u0142y, a tamten jakby zbyt szybko wyblak\u0142\u2026 A je\u015bli r\u00f3\u017ce s\u0105 jaskrawe (np. czerwone), to mo\u017cna lekko chybi\u0107 z odcieniem i posadzi\u0107 malinowo-czerwon\u0105 zimn\u0105 odmian\u0119 razem z ognisto pomara\u0144czowo-czerwonym odcieniem. W rezultacie nie zrobi to na nikim pozytywnego wra\u017cenia.<\/p>\n<p style=\"text-align: justify;\"><span style=\"font-size: small;\"><b>Ciep\u0142e i Zimne kolory r\u00f3\u017c<\/b><\/span><\/p>\n<div id=\"attachment_472\" style=\"width: 310px\" class=\"wp-caption alignright\"><a href=\"http:\/\/rozaria.pl\/blog\/wp-content\/uploads\/2014\/01\/Dark-Lady-Old-Port-Louise-Odier-Parade-Rosarium-Uetersen.jpg\"><img loading=\"lazy\" decoding=\"async\" aria-describedby=\"caption-attachment-472\" class=\"size-medium wp-image-472\" style=\"border: 2px solid black; margin-left: 2px; margin-right: 2px;\" src=\"http:\/\/rozaria.pl\/blog\/wp-content\/uploads\/2014\/01\/Dark-Lady-Old-Port-Louise-Odier-Parade-Rosarium-Uetersen-300x225.jpg\" alt=\"Dark Lady, Old Port, Louise Odier, Parade, Rosarium Uetersen\" width=\"300\" height=\"225\" srcset=\"https:\/\/rozaria.pl\/blog\/wp-content\/uploads\/2014\/01\/Dark-Lady-Old-Port-Louise-Odier-Parade-Rosarium-Uetersen-150x112.jpg 150w, https:\/\/rozaria.pl\/blog\/wp-content\/uploads\/2014\/01\/Dark-Lady-Old-Port-Louise-Odier-Parade-Rosarium-Uetersen-200x150.jpg 200w, https:\/\/rozaria.pl\/blog\/wp-content\/uploads\/2014\/01\/Dark-Lady-Old-Port-Louise-Odier-Parade-Rosarium-Uetersen-300x225.jpg 300w, https:\/\/rozaria.pl\/blog\/wp-content\/uploads\/2014\/01\/Dark-Lady-Old-Port-Louise-Odier-Parade-Rosarium-Uetersen.jpg 800w\" sizes=\"(max-width: 300px) 100vw, 300px\" \/><\/a><p id=\"caption-attachment-472\" class=\"wp-caption-text\">Od lewej: Dark Lady,<a title=\"roze rabatowe old port\" href=\"http:\/\/www.rozaria.pl\/roze-rabatowe-old-port\" target=\"_blank\"> Old Port<\/a>, <a title=\"R\u00f3\u017ca louise odier\" href=\"http:\/\/www.rozaria.pl\/roze-parkowe-louise-odier\" target=\"_blank\">Louise Odier<\/a>, Parade, <a title=\"roze rosarium\" href=\"http:\/\/www.rozaria.pl\/rozowe-roze-pnace-rosarium\" target=\"_blank\">Rosarium<\/a><\/p><\/div>\n<p style=\"text-align: justify;\"><a href=\"http:\/\/rozaria.pl\/blog\/wp-content\/uploads\/2014\/01\/ciep\u0142e.jpg\"><img loading=\"lazy\" decoding=\"async\" class=\"alignleft size-medium wp-image-477\" style=\"border: 2px solid black; margin-left: 2px; margin-right: 2px;\" title=\"r\u00f3\u017ce rabatowe ciep\u0142e\" src=\"http:\/\/rozaria.pl\/blog\/wp-content\/uploads\/2014\/01\/ciep\u0142e-225x300.jpg\" alt=\"r\u00f3\u017ce rabatowe ciep\u0142e\" width=\"225\" height=\"300\" srcset=\"https:\/\/rozaria.pl\/blog\/wp-content\/uploads\/2014\/01\/ciep\u0142e-112x150.jpg 112w, https:\/\/rozaria.pl\/blog\/wp-content\/uploads\/2014\/01\/ciep\u0142e-150x200.jpg 150w, https:\/\/rozaria.pl\/blog\/wp-content\/uploads\/2014\/01\/ciep\u0142e-225x300.jpg 225w, https:\/\/rozaria.pl\/blog\/wp-content\/uploads\/2014\/01\/ciep\u0142e.jpg 600w\" sizes=\"(max-width: 225px) 100vw, 225px\" \/><\/a>Najprostszym sposobem \u0142\u0105czenia kolor\u00f3w <a title=\"roze rabatowe\" href=\"http:\/\/www.rozaria.pl\/rozowe-roze-rabatowe-leonardo-da-vinci\" target=\"_blank\">r\u00f3\u017c rabatowych<\/a> jest dobieranie kolor\u00f3w z jednej gamy \u2013 ciep\u0142ej albo zimnej. Na przyk\u0142ad bia\u0142e, zimne r\u00f3\u017cowe, malinowe, purpurowe lub kremowe, morelowe, pomara\u0144czowe, \u017c\u00f3\u0142te. Lepiej, je\u015bli kilka krzak\u00f3w b\u0119dzie nieco bardziej intensywnego zabarwienia, w przeciwnym razie kompozycja wyjdzie nudna. Efekt kompozycji mo\u017cna czasami wzmocni\u0107, kolorow\u0105 bordiur\u0105 dooko\u0142a klombu. Do zimnych odcieni wyj\u0105tkowo dobry b\u0119dzie na przyk\u0142ad srebrzysty pio\u0142un Szmidt Nana lub bordowo listny berberys Atropurpurea Nana. To najprostszy kolorystyczny system \u2013 wszystkie zimne odcienie dobrze si\u0119 ze sob\u0105 \u0142\u0105cz\u0105.<\/p>\n<p><a href=\"http:\/\/rozaria.pl\/blog\/wp-content\/uploads\/2014\/01\/z\u00f3tte_rozoowe.jpg\"><img loading=\"lazy\" decoding=\"async\" class=\" alignright\" style=\"border: 2px solid black; margin-left: 2px; margin-right: 2px;\" title=\"r\u00f3\u017ce rabatowe \u017c\u00f3\u0142te i r\u00f3\u017cowe\" src=\"http:\/\/rozaria.pl\/blog\/wp-content\/uploads\/2014\/01\/z\u00f3tte_rozoowe-300x225.jpg\" alt=\"r\u00f3\u017ce rabatowe \u017c\u00f3\u0142te i r\u00f3\u017cowe\" width=\"300\" height=\"225\" \/><\/a><\/p>\n<p style=\"text-align: justify;\">Stworzy\u0107 dobr\u0105 kompozycj\u0119 w ciep\u0142ych odcieniach nie jest ju\u017c tak \u0142atwo \u2013 istnieje wiele odcieni, kt\u00f3re ze sob\u0105 nie wsp\u00f3\u0142graj\u0105 np. \u0142oso\u015b i bursztyn mog\u0105 si\u0119 ze sob\u0105 \u201ek\u0142\u00f3ci\u0107\u201d. Opr\u00f3cz tego r\u00f3\u017ce w ciep\u0142ych odcieniach maj\u0105 tak\u0105 w\u0142a\u015bciwo\u015b\u0107, \u017ce potrafi\u0105 zmienia\u0107 zabarwienie, w zale\u017cno\u015bci od pogody, warunk\u00f3w gruntowych, a tak\u017ce po prostu z up\u0142ywem czasu (\u017c\u00f3\u0142ty pigment r\u00f3\u017c mo\u017ce wyp\u0142owie\u0107 i wtedy pomara\u0144czowa lub morelowa r\u00f3\u017ca zrobi si\u0119 r\u00f3\u017cowa). Nale\u017cy bra\u0107 to pod uwag\u0119, je\u017celi nie lubicie zestawienia r\u00f3\u017cowego z \u017c\u00f3\u0142tym. Takie kompozycje r\u00f3\u017cane doskonale uwydatni bordowa bordiura z berberysu, ale tak\u017ce na tle zielonego trawnika b\u0119dzie ona wygl\u0105da\u0142a efektownie.<\/p>\n<h1 style=\"text-align: justify;\"><span style=\"font-size: small;\"><b><a href=\"http:\/\/rozaria.pl\/blog\/wp-content\/uploads\/2014\/01\/kontrastowe.jpg\"><img loading=\"lazy\" decoding=\"async\" class=\"alignleft size-medium wp-image-483\" style=\"border: 2px solid black; margin-left: 2px; margin-right: 2px;\" src=\"http:\/\/rozaria.pl\/blog\/wp-content\/uploads\/2014\/01\/kontrastowe-300x225.jpg\" alt=\"r\u00f3\u017ce kontrastowe\" width=\"300\" height=\"225\" srcset=\"https:\/\/rozaria.pl\/blog\/wp-content\/uploads\/2014\/01\/kontrastowe-150x112.jpg 150w, https:\/\/rozaria.pl\/blog\/wp-content\/uploads\/2014\/01\/kontrastowe-200x150.jpg 200w, https:\/\/rozaria.pl\/blog\/wp-content\/uploads\/2014\/01\/kontrastowe-300x225.jpg 300w, https:\/\/rozaria.pl\/blog\/wp-content\/uploads\/2014\/01\/kontrastowe.jpg 800w\" sizes=\"(max-width: 300px) 100vw, 300px\" \/><\/a><a title=\"roze-rabatowe\" href=\"http:\/\/www.rozaria.pl\/roze-rabatowe\" target=\"_blank\">R\u00f3\u017ce rabatowe<\/a> w kompozycjach kontrastowych<\/b><\/span><b> <\/b><\/h1>\n<p style=\"text-align: justify;\">To najtrudniejszy ale zarazem najbardziej efektowny wariant \u2013 kompozycje kontrastowe. Mo\u017ce to by\u0107 po\u0142\u0105czenie r\u00f3\u017c czerwonych z bia\u0142ymi, pomara\u0144czowych z purpurowo-fioletowymi lub bordowymi. Aby trafnie dobra\u0107 odcienie mo\u017cna zerwa\u0107 pojedyncze kwiatki z r\u00f3\u017cnych r\u00f3\u017c rabatowych i poprzyk\u0142ada\u0107 je do siebie, by sprawdzi\u0107, czy kwiaty do siebie pasuj\u0105. Jednak\u017ce kontrastowe kompozycje to r\u00f3wnie\u017c kwestia gustu. Niekt\u00f3rym mog\u0105 si\u0119 wydawa\u0107 zbyt krzykliwe i b\u0119d\u0105 bardziej odpowiada\u0107 zestawienia na podstawie subtelnych niuans\u00f3w. Wybierajcie to, co jest wam bli\u017csze.<\/p>\n","protected":false},"excerpt":{"rendered":"<p>Przy planowaniu nasadze\u0144 r\u00f3\u017c rabatowych szczeg\u00f3lnie wa\u017cny jest dob\u00f3r kolor\u00f3w. O ile w grupowych nasadzeniach przej\u015bcia kolor\u00f3w w wi\u0119kszo\u015bci \u0142agodz\u0105 inne grupy ro\u015blin, w pojedynczych nasadzeniach ka\u017cdy b\u0142\u0105d b\u0119dzie widoczny. Chcia\u0142abym ostrzec mi\u0142o\u015bnik\u00f3w r\u00f3\u017c przed pope\u0142nieniem powszechnego b\u0142\u0119du. Wiele os\u00f3b [&hellip;]<\/p>\n","protected":false},"author":1,"featured_media":483,"comment_status":"open","ping_status":"open","sticky":false,"template":"","format":"standard","meta":{"_mi_skip_tracking":false,"_monsterinsights_sitenote_active":false,"_monsterinsights_sitenote_note":"","_monsterinsights_sitenote_category":0,"footnotes":""},"categories":[7],"tags":[32,19,10],"yoast_head":"<!-- This site is optimized with the Yoast SEO plugin v23.5 - https:\/\/yoast.com\/wordpress\/plugins\/seo\/ -->\n<title>Troch\u0119 o kolorystyce rabat r\u00f3\u017canych - blog Rozaria.pl<\/title>\n<meta name=\"robots\" content=\"index, follow, max-snippet:-1, max-image-preview:large, max-video-preview:-1\" \/>\n<link rel=\"canonical\" href=\"https:\/\/rozaria.pl\/blog\/roze-rabatowe\/\" \/>\n<meta property=\"og:locale\" content=\"pl_PL\" \/>\n<meta property=\"og:type\" content=\"article\" \/>\n<meta property=\"og:title\" content=\"Troch\u0119 o kolorystyce rabat r\u00f3\u017canych - blog Rozaria.pl\" \/>\n<meta property=\"og:description\" content=\"Przy planowaniu nasadze\u0144 r\u00f3\u017c rabatowych szczeg\u00f3lnie wa\u017cny jest dob\u00f3r kolor\u00f3w. O ile w grupowych nasadzeniach przej\u015bcia kolor\u00f3w w wi\u0119kszo\u015bci \u0142agodz\u0105 inne grupy ro\u015blin, w pojedynczych nasadzeniach ka\u017cdy b\u0142\u0105d b\u0119dzie widoczny. Chcia\u0142abym ostrzec mi\u0142o\u015bnik\u00f3w r\u00f3\u017c przed pope\u0142nieniem powszechnego b\u0142\u0119du. Wiele os\u00f3b [&hellip;]\" \/>\n<meta property=\"og:url\" content=\"https:\/\/rozaria.pl\/blog\/roze-rabatowe\/\" \/>\n<meta property=\"og:site_name\" content=\"blog Rozaria.pl\" \/>\n<meta property=\"article:publisher\" content=\"https:\/\/www.facebook.com\/SzkolkaRozRozaria\/\" \/>\n<meta property=\"article:published_time\" content=\"2014-01-21T09:48:49+00:00\" \/>\n<meta property=\"article:modified_time\" content=\"2015-02-26T23:08:33+00:00\" \/>\n<meta property=\"og:image\" content=\"https:\/\/rozaria.pl\/blog\/wp-content\/uploads\/2014\/01\/kontrastowe.jpg\" \/>\n\t<meta property=\"og:image:width\" content=\"800\" \/>\n\t<meta property=\"og:image:height\" content=\"600\" \/>\n\t<meta property=\"og:image:type\" content=\"image\/jpeg\" \/>\n<meta name=\"author\" content=\"Rozaria.pl\" \/>\n<meta name=\"twitter:card\" content=\"summary_large_image\" \/>\n<meta name=\"twitter:creator\" content=\"@SzkolkaRozaria\" \/>\n<meta name=\"twitter:site\" content=\"@SzkolkaRozaria\" \/>\n<meta name=\"twitter:label1\" content=\"Napisane przez\" \/>\n\t<meta name=\"twitter:data1\" content=\"Rozaria.pl\" \/>\n\t<meta name=\"twitter:label2\" content=\"Szacowany czas czytania\" \/>\n\t<meta name=\"twitter:data2\" content=\"3 minuty\" \/>\n<script type=\"application\/ld+json\" class=\"yoast-schema-graph\">{\"@context\":\"https:\/\/schema.org\",\"@graph\":[{\"@type\":\"Article\",\"@id\":\"https:\/\/rozaria.pl\/blog\/roze-rabatowe\/#article\",\"isPartOf\":{\"@id\":\"https:\/\/rozaria.pl\/blog\/roze-rabatowe\/\"},\"author\":{\"name\":\"Rozaria.pl\",\"@id\":\"https:\/\/rozaria.pl\/blog\/#\/schema\/person\/31b3805d5058ea1cffed1d8efb6e2513\"},\"headline\":\"Troch\u0119 o kolorystyce rabat r\u00f3\u017canych\",\"datePublished\":\"2014-01-21T09:48:49+00:00\",\"dateModified\":\"2015-02-26T23:08:33+00:00\",\"mainEntityOfPage\":{\"@id\":\"https:\/\/rozaria.pl\/blog\/roze-rabatowe\/\"},\"wordCount\":517,\"commentCount\":1,\"publisher\":{\"@id\":\"https:\/\/rozaria.pl\/blog\/#organization\"},\"image\":{\"@id\":\"https:\/\/rozaria.pl\/blog\/roze-rabatowe\/#primaryimage\"},\"thumbnailUrl\":\"https:\/\/rozaria.pl\/blog\/wp-content\/uploads\/2014\/01\/kontrastowe.jpg\",\"keywords\":[\"r\u00f3\u017ce ogrodowe\",\"r\u00f3\u017ce rabatowe\",\"r\u00f3\u017ce uprawa\"],\"articleSection\":[\"Uprawa\"],\"inLanguage\":\"pl-PL\",\"potentialAction\":[{\"@type\":\"CommentAction\",\"name\":\"Comment\",\"target\":[\"https:\/\/rozaria.pl\/blog\/roze-rabatowe\/#respond\"]}]},{\"@type\":\"WebPage\",\"@id\":\"https:\/\/rozaria.pl\/blog\/roze-rabatowe\/\",\"url\":\"https:\/\/rozaria.pl\/blog\/roze-rabatowe\/\",\"name\":\"Troch\u0119 o kolorystyce rabat r\u00f3\u017canych - blog Rozaria.pl\",\"isPartOf\":{\"@id\":\"https:\/\/rozaria.pl\/blog\/#website\"},\"primaryImageOfPage\":{\"@id\":\"https:\/\/rozaria.pl\/blog\/roze-rabatowe\/#primaryimage\"},\"image\":{\"@id\":\"https:\/\/rozaria.pl\/blog\/roze-rabatowe\/#primaryimage\"},\"thumbnailUrl\":\"https:\/\/rozaria.pl\/blog\/wp-content\/uploads\/2014\/01\/kontrastowe.jpg\",\"datePublished\":\"2014-01-21T09:48:49+00:00\",\"dateModified\":\"2015-02-26T23:08:33+00:00\",\"breadcrumb\":{\"@id\":\"https:\/\/rozaria.pl\/blog\/roze-rabatowe\/#breadcrumb\"},\"inLanguage\":\"pl-PL\",\"potentialAction\":[{\"@type\":\"ReadAction\",\"target\":[\"https:\/\/rozaria.pl\/blog\/roze-rabatowe\/\"]}]},{\"@type\":\"ImageObject\",\"inLanguage\":\"pl-PL\",\"@id\":\"https:\/\/rozaria.pl\/blog\/roze-rabatowe\/#primaryimage\",\"url\":\"https:\/\/rozaria.pl\/blog\/wp-content\/uploads\/2014\/01\/kontrastowe.jpg\",\"contentUrl\":\"https:\/\/rozaria.pl\/blog\/wp-content\/uploads\/2014\/01\/kontrastowe.jpg\",\"width\":800,\"height\":600,\"caption\":\"r\u00f3\u017ce kontrastowe\"},{\"@type\":\"BreadcrumbList\",\"@id\":\"https:\/\/rozaria.pl\/blog\/roze-rabatowe\/#breadcrumb\",\"itemListElement\":[{\"@type\":\"ListItem\",\"position\":1,\"name\":\"Strona g\u0142\u00f3wna\",\"item\":\"https:\/\/rozaria.pl\/blog\/\"},{\"@type\":\"ListItem\",\"position\":2,\"name\":\"Troch\u0119 o kolorystyce rabat r\u00f3\u017canych\"}]},{\"@type\":\"WebSite\",\"@id\":\"https:\/\/rozaria.pl\/blog\/#website\",\"url\":\"https:\/\/rozaria.pl\/blog\/\",\"name\":\"blog Rozaria.pl\",\"description\":\"Porozmawiajmy o r\u00f3\u017cach, o wszystkich sprawach\",\"publisher\":{\"@id\":\"https:\/\/rozaria.pl\/blog\/#organization\"},\"potentialAction\":[{\"@type\":\"SearchAction\",\"target\":{\"@type\":\"EntryPoint\",\"urlTemplate\":\"https:\/\/rozaria.pl\/blog\/?s={search_term_string}\"},\"query-input\":{\"@type\":\"PropertyValueSpecification\",\"valueRequired\":true,\"valueName\":\"search_term_string\"}}],\"inLanguage\":\"pl-PL\"},{\"@type\":\"Organization\",\"@id\":\"https:\/\/rozaria.pl\/blog\/#organization\",\"name\":\"Szk\u00f3\u0142ka R\u00f3\u017c Rozaria\",\"url\":\"https:\/\/rozaria.pl\/blog\/\",\"logo\":{\"@type\":\"ImageObject\",\"inLanguage\":\"pl-PL\",\"@id\":\"https:\/\/rozaria.pl\/blog\/#\/schema\/logo\/image\/\",\"url\":\"https:\/\/rozaria.pl\/blog\/wp-content\/uploads\/2016\/12\/logo_dla-rozaria.png\",\"contentUrl\":\"https:\/\/rozaria.pl\/blog\/wp-content\/uploads\/2016\/12\/logo_dla-rozaria.png\",\"width\":400,\"height\":166,\"caption\":\"Szk\u00f3\u0142ka R\u00f3\u017c Rozaria\"},\"image\":{\"@id\":\"https:\/\/rozaria.pl\/blog\/#\/schema\/logo\/image\/\"},\"sameAs\":[\"https:\/\/www.facebook.com\/SzkolkaRozRozaria\/\",\"https:\/\/x.com\/SzkolkaRozaria\",\"https:\/\/www.youtube.com\/channel\/UCguKKBc7F06eYM1tzYx1Z5A\"]},{\"@type\":\"Person\",\"@id\":\"https:\/\/rozaria.pl\/blog\/#\/schema\/person\/31b3805d5058ea1cffed1d8efb6e2513\",\"name\":\"Rozaria.pl\",\"image\":{\"@type\":\"ImageObject\",\"inLanguage\":\"pl-PL\",\"@id\":\"https:\/\/rozaria.pl\/blog\/#\/schema\/person\/image\/\",\"url\":\"https:\/\/secure.gravatar.com\/avatar\/36c7e4b15b333b9fb573f9e54e7fcf52?s=96&d=mm&r=g\",\"contentUrl\":\"https:\/\/secure.gravatar.com\/avatar\/36c7e4b15b333b9fb573f9e54e7fcf52?s=96&d=mm&r=g\",\"caption\":\"Rozaria.pl\"},\"sameAs\":[\"https:\/\/www.rozaria.pl\",\"https:\/\/www.youtube.com\/channel\/UCguKKBc7F06eYM1tzYx1Z5A\"],\"url\":\"https:\/\/rozaria.pl\/blog\/author\/1rozanka\/\"}]}<\/script>\n<!-- \/ Yoast SEO plugin. -->","yoast_head_json":{"title":"Troch\u0119 o kolorystyce rabat r\u00f3\u017canych - blog Rozaria.pl","robots":{"index":"index","follow":"follow","max-snippet":"max-snippet:-1","max-image-preview":"max-image-preview:large","max-video-preview":"max-video-preview:-1"},"canonical":"https:\/\/rozaria.pl\/blog\/roze-rabatowe\/","og_locale":"pl_PL","og_type":"article","og_title":"Troch\u0119 o kolorystyce rabat r\u00f3\u017canych - blog Rozaria.pl","og_description":"Przy planowaniu nasadze\u0144 r\u00f3\u017c rabatowych szczeg\u00f3lnie wa\u017cny jest dob\u00f3r kolor\u00f3w. O ile w grupowych nasadzeniach przej\u015bcia kolor\u00f3w w wi\u0119kszo\u015bci \u0142agodz\u0105 inne grupy ro\u015blin, w pojedynczych nasadzeniach ka\u017cdy b\u0142\u0105d b\u0119dzie widoczny. Chcia\u0142abym ostrzec mi\u0142o\u015bnik\u00f3w r\u00f3\u017c przed pope\u0142nieniem powszechnego b\u0142\u0119du. Wiele os\u00f3b [&hellip;]","og_url":"https:\/\/rozaria.pl\/blog\/roze-rabatowe\/","og_site_name":"blog Rozaria.pl","article_publisher":"https:\/\/www.facebook.com\/SzkolkaRozRozaria\/","article_published_time":"2014-01-21T09:48:49+00:00","article_modified_time":"2015-02-26T23:08:33+00:00","og_image":[{"width":800,"height":600,"url":"https:\/\/rozaria.pl\/blog\/wp-content\/uploads\/2014\/01\/kontrastowe.jpg","type":"image\/jpeg"}],"author":"Rozaria.pl","twitter_card":"summary_large_image","twitter_creator":"@SzkolkaRozaria","twitter_site":"@SzkolkaRozaria","twitter_misc":{"Napisane przez":"Rozaria.pl","Szacowany czas czytania":"3 minuty"},"schema":{"@context":"https:\/\/schema.org","@graph":[{"@type":"Article","@id":"https:\/\/rozaria.pl\/blog\/roze-rabatowe\/#article","isPartOf":{"@id":"https:\/\/rozaria.pl\/blog\/roze-rabatowe\/"},"author":{"name":"Rozaria.pl","@id":"https:\/\/rozaria.pl\/blog\/#\/schema\/person\/31b3805d5058ea1cffed1d8efb6e2513"},"headline":"Troch\u0119 o kolorystyce rabat r\u00f3\u017canych","datePublished":"2014-01-21T09:48:49+00:00","dateModified":"2015-02-26T23:08:33+00:00","mainEntityOfPage":{"@id":"https:\/\/rozaria.pl\/blog\/roze-rabatowe\/"},"wordCount":517,"commentCount":1,"publisher":{"@id":"https:\/\/rozaria.pl\/blog\/#organization"},"image":{"@id":"https:\/\/rozaria.pl\/blog\/roze-rabatowe\/#primaryimage"},"thumbnailUrl":"https:\/\/rozaria.pl\/blog\/wp-content\/uploads\/2014\/01\/kontrastowe.jpg","keywords":["r\u00f3\u017ce ogrodowe","r\u00f3\u017ce rabatowe","r\u00f3\u017ce uprawa"],"articleSection":["Uprawa"],"inLanguage":"pl-PL","potentialAction":[{"@type":"CommentAction","name":"Comment","target":["https:\/\/rozaria.pl\/blog\/roze-rabatowe\/#respond"]}]},{"@type":"WebPage","@id":"https:\/\/rozaria.pl\/blog\/roze-rabatowe\/","url":"https:\/\/rozaria.pl\/blog\/roze-rabatowe\/","name":"Troch\u0119 o kolorystyce rabat r\u00f3\u017canych - blog Rozaria.pl","isPartOf":{"@id":"https:\/\/rozaria.pl\/blog\/#website"},"primaryImageOfPage":{"@id":"https:\/\/rozaria.pl\/blog\/roze-rabatowe\/#primaryimage"},"image":{"@id":"https:\/\/rozaria.pl\/blog\/roze-rabatowe\/#primaryimage"},"thumbnailUrl":"https:\/\/rozaria.pl\/blog\/wp-content\/uploads\/2014\/01\/kontrastowe.jpg","datePublished":"2014-01-21T09:48:49+00:00","dateModified":"2015-02-26T23:08:33+00:00","breadcrumb":{"@id":"https:\/\/rozaria.pl\/blog\/roze-rabatowe\/#breadcrumb"},"inLanguage":"pl-PL","potentialAction":[{"@type":"ReadAction","target":["https:\/\/rozaria.pl\/blog\/roze-rabatowe\/"]}]},{"@type":"ImageObject","inLanguage":"pl-PL","@id":"https:\/\/rozaria.pl\/blog\/roze-rabatowe\/#primaryimage","url":"https:\/\/rozaria.pl\/blog\/wp-content\/uploads\/2014\/01\/kontrastowe.jpg","contentUrl":"https:\/\/rozaria.pl\/blog\/wp-content\/uploads\/2014\/01\/kontrastowe.jpg","width":800,"height":600,"caption":"r\u00f3\u017ce kontrastowe"},{"@type":"BreadcrumbList","@id":"https:\/\/rozaria.pl\/blog\/roze-rabatowe\/#breadcrumb","itemListElement":[{"@type":"ListItem","position":1,"name":"Strona g\u0142\u00f3wna","item":"https:\/\/rozaria.pl\/blog\/"},{"@type":"ListItem","position":2,"name":"Troch\u0119 o kolorystyce rabat r\u00f3\u017canych"}]},{"@type":"WebSite","@id":"https:\/\/rozaria.pl\/blog\/#website","url":"https:\/\/rozaria.pl\/blog\/","name":"blog Rozaria.pl","description":"Porozmawiajmy o r\u00f3\u017cach, o wszystkich sprawach","publisher":{"@id":"https:\/\/rozaria.pl\/blog\/#organization"},"potentialAction":[{"@type":"SearchAction","target":{"@type":"EntryPoint","urlTemplate":"https:\/\/rozaria.pl\/blog\/?s={search_term_string}"},"query-input":{"@type":"PropertyValueSpecification","valueRequired":true,"valueName":"search_term_string"}}],"inLanguage":"pl-PL"},{"@type":"Organization","@id":"https:\/\/rozaria.pl\/blog\/#organization","name":"Szk\u00f3\u0142ka R\u00f3\u017c Rozaria","url":"https:\/\/rozaria.pl\/blog\/","logo":{"@type":"ImageObject","inLanguage":"pl-PL","@id":"https:\/\/rozaria.pl\/blog\/#\/schema\/logo\/image\/","url":"https:\/\/rozaria.pl\/blog\/wp-content\/uploads\/2016\/12\/logo_dla-rozaria.png","contentUrl":"https:\/\/rozaria.pl\/blog\/wp-content\/uploads\/2016\/12\/logo_dla-rozaria.png","width":400,"height":166,"caption":"Szk\u00f3\u0142ka R\u00f3\u017c Rozaria"},"image":{"@id":"https:\/\/rozaria.pl\/blog\/#\/schema\/logo\/image\/"},"sameAs":["https:\/\/www.facebook.com\/SzkolkaRozRozaria\/","https:\/\/x.com\/SzkolkaRozaria","https:\/\/www.youtube.com\/channel\/UCguKKBc7F06eYM1tzYx1Z5A"]},{"@type":"Person","@id":"https:\/\/rozaria.pl\/blog\/#\/schema\/person\/31b3805d5058ea1cffed1d8efb6e2513","name":"Rozaria.pl","image":{"@type":"ImageObject","inLanguage":"pl-PL","@id":"https:\/\/rozaria.pl\/blog\/#\/schema\/person\/image\/","url":"https:\/\/secure.gravatar.com\/avatar\/36c7e4b15b333b9fb573f9e54e7fcf52?s=96&d=mm&r=g","contentUrl":"https:\/\/secure.gravatar.com\/avatar\/36c7e4b15b333b9fb573f9e54e7fcf52?s=96&d=mm&r=g","caption":"Rozaria.pl"},"sameAs":["https:\/\/www.rozaria.pl","https:\/\/www.youtube.com\/channel\/UCguKKBc7F06eYM1tzYx1Z5A"],"url":"https:\/\/rozaria.pl\/blog\/author\/1rozanka\/"}]}},"_links":{"self":[{"href":"https:\/\/rozaria.pl\/blog\/wp-json\/wp\/v2\/posts\/464"}],"collection":[{"href":"https:\/\/rozaria.pl\/blog\/wp-json\/wp\/v2\/posts"}],"about":[{"href":"https:\/\/rozaria.pl\/blog\/wp-json\/wp\/v2\/types\/post"}],"author":[{"embeddable":true,"href":"https:\/\/rozaria.pl\/blog\/wp-json\/wp\/v2\/users\/1"}],"replies":[{"embeddable":true,"href":"https:\/\/rozaria.pl\/blog\/wp-json\/wp\/v2\/comments?post=464"}],"version-history":[{"count":22,"href":"https:\/\/rozaria.pl\/blog\/wp-json\/wp\/v2\/posts\/464\/revisions"}],"predecessor-version":[{"id":808,"href":"https:\/\/rozaria.pl\/blog\/wp-json\/wp\/v2\/posts\/464\/revisions\/808"}],"wp:featuredmedia":[{"embeddable":true,"href":"https:\/\/rozaria.pl\/blog\/wp-json\/wp\/v2\/media\/483"}],"wp:attachment":[{"href":"https:\/\/rozaria.pl\/blog\/wp-json\/wp\/v2\/media?parent=464"}],"wp:term":[{"taxonomy":"category","embeddable":true,"href":"https:\/\/rozaria.pl\/blog\/wp-json\/wp\/v2\/categories?post=464"},{"taxonomy":"post_tag","embeddable":true,"href":"https:\/\/rozaria.pl\/blog\/wp-json\/wp\/v2\/tags?post=464"}],"curies":[{"name":"wp","href":"https:\/\/api.w.org\/{rel}","templated":true}]}}