{"id":4611,"date":"2023-04-25T15:31:49","date_gmt":"2023-04-25T13:31:49","guid":{"rendered":"https:\/\/rozaria.pl\/blog\/?p=4611"},"modified":"2024-04-03T20:38:33","modified_gmt":"2024-04-03T18:38:33","slug":"kiedy-obcinac-roze","status":"publish","type":"post","link":"https:\/\/rozaria.pl\/blog\/kiedy-obcinac-roze\/","title":{"rendered":"Kiedy obcina\u0107 r\u00f3\u017ce"},"content":{"rendered":"<p>Przycinanie r\u00f3\u017c jest niezb\u0119dne dla zapewnienia ich zdrowego i intensywnego wzrostu, a tak\u017ce pi\u0119knego, obfitego kwitnienia. Wymagaj\u0105 tego wszystkie r\u00f3\u017ce: odmiany wielkokwiatowe, rabatowe, pn\u0105ce, a nawet miniaturowe. Kluczowe jest regularne, terminowe i prawid\u0142owe wykonywanie tego zabiegu. Poznaj zasady, kiedy i jak prawid\u0142owo przycina\u0107 r\u00f3\u017ce.<a style=\"text-align: justify;\" href=\"https:\/\/rozaria.pl\/blog\/wp-content\/uploads\/2023\/04\/ciecierozsekator.jpg\"><img loading=\"lazy\" decoding=\"async\" class=\"wp-image-4612 size-full alignright\" src=\"https:\/\/rozaria.pl\/blog\/wp-content\/uploads\/2023\/04\/ciecierozsekator.jpg\" alt=\"kiedy obcina\u0107 r\u00f3\u017ce\" width=\"361\" height=\"300\" srcset=\"https:\/\/rozaria.pl\/blog\/wp-content\/uploads\/2023\/04\/ciecierozsekator-150x125.jpg 150w, https:\/\/rozaria.pl\/blog\/wp-content\/uploads\/2023\/04\/ciecierozsekator-200x166.jpg 200w, https:\/\/rozaria.pl\/blog\/wp-content\/uploads\/2023\/04\/ciecierozsekator-300x249.jpg 300w, https:\/\/rozaria.pl\/blog\/wp-content\/uploads\/2023\/04\/ciecierozsekator.jpg 361w\" sizes=\"(max-width: 361px) 100vw, 361px\" \/><\/a><a href=\"https:\/\/rozaria.pl\/blog\/wp-content\/uploads\/2023\/04\/ciecierozsekator.jpg\"><br \/>\n<\/a><\/p>\n<p>Mo\u017cna wymieni\u0107 3 pory kiedy wkraczamy z sekatorem i dokonujemy ci\u0119cia r\u00f3\u017canych krzew\u00f3w:<\/p>\n<p>Wiosna ostre ci\u0119cie.<\/p>\n<p>Lato \u2013 przycinanie przekwitni\u0119tych kwiatostan\u00f3w.<\/p>\n<p>Jesie\u0144 \u2013 lekkie przyci\u0119cie do okrycia zimowego.<\/p>\n<h2>Dlaczego nale\u017cy przycina\u0107 r\u00f3\u017ce?<\/h2>\n<p style=\"text-align: justify;\">Ci\u0119cie r\u00f3\u017c jest zabiegiem koniecznym i niezb\u0119dnym u wszystkich odmian. Umo\u017cliwia utrzymanie ro\u015blin w po\u017c\u0105danym kszta\u0142cie, pozwala na regularne usuwanie martwych i chorych p\u0119d\u00f3w oraz przekwit\u0142ych kwiat\u00f3w. To wszystko pozytywnie wp\u0142ywa na wzrost i rozw\u00f3j r\u00f3\u017c oraz ich obfite kwitnienie. Zaniechanie ci\u0119cia lub jego nieregularno\u015b\u0107 prowadzi do nadmiernego rozrostu p\u0119d\u00f3w, ich zag\u0119szczania si\u0119 oraz os\u0142abienia, a nawet braku kwitnienia. Regularne i terminowe ci\u0119cie znacznie poprawia wielko\u015b\u0107 i liczb\u0119 kwiat\u00f3w oraz d\u0142ugo\u015b\u0107 i por\u0119 kwitnienia.<\/p>\n<p style=\"text-align: justify;\"><strong><a href=\"https:\/\/rozaria.pl\/blog\/wp-content\/uploads\/2023\/04\/dobre-ciecie-pedu.jpg\"><img loading=\"lazy\" decoding=\"async\" class=\"wp-image-4617 size-medium alignleft\" src=\"https:\/\/rozaria.pl\/blog\/wp-content\/uploads\/2023\/04\/dobre-ciecie-pedu-300x185.jpg\" alt=\"dobre ci\u0119cie p\u0119du\" width=\"300\" height=\"185\" srcset=\"https:\/\/rozaria.pl\/blog\/wp-content\/uploads\/2023\/04\/dobre-ciecie-pedu-150x92.jpg 150w, https:\/\/rozaria.pl\/blog\/wp-content\/uploads\/2023\/04\/dobre-ciecie-pedu-200x123.jpg 200w, https:\/\/rozaria.pl\/blog\/wp-content\/uploads\/2023\/04\/dobre-ciecie-pedu-300x185.jpg 300w, https:\/\/rozaria.pl\/blog\/wp-content\/uploads\/2023\/04\/dobre-ciecie-pedu.jpg 320w\" sizes=\"(max-width: 300px) 100vw, 300px\" \/><\/a>Przycinanie r\u00f3\u017c<\/strong> jest konieczne dla zdrowego i intensywnego wzrostu oraz pi\u0119knego, obfitego kwitnienia. Ci\u0119cia wymagaj\u0105 wszystkie r\u00f3\u017ce, w tym odmiany wielkokwiatowe, rabatowe, pn\u0105ce, a nawet miniaturowe. Trzeba to robi\u0107 odpowiednio regularnie, terminowo i prawid\u0142owo. Sprawd\u017a, kiedy obcina\u0107 r\u00f3\u017ce oraz jak to robi\u0107 w spos\u00f3b prawid\u0142owy. Podpowiadamy, jak to robi\u0107 nale\u017cycie i w jakim terminie.<br \/>\nDlaczego nale\u017cy <strong>przycina\u0107 r\u00f3\u017ce<\/strong>? Czy ci\u0119cie r\u00f3\u017c jest konieczne? Ci\u0119cie r\u00f3\u017c to zabieg konieczny i niezb\u0119dny u wszystkich odmian. Umo\u017cliwia utrzymanie tych ro\u015blin w po\u017c\u0105danym kszta\u0142cie. Pozwala te\u017c regularnie usuwa\u0107 martwe i chore p\u0119dy oraz przekwit\u0142e kwiaty. To wszystko wywiera r\u00f3wnie\u017c pozytywny wp\u0142yw na wzrost i rozw\u00f3j r\u00f3\u017c oraz ich obfite kwitnienie. Zaniechanie ci\u0119cia lub nieregularne ci\u0119cie r\u00f3\u017c spowoduje nadmierny rozrost ich p\u0119d\u00f3w, zbytnie ich zag\u0119szczanie si\u0119 oraz coraz s\u0142abni\u0119cie, a nawet brak kwitnienia. Regularne i terminowe ci\u0119cie poprawia bowiem znacznie wielko\u015b\u0107 i liczb\u0119 kwiat\u00f3w oraz d\u0142ugo\u015b\u0107 i por\u0119 kwitnienia. R\u00f3\u017ce s\u0142abiej przycinane zakwitaj\u0105 wcze\u015bniej i mog\u0105 mie\u0107 wi\u0119cej kwiat\u00f3w, ale ich p\u0119dy b\u0119d\u0105 s\u0142absze i kr\u00f3tsze, a kwiaty drobne. Mog\u0105 te\u017c nie powtarza\u0107 kwitnienia. Natomiast regularne i intensywne ci\u0119cie wywo\u0142a p\u00f3\u017aniejsze kwitnienie, za to z wi\u0119kszymi kwiatami oraz grubszymi i d\u0142u\u017cszymi p\u0119dami. Krzewy r\u00f3\u017cane b\u0119d\u0105 r\u00f3wnie\u017c zdrowsze i bujniejsze.<\/p>\n<p style=\"text-align: justify;\"><a href=\"https:\/\/rozaria.pl\/blog\/wp-content\/uploads\/2023\/04\/wiosenne-ciecie-roz-schemat-cieciaartykul.jpg\"><img loading=\"lazy\" decoding=\"async\" class=\"alignleft wp-image-4613 size-medium\" src=\"https:\/\/rozaria.pl\/blog\/wp-content\/uploads\/2023\/04\/wiosenne-ciecie-roz-schemat-cieciaartykul-300x153.jpg\" alt=\"kiedy obcina\u0107 r\u00f3\u017ce wiosenne ci\u0119cie\" width=\"300\" height=\"153\" srcset=\"https:\/\/rozaria.pl\/blog\/wp-content\/uploads\/2023\/04\/wiosenne-ciecie-roz-schemat-cieciaartykul-150x77.jpg 150w, https:\/\/rozaria.pl\/blog\/wp-content\/uploads\/2023\/04\/wiosenne-ciecie-roz-schemat-cieciaartykul-200x102.jpg 200w, https:\/\/rozaria.pl\/blog\/wp-content\/uploads\/2023\/04\/wiosenne-ciecie-roz-schemat-cieciaartykul-300x153.jpg 300w, https:\/\/rozaria.pl\/blog\/wp-content\/uploads\/2023\/04\/wiosenne-ciecie-roz-schemat-cieciaartykul-400x204.jpg 400w, https:\/\/rozaria.pl\/blog\/wp-content\/uploads\/2023\/04\/wiosenne-ciecie-roz-schemat-cieciaartykul-600x307.jpg 600w, https:\/\/rozaria.pl\/blog\/wp-content\/uploads\/2023\/04\/wiosenne-ciecie-roz-schemat-cieciaartykul.jpg 640w\" sizes=\"(max-width: 300px) 100vw, 300px\" \/><\/a><\/p>\n<h2>Kiedy obcina\u0107 r\u00f3\u017ce?<\/h2>\n<p style=\"text-align: justify;\"><strong>Kiedy obcina\u0107 r\u00f3\u017ce<\/strong>? Czy nale\u017cy robi\u0107 to wiosn\u0105, czy raczej latem lub jesieni\u0105? Mocne ci\u0119cie r\u00f3\u017c nale\u017cy robi\u0107 tylko raz w roku. Najlepiej te\u017c, je\u015bli b\u0119dzie to na wiosn\u0119, tu\u017c przed rozpocz\u0119ciem tworzenia si\u0119 nowych p\u0119d\u00f3w. Optymalnym terminem jest po\u0142owa kwietnia, cho\u0107 niekiedy ci\u0119cie r\u00f3\u017c mo\u017cna te\u017c zacz\u0105\u0107 nieco wcze\u015bniej, pod koniec marca. Wszystko zale\u017cy od pogody. Zawsze jednak, musz\u0105 definitywnie ust\u0105pi\u0107 ju\u017c mrozy. Nie nale\u017cy wi\u0119c jak wida\u0107 sztywno trzyma\u0107 si\u0119 jakiego\u015b w\u0105skiego, sztywnego terminu. Pogoda jest bowiem nieprzewidywalna i wiosna bez mroz\u00f3w nadchodzi zwykle co roku w nieco innym terminie.<\/p>\n<div id=\"attachment_4616\" style=\"width: 310px\" class=\"wp-caption alignright\"><a href=\"https:\/\/rozaria.pl\/blog\/wp-content\/uploads\/2023\/04\/ciecierozepedy.jpeg\"><img loading=\"lazy\" decoding=\"async\" aria-describedby=\"caption-attachment-4616\" class=\"wp-image-4616 size-medium\" src=\"https:\/\/rozaria.pl\/blog\/wp-content\/uploads\/2023\/04\/ciecierozepedy-300x205.jpeg\" alt=\"ci\u0119cie m\u0142odej sadzonki r\u00f3\u017cy\" width=\"300\" height=\"205\" srcset=\"https:\/\/rozaria.pl\/blog\/wp-content\/uploads\/2023\/04\/ciecierozepedy-150x102.jpeg 150w, https:\/\/rozaria.pl\/blog\/wp-content\/uploads\/2023\/04\/ciecierozepedy-200x137.jpeg 200w, https:\/\/rozaria.pl\/blog\/wp-content\/uploads\/2023\/04\/ciecierozepedy-300x205.jpeg 300w, https:\/\/rozaria.pl\/blog\/wp-content\/uploads\/2023\/04\/ciecierozepedy-400x273.jpeg 400w, https:\/\/rozaria.pl\/blog\/wp-content\/uploads\/2023\/04\/ciecierozepedy-600x410.jpeg 600w, https:\/\/rozaria.pl\/blog\/wp-content\/uploads\/2023\/04\/ciecierozepedy-768x525.jpeg 768w, https:\/\/rozaria.pl\/blog\/wp-content\/uploads\/2023\/04\/ciecierozepedy-800x547.jpeg 800w, https:\/\/rozaria.pl\/blog\/wp-content\/uploads\/2023\/04\/ciecierozepedy.jpeg 830w\" sizes=\"(max-width: 300px) 100vw, 300px\" \/><\/a><p id=\"caption-attachment-4616\" class=\"wp-caption-text\">przycinanie sadzonki go\u0142y korze\u0144 przed wsadzeniem do gruntu<\/p><\/div>\n<p style=\"text-align: justify;\">Wa\u017cne jest za to, aby r\u00f3\u017ce by\u0142y jeszcze wtedy w u\u015bpieniu przed ruszeniem wegetacji i aby ju\u017c nie by\u0142o mroz\u00f3w. Nale\u017cy je wi\u0119c regularnie obserwowa\u0107 wraz z aktualn\u0105 prognoz\u0105 pogody. P\u0119dy obudzone tu\u017c przed rozpocz\u0119ciem wegetacji, maj\u0105 ju\u017c nabrzmia\u0142e i l\u015bni\u0105ce p\u0105ki. Gdy zakwitn\u0105 ju\u017c forsycje, to dobry termin na mocne wiosenne przyci\u0119cie r\u00f3\u017c. Dzie\u0144 powinien te\u017c by\u0107 suchy i s\u0142oneczny. Latem w ci\u0105gu sezonu wegetacyjnego nie tniemy ju\u017c r\u00f3\u017c, a jedynie systematycznie usuwamy przekwit\u0142e kwiatostany i ewentualne odrosty korzeniowe. R\u00f3\u017c nie nale\u017cy te\u017c przycina\u0107 klasycznie na jesieni. W tym czasie zaleca si\u0119 jedynie usuwanie ich martwych ga\u0142\u0119zi i zwi\u0119d\u0142ych kwiat\u00f3w. Mo\u017ce to by\u0107 tak\u017ce lekkie przyci\u0119cie do okrycia zimowego, je\u015bli dana odmiana tego wymaga.<\/p>\n<h3>Wiosenne ci\u0119cie<\/h3>\n<p style=\"text-align: justify;\">Mocne ci\u0119cie r\u00f3\u017c powinno odbywa\u0107 si\u0119 raz w roku, najlepiej na wiosn\u0119, tu\u017c przed rozpocz\u0119ciem tworzenia si\u0119 nowych p\u0119d\u00f3w. Optymalnym terminem jest po\u0142owa kwietnia, chocia\u017c w zale\u017cno\u015bci od pogody, mo\u017cna zacz\u0105\u0107 nieco wcze\u015bniej, na przyk\u0142ad pod koniec marca. Wa\u017cne, aby mrozy definitywnie ust\u0105pi\u0142y.<\/p>\n<h3>Przycinanie sadzonki &#8220;go\u0142y korze\u0144&#8221; przed wsadzeniem do gruntu<\/h3>\n<p style=\"text-align: justify;\">Przed posadzeniem r\u00f3\u017cy w gruncie, sadzonki &#8220;go\u0142y korze\u0144&#8221; r\u00f3wnie\u017c wymagaj\u0105 przyci\u0119cia. Jest to wa\u017cne, aby ro\u015bliny by\u0142y w u\u015bpieniu i aby nie by\u0142o ju\u017c mroz\u00f3w. Regularne obserwacje ro\u015blin wraz z aktualn\u0105 prognoz\u0105 pogody pomog\u0105 okre\u015bli\u0107 najlepszy moment na przycinanie.<\/p>\n<h2>Jak ci\u0105\u0107 r\u00f3\u017ce z r\u00f3\u017cnych grup odmian?<\/h2>\n<p style=\"text-align: justify;\">Ci\u0119cie r\u00f3\u017c zale\u017cy od typu krzewu i jego wieku. R\u00f3\u017cne grupy r\u00f3\u017c wymagaj\u0105 r\u00f3\u017cnych podej\u015b\u0107 do przycinania. Ci\u0119cie powinno by\u0107 uko\u015bne, 0,5-1 cm nad p\u0105kiem skierowanym na zewn\u0105trz korony. Wszystkie s\u0142abe, chore i uszkodzone p\u0119dy nale\u017cy wycina\u0107, u\u017cywaj\u0105c czystego i bardzo ostrym sekatorem, aby p\u0142aszczyzna ci\u0119cia by\u0142a g\u0142adka i niczym niezainfekowana.<\/p>\n<p style=\"text-align: justify;\">Przez zastosowanie si\u0119 do tych wskaz\u00f3wek, mo\u017cna znacz\u0105co wp\u0142yn\u0105\u0107 na zdrowie, wzrost i kwitnienie r\u00f3\u017c, zapewniaj\u0105c im najlepsze warunki do rozwoju. Regularne i prawid\u0142owe przycinanie jest kluczem do pi\u0119knych i zdrowych r\u00f3\u017c w ka\u017cdym ogrodzie. Ponadto, u r\u00f3\u017c wielkokwiatowych, wielokwiatowych i piennych, czyli szczepionych na d\u0142ugiej i prostej podk\u0142adce, konieczne jest ci\u0119cie coroczne. Natomiast inne grupy r\u00f3\u017c mo\u017cna przycina\u0107 ju\u017c rzadziej.<\/p>\n<h3 style=\"text-align: justify;\"><span style=\"text-decoration: underline;\"><em><strong>\u2022 Jak i kiedy obcina\u0107 r\u00f3\u017ce wielkokwiatowe:<\/strong><\/em><\/span><\/h3>\n<p><strong>1. <a href=\"https:\/\/rozaria.pl\/blog\/wp-content\/uploads\/2023\/04\/kiedy_tniemy_i_jak_roze_wielkokwiatowe.jpg\"><img loading=\"lazy\" decoding=\"async\" class=\"alignright size-medium wp-image-5215\" src=\"https:\/\/rozaria.pl\/blog\/wp-content\/uploads\/2023\/04\/kiedy_tniemy_i_jak_roze_wielkokwiatowe-300x226.jpg\" alt=\"kiedy obcina\u0107 r\u00f3\u017ce\" width=\"300\" height=\"226\" srcset=\"https:\/\/rozaria.pl\/blog\/wp-content\/uploads\/2023\/04\/kiedy_tniemy_i_jak_roze_wielkokwiatowe-150x113.jpg 150w, https:\/\/rozaria.pl\/blog\/wp-content\/uploads\/2023\/04\/kiedy_tniemy_i_jak_roze_wielkokwiatowe-200x151.jpg 200w, https:\/\/rozaria.pl\/blog\/wp-content\/uploads\/2023\/04\/kiedy_tniemy_i_jak_roze_wielkokwiatowe-300x226.jpg 300w, https:\/\/rozaria.pl\/blog\/wp-content\/uploads\/2023\/04\/kiedy_tniemy_i_jak_roze_wielkokwiatowe-400x302.jpg 400w, https:\/\/rozaria.pl\/blog\/wp-content\/uploads\/2023\/04\/kiedy_tniemy_i_jak_roze_wielkokwiatowe-600x452.jpg 600w, https:\/\/rozaria.pl\/blog\/wp-content\/uploads\/2023\/04\/kiedy_tniemy_i_jak_roze_wielkokwiatowe-768x579.jpg 768w, https:\/\/rozaria.pl\/blog\/wp-content\/uploads\/2023\/04\/kiedy_tniemy_i_jak_roze_wielkokwiatowe.jpg 796w\" sizes=\"(max-width: 300px) 100vw, 300px\" \/><\/a>Wiosenne przycinanie:<\/strong><\/p>\n<ul>\n<li style=\"text-align: justify;\">Wiosenne przycinanie jest najwa\u017cniejsze i powinno by\u0107 przeprowadzane co roku. Najlepszy czas na to to p\u00f3\u017ana zima lub wczesna wiosna, zazwyczaj od ko\u0144ca lutego do pocz\u0105tku kwietnia, w zale\u017cno\u015bci od strefy klimatycznej. Kluczowe jest, aby przycina\u0107 r\u00f3\u017ce przed rozpocz\u0119ciem aktywnego wzrostu, ale po ostatnich mrozach, by unikn\u0105\u0107 uszkodze\u0144 mrozowych na nowych p\u0119dach. P\u0119dy grube skraca si\u0119 zostawiaj\u0105c 4-6 oczek na p\u0119dzie do wys. 20-30 cm, cie\u0144sze p\u0119dy zostawiaj\u0105c 2-4 oczka na wys. 15-20 cm, a s\u0142abe tu\u017c przy korzeniu.<\/li>\n<\/ul>\n<p><strong>2. Letnie przycinanie:<\/strong><\/p>\n<ul>\n<li style=\"text-align: justify;\">Letnie przycinanie, cho\u0107 mniej intensywne, ma na celu usuwanie przekwit\u0142ych kwiatostan\u00f3w (deadheading), co zach\u0119ca ro\u015bliny do kolejnego kwitnienia. Mo\u017cna je przeprowadza\u0107 przez ca\u0142y sezon wegetacyjny, w miar\u0119 potrzeby.<\/li>\n<\/ul>\n<h3 style=\"text-align: justify;\"><span style=\"text-decoration: underline;\"><em><strong>\u2022 Jak i kiedy obcina\u0107 r\u00f3\u017ce rabatowe:<\/strong><\/em><\/span><\/h3>\n<div id=\"attachment_4620\" style=\"width: 160px\" class=\"wp-caption alignleft\"><a href=\"https:\/\/rozaria.pl\/blog\/wp-content\/uploads\/2023\/04\/ciecie_rabatowe.jpg\"><img loading=\"lazy\" decoding=\"async\" aria-describedby=\"caption-attachment-4620\" class=\"wp-image-4620 size-thumbnail\" src=\"https:\/\/rozaria.pl\/blog\/wp-content\/uploads\/2023\/04\/ciecie_rabatowe-150x150.jpg\" alt=\"kiedy obcina\u0107 r\u00f3\u017ce rabatowe\" width=\"150\" height=\"150\" srcset=\"https:\/\/rozaria.pl\/blog\/wp-content\/uploads\/2023\/04\/ciecie_rabatowe-66x66.jpg 66w, https:\/\/rozaria.pl\/blog\/wp-content\/uploads\/2023\/04\/ciecie_rabatowe-150x150.jpg 150w, https:\/\/rozaria.pl\/blog\/wp-content\/uploads\/2023\/04\/ciecie_rabatowe-200x198.jpg 200w, https:\/\/rozaria.pl\/blog\/wp-content\/uploads\/2023\/04\/ciecie_rabatowe-300x297.jpg 300w, https:\/\/rozaria.pl\/blog\/wp-content\/uploads\/2023\/04\/ciecie_rabatowe.jpg 303w\" sizes=\"(max-width: 150px) 100vw, 150px\" \/><\/a><p id=\"caption-attachment-4620\" class=\"wp-caption-text\">ci\u0119cie odmian rabatowych<\/p><\/div>\n<p><strong>1. Wiosenne przycinanie:<\/strong><\/p>\n<ul>\n<li style=\"text-align: justify;\">Najwa\u017cniejsze przycinanie przeprowadza si\u0119 wczesn\u0105 wiosn\u0105, zazwyczaj w marcu lub na pocz\u0105tku kwietnia, w zale\u017cno\u015bci od klimatu i po ust\u0105pieniu najwi\u0119kszych mroz\u00f3w. Wiosenne przycinanie ma na celu usuni\u0119cie martwych i uszkodzonych p\u0119d\u00f3w oraz pobudzenie ro\u015blin do wzrostu. R\u00f3\u017ce tniemy na wys. 30-60 cm (30 cm dla odmian niskich, a 60 dla wysokich), zostawiaj\u0105c po 4-5 oczek i 5-10 p\u0119d\u00f3w.<\/li>\n<\/ul>\n<p><strong>2. Letnie przycinanie:<\/strong><\/p>\n<ul>\n<li>W trakcie sezonu wegetacyjnego, przycinanie (deadheading) przekwit\u0142ych kwiat\u00f3w mo\u017ce by\u0107 przeprowadzane regularnie, aby zach\u0119ci\u0107 ro\u015bliny do ponownego kwitnienia.<\/li>\n<\/ul>\n<h3><span style=\"text-decoration: underline;\"><em><strong>\u2022 Jak i kiedy obcina\u0107 r\u00f3\u017ce pn\u0105ce:<\/strong><\/em><\/span><\/h3>\n<p style=\"text-align: justify;\">R\u00f3\u017ce pn\u0105ce wymagaj\u0105 szczeg\u00f3lnego podej\u015bcia do przycinania, poniewa\u017c ich spos\u00f3b wzrostu i kwitnienia r\u00f3\u017cni si\u0119 od innych typ\u00f3w r\u00f3\u017c. Przycinanie jest kluczowe dla zachowania zdrowia ro\u015blin, promowania kwitnienia oraz utrzymania estetycznego wygl\u0105du. Oto wskaz\u00f3wki, jak i kiedy przycina\u0107 r\u00f3\u017ce pn\u0105ce:<\/p>\n<ol>\n<li><strong>Wiosenne przycinanie:<\/strong>\n<ul>\n<li style=\"text-align: justify;\">R\u00f3\u017ce pn\u0105ce najlepiej przycina\u0107 wczesn\u0105 wiosn\u0105, zanim zaczn\u0105 intensywnie rosn\u0105\u0107, ale po mini\u0119ciu ryzyka silnych mroz\u00f3w. Dla wi\u0119kszo\u015bci region\u00f3w oznacza to p\u00f3\u017any luty do marca. Pierwsze ci\u0119cie dopiero w czwartym roku \u017cycia, zostawiaj\u0105c 3-5 p\u0119d\u00f3w jako szkielet krzewu. P\u0119dy boczne tnie si\u0119 na d\u0142. 30-40 cm, zostawiaj\u0105c 5-6 oczek na p\u0119dzie.<\/li>\n<\/ul>\n<\/li>\n<li><strong>Letnie przycinanie:<\/strong>\n<ul>\n<li>Po g\u0142\u00f3wnym okresie kwitnienia, cz\u0119sto mo\u017cna delikatnie przyci\u0105\u0107 r\u00f3\u017ce pn\u0105ce, aby usun\u0105\u0107 przekwit\u0142e kwiaty i promowa\u0107 kolejne fale kwitnienia, je\u015bli dana odmiana posiada tak\u0105 zdolno\u015b\u0107.<\/li>\n<\/ul>\n<\/li>\n<\/ol>\n<h4><span style=\"text-decoration: underline;\">Jak obcina\u0107 r\u00f3\u017ce pn\u0105ce?<\/span><\/h4>\n<ol>\n<li><strong>Ocena ro\u015bliny:<\/strong>\n<ul>\n<li style=\"text-align: justify;\">Na pocz\u0105tku dok\u0142adnie ocen stan swojej r\u00f3\u017cy pn\u0105cej. Zidentyfikuj g\u0142\u00f3wne, starsze p\u0119dy, kt\u00f3re stanowi\u0105 &#8220;szkielet&#8221; ro\u015bliny, oraz m\u0142odsze p\u0119dy, kt\u00f3re zazwyczaj produkuj\u0105 kwiaty.<\/li>\n<\/ul>\n<\/li>\n<li><strong>Usuwanie martwych i chorych p\u0119d\u00f3w:<\/strong>\n<ul>\n<li style=\"text-align: justify;\">Usu\u0144 wszystkie martwe, chore oraz uszkodzone p\u0119dy. To zwi\u0119ksza zdrowie ro\u015bliny i pozwala na lepsze wykorzystanie zasob\u00f3w przez zdrowe p\u0119dy.<\/li>\n<\/ul>\n<\/li>\n<li><strong>Przycinanie p\u0119d\u00f3w kwiatowych:<\/strong>\n<ul>\n<li style=\"text-align: justify;\">P\u0119dy, kt\u00f3re kwit\u0142y w poprzednim sezonie, mo\u017cna przyci\u0105\u0107 do dw\u00f3ch lub trzech p\u0105k\u00f3w od g\u0142\u00f3wnego &#8220;szkieletu&#8221; ro\u015bliny, aby stymulowa\u0107 rozw\u00f3j nowych p\u0119d\u00f3w kwiatowych.<\/li>\n<\/ul>\n<\/li>\n<li><strong>Regulacja szkieletu ro\u015bliny:<\/strong>\n<ul>\n<li style=\"text-align: justify;\">Je\u015bli to konieczne, mo\u017cesz delikatnie przyci\u0105\u0107 g\u0142\u00f3wne szkieletowe p\u0119dy, aby zachowa\u0107 form\u0119 ro\u015bliny i zapewni\u0107 jej odpowiednie wsparcie. Jednak wi\u0119kszo\u015b\u0107 r\u00f3\u017cy pn\u0105cych kwitnie na p\u0119dach co najmniej rocznych, wi\u0119c zbyt drastyczne przycinanie szkieletu mo\u017ce zmniejszy\u0107 kwitnienie.<\/li>\n<\/ul>\n<\/li>\n<li><strong>Kierowanie wzrostu:<\/strong>\n<ul>\n<li style=\"text-align: justify;\">Prowad\u017a i wi\u0105\u017c p\u0119dy w taki spos\u00f3b, aby by\u0142y roz\u0142o\u017cone r\u00f3wnomiernie. R\u00f3\u017ce pn\u0105ce kwitn\u0105 obficiej na p\u0119dach prowadzonych poziomo, poniewa\u017c taka pozycja p\u0119d\u00f3w stymuluje wi\u0119cej p\u0105k\u00f3w do wzrostu.<\/li>\n<\/ul>\n<\/li>\n<\/ol>\n<p>&nbsp;<\/p>\n<h3><span style=\"text-decoration: underline;\"><em><strong>\u2022 Jak i kiedy obcina\u0107 r\u00f3\u017ce okrywowe:<\/strong><\/em><\/span><\/h3>\n<ol>\n<li><strong>Wiosenne przycinanie:<\/strong>\n<ul>\n<li style=\"text-align: justify;\">G\u0142\u00f3wne przycinanie powinno by\u0107 wykonane wczesn\u0105 wiosn\u0105, przed rozpocz\u0119ciem aktywnego wzrostu ro\u015blin, ale po mini\u0119ciu ryzyka silnych mroz\u00f3w. Zazwyczaj jest to najlepiej robi\u0107 od p\u00f3\u017anego lutego do marca, w zale\u017cno\u015bci od strefy klimatycznej. \u2013 nie jest wymagane ci\u0119cie regularne, a tylko usuwanie p\u0119d\u00f3w starych i zdzicza\u0142ych. Co kilka lat mo\u017cna te\u017c odm\u0142adza\u0107 krzew, tn\u0105c wszystko na wys. 10-15 cm.<\/li>\n<\/ul>\n<\/li>\n<li><strong>Letnie przycinanie:<\/strong>\n<ul>\n<li>W trakcie sezonu mo\u017cna delikatnie przycina\u0107 ro\u015bliny, aby usun\u0105\u0107 przekwit\u0142e kwiaty (je\u015bli r\u00f3\u017ce okrywowe nie zrzuc\u0105 ich same) i ewentualnie korygowa\u0107 kszta\u0142t ro\u015bliny. Jest to jednak mniej krytyczne ni\u017c wiosenne przycinanie.<\/li>\n<\/ul>\n<\/li>\n<\/ol>\n<div id=\"attachment_4618\" style=\"width: 310px\" class=\"wp-caption aligncenter\"><a href=\"https:\/\/rozaria.pl\/blog\/wp-content\/uploads\/2023\/04\/ciecie_okrywowe.jpg\"><img loading=\"lazy\" decoding=\"async\" aria-describedby=\"caption-attachment-4618\" class=\"wp-image-4618 size-medium\" src=\"https:\/\/rozaria.pl\/blog\/wp-content\/uploads\/2023\/04\/ciecie_okrywowe-300x88.jpg\" alt=\"kiedy obcina\u0107 r\u00f3\u017ce okrywowe\" width=\"300\" height=\"88\" srcset=\"https:\/\/rozaria.pl\/blog\/wp-content\/uploads\/2023\/04\/ciecie_okrywowe-150x44.jpg 150w, https:\/\/rozaria.pl\/blog\/wp-content\/uploads\/2023\/04\/ciecie_okrywowe-200x58.jpg 200w, https:\/\/rozaria.pl\/blog\/wp-content\/uploads\/2023\/04\/ciecie_okrywowe-300x88.jpg 300w, https:\/\/rozaria.pl\/blog\/wp-content\/uploads\/2023\/04\/ciecie_okrywowe-400x117.jpg 400w, https:\/\/rozaria.pl\/blog\/wp-content\/uploads\/2023\/04\/ciecie_okrywowe.jpg 600w\" sizes=\"(max-width: 300px) 100vw, 300px\" \/><\/a><p id=\"caption-attachment-4618\" class=\"wp-caption-text\">odm\u0142odzenie koron r\u00f3\u017c okrywowych<\/p><\/div>\n<h3 style=\"text-align: justify;\"><span style=\"text-decoration: underline;\"><em><strong>\u2022 Jak i kiedy obcina\u0107 r\u00f3\u017ce pienne:<\/strong><\/em><\/span><\/h3>\n<h4>Kiedy przycina\u0107 r\u00f3\u017ce pienne<\/h4>\n<ul>\n<li><strong>Wczesna wiosna<\/strong>: Najlepszym czasem na przycinanie wi\u0119kszo\u015bci r\u00f3\u017c pniowych jest wczesna wiosna, tu\u017c przed rozpocz\u0119ciem sezonu wegetacyjnego, gdy ro\u015bliny s\u0105 jeszcze w stanie spoczynku. W klimatach z mro\u017anymi zimami mo\u017ce to by\u0107 p\u00f3\u017ano zima lub wczesna wiosna, zazwyczaj od lutego do kwietnia, w zale\u017cno\u015bci od lokalnych warunk\u00f3w pogodowych.<\/li>\n<li><strong>Po ostatnich przymrozkach<\/strong>: Wa\u017cne jest, aby poczeka\u0107, a\u017c minie ryzyko ostatnich przymrozk\u00f3w, aby unikn\u0105\u0107 uszkodzenia nowych p\u0119d\u00f3w przez zimno.<\/li>\n<\/ul>\n<h4>Jak przycinamy r\u00f3\u017ce pienne:<\/h4>\n<div id=\"attachment_4619\" style=\"width: 152px\" class=\"wp-caption alignright\"><a href=\"https:\/\/rozaria.pl\/blog\/wp-content\/uploads\/2023\/04\/ciecie-piennej-kopulowej1.jpg\"><img loading=\"lazy\" decoding=\"async\" aria-describedby=\"caption-attachment-4619\" class=\"wp-image-4619 size-thumbnail\" src=\"https:\/\/rozaria.pl\/blog\/wp-content\/uploads\/2023\/04\/ciecie-piennej-kopulowej1-142x150.jpg\" alt=\"ci\u0119cie r\u00f3\u017cy piennej kopu\u0142owej\" width=\"142\" height=\"150\" srcset=\"https:\/\/rozaria.pl\/blog\/wp-content\/uploads\/2023\/04\/ciecie-piennej-kopulowej1-142x150.jpg 142w, https:\/\/rozaria.pl\/blog\/wp-content\/uploads\/2023\/04\/ciecie-piennej-kopulowej1.jpg 150w\" sizes=\"(max-width: 142px) 100vw, 142px\" \/><\/a><p id=\"caption-attachment-4619\" class=\"wp-caption-text\">ci\u0119cie korony r\u00f3\u017cy piennej odmiana kopu\u0142owa (rabatowa, wielkokwiatowa)<\/p><\/div>\n<ol>\n<li>\n<p style=\"text-align: justify;\"><strong>Usuwanie martwych i uszkodzonych p\u0119d\u00f3w<\/strong>: Zacznij od usuni\u0119cia wszystkich martwych, uszkodzonych lub chorobowych p\u0119d\u00f3w. Wyci\u0105\u0107 nale\u017cy tak\u017ce p\u0119dy rosn\u0105ce wewn\u0105trz korony, aby poprawi\u0107 cyrkulacj\u0119 powietrza.<\/p>\n<\/li>\n<li>\n<p style=\"text-align: justify;\"><strong>Formowanie korony<\/strong>: Przycinaj p\u0119dy, kszta\u0142tuj\u0105c koron\u0119 ro\u015bliny. W przypadku r\u00f3\u017c piennych cz\u0119sto d\u0105\u017cy si\u0119 do utrzymania okre\u015blonego kszta\u0142tu, np. kuli. Odcinaj p\u0119dy na zewn\u0105trz, aby stymulowa\u0107 wzrost nowych p\u0119d\u00f3w wewn\u0105trz korony.<\/p>\n<\/li>\n<li>\n<p style=\"text-align: justify;\"><strong>Regulacja wysoko\u015bci<\/strong>: Je\u015bli to konieczne, mo\u017cesz r\u00f3wnie\u017c skorygowa\u0107 wysoko\u015b\u0107 ro\u015bliny przez przyci\u0119cie najwy\u017cszych p\u0119d\u00f3w. Pami\u0119taj, aby ci\u0119cia wykonywa\u0107 oko\u0142o 5 mm nad zewn\u0119trznym p\u0105kiem, kieruj\u0105c ci\u0119cie na zewn\u0105trz, aby zach\u0119ci\u0107 do rozwoju nowych p\u0119d\u00f3w na zewn\u0105trz korony.<\/p>\n<\/li>\n<li>\n<p style=\"text-align: justify;\"><strong>Przycinanie cienkich i s\u0142abych p\u0119d\u00f3w<\/strong>: Usu\u0144 cienkie i s\u0142abe p\u0119dy, kt\u00f3re nie przyczyni\u0105 si\u0119 do dobrego rozwoju ro\u015bliny. Pozostaw tylko mocne i zdrowe p\u0119dy, kt\u00f3re b\u0119d\u0105 w stanie wyprodukowa\u0107 obfite kwitnienie.<\/p>\n<\/li>\n<li>Usuwa si\u0119 te\u017c p\u0119dy dzikie od korzeni i z podk\u0142adki.<\/li>\n<\/ol>\n<p>&nbsp;<\/p>\n<h3 style=\"text-align: justify;\"><span style=\"text-decoration: underline;\"><em><strong>\u2022 <\/strong><\/em><\/span><span style=\"text-decoration: underline;\"><em><strong>Jak i kiedy obcina\u0107 r\u00f3\u017ce miniaturowe:<\/strong><\/em><\/span><\/h3>\n<h4>Kiedy przycina\u0107 r\u00f3\u017ce odmian miniaturowych:<\/h4>\n<ul>\n<li style=\"text-align: justify;\"><strong>Wczesna wiosna<\/strong>: Najlepszym czasem na przycinanie wi\u0119kszo\u015bci r\u00f3\u017c, w tym miniaturowych, jest wczesna wiosna, tu\u017c przed rozpocz\u0119ciem sezonu wegetacyjnego. Optymalny moment to zazwyczaj po ostatnich przymrozkach, ale zanim ro\u015blina zacznie intensywnie wypuszcza\u0107 nowe p\u0119dy.<\/li>\n<li style=\"text-align: justify;\"><strong>Po przekwitni\u0119ciu latem<\/strong>: Niekt\u00f3re odmiany mog\u0105 r\u00f3wnie\u017c wymaga\u0107 lekkiego przycinania po g\u0142\u00f3wnym okresie kwitnienia, aby zach\u0119ci\u0107 do ponownego kwitnienia w sezonie. Ci\u0119cie krzew\u00f3w przeprowadzamy najcz\u0119\u015bciej na wys. 15-20 cm nad ziemi\u0105.<\/li>\n<\/ul>\n<h4>Jak przycina\u0107 r\u00f3\u017ce miniaturowe:<\/h4>\n<ul>\n<li><strong>Usuwanie martwych i uszkodzonych p\u0119d\u00f3w<\/strong>: Zacznij od usuni\u0119cia wszystkich martwych, uszkodzonych lub chorobowych p\u0119d\u00f3w. Usuwaj tak\u017ce p\u0119dy, kt\u00f3re rosn\u0105 wewn\u0105trz krzewu, aby poprawi\u0107 cyrkulacj\u0119 powietrza i dost\u0119p \u015bwiat\u0142a.<\/li>\n<li><strong>Formowanie krzewu<\/strong>: Delikatnie przycinaj krzew, kszta\u0142tuj\u0105c go i zachowuj\u0105c jego proporcjonalny wygl\u0105d. R\u00f3\u017ce miniaturowe cz\u0119sto uprawia si\u0119 w celu uzyskania kompaktowego, g\u0119stego pokroju, wi\u0119c warto przycina\u0107 je tak, aby zachowa\u0107 t\u0119 form\u0119.<\/li>\n<li><strong>Regulacja wysoko\u015bci i kszta\u0142tu<\/strong>: Przycinaj najwy\u017csze p\u0119dy, aby zachowa\u0107 po\u017c\u0105dan\u0105 wysoko\u015b\u0107 i kszta\u0142t krzewu. Pami\u0119taj, by ci\u0119cia wykonywa\u0107 tu\u017c nad zewn\u0119trznym p\u0105kiem, skierowanym na zewn\u0105trz krzewu, co stymuluje wzrost nowych, zdrowych p\u0119d\u00f3w.<\/li>\n<li><strong>Przycinanie cienkich i s\u0142abych p\u0119d\u00f3w<\/strong>: Usu\u0144 s\u0142abe, cienkie p\u0119dy, kt\u00f3re nie przyczyni\u0105 si\u0119 do dobrego rozwoju ro\u015bliny. Pozostaw mocne i zdrowe p\u0119dy, kt\u00f3re zapewni\u0105 obfite kwitnienie.<\/li>\n<\/ul>\n<p>&nbsp;<\/p>\n<div id=\"924B6138_2144_DB57_39F5_0A2D171B374E\"><\/div>\n","protected":false},"excerpt":{"rendered":"<p>Przycinanie r\u00f3\u017c jest niezb\u0119dne dla zapewnienia ich zdrowego i intensywnego wzrostu, a tak\u017ce pi\u0119knego, obfitego kwitnienia. Wymagaj\u0105 tego wszystkie r\u00f3\u017ce: odmiany wielkokwiatowe, rabatowe, pn\u0105ce, a nawet miniaturowe. Kluczowe jest regularne, terminowe i prawid\u0142owe wykonywanie tego zabiegu. Poznaj zasady, kiedy i [&hellip;]<\/p>\n","protected":false},"author":1,"featured_media":4621,"comment_status":"open","ping_status":"open","sticky":false,"template":"","format":"standard","meta":{"_mi_skip_tracking":false,"_monsterinsights_sitenote_active":false,"_monsterinsights_sitenote_note":"","_monsterinsights_sitenote_category":0,"footnotes":""},"categories":[6,7],"tags":[],"yoast_head":"<!-- This site is optimized with the Yoast SEO plugin v23.5 - https:\/\/yoast.com\/wordpress\/plugins\/seo\/ -->\n<title>Kiedy obcina\u0107 r\u00f3\u017ce - blog Rozaria.pl<\/title>\n<meta name=\"description\" content=\"Kiedy obcina\u0107 r\u00f3\u017ce, jaki jest optymalny termin ci\u0119cia i czy tylko jeden raz r\u00f3\u017ce s\u0105 ci\u0119te w trakcie sezonu?!\" \/>\n<meta name=\"robots\" content=\"index, follow, max-snippet:-1, max-image-preview:large, max-video-preview:-1\" \/>\n<link rel=\"canonical\" href=\"https:\/\/rozaria.pl\/blog\/kiedy-obcinac-roze\/\" \/>\n<meta property=\"og:locale\" content=\"pl_PL\" \/>\n<meta property=\"og:type\" content=\"article\" \/>\n<meta property=\"og:title\" content=\"Kiedy obcina\u0107 r\u00f3\u017ce - blog Rozaria.pl\" \/>\n<meta property=\"og:description\" content=\"Kiedy obcina\u0107 r\u00f3\u017ce, jaki jest optymalny termin ci\u0119cia i czy tylko jeden raz r\u00f3\u017ce s\u0105 ci\u0119te w trakcie sezonu?!\" \/>\n<meta property=\"og:url\" content=\"https:\/\/rozaria.pl\/blog\/kiedy-obcinac-roze\/\" \/>\n<meta property=\"og:site_name\" content=\"blog Rozaria.pl\" \/>\n<meta property=\"article:publisher\" content=\"https:\/\/www.facebook.com\/SzkolkaRozRozaria\/\" \/>\n<meta property=\"article:published_time\" content=\"2023-04-25T13:31:49+00:00\" \/>\n<meta property=\"article:modified_time\" content=\"2024-04-03T18:38:33+00:00\" \/>\n<meta property=\"og:image\" content=\"https:\/\/rozaria.pl\/blog\/wp-content\/uploads\/2023\/04\/zdjecie-glowne.jpg\" \/>\n\t<meta property=\"og:image:width\" content=\"745\" \/>\n\t<meta property=\"og:image:height\" content=\"499\" \/>\n\t<meta property=\"og:image:type\" content=\"image\/jpeg\" \/>\n<meta name=\"author\" content=\"Rozaria.pl\" \/>\n<meta name=\"twitter:card\" content=\"summary_large_image\" \/>\n<meta name=\"twitter:creator\" content=\"@SzkolkaRozaria\" \/>\n<meta name=\"twitter:site\" content=\"@SzkolkaRozaria\" \/>\n<meta name=\"twitter:label1\" content=\"Napisane przez\" \/>\n\t<meta name=\"twitter:data1\" content=\"Rozaria.pl\" \/>\n\t<meta name=\"twitter:label2\" content=\"Szacowany czas czytania\" \/>\n\t<meta name=\"twitter:data2\" content=\"13 minut\" \/>\n<script type=\"application\/ld+json\" class=\"yoast-schema-graph\">{\"@context\":\"https:\/\/schema.org\",\"@graph\":[{\"@type\":\"Article\",\"@id\":\"https:\/\/rozaria.pl\/blog\/kiedy-obcinac-roze\/#article\",\"isPartOf\":{\"@id\":\"https:\/\/rozaria.pl\/blog\/kiedy-obcinac-roze\/\"},\"author\":{\"name\":\"Rozaria.pl\",\"@id\":\"https:\/\/rozaria.pl\/blog\/#\/schema\/person\/31b3805d5058ea1cffed1d8efb6e2513\"},\"headline\":\"Kiedy obcina\u0107 r\u00f3\u017ce\",\"datePublished\":\"2023-04-25T13:31:49+00:00\",\"dateModified\":\"2024-04-03T18:38:33+00:00\",\"mainEntityOfPage\":{\"@id\":\"https:\/\/rozaria.pl\/blog\/kiedy-obcinac-roze\/\"},\"wordCount\":2303,\"commentCount\":0,\"publisher\":{\"@id\":\"https:\/\/rozaria.pl\/blog\/#organization\"},\"image\":{\"@id\":\"https:\/\/rozaria.pl\/blog\/kiedy-obcinac-roze\/#primaryimage\"},\"thumbnailUrl\":\"https:\/\/rozaria.pl\/blog\/wp-content\/uploads\/2023\/04\/zdjecie-glowne.jpg\",\"articleSection\":[\"Piel\u0119gnacja\",\"Uprawa\"],\"inLanguage\":\"pl-PL\",\"potentialAction\":[{\"@type\":\"CommentAction\",\"name\":\"Comment\",\"target\":[\"https:\/\/rozaria.pl\/blog\/kiedy-obcinac-roze\/#respond\"]}]},{\"@type\":\"WebPage\",\"@id\":\"https:\/\/rozaria.pl\/blog\/kiedy-obcinac-roze\/\",\"url\":\"https:\/\/rozaria.pl\/blog\/kiedy-obcinac-roze\/\",\"name\":\"Kiedy obcina\u0107 r\u00f3\u017ce - blog Rozaria.pl\",\"isPartOf\":{\"@id\":\"https:\/\/rozaria.pl\/blog\/#website\"},\"primaryImageOfPage\":{\"@id\":\"https:\/\/rozaria.pl\/blog\/kiedy-obcinac-roze\/#primaryimage\"},\"image\":{\"@id\":\"https:\/\/rozaria.pl\/blog\/kiedy-obcinac-roze\/#primaryimage\"},\"thumbnailUrl\":\"https:\/\/rozaria.pl\/blog\/wp-content\/uploads\/2023\/04\/zdjecie-glowne.jpg\",\"datePublished\":\"2023-04-25T13:31:49+00:00\",\"dateModified\":\"2024-04-03T18:38:33+00:00\",\"description\":\"Kiedy obcina\u0107 r\u00f3\u017ce, jaki jest optymalny termin ci\u0119cia i czy tylko jeden raz r\u00f3\u017ce s\u0105 ci\u0119te w trakcie sezonu?!\",\"breadcrumb\":{\"@id\":\"https:\/\/rozaria.pl\/blog\/kiedy-obcinac-roze\/#breadcrumb\"},\"inLanguage\":\"pl-PL\",\"potentialAction\":[{\"@type\":\"ReadAction\",\"target\":[\"https:\/\/rozaria.pl\/blog\/kiedy-obcinac-roze\/\"]}]},{\"@type\":\"ImageObject\",\"inLanguage\":\"pl-PL\",\"@id\":\"https:\/\/rozaria.pl\/blog\/kiedy-obcinac-roze\/#primaryimage\",\"url\":\"https:\/\/rozaria.pl\/blog\/wp-content\/uploads\/2023\/04\/zdjecie-glowne.jpg\",\"contentUrl\":\"https:\/\/rozaria.pl\/blog\/wp-content\/uploads\/2023\/04\/zdjecie-glowne.jpg\",\"width\":745,\"height\":499},{\"@type\":\"BreadcrumbList\",\"@id\":\"https:\/\/rozaria.pl\/blog\/kiedy-obcinac-roze\/#breadcrumb\",\"itemListElement\":[{\"@type\":\"ListItem\",\"position\":1,\"name\":\"Strona g\u0142\u00f3wna\",\"item\":\"https:\/\/rozaria.pl\/blog\/\"},{\"@type\":\"ListItem\",\"position\":2,\"name\":\"Kiedy obcina\u0107 r\u00f3\u017ce\"}]},{\"@type\":\"WebSite\",\"@id\":\"https:\/\/rozaria.pl\/blog\/#website\",\"url\":\"https:\/\/rozaria.pl\/blog\/\",\"name\":\"blog Rozaria.pl\",\"description\":\"Porozmawiajmy o r\u00f3\u017cach, o wszystkich sprawach\",\"publisher\":{\"@id\":\"https:\/\/rozaria.pl\/blog\/#organization\"},\"potentialAction\":[{\"@type\":\"SearchAction\",\"target\":{\"@type\":\"EntryPoint\",\"urlTemplate\":\"https:\/\/rozaria.pl\/blog\/?s={search_term_string}\"},\"query-input\":{\"@type\":\"PropertyValueSpecification\",\"valueRequired\":true,\"valueName\":\"search_term_string\"}}],\"inLanguage\":\"pl-PL\"},{\"@type\":\"Organization\",\"@id\":\"https:\/\/rozaria.pl\/blog\/#organization\",\"name\":\"Szk\u00f3\u0142ka R\u00f3\u017c Rozaria\",\"url\":\"https:\/\/rozaria.pl\/blog\/\",\"logo\":{\"@type\":\"ImageObject\",\"inLanguage\":\"pl-PL\",\"@id\":\"https:\/\/rozaria.pl\/blog\/#\/schema\/logo\/image\/\",\"url\":\"https:\/\/rozaria.pl\/blog\/wp-content\/uploads\/2016\/12\/logo_dla-rozaria.png\",\"contentUrl\":\"https:\/\/rozaria.pl\/blog\/wp-content\/uploads\/2016\/12\/logo_dla-rozaria.png\",\"width\":400,\"height\":166,\"caption\":\"Szk\u00f3\u0142ka R\u00f3\u017c Rozaria\"},\"image\":{\"@id\":\"https:\/\/rozaria.pl\/blog\/#\/schema\/logo\/image\/\"},\"sameAs\":[\"https:\/\/www.facebook.com\/SzkolkaRozRozaria\/\",\"https:\/\/x.com\/SzkolkaRozaria\",\"https:\/\/www.youtube.com\/channel\/UCguKKBc7F06eYM1tzYx1Z5A\"]},{\"@type\":\"Person\",\"@id\":\"https:\/\/rozaria.pl\/blog\/#\/schema\/person\/31b3805d5058ea1cffed1d8efb6e2513\",\"name\":\"Rozaria.pl\",\"image\":{\"@type\":\"ImageObject\",\"inLanguage\":\"pl-PL\",\"@id\":\"https:\/\/rozaria.pl\/blog\/#\/schema\/person\/image\/\",\"url\":\"https:\/\/secure.gravatar.com\/avatar\/36c7e4b15b333b9fb573f9e54e7fcf52?s=96&d=mm&r=g\",\"contentUrl\":\"https:\/\/secure.gravatar.com\/avatar\/36c7e4b15b333b9fb573f9e54e7fcf52?s=96&d=mm&r=g\",\"caption\":\"Rozaria.pl\"},\"sameAs\":[\"https:\/\/www.rozaria.pl\",\"https:\/\/www.youtube.com\/channel\/UCguKKBc7F06eYM1tzYx1Z5A\"],\"url\":\"https:\/\/rozaria.pl\/blog\/author\/1rozanka\/\"}]}<\/script>\n<!-- \/ Yoast SEO plugin. -->","yoast_head_json":{"title":"Kiedy obcina\u0107 r\u00f3\u017ce - blog Rozaria.pl","description":"Kiedy obcina\u0107 r\u00f3\u017ce, jaki jest optymalny termin ci\u0119cia i czy tylko jeden raz r\u00f3\u017ce s\u0105 ci\u0119te w trakcie sezonu?!","robots":{"index":"index","follow":"follow","max-snippet":"max-snippet:-1","max-image-preview":"max-image-preview:large","max-video-preview":"max-video-preview:-1"},"canonical":"https:\/\/rozaria.pl\/blog\/kiedy-obcinac-roze\/","og_locale":"pl_PL","og_type":"article","og_title":"Kiedy obcina\u0107 r\u00f3\u017ce - blog Rozaria.pl","og_description":"Kiedy obcina\u0107 r\u00f3\u017ce, jaki jest optymalny termin ci\u0119cia i czy tylko jeden raz r\u00f3\u017ce s\u0105 ci\u0119te w trakcie sezonu?!","og_url":"https:\/\/rozaria.pl\/blog\/kiedy-obcinac-roze\/","og_site_name":"blog Rozaria.pl","article_publisher":"https:\/\/www.facebook.com\/SzkolkaRozRozaria\/","article_published_time":"2023-04-25T13:31:49+00:00","article_modified_time":"2024-04-03T18:38:33+00:00","og_image":[{"width":745,"height":499,"url":"https:\/\/rozaria.pl\/blog\/wp-content\/uploads\/2023\/04\/zdjecie-glowne.jpg","type":"image\/jpeg"}],"author":"Rozaria.pl","twitter_card":"summary_large_image","twitter_creator":"@SzkolkaRozaria","twitter_site":"@SzkolkaRozaria","twitter_misc":{"Napisane przez":"Rozaria.pl","Szacowany czas czytania":"13 minut"},"schema":{"@context":"https:\/\/schema.org","@graph":[{"@type":"Article","@id":"https:\/\/rozaria.pl\/blog\/kiedy-obcinac-roze\/#article","isPartOf":{"@id":"https:\/\/rozaria.pl\/blog\/kiedy-obcinac-roze\/"},"author":{"name":"Rozaria.pl","@id":"https:\/\/rozaria.pl\/blog\/#\/schema\/person\/31b3805d5058ea1cffed1d8efb6e2513"},"headline":"Kiedy obcina\u0107 r\u00f3\u017ce","datePublished":"2023-04-25T13:31:49+00:00","dateModified":"2024-04-03T18:38:33+00:00","mainEntityOfPage":{"@id":"https:\/\/rozaria.pl\/blog\/kiedy-obcinac-roze\/"},"wordCount":2303,"commentCount":0,"publisher":{"@id":"https:\/\/rozaria.pl\/blog\/#organization"},"image":{"@id":"https:\/\/rozaria.pl\/blog\/kiedy-obcinac-roze\/#primaryimage"},"thumbnailUrl":"https:\/\/rozaria.pl\/blog\/wp-content\/uploads\/2023\/04\/zdjecie-glowne.jpg","articleSection":["Piel\u0119gnacja","Uprawa"],"inLanguage":"pl-PL","potentialAction":[{"@type":"CommentAction","name":"Comment","target":["https:\/\/rozaria.pl\/blog\/kiedy-obcinac-roze\/#respond"]}]},{"@type":"WebPage","@id":"https:\/\/rozaria.pl\/blog\/kiedy-obcinac-roze\/","url":"https:\/\/rozaria.pl\/blog\/kiedy-obcinac-roze\/","name":"Kiedy obcina\u0107 r\u00f3\u017ce - blog Rozaria.pl","isPartOf":{"@id":"https:\/\/rozaria.pl\/blog\/#website"},"primaryImageOfPage":{"@id":"https:\/\/rozaria.pl\/blog\/kiedy-obcinac-roze\/#primaryimage"},"image":{"@id":"https:\/\/rozaria.pl\/blog\/kiedy-obcinac-roze\/#primaryimage"},"thumbnailUrl":"https:\/\/rozaria.pl\/blog\/wp-content\/uploads\/2023\/04\/zdjecie-glowne.jpg","datePublished":"2023-04-25T13:31:49+00:00","dateModified":"2024-04-03T18:38:33+00:00","description":"Kiedy obcina\u0107 r\u00f3\u017ce, jaki jest optymalny termin ci\u0119cia i czy tylko jeden raz r\u00f3\u017ce s\u0105 ci\u0119te w trakcie sezonu?!","breadcrumb":{"@id":"https:\/\/rozaria.pl\/blog\/kiedy-obcinac-roze\/#breadcrumb"},"inLanguage":"pl-PL","potentialAction":[{"@type":"ReadAction","target":["https:\/\/rozaria.pl\/blog\/kiedy-obcinac-roze\/"]}]},{"@type":"ImageObject","inLanguage":"pl-PL","@id":"https:\/\/rozaria.pl\/blog\/kiedy-obcinac-roze\/#primaryimage","url":"https:\/\/rozaria.pl\/blog\/wp-content\/uploads\/2023\/04\/zdjecie-glowne.jpg","contentUrl":"https:\/\/rozaria.pl\/blog\/wp-content\/uploads\/2023\/04\/zdjecie-glowne.jpg","width":745,"height":499},{"@type":"BreadcrumbList","@id":"https:\/\/rozaria.pl\/blog\/kiedy-obcinac-roze\/#breadcrumb","itemListElement":[{"@type":"ListItem","position":1,"name":"Strona g\u0142\u00f3wna","item":"https:\/\/rozaria.pl\/blog\/"},{"@type":"ListItem","position":2,"name":"Kiedy obcina\u0107 r\u00f3\u017ce"}]},{"@type":"WebSite","@id":"https:\/\/rozaria.pl\/blog\/#website","url":"https:\/\/rozaria.pl\/blog\/","name":"blog Rozaria.pl","description":"Porozmawiajmy o r\u00f3\u017cach, o wszystkich sprawach","publisher":{"@id":"https:\/\/rozaria.pl\/blog\/#organization"},"potentialAction":[{"@type":"SearchAction","target":{"@type":"EntryPoint","urlTemplate":"https:\/\/rozaria.pl\/blog\/?s={search_term_string}"},"query-input":{"@type":"PropertyValueSpecification","valueRequired":true,"valueName":"search_term_string"}}],"inLanguage":"pl-PL"},{"@type":"Organization","@id":"https:\/\/rozaria.pl\/blog\/#organization","name":"Szk\u00f3\u0142ka R\u00f3\u017c Rozaria","url":"https:\/\/rozaria.pl\/blog\/","logo":{"@type":"ImageObject","inLanguage":"pl-PL","@id":"https:\/\/rozaria.pl\/blog\/#\/schema\/logo\/image\/","url":"https:\/\/rozaria.pl\/blog\/wp-content\/uploads\/2016\/12\/logo_dla-rozaria.png","contentUrl":"https:\/\/rozaria.pl\/blog\/wp-content\/uploads\/2016\/12\/logo_dla-rozaria.png","width":400,"height":166,"caption":"Szk\u00f3\u0142ka R\u00f3\u017c Rozaria"},"image":{"@id":"https:\/\/rozaria.pl\/blog\/#\/schema\/logo\/image\/"},"sameAs":["https:\/\/www.facebook.com\/SzkolkaRozRozaria\/","https:\/\/x.com\/SzkolkaRozaria","https:\/\/www.youtube.com\/channel\/UCguKKBc7F06eYM1tzYx1Z5A"]},{"@type":"Person","@id":"https:\/\/rozaria.pl\/blog\/#\/schema\/person\/31b3805d5058ea1cffed1d8efb6e2513","name":"Rozaria.pl","image":{"@type":"ImageObject","inLanguage":"pl-PL","@id":"https:\/\/rozaria.pl\/blog\/#\/schema\/person\/image\/","url":"https:\/\/secure.gravatar.com\/avatar\/36c7e4b15b333b9fb573f9e54e7fcf52?s=96&d=mm&r=g","contentUrl":"https:\/\/secure.gravatar.com\/avatar\/36c7e4b15b333b9fb573f9e54e7fcf52?s=96&d=mm&r=g","caption":"Rozaria.pl"},"sameAs":["https:\/\/www.rozaria.pl","https:\/\/www.youtube.com\/channel\/UCguKKBc7F06eYM1tzYx1Z5A"],"url":"https:\/\/rozaria.pl\/blog\/author\/1rozanka\/"}]}},"_links":{"self":[{"href":"https:\/\/rozaria.pl\/blog\/wp-json\/wp\/v2\/posts\/4611"}],"collection":[{"href":"https:\/\/rozaria.pl\/blog\/wp-json\/wp\/v2\/posts"}],"about":[{"href":"https:\/\/rozaria.pl\/blog\/wp-json\/wp\/v2\/types\/post"}],"author":[{"embeddable":true,"href":"https:\/\/rozaria.pl\/blog\/wp-json\/wp\/v2\/users\/1"}],"replies":[{"embeddable":true,"href":"https:\/\/rozaria.pl\/blog\/wp-json\/wp\/v2\/comments?post=4611"}],"version-history":[{"count":7,"href":"https:\/\/rozaria.pl\/blog\/wp-json\/wp\/v2\/posts\/4611\/revisions"}],"predecessor-version":[{"id":5617,"href":"https:\/\/rozaria.pl\/blog\/wp-json\/wp\/v2\/posts\/4611\/revisions\/5617"}],"wp:featuredmedia":[{"embeddable":true,"href":"https:\/\/rozaria.pl\/blog\/wp-json\/wp\/v2\/media\/4621"}],"wp:attachment":[{"href":"https:\/\/rozaria.pl\/blog\/wp-json\/wp\/v2\/media?parent=4611"}],"wp:term":[{"taxonomy":"category","embeddable":true,"href":"https:\/\/rozaria.pl\/blog\/wp-json\/wp\/v2\/categories?post=4611"},{"taxonomy":"post_tag","embeddable":true,"href":"https:\/\/rozaria.pl\/blog\/wp-json\/wp\/v2\/tags?post=4611"}],"curies":[{"name":"wp","href":"https:\/\/api.w.org\/{rel}","templated":true}]}}