{"id":4545,"date":"2023-02-23T14:05:41","date_gmt":"2023-02-23T13:05:41","guid":{"rendered":"https:\/\/rozaria.pl\/blog\/?p=4545"},"modified":"2024-02-18T16:52:34","modified_gmt":"2024-02-18T15:52:34","slug":"kiedy-przycinac-roze","status":"publish","type":"post","link":"https:\/\/rozaria.pl\/blog\/kiedy-przycinac-roze\/","title":{"rendered":"Kiedy przycina\u0107 r\u00f3\u017ce"},"content":{"rendered":"<h2 style=\"text-align: justify;\">Przycinanie r\u00f3\u017c<\/h2>\n<p style=\"text-align: justify;\">stanowi jeden z podstawowych zabieg\u00f3w, jakie s\u0105 konieczne w uprawie tych kwiat\u00f3w. Zasady ci\u0119cia r\u00f3\u017c nie s\u0105 przy tym zbyt skomplikowane, cho\u0107 spos\u00f3b wykonania tej czynno\u015bci musi by\u0107 dostosowany do rodzaju r\u00f3\u017c, jakie mamy w ogrodzie. Nale\u017cy ponadto dok\u0142adnie wiedzie\u0107, <em><strong>kiedy przycina\u0107 r\u00f3\u017ce<\/strong><\/em>. W\u015br\u00f3d bogatej palety odmian mamy te, kt\u00f3re musz\u0105 kategorycznie zosta\u0107 przyci\u0119te corocznie, np. odmiany <a href=\"https:\/\/rozaria.pl\/roze-wielkokwiatowe\">wielkokwiatowe<\/a> oraz <a href=\"https:\/\/rozaria.pl\/roze-rabatowe\">rabatowe<\/a>, czy <a href=\"https:\/\/rozaria.pl\/roze-parkowe\">parkowe<\/a>.<\/p>\n<p><img loading=\"lazy\" decoding=\"async\" class=\"alignleft wp-image-4546 size-full\" style=\"color: #0000ee; text-align: justify;\" src=\"https:\/\/rozaria.pl\/blog\/wp-content\/uploads\/2023\/02\/sekator.jpg\" alt=\"kiedy przycina\u0107 r\u00f3\u017ce\" width=\"640\" height=\"360\" srcset=\"https:\/\/rozaria.pl\/blog\/wp-content\/uploads\/2023\/02\/sekator-150x84.jpg 150w, https:\/\/rozaria.pl\/blog\/wp-content\/uploads\/2023\/02\/sekator-200x113.jpg 200w, https:\/\/rozaria.pl\/blog\/wp-content\/uploads\/2023\/02\/sekator-300x169.jpg 300w, https:\/\/rozaria.pl\/blog\/wp-content\/uploads\/2023\/02\/sekator-400x225.jpg 400w, https:\/\/rozaria.pl\/blog\/wp-content\/uploads\/2023\/02\/sekator-600x338.jpg 600w, https:\/\/rozaria.pl\/blog\/wp-content\/uploads\/2023\/02\/sekator.jpg 640w\" sizes=\"(max-width: 640px) 100vw, 640px\" \/><\/p>\n<p style=\"text-align: justify;\">Odpowiednia piel\u0119gnacja to podstawa, a jednym z jej podstawowych zabieg\u00f3w, jest w\u0142a\u015bnie prawid\u0142owe przycinanie r\u00f3\u017c. Jest ono niezb\u0119dne w przypadku wi\u0119kszo\u015bci odmian. Polega na odpowiednim skr\u00f3ceniu p\u0119d\u00f3w r\u00f3\u017cy zaraz po jej posadzeniu i w czasie p\u00f3\u017aniejszego wieloletniego kszta\u0142towania struktury i wygl\u0105du jej krzewu. Przycinanie wywo\u0142uje bujne kwitnienie i dopuszcza do wn\u0119trza krzewu wi\u0119ksz\u0105 ilo\u015b\u0107 powietrza i \u015bwiat\u0142a. Usuwa te\u017c stare, chore i martwe p\u0119dy. By ci\u0119cie r\u00f3\u017c by\u0142o skuteczne, trzeba pami\u0119ta\u0107 o kilku niezb\u0119dnych zasadach odno\u015bnie terminu zabiegu i sposobu jego wykonania. <strong><em>Przeczytaj i sprawd\u017a kiedy przycina\u0107 r\u00f3\u017ce.<\/em><\/strong><\/p>\n<p>&nbsp;<\/p>\n<h2 style=\"text-align: justify;\"><span style=\"font-size: 14pt;\"><em><strong>Kiedy przycina\u0107 r\u00f3\u017ce?<\/strong><\/em> <\/span><\/h2>\n<p style=\"text-align: justify;\">Og\u00f3ln\u0105 zasad\u0105 jest, aby r\u00f3\u017ce po posadzeniu przycina\u0107 wiosn\u0105. <a href=\"https:\/\/rozaria.pl\/blog\/wp-content\/uploads\/2023\/02\/kiedy_przycinac_roze1.jpg\"><img loading=\"lazy\" decoding=\"async\" class=\"alignright wp-image-4547 size-medium\" src=\"https:\/\/rozaria.pl\/blog\/wp-content\/uploads\/2023\/02\/kiedy_przycinac_roze1-300x300.jpg\" alt=\"KIEDY PRZYCINA\u0106 R\u00d3\u017bE\" width=\"300\" height=\"300\" srcset=\"https:\/\/rozaria.pl\/blog\/wp-content\/uploads\/2023\/02\/kiedy_przycinac_roze1-66x66.jpg 66w, https:\/\/rozaria.pl\/blog\/wp-content\/uploads\/2023\/02\/kiedy_przycinac_roze1-150x150.jpg 150w, https:\/\/rozaria.pl\/blog\/wp-content\/uploads\/2023\/02\/kiedy_przycinac_roze1-200x199.jpg 200w, https:\/\/rozaria.pl\/blog\/wp-content\/uploads\/2023\/02\/kiedy_przycinac_roze1-300x300.jpg 300w, https:\/\/rozaria.pl\/blog\/wp-content\/uploads\/2023\/02\/kiedy_przycinac_roze1-400x399.jpg 400w, https:\/\/rozaria.pl\/blog\/wp-content\/uploads\/2023\/02\/kiedy_przycinac_roze1-600x598.jpg 600w, https:\/\/rozaria.pl\/blog\/wp-content\/uploads\/2023\/02\/kiedy_przycinac_roze1.jpg 602w\" sizes=\"(max-width: 300px) 100vw, 300px\" \/><\/a>Kiedy przycina\u0107 r\u00f3\u017ce odno\u015bnie konkretnych miesi\u0119cy? Ot\u00f3\u017c takie przycinanie g\u0142\u00f3wne nale\u017cy robi\u0107 najlepiej w po\u0142owie kwietnia, gdy p\u0105ki s\u0105 ju\u017c dobrze nabrzmia\u0142e. Niekiedy ci\u0119cie takie mo\u017cna te\u017c jednak rozpocz\u0105\u0107 ju\u017c pod koniec marca. Terminy te s\u0105 jednak tylko umowne. Wszystko zale\u017cy bowiem od pogody. W tym czasie nie mo\u017ce ju\u017c by\u0107 zagro\u017cenia, \u017ce mog\u0105 jeszcze wyst\u0105pi\u0107 jakie\u015b silniejsze przymrozki. Przymrozki mog\u0142yby pouszkadza\u0107 p\u0105ki szczytowe, kt\u00f3re znajduj\u0105 si\u0119 najbli\u017cej okolicy ci\u0119cia. Gdyby ewentualny mr\u00f3z uszkodzi\u0142 p\u0105ki r\u00f3\u017cy, zabieg ci\u0119cia nale\u017ca\u0142oby powt\u00f3rzy\u0107. W przeciwnym razie przez uszkodzone tkanki mog\u0142yby wnika\u0107 choroby grzybowe powoduj\u0105ce usychanie i zamieranie p\u0119d\u00f3w, a nawet ca\u0142ych krzew\u00f3w.<\/p>\n<p style=\"text-align: justify;\">Nowe, m\u0142ode krzewy przycina si\u0119 mocno, by zmniejszy\u0107 liczb\u0119 p\u0119d\u00f3w i li\u015bci, a przez ograniczy\u0107 transpiracj\u0119 i lepiej ukorzeni\u0107 r\u00f3\u017c\u0119. Taka obfita redukcja cz\u0119\u015bci nadziemnych zachowuje r\u00f3wnowag\u0119 ilo\u015bci p\u0119d\u00f3w w stosunku do korzeni. Mocno stymuluje to przyspieszenie przyj\u0119cia si\u0119 krzewu w nowym miejscu i zapobiega mo\u017cliwo\u015bci jego zamarcia z powodu letniej suszy. W kolejnych latach spos\u00f3b przycinania r\u00f3\u017c zale\u017cy od tego, jakiego rodzaju to s\u0105 r\u00f3\u017ce. Inaczej bowiem skraca si\u0119 p\u0119dy u r\u00f3\u017c parkowych i pn\u0105cych, a inaczej u r\u00f3\u017c piennych i wielkokwiatowych. Zawsze te\u017c dostosowuje si\u0119 to do \u0142adnej i bezdeszczowej pogody.<\/p>\n<p style=\"text-align: justify;\"><a href=\"https:\/\/rozaria.pl\/blog\/wp-content\/uploads\/2023\/02\/sadzonka-po-przycieciu.jpg\"><img loading=\"lazy\" decoding=\"async\" class=\"alignleft wp-image-4549 size-medium\" src=\"https:\/\/rozaria.pl\/blog\/wp-content\/uploads\/2023\/02\/sadzonka-po-przycieciu-300x296.jpg\" alt=\"przyci\u0119te krzewy r\u00f3\u017c\" width=\"300\" height=\"296\" srcset=\"https:\/\/rozaria.pl\/blog\/wp-content\/uploads\/2023\/02\/sadzonka-po-przycieciu-66x66.jpg 66w, https:\/\/rozaria.pl\/blog\/wp-content\/uploads\/2023\/02\/sadzonka-po-przycieciu-150x148.jpg 150w, https:\/\/rozaria.pl\/blog\/wp-content\/uploads\/2023\/02\/sadzonka-po-przycieciu-200x197.jpg 200w, https:\/\/rozaria.pl\/blog\/wp-content\/uploads\/2023\/02\/sadzonka-po-przycieciu-300x296.jpg 300w, https:\/\/rozaria.pl\/blog\/wp-content\/uploads\/2023\/02\/sadzonka-po-przycieciu-400x395.jpg 400w, https:\/\/rozaria.pl\/blog\/wp-content\/uploads\/2023\/02\/sadzonka-po-przycieciu-600x592.jpg 600w, https:\/\/rozaria.pl\/blog\/wp-content\/uploads\/2023\/02\/sadzonka-po-przycieciu.jpg 608w\" sizes=\"(max-width: 300px) 100vw, 300px\" \/><\/a><\/p>\n<p>&nbsp;<\/p>\n<h2 style=\"text-align: justify;\"><em><strong>Kiedy tniemy r\u00f3\u017ce p\u00f3\u017aniej w sezonie wegetacyjnym?<\/strong><\/em><\/h2>\n<p style=\"text-align: justify;\">P\u00f3\u017aniej w sezonie wegetacyjnym, a wi\u0119c latem i jesieni\u0105 nie przycinamy ju\u017c r\u00f3\u017c w taki spos\u00f3b, jak opisano powy\u017cej. W ci\u0105gu dalszej cz\u0119\u015bci wiosny i lata nale\u017cy jedynie usuwa\u0107 przekwit\u0142e kwiatostany r\u00f3\u017c i niepotrzebne odrosty korzeniowe. Podobnie te\u017c na jesieni ich nie przycinamy, a jedynie usuwamy im stare kwiaty i martwe ga\u0142\u0119zie.<\/p>\n<h2><span style=\"font-size: 14pt;\"><strong><em>Jak przycina\u0107 r\u00f3\u017ce \u2013 zasady og\u00f3lne.<\/em><\/strong> <\/span><\/h2>\n<p>G\u0142\u00f3wn\u0105 zasad\u0105 w przycinaniu r\u00f3\u017c, jest pozostawianie g\u0142adkiej, r\u00f3wnej i maksymalnie ma\u0142ej powierzchni ci\u0119cia oraz jego odpowiednia odleg\u0142o\u015b\u0107 0,5-0,8 cm od najni\u017cszego zdrowego p\u0105ka, wyrastaj\u0105cego najlepiej w kierunku na zewn\u0105trz krzewu. P\u0119dy rosn\u0105ce do wewn\u0105trz zbytnio zag\u0119szczaj\u0105 krzew, ocieraj\u0105 si\u0119 o siebie i rani\u0105, a do tego s\u0142abiej kwitn\u0105. Je\u015bli na p\u0119dach s\u0105 jakie\u015b uszkodzenia i zrakowacenia, to ci\u0119cie robimy jeszcze ni\u017cej.<\/p>\n<p><a style=\"text-align: justify;\" href=\"https:\/\/rozaria.pl\/blog\/wp-content\/uploads\/2023\/02\/paki-na-przycietych-rozach.jpg\"><img loading=\"lazy\" decoding=\"async\" class=\"alignright wp-image-4551 size-medium\" src=\"https:\/\/rozaria.pl\/blog\/wp-content\/uploads\/2023\/02\/paki-na-przycietych-rozach-300x225.jpg\" alt=\"KIEDY CI\u0104\u0106 R\u00d3\u017bE\" width=\"300\" height=\"225\" srcset=\"https:\/\/rozaria.pl\/blog\/wp-content\/uploads\/2023\/02\/paki-na-przycietych-rozach-150x113.jpg 150w, https:\/\/rozaria.pl\/blog\/wp-content\/uploads\/2023\/02\/paki-na-przycietych-rozach-200x150.jpg 200w, https:\/\/rozaria.pl\/blog\/wp-content\/uploads\/2023\/02\/paki-na-przycietych-rozach-300x225.jpg 300w, https:\/\/rozaria.pl\/blog\/wp-content\/uploads\/2023\/02\/paki-na-przycietych-rozach-400x300.jpg 400w, https:\/\/rozaria.pl\/blog\/wp-content\/uploads\/2023\/02\/paki-na-przycietych-rozach-600x450.jpg 600w, https:\/\/rozaria.pl\/blog\/wp-content\/uploads\/2023\/02\/paki-na-przycietych-rozach-768x576.jpg 768w, https:\/\/rozaria.pl\/blog\/wp-content\/uploads\/2023\/02\/paki-na-przycietych-rozach.jpg 800w\" sizes=\"(max-width: 300px) 100vw, 300px\" \/><\/a><\/p>\n<p>Ci\u0119cie r\u00f3\u017c przeprowadzamy tylko raz w roku na wiosn\u0119 tu\u017c przed wytworzeniem nowych p\u0119d\u00f3w. Sekator musi by\u0107 dobrze naostrzony i czysty. Nie wolno bowiem rani\u0107 i mia\u017cd\u017cy\u0107 p\u0119d\u00f3w. Przycina si\u0119 te\u017c p\u0119dy wyrastaj\u0105ce poni\u017cej miejsca szczepienia z podk\u0142adki, bo nie nale\u017c\u0105 one do zaszczepionej odmiany szlachetniej. Pozostawione mog\u0105 j\u0105 zdominowa\u0107. Ka\u017cd\u0105 ran\u0119 po ci\u0119ciu nale\u017cy zasmarowa\u0107 specjalna ma\u015bci\u0105 ogrodnicz\u0105. Mo\u017cna te\u017c zrobi\u0107 oprysk \u015brodkiem grzybob\u00f3jczym.<\/p>\n<h2>Czy warto przycina\u0107 r\u00f3\u017ce?<\/h2>\n<p style=\"text-align: justify;\">Przycinanie r\u00f3\u017c to kluczowy zabieg piel\u0119gnacyjny, kt\u00f3ry zapewnia zdrowy wzrost, obfite kwitnienie oraz estetyczny wygl\u0105d krzew\u00f3w. Dzi\u0119ki niemu, ro\u015bliny s\u0105 bardziej odporne na choroby i szkodniki, lepiej si\u0119 krzewi\u0105, a tak\u017ce maj\u0105 zapewnion\u0105 odpowiedni\u0105 cyrkulacj\u0119 powietrza. Regularne przycinanie pozwala tak\u017ce na kszta\u0142towanie ro\u015blin wed\u0142ug potrzeb ogrodnika, a tak\u017ce na usuni\u0119cie uszkodzonych i chorych cz\u0119\u015bci, co przyczynia si\u0119 do d\u0142ugowieczno\u015bci i witalno\u015bci r\u00f3\u017c.<\/p>\n","protected":false},"excerpt":{"rendered":"<p>Przycinanie r\u00f3\u017c stanowi jeden z podstawowych zabieg\u00f3w, jakie s\u0105 konieczne w uprawie tych kwiat\u00f3w. Zasady ci\u0119cia r\u00f3\u017c nie s\u0105 przy tym zbyt skomplikowane, cho\u0107 spos\u00f3b wykonania tej czynno\u015bci musi by\u0107 dostosowany do rodzaju r\u00f3\u017c, jakie mamy w ogrodzie. Nale\u017cy ponadto [&hellip;]<\/p>\n","protected":false},"author":1,"featured_media":4551,"comment_status":"open","ping_status":"open","sticky":false,"template":"","format":"standard","meta":{"_mi_skip_tracking":false,"_monsterinsights_sitenote_active":false,"_monsterinsights_sitenote_note":"","_monsterinsights_sitenote_category":0,"footnotes":""},"categories":[6,7],"tags":[26,37,57,17,25],"yoast_head":"<!-- This site is optimized with the Yoast SEO plugin v23.5 - https:\/\/yoast.com\/wordpress\/plugins\/seo\/ -->\n<title>KIEDY PRZYCINA\u0106 R\u00d3\u017bE Kiedy przycina\u0107 r\u00f3\u017ce - blog Rozaria.pl<\/title>\n<meta name=\"description\" content=\"Kiedy przycina\u0107 r\u00f3\u017ce? Idealny moment, to wczesna wiosna, nim r\u00f3\u017ce zaczn\u0105 rosn\u0105\u0107. Przycinanie, zapewnia im zdrowy wzrost i obfite kwitnienie.\" \/>\n<meta name=\"robots\" content=\"index, follow, max-snippet:-1, max-image-preview:large, max-video-preview:-1\" \/>\n<link rel=\"canonical\" href=\"https:\/\/rozaria.pl\/blog\/kiedy-przycinac-roze\/\" \/>\n<meta property=\"og:locale\" content=\"pl_PL\" \/>\n<meta property=\"og:type\" content=\"article\" \/>\n<meta property=\"og:title\" content=\"KIEDY PRZYCINA\u0106 R\u00d3\u017bE Kiedy przycina\u0107 r\u00f3\u017ce - blog Rozaria.pl\" \/>\n<meta property=\"og:description\" content=\"Kiedy przycina\u0107 r\u00f3\u017ce? Idealny moment, to wczesna wiosna, nim r\u00f3\u017ce zaczn\u0105 rosn\u0105\u0107. Przycinanie, zapewnia im zdrowy wzrost i obfite kwitnienie.\" \/>\n<meta property=\"og:url\" content=\"https:\/\/rozaria.pl\/blog\/kiedy-przycinac-roze\/\" \/>\n<meta property=\"og:site_name\" content=\"blog Rozaria.pl\" \/>\n<meta property=\"article:publisher\" content=\"https:\/\/www.facebook.com\/SzkolkaRozRozaria\/\" \/>\n<meta property=\"article:published_time\" content=\"2023-02-23T13:05:41+00:00\" \/>\n<meta property=\"article:modified_time\" content=\"2024-02-18T15:52:34+00:00\" \/>\n<meta property=\"og:image\" content=\"https:\/\/rozaria.pl\/blog\/wp-content\/uploads\/2023\/02\/paki-na-przycietych-rozach.jpg\" \/>\n\t<meta property=\"og:image:width\" content=\"800\" \/>\n\t<meta property=\"og:image:height\" content=\"600\" \/>\n\t<meta property=\"og:image:type\" content=\"image\/jpeg\" \/>\n<meta name=\"author\" content=\"Rozaria.pl\" \/>\n<meta name=\"twitter:card\" content=\"summary_large_image\" \/>\n<meta name=\"twitter:creator\" content=\"@SzkolkaRozaria\" \/>\n<meta name=\"twitter:site\" content=\"@SzkolkaRozaria\" \/>\n<meta name=\"twitter:label1\" content=\"Napisane przez\" \/>\n\t<meta name=\"twitter:data1\" content=\"Rozaria.pl\" \/>\n\t<meta name=\"twitter:label2\" content=\"Szacowany czas czytania\" \/>\n\t<meta name=\"twitter:data2\" content=\"5 minut\" \/>\n<script type=\"application\/ld+json\" class=\"yoast-schema-graph\">{\"@context\":\"https:\/\/schema.org\",\"@graph\":[{\"@type\":\"Article\",\"@id\":\"https:\/\/rozaria.pl\/blog\/kiedy-przycinac-roze\/#article\",\"isPartOf\":{\"@id\":\"https:\/\/rozaria.pl\/blog\/kiedy-przycinac-roze\/\"},\"author\":{\"name\":\"Rozaria.pl\",\"@id\":\"https:\/\/rozaria.pl\/blog\/#\/schema\/person\/31b3805d5058ea1cffed1d8efb6e2513\"},\"headline\":\"Kiedy przycina\u0107 r\u00f3\u017ce\",\"datePublished\":\"2023-02-23T13:05:41+00:00\",\"dateModified\":\"2024-02-18T15:52:34+00:00\",\"mainEntityOfPage\":{\"@id\":\"https:\/\/rozaria.pl\/blog\/kiedy-przycinac-roze\/\"},\"wordCount\":776,\"commentCount\":0,\"publisher\":{\"@id\":\"https:\/\/rozaria.pl\/blog\/#organization\"},\"image\":{\"@id\":\"https:\/\/rozaria.pl\/blog\/kiedy-przycinac-roze\/#primaryimage\"},\"thumbnailUrl\":\"https:\/\/rozaria.pl\/blog\/wp-content\/uploads\/2023\/02\/paki-na-przycietych-rozach.jpg\",\"keywords\":[\"kiedy przycina\u0107 r\u00f3\u017ce\",\"piel\u0119gnacja r\u00f3\u017c\",\"porz\u0105dki w\u015br\u00f3d r\u00f3\u017c\",\"r\u00f3\u017ce ci\u0119cie\",\"r\u00f3\u017ce przycinanie\"],\"articleSection\":[\"Piel\u0119gnacja\",\"Uprawa\"],\"inLanguage\":\"pl-PL\",\"potentialAction\":[{\"@type\":\"CommentAction\",\"name\":\"Comment\",\"target\":[\"https:\/\/rozaria.pl\/blog\/kiedy-przycinac-roze\/#respond\"]}]},{\"@type\":\"WebPage\",\"@id\":\"https:\/\/rozaria.pl\/blog\/kiedy-przycinac-roze\/\",\"url\":\"https:\/\/rozaria.pl\/blog\/kiedy-przycinac-roze\/\",\"name\":\"KIEDY PRZYCINA\u0106 R\u00d3\u017bE Kiedy przycina\u0107 r\u00f3\u017ce - blog Rozaria.pl\",\"isPartOf\":{\"@id\":\"https:\/\/rozaria.pl\/blog\/#website\"},\"primaryImageOfPage\":{\"@id\":\"https:\/\/rozaria.pl\/blog\/kiedy-przycinac-roze\/#primaryimage\"},\"image\":{\"@id\":\"https:\/\/rozaria.pl\/blog\/kiedy-przycinac-roze\/#primaryimage\"},\"thumbnailUrl\":\"https:\/\/rozaria.pl\/blog\/wp-content\/uploads\/2023\/02\/paki-na-przycietych-rozach.jpg\",\"datePublished\":\"2023-02-23T13:05:41+00:00\",\"dateModified\":\"2024-02-18T15:52:34+00:00\",\"description\":\"Kiedy przycina\u0107 r\u00f3\u017ce? Idealny moment, to wczesna wiosna, nim r\u00f3\u017ce zaczn\u0105 rosn\u0105\u0107. Przycinanie, zapewnia im zdrowy wzrost i obfite kwitnienie.\",\"breadcrumb\":{\"@id\":\"https:\/\/rozaria.pl\/blog\/kiedy-przycinac-roze\/#breadcrumb\"},\"inLanguage\":\"pl-PL\",\"potentialAction\":[{\"@type\":\"ReadAction\",\"target\":[\"https:\/\/rozaria.pl\/blog\/kiedy-przycinac-roze\/\"]}]},{\"@type\":\"ImageObject\",\"inLanguage\":\"pl-PL\",\"@id\":\"https:\/\/rozaria.pl\/blog\/kiedy-przycinac-roze\/#primaryimage\",\"url\":\"https:\/\/rozaria.pl\/blog\/wp-content\/uploads\/2023\/02\/paki-na-przycietych-rozach.jpg\",\"contentUrl\":\"https:\/\/rozaria.pl\/blog\/wp-content\/uploads\/2023\/02\/paki-na-przycietych-rozach.jpg\",\"width\":800,\"height\":600,\"caption\":\"przyci\u0119te krzewy r\u00f3\u017c wiosn\u0105 p\u0105ki\"},{\"@type\":\"BreadcrumbList\",\"@id\":\"https:\/\/rozaria.pl\/blog\/kiedy-przycinac-roze\/#breadcrumb\",\"itemListElement\":[{\"@type\":\"ListItem\",\"position\":1,\"name\":\"Strona g\u0142\u00f3wna\",\"item\":\"https:\/\/rozaria.pl\/blog\/\"},{\"@type\":\"ListItem\",\"position\":2,\"name\":\"Kiedy przycina\u0107 r\u00f3\u017ce\"}]},{\"@type\":\"WebSite\",\"@id\":\"https:\/\/rozaria.pl\/blog\/#website\",\"url\":\"https:\/\/rozaria.pl\/blog\/\",\"name\":\"blog Rozaria.pl\",\"description\":\"Porozmawiajmy o r\u00f3\u017cach, o wszystkich sprawach\",\"publisher\":{\"@id\":\"https:\/\/rozaria.pl\/blog\/#organization\"},\"potentialAction\":[{\"@type\":\"SearchAction\",\"target\":{\"@type\":\"EntryPoint\",\"urlTemplate\":\"https:\/\/rozaria.pl\/blog\/?s={search_term_string}\"},\"query-input\":{\"@type\":\"PropertyValueSpecification\",\"valueRequired\":true,\"valueName\":\"search_term_string\"}}],\"inLanguage\":\"pl-PL\"},{\"@type\":\"Organization\",\"@id\":\"https:\/\/rozaria.pl\/blog\/#organization\",\"name\":\"Szk\u00f3\u0142ka R\u00f3\u017c Rozaria\",\"url\":\"https:\/\/rozaria.pl\/blog\/\",\"logo\":{\"@type\":\"ImageObject\",\"inLanguage\":\"pl-PL\",\"@id\":\"https:\/\/rozaria.pl\/blog\/#\/schema\/logo\/image\/\",\"url\":\"https:\/\/rozaria.pl\/blog\/wp-content\/uploads\/2016\/12\/logo_dla-rozaria.png\",\"contentUrl\":\"https:\/\/rozaria.pl\/blog\/wp-content\/uploads\/2016\/12\/logo_dla-rozaria.png\",\"width\":400,\"height\":166,\"caption\":\"Szk\u00f3\u0142ka R\u00f3\u017c Rozaria\"},\"image\":{\"@id\":\"https:\/\/rozaria.pl\/blog\/#\/schema\/logo\/image\/\"},\"sameAs\":[\"https:\/\/www.facebook.com\/SzkolkaRozRozaria\/\",\"https:\/\/x.com\/SzkolkaRozaria\",\"https:\/\/www.youtube.com\/channel\/UCguKKBc7F06eYM1tzYx1Z5A\"]},{\"@type\":\"Person\",\"@id\":\"https:\/\/rozaria.pl\/blog\/#\/schema\/person\/31b3805d5058ea1cffed1d8efb6e2513\",\"name\":\"Rozaria.pl\",\"image\":{\"@type\":\"ImageObject\",\"inLanguage\":\"pl-PL\",\"@id\":\"https:\/\/rozaria.pl\/blog\/#\/schema\/person\/image\/\",\"url\":\"https:\/\/secure.gravatar.com\/avatar\/36c7e4b15b333b9fb573f9e54e7fcf52?s=96&d=mm&r=g\",\"contentUrl\":\"https:\/\/secure.gravatar.com\/avatar\/36c7e4b15b333b9fb573f9e54e7fcf52?s=96&d=mm&r=g\",\"caption\":\"Rozaria.pl\"},\"sameAs\":[\"https:\/\/www.rozaria.pl\",\"https:\/\/www.youtube.com\/channel\/UCguKKBc7F06eYM1tzYx1Z5A\"],\"url\":\"https:\/\/rozaria.pl\/blog\/author\/1rozanka\/\"}]}<\/script>\n<!-- \/ Yoast SEO plugin. -->","yoast_head_json":{"title":"KIEDY PRZYCINA\u0106 R\u00d3\u017bE Kiedy przycina\u0107 r\u00f3\u017ce - blog Rozaria.pl","description":"Kiedy przycina\u0107 r\u00f3\u017ce? Idealny moment, to wczesna wiosna, nim r\u00f3\u017ce zaczn\u0105 rosn\u0105\u0107. Przycinanie, zapewnia im zdrowy wzrost i obfite kwitnienie.","robots":{"index":"index","follow":"follow","max-snippet":"max-snippet:-1","max-image-preview":"max-image-preview:large","max-video-preview":"max-video-preview:-1"},"canonical":"https:\/\/rozaria.pl\/blog\/kiedy-przycinac-roze\/","og_locale":"pl_PL","og_type":"article","og_title":"KIEDY PRZYCINA\u0106 R\u00d3\u017bE Kiedy przycina\u0107 r\u00f3\u017ce - blog Rozaria.pl","og_description":"Kiedy przycina\u0107 r\u00f3\u017ce? Idealny moment, to wczesna wiosna, nim r\u00f3\u017ce zaczn\u0105 rosn\u0105\u0107. Przycinanie, zapewnia im zdrowy wzrost i obfite kwitnienie.","og_url":"https:\/\/rozaria.pl\/blog\/kiedy-przycinac-roze\/","og_site_name":"blog Rozaria.pl","article_publisher":"https:\/\/www.facebook.com\/SzkolkaRozRozaria\/","article_published_time":"2023-02-23T13:05:41+00:00","article_modified_time":"2024-02-18T15:52:34+00:00","og_image":[{"width":800,"height":600,"url":"https:\/\/rozaria.pl\/blog\/wp-content\/uploads\/2023\/02\/paki-na-przycietych-rozach.jpg","type":"image\/jpeg"}],"author":"Rozaria.pl","twitter_card":"summary_large_image","twitter_creator":"@SzkolkaRozaria","twitter_site":"@SzkolkaRozaria","twitter_misc":{"Napisane przez":"Rozaria.pl","Szacowany czas czytania":"5 minut"},"schema":{"@context":"https:\/\/schema.org","@graph":[{"@type":"Article","@id":"https:\/\/rozaria.pl\/blog\/kiedy-przycinac-roze\/#article","isPartOf":{"@id":"https:\/\/rozaria.pl\/blog\/kiedy-przycinac-roze\/"},"author":{"name":"Rozaria.pl","@id":"https:\/\/rozaria.pl\/blog\/#\/schema\/person\/31b3805d5058ea1cffed1d8efb6e2513"},"headline":"Kiedy przycina\u0107 r\u00f3\u017ce","datePublished":"2023-02-23T13:05:41+00:00","dateModified":"2024-02-18T15:52:34+00:00","mainEntityOfPage":{"@id":"https:\/\/rozaria.pl\/blog\/kiedy-przycinac-roze\/"},"wordCount":776,"commentCount":0,"publisher":{"@id":"https:\/\/rozaria.pl\/blog\/#organization"},"image":{"@id":"https:\/\/rozaria.pl\/blog\/kiedy-przycinac-roze\/#primaryimage"},"thumbnailUrl":"https:\/\/rozaria.pl\/blog\/wp-content\/uploads\/2023\/02\/paki-na-przycietych-rozach.jpg","keywords":["kiedy przycina\u0107 r\u00f3\u017ce","piel\u0119gnacja r\u00f3\u017c","porz\u0105dki w\u015br\u00f3d r\u00f3\u017c","r\u00f3\u017ce ci\u0119cie","r\u00f3\u017ce przycinanie"],"articleSection":["Piel\u0119gnacja","Uprawa"],"inLanguage":"pl-PL","potentialAction":[{"@type":"CommentAction","name":"Comment","target":["https:\/\/rozaria.pl\/blog\/kiedy-przycinac-roze\/#respond"]}]},{"@type":"WebPage","@id":"https:\/\/rozaria.pl\/blog\/kiedy-przycinac-roze\/","url":"https:\/\/rozaria.pl\/blog\/kiedy-przycinac-roze\/","name":"KIEDY PRZYCINA\u0106 R\u00d3\u017bE Kiedy przycina\u0107 r\u00f3\u017ce - blog Rozaria.pl","isPartOf":{"@id":"https:\/\/rozaria.pl\/blog\/#website"},"primaryImageOfPage":{"@id":"https:\/\/rozaria.pl\/blog\/kiedy-przycinac-roze\/#primaryimage"},"image":{"@id":"https:\/\/rozaria.pl\/blog\/kiedy-przycinac-roze\/#primaryimage"},"thumbnailUrl":"https:\/\/rozaria.pl\/blog\/wp-content\/uploads\/2023\/02\/paki-na-przycietych-rozach.jpg","datePublished":"2023-02-23T13:05:41+00:00","dateModified":"2024-02-18T15:52:34+00:00","description":"Kiedy przycina\u0107 r\u00f3\u017ce? Idealny moment, to wczesna wiosna, nim r\u00f3\u017ce zaczn\u0105 rosn\u0105\u0107. Przycinanie, zapewnia im zdrowy wzrost i obfite kwitnienie.","breadcrumb":{"@id":"https:\/\/rozaria.pl\/blog\/kiedy-przycinac-roze\/#breadcrumb"},"inLanguage":"pl-PL","potentialAction":[{"@type":"ReadAction","target":["https:\/\/rozaria.pl\/blog\/kiedy-przycinac-roze\/"]}]},{"@type":"ImageObject","inLanguage":"pl-PL","@id":"https:\/\/rozaria.pl\/blog\/kiedy-przycinac-roze\/#primaryimage","url":"https:\/\/rozaria.pl\/blog\/wp-content\/uploads\/2023\/02\/paki-na-przycietych-rozach.jpg","contentUrl":"https:\/\/rozaria.pl\/blog\/wp-content\/uploads\/2023\/02\/paki-na-przycietych-rozach.jpg","width":800,"height":600,"caption":"przyci\u0119te krzewy r\u00f3\u017c wiosn\u0105 p\u0105ki"},{"@type":"BreadcrumbList","@id":"https:\/\/rozaria.pl\/blog\/kiedy-przycinac-roze\/#breadcrumb","itemListElement":[{"@type":"ListItem","position":1,"name":"Strona g\u0142\u00f3wna","item":"https:\/\/rozaria.pl\/blog\/"},{"@type":"ListItem","position":2,"name":"Kiedy przycina\u0107 r\u00f3\u017ce"}]},{"@type":"WebSite","@id":"https:\/\/rozaria.pl\/blog\/#website","url":"https:\/\/rozaria.pl\/blog\/","name":"blog Rozaria.pl","description":"Porozmawiajmy o r\u00f3\u017cach, o wszystkich sprawach","publisher":{"@id":"https:\/\/rozaria.pl\/blog\/#organization"},"potentialAction":[{"@type":"SearchAction","target":{"@type":"EntryPoint","urlTemplate":"https:\/\/rozaria.pl\/blog\/?s={search_term_string}"},"query-input":{"@type":"PropertyValueSpecification","valueRequired":true,"valueName":"search_term_string"}}],"inLanguage":"pl-PL"},{"@type":"Organization","@id":"https:\/\/rozaria.pl\/blog\/#organization","name":"Szk\u00f3\u0142ka R\u00f3\u017c Rozaria","url":"https:\/\/rozaria.pl\/blog\/","logo":{"@type":"ImageObject","inLanguage":"pl-PL","@id":"https:\/\/rozaria.pl\/blog\/#\/schema\/logo\/image\/","url":"https:\/\/rozaria.pl\/blog\/wp-content\/uploads\/2016\/12\/logo_dla-rozaria.png","contentUrl":"https:\/\/rozaria.pl\/blog\/wp-content\/uploads\/2016\/12\/logo_dla-rozaria.png","width":400,"height":166,"caption":"Szk\u00f3\u0142ka R\u00f3\u017c Rozaria"},"image":{"@id":"https:\/\/rozaria.pl\/blog\/#\/schema\/logo\/image\/"},"sameAs":["https:\/\/www.facebook.com\/SzkolkaRozRozaria\/","https:\/\/x.com\/SzkolkaRozaria","https:\/\/www.youtube.com\/channel\/UCguKKBc7F06eYM1tzYx1Z5A"]},{"@type":"Person","@id":"https:\/\/rozaria.pl\/blog\/#\/schema\/person\/31b3805d5058ea1cffed1d8efb6e2513","name":"Rozaria.pl","image":{"@type":"ImageObject","inLanguage":"pl-PL","@id":"https:\/\/rozaria.pl\/blog\/#\/schema\/person\/image\/","url":"https:\/\/secure.gravatar.com\/avatar\/36c7e4b15b333b9fb573f9e54e7fcf52?s=96&d=mm&r=g","contentUrl":"https:\/\/secure.gravatar.com\/avatar\/36c7e4b15b333b9fb573f9e54e7fcf52?s=96&d=mm&r=g","caption":"Rozaria.pl"},"sameAs":["https:\/\/www.rozaria.pl","https:\/\/www.youtube.com\/channel\/UCguKKBc7F06eYM1tzYx1Z5A"],"url":"https:\/\/rozaria.pl\/blog\/author\/1rozanka\/"}]}},"_links":{"self":[{"href":"https:\/\/rozaria.pl\/blog\/wp-json\/wp\/v2\/posts\/4545"}],"collection":[{"href":"https:\/\/rozaria.pl\/blog\/wp-json\/wp\/v2\/posts"}],"about":[{"href":"https:\/\/rozaria.pl\/blog\/wp-json\/wp\/v2\/types\/post"}],"author":[{"embeddable":true,"href":"https:\/\/rozaria.pl\/blog\/wp-json\/wp\/v2\/users\/1"}],"replies":[{"embeddable":true,"href":"https:\/\/rozaria.pl\/blog\/wp-json\/wp\/v2\/comments?post=4545"}],"version-history":[{"count":11,"href":"https:\/\/rozaria.pl\/blog\/wp-json\/wp\/v2\/posts\/4545\/revisions"}],"predecessor-version":[{"id":5379,"href":"https:\/\/rozaria.pl\/blog\/wp-json\/wp\/v2\/posts\/4545\/revisions\/5379"}],"wp:featuredmedia":[{"embeddable":true,"href":"https:\/\/rozaria.pl\/blog\/wp-json\/wp\/v2\/media\/4551"}],"wp:attachment":[{"href":"https:\/\/rozaria.pl\/blog\/wp-json\/wp\/v2\/media?parent=4545"}],"wp:term":[{"taxonomy":"category","embeddable":true,"href":"https:\/\/rozaria.pl\/blog\/wp-json\/wp\/v2\/categories?post=4545"},{"taxonomy":"post_tag","embeddable":true,"href":"https:\/\/rozaria.pl\/blog\/wp-json\/wp\/v2\/tags?post=4545"}],"curies":[{"name":"wp","href":"https:\/\/api.w.org\/{rel}","templated":true}]}}