{"id":4491,"date":"2022-01-01T12:49:06","date_gmt":"2022-01-01T11:49:06","guid":{"rendered":"https:\/\/rozaria.pl\/blog\/?p=4491"},"modified":"2024-02-13T12:57:54","modified_gmt":"2024-02-13T11:57:54","slug":"historia-jednej-konfitury","status":"publish","type":"post","link":"https:\/\/rozaria.pl\/blog\/historia-jednej-konfitury\/","title":{"rendered":"R\u00f3\u017ca na konfitury"},"content":{"rendered":"<h2>Odkrywanie Magii R\u00f3\u017c Przez Konfitury<\/h2>\n<p style=\"text-align: justify;\">Ten artyku\u0142 pokazuje, jak pocz\u0105tkowa fascynacja konfiturami z p\u0142atk\u00f3w r\u00f3\u017cy mo\u017ce przerodzi\u0107 si\u0119 w g\u0142\u0119bok\u0105 pasj\u0119 do hodowli r\u00f3\u017c i eksperymentowania z r\u00f3\u017cnorodnymi odmianami tych pi\u0119knych kwiat\u00f3w. <span style=\"text-decoration: underline;\"><strong><em>R\u00f3\u017ca na konfitury<\/em><\/strong><\/span>, to by\u0142 tylko pocz\u0105tek przygody.<\/p>\n<h2>Pocz\u0105tek Pasji: <em>Konfitury<\/em> z P\u0142atk\u00f3w <em>R\u00f3\u017cy<a href=\"https:\/\/rozaria.pl\/blog\/wp-content\/uploads\/2022\/01\/kwiaty-roz.jpg\"><img loading=\"lazy\" decoding=\"async\" class=\"alignright wp-image-4493 size-full\" src=\"https:\/\/rozaria.pl\/blog\/wp-content\/uploads\/2022\/01\/kwiaty-roz.jpg\" alt=\"r\u00f3\u017ca na konfitury\" width=\"512\" height=\"384\" srcset=\"https:\/\/rozaria.pl\/blog\/wp-content\/uploads\/2022\/01\/kwiaty-roz-150x113.jpg 150w, https:\/\/rozaria.pl\/blog\/wp-content\/uploads\/2022\/01\/kwiaty-roz-200x150.jpg 200w, https:\/\/rozaria.pl\/blog\/wp-content\/uploads\/2022\/01\/kwiaty-roz-300x225.jpg 300w, https:\/\/rozaria.pl\/blog\/wp-content\/uploads\/2022\/01\/kwiaty-roz-400x300.jpg 400w, https:\/\/rozaria.pl\/blog\/wp-content\/uploads\/2022\/01\/kwiaty-roz.jpg 512w\" sizes=\"(max-width: 512px) 100vw, 512px\" \/><\/a><\/em><\/h2>\n<p style=\"text-align: justify;\"><span style=\"font-weight: 400; font-size: 14pt;\">A zacz\u0119\u0142o si\u0119 od s\u0142oiczka zniewalaj\u0105cych, przepysznych konfitur z p\u0142atk\u00f3w r\u00f3\u017cy. Dosta\u0142am je od pewnej wdzi\u0119cznej starszej\u00a0pani. Nie mog\u0142am w\u00f3wczas wyj\u015b\u0107 z podziwu dla smaku, ale i pracy jak\u0105 trzeba by\u0142o w\u0142o\u017cy\u0107, aby zrobi\u0107 takie cudo!<\/span><\/p>\n<p style=\"text-align: justify;\"><span style=\"font-weight: 400; font-size: 14pt;\">Dlaczego akurat mnie staruszka obdarowa\u0142a tak pracoch\u0142onnym przetworem? Nie wiem.<\/span><\/p>\n<p>&nbsp;<\/p>\n<p style=\"text-align: justify;\"><span style=\"font-weight: 400; font-size: 14pt;\">Z ka\u017cdego p\u0142atka, nale\u017cy oderwa\u0107 jasny koniuszek, kt\u00f3rym by\u0142 on umocowany do kwiatu (gdy\u017c tam znajduje si\u0119 goryczka). A nast\u0119pnie, nale\u017cy p\u0142atki najlepiej r\u0119cznie drewnian\u0105 kul\u0105 utrze\u0107 z cukrem\u00a0w makutrze. Zajmie to TROCH\u0118 czasu, bo trzeba to zrobi\u0107 bardzo starannie.<\/span><\/p>\n<p style=\"text-align: justify;\"><span style=\"font-weight: 400; font-size: 14pt;\">Ale warto, wierzcie. Aromat jest tak intensywny, \u017ce do p\u0105czk\u00f3w nie daj\u0119 samej konfitury, lecz mieszam j\u0105 wcze\u015bniej z inn\u0105 owocow\u0105 a i tak dominowa\u0107 b\u0119dzie r\u00f3\u017ca.<\/span><\/p>\n<p style=\"text-align: justify;\"><span style=\"font-weight: 400; font-size: 14pt;\">Niestety jak wszystko i te delicje te\u017c si\u0119 sko\u0144czy\u0142y. Jednak pragnienie, aby samej zrobi\u0107 co\u015b takiego, pozosta\u0142o.<\/span><\/p>\n<h2>Pierwsze Kroki w \u015awiecie R\u00f3\u017c<\/h2>\n<p style=\"text-align: justify;\"><span style=\"font-weight: 400; font-size: 14pt;\"><a href=\"https:\/\/rozaria.pl\/roze-parkowe-louise-odier\"><img loading=\"lazy\" decoding=\"async\" class=\"alignleft wp-image-5301 size-full\" src=\"https:\/\/rozaria.pl\/blog\/wp-content\/uploads\/2022\/01\/louise_odier_roza_na_konfitury.jpg\" alt=\"roza na konfitury Louise Odier\" width=\"984\" height=\"600\" srcset=\"https:\/\/rozaria.pl\/blog\/wp-content\/uploads\/2022\/01\/louise_odier_roza_na_konfitury-150x91.jpg 150w, https:\/\/rozaria.pl\/blog\/wp-content\/uploads\/2022\/01\/louise_odier_roza_na_konfitury-200x122.jpg 200w, https:\/\/rozaria.pl\/blog\/wp-content\/uploads\/2022\/01\/louise_odier_roza_na_konfitury-300x183.jpg 300w, https:\/\/rozaria.pl\/blog\/wp-content\/uploads\/2022\/01\/louise_odier_roza_na_konfitury-400x244.jpg 400w, https:\/\/rozaria.pl\/blog\/wp-content\/uploads\/2022\/01\/louise_odier_roza_na_konfitury-600x366.jpg 600w, https:\/\/rozaria.pl\/blog\/wp-content\/uploads\/2022\/01\/louise_odier_roza_na_konfitury-768x468.jpg 768w, https:\/\/rozaria.pl\/blog\/wp-content\/uploads\/2022\/01\/louise_odier_roza_na_konfitury-800x488.jpg 800w, https:\/\/rozaria.pl\/blog\/wp-content\/uploads\/2022\/01\/louise_odier_roza_na_konfitury.jpg 984w\" sizes=\"(max-width: 984px) 100vw, 984px\" \/><\/a>Zacz\u0119\u0142am wi\u0119c poszukiwania r\u00f3\u017c o jadalnych p\u0142atkach i wspania\u0142ym aromacie.\u00a0<\/span><span style=\"font-weight: 400; font-size: 14pt;\">Tak oto zawita\u0142a do mego ogrodu r\u00f3\u017ca stulistna oraz<a href=\"https:\/\/rozaria.pl\/roze-parkowe-louise-odier\"> r\u00f3\u017ca parkowa Louis Odier<\/a>. W zesz\u0142ym roku kwiat\u00f3w by\u0142o jeszcze troch\u0119 za ma\u0142o na przetwory, ale w tym kto wie, mo\u017ce ta wielka chwila ju\u017c nadchodzi. Mo\u017ce to b\u0119dzie moja ulubiona r\u00f3\u017ca na konfitury?<\/span><\/p>\n<h2>Poszerzanie Kolekcji<\/h2>\n<p style=\"text-align: justify;\"><span style=\"font-weight: 400; font-size: 14pt;\">Po r\u00f3\u017cach jadalnych\u00a0przyszed\u0142 czas na pi\u0119kny klomb z r\u00f3\u017cami wielkokwiatowymi w naszej gminie\u2026 . Tak, tak, jecha\u0142y\u015bmy z s\u0105siadk\u0105 na rowerze i nie mo\u017cna by\u0142o od nich oczu oderwa\u0107. Zauroczy\u0142y nas tak, \u017ce postanowi\u0142y\u015bmy spr\u00f3bowa\u0107 zrobi\u0107 z nich w\u0142asne sadzonki. <\/span><\/p>\n<h2>Moje Pierwsze Do\u015bwiadczenia z Rozmna\u017caniem<\/h2>\n<p style=\"text-align: justify;\"><span style=\"font-weight: 400; font-size: 14pt;\">Pami\u0105tk\u0105, po tym nie do ko\u0144ca udanym eksperymencie jest rosn\u0105cy jeden jedyny krzaczek.<\/span><\/p>\n<p style=\"text-align: justify;\"><span style=\"font-weight: 400; font-size: 14pt;\">Co prawda nawet nie wiem jakiego koloru b\u0119d\u0105 kwiaty \u2013 ale to nie wa\u017cne. To moja pierwsza r\u00f3\u017ca, kt\u00f3r\u0105 sama wyhodowa\u0142am!!!<\/span><\/p>\n<h2><a href=\"https:\/\/rozaria.pl\/blog\/wp-content\/uploads\/2022\/01\/piekna-roza.jpg\"><img loading=\"lazy\" decoding=\"async\" class=\"alignleft wp-image-4492 size-medium\" src=\"https:\/\/rozaria.pl\/blog\/wp-content\/uploads\/2022\/01\/piekna-roza-225x300.jpg\" alt=\"r\u00f3\u017ca na konfitury\" width=\"225\" height=\"300\" srcset=\"https:\/\/rozaria.pl\/blog\/wp-content\/uploads\/2022\/01\/piekna-roza-113x150.jpg 113w, https:\/\/rozaria.pl\/blog\/wp-content\/uploads\/2022\/01\/piekna-roza-200x267.jpg 200w, https:\/\/rozaria.pl\/blog\/wp-content\/uploads\/2022\/01\/piekna-roza-225x300.jpg 225w, https:\/\/rozaria.pl\/blog\/wp-content\/uploads\/2022\/01\/piekna-roza.jpg 384w\" sizes=\"(max-width: 225px) 100vw, 225px\" \/><\/a>Rozw\u00f3j Pasji i Kolekcji<\/h2>\n<p style=\"text-align: justify;\"><span style=\"font-weight: 400; font-size: 14pt;\">I tak oto, co rusz w moim ogrodzie goszcz\u0105 nowe przedstawicielki tego gatunku. Przedtem, nie mia\u0142am ich wcale. R\u00f3\u017ce zawsze by\u0142y dla mnie takie z kolcami, no wiecie &#8211; skomplikowane.<\/span><\/p>\n<p style=\"text-align: justify;\"><span style=\"font-weight: 400; font-size: 14pt;\">Niezbyt urodzajna ziemia wko\u0142o domu te\u017c nie obiecywa\u0142a wielkich sukces\u00f3w ogrodniczych. <\/span><\/p>\n<h2>Wytrwa\u0142o\u015b\u0107 i Bakcyl Ogrodniczy<\/h2>\n<p style=\"text-align: justify;\"><span style=\"font-weight: 400; font-size: 14pt;\">ALE TA KONFITURA Z R\u00d3\u017bY &#8230; No nie wiem, bakcyl jaki czy co? Spokoju mi nie daje!\u00a0<\/span><\/p>\n<h2>Edukacja i Pierwsze Sukcesy<\/h2>\n<p style=\"text-align: justify;\"><span style=\"font-weight: 400; font-size: 14pt;\">Zacz\u0119\u0142am czyta\u0107 o tych kwiatach, ich piel\u0119gnacji o stanowisku uprawy \u2013 pomy\u015bla\u0142am spr\u00f3buj\u0119 to si\u0119 przekonam, czy taki ten diabe\u0142 straszny!\u00a0<\/span><\/p>\n<p style=\"text-align: justify;\"><span style=\"font-weight: 400; font-size: 14pt;\">Mam du\u017cy, stary, blisko 50-cio letni sad, wiosn\u0105 zawsze sadz\u0119 w nim kolejne drzewa na miejsce tych kt\u00f3re trzeba by\u0142o\u00a0ju\u017c wykarczowa\u0107.<\/span><\/p>\n<p style=\"text-align: justify;\"><span style=\"font-weight: 400; font-size: 14pt;\">Szk\u00f3\u0142karz, u kt\u00f3rego na wiosn\u0119 sk\u0142adam rokrocznie wizyt\u0119, tym razem jako bonus zaproponowa\u0142: aby wzi\u0105\u0107 sobie r\u00f3\u017ce, ostatnie kt\u00f3re mu zosta\u0142y. Poza informacj\u0105, \u017ce s\u0105 to r\u00f3\u017ce wielkokwiatowe i jaki maj\u0105 kolor, nie wiele mi by\u0142o o nich wiadomo.<\/span><\/p>\n<p style=\"text-align: justify;\"><span style=\"font-weight: 400; font-size: 14pt;\">Jedna niestety usch\u0142a, ale pozosta\u0142e cieszy\u0142y oczy przez ca\u0142e lato wielkimi i pi\u0119knymi kwiatami.<a href=\"https:\/\/rozaria.pl\/blog\/wp-content\/uploads\/2022\/01\/roza_ogrod.jpg\"><img loading=\"lazy\" decoding=\"async\" class=\"aligncenter wp-image-5305 size-full\" src=\"https:\/\/rozaria.pl\/blog\/wp-content\/uploads\/2022\/01\/roza_ogrod.jpg\" alt=\"R\u00d3\u017bE W OGRODZIE\" width=\"800\" height=\"533\" srcset=\"https:\/\/rozaria.pl\/blog\/wp-content\/uploads\/2022\/01\/roza_ogrod-150x100.jpg 150w, https:\/\/rozaria.pl\/blog\/wp-content\/uploads\/2022\/01\/roza_ogrod-200x133.jpg 200w, https:\/\/rozaria.pl\/blog\/wp-content\/uploads\/2022\/01\/roza_ogrod-300x200.jpg 300w, https:\/\/rozaria.pl\/blog\/wp-content\/uploads\/2022\/01\/roza_ogrod-400x267.jpg 400w, https:\/\/rozaria.pl\/blog\/wp-content\/uploads\/2022\/01\/roza_ogrod-600x400.jpg 600w, https:\/\/rozaria.pl\/blog\/wp-content\/uploads\/2022\/01\/roza_ogrod-768x512.jpg 768w, https:\/\/rozaria.pl\/blog\/wp-content\/uploads\/2022\/01\/roza_ogrod.jpg 800w\" sizes=\"(max-width: 800px) 100vw, 800px\" \/><\/a><\/span><\/p>\n<h2>Odkrycia i Niespodzianki<\/h2>\n<p style=\"text-align: justify;\"><span style=\"font-size: 14pt;\"><span style=\"font-weight: 400;\">Innym razem pewna letnia eskapada, zaowocowa\u0142a znalezieniem w przydro\u017cnym rowie pewnej \u015blicznotki. Ta r\u00f3\u017cyczka mia\u0142a bardzo d\u0142ugie 2-3 metrowe p\u0119dy, obsypane na ko\u0144cach mn\u00f3stwem ma\u0142ych, ale pe\u0142nych kwiat\u00f3w. By\u0142y one intensywnie r\u00f3\u017cowe i nie pachnia\u0142y.<\/span><span style=\"font-weight: 400;\">\u00a0<\/span><\/span><span style=\"font-weight: 400; font-size: 14pt;\">Wigor z jakim ta ro\u015blina radzi\u0142a sobie po\u015br\u00f3d chaszczy, m\u00f3wi\u0142 wiele o jej wytrwa\u0142o\u015bci. Ale te\u017c i ziemia w tym miejscu, nie by\u0142a taka jak wsz\u0119dzie. By\u0142o w niej du\u017co pr\u00f3chnicy, prawie wcale kamieni i mia\u0142a taki ciemno &#8211; brunatny kolor.<\/span><\/p>\n<p style=\"text-align: justify;\"><span style=\"font-weight: 400; font-size: 14pt;\">O wykopaniu jej nie by\u0142o mowy!\u00a0G\u0119stwina wszelakich badyli skutecznie ostudzi\u0142a moje zap\u0119dy, a kolce podrapa\u0142y r\u0119ce.\u00a0 Jednak kilka zdrewnia\u0142ych p\u0119d\u00f3w zabranych do domu i wsadzonych do mokrego piasku ju\u017c pod koniec lata\u00a0wypu\u015bci\u0142o pierwsze ga\u0142\u0105zki. Sadzonki ju\u017c rosn\u0105- co cieszy mnie niezmiernie.<\/span><\/p>\n<h2>Ratunek dla R\u00f3\u017c od Dzia\u0142kowc\u00f3w<\/h2>\n<p style=\"text-align: justify;\"><span style=\"font-weight: 400; font-size: 14pt;\">Nie opodal naszego domu trwa przebudowa drogi. Inwestycja ta jest do\u015b\u0107 sporych\u00a0rozmiar\u00f3w, wi\u0119c kilkana\u015bcie okolicznych ogr\u00f3dk\u00f3w dzia\u0142kowych uleg\u0142o likwidacji. Teren zosta\u0142 wst\u0119pnie wyr\u00f3wnany i oczyszczony. Dzia\u0142kowicze co mogli to pozabierali, ale nie wszystko. Wiele ro\u015blin czeka\u0142 smutny asfaltowo &#8211; betonowy los.<\/span><\/p>\n<p style=\"text-align: justify;\"><span style=\"font-weight: 400; font-size: 14pt;\">Jad\u0105c samochodem, k\u0105tem oka\u00a0zarejestrowa\u0142am\u00a0na \u015brodku tego pobojowiska r\u00f3\u017cow\u0105 plam\u0119. Kilka dni p\u00f3\u017aniej wr\u00f3ci\u0142am tam z szpadlem, by zaprosi\u0107 do siebie zgo\u0142a inn\u0105 r\u00f3\u017c\u0119 od poprzednich.<\/span><\/p>\n<p style=\"text-align: justify;\"><span style=\"font-weight: 400; font-size: 14pt;\">Pokiereszowana, po\u0142amana, kilkuletnia zapewne ju\u017c r\u00f3\u017ca mia\u0142a tylko par\u0119 kikut\u00f3w, na kt\u00f3rych p\u0105czk\u00f3w i pustych pi\u0119ciop\u0142atkowych kwiat\u00f3w mimo ko\u0144ca pa\u017adziernika by\u0142o w br\u00f3d.<\/span><\/p>\n<p>&nbsp;<\/p>\n<p style=\"text-align: justify;\"><span style=\"font-weight: 400; font-size: 14pt;\">D\u0142ugo trwa\u0142o wykopywanie tej bohaterki, bo korzenie zd\u0105\u017cy\u0142y si\u0119 ju\u017c g\u0142\u0119boko posadowi\u0107, ale jestem dobrej my\u015bli&#8230;. W ko\u0144cu w tym miejscu ju\u017c nic dobrego jej czeka\u0107 nie mog\u0142o. R\u00f3\u017c\u0119 przyci\u0119\u0142am dosy\u0107 mocno, zabezpieczy\u0142am skr\u00f3cone korzenie ma\u015bci\u0105 ogrodnicz\u0105.<\/span><\/p>\n<p style=\"text-align: justify;\"><span style=\"font-weight: 400; font-size: 14pt;\">Posadzi\u0142am\u00a0w miejscu bardziej odpowiednim ni\u017c \u015brodek placu budowy i okopczykowa\u0142am przed zim\u0105. Teraz lata doczeka\u0107 ju\u017c si\u0119 nie mog\u0119.<\/span><\/p>\n<h2><span style=\"text-decoration: underline;\"><em><strong>R\u00f3\u017ca<\/strong><\/em><\/span> owocowa <em><span style=\"text-decoration: underline;\">na konfitury<\/span><\/em><a href=\"https:\/\/rozaria.pl\/blog\/wp-content\/uploads\/2022\/01\/karpatia_owoc_roza_na_przetwory.jpg\"><img loading=\"lazy\" decoding=\"async\" class=\"alignright wp-image-5304 size-medium\" src=\"https:\/\/rozaria.pl\/blog\/wp-content\/uploads\/2022\/01\/karpatia_owoc_roza_na_przetwory-300x300.jpg\" alt=\"karpatia r\u00f3\u017ca na konfitury\" width=\"300\" height=\"300\" srcset=\"https:\/\/rozaria.pl\/blog\/wp-content\/uploads\/2022\/01\/karpatia_owoc_roza_na_przetwory-66x66.jpg 66w, https:\/\/rozaria.pl\/blog\/wp-content\/uploads\/2022\/01\/karpatia_owoc_roza_na_przetwory-150x150.jpg 150w, https:\/\/rozaria.pl\/blog\/wp-content\/uploads\/2022\/01\/karpatia_owoc_roza_na_przetwory-200x200.jpg 200w, https:\/\/rozaria.pl\/blog\/wp-content\/uploads\/2022\/01\/karpatia_owoc_roza_na_przetwory-300x300.jpg 300w, https:\/\/rozaria.pl\/blog\/wp-content\/uploads\/2022\/01\/karpatia_owoc_roza_na_przetwory-400x400.jpg 400w, https:\/\/rozaria.pl\/blog\/wp-content\/uploads\/2022\/01\/karpatia_owoc_roza_na_przetwory.jpg 600w\" sizes=\"(max-width: 300px) 100vw, 300px\" \/><\/a><\/h2>\n<p style=\"text-align: justify;\"><span style=\"font-weight: 400; font-size: 14pt;\">No i mamy ju\u017c zim\u0119. Pomy\u015bla\u0142am, to od kwiatk\u00f3w sobie odpoczn\u0119, a tu: znowu r\u00f3\u017ca, zim\u0105 z przemarzni\u0119tymi owocami \u015bniegiem w szczerym polu obsypana! A to skarb, cho\u0107 ju\u017c nie taki pachn\u0105cy i kwiatami nie uwodzi!<\/span><\/p>\n<p style=\"text-align: justify;\"><span style=\"font-weight: 400; font-size: 14pt;\">Trzeba te owoce koniecznie pozrywa\u0107, umy\u0107, obra\u0107 i do garnuszka. Zala\u0107 wod\u0105 &#8211; pogotowa\u0107, przetrze\u0107 przez sito dos\u0142odzi\u0107 i do s\u0142oiczk\u00f3w. Bomba z witamin\u0105 C gotowa. A jak smakuje? Z konfitur\u0105 z p\u0142atk\u00f3w &#8211; nie wygra, tu nie ma cudownego aromatu kwiat\u00f3w, ale jest inny subtelny, \u0142agodniejszy i bardzo przyjemny\u00a0w smaku. Taki aksamitny a zarazem delikatnie kwaskowy to co\u015b dla konesera i osoby ceni\u0105cej nowe smaki.\u00a0<\/span><\/p>\n<h2>Zako\u0144czenie: Nowe Smaki r\u00f3\u017canych konfitur mam nadziej\u0119 jeszcze przed mn\u0105<\/h2>\n<p style=\"text-align: justify;\"><span style=\"font-weight: 400; font-size: 14pt;\">Do \u015bwie\u017cutkiej pachn\u0105cej bu\u0142eczki z mas\u0142em jak znalaz\u0142.\u00a0<\/span><\/p>\n<p style=\"text-align: justify;\"><span style=\"font-weight: 400; font-size: 14pt;\">Gabriela G\u00f3ralczyk z Opola<\/span><\/p>\n<p>&nbsp;<\/p>\n","protected":false},"excerpt":{"rendered":"<p>Odkrywanie Magii R\u00f3\u017c Przez Konfitury Ten artyku\u0142 pokazuje, jak pocz\u0105tkowa fascynacja konfiturami z p\u0142atk\u00f3w r\u00f3\u017cy mo\u017ce przerodzi\u0107 si\u0119 w g\u0142\u0119bok\u0105 pasj\u0119 do hodowli r\u00f3\u017c i eksperymentowania z r\u00f3\u017cnorodnymi odmianami tych pi\u0119knych kwiat\u00f3w. R\u00f3\u017ca na konfitury, to by\u0142 tylko pocz\u0105tek przygody. [&hellip;]<\/p>\n","protected":false},"author":11,"featured_media":4493,"comment_status":"open","ping_status":"open","sticky":false,"template":"","format":"standard","meta":{"_mi_skip_tracking":false,"_monsterinsights_sitenote_active":false,"_monsterinsights_sitenote_note":"","_monsterinsights_sitenote_category":0,"footnotes":""},"categories":[111],"tags":[],"yoast_head":"<!-- This site is optimized with the Yoast SEO plugin v23.5 - https:\/\/yoast.com\/wordpress\/plugins\/seo\/ -->\n<title>R\u00f3\u017ca na konfitury R\u00f3\u017ca na konfitury - blog Rozaria.pl<\/title>\n<meta name=\"description\" content=\"Jaka jest idealna r\u00f3\u017ca na konfitury? Fascynacja konfiturami z p\u0142atk\u00f3w r\u00f3\u017cy mo\u017ce przerodzi\u0107 si\u0119 w g\u0142\u0119bok\u0105 pasj\u0119 do hodowli r\u00f3\u017c.\" \/>\n<meta name=\"robots\" content=\"index, follow, max-snippet:-1, max-image-preview:large, max-video-preview:-1\" \/>\n<link rel=\"canonical\" href=\"https:\/\/rozaria.pl\/blog\/historia-jednej-konfitury\/\" \/>\n<meta property=\"og:locale\" content=\"pl_PL\" \/>\n<meta property=\"og:type\" content=\"article\" \/>\n<meta property=\"og:title\" content=\"R\u00f3\u017ca na konfitury R\u00f3\u017ca na konfitury - blog Rozaria.pl\" \/>\n<meta property=\"og:description\" content=\"Jaka jest idealna r\u00f3\u017ca na konfitury? Fascynacja konfiturami z p\u0142atk\u00f3w r\u00f3\u017cy mo\u017ce przerodzi\u0107 si\u0119 w g\u0142\u0119bok\u0105 pasj\u0119 do hodowli r\u00f3\u017c.\" \/>\n<meta property=\"og:url\" content=\"https:\/\/rozaria.pl\/blog\/historia-jednej-konfitury\/\" \/>\n<meta property=\"og:site_name\" content=\"blog Rozaria.pl\" \/>\n<meta property=\"article:publisher\" content=\"https:\/\/www.facebook.com\/SzkolkaRozRozaria\/\" \/>\n<meta property=\"article:published_time\" content=\"2022-01-01T11:49:06+00:00\" \/>\n<meta property=\"article:modified_time\" content=\"2024-02-13T11:57:54+00:00\" \/>\n<meta property=\"og:image\" content=\"https:\/\/rozaria.pl\/blog\/wp-content\/uploads\/2022\/01\/kwiaty-roz.jpg\" \/>\n\t<meta property=\"og:image:width\" content=\"512\" \/>\n\t<meta property=\"og:image:height\" content=\"384\" \/>\n\t<meta property=\"og:image:type\" content=\"image\/jpeg\" \/>\n<meta name=\"author\" content=\"Rozaria.pl\" \/>\n<meta name=\"twitter:card\" content=\"summary_large_image\" \/>\n<meta name=\"twitter:creator\" content=\"@SzkolkaRozaria\" \/>\n<meta name=\"twitter:site\" content=\"@SzkolkaRozaria\" \/>\n<meta name=\"twitter:label1\" content=\"Napisane przez\" \/>\n\t<meta name=\"twitter:data1\" content=\"Rozaria.pl\" \/>\n\t<meta name=\"twitter:label2\" content=\"Szacowany czas czytania\" \/>\n\t<meta name=\"twitter:data2\" content=\"7 minut\" \/>\n<script type=\"application\/ld+json\" class=\"yoast-schema-graph\">{\"@context\":\"https:\/\/schema.org\",\"@graph\":[{\"@type\":\"Article\",\"@id\":\"https:\/\/rozaria.pl\/blog\/historia-jednej-konfitury\/#article\",\"isPartOf\":{\"@id\":\"https:\/\/rozaria.pl\/blog\/historia-jednej-konfitury\/\"},\"author\":{\"name\":\"Rozaria.pl\",\"@id\":\"https:\/\/rozaria.pl\/blog\/#\/schema\/person\/e0b63ce2682f026a88828a7772e9ac22\"},\"headline\":\"R\u00f3\u017ca na konfitury\",\"datePublished\":\"2022-01-01T11:49:06+00:00\",\"dateModified\":\"2024-02-13T11:57:54+00:00\",\"mainEntityOfPage\":{\"@id\":\"https:\/\/rozaria.pl\/blog\/historia-jednej-konfitury\/\"},\"wordCount\":1116,\"commentCount\":2,\"publisher\":{\"@id\":\"https:\/\/rozaria.pl\/blog\/#organization\"},\"image\":{\"@id\":\"https:\/\/rozaria.pl\/blog\/historia-jednej-konfitury\/#primaryimage\"},\"thumbnailUrl\":\"https:\/\/rozaria.pl\/blog\/wp-content\/uploads\/2022\/01\/kwiaty-roz.jpg\",\"articleSection\":[\"Historie\"],\"inLanguage\":\"pl-PL\",\"potentialAction\":[{\"@type\":\"CommentAction\",\"name\":\"Comment\",\"target\":[\"https:\/\/rozaria.pl\/blog\/historia-jednej-konfitury\/#respond\"]}]},{\"@type\":\"WebPage\",\"@id\":\"https:\/\/rozaria.pl\/blog\/historia-jednej-konfitury\/\",\"url\":\"https:\/\/rozaria.pl\/blog\/historia-jednej-konfitury\/\",\"name\":\"R\u00f3\u017ca na konfitury R\u00f3\u017ca na konfitury - blog Rozaria.pl\",\"isPartOf\":{\"@id\":\"https:\/\/rozaria.pl\/blog\/#website\"},\"primaryImageOfPage\":{\"@id\":\"https:\/\/rozaria.pl\/blog\/historia-jednej-konfitury\/#primaryimage\"},\"image\":{\"@id\":\"https:\/\/rozaria.pl\/blog\/historia-jednej-konfitury\/#primaryimage\"},\"thumbnailUrl\":\"https:\/\/rozaria.pl\/blog\/wp-content\/uploads\/2022\/01\/kwiaty-roz.jpg\",\"datePublished\":\"2022-01-01T11:49:06+00:00\",\"dateModified\":\"2024-02-13T11:57:54+00:00\",\"description\":\"Jaka jest idealna r\u00f3\u017ca na konfitury? Fascynacja konfiturami z p\u0142atk\u00f3w r\u00f3\u017cy mo\u017ce przerodzi\u0107 si\u0119 w g\u0142\u0119bok\u0105 pasj\u0119 do hodowli r\u00f3\u017c.\",\"breadcrumb\":{\"@id\":\"https:\/\/rozaria.pl\/blog\/historia-jednej-konfitury\/#breadcrumb\"},\"inLanguage\":\"pl-PL\",\"potentialAction\":[{\"@type\":\"ReadAction\",\"target\":[\"https:\/\/rozaria.pl\/blog\/historia-jednej-konfitury\/\"]}]},{\"@type\":\"ImageObject\",\"inLanguage\":\"pl-PL\",\"@id\":\"https:\/\/rozaria.pl\/blog\/historia-jednej-konfitury\/#primaryimage\",\"url\":\"https:\/\/rozaria.pl\/blog\/wp-content\/uploads\/2022\/01\/kwiaty-roz.jpg\",\"contentUrl\":\"https:\/\/rozaria.pl\/blog\/wp-content\/uploads\/2022\/01\/kwiaty-roz.jpg\",\"width\":512,\"height\":384,\"caption\":\"kwiaty r\u00f3\u017c\"},{\"@type\":\"BreadcrumbList\",\"@id\":\"https:\/\/rozaria.pl\/blog\/historia-jednej-konfitury\/#breadcrumb\",\"itemListElement\":[{\"@type\":\"ListItem\",\"position\":1,\"name\":\"Strona g\u0142\u00f3wna\",\"item\":\"https:\/\/rozaria.pl\/blog\/\"},{\"@type\":\"ListItem\",\"position\":2,\"name\":\"R\u00f3\u017ca na konfitury\"}]},{\"@type\":\"WebSite\",\"@id\":\"https:\/\/rozaria.pl\/blog\/#website\",\"url\":\"https:\/\/rozaria.pl\/blog\/\",\"name\":\"blog Rozaria.pl\",\"description\":\"Porozmawiajmy o r\u00f3\u017cach, o wszystkich sprawach\",\"publisher\":{\"@id\":\"https:\/\/rozaria.pl\/blog\/#organization\"},\"potentialAction\":[{\"@type\":\"SearchAction\",\"target\":{\"@type\":\"EntryPoint\",\"urlTemplate\":\"https:\/\/rozaria.pl\/blog\/?s={search_term_string}\"},\"query-input\":{\"@type\":\"PropertyValueSpecification\",\"valueRequired\":true,\"valueName\":\"search_term_string\"}}],\"inLanguage\":\"pl-PL\"},{\"@type\":\"Organization\",\"@id\":\"https:\/\/rozaria.pl\/blog\/#organization\",\"name\":\"Szk\u00f3\u0142ka R\u00f3\u017c Rozaria\",\"url\":\"https:\/\/rozaria.pl\/blog\/\",\"logo\":{\"@type\":\"ImageObject\",\"inLanguage\":\"pl-PL\",\"@id\":\"https:\/\/rozaria.pl\/blog\/#\/schema\/logo\/image\/\",\"url\":\"https:\/\/rozaria.pl\/blog\/wp-content\/uploads\/2016\/12\/logo_dla-rozaria.png\",\"contentUrl\":\"https:\/\/rozaria.pl\/blog\/wp-content\/uploads\/2016\/12\/logo_dla-rozaria.png\",\"width\":400,\"height\":166,\"caption\":\"Szk\u00f3\u0142ka R\u00f3\u017c Rozaria\"},\"image\":{\"@id\":\"https:\/\/rozaria.pl\/blog\/#\/schema\/logo\/image\/\"},\"sameAs\":[\"https:\/\/www.facebook.com\/SzkolkaRozRozaria\/\",\"https:\/\/x.com\/SzkolkaRozaria\",\"https:\/\/www.youtube.com\/channel\/UCguKKBc7F06eYM1tzYx1Z5A\"]},{\"@type\":\"Person\",\"@id\":\"https:\/\/rozaria.pl\/blog\/#\/schema\/person\/e0b63ce2682f026a88828a7772e9ac22\",\"name\":\"Rozaria.pl\",\"image\":{\"@type\":\"ImageObject\",\"inLanguage\":\"pl-PL\",\"@id\":\"https:\/\/rozaria.pl\/blog\/#\/schema\/person\/image\/\",\"url\":\"https:\/\/secure.gravatar.com\/avatar\/a617f0796bdf5b31b93d812b41809f25?s=96&d=mm&r=g\",\"contentUrl\":\"https:\/\/secure.gravatar.com\/avatar\/a617f0796bdf5b31b93d812b41809f25?s=96&d=mm&r=g\",\"caption\":\"Rozaria.pl\"},\"url\":\"https:\/\/rozaria.pl\/blog\/author\/pp\/\"}]}<\/script>\n<!-- \/ Yoast SEO plugin. -->","yoast_head_json":{"title":"R\u00f3\u017ca na konfitury R\u00f3\u017ca na konfitury - blog Rozaria.pl","description":"Jaka jest idealna r\u00f3\u017ca na konfitury? Fascynacja konfiturami z p\u0142atk\u00f3w r\u00f3\u017cy mo\u017ce przerodzi\u0107 si\u0119 w g\u0142\u0119bok\u0105 pasj\u0119 do hodowli r\u00f3\u017c.","robots":{"index":"index","follow":"follow","max-snippet":"max-snippet:-1","max-image-preview":"max-image-preview:large","max-video-preview":"max-video-preview:-1"},"canonical":"https:\/\/rozaria.pl\/blog\/historia-jednej-konfitury\/","og_locale":"pl_PL","og_type":"article","og_title":"R\u00f3\u017ca na konfitury R\u00f3\u017ca na konfitury - blog Rozaria.pl","og_description":"Jaka jest idealna r\u00f3\u017ca na konfitury? Fascynacja konfiturami z p\u0142atk\u00f3w r\u00f3\u017cy mo\u017ce przerodzi\u0107 si\u0119 w g\u0142\u0119bok\u0105 pasj\u0119 do hodowli r\u00f3\u017c.","og_url":"https:\/\/rozaria.pl\/blog\/historia-jednej-konfitury\/","og_site_name":"blog Rozaria.pl","article_publisher":"https:\/\/www.facebook.com\/SzkolkaRozRozaria\/","article_published_time":"2022-01-01T11:49:06+00:00","article_modified_time":"2024-02-13T11:57:54+00:00","og_image":[{"width":512,"height":384,"url":"https:\/\/rozaria.pl\/blog\/wp-content\/uploads\/2022\/01\/kwiaty-roz.jpg","type":"image\/jpeg"}],"author":"Rozaria.pl","twitter_card":"summary_large_image","twitter_creator":"@SzkolkaRozaria","twitter_site":"@SzkolkaRozaria","twitter_misc":{"Napisane przez":"Rozaria.pl","Szacowany czas czytania":"7 minut"},"schema":{"@context":"https:\/\/schema.org","@graph":[{"@type":"Article","@id":"https:\/\/rozaria.pl\/blog\/historia-jednej-konfitury\/#article","isPartOf":{"@id":"https:\/\/rozaria.pl\/blog\/historia-jednej-konfitury\/"},"author":{"name":"Rozaria.pl","@id":"https:\/\/rozaria.pl\/blog\/#\/schema\/person\/e0b63ce2682f026a88828a7772e9ac22"},"headline":"R\u00f3\u017ca na konfitury","datePublished":"2022-01-01T11:49:06+00:00","dateModified":"2024-02-13T11:57:54+00:00","mainEntityOfPage":{"@id":"https:\/\/rozaria.pl\/blog\/historia-jednej-konfitury\/"},"wordCount":1116,"commentCount":2,"publisher":{"@id":"https:\/\/rozaria.pl\/blog\/#organization"},"image":{"@id":"https:\/\/rozaria.pl\/blog\/historia-jednej-konfitury\/#primaryimage"},"thumbnailUrl":"https:\/\/rozaria.pl\/blog\/wp-content\/uploads\/2022\/01\/kwiaty-roz.jpg","articleSection":["Historie"],"inLanguage":"pl-PL","potentialAction":[{"@type":"CommentAction","name":"Comment","target":["https:\/\/rozaria.pl\/blog\/historia-jednej-konfitury\/#respond"]}]},{"@type":"WebPage","@id":"https:\/\/rozaria.pl\/blog\/historia-jednej-konfitury\/","url":"https:\/\/rozaria.pl\/blog\/historia-jednej-konfitury\/","name":"R\u00f3\u017ca na konfitury R\u00f3\u017ca na konfitury - blog Rozaria.pl","isPartOf":{"@id":"https:\/\/rozaria.pl\/blog\/#website"},"primaryImageOfPage":{"@id":"https:\/\/rozaria.pl\/blog\/historia-jednej-konfitury\/#primaryimage"},"image":{"@id":"https:\/\/rozaria.pl\/blog\/historia-jednej-konfitury\/#primaryimage"},"thumbnailUrl":"https:\/\/rozaria.pl\/blog\/wp-content\/uploads\/2022\/01\/kwiaty-roz.jpg","datePublished":"2022-01-01T11:49:06+00:00","dateModified":"2024-02-13T11:57:54+00:00","description":"Jaka jest idealna r\u00f3\u017ca na konfitury? Fascynacja konfiturami z p\u0142atk\u00f3w r\u00f3\u017cy mo\u017ce przerodzi\u0107 si\u0119 w g\u0142\u0119bok\u0105 pasj\u0119 do hodowli r\u00f3\u017c.","breadcrumb":{"@id":"https:\/\/rozaria.pl\/blog\/historia-jednej-konfitury\/#breadcrumb"},"inLanguage":"pl-PL","potentialAction":[{"@type":"ReadAction","target":["https:\/\/rozaria.pl\/blog\/historia-jednej-konfitury\/"]}]},{"@type":"ImageObject","inLanguage":"pl-PL","@id":"https:\/\/rozaria.pl\/blog\/historia-jednej-konfitury\/#primaryimage","url":"https:\/\/rozaria.pl\/blog\/wp-content\/uploads\/2022\/01\/kwiaty-roz.jpg","contentUrl":"https:\/\/rozaria.pl\/blog\/wp-content\/uploads\/2022\/01\/kwiaty-roz.jpg","width":512,"height":384,"caption":"kwiaty r\u00f3\u017c"},{"@type":"BreadcrumbList","@id":"https:\/\/rozaria.pl\/blog\/historia-jednej-konfitury\/#breadcrumb","itemListElement":[{"@type":"ListItem","position":1,"name":"Strona g\u0142\u00f3wna","item":"https:\/\/rozaria.pl\/blog\/"},{"@type":"ListItem","position":2,"name":"R\u00f3\u017ca na konfitury"}]},{"@type":"WebSite","@id":"https:\/\/rozaria.pl\/blog\/#website","url":"https:\/\/rozaria.pl\/blog\/","name":"blog Rozaria.pl","description":"Porozmawiajmy o r\u00f3\u017cach, o wszystkich sprawach","publisher":{"@id":"https:\/\/rozaria.pl\/blog\/#organization"},"potentialAction":[{"@type":"SearchAction","target":{"@type":"EntryPoint","urlTemplate":"https:\/\/rozaria.pl\/blog\/?s={search_term_string}"},"query-input":{"@type":"PropertyValueSpecification","valueRequired":true,"valueName":"search_term_string"}}],"inLanguage":"pl-PL"},{"@type":"Organization","@id":"https:\/\/rozaria.pl\/blog\/#organization","name":"Szk\u00f3\u0142ka R\u00f3\u017c Rozaria","url":"https:\/\/rozaria.pl\/blog\/","logo":{"@type":"ImageObject","inLanguage":"pl-PL","@id":"https:\/\/rozaria.pl\/blog\/#\/schema\/logo\/image\/","url":"https:\/\/rozaria.pl\/blog\/wp-content\/uploads\/2016\/12\/logo_dla-rozaria.png","contentUrl":"https:\/\/rozaria.pl\/blog\/wp-content\/uploads\/2016\/12\/logo_dla-rozaria.png","width":400,"height":166,"caption":"Szk\u00f3\u0142ka R\u00f3\u017c Rozaria"},"image":{"@id":"https:\/\/rozaria.pl\/blog\/#\/schema\/logo\/image\/"},"sameAs":["https:\/\/www.facebook.com\/SzkolkaRozRozaria\/","https:\/\/x.com\/SzkolkaRozaria","https:\/\/www.youtube.com\/channel\/UCguKKBc7F06eYM1tzYx1Z5A"]},{"@type":"Person","@id":"https:\/\/rozaria.pl\/blog\/#\/schema\/person\/e0b63ce2682f026a88828a7772e9ac22","name":"Rozaria.pl","image":{"@type":"ImageObject","inLanguage":"pl-PL","@id":"https:\/\/rozaria.pl\/blog\/#\/schema\/person\/image\/","url":"https:\/\/secure.gravatar.com\/avatar\/a617f0796bdf5b31b93d812b41809f25?s=96&d=mm&r=g","contentUrl":"https:\/\/secure.gravatar.com\/avatar\/a617f0796bdf5b31b93d812b41809f25?s=96&d=mm&r=g","caption":"Rozaria.pl"},"url":"https:\/\/rozaria.pl\/blog\/author\/pp\/"}]}},"_links":{"self":[{"href":"https:\/\/rozaria.pl\/blog\/wp-json\/wp\/v2\/posts\/4491"}],"collection":[{"href":"https:\/\/rozaria.pl\/blog\/wp-json\/wp\/v2\/posts"}],"about":[{"href":"https:\/\/rozaria.pl\/blog\/wp-json\/wp\/v2\/types\/post"}],"author":[{"embeddable":true,"href":"https:\/\/rozaria.pl\/blog\/wp-json\/wp\/v2\/users\/11"}],"replies":[{"embeddable":true,"href":"https:\/\/rozaria.pl\/blog\/wp-json\/wp\/v2\/comments?post=4491"}],"version-history":[{"count":8,"href":"https:\/\/rozaria.pl\/blog\/wp-json\/wp\/v2\/posts\/4491\/revisions"}],"predecessor-version":[{"id":5307,"href":"https:\/\/rozaria.pl\/blog\/wp-json\/wp\/v2\/posts\/4491\/revisions\/5307"}],"wp:featuredmedia":[{"embeddable":true,"href":"https:\/\/rozaria.pl\/blog\/wp-json\/wp\/v2\/media\/4493"}],"wp:attachment":[{"href":"https:\/\/rozaria.pl\/blog\/wp-json\/wp\/v2\/media?parent=4491"}],"wp:term":[{"taxonomy":"category","embeddable":true,"href":"https:\/\/rozaria.pl\/blog\/wp-json\/wp\/v2\/categories?post=4491"},{"taxonomy":"post_tag","embeddable":true,"href":"https:\/\/rozaria.pl\/blog\/wp-json\/wp\/v2\/tags?post=4491"}],"curies":[{"name":"wp","href":"https:\/\/api.w.org\/{rel}","templated":true}]}}