{"id":4470,"date":"2021-12-02T18:13:44","date_gmt":"2021-12-02T17:13:44","guid":{"rendered":"https:\/\/rozaria.pl\/blog\/?p=4470"},"modified":"2024-02-25T19:03:34","modified_gmt":"2024-02-25T18:03:34","slug":"tak-rodzila-sie-moja-rozana-milosc","status":"publish","type":"post","link":"https:\/\/rozaria.pl\/blog\/tak-rodzila-sie-moja-rozana-milosc\/","title":{"rendered":"R\u00f3\u017cana mi\u0142o\u015b\u0107"},"content":{"rendered":"<h2>R\u00f3\u017cana mi\u0142o\u015b\u0107 wp\u0142yw dzieci\u0144stwa na obcowanie z natur\u0105 w doros\u0142ym \u017cyciu<a href=\"https:\/\/rozaria.pl\/blog\/wp-content\/uploads\/2021\/12\/pielegnowanie-roz.jpg\"><img loading=\"lazy\" decoding=\"async\" class=\"alignright wp-image-4486 size-medium\" src=\"https:\/\/rozaria.pl\/blog\/wp-content\/uploads\/2021\/12\/pielegnowanie-roz-300x276.jpg\" alt=\"rabata r\u00f3\u017cana mi\u0142o\u015b\u0107\" width=\"300\" height=\"276\" srcset=\"https:\/\/rozaria.pl\/blog\/wp-content\/uploads\/2021\/12\/pielegnowanie-roz-150x138.jpg 150w, https:\/\/rozaria.pl\/blog\/wp-content\/uploads\/2021\/12\/pielegnowanie-roz-200x184.jpg 200w, https:\/\/rozaria.pl\/blog\/wp-content\/uploads\/2021\/12\/pielegnowanie-roz-300x276.jpg 300w, https:\/\/rozaria.pl\/blog\/wp-content\/uploads\/2021\/12\/pielegnowanie-roz-400x368.jpg 400w, https:\/\/rozaria.pl\/blog\/wp-content\/uploads\/2021\/12\/pielegnowanie-roz-600x551.jpg 600w, https:\/\/rozaria.pl\/blog\/wp-content\/uploads\/2021\/12\/pielegnowanie-roz-768x706.jpg 768w, https:\/\/rozaria.pl\/blog\/wp-content\/uploads\/2021\/12\/pielegnowanie-roz-800x735.jpg 800w, https:\/\/rozaria.pl\/blog\/wp-content\/uploads\/2021\/12\/pielegnowanie-roz.jpg 1024w\" sizes=\"(max-width: 300px) 100vw, 300px\" \/><\/a><\/h2>\n<p style=\"text-align: justify;\"><span style=\"font-size: 14pt;\"><span style=\"text-decoration: underline;\"><em><strong>Rabata r\u00f3\u017cana<\/strong><\/em><\/span> to kwintesencja ogrodowej elegancji, \u0142\u0105cz\u0105ca w sobie r\u00f3\u017cnorodno\u015b\u0107 barw, kszta\u0142t\u00f3w i zapach\u00f3w. Cieszy nasze oko i zmys\u0142y przez wi\u0119ksz\u0105 cz\u0119\u015b\u0107 roku. Tworzenie i piel\u0119gnacja <em><strong>rabaty r\u00f3\u017canej<\/strong><\/em> wymaga nieco wysi\u0142ku i czasu, przelania ca\u0142ej pasji tworzenia w r\u00f3\u017can\u0105 mi\u0142o\u015b\u0107. Ale satysfakcja p\u0142yn\u0105ca z obcowania z tymi kr\u00f3lewskimi kwiatami jest niepor\u00f3wnywalna. <\/span><\/p>\n<h3>Wczesne Do\u015bwiadczenia z Natur\u0105<\/h3>\n<p style=\"text-align: justify;\"><span style=\"font-size: 14pt;\">Moje do\u015bwiadczenia\u00a0 w obcowaniu z natur\u0105 i przyrod\u0105 zacz\u0119\u0142y si\u0119 ju\u017c we wczesnym dzieci\u0144stwie. Urodzi\u0142am si\u0119 na wsi, tam sp\u0119dza\u0142am swoje szcz\u0119\u015bliwe dzieci\u0144stwo, dorasta\u0142am. Nadal sp\u0119dzam dojrza\u0142e \u017cycie w otoczeniu sielskich krajobraz\u00f3w, rozleg\u0142ych po\u0142aci kwiat\u00f3w, pi\u0119knych ogrod\u00f3w. <a href=\"https:\/\/rozaria.pl\/blog\/wp-content\/uploads\/2021\/12\/nawoz-do-roz.jpg\"><img loading=\"lazy\" decoding=\"async\" class=\"alignright wp-image-4483 size-medium\" src=\"https:\/\/rozaria.pl\/blog\/wp-content\/uploads\/2021\/12\/nawoz-do-roz-300x225.jpg\" alt=\"nawo\u017cenie r\u00f3\u017canej rabaty\" width=\"300\" height=\"225\" srcset=\"https:\/\/rozaria.pl\/blog\/wp-content\/uploads\/2021\/12\/nawoz-do-roz-150x113.jpg 150w, https:\/\/rozaria.pl\/blog\/wp-content\/uploads\/2021\/12\/nawoz-do-roz-200x150.jpg 200w, https:\/\/rozaria.pl\/blog\/wp-content\/uploads\/2021\/12\/nawoz-do-roz-300x225.jpg 300w, https:\/\/rozaria.pl\/blog\/wp-content\/uploads\/2021\/12\/nawoz-do-roz-400x300.jpg 400w, https:\/\/rozaria.pl\/blog\/wp-content\/uploads\/2021\/12\/nawoz-do-roz-600x450.jpg 600w, https:\/\/rozaria.pl\/blog\/wp-content\/uploads\/2021\/12\/nawoz-do-roz-768x576.jpg 768w, https:\/\/rozaria.pl\/blog\/wp-content\/uploads\/2021\/12\/nawoz-do-roz-800x600.jpg 800w, https:\/\/rozaria.pl\/blog\/wp-content\/uploads\/2021\/12\/nawoz-do-roz.jpg 1024w\" sizes=\"(max-width: 300px) 100vw, 300px\" \/><\/a><\/span><\/p>\n<h3>Pierwsze Inspiracje: Ogr\u00f3d Babci<\/h3>\n<p style=\"text-align: justify;\"><span style=\"font-size: 14pt;\"><a href=\"https:\/\/rozaria.pl\/blog\/wp-content\/uploads\/2021\/12\/pielegnowanie-rozy.jpg\"><img loading=\"lazy\" decoding=\"async\" class=\"alignleft wp-image-4487 size-medium\" src=\"https:\/\/rozaria.pl\/blog\/wp-content\/uploads\/2021\/12\/pielegnowanie-rozy-300x225.jpg\" alt=\"r\u00f3\u017cana mi\u0142o\u015b\u0107\" width=\"300\" height=\"225\" srcset=\"https:\/\/rozaria.pl\/blog\/wp-content\/uploads\/2021\/12\/pielegnowanie-rozy-150x113.jpg 150w, https:\/\/rozaria.pl\/blog\/wp-content\/uploads\/2021\/12\/pielegnowanie-rozy-200x150.jpg 200w, https:\/\/rozaria.pl\/blog\/wp-content\/uploads\/2021\/12\/pielegnowanie-rozy-300x225.jpg 300w, https:\/\/rozaria.pl\/blog\/wp-content\/uploads\/2021\/12\/pielegnowanie-rozy-400x300.jpg 400w, https:\/\/rozaria.pl\/blog\/wp-content\/uploads\/2021\/12\/pielegnowanie-rozy-600x450.jpg 600w, https:\/\/rozaria.pl\/blog\/wp-content\/uploads\/2021\/12\/pielegnowanie-rozy-768x576.jpg 768w, https:\/\/rozaria.pl\/blog\/wp-content\/uploads\/2021\/12\/pielegnowanie-rozy-800x600.jpg 800w, https:\/\/rozaria.pl\/blog\/wp-content\/uploads\/2021\/12\/pielegnowanie-rozy.jpg 1024w\" sizes=\"(max-width: 300px) 100vw, 300px\" \/><\/a>Pocz\u0105tki moich ogrodowych kontakt\u00f3w ogranicza\u0142y si\u0119 raczej do jego podziwiania i doceniania ogromu pracy wk\u0142adanej w jego utrzymanie. Pami\u0119tam z dzieci\u0144stwa przydomowy ogr\u00f3dek \u00a0mojej babci, kt\u00f3ra wielkim sentymentem i mi\u0142o\u015bci\u0105 darzy\u0142a przede wszystkim r\u00f3\u017ce.\u00a0<\/span><\/p>\n<h2><span style=\"font-size: 14pt; text-align: justify;\">Lato przesycone by\u0142o koj\u0105cym zapachem tych pi\u0119knych, dostojnych krzew\u00f3w, kt\u00f3ry przenika\u0142 przez otwarte okna do domu.<a href=\"https:\/\/rozaria.pl\/blog\/wp-content\/uploads\/2021\/12\/nawozenie-rozy.jpg\"><img loading=\"lazy\" decoding=\"async\" class=\"alignleft wp-image-4482 size-medium\" src=\"https:\/\/rozaria.pl\/blog\/wp-content\/uploads\/2021\/12\/nawozenie-rozy-300x225.jpg\" alt=\"rabata r\u00f3\u017cana mi\u0142o\u015b\u0107\" width=\"300\" height=\"225\" srcset=\"https:\/\/rozaria.pl\/blog\/wp-content\/uploads\/2021\/12\/nawozenie-rozy-150x113.jpg 150w, https:\/\/rozaria.pl\/blog\/wp-content\/uploads\/2021\/12\/nawozenie-rozy-200x150.jpg 200w, https:\/\/rozaria.pl\/blog\/wp-content\/uploads\/2021\/12\/nawozenie-rozy-300x225.jpg 300w, https:\/\/rozaria.pl\/blog\/wp-content\/uploads\/2021\/12\/nawozenie-rozy-400x300.jpg 400w, https:\/\/rozaria.pl\/blog\/wp-content\/uploads\/2021\/12\/nawozenie-rozy-600x450.jpg 600w, https:\/\/rozaria.pl\/blog\/wp-content\/uploads\/2021\/12\/nawozenie-rozy-768x576.jpg 768w, https:\/\/rozaria.pl\/blog\/wp-content\/uploads\/2021\/12\/nawozenie-rozy-800x600.jpg 800w, https:\/\/rozaria.pl\/blog\/wp-content\/uploads\/2021\/12\/nawozenie-rozy.jpg 1024w\" sizes=\"(max-width: 300px) 100vw, 300px\" \/><\/a> Uwijaj\u0105ce si\u0119 roje \u201ebzycz\u0105cych \u201epot\u0119gowa\u0142y niesamowity, sielski widok.\u00a0<\/span><\/h2>\n<p style=\"text-align: justify;\"><span style=\"font-size: 14pt;\">Urocze, wielobarwne motyle\u00a0 min. rusa\u0142ki pawiki, cytrynki\u00a0 by\u0142y dope\u0142nieniem urzekaj\u0105cego\u00a0\u00a0 widoku. Wzrasta\u0142am w tym klimacie i z dnia na\u00a0 dzie\u0144 wzmacnia\u0142o si\u0119 we mnie prze\u015bwiadczenie i potrzeba stworzenia w przysz\u0142o\u015bci w\u0142asnego ogrodu. Oczywi\u015bcie ogrodu, w kt\u00f3rym nie zabraknie <span style=\"text-decoration: underline;\">r\u00f3\u017canych rabat<\/span>.<\/span><\/p>\n<h2>Zak\u0142adanie w\u0142asnego ogrodu i pierwsza <em>rabata r\u00f3\u017cana<\/em><\/h2>\n<p style=\"text-align: justify;\"><span style=\"font-size: 14pt;\">Jako doros\u0142a kobieta, posiadaj\u0105ca rodzin\u0119 zamieszka\u0142am w domu na wsi, z\u00a0 obszernym, ponad p\u00f3\u0142hektarowym ogrodem, kt\u00f3ry posiada\u0142 wielki potencja\u0142. W\u0142a\u015bciwie, nie powinnam tego obszernego area\u0142u nazywa\u0107 ogrodem, poniewa\u017c by\u0142a to plantacja kilkunastoletnich porzeczek. Porzeczki coraz s\u0142abiej \u201erodzi\u0142y\u201d wi\u0119c sukcesywnie by\u0142y usuwane, by w ich miejscu tworzy\u0107 bylinowe rabatki, obowi\u0105zkowo w towarzystwie\u00a0 moich\u00a0 ukochanych r\u00f3\u017c. <\/span><\/p>\n<h3>Pierwsza <em>R\u00f3\u017cana Rabata<\/em> i Pierwsza R\u00f3\u017ca: <a href=\"https:\/\/rozaria.pl\/zolte-roze-rabatowe-arthur-bell\">Arthur Bell<\/a><a href=\"https:\/\/rozaria.pl\/zolte-roze-rabatowe-arthur-bell\"><img loading=\"lazy\" decoding=\"async\" class=\"alignleft wp-image-4485 size-medium\" src=\"https:\/\/rozaria.pl\/blog\/wp-content\/uploads\/2021\/12\/pielegnacja-rozy-300x225.jpg\" alt=\"r\u00f3\u017ca rabatowa Arthur Bell\" width=\"300\" height=\"225\" srcset=\"https:\/\/rozaria.pl\/blog\/wp-content\/uploads\/2021\/12\/pielegnacja-rozy-150x113.jpg 150w, https:\/\/rozaria.pl\/blog\/wp-content\/uploads\/2021\/12\/pielegnacja-rozy-200x150.jpg 200w, https:\/\/rozaria.pl\/blog\/wp-content\/uploads\/2021\/12\/pielegnacja-rozy-300x225.jpg 300w, https:\/\/rozaria.pl\/blog\/wp-content\/uploads\/2021\/12\/pielegnacja-rozy-400x300.jpg 400w, https:\/\/rozaria.pl\/blog\/wp-content\/uploads\/2021\/12\/pielegnacja-rozy-600x450.jpg 600w, https:\/\/rozaria.pl\/blog\/wp-content\/uploads\/2021\/12\/pielegnacja-rozy-768x576.jpg 768w, https:\/\/rozaria.pl\/blog\/wp-content\/uploads\/2021\/12\/pielegnacja-rozy-800x600.jpg 800w, https:\/\/rozaria.pl\/blog\/wp-content\/uploads\/2021\/12\/pielegnacja-rozy.jpg 1024w\" sizes=\"(max-width: 300px) 100vw, 300px\" \/><\/a><\/h3>\n<p style=\"text-align: justify;\"><span style=\"font-size: 14pt;\">Jako pierwsza zago\u015bci\u0142a w ogrodzie <a href=\"https:\/\/rozaria.pl\/zolte-roze-rabatowe-arthur-bell\">r\u00f3\u017ca rabatowa Arthur Bell<\/a>. Rado\u015b\u0107 moja by\u0142a tym wi\u0119ksza, poniewa\u017c jej nazwa\u00a0 wi\u0105za\u0142a si\u0119 z imieniem naszego syna. Pi\u0119kna, subtelna, o cudownych \u017c\u00f3\u0142tych kwiatach,\u00a0 doskonale kontrastuj\u0105cych z zielonymi, b\u0142yszcz\u0105cymi li\u015b\u0107mi. Dba\u0142am o ni\u0105 z wielk\u0105 trosk\u0105, a ona z\u00a0 roku na rok odwdzi\u0119cza\u0142a si\u0119 pi\u0119knym kwitnieniem, na dodatek powtarzaj\u0105c \u00a0kwitnienia. Pomy\u015bla\u0142am w\u00f3wczas, skoro pocz\u0105tki przynios\u0142y tak wspania\u0142y efekt, musz\u0119 zaprosi\u0107 kolejne odmiany do ogrodu. Tak te\u017c post\u0105pi\u0142am.<\/span><\/p>\n<h2>Rozbudowa Kolekcji R\u00f3\u017c<a href=\"https:\/\/rozaria.pl\/blog\/wp-content\/uploads\/2021\/12\/nawozenie-roz.jpg\"><img loading=\"lazy\" decoding=\"async\" class=\"alignright wp-image-4481 size-medium\" src=\"https:\/\/rozaria.pl\/blog\/wp-content\/uploads\/2021\/12\/nawozenie-roz-300x225.jpg\" alt=\"rabaty r\u00f3\u017cane w ogrodzie\" width=\"300\" height=\"225\" srcset=\"https:\/\/rozaria.pl\/blog\/wp-content\/uploads\/2021\/12\/nawozenie-roz-150x113.jpg 150w, https:\/\/rozaria.pl\/blog\/wp-content\/uploads\/2021\/12\/nawozenie-roz-200x150.jpg 200w, https:\/\/rozaria.pl\/blog\/wp-content\/uploads\/2021\/12\/nawozenie-roz-300x225.jpg 300w, https:\/\/rozaria.pl\/blog\/wp-content\/uploads\/2021\/12\/nawozenie-roz-400x300.jpg 400w, https:\/\/rozaria.pl\/blog\/wp-content\/uploads\/2021\/12\/nawozenie-roz-600x450.jpg 600w, https:\/\/rozaria.pl\/blog\/wp-content\/uploads\/2021\/12\/nawozenie-roz-768x576.jpg 768w, https:\/\/rozaria.pl\/blog\/wp-content\/uploads\/2021\/12\/nawozenie-roz-800x600.jpg 800w, https:\/\/rozaria.pl\/blog\/wp-content\/uploads\/2021\/12\/nawozenie-roz.jpg 1024w\" sizes=\"(max-width: 300px) 100vw, 300px\" \/><\/a><\/h2>\n<p style=\"text-align: justify;\"><span style=\"font-size: 14pt;\"><a href=\"https:\/\/rozaria.pl\/blog\/wp-content\/uploads\/2021\/12\/kwitnienie-roz.jpg\"><img loading=\"lazy\" decoding=\"async\" class=\"wp-image-4480 size-medium alignleft\" src=\"https:\/\/rozaria.pl\/blog\/wp-content\/uploads\/2021\/12\/kwitnienie-roz-300x200.jpg\" alt=\"kwitnienie r\u00f3\u017c\" width=\"300\" height=\"200\" srcset=\"https:\/\/rozaria.pl\/blog\/wp-content\/uploads\/2021\/12\/kwitnienie-roz-150x100.jpg 150w, https:\/\/rozaria.pl\/blog\/wp-content\/uploads\/2021\/12\/kwitnienie-roz-200x133.jpg 200w, https:\/\/rozaria.pl\/blog\/wp-content\/uploads\/2021\/12\/kwitnienie-roz-300x200.jpg 300w, https:\/\/rozaria.pl\/blog\/wp-content\/uploads\/2021\/12\/kwitnienie-roz-400x267.jpg 400w, https:\/\/rozaria.pl\/blog\/wp-content\/uploads\/2021\/12\/kwitnienie-roz-600x400.jpg 600w, https:\/\/rozaria.pl\/blog\/wp-content\/uploads\/2021\/12\/kwitnienie-roz-768x512.jpg 768w, https:\/\/rozaria.pl\/blog\/wp-content\/uploads\/2021\/12\/kwitnienie-roz-800x534.jpg 800w, https:\/\/rozaria.pl\/blog\/wp-content\/uploads\/2021\/12\/kwitnienie-roz.jpg 1024w\" sizes=\"(max-width: 300px) 100vw, 300px\" \/><\/a>Przybywa\u0142y kolejne odmiany, by\u0107 mo\u017ce nie za bardzo wyszukane i na topie, bo dla mnie ka\u017cda jest pi\u0119kna, wyj\u0105tkowa. Przed posadzeniem starannie przygotowywa\u0142am \u00a0im odpowiednie stanowisko, wzbogacone o kompost. W okresie suszy dba\u0142am o nale\u017cyte nawadnianie. <\/span><\/p>\n<h3><a href=\"https:\/\/rozaria.pl\/blog\/wp-content\/uploads\/2021\/12\/kwiat-rozy.jpg\"><img loading=\"lazy\" decoding=\"async\" class=\"alignright wp-image-4478 size-medium\" src=\"https:\/\/rozaria.pl\/blog\/wp-content\/uploads\/2021\/12\/kwiat-rozy-300x209.jpg\" alt=\"romantyczna r\u00f3\u017cana rabata\" width=\"300\" height=\"209\" srcset=\"https:\/\/rozaria.pl\/blog\/wp-content\/uploads\/2021\/12\/kwiat-rozy-150x104.jpg 150w, https:\/\/rozaria.pl\/blog\/wp-content\/uploads\/2021\/12\/kwiat-rozy-200x139.jpg 200w, https:\/\/rozaria.pl\/blog\/wp-content\/uploads\/2021\/12\/kwiat-rozy-300x209.jpg 300w, https:\/\/rozaria.pl\/blog\/wp-content\/uploads\/2021\/12\/kwiat-rozy-400x279.jpg 400w, https:\/\/rozaria.pl\/blog\/wp-content\/uploads\/2021\/12\/kwiat-rozy-600x418.jpg 600w, https:\/\/rozaria.pl\/blog\/wp-content\/uploads\/2021\/12\/kwiat-rozy-768x535.jpg 768w, https:\/\/rozaria.pl\/blog\/wp-content\/uploads\/2021\/12\/kwiat-rozy-800x557.jpg 800w, https:\/\/rozaria.pl\/blog\/wp-content\/uploads\/2021\/12\/kwiat-rozy.jpg 1024w\" sizes=\"(max-width: 300px) 100vw, 300px\" \/><\/a><\/h3>\n<h3>Stosowanie \u015arodk\u00f3w Naturalnych<\/h3>\n<p style=\"text-align: justify;\"><span style=\"font-size: 14pt;\"><a href=\"https:\/\/rozaria.pl\/blog\/wp-content\/uploads\/2021\/12\/rozany-ogrod.jpg\"><img loading=\"lazy\" decoding=\"async\" class=\"alignright wp-image-4476 size-medium\" src=\"https:\/\/rozaria.pl\/blog\/wp-content\/uploads\/2021\/12\/rozany-ogrod-300x225.jpg\" alt=\"r\u00f3\u017cany ogr\u00f3d\" width=\"300\" height=\"225\" srcset=\"https:\/\/rozaria.pl\/blog\/wp-content\/uploads\/2021\/12\/rozany-ogrod-150x113.jpg 150w, https:\/\/rozaria.pl\/blog\/wp-content\/uploads\/2021\/12\/rozany-ogrod-200x150.jpg 200w, https:\/\/rozaria.pl\/blog\/wp-content\/uploads\/2021\/12\/rozany-ogrod-300x225.jpg 300w, https:\/\/rozaria.pl\/blog\/wp-content\/uploads\/2021\/12\/rozany-ogrod-400x300.jpg 400w, https:\/\/rozaria.pl\/blog\/wp-content\/uploads\/2021\/12\/rozany-ogrod-600x450.jpg 600w, https:\/\/rozaria.pl\/blog\/wp-content\/uploads\/2021\/12\/rozany-ogrod-768x576.jpg 768w, https:\/\/rozaria.pl\/blog\/wp-content\/uploads\/2021\/12\/rozany-ogrod-800x600.jpg 800w, https:\/\/rozaria.pl\/blog\/wp-content\/uploads\/2021\/12\/rozany-ogrod.jpg 1024w\" sizes=\"(max-width: 300px) 100vw, 300px\" \/><\/a>Zawsze stara\u0142am si\u0119 by do minimum ograniczy\u0107 stosowanie \u015brodk\u00f3w chemicznych. W zwalczaniu i zapobieganiu chorobom\u00a0 zastosowa\u0142am \u00a0g\u0142\u00f3wnie \u015brodki naturalne. Przetestowa\u0142am gnoj\u00f3wk\u0119 z pokrzyw, stosuj\u0105c w rozcie\u0144czeniu 1: 10 do podlewania i\u00a0 oprysk\u00f3w. Ponadto wykorzystuj\u0119 roztw\u00f3r przygotowany z sody oczyszczonej przeciwko\u00a0 m\u0105czniakowi.\u00a0 Dzisiaj mam ju\u017c ich ponad 50 szt. w swoim ogrodzie i wiem, \u017ce na tym si\u0119 nie sko\u0144czy. Wci\u0105\u017c czuj\u0119 niedosyt, wci\u0105\u017c urzekaj\u0105 mnie nowe odmiany a m\u00f3j apetyt na nie wci\u0105\u017c ro\u015bnie. Te, kt\u00f3re mam by\u0107 mo\u017ce nie s\u0105 wyszukanymi odmianami, <\/span><span style=\"font-size: 14pt;\">ale s\u0105 pi\u0119kne, doskonale sprawdzaj\u0105ce si\u0119 moim ogrodzie, urzekaj\u0105c swoim pi\u0119knem domownik\u00f3w i odwiedzaj\u0105cych \u00a0go\u015bci.<\/span><\/p>\n<h2>Moje Ulubione Odmiany<\/h2>\n<p style=\"text-align: justify;\"><span style=\"font-size: 14pt;\"><a href=\"https:\/\/rozaria.pl\/blog\/wp-content\/uploads\/2021\/12\/przycinanie-rozy.jpg\"><img loading=\"lazy\" decoding=\"async\" class=\"alignleft wp-image-4472 size-medium\" src=\"https:\/\/rozaria.pl\/blog\/wp-content\/uploads\/2021\/12\/przycinanie-rozy-300x200.jpg\" alt=\"odmiany wielkokwiatowe\" width=\"300\" height=\"200\" srcset=\"https:\/\/rozaria.pl\/blog\/wp-content\/uploads\/2021\/12\/przycinanie-rozy-150x100.jpg 150w, https:\/\/rozaria.pl\/blog\/wp-content\/uploads\/2021\/12\/przycinanie-rozy-200x133.jpg 200w, https:\/\/rozaria.pl\/blog\/wp-content\/uploads\/2021\/12\/przycinanie-rozy-300x200.jpg 300w, https:\/\/rozaria.pl\/blog\/wp-content\/uploads\/2021\/12\/przycinanie-rozy-400x267.jpg 400w, https:\/\/rozaria.pl\/blog\/wp-content\/uploads\/2021\/12\/przycinanie-rozy-600x400.jpg 600w, https:\/\/rozaria.pl\/blog\/wp-content\/uploads\/2021\/12\/przycinanie-rozy-768x512.jpg 768w, https:\/\/rozaria.pl\/blog\/wp-content\/uploads\/2021\/12\/przycinanie-rozy-800x534.jpg 800w, https:\/\/rozaria.pl\/blog\/wp-content\/uploads\/2021\/12\/przycinanie-rozy.jpg 1024w\" sizes=\"(max-width: 300px) 100vw, 300px\" \/><\/a>Te arystokratki potrafi\u0105 nie\u017ale namiesza\u0107 cz\u0142owiekowi w g\u0142owie i wci\u0105\u017c wyzwala\u0107 nowe \u201echciejstwa\u201d. Przybywa\u0142y sukcesywnie kolejne Princess Matilda, Two Colours, Grypsy Boy, <a href=\"https:\/\/rozaria.pl\/roze-wielkokwiatowe-poulman\">r\u00f3\u017ce wielokwiatowe Ingrid Bergman<\/a>, Kimono, <a href=\"https:\/\/rozaria.pl\/czerwone-roze-rabatowe-europeana\">r\u00f3\u017ce rabatowe Europeana<\/a>, Lykkefund i inne . By\u0142y te\u017c w\u015br\u00f3d nich jako NN, a mimo to, pi\u0119kne, urzekaj\u0105ce. <\/span><\/p>\n<h3><a href=\"https:\/\/rozaria.pl\/veilchenblau-roze-pnace\"><img loading=\"lazy\" decoding=\"async\" class=\"alignright size-medium wp-image-4477\" src=\"https:\/\/rozaria.pl\/blog\/wp-content\/uploads\/2021\/12\/roze-w-ogrodzie-300x225.jpg\" alt=\"r\u00f3\u017ce w ogrodzie\" width=\"300\" height=\"225\" srcset=\"https:\/\/rozaria.pl\/blog\/wp-content\/uploads\/2021\/12\/roze-w-ogrodzie-150x113.jpg 150w, https:\/\/rozaria.pl\/blog\/wp-content\/uploads\/2021\/12\/roze-w-ogrodzie-200x150.jpg 200w, https:\/\/rozaria.pl\/blog\/wp-content\/uploads\/2021\/12\/roze-w-ogrodzie-300x225.jpg 300w, https:\/\/rozaria.pl\/blog\/wp-content\/uploads\/2021\/12\/roze-w-ogrodzie-400x300.jpg 400w, https:\/\/rozaria.pl\/blog\/wp-content\/uploads\/2021\/12\/roze-w-ogrodzie-600x450.jpg 600w, https:\/\/rozaria.pl\/blog\/wp-content\/uploads\/2021\/12\/roze-w-ogrodzie-768x576.jpg 768w, https:\/\/rozaria.pl\/blog\/wp-content\/uploads\/2021\/12\/roze-w-ogrodzie-800x600.jpg 800w, https:\/\/rozaria.pl\/blog\/wp-content\/uploads\/2021\/12\/roze-w-ogrodzie.jpg 1024w\" sizes=\"(max-width: 300px) 100vw, 300px\" \/><\/a><\/h3>\n<h3><a href=\"https:\/\/rozaria.pl\/veilchenblau-roze-pnace\">R\u00f3\u017ca Pn\u0105ca Veilchenlblau<\/a> i <a href=\"https:\/\/rozaria.pl\/roze-na-pergole-new-dawn\">New Dawn<\/a><\/h3>\n<p style=\"text-align: justify;\"><span style=\"font-size: 14pt;\">W\u015br\u00f3d pn\u0105cych urzek\u0142a mnie\u00a0<\/span><span style=\"font-size: 14pt;\">swoj\u0105 niezwyk\u0142\u0105 urod\u0105 przepi\u0119kna, stara odmiana <a href=\"https:\/\/rozaria.pl\/veilchenblau-roze-pnace\">r\u00f3\u017cy pn\u0105cej Veilchenlblau<\/a>. Zachwyca licznymi fioletowymi kwiatami, z bia\u0142ym \u015brodkiem i \u017c\u00f3\u0142tymi pylnikami. Cho\u0107 kwitnie tylko raz w czerwcu, przez oko\u0142o 4 tygodnie, to potrafi wywo\u0142a\u0107 osza\u0142amiaj\u0105ce wra\u017cenie \u201e\u015bcian\u0105&#8221; kwiat\u00f3w. A dodatkowo obdarza nas pi\u0119knym, subtelnym zapachem. Kwitnie na p\u0119dach dwurocznych, kt\u00f3re przyrastaj\u0105 w zachwycaj\u0105cym tempie, a dodatkowym jej atutem jest to, \u017ce p\u0119dy nie maj\u0105 prawie kolc\u00f3w. Kolejna r\u00f3\u017ca bliska mojemu sercu\u00a0 to <a href=\"https:\/\/rozaria.pl\/roze-na-pergole-new-dawn\">r\u00f3\u017ca pn\u0105ca New Dawn<\/a>. <a href=\"https:\/\/rozaria.pl\/blog\/wp-content\/uploads\/2021\/12\/rozane-rabaty.jpg\"><img loading=\"lazy\" decoding=\"async\" class=\"alignright wp-image-4475 size-medium\" src=\"https:\/\/rozaria.pl\/blog\/wp-content\/uploads\/2021\/12\/rozane-rabaty-300x225.jpg\" alt=\"r\u00f3\u017cane rabaty \" width=\"300\" height=\"225\" srcset=\"https:\/\/rozaria.pl\/blog\/wp-content\/uploads\/2021\/12\/rozane-rabaty-150x113.jpg 150w, https:\/\/rozaria.pl\/blog\/wp-content\/uploads\/2021\/12\/rozane-rabaty-200x150.jpg 200w, https:\/\/rozaria.pl\/blog\/wp-content\/uploads\/2021\/12\/rozane-rabaty-300x225.jpg 300w, https:\/\/rozaria.pl\/blog\/wp-content\/uploads\/2021\/12\/rozane-rabaty-400x300.jpg 400w, https:\/\/rozaria.pl\/blog\/wp-content\/uploads\/2021\/12\/rozane-rabaty-600x450.jpg 600w, https:\/\/rozaria.pl\/blog\/wp-content\/uploads\/2021\/12\/rozane-rabaty-768x576.jpg 768w, https:\/\/rozaria.pl\/blog\/wp-content\/uploads\/2021\/12\/rozane-rabaty-800x600.jpg 800w, https:\/\/rozaria.pl\/blog\/wp-content\/uploads\/2021\/12\/rozane-rabaty.jpg 1024w\" sizes=\"(max-width: 300px) 100vw, 300px\" \/><\/a>Niezwykle atrakcyjna, w\u015br\u00f3d r\u00f3\u017c pn\u0105cych. Ta odmiana z ca\u0142\u0105 palet\u0105 swoich zalet: ma\u0142o wymagaj\u0105ca, zdrowa, szybko rosn\u0105ca okaza\u0142a si\u0119 wr\u0119cz idealn\u0105\u00a0 dla mnie jako pocz\u0105tkuj\u0105cego mi\u0142o\u015bnika r\u00f3\u017c. Urzeka obfitym kwitnieniem oraz subteln\u0105 r\u00f3\u017cow\u0105 barw\u0105 kwiat\u00f3w. Dope\u0142nieniem jej niezwyk\u0142o\u015bci jest delikatna wo\u0144 kwiat\u00f3w.<a href=\"https:\/\/rozaria.pl\/blog\/wp-content\/uploads\/2021\/12\/rozana-rabata.jpg\"><img loading=\"lazy\" decoding=\"async\" class=\"aligncenter wp-image-4473 size-medium\" src=\"https:\/\/rozaria.pl\/blog\/wp-content\/uploads\/2021\/12\/rozana-rabata-300x225.jpg\" alt=\"rabata r\u00f3\u017cana w s\u0142onecznym miejscu\" width=\"300\" height=\"225\" srcset=\"https:\/\/rozaria.pl\/blog\/wp-content\/uploads\/2021\/12\/rozana-rabata-150x113.jpg 150w, https:\/\/rozaria.pl\/blog\/wp-content\/uploads\/2021\/12\/rozana-rabata-200x150.jpg 200w, https:\/\/rozaria.pl\/blog\/wp-content\/uploads\/2021\/12\/rozana-rabata-300x225.jpg 300w, https:\/\/rozaria.pl\/blog\/wp-content\/uploads\/2021\/12\/rozana-rabata-400x300.jpg 400w, https:\/\/rozaria.pl\/blog\/wp-content\/uploads\/2021\/12\/rozana-rabata-600x450.jpg 600w, https:\/\/rozaria.pl\/blog\/wp-content\/uploads\/2021\/12\/rozana-rabata-768x576.jpg 768w, https:\/\/rozaria.pl\/blog\/wp-content\/uploads\/2021\/12\/rozana-rabata-800x600.jpg 800w, https:\/\/rozaria.pl\/blog\/wp-content\/uploads\/2021\/12\/rozana-rabata.jpg 1024w\" sizes=\"(max-width: 300px) 100vw, 300px\" \/><\/a><\/span><\/p>\n<h3>R\u00f3\u017ca Okrywowe The Fairy i Red Fairy zdobi\u0105ce r\u00f3\u017cane rabaty niezwykle d\u0142ugo<\/h3>\n<p style=\"text-align: justify;\"><span style=\"font-size: 14pt;\"><a href=\"https:\/\/rozaria.pl\/roze-okrywowe-the-fairy\"><img loading=\"lazy\" decoding=\"async\" class=\"size-medium wp-image-4484 alignleft\" src=\"https:\/\/rozaria.pl\/blog\/wp-content\/uploads\/2021\/12\/pielegnacja-roz-300x225.jpg\" alt=\"piel\u0119gnacja r\u00f3\u017c\" width=\"300\" height=\"225\" srcset=\"https:\/\/rozaria.pl\/blog\/wp-content\/uploads\/2021\/12\/pielegnacja-roz-150x113.jpg 150w, https:\/\/rozaria.pl\/blog\/wp-content\/uploads\/2021\/12\/pielegnacja-roz-200x150.jpg 200w, https:\/\/rozaria.pl\/blog\/wp-content\/uploads\/2021\/12\/pielegnacja-roz-300x225.jpg 300w, https:\/\/rozaria.pl\/blog\/wp-content\/uploads\/2021\/12\/pielegnacja-roz-400x300.jpg 400w, https:\/\/rozaria.pl\/blog\/wp-content\/uploads\/2021\/12\/pielegnacja-roz-600x450.jpg 600w, https:\/\/rozaria.pl\/blog\/wp-content\/uploads\/2021\/12\/pielegnacja-roz-768x576.jpg 768w, https:\/\/rozaria.pl\/blog\/wp-content\/uploads\/2021\/12\/pielegnacja-roz-800x600.jpg 800w, https:\/\/rozaria.pl\/blog\/wp-content\/uploads\/2021\/12\/pielegnacja-roz.jpg 1024w\" sizes=\"(max-width: 300px) 100vw, 300px\" \/><\/a>Szczeg\u00f3lnym sentymentem darz\u0119 te\u017c r\u00f3\u017ce z grupy okrywowych, a zw\u0142aszcza <a href=\"https:\/\/rozaria.pl\/roze-okrywowe-the-fairy\">r\u00f3\u017ce okrywowe The Fairy<\/a>. Bezproblemowe, powtarzaj\u0105ce kwitnienie, zachwycaj\u0105ce burz\u0105 kwiat\u00f3w a\u017c do przymrozk\u00f3w. Atrakcyjnie wygl\u0105daj\u0105 tez kwiatostany zaschni\u0119te, przypr\u00f3szone \u015bniegiem. Doskonale komponuj\u0105 si\u0119 z bylinami i pn\u0105czami. Taki duet jest moim ulubionym w ogrodzie. <a href=\"https:\/\/rozaria.pl\/blog\/wp-content\/uploads\/2021\/12\/rozane-ogrody.jpg\"><img loading=\"lazy\" decoding=\"async\" class=\"alignright wp-image-4474 size-medium\" src=\"https:\/\/rozaria.pl\/blog\/wp-content\/uploads\/2021\/12\/rozane-ogrody-300x225.jpg\" alt=\"r\u00f3\u017cana rabata\" width=\"300\" height=\"225\" srcset=\"https:\/\/rozaria.pl\/blog\/wp-content\/uploads\/2021\/12\/rozane-ogrody-150x113.jpg 150w, https:\/\/rozaria.pl\/blog\/wp-content\/uploads\/2021\/12\/rozane-ogrody-200x150.jpg 200w, https:\/\/rozaria.pl\/blog\/wp-content\/uploads\/2021\/12\/rozane-ogrody-300x225.jpg 300w, https:\/\/rozaria.pl\/blog\/wp-content\/uploads\/2021\/12\/rozane-ogrody-400x300.jpg 400w, https:\/\/rozaria.pl\/blog\/wp-content\/uploads\/2021\/12\/rozane-ogrody-600x450.jpg 600w, https:\/\/rozaria.pl\/blog\/wp-content\/uploads\/2021\/12\/rozane-ogrody-768x576.jpg 768w, https:\/\/rozaria.pl\/blog\/wp-content\/uploads\/2021\/12\/rozane-ogrody-800x600.jpg 800w, https:\/\/rozaria.pl\/blog\/wp-content\/uploads\/2021\/12\/rozane-ogrody.jpg 1024w\" sizes=\"(max-width: 300px) 100vw, 300px\" \/><\/a>Niemniejsz\u0105 sympati\u0105 darz\u0119 Red Fairy \u2013 cudowna r\u00f3\u017cyczka z drobnymi kwiatkami, doskonale radz\u0105ca sobie i znosz\u0105ca kapry\u015bn\u0105, deszczow\u0105 aur\u0119. Jej wdzi\u0119czne kwiatki\u00a0 w takich okoliczno\u015bciach nie trac\u0105 na urodzie i zachwycaj\u0105 swoim kwitnieniem od czerwca do przymrozk\u00f3w. Czy\u017c nie o takie pi\u0119kno\u015bci, odporne, bezproblemowe chodzi nam amatorom, mi\u0142o\u015bnikom r\u00f3\u017c? <\/span><\/p>\n<h3>Nowy Nabytek: Flammentanz na mojej r\u00f3\u017canej rabacie<\/h3>\n<p style=\"text-align: justify;\"><span style=\"font-size: 14pt;\">Musz\u0119 jeszcze wspomnie\u0107 o pi\u0119knej\u00a0 odmianie Flammentanz . Jest to m\u00f3j nowy nabytek, z ut\u0119sknieniem czekam na jej pierwsze kwiaty. Wspomnia\u0142am o kilku moich faworytkach. Jednak\u017ce z ca\u0142\u0105 pewno\u015bci\u0105 mog\u0119 stwierdzi\u0107, \u017ce ka\u017cda jest dla mnie wyj\u0105tkowa i niepowtarzalna. Ka\u017cda z odmian urzeka i jest godna \u201ezaproszenia&#8221; do ogrodu. <\/span><\/p>\n<h2>Podsumowanie: Mi\u0142o\u015b\u0107 do R\u00f3\u017c Trwa<\/h2>\n<p style=\"text-align: justify;\"><span style=\"font-size: 14pt;\">Moja mi\u0142o\u015b\u0107 do r\u00f3\u017c wci\u0105\u017c rozwija si\u0119, dojrzewa i trwa\u0107 b\u0119dz<a href=\"https:\/\/rozaria.pl\/blog\/wp-content\/uploads\/2021\/12\/przycinanie-roz.jpg\"><img loading=\"lazy\" decoding=\"async\" class=\"alignright wp-image-4471 size-medium\" src=\"https:\/\/rozaria.pl\/blog\/wp-content\/uploads\/2021\/12\/przycinanie-roz-300x225.jpg\" alt=\"rabata r\u00f3\u017cana\" width=\"300\" height=\"225\" srcset=\"https:\/\/rozaria.pl\/blog\/wp-content\/uploads\/2021\/12\/przycinanie-roz-150x113.jpg 150w, https:\/\/rozaria.pl\/blog\/wp-content\/uploads\/2021\/12\/przycinanie-roz-200x150.jpg 200w, https:\/\/rozaria.pl\/blog\/wp-content\/uploads\/2021\/12\/przycinanie-roz-300x225.jpg 300w, https:\/\/rozaria.pl\/blog\/wp-content\/uploads\/2021\/12\/przycinanie-roz-400x300.jpg 400w, https:\/\/rozaria.pl\/blog\/wp-content\/uploads\/2021\/12\/przycinanie-roz-600x450.jpg 600w, https:\/\/rozaria.pl\/blog\/wp-content\/uploads\/2021\/12\/przycinanie-roz-768x576.jpg 768w, https:\/\/rozaria.pl\/blog\/wp-content\/uploads\/2021\/12\/przycinanie-roz-800x600.jpg 800w, https:\/\/rozaria.pl\/blog\/wp-content\/uploads\/2021\/12\/przycinanie-roz.jpg 1024w\" sizes=\"(max-width: 300px) 100vw, 300px\" \/><\/a>ie zawsze, a bakcyla tej wspania\u0142ej pasji, postaram si\u0119 zaszczepi\u0107 swoim wnuczkom. Kluczem do sukcesu jest odpowiedni dob\u00f3r odmian, kt\u00f3re b\u0119d\u0105 harmonijnie wsp\u00f3\u0142gra\u0107 zar\u00f3wno pod wzgl\u0119dem estetycznym, jak i wymaga\u0144 uprawowych. Kolejna wa\u017cna kwestia,\u00a0 to zapewnienie r\u00f3\u017com optymalnych warunk\u00f3w do wzrostu i kwitnienia. Regularne nawo\u017cenie, odpowiednie nawadnianie i ochrona przed chorobami i szkodnikami s\u0105 niezb\u0119dne, aby rabata r\u00f3\u017cana mog\u0142a rozwija\u0107 si\u0119 w pe\u0142ni swojej urody. Pami\u0119tajmy te\u017c o ci\u0119ciu r\u00f3\u017c, kt\u00f3re nie tylko stymuluje ro\u015bliny do obfitszego kwitnienia, ale r\u00f3wnie\u017c pomaga w utrzymaniu zdrowia i witalno\u015bci krzew\u00f3w. Rabata r\u00f3\u017cana to \u017cywy obraz, kt\u00f3ry zmienia si\u0119 z sezonu na sezon, oferuj\u0105c nieustanne \u017ar\u00f3d\u0142o rado\u015bci i inspiracji dla ka\u017cdego ogrodnika.<\/span><\/p>\n<p style=\"text-align: justify;\"><span style=\"font-size: 14pt;\">Bogumi\u0142a W.<\/span><\/p>\n<p>&nbsp;<\/p>\n","protected":false},"excerpt":{"rendered":"<p>R\u00f3\u017cana mi\u0142o\u015b\u0107 wp\u0142yw dzieci\u0144stwa na obcowanie z natur\u0105 w doros\u0142ym \u017cyciu Rabata r\u00f3\u017cana to kwintesencja ogrodowej elegancji, \u0142\u0105cz\u0105ca w sobie r\u00f3\u017cnorodno\u015b\u0107 barw, kszta\u0142t\u00f3w i zapach\u00f3w. Cieszy nasze oko i zmys\u0142y przez wi\u0119ksz\u0105 cz\u0119\u015b\u0107 roku. Tworzenie i piel\u0119gnacja rabaty r\u00f3\u017canej wymaga [&hellip;]<\/p>\n","protected":false},"author":11,"featured_media":4479,"comment_status":"open","ping_status":"open","sticky":false,"template":"","format":"standard","meta":{"_mi_skip_tracking":false,"_monsterinsights_sitenote_active":false,"_monsterinsights_sitenote_note":"","_monsterinsights_sitenote_category":0,"footnotes":""},"categories":[111],"tags":[],"yoast_head":"<!-- This site is optimized with the Yoast SEO plugin v23.5 - https:\/\/yoast.com\/wordpress\/plugins\/seo\/ -->\n<title>R\u00d3\u017bANA MI\u0141O\u015a\u0106R\u00f3\u017cana mi\u0142o\u015b\u0107 - blog Rozaria.pl<\/title>\n<meta name=\"description\" content=\"Rabata r\u00f3\u017cana cz\u0119sto powstaje pod wp\u0142ywem impulsu. Pierwsza zdecydowanie, kolejne to objaw zakochania w tych kr\u00f3lewskich kwiatach.\" \/>\n<meta name=\"robots\" content=\"index, follow, max-snippet:-1, max-image-preview:large, max-video-preview:-1\" \/>\n<link rel=\"canonical\" href=\"https:\/\/rozaria.pl\/blog\/tak-rodzila-sie-moja-rozana-milosc\/\" \/>\n<meta property=\"og:locale\" content=\"pl_PL\" \/>\n<meta property=\"og:type\" content=\"article\" \/>\n<meta property=\"og:title\" content=\"R\u00d3\u017bANA MI\u0141O\u015a\u0106R\u00f3\u017cana mi\u0142o\u015b\u0107 - blog Rozaria.pl\" \/>\n<meta property=\"og:description\" content=\"Rabata r\u00f3\u017cana cz\u0119sto powstaje pod wp\u0142ywem impulsu. Pierwsza zdecydowanie, kolejne to objaw zakochania w tych kr\u00f3lewskich kwiatach.\" \/>\n<meta property=\"og:url\" content=\"https:\/\/rozaria.pl\/blog\/tak-rodzila-sie-moja-rozana-milosc\/\" \/>\n<meta property=\"og:site_name\" content=\"blog Rozaria.pl\" \/>\n<meta property=\"article:publisher\" content=\"https:\/\/www.facebook.com\/SzkolkaRozRozaria\/\" \/>\n<meta property=\"article:published_time\" content=\"2021-12-02T17:13:44+00:00\" \/>\n<meta property=\"article:modified_time\" content=\"2024-02-25T18:03:34+00:00\" \/>\n<meta property=\"og:image\" content=\"https:\/\/rozaria.pl\/blog\/wp-content\/uploads\/2021\/12\/kwiaty-roz.jpg\" \/>\n\t<meta property=\"og:image:width\" content=\"1024\" \/>\n\t<meta property=\"og:image:height\" content=\"768\" \/>\n\t<meta property=\"og:image:type\" content=\"image\/jpeg\" \/>\n<meta name=\"author\" content=\"Rozaria.pl\" \/>\n<meta name=\"twitter:card\" content=\"summary_large_image\" \/>\n<meta name=\"twitter:creator\" content=\"@SzkolkaRozaria\" \/>\n<meta name=\"twitter:site\" content=\"@SzkolkaRozaria\" \/>\n<meta name=\"twitter:label1\" content=\"Napisane przez\" \/>\n\t<meta name=\"twitter:data1\" content=\"Rozaria.pl\" \/>\n\t<meta name=\"twitter:label2\" content=\"Szacowany czas czytania\" \/>\n\t<meta name=\"twitter:data2\" content=\"9 minut\" \/>\n<script type=\"application\/ld+json\" class=\"yoast-schema-graph\">{\"@context\":\"https:\/\/schema.org\",\"@graph\":[{\"@type\":\"Article\",\"@id\":\"https:\/\/rozaria.pl\/blog\/tak-rodzila-sie-moja-rozana-milosc\/#article\",\"isPartOf\":{\"@id\":\"https:\/\/rozaria.pl\/blog\/tak-rodzila-sie-moja-rozana-milosc\/\"},\"author\":{\"name\":\"Rozaria.pl\",\"@id\":\"https:\/\/rozaria.pl\/blog\/#\/schema\/person\/e0b63ce2682f026a88828a7772e9ac22\"},\"headline\":\"R\u00f3\u017cana mi\u0142o\u015b\u0107\",\"datePublished\":\"2021-12-02T17:13:44+00:00\",\"dateModified\":\"2024-02-25T18:03:34+00:00\",\"mainEntityOfPage\":{\"@id\":\"https:\/\/rozaria.pl\/blog\/tak-rodzila-sie-moja-rozana-milosc\/\"},\"wordCount\":1221,\"commentCount\":0,\"publisher\":{\"@id\":\"https:\/\/rozaria.pl\/blog\/#organization\"},\"image\":{\"@id\":\"https:\/\/rozaria.pl\/blog\/tak-rodzila-sie-moja-rozana-milosc\/#primaryimage\"},\"thumbnailUrl\":\"https:\/\/rozaria.pl\/blog\/wp-content\/uploads\/2021\/12\/kwiaty-roz.jpg\",\"articleSection\":[\"Historie\"],\"inLanguage\":\"pl-PL\",\"potentialAction\":[{\"@type\":\"CommentAction\",\"name\":\"Comment\",\"target\":[\"https:\/\/rozaria.pl\/blog\/tak-rodzila-sie-moja-rozana-milosc\/#respond\"]}]},{\"@type\":\"WebPage\",\"@id\":\"https:\/\/rozaria.pl\/blog\/tak-rodzila-sie-moja-rozana-milosc\/\",\"url\":\"https:\/\/rozaria.pl\/blog\/tak-rodzila-sie-moja-rozana-milosc\/\",\"name\":\"R\u00d3\u017bANA MI\u0141O\u015a\u0106R\u00f3\u017cana mi\u0142o\u015b\u0107 - blog Rozaria.pl\",\"isPartOf\":{\"@id\":\"https:\/\/rozaria.pl\/blog\/#website\"},\"primaryImageOfPage\":{\"@id\":\"https:\/\/rozaria.pl\/blog\/tak-rodzila-sie-moja-rozana-milosc\/#primaryimage\"},\"image\":{\"@id\":\"https:\/\/rozaria.pl\/blog\/tak-rodzila-sie-moja-rozana-milosc\/#primaryimage\"},\"thumbnailUrl\":\"https:\/\/rozaria.pl\/blog\/wp-content\/uploads\/2021\/12\/kwiaty-roz.jpg\",\"datePublished\":\"2021-12-02T17:13:44+00:00\",\"dateModified\":\"2024-02-25T18:03:34+00:00\",\"description\":\"Rabata r\u00f3\u017cana cz\u0119sto powstaje pod wp\u0142ywem impulsu. Pierwsza zdecydowanie, kolejne to objaw zakochania w tych kr\u00f3lewskich kwiatach.\",\"breadcrumb\":{\"@id\":\"https:\/\/rozaria.pl\/blog\/tak-rodzila-sie-moja-rozana-milosc\/#breadcrumb\"},\"inLanguage\":\"pl-PL\",\"potentialAction\":[{\"@type\":\"ReadAction\",\"target\":[\"https:\/\/rozaria.pl\/blog\/tak-rodzila-sie-moja-rozana-milosc\/\"]}]},{\"@type\":\"ImageObject\",\"inLanguage\":\"pl-PL\",\"@id\":\"https:\/\/rozaria.pl\/blog\/tak-rodzila-sie-moja-rozana-milosc\/#primaryimage\",\"url\":\"https:\/\/rozaria.pl\/blog\/wp-content\/uploads\/2021\/12\/kwiaty-roz.jpg\",\"contentUrl\":\"https:\/\/rozaria.pl\/blog\/wp-content\/uploads\/2021\/12\/kwiaty-roz.jpg\",\"width\":1024,\"height\":768,\"caption\":\"kwiaty r\u00f3\u017c\"},{\"@type\":\"BreadcrumbList\",\"@id\":\"https:\/\/rozaria.pl\/blog\/tak-rodzila-sie-moja-rozana-milosc\/#breadcrumb\",\"itemListElement\":[{\"@type\":\"ListItem\",\"position\":1,\"name\":\"Strona g\u0142\u00f3wna\",\"item\":\"https:\/\/rozaria.pl\/blog\/\"},{\"@type\":\"ListItem\",\"position\":2,\"name\":\"R\u00f3\u017cana mi\u0142o\u015b\u0107\"}]},{\"@type\":\"WebSite\",\"@id\":\"https:\/\/rozaria.pl\/blog\/#website\",\"url\":\"https:\/\/rozaria.pl\/blog\/\",\"name\":\"blog Rozaria.pl\",\"description\":\"Porozmawiajmy o r\u00f3\u017cach, o wszystkich sprawach\",\"publisher\":{\"@id\":\"https:\/\/rozaria.pl\/blog\/#organization\"},\"potentialAction\":[{\"@type\":\"SearchAction\",\"target\":{\"@type\":\"EntryPoint\",\"urlTemplate\":\"https:\/\/rozaria.pl\/blog\/?s={search_term_string}\"},\"query-input\":{\"@type\":\"PropertyValueSpecification\",\"valueRequired\":true,\"valueName\":\"search_term_string\"}}],\"inLanguage\":\"pl-PL\"},{\"@type\":\"Organization\",\"@id\":\"https:\/\/rozaria.pl\/blog\/#organization\",\"name\":\"Szk\u00f3\u0142ka R\u00f3\u017c Rozaria\",\"url\":\"https:\/\/rozaria.pl\/blog\/\",\"logo\":{\"@type\":\"ImageObject\",\"inLanguage\":\"pl-PL\",\"@id\":\"https:\/\/rozaria.pl\/blog\/#\/schema\/logo\/image\/\",\"url\":\"https:\/\/rozaria.pl\/blog\/wp-content\/uploads\/2016\/12\/logo_dla-rozaria.png\",\"contentUrl\":\"https:\/\/rozaria.pl\/blog\/wp-content\/uploads\/2016\/12\/logo_dla-rozaria.png\",\"width\":400,\"height\":166,\"caption\":\"Szk\u00f3\u0142ka R\u00f3\u017c Rozaria\"},\"image\":{\"@id\":\"https:\/\/rozaria.pl\/blog\/#\/schema\/logo\/image\/\"},\"sameAs\":[\"https:\/\/www.facebook.com\/SzkolkaRozRozaria\/\",\"https:\/\/x.com\/SzkolkaRozaria\",\"https:\/\/www.youtube.com\/channel\/UCguKKBc7F06eYM1tzYx1Z5A\"]},{\"@type\":\"Person\",\"@id\":\"https:\/\/rozaria.pl\/blog\/#\/schema\/person\/e0b63ce2682f026a88828a7772e9ac22\",\"name\":\"Rozaria.pl\",\"image\":{\"@type\":\"ImageObject\",\"inLanguage\":\"pl-PL\",\"@id\":\"https:\/\/rozaria.pl\/blog\/#\/schema\/person\/image\/\",\"url\":\"https:\/\/secure.gravatar.com\/avatar\/a617f0796bdf5b31b93d812b41809f25?s=96&d=mm&r=g\",\"contentUrl\":\"https:\/\/secure.gravatar.com\/avatar\/a617f0796bdf5b31b93d812b41809f25?s=96&d=mm&r=g\",\"caption\":\"Rozaria.pl\"},\"url\":\"https:\/\/rozaria.pl\/blog\/author\/pp\/\"}]}<\/script>\n<!-- \/ Yoast SEO plugin. -->","yoast_head_json":{"title":"R\u00d3\u017bANA MI\u0141O\u015a\u0106R\u00f3\u017cana mi\u0142o\u015b\u0107 - blog Rozaria.pl","description":"Rabata r\u00f3\u017cana cz\u0119sto powstaje pod wp\u0142ywem impulsu. Pierwsza zdecydowanie, kolejne to objaw zakochania w tych kr\u00f3lewskich kwiatach.","robots":{"index":"index","follow":"follow","max-snippet":"max-snippet:-1","max-image-preview":"max-image-preview:large","max-video-preview":"max-video-preview:-1"},"canonical":"https:\/\/rozaria.pl\/blog\/tak-rodzila-sie-moja-rozana-milosc\/","og_locale":"pl_PL","og_type":"article","og_title":"R\u00d3\u017bANA MI\u0141O\u015a\u0106R\u00f3\u017cana mi\u0142o\u015b\u0107 - blog Rozaria.pl","og_description":"Rabata r\u00f3\u017cana cz\u0119sto powstaje pod wp\u0142ywem impulsu. Pierwsza zdecydowanie, kolejne to objaw zakochania w tych kr\u00f3lewskich kwiatach.","og_url":"https:\/\/rozaria.pl\/blog\/tak-rodzila-sie-moja-rozana-milosc\/","og_site_name":"blog Rozaria.pl","article_publisher":"https:\/\/www.facebook.com\/SzkolkaRozRozaria\/","article_published_time":"2021-12-02T17:13:44+00:00","article_modified_time":"2024-02-25T18:03:34+00:00","og_image":[{"width":1024,"height":768,"url":"https:\/\/rozaria.pl\/blog\/wp-content\/uploads\/2021\/12\/kwiaty-roz.jpg","type":"image\/jpeg"}],"author":"Rozaria.pl","twitter_card":"summary_large_image","twitter_creator":"@SzkolkaRozaria","twitter_site":"@SzkolkaRozaria","twitter_misc":{"Napisane przez":"Rozaria.pl","Szacowany czas czytania":"9 minut"},"schema":{"@context":"https:\/\/schema.org","@graph":[{"@type":"Article","@id":"https:\/\/rozaria.pl\/blog\/tak-rodzila-sie-moja-rozana-milosc\/#article","isPartOf":{"@id":"https:\/\/rozaria.pl\/blog\/tak-rodzila-sie-moja-rozana-milosc\/"},"author":{"name":"Rozaria.pl","@id":"https:\/\/rozaria.pl\/blog\/#\/schema\/person\/e0b63ce2682f026a88828a7772e9ac22"},"headline":"R\u00f3\u017cana mi\u0142o\u015b\u0107","datePublished":"2021-12-02T17:13:44+00:00","dateModified":"2024-02-25T18:03:34+00:00","mainEntityOfPage":{"@id":"https:\/\/rozaria.pl\/blog\/tak-rodzila-sie-moja-rozana-milosc\/"},"wordCount":1221,"commentCount":0,"publisher":{"@id":"https:\/\/rozaria.pl\/blog\/#organization"},"image":{"@id":"https:\/\/rozaria.pl\/blog\/tak-rodzila-sie-moja-rozana-milosc\/#primaryimage"},"thumbnailUrl":"https:\/\/rozaria.pl\/blog\/wp-content\/uploads\/2021\/12\/kwiaty-roz.jpg","articleSection":["Historie"],"inLanguage":"pl-PL","potentialAction":[{"@type":"CommentAction","name":"Comment","target":["https:\/\/rozaria.pl\/blog\/tak-rodzila-sie-moja-rozana-milosc\/#respond"]}]},{"@type":"WebPage","@id":"https:\/\/rozaria.pl\/blog\/tak-rodzila-sie-moja-rozana-milosc\/","url":"https:\/\/rozaria.pl\/blog\/tak-rodzila-sie-moja-rozana-milosc\/","name":"R\u00d3\u017bANA MI\u0141O\u015a\u0106R\u00f3\u017cana mi\u0142o\u015b\u0107 - blog Rozaria.pl","isPartOf":{"@id":"https:\/\/rozaria.pl\/blog\/#website"},"primaryImageOfPage":{"@id":"https:\/\/rozaria.pl\/blog\/tak-rodzila-sie-moja-rozana-milosc\/#primaryimage"},"image":{"@id":"https:\/\/rozaria.pl\/blog\/tak-rodzila-sie-moja-rozana-milosc\/#primaryimage"},"thumbnailUrl":"https:\/\/rozaria.pl\/blog\/wp-content\/uploads\/2021\/12\/kwiaty-roz.jpg","datePublished":"2021-12-02T17:13:44+00:00","dateModified":"2024-02-25T18:03:34+00:00","description":"Rabata r\u00f3\u017cana cz\u0119sto powstaje pod wp\u0142ywem impulsu. Pierwsza zdecydowanie, kolejne to objaw zakochania w tych kr\u00f3lewskich kwiatach.","breadcrumb":{"@id":"https:\/\/rozaria.pl\/blog\/tak-rodzila-sie-moja-rozana-milosc\/#breadcrumb"},"inLanguage":"pl-PL","potentialAction":[{"@type":"ReadAction","target":["https:\/\/rozaria.pl\/blog\/tak-rodzila-sie-moja-rozana-milosc\/"]}]},{"@type":"ImageObject","inLanguage":"pl-PL","@id":"https:\/\/rozaria.pl\/blog\/tak-rodzila-sie-moja-rozana-milosc\/#primaryimage","url":"https:\/\/rozaria.pl\/blog\/wp-content\/uploads\/2021\/12\/kwiaty-roz.jpg","contentUrl":"https:\/\/rozaria.pl\/blog\/wp-content\/uploads\/2021\/12\/kwiaty-roz.jpg","width":1024,"height":768,"caption":"kwiaty r\u00f3\u017c"},{"@type":"BreadcrumbList","@id":"https:\/\/rozaria.pl\/blog\/tak-rodzila-sie-moja-rozana-milosc\/#breadcrumb","itemListElement":[{"@type":"ListItem","position":1,"name":"Strona g\u0142\u00f3wna","item":"https:\/\/rozaria.pl\/blog\/"},{"@type":"ListItem","position":2,"name":"R\u00f3\u017cana mi\u0142o\u015b\u0107"}]},{"@type":"WebSite","@id":"https:\/\/rozaria.pl\/blog\/#website","url":"https:\/\/rozaria.pl\/blog\/","name":"blog Rozaria.pl","description":"Porozmawiajmy o r\u00f3\u017cach, o wszystkich sprawach","publisher":{"@id":"https:\/\/rozaria.pl\/blog\/#organization"},"potentialAction":[{"@type":"SearchAction","target":{"@type":"EntryPoint","urlTemplate":"https:\/\/rozaria.pl\/blog\/?s={search_term_string}"},"query-input":{"@type":"PropertyValueSpecification","valueRequired":true,"valueName":"search_term_string"}}],"inLanguage":"pl-PL"},{"@type":"Organization","@id":"https:\/\/rozaria.pl\/blog\/#organization","name":"Szk\u00f3\u0142ka R\u00f3\u017c Rozaria","url":"https:\/\/rozaria.pl\/blog\/","logo":{"@type":"ImageObject","inLanguage":"pl-PL","@id":"https:\/\/rozaria.pl\/blog\/#\/schema\/logo\/image\/","url":"https:\/\/rozaria.pl\/blog\/wp-content\/uploads\/2016\/12\/logo_dla-rozaria.png","contentUrl":"https:\/\/rozaria.pl\/blog\/wp-content\/uploads\/2016\/12\/logo_dla-rozaria.png","width":400,"height":166,"caption":"Szk\u00f3\u0142ka R\u00f3\u017c Rozaria"},"image":{"@id":"https:\/\/rozaria.pl\/blog\/#\/schema\/logo\/image\/"},"sameAs":["https:\/\/www.facebook.com\/SzkolkaRozRozaria\/","https:\/\/x.com\/SzkolkaRozaria","https:\/\/www.youtube.com\/channel\/UCguKKBc7F06eYM1tzYx1Z5A"]},{"@type":"Person","@id":"https:\/\/rozaria.pl\/blog\/#\/schema\/person\/e0b63ce2682f026a88828a7772e9ac22","name":"Rozaria.pl","image":{"@type":"ImageObject","inLanguage":"pl-PL","@id":"https:\/\/rozaria.pl\/blog\/#\/schema\/person\/image\/","url":"https:\/\/secure.gravatar.com\/avatar\/a617f0796bdf5b31b93d812b41809f25?s=96&d=mm&r=g","contentUrl":"https:\/\/secure.gravatar.com\/avatar\/a617f0796bdf5b31b93d812b41809f25?s=96&d=mm&r=g","caption":"Rozaria.pl"},"url":"https:\/\/rozaria.pl\/blog\/author\/pp\/"}]}},"_links":{"self":[{"href":"https:\/\/rozaria.pl\/blog\/wp-json\/wp\/v2\/posts\/4470"}],"collection":[{"href":"https:\/\/rozaria.pl\/blog\/wp-json\/wp\/v2\/posts"}],"about":[{"href":"https:\/\/rozaria.pl\/blog\/wp-json\/wp\/v2\/types\/post"}],"author":[{"embeddable":true,"href":"https:\/\/rozaria.pl\/blog\/wp-json\/wp\/v2\/users\/11"}],"replies":[{"embeddable":true,"href":"https:\/\/rozaria.pl\/blog\/wp-json\/wp\/v2\/comments?post=4470"}],"version-history":[{"count":14,"href":"https:\/\/rozaria.pl\/blog\/wp-json\/wp\/v2\/posts\/4470\/revisions"}],"predecessor-version":[{"id":5467,"href":"https:\/\/rozaria.pl\/blog\/wp-json\/wp\/v2\/posts\/4470\/revisions\/5467"}],"wp:featuredmedia":[{"embeddable":true,"href":"https:\/\/rozaria.pl\/blog\/wp-json\/wp\/v2\/media\/4479"}],"wp:attachment":[{"href":"https:\/\/rozaria.pl\/blog\/wp-json\/wp\/v2\/media?parent=4470"}],"wp:term":[{"taxonomy":"category","embeddable":true,"href":"https:\/\/rozaria.pl\/blog\/wp-json\/wp\/v2\/categories?post=4470"},{"taxonomy":"post_tag","embeddable":true,"href":"https:\/\/rozaria.pl\/blog\/wp-json\/wp\/v2\/tags?post=4470"}],"curies":[{"name":"wp","href":"https:\/\/api.w.org\/{rel}","templated":true}]}}