{"id":4457,"date":"2021-10-31T21:48:59","date_gmt":"2021-10-31T20:48:59","guid":{"rendered":"https:\/\/rozaria.pl\/blog\/?p=4457"},"modified":"2024-02-14T09:51:28","modified_gmt":"2024-02-14T08:51:28","slug":"jak-roza-stala-sie-krolowa-mojego-ogrodu","status":"publish","type":"post","link":"https:\/\/rozaria.pl\/blog\/jak-roza-stala-sie-krolowa-mojego-ogrodu\/","title":{"rendered":"R\u00f3\u017ca kwiaty"},"content":{"rendered":"<h2>R\u00f3\u017ca kwiaty<\/h2>\n<p style=\"text-align: justify;\"><span style=\"font-size: 14pt;\"><span style=\"text-decoration: underline;\"><em>R\u00f3\u017ca<\/em><\/span>, nazywana cz\u0119sto kr\u00f3low\u0105 kwiat\u00f3w, od wiek\u00f3w fascynuje ludzi swoj\u0105 niezr\u00f3wnan\u0105 urod\u0105, z\u0142o\u017cono\u015bci\u0105 form i bogactwem aromat\u00f3w. Symbolem mi\u0142o\u015bci, pi\u0119kna i doskona\u0142o\u015bci, zdobi ogrody, parki i bukiety na ca\u0142ym \u015bwiecie, b\u0119d\u0105c nieod\u0142\u0105cznym elementem wielu kultur i tradycji. Wyst\u0119puje w niezliczonych odmianach, od dzikich gatunk\u00f3w, przez historyczne r\u00f3\u017ce, a\u017c po nowoczesne hybrydy, oferuj\u0105c nieko\u0144cz\u0105ce si\u0119 mo\u017cliwo\u015bci aran\u017cacji i hodowli. <\/span><\/p>\n<h3>Dzieci\u0119ce Wspomnienia kwiat\u00f3w r\u00f3\u017c<\/h3>\n<p style=\"text-align: justify;\"><span style=\"font-size: 14pt;\">Kiedy by\u0142am ma\u0142ym dzieckiem, a potem m\u0142od\u0105 dziewczyn\u0105, jedn\u0105 z rzeczy, kt\u00f3rych najbardziej nie lubi\u0142am, by\u0142o zajmowanie si\u0119 grz\u0105dkami na dzia\u0142ce moich rodzic\u00f3w. Nie znosi\u0142am grzeba\u0107 w ziemi, wyrywa\u0107 chwast\u00f3w, brudzi\u0107 sobie r\u0105k sokiem ro\u015blin. A przede wszystkim ba\u0142am si\u0119 d\u017cd\u017cownic, kt\u00f3re napawa\u0142y mnie wstr\u0119tem. <a href=\"https:\/\/rozaria.pl\/roze-historyczne-mme-isaac-pereire\"><img loading=\"lazy\" decoding=\"async\" class=\"alignright wp-image-4462 size-medium\" src=\"https:\/\/rozaria.pl\/blog\/wp-content\/uploads\/2021\/10\/madame-isaac-pereire-300x225.jpg\" alt=\"r\u00f3\u017ca kwiaty Madame Isaac Pereire\" width=\"300\" height=\"225\" srcset=\"https:\/\/rozaria.pl\/blog\/wp-content\/uploads\/2021\/10\/madame-isaac-pereire-150x113.jpg 150w, https:\/\/rozaria.pl\/blog\/wp-content\/uploads\/2021\/10\/madame-isaac-pereire-200x150.jpg 200w, https:\/\/rozaria.pl\/blog\/wp-content\/uploads\/2021\/10\/madame-isaac-pereire-300x225.jpg 300w, https:\/\/rozaria.pl\/blog\/wp-content\/uploads\/2021\/10\/madame-isaac-pereire-400x300.jpg 400w, https:\/\/rozaria.pl\/blog\/wp-content\/uploads\/2021\/10\/madame-isaac-pereire-600x450.jpg 600w, https:\/\/rozaria.pl\/blog\/wp-content\/uploads\/2021\/10\/madame-isaac-pereire-768x576.jpg 768w, https:\/\/rozaria.pl\/blog\/wp-content\/uploads\/2021\/10\/madame-isaac-pereire-800x600.jpg 800w, https:\/\/rozaria.pl\/blog\/wp-content\/uploads\/2021\/10\/madame-isaac-pereire-1024x768.jpg 1024w, https:\/\/rozaria.pl\/blog\/wp-content\/uploads\/2021\/10\/madame-isaac-pereire-1200x900.jpg 1200w, https:\/\/rozaria.pl\/blog\/wp-content\/uploads\/2021\/10\/madame-isaac-pereire.jpg 1221w\" sizes=\"(max-width: 300px) 100vw, 300px\" \/><\/a>Pi\u0119kno kwiat\u00f3w sianych i sadzonych przez moj\u0105 Mam\u0119 jakby dla mnie nie istnia\u0142o, przyt\u0142umione nielubianymi obowi\u0105zkami \u201eprzymusowego dzia\u0142kowca\u201d. Na dzia\u0142ce w\u015br\u00f3d innych kwiat\u00f3w ros\u0142o kilka krzew\u00f3w r\u00f3\u017c. Niestety ani zbyt nie pachnia\u0142y, ani ich uroda nie by\u0142a na tyle rzucaj\u0105ca si\u0119 w oczy, abym zapami\u0119ta\u0142a ich wygl\u0105d. Wiem, \u017ce ros\u0142y, poniewa\u017c cz\u0119sto mia\u0142am pok\u0142ute kolcami r\u0119ce. I to by\u0142o jedno wspomnienie zwi\u0105zane z kwiatami r\u00f3\u017c. <strong><em>R\u00f3\u017ca kwiaty<\/em><\/strong> nie by\u0142o dla mnie na ten moment synonimem niczego pi\u0119knego.<\/span><\/p>\n<h3>Pierwsze Spotkania z Kwiatami R\u00f3\u017c<\/h3>\n<p style=\"text-align: justify;\"><span style=\"font-size: 14pt;\">Drugie wspomnienie, to niskie <strong>kwiaty r\u00f3\u017c<\/strong> rosn\u0105ce pod naszym blokiem, tworz\u0105ce czerwony, bezwonny dywanik z\u0142o\u017cony z pojedynczych kwiat\u00f3w. Zosta\u0142y bez polotu posadzone przez pracownik\u00f3w sp\u00f3\u0142dzielni osiedla. Te r\u00f3\u017ce ocenia\u0142am zawsze po prostu jako brzydkie i t\u0119 ich subiektywnie ocenian\u0105 brzydot\u0119 wpisa\u0142am sobie w pami\u0119\u0107. Niestety zapami\u0119ta\u0142am to jako cech\u0119 charakterystyczn\u0105 r\u00f3\u017c rabatowych. No i trzecie r\u00f3\u017cane wspomnienie \u2013 to kwiaty ci\u0119te noszone na imieniny, p\u0105ki zwini\u0119te w \u015blimaczka, zawsze w takim samym kszta\u0142cie, tylko w innym kolorze, a czasami r\u00f3\u017cni\u0105ce si\u0119 te\u017c intensywno\u015bci\u0105 zapachu. <\/span><span style=\"font-size: 14pt;\">Wspomnienia te ukszta\u0142towa\u0142y we mnie postaw\u0119 pe\u0142n\u0105 rezerwy wobec r\u00f3\u017c. <\/span><\/p>\n<h2>Prze\u0142om: Odkrycie R\u00f3\u017cy Kwiatu z Bajki<\/h2>\n<p style=\"text-align: justify;\"><span style=\"font-size: 14pt;\"><a href=\"https:\/\/rozaria.pl\/module\/iqitsearch\/searchiqit?s=petite\"><img loading=\"lazy\" decoding=\"async\" class=\"alignleft wp-image-4458 size-medium\" src=\"https:\/\/rozaria.pl\/blog\/wp-content\/uploads\/2021\/10\/alancja-300x225.jpg\" alt=\"Alancja r\u00f3\u017ca kwiaty\" width=\"300\" height=\"225\" srcset=\"https:\/\/rozaria.pl\/blog\/wp-content\/uploads\/2021\/10\/alancja-150x113.jpg 150w, https:\/\/rozaria.pl\/blog\/wp-content\/uploads\/2021\/10\/alancja-200x150.jpg 200w, https:\/\/rozaria.pl\/blog\/wp-content\/uploads\/2021\/10\/alancja-300x225.jpg 300w, https:\/\/rozaria.pl\/blog\/wp-content\/uploads\/2021\/10\/alancja-400x300.jpg 400w, https:\/\/rozaria.pl\/blog\/wp-content\/uploads\/2021\/10\/alancja-600x450.jpg 600w, https:\/\/rozaria.pl\/blog\/wp-content\/uploads\/2021\/10\/alancja-768x576.jpg 768w, https:\/\/rozaria.pl\/blog\/wp-content\/uploads\/2021\/10\/alancja-800x600.jpg 800w, https:\/\/rozaria.pl\/blog\/wp-content\/uploads\/2021\/10\/alancja-1024x769.jpg 1024w, https:\/\/rozaria.pl\/blog\/wp-content\/uploads\/2021\/10\/alancja-1200x901.jpg 1200w, https:\/\/rozaria.pl\/blog\/wp-content\/uploads\/2021\/10\/alancja.jpg 1291w\" sizes=\"(max-width: 300px) 100vw, 300px\" \/><\/a>A\u017c do czasu, gdy w 2004 r. kupili\u015bmy z m\u0119\u017cem dzia\u0142k\u0119 pod budow\u0119 naszego domu. Dzia\u0142ka by\u0142a zagospodarowana, ros\u0142o na niej kilka drzew i krzew\u00f3w, by\u0142 warzywnik oraz kilka zagonk\u00f3w kwiat\u00f3w letnich i bylin. By\u0142 te\u017c jeden rozro\u015bni\u0119ty, wysoki krzew r\u00f3\u017cy, kt\u00f3ry w\u0142a\u015bnie rozkwita\u0142. I wtedy po raz pierwszy zobaczy\u0142am w rzeczywisto\u015bci r\u00f3\u017c\u0119 z bajki, r\u00f3\u017c\u0119 niepodobn\u0105 do \u017cadnej, jak\u0105 kiedykolwiek widzia\u0142am. Na do\u015b\u0107 cienkich, kolczastych p\u0119dach rozkwita\u0142y delikatnie r\u00f3\u017cowe, \u015bredniej wielko\u015bci, niezwykle pi\u0119knie pachn\u0105ce pompony p\u0142atk\u00f3w, kt\u00f3rych by\u0142o bardzo du\u017co. <a href=\"https:\/\/rozaria.pl\/blog\/wp-content\/uploads\/2021\/10\/evelyn.jpg\"><img loading=\"lazy\" decoding=\"async\" class=\"alignright wp-image-4461 size-medium\" src=\"https:\/\/rozaria.pl\/blog\/wp-content\/uploads\/2021\/10\/evelyn-300x225.jpg\" alt=\"Evelyn kwiaty r\u00f3\u017ca\" width=\"300\" height=\"225\" srcset=\"https:\/\/rozaria.pl\/blog\/wp-content\/uploads\/2021\/10\/evelyn-150x113.jpg 150w, https:\/\/rozaria.pl\/blog\/wp-content\/uploads\/2021\/10\/evelyn-200x150.jpg 200w, https:\/\/rozaria.pl\/blog\/wp-content\/uploads\/2021\/10\/evelyn-300x225.jpg 300w, https:\/\/rozaria.pl\/blog\/wp-content\/uploads\/2021\/10\/evelyn-400x300.jpg 400w, https:\/\/rozaria.pl\/blog\/wp-content\/uploads\/2021\/10\/evelyn-600x450.jpg 600w, https:\/\/rozaria.pl\/blog\/wp-content\/uploads\/2021\/10\/evelyn-768x576.jpg 768w, https:\/\/rozaria.pl\/blog\/wp-content\/uploads\/2021\/10\/evelyn-800x600.jpg 800w, https:\/\/rozaria.pl\/blog\/wp-content\/uploads\/2021\/10\/evelyn-1024x768.jpg 1024w, https:\/\/rozaria.pl\/blog\/wp-content\/uploads\/2021\/10\/evelyn-1200x900.jpg 1200w, https:\/\/rozaria.pl\/blog\/wp-content\/uploads\/2021\/10\/evelyn.jpg 1452w\" sizes=\"(max-width: 300px) 100vw, 300px\" \/><\/a>Kwiat mia\u0142 kszta\u0142t nieregularnej rozety, a czasami ukazywa\u0142o si\u0119 ma\u0142e oczko otoczone ok\u00f3\u0142kiem drobnych p\u0142ateczk\u00f3w. Wtedy dopiero zrozumia\u0142am, dlaczego ko\u0142owe okna witra\u017cowe w gotyckich ko\u015bcio\u0142ach nosz\u0105 nazw\u0119 rozet. Wcze\u015bniej ta nazwa by\u0142\u0105 dla mnie zupe\u0142nie abstrakcyjna.<\/span><\/p>\n<h2>Poszukiwania Wiedzy i Pierwsze Zakupy R\u00f3\u017c<\/h2>\n<p style=\"text-align: justify;\"><span style=\"font-size: 14pt;\">Odkrycie tej niezwyk\u0142ej r\u00f3\u017cy w naszym ogrodzie sk\u0142oni\u0142o mnie do poszukiwa\u0144 informacji w literaturze, a potem w internecie, na temat nieznanych mi kwiat\u00f3w r\u00f3\u017c. Powoli dotar\u0142am do artyku\u0142\u00f3w o r\u00f3\u017cach historycznych, ich klasyfikacji, kwiatach, pochodzeniu i odmianach. Znalaz\u0142am polskich hodowc\u00f3w i pasjonat\u00f3w tych r\u00f3\u017c, zgromadzi\u0142am oferty i powoli zacz\u0119\u0142am zaprasza\u0107 do siebie w mojej ocenie te najpi\u0119kniejsze. Pierwsz\u0105 z kupionych by\u0142a <a href=\"https:\/\/rozaria.pl\/charles-de-mills-roze-historyczne\">r\u00f3\u017ca historyczna Charles de Mills<\/a>, potem kolejno pojawia\u0142y si\u0119 damasce\u0144skie (Madame Hardy), <a href=\"https:\/\/rozaria.pl\/roze-historyczne-mme-isaac-pereire\">r\u00f3\u017ce burbo\u0144skie Madame Isaac Pereire<\/a>, remontantki (Gloire de Ducher), <a href=\"https:\/\/rozaria.pl\/roze-historyczne-rose-de-resht\">r\u00f3\u017ce portlandzkie Rose de Rescht<\/a>, alby (Maiden`s Blush) i inne. Wreszcie zakupi\u0142am kilka r\u00f3\u017c angielskich Davida Austina (Constance Spry, Golden Celebration oraz <a href=\"https:\/\/rozaria.pl\/roze-angielskie-heritage\">r\u00f3\u017ce angielskie Heritage<\/a>). I jak to cz\u0119sto bywa w \u201emiar\u0119 jedzenia\u201d m\u00f3j apetyt r\u00f3s\u0142 i r\u00f3s\u0142. <\/span><\/p>\n<h2>Rozbudowa Kolekcji R\u00f3\u017canych kwiat\u00f3w<\/h2>\n<p style=\"text-align: justify;\"><span style=\"font-size: 14pt;\"><a href=\"https:\/\/rozaria.pl\/blog\/wp-content\/uploads\/2021\/10\/comtesse-de-rocquigny.jpg\"><img loading=\"lazy\" decoding=\"async\" class=\"alignleft wp-image-4460 size-medium\" src=\"https:\/\/rozaria.pl\/blog\/wp-content\/uploads\/2021\/10\/comtesse-de-rocquigny-300x225.jpg\" alt=\"Comtesse de Rocquigny \" width=\"300\" height=\"225\" srcset=\"https:\/\/rozaria.pl\/blog\/wp-content\/uploads\/2021\/10\/comtesse-de-rocquigny-150x113.jpg 150w, https:\/\/rozaria.pl\/blog\/wp-content\/uploads\/2021\/10\/comtesse-de-rocquigny-200x150.jpg 200w, https:\/\/rozaria.pl\/blog\/wp-content\/uploads\/2021\/10\/comtesse-de-rocquigny-300x225.jpg 300w, https:\/\/rozaria.pl\/blog\/wp-content\/uploads\/2021\/10\/comtesse-de-rocquigny-400x300.jpg 400w, https:\/\/rozaria.pl\/blog\/wp-content\/uploads\/2021\/10\/comtesse-de-rocquigny-600x450.jpg 600w, https:\/\/rozaria.pl\/blog\/wp-content\/uploads\/2021\/10\/comtesse-de-rocquigny-768x576.jpg 768w, https:\/\/rozaria.pl\/blog\/wp-content\/uploads\/2021\/10\/comtesse-de-rocquigny-800x600.jpg 800w, https:\/\/rozaria.pl\/blog\/wp-content\/uploads\/2021\/10\/comtesse-de-rocquigny-1024x768.jpg 1024w, https:\/\/rozaria.pl\/blog\/wp-content\/uploads\/2021\/10\/comtesse-de-rocquigny-1200x900.jpg 1200w, https:\/\/rozaria.pl\/blog\/wp-content\/uploads\/2021\/10\/comtesse-de-rocquigny.jpg 1462w\" sizes=\"(max-width: 300px) 100vw, 300px\" \/><\/a>Dzi\u015b w ogrodzie ro\u015bnie i zachwyca oczy ca\u0142ej mojej rodziny, s\u0105siad\u00f3w i go\u015bci 56 krzew\u00f3w r\u00f3\u017cnych odmian i mam nadziej\u0119 nie jest to koniec. W ogrodzie mam g\u0142\u00f3wnie r\u00f3\u017ce kwiaty historyczne, angielskie, nostalgiczne (Chippendale). Ponadto zakupi\u0142am\u00a0 kilka rabatowych (Baronesse), parkowe (BouquetParfait) i pn\u0105ce (r\u00f3\u017ca pn\u0105ca Felicite et Perpetue oraz <a href=\"https:\/\/rozaria.pl\/roze-historyczne-souvenir-jamain\">r\u00f3\u017ca pn\u0105ca Souvenir du dr Jamain<\/a>). A ostatnio coraz cz\u0119\u015bciej dokupuj\u0119 odmiany botaniczne lub ich miesza\u0144ce (R. richardii). Mimo, \u017ce ogr\u00f3d nie jest du\u017cy, co roku znajduj\u0119 nowe miejsce na posadzenie kolejnej odmiany. Zimowe miesi\u0105ce przeznaczam na planowanie nowych nasadze\u0144 i ciesz\u0119 si\u0119 przysz\u0142\u0105 wizj\u0105 pi\u0119kna r\u00f3\u017canych rabat. <\/span><\/p>\n<h3>Ulubione Odmiany<\/h3>\n<p style=\"text-align: justify;\"><span style=\"font-size: 14pt;\">Cz\u0119sto znajomi pytaj\u0105 mnie, kt\u00f3ra z tych r\u00f3\u017c najbardziej mi si\u0119 podoba. W takiej sytuacji trudno mi si\u0119 zdecydowa\u0107 i wybra\u0107 t\u0119 \u201enaj\u201d. W\u0142a\u015bciwie powinnam powiedzie\u0107, \u017ce wszystkie, poniewa\u017c ka\u017cda jest inna i ka\u017cda by\u0142a wybierana i sadzona jako ta wyj\u0105tkowa, niepodobna do \u017cadnej. W sezonie obchodz\u0119 ogr\u00f3d codziennie. Przygl\u0105dam si\u0119 ka\u017cdemu krzakowi osobno, podziwiam subtelne pi\u0119kno ich li\u015bci i kwiat\u00f3w. A czasami martwi\u0119 si\u0119, \u017ce zn\u00f3w te mszyce, bruzdownice lub czarna plamisto\u015b\u0107. Znam wszystkie r\u00f3\u017ce po imieniu jak dobre znajome. Pami\u0119tam ich cechy \u201echarakteru\u201d, to jak si\u0119 \u201eprowadz\u0105\u201d A one i tak co roku zaskakuj\u0105 mnie swoj\u0105 zmienno\u015bci\u0105. Wi\u0119c wszystkie s\u0105 moimi ulubionymi towarzyszkami \u017cycia w ogrodzie. <\/span><\/p>\n<h3>\u00a0Niezapomniane Wspomnienia Kwiat\u00f3w R\u00f3\u017c<\/h3>\n<p style=\"text-align: justify;\"><span style=\"font-size: 14pt;\">Natomiast, je\u015bli mia\u0142abym wybra\u0107 te, kt\u00f3re darz\u0119 szczeg\u00f3lnym sentymentem, to wskaza\u0142abym na StanwellPerpetual i <a href=\"https:\/\/rozaria.pl\/charles-de-mills-roze-historyczne\">r\u00f3\u017c\u0119 historyczn\u0105 Charles de Mills<\/a>. Ta pierwsza prze\u017cy\u0142a dramatyczn\u0105 przeprowadzk\u0119 z jednego miejsca na drugie. Podnios\u0142a si\u0119 ze stanu prawie ca\u0142kowitego zniszczenia do pe\u0142ni rozkwitu. Natomiast Charles de Mills by\u0142a t\u0105 pierwsz\u0105 zakupion\u0105 galijk\u0105. <\/span><span style=\"font-size: 14pt;\">Zdecydowanie kwiat ten kr\u00f3luje w naszym ogrodzie i nie zanosi si\u0119 na detronizacj\u0119. Natomiast co do r\u00f3\u017cy, kt\u00f3r\u0105 jako pierwsz\u0105 zobaczy\u0142am na mojej ziemi i kt\u00f3r\u0105 c\u00f3rka nazwa\u0142a Alancj\u0105, nadal po tylu latach nie mam pewno\u015bci, jak j\u0105 zaklasyfikowa\u0107. Po licznych konsultacjach u ekspert\u00f3w uzna\u0142am, \u017ce jest to albo r\u00f3\u017ca galijska, albo damasce\u0144ska, albo mieszaniec mi\u0119dzygatunkowy. Jednak moja niewiedza w niczym nie umniejsza jej czaru i pi\u0119kna, kt\u00f3rym obdarza nas ka\u017cdego roku w czerwcu.<\/span><\/p>\n<p style=\"text-align: justify;\"><span style=\"font-size: 14pt;\">Ewa Miszczak, Lublin<\/span><\/p>\n<p>&nbsp;<\/p>\n","protected":false},"excerpt":{"rendered":"<p>R\u00f3\u017ca kwiaty R\u00f3\u017ca, nazywana cz\u0119sto kr\u00f3low\u0105 kwiat\u00f3w, od wiek\u00f3w fascynuje ludzi swoj\u0105 niezr\u00f3wnan\u0105 urod\u0105, z\u0142o\u017cono\u015bci\u0105 form i bogactwem aromat\u00f3w. Symbolem mi\u0142o\u015bci, pi\u0119kna i doskona\u0142o\u015bci, zdobi ogrody, parki i bukiety na ca\u0142ym \u015bwiecie, b\u0119d\u0105c nieod\u0142\u0105cznym elementem wielu kultur i tradycji. Wyst\u0119puje [&hellip;]<\/p>\n","protected":false},"author":11,"featured_media":4459,"comment_status":"open","ping_status":"open","sticky":false,"template":"","format":"standard","meta":{"_mi_skip_tracking":false,"_monsterinsights_sitenote_active":false,"_monsterinsights_sitenote_note":"","_monsterinsights_sitenote_category":0,"footnotes":""},"categories":[111],"tags":[],"yoast_head":"<!-- This site is optimized with the Yoast SEO plugin v23.5 - https:\/\/yoast.com\/wordpress\/plugins\/seo\/ -->\n<title>R\u00d3\u017bA KWIATY R\u00f3\u017ca kwiaty - blog Rozaria.pl<\/title>\n<meta name=\"description\" content=\"R\u00f3\u017ca kwiaty to element wytworny i skupiaj\u0105cy uwag\u0119 w ka\u017cdym ogrodzie. Apetyt ro\u015bnie w miar\u0119 jedzenia, dlatego na jednej r\u00f3\u017cy si\u0119 nie ko\u0144czy.\" \/>\n<meta name=\"robots\" content=\"index, follow, max-snippet:-1, max-image-preview:large, max-video-preview:-1\" \/>\n<link rel=\"canonical\" href=\"https:\/\/rozaria.pl\/blog\/jak-roza-stala-sie-krolowa-mojego-ogrodu\/\" \/>\n<meta property=\"og:locale\" content=\"pl_PL\" \/>\n<meta property=\"og:type\" content=\"article\" \/>\n<meta property=\"og:title\" content=\"R\u00d3\u017bA KWIATY R\u00f3\u017ca kwiaty - blog Rozaria.pl\" \/>\n<meta property=\"og:description\" content=\"R\u00f3\u017ca kwiaty to element wytworny i skupiaj\u0105cy uwag\u0119 w ka\u017cdym ogrodzie. Apetyt ro\u015bnie w miar\u0119 jedzenia, dlatego na jednej r\u00f3\u017cy si\u0119 nie ko\u0144czy.\" \/>\n<meta property=\"og:url\" content=\"https:\/\/rozaria.pl\/blog\/jak-roza-stala-sie-krolowa-mojego-ogrodu\/\" \/>\n<meta property=\"og:site_name\" content=\"blog Rozaria.pl\" \/>\n<meta property=\"article:publisher\" content=\"https:\/\/www.facebook.com\/SzkolkaRozRozaria\/\" \/>\n<meta property=\"article:published_time\" content=\"2021-10-31T20:48:59+00:00\" \/>\n<meta property=\"article:modified_time\" content=\"2024-02-14T08:51:28+00:00\" \/>\n<meta property=\"og:image\" content=\"https:\/\/rozaria.pl\/blog\/wp-content\/uploads\/2021\/10\/artemis.jpg\" \/>\n\t<meta property=\"og:image:width\" content=\"1364\" \/>\n\t<meta property=\"og:image:height\" content=\"1024\" \/>\n\t<meta property=\"og:image:type\" content=\"image\/jpeg\" \/>\n<meta name=\"author\" content=\"Rozaria.pl\" \/>\n<meta name=\"twitter:card\" content=\"summary_large_image\" \/>\n<meta name=\"twitter:creator\" content=\"@SzkolkaRozaria\" \/>\n<meta name=\"twitter:site\" content=\"@SzkolkaRozaria\" \/>\n<meta name=\"twitter:label1\" content=\"Napisane przez\" \/>\n\t<meta name=\"twitter:data1\" content=\"Rozaria.pl\" \/>\n\t<meta name=\"twitter:label2\" content=\"Szacowany czas czytania\" \/>\n\t<meta name=\"twitter:data2\" content=\"7 minut\" \/>\n<script type=\"application\/ld+json\" class=\"yoast-schema-graph\">{\"@context\":\"https:\/\/schema.org\",\"@graph\":[{\"@type\":\"Article\",\"@id\":\"https:\/\/rozaria.pl\/blog\/jak-roza-stala-sie-krolowa-mojego-ogrodu\/#article\",\"isPartOf\":{\"@id\":\"https:\/\/rozaria.pl\/blog\/jak-roza-stala-sie-krolowa-mojego-ogrodu\/\"},\"author\":{\"name\":\"Rozaria.pl\",\"@id\":\"https:\/\/rozaria.pl\/blog\/#\/schema\/person\/e0b63ce2682f026a88828a7772e9ac22\"},\"headline\":\"R\u00f3\u017ca kwiaty\",\"datePublished\":\"2021-10-31T20:48:59+00:00\",\"dateModified\":\"2024-02-14T08:51:28+00:00\",\"mainEntityOfPage\":{\"@id\":\"https:\/\/rozaria.pl\/blog\/jak-roza-stala-sie-krolowa-mojego-ogrodu\/\"},\"wordCount\":1120,\"commentCount\":0,\"publisher\":{\"@id\":\"https:\/\/rozaria.pl\/blog\/#organization\"},\"image\":{\"@id\":\"https:\/\/rozaria.pl\/blog\/jak-roza-stala-sie-krolowa-mojego-ogrodu\/#primaryimage\"},\"thumbnailUrl\":\"https:\/\/rozaria.pl\/blog\/wp-content\/uploads\/2021\/10\/artemis.jpg\",\"articleSection\":[\"Historie\"],\"inLanguage\":\"pl-PL\",\"potentialAction\":[{\"@type\":\"CommentAction\",\"name\":\"Comment\",\"target\":[\"https:\/\/rozaria.pl\/blog\/jak-roza-stala-sie-krolowa-mojego-ogrodu\/#respond\"]}]},{\"@type\":\"WebPage\",\"@id\":\"https:\/\/rozaria.pl\/blog\/jak-roza-stala-sie-krolowa-mojego-ogrodu\/\",\"url\":\"https:\/\/rozaria.pl\/blog\/jak-roza-stala-sie-krolowa-mojego-ogrodu\/\",\"name\":\"R\u00d3\u017bA KWIATY R\u00f3\u017ca kwiaty - blog Rozaria.pl\",\"isPartOf\":{\"@id\":\"https:\/\/rozaria.pl\/blog\/#website\"},\"primaryImageOfPage\":{\"@id\":\"https:\/\/rozaria.pl\/blog\/jak-roza-stala-sie-krolowa-mojego-ogrodu\/#primaryimage\"},\"image\":{\"@id\":\"https:\/\/rozaria.pl\/blog\/jak-roza-stala-sie-krolowa-mojego-ogrodu\/#primaryimage\"},\"thumbnailUrl\":\"https:\/\/rozaria.pl\/blog\/wp-content\/uploads\/2021\/10\/artemis.jpg\",\"datePublished\":\"2021-10-31T20:48:59+00:00\",\"dateModified\":\"2024-02-14T08:51:28+00:00\",\"description\":\"R\u00f3\u017ca kwiaty to element wytworny i skupiaj\u0105cy uwag\u0119 w ka\u017cdym ogrodzie. Apetyt ro\u015bnie w miar\u0119 jedzenia, dlatego na jednej r\u00f3\u017cy si\u0119 nie ko\u0144czy.\",\"breadcrumb\":{\"@id\":\"https:\/\/rozaria.pl\/blog\/jak-roza-stala-sie-krolowa-mojego-ogrodu\/#breadcrumb\"},\"inLanguage\":\"pl-PL\",\"potentialAction\":[{\"@type\":\"ReadAction\",\"target\":[\"https:\/\/rozaria.pl\/blog\/jak-roza-stala-sie-krolowa-mojego-ogrodu\/\"]}]},{\"@type\":\"ImageObject\",\"inLanguage\":\"pl-PL\",\"@id\":\"https:\/\/rozaria.pl\/blog\/jak-roza-stala-sie-krolowa-mojego-ogrodu\/#primaryimage\",\"url\":\"https:\/\/rozaria.pl\/blog\/wp-content\/uploads\/2021\/10\/artemis.jpg\",\"contentUrl\":\"https:\/\/rozaria.pl\/blog\/wp-content\/uploads\/2021\/10\/artemis.jpg\",\"width\":1364,\"height\":1024,\"caption\":\"Artemis\"},{\"@type\":\"BreadcrumbList\",\"@id\":\"https:\/\/rozaria.pl\/blog\/jak-roza-stala-sie-krolowa-mojego-ogrodu\/#breadcrumb\",\"itemListElement\":[{\"@type\":\"ListItem\",\"position\":1,\"name\":\"Strona g\u0142\u00f3wna\",\"item\":\"https:\/\/rozaria.pl\/blog\/\"},{\"@type\":\"ListItem\",\"position\":2,\"name\":\"R\u00f3\u017ca kwiaty\"}]},{\"@type\":\"WebSite\",\"@id\":\"https:\/\/rozaria.pl\/blog\/#website\",\"url\":\"https:\/\/rozaria.pl\/blog\/\",\"name\":\"blog Rozaria.pl\",\"description\":\"Porozmawiajmy o r\u00f3\u017cach, o wszystkich sprawach\",\"publisher\":{\"@id\":\"https:\/\/rozaria.pl\/blog\/#organization\"},\"potentialAction\":[{\"@type\":\"SearchAction\",\"target\":{\"@type\":\"EntryPoint\",\"urlTemplate\":\"https:\/\/rozaria.pl\/blog\/?s={search_term_string}\"},\"query-input\":{\"@type\":\"PropertyValueSpecification\",\"valueRequired\":true,\"valueName\":\"search_term_string\"}}],\"inLanguage\":\"pl-PL\"},{\"@type\":\"Organization\",\"@id\":\"https:\/\/rozaria.pl\/blog\/#organization\",\"name\":\"Szk\u00f3\u0142ka R\u00f3\u017c Rozaria\",\"url\":\"https:\/\/rozaria.pl\/blog\/\",\"logo\":{\"@type\":\"ImageObject\",\"inLanguage\":\"pl-PL\",\"@id\":\"https:\/\/rozaria.pl\/blog\/#\/schema\/logo\/image\/\",\"url\":\"https:\/\/rozaria.pl\/blog\/wp-content\/uploads\/2016\/12\/logo_dla-rozaria.png\",\"contentUrl\":\"https:\/\/rozaria.pl\/blog\/wp-content\/uploads\/2016\/12\/logo_dla-rozaria.png\",\"width\":400,\"height\":166,\"caption\":\"Szk\u00f3\u0142ka R\u00f3\u017c Rozaria\"},\"image\":{\"@id\":\"https:\/\/rozaria.pl\/blog\/#\/schema\/logo\/image\/\"},\"sameAs\":[\"https:\/\/www.facebook.com\/SzkolkaRozRozaria\/\",\"https:\/\/x.com\/SzkolkaRozaria\",\"https:\/\/www.youtube.com\/channel\/UCguKKBc7F06eYM1tzYx1Z5A\"]},{\"@type\":\"Person\",\"@id\":\"https:\/\/rozaria.pl\/blog\/#\/schema\/person\/e0b63ce2682f026a88828a7772e9ac22\",\"name\":\"Rozaria.pl\",\"image\":{\"@type\":\"ImageObject\",\"inLanguage\":\"pl-PL\",\"@id\":\"https:\/\/rozaria.pl\/blog\/#\/schema\/person\/image\/\",\"url\":\"https:\/\/secure.gravatar.com\/avatar\/a617f0796bdf5b31b93d812b41809f25?s=96&d=mm&r=g\",\"contentUrl\":\"https:\/\/secure.gravatar.com\/avatar\/a617f0796bdf5b31b93d812b41809f25?s=96&d=mm&r=g\",\"caption\":\"Rozaria.pl\"},\"url\":\"https:\/\/rozaria.pl\/blog\/author\/pp\/\"}]}<\/script>\n<!-- \/ Yoast SEO plugin. -->","yoast_head_json":{"title":"R\u00d3\u017bA KWIATY R\u00f3\u017ca kwiaty - blog Rozaria.pl","description":"R\u00f3\u017ca kwiaty to element wytworny i skupiaj\u0105cy uwag\u0119 w ka\u017cdym ogrodzie. Apetyt ro\u015bnie w miar\u0119 jedzenia, dlatego na jednej r\u00f3\u017cy si\u0119 nie ko\u0144czy.","robots":{"index":"index","follow":"follow","max-snippet":"max-snippet:-1","max-image-preview":"max-image-preview:large","max-video-preview":"max-video-preview:-1"},"canonical":"https:\/\/rozaria.pl\/blog\/jak-roza-stala-sie-krolowa-mojego-ogrodu\/","og_locale":"pl_PL","og_type":"article","og_title":"R\u00d3\u017bA KWIATY R\u00f3\u017ca kwiaty - blog Rozaria.pl","og_description":"R\u00f3\u017ca kwiaty to element wytworny i skupiaj\u0105cy uwag\u0119 w ka\u017cdym ogrodzie. Apetyt ro\u015bnie w miar\u0119 jedzenia, dlatego na jednej r\u00f3\u017cy si\u0119 nie ko\u0144czy.","og_url":"https:\/\/rozaria.pl\/blog\/jak-roza-stala-sie-krolowa-mojego-ogrodu\/","og_site_name":"blog Rozaria.pl","article_publisher":"https:\/\/www.facebook.com\/SzkolkaRozRozaria\/","article_published_time":"2021-10-31T20:48:59+00:00","article_modified_time":"2024-02-14T08:51:28+00:00","og_image":[{"width":1364,"height":1024,"url":"https:\/\/rozaria.pl\/blog\/wp-content\/uploads\/2021\/10\/artemis.jpg","type":"image\/jpeg"}],"author":"Rozaria.pl","twitter_card":"summary_large_image","twitter_creator":"@SzkolkaRozaria","twitter_site":"@SzkolkaRozaria","twitter_misc":{"Napisane przez":"Rozaria.pl","Szacowany czas czytania":"7 minut"},"schema":{"@context":"https:\/\/schema.org","@graph":[{"@type":"Article","@id":"https:\/\/rozaria.pl\/blog\/jak-roza-stala-sie-krolowa-mojego-ogrodu\/#article","isPartOf":{"@id":"https:\/\/rozaria.pl\/blog\/jak-roza-stala-sie-krolowa-mojego-ogrodu\/"},"author":{"name":"Rozaria.pl","@id":"https:\/\/rozaria.pl\/blog\/#\/schema\/person\/e0b63ce2682f026a88828a7772e9ac22"},"headline":"R\u00f3\u017ca kwiaty","datePublished":"2021-10-31T20:48:59+00:00","dateModified":"2024-02-14T08:51:28+00:00","mainEntityOfPage":{"@id":"https:\/\/rozaria.pl\/blog\/jak-roza-stala-sie-krolowa-mojego-ogrodu\/"},"wordCount":1120,"commentCount":0,"publisher":{"@id":"https:\/\/rozaria.pl\/blog\/#organization"},"image":{"@id":"https:\/\/rozaria.pl\/blog\/jak-roza-stala-sie-krolowa-mojego-ogrodu\/#primaryimage"},"thumbnailUrl":"https:\/\/rozaria.pl\/blog\/wp-content\/uploads\/2021\/10\/artemis.jpg","articleSection":["Historie"],"inLanguage":"pl-PL","potentialAction":[{"@type":"CommentAction","name":"Comment","target":["https:\/\/rozaria.pl\/blog\/jak-roza-stala-sie-krolowa-mojego-ogrodu\/#respond"]}]},{"@type":"WebPage","@id":"https:\/\/rozaria.pl\/blog\/jak-roza-stala-sie-krolowa-mojego-ogrodu\/","url":"https:\/\/rozaria.pl\/blog\/jak-roza-stala-sie-krolowa-mojego-ogrodu\/","name":"R\u00d3\u017bA KWIATY R\u00f3\u017ca kwiaty - blog Rozaria.pl","isPartOf":{"@id":"https:\/\/rozaria.pl\/blog\/#website"},"primaryImageOfPage":{"@id":"https:\/\/rozaria.pl\/blog\/jak-roza-stala-sie-krolowa-mojego-ogrodu\/#primaryimage"},"image":{"@id":"https:\/\/rozaria.pl\/blog\/jak-roza-stala-sie-krolowa-mojego-ogrodu\/#primaryimage"},"thumbnailUrl":"https:\/\/rozaria.pl\/blog\/wp-content\/uploads\/2021\/10\/artemis.jpg","datePublished":"2021-10-31T20:48:59+00:00","dateModified":"2024-02-14T08:51:28+00:00","description":"R\u00f3\u017ca kwiaty to element wytworny i skupiaj\u0105cy uwag\u0119 w ka\u017cdym ogrodzie. Apetyt ro\u015bnie w miar\u0119 jedzenia, dlatego na jednej r\u00f3\u017cy si\u0119 nie ko\u0144czy.","breadcrumb":{"@id":"https:\/\/rozaria.pl\/blog\/jak-roza-stala-sie-krolowa-mojego-ogrodu\/#breadcrumb"},"inLanguage":"pl-PL","potentialAction":[{"@type":"ReadAction","target":["https:\/\/rozaria.pl\/blog\/jak-roza-stala-sie-krolowa-mojego-ogrodu\/"]}]},{"@type":"ImageObject","inLanguage":"pl-PL","@id":"https:\/\/rozaria.pl\/blog\/jak-roza-stala-sie-krolowa-mojego-ogrodu\/#primaryimage","url":"https:\/\/rozaria.pl\/blog\/wp-content\/uploads\/2021\/10\/artemis.jpg","contentUrl":"https:\/\/rozaria.pl\/blog\/wp-content\/uploads\/2021\/10\/artemis.jpg","width":1364,"height":1024,"caption":"Artemis"},{"@type":"BreadcrumbList","@id":"https:\/\/rozaria.pl\/blog\/jak-roza-stala-sie-krolowa-mojego-ogrodu\/#breadcrumb","itemListElement":[{"@type":"ListItem","position":1,"name":"Strona g\u0142\u00f3wna","item":"https:\/\/rozaria.pl\/blog\/"},{"@type":"ListItem","position":2,"name":"R\u00f3\u017ca kwiaty"}]},{"@type":"WebSite","@id":"https:\/\/rozaria.pl\/blog\/#website","url":"https:\/\/rozaria.pl\/blog\/","name":"blog Rozaria.pl","description":"Porozmawiajmy o r\u00f3\u017cach, o wszystkich sprawach","publisher":{"@id":"https:\/\/rozaria.pl\/blog\/#organization"},"potentialAction":[{"@type":"SearchAction","target":{"@type":"EntryPoint","urlTemplate":"https:\/\/rozaria.pl\/blog\/?s={search_term_string}"},"query-input":{"@type":"PropertyValueSpecification","valueRequired":true,"valueName":"search_term_string"}}],"inLanguage":"pl-PL"},{"@type":"Organization","@id":"https:\/\/rozaria.pl\/blog\/#organization","name":"Szk\u00f3\u0142ka R\u00f3\u017c Rozaria","url":"https:\/\/rozaria.pl\/blog\/","logo":{"@type":"ImageObject","inLanguage":"pl-PL","@id":"https:\/\/rozaria.pl\/blog\/#\/schema\/logo\/image\/","url":"https:\/\/rozaria.pl\/blog\/wp-content\/uploads\/2016\/12\/logo_dla-rozaria.png","contentUrl":"https:\/\/rozaria.pl\/blog\/wp-content\/uploads\/2016\/12\/logo_dla-rozaria.png","width":400,"height":166,"caption":"Szk\u00f3\u0142ka R\u00f3\u017c Rozaria"},"image":{"@id":"https:\/\/rozaria.pl\/blog\/#\/schema\/logo\/image\/"},"sameAs":["https:\/\/www.facebook.com\/SzkolkaRozRozaria\/","https:\/\/x.com\/SzkolkaRozaria","https:\/\/www.youtube.com\/channel\/UCguKKBc7F06eYM1tzYx1Z5A"]},{"@type":"Person","@id":"https:\/\/rozaria.pl\/blog\/#\/schema\/person\/e0b63ce2682f026a88828a7772e9ac22","name":"Rozaria.pl","image":{"@type":"ImageObject","inLanguage":"pl-PL","@id":"https:\/\/rozaria.pl\/blog\/#\/schema\/person\/image\/","url":"https:\/\/secure.gravatar.com\/avatar\/a617f0796bdf5b31b93d812b41809f25?s=96&d=mm&r=g","contentUrl":"https:\/\/secure.gravatar.com\/avatar\/a617f0796bdf5b31b93d812b41809f25?s=96&d=mm&r=g","caption":"Rozaria.pl"},"url":"https:\/\/rozaria.pl\/blog\/author\/pp\/"}]}},"_links":{"self":[{"href":"https:\/\/rozaria.pl\/blog\/wp-json\/wp\/v2\/posts\/4457"}],"collection":[{"href":"https:\/\/rozaria.pl\/blog\/wp-json\/wp\/v2\/posts"}],"about":[{"href":"https:\/\/rozaria.pl\/blog\/wp-json\/wp\/v2\/types\/post"}],"author":[{"embeddable":true,"href":"https:\/\/rozaria.pl\/blog\/wp-json\/wp\/v2\/users\/11"}],"replies":[{"embeddable":true,"href":"https:\/\/rozaria.pl\/blog\/wp-json\/wp\/v2\/comments?post=4457"}],"version-history":[{"count":13,"href":"https:\/\/rozaria.pl\/blog\/wp-json\/wp\/v2\/posts\/4457\/revisions"}],"predecessor-version":[{"id":5326,"href":"https:\/\/rozaria.pl\/blog\/wp-json\/wp\/v2\/posts\/4457\/revisions\/5326"}],"wp:featuredmedia":[{"embeddable":true,"href":"https:\/\/rozaria.pl\/blog\/wp-json\/wp\/v2\/media\/4459"}],"wp:attachment":[{"href":"https:\/\/rozaria.pl\/blog\/wp-json\/wp\/v2\/media?parent=4457"}],"wp:term":[{"taxonomy":"category","embeddable":true,"href":"https:\/\/rozaria.pl\/blog\/wp-json\/wp\/v2\/categories?post=4457"},{"taxonomy":"post_tag","embeddable":true,"href":"https:\/\/rozaria.pl\/blog\/wp-json\/wp\/v2\/tags?post=4457"}],"curies":[{"name":"wp","href":"https:\/\/api.w.org\/{rel}","templated":true}]}}