{"id":4436,"date":"2021-06-04T21:43:20","date_gmt":"2021-06-04T19:43:20","guid":{"rendered":"https:\/\/rozaria.pl\/blog\/?p=4436"},"modified":"2024-02-25T18:57:29","modified_gmt":"2024-02-25T17:57:29","slug":"marta-z-rozami-od-najmlodszych-lat","status":"publish","type":"post","link":"https:\/\/rozaria.pl\/blog\/marta-z-rozami-od-najmlodszych-lat\/","title":{"rendered":"Z r\u00f3\u017cami od najm\u0142odszych lat"},"content":{"rendered":"<h2><span style=\"text-decoration: underline;\"><strong>R\u00f3\u017ce<\/strong> do\u00a0ogrodu<\/span><\/h2>\n<div id=\"attachment_5338\" style=\"width: 210px\" class=\"wp-caption alignleft\"><a href=\"https:\/\/rozaria.pl\/blog\/wp-content\/uploads\/2021\/06\/roze_do_ogrodu_bonica.jpg\"><img loading=\"lazy\" decoding=\"async\" aria-describedby=\"caption-attachment-5338\" class=\"wp-image-5338 size-medium\" src=\"https:\/\/rozaria.pl\/blog\/wp-content\/uploads\/2021\/06\/roze_do_ogrodu_bonica-200x300.jpg\" alt=\"Z r\u00f3\u017cami od najm\u0142odszych lat\" width=\"200\" height=\"300\" srcset=\"https:\/\/rozaria.pl\/blog\/wp-content\/uploads\/2021\/06\/roze_do_ogrodu_bonica-100x150.jpg 100w, https:\/\/rozaria.pl\/blog\/wp-content\/uploads\/2021\/06\/roze_do_ogrodu_bonica-200x300.jpg 200w, https:\/\/rozaria.pl\/blog\/wp-content\/uploads\/2021\/06\/roze_do_ogrodu_bonica-400x600.jpg 400w, https:\/\/rozaria.pl\/blog\/wp-content\/uploads\/2021\/06\/roze_do_ogrodu_bonica.jpg 533w\" sizes=\"(max-width: 200px) 100vw, 200px\" \/><\/a><p id=\"caption-attachment-5338\" class=\"wp-caption-text\">r\u00f3\u017ce rabatowe<\/p><\/div>\n<p style=\"text-align: justify;\"><span style=\"font-size: 14pt;\">Zapraszaj\u0105c <span style=\"text-decoration: underline;\"><strong>r\u00f3\u017ce do ogrodu<\/strong><\/span>\u00a0 tworzymy miejsce pe\u0142ne uroku i elegancji. Uznawane za kr\u00f3lowe kwiat\u00f3w, idealnie sprawdzaj\u0105 si\u0119 zar\u00f3wno jako solitery, jak i w kompozycjach na rabatach czy jako ozdobne pn\u0105cza. Wybieraj\u0105c r\u00f3\u017cne odmiany, mo\u017cna cieszy\u0107 si\u0119 ich pi\u0119knem od wczesnej wiosny a\u017c do p\u00f3\u017anej jesieni.\u00a0<\/span><\/p>\n<h3>Moja Przygoda z R\u00f3\u017cami: Od Pierwszego Krzewu do R\u00f3\u017canego Ogrodu<\/h3>\n<p style=\"text-align: justify;\"><span style=\"font-weight: 400; font-size: 14pt;\">Moja przygoda z r\u00f3\u017cami rozpocz\u0119\u0142a si\u0119 do\u015b\u0107 dawno. Mieszkaj\u0105c w domu z ogrodem, od dziecka lubi\u0142am pomaga\u0107 w piel\u0119gnacji r\u00f3\u017cnych ro\u015blin. Ju\u017c w szkole \u015bredniej zainteresowa\u0142am si\u0119 \u201eKr\u00f3low\u0105 Kwiat\u00f3w\u201d. M\u00f3j pierwszy w\u0142asnor\u0119cznie posadzony krzew podgryz\u0142y nornice, a dwa nast\u0119pne nie prze\u017cy\u0142y zimy, posadzone za blisko wiaty samochodowej. To jedne z pierwszych pr\u00f3b sadzenia i piel\u0119gnacji r\u00f3\u017c w ogrodzie.<\/span><\/p>\n<h3 style=\"text-align: justify;\">Pierwsze K\u0142opoty: Wyb\u00f3r Odmian i Piel\u0119gnacja<\/h3>\n<p style=\"text-align: justify;\"><span style=\"font-weight: 400; font-size: 14pt;\">P\u00f3\u017aniej by\u0142o ju\u017c lepiej, uczy\u0142am si\u0119 piel\u0119gnacji &#8211; ci\u0119cia i nawo\u017cenia, szuka\u0142am odmian najw\u0142a\u015bciwszych na nasze warunki. Przez dziesi\u0119\u0107 lat cierpliwie i wytrwale opiekowa\u0142am si\u0119 moj\u0105 r\u00f3\u017can\u0105 rabat\u0105. Za\u0142o\u017cy\u0142am te\u017c zeszyt, w kt\u00f3rym zapisywa\u0142am us\u0142yszane lub przeczytane informacje oraz ciekawostki dotycz\u0105ce uprawy tych przepi\u0119knych kwiat\u00f3w.<\/span><\/p>\n<div id=\"attachment_5337\" style=\"width: 254px\" class=\"wp-caption alignright\"><a href=\"https:\/\/rozaria.pl\/roze-wielkokwiatowe-mister-lincoln\"><img loading=\"lazy\" decoding=\"async\" aria-describedby=\"caption-attachment-5337\" class=\"wp-image-5337 size-medium\" src=\"https:\/\/rozaria.pl\/blog\/wp-content\/uploads\/2021\/06\/mister_lincoln_roze_do_ogrodu-244x300.jpg\" alt=\"Z r\u00f3\u017cami od najm\u0142odszych lat mister lincoln\" width=\"244\" height=\"300\" srcset=\"https:\/\/rozaria.pl\/blog\/wp-content\/uploads\/2021\/06\/mister_lincoln_roze_do_ogrodu-122x150.jpg 122w, https:\/\/rozaria.pl\/blog\/wp-content\/uploads\/2021\/06\/mister_lincoln_roze_do_ogrodu-200x246.jpg 200w, https:\/\/rozaria.pl\/blog\/wp-content\/uploads\/2021\/06\/mister_lincoln_roze_do_ogrodu-244x300.jpg 244w, https:\/\/rozaria.pl\/blog\/wp-content\/uploads\/2021\/06\/mister_lincoln_roze_do_ogrodu-400x491.jpg 400w, https:\/\/rozaria.pl\/blog\/wp-content\/uploads\/2021\/06\/mister_lincoln_roze_do_ogrodu-600x737.jpg 600w, https:\/\/rozaria.pl\/blog\/wp-content\/uploads\/2021\/06\/mister_lincoln_roze_do_ogrodu.jpg 768w\" sizes=\"(max-width: 244px) 100vw, 244px\" \/><\/a><p id=\"caption-attachment-5337\" class=\"wp-caption-text\">Mister Lincoln r\u00f3\u017ce wielkokwiatowe do ogrodu<\/p><\/div>\n<h2><span style=\"text-decoration: underline;\">R\u00f3\u017ce do Ogrodu<\/span><em> i ich <\/em>Podzia\u0142 na Grupy U\u017cytkowe<\/h2>\n<h3>R\u00f3\u017ce wielkokwiatowe do ogrodu<\/h3>\n<p style=\"text-align: justify;\"><span style=\"font-size: 14pt;\"><span style=\"font-weight: 400;\">Aby m\u00f3c jak najlepiej pozna\u0107 wymagania r\u00f3\u017c, zacz\u0119\u0142am od zapoznania si\u0119 z ich podzia\u0142em na grupy u\u017cytkowe. Najcz\u0119stszymi w moim ogrodzie okaza\u0142y si\u0119 <\/span><b>wielkokwiatowe o <\/b><span style=\"font-weight: 400;\">\u00a0du\u017cych, okaza\u0142ych kwiatach, kwitn\u0105ce wielokrotnie, najlepiej nadaj\u0105ce si\u0119 na kwiat ci\u0119ty.<\/span><\/span><\/p>\n<h3>R\u00f3\u017ce rabatowe<\/h3>\n<p style=\"text-align: justify;\"><span style=\"font-size: 14pt;\"><span style=\"font-weight: 400;\">Opr\u00f3cz nich<\/span> <span style=\"font-weight: 400;\">posadzi\u0142am te\u017c<\/span> <span style=\"font-weight: 400;\">tworz\u0105ce kwiatostany<\/span><b> wielokwiatowe r\u00f3\u017ce ogrodowe<\/b><span style=\"font-weight: 400;\">, o drobniejszych kwiatach, charakteryzuj\u0105ce si\u0119 bujnym i zdrowym ulistnieniem, mocniej si\u0119 krzewi\u0105ce, odpowiednie na kwietniki i rabaty.<\/span><\/span><\/p>\n<div id=\"attachment_5336\" style=\"width: 281px\" class=\"wp-caption alignleft\"><a href=\"https:\/\/rozaria.pl\/rozowe-roze-pnace-Ross-Ami\"><img loading=\"lazy\" decoding=\"async\" aria-describedby=\"caption-attachment-5336\" class=\"wp-image-5336 size-medium\" src=\"https:\/\/rozaria.pl\/blog\/wp-content\/uploads\/2021\/06\/rosarium_roze_pnace-271x300.jpg\" alt=\"r\u00f3\u017ce pn\u0105ce Z r\u00f3\u017cami od najm\u0142odszych lat\" width=\"271\" height=\"300\" srcset=\"https:\/\/rozaria.pl\/blog\/wp-content\/uploads\/2021\/06\/rosarium_roze_pnace-136x150.jpg 136w, https:\/\/rozaria.pl\/blog\/wp-content\/uploads\/2021\/06\/rosarium_roze_pnace-200x221.jpg 200w, https:\/\/rozaria.pl\/blog\/wp-content\/uploads\/2021\/06\/rosarium_roze_pnace-271x300.jpg 271w, https:\/\/rozaria.pl\/blog\/wp-content\/uploads\/2021\/06\/rosarium_roze_pnace-400x442.jpg 400w, https:\/\/rozaria.pl\/blog\/wp-content\/uploads\/2021\/06\/rosarium_roze_pnace.jpg 600w\" sizes=\"(max-width: 271px) 100vw, 271px\" \/><\/a><p id=\"caption-attachment-5336\" class=\"wp-caption-text\">Rosarium r\u00f3\u017ce pn\u0105ce<\/p><\/div>\n<h3>R\u00f3\u017ce pn\u0105ce<\/h3>\n<div id=\"attachment_5343\" style=\"width: 288px\" class=\"wp-caption alignright\"><a href=\"https:\/\/rozaria.pl\/blog\/wp-content\/uploads\/2021\/06\/lichtkonigin_lucia_odmiana_parkowa.jpg\"><img loading=\"lazy\" decoding=\"async\" aria-describedby=\"caption-attachment-5343\" class=\"wp-image-5343 size-medium\" src=\"https:\/\/rozaria.pl\/blog\/wp-content\/uploads\/2021\/06\/lichtkonigin_lucia_odmiana_parkowa-278x300.jpg\" alt=\"r\u00f3\u017ce parkowe Z r\u00f3\u017cami od najm\u0142odszych lat\" width=\"278\" height=\"300\" srcset=\"https:\/\/rozaria.pl\/blog\/wp-content\/uploads\/2021\/06\/lichtkonigin_lucia_odmiana_parkowa-139x150.jpg 139w, https:\/\/rozaria.pl\/blog\/wp-content\/uploads\/2021\/06\/lichtkonigin_lucia_odmiana_parkowa-200x216.jpg 200w, https:\/\/rozaria.pl\/blog\/wp-content\/uploads\/2021\/06\/lichtkonigin_lucia_odmiana_parkowa-278x300.jpg 278w, https:\/\/rozaria.pl\/blog\/wp-content\/uploads\/2021\/06\/lichtkonigin_lucia_odmiana_parkowa-400x432.jpg 400w, https:\/\/rozaria.pl\/blog\/wp-content\/uploads\/2021\/06\/lichtkonigin_lucia_odmiana_parkowa-600x647.jpg 600w, https:\/\/rozaria.pl\/blog\/wp-content\/uploads\/2021\/06\/lichtkonigin_lucia_odmiana_parkowa.jpg 633w\" sizes=\"(max-width: 278px) 100vw, 278px\" \/><\/a><p id=\"caption-attachment-5343\" class=\"wp-caption-text\">parkowe r\u00f3\u017ce do ogrodu<\/p><\/div>\n<p style=\"text-align: justify;\"><span style=\"font-size: 14pt;\"><span style=\"font-weight: 400;\">Kolejn\u0105, bardzo charakterystyczn\u0105 grup\u0105 r\u00f3\u017c, kt\u00f3r\u0105 zastosowa\u0142am w moim ogrodzie, s\u0105 r\u00f3\u017ce<\/span><b> pn\u0105ce, <\/b><span style=\"font-weight: 400;\">maj\u0105ce zdolno\u015b\u0107 do wydawania do\u015b\u0107 d\u0142ugich p\u0119d\u00f3w, mog\u0105ce powtarza\u0107 kwitnienie i najlepiej rosn\u0105ce przy r\u00f3\u017cnego rodzaju podporach i kratach.<\/span><\/span><\/p>\n<h3>R\u00f3\u017ce parkowe<\/h3>\n<p style=\"text-align: justify;\"><span style=\"font-size: 14pt;\"><span style=\"font-weight: 400;\">W moim ogrodzie pojawi\u0142y si\u0119 te\u017c r\u00f3\u017ce z nast\u0119pnej grupy: silnie rosn\u0105ce r\u00f3\u017ce<\/span><b> parkowe<\/b><span style=\"font-weight: 400;\">, kt\u00f3re z powodu du\u017cych rozmiar\u00f3w najlepiej wygl\u0105daj\u0105 posadzone pojedynczo. S\u0105 one \u0142atwe w uprawie, do\u015b\u0107 odporne na choroby, a na dodatek\u00a0 nie wymagaj\u0105 zimowego okrycia.<\/span><\/span><\/p>\n<h3>R\u00f3\u017cnorodno\u015b\u0107 Odmian<\/h3>\n<p style=\"text-align: justify;\"><span style=\"font-size: 14pt;\"><span style=\"font-weight: 400;\">R\u00f3\u017ce z grup rzadziej spotykanych w ogrodach to: r\u00f3\u017ce<\/span><b> miniaturowe &#8211;<\/b><span style=\"font-weight: 400;\"> o bardzo drobnych kwiatach, nadaj\u0105ce si\u0119 do bukiet\u00f3w, cz\u0119\u015bciej jednak spotykane jako kwiat doniczkowy; <\/span><b>okrywowe &#8211; <\/b><span style=\"font-weight: 400;\">bardzo silnie si\u0119 krzewi\u0105ce, szybko rosn\u0105ce, przez co nie znalaz\u0142y u mnie swojego miejsca na sta\u0142e oraz <\/span><b>pienne &#8211;<\/b><span style=\"font-weight: 400;\"> rosn\u0105ce na pniu, bardzo wra\u017cliwe, dlatego nale\u017cy je starannie okrywa\u0107 na zim\u0119 i z racji wysokich wymaga\u0144 r\u00f3wnie\u017c nie zosta\u0142y u mnie wykorzystane.<\/span><\/span><\/p>\n<h2>Odmiany, Kt\u00f3re Zas\u0142uguj\u0105 na Uwag\u0119<\/h2>\n<h3>R\u00f3\u017ca Parkowa Westerland<\/h3>\n<div id=\"attachment_5335\" style=\"width: 310px\" class=\"wp-caption alignright\"><a href=\"https:\/\/rozaria.pl\/roze-krzaczaste-wesley-orange\"><img loading=\"lazy\" decoding=\"async\" aria-describedby=\"caption-attachment-5335\" class=\"wp-image-5335 size-medium\" src=\"https:\/\/rozaria.pl\/blog\/wp-content\/uploads\/2021\/06\/westerland_roze_do_ogrodu-300x225.jpg\" alt=\" odmiana Westerland\" width=\"300\" height=\"225\" srcset=\"https:\/\/rozaria.pl\/blog\/wp-content\/uploads\/2021\/06\/westerland_roze_do_ogrodu-150x113.jpg 150w, https:\/\/rozaria.pl\/blog\/wp-content\/uploads\/2021\/06\/westerland_roze_do_ogrodu-200x150.jpg 200w, https:\/\/rozaria.pl\/blog\/wp-content\/uploads\/2021\/06\/westerland_roze_do_ogrodu-300x225.jpg 300w, https:\/\/rozaria.pl\/blog\/wp-content\/uploads\/2021\/06\/westerland_roze_do_ogrodu-400x300.jpg 400w, https:\/\/rozaria.pl\/blog\/wp-content\/uploads\/2021\/06\/westerland_roze_do_ogrodu-600x450.jpg 600w, https:\/\/rozaria.pl\/blog\/wp-content\/uploads\/2021\/06\/westerland_roze_do_ogrodu-768x576.jpg 768w, https:\/\/rozaria.pl\/blog\/wp-content\/uploads\/2021\/06\/westerland_roze_do_ogrodu.jpg 800w\" sizes=\"(max-width: 300px) 100vw, 300px\" \/><\/a><p id=\"caption-attachment-5335\" class=\"wp-caption-text\">Westerland odmiana wielkokwiatowa<\/p><\/div>\n<p style=\"text-align: justify;\"><span style=\"font-size: 14pt;\"><span style=\"font-weight: 400;\">Jedn\u0105 z\u00a0 pierwszych posadzonych przeze mnie r\u00f3\u017c, kt\u00f3ra dotrwa\u0142a w ogrodzie do tej pory jest r\u00f3\u017ca parkowa <\/span><a href=\"https:\/\/rozaria.pl\/roze-krzaczaste-wesley-orange\"><b>Westerland<\/b><\/a><span style=\"font-weight: 400;\"> \u2013 odmiana o rzadko spotykanej, bardzo r\u00f3\u017cnorodnej barwie kwiat\u00f3w, od \u017c\u00f3\u0142tego poprzez pomara\u0144czowy, a\u017c po r\u00f3\u017cowy. Dodatkowym atutem tej odmiany jest bardzo d\u0142ugie kwitni\u0119cie, bo a\u017c do\u00a0 listopada. Pope\u0142ni\u0142am jednak b\u0142\u0105d sadz\u0105c j\u0105 pomi\u0119dzy innymi r\u00f3\u017cami i teraz wyr\u00f3\u017cnia si\u0119 spo\u015br\u00f3d nich wielko\u015bci\u0105.<\/span><\/span><\/p>\n<h3>R\u00f3\u017ce Wielkokwiatowe: Moje Rekomendacje<\/h3>\n<div id=\"attachment_5345\" style=\"width: 310px\" class=\"wp-caption alignleft\"><a href=\"https:\/\/rozaria.pl\/blog\/wp-content\/uploads\/2021\/06\/casanova_roza_wielkokwiatowa.jpg\"><img loading=\"lazy\" decoding=\"async\" aria-describedby=\"caption-attachment-5345\" class=\"wp-image-5345 size-medium\" src=\"https:\/\/rozaria.pl\/blog\/wp-content\/uploads\/2021\/06\/casanova_roza_wielkokwiatowa-300x290.jpg\" alt=\"casanova r\u00f3\u017ce wielkokwiatowe\" width=\"300\" height=\"290\" srcset=\"https:\/\/rozaria.pl\/blog\/wp-content\/uploads\/2021\/06\/casanova_roza_wielkokwiatowa-150x145.jpg 150w, https:\/\/rozaria.pl\/blog\/wp-content\/uploads\/2021\/06\/casanova_roza_wielkokwiatowa-200x193.jpg 200w, https:\/\/rozaria.pl\/blog\/wp-content\/uploads\/2021\/06\/casanova_roza_wielkokwiatowa-300x290.jpg 300w, https:\/\/rozaria.pl\/blog\/wp-content\/uploads\/2021\/06\/casanova_roza_wielkokwiatowa-400x386.jpg 400w, https:\/\/rozaria.pl\/blog\/wp-content\/uploads\/2021\/06\/casanova_roza_wielkokwiatowa-600x580.jpg 600w, https:\/\/rozaria.pl\/blog\/wp-content\/uploads\/2021\/06\/casanova_roza_wielkokwiatowa.jpg 621w\" sizes=\"(max-width: 300px) 100vw, 300px\" \/><\/a><p id=\"caption-attachment-5345\" class=\"wp-caption-text\">odmiana wielkokwiatowa Casanova<\/p><\/div>\n<p style=\"text-align: justify;\"><span style=\"font-size: 14pt;\"><span style=\"font-weight: 400;\">Z uprawianych na mojej r\u00f3\u017cance r\u00f3\u017c wielkokwiatowych, najbardziej wytrzyma\u0142ych, odpornych na choroby grzybowe i dobrze rosn\u0105cych na glebie ja\u0142owej i piaszczystej (stanowisko s\u0142oneczne), mog\u0119 poleci\u0107: czerwono-pomara\u0144czow\u0105 r\u00f3\u017c\u0119 <\/span><b>Monika<\/b><span style=\"font-weight: 400;\">, pomara\u0144czow\u0105 <\/span><a href=\"https:\/\/rozaria.pl\/roze-wielkokwiatowe-casanova\"><b>Casanova<\/b><\/a><span style=\"font-weight: 400;\">, r\u00f3\u017cow\u0105 <\/span><a href=\"https:\/\/rozaria.pl\/roze-wielkokwiatowe-flamingo\"><b>Flamingo<\/b><\/a><span style=\"font-weight: 400;\"> oraz bia\u0142\u0105 <\/span><b>Pascali<\/b><span style=\"font-weight: 400;\">, na szczeg\u00f3ln\u0105 uwag\u0119 zas\u0142uguje te\u017c lekko pachn\u0105ca, ciemnoczerwona r\u00f3\u017ca <\/span><b>Burgund<\/b><span style=\"font-weight: 400;\">. Wszystkie nadaj\u0105 si\u0119 na kwiat ci\u0119ty, do bukiet\u00f3w, ale pi\u0119knie wygl\u0105daj\u0105 r\u00f3wnie\u017c na rabacie.<\/span><\/span><\/p>\n<h3>Moja Ulubiona: R\u00f3\u017ca Rumba<\/h3>\n<p style=\"text-align: justify;\"><span style=\"font-size: 14pt;\"><span style=\"font-weight: 400;\">Moj\u0105 ulubion\u0105 r\u00f3\u017c\u0105 jest jednak niewielkich rozmiar\u00f3w, wielokwiatowa <\/span><a href=\"https:\/\/rozaria.pl\/roze-rabatowe-rumba\"><b>Rumba<\/b><\/a><span style=\"font-weight: 400;\"> &#8211; delikatnie pachn\u0105ca, o przepi\u0119knych, cho\u0107 nie du\u017cych, dwukolorowo mieni\u0105cych si\u0119 w s\u0142o\u0144cu, \u017c\u00f3\u0142to-czerwonych kwiatach.<\/span><\/span><\/p>\n<h3 style=\"text-align: justify;\">Niezb\u0119dne: R\u00f3\u017ca Pn\u0105ca Sympathie<\/h3>\n<p style=\"text-align: justify;\"><span style=\"font-size: 14pt;\"><span style=\"font-weight: 400;\">Nie wyobra\u017cam sobie r\u00f3wnie\u017c ogrodu bez obecno\u015bci ani jednej r\u00f3\u017cy pn\u0105cej, w moim przypadku najlepiej sprawdzi\u0142a si\u0119 tradycyjna, klasycznie czerwona r\u00f3\u017ca odmiany <\/span><b>Sympathie<\/b><span style=\"font-weight: 400;\">, o du\u017cych, pi\u0119knie pachn\u0105cych\u00a0 kwiatach, kwitn\u0105ca ca\u0142y sezon.<\/span><\/span><\/p>\n<h2>Piel\u0119gnacja R\u00f3\u017c Przez Ca\u0142y Rok<\/h2>\n<p style=\"text-align: justify;\"><span style=\"font-weight: 400; font-size: 14pt;\">Moja r\u00f3\u017canka najpi\u0119kniej ro\u015bnie, jak jest starannie piel\u0119gnowana przez ca\u0142y rok, dlatego odk\u0105d stopniej\u0105 \u015bniegi, bardzo cz\u0119sto zagl\u0105dam do moich ulubionych krzew\u00f3w. Gdy zaobserwuj\u0119, \u017ce ruszaj\u0105 oczka, mniej wi\u0119c w czasie, kiedy zaczynaj\u0105 kwitn\u0105\u0107 forsycje, odkrywam ro\u015bliny i je przycinam.\u00a0\u00a0<\/span><\/p>\n<h3>Ci\u0119cie i Nawo\u017cenie<a href=\"https:\/\/rozaria.pl\/blog\/wp-content\/uploads\/2021\/06\/ciecie_roz.jpg\"><img loading=\"lazy\" decoding=\"async\" class=\"alignright size-medium wp-image-5339\" src=\"https:\/\/rozaria.pl\/blog\/wp-content\/uploads\/2021\/06\/ciecie_roz-300x169.jpg\" alt=\"pielegnacja_roz\" width=\"300\" height=\"169\" srcset=\"https:\/\/rozaria.pl\/blog\/wp-content\/uploads\/2021\/06\/ciecie_roz-150x84.jpg 150w, https:\/\/rozaria.pl\/blog\/wp-content\/uploads\/2021\/06\/ciecie_roz-200x113.jpg 200w, https:\/\/rozaria.pl\/blog\/wp-content\/uploads\/2021\/06\/ciecie_roz-300x169.jpg 300w, https:\/\/rozaria.pl\/blog\/wp-content\/uploads\/2021\/06\/ciecie_roz-400x225.jpg 400w, https:\/\/rozaria.pl\/blog\/wp-content\/uploads\/2021\/06\/ciecie_roz-600x338.jpg 600w, https:\/\/rozaria.pl\/blog\/wp-content\/uploads\/2021\/06\/ciecie_roz-768x432.jpg 768w, https:\/\/rozaria.pl\/blog\/wp-content\/uploads\/2021\/06\/ciecie_roz.jpg 800w\" sizes=\"(max-width: 300px) 100vw, 300px\" \/><\/a><\/h3>\n<p style=\"text-align: justify;\"><span style=\"font-size: 14pt;\"><span style=\"font-weight: 400;\">Wiosn\u0105 u wszystkich grup r\u00f3\u017c wykonuj\u0119 ci\u0119cie sanitarne: usuwam wtedy p\u0119dy chore, uszkodzone oraz przemarzni\u0119te. Opr\u00f3cz ci\u0119cia sanitarnego przeprowadzam r\u00f3wnie\u017c ci\u0119cie\u00a0 formuj\u0105ce, kt\u00f3re u r\u00f3\u017cnych grup wygl\u0105da troszk\u0119 inaczej: u <\/span><b>r\u00f3\u017c pn\u0105cych i parkowych<\/b><span style=\"font-weight: 400;\"> co roku wycinam najstarszy zdrewnia\u0142y p\u0119d, a poniewa\u017c kwitn\u0105 na 2- letnich p\u0119dach, tn\u0119 je od g\u00f3ry, 0,5 &#8211; 1 cm nad oczkiem zewn\u0119trznym, lekko uko\u015bnie.<\/span><\/span><\/p>\n<p style=\"text-align: justify;\"><span style=\"font-size: 14pt;\"><span style=\"font-weight: 400;\">U <\/span><b>r\u00f3\u017c wielkokwiatowych i wielokwiatowych, <\/b><span style=\"font-weight: 400;\">kt\u00f3re kwitn\u0105 na p\u0119dach jednorocznych,<\/span> <span style=\"font-weight: 400;\">zostawiam 5 \u2013 8 p\u0119d\u00f3w i przycinam nad 5 oczkiem zewn\u0119trznym r\u00f3wnie\u017c lekko na ukos.<\/span><\/span><\/p>\n<p style=\"text-align: justify;\"><span style=\"font-weight: 400; font-size: 14pt;\">Dodatkowo u wszystkich odmian, w ci\u0105gu lata, staram si\u0119 usuwa\u0107 przekwit\u0142e kwiatostany i uszczykiwa\u0107 m\u0142ode p\u0119dy, aby pobudzi\u0107 do wytwarzania nowych kwiat\u00f3w i aby by\u0142y na r\u00f3\u017cnej wysoko\u015bci.<\/span><\/p>\n<p style=\"text-align: justify;\"><span style=\"font-weight: 400; font-size: 14pt;\">Bezpo\u015brednio po przyci\u0119ciu r\u00f3\u017c stosuj\u0119 pierwsze wiosenne nawo\u017cenie mieszank\u0105 z przewag\u0105 azotu, dodaj\u0105c fosfor i potas, np. w proporcjach 1\/3 saletry amonowej i 2\/3 polifoski 6,\u00a0 a gdy nawo\u017c\u0119 ro\u015bliny m\u0142ode, proporcje zmieniam na 1\/2 i 1\/2.<\/span><\/p>\n<p style=\"text-align: justify;\"><span style=\"font-weight: 400; font-size: 14pt;\">Drugie nawo\u017cenie staram si\u0119 przeprowadzi\u0107 do ko\u0144ca czerwca, mieszank\u0105 z przewag\u0105 potasu i fosforu. Trzeci raz nawo\u017c\u0119 w po\u0142owie lipca, aby uodporni\u0107 krzewy, wzmocni\u0107 przed na zimowaniem, podaj\u0119 wtedy np.osmosol.<\/span><\/p>\n<h3>Ochrona przed Szkodnikami i Chorobami<\/h3>\n<p style=\"text-align: justify;\"><span style=\"font-weight: 400; font-size: 14pt;\"><a href=\"https:\/\/rozaria.pl\/blog\/wp-content\/uploads\/2021\/06\/oprysk_chemiczny_choroby_roz.jpg\"><img loading=\"lazy\" decoding=\"async\" class=\"size-medium wp-image-5340 alignleft\" src=\"https:\/\/rozaria.pl\/blog\/wp-content\/uploads\/2021\/06\/oprysk_chemiczny_choroby_roz-300x200.jpg\" alt=\"r\u00f3\u017ce do ogrodu ochrona przed chorobami i szkodnikami\" width=\"300\" height=\"200\" srcset=\"https:\/\/rozaria.pl\/blog\/wp-content\/uploads\/2021\/06\/oprysk_chemiczny_choroby_roz-150x100.jpg 150w, https:\/\/rozaria.pl\/blog\/wp-content\/uploads\/2021\/06\/oprysk_chemiczny_choroby_roz-200x133.jpg 200w, https:\/\/rozaria.pl\/blog\/wp-content\/uploads\/2021\/06\/oprysk_chemiczny_choroby_roz-300x200.jpg 300w, https:\/\/rozaria.pl\/blog\/wp-content\/uploads\/2021\/06\/oprysk_chemiczny_choroby_roz-400x267.jpg 400w, https:\/\/rozaria.pl\/blog\/wp-content\/uploads\/2021\/06\/oprysk_chemiczny_choroby_roz-600x400.jpg 600w, https:\/\/rozaria.pl\/blog\/wp-content\/uploads\/2021\/06\/oprysk_chemiczny_choroby_roz-768x512.jpg 768w, https:\/\/rozaria.pl\/blog\/wp-content\/uploads\/2021\/06\/oprysk_chemiczny_choroby_roz.jpg 800w\" sizes=\"(max-width: 300px) 100vw, 300px\" \/><\/a>Opr\u00f3cz dostarczania niezb\u0119dnych sk\u0142adnik\u00f3w od\u017cywczych w nawozach oraz podlewania, bardzo cz\u0119sto obserwuj\u0119 moje r\u00f3\u017ce, w jakiej s\u0105 kondycji i czy nie pojawiaj\u0105 si\u0119 szkodniki albo choroby, aby w razie potrzeby szybko zareagowa\u0107. Najcz\u0119stszym problemem s\u0105 u mnie na dzia\u0142ce mszyce, kt\u00f3re pojawiaj\u0105 si\u0119 na szczytach p\u0119d\u00f3w ju\u017c w czerwcu. Cz\u0119sto stosuj\u0119 na mszyce domowe metody. Najcz\u0119\u015bciej mieszam 2 szklanki wody, 1 \u0142y\u017ck\u0119 p\u0142ynu do naczy\u0144, 2 z\u0105bki drobno posiekanego czosnku oraz 1 ma\u0142\u0105 i drobno posiekan\u0105 cebulk\u0119. Po ods\u0105czeniu, p\u0142yn przelewam do r\u0119cznego spryskiwacza i spryskuj\u0119 ro\u015bliny.<\/span><\/p>\n<p style=\"text-align: justify;\"><span style=\"font-weight: 400; font-size: 14pt;\">Czasami robi\u0119 te\u017c roztw\u00f3r szarego myd\u0142a (250 g) rozpuszczonego w 10 litrach ciep\u0142ej wody, dodaj\u0105c 1 1\/2 szklanki denaturatu. Tym preparatem spryskuj\u0119 zaatakowane przez mszyce ro\u015bliny. Gdy podane sposoby nie skutkuj\u0105,\u00a0 zmuszona jestem zastosowa\u0107 chemiczne \u015brodki ochrony ro\u015blin.<\/span><\/p>\n<p style=\"text-align: justify;\"><span style=\"font-weight: 400; font-size: 14pt;\">Opr\u00f3cz mszyc wyst\u0119puj\u0105 te\u017c skoczki r\u00f3\u017cane, kt\u00f3re \u017ceruj\u0105 pod li\u015b\u0107mi. Natomiast spo\u015br\u00f3d chor\u00f3b, kt\u00f3re atakuj\u0105 moje ro\u015bliny rozpoznaj\u0119 m\u0105czniaka prawdziwego na najm\u0142odszych p\u0119dach lub rzekomego \u2013 na starszych li\u015bciach. Pod koniec sezonu czasami zdarza si\u0119 te\u017c czarna plamisto\u015b\u0107, wyst\u0119puj\u0105ca przede wszystkim na starszych li\u015bciach.<a href=\"https:\/\/rozaria.pl\/blog\/wp-content\/uploads\/2021\/06\/zimowe_okrycie_roz.jpeg\"><img loading=\"lazy\" decoding=\"async\" class=\"alignright size-medium wp-image-5341\" src=\"https:\/\/rozaria.pl\/blog\/wp-content\/uploads\/2021\/06\/zimowe_okrycie_roz-300x174.jpeg\" alt=\"zimowe okrycie r\u00f3\u017c\" width=\"300\" height=\"174\" srcset=\"https:\/\/rozaria.pl\/blog\/wp-content\/uploads\/2021\/06\/zimowe_okrycie_roz-150x87.jpeg 150w, https:\/\/rozaria.pl\/blog\/wp-content\/uploads\/2021\/06\/zimowe_okrycie_roz-200x116.jpeg 200w, https:\/\/rozaria.pl\/blog\/wp-content\/uploads\/2021\/06\/zimowe_okrycie_roz-300x174.jpeg 300w, https:\/\/rozaria.pl\/blog\/wp-content\/uploads\/2021\/06\/zimowe_okrycie_roz-400x232.jpeg 400w, https:\/\/rozaria.pl\/blog\/wp-content\/uploads\/2021\/06\/zimowe_okrycie_roz-600x348.jpeg 600w, https:\/\/rozaria.pl\/blog\/wp-content\/uploads\/2021\/06\/zimowe_okrycie_roz-768x445.jpeg 768w, https:\/\/rozaria.pl\/blog\/wp-content\/uploads\/2021\/06\/zimowe_okrycie_roz.jpeg 800w\" sizes=\"(max-width: 300px) 100vw, 300px\" \/><\/a><\/span><\/p>\n<h3>Zimowe Okrywanie<\/h3>\n<p style=\"text-align: justify;\"><span style=\"font-weight: 400; font-size: 14pt;\">Po pierwszych przymrozkach jesieni\u0105 okrywam ro\u015bliny kopcem ziemi, w taki spos\u00f3b aby ponad kopiec wystawa\u0142y tylko ko\u0144ce p\u0119d\u00f3w. Dodatkowo okrywam krzewy agrow\u0142\u00f3knin\u0105. I tak zabezpieczone krzewy czekaj\u0105 do wiosny, kiedy zn\u00f3w mog\u0119 je ods\u0142oni\u0107 i rozpocz\u0105\u0107 dalsz\u0105 piel\u0119gnacj\u0119.\u00a0\u00a0<\/span><\/p>\n<h2>Ciekawostki dla Lepszych Efekt\u00f3w<\/h2>\n<p style=\"text-align: justify;\"><span style=\"font-weight: 400; font-size: 14pt;\">Na koniec chcia\u0142am jeszcze poda\u0107 par\u0119 ciekawostek, kt\u00f3re us\u0142ysza\u0142am w jednym z odwiedzanych przeze mnie ogrod\u00f3w:<\/span><\/p>\n<ul>\n<li style=\"font-weight: 400; text-align: justify;\"><span style=\"font-weight: 400; font-size: 14pt;\">Aby kwiaty mia\u0142y intensywniejsz\u0105 barw\u0119, mo\u017cemy zakopa\u0107 pod krzakami sk\u00f3rki od banan\u00f3w<\/span><\/li>\n<li style=\"font-weight: 400; text-align: justify;\"><span style=\"font-weight: 400; font-size: 14pt;\">Je\u015bli chcemy wzmocni\u0107 ich zapach, zakopujemy pod krzakami z\u0105bki czosnku<\/span><\/li>\n<li style=\"font-weight: 400; text-align: justify;\"><span style=\"font-weight: 400; font-size: 14pt;\">Aby uodporni\u0107 ro\u015bliny na szkodniki, mo\u017cemy posadzi\u0107 przy r\u00f3\u017cy czosnek lub szczypiorek<\/span><\/li>\n<li style=\"font-weight: 400; text-align: justify;\"><span style=\"font-weight: 400; font-size: 14pt;\">Bardzo dobrze dzia\u0142a na krzewy \u201enaw\u00f3z\u201d ze skrzypu i pokrzywy. Nale\u017cy zebra\u0107 ich spor\u0105 gar\u015b\u0107,\u00a0 zala\u0107 na noc wod\u0105 w konewce (nie metalowej!). Po kilku dniach\u00a0 podla\u0107 mieszanin\u0105 krzewy.<\/span><\/li>\n<\/ul>\n<h2>Podsumowanie: Moja R\u00f3\u017canka Dzisiaj<\/h2>\n<p style=\"text-align: justify;\"><span style=\"font-weight: 400; font-size: 14pt;\">Moja r\u00f3\u017canka nadal jest daleka od idea\u0142u, a ja ci\u0105gle pope\u0142niam b\u0142\u0119dy przy jej piel\u0119gnacji. Nie poddaj\u0119 si\u0119 jednak,\u00a0 wiem, \u017ce nie zrezygnuj\u0119 z tych zachwycaj\u0105cych swoim pi\u0119knem, niesamowitych kwiat\u00f3w.\u00a0 R\u00f3\u017ce w ogrodzie zawsze b\u0119d\u0105 obecne na czo\u0142owym miejscu.<\/span><\/p>\n<p>&nbsp;<\/p>\n<p><span style=\"font-weight: 400; font-size: 14pt;\">Marta Doroz<\/span><\/p>\n<p>&nbsp;<\/p>\n","protected":false},"excerpt":{"rendered":"<p>R\u00f3\u017ce do\u00a0ogrodu Zapraszaj\u0105c r\u00f3\u017ce do ogrodu\u00a0 tworzymy miejsce pe\u0142ne uroku i elegancji. Uznawane za kr\u00f3lowe kwiat\u00f3w, idealnie sprawdzaj\u0105 si\u0119 zar\u00f3wno jako solitery, jak i w kompozycjach na rabatach czy jako ozdobne pn\u0105cza. Wybieraj\u0105c r\u00f3\u017cne odmiany, mo\u017cna cieszy\u0107 si\u0119 ich pi\u0119knem [&hellip;]<\/p>\n","protected":false},"author":11,"featured_media":971,"comment_status":"open","ping_status":"open","sticky":false,"template":"","format":"standard","meta":{"_mi_skip_tracking":false,"_monsterinsights_sitenote_active":false,"_monsterinsights_sitenote_note":"","_monsterinsights_sitenote_category":0,"footnotes":""},"categories":[111],"tags":[],"yoast_head":"<!-- This site is optimized with the Yoast SEO plugin v23.5 - https:\/\/yoast.com\/wordpress\/plugins\/seo\/ -->\n<title>Z r\u00f3\u017cami od najm\u0142odszych lat Z r\u00f3\u017cami od najm\u0142odszych lat - blog Rozaria.pl<\/title>\n<meta name=\"description\" content=\"R\u00f3\u017ce do ogrodu to prawdziwe klejnoty, przynosz\u0105ce z sob\u0105 nie tylko wspania\u0142e kolory i zapachy, ale r\u00f3wnie\u017c r\u00f3\u017cnorodno\u015b\u0107 form i wielko\u015bci.\" \/>\n<meta name=\"robots\" content=\"index, follow, max-snippet:-1, max-image-preview:large, max-video-preview:-1\" \/>\n<link rel=\"canonical\" href=\"https:\/\/rozaria.pl\/blog\/marta-z-rozami-od-najmlodszych-lat\/\" \/>\n<meta property=\"og:locale\" content=\"pl_PL\" \/>\n<meta property=\"og:type\" content=\"article\" \/>\n<meta property=\"og:title\" content=\"Z r\u00f3\u017cami od najm\u0142odszych lat Z r\u00f3\u017cami od najm\u0142odszych lat - blog Rozaria.pl\" \/>\n<meta property=\"og:description\" content=\"R\u00f3\u017ce do ogrodu to prawdziwe klejnoty, przynosz\u0105ce z sob\u0105 nie tylko wspania\u0142e kolory i zapachy, ale r\u00f3wnie\u017c r\u00f3\u017cnorodno\u015b\u0107 form i wielko\u015bci.\" \/>\n<meta property=\"og:url\" content=\"https:\/\/rozaria.pl\/blog\/marta-z-rozami-od-najmlodszych-lat\/\" \/>\n<meta property=\"og:site_name\" content=\"blog Rozaria.pl\" \/>\n<meta property=\"article:publisher\" content=\"https:\/\/www.facebook.com\/SzkolkaRozRozaria\/\" \/>\n<meta property=\"article:published_time\" content=\"2021-06-04T19:43:20+00:00\" \/>\n<meta property=\"article:modified_time\" content=\"2024-02-25T17:57:29+00:00\" \/>\n<meta property=\"og:image\" content=\"https:\/\/rozaria.pl\/blog\/wp-content\/uploads\/2015\/09\/r\u00f3\u017ce-bezkolcowe-Margo-koster.jpg\" \/>\n\t<meta property=\"og:image:width\" content=\"800\" \/>\n\t<meta property=\"og:image:height\" content=\"600\" \/>\n\t<meta property=\"og:image:type\" content=\"image\/jpeg\" \/>\n<meta name=\"author\" content=\"Rozaria.pl\" \/>\n<meta name=\"twitter:card\" content=\"summary_large_image\" \/>\n<meta name=\"twitter:creator\" content=\"@SzkolkaRozaria\" \/>\n<meta name=\"twitter:site\" content=\"@SzkolkaRozaria\" \/>\n<meta name=\"twitter:label1\" content=\"Napisane przez\" \/>\n\t<meta name=\"twitter:data1\" content=\"Rozaria.pl\" \/>\n\t<meta name=\"twitter:label2\" content=\"Szacowany czas czytania\" \/>\n\t<meta name=\"twitter:data2\" content=\"9 minut\" \/>\n<script type=\"application\/ld+json\" class=\"yoast-schema-graph\">{\"@context\":\"https:\/\/schema.org\",\"@graph\":[{\"@type\":\"Article\",\"@id\":\"https:\/\/rozaria.pl\/blog\/marta-z-rozami-od-najmlodszych-lat\/#article\",\"isPartOf\":{\"@id\":\"https:\/\/rozaria.pl\/blog\/marta-z-rozami-od-najmlodszych-lat\/\"},\"author\":{\"name\":\"Rozaria.pl\",\"@id\":\"https:\/\/rozaria.pl\/blog\/#\/schema\/person\/e0b63ce2682f026a88828a7772e9ac22\"},\"headline\":\"Z r\u00f3\u017cami od najm\u0142odszych lat\",\"datePublished\":\"2021-06-04T19:43:20+00:00\",\"dateModified\":\"2024-02-25T17:57:29+00:00\",\"mainEntityOfPage\":{\"@id\":\"https:\/\/rozaria.pl\/blog\/marta-z-rozami-od-najmlodszych-lat\/\"},\"wordCount\":1532,\"commentCount\":0,\"publisher\":{\"@id\":\"https:\/\/rozaria.pl\/blog\/#organization\"},\"image\":{\"@id\":\"https:\/\/rozaria.pl\/blog\/marta-z-rozami-od-najmlodszych-lat\/#primaryimage\"},\"thumbnailUrl\":\"https:\/\/rozaria.pl\/blog\/wp-content\/uploads\/2015\/09\/r\u00f3\u017ce-bezkolcowe-Margo-koster.jpg\",\"articleSection\":[\"Historie\"],\"inLanguage\":\"pl-PL\",\"potentialAction\":[{\"@type\":\"CommentAction\",\"name\":\"Comment\",\"target\":[\"https:\/\/rozaria.pl\/blog\/marta-z-rozami-od-najmlodszych-lat\/#respond\"]}]},{\"@type\":\"WebPage\",\"@id\":\"https:\/\/rozaria.pl\/blog\/marta-z-rozami-od-najmlodszych-lat\/\",\"url\":\"https:\/\/rozaria.pl\/blog\/marta-z-rozami-od-najmlodszych-lat\/\",\"name\":\"Z r\u00f3\u017cami od najm\u0142odszych lat Z r\u00f3\u017cami od najm\u0142odszych lat - blog Rozaria.pl\",\"isPartOf\":{\"@id\":\"https:\/\/rozaria.pl\/blog\/#website\"},\"primaryImageOfPage\":{\"@id\":\"https:\/\/rozaria.pl\/blog\/marta-z-rozami-od-najmlodszych-lat\/#primaryimage\"},\"image\":{\"@id\":\"https:\/\/rozaria.pl\/blog\/marta-z-rozami-od-najmlodszych-lat\/#primaryimage\"},\"thumbnailUrl\":\"https:\/\/rozaria.pl\/blog\/wp-content\/uploads\/2015\/09\/r\u00f3\u017ce-bezkolcowe-Margo-koster.jpg\",\"datePublished\":\"2021-06-04T19:43:20+00:00\",\"dateModified\":\"2024-02-25T17:57:29+00:00\",\"description\":\"R\u00f3\u017ce do ogrodu to prawdziwe klejnoty, przynosz\u0105ce z sob\u0105 nie tylko wspania\u0142e kolory i zapachy, ale r\u00f3wnie\u017c r\u00f3\u017cnorodno\u015b\u0107 form i wielko\u015bci.\",\"breadcrumb\":{\"@id\":\"https:\/\/rozaria.pl\/blog\/marta-z-rozami-od-najmlodszych-lat\/#breadcrumb\"},\"inLanguage\":\"pl-PL\",\"potentialAction\":[{\"@type\":\"ReadAction\",\"target\":[\"https:\/\/rozaria.pl\/blog\/marta-z-rozami-od-najmlodszych-lat\/\"]}]},{\"@type\":\"ImageObject\",\"inLanguage\":\"pl-PL\",\"@id\":\"https:\/\/rozaria.pl\/blog\/marta-z-rozami-od-najmlodszych-lat\/#primaryimage\",\"url\":\"https:\/\/rozaria.pl\/blog\/wp-content\/uploads\/2015\/09\/r\u00f3\u017ce-bezkolcowe-Margo-koster.jpg\",\"contentUrl\":\"https:\/\/rozaria.pl\/blog\/wp-content\/uploads\/2015\/09\/r\u00f3\u017ce-bezkolcowe-Margo-koster.jpg\",\"width\":800,\"height\":600,\"caption\":\"r\u00f3\u017ce bezkolcowe Margo koster\"},{\"@type\":\"BreadcrumbList\",\"@id\":\"https:\/\/rozaria.pl\/blog\/marta-z-rozami-od-najmlodszych-lat\/#breadcrumb\",\"itemListElement\":[{\"@type\":\"ListItem\",\"position\":1,\"name\":\"Strona g\u0142\u00f3wna\",\"item\":\"https:\/\/rozaria.pl\/blog\/\"},{\"@type\":\"ListItem\",\"position\":2,\"name\":\"Z r\u00f3\u017cami od najm\u0142odszych lat\"}]},{\"@type\":\"WebSite\",\"@id\":\"https:\/\/rozaria.pl\/blog\/#website\",\"url\":\"https:\/\/rozaria.pl\/blog\/\",\"name\":\"blog Rozaria.pl\",\"description\":\"Porozmawiajmy o r\u00f3\u017cach, o wszystkich sprawach\",\"publisher\":{\"@id\":\"https:\/\/rozaria.pl\/blog\/#organization\"},\"potentialAction\":[{\"@type\":\"SearchAction\",\"target\":{\"@type\":\"EntryPoint\",\"urlTemplate\":\"https:\/\/rozaria.pl\/blog\/?s={search_term_string}\"},\"query-input\":{\"@type\":\"PropertyValueSpecification\",\"valueRequired\":true,\"valueName\":\"search_term_string\"}}],\"inLanguage\":\"pl-PL\"},{\"@type\":\"Organization\",\"@id\":\"https:\/\/rozaria.pl\/blog\/#organization\",\"name\":\"Szk\u00f3\u0142ka R\u00f3\u017c Rozaria\",\"url\":\"https:\/\/rozaria.pl\/blog\/\",\"logo\":{\"@type\":\"ImageObject\",\"inLanguage\":\"pl-PL\",\"@id\":\"https:\/\/rozaria.pl\/blog\/#\/schema\/logo\/image\/\",\"url\":\"https:\/\/rozaria.pl\/blog\/wp-content\/uploads\/2016\/12\/logo_dla-rozaria.png\",\"contentUrl\":\"https:\/\/rozaria.pl\/blog\/wp-content\/uploads\/2016\/12\/logo_dla-rozaria.png\",\"width\":400,\"height\":166,\"caption\":\"Szk\u00f3\u0142ka R\u00f3\u017c Rozaria\"},\"image\":{\"@id\":\"https:\/\/rozaria.pl\/blog\/#\/schema\/logo\/image\/\"},\"sameAs\":[\"https:\/\/www.facebook.com\/SzkolkaRozRozaria\/\",\"https:\/\/x.com\/SzkolkaRozaria\",\"https:\/\/www.youtube.com\/channel\/UCguKKBc7F06eYM1tzYx1Z5A\"]},{\"@type\":\"Person\",\"@id\":\"https:\/\/rozaria.pl\/blog\/#\/schema\/person\/e0b63ce2682f026a88828a7772e9ac22\",\"name\":\"Rozaria.pl\",\"image\":{\"@type\":\"ImageObject\",\"inLanguage\":\"pl-PL\",\"@id\":\"https:\/\/rozaria.pl\/blog\/#\/schema\/person\/image\/\",\"url\":\"https:\/\/secure.gravatar.com\/avatar\/a617f0796bdf5b31b93d812b41809f25?s=96&d=mm&r=g\",\"contentUrl\":\"https:\/\/secure.gravatar.com\/avatar\/a617f0796bdf5b31b93d812b41809f25?s=96&d=mm&r=g\",\"caption\":\"Rozaria.pl\"},\"url\":\"https:\/\/rozaria.pl\/blog\/author\/pp\/\"}]}<\/script>\n<!-- \/ Yoast SEO plugin. -->","yoast_head_json":{"title":"Z r\u00f3\u017cami od najm\u0142odszych lat Z r\u00f3\u017cami od najm\u0142odszych lat - blog Rozaria.pl","description":"R\u00f3\u017ce do ogrodu to prawdziwe klejnoty, przynosz\u0105ce z sob\u0105 nie tylko wspania\u0142e kolory i zapachy, ale r\u00f3wnie\u017c r\u00f3\u017cnorodno\u015b\u0107 form i wielko\u015bci.","robots":{"index":"index","follow":"follow","max-snippet":"max-snippet:-1","max-image-preview":"max-image-preview:large","max-video-preview":"max-video-preview:-1"},"canonical":"https:\/\/rozaria.pl\/blog\/marta-z-rozami-od-najmlodszych-lat\/","og_locale":"pl_PL","og_type":"article","og_title":"Z r\u00f3\u017cami od najm\u0142odszych lat Z r\u00f3\u017cami od najm\u0142odszych lat - blog Rozaria.pl","og_description":"R\u00f3\u017ce do ogrodu to prawdziwe klejnoty, przynosz\u0105ce z sob\u0105 nie tylko wspania\u0142e kolory i zapachy, ale r\u00f3wnie\u017c r\u00f3\u017cnorodno\u015b\u0107 form i wielko\u015bci.","og_url":"https:\/\/rozaria.pl\/blog\/marta-z-rozami-od-najmlodszych-lat\/","og_site_name":"blog Rozaria.pl","article_publisher":"https:\/\/www.facebook.com\/SzkolkaRozRozaria\/","article_published_time":"2021-06-04T19:43:20+00:00","article_modified_time":"2024-02-25T17:57:29+00:00","og_image":[{"width":800,"height":600,"url":"https:\/\/rozaria.pl\/blog\/wp-content\/uploads\/2015\/09\/r\u00f3\u017ce-bezkolcowe-Margo-koster.jpg","type":"image\/jpeg"}],"author":"Rozaria.pl","twitter_card":"summary_large_image","twitter_creator":"@SzkolkaRozaria","twitter_site":"@SzkolkaRozaria","twitter_misc":{"Napisane przez":"Rozaria.pl","Szacowany czas czytania":"9 minut"},"schema":{"@context":"https:\/\/schema.org","@graph":[{"@type":"Article","@id":"https:\/\/rozaria.pl\/blog\/marta-z-rozami-od-najmlodszych-lat\/#article","isPartOf":{"@id":"https:\/\/rozaria.pl\/blog\/marta-z-rozami-od-najmlodszych-lat\/"},"author":{"name":"Rozaria.pl","@id":"https:\/\/rozaria.pl\/blog\/#\/schema\/person\/e0b63ce2682f026a88828a7772e9ac22"},"headline":"Z r\u00f3\u017cami od najm\u0142odszych lat","datePublished":"2021-06-04T19:43:20+00:00","dateModified":"2024-02-25T17:57:29+00:00","mainEntityOfPage":{"@id":"https:\/\/rozaria.pl\/blog\/marta-z-rozami-od-najmlodszych-lat\/"},"wordCount":1532,"commentCount":0,"publisher":{"@id":"https:\/\/rozaria.pl\/blog\/#organization"},"image":{"@id":"https:\/\/rozaria.pl\/blog\/marta-z-rozami-od-najmlodszych-lat\/#primaryimage"},"thumbnailUrl":"https:\/\/rozaria.pl\/blog\/wp-content\/uploads\/2015\/09\/r\u00f3\u017ce-bezkolcowe-Margo-koster.jpg","articleSection":["Historie"],"inLanguage":"pl-PL","potentialAction":[{"@type":"CommentAction","name":"Comment","target":["https:\/\/rozaria.pl\/blog\/marta-z-rozami-od-najmlodszych-lat\/#respond"]}]},{"@type":"WebPage","@id":"https:\/\/rozaria.pl\/blog\/marta-z-rozami-od-najmlodszych-lat\/","url":"https:\/\/rozaria.pl\/blog\/marta-z-rozami-od-najmlodszych-lat\/","name":"Z r\u00f3\u017cami od najm\u0142odszych lat Z r\u00f3\u017cami od najm\u0142odszych lat - blog Rozaria.pl","isPartOf":{"@id":"https:\/\/rozaria.pl\/blog\/#website"},"primaryImageOfPage":{"@id":"https:\/\/rozaria.pl\/blog\/marta-z-rozami-od-najmlodszych-lat\/#primaryimage"},"image":{"@id":"https:\/\/rozaria.pl\/blog\/marta-z-rozami-od-najmlodszych-lat\/#primaryimage"},"thumbnailUrl":"https:\/\/rozaria.pl\/blog\/wp-content\/uploads\/2015\/09\/r\u00f3\u017ce-bezkolcowe-Margo-koster.jpg","datePublished":"2021-06-04T19:43:20+00:00","dateModified":"2024-02-25T17:57:29+00:00","description":"R\u00f3\u017ce do ogrodu to prawdziwe klejnoty, przynosz\u0105ce z sob\u0105 nie tylko wspania\u0142e kolory i zapachy, ale r\u00f3wnie\u017c r\u00f3\u017cnorodno\u015b\u0107 form i wielko\u015bci.","breadcrumb":{"@id":"https:\/\/rozaria.pl\/blog\/marta-z-rozami-od-najmlodszych-lat\/#breadcrumb"},"inLanguage":"pl-PL","potentialAction":[{"@type":"ReadAction","target":["https:\/\/rozaria.pl\/blog\/marta-z-rozami-od-najmlodszych-lat\/"]}]},{"@type":"ImageObject","inLanguage":"pl-PL","@id":"https:\/\/rozaria.pl\/blog\/marta-z-rozami-od-najmlodszych-lat\/#primaryimage","url":"https:\/\/rozaria.pl\/blog\/wp-content\/uploads\/2015\/09\/r\u00f3\u017ce-bezkolcowe-Margo-koster.jpg","contentUrl":"https:\/\/rozaria.pl\/blog\/wp-content\/uploads\/2015\/09\/r\u00f3\u017ce-bezkolcowe-Margo-koster.jpg","width":800,"height":600,"caption":"r\u00f3\u017ce bezkolcowe Margo koster"},{"@type":"BreadcrumbList","@id":"https:\/\/rozaria.pl\/blog\/marta-z-rozami-od-najmlodszych-lat\/#breadcrumb","itemListElement":[{"@type":"ListItem","position":1,"name":"Strona g\u0142\u00f3wna","item":"https:\/\/rozaria.pl\/blog\/"},{"@type":"ListItem","position":2,"name":"Z r\u00f3\u017cami od najm\u0142odszych lat"}]},{"@type":"WebSite","@id":"https:\/\/rozaria.pl\/blog\/#website","url":"https:\/\/rozaria.pl\/blog\/","name":"blog Rozaria.pl","description":"Porozmawiajmy o r\u00f3\u017cach, o wszystkich sprawach","publisher":{"@id":"https:\/\/rozaria.pl\/blog\/#organization"},"potentialAction":[{"@type":"SearchAction","target":{"@type":"EntryPoint","urlTemplate":"https:\/\/rozaria.pl\/blog\/?s={search_term_string}"},"query-input":{"@type":"PropertyValueSpecification","valueRequired":true,"valueName":"search_term_string"}}],"inLanguage":"pl-PL"},{"@type":"Organization","@id":"https:\/\/rozaria.pl\/blog\/#organization","name":"Szk\u00f3\u0142ka R\u00f3\u017c Rozaria","url":"https:\/\/rozaria.pl\/blog\/","logo":{"@type":"ImageObject","inLanguage":"pl-PL","@id":"https:\/\/rozaria.pl\/blog\/#\/schema\/logo\/image\/","url":"https:\/\/rozaria.pl\/blog\/wp-content\/uploads\/2016\/12\/logo_dla-rozaria.png","contentUrl":"https:\/\/rozaria.pl\/blog\/wp-content\/uploads\/2016\/12\/logo_dla-rozaria.png","width":400,"height":166,"caption":"Szk\u00f3\u0142ka R\u00f3\u017c Rozaria"},"image":{"@id":"https:\/\/rozaria.pl\/blog\/#\/schema\/logo\/image\/"},"sameAs":["https:\/\/www.facebook.com\/SzkolkaRozRozaria\/","https:\/\/x.com\/SzkolkaRozaria","https:\/\/www.youtube.com\/channel\/UCguKKBc7F06eYM1tzYx1Z5A"]},{"@type":"Person","@id":"https:\/\/rozaria.pl\/blog\/#\/schema\/person\/e0b63ce2682f026a88828a7772e9ac22","name":"Rozaria.pl","image":{"@type":"ImageObject","inLanguage":"pl-PL","@id":"https:\/\/rozaria.pl\/blog\/#\/schema\/person\/image\/","url":"https:\/\/secure.gravatar.com\/avatar\/a617f0796bdf5b31b93d812b41809f25?s=96&d=mm&r=g","contentUrl":"https:\/\/secure.gravatar.com\/avatar\/a617f0796bdf5b31b93d812b41809f25?s=96&d=mm&r=g","caption":"Rozaria.pl"},"url":"https:\/\/rozaria.pl\/blog\/author\/pp\/"}]}},"_links":{"self":[{"href":"https:\/\/rozaria.pl\/blog\/wp-json\/wp\/v2\/posts\/4436"}],"collection":[{"href":"https:\/\/rozaria.pl\/blog\/wp-json\/wp\/v2\/posts"}],"about":[{"href":"https:\/\/rozaria.pl\/blog\/wp-json\/wp\/v2\/types\/post"}],"author":[{"embeddable":true,"href":"https:\/\/rozaria.pl\/blog\/wp-json\/wp\/v2\/users\/11"}],"replies":[{"embeddable":true,"href":"https:\/\/rozaria.pl\/blog\/wp-json\/wp\/v2\/comments?post=4436"}],"version-history":[{"count":17,"href":"https:\/\/rozaria.pl\/blog\/wp-json\/wp\/v2\/posts\/4436\/revisions"}],"predecessor-version":[{"id":5466,"href":"https:\/\/rozaria.pl\/blog\/wp-json\/wp\/v2\/posts\/4436\/revisions\/5466"}],"wp:featuredmedia":[{"embeddable":true,"href":"https:\/\/rozaria.pl\/blog\/wp-json\/wp\/v2\/media\/971"}],"wp:attachment":[{"href":"https:\/\/rozaria.pl\/blog\/wp-json\/wp\/v2\/media?parent=4436"}],"wp:term":[{"taxonomy":"category","embeddable":true,"href":"https:\/\/rozaria.pl\/blog\/wp-json\/wp\/v2\/categories?post=4436"},{"taxonomy":"post_tag","embeddable":true,"href":"https:\/\/rozaria.pl\/blog\/wp-json\/wp\/v2\/tags?post=4436"}],"curies":[{"name":"wp","href":"https:\/\/api.w.org\/{rel}","templated":true}]}}