{"id":4427,"date":"2021-05-02T18:27:13","date_gmt":"2021-05-02T16:27:13","guid":{"rendered":"https:\/\/rozaria.pl\/blog\/?p=4427"},"modified":"2024-02-15T08:35:56","modified_gmt":"2024-02-15T07:35:56","slug":"moja-droga-do-roz","status":"publish","type":"post","link":"https:\/\/rozaria.pl\/blog\/moja-droga-do-roz\/","title":{"rendered":"Moja r\u00f3\u017ca"},"content":{"rendered":"<h2><span style=\"text-decoration: underline;\">Moja R\u00f3\u017ca<\/span>: Od Niech\u0119ci do Mi\u0142o\u015bci<a href=\"https:\/\/rozaria.pl\/blog\/wp-content\/uploads\/2021\/05\/rozany-ogrod.jpg\"><img loading=\"lazy\" decoding=\"async\" class=\"alignright wp-image-4432 size-medium\" src=\"https:\/\/rozaria.pl\/blog\/wp-content\/uploads\/2021\/05\/rozany-ogrod-225x300.jpg\" alt=\"moja r\u00f3\u017ca\" width=\"225\" height=\"300\" srcset=\"https:\/\/rozaria.pl\/blog\/wp-content\/uploads\/2021\/05\/rozany-ogrod-113x150.jpg 113w, https:\/\/rozaria.pl\/blog\/wp-content\/uploads\/2021\/05\/rozany-ogrod-200x267.jpg 200w, https:\/\/rozaria.pl\/blog\/wp-content\/uploads\/2021\/05\/rozany-ogrod-225x300.jpg 225w, https:\/\/rozaria.pl\/blog\/wp-content\/uploads\/2021\/05\/rozany-ogrod-400x533.jpg 400w, https:\/\/rozaria.pl\/blog\/wp-content\/uploads\/2021\/05\/rozany-ogrod.jpg 582w\" sizes=\"(max-width: 225px) 100vw, 225px\" \/><\/a><\/h2>\n<p style=\"text-align: justify;\"><span style=\"font-size: 14pt;\">Moja r\u00f3\u017ca to nie tylko kwiat \u2013 to opowie\u015b\u0107 o przemianie, odkryciu pi\u0119kna tam, gdzie wcze\u015bniej go nie dostrzega\u0142am. Przez lata, r\u00f3\u017ca, kr\u00f3lowa kwiat\u00f3w, by\u0142a dla mnie niczym wi\u0119cej ni\u017c zwyk\u0142ym obiektem w kwiaciarniach i ogrodach, zbyt doskona\u0142ym, by wywo\u0142a\u0107 g\u0142\u0119bsze uczucie. Jednak kiedy \u017cycie przenios\u0142o mnie na wie\u015b, w otoczenie w\u0142asnego kawa\u0142ka ziemi, moje serce zacz\u0119\u0142o bi\u0107 w innym rytmie. &#8220;Moja r\u00f3\u017ca&#8221; sta\u0142a si\u0119 symbolem osobistej podr\u00f3\u017cy \u2013 od dystansu i oboj\u0119tno\u015bci do mi\u0142o\u015bci i fascynacji. To historia o odkrywaniu nieoczekiwanej pasji, kt\u00f3ra rozkwit\u0142a wraz z pierwszym p\u0105kiem mojej w\u0142asnej r\u00f3\u017cy, zmieniaj\u0105c na zawsze m\u00f3j spos\u00f3b postrzegania tych szlachetnych ro\u015blin.<\/span><\/p>\n<h3>Pocz\u0105tek: Dystans do R\u00f3\u017c<\/h3>\n<p style=\"text-align: justify;\"><span style=\"font-weight: 400; font-size: 14pt;\"><a href=\"https:\/\/rozaria.pl\/blog\/wp-content\/uploads\/2021\/05\/rozane-ogrody.jpg\"><img loading=\"lazy\" decoding=\"async\" class=\"alignleft wp-image-4431 size-medium\" src=\"https:\/\/rozaria.pl\/blog\/wp-content\/uploads\/2021\/05\/rozane-ogrody-225x300.jpg\" alt=\"moja r\u00f3\u017ca\" width=\"225\" height=\"300\" srcset=\"https:\/\/rozaria.pl\/blog\/wp-content\/uploads\/2021\/05\/rozane-ogrody-113x150.jpg 113w, https:\/\/rozaria.pl\/blog\/wp-content\/uploads\/2021\/05\/rozane-ogrody-200x267.jpg 200w, https:\/\/rozaria.pl\/blog\/wp-content\/uploads\/2021\/05\/rozane-ogrody-225x300.jpg 225w, https:\/\/rozaria.pl\/blog\/wp-content\/uploads\/2021\/05\/rozane-ogrody-400x533.jpg 400w, https:\/\/rozaria.pl\/blog\/wp-content\/uploads\/2021\/05\/rozane-ogrody-600x800.jpg 600w, https:\/\/rozaria.pl\/blog\/wp-content\/uploads\/2021\/05\/rozane-ogrody.jpg 670w\" sizes=\"(max-width: 225px) 100vw, 225px\" \/><\/a>Nie lubi\u0142am r\u00f3\u017c.\u00a0<\/span><span style=\"font-size: 14pt;\"><span style=\"font-weight: 400;\">Jakkolwiek by to nie zabrzmia\u0142o \u2013 ja naprawd\u0119 nie lubi\u0142am r\u00f3\u017c. Zna\u0142am je z kwiaciarni, sk\u0105d czasem trafia\u0142y do mych r\u0105k takie idealne, wynios\u0142e, wr\u0119cz perfekcyjne. I nie pachnia\u0142y nigdy. By\u0142y zawsze zbyt nieskazitelne, by da\u0142o si\u0119 je przytuli\u0107 do serca, obdarzy\u0107 uczuciem. Tak wi\u0119c wcale nie darzy\u0142am ich specjalnym afektem. Nigdy nie czu\u0142am \u017ceby r\u00f3\u017ca by\u0142a moim kwiatem.<\/span><\/span><\/p>\n<h3>Przeprowadzka na Wie\u015b: Nowe Otwarcie<\/h3>\n<p style=\"text-align: justify;\"><span style=\"font-size: 14pt;\"><span style=\"font-weight: 400;\"> kiedy los przywi\u00f3d\u0142 mnie na wie\u015b, do w\u0142asnego domu i w\u0142asnego kawa\u0142ka ziemi \u2013 to w moich marzeniach o ogrodzie nie pojawia\u0142y si\u0119 r\u00f3\u017ce. Owszem, piwonie, tulipany, ja\u015bminy \u2013 wiele pi\u0119knych, pachn\u0105cych ro\u015blin widzia\u0142am oczyma duszy, ale nie te jedn\u0105, nie kr\u00f3low\u0105 kwiat\u00f3w. Wci\u0105\u017c mi by\u0142a zbyt daleka, zbyt ch\u0142odna, by m\u00f3c jej pragn\u0105\u0107. <\/span><\/span><\/p>\n<h2><span style=\"text-decoration: underline;\">Moja Pierwsza R\u00f3\u017ca<\/span>: Rugosa <a href=\"https:\/\/rozaria.pl\/blog\/wp-content\/uploads\/2021\/05\/roze-w-ogrodzie.jpg\"><img loading=\"lazy\" decoding=\"async\" class=\"alignright wp-image-4433 size-medium\" src=\"https:\/\/rozaria.pl\/blog\/wp-content\/uploads\/2021\/05\/roze-w-ogrodzie-225x300.jpg\" alt=\"moja r\u00f3\u017ca w ogrodzie\" width=\"225\" height=\"300\" srcset=\"https:\/\/rozaria.pl\/blog\/wp-content\/uploads\/2021\/05\/roze-w-ogrodzie-112x150.jpg 112w, https:\/\/rozaria.pl\/blog\/wp-content\/uploads\/2021\/05\/roze-w-ogrodzie-200x267.jpg 200w, https:\/\/rozaria.pl\/blog\/wp-content\/uploads\/2021\/05\/roze-w-ogrodzie-225x300.jpg 225w, https:\/\/rozaria.pl\/blog\/wp-content\/uploads\/2021\/05\/roze-w-ogrodzie-400x533.jpg 400w, https:\/\/rozaria.pl\/blog\/wp-content\/uploads\/2021\/05\/roze-w-ogrodzie-600x800.jpg 600w, https:\/\/rozaria.pl\/blog\/wp-content\/uploads\/2021\/05\/roze-w-ogrodzie-768x1024.jpg 768w, https:\/\/rozaria.pl\/blog\/wp-content\/uploads\/2021\/05\/roze-w-ogrodzie-800x1067.jpg 800w, https:\/\/rozaria.pl\/blog\/wp-content\/uploads\/2021\/05\/roze-w-ogrodzie.jpg 1016w\" sizes=\"(max-width: 225px) 100vw, 225px\" \/><\/a><\/h2>\n<p style=\"text-align: justify;\"><span style=\"font-size: 14pt;\"><span style=\"font-weight: 400;\">Jedynie <\/span><a href=\"https:\/\/rozaria.pl\/rosa-rugosa-hansa\"><i><span style=\"font-weight: 400;\">Rugosa<\/span><\/i><\/a><span style=\"font-weight: 400;\"> wydawa\u0142a mi si\u0119 na tyle naturalna, by wpu\u015bci\u0107 j\u0105 do ogrodu \u2013 co te\u017c uczyni\u0142am. Rozros\u0142a si\u0119 pi\u0119knie w moim \u201edzikim zak\u0105tku\u201d, nie piel\u0119gnowana w \u017caden spos\u00f3b, bo chcia\u0142am j\u0105 mie\u0107 naturaln\u0105, w jej nieujarzmionej formie. Latem zachwyca\u0142a drobnymi kwiatuszkami, jesieni\u0105 obsypywa\u0142a si\u0119 czerwonymi owocami, z kt\u00f3rych nauczy\u0142am si\u0119 robi\u0107 znakomit\u0105 konfitur\u0119: bogat\u0105 w witamin\u0119 C, wyborn\u0105 zar\u00f3wno do p\u0105czk\u00f3w, jak i do herbaty.\u00a0<\/span><\/span><\/p>\n<h2>Niespodzianka od M\u0119\u017ca: <a href=\"https:\/\/rozaria.pl\/roza-wielkokwiatowa-peache-girl\">Gloria Dei<\/a><\/h2>\n<p style=\"text-align: justify;\"><span style=\"font-weight: 400; font-size: 14pt;\">Ogr\u00f3d powolutku si\u0119 tworzy\u0142, kwiat\u00f3w przybywa\u0142o \u2013 a\u017c pewnego dnia, w rocznic\u0119 \u015blubu, m\u0105\u017c przyni\u00f3s\u0142 mi w prezencie donic\u0119 z ga\u0142\u0105zkami. Ga\u0142\u0105zki okaza\u0142y si\u0119 by\u0107 sadzonk\u0105 r\u00f3\u017cy. \u201eGloria Dei\u201d \u2013 widnia\u0142o na przyczepionej karteczce. Podzi\u0119kowa\u0142am oczywi\u015bcie, cho\u0107 w duchu j\u0119kn\u0119\u0142am z rozczarowania. Mija\u0142 czas, a r\u00f3\u017ca zacz\u0119\u0142a wypuszcza\u0107 p\u0105ki. Eleganckie, d\u0142ugie, pastelowe. Obserwowa\u0142am to zjawisko, pocz\u0105tkowo zupe\u0142nie spokojnie. <\/span><\/p>\n<h3>Zmiana Perspektywy: Zakwitni\u0119cie<\/h3>\n<p style=\"text-align: justify;\"><span style=\"font-weight: 400; font-size: 14pt;\"><a href=\"https:\/\/rozaria.pl\/blog\/wp-content\/uploads\/2021\/05\/kwiaty-roz.jpg\"><img loading=\"lazy\" decoding=\"async\" class=\"alignleft wp-image-4429 size-medium\" src=\"https:\/\/rozaria.pl\/blog\/wp-content\/uploads\/2021\/05\/kwiaty-roz-225x300.jpg\" alt=\"r\u00f3\u017ce w ogrodzie\" width=\"225\" height=\"300\" srcset=\"https:\/\/rozaria.pl\/blog\/wp-content\/uploads\/2021\/05\/kwiaty-roz-113x150.jpg 113w, https:\/\/rozaria.pl\/blog\/wp-content\/uploads\/2021\/05\/kwiaty-roz-200x267.jpg 200w, https:\/\/rozaria.pl\/blog\/wp-content\/uploads\/2021\/05\/kwiaty-roz-225x300.jpg 225w, https:\/\/rozaria.pl\/blog\/wp-content\/uploads\/2021\/05\/kwiaty-roz-400x533.jpg 400w, https:\/\/rozaria.pl\/blog\/wp-content\/uploads\/2021\/05\/kwiaty-roz-600x800.jpg 600w, https:\/\/rozaria.pl\/blog\/wp-content\/uploads\/2021\/05\/kwiaty-roz-768x1024.jpg 768w, https:\/\/rozaria.pl\/blog\/wp-content\/uploads\/2021\/05\/kwiaty-roz-800x1066.jpg 800w, https:\/\/rozaria.pl\/blog\/wp-content\/uploads\/2021\/05\/kwiaty-roz.jpg 1111w\" sizes=\"(max-width: 225px) 100vw, 225px\" \/><\/a>Po kilkudniowym wyje\u017adzie i powrocie do domu odwiedzi\u0142am swoje ro\u015bliny i zauwa\u017cy\u0142am, \u017ce moja r\u00f3\u017ca zakwit\u0142a. P\u0105k rozwin\u0105\u0142 si\u0119 w kwiat \u2013 a moje serce zadr\u017ca\u0142o po raz pierwszy. Przykl\u0119k\u0142am, by pow\u0105cha\u0107 \u2013 zupe\u0142nie odruchowo, bo nie spodziewa\u0142am si\u0119 spektakularnych woni \u2013 i ju\u017c nie mog\u0142am wsta\u0107. Jak ta r\u00f3\u017ca pachnia\u0142a! Jakim by\u0142a zjawiskiem! Dostojny, prosty w formie krzew o sztywnych p\u0119dach, uzbrojonych w prawdziwe, k\u0142uj\u0105ce kolce, z b\u0142yszcz\u0105cymi li\u015b\u0107mi i kwiatami w barwach, kt\u00f3rych nie potrafi\u0142abym sama wymy\u015bli\u0107: blador\u00f3\u017cowe, \u017c\u00f3\u0142te, bia\u0142e, z malinowym brzegiem \u2013 tworzy\u0142y widowiskowy melan\u017c. Prawdziwy koktajl odcieni i p\u00f3\u0142ton\u00f3w. I zapach \u2013 delikatny, ale s\u0142odki, urzekaj\u0105cy. Nigdy dotychczas nie s\u0105dzi\u0142am, \u017ce jakakolwiek r\u00f3\u017ca mo\u017ce tak zachwyci\u0107. Przepad\u0142am z kretesem. <\/span><\/p>\n<h2>Rozw\u00f3j Pasji: Poszukiwania i Nowe Sadzonki<\/h2>\n<p style=\"text-align: justify;\"><span style=\"font-weight: 400; font-size: 14pt;\">Zacz\u0119\u0142am szuka\u0107 informacji \u2013 najpierw oczywi\u015bcie o \u201emojej\u201d r\u00f3\u017cy. Dowiedzia\u0142am si\u0119 w\u00f3wczas o jej drugiej, bardziej popularnej nazwie i jej historii. Odmiana ta zosta\u0142a zarejestrowana tu\u017c po zako\u0144czeniu II Wojny \u015awiatowej \u2013 st\u0105d te\u017c otrzyma\u0142a miano Peace (Pok\u00f3j). Kawa\u0142eczek po kawa\u0142eczku odkrywa\u0142am \u015bwiat r\u00f3\u017c. <\/span><\/p>\n<h3>Zdobywanie Wiedzy: Odmiany i Piel\u0119gnacja<\/h3>\n<p style=\"text-align: justify;\"><span style=\"font-weight: 400; font-size: 14pt;\"><a href=\"https:\/\/rozaria.pl\/zolte-roze-rabatowe-arthur-bell\"><img loading=\"lazy\" decoding=\"async\" class=\"alignleft wp-image-4430 size-medium\" src=\"https:\/\/rozaria.pl\/blog\/wp-content\/uploads\/2021\/05\/kwitnace-roze-225x300.jpg\" alt=\"moja r\u00f3\u017ca\" width=\"225\" height=\"300\" srcset=\"https:\/\/rozaria.pl\/blog\/wp-content\/uploads\/2021\/05\/kwitnace-roze-113x150.jpg 113w, https:\/\/rozaria.pl\/blog\/wp-content\/uploads\/2021\/05\/kwitnace-roze-200x267.jpg 200w, https:\/\/rozaria.pl\/blog\/wp-content\/uploads\/2021\/05\/kwitnace-roze-225x300.jpg 225w, https:\/\/rozaria.pl\/blog\/wp-content\/uploads\/2021\/05\/kwitnace-roze-400x533.jpg 400w, https:\/\/rozaria.pl\/blog\/wp-content\/uploads\/2021\/05\/kwitnace-roze-600x800.jpg 600w, https:\/\/rozaria.pl\/blog\/wp-content\/uploads\/2021\/05\/kwitnace-roze-768x1024.jpg 768w, https:\/\/rozaria.pl\/blog\/wp-content\/uploads\/2021\/05\/kwitnace-roze-800x1066.jpg 800w, https:\/\/rozaria.pl\/blog\/wp-content\/uploads\/2021\/05\/kwitnace-roze-1152x1536.jpg 1152w, https:\/\/rozaria.pl\/blog\/wp-content\/uploads\/2021\/05\/kwitnace-roze-1200x1599.jpg 1200w, https:\/\/rozaria.pl\/blog\/wp-content\/uploads\/2021\/05\/kwitnace-roze.jpg 1208w\" sizes=\"(max-width: 225px) 100vw, 225px\" \/><\/a>Czyta\u0142am o ich piel\u0119gnacji, kt\u00f3ra dotychczas wydawa\u0142a mi si\u0119 zbyt skomplikowana, by si\u0119 na ni\u0105 porywa\u0107, a okaza\u0142o si\u0119, \u017ce wcale nie taki diabe\u0142 straszny, jak go maluj\u0105. Zapragn\u0119\u0142am wi\u0119cej. Niestety, moja cudna <a href=\"https:\/\/rozaria.pl\/roze-rozowe-pink-peace\">Peace<\/a> zdzicza\u0142a \u2013 przez m\u00f3j b\u0142\u0105d, poniewa\u017c pozwoli\u0142am, by dzikie odrosty zag\u0142uszy\u0142y szlachetny p\u0119d. Przebola\u0142am, przesadzi\u0142am dzikuska, kt\u00f3ry wybuja\u0142 i strze\u017ce p\u0142otu, uzbrojony w nadzwyczaj ostre kolce. <\/span><\/p>\n<h2>Powi\u0119kszanie Kolekcji: Nowe Odmiany w Ogrodzie<\/h2>\n<p style=\"text-align: justify;\"><span style=\"font-weight: 400; font-size: 14pt;\">A w moim ogrodzie wraz z kolejn\u0105 wiosn\u0105 pojawi\u0142y si\u0119 kr\u00f3lewny: pastelowa r\u00f3\u017cowoblada Dessa, zazdro\u015bnie \u017c\u00f3\u0142ta <a href=\"https:\/\/rozaria.pl\/zolte-roze-rabatowe-arthur-bell\">Arthur Bell<\/a>, intensywna i soczysta Picadilly oraz krwistoczerwona Ruby Wedding. Zakwit\u0142y latem, jeszcze delikatnie, nie\u015bmia\u0142o. Zwabi\u0142y roje motyli. Oczarowa\u0142y zapachem. Ka\u017cdego dnia, a\u017c do p\u00f3\u017anej jesieni cieszy\u0142y moje oczy i serce. Da\u0142y pocz\u0105tek &#8211; zarys zaledwie \u2013 mojej w\u0142asnej r\u00f3\u017cance. Zaczarowa\u0142y do tego stopnia, \u017ce jesieni\u0105 w ogrodzie do p\u00f3\u017anego wieczora sadzili\u015bmy z m\u0119\u017cem kolejnych dwadzie\u015bcia r\u00f3\u017c, pieczo\u0142owicie wybranych w\u015br\u00f3d setek odmian, dost\u0119pnych w sprawdzonej szk\u00f3\u0142ce.\u00a0<\/span><\/p>\n<h3>Moje angielskie r\u00f3\u017ce<\/h3>\n<p style=\"text-align: justify;\"><span style=\"font-weight: 400; font-size: 14pt;\">Stara\u0142am si\u0119 wybra\u0107 te gatunki, kt\u00f3re b\u0119d\u0105 \u0142atwe w uprawie dla amatora, odporne na szkodniki i choroby. Lecz serce nie s\u0142uga \u2013 wybiera\u0142am tak\u017ce emocjami. Przyznam, \u017ce najwi\u0119ksza atencj\u0105 obdarzy\u0142am r\u00f3\u017ce angielskie (romantyczne). Fascynuj\u0105 mnie stare odmiany, pochodz\u0105ce od r\u00f3\u017c damasce\u0144skich, pi\u017cmowych \u2013 pomimo, i\u017c one najcz\u0119\u015bciej kwitn\u0105 tylko raz. Zapach r\u00f3\u017cy damasce\u0144skiej jest niepor\u00f3wnywalny z niczym innym, intensywny, kusz\u0105cy \u2013 jest dla mnie esencj\u0105 zapachu \u201er\u00f3\u017canego\u201d. Ten gatunek r\u00f3\u017cy jest jednym z najbardziej uznanych na \u015bwiecie, przez co r\u00f3wnie\u017c najcz\u0119\u015bciej stosowanych do produkcji kosmetyk\u00f3w r\u00f3\u017canych \u2013 jednak\u017ce moim zdaniem nic nie mo\u017ce si\u0119 r\u00f3wna\u0107 z jej zapachem \u201ena \u017cywo\u201d, kt\u00f3ry autentycznie zniewala. Uwielbiam te\u017c r\u00f3\u017ce wielkokwiatowe, szlachetne \u2013 nazywane te\u017c niekiedy \u201er\u00f3\u017cami prawdziwymi\u201d. W istocie odmiana ta jest arystokracj\u0105 w\u015br\u00f3d r\u00f3\u017c, a jej olbrzymie, dekoracyjne kwiaty niemal\u017ce prosz\u0105 o dotyk \u2013 o lekkie i zwiewne mu\u015bni\u0119cie palcami, o rozkoszne wtulenie twarzy, by poczu\u0107 subteln\u0105 pieszczot\u0119 ich aksamitnych p\u0142atk\u00f3w na sk\u00f3rze\u2026\u00a0<a href=\"https:\/\/rozaria.pl\/blog\/wp-content\/uploads\/2021\/05\/kwiat-rozy.jpg\"><img loading=\"lazy\" decoding=\"async\" class=\"alignright wp-image-4428 size-medium\" src=\"https:\/\/rozaria.pl\/blog\/wp-content\/uploads\/2021\/05\/kwiat-rozy-225x300.jpg\" alt=\"r\u00f3\u017ce wielkokwiatowe\" width=\"225\" height=\"300\" srcset=\"https:\/\/rozaria.pl\/blog\/wp-content\/uploads\/2021\/05\/kwiat-rozy-113x150.jpg 113w, https:\/\/rozaria.pl\/blog\/wp-content\/uploads\/2021\/05\/kwiat-rozy-200x267.jpg 200w, https:\/\/rozaria.pl\/blog\/wp-content\/uploads\/2021\/05\/kwiat-rozy-225x300.jpg 225w, https:\/\/rozaria.pl\/blog\/wp-content\/uploads\/2021\/05\/kwiat-rozy-400x533.jpg 400w, https:\/\/rozaria.pl\/blog\/wp-content\/uploads\/2021\/05\/kwiat-rozy-600x800.jpg 600w, https:\/\/rozaria.pl\/blog\/wp-content\/uploads\/2021\/05\/kwiat-rozy-768x1024.jpg 768w, https:\/\/rozaria.pl\/blog\/wp-content\/uploads\/2021\/05\/kwiat-rozy-800x1066.jpg 800w, https:\/\/rozaria.pl\/blog\/wp-content\/uploads\/2021\/05\/kwiat-rozy.jpg 1147w\" sizes=\"(max-width: 225px) 100vw, 225px\" \/><\/a><\/span><\/p>\n<h3>Tworzenie R\u00f3\u017canki: Rabaty i Marzenia<\/h3>\n<p style=\"text-align: justify;\"><span style=\"font-weight: 400; font-size: 14pt;\">Moje r\u00f3\u017ce wybieram czasem zamykaj\u0105c oczy. To pozwala mi wyobrazi\u0107 sobie we w\u0142asnym ogrodzie, t\u0119 feeri\u0119 barw, ten przepych, z jakim r\u00f3\u017ce obsypuj\u0105 si\u0119 kwieciem. <\/span><span style=\"font-weight: 400; font-size: 14pt;\">Sadz\u0105c je, tworz\u0119 w my\u015blach reprezentacyjne rabaty, na kt\u00f3rych pierwszoplanowe role graj\u0105 te dostojne, obficie kwitn\u0105ce kwiaty. Czu\u0142am wr\u0119cz namacalnie ten lekko nostalgiczny klimat, sielski i jakby nieco idylliczny.\u00a0<\/span><\/p>\n<h2>Refleksja: Czekaj\u0105c na Wiosn\u0119<\/h2>\n<p style=\"text-align: justify;\"><span style=\"font-weight: 400; font-size: 14pt;\">Wiosna poka\u017ce, kt\u00f3re z nich poradz\u0105 sobie na mojej gliniastej glebie, na kt\u00f3r\u0105 cz\u0119sto zagl\u0105da hulaj\u0105cy wiatr. Czekam z ut\u0119sknieniem na ciep\u0142e dni, ogl\u0105dam p\u0119dy. D\u0142uga droga przede mn\u0105, zanim naucz\u0119 si\u0119 lepiej, poznam dok\u0142adniej te moje kr\u00f3lewny. <\/span><\/p>\n<h3>Podsumowanie: Serce Oddane R\u00f3\u017com<\/h3>\n<p style=\"text-align: justify;\"><span style=\"font-weight: 400; font-size: 14pt;\">Moje serce ju\u017c im odda\u0142am. \u0106wicz\u0119 cierpliwo\u015b\u0107, bo tyle jeszcze cudownych odmian, tyle barw, tyle zachwyt\u00f3w i oczarowa\u0144 r\u00f3\u017canych przede mn\u0105! Czekam na nie z u\u015bmiechem i t\u0119sknot\u0105 \u2013 bo wiem, \u017ce warto!<\/span><\/p>\n<p>&nbsp;<\/p>\n","protected":false},"excerpt":{"rendered":"<p>Moja R\u00f3\u017ca: Od Niech\u0119ci do Mi\u0142o\u015bci Moja r\u00f3\u017ca to nie tylko kwiat \u2013 to opowie\u015b\u0107 o przemianie, odkryciu pi\u0119kna tam, gdzie wcze\u015bniej go nie dostrzega\u0142am. Przez lata, r\u00f3\u017ca, kr\u00f3lowa kwiat\u00f3w, by\u0142a dla mnie niczym wi\u0119cej ni\u017c zwyk\u0142ym obiektem w kwiaciarniach [&hellip;]<\/p>\n","protected":false},"author":11,"featured_media":4432,"comment_status":"open","ping_status":"open","sticky":false,"template":"","format":"standard","meta":{"_mi_skip_tracking":false,"_monsterinsights_sitenote_active":false,"_monsterinsights_sitenote_note":"","_monsterinsights_sitenote_category":0,"footnotes":""},"categories":[111],"tags":[],"yoast_head":"<!-- This site is optimized with the Yoast SEO plugin v23.5 - https:\/\/yoast.com\/wordpress\/plugins\/seo\/ -->\n<title>MOJA R\u00d3\u017bA Moja r\u00f3\u017ca - blog Rozaria.pl<\/title>\n<meta name=\"description\" content=\"Moja r\u00f3\u017ca to osobista opowie\u015b\u0107 o jednym z najbardziej zniewalaj\u0105cych kwiat\u00f3w w moim ogrodzie daj\u0105cym mi nieustann\u0105 rado\u015b\u0107.\" \/>\n<meta name=\"robots\" content=\"index, follow, max-snippet:-1, max-image-preview:large, max-video-preview:-1\" \/>\n<link rel=\"canonical\" href=\"https:\/\/rozaria.pl\/blog\/moja-droga-do-roz\/\" \/>\n<meta property=\"og:locale\" content=\"pl_PL\" \/>\n<meta property=\"og:type\" content=\"article\" \/>\n<meta property=\"og:title\" content=\"MOJA R\u00d3\u017bA Moja r\u00f3\u017ca - blog Rozaria.pl\" \/>\n<meta property=\"og:description\" content=\"Moja r\u00f3\u017ca to osobista opowie\u015b\u0107 o jednym z najbardziej zniewalaj\u0105cych kwiat\u00f3w w moim ogrodzie daj\u0105cym mi nieustann\u0105 rado\u015b\u0107.\" \/>\n<meta property=\"og:url\" content=\"https:\/\/rozaria.pl\/blog\/moja-droga-do-roz\/\" \/>\n<meta property=\"og:site_name\" content=\"blog Rozaria.pl\" \/>\n<meta property=\"article:publisher\" content=\"https:\/\/www.facebook.com\/SzkolkaRozRozaria\/\" \/>\n<meta property=\"article:published_time\" content=\"2021-05-02T16:27:13+00:00\" \/>\n<meta property=\"article:modified_time\" content=\"2024-02-15T07:35:56+00:00\" \/>\n<meta property=\"og:image\" content=\"https:\/\/rozaria.pl\/blog\/wp-content\/uploads\/2021\/05\/rozany-ogrod.jpg\" \/>\n\t<meta property=\"og:image:width\" content=\"582\" \/>\n\t<meta property=\"og:image:height\" content=\"776\" \/>\n\t<meta property=\"og:image:type\" content=\"image\/jpeg\" \/>\n<meta name=\"author\" content=\"Rozaria.pl\" \/>\n<meta name=\"twitter:card\" content=\"summary_large_image\" \/>\n<meta name=\"twitter:creator\" content=\"@SzkolkaRozaria\" \/>\n<meta name=\"twitter:site\" content=\"@SzkolkaRozaria\" \/>\n<meta name=\"twitter:label1\" content=\"Napisane przez\" \/>\n\t<meta name=\"twitter:data1\" content=\"Rozaria.pl\" \/>\n\t<meta name=\"twitter:label2\" content=\"Szacowany czas czytania\" \/>\n\t<meta name=\"twitter:data2\" content=\"7 minut\" \/>\n<script type=\"application\/ld+json\" class=\"yoast-schema-graph\">{\"@context\":\"https:\/\/schema.org\",\"@graph\":[{\"@type\":\"Article\",\"@id\":\"https:\/\/rozaria.pl\/blog\/moja-droga-do-roz\/#article\",\"isPartOf\":{\"@id\":\"https:\/\/rozaria.pl\/blog\/moja-droga-do-roz\/\"},\"author\":{\"name\":\"Rozaria.pl\",\"@id\":\"https:\/\/rozaria.pl\/blog\/#\/schema\/person\/e0b63ce2682f026a88828a7772e9ac22\"},\"headline\":\"Moja r\u00f3\u017ca\",\"datePublished\":\"2021-05-02T16:27:13+00:00\",\"dateModified\":\"2024-02-15T07:35:56+00:00\",\"mainEntityOfPage\":{\"@id\":\"https:\/\/rozaria.pl\/blog\/moja-droga-do-roz\/\"},\"wordCount\":1238,\"commentCount\":0,\"publisher\":{\"@id\":\"https:\/\/rozaria.pl\/blog\/#organization\"},\"image\":{\"@id\":\"https:\/\/rozaria.pl\/blog\/moja-droga-do-roz\/#primaryimage\"},\"thumbnailUrl\":\"https:\/\/rozaria.pl\/blog\/wp-content\/uploads\/2021\/05\/rozany-ogrod.jpg\",\"articleSection\":[\"Historie\"],\"inLanguage\":\"pl-PL\",\"potentialAction\":[{\"@type\":\"CommentAction\",\"name\":\"Comment\",\"target\":[\"https:\/\/rozaria.pl\/blog\/moja-droga-do-roz\/#respond\"]}]},{\"@type\":\"WebPage\",\"@id\":\"https:\/\/rozaria.pl\/blog\/moja-droga-do-roz\/\",\"url\":\"https:\/\/rozaria.pl\/blog\/moja-droga-do-roz\/\",\"name\":\"MOJA R\u00d3\u017bA Moja r\u00f3\u017ca - blog Rozaria.pl\",\"isPartOf\":{\"@id\":\"https:\/\/rozaria.pl\/blog\/#website\"},\"primaryImageOfPage\":{\"@id\":\"https:\/\/rozaria.pl\/blog\/moja-droga-do-roz\/#primaryimage\"},\"image\":{\"@id\":\"https:\/\/rozaria.pl\/blog\/moja-droga-do-roz\/#primaryimage\"},\"thumbnailUrl\":\"https:\/\/rozaria.pl\/blog\/wp-content\/uploads\/2021\/05\/rozany-ogrod.jpg\",\"datePublished\":\"2021-05-02T16:27:13+00:00\",\"dateModified\":\"2024-02-15T07:35:56+00:00\",\"description\":\"Moja r\u00f3\u017ca to osobista opowie\u015b\u0107 o jednym z najbardziej zniewalaj\u0105cych kwiat\u00f3w w moim ogrodzie daj\u0105cym mi nieustann\u0105 rado\u015b\u0107.\",\"breadcrumb\":{\"@id\":\"https:\/\/rozaria.pl\/blog\/moja-droga-do-roz\/#breadcrumb\"},\"inLanguage\":\"pl-PL\",\"potentialAction\":[{\"@type\":\"ReadAction\",\"target\":[\"https:\/\/rozaria.pl\/blog\/moja-droga-do-roz\/\"]}]},{\"@type\":\"ImageObject\",\"inLanguage\":\"pl-PL\",\"@id\":\"https:\/\/rozaria.pl\/blog\/moja-droga-do-roz\/#primaryimage\",\"url\":\"https:\/\/rozaria.pl\/blog\/wp-content\/uploads\/2021\/05\/rozany-ogrod.jpg\",\"contentUrl\":\"https:\/\/rozaria.pl\/blog\/wp-content\/uploads\/2021\/05\/rozany-ogrod.jpg\",\"width\":582,\"height\":776},{\"@type\":\"BreadcrumbList\",\"@id\":\"https:\/\/rozaria.pl\/blog\/moja-droga-do-roz\/#breadcrumb\",\"itemListElement\":[{\"@type\":\"ListItem\",\"position\":1,\"name\":\"Strona g\u0142\u00f3wna\",\"item\":\"https:\/\/rozaria.pl\/blog\/\"},{\"@type\":\"ListItem\",\"position\":2,\"name\":\"Moja r\u00f3\u017ca\"}]},{\"@type\":\"WebSite\",\"@id\":\"https:\/\/rozaria.pl\/blog\/#website\",\"url\":\"https:\/\/rozaria.pl\/blog\/\",\"name\":\"blog Rozaria.pl\",\"description\":\"Porozmawiajmy o r\u00f3\u017cach, o wszystkich sprawach\",\"publisher\":{\"@id\":\"https:\/\/rozaria.pl\/blog\/#organization\"},\"potentialAction\":[{\"@type\":\"SearchAction\",\"target\":{\"@type\":\"EntryPoint\",\"urlTemplate\":\"https:\/\/rozaria.pl\/blog\/?s={search_term_string}\"},\"query-input\":{\"@type\":\"PropertyValueSpecification\",\"valueRequired\":true,\"valueName\":\"search_term_string\"}}],\"inLanguage\":\"pl-PL\"},{\"@type\":\"Organization\",\"@id\":\"https:\/\/rozaria.pl\/blog\/#organization\",\"name\":\"Szk\u00f3\u0142ka R\u00f3\u017c Rozaria\",\"url\":\"https:\/\/rozaria.pl\/blog\/\",\"logo\":{\"@type\":\"ImageObject\",\"inLanguage\":\"pl-PL\",\"@id\":\"https:\/\/rozaria.pl\/blog\/#\/schema\/logo\/image\/\",\"url\":\"https:\/\/rozaria.pl\/blog\/wp-content\/uploads\/2016\/12\/logo_dla-rozaria.png\",\"contentUrl\":\"https:\/\/rozaria.pl\/blog\/wp-content\/uploads\/2016\/12\/logo_dla-rozaria.png\",\"width\":400,\"height\":166,\"caption\":\"Szk\u00f3\u0142ka R\u00f3\u017c Rozaria\"},\"image\":{\"@id\":\"https:\/\/rozaria.pl\/blog\/#\/schema\/logo\/image\/\"},\"sameAs\":[\"https:\/\/www.facebook.com\/SzkolkaRozRozaria\/\",\"https:\/\/x.com\/SzkolkaRozaria\",\"https:\/\/www.youtube.com\/channel\/UCguKKBc7F06eYM1tzYx1Z5A\"]},{\"@type\":\"Person\",\"@id\":\"https:\/\/rozaria.pl\/blog\/#\/schema\/person\/e0b63ce2682f026a88828a7772e9ac22\",\"name\":\"Rozaria.pl\",\"image\":{\"@type\":\"ImageObject\",\"inLanguage\":\"pl-PL\",\"@id\":\"https:\/\/rozaria.pl\/blog\/#\/schema\/person\/image\/\",\"url\":\"https:\/\/secure.gravatar.com\/avatar\/a617f0796bdf5b31b93d812b41809f25?s=96&d=mm&r=g\",\"contentUrl\":\"https:\/\/secure.gravatar.com\/avatar\/a617f0796bdf5b31b93d812b41809f25?s=96&d=mm&r=g\",\"caption\":\"Rozaria.pl\"},\"url\":\"https:\/\/rozaria.pl\/blog\/author\/pp\/\"}]}<\/script>\n<!-- \/ Yoast SEO plugin. -->","yoast_head_json":{"title":"MOJA R\u00d3\u017bA Moja r\u00f3\u017ca - blog Rozaria.pl","description":"Moja r\u00f3\u017ca to osobista opowie\u015b\u0107 o jednym z najbardziej zniewalaj\u0105cych kwiat\u00f3w w moim ogrodzie daj\u0105cym mi nieustann\u0105 rado\u015b\u0107.","robots":{"index":"index","follow":"follow","max-snippet":"max-snippet:-1","max-image-preview":"max-image-preview:large","max-video-preview":"max-video-preview:-1"},"canonical":"https:\/\/rozaria.pl\/blog\/moja-droga-do-roz\/","og_locale":"pl_PL","og_type":"article","og_title":"MOJA R\u00d3\u017bA Moja r\u00f3\u017ca - blog Rozaria.pl","og_description":"Moja r\u00f3\u017ca to osobista opowie\u015b\u0107 o jednym z najbardziej zniewalaj\u0105cych kwiat\u00f3w w moim ogrodzie daj\u0105cym mi nieustann\u0105 rado\u015b\u0107.","og_url":"https:\/\/rozaria.pl\/blog\/moja-droga-do-roz\/","og_site_name":"blog Rozaria.pl","article_publisher":"https:\/\/www.facebook.com\/SzkolkaRozRozaria\/","article_published_time":"2021-05-02T16:27:13+00:00","article_modified_time":"2024-02-15T07:35:56+00:00","og_image":[{"width":582,"height":776,"url":"https:\/\/rozaria.pl\/blog\/wp-content\/uploads\/2021\/05\/rozany-ogrod.jpg","type":"image\/jpeg"}],"author":"Rozaria.pl","twitter_card":"summary_large_image","twitter_creator":"@SzkolkaRozaria","twitter_site":"@SzkolkaRozaria","twitter_misc":{"Napisane przez":"Rozaria.pl","Szacowany czas czytania":"7 minut"},"schema":{"@context":"https:\/\/schema.org","@graph":[{"@type":"Article","@id":"https:\/\/rozaria.pl\/blog\/moja-droga-do-roz\/#article","isPartOf":{"@id":"https:\/\/rozaria.pl\/blog\/moja-droga-do-roz\/"},"author":{"name":"Rozaria.pl","@id":"https:\/\/rozaria.pl\/blog\/#\/schema\/person\/e0b63ce2682f026a88828a7772e9ac22"},"headline":"Moja r\u00f3\u017ca","datePublished":"2021-05-02T16:27:13+00:00","dateModified":"2024-02-15T07:35:56+00:00","mainEntityOfPage":{"@id":"https:\/\/rozaria.pl\/blog\/moja-droga-do-roz\/"},"wordCount":1238,"commentCount":0,"publisher":{"@id":"https:\/\/rozaria.pl\/blog\/#organization"},"image":{"@id":"https:\/\/rozaria.pl\/blog\/moja-droga-do-roz\/#primaryimage"},"thumbnailUrl":"https:\/\/rozaria.pl\/blog\/wp-content\/uploads\/2021\/05\/rozany-ogrod.jpg","articleSection":["Historie"],"inLanguage":"pl-PL","potentialAction":[{"@type":"CommentAction","name":"Comment","target":["https:\/\/rozaria.pl\/blog\/moja-droga-do-roz\/#respond"]}]},{"@type":"WebPage","@id":"https:\/\/rozaria.pl\/blog\/moja-droga-do-roz\/","url":"https:\/\/rozaria.pl\/blog\/moja-droga-do-roz\/","name":"MOJA R\u00d3\u017bA Moja r\u00f3\u017ca - blog Rozaria.pl","isPartOf":{"@id":"https:\/\/rozaria.pl\/blog\/#website"},"primaryImageOfPage":{"@id":"https:\/\/rozaria.pl\/blog\/moja-droga-do-roz\/#primaryimage"},"image":{"@id":"https:\/\/rozaria.pl\/blog\/moja-droga-do-roz\/#primaryimage"},"thumbnailUrl":"https:\/\/rozaria.pl\/blog\/wp-content\/uploads\/2021\/05\/rozany-ogrod.jpg","datePublished":"2021-05-02T16:27:13+00:00","dateModified":"2024-02-15T07:35:56+00:00","description":"Moja r\u00f3\u017ca to osobista opowie\u015b\u0107 o jednym z najbardziej zniewalaj\u0105cych kwiat\u00f3w w moim ogrodzie daj\u0105cym mi nieustann\u0105 rado\u015b\u0107.","breadcrumb":{"@id":"https:\/\/rozaria.pl\/blog\/moja-droga-do-roz\/#breadcrumb"},"inLanguage":"pl-PL","potentialAction":[{"@type":"ReadAction","target":["https:\/\/rozaria.pl\/blog\/moja-droga-do-roz\/"]}]},{"@type":"ImageObject","inLanguage":"pl-PL","@id":"https:\/\/rozaria.pl\/blog\/moja-droga-do-roz\/#primaryimage","url":"https:\/\/rozaria.pl\/blog\/wp-content\/uploads\/2021\/05\/rozany-ogrod.jpg","contentUrl":"https:\/\/rozaria.pl\/blog\/wp-content\/uploads\/2021\/05\/rozany-ogrod.jpg","width":582,"height":776},{"@type":"BreadcrumbList","@id":"https:\/\/rozaria.pl\/blog\/moja-droga-do-roz\/#breadcrumb","itemListElement":[{"@type":"ListItem","position":1,"name":"Strona g\u0142\u00f3wna","item":"https:\/\/rozaria.pl\/blog\/"},{"@type":"ListItem","position":2,"name":"Moja r\u00f3\u017ca"}]},{"@type":"WebSite","@id":"https:\/\/rozaria.pl\/blog\/#website","url":"https:\/\/rozaria.pl\/blog\/","name":"blog Rozaria.pl","description":"Porozmawiajmy o r\u00f3\u017cach, o wszystkich sprawach","publisher":{"@id":"https:\/\/rozaria.pl\/blog\/#organization"},"potentialAction":[{"@type":"SearchAction","target":{"@type":"EntryPoint","urlTemplate":"https:\/\/rozaria.pl\/blog\/?s={search_term_string}"},"query-input":{"@type":"PropertyValueSpecification","valueRequired":true,"valueName":"search_term_string"}}],"inLanguage":"pl-PL"},{"@type":"Organization","@id":"https:\/\/rozaria.pl\/blog\/#organization","name":"Szk\u00f3\u0142ka R\u00f3\u017c Rozaria","url":"https:\/\/rozaria.pl\/blog\/","logo":{"@type":"ImageObject","inLanguage":"pl-PL","@id":"https:\/\/rozaria.pl\/blog\/#\/schema\/logo\/image\/","url":"https:\/\/rozaria.pl\/blog\/wp-content\/uploads\/2016\/12\/logo_dla-rozaria.png","contentUrl":"https:\/\/rozaria.pl\/blog\/wp-content\/uploads\/2016\/12\/logo_dla-rozaria.png","width":400,"height":166,"caption":"Szk\u00f3\u0142ka R\u00f3\u017c Rozaria"},"image":{"@id":"https:\/\/rozaria.pl\/blog\/#\/schema\/logo\/image\/"},"sameAs":["https:\/\/www.facebook.com\/SzkolkaRozRozaria\/","https:\/\/x.com\/SzkolkaRozaria","https:\/\/www.youtube.com\/channel\/UCguKKBc7F06eYM1tzYx1Z5A"]},{"@type":"Person","@id":"https:\/\/rozaria.pl\/blog\/#\/schema\/person\/e0b63ce2682f026a88828a7772e9ac22","name":"Rozaria.pl","image":{"@type":"ImageObject","inLanguage":"pl-PL","@id":"https:\/\/rozaria.pl\/blog\/#\/schema\/person\/image\/","url":"https:\/\/secure.gravatar.com\/avatar\/a617f0796bdf5b31b93d812b41809f25?s=96&d=mm&r=g","contentUrl":"https:\/\/secure.gravatar.com\/avatar\/a617f0796bdf5b31b93d812b41809f25?s=96&d=mm&r=g","caption":"Rozaria.pl"},"url":"https:\/\/rozaria.pl\/blog\/author\/pp\/"}]}},"_links":{"self":[{"href":"https:\/\/rozaria.pl\/blog\/wp-json\/wp\/v2\/posts\/4427"}],"collection":[{"href":"https:\/\/rozaria.pl\/blog\/wp-json\/wp\/v2\/posts"}],"about":[{"href":"https:\/\/rozaria.pl\/blog\/wp-json\/wp\/v2\/types\/post"}],"author":[{"embeddable":true,"href":"https:\/\/rozaria.pl\/blog\/wp-json\/wp\/v2\/users\/11"}],"replies":[{"embeddable":true,"href":"https:\/\/rozaria.pl\/blog\/wp-json\/wp\/v2\/comments?post=4427"}],"version-history":[{"count":5,"href":"https:\/\/rozaria.pl\/blog\/wp-json\/wp\/v2\/posts\/4427\/revisions"}],"predecessor-version":[{"id":5361,"href":"https:\/\/rozaria.pl\/blog\/wp-json\/wp\/v2\/posts\/4427\/revisions\/5361"}],"wp:featuredmedia":[{"embeddable":true,"href":"https:\/\/rozaria.pl\/blog\/wp-json\/wp\/v2\/media\/4432"}],"wp:attachment":[{"href":"https:\/\/rozaria.pl\/blog\/wp-json\/wp\/v2\/media?parent=4427"}],"wp:term":[{"taxonomy":"category","embeddable":true,"href":"https:\/\/rozaria.pl\/blog\/wp-json\/wp\/v2\/categories?post=4427"},{"taxonomy":"post_tag","embeddable":true,"href":"https:\/\/rozaria.pl\/blog\/wp-json\/wp\/v2\/tags?post=4427"}],"curies":[{"name":"wp","href":"https:\/\/api.w.org\/{rel}","templated":true}]}}