{"id":4389,"date":"2021-03-01T19:25:59","date_gmt":"2021-03-01T18:25:59","guid":{"rendered":"https:\/\/rozaria.pl\/blog\/?p=4389"},"modified":"2024-02-18T17:48:51","modified_gmt":"2024-02-18T16:48:51","slug":"katarzyna-moje-roze","status":"publish","type":"post","link":"https:\/\/rozaria.pl\/blog\/katarzyna-moje-roze\/","title":{"rendered":"Moje r\u00f3\u017ce"},"content":{"rendered":"<h2><strong>Wprowadzenie: Odkrywanie Pasji<\/strong><\/h2>\n<p style=\"text-align: justify;\"><span style=\"font-size: 14pt;\"><a style=\"font-size: 18.6667px; text-align: justify;\" href=\"https:\/\/rozaria.pl\/blog\/wp-content\/uploads\/2021\/03\/pnace_roze.jpg\"><img loading=\"lazy\" decoding=\"async\" class=\"alignright wp-image-4391 size-medium\" src=\"https:\/\/rozaria.pl\/blog\/wp-content\/uploads\/2021\/03\/pnace_roze-300x199.jpg\" alt=\"moje r\u00f3\u017ce\" width=\"300\" height=\"199\" srcset=\"https:\/\/rozaria.pl\/blog\/wp-content\/uploads\/2021\/03\/pnace_roze-150x99.jpg 150w, https:\/\/rozaria.pl\/blog\/wp-content\/uploads\/2021\/03\/pnace_roze-200x132.jpg 200w, https:\/\/rozaria.pl\/blog\/wp-content\/uploads\/2021\/03\/pnace_roze-300x199.jpg 300w, https:\/\/rozaria.pl\/blog\/wp-content\/uploads\/2021\/03\/pnace_roze-400x265.jpg 400w, https:\/\/rozaria.pl\/blog\/wp-content\/uploads\/2021\/03\/pnace_roze-600x397.jpg 600w, https:\/\/rozaria.pl\/blog\/wp-content\/uploads\/2021\/03\/pnace_roze-768x509.jpg 768w, https:\/\/rozaria.pl\/blog\/wp-content\/uploads\/2021\/03\/pnace_roze-800x530.jpg 800w, https:\/\/rozaria.pl\/blog\/wp-content\/uploads\/2021\/03\/pnace_roze-1024x678.jpg 1024w, https:\/\/rozaria.pl\/blog\/wp-content\/uploads\/2021\/03\/pnace_roze-1200x795.jpg 1200w, https:\/\/rozaria.pl\/blog\/wp-content\/uploads\/2021\/03\/pnace_roze.jpg 1386w\" sizes=\"(max-width: 300px) 100vw, 300px\" \/><\/a> <span style=\"text-decoration: underline;\"><strong>R\u00f3\u017ce<\/strong><\/span>, te wyj\u0105tkowe kwiaty sta\u0142y si\u0119 nieod\u0142\u0105czn\u0105 cz\u0119\u015bci\u0105 mojego \u017cycia i ogrodu. Kwiaty zawsze by\u0142y moj\u0105 pasj\u0105. Od wczesnych lat dzieci\u0144stwa sp\u0119dza\u0142am czas na dzia\u0142ce moich Rodzic\u00f3w. To dzi\u0119ki nim pokocha\u0142am zapach ziemi, \u015bwie\u017co wyrastaj\u0105ce wiosn\u0105 m\u0142ode ro\u015blinki, kt\u00f3re przebija\u0142y si\u0119 z wielk\u0105 si\u0142\u0105 z ledwo rozmarzni\u0119tej gleby, no i wszystko co zwi\u0105zane z ziemi\u0105, przyrod\u0105 i zwierz\u0119tami. Z czasem \u201edzia\u0142kowanie\u201d sta\u0142o si\u0119 sposobem na sp\u0119dzanie wolnego czasu. Zacz\u0119\u0142am interesowa\u0107 si\u0119 gatunkami, rodzajami ro\u015blin. Ale od r\u00f3\u017c dzieli\u0142a mnie jeszcze daleka droga. Wtedy nie pomy\u015bla\u0142abym o nich <span style=\"text-decoration: underline;\"><em>moje r\u00f3\u017ce<\/em><\/span>.\u00a0<\/span><\/p>\n<h3>M\u00f3j ogr\u00f3d<\/h3>\n<p style=\"text-align: justify;\"><span style=\"font-size: 14pt;\">Ci\u0105gle by\u0142o jednak za ma\u0142o miejsca, aby rozwin\u0105\u0107 skrzyd\u0142a. No i po wielu latach sta\u0142o si\u0119. Kupi\u0142am ogr\u00f3d. Tak, brzmi ciekawie? Wi\u0119c prawda jest taka, \u017ce z m\u0119\u017cem planowali\u015bmy od jakiego\u015b czasu kupi\u0107 dom do remontu, no i znale\u017ali\u015bmy to swoje miejsce, tylko, \u017ce ja nie widzia\u0142am domu\u2026 ja widzia\u0142am tylko ogr\u00f3d. By\u0142 to ogr\u00f3d pozostawiony sam sobie, od wielu lat nie porz\u0105dkowany, w\u0142a\u015bciwie by\u0142 to zaro\u015bni\u0119ty sad. Zobaczy\u0142am potencja\u0142, tak\u0105 szalon\u0105 mo\u017cliwo\u015b\u0107 adaptacji tego terenu, powierzchni\u0119 do posadzenia tysi\u0105ca ro\u015blin. <\/span><\/p>\n<h2><strong>Pocz\u0105tki z R\u00f3\u017cami: Pierwsze Kroki<\/strong><\/h2>\n<p style=\"text-align: justify;\"><span style=\"font-size: 14pt;\">No i si\u0119 zacz\u0119\u0142o.<a style=\"font-size: 18.6667px; text-align: justify;\" href=\"https:\/\/rozaria.pl\/blog\/wp-content\/uploads\/2021\/03\/roza_malinowa_pnaca.jpg\"><img loading=\"lazy\" decoding=\"async\" class=\"alignright size-medium wp-image-4394\" src=\"https:\/\/rozaria.pl\/blog\/wp-content\/uploads\/2021\/03\/roza_malinowa_pnaca-300x199.jpg\" alt=\"r\u00f3\u017ca malinowa pn\u0105ca\" width=\"300\" height=\"199\" srcset=\"https:\/\/rozaria.pl\/blog\/wp-content\/uploads\/2021\/03\/roza_malinowa_pnaca-150x99.jpg 150w, https:\/\/rozaria.pl\/blog\/wp-content\/uploads\/2021\/03\/roza_malinowa_pnaca-200x132.jpg 200w, https:\/\/rozaria.pl\/blog\/wp-content\/uploads\/2021\/03\/roza_malinowa_pnaca-300x199.jpg 300w, https:\/\/rozaria.pl\/blog\/wp-content\/uploads\/2021\/03\/roza_malinowa_pnaca-400x265.jpg 400w, https:\/\/rozaria.pl\/blog\/wp-content\/uploads\/2021\/03\/roza_malinowa_pnaca-600x397.jpg 600w, https:\/\/rozaria.pl\/blog\/wp-content\/uploads\/2021\/03\/roza_malinowa_pnaca-768x509.jpg 768w, https:\/\/rozaria.pl\/blog\/wp-content\/uploads\/2021\/03\/roza_malinowa_pnaca-800x530.jpg 800w, https:\/\/rozaria.pl\/blog\/wp-content\/uploads\/2021\/03\/roza_malinowa_pnaca-1024x678.jpg 1024w, https:\/\/rozaria.pl\/blog\/wp-content\/uploads\/2021\/03\/roza_malinowa_pnaca-1200x795.jpg 1200w, https:\/\/rozaria.pl\/blog\/wp-content\/uploads\/2021\/03\/roza_malinowa_pnaca.jpg 1386w\" sizes=\"(max-width: 300px) 100vw, 300px\" \/><\/a><\/span><\/p>\n<p style=\"text-align: justify;\"><span style=\"font-size: 14pt;\">Tak, w roli g\u0142\u00f3wnej, w tej opowie\u015bci mia\u0142a wyst\u0105pi\u0107 r\u00f3\u017ca. Wiem\u2026ale zanim r\u00f3\u017ce zago\u015bci\u0142y w moim ogrodzie, to eksperymentowa\u0142am z innymi kwiatami. Mam np. kolekcj\u0119 piwonii, ok 45 krzak\u00f3w. R\u00f3\u017c zawsze si\u0119 ba\u0142am. Ba\u0142am si\u0119, \u017ce nie dam rady ich utrzyma\u0107, \u017ce zmarzn\u0105, \u017ce nie przytn\u0119 ich tak jak trzeba. <\/span><\/p>\n<h3>Czerwona pn\u0105ca na pr\u00f3b\u0119<\/h3>\n<p style=\"text-align: justify;\"><span style=\"font-size: 14pt;\">I kiedy\u015b w markecie zakupi\u0142am sadzonk\u0119 r\u00f3\u017cy pn\u0105cej, jak to sobie powiedzia\u0142am: \u201ena pr\u00f3b\u0119\u201d. Okaza\u0142o si\u0119, \u017ce r\u00f3\u017cyczka ta jest mi wdzi\u0119czna za zakup ju\u017c od 10 lat. Nie wiem co to za odmiana, ale co roku zaskakuje mnie wygl\u0105dem swoich pi\u0119knych czerwonych kwiat\u00f3w, przypomina \u201e<\/span><span style=\"font-size: 14pt;\">Flamentanz\u201d, by\u0107 mo\u017ce to ona.<\/span><\/p>\n<div id=\"attachment_4393\" style=\"width: 310px\" class=\"wp-caption alignleft\"><a href=\"https:\/\/rozaria.pl\/blog\/wp-content\/uploads\/2021\/03\/roza_czerwona_pnaca.jpg\"><img loading=\"lazy\" decoding=\"async\" aria-describedby=\"caption-attachment-4393\" class=\"wp-image-4393 size-medium\" src=\"https:\/\/rozaria.pl\/blog\/wp-content\/uploads\/2021\/03\/roza_czerwona_pnaca-300x199.jpg\" alt=\"czerwona r\u00f3\u017ca pn\u0105ca Flammentanz moja r\u00f3\u017ca\" width=\"300\" height=\"199\" srcset=\"https:\/\/rozaria.pl\/blog\/wp-content\/uploads\/2021\/03\/roza_czerwona_pnaca-150x99.jpg 150w, https:\/\/rozaria.pl\/blog\/wp-content\/uploads\/2021\/03\/roza_czerwona_pnaca-200x133.jpg 200w, https:\/\/rozaria.pl\/blog\/wp-content\/uploads\/2021\/03\/roza_czerwona_pnaca-300x199.jpg 300w, https:\/\/rozaria.pl\/blog\/wp-content\/uploads\/2021\/03\/roza_czerwona_pnaca-400x265.jpg 400w, https:\/\/rozaria.pl\/blog\/wp-content\/uploads\/2021\/03\/roza_czerwona_pnaca-600x398.jpg 600w, https:\/\/rozaria.pl\/blog\/wp-content\/uploads\/2021\/03\/roza_czerwona_pnaca-768x509.jpg 768w, https:\/\/rozaria.pl\/blog\/wp-content\/uploads\/2021\/03\/roza_czerwona_pnaca-800x530.jpg 800w, https:\/\/rozaria.pl\/blog\/wp-content\/uploads\/2021\/03\/roza_czerwona_pnaca-1024x679.jpg 1024w, https:\/\/rozaria.pl\/blog\/wp-content\/uploads\/2021\/03\/roza_czerwona_pnaca-1200x795.jpg 1200w, https:\/\/rozaria.pl\/blog\/wp-content\/uploads\/2021\/03\/roza_czerwona_pnaca.jpg 1364w\" sizes=\"(max-width: 300px) 100vw, 300px\" \/><\/a><p id=\"caption-attachment-4393\" class=\"wp-caption-text\">r\u00f3\u017ca pn\u0105ca Flamentanz inaczej Flamme Dance<\/p><\/div>\n<p style=\"text-align: justify;\"><span style=\"font-size: 14pt;\">Specjalnie jej nie okrywam na zim\u0119, wi\u0119c co roku na wiosn\u0119, przycinam jej p\u0119dy, usuwam chore i zmarzni\u0119te a tak\u017ce owoce, kt\u00f3rych nie przyci\u0119\u0142am latem i kt\u00f3re zosta\u0142y, a ona twardo si\u0119 trzyma, zreszt\u0105 pokazuj\u0119 to Wam na zdj\u0119ciach. Swoj\u0105 drog\u0105, szukaj\u0105c zdj\u0119\u0107 dla Was, zrozumia\u0142am, \u017ce tak naprawd\u0119 mam ich niewiele i w\u0142a\u015bnie teraz postanowi\u0142am to zmieni\u0107<\/span><\/p>\n<p>&nbsp;<\/p>\n<p style=\"text-align: justify;\"><span style=\"font-size: 14pt;\">\u00a0\u2013 w tym sezonie ka\u017cda r\u00f3\u017cyczka b\u0119dzie mia\u0142a swoje fotki.<\/span><\/p>\n<h3><strong>Rozw\u00f3j mojej r\u00f3\u017canki<a href=\"https:\/\/rozaria.pl\/blog\/wp-content\/uploads\/2021\/03\/rabata_czerwonych_roz.jpg\"><img loading=\"lazy\" decoding=\"async\" class=\"wp-image-4392 size-medium alignright\" src=\"https:\/\/rozaria.pl\/blog\/wp-content\/uploads\/2021\/03\/rabata_czerwonych_roz-300x199.jpg\" alt=\"moje r\u00f3\u017ce rabatowe\" width=\"300\" height=\"199\" srcset=\"https:\/\/rozaria.pl\/blog\/wp-content\/uploads\/2021\/03\/rabata_czerwonych_roz-150x99.jpg 150w, https:\/\/rozaria.pl\/blog\/wp-content\/uploads\/2021\/03\/rabata_czerwonych_roz-200x132.jpg 200w, https:\/\/rozaria.pl\/blog\/wp-content\/uploads\/2021\/03\/rabata_czerwonych_roz-300x199.jpg 300w, https:\/\/rozaria.pl\/blog\/wp-content\/uploads\/2021\/03\/rabata_czerwonych_roz-400x265.jpg 400w, https:\/\/rozaria.pl\/blog\/wp-content\/uploads\/2021\/03\/rabata_czerwonych_roz-600x397.jpg 600w, https:\/\/rozaria.pl\/blog\/wp-content\/uploads\/2021\/03\/rabata_czerwonych_roz-768x508.jpg 768w, https:\/\/rozaria.pl\/blog\/wp-content\/uploads\/2021\/03\/rabata_czerwonych_roz-800x530.jpg 800w, https:\/\/rozaria.pl\/blog\/wp-content\/uploads\/2021\/03\/rabata_czerwonych_roz-1024x678.jpg 1024w, https:\/\/rozaria.pl\/blog\/wp-content\/uploads\/2021\/03\/rabata_czerwonych_roz-1200x795.jpg 1200w, https:\/\/rozaria.pl\/blog\/wp-content\/uploads\/2021\/03\/rabata_czerwonych_roz.jpg 1385w\" sizes=\"(max-width: 300px) 100vw, 300px\" \/><\/a><\/strong><\/h3>\n<p style=\"text-align: justify;\"><span style=\"font-size: 14pt;\">Widz\u0105c jak zakupiona w sklepie ze wszystkim r\u00f3\u017ca ro\u015bnie, postanowi\u0142am poszuka\u0107 <a href=\"https:\/\/rozaria.pl\/\">profesjonalnego sklepu z r\u00f3\u017cami<\/a>, i tak trafi\u0142am do Was. Teraz ju\u017c nawet nie poszukuj\u0119 innego sklepu, u Was znajduj\u0119 to czego oczekuj\u0119. Zrobi\u0142am sobie kiedy\u015b nawet takie pliki w komputerze, w kt\u00f3rych opisywa\u0142am razem ze zdj\u0119ciem zakupione krzaczki. Musz\u0119 powiedzie\u0107, \u017ce kilka zmarnowa\u0142am, zwyczajnie z braku czasu na ich odpowiednie posadzenie i bardzo tego \u017ca\u0142uj\u0119.<\/span><\/p>\n<h3>Moje ulubienice: <a href=\"https:\/\/rozaria.pl\/roze-historyczne-ghislaine-de-feligonde\">Gizelka<\/a><\/h3>\n<div id=\"attachment_4390\" style=\"width: 310px\" class=\"wp-caption alignleft\"><a href=\"https:\/\/rozaria.pl\/blog\/wp-content\/uploads\/2021\/03\/gizelka-a-przed-nia-chopin-i-na-pierwszym-planie-piwonie.jpg\"><img loading=\"lazy\" decoding=\"async\" aria-describedby=\"caption-attachment-4390\" class=\"wp-image-4390 size-medium\" src=\"https:\/\/rozaria.pl\/blog\/wp-content\/uploads\/2021\/03\/gizelka-a-przed-nia-chopin-i-na-pierwszym-planie-piwonie-300x199.jpg\" alt=\"\u201eGizelka\u201d a przed ni\u0105 Chopin i na pierwszym planie piwonie\" width=\"300\" height=\"199\" srcset=\"https:\/\/rozaria.pl\/blog\/wp-content\/uploads\/2021\/03\/gizelka-a-przed-nia-chopin-i-na-pierwszym-planie-piwonie-150x99.jpg 150w, https:\/\/rozaria.pl\/blog\/wp-content\/uploads\/2021\/03\/gizelka-a-przed-nia-chopin-i-na-pierwszym-planie-piwonie-200x132.jpg 200w, https:\/\/rozaria.pl\/blog\/wp-content\/uploads\/2021\/03\/gizelka-a-przed-nia-chopin-i-na-pierwszym-planie-piwonie-300x199.jpg 300w, https:\/\/rozaria.pl\/blog\/wp-content\/uploads\/2021\/03\/gizelka-a-przed-nia-chopin-i-na-pierwszym-planie-piwonie-400x265.jpg 400w, https:\/\/rozaria.pl\/blog\/wp-content\/uploads\/2021\/03\/gizelka-a-przed-nia-chopin-i-na-pierwszym-planie-piwonie-600x397.jpg 600w, https:\/\/rozaria.pl\/blog\/wp-content\/uploads\/2021\/03\/gizelka-a-przed-nia-chopin-i-na-pierwszym-planie-piwonie-768x509.jpg 768w, https:\/\/rozaria.pl\/blog\/wp-content\/uploads\/2021\/03\/gizelka-a-przed-nia-chopin-i-na-pierwszym-planie-piwonie-800x530.jpg 800w, https:\/\/rozaria.pl\/blog\/wp-content\/uploads\/2021\/03\/gizelka-a-przed-nia-chopin-i-na-pierwszym-planie-piwonie-1024x678.jpg 1024w, https:\/\/rozaria.pl\/blog\/wp-content\/uploads\/2021\/03\/gizelka-a-przed-nia-chopin-i-na-pierwszym-planie-piwonie-1200x795.jpg 1200w, https:\/\/rozaria.pl\/blog\/wp-content\/uploads\/2021\/03\/gizelka-a-przed-nia-chopin-i-na-pierwszym-planie-piwonie.jpg 1404w\" sizes=\"(max-width: 300px) 100vw, 300px\" \/><\/a><p id=\"caption-attachment-4390\" class=\"wp-caption-text\">r\u00f3\u017ca pn\u0105ca Gizelka, przed ni\u0105 Chopin wielkokwiatowa na pierwszym planie<\/p><\/div>\n<p style=\"text-align: justify;\"><span style=\"font-size: 14pt;\">Moja r\u00f3\u017canka obecnie liczy ponad 20 ro\u015blin r\u00f3\u017cnej odmiany i z roku na rok ci\u0105gle ro\u015bnie. Najbardziej, poza moj\u0105 \u201epierworodn\u0105\u201d cieszy moje oczy \u201eGizelka\u201d. Obsypuje si\u0119 pi\u0119knymi kwiatami, jest ich ca\u0142e mn\u00f3stwo. D<\/span><span style=\"font-size: 14pt;\">omownik\u00f3w czasem denerwuj\u0105 opadaj\u0105ce na ich g\u0142owy p\u0142atki, bo posadzi\u0142am j\u0105 przy tarasie na kt\u00f3rym sp\u0119dzamy w sezonie wi\u0119kszo\u015b\u0107 czasu, \u0142\u0105<\/span><span style=\"font-size: 14pt; text-align: justify;\">cznie z posi\u0142kami, ale dla mnie to taki \u201eletni \u015bnieg\u201d. Burza kwiat\u00f3w rekompensuje wszelkie inne mankamenty, cho\u0107by te zwi\u0105zane ze sprz\u0105taniem. Najbardziej ciesz\u0105 oczy zmieniaj\u0105ce kolory kwiaty. Mam zamiar kupi\u0107 jeszcze jedn\u0105 tak\u0105 sam\u0105.<\/span><\/p>\n<h3>Chopin wielkokwiatowa pi\u0119kno\u015b\u0107<\/h3>\n<div id=\"attachment_4395\" style=\"width: 310px\" class=\"wp-caption alignright\"><a style=\"font-size: 18.6667px; text-align: justify;\" href=\"https:\/\/rozaria.pl\/blog\/wp-content\/uploads\/2021\/03\/roze_chopin.jpg\"><img loading=\"lazy\" decoding=\"async\" aria-describedby=\"caption-attachment-4395\" class=\"wp-image-4395 size-medium\" src=\"https:\/\/rozaria.pl\/blog\/wp-content\/uploads\/2021\/03\/roze_chopin-300x199.jpg\" alt=\"r\u00f3\u017ce wielokwiatowe chopin\" width=\"300\" height=\"199\" srcset=\"https:\/\/rozaria.pl\/blog\/wp-content\/uploads\/2021\/03\/roze_chopin-150x99.jpg 150w, https:\/\/rozaria.pl\/blog\/wp-content\/uploads\/2021\/03\/roze_chopin-200x133.jpg 200w, https:\/\/rozaria.pl\/blog\/wp-content\/uploads\/2021\/03\/roze_chopin-300x199.jpg 300w, https:\/\/rozaria.pl\/blog\/wp-content\/uploads\/2021\/03\/roze_chopin-400x265.jpg 400w, https:\/\/rozaria.pl\/blog\/wp-content\/uploads\/2021\/03\/roze_chopin-600x398.jpg 600w, https:\/\/rozaria.pl\/blog\/wp-content\/uploads\/2021\/03\/roze_chopin-768x509.jpg 768w, https:\/\/rozaria.pl\/blog\/wp-content\/uploads\/2021\/03\/roze_chopin-800x530.jpg 800w, https:\/\/rozaria.pl\/blog\/wp-content\/uploads\/2021\/03\/roze_chopin-1024x679.jpg 1024w, https:\/\/rozaria.pl\/blog\/wp-content\/uploads\/2021\/03\/roze_chopin-1200x795.jpg 1200w, https:\/\/rozaria.pl\/blog\/wp-content\/uploads\/2021\/03\/roze_chopin.jpg 1364w\" sizes=\"(max-width: 300px) 100vw, 300px\" \/><\/a><p id=\"caption-attachment-4395\" class=\"wp-caption-text\">kwiat r\u00f3\u017cy wielkokwiatowej Chopin<\/p><\/div>\n<p style=\"text-align: justify;\"><span style=\"font-size: 14pt;\">Jest po prostu \u015bliczna. Drug\u0105 moj\u0105 ulubienic\u0105 jest wielkokwiatowa<\/span><span style=\"font-size: 14pt;\"> \u201eChopin\u201d.\u00a0Mam dwie. Jedn\u0105 starsz\u0105, kt\u00f3ra pokaza\u0142a ju\u017c swoje mo\u017cliwo\u015bci. Mo\u017ce z powodu mojego ma\u0142ego do\u015bwiadczenia, ale krzaczek tej r\u00f3\u017cy przer\u00f3s\u0142 mnie na wysoko\u015b\u0107, jednak ca\u0142e lato mog\u0142am cieszy\u0107 si\u0119 kwiatami, kt\u00f3re pi\u0119knie i d\u0142ugo trzyma\u0142y si\u0119 w wazonie, no i przede wszystkim s\u0105 \u015bnie\u017cno-bia\u0142e. Mam nadziej\u0119, \u017ce m\u0142odsza r\u00f3wnie\u017c to poka\u017ce. <\/span><\/p>\n<h3>\u017b\u00f3\u0142ta rabatowa pi\u0119kno\u015b\u0107<\/h3>\n<p style=\"text-align: justify;\"><span style=\"font-size: 14pt;\">Trzecia w kolejno\u015bci do kochania jest <a href=\"https:\/\/rozaria.pl\/zolte-roze-rabatowe-fricase\">Fricase<\/a>. Uwielbiam jej \u017c\u00f3\u0142te kwiaty, czysto \u017c\u00f3\u0142te. Wybra\u0142am dla niej niestety miejsce takie, \u017ce nie widz\u0119 jej z okna. Zdaje si\u0119, \u017ce czeka j\u0105 przesadzanie w tym roku. Uwielbiam patrze\u0107 na kwitn\u0105cy ogr\u00f3d, kiedy robi\u0119 co\u015b w kuchni, a ona mi si\u0119 chowa za kalin\u0105. <\/span><\/p>\n<h3>R\u00f3\u017ce okrywowe<\/h3>\n<p style=\"text-align: justify;\"><span style=\"font-size: 14pt;\">Obok niej mam <a href=\"https:\/\/rozaria.pl\/roze-okrywowe\">\u201eokryw\u00f3wki\u201d<\/a>, jasno r\u00f3\u017cow\u0105 i ciemnor\u00f3\u017cow\u0105 <a href=\"https:\/\/rozaria.pl\/roze-okrywowe-the-fairy\">Fairy<\/a>, kt\u00f3re kwitn\u0105 do mroz\u00f3w. Mam te\u017c czerwon\u0105, tylko w innym miejscu, te\u017c pi\u0119knie kwitnie do mroz\u00f3w.\u00a0<\/span><\/p>\n<p style=\"text-align: justify;\"><span style=\"font-size: 14pt;\">Przed domem zrobi\u0142am sobie tak\u0105 mini r\u00f3\u017cank\u0119 z czerwonych parkowych r\u00f3\u017cyczek r\u00f3\u017cnych odmian i te\u017c pi\u0119knie kwit\u0142y.\u00a0<\/span><\/p>\n<p><span style=\"font-size: 14pt; text-align: justify;\">Wiosn\u0105 zanim zaczn\u0105 pokazywa\u0107 swoje czerwone pi\u0119kno\u015bci rosn\u0105 obok nich tulipany, krokusy, narcyzy\u2026 nie s\u0105 samotne. Ju\u017c nie mog\u0119 si\u0119 doczeka\u0107, kiedy zaczn\u0105 wypuszcza\u0107 \u015bwie\u017ce b\u0142yszcz\u0105ce listeczki.<\/span><\/p>\n<h2><strong>Planowanie i Marzenia: Przysz\u0142o\u015b\u0107 R\u00f3\u017canki<\/strong><\/h2>\n<p style=\"text-align: justify;\"><span style=\"font-size: 14pt;\">Zim\u0105 wymy\u015blam sobie, gdzie zmieszcz\u0119 kolejne egzemplarze, kt\u00f3re prawie codziennie ogl\u0105dam na stronie <a href=\"https:\/\/rozaria.pl\/\">Rozarii<\/a>. I korci mnie zamawianie coraz to wi\u0119kszej ilo\u015bci, ale wiadomo\u2026 trzeba wiedzie\u0107 gdzie to wszystko posadzi\u0107, \u017ceby ro\u015blinkom by\u0142o dobrze, \u017ceby pokazywa\u0142y ca\u0142y sw\u00f3j urok, a ogr\u00f3d nie chce si\u0119 powi\u0119kszy\u0107. Moje r\u00f3\u017ce i tak musz\u0105 by\u0107 specjalnie ogrodzone, poniewa\u017c mam dwa du\u017ce ciekawskie i wsz\u0119dobylskie psiaki, kt\u00f3rych za nic w \u015bwiecie nie zamkn\u0119\u0142abym w kojcach i musimy sobie z nimi jako\u015b radzi\u0107.<\/span><\/p>\n<h3><strong>Podsumowanie: R\u00f3\u017ce w Moim \u017byciu<\/strong><\/h3>\n<p style=\"text-align: justify;\"><span style=\"font-size: 14pt;\">Po kilku latach zajmowania si\u0119 ogrodem, wiem ju\u017c mniej wi\u0119cej co moje r\u00f3\u017ce lubi\u0105, a czego nie. Mo\u017ce troch\u0119 dla u\u0142atwienia sobie opieki nad r\u00f3\u017cami, kupuj\u0119 odmiany tzw. \u201etwarde sztuki\u201d, tzn. odporniejsze na mrozy, deszcze i upa\u0142y. Bardzo jestem zadowolona z opis\u00f3w, kt\u00f3re znajduj\u0119 przy zamawianiu, s\u0105 bardzo pomocne. Wiem te\u017c, \u017ce s\u0105 sprawdzone i prawdziwe.<\/span><\/p>\n<p style=\"text-align: justify;\"><span style=\"font-size: 14pt;\">R\u00f3\u017ce uwielbia tak\u017ce moja Mama, i prawie zawsze wyje\u017cd\u017ca ode mnie z bukietem kwiat\u00f3w do wazonu. Naj\u0142adniejsze s\u0105 dla mnie zawsze bukiety wielokolorowe, sk\u0142adaj\u0105ce si\u0119 z kilku odmian r\u00f3\u017c. S\u0105 przepi\u0119kne. R\u00f3\u017ce sta\u0142y si\u0119 dla mnie jednymi z g\u0142\u00f3wnych postaci mojego ogrodu.<\/span><\/p>\n<h2><strong>Zako\u0144czenie: Pozdrowienie dla Wsp\u00f3\u0142mi\u0142o\u015bnik\u00f3w<\/strong><\/h2>\n<p style=\"text-align: justify;\"><span style=\"font-size: 14pt;\">Pozdrawiam wszystkich mi\u0142o\u015bnik\u00f3w r\u00f3\u017c i innych kwiat\u00f3w.<\/span><\/p>\n<p style=\"text-align: justify;\"><span style=\"font-size: 14pt;\">Katarzyna<\/span><\/p>\n<p>&nbsp;<\/p>\n","protected":false},"excerpt":{"rendered":"<p>Wprowadzenie: Odkrywanie Pasji R\u00f3\u017ce, te wyj\u0105tkowe kwiaty sta\u0142y si\u0119 nieod\u0142\u0105czn\u0105 cz\u0119\u015bci\u0105 mojego \u017cycia i ogrodu. Kwiaty zawsze by\u0142y moj\u0105 pasj\u0105. Od wczesnych lat dzieci\u0144stwa sp\u0119dza\u0142am czas na dzia\u0142ce moich Rodzic\u00f3w. To dzi\u0119ki nim pokocha\u0142am zapach ziemi, \u015bwie\u017co wyrastaj\u0105ce wiosn\u0105 m\u0142ode [&hellip;]<\/p>\n","protected":false},"author":11,"featured_media":4393,"comment_status":"open","ping_status":"open","sticky":false,"template":"","format":"standard","meta":{"_mi_skip_tracking":false,"_monsterinsights_sitenote_active":false,"_monsterinsights_sitenote_note":"","_monsterinsights_sitenote_category":0,"footnotes":""},"categories":[111],"tags":[],"yoast_head":"<!-- This site is optimized with the Yoast SEO plugin v23.5 - https:\/\/yoast.com\/wordpress\/plugins\/seo\/ -->\n<title>MOJE R\u00d3\u017bE Moje r\u00f3\u017ce - blog Rozaria.pl<\/title>\n<meta name=\"description\" content=\"Moje R\u00f3\u017ce - to osobisty artyku\u0142, w kt\u00f3rym autor dzieli si\u0119 swoj\u0105 pasj\u0105 do r\u00f3\u017c. Wyb\u00f3r, sadzenie i piel\u0119gnacja r\u00f3\u017c, od pierwszej r\u00f3\u017cy &quot;na pr\u00f3b\u0119&quot;\" \/>\n<meta name=\"robots\" content=\"index, follow, max-snippet:-1, max-image-preview:large, max-video-preview:-1\" \/>\n<link rel=\"canonical\" href=\"https:\/\/rozaria.pl\/blog\/katarzyna-moje-roze\/\" \/>\n<meta property=\"og:locale\" content=\"pl_PL\" \/>\n<meta property=\"og:type\" content=\"article\" \/>\n<meta property=\"og:title\" content=\"MOJE R\u00d3\u017bE Moje r\u00f3\u017ce - blog Rozaria.pl\" \/>\n<meta property=\"og:description\" content=\"Moje R\u00f3\u017ce - to osobisty artyku\u0142, w kt\u00f3rym autor dzieli si\u0119 swoj\u0105 pasj\u0105 do r\u00f3\u017c. Wyb\u00f3r, sadzenie i piel\u0119gnacja r\u00f3\u017c, od pierwszej r\u00f3\u017cy &quot;na pr\u00f3b\u0119&quot;\" \/>\n<meta property=\"og:url\" content=\"https:\/\/rozaria.pl\/blog\/katarzyna-moje-roze\/\" \/>\n<meta property=\"og:site_name\" content=\"blog Rozaria.pl\" \/>\n<meta property=\"article:publisher\" content=\"https:\/\/www.facebook.com\/SzkolkaRozRozaria\/\" \/>\n<meta property=\"article:published_time\" content=\"2021-03-01T18:25:59+00:00\" \/>\n<meta property=\"article:modified_time\" content=\"2024-02-18T16:48:51+00:00\" \/>\n<meta property=\"og:image\" content=\"https:\/\/rozaria.pl\/blog\/wp-content\/uploads\/2021\/03\/roza_czerwona_pnaca.jpg\" \/>\n\t<meta property=\"og:image:width\" content=\"1364\" \/>\n\t<meta property=\"og:image:height\" content=\"904\" \/>\n\t<meta property=\"og:image:type\" content=\"image\/jpeg\" \/>\n<meta name=\"author\" content=\"Rozaria.pl\" \/>\n<meta name=\"twitter:card\" content=\"summary_large_image\" \/>\n<meta name=\"twitter:creator\" content=\"@SzkolkaRozaria\" \/>\n<meta name=\"twitter:site\" content=\"@SzkolkaRozaria\" \/>\n<meta name=\"twitter:label1\" content=\"Napisane przez\" \/>\n\t<meta name=\"twitter:data1\" content=\"Rozaria.pl\" \/>\n\t<meta name=\"twitter:label2\" content=\"Szacowany czas czytania\" \/>\n\t<meta name=\"twitter:data2\" content=\"7 minut\" \/>\n<script type=\"application\/ld+json\" class=\"yoast-schema-graph\">{\"@context\":\"https:\/\/schema.org\",\"@graph\":[{\"@type\":\"Article\",\"@id\":\"https:\/\/rozaria.pl\/blog\/katarzyna-moje-roze\/#article\",\"isPartOf\":{\"@id\":\"https:\/\/rozaria.pl\/blog\/katarzyna-moje-roze\/\"},\"author\":{\"name\":\"Rozaria.pl\",\"@id\":\"https:\/\/rozaria.pl\/blog\/#\/schema\/person\/e0b63ce2682f026a88828a7772e9ac22\"},\"headline\":\"Moje r\u00f3\u017ce\",\"datePublished\":\"2021-03-01T18:25:59+00:00\",\"dateModified\":\"2024-02-18T16:48:51+00:00\",\"mainEntityOfPage\":{\"@id\":\"https:\/\/rozaria.pl\/blog\/katarzyna-moje-roze\/\"},\"wordCount\":1184,\"commentCount\":0,\"publisher\":{\"@id\":\"https:\/\/rozaria.pl\/blog\/#organization\"},\"image\":{\"@id\":\"https:\/\/rozaria.pl\/blog\/katarzyna-moje-roze\/#primaryimage\"},\"thumbnailUrl\":\"https:\/\/rozaria.pl\/blog\/wp-content\/uploads\/2021\/03\/roza_czerwona_pnaca.jpg\",\"articleSection\":[\"Historie\"],\"inLanguage\":\"pl-PL\",\"potentialAction\":[{\"@type\":\"CommentAction\",\"name\":\"Comment\",\"target\":[\"https:\/\/rozaria.pl\/blog\/katarzyna-moje-roze\/#respond\"]}]},{\"@type\":\"WebPage\",\"@id\":\"https:\/\/rozaria.pl\/blog\/katarzyna-moje-roze\/\",\"url\":\"https:\/\/rozaria.pl\/blog\/katarzyna-moje-roze\/\",\"name\":\"MOJE R\u00d3\u017bE Moje r\u00f3\u017ce - blog Rozaria.pl\",\"isPartOf\":{\"@id\":\"https:\/\/rozaria.pl\/blog\/#website\"},\"primaryImageOfPage\":{\"@id\":\"https:\/\/rozaria.pl\/blog\/katarzyna-moje-roze\/#primaryimage\"},\"image\":{\"@id\":\"https:\/\/rozaria.pl\/blog\/katarzyna-moje-roze\/#primaryimage\"},\"thumbnailUrl\":\"https:\/\/rozaria.pl\/blog\/wp-content\/uploads\/2021\/03\/roza_czerwona_pnaca.jpg\",\"datePublished\":\"2021-03-01T18:25:59+00:00\",\"dateModified\":\"2024-02-18T16:48:51+00:00\",\"description\":\"Moje R\u00f3\u017ce - to osobisty artyku\u0142, w kt\u00f3rym autor dzieli si\u0119 swoj\u0105 pasj\u0105 do r\u00f3\u017c. Wyb\u00f3r, sadzenie i piel\u0119gnacja r\u00f3\u017c, od pierwszej r\u00f3\u017cy \\\"na pr\u00f3b\u0119\\\"\",\"breadcrumb\":{\"@id\":\"https:\/\/rozaria.pl\/blog\/katarzyna-moje-roze\/#breadcrumb\"},\"inLanguage\":\"pl-PL\",\"potentialAction\":[{\"@type\":\"ReadAction\",\"target\":[\"https:\/\/rozaria.pl\/blog\/katarzyna-moje-roze\/\"]}]},{\"@type\":\"ImageObject\",\"inLanguage\":\"pl-PL\",\"@id\":\"https:\/\/rozaria.pl\/blog\/katarzyna-moje-roze\/#primaryimage\",\"url\":\"https:\/\/rozaria.pl\/blog\/wp-content\/uploads\/2021\/03\/roza_czerwona_pnaca.jpg\",\"contentUrl\":\"https:\/\/rozaria.pl\/blog\/wp-content\/uploads\/2021\/03\/roza_czerwona_pnaca.jpg\",\"width\":1364,\"height\":904,\"caption\":\"czerwona r\u00f3\u017ca pn\u0105ca\"},{\"@type\":\"BreadcrumbList\",\"@id\":\"https:\/\/rozaria.pl\/blog\/katarzyna-moje-roze\/#breadcrumb\",\"itemListElement\":[{\"@type\":\"ListItem\",\"position\":1,\"name\":\"Strona g\u0142\u00f3wna\",\"item\":\"https:\/\/rozaria.pl\/blog\/\"},{\"@type\":\"ListItem\",\"position\":2,\"name\":\"Moje r\u00f3\u017ce\"}]},{\"@type\":\"WebSite\",\"@id\":\"https:\/\/rozaria.pl\/blog\/#website\",\"url\":\"https:\/\/rozaria.pl\/blog\/\",\"name\":\"blog Rozaria.pl\",\"description\":\"Porozmawiajmy o r\u00f3\u017cach, o wszystkich sprawach\",\"publisher\":{\"@id\":\"https:\/\/rozaria.pl\/blog\/#organization\"},\"potentialAction\":[{\"@type\":\"SearchAction\",\"target\":{\"@type\":\"EntryPoint\",\"urlTemplate\":\"https:\/\/rozaria.pl\/blog\/?s={search_term_string}\"},\"query-input\":{\"@type\":\"PropertyValueSpecification\",\"valueRequired\":true,\"valueName\":\"search_term_string\"}}],\"inLanguage\":\"pl-PL\"},{\"@type\":\"Organization\",\"@id\":\"https:\/\/rozaria.pl\/blog\/#organization\",\"name\":\"Szk\u00f3\u0142ka R\u00f3\u017c Rozaria\",\"url\":\"https:\/\/rozaria.pl\/blog\/\",\"logo\":{\"@type\":\"ImageObject\",\"inLanguage\":\"pl-PL\",\"@id\":\"https:\/\/rozaria.pl\/blog\/#\/schema\/logo\/image\/\",\"url\":\"https:\/\/rozaria.pl\/blog\/wp-content\/uploads\/2016\/12\/logo_dla-rozaria.png\",\"contentUrl\":\"https:\/\/rozaria.pl\/blog\/wp-content\/uploads\/2016\/12\/logo_dla-rozaria.png\",\"width\":400,\"height\":166,\"caption\":\"Szk\u00f3\u0142ka R\u00f3\u017c Rozaria\"},\"image\":{\"@id\":\"https:\/\/rozaria.pl\/blog\/#\/schema\/logo\/image\/\"},\"sameAs\":[\"https:\/\/www.facebook.com\/SzkolkaRozRozaria\/\",\"https:\/\/x.com\/SzkolkaRozaria\",\"https:\/\/www.youtube.com\/channel\/UCguKKBc7F06eYM1tzYx1Z5A\"]},{\"@type\":\"Person\",\"@id\":\"https:\/\/rozaria.pl\/blog\/#\/schema\/person\/e0b63ce2682f026a88828a7772e9ac22\",\"name\":\"Rozaria.pl\",\"image\":{\"@type\":\"ImageObject\",\"inLanguage\":\"pl-PL\",\"@id\":\"https:\/\/rozaria.pl\/blog\/#\/schema\/person\/image\/\",\"url\":\"https:\/\/secure.gravatar.com\/avatar\/a617f0796bdf5b31b93d812b41809f25?s=96&d=mm&r=g\",\"contentUrl\":\"https:\/\/secure.gravatar.com\/avatar\/a617f0796bdf5b31b93d812b41809f25?s=96&d=mm&r=g\",\"caption\":\"Rozaria.pl\"},\"url\":\"https:\/\/rozaria.pl\/blog\/author\/pp\/\"}]}<\/script>\n<!-- \/ Yoast SEO plugin. -->","yoast_head_json":{"title":"MOJE R\u00d3\u017bE Moje r\u00f3\u017ce - blog Rozaria.pl","description":"Moje R\u00f3\u017ce - to osobisty artyku\u0142, w kt\u00f3rym autor dzieli si\u0119 swoj\u0105 pasj\u0105 do r\u00f3\u017c. Wyb\u00f3r, sadzenie i piel\u0119gnacja r\u00f3\u017c, od pierwszej r\u00f3\u017cy \"na pr\u00f3b\u0119\"","robots":{"index":"index","follow":"follow","max-snippet":"max-snippet:-1","max-image-preview":"max-image-preview:large","max-video-preview":"max-video-preview:-1"},"canonical":"https:\/\/rozaria.pl\/blog\/katarzyna-moje-roze\/","og_locale":"pl_PL","og_type":"article","og_title":"MOJE R\u00d3\u017bE Moje r\u00f3\u017ce - blog Rozaria.pl","og_description":"Moje R\u00f3\u017ce - to osobisty artyku\u0142, w kt\u00f3rym autor dzieli si\u0119 swoj\u0105 pasj\u0105 do r\u00f3\u017c. Wyb\u00f3r, sadzenie i piel\u0119gnacja r\u00f3\u017c, od pierwszej r\u00f3\u017cy \"na pr\u00f3b\u0119\"","og_url":"https:\/\/rozaria.pl\/blog\/katarzyna-moje-roze\/","og_site_name":"blog Rozaria.pl","article_publisher":"https:\/\/www.facebook.com\/SzkolkaRozRozaria\/","article_published_time":"2021-03-01T18:25:59+00:00","article_modified_time":"2024-02-18T16:48:51+00:00","og_image":[{"width":1364,"height":904,"url":"https:\/\/rozaria.pl\/blog\/wp-content\/uploads\/2021\/03\/roza_czerwona_pnaca.jpg","type":"image\/jpeg"}],"author":"Rozaria.pl","twitter_card":"summary_large_image","twitter_creator":"@SzkolkaRozaria","twitter_site":"@SzkolkaRozaria","twitter_misc":{"Napisane przez":"Rozaria.pl","Szacowany czas czytania":"7 minut"},"schema":{"@context":"https:\/\/schema.org","@graph":[{"@type":"Article","@id":"https:\/\/rozaria.pl\/blog\/katarzyna-moje-roze\/#article","isPartOf":{"@id":"https:\/\/rozaria.pl\/blog\/katarzyna-moje-roze\/"},"author":{"name":"Rozaria.pl","@id":"https:\/\/rozaria.pl\/blog\/#\/schema\/person\/e0b63ce2682f026a88828a7772e9ac22"},"headline":"Moje r\u00f3\u017ce","datePublished":"2021-03-01T18:25:59+00:00","dateModified":"2024-02-18T16:48:51+00:00","mainEntityOfPage":{"@id":"https:\/\/rozaria.pl\/blog\/katarzyna-moje-roze\/"},"wordCount":1184,"commentCount":0,"publisher":{"@id":"https:\/\/rozaria.pl\/blog\/#organization"},"image":{"@id":"https:\/\/rozaria.pl\/blog\/katarzyna-moje-roze\/#primaryimage"},"thumbnailUrl":"https:\/\/rozaria.pl\/blog\/wp-content\/uploads\/2021\/03\/roza_czerwona_pnaca.jpg","articleSection":["Historie"],"inLanguage":"pl-PL","potentialAction":[{"@type":"CommentAction","name":"Comment","target":["https:\/\/rozaria.pl\/blog\/katarzyna-moje-roze\/#respond"]}]},{"@type":"WebPage","@id":"https:\/\/rozaria.pl\/blog\/katarzyna-moje-roze\/","url":"https:\/\/rozaria.pl\/blog\/katarzyna-moje-roze\/","name":"MOJE R\u00d3\u017bE Moje r\u00f3\u017ce - blog Rozaria.pl","isPartOf":{"@id":"https:\/\/rozaria.pl\/blog\/#website"},"primaryImageOfPage":{"@id":"https:\/\/rozaria.pl\/blog\/katarzyna-moje-roze\/#primaryimage"},"image":{"@id":"https:\/\/rozaria.pl\/blog\/katarzyna-moje-roze\/#primaryimage"},"thumbnailUrl":"https:\/\/rozaria.pl\/blog\/wp-content\/uploads\/2021\/03\/roza_czerwona_pnaca.jpg","datePublished":"2021-03-01T18:25:59+00:00","dateModified":"2024-02-18T16:48:51+00:00","description":"Moje R\u00f3\u017ce - to osobisty artyku\u0142, w kt\u00f3rym autor dzieli si\u0119 swoj\u0105 pasj\u0105 do r\u00f3\u017c. Wyb\u00f3r, sadzenie i piel\u0119gnacja r\u00f3\u017c, od pierwszej r\u00f3\u017cy \"na pr\u00f3b\u0119\"","breadcrumb":{"@id":"https:\/\/rozaria.pl\/blog\/katarzyna-moje-roze\/#breadcrumb"},"inLanguage":"pl-PL","potentialAction":[{"@type":"ReadAction","target":["https:\/\/rozaria.pl\/blog\/katarzyna-moje-roze\/"]}]},{"@type":"ImageObject","inLanguage":"pl-PL","@id":"https:\/\/rozaria.pl\/blog\/katarzyna-moje-roze\/#primaryimage","url":"https:\/\/rozaria.pl\/blog\/wp-content\/uploads\/2021\/03\/roza_czerwona_pnaca.jpg","contentUrl":"https:\/\/rozaria.pl\/blog\/wp-content\/uploads\/2021\/03\/roza_czerwona_pnaca.jpg","width":1364,"height":904,"caption":"czerwona r\u00f3\u017ca pn\u0105ca"},{"@type":"BreadcrumbList","@id":"https:\/\/rozaria.pl\/blog\/katarzyna-moje-roze\/#breadcrumb","itemListElement":[{"@type":"ListItem","position":1,"name":"Strona g\u0142\u00f3wna","item":"https:\/\/rozaria.pl\/blog\/"},{"@type":"ListItem","position":2,"name":"Moje r\u00f3\u017ce"}]},{"@type":"WebSite","@id":"https:\/\/rozaria.pl\/blog\/#website","url":"https:\/\/rozaria.pl\/blog\/","name":"blog Rozaria.pl","description":"Porozmawiajmy o r\u00f3\u017cach, o wszystkich sprawach","publisher":{"@id":"https:\/\/rozaria.pl\/blog\/#organization"},"potentialAction":[{"@type":"SearchAction","target":{"@type":"EntryPoint","urlTemplate":"https:\/\/rozaria.pl\/blog\/?s={search_term_string}"},"query-input":{"@type":"PropertyValueSpecification","valueRequired":true,"valueName":"search_term_string"}}],"inLanguage":"pl-PL"},{"@type":"Organization","@id":"https:\/\/rozaria.pl\/blog\/#organization","name":"Szk\u00f3\u0142ka R\u00f3\u017c Rozaria","url":"https:\/\/rozaria.pl\/blog\/","logo":{"@type":"ImageObject","inLanguage":"pl-PL","@id":"https:\/\/rozaria.pl\/blog\/#\/schema\/logo\/image\/","url":"https:\/\/rozaria.pl\/blog\/wp-content\/uploads\/2016\/12\/logo_dla-rozaria.png","contentUrl":"https:\/\/rozaria.pl\/blog\/wp-content\/uploads\/2016\/12\/logo_dla-rozaria.png","width":400,"height":166,"caption":"Szk\u00f3\u0142ka R\u00f3\u017c Rozaria"},"image":{"@id":"https:\/\/rozaria.pl\/blog\/#\/schema\/logo\/image\/"},"sameAs":["https:\/\/www.facebook.com\/SzkolkaRozRozaria\/","https:\/\/x.com\/SzkolkaRozaria","https:\/\/www.youtube.com\/channel\/UCguKKBc7F06eYM1tzYx1Z5A"]},{"@type":"Person","@id":"https:\/\/rozaria.pl\/blog\/#\/schema\/person\/e0b63ce2682f026a88828a7772e9ac22","name":"Rozaria.pl","image":{"@type":"ImageObject","inLanguage":"pl-PL","@id":"https:\/\/rozaria.pl\/blog\/#\/schema\/person\/image\/","url":"https:\/\/secure.gravatar.com\/avatar\/a617f0796bdf5b31b93d812b41809f25?s=96&d=mm&r=g","contentUrl":"https:\/\/secure.gravatar.com\/avatar\/a617f0796bdf5b31b93d812b41809f25?s=96&d=mm&r=g","caption":"Rozaria.pl"},"url":"https:\/\/rozaria.pl\/blog\/author\/pp\/"}]}},"_links":{"self":[{"href":"https:\/\/rozaria.pl\/blog\/wp-json\/wp\/v2\/posts\/4389"}],"collection":[{"href":"https:\/\/rozaria.pl\/blog\/wp-json\/wp\/v2\/posts"}],"about":[{"href":"https:\/\/rozaria.pl\/blog\/wp-json\/wp\/v2\/types\/post"}],"author":[{"embeddable":true,"href":"https:\/\/rozaria.pl\/blog\/wp-json\/wp\/v2\/users\/11"}],"replies":[{"embeddable":true,"href":"https:\/\/rozaria.pl\/blog\/wp-json\/wp\/v2\/comments?post=4389"}],"version-history":[{"count":7,"href":"https:\/\/rozaria.pl\/blog\/wp-json\/wp\/v2\/posts\/4389\/revisions"}],"predecessor-version":[{"id":5382,"href":"https:\/\/rozaria.pl\/blog\/wp-json\/wp\/v2\/posts\/4389\/revisions\/5382"}],"wp:featuredmedia":[{"embeddable":true,"href":"https:\/\/rozaria.pl\/blog\/wp-json\/wp\/v2\/media\/4393"}],"wp:attachment":[{"href":"https:\/\/rozaria.pl\/blog\/wp-json\/wp\/v2\/media?parent=4389"}],"wp:term":[{"taxonomy":"category","embeddable":true,"href":"https:\/\/rozaria.pl\/blog\/wp-json\/wp\/v2\/categories?post=4389"},{"taxonomy":"post_tag","embeddable":true,"href":"https:\/\/rozaria.pl\/blog\/wp-json\/wp\/v2\/tags?post=4389"}],"curies":[{"name":"wp","href":"https:\/\/api.w.org\/{rel}","templated":true}]}}