{"id":4355,"date":"2021-01-01T22:11:56","date_gmt":"2021-01-01T21:11:56","guid":{"rendered":"https:\/\/rozaria.pl\/blog\/?p=4355"},"modified":"2024-02-20T10:42:43","modified_gmt":"2024-02-20T09:42:43","slug":"ewa-mial-byc-dom-na-wsi","status":"publish","type":"post","link":"https:\/\/rozaria.pl\/blog\/ewa-mial-byc-dom-na-wsi\/","title":{"rendered":"Dom w r\u00f3\u017cach"},"content":{"rendered":"<h2><strong>Wprowadzenie do \u015awiata Naszego Domu w R\u00f3\u017cach<a href=\"https:\/\/rozaria.pl\/blog\/wp-content\/uploads\/2021\/01\/pielegnowanie_roz-rotated-e1609535309700.jpg\"><img loading=\"lazy\" decoding=\"async\" class=\"wp-image-4362 size-medium alignright\" src=\"https:\/\/rozaria.pl\/blog\/wp-content\/uploads\/2021\/01\/pielegnowanie_roz-rotated-e1609535309700-169x300.jpg\" alt=\"piel\u0119gnowanie r\u00f3\u017c\" width=\"169\" height=\"300\" srcset=\"https:\/\/rozaria.pl\/blog\/wp-content\/uploads\/2021\/01\/pielegnowanie_roz-rotated-e1609535309700-84x150.jpg 84w, https:\/\/rozaria.pl\/blog\/wp-content\/uploads\/2021\/01\/pielegnowanie_roz-rotated-e1609535309700-169x300.jpg 169w, https:\/\/rozaria.pl\/blog\/wp-content\/uploads\/2021\/01\/pielegnowanie_roz-rotated-e1609535309700-200x356.jpg 200w, https:\/\/rozaria.pl\/blog\/wp-content\/uploads\/2021\/01\/pielegnowanie_roz-rotated-e1609535309700-400x711.jpg 400w, https:\/\/rozaria.pl\/blog\/wp-content\/uploads\/2021\/01\/pielegnowanie_roz-rotated-e1609535309700.jpg 567w\" sizes=\"(max-width: 169px) 100vw, 169px\" \/><\/a><\/strong><\/h2>\n<p style=\"text-align: justify;\"><span style=\"font-size: 14pt;\"><span style=\"text-decoration: underline;\"><em>Dom w r\u00f3\u017cach<\/em><\/span> to marzenie wielu ogrodnik\u00f3w i mi\u0142o\u015bnik\u00f3w pi\u0119kna, kt\u00f3rzy pragn\u0105 otoczy\u0107 swoje miejsce zamieszkania zapieraj\u0105cym dech w piersiach kwiatowym rajem. R\u00f3\u017ce, symbolizuj\u0105ce mi\u0142o\u015b\u0107, pi\u0119kno i pasj\u0119, mog\u0105 przemieni\u0107 ka\u017cdy ogr\u00f3d, taras czy balkon w niezwykle urokliw\u0105 przestrze\u0144. Ten artyku\u0142 zaprasza do odkrycia, jak z pasj\u0105 i trosk\u0105 o ka\u017cdy detal, stworzy\u0107 wok\u00f3\u0142 domu r\u00f3\u017can\u0105 oaz\u0119, kt\u00f3ra b\u0119dzie nie tylko miejscem relaksu, ale i \u017ar\u00f3d\u0142em dumy dla ka\u017cdego ogrodnika.\u00a0<\/span><\/p>\n<h2>Pocz\u0105tki<\/h2>\n<p style=\"text-align: justify;\"><span style=\"font-size: 14pt;\">Mia\u0142 by\u0107 dom na wsi. Z dusz\u0105. Nie nowobudowany, z nowoczesnego projektu, obsadzony naoko\u0142o iglakami i r\u00f3\u017canecznikami (sk\u0105din\u0105d r\u00f3wnie\u017c pi\u0119knymi). Mia\u0142 by\u0107 stary. Z histori\u0105, pi\u0119knym ogrodem, warzywnikiem i sadem. I jest! Ale st\u0105d jeszcze daleka przed nami droga..<\/span><\/p>\n<h3><strong>Przemiany i Pierwsze Krok w Ogrodzie<a href=\"https:\/\/rozaria.pl\/blog\/wp-content\/uploads\/2021\/01\/roza_w_ogrodzie-rotated-e1609535263794.jpg\"><img loading=\"lazy\" decoding=\"async\" class=\"wp-image-4363 size-medium alignleft\" src=\"https:\/\/rozaria.pl\/blog\/wp-content\/uploads\/2021\/01\/roza_w_ogrodzie-rotated-e1609535263794-169x300.jpg\" alt=\"dom w r\u00f3\u017cach\" width=\"169\" height=\"300\" srcset=\"https:\/\/rozaria.pl\/blog\/wp-content\/uploads\/2021\/01\/roza_w_ogrodzie-rotated-e1609535263794-84x150.jpg 84w, https:\/\/rozaria.pl\/blog\/wp-content\/uploads\/2021\/01\/roza_w_ogrodzie-rotated-e1609535263794-169x300.jpg 169w, https:\/\/rozaria.pl\/blog\/wp-content\/uploads\/2021\/01\/roza_w_ogrodzie-rotated-e1609535263794-200x356.jpg 200w, https:\/\/rozaria.pl\/blog\/wp-content\/uploads\/2021\/01\/roza_w_ogrodzie-rotated-e1609535263794-400x711.jpg 400w, https:\/\/rozaria.pl\/blog\/wp-content\/uploads\/2021\/01\/roza_w_ogrodzie-rotated-e1609535263794.jpg 567w\" sizes=\"(max-width: 169px) 100vw, 169px\" \/><\/a><\/strong><\/h3>\n<p><a href=\"https:\/\/rozaria.pl\/blog\/wp-content\/uploads\/2021\/01\/pielegnacja_rozy-rotated-e1609535326212.jpg\"><img loading=\"lazy\" decoding=\"async\" class=\"alignleft wp-image-4361 size-medium\" src=\"https:\/\/rozaria.pl\/blog\/wp-content\/uploads\/2021\/01\/pielegnacja_rozy-rotated-e1609535326212-169x300.jpg\" alt=\"piel\u0119gnacja r\u00f3\u017cy\" width=\"169\" height=\"300\" srcset=\"https:\/\/rozaria.pl\/blog\/wp-content\/uploads\/2021\/01\/pielegnacja_rozy-rotated-e1609535326212-84x150.jpg 84w, https:\/\/rozaria.pl\/blog\/wp-content\/uploads\/2021\/01\/pielegnacja_rozy-rotated-e1609535326212-169x300.jpg 169w, https:\/\/rozaria.pl\/blog\/wp-content\/uploads\/2021\/01\/pielegnacja_rozy-rotated-e1609535326212-200x356.jpg 200w, https:\/\/rozaria.pl\/blog\/wp-content\/uploads\/2021\/01\/pielegnacja_rozy-rotated-e1609535326212-400x711.jpg 400w, https:\/\/rozaria.pl\/blog\/wp-content\/uploads\/2021\/01\/pielegnacja_rozy-rotated-e1609535326212.jpg 567w\" sizes=\"(max-width: 169px) 100vw, 169px\" \/><\/a><\/p>\n<p style=\"text-align: justify;\"><span style=\"font-size: 14pt;\">W domu, niestety, jeszcze nie wszystko jest tak, jak by si\u0119 chcia\u0142o i jak by\u0107 powinno. Kuchni\u0119, mimo \u017ce mieszkamy tu ju\u017c od 7 lat, oddali\u015bmy do u\u017cytku dopiero kilka miesi\u0105ce temu. C\u00f3\u017c, co\u015b za co\u015b &#8211; wszystkiego na raz si\u0119 nie uda zrobi\u0107. Ogr\u00f3d za to kwitnie &#8211; dos\u0142ownie. Z niecierpliwo\u015bci\u0105 czekamy na pierwszy powiew wiosny, \u017ceby zacz\u0105\u0107 kolejne w nim zmiany.<\/span><\/p>\n<h3><strong>Dom w r\u00f3\u017cach nie w pokrzywach\u00a0<\/strong><\/h3>\n<p style=\"text-align: justify;\"><span style=\"font-size: 14pt;\">Chyba nie ma centymetra ziemi na naszej &#8220;posiad\u0142o\u015bci&#8221;, kt\u00f3ry nie zosta\u0142by w jaki\u015b spos\u00f3b przez nas dotkni\u0119ty i zaopiekowany. Stare, zdzicza\u0142e drzewa owocowe zosta\u0142y usuni\u0119te, a na ich miejsce posadzone nowe, m\u0142odziutkie, dopiero co zaczynaj\u0105ce wyci\u0105ga\u0107 swe ramiona do s\u0142o\u0144ca. Mamy nadziej\u0119, \u017ce za jaki\u015b czas (oby nie za d\u0142ugi) b\u0119d\u0105 ugina\u0142y si\u0119 od pi\u0119knych, dorodnych owoc\u00f3w.<\/span><\/p>\n<p><a href=\"https:\/\/rozaria.pl\/blog\/wp-content\/uploads\/2021\/01\/pielegnacja_roz-rotated-e1609535341577.jpg\"><img loading=\"lazy\" decoding=\"async\" class=\"alignleft wp-image-4360 size-medium\" src=\"https:\/\/rozaria.pl\/blog\/wp-content\/uploads\/2021\/01\/pielegnacja_roz-rotated-e1609535341577-169x300.jpg\" alt=\"piel\u0119gnacja r\u00f3\u017c w r\u00f3\u017cach\" width=\"169\" height=\"300\" srcset=\"https:\/\/rozaria.pl\/blog\/wp-content\/uploads\/2021\/01\/pielegnacja_roz-rotated-e1609535341577-84x150.jpg 84w, https:\/\/rozaria.pl\/blog\/wp-content\/uploads\/2021\/01\/pielegnacja_roz-rotated-e1609535341577-169x300.jpg 169w, https:\/\/rozaria.pl\/blog\/wp-content\/uploads\/2021\/01\/pielegnacja_roz-rotated-e1609535341577-200x356.jpg 200w, https:\/\/rozaria.pl\/blog\/wp-content\/uploads\/2021\/01\/pielegnacja_roz-rotated-e1609535341577-400x711.jpg 400w, https:\/\/rozaria.pl\/blog\/wp-content\/uploads\/2021\/01\/pielegnacja_roz-rotated-e1609535341577.jpg 567w\" sizes=\"(max-width: 169px) 100vw, 169px\" \/><\/a> <a href=\"https:\/\/rozaria.pl\/blog\/wp-content\/uploads\/2021\/01\/pielebnowanie_rozy-rotated-e1609535386326.jpg\"><img loading=\"lazy\" decoding=\"async\" class=\"alignleft wp-image-4359 size-medium\" src=\"https:\/\/rozaria.pl\/blog\/wp-content\/uploads\/2021\/01\/pielebnowanie_rozy-rotated-e1609535386326-169x300.jpg\" alt=\"piel\u0119gnowanie r\u00f3\u017cy dom w r\u00f3\u017cach\" width=\"169\" height=\"300\" srcset=\"https:\/\/rozaria.pl\/blog\/wp-content\/uploads\/2021\/01\/pielebnowanie_rozy-rotated-e1609535386326-84x150.jpg 84w, https:\/\/rozaria.pl\/blog\/wp-content\/uploads\/2021\/01\/pielebnowanie_rozy-rotated-e1609535386326-169x300.jpg 169w, https:\/\/rozaria.pl\/blog\/wp-content\/uploads\/2021\/01\/pielebnowanie_rozy-rotated-e1609535386326-200x356.jpg 200w, https:\/\/rozaria.pl\/blog\/wp-content\/uploads\/2021\/01\/pielebnowanie_rozy-rotated-e1609535386326-400x711.jpg 400w, https:\/\/rozaria.pl\/blog\/wp-content\/uploads\/2021\/01\/pielebnowanie_rozy-rotated-e1609535386326.jpg 567w\" sizes=\"(max-width: 169px) 100vw, 169px\" \/><\/a><\/p>\n<p style=\"text-align: justify;\"><span style=\"font-size: 14pt;\">A pocz\u0105tki&#8230; Nie by\u0142o \u0142atwo. Spora dzia\u0142ka doko\u0142a domu i wspania\u0142a plantacja pokrzyw wysokopiennych. Od czego zacz\u0105\u0107? Gdzie najpierw w\u0142o\u017cy\u0107 r\u0119ce? Kt\u00f3ry zak\u0105tek ogrodu najbardziej zas\u0142uguje na to, by zaj\u0105\u0107 si\u0119 nim w pierwszej kolejno\u015bci? Trudna decyzja.<\/span><\/p>\n<h2><strong>Spotkanie z Kr\u00f3low\u0105 Ogrodu<a href=\"https:\/\/rozaria.pl\/blog\/wp-content\/uploads\/2021\/01\/piekne_roze-rotated-e1609535398433.jpg\"><img loading=\"lazy\" decoding=\"async\" class=\"size-medium wp-image-4358 alignright\" src=\"https:\/\/rozaria.pl\/blog\/wp-content\/uploads\/2021\/01\/piekne_roze-rotated-e1609535398433-169x300.jpg\" alt=\"pi\u0119kne r\u00f3\u017ce\" width=\"169\" height=\"300\" srcset=\"https:\/\/rozaria.pl\/blog\/wp-content\/uploads\/2021\/01\/piekne_roze-rotated-e1609535398433-84x150.jpg 84w, https:\/\/rozaria.pl\/blog\/wp-content\/uploads\/2021\/01\/piekne_roze-rotated-e1609535398433-169x300.jpg 169w, https:\/\/rozaria.pl\/blog\/wp-content\/uploads\/2021\/01\/piekne_roze-rotated-e1609535398433-200x356.jpg 200w, https:\/\/rozaria.pl\/blog\/wp-content\/uploads\/2021\/01\/piekne_roze-rotated-e1609535398433-400x711.jpg 400w, https:\/\/rozaria.pl\/blog\/wp-content\/uploads\/2021\/01\/piekne_roze-rotated-e1609535398433.jpg 567w\" sizes=\"(max-width: 169px) 100vw, 169px\" \/><\/a><\/strong><\/h2>\n<p style=\"text-align: justify;\"><span style=\"font-size: 14pt;\">Jednak od samego pocz\u0105tku by\u0142 w tym zaniedbanym, przez wiele lat nie dotykanym ludzk\u0105 r\u0119k\u0105 ogrodzie punkt \u2013 \u015brodek ca\u0142ego ogrodowego wszech\u015bwiata&#8230; ONA&#8230; Wyrastaj\u0105ca wysoko ponad pokrzywy&#8230; Cho\u0107 wida\u0107 po niej wiek, nadal zachwycaj\u0105ca sw\u0105 urod\u0105. R\u00d3\u017bA!<\/span><\/p>\n<p style=\"text-align: justify;\"><span style=\"font-size: 14pt;\">Jaka to odmiana? Nikt nie wie. By\u0142a tu zawsze. Co roku wyci\u0105ga do s\u0142o\u0144ca swoje pi\u0119kne ramiona zwie\u0144czone subtelnie r\u00f3\u017cowymi kwiatami. Gdy ka\u017cdego roku nadchodzi ten czas, gdy zaczyna kwitn\u0105\u0107, nie spos\u00f3b jej zatrzyma\u0107. Przez ca\u0142e lato rozwijaj\u0105 p\u0105k za p\u0119kiem, przyci\u0105gaj\u0105c wzrok ka\u017cdego, kto znajdzie si\u0119 w jej pobli\u017cu. Pierwsze przymrozki? Ona si\u0119 ich nie boi. Kwitnie nadal. Co z tego, \u017ce ju\u017c koniec pa\u017adziernika? Pocz\u0105tek listopada? Na niej nie robi to \u017cadnego wra\u017cenia. Dumnie wznosi oblicze do ostatnich promieni coraz ch\u0142odniejszego o tej porze roku s\u0142o\u0144ca i cieszy oko swymi kwiatami. Dopiero wi\u0119kszy mr\u00f3z potrafi j\u0105 sk\u0142oni\u0107 do zimowego odpoczynku.<\/span><\/p>\n<p style=\"text-align: justify;\"><span style=\"font-size: 14pt;\">Zatem mamy nasz pocz\u0105tek! Ju\u017c wiemy, jak b\u0119dzie wygl\u0105da\u0142 nasz ogr\u00f3d! To ONA wyznaczy\u0142a nam drog\u0119.<\/span><\/p>\n<h2><strong>Dom w r\u00f3\u017cach\u00a0 to\u00a0 nasz\u00a0 kierunek <a href=\"https:\/\/rozaria.pl\/blog\/wp-content\/uploads\/2021\/01\/roze_w_ogrodzie-scaled.jpg\"><img loading=\"lazy\" decoding=\"async\" class=\"alignleft wp-image-4364 size-medium\" src=\"https:\/\/rozaria.pl\/blog\/wp-content\/uploads\/2021\/01\/roze_w_ogrodzie-169x300.jpg\" alt=\"dom w r\u00f3\u017cach\" width=\"169\" height=\"300\" srcset=\"https:\/\/rozaria.pl\/blog\/wp-content\/uploads\/2021\/01\/roze_w_ogrodzie-84x150.jpg 84w, https:\/\/rozaria.pl\/blog\/wp-content\/uploads\/2021\/01\/roze_w_ogrodzie-169x300.jpg 169w, https:\/\/rozaria.pl\/blog\/wp-content\/uploads\/2021\/01\/roze_w_ogrodzie-200x356.jpg 200w, https:\/\/rozaria.pl\/blog\/wp-content\/uploads\/2021\/01\/roze_w_ogrodzie-400x711.jpg 400w, https:\/\/rozaria.pl\/blog\/wp-content\/uploads\/2021\/01\/roze_w_ogrodzie-576x1024.jpg 576w, https:\/\/rozaria.pl\/blog\/wp-content\/uploads\/2021\/01\/roze_w_ogrodzie-600x1067.jpg 600w, https:\/\/rozaria.pl\/blog\/wp-content\/uploads\/2021\/01\/roze_w_ogrodzie-768x1365.jpg 768w, https:\/\/rozaria.pl\/blog\/wp-content\/uploads\/2021\/01\/roze_w_ogrodzie-800x1422.jpg 800w, https:\/\/rozaria.pl\/blog\/wp-content\/uploads\/2021\/01\/roze_w_ogrodzie-864x1536.jpg 864w, https:\/\/rozaria.pl\/blog\/wp-content\/uploads\/2021\/01\/roze_w_ogrodzie-1152x2048.jpg 1152w, https:\/\/rozaria.pl\/blog\/wp-content\/uploads\/2021\/01\/roze_w_ogrodzie-1200x2133.jpg 1200w, https:\/\/rozaria.pl\/blog\/wp-content\/uploads\/2021\/01\/roze_w_ogrodzie-scaled.jpg 1440w\" sizes=\"(max-width: 169px) 100vw, 169px\" \/><\/a><\/strong><\/h2>\n<p style=\"text-align: justify;\"><span style=\"font-size: 14pt;\">Pi\u0119kno lubi towarzystwo pi\u0119kna, dlatego nie mo\u017cna poprzesta\u0107 na jednym zjawiskowym elemencie ogrodu. W zwi\u0105zku z tym do Kr\u00f3lowej do\u0142\u0105czy\u0142y towarzyszki. W niedalekim s\u0105siedztwie zadomowi\u0142y si\u0119 inne okazy r\u00f3\u017c: pn\u0105ce zasiedli\u0142y wej\u015bcie do domu od strony ogrodu, tu\u017c przy nich rozsiad\u0142y si\u0119 inne, ni\u017csze odmiany tych pi\u0119knych kwiat\u00f3w.<\/span><\/p>\n<h3><strong>R\u00f3\u017ce i Winoro\u015bl &#8211; Doskona\u0142a Kompozycja<\/strong><\/h3>\n<p style=\"text-align: justify;\"><span style=\"font-size: 14pt;\">Kilkadziesi\u0105t metr\u00f3w od domu powsta\u0142a kolejna rabata z r\u00f3\u017cami &#8211; dodaj\u0105ca szyku i elegancji niewielkiej winnicy. W tym miejscu r\u00f3\u017ce otrzyma\u0142y dodatkowe zadanie: ich celem ma by\u0107 nie tylko pi\u0119knie wygl\u0105da\u0107, ale maj\u0105 stanowi\u0107 ochron\u0119 winoro\u015bli. Jest doprawdy cudownie! Winoro\u015bl i r\u00f3\u017ce &#8211; wspaniali przyjaciele.<\/span><\/p>\n<h3><strong>R\u00f3\u017ce i Ich Wierni Towarzysze<a href=\"https:\/\/rozaria.pl\/blog\/wp-content\/uploads\/2021\/01\/piekna_roza-rotated-e1609535425408.jpg\"><img loading=\"lazy\" decoding=\"async\" class=\"alignleft wp-image-4357 size-medium\" src=\"https:\/\/rozaria.pl\/blog\/wp-content\/uploads\/2021\/01\/piekna_roza-rotated-e1609535425408-169x300.jpg\" alt=\"dom w r\u00f3\u017cach\" width=\"169\" height=\"300\" srcset=\"https:\/\/rozaria.pl\/blog\/wp-content\/uploads\/2021\/01\/piekna_roza-rotated-e1609535425408-84x150.jpg 84w, https:\/\/rozaria.pl\/blog\/wp-content\/uploads\/2021\/01\/piekna_roza-rotated-e1609535425408-169x300.jpg 169w, https:\/\/rozaria.pl\/blog\/wp-content\/uploads\/2021\/01\/piekna_roza-rotated-e1609535425408-200x356.jpg 200w, https:\/\/rozaria.pl\/blog\/wp-content\/uploads\/2021\/01\/piekna_roza-rotated-e1609535425408-400x711.jpg 400w, https:\/\/rozaria.pl\/blog\/wp-content\/uploads\/2021\/01\/piekna_roza-rotated-e1609535425408.jpg 567w\" sizes=\"(max-width: 169px) 100vw, 169px\" \/><\/a><\/strong><\/h3>\n<p style=\"text-align: justify;\"><span style=\"font-size: 14pt;\">R\u00f3\u017ce, cho\u0107 same w sobie pi\u0119kne, lubi\u0105 towarzystwo innych, jednak mniej strojnych kwiat\u00f3w. Przecie\u017c nie mo\u017cna przy\u0107mi\u0107 urody r\u00f3\u017c. Co b\u0119dzie, je\u015bli dw\u00f3r kr\u00f3lewski zostanie ura\u017cony? Zapad\u0142a decyzja: wok\u00f3\u0142 r\u00f3\u017c pos\u0142ug\u0119 dope\u0142niaj\u0105cych towarzyszy pe\u0142ni\u0107 b\u0119dzie lawenda. Razem \u015bwietnie si\u0119 rozumiej\u0105 i uzupe\u0142niaj\u0105 \u2013 strzeliste p\u0119dy r\u00f3\u017c, zwie\u0144czone pi\u0119knym kwiatem lub ich bukietem i niewymuszony urok ni\u017cszej roz\u0142o\u017cystej lawendy. To widok nieprzeci\u0119tny, a i pszczo\u0142y i inne owady szalej\u0105 z rado\u015bci.<\/span><\/p>\n<h2><strong>R\u00f3\u017ce w Oczekiwaniu na Nowy Sezon<\/strong><\/h2>\n<p style=\"text-align: justify;\"><span style=\"font-size: 14pt;\">Czasem r\u00f3\u017ca \u2013 jak to przedstawicielka wy\u017cszych sfer &#8211; zaczyna kaprysi\u0107. A to pogoda nie ta, a to za ma\u0142o wody, a to jej za du\u017co&#8230; &#8220;S\u0142o\u0144ca potrzebuj\u0119!&#8221; A innym zn\u00f3w razem: &#8220;Kocham s\u0142o\u0144ce, ale ju\u017c go troch\u0119 za wiele&#8221;. Czasem zdawa\u0142oby si\u0119, \u017ce wo\u0142a: &#8220;Nie za ma\u0142o tego nawozu? G\u0142odna jestem!&#8221;. I jak tu dogodzi\u0107 ja\u015bnie paniom? Jednak na og\u00f3\u0142, mimo \u017ce natura wyposa\u017cy\u0142a je w kolce, s\u0105 przyjazne dla otoczenia\u00a0 i obdarzaj\u0105 wszystkich swym urokiem.<\/span><\/p>\n<p style=\"text-align: justify;\"><span style=\"font-size: 14pt;\">Wy\u017csze sfery potrzebuj\u0105 zainteresowania, dba\u0142o\u015bci o nie, czasem znacznej uwagi, wr\u0119cz blasku fleszy. Ale czasem potrzebuj\u0105 ciszy, spokoju, nie znosz\u0105 natr\u0119ctwa. R\u00f3\u017ce trzeba rozumie\u0107, wtedy odwzajemni\u0105 si\u0119 pi\u0119knymi kwiatami, zdrowymi b\u0142yszcz\u0105cymi li\u015b\u0107mi i ciesz\u0105 oko przez wiele, wiele lat.<\/span><\/p>\n<h3>Nasza Kr\u00f3lowa Ogrodu w R\u00f3\u017cach<\/h3>\n<p style=\"text-align: justify;\"><span style=\"font-size: 14pt;\">Ciekawi jeste\u015bmy ile lat ma nasza przewodniczka po \u015bwiecie r\u00f3\u017canym &#8211; okaz, kt\u00f3ry zastali\u015bmy, przeprowadzaj\u0105c si\u0119 do naszego nowego domu i ogrodu. Kilkadziesi\u0105t na pewno. Niewiele ro\u015blin &#8211; pomijaj\u0105c oczywi\u015bcie drzewa &#8211; mo\u017ce poszczyci\u0107 si\u0119 tak\u0105 d\u0142ugowieczno\u015bci\u0105. A przy tym tak wygl\u0105da\u0107! Czyta\u0142am o pasjonacie r\u00f3\u017c, kt\u00f3rego okazy mia\u0142y po 75 lat! A wygl\u0105daj\u0105 jakby zosta\u0142y posadzone kilka lat temu. Kt\u00f3ra\u017c kobieta nie b\u0119dzie zazdro\u015bci\u0107 r\u00f3\u017com? No bo, drogie panie, czy w wieku 75 lat kt\u00f3rakolwiek z nas mo\u017ce poszczyci\u0107 si\u0119 takim aksamitem sk\u00f3ry, jak r\u00f3\u017ce swymi cudnymi p\u0142atkami? Kt\u00f3ra z nas z wieloletnim baga\u017cem do\u015bwiadcze\u0144 b\u0119dzie dumnie pr\u0119\u017cy\u0107 si\u0119 do s\u0142o\u0144ca, niejako zach\u0119caj\u0105c: patrzcie na mnie! Wprawdzie mam znacznie mniej lat ni\u017c wspomniane r\u00f3\u017ce, ale cz\u0119sto mam ochot\u0119 schowa\u0107 si\u0119 do mysiej dziury, bo jak patrz\u0119 na siebie w lutrze, to mam ochot\u0119 pa\u015b\u0107 trupem.<\/span><\/p>\n<p style=\"text-align: justify;\"><span style=\"font-size: 14pt;\">Z r\u00f3\u017cami jest zupe\u0142nie inaczej. One chc\u0105, \u017ceby na nie patrze\u0107, domagaj\u0105 si\u0119 tego. C\u00f3\u017c, w ko\u0144cu to najwy\u017csze sfery w\u015br\u00f3d ro\u015blin.<\/span><\/p>\n<p><strong>Dom w r\u00f3\u017cach &#8211;\u00a0 duma i wyzwanie w nowych sezonach<\/strong><\/p>\n<p style=\"text-align: justify;\"><span style=\"font-size: 14pt;\">Kolejny sezon przed nami. Czas zadba\u0107 o kr\u00f3low\u0105 ogrodu i jej wierne towarzyszki, aby kolejny rok cieszy\u0142y nasze oko. Jaki b\u0119dzie kolejny sezon? Czy r\u00f3\u017ca b\u0119dzie kaprysi\u0107, czy jednak swoim zwyczajem poka\u017ce ca\u0142e swoje pi\u0119kno? Ju\u017c nie mog\u0119 si\u0119 doczeka\u0107, aby si\u0119 o tym przekona\u0107. Jedno jest pewne: kr\u00f3lowa poka\u017ce, \u017ce ona tu rz\u0105dzi!<\/span><\/p>\n<p style=\"text-align: justify;\"><span style=\"font-size: 14pt;\">Ewa G\u0142ogowska<\/span><\/p>\n<p>&nbsp;<\/p>\n","protected":false},"excerpt":{"rendered":"<p>Wprowadzenie do \u015awiata Naszego Domu w R\u00f3\u017cach Dom w r\u00f3\u017cach to marzenie wielu ogrodnik\u00f3w i mi\u0142o\u015bnik\u00f3w pi\u0119kna, kt\u00f3rzy pragn\u0105 otoczy\u0107 swoje miejsce zamieszkania zapieraj\u0105cym dech w piersiach kwiatowym rajem. R\u00f3\u017ce, symbolizuj\u0105ce mi\u0142o\u015b\u0107, pi\u0119kno i pasj\u0119, mog\u0105 przemieni\u0107 ka\u017cdy ogr\u00f3d, taras [&hellip;]<\/p>\n","protected":false},"author":11,"featured_media":5402,"comment_status":"open","ping_status":"open","sticky":false,"template":"","format":"standard","meta":{"_mi_skip_tracking":false,"_monsterinsights_sitenote_active":false,"_monsterinsights_sitenote_note":"","_monsterinsights_sitenote_category":0,"footnotes":""},"categories":[111],"tags":[],"yoast_head":"<!-- This site is optimized with the Yoast SEO plugin v23.5 - https:\/\/yoast.com\/wordpress\/plugins\/seo\/ -->\n<title>DOM W R\u00d3\u017bACHDom w r\u00f3\u017cach - blog Rozaria.pl<\/title>\n<meta name=\"description\" content=\"Dom w r\u00f3\u017cach to marzenie wielu ogrodnik\u00f3w i mi\u0142o\u015bnik\u00f3w pi\u0119kna, kt\u00f3rzy pragn\u0105 otoczy\u0107 swoje miejsce zamieszkania R\u00d3\u017bANYMI krzewami.\" \/>\n<meta name=\"robots\" content=\"index, follow, max-snippet:-1, max-image-preview:large, max-video-preview:-1\" \/>\n<link rel=\"canonical\" href=\"https:\/\/rozaria.pl\/blog\/ewa-mial-byc-dom-na-wsi\/\" \/>\n<meta property=\"og:locale\" content=\"pl_PL\" \/>\n<meta property=\"og:type\" content=\"article\" \/>\n<meta property=\"og:title\" content=\"DOM W R\u00d3\u017bACHDom w r\u00f3\u017cach - blog Rozaria.pl\" \/>\n<meta property=\"og:description\" content=\"Dom w r\u00f3\u017cach to marzenie wielu ogrodnik\u00f3w i mi\u0142o\u015bnik\u00f3w pi\u0119kna, kt\u00f3rzy pragn\u0105 otoczy\u0107 swoje miejsce zamieszkania R\u00d3\u017bANYMI krzewami.\" \/>\n<meta property=\"og:url\" content=\"https:\/\/rozaria.pl\/blog\/ewa-mial-byc-dom-na-wsi\/\" \/>\n<meta property=\"og:site_name\" content=\"blog Rozaria.pl\" \/>\n<meta property=\"article:publisher\" content=\"https:\/\/www.facebook.com\/SzkolkaRozRozaria\/\" \/>\n<meta property=\"article:published_time\" content=\"2021-01-01T21:11:56+00:00\" \/>\n<meta property=\"article:modified_time\" content=\"2024-02-20T09:42:43+00:00\" \/>\n<meta property=\"og:image\" content=\"https:\/\/rozaria.pl\/blog\/wp-content\/uploads\/2021\/01\/dom_w_rozach.jpg\" \/>\n\t<meta property=\"og:image:width\" content=\"800\" \/>\n\t<meta property=\"og:image:height\" content=\"800\" \/>\n\t<meta property=\"og:image:type\" content=\"image\/jpeg\" \/>\n<meta name=\"author\" content=\"Rozaria.pl\" \/>\n<meta name=\"twitter:card\" content=\"summary_large_image\" \/>\n<meta name=\"twitter:creator\" content=\"@SzkolkaRozaria\" \/>\n<meta name=\"twitter:site\" content=\"@SzkolkaRozaria\" \/>\n<meta name=\"twitter:label1\" content=\"Napisane przez\" \/>\n\t<meta name=\"twitter:data1\" content=\"Rozaria.pl\" \/>\n\t<meta name=\"twitter:label2\" content=\"Szacowany czas czytania\" \/>\n\t<meta name=\"twitter:data2\" content=\"8 minut\" \/>\n<script type=\"application\/ld+json\" class=\"yoast-schema-graph\">{\"@context\":\"https:\/\/schema.org\",\"@graph\":[{\"@type\":\"Article\",\"@id\":\"https:\/\/rozaria.pl\/blog\/ewa-mial-byc-dom-na-wsi\/#article\",\"isPartOf\":{\"@id\":\"https:\/\/rozaria.pl\/blog\/ewa-mial-byc-dom-na-wsi\/\"},\"author\":{\"name\":\"Rozaria.pl\",\"@id\":\"https:\/\/rozaria.pl\/blog\/#\/schema\/person\/e0b63ce2682f026a88828a7772e9ac22\"},\"headline\":\"Dom w r\u00f3\u017cach\",\"datePublished\":\"2021-01-01T21:11:56+00:00\",\"dateModified\":\"2024-02-20T09:42:43+00:00\",\"mainEntityOfPage\":{\"@id\":\"https:\/\/rozaria.pl\/blog\/ewa-mial-byc-dom-na-wsi\/\"},\"wordCount\":1229,\"commentCount\":0,\"publisher\":{\"@id\":\"https:\/\/rozaria.pl\/blog\/#organization\"},\"image\":{\"@id\":\"https:\/\/rozaria.pl\/blog\/ewa-mial-byc-dom-na-wsi\/#primaryimage\"},\"thumbnailUrl\":\"https:\/\/rozaria.pl\/blog\/wp-content\/uploads\/2021\/01\/dom_w_rozach.jpg\",\"articleSection\":[\"Historie\"],\"inLanguage\":\"pl-PL\",\"potentialAction\":[{\"@type\":\"CommentAction\",\"name\":\"Comment\",\"target\":[\"https:\/\/rozaria.pl\/blog\/ewa-mial-byc-dom-na-wsi\/#respond\"]}]},{\"@type\":\"WebPage\",\"@id\":\"https:\/\/rozaria.pl\/blog\/ewa-mial-byc-dom-na-wsi\/\",\"url\":\"https:\/\/rozaria.pl\/blog\/ewa-mial-byc-dom-na-wsi\/\",\"name\":\"DOM W R\u00d3\u017bACHDom w r\u00f3\u017cach - blog Rozaria.pl\",\"isPartOf\":{\"@id\":\"https:\/\/rozaria.pl\/blog\/#website\"},\"primaryImageOfPage\":{\"@id\":\"https:\/\/rozaria.pl\/blog\/ewa-mial-byc-dom-na-wsi\/#primaryimage\"},\"image\":{\"@id\":\"https:\/\/rozaria.pl\/blog\/ewa-mial-byc-dom-na-wsi\/#primaryimage\"},\"thumbnailUrl\":\"https:\/\/rozaria.pl\/blog\/wp-content\/uploads\/2021\/01\/dom_w_rozach.jpg\",\"datePublished\":\"2021-01-01T21:11:56+00:00\",\"dateModified\":\"2024-02-20T09:42:43+00:00\",\"description\":\"Dom w r\u00f3\u017cach to marzenie wielu ogrodnik\u00f3w i mi\u0142o\u015bnik\u00f3w pi\u0119kna, kt\u00f3rzy pragn\u0105 otoczy\u0107 swoje miejsce zamieszkania R\u00d3\u017bANYMI krzewami.\",\"breadcrumb\":{\"@id\":\"https:\/\/rozaria.pl\/blog\/ewa-mial-byc-dom-na-wsi\/#breadcrumb\"},\"inLanguage\":\"pl-PL\",\"potentialAction\":[{\"@type\":\"ReadAction\",\"target\":[\"https:\/\/rozaria.pl\/blog\/ewa-mial-byc-dom-na-wsi\/\"]}]},{\"@type\":\"ImageObject\",\"inLanguage\":\"pl-PL\",\"@id\":\"https:\/\/rozaria.pl\/blog\/ewa-mial-byc-dom-na-wsi\/#primaryimage\",\"url\":\"https:\/\/rozaria.pl\/blog\/wp-content\/uploads\/2021\/01\/dom_w_rozach.jpg\",\"contentUrl\":\"https:\/\/rozaria.pl\/blog\/wp-content\/uploads\/2021\/01\/dom_w_rozach.jpg\",\"width\":800,\"height\":800},{\"@type\":\"BreadcrumbList\",\"@id\":\"https:\/\/rozaria.pl\/blog\/ewa-mial-byc-dom-na-wsi\/#breadcrumb\",\"itemListElement\":[{\"@type\":\"ListItem\",\"position\":1,\"name\":\"Strona g\u0142\u00f3wna\",\"item\":\"https:\/\/rozaria.pl\/blog\/\"},{\"@type\":\"ListItem\",\"position\":2,\"name\":\"Dom w r\u00f3\u017cach\"}]},{\"@type\":\"WebSite\",\"@id\":\"https:\/\/rozaria.pl\/blog\/#website\",\"url\":\"https:\/\/rozaria.pl\/blog\/\",\"name\":\"blog Rozaria.pl\",\"description\":\"Porozmawiajmy o r\u00f3\u017cach, o wszystkich sprawach\",\"publisher\":{\"@id\":\"https:\/\/rozaria.pl\/blog\/#organization\"},\"potentialAction\":[{\"@type\":\"SearchAction\",\"target\":{\"@type\":\"EntryPoint\",\"urlTemplate\":\"https:\/\/rozaria.pl\/blog\/?s={search_term_string}\"},\"query-input\":{\"@type\":\"PropertyValueSpecification\",\"valueRequired\":true,\"valueName\":\"search_term_string\"}}],\"inLanguage\":\"pl-PL\"},{\"@type\":\"Organization\",\"@id\":\"https:\/\/rozaria.pl\/blog\/#organization\",\"name\":\"Szk\u00f3\u0142ka R\u00f3\u017c Rozaria\",\"url\":\"https:\/\/rozaria.pl\/blog\/\",\"logo\":{\"@type\":\"ImageObject\",\"inLanguage\":\"pl-PL\",\"@id\":\"https:\/\/rozaria.pl\/blog\/#\/schema\/logo\/image\/\",\"url\":\"https:\/\/rozaria.pl\/blog\/wp-content\/uploads\/2016\/12\/logo_dla-rozaria.png\",\"contentUrl\":\"https:\/\/rozaria.pl\/blog\/wp-content\/uploads\/2016\/12\/logo_dla-rozaria.png\",\"width\":400,\"height\":166,\"caption\":\"Szk\u00f3\u0142ka R\u00f3\u017c Rozaria\"},\"image\":{\"@id\":\"https:\/\/rozaria.pl\/blog\/#\/schema\/logo\/image\/\"},\"sameAs\":[\"https:\/\/www.facebook.com\/SzkolkaRozRozaria\/\",\"https:\/\/x.com\/SzkolkaRozaria\",\"https:\/\/www.youtube.com\/channel\/UCguKKBc7F06eYM1tzYx1Z5A\"]},{\"@type\":\"Person\",\"@id\":\"https:\/\/rozaria.pl\/blog\/#\/schema\/person\/e0b63ce2682f026a88828a7772e9ac22\",\"name\":\"Rozaria.pl\",\"image\":{\"@type\":\"ImageObject\",\"inLanguage\":\"pl-PL\",\"@id\":\"https:\/\/rozaria.pl\/blog\/#\/schema\/person\/image\/\",\"url\":\"https:\/\/secure.gravatar.com\/avatar\/a617f0796bdf5b31b93d812b41809f25?s=96&d=mm&r=g\",\"contentUrl\":\"https:\/\/secure.gravatar.com\/avatar\/a617f0796bdf5b31b93d812b41809f25?s=96&d=mm&r=g\",\"caption\":\"Rozaria.pl\"},\"url\":\"https:\/\/rozaria.pl\/blog\/author\/pp\/\"}]}<\/script>\n<!-- \/ Yoast SEO plugin. -->","yoast_head_json":{"title":"DOM W R\u00d3\u017bACHDom w r\u00f3\u017cach - blog Rozaria.pl","description":"Dom w r\u00f3\u017cach to marzenie wielu ogrodnik\u00f3w i mi\u0142o\u015bnik\u00f3w pi\u0119kna, kt\u00f3rzy pragn\u0105 otoczy\u0107 swoje miejsce zamieszkania R\u00d3\u017bANYMI krzewami.","robots":{"index":"index","follow":"follow","max-snippet":"max-snippet:-1","max-image-preview":"max-image-preview:large","max-video-preview":"max-video-preview:-1"},"canonical":"https:\/\/rozaria.pl\/blog\/ewa-mial-byc-dom-na-wsi\/","og_locale":"pl_PL","og_type":"article","og_title":"DOM W R\u00d3\u017bACHDom w r\u00f3\u017cach - blog Rozaria.pl","og_description":"Dom w r\u00f3\u017cach to marzenie wielu ogrodnik\u00f3w i mi\u0142o\u015bnik\u00f3w pi\u0119kna, kt\u00f3rzy pragn\u0105 otoczy\u0107 swoje miejsce zamieszkania R\u00d3\u017bANYMI krzewami.","og_url":"https:\/\/rozaria.pl\/blog\/ewa-mial-byc-dom-na-wsi\/","og_site_name":"blog Rozaria.pl","article_publisher":"https:\/\/www.facebook.com\/SzkolkaRozRozaria\/","article_published_time":"2021-01-01T21:11:56+00:00","article_modified_time":"2024-02-20T09:42:43+00:00","og_image":[{"width":800,"height":800,"url":"https:\/\/rozaria.pl\/blog\/wp-content\/uploads\/2021\/01\/dom_w_rozach.jpg","type":"image\/jpeg"}],"author":"Rozaria.pl","twitter_card":"summary_large_image","twitter_creator":"@SzkolkaRozaria","twitter_site":"@SzkolkaRozaria","twitter_misc":{"Napisane przez":"Rozaria.pl","Szacowany czas czytania":"8 minut"},"schema":{"@context":"https:\/\/schema.org","@graph":[{"@type":"Article","@id":"https:\/\/rozaria.pl\/blog\/ewa-mial-byc-dom-na-wsi\/#article","isPartOf":{"@id":"https:\/\/rozaria.pl\/blog\/ewa-mial-byc-dom-na-wsi\/"},"author":{"name":"Rozaria.pl","@id":"https:\/\/rozaria.pl\/blog\/#\/schema\/person\/e0b63ce2682f026a88828a7772e9ac22"},"headline":"Dom w r\u00f3\u017cach","datePublished":"2021-01-01T21:11:56+00:00","dateModified":"2024-02-20T09:42:43+00:00","mainEntityOfPage":{"@id":"https:\/\/rozaria.pl\/blog\/ewa-mial-byc-dom-na-wsi\/"},"wordCount":1229,"commentCount":0,"publisher":{"@id":"https:\/\/rozaria.pl\/blog\/#organization"},"image":{"@id":"https:\/\/rozaria.pl\/blog\/ewa-mial-byc-dom-na-wsi\/#primaryimage"},"thumbnailUrl":"https:\/\/rozaria.pl\/blog\/wp-content\/uploads\/2021\/01\/dom_w_rozach.jpg","articleSection":["Historie"],"inLanguage":"pl-PL","potentialAction":[{"@type":"CommentAction","name":"Comment","target":["https:\/\/rozaria.pl\/blog\/ewa-mial-byc-dom-na-wsi\/#respond"]}]},{"@type":"WebPage","@id":"https:\/\/rozaria.pl\/blog\/ewa-mial-byc-dom-na-wsi\/","url":"https:\/\/rozaria.pl\/blog\/ewa-mial-byc-dom-na-wsi\/","name":"DOM W R\u00d3\u017bACHDom w r\u00f3\u017cach - blog Rozaria.pl","isPartOf":{"@id":"https:\/\/rozaria.pl\/blog\/#website"},"primaryImageOfPage":{"@id":"https:\/\/rozaria.pl\/blog\/ewa-mial-byc-dom-na-wsi\/#primaryimage"},"image":{"@id":"https:\/\/rozaria.pl\/blog\/ewa-mial-byc-dom-na-wsi\/#primaryimage"},"thumbnailUrl":"https:\/\/rozaria.pl\/blog\/wp-content\/uploads\/2021\/01\/dom_w_rozach.jpg","datePublished":"2021-01-01T21:11:56+00:00","dateModified":"2024-02-20T09:42:43+00:00","description":"Dom w r\u00f3\u017cach to marzenie wielu ogrodnik\u00f3w i mi\u0142o\u015bnik\u00f3w pi\u0119kna, kt\u00f3rzy pragn\u0105 otoczy\u0107 swoje miejsce zamieszkania R\u00d3\u017bANYMI krzewami.","breadcrumb":{"@id":"https:\/\/rozaria.pl\/blog\/ewa-mial-byc-dom-na-wsi\/#breadcrumb"},"inLanguage":"pl-PL","potentialAction":[{"@type":"ReadAction","target":["https:\/\/rozaria.pl\/blog\/ewa-mial-byc-dom-na-wsi\/"]}]},{"@type":"ImageObject","inLanguage":"pl-PL","@id":"https:\/\/rozaria.pl\/blog\/ewa-mial-byc-dom-na-wsi\/#primaryimage","url":"https:\/\/rozaria.pl\/blog\/wp-content\/uploads\/2021\/01\/dom_w_rozach.jpg","contentUrl":"https:\/\/rozaria.pl\/blog\/wp-content\/uploads\/2021\/01\/dom_w_rozach.jpg","width":800,"height":800},{"@type":"BreadcrumbList","@id":"https:\/\/rozaria.pl\/blog\/ewa-mial-byc-dom-na-wsi\/#breadcrumb","itemListElement":[{"@type":"ListItem","position":1,"name":"Strona g\u0142\u00f3wna","item":"https:\/\/rozaria.pl\/blog\/"},{"@type":"ListItem","position":2,"name":"Dom w r\u00f3\u017cach"}]},{"@type":"WebSite","@id":"https:\/\/rozaria.pl\/blog\/#website","url":"https:\/\/rozaria.pl\/blog\/","name":"blog Rozaria.pl","description":"Porozmawiajmy o r\u00f3\u017cach, o wszystkich sprawach","publisher":{"@id":"https:\/\/rozaria.pl\/blog\/#organization"},"potentialAction":[{"@type":"SearchAction","target":{"@type":"EntryPoint","urlTemplate":"https:\/\/rozaria.pl\/blog\/?s={search_term_string}"},"query-input":{"@type":"PropertyValueSpecification","valueRequired":true,"valueName":"search_term_string"}}],"inLanguage":"pl-PL"},{"@type":"Organization","@id":"https:\/\/rozaria.pl\/blog\/#organization","name":"Szk\u00f3\u0142ka R\u00f3\u017c Rozaria","url":"https:\/\/rozaria.pl\/blog\/","logo":{"@type":"ImageObject","inLanguage":"pl-PL","@id":"https:\/\/rozaria.pl\/blog\/#\/schema\/logo\/image\/","url":"https:\/\/rozaria.pl\/blog\/wp-content\/uploads\/2016\/12\/logo_dla-rozaria.png","contentUrl":"https:\/\/rozaria.pl\/blog\/wp-content\/uploads\/2016\/12\/logo_dla-rozaria.png","width":400,"height":166,"caption":"Szk\u00f3\u0142ka R\u00f3\u017c Rozaria"},"image":{"@id":"https:\/\/rozaria.pl\/blog\/#\/schema\/logo\/image\/"},"sameAs":["https:\/\/www.facebook.com\/SzkolkaRozRozaria\/","https:\/\/x.com\/SzkolkaRozaria","https:\/\/www.youtube.com\/channel\/UCguKKBc7F06eYM1tzYx1Z5A"]},{"@type":"Person","@id":"https:\/\/rozaria.pl\/blog\/#\/schema\/person\/e0b63ce2682f026a88828a7772e9ac22","name":"Rozaria.pl","image":{"@type":"ImageObject","inLanguage":"pl-PL","@id":"https:\/\/rozaria.pl\/blog\/#\/schema\/person\/image\/","url":"https:\/\/secure.gravatar.com\/avatar\/a617f0796bdf5b31b93d812b41809f25?s=96&d=mm&r=g","contentUrl":"https:\/\/secure.gravatar.com\/avatar\/a617f0796bdf5b31b93d812b41809f25?s=96&d=mm&r=g","caption":"Rozaria.pl"},"url":"https:\/\/rozaria.pl\/blog\/author\/pp\/"}]}},"_links":{"self":[{"href":"https:\/\/rozaria.pl\/blog\/wp-json\/wp\/v2\/posts\/4355"}],"collection":[{"href":"https:\/\/rozaria.pl\/blog\/wp-json\/wp\/v2\/posts"}],"about":[{"href":"https:\/\/rozaria.pl\/blog\/wp-json\/wp\/v2\/types\/post"}],"author":[{"embeddable":true,"href":"https:\/\/rozaria.pl\/blog\/wp-json\/wp\/v2\/users\/11"}],"replies":[{"embeddable":true,"href":"https:\/\/rozaria.pl\/blog\/wp-json\/wp\/v2\/comments?post=4355"}],"version-history":[{"count":13,"href":"https:\/\/rozaria.pl\/blog\/wp-json\/wp\/v2\/posts\/4355\/revisions"}],"predecessor-version":[{"id":5405,"href":"https:\/\/rozaria.pl\/blog\/wp-json\/wp\/v2\/posts\/4355\/revisions\/5405"}],"wp:featuredmedia":[{"embeddable":true,"href":"https:\/\/rozaria.pl\/blog\/wp-json\/wp\/v2\/media\/5402"}],"wp:attachment":[{"href":"https:\/\/rozaria.pl\/blog\/wp-json\/wp\/v2\/media?parent=4355"}],"wp:term":[{"taxonomy":"category","embeddable":true,"href":"https:\/\/rozaria.pl\/blog\/wp-json\/wp\/v2\/categories?post=4355"},{"taxonomy":"post_tag","embeddable":true,"href":"https:\/\/rozaria.pl\/blog\/wp-json\/wp\/v2\/tags?post=4355"}],"curies":[{"name":"wp","href":"https:\/\/api.w.org\/{rel}","templated":true}]}}