{"id":4342,"date":"2020-10-31T20:18:01","date_gmt":"2020-10-31T19:18:01","guid":{"rendered":"https:\/\/rozaria.pl\/blog\/?p=4342"},"modified":"2024-02-21T14:51:46","modified_gmt":"2024-02-21T13:51:46","slug":"rozane-wspomnienia","status":"publish","type":"post","link":"https:\/\/rozaria.pl\/blog\/rozane-wspomnienia\/","title":{"rendered":"R\u00f3\u017cane ogrody"},"content":{"rendered":"<h2>Moje R\u00f3\u017cane ogrody<\/h2>\n<p><span style=\"font-family: arial, helvetica, sans-serif; font-size: 14pt;\">&#8220;R\u00f3\u017cane ogrody&#8221; to opowie\u015b\u0107 o przemianie, marzeniach i mi\u0142o\u015bci do natury. Od pierwszych wyobra\u017ce\u0144 o tajemniczym ogrodzie, przez trud przej\u015bcia na emerytur\u0119, a\u017c po stworzenie w\u0142asnego, niezwyk\u0142ego ogrodu. To podr\u00f3\u017c przez \u017cycie pe\u0142ne pasji do ro\u015blin i kwiat\u00f3w, z r\u00f3\u017cami w roli g\u0142\u00f3wnej.<\/span><\/p>\n<h3>Wprowadzenie: Dzieci\u0119ce Marzenia i Tajemniczy Ogr\u00f3d <a href=\"https:\/\/rozaria.pl\/blog\/wp-content\/uploads\/2020\/10\/rozane_ogrody-3.jpg\"><img loading=\"lazy\" decoding=\"async\" class=\"size-medium wp-image-5436 alignright\" src=\"https:\/\/rozaria.pl\/blog\/wp-content\/uploads\/2020\/10\/rozane_ogrody-3-300x300.jpg\" alt=\"\" width=\"300\" height=\"300\" srcset=\"https:\/\/rozaria.pl\/blog\/wp-content\/uploads\/2020\/10\/rozane_ogrody-3-66x66.jpg 66w, https:\/\/rozaria.pl\/blog\/wp-content\/uploads\/2020\/10\/rozane_ogrody-3-150x150.jpg 150w, https:\/\/rozaria.pl\/blog\/wp-content\/uploads\/2020\/10\/rozane_ogrody-3-200x200.jpg 200w, https:\/\/rozaria.pl\/blog\/wp-content\/uploads\/2020\/10\/rozane_ogrody-3-300x300.jpg 300w, https:\/\/rozaria.pl\/blog\/wp-content\/uploads\/2020\/10\/rozane_ogrody-3-400x400.jpg 400w, https:\/\/rozaria.pl\/blog\/wp-content\/uploads\/2020\/10\/rozane_ogrody-3-600x600.jpg 600w, https:\/\/rozaria.pl\/blog\/wp-content\/uploads\/2020\/10\/rozane_ogrody-3-768x768.jpg 768w, https:\/\/rozaria.pl\/blog\/wp-content\/uploads\/2020\/10\/rozane_ogrody-3.jpg 800w\" sizes=\"(max-width: 300px) 100vw, 300px\" \/><\/a><\/h3>\n<p style=\"text-align: justify;\"><span style=\"font-family: Arial, serif; font-size: 14pt;\">Od dziecka marzy\u0142am o swoim niezwyk\u0142ym ogrodzie. Ci\u0105gle wyobra\u017ani\u0105 przenosi\u0142am si\u0119 do tajemniczego ogrodu Mary, ma\u0142ej dziewczynki, kt\u00f3ra dzi\u0119ki swej wra\u017cliwo\u015bci, mi\u0142o\u015bci do przyrody, uporowi, a tak\u017ce zabawnej przebieg\u0142o\u015bci, potrafi\u0142a wraz z przyjaci\u00f3\u0142mi w zapomnianym od lat ogrodzie przywr\u00f3ci\u0107 pi\u0119kno i rado\u015b\u0107 \u017cycia. Najbardziej urzek\u0142y mnie w nim r\u00f3\u017ce , g\u0142\u00f3wnie pn\u0105ce, kt\u00f3re tworzy\u0142y czaruj\u0105ce \u015bciany. By\u0142o jak w bajce. <\/span><\/p>\n<h3>Nowy Rozdzia\u0142: Od Nauczycielki do Ogrodniczki<\/h3>\n<p style=\"text-align: justify;\"><span style=\"font-family: Arial, serif; font-size: 14pt;\">Po przej\u015bciu na nauczycielsk\u0105 emerytur\u0119 postanowi\u0142am swe marzenia wprowadzi\u0107 do realu. Zamkn\u0119\u0142am jeden rozdzia\u0142 \u017cycia, a otworzy\u0142am drugi. By\u0142o to trudne przej\u015bcie, gdy\u017c praca w szkole przynosi\u0142a mi ogromn\u0105 rado\u015b\u0107 i satysfakcj\u0119. Przez 40 lat mia\u0142am wspania\u0142ych uczni\u00f3w. Jestem z nich bardzo dumna. Wszyscy wiedzieli, \u017ce kocham kwiaty. Mieli\u015bmy najpi\u0119kniejsz\u0105 klas\u0119 bogat\u0105 w r\u00f3\u017cnorodne ro\u015bliny. W\u015br\u00f3d nich dominowa\u0142a roz\u0142o\u017cysta chi\u0144ska r\u00f3\u017ca, kt\u00f3ra raz do roku zakwita\u0142a na czerwono. Wtedy w klasie na twarzach uczni\u00f3w pojawia\u0142a si\u0119 rado\u015b\u0107. Byli dumni, a zarazem zauroczeni jej wygl\u0105dem. Mieli przecie\u017c w jej piel\u0119gnacji sw\u00f3j udzia\u0142.<a href=\"https:\/\/rozaria.pl\/blog\/wp-content\/uploads\/2020\/10\/rozane_ogrody_odmiana_bonica_i_minerva.jpg\"><img loading=\"lazy\" decoding=\"async\" class=\"alignleft size-medium wp-image-5434\" src=\"https:\/\/rozaria.pl\/blog\/wp-content\/uploads\/2020\/10\/rozane_ogrody_odmiana_bonica_i_minerva-300x225.jpg\" alt=\"\" width=\"300\" height=\"225\" srcset=\"https:\/\/rozaria.pl\/blog\/wp-content\/uploads\/2020\/10\/rozane_ogrody_odmiana_bonica_i_minerva-150x113.jpg 150w, https:\/\/rozaria.pl\/blog\/wp-content\/uploads\/2020\/10\/rozane_ogrody_odmiana_bonica_i_minerva-200x150.jpg 200w, https:\/\/rozaria.pl\/blog\/wp-content\/uploads\/2020\/10\/rozane_ogrody_odmiana_bonica_i_minerva-300x225.jpg 300w, https:\/\/rozaria.pl\/blog\/wp-content\/uploads\/2020\/10\/rozane_ogrody_odmiana_bonica_i_minerva-400x300.jpg 400w, https:\/\/rozaria.pl\/blog\/wp-content\/uploads\/2020\/10\/rozane_ogrody_odmiana_bonica_i_minerva-600x450.jpg 600w, https:\/\/rozaria.pl\/blog\/wp-content\/uploads\/2020\/10\/rozane_ogrody_odmiana_bonica_i_minerva.jpg 640w\" sizes=\"(max-width: 300px) 100vw, 300px\" \/><\/a><\/span><\/p>\n<h2>Praca nad Ogrodem: Wyzwania i Satysfakcja<\/h2>\n<p style=\"text-align: justify;\"><span style=\"font-family: Arial, serif; font-size: 14pt;\">Swoje marzenia przenios\u0142am na Mazury, do miejsca odleg\u0142ego o ponad 300 kilometr\u00f3w od miejsca zamieszkania. To daleko jak na piel\u0119gnacj\u0119 ro\u015blin, drzew i krzew\u00f3w. Nie wiem, sk\u0105d wzi\u0119\u0142am tyle si\u0142, cierpliwo\u015bci i wytrwa\u0142o\u015bci, aby teren wok\u00f3\u0142 domu rodzinnego mego m\u0119\u017ca przywr\u00f3ci\u0107 do \u017cycia. Tworz\u0119 tam od kilku lat mini ogr\u00f3d botaniczny. Jeszcze przede mn\u0105 bardzo du\u017co pracy. Ciekawe pomys\u0142y wymagaj\u0105 przeanalizowania, gdy\u017c ka\u017cda ro\u015blina potrzebuje innego stanowiska. \u201eKawa\u0142ek po kawa\u0142ku ziemi\u0119 trzeba by\u0142o wydziera\u0107\u201d, poniewa\u017c od lat ten tren by\u0142 nieu\u017cywany. Mam ju\u017c ponad 2000 ro\u015blin. Praca nad nimi sprawia mi rado\u015b\u0107 i satysfakcj\u0119. Zm\u0119czenie odczuwam dopiero w drodze powrotnej na Podlasie. Odzwierciedleniem jest cz\u0119sto przytaczane wtedy powiedzonko m\u0119\u017ca: \u201eTo dziwne! Cieszymy si\u0119, \u017ce napracowali\u015bmy si\u0119!\u201d. Powa\u017cn\u0105, a zarazem nieocenion\u0105 rol\u0119 w realizacji mojego przedsi\u0119wzi\u0119cia odegrali i odgrywaj\u0105: m\u0105\u017c i wnuczka Zosia. Wsparcie mam te\u017c od dzieci i ich bliskich, szczeg\u00f3lnie podczas wakacji. <\/span><\/p>\n<h2>R\u00f3\u017cane Ogrody Sercem Dzia\u0142ki<\/h2>\n<p style=\"text-align: justify;\"><span style=\"font-family: Arial, serif; font-size: 14pt;\">W moim mini ogrodzie szczeg\u00f3lne miejsce zajmuje <span style=\"text-decoration: underline;\"><em>ogr\u00f3d r\u00f3\u017cany<\/em><\/span>. Tworz\u0105 one niezwyk\u0142e barwne kr\u0119gi. Wewn\u0105trz nich altana z ogromnymi pniami do siedzenia. Po\u015brodku okr\u0105g\u0142y st\u00f3\u0142 z pnia. W tym miejscu panuje niezwyk\u0142a atmosfera. Siedz\u0105cych przyci\u0105gaj\u0105 <a href=\"https:\/\/rozaria.pl\/\">r\u00f3\u017cne gatunki r\u00f3\u017c<\/a>, szczeg\u00f3lnie wtedy, kiedy rozwijaj\u0105 swoje p\u0105ki. Ich zapach wp\u0142ywa na logiczne my\u015blenie i zachowanie odwiedzaj\u0105cych go\u015bci. Sprawiaj\u0105 te\u017c, \u017ce z ich wn\u0119trza emanuje dobro\u0107, wra\u017cliwo\u015b\u0107. <\/span><\/p>\n<h3>\u00a0Osobiste Akcenty w Ogrodzie<\/h3>\n<p style=\"text-align: justify;\"><span style=\"font-family: Arial, serif; font-size: 14pt;\">Twarze rodzinki promieniej\u0105 z zachwytu. W tym ogrodzie cz\u0119\u015b\u0107 r\u00f3\u017c otrzyma\u0142a imiona. Na ten pomys\u0142 wpad\u0142a wnuczka, kt\u00f3ra od uko\u0144czenia p\u00f3\u0142tora roku uwielbia przebywa\u0107 na Mazurach. Wed\u0142ug niej to najpi\u0119kniejsze miejsce na Ziemi, pomimo, \u017ce pochodzi z du\u017cego niezwyk\u0142ego miasta. Tutaj nauczy\u0142a si\u0119 dostrzega\u0107 pi\u0119kno przyrody: kwiaty, krzewy, ptaki, owady. Rado\u015b\u0107 sprawia\u0142o jej dotykanie, nadawanie imion \u017cabom, konikom polnym\u2026 <\/span><\/p>\n<h3>R\u00f3\u017cane Imiona w R\u00f3\u017canym Ogrodzie<\/h3>\n<p style=\"text-align: justify;\"><span style=\"font-family: Arial, serif; font-size: 14pt;\">Dziewczynka uwielbia przebywa\u0107 w ogrodzie r\u00f3\u017canym i pa\u0142aszowa\u0107 lody. Ro\u015bnie tam jej imienniczka Zosia. To przepi\u0119kna r\u00f3\u017ca o kolorach t\u0119czy. Dba o ni\u0105 szczeg\u00f3lnie. Chwali si\u0119 przed znajomymi, \u017ce to ona j\u0105 posadzi\u0142a i piel\u0119gnuje. Obok umie\u015bci\u0142a podobn\u0105 dla babci. Obie s\u0105 pi\u0119kne, delikatne i subtelne. Nie zapomnia\u0142a te\u017c o swojej mamie. R\u00f3\u017ca o niebieskich barwach podbi\u0142a jej serce. Moj\u0105 najwi\u0119ksz\u0105 uwag\u0119 przyci\u0105gaj\u0105 r\u00f3\u017ce <a href=\"https:\/\/rozaria.pl\/roze-herbaciane\">herbaciane<\/a> oraz <a href=\"https:\/\/rozaria.pl\/roze-czarne\">czarne<\/a>. Pierwsze czaruj\u0105 zapachem, s\u0105 oznak\u0105 szacunku i elegancji. Z kolei drugie stwarzaj\u0105 niezwyk\u0142\u0105 atmosfer\u0119, pe\u0142n\u0105 tajemniczo\u015bci. Ogr\u00f3d r\u00f3\u017cany nie jest jedynym miejscem tych ro\u015blin. Pojawiaj\u0105 si\u0119 jeszcze w s\u0105siedztwie domu parami lub pojedynczo. S\u0105 r\u00f3\u017cne, gdy\u017c ka\u017cda odmiana wymaga innego stanowiska. Ko\u0142o mieszkania na wzniesieniu otoczonym pi\u0119knymi kamieniami ro\u015bnie od dawna \u017c\u00f3\u0142ta r\u00f3\u017ca. Jest symbolem troski, przyja\u017ani, a od o\u015bmiu lat prawdziwej mi\u0142o\u015bci, niezwyk\u0142ego pi\u0119kna oraz uczu\u0107 wyznawanych przez czteroletni\u0105 dziewczynk\u0119.<\/span><\/p>\n<p><a style=\"font-family: Arial, serif; font-size: 18.6667px; text-align: justify;\" href=\"https:\/\/rozaria.pl\/blog\/wp-content\/uploads\/2020\/10\/ogrod_roz.jpg\"><img loading=\"lazy\" decoding=\"async\" class=\"alignleft wp-image-4343 size-medium\" src=\"https:\/\/rozaria.pl\/blog\/wp-content\/uploads\/2020\/10\/ogrod_roz-300x215.jpg\" alt=\"r\u00f3\u017cane ogrody\" width=\"300\" height=\"215\" srcset=\"https:\/\/rozaria.pl\/blog\/wp-content\/uploads\/2020\/10\/ogrod_roz-150x108.jpg 150w, https:\/\/rozaria.pl\/blog\/wp-content\/uploads\/2020\/10\/ogrod_roz-200x143.jpg 200w, https:\/\/rozaria.pl\/blog\/wp-content\/uploads\/2020\/10\/ogrod_roz-300x214.jpg 300w, https:\/\/rozaria.pl\/blog\/wp-content\/uploads\/2020\/10\/ogrod_roz-400x287.jpg 400w, https:\/\/rozaria.pl\/blog\/wp-content\/uploads\/2020\/10\/ogrod_roz-600x430.jpg 600w, https:\/\/rozaria.pl\/blog\/wp-content\/uploads\/2020\/10\/ogrod_roz-768x550.jpg 768w, https:\/\/rozaria.pl\/blog\/wp-content\/uploads\/2020\/10\/ogrod_roz-800x573.jpg 800w, https:\/\/rozaria.pl\/blog\/wp-content\/uploads\/2020\/10\/ogrod_roz.jpg 805w\" sizes=\"(max-width: 300px) 100vw, 300px\" \/><\/a><\/p>\n<h3>Historia r\u00f3\u017canej ulubienicy<\/h3>\n<p style=\"text-align: justify;\"><span style=\"font-family: Arial, serif; font-size: 14pt;\">By\u0142 pi\u0119kny, s\u0142oneczny dzie\u0144. Doskwiera\u0142 upa\u0142. Wnuczka ubrana by\u0142a w delikatn\u0105 przewiewn\u0105 sukieneczk\u0119. W pewnym momencie zbli\u017cy\u0142a si\u0119 do \u017c\u00f3\u0142tej r\u00f3\u017cy, ale na odpowiedni\u0105 odleg\u0142o\u015b\u0107, gdy\u017c wiedzia\u0142a, \u017ce r\u00f3\u017ca ma kolce. Wzi\u0119\u0142a rozwini\u0119ty p\u0105czek w ma\u0142e r\u0105czki i zacz\u0119\u0142a z nim rozmawia\u0107. \u201e Ty m\u00f3j kochany p\u0105czuszku. Nie wyobra\u017casz sobie, jak ci\u0119 kocham. Jeste\u015b najpi\u0119kniejszym kwiatuszkiem. B\u0119d\u0119 si\u0119 tob\u0105 opiekowa\u0107 i odwiedza\u0107\u2026.\u201d Przeszed\u0142 mnie dreszcz, serce zacz\u0119\u0142o bi\u0107 mocniej.<\/span><\/p>\n<p style=\"text-align: justify;\"><span style=\"font-family: Arial, serif; font-size: 14pt;\">Uda\u0142am, \u017ce nie widz\u0119. Na mojej twarzy zago\u015bci\u0142a rado\u015b\u0107, \u017ce dziecko ma dobre serce i kocha otaczaj\u0105c\u0105 przyrod\u0119.<\/span><\/p>\n<h3>Mi\u0142o\u015b\u0107 ofiarowana r\u00f3\u017canym krzewom<\/h3>\n<p style=\"text-align: justify;\"><a name=\"_GoBack\"><\/a><span style=\"font-family: Arial, serif; font-size: 14pt;\"> Na uwag\u0119 zas\u0142uguje te\u017c wydarzenie, kt\u00f3re mia\u0142o miejsce latem, ale nieco p\u00f3\u017aniej. Jedna r\u00f3\u017cyczka mieni\u0105ca si\u0119 kolorami t\u0119czy nie wypuszcza\u0142a listk\u00f3w. Nie liczy\u0142am na to, \u017ce da si\u0119 j\u0105 uzdrowi\u0107. Natomiast innego zdania by\u0142a wnuczka, kt\u00f3ra wykopa\u0142a pod domem do\u015b\u0107 du\u017cy do\u0142ek, doda\u0142a czarnoziemu i tam ostro\u017cnie wykopan\u0105 r\u00f3\u017cyczk\u0119 przenios\u0142a. Oczywi\u015bcie zrobi\u0142a to w grubych r\u0119kawicach. Podla\u0142a wod\u0105 z ma\u0142ej konewki i czeka\u0142a. Przez tydzie\u0144 systematycznie podlewa\u0142a ka\u017cdego ranka. Kt\u00f3rego\u015b dnia postawi\u0142 nas na nogi krzyk: \u201e R\u00f3\u017ca wypu\u015bci\u0142a ma\u0142\u0105 ga\u0142\u0105zk\u0119!&#8221;.\u00a0 W kilka dni p\u00f3\u017aniej pojawi\u0142 si\u0119 p\u0105czek, kt\u00f3ry potem pi\u0119knie si\u0119 rozwin\u0105\u0142.\u00a0 Okrzykom rado\u015bci nie by\u0142o ko\u0144ca. By\u0142am dumna z mojej wnuczki. Wiedzia\u0142am, \u017ce jest wra\u017cliwa i kocha r\u00f3\u017ce. Przypomnia\u0142y mi si\u0119 w\u00f3wczas s\u0142owa babci i mamy, kt\u00f3re twierdzi\u0142y, \u017ce kwiaty uwielbiaj\u0105, jak si\u0119 z nimi rozmawia.<a href=\"https:\/\/rozaria.pl\/blog\/wp-content\/uploads\/2020\/10\/roza_raubitter.jpg\"><img loading=\"lazy\" decoding=\"async\" class=\"alignright size-medium wp-image-5437\" src=\"https:\/\/rozaria.pl\/blog\/wp-content\/uploads\/2020\/10\/roza_raubitter-296x300.jpg\" alt=\"r\u00f3\u017cane ogrody raubitter pn\u0105ca r\u00f3\u017ca\" width=\"296\" height=\"300\" srcset=\"https:\/\/rozaria.pl\/blog\/wp-content\/uploads\/2020\/10\/roza_raubitter-66x66.jpg 66w, https:\/\/rozaria.pl\/blog\/wp-content\/uploads\/2020\/10\/roza_raubitter-148x150.jpg 148w, https:\/\/rozaria.pl\/blog\/wp-content\/uploads\/2020\/10\/roza_raubitter-200x203.jpg 200w, https:\/\/rozaria.pl\/blog\/wp-content\/uploads\/2020\/10\/roza_raubitter-296x300.jpg 296w, https:\/\/rozaria.pl\/blog\/wp-content\/uploads\/2020\/10\/roza_raubitter-400x405.jpg 400w, https:\/\/rozaria.pl\/blog\/wp-content\/uploads\/2020\/10\/roza_raubitter.jpg 600w\" sizes=\"(max-width: 296px) 100vw, 296px\" \/><\/a><\/span><\/p>\n<h2>Uzdrowienie przez Natur\u0119: Terapeutyczna Moc Ogrodu<\/h2>\n<p style=\"text-align: justify;\"><span style=\"font-family: Arial, serif;\"><span style=\"font-size: small;\"><span style=\"font-size: 14pt;\">M\u00f3j ogr\u00f3d to tajemnicze miejsce przepe\u0142nione dobr\u0105 energi\u0105 Wierz\u0119, \u017ce natura i jej blisko\u015b\u0107 mo\u017ce uzdrawiaj\u0105co wp\u0142ywa\u0107 na cia\u0142o i ducha tam przebywaj\u0105cych os\u00f3b. Wed\u0142ug mnie r\u00f3\u017cane ogrody naprawd\u0119 s\u0105 lekarstwem na smutki, przygn\u0119bienie, stres i l\u0119ki. Dzisiaj ju\u017c wiem, \u017ce ogrodnictwo rzeczywi\u015bcie ma zbawienne znaczenie na depresj\u0119. Jest form\u0105 terapii, a je\u015bli doda\u0107 do tego aromaterapi\u0119 w postaci zapach\u00f3w. C\u00f3\u017c mamy gotowy przepis na popraw\u0119 nastroju i dobre samopoczucie.<\/span> <\/span><\/span><\/p>\n","protected":false},"excerpt":{"rendered":"<p>Moje R\u00f3\u017cane ogrody &#8220;R\u00f3\u017cane ogrody&#8221; to opowie\u015b\u0107 o przemianie, marzeniach i mi\u0142o\u015bci do natury. Od pierwszych wyobra\u017ce\u0144 o tajemniczym ogrodzie, przez trud przej\u015bcia na emerytur\u0119, a\u017c po stworzenie w\u0142asnego, niezwyk\u0142ego ogrodu. To podr\u00f3\u017c przez \u017cycie pe\u0142ne pasji do ro\u015blin i [&hellip;]<\/p>\n","protected":false},"author":11,"featured_media":5435,"comment_status":"open","ping_status":"open","sticky":false,"template":"","format":"standard","meta":{"_mi_skip_tracking":false,"_monsterinsights_sitenote_active":false,"_monsterinsights_sitenote_note":"","_monsterinsights_sitenote_category":0,"footnotes":""},"categories":[111],"tags":[],"yoast_head":"<!-- This site is optimized with the Yoast SEO plugin v23.5 - https:\/\/yoast.com\/wordpress\/plugins\/seo\/ -->\n<title>R\u00d3\u017bANE OGRODY R\u00f3\u017cane ogrody - blog Rozaria.pl<\/title>\n<meta name=\"description\" content=\"&quot;R\u00f3\u017cane ogrody&quot; to kwitn\u0105ce przestrzenie, wype\u0142nione r\u00f3\u017cnorodno\u015bci\u0105 barw, zapach\u00f3w i kszta\u0142t\u00f3w, b\u0119d\u0105ce uczt\u0105 dla zmys\u0142\u00f3w.\" \/>\n<meta name=\"robots\" content=\"index, follow, max-snippet:-1, max-image-preview:large, max-video-preview:-1\" \/>\n<link rel=\"canonical\" href=\"https:\/\/rozaria.pl\/blog\/rozane-wspomnienia\/\" \/>\n<meta property=\"og:locale\" content=\"pl_PL\" \/>\n<meta property=\"og:type\" content=\"article\" \/>\n<meta property=\"og:title\" content=\"R\u00d3\u017bANE OGRODY R\u00f3\u017cane ogrody - blog Rozaria.pl\" \/>\n<meta property=\"og:description\" content=\"&quot;R\u00f3\u017cane ogrody&quot; to kwitn\u0105ce przestrzenie, wype\u0142nione r\u00f3\u017cnorodno\u015bci\u0105 barw, zapach\u00f3w i kszta\u0142t\u00f3w, b\u0119d\u0105ce uczt\u0105 dla zmys\u0142\u00f3w.\" \/>\n<meta property=\"og:url\" content=\"https:\/\/rozaria.pl\/blog\/rozane-wspomnienia\/\" \/>\n<meta property=\"og:site_name\" content=\"blog Rozaria.pl\" \/>\n<meta property=\"article:publisher\" content=\"https:\/\/www.facebook.com\/SzkolkaRozRozaria\/\" \/>\n<meta property=\"article:published_time\" content=\"2020-10-31T19:18:01+00:00\" \/>\n<meta property=\"article:modified_time\" content=\"2024-02-21T13:51:46+00:00\" \/>\n<meta property=\"og:image\" content=\"https:\/\/rozaria.pl\/blog\/wp-content\/uploads\/2020\/10\/rozane_ogrody_rabaty.jpg\" \/>\n\t<meta property=\"og:image:width\" content=\"792\" \/>\n\t<meta property=\"og:image:height\" content=\"800\" \/>\n\t<meta property=\"og:image:type\" content=\"image\/jpeg\" \/>\n<meta name=\"author\" content=\"Rozaria.pl\" \/>\n<meta name=\"twitter:card\" content=\"summary_large_image\" \/>\n<meta name=\"twitter:creator\" content=\"@SzkolkaRozaria\" \/>\n<meta name=\"twitter:site\" content=\"@SzkolkaRozaria\" \/>\n<meta name=\"twitter:label1\" content=\"Napisane przez\" \/>\n\t<meta name=\"twitter:data1\" content=\"Rozaria.pl\" \/>\n\t<meta name=\"twitter:label2\" content=\"Szacowany czas czytania\" \/>\n\t<meta name=\"twitter:data2\" content=\"7 minut\" \/>\n<script type=\"application\/ld+json\" class=\"yoast-schema-graph\">{\"@context\":\"https:\/\/schema.org\",\"@graph\":[{\"@type\":\"Article\",\"@id\":\"https:\/\/rozaria.pl\/blog\/rozane-wspomnienia\/#article\",\"isPartOf\":{\"@id\":\"https:\/\/rozaria.pl\/blog\/rozane-wspomnienia\/\"},\"author\":{\"name\":\"Rozaria.pl\",\"@id\":\"https:\/\/rozaria.pl\/blog\/#\/schema\/person\/e0b63ce2682f026a88828a7772e9ac22\"},\"headline\":\"R\u00f3\u017cane ogrody\",\"datePublished\":\"2020-10-31T19:18:01+00:00\",\"dateModified\":\"2024-02-21T13:51:46+00:00\",\"mainEntityOfPage\":{\"@id\":\"https:\/\/rozaria.pl\/blog\/rozane-wspomnienia\/\"},\"wordCount\":1192,\"commentCount\":0,\"publisher\":{\"@id\":\"https:\/\/rozaria.pl\/blog\/#organization\"},\"image\":{\"@id\":\"https:\/\/rozaria.pl\/blog\/rozane-wspomnienia\/#primaryimage\"},\"thumbnailUrl\":\"https:\/\/rozaria.pl\/blog\/wp-content\/uploads\/2020\/10\/rozane_ogrody_rabaty.jpg\",\"articleSection\":[\"Historie\"],\"inLanguage\":\"pl-PL\",\"potentialAction\":[{\"@type\":\"CommentAction\",\"name\":\"Comment\",\"target\":[\"https:\/\/rozaria.pl\/blog\/rozane-wspomnienia\/#respond\"]}]},{\"@type\":\"WebPage\",\"@id\":\"https:\/\/rozaria.pl\/blog\/rozane-wspomnienia\/\",\"url\":\"https:\/\/rozaria.pl\/blog\/rozane-wspomnienia\/\",\"name\":\"R\u00d3\u017bANE OGRODY R\u00f3\u017cane ogrody - blog Rozaria.pl\",\"isPartOf\":{\"@id\":\"https:\/\/rozaria.pl\/blog\/#website\"},\"primaryImageOfPage\":{\"@id\":\"https:\/\/rozaria.pl\/blog\/rozane-wspomnienia\/#primaryimage\"},\"image\":{\"@id\":\"https:\/\/rozaria.pl\/blog\/rozane-wspomnienia\/#primaryimage\"},\"thumbnailUrl\":\"https:\/\/rozaria.pl\/blog\/wp-content\/uploads\/2020\/10\/rozane_ogrody_rabaty.jpg\",\"datePublished\":\"2020-10-31T19:18:01+00:00\",\"dateModified\":\"2024-02-21T13:51:46+00:00\",\"description\":\"\\\"R\u00f3\u017cane ogrody\\\" to kwitn\u0105ce przestrzenie, wype\u0142nione r\u00f3\u017cnorodno\u015bci\u0105 barw, zapach\u00f3w i kszta\u0142t\u00f3w, b\u0119d\u0105ce uczt\u0105 dla zmys\u0142\u00f3w.\",\"breadcrumb\":{\"@id\":\"https:\/\/rozaria.pl\/blog\/rozane-wspomnienia\/#breadcrumb\"},\"inLanguage\":\"pl-PL\",\"potentialAction\":[{\"@type\":\"ReadAction\",\"target\":[\"https:\/\/rozaria.pl\/blog\/rozane-wspomnienia\/\"]}]},{\"@type\":\"ImageObject\",\"inLanguage\":\"pl-PL\",\"@id\":\"https:\/\/rozaria.pl\/blog\/rozane-wspomnienia\/#primaryimage\",\"url\":\"https:\/\/rozaria.pl\/blog\/wp-content\/uploads\/2020\/10\/rozane_ogrody_rabaty.jpg\",\"contentUrl\":\"https:\/\/rozaria.pl\/blog\/wp-content\/uploads\/2020\/10\/rozane_ogrody_rabaty.jpg\",\"width\":792,\"height\":800,\"caption\":\"r\u00f3\u017cane ogrody\"},{\"@type\":\"BreadcrumbList\",\"@id\":\"https:\/\/rozaria.pl\/blog\/rozane-wspomnienia\/#breadcrumb\",\"itemListElement\":[{\"@type\":\"ListItem\",\"position\":1,\"name\":\"Strona g\u0142\u00f3wna\",\"item\":\"https:\/\/rozaria.pl\/blog\/\"},{\"@type\":\"ListItem\",\"position\":2,\"name\":\"R\u00f3\u017cane ogrody\"}]},{\"@type\":\"WebSite\",\"@id\":\"https:\/\/rozaria.pl\/blog\/#website\",\"url\":\"https:\/\/rozaria.pl\/blog\/\",\"name\":\"blog Rozaria.pl\",\"description\":\"Porozmawiajmy o r\u00f3\u017cach, o wszystkich sprawach\",\"publisher\":{\"@id\":\"https:\/\/rozaria.pl\/blog\/#organization\"},\"potentialAction\":[{\"@type\":\"SearchAction\",\"target\":{\"@type\":\"EntryPoint\",\"urlTemplate\":\"https:\/\/rozaria.pl\/blog\/?s={search_term_string}\"},\"query-input\":{\"@type\":\"PropertyValueSpecification\",\"valueRequired\":true,\"valueName\":\"search_term_string\"}}],\"inLanguage\":\"pl-PL\"},{\"@type\":\"Organization\",\"@id\":\"https:\/\/rozaria.pl\/blog\/#organization\",\"name\":\"Szk\u00f3\u0142ka R\u00f3\u017c Rozaria\",\"url\":\"https:\/\/rozaria.pl\/blog\/\",\"logo\":{\"@type\":\"ImageObject\",\"inLanguage\":\"pl-PL\",\"@id\":\"https:\/\/rozaria.pl\/blog\/#\/schema\/logo\/image\/\",\"url\":\"https:\/\/rozaria.pl\/blog\/wp-content\/uploads\/2016\/12\/logo_dla-rozaria.png\",\"contentUrl\":\"https:\/\/rozaria.pl\/blog\/wp-content\/uploads\/2016\/12\/logo_dla-rozaria.png\",\"width\":400,\"height\":166,\"caption\":\"Szk\u00f3\u0142ka R\u00f3\u017c Rozaria\"},\"image\":{\"@id\":\"https:\/\/rozaria.pl\/blog\/#\/schema\/logo\/image\/\"},\"sameAs\":[\"https:\/\/www.facebook.com\/SzkolkaRozRozaria\/\",\"https:\/\/x.com\/SzkolkaRozaria\",\"https:\/\/www.youtube.com\/channel\/UCguKKBc7F06eYM1tzYx1Z5A\"]},{\"@type\":\"Person\",\"@id\":\"https:\/\/rozaria.pl\/blog\/#\/schema\/person\/e0b63ce2682f026a88828a7772e9ac22\",\"name\":\"Rozaria.pl\",\"image\":{\"@type\":\"ImageObject\",\"inLanguage\":\"pl-PL\",\"@id\":\"https:\/\/rozaria.pl\/blog\/#\/schema\/person\/image\/\",\"url\":\"https:\/\/secure.gravatar.com\/avatar\/a617f0796bdf5b31b93d812b41809f25?s=96&d=mm&r=g\",\"contentUrl\":\"https:\/\/secure.gravatar.com\/avatar\/a617f0796bdf5b31b93d812b41809f25?s=96&d=mm&r=g\",\"caption\":\"Rozaria.pl\"},\"url\":\"https:\/\/rozaria.pl\/blog\/author\/pp\/\"}]}<\/script>\n<!-- \/ Yoast SEO plugin. -->","yoast_head_json":{"title":"R\u00d3\u017bANE OGRODY R\u00f3\u017cane ogrody - blog Rozaria.pl","description":"\"R\u00f3\u017cane ogrody\" to kwitn\u0105ce przestrzenie, wype\u0142nione r\u00f3\u017cnorodno\u015bci\u0105 barw, zapach\u00f3w i kszta\u0142t\u00f3w, b\u0119d\u0105ce uczt\u0105 dla zmys\u0142\u00f3w.","robots":{"index":"index","follow":"follow","max-snippet":"max-snippet:-1","max-image-preview":"max-image-preview:large","max-video-preview":"max-video-preview:-1"},"canonical":"https:\/\/rozaria.pl\/blog\/rozane-wspomnienia\/","og_locale":"pl_PL","og_type":"article","og_title":"R\u00d3\u017bANE OGRODY R\u00f3\u017cane ogrody - blog Rozaria.pl","og_description":"\"R\u00f3\u017cane ogrody\" to kwitn\u0105ce przestrzenie, wype\u0142nione r\u00f3\u017cnorodno\u015bci\u0105 barw, zapach\u00f3w i kszta\u0142t\u00f3w, b\u0119d\u0105ce uczt\u0105 dla zmys\u0142\u00f3w.","og_url":"https:\/\/rozaria.pl\/blog\/rozane-wspomnienia\/","og_site_name":"blog Rozaria.pl","article_publisher":"https:\/\/www.facebook.com\/SzkolkaRozRozaria\/","article_published_time":"2020-10-31T19:18:01+00:00","article_modified_time":"2024-02-21T13:51:46+00:00","og_image":[{"width":792,"height":800,"url":"https:\/\/rozaria.pl\/blog\/wp-content\/uploads\/2020\/10\/rozane_ogrody_rabaty.jpg","type":"image\/jpeg"}],"author":"Rozaria.pl","twitter_card":"summary_large_image","twitter_creator":"@SzkolkaRozaria","twitter_site":"@SzkolkaRozaria","twitter_misc":{"Napisane przez":"Rozaria.pl","Szacowany czas czytania":"7 minut"},"schema":{"@context":"https:\/\/schema.org","@graph":[{"@type":"Article","@id":"https:\/\/rozaria.pl\/blog\/rozane-wspomnienia\/#article","isPartOf":{"@id":"https:\/\/rozaria.pl\/blog\/rozane-wspomnienia\/"},"author":{"name":"Rozaria.pl","@id":"https:\/\/rozaria.pl\/blog\/#\/schema\/person\/e0b63ce2682f026a88828a7772e9ac22"},"headline":"R\u00f3\u017cane ogrody","datePublished":"2020-10-31T19:18:01+00:00","dateModified":"2024-02-21T13:51:46+00:00","mainEntityOfPage":{"@id":"https:\/\/rozaria.pl\/blog\/rozane-wspomnienia\/"},"wordCount":1192,"commentCount":0,"publisher":{"@id":"https:\/\/rozaria.pl\/blog\/#organization"},"image":{"@id":"https:\/\/rozaria.pl\/blog\/rozane-wspomnienia\/#primaryimage"},"thumbnailUrl":"https:\/\/rozaria.pl\/blog\/wp-content\/uploads\/2020\/10\/rozane_ogrody_rabaty.jpg","articleSection":["Historie"],"inLanguage":"pl-PL","potentialAction":[{"@type":"CommentAction","name":"Comment","target":["https:\/\/rozaria.pl\/blog\/rozane-wspomnienia\/#respond"]}]},{"@type":"WebPage","@id":"https:\/\/rozaria.pl\/blog\/rozane-wspomnienia\/","url":"https:\/\/rozaria.pl\/blog\/rozane-wspomnienia\/","name":"R\u00d3\u017bANE OGRODY R\u00f3\u017cane ogrody - blog Rozaria.pl","isPartOf":{"@id":"https:\/\/rozaria.pl\/blog\/#website"},"primaryImageOfPage":{"@id":"https:\/\/rozaria.pl\/blog\/rozane-wspomnienia\/#primaryimage"},"image":{"@id":"https:\/\/rozaria.pl\/blog\/rozane-wspomnienia\/#primaryimage"},"thumbnailUrl":"https:\/\/rozaria.pl\/blog\/wp-content\/uploads\/2020\/10\/rozane_ogrody_rabaty.jpg","datePublished":"2020-10-31T19:18:01+00:00","dateModified":"2024-02-21T13:51:46+00:00","description":"\"R\u00f3\u017cane ogrody\" to kwitn\u0105ce przestrzenie, wype\u0142nione r\u00f3\u017cnorodno\u015bci\u0105 barw, zapach\u00f3w i kszta\u0142t\u00f3w, b\u0119d\u0105ce uczt\u0105 dla zmys\u0142\u00f3w.","breadcrumb":{"@id":"https:\/\/rozaria.pl\/blog\/rozane-wspomnienia\/#breadcrumb"},"inLanguage":"pl-PL","potentialAction":[{"@type":"ReadAction","target":["https:\/\/rozaria.pl\/blog\/rozane-wspomnienia\/"]}]},{"@type":"ImageObject","inLanguage":"pl-PL","@id":"https:\/\/rozaria.pl\/blog\/rozane-wspomnienia\/#primaryimage","url":"https:\/\/rozaria.pl\/blog\/wp-content\/uploads\/2020\/10\/rozane_ogrody_rabaty.jpg","contentUrl":"https:\/\/rozaria.pl\/blog\/wp-content\/uploads\/2020\/10\/rozane_ogrody_rabaty.jpg","width":792,"height":800,"caption":"r\u00f3\u017cane ogrody"},{"@type":"BreadcrumbList","@id":"https:\/\/rozaria.pl\/blog\/rozane-wspomnienia\/#breadcrumb","itemListElement":[{"@type":"ListItem","position":1,"name":"Strona g\u0142\u00f3wna","item":"https:\/\/rozaria.pl\/blog\/"},{"@type":"ListItem","position":2,"name":"R\u00f3\u017cane ogrody"}]},{"@type":"WebSite","@id":"https:\/\/rozaria.pl\/blog\/#website","url":"https:\/\/rozaria.pl\/blog\/","name":"blog Rozaria.pl","description":"Porozmawiajmy o r\u00f3\u017cach, o wszystkich sprawach","publisher":{"@id":"https:\/\/rozaria.pl\/blog\/#organization"},"potentialAction":[{"@type":"SearchAction","target":{"@type":"EntryPoint","urlTemplate":"https:\/\/rozaria.pl\/blog\/?s={search_term_string}"},"query-input":{"@type":"PropertyValueSpecification","valueRequired":true,"valueName":"search_term_string"}}],"inLanguage":"pl-PL"},{"@type":"Organization","@id":"https:\/\/rozaria.pl\/blog\/#organization","name":"Szk\u00f3\u0142ka R\u00f3\u017c Rozaria","url":"https:\/\/rozaria.pl\/blog\/","logo":{"@type":"ImageObject","inLanguage":"pl-PL","@id":"https:\/\/rozaria.pl\/blog\/#\/schema\/logo\/image\/","url":"https:\/\/rozaria.pl\/blog\/wp-content\/uploads\/2016\/12\/logo_dla-rozaria.png","contentUrl":"https:\/\/rozaria.pl\/blog\/wp-content\/uploads\/2016\/12\/logo_dla-rozaria.png","width":400,"height":166,"caption":"Szk\u00f3\u0142ka R\u00f3\u017c Rozaria"},"image":{"@id":"https:\/\/rozaria.pl\/blog\/#\/schema\/logo\/image\/"},"sameAs":["https:\/\/www.facebook.com\/SzkolkaRozRozaria\/","https:\/\/x.com\/SzkolkaRozaria","https:\/\/www.youtube.com\/channel\/UCguKKBc7F06eYM1tzYx1Z5A"]},{"@type":"Person","@id":"https:\/\/rozaria.pl\/blog\/#\/schema\/person\/e0b63ce2682f026a88828a7772e9ac22","name":"Rozaria.pl","image":{"@type":"ImageObject","inLanguage":"pl-PL","@id":"https:\/\/rozaria.pl\/blog\/#\/schema\/person\/image\/","url":"https:\/\/secure.gravatar.com\/avatar\/a617f0796bdf5b31b93d812b41809f25?s=96&d=mm&r=g","contentUrl":"https:\/\/secure.gravatar.com\/avatar\/a617f0796bdf5b31b93d812b41809f25?s=96&d=mm&r=g","caption":"Rozaria.pl"},"url":"https:\/\/rozaria.pl\/blog\/author\/pp\/"}]}},"_links":{"self":[{"href":"https:\/\/rozaria.pl\/blog\/wp-json\/wp\/v2\/posts\/4342"}],"collection":[{"href":"https:\/\/rozaria.pl\/blog\/wp-json\/wp\/v2\/posts"}],"about":[{"href":"https:\/\/rozaria.pl\/blog\/wp-json\/wp\/v2\/types\/post"}],"author":[{"embeddable":true,"href":"https:\/\/rozaria.pl\/blog\/wp-json\/wp\/v2\/users\/11"}],"replies":[{"embeddable":true,"href":"https:\/\/rozaria.pl\/blog\/wp-json\/wp\/v2\/comments?post=4342"}],"version-history":[{"count":5,"href":"https:\/\/rozaria.pl\/blog\/wp-json\/wp\/v2\/posts\/4342\/revisions"}],"predecessor-version":[{"id":5440,"href":"https:\/\/rozaria.pl\/blog\/wp-json\/wp\/v2\/posts\/4342\/revisions\/5440"}],"wp:featuredmedia":[{"embeddable":true,"href":"https:\/\/rozaria.pl\/blog\/wp-json\/wp\/v2\/media\/5435"}],"wp:attachment":[{"href":"https:\/\/rozaria.pl\/blog\/wp-json\/wp\/v2\/media?parent=4342"}],"wp:term":[{"taxonomy":"category","embeddable":true,"href":"https:\/\/rozaria.pl\/blog\/wp-json\/wp\/v2\/categories?post=4342"},{"taxonomy":"post_tag","embeddable":true,"href":"https:\/\/rozaria.pl\/blog\/wp-json\/wp\/v2\/tags?post=4342"}],"curies":[{"name":"wp","href":"https:\/\/api.w.org\/{rel}","templated":true}]}}