{"id":4327,"date":"2020-09-30T19:40:04","date_gmt":"2020-09-30T17:40:04","guid":{"rendered":"https:\/\/rozaria.pl\/blog\/?p=4327"},"modified":"2024-02-21T17:56:47","modified_gmt":"2024-02-21T16:56:47","slug":"justyna-roze-w-moim-ogrodzie-roze-w-moim-zyciu","status":"publish","type":"post","link":"https:\/\/rozaria.pl\/blog\/justyna-roze-w-moim-ogrodzie-roze-w-moim-zyciu\/","title":{"rendered":"r\u00f3\u017ce w ogrodzie projekt"},"content":{"rendered":"<h2 style=\"text-align: justify;\"><span style=\"font-family: Arial, serif; font-size: 18pt;\"><i><b><span style=\"text-decoration: underline;\">R\u00f3\u017ce w moim ogrodzie<\/span>, r\u00f3\u017ce w moim \u017cyciu&#8230;<a href=\"https:\/\/rozaria.pl\/blog\/wp-content\/uploads\/2020\/09\/piekne_roze.jpg\"><img loading=\"lazy\" decoding=\"async\" class=\"alignright size-medium wp-image-4334\" src=\"https:\/\/rozaria.pl\/blog\/wp-content\/uploads\/2020\/09\/piekne_roze-300x225.jpg\" alt=\"r\u00f3\u017ce w ogrodzie projekt\" width=\"300\" height=\"225\" srcset=\"https:\/\/rozaria.pl\/blog\/wp-content\/uploads\/2020\/09\/piekne_roze-150x113.jpg 150w, https:\/\/rozaria.pl\/blog\/wp-content\/uploads\/2020\/09\/piekne_roze-200x150.jpg 200w, https:\/\/rozaria.pl\/blog\/wp-content\/uploads\/2020\/09\/piekne_roze-300x225.jpg 300w, https:\/\/rozaria.pl\/blog\/wp-content\/uploads\/2020\/09\/piekne_roze-400x300.jpg 400w, https:\/\/rozaria.pl\/blog\/wp-content\/uploads\/2020\/09\/piekne_roze-600x450.jpg 600w, https:\/\/rozaria.pl\/blog\/wp-content\/uploads\/2020\/09\/piekne_roze-768x576.jpg 768w, https:\/\/rozaria.pl\/blog\/wp-content\/uploads\/2020\/09\/piekne_roze-800x600.jpg 800w, https:\/\/rozaria.pl\/blog\/wp-content\/uploads\/2020\/09\/piekne_roze.jpg 945w\" sizes=\"(max-width: 300px) 100vw, 300px\" \/><\/a><\/b><\/i><\/span><\/h2>\n<p style=\"text-align: justify;\"><span style=\"font-family: arial, helvetica, sans-serif; font-size: 14pt;\">&#8220;Odkryj inspiracje i porady dla swojego wymarzonego ogrodu z projektami r\u00f3\u017canymi. &#8216;R\u00f3\u017ce w ogrodzie projekt&#8217; to klucz do stworzenia przestrzeni pe\u0142nej kolor\u00f3w, zapach\u00f3w i elegancji. Dowiedz si\u0119, jak zaplanowa\u0107 i piel\u0119gnowa\u0107 r\u00f3\u017cane rabaty, aby cieszy\u0107 si\u0119 ich pi\u0119knem przez ca\u0142y sezon.&#8221;<\/span><\/p>\n<h3>R\u00f3\u017ce &#8211; Dzieci\u0144stwo Pe\u0142ne Kwiat\u00f3w<\/h3>\n<p style=\"text-align: justify;\"><span style=\"font-family: Arial, serif; font-size: 14pt;\"> R\u00f3\u017ca kr\u00f3lowa kwiat\u00f3w ? No tak oczywi\u015bcie odpowiem. R\u00f3\u017ce kojarz\u0105 mi si\u0119 z dzieci\u0144stwem oraz\u00a0 ogrodem mojej mamy. Przepi\u0119kne stare odmiany, kt\u00f3re wtedy jako ma\u0142a dziewczynka podziwia\u0142am z zadart\u0105 g\u0142ow\u0105, bo niekt\u00f3re by\u0142y wy\u017csze od mnie. Pi\u0119kne szpalery r\u00f3\u017c w przed ogr\u00f3dku, nie mog\u0142y si\u0119 r\u00f3wna\u0107 z \u017cadn\u0105 inn\u0105 ro\u015blin\u0105 w ogrodzie. R\u00f3\u017ca jednak z dzieci\u0144stwa nie tylko kojarzy mi si\u0119 z pi\u0119knem i zapachem, ale r\u00f3wnie\u017c z podrapanymi nogami i r\u0119kami. Bo przecie\u017c r\u00f3\u017ca to r\u00f3wnie\u017c kolce, a biegaj\u0105c po podw\u00f3rku \u0142atwo by\u0142o si\u0119 z nimi spotka\u0107 &#8220;oko w oko&#8221;. Dzisiaj z perspektywy lat wiem, \u017ce zami\u0142owanie do kwiat\u00f3w a szczeg\u00f3lnie r\u00f3\u017c zosta\u0142o zasiane w moim sercu w\u0142a\u015bnie wtedy. <strong>R\u00f3\u017ce<\/strong> musia\u0142y zago\u015bci\u0107 w moim <strong>ogrodzie<\/strong>, a <strong>projekt<\/strong> kie\u0142kowa\u0142 w sercu wiele lat.<\/span><\/p>\n<h2>R\u00f3\u017ce w Moim Obecnym Ogrodzie<a href=\"https:\/\/rozaria.pl\/blog\/wp-content\/uploads\/2020\/09\/piekna_roza.jpg\"><img loading=\"lazy\" decoding=\"async\" class=\"alignright size-medium wp-image-4333\" src=\"https:\/\/rozaria.pl\/blog\/wp-content\/uploads\/2020\/09\/piekna_roza-300x225.jpg\" alt=\"r\u00f3\u017ce w ogrodzie projekt ogrodu\" width=\"300\" height=\"225\" srcset=\"https:\/\/rozaria.pl\/blog\/wp-content\/uploads\/2020\/09\/piekna_roza-150x113.jpg 150w, https:\/\/rozaria.pl\/blog\/wp-content\/uploads\/2020\/09\/piekna_roza-200x150.jpg 200w, https:\/\/rozaria.pl\/blog\/wp-content\/uploads\/2020\/09\/piekna_roza-300x225.jpg 300w, https:\/\/rozaria.pl\/blog\/wp-content\/uploads\/2020\/09\/piekna_roza-400x300.jpg 400w, https:\/\/rozaria.pl\/blog\/wp-content\/uploads\/2020\/09\/piekna_roza-600x450.jpg 600w, https:\/\/rozaria.pl\/blog\/wp-content\/uploads\/2020\/09\/piekna_roza-768x576.jpg 768w, https:\/\/rozaria.pl\/blog\/wp-content\/uploads\/2020\/09\/piekna_roza-800x600.jpg 800w, https:\/\/rozaria.pl\/blog\/wp-content\/uploads\/2020\/09\/piekna_roza.jpg 945w\" sizes=\"(max-width: 300px) 100vw, 300px\" \/><\/a><\/h2>\n<p style=\"text-align: justify;\"><span style=\"font-family: Arial, serif; font-size: 14pt;\">Dzisiaj r\u00f3\u017ca towarzyszy mi w moim ogrodzie cho\u0107 to dopiero pocz\u0105tki to z roku na rok kolekcja mi si\u0119 rozrasta. Najpierw by\u0142y r\u00f3\u017ce pn\u0105ce w kolorze \u017c\u00f3\u0142tym pi\u0119knym g\u0142\u0119bokim odcieniu. Kilka lat temu przy zakupie nie patrzy\u0142am na nazw\u0119 tylko to co instynktownie kusi\u0142o czyli pi\u0119kny, du\u017cy, pe\u0142ny kwiat w odpowiednim kolorze no i oczywi\u015bcie zapach. Mia\u0142 si\u0119 on roztacza\u0107 za ka\u017cdym razem kiedy przechodzi\u0142o si\u0119 pod pergol\u0105 w ogrodzie. P\u00f3\u017aniej przyszed\u0142 czas na zwiedzane ogrod\u00f3w, z przepi\u0119knymi r\u00f3\u017cankami w Anglii. Tam zauroczy\u0142y mnie r\u00f3\u017ce drobne z grupy okrywowych, kt\u00f3re doskonale komponowa\u0142y si\u0119 z bukszpanowymi obw\u00f3dkami. Wszystko idealnie wypiel\u0119gnowane i r\u00f3wniutko przyci\u0119te. R\u00f3wnie\u017c ci\u0105gn\u0105ce si\u0119 wzd\u0142u\u017c ca\u0142ego parku pergole poro\u015bni\u0119te pn\u0105cymi kaskadowymi r\u00f3\u017cami, kt\u00f3re nie tylko pi\u0119knie wygl\u0105da\u0142y ale r\u00f3wnie\u017c pi\u0119knie pachnia\u0142y. <\/span><\/p>\n<h3><a href=\"https:\/\/rozaria.pl\/blog\/wp-content\/uploads\/2020\/09\/nawozenie_rozy.jpg\"><img loading=\"lazy\" decoding=\"async\" class=\"alignleft wp-image-4330 size-full\" src=\"https:\/\/rozaria.pl\/blog\/wp-content\/uploads\/2020\/09\/nawozenie_rozy.jpg\" alt=\"projekt r\u00f3\u017c w ogrodzie\" width=\"399\" height=\"709\" srcset=\"https:\/\/rozaria.pl\/blog\/wp-content\/uploads\/2020\/09\/nawozenie_rozy-84x150.jpg 84w, https:\/\/rozaria.pl\/blog\/wp-content\/uploads\/2020\/09\/nawozenie_rozy-169x300.jpg 169w, https:\/\/rozaria.pl\/blog\/wp-content\/uploads\/2020\/09\/nawozenie_rozy-200x355.jpg 200w, https:\/\/rozaria.pl\/blog\/wp-content\/uploads\/2020\/09\/nawozenie_rozy.jpg 399w\" sizes=\"(max-width: 399px) 100vw, 399px\" \/><\/a>Pierwsza r\u00f3\u017ca, kt\u00f3ra pojawi\u0142a si\u0119 w moich projektach<\/h3>\n<p style=\"text-align: justify;\"><span style=\"font-family: Arial, serif; font-size: 14pt;\">Kiedy przyjecha\u0142am w szk\u00f3\u0142kach szuka\u0142am w\u0142a\u015bnie r\u00f3\u017c okrywowych. Us\u0142ysza\u0142am wtedy o <a href=\"https:\/\/rozaria.pl\/roze-okrywowe-the-fairy\">r\u00f3\u017cach odmiany The Fairy<\/a>, kt\u00f3ra by\u0142a przedstawiona jako bardzo atrakcyjna, przy czym w miar\u0119 ma\u0142o wymagaj\u0105ca i odporna na choroby. Kolor mia\u0142a cudownie r\u00f3\u017cowy w miar\u0119 przekwitania kwiat staje si\u0119 coraz ja\u015bniejszy i drobnych licznych kwiatach, tak wi\u0119c sta\u0142am si\u0119 posiadaczk\u0105 tych w\u0142a\u015bnie r\u00f3\u017c. <\/span><span style=\"font-family: Arial, serif; font-size: 14pt;\">Teraz po kilku sezonach mog\u0119 stwierdzi\u0107 \u017ce odmiana jest naprawd\u0119 rewelacyjna, pomimo \u017ce ro\u015bnie u mnie w lekkim p\u00f3\u0142cieniu kwitnie doskonale, daje rad\u0119. Kwitnie od czerwca do pierwszych przymrozk\u00f3w w tym roku wyj\u0105tkowo d\u0142ugo praktycznie do grudnia. Kwiat\u00f3w ma bardzo du\u017co drobnych, pe\u0142nych i bardzo mocno si\u0119 rozrasta stwarzaj\u0105c przepi\u0119kny kobierzec. Oczywi\u015bcie na bie\u017c\u0105co usuwam jej przekwit\u0142e kwiatostany. <\/span><\/p>\n<h3><a href=\"https:\/\/rozaria.pl\/roze-pienne\">R\u00f3\u017ca pienna<\/a> w donicy<\/h3>\n<p style=\"text-align: justify;\"><span style=\"font-family: Arial, serif; font-size: 14pt;\">Nie spos\u00f3b tutaj nie wspomnie\u0107 te\u017c o mojej pi\u0119knej r\u00f3\u017cy piennej w kolorze herbacianym, pe\u0142nej budowie kwiat\u00f3w i du\u017cych pojedynczych kwiatach. R\u00f3\u017c\u0119 t\u0105 prowadz\u0119 w du\u017cej ceramicznej donicy. Oczywi\u015bcie na zim\u0119 przechowywana jest w pomieszczeniu, ale co roku odp\u0142aca si\u0119 przepi\u0119knym powtarzaj\u0105cym kwitnieniem bardzo obfitym.<\/span><\/p>\n<h2>Inspiracje i Nowe Odmiany<\/h2>\n<p style=\"text-align: justify;\"><span style=\"font-family: Arial, serif; font-size: 14pt;\">Kolejne zakupy r\u00f3\u017c by\u0142y poprzedzone inspiracj\u0105 po zwiedzeniu ogrod\u00f3w pokazowych Kapias w Gocza\u0142kowicach Zdroju. W ogrodzie tym przepi\u0119kne r\u00f3\u017ce parkowe i krzaczaste r\u00f3wnie\u017c poprowadzone s\u0105 pi\u0119knych bukszpanowych obw\u00f3dkach, idealnie przystrzy\u017conych a ca\u0142e za\u0142o\u017cenie jest otoczone ceglanymi murkami, kt\u00f3re doskonale komponuj\u0105 si\u0119 z r\u00f3\u017cami i bukszpanami. Idealnie dopasowane \u0142aweczki w\u015br\u00f3d kwiat\u00f3w r\u00f3\u017c pozwalaj\u0105 tam na mi\u0142y i przyjemny odpoczynek. Tak w\u0142a\u015bnie przyszed\u0142 pomys\u0142 na kolejne r\u00f3\u017ce w moim ogrodzie. Tym razem w projekcie uwzgl\u0119dni\u0142am r\u00f3\u017ce w kolorach: \u017c\u00f3\u0142tym, niebieskim i pomara\u0144czowym. Oczywi\u015bcie id\u0105c tropem zainspirowania w ogrodach pokazowych Kapias, nie zabrak\u0142o te\u017c miejsca do siedzenia i relaksu oraz kul z bukszpanu.<\/span><\/p>\n<h3><a href=\"https:\/\/rozaria.pl\/blog\/wp-content\/uploads\/2020\/09\/nawozenie_roz.jpg\"><img loading=\"lazy\" decoding=\"async\" class=\"alignleft size-medium wp-image-4329\" src=\"https:\/\/rozaria.pl\/blog\/wp-content\/uploads\/2020\/09\/nawozenie_roz-300x169.jpg\" alt=\"projekt r\u00f3\u017cany\" width=\"300\" height=\"169\" srcset=\"https:\/\/rozaria.pl\/blog\/wp-content\/uploads\/2020\/09\/nawozenie_roz-150x84.jpg 150w, https:\/\/rozaria.pl\/blog\/wp-content\/uploads\/2020\/09\/nawozenie_roz-200x112.jpg 200w, https:\/\/rozaria.pl\/blog\/wp-content\/uploads\/2020\/09\/nawozenie_roz-300x169.jpg 300w, https:\/\/rozaria.pl\/blog\/wp-content\/uploads\/2020\/09\/nawozenie_roz-400x225.jpg 400w, https:\/\/rozaria.pl\/blog\/wp-content\/uploads\/2020\/09\/nawozenie_roz-600x337.jpg 600w, https:\/\/rozaria.pl\/blog\/wp-content\/uploads\/2020\/09\/nawozenie_roz-768x432.jpg 768w, https:\/\/rozaria.pl\/blog\/wp-content\/uploads\/2020\/09\/nawozenie_roz-800x450.jpg 800w, https:\/\/rozaria.pl\/blog\/wp-content\/uploads\/2020\/09\/nawozenie_roz-1024x576.jpg 1024w, https:\/\/rozaria.pl\/blog\/wp-content\/uploads\/2020\/09\/nawozenie_roz-1200x675.jpg 1200w, https:\/\/rozaria.pl\/blog\/wp-content\/uploads\/2020\/09\/nawozenie_roz.jpg 1348w\" sizes=\"(max-width: 300px) 100vw, 300px\" \/><\/a>R\u00f3\u017ce w Ogrodzie Projekt \u0142\u0105czenia nasadze\u0144 z wykorzystaniem ma\u0142ej architektury z ceg\u0142y<\/h3>\n<p style=\"text-align: justify;\"><span style=\"font-family: Arial, serif; font-size: 14pt;\">Id\u0105cym tym pomys\u0142em w bie\u017c\u0105cym roku s\u0105 plany na nowe za\u0142o\u017cenie z wykorzystaniem r\u00f3\u017c, przy planowanym ceglanym murze murowanym z pi\u0119knej starej rozbi\u00f3rkowej ceg\u0142y, sentymentalnej po rozbi\u00f3rce domu dziadk\u00f3w. Moim skromnym zdaniem stara porz\u0105dna ceg\u0142a palona i pi\u0119kne r\u00f3\u017ce, to najpi\u0119kniejszy duet. W moim ogrodzie wszystko powstaje etapami nie chc\u0119 robi\u0107 wszystkiego naraz, inspiruje si\u0119 podr\u00f3\u017cami i kolejnymi odwiedzanymi ogrodami, parkami. Ogr\u00f3d przechodzi kolejne metamorfozy dzi\u0119ki nowym rabatom nowym za\u0142o\u017ceniom i nowym pomys\u0142om.<a href=\"https:\/\/rozaria.pl\/blog\/wp-content\/uploads\/2020\/09\/pielegnowanie_rozy.jpg\"><img loading=\"lazy\" decoding=\"async\" class=\"size-medium wp-image-4328 alignright\" src=\"https:\/\/rozaria.pl\/blog\/wp-content\/uploads\/2020\/09\/pielegnowanie_rozy-225x300.jpg\" alt=\"piel\u0119gnowanie r\u00f3\u017cy\" width=\"225\" height=\"300\" srcset=\"https:\/\/rozaria.pl\/blog\/wp-content\/uploads\/2020\/09\/pielegnowanie_rozy-113x150.jpg 113w, https:\/\/rozaria.pl\/blog\/wp-content\/uploads\/2020\/09\/pielegnowanie_rozy-200x267.jpg 200w, https:\/\/rozaria.pl\/blog\/wp-content\/uploads\/2020\/09\/pielegnowanie_rozy-225x300.jpg 225w, https:\/\/rozaria.pl\/blog\/wp-content\/uploads\/2020\/09\/pielegnowanie_rozy-400x533.jpg 400w, https:\/\/rozaria.pl\/blog\/wp-content\/uploads\/2020\/09\/pielegnowanie_rozy.jpg 532w\" sizes=\"(max-width: 225px) 100vw, 225px\" \/><\/a><\/span><\/p>\n<h3>R\u00f3\u017ce w Ogrodzie &#8211; Sztuka Wybor\u00f3w<\/h3>\n<p style=\"text-align: justify;\"><span style=\"font-family: Arial, serif; font-size: 14pt;\">Niestety nie mo\u017cna mie\u0107 wszystkiego w ogrodzie i tu k\u0142ania si\u0119 sztuka wybor\u00f3w: czy nowa r\u00f3\u017canka? Czy mo\u017ce nowe za\u0142o\u017cenie z ca\u0142kiem innymi ro\u015blinami? A mo\u017ce po\u0142\u0105czenie innych ro\u015blin z przepi\u0119knymi r\u00f3\u017cami? Tak aby wszystko idealnie si\u0119 uzupe\u0142nia\u0142o i pasowa\u0142o. By w ogrodzie w \u017cadnej porze roku nie by\u0142o nudno. Tak bo zima to te\u017c wspania\u0142y czas dla ogrodu i tak jak powiedzia\u0142 wspania\u0142y holenderski projektant Piet Oudolf &#8220;br\u0105zowy to te\u017c kolor&#8230;&#8221;. <\/span><\/p>\n<h3>Podsumowanie<\/h3>\n<p style=\"text-align: justify;\"><span style=\"font-family: Arial, serif; font-size: 14pt;\">R\u00f3\u017ce w ogrodzie to kwiaty kt\u00f3rych nie mo\u017cna zast\u0105pi\u0107 \u017cadnymi innymi, s\u0105 wyj\u0105tkowe w swoje naturze i naprawd\u0119 nie wymagaj\u0105 od nas jaki\u015b specjalnych nak\u0142ad\u00f3w pracy , przyci\u0105gaj\u0105 pszczo\u0142y i owady a to bardzo wa\u017cne. Pami\u0119tajmy \u017ce \u017cycie w ogrodzie to nie tylko cz\u0142owiek to r\u00f3wnie\u017c owady i ptaki. C\u00f3\u017c to za ogr\u00f3d bez \u015bpiewu ptak\u00f3w, brz\u0119czenia pszczo\u0142y czy fruwaj\u0105cego kolorowego motyla. Ogr\u00f3d to \u017cycie i natura z kt\u00f3rym cz\u0142owiek mo\u017ce si\u0119 doskonale zintegrowa\u0107.<\/span><\/p>\n<p style=\"text-align: justify;\"><span style=\"font-family: Arial, serif; font-size: 14pt;\">Justyna K.<\/span><\/p>\n","protected":false},"excerpt":{"rendered":"<p>R\u00f3\u017ce w moim ogrodzie, r\u00f3\u017ce w moim \u017cyciu&#8230; &#8220;Odkryj inspiracje i porady dla swojego wymarzonego ogrodu z projektami r\u00f3\u017canymi. &#8216;R\u00f3\u017ce w ogrodzie projekt&#8217; to klucz do stworzenia przestrzeni pe\u0142nej kolor\u00f3w, zapach\u00f3w i elegancji. Dowiedz si\u0119, jak zaplanowa\u0107 i piel\u0119gnowa\u0107 r\u00f3\u017cane [&hellip;]<\/p>\n","protected":false},"author":11,"featured_media":4335,"comment_status":"open","ping_status":"open","sticky":false,"template":"","format":"standard","meta":{"_mi_skip_tracking":false,"_monsterinsights_sitenote_active":false,"_monsterinsights_sitenote_note":"","_monsterinsights_sitenote_category":0,"footnotes":""},"categories":[111],"tags":[],"yoast_head":"<!-- This site is optimized with the Yoast SEO plugin v23.5 - https:\/\/yoast.com\/wordpress\/plugins\/seo\/ -->\n<title>R\u00d3\u017bE W OGRODZIE PROJEKT r\u00f3\u017ce w ogrodzie projekt - blog Rozaria.pl<\/title>\n<meta name=\"description\" content=\"R\u00f3\u017ce w ogrodzie projekt, to klucz do stworzenia przestrzeni pe\u0142nej kolor\u00f3w, zapach\u00f3w i elegancji. Odkryj inspiracje dla swojej r\u00f3\u017canki.\" \/>\n<meta name=\"robots\" content=\"index, follow, max-snippet:-1, max-image-preview:large, max-video-preview:-1\" \/>\n<link rel=\"canonical\" href=\"https:\/\/rozaria.pl\/blog\/justyna-roze-w-moim-ogrodzie-roze-w-moim-zyciu\/\" \/>\n<meta property=\"og:locale\" content=\"pl_PL\" \/>\n<meta property=\"og:type\" content=\"article\" \/>\n<meta property=\"og:title\" content=\"R\u00d3\u017bE W OGRODZIE PROJEKT r\u00f3\u017ce w ogrodzie projekt - blog Rozaria.pl\" \/>\n<meta property=\"og:description\" content=\"R\u00f3\u017ce w ogrodzie projekt, to klucz do stworzenia przestrzeni pe\u0142nej kolor\u00f3w, zapach\u00f3w i elegancji. Odkryj inspiracje dla swojej r\u00f3\u017canki.\" \/>\n<meta property=\"og:url\" content=\"https:\/\/rozaria.pl\/blog\/justyna-roze-w-moim-ogrodzie-roze-w-moim-zyciu\/\" \/>\n<meta property=\"og:site_name\" content=\"blog Rozaria.pl\" \/>\n<meta property=\"article:publisher\" content=\"https:\/\/www.facebook.com\/SzkolkaRozRozaria\/\" \/>\n<meta property=\"article:published_time\" content=\"2020-09-30T17:40:04+00:00\" \/>\n<meta property=\"article:modified_time\" content=\"2024-02-21T16:56:47+00:00\" \/>\n<meta property=\"og:image\" content=\"https:\/\/rozaria.pl\/blog\/wp-content\/uploads\/2020\/09\/pielegnowanie_roz.jpg\" \/>\n\t<meta property=\"og:image:width\" content=\"945\" \/>\n\t<meta property=\"og:image:height\" content=\"709\" \/>\n\t<meta property=\"og:image:type\" content=\"image\/jpeg\" \/>\n<meta name=\"author\" content=\"Rozaria.pl\" \/>\n<meta name=\"twitter:card\" content=\"summary_large_image\" \/>\n<meta name=\"twitter:creator\" content=\"@SzkolkaRozaria\" \/>\n<meta name=\"twitter:site\" content=\"@SzkolkaRozaria\" \/>\n<meta name=\"twitter:label1\" content=\"Napisane przez\" \/>\n\t<meta name=\"twitter:data1\" content=\"Rozaria.pl\" \/>\n\t<meta name=\"twitter:label2\" content=\"Szacowany czas czytania\" \/>\n\t<meta name=\"twitter:data2\" content=\"6 minut\" \/>\n<script type=\"application\/ld+json\" class=\"yoast-schema-graph\">{\"@context\":\"https:\/\/schema.org\",\"@graph\":[{\"@type\":\"Article\",\"@id\":\"https:\/\/rozaria.pl\/blog\/justyna-roze-w-moim-ogrodzie-roze-w-moim-zyciu\/#article\",\"isPartOf\":{\"@id\":\"https:\/\/rozaria.pl\/blog\/justyna-roze-w-moim-ogrodzie-roze-w-moim-zyciu\/\"},\"author\":{\"name\":\"Rozaria.pl\",\"@id\":\"https:\/\/rozaria.pl\/blog\/#\/schema\/person\/e0b63ce2682f026a88828a7772e9ac22\"},\"headline\":\"r\u00f3\u017ce w ogrodzie projekt\",\"datePublished\":\"2020-09-30T17:40:04+00:00\",\"dateModified\":\"2024-02-21T16:56:47+00:00\",\"mainEntityOfPage\":{\"@id\":\"https:\/\/rozaria.pl\/blog\/justyna-roze-w-moim-ogrodzie-roze-w-moim-zyciu\/\"},\"wordCount\":1063,\"commentCount\":0,\"publisher\":{\"@id\":\"https:\/\/rozaria.pl\/blog\/#organization\"},\"image\":{\"@id\":\"https:\/\/rozaria.pl\/blog\/justyna-roze-w-moim-ogrodzie-roze-w-moim-zyciu\/#primaryimage\"},\"thumbnailUrl\":\"https:\/\/rozaria.pl\/blog\/wp-content\/uploads\/2020\/09\/pielegnowanie_roz.jpg\",\"articleSection\":[\"Historie\"],\"inLanguage\":\"pl-PL\",\"potentialAction\":[{\"@type\":\"CommentAction\",\"name\":\"Comment\",\"target\":[\"https:\/\/rozaria.pl\/blog\/justyna-roze-w-moim-ogrodzie-roze-w-moim-zyciu\/#respond\"]}]},{\"@type\":\"WebPage\",\"@id\":\"https:\/\/rozaria.pl\/blog\/justyna-roze-w-moim-ogrodzie-roze-w-moim-zyciu\/\",\"url\":\"https:\/\/rozaria.pl\/blog\/justyna-roze-w-moim-ogrodzie-roze-w-moim-zyciu\/\",\"name\":\"R\u00d3\u017bE W OGRODZIE PROJEKT r\u00f3\u017ce w ogrodzie projekt - blog Rozaria.pl\",\"isPartOf\":{\"@id\":\"https:\/\/rozaria.pl\/blog\/#website\"},\"primaryImageOfPage\":{\"@id\":\"https:\/\/rozaria.pl\/blog\/justyna-roze-w-moim-ogrodzie-roze-w-moim-zyciu\/#primaryimage\"},\"image\":{\"@id\":\"https:\/\/rozaria.pl\/blog\/justyna-roze-w-moim-ogrodzie-roze-w-moim-zyciu\/#primaryimage\"},\"thumbnailUrl\":\"https:\/\/rozaria.pl\/blog\/wp-content\/uploads\/2020\/09\/pielegnowanie_roz.jpg\",\"datePublished\":\"2020-09-30T17:40:04+00:00\",\"dateModified\":\"2024-02-21T16:56:47+00:00\",\"description\":\"R\u00f3\u017ce w ogrodzie projekt, to klucz do stworzenia przestrzeni pe\u0142nej kolor\u00f3w, zapach\u00f3w i elegancji. Odkryj inspiracje dla swojej r\u00f3\u017canki.\",\"breadcrumb\":{\"@id\":\"https:\/\/rozaria.pl\/blog\/justyna-roze-w-moim-ogrodzie-roze-w-moim-zyciu\/#breadcrumb\"},\"inLanguage\":\"pl-PL\",\"potentialAction\":[{\"@type\":\"ReadAction\",\"target\":[\"https:\/\/rozaria.pl\/blog\/justyna-roze-w-moim-ogrodzie-roze-w-moim-zyciu\/\"]}]},{\"@type\":\"ImageObject\",\"inLanguage\":\"pl-PL\",\"@id\":\"https:\/\/rozaria.pl\/blog\/justyna-roze-w-moim-ogrodzie-roze-w-moim-zyciu\/#primaryimage\",\"url\":\"https:\/\/rozaria.pl\/blog\/wp-content\/uploads\/2020\/09\/pielegnowanie_roz.jpg\",\"contentUrl\":\"https:\/\/rozaria.pl\/blog\/wp-content\/uploads\/2020\/09\/pielegnowanie_roz.jpg\",\"width\":945,\"height\":709,\"caption\":\"piel\u0119gnowanie r\u00f3\u017c\"},{\"@type\":\"BreadcrumbList\",\"@id\":\"https:\/\/rozaria.pl\/blog\/justyna-roze-w-moim-ogrodzie-roze-w-moim-zyciu\/#breadcrumb\",\"itemListElement\":[{\"@type\":\"ListItem\",\"position\":1,\"name\":\"Strona g\u0142\u00f3wna\",\"item\":\"https:\/\/rozaria.pl\/blog\/\"},{\"@type\":\"ListItem\",\"position\":2,\"name\":\"r\u00f3\u017ce w ogrodzie projekt\"}]},{\"@type\":\"WebSite\",\"@id\":\"https:\/\/rozaria.pl\/blog\/#website\",\"url\":\"https:\/\/rozaria.pl\/blog\/\",\"name\":\"blog Rozaria.pl\",\"description\":\"Porozmawiajmy o r\u00f3\u017cach, o wszystkich sprawach\",\"publisher\":{\"@id\":\"https:\/\/rozaria.pl\/blog\/#organization\"},\"potentialAction\":[{\"@type\":\"SearchAction\",\"target\":{\"@type\":\"EntryPoint\",\"urlTemplate\":\"https:\/\/rozaria.pl\/blog\/?s={search_term_string}\"},\"query-input\":{\"@type\":\"PropertyValueSpecification\",\"valueRequired\":true,\"valueName\":\"search_term_string\"}}],\"inLanguage\":\"pl-PL\"},{\"@type\":\"Organization\",\"@id\":\"https:\/\/rozaria.pl\/blog\/#organization\",\"name\":\"Szk\u00f3\u0142ka R\u00f3\u017c Rozaria\",\"url\":\"https:\/\/rozaria.pl\/blog\/\",\"logo\":{\"@type\":\"ImageObject\",\"inLanguage\":\"pl-PL\",\"@id\":\"https:\/\/rozaria.pl\/blog\/#\/schema\/logo\/image\/\",\"url\":\"https:\/\/rozaria.pl\/blog\/wp-content\/uploads\/2016\/12\/logo_dla-rozaria.png\",\"contentUrl\":\"https:\/\/rozaria.pl\/blog\/wp-content\/uploads\/2016\/12\/logo_dla-rozaria.png\",\"width\":400,\"height\":166,\"caption\":\"Szk\u00f3\u0142ka R\u00f3\u017c Rozaria\"},\"image\":{\"@id\":\"https:\/\/rozaria.pl\/blog\/#\/schema\/logo\/image\/\"},\"sameAs\":[\"https:\/\/www.facebook.com\/SzkolkaRozRozaria\/\",\"https:\/\/x.com\/SzkolkaRozaria\",\"https:\/\/www.youtube.com\/channel\/UCguKKBc7F06eYM1tzYx1Z5A\"]},{\"@type\":\"Person\",\"@id\":\"https:\/\/rozaria.pl\/blog\/#\/schema\/person\/e0b63ce2682f026a88828a7772e9ac22\",\"name\":\"Rozaria.pl\",\"image\":{\"@type\":\"ImageObject\",\"inLanguage\":\"pl-PL\",\"@id\":\"https:\/\/rozaria.pl\/blog\/#\/schema\/person\/image\/\",\"url\":\"https:\/\/secure.gravatar.com\/avatar\/a617f0796bdf5b31b93d812b41809f25?s=96&d=mm&r=g\",\"contentUrl\":\"https:\/\/secure.gravatar.com\/avatar\/a617f0796bdf5b31b93d812b41809f25?s=96&d=mm&r=g\",\"caption\":\"Rozaria.pl\"},\"url\":\"https:\/\/rozaria.pl\/blog\/author\/pp\/\"}]}<\/script>\n<!-- \/ Yoast SEO plugin. -->","yoast_head_json":{"title":"R\u00d3\u017bE W OGRODZIE PROJEKT r\u00f3\u017ce w ogrodzie projekt - blog Rozaria.pl","description":"R\u00f3\u017ce w ogrodzie projekt, to klucz do stworzenia przestrzeni pe\u0142nej kolor\u00f3w, zapach\u00f3w i elegancji. Odkryj inspiracje dla swojej r\u00f3\u017canki.","robots":{"index":"index","follow":"follow","max-snippet":"max-snippet:-1","max-image-preview":"max-image-preview:large","max-video-preview":"max-video-preview:-1"},"canonical":"https:\/\/rozaria.pl\/blog\/justyna-roze-w-moim-ogrodzie-roze-w-moim-zyciu\/","og_locale":"pl_PL","og_type":"article","og_title":"R\u00d3\u017bE W OGRODZIE PROJEKT r\u00f3\u017ce w ogrodzie projekt - blog Rozaria.pl","og_description":"R\u00f3\u017ce w ogrodzie projekt, to klucz do stworzenia przestrzeni pe\u0142nej kolor\u00f3w, zapach\u00f3w i elegancji. Odkryj inspiracje dla swojej r\u00f3\u017canki.","og_url":"https:\/\/rozaria.pl\/blog\/justyna-roze-w-moim-ogrodzie-roze-w-moim-zyciu\/","og_site_name":"blog Rozaria.pl","article_publisher":"https:\/\/www.facebook.com\/SzkolkaRozRozaria\/","article_published_time":"2020-09-30T17:40:04+00:00","article_modified_time":"2024-02-21T16:56:47+00:00","og_image":[{"width":945,"height":709,"url":"https:\/\/rozaria.pl\/blog\/wp-content\/uploads\/2020\/09\/pielegnowanie_roz.jpg","type":"image\/jpeg"}],"author":"Rozaria.pl","twitter_card":"summary_large_image","twitter_creator":"@SzkolkaRozaria","twitter_site":"@SzkolkaRozaria","twitter_misc":{"Napisane przez":"Rozaria.pl","Szacowany czas czytania":"6 minut"},"schema":{"@context":"https:\/\/schema.org","@graph":[{"@type":"Article","@id":"https:\/\/rozaria.pl\/blog\/justyna-roze-w-moim-ogrodzie-roze-w-moim-zyciu\/#article","isPartOf":{"@id":"https:\/\/rozaria.pl\/blog\/justyna-roze-w-moim-ogrodzie-roze-w-moim-zyciu\/"},"author":{"name":"Rozaria.pl","@id":"https:\/\/rozaria.pl\/blog\/#\/schema\/person\/e0b63ce2682f026a88828a7772e9ac22"},"headline":"r\u00f3\u017ce w ogrodzie projekt","datePublished":"2020-09-30T17:40:04+00:00","dateModified":"2024-02-21T16:56:47+00:00","mainEntityOfPage":{"@id":"https:\/\/rozaria.pl\/blog\/justyna-roze-w-moim-ogrodzie-roze-w-moim-zyciu\/"},"wordCount":1063,"commentCount":0,"publisher":{"@id":"https:\/\/rozaria.pl\/blog\/#organization"},"image":{"@id":"https:\/\/rozaria.pl\/blog\/justyna-roze-w-moim-ogrodzie-roze-w-moim-zyciu\/#primaryimage"},"thumbnailUrl":"https:\/\/rozaria.pl\/blog\/wp-content\/uploads\/2020\/09\/pielegnowanie_roz.jpg","articleSection":["Historie"],"inLanguage":"pl-PL","potentialAction":[{"@type":"CommentAction","name":"Comment","target":["https:\/\/rozaria.pl\/blog\/justyna-roze-w-moim-ogrodzie-roze-w-moim-zyciu\/#respond"]}]},{"@type":"WebPage","@id":"https:\/\/rozaria.pl\/blog\/justyna-roze-w-moim-ogrodzie-roze-w-moim-zyciu\/","url":"https:\/\/rozaria.pl\/blog\/justyna-roze-w-moim-ogrodzie-roze-w-moim-zyciu\/","name":"R\u00d3\u017bE W OGRODZIE PROJEKT r\u00f3\u017ce w ogrodzie projekt - blog Rozaria.pl","isPartOf":{"@id":"https:\/\/rozaria.pl\/blog\/#website"},"primaryImageOfPage":{"@id":"https:\/\/rozaria.pl\/blog\/justyna-roze-w-moim-ogrodzie-roze-w-moim-zyciu\/#primaryimage"},"image":{"@id":"https:\/\/rozaria.pl\/blog\/justyna-roze-w-moim-ogrodzie-roze-w-moim-zyciu\/#primaryimage"},"thumbnailUrl":"https:\/\/rozaria.pl\/blog\/wp-content\/uploads\/2020\/09\/pielegnowanie_roz.jpg","datePublished":"2020-09-30T17:40:04+00:00","dateModified":"2024-02-21T16:56:47+00:00","description":"R\u00f3\u017ce w ogrodzie projekt, to klucz do stworzenia przestrzeni pe\u0142nej kolor\u00f3w, zapach\u00f3w i elegancji. Odkryj inspiracje dla swojej r\u00f3\u017canki.","breadcrumb":{"@id":"https:\/\/rozaria.pl\/blog\/justyna-roze-w-moim-ogrodzie-roze-w-moim-zyciu\/#breadcrumb"},"inLanguage":"pl-PL","potentialAction":[{"@type":"ReadAction","target":["https:\/\/rozaria.pl\/blog\/justyna-roze-w-moim-ogrodzie-roze-w-moim-zyciu\/"]}]},{"@type":"ImageObject","inLanguage":"pl-PL","@id":"https:\/\/rozaria.pl\/blog\/justyna-roze-w-moim-ogrodzie-roze-w-moim-zyciu\/#primaryimage","url":"https:\/\/rozaria.pl\/blog\/wp-content\/uploads\/2020\/09\/pielegnowanie_roz.jpg","contentUrl":"https:\/\/rozaria.pl\/blog\/wp-content\/uploads\/2020\/09\/pielegnowanie_roz.jpg","width":945,"height":709,"caption":"piel\u0119gnowanie r\u00f3\u017c"},{"@type":"BreadcrumbList","@id":"https:\/\/rozaria.pl\/blog\/justyna-roze-w-moim-ogrodzie-roze-w-moim-zyciu\/#breadcrumb","itemListElement":[{"@type":"ListItem","position":1,"name":"Strona g\u0142\u00f3wna","item":"https:\/\/rozaria.pl\/blog\/"},{"@type":"ListItem","position":2,"name":"r\u00f3\u017ce w ogrodzie projekt"}]},{"@type":"WebSite","@id":"https:\/\/rozaria.pl\/blog\/#website","url":"https:\/\/rozaria.pl\/blog\/","name":"blog Rozaria.pl","description":"Porozmawiajmy o r\u00f3\u017cach, o wszystkich sprawach","publisher":{"@id":"https:\/\/rozaria.pl\/blog\/#organization"},"potentialAction":[{"@type":"SearchAction","target":{"@type":"EntryPoint","urlTemplate":"https:\/\/rozaria.pl\/blog\/?s={search_term_string}"},"query-input":{"@type":"PropertyValueSpecification","valueRequired":true,"valueName":"search_term_string"}}],"inLanguage":"pl-PL"},{"@type":"Organization","@id":"https:\/\/rozaria.pl\/blog\/#organization","name":"Szk\u00f3\u0142ka R\u00f3\u017c Rozaria","url":"https:\/\/rozaria.pl\/blog\/","logo":{"@type":"ImageObject","inLanguage":"pl-PL","@id":"https:\/\/rozaria.pl\/blog\/#\/schema\/logo\/image\/","url":"https:\/\/rozaria.pl\/blog\/wp-content\/uploads\/2016\/12\/logo_dla-rozaria.png","contentUrl":"https:\/\/rozaria.pl\/blog\/wp-content\/uploads\/2016\/12\/logo_dla-rozaria.png","width":400,"height":166,"caption":"Szk\u00f3\u0142ka R\u00f3\u017c Rozaria"},"image":{"@id":"https:\/\/rozaria.pl\/blog\/#\/schema\/logo\/image\/"},"sameAs":["https:\/\/www.facebook.com\/SzkolkaRozRozaria\/","https:\/\/x.com\/SzkolkaRozaria","https:\/\/www.youtube.com\/channel\/UCguKKBc7F06eYM1tzYx1Z5A"]},{"@type":"Person","@id":"https:\/\/rozaria.pl\/blog\/#\/schema\/person\/e0b63ce2682f026a88828a7772e9ac22","name":"Rozaria.pl","image":{"@type":"ImageObject","inLanguage":"pl-PL","@id":"https:\/\/rozaria.pl\/blog\/#\/schema\/person\/image\/","url":"https:\/\/secure.gravatar.com\/avatar\/a617f0796bdf5b31b93d812b41809f25?s=96&d=mm&r=g","contentUrl":"https:\/\/secure.gravatar.com\/avatar\/a617f0796bdf5b31b93d812b41809f25?s=96&d=mm&r=g","caption":"Rozaria.pl"},"url":"https:\/\/rozaria.pl\/blog\/author\/pp\/"}]}},"_links":{"self":[{"href":"https:\/\/rozaria.pl\/blog\/wp-json\/wp\/v2\/posts\/4327"}],"collection":[{"href":"https:\/\/rozaria.pl\/blog\/wp-json\/wp\/v2\/posts"}],"about":[{"href":"https:\/\/rozaria.pl\/blog\/wp-json\/wp\/v2\/types\/post"}],"author":[{"embeddable":true,"href":"https:\/\/rozaria.pl\/blog\/wp-json\/wp\/v2\/users\/11"}],"replies":[{"embeddable":true,"href":"https:\/\/rozaria.pl\/blog\/wp-json\/wp\/v2\/comments?post=4327"}],"version-history":[{"count":8,"href":"https:\/\/rozaria.pl\/blog\/wp-json\/wp\/v2\/posts\/4327\/revisions"}],"predecessor-version":[{"id":5443,"href":"https:\/\/rozaria.pl\/blog\/wp-json\/wp\/v2\/posts\/4327\/revisions\/5443"}],"wp:featuredmedia":[{"embeddable":true,"href":"https:\/\/rozaria.pl\/blog\/wp-json\/wp\/v2\/media\/4335"}],"wp:attachment":[{"href":"https:\/\/rozaria.pl\/blog\/wp-json\/wp\/v2\/media?parent=4327"}],"wp:term":[{"taxonomy":"category","embeddable":true,"href":"https:\/\/rozaria.pl\/blog\/wp-json\/wp\/v2\/categories?post=4327"},{"taxonomy":"post_tag","embeddable":true,"href":"https:\/\/rozaria.pl\/blog\/wp-json\/wp\/v2\/tags?post=4327"}],"curies":[{"name":"wp","href":"https:\/\/api.w.org\/{rel}","templated":true}]}}