{"id":4318,"date":"2020-08-16T20:50:30","date_gmt":"2020-08-16T18:50:30","guid":{"rendered":"https:\/\/rozaria.pl\/blog\/?p=4318"},"modified":"2024-02-21T20:18:30","modified_gmt":"2024-02-21T19:18:30","slug":"m-rozane-reminiscencje","status":"publish","type":"post","link":"https:\/\/rozaria.pl\/blog\/m-rozane-reminiscencje\/","title":{"rendered":"R\u00f3\u017cane reminiscencje"},"content":{"rendered":"<h2 style=\"text-align: justify;\"><span style=\"font-size: 18pt;\"><strong>R\u00f3\u017cane reminiscencje w moim \u017cyciu<\/strong><\/span><\/h2>\n<h3>Dziedzictwo Rodzinne<a href=\"https:\/\/rozaria.pl\/blog\/wp-content\/uploads\/2020\/08\/rozane_reminiscencje.jpg\"><img loading=\"lazy\" decoding=\"async\" class=\"alignright size-medium wp-image-5445\" src=\"https:\/\/rozaria.pl\/blog\/wp-content\/uploads\/2020\/08\/rozane_reminiscencje-200x300.jpg\" alt=\"r\u00f3\u017cane reminiscencje w \u017cyciu\" width=\"200\" height=\"300\" srcset=\"https:\/\/rozaria.pl\/blog\/wp-content\/uploads\/2020\/08\/rozane_reminiscencje-100x150.jpg 100w, https:\/\/rozaria.pl\/blog\/wp-content\/uploads\/2020\/08\/rozane_reminiscencje-200x300.jpg 200w, https:\/\/rozaria.pl\/blog\/wp-content\/uploads\/2020\/08\/rozane_reminiscencje-400x600.jpg 400w, https:\/\/rozaria.pl\/blog\/wp-content\/uploads\/2020\/08\/rozane_reminiscencje.jpg 533w\" sizes=\"(max-width: 200px) 100vw, 200px\" \/><\/a><\/h3>\n<p style=\"text-align: justify;\"><span style=\"font-size: 14pt;\">Pierwszy r\u00f3\u017cany krzak posadzi\u0142a moja babcia. Jako panienka pracowa\u0142a w pa\u0142acu, kt\u00f3ry do dzi\u015b s\u0105siaduje z naszym rodzinnym domem. Nad parkowymi klombami i rabatami, kt\u00f3re ton\u0119\u0142y w kwiatach, piecz\u0119 sprawowa\u0142 ogrodnik. Pono\u0107 mi\u0142y by\u0142 i nieszpetny, a w ramach smalenia cholewek, podarowa\u0142 babci sadzonk\u0119 r\u00f3\u017cy. <\/span><\/p>\n<h3>R\u00f3\u017ca jako Schronienie<\/h3>\n<p style=\"text-align: justify;\"><span style=\"font-size: 14pt;\">Jej p\u0119dy rozrasta\u0142y si\u0119 i wspina\u0142y po ceglanym murze, z czasem przys\u0142oni\u0142y nawet przyziemne wej\u015bcie do kanalizacji burzowej, biegn\u0105cej pod brukowan\u0105 drog\u0105. Babcia wysz\u0142a za m\u0105\u017c, a gdy wybuch\u0142a II wojna \u015bwiatowa, w wilgotnym kanale za g\u0119stymi kolczastym krzakiem r\u00f3\u017cy, nie raz i nie dwa chroni\u0142a si\u0119 przed niemieckimi \u017co\u0142nierzami drobna dziewczynka o jasnych jak len w\u0142osach (to by\u0142a moja mama).<\/span><\/p>\n<h3>Zaginiony Krzew i R\u00f3\u017cane Reminiscencje w \u017cyciu Mamy<\/h3>\n<p style=\"text-align: justify;\"><span style=\"font-size: 14pt;\"><a href=\"https:\/\/rozaria.pl\/blog\/wp-content\/uploads\/2020\/08\/roza_pnaca_laguna.jpg\"><img loading=\"lazy\" decoding=\"async\" class=\"size-medium wp-image-4319 alignleft\" src=\"https:\/\/rozaria.pl\/blog\/wp-content\/uploads\/2020\/08\/roza_pnaca_laguna-300x225.jpg\" alt=\"r\u00f3\u017cane reminiscencje\" width=\"300\" height=\"225\" srcset=\"https:\/\/rozaria.pl\/blog\/wp-content\/uploads\/2020\/08\/roza_pnaca_laguna-150x113.jpg 150w, https:\/\/rozaria.pl\/blog\/wp-content\/uploads\/2020\/08\/roza_pnaca_laguna-200x150.jpg 200w, https:\/\/rozaria.pl\/blog\/wp-content\/uploads\/2020\/08\/roza_pnaca_laguna-300x225.jpg 300w, https:\/\/rozaria.pl\/blog\/wp-content\/uploads\/2020\/08\/roza_pnaca_laguna-400x300.jpg 400w, https:\/\/rozaria.pl\/blog\/wp-content\/uploads\/2020\/08\/roza_pnaca_laguna-600x450.jpg 600w, https:\/\/rozaria.pl\/blog\/wp-content\/uploads\/2020\/08\/roza_pnaca_laguna-768x576.jpg 768w, https:\/\/rozaria.pl\/blog\/wp-content\/uploads\/2020\/08\/roza_pnaca_laguna-800x600.jpg 800w, https:\/\/rozaria.pl\/blog\/wp-content\/uploads\/2020\/08\/roza_pnaca_laguna-1024x768.jpg 1024w, https:\/\/rozaria.pl\/blog\/wp-content\/uploads\/2020\/08\/roza_pnaca_laguna-1200x900.jpg 1200w, https:\/\/rozaria.pl\/blog\/wp-content\/uploads\/2020\/08\/roza_pnaca_laguna-1536x1152.jpg 1536w, https:\/\/rozaria.pl\/blog\/wp-content\/uploads\/2020\/08\/roza_pnaca_laguna.jpg 1632w\" sizes=\"(max-width: 300px) 100vw, 300px\" \/><\/a>Co si\u0119 sta\u0142o z pa\u0142acowym krzewem w cichym zak\u0105tku ogrodu ? Niestety Mama nie pami\u0119ta, ale niew\u0105tpliwie historia z r\u00f3\u017c\u0105 w tle zaszczepi\u0142a w niej wielk\u0105 mi\u0142o\u015b\u0107 do kr\u00f3lowej wszystkich kwiat\u00f3w. <\/span><\/p>\n<h3>R\u00f3\u017cany Ogr\u00f3d Mamy<\/h3>\n<p style=\"text-align: justify;\"><span style=\"font-size: 14pt;\">I tak po latach w jej przedogr\u00f3dku na po\u0142udniowo-zachodniej ekspozycji zacz\u0119\u0142y pojawia\u0107 si\u0119 r\u00f3\u017ce, kt\u00f3re mo\u017cna by\u0142o tylko podziwia\u0107. Do bukiet\u00f3w trafia\u0142y wy\u0142\u0105cznie ro\u015bliny zdobi\u0105ce warzywniak na ty\u0142ach ogrodu. <\/span><\/p>\n<h3>Komplementy S\u0105siad\u00f3w<\/h3>\n<p style=\"text-align: justify;\"><span style=\"font-size: 14pt;\">Gdy nadchodzi\u0142 czas kwitnienia, w ciep\u0142e wieczory przed domem unosi\u0142 si\u0119 niezapomniany s\u0142odki zapach kwiat\u00f3w. Przechodz\u0105cy obok s\u0105siedzi cz\u0119sto otwierali furtk\u0119 i siadali z mam\u0105 na \u0142awce lub przystawali na chwil\u0119, aby zapyta\u0107 o nowe nasadzenia. <\/span><\/p>\n<h3>Harmonia w Ogrodzie<\/h3>\n<p style=\"text-align: justify;\"><span style=\"font-size: 14pt;\">Ich zdaniem w ca\u0142ej wiosce nie by\u0142o pi\u0119kniejszej rabaty. A mama jeszcze d\u0142ugo z dum\u0105 piel\u0119gnowa\u0142a wielkokwiatowe i pn\u0105ce r\u00f3\u017ce w bia\u0142ych i r\u00f3\u017cowych odcieniach, a te \u017cy\u0142y sobie w harmonii z k\u0119pami lawendy i kocimi\u0119tki.<\/span><\/p>\n<h2>Od R\u00f3\u017canych Wspomnie\u0144 do W\u0142asnego Rozarium<\/h2>\n<p style=\"text-align: justify;\"><span style=\"font-size: 14pt;\">Znowu min\u0119\u0142y kolejne lata i wiosny, rozarium przed domem rodzic\u00f3w sta\u0142o si\u0119 tylko nostalgicznym wspomnieniem. Kilka lat temu sama sta\u0142am si\u0119 ogrodniczk\u0105 na kilku arach piaszczystej dzia\u0142ki. Z rado\u015bci\u0105 zaj\u0119\u0142am si\u0119 upraw\u0105 ro\u015blin. Najwi\u0119cej emocji wzbudza\u0142y oczywi\u015bcie r\u00f3\u017ce. I znowu wr\u00f3ci\u0142y <span style=\"text-decoration: underline;\"><strong>r\u00f3\u017cane reminiscencje<\/strong><\/span>, kt\u00f3re zaj\u0119\u0142y g\u0142\u00f3wne miejsce w moich planach.<\/span><\/p>\n<h3>Pocz\u0105tki z Amadeusem i Aloha<\/h3>\n<p style=\"text-align: justify;\"><span style=\"font-size: 14pt;\">Pierwsze pojawi\u0142y si\u0119 przy wej\u015bciu do ogrodu. Dzi\u015b <em>Amadeus<\/em>\u00a0 pi\u0119knie oplata pergol\u0119 krwistoczerwonymi kwiatami, a morelowa z czerwonymi przebarwieniami <em>Aloha <\/em>wita wszystkich owocowym aromatem.<\/span><\/p>\n<h3>Stworzenie Rozarium<\/h3>\n<p style=\"text-align: justify;\"><span style=\"font-size: 14pt;\">Niewielkie rozarium powsta\u0142o przed altank\u0105, gdzie ci\u0105gle doskonal\u0119 trudn\u0105 sztuk\u0119 uprawy r\u00f3\u017c. Lokatork\u0105 nr 1 sta\u0142a si\u0119 lawendowa <em>Novalis <\/em>z grupy bajkowych, kt\u00f3ra swoj\u0105 urod\u0105 wyr\u00f3\u017cnia si\u0119 spo\u015br\u00f3d pozosta\u0142ych krzew\u00f3w. W s\u0105siedztwie doskonale czuje si\u0119 r\u00f3\u017ca pienna, delikatnie r\u00f3\u017cowa i <em>Parole &#8211; <\/em>wyj\u0105tkowa r\u00f3\u017ca o olbrzymich, osi\u0105gaj\u0105cych nawet 22 cm \u015brednicy kwiatach. Moje na razie maj\u0105 \u00a016 cm. ale pachn\u0105 r\u00f3wnie zniewalaj\u0105co i zapewne tak, jak jej wielokrotnie nagradzane kuzynki. Nie potrafi\u0119 przej\u015b\u0107 obok nich oboj\u0119tnie, wi\u0119c zatapiam twarz w aksamitnych p\u0142atkach, delektuj\u0119 si\u0119 przyjemn\u0105 woni\u0105 i wiem na pewno, \u017ce racj\u0119 mia\u0142 Pan Thomas twierdz\u0105c, \u017ce <em>R\u00f3\u017ca bez zapachu nie jest mniej pi\u0119kna, ale mniej poci\u0105gaj\u0105ca.<\/em><\/span><\/p>\n<h3>Kolekcja si\u0119 Rozrasta<\/h3>\n<p style=\"text-align: justify;\"><span style=\"font-size: 14pt;\">Po przeciwnej stronie rabaty znalaz\u0142a si\u0119 r\u00f3\u017ca wielkokwiatowa typu Burgund o pachn\u0105cych, pi\u0119knych i du\u017cych kwiatach, skrz\u0105cych si\u0119 kroplami deszczu lub porannej rosy. Obok niej kilka sadzonek przypadkowych (czyt. podarowanych) w \u017c\u00f3\u0142tej i pomara\u0144czowej palecie barw. Wszystkie wsp\u00f3\u0142graj\u0105 z lawend\u0105, liliami, ostr\u00f3\u017ckami, pysznog\u0142\u00f3wk\u0105, je\u017c\u00f3wk\u0105 a nawet z przypadkow\u0105 \u0142odyg\u0105 kopru. Wszystkie ciesz\u0105, przywo\u0142uj\u0105 wspomnienia i sprawiaj\u0105, \u017ce cz\u0119sto \u015bwiat ogranicza si\u0119 tylko do tej chwili, w kt\u00f3rej one s\u0105 dla mnie, a ja dla nich.<\/span><\/p>\n<h2>Nowe Miejsca dla R\u00f3\u017c w Ogrodzie<\/h2>\n<p style=\"text-align: justify;\"><span style=\"font-size: 14pt;\">Ka\u017cdego roku znajduj\u0119 nowe miejsce dla kolejnego krzewu, cho\u0107 nie zawsze jest to dobry wyb\u00f3r. Zielon\u0105 \u015bcian\u0119 s\u0105siada utkan\u0105 z bluszczu i tui roz\u015bwietli\u0142y bia\u0142o-kremowe kwiaty r\u00f3\u017cy, kt\u00f3rej nazwy nie pami\u0119tam.\u00a0 Jej p\u0119dy bez problemu wspi\u0119\u0142y si\u0119 na g\u00f3r\u0119 ogrodzenia, po drodze zagl\u0105daj\u0105c do ogrodowego zak\u0105tka. By\u0107 mo\u017ce z nadmiaru cienia nigdy nie by\u0142y obficie obsypane kwieciem. St\u0105d wiem, \u017ce r\u00f3\u017ce kochaj\u0105 s\u0142o\u0144ce.<a href=\"https:\/\/rozaria.pl\/blog\/wp-content\/uploads\/2020\/08\/rozane_reminiscencje_w_ogrodzie.jpg\"><img loading=\"lazy\" decoding=\"async\" class=\"wp-image-5446 size-full aligncenter\" src=\"https:\/\/rozaria.pl\/blog\/wp-content\/uploads\/2020\/08\/rozane_reminiscencje_w_ogrodzie.jpg\" alt=\"r\u00f3\u017cane reminiscencje\" width=\"900\" height=\"600\" srcset=\"https:\/\/rozaria.pl\/blog\/wp-content\/uploads\/2020\/08\/rozane_reminiscencje_w_ogrodzie-150x100.jpg 150w, https:\/\/rozaria.pl\/blog\/wp-content\/uploads\/2020\/08\/rozane_reminiscencje_w_ogrodzie-200x133.jpg 200w, https:\/\/rozaria.pl\/blog\/wp-content\/uploads\/2020\/08\/rozane_reminiscencje_w_ogrodzie-300x200.jpg 300w, https:\/\/rozaria.pl\/blog\/wp-content\/uploads\/2020\/08\/rozane_reminiscencje_w_ogrodzie-400x267.jpg 400w, https:\/\/rozaria.pl\/blog\/wp-content\/uploads\/2020\/08\/rozane_reminiscencje_w_ogrodzie-600x400.jpg 600w, https:\/\/rozaria.pl\/blog\/wp-content\/uploads\/2020\/08\/rozane_reminiscencje_w_ogrodzie-768x512.jpg 768w, https:\/\/rozaria.pl\/blog\/wp-content\/uploads\/2020\/08\/rozane_reminiscencje_w_ogrodzie-800x533.jpg 800w, https:\/\/rozaria.pl\/blog\/wp-content\/uploads\/2020\/08\/rozane_reminiscencje_w_ogrodzie.jpg 900w\" sizes=\"(max-width: 900px) 100vw, 900px\" \/><\/a><\/span><\/p>\n<h3>Plan na Wiosn\u0119 &#8211; R\u00f3\u017ca Parkowa Retro<\/h3>\n<p style=\"text-align: justify;\"><span style=\"font-size: 14pt;\">Tej wiosny w s\u0105siedztwie planuj\u0119 dosadzi\u0107 parkow\u0105 r\u00f3\u017c\u0119 retro: <a href=\"https:\/\/rozaria.pl\/angielskie-roze-lemon-parody\">angielsk\u0105 r\u00f3\u017c\u0119 <em>Thomas Graham.<\/em><\/a><em> N<\/em>a temat, kt\u00f3rej czytam same pozytywne opinie. Znosi p\u00f3\u0142cie\u0144, pi\u0119knie pachnie i kwitnie przez kilka miesi\u0119cy ciep\u0142o-\u017c\u00f3\u0142tymi bukiecikami kwiat\u00f3w. Oczami wyobra\u017ani ju\u017c widz\u0119 roz\u015bwietlon\u0105 z\u0142otem zielon\u0105 \u015bcian\u0119\u2026 nawet w pochmurne dni. <\/span><\/p>\n<h3>Po\u0142\u0105czenie P\u00f3\u0142nocy z Po\u0142udniem<\/h3>\n<p style=\"text-align: justify;\"><span style=\"font-size: 14pt;\">I tak p\u00f3\u0142nocna wystawa nawi\u0105\u017ce do po\u0142udniowej strony tarasu, gdzie od trzech lat cieszy oczy krzaczasta <a href=\"https:\/\/rozaria.pl\/roze-historyczne-ghislaine-de-feligonde\"><em>Ghislaine\u00a0 de Feligonde<\/em><\/a>. Jej wiotkie p\u0119dy obsypane s\u0105 drobnymi r\u00f3\u017cyczkami\u00a0 w kolorze od \u017c\u00f3\u0142to-pomara\u0144czowego po morelowo-bia\u0142y. To r\u00f3wnie\u017c podr\u0119czna sto\u0142\u00f3wka dla owad\u00f3w zamieszkuj\u0105cych sw\u00f3j hotelik pi\u0119tro wy\u017cej.<\/span><\/p>\n<h3>R\u00f3\u017cany Zak\u0105tek na Balkonie<\/h3>\n<p style=\"text-align: justify;\"><span style=\"font-size: 14pt;\"><a href=\"https:\/\/rozaria.pl\/blog\/wp-content\/uploads\/2020\/08\/roza_pnaca_laguna.jpg\"><img loading=\"lazy\" decoding=\"async\" class=\"alignright size-medium wp-image-4319\" src=\"https:\/\/rozaria.pl\/blog\/wp-content\/uploads\/2020\/08\/roza_pnaca_laguna-300x225.jpg\" alt=\"r\u00f3\u017cane reminiscencje\" width=\"300\" height=\"225\" srcset=\"https:\/\/rozaria.pl\/blog\/wp-content\/uploads\/2020\/08\/roza_pnaca_laguna-150x113.jpg 150w, https:\/\/rozaria.pl\/blog\/wp-content\/uploads\/2020\/08\/roza_pnaca_laguna-200x150.jpg 200w, https:\/\/rozaria.pl\/blog\/wp-content\/uploads\/2020\/08\/roza_pnaca_laguna-300x225.jpg 300w, https:\/\/rozaria.pl\/blog\/wp-content\/uploads\/2020\/08\/roza_pnaca_laguna-400x300.jpg 400w, https:\/\/rozaria.pl\/blog\/wp-content\/uploads\/2020\/08\/roza_pnaca_laguna-600x450.jpg 600w, https:\/\/rozaria.pl\/blog\/wp-content\/uploads\/2020\/08\/roza_pnaca_laguna-768x576.jpg 768w, https:\/\/rozaria.pl\/blog\/wp-content\/uploads\/2020\/08\/roza_pnaca_laguna-800x600.jpg 800w, https:\/\/rozaria.pl\/blog\/wp-content\/uploads\/2020\/08\/roza_pnaca_laguna-1024x768.jpg 1024w, https:\/\/rozaria.pl\/blog\/wp-content\/uploads\/2020\/08\/roza_pnaca_laguna-1200x900.jpg 1200w, https:\/\/rozaria.pl\/blog\/wp-content\/uploads\/2020\/08\/roza_pnaca_laguna-1536x1152.jpg 1536w, https:\/\/rozaria.pl\/blog\/wp-content\/uploads\/2020\/08\/roza_pnaca_laguna.jpg 1632w\" sizes=\"(max-width: 300px) 100vw, 300px\" \/><\/a>Minionej wiosny zamarzy\u0142 mi si\u0119 r\u00f3\u017cany zak\u0105tek na balkonie. W zbitej z drewna skrzyni, odpowiednio zabezpieczonej (styropianem, foli\u0105 i systemem odwadniaj\u0105cym) oraz zaopatrzonej w kompost i odpowiedni\u0105 ziemi\u0119, posadzi\u0142am wypr\u00f3bowany ju\u017c w ogrodzie gatunek \u2013 czerwon\u0105 r\u00f3\u017c\u0119 <em>Amadeus <\/em>o zapachu dzikiej r\u00f3\u017cy i bia\u0142o-kremow\u0105 nostalgiczn\u0105 <em>Ilse Krohn Superior. <\/em>Pierwsze p\u0119dy oplot\u0142y drewnian\u0105 konstrukcj\u0119 daj\u0105c nadziej\u0119 na tegoroczny, pe\u0142ny rozkwit r\u00f3\u017canych krzew\u00f3w. Teraz tylko czekam na efekty.<\/span><\/p>\n<h3>Laguna &#8211; Pi\u0119kno na Balkonie<\/h3>\n<p style=\"text-align: justify;\"><span style=\"font-size: 14pt;\">Obok w donicy ju\u017c ubieg\u0142ego lata zakwit\u0142a pienna pi\u0119kno\u015b\u0107 \u2013 <em>Laguna<\/em>. Gdy s\u0142o\u0144ce na dobre ogrzeje \u015bwiat, \u00a0jak\u017ce wyj\u0105tkowo smakowa\u0107 b\u0119dzie niedzielna, poranna kawa w\u015br\u00f3d kwiat\u00f3w i okolicznych czerwonych dach\u00f3w. <\/span><\/p>\n<h2>Ogr\u00f3d Pe\u0142en R\u00f3\u017c<\/h2>\n<p style=\"text-align: justify;\"><span style=\"font-family: georgia, palatino, serif; font-size: 14pt;\"><em><span style=\"text-decoration: underline;\">&#8220;R\u00f3\u017cane reminiscencje&#8221;<\/span><\/em> to opowie\u015b\u0107 przesycona nostalgi\u0105 i mi\u0142o\u015bci\u0105 do r\u00f3\u017c, kt\u00f3re odgrywaj\u0105 centraln\u0105 rol\u0119 w \u017cyciu autora i jego rodziny. Przez pokolenia, od babci pracuj\u0105cej w pa\u0142acowych ogrodach, przez matk\u0119, kt\u00f3ra piel\u0119gnowa\u0142a r\u00f3\u017cane rabaty, a\u017c po autork\u0119, kt\u00f3ra kontynuuje tradycj\u0119 w swoim ogrodzie, r\u00f3\u017ce staj\u0105 si\u0119 symbolem pi\u0119kna, mi\u0142o\u015bci i wspomnie\u0144. <\/span><\/p>\n<p style=\"text-align: justify;\"><span style=\"font-size: 14pt; font-family: georgia, palatino, serif;\">Ogr\u00f3d te\u017c r\u00f3\u017cami zakwitnie, na nowo zachwyci i wzruszy ot\u00a0 tak po prostu.<\/span><\/p>\n<p style=\"text-align: justify;\"><span style=\"font-size: 14pt;\">M.<\/span><\/p>\n","protected":false},"excerpt":{"rendered":"<p>R\u00f3\u017cane reminiscencje w moim \u017cyciu Dziedzictwo Rodzinne Pierwszy r\u00f3\u017cany krzak posadzi\u0142a moja babcia. Jako panienka pracowa\u0142a w pa\u0142acu, kt\u00f3ry do dzi\u015b s\u0105siaduje z naszym rodzinnym domem. Nad parkowymi klombami i rabatami, kt\u00f3re ton\u0119\u0142y w kwiatach, piecz\u0119 sprawowa\u0142 ogrodnik. Pono\u0107 mi\u0142y [&hellip;]<\/p>\n","protected":false},"author":11,"featured_media":4320,"comment_status":"open","ping_status":"open","sticky":false,"template":"","format":"standard","meta":{"_mi_skip_tracking":false,"_monsterinsights_sitenote_active":false,"_monsterinsights_sitenote_note":"","_monsterinsights_sitenote_category":0,"footnotes":""},"categories":[111],"tags":[],"yoast_head":"<!-- This site is optimized with the Yoast SEO plugin v23.5 - https:\/\/yoast.com\/wordpress\/plugins\/seo\/ -->\n<title>R\u00d3\u017bANE REMINISCENCJE R\u00f3\u017cane reminiscencje - blog Rozaria.pl<\/title>\n<meta name=\"description\" content=\"&quot;R\u00f3\u017cane reminiscencje&quot; to nostalgiczn\u0105 podr\u00f3\u017c przez wspomnienia i historie, kt\u00f3re \u0142\u0105cz\u0105 pokolenia z kr\u00f3low\u0105 kwiat\u00f3w - r\u00f3\u017c\u0105.\" \/>\n<meta name=\"robots\" content=\"index, follow, max-snippet:-1, max-image-preview:large, max-video-preview:-1\" \/>\n<link rel=\"canonical\" href=\"https:\/\/rozaria.pl\/blog\/m-rozane-reminiscencje\/\" \/>\n<meta property=\"og:locale\" content=\"pl_PL\" \/>\n<meta property=\"og:type\" content=\"article\" \/>\n<meta property=\"og:title\" content=\"R\u00d3\u017bANE REMINISCENCJE R\u00f3\u017cane reminiscencje - blog Rozaria.pl\" \/>\n<meta property=\"og:description\" content=\"&quot;R\u00f3\u017cane reminiscencje&quot; to nostalgiczn\u0105 podr\u00f3\u017c przez wspomnienia i historie, kt\u00f3re \u0142\u0105cz\u0105 pokolenia z kr\u00f3low\u0105 kwiat\u00f3w - r\u00f3\u017c\u0105.\" \/>\n<meta property=\"og:url\" content=\"https:\/\/rozaria.pl\/blog\/m-rozane-reminiscencje\/\" \/>\n<meta property=\"og:site_name\" content=\"blog Rozaria.pl\" \/>\n<meta property=\"article:publisher\" content=\"https:\/\/www.facebook.com\/SzkolkaRozRozaria\/\" \/>\n<meta property=\"article:published_time\" content=\"2020-08-16T18:50:30+00:00\" \/>\n<meta property=\"article:modified_time\" content=\"2024-02-21T19:18:30+00:00\" \/>\n<meta property=\"og:image\" content=\"https:\/\/rozaria.pl\/blog\/wp-content\/uploads\/2020\/08\/roza_wielokwiatowa_parole.jpg\" \/>\n\t<meta property=\"og:image:width\" content=\"1920\" \/>\n\t<meta property=\"og:image:height\" content=\"931\" \/>\n\t<meta property=\"og:image:type\" content=\"image\/jpeg\" \/>\n<meta name=\"author\" content=\"Rozaria.pl\" \/>\n<meta name=\"twitter:card\" content=\"summary_large_image\" \/>\n<meta name=\"twitter:creator\" content=\"@SzkolkaRozaria\" \/>\n<meta name=\"twitter:site\" content=\"@SzkolkaRozaria\" \/>\n<meta name=\"twitter:label1\" content=\"Napisane przez\" \/>\n\t<meta name=\"twitter:data1\" content=\"Rozaria.pl\" \/>\n\t<meta name=\"twitter:label2\" content=\"Szacowany czas czytania\" \/>\n\t<meta name=\"twitter:data2\" content=\"7 minut\" \/>\n<script type=\"application\/ld+json\" class=\"yoast-schema-graph\">{\"@context\":\"https:\/\/schema.org\",\"@graph\":[{\"@type\":\"Article\",\"@id\":\"https:\/\/rozaria.pl\/blog\/m-rozane-reminiscencje\/#article\",\"isPartOf\":{\"@id\":\"https:\/\/rozaria.pl\/blog\/m-rozane-reminiscencje\/\"},\"author\":{\"name\":\"Rozaria.pl\",\"@id\":\"https:\/\/rozaria.pl\/blog\/#\/schema\/person\/e0b63ce2682f026a88828a7772e9ac22\"},\"headline\":\"R\u00f3\u017cane reminiscencje\",\"datePublished\":\"2020-08-16T18:50:30+00:00\",\"dateModified\":\"2024-02-21T19:18:30+00:00\",\"mainEntityOfPage\":{\"@id\":\"https:\/\/rozaria.pl\/blog\/m-rozane-reminiscencje\/\"},\"wordCount\":1108,\"commentCount\":0,\"publisher\":{\"@id\":\"https:\/\/rozaria.pl\/blog\/#organization\"},\"image\":{\"@id\":\"https:\/\/rozaria.pl\/blog\/m-rozane-reminiscencje\/#primaryimage\"},\"thumbnailUrl\":\"https:\/\/rozaria.pl\/blog\/wp-content\/uploads\/2020\/08\/roza_wielokwiatowa_parole.jpg\",\"articleSection\":[\"Historie\"],\"inLanguage\":\"pl-PL\",\"potentialAction\":[{\"@type\":\"CommentAction\",\"name\":\"Comment\",\"target\":[\"https:\/\/rozaria.pl\/blog\/m-rozane-reminiscencje\/#respond\"]}]},{\"@type\":\"WebPage\",\"@id\":\"https:\/\/rozaria.pl\/blog\/m-rozane-reminiscencje\/\",\"url\":\"https:\/\/rozaria.pl\/blog\/m-rozane-reminiscencje\/\",\"name\":\"R\u00d3\u017bANE REMINISCENCJE R\u00f3\u017cane reminiscencje - blog Rozaria.pl\",\"isPartOf\":{\"@id\":\"https:\/\/rozaria.pl\/blog\/#website\"},\"primaryImageOfPage\":{\"@id\":\"https:\/\/rozaria.pl\/blog\/m-rozane-reminiscencje\/#primaryimage\"},\"image\":{\"@id\":\"https:\/\/rozaria.pl\/blog\/m-rozane-reminiscencje\/#primaryimage\"},\"thumbnailUrl\":\"https:\/\/rozaria.pl\/blog\/wp-content\/uploads\/2020\/08\/roza_wielokwiatowa_parole.jpg\",\"datePublished\":\"2020-08-16T18:50:30+00:00\",\"dateModified\":\"2024-02-21T19:18:30+00:00\",\"description\":\"\\\"R\u00f3\u017cane reminiscencje\\\" to nostalgiczn\u0105 podr\u00f3\u017c przez wspomnienia i historie, kt\u00f3re \u0142\u0105cz\u0105 pokolenia z kr\u00f3low\u0105 kwiat\u00f3w - r\u00f3\u017c\u0105.\",\"breadcrumb\":{\"@id\":\"https:\/\/rozaria.pl\/blog\/m-rozane-reminiscencje\/#breadcrumb\"},\"inLanguage\":\"pl-PL\",\"potentialAction\":[{\"@type\":\"ReadAction\",\"target\":[\"https:\/\/rozaria.pl\/blog\/m-rozane-reminiscencje\/\"]}]},{\"@type\":\"ImageObject\",\"inLanguage\":\"pl-PL\",\"@id\":\"https:\/\/rozaria.pl\/blog\/m-rozane-reminiscencje\/#primaryimage\",\"url\":\"https:\/\/rozaria.pl\/blog\/wp-content\/uploads\/2020\/08\/roza_wielokwiatowa_parole.jpg\",\"contentUrl\":\"https:\/\/rozaria.pl\/blog\/wp-content\/uploads\/2020\/08\/roza_wielokwiatowa_parole.jpg\",\"width\":1920,\"height\":931,\"caption\":\"r\u00f3\u017ca wielokwiatowa parole\"},{\"@type\":\"BreadcrumbList\",\"@id\":\"https:\/\/rozaria.pl\/blog\/m-rozane-reminiscencje\/#breadcrumb\",\"itemListElement\":[{\"@type\":\"ListItem\",\"position\":1,\"name\":\"Strona g\u0142\u00f3wna\",\"item\":\"https:\/\/rozaria.pl\/blog\/\"},{\"@type\":\"ListItem\",\"position\":2,\"name\":\"R\u00f3\u017cane reminiscencje\"}]},{\"@type\":\"WebSite\",\"@id\":\"https:\/\/rozaria.pl\/blog\/#website\",\"url\":\"https:\/\/rozaria.pl\/blog\/\",\"name\":\"blog Rozaria.pl\",\"description\":\"Porozmawiajmy o r\u00f3\u017cach, o wszystkich sprawach\",\"publisher\":{\"@id\":\"https:\/\/rozaria.pl\/blog\/#organization\"},\"potentialAction\":[{\"@type\":\"SearchAction\",\"target\":{\"@type\":\"EntryPoint\",\"urlTemplate\":\"https:\/\/rozaria.pl\/blog\/?s={search_term_string}\"},\"query-input\":{\"@type\":\"PropertyValueSpecification\",\"valueRequired\":true,\"valueName\":\"search_term_string\"}}],\"inLanguage\":\"pl-PL\"},{\"@type\":\"Organization\",\"@id\":\"https:\/\/rozaria.pl\/blog\/#organization\",\"name\":\"Szk\u00f3\u0142ka R\u00f3\u017c Rozaria\",\"url\":\"https:\/\/rozaria.pl\/blog\/\",\"logo\":{\"@type\":\"ImageObject\",\"inLanguage\":\"pl-PL\",\"@id\":\"https:\/\/rozaria.pl\/blog\/#\/schema\/logo\/image\/\",\"url\":\"https:\/\/rozaria.pl\/blog\/wp-content\/uploads\/2016\/12\/logo_dla-rozaria.png\",\"contentUrl\":\"https:\/\/rozaria.pl\/blog\/wp-content\/uploads\/2016\/12\/logo_dla-rozaria.png\",\"width\":400,\"height\":166,\"caption\":\"Szk\u00f3\u0142ka R\u00f3\u017c Rozaria\"},\"image\":{\"@id\":\"https:\/\/rozaria.pl\/blog\/#\/schema\/logo\/image\/\"},\"sameAs\":[\"https:\/\/www.facebook.com\/SzkolkaRozRozaria\/\",\"https:\/\/x.com\/SzkolkaRozaria\",\"https:\/\/www.youtube.com\/channel\/UCguKKBc7F06eYM1tzYx1Z5A\"]},{\"@type\":\"Person\",\"@id\":\"https:\/\/rozaria.pl\/blog\/#\/schema\/person\/e0b63ce2682f026a88828a7772e9ac22\",\"name\":\"Rozaria.pl\",\"image\":{\"@type\":\"ImageObject\",\"inLanguage\":\"pl-PL\",\"@id\":\"https:\/\/rozaria.pl\/blog\/#\/schema\/person\/image\/\",\"url\":\"https:\/\/secure.gravatar.com\/avatar\/a617f0796bdf5b31b93d812b41809f25?s=96&d=mm&r=g\",\"contentUrl\":\"https:\/\/secure.gravatar.com\/avatar\/a617f0796bdf5b31b93d812b41809f25?s=96&d=mm&r=g\",\"caption\":\"Rozaria.pl\"},\"url\":\"https:\/\/rozaria.pl\/blog\/author\/pp\/\"}]}<\/script>\n<!-- \/ Yoast SEO plugin. -->","yoast_head_json":{"title":"R\u00d3\u017bANE REMINISCENCJE R\u00f3\u017cane reminiscencje - blog Rozaria.pl","description":"\"R\u00f3\u017cane reminiscencje\" to nostalgiczn\u0105 podr\u00f3\u017c przez wspomnienia i historie, kt\u00f3re \u0142\u0105cz\u0105 pokolenia z kr\u00f3low\u0105 kwiat\u00f3w - r\u00f3\u017c\u0105.","robots":{"index":"index","follow":"follow","max-snippet":"max-snippet:-1","max-image-preview":"max-image-preview:large","max-video-preview":"max-video-preview:-1"},"canonical":"https:\/\/rozaria.pl\/blog\/m-rozane-reminiscencje\/","og_locale":"pl_PL","og_type":"article","og_title":"R\u00d3\u017bANE REMINISCENCJE R\u00f3\u017cane reminiscencje - blog Rozaria.pl","og_description":"\"R\u00f3\u017cane reminiscencje\" to nostalgiczn\u0105 podr\u00f3\u017c przez wspomnienia i historie, kt\u00f3re \u0142\u0105cz\u0105 pokolenia z kr\u00f3low\u0105 kwiat\u00f3w - r\u00f3\u017c\u0105.","og_url":"https:\/\/rozaria.pl\/blog\/m-rozane-reminiscencje\/","og_site_name":"blog Rozaria.pl","article_publisher":"https:\/\/www.facebook.com\/SzkolkaRozRozaria\/","article_published_time":"2020-08-16T18:50:30+00:00","article_modified_time":"2024-02-21T19:18:30+00:00","og_image":[{"width":1920,"height":931,"url":"https:\/\/rozaria.pl\/blog\/wp-content\/uploads\/2020\/08\/roza_wielokwiatowa_parole.jpg","type":"image\/jpeg"}],"author":"Rozaria.pl","twitter_card":"summary_large_image","twitter_creator":"@SzkolkaRozaria","twitter_site":"@SzkolkaRozaria","twitter_misc":{"Napisane przez":"Rozaria.pl","Szacowany czas czytania":"7 minut"},"schema":{"@context":"https:\/\/schema.org","@graph":[{"@type":"Article","@id":"https:\/\/rozaria.pl\/blog\/m-rozane-reminiscencje\/#article","isPartOf":{"@id":"https:\/\/rozaria.pl\/blog\/m-rozane-reminiscencje\/"},"author":{"name":"Rozaria.pl","@id":"https:\/\/rozaria.pl\/blog\/#\/schema\/person\/e0b63ce2682f026a88828a7772e9ac22"},"headline":"R\u00f3\u017cane reminiscencje","datePublished":"2020-08-16T18:50:30+00:00","dateModified":"2024-02-21T19:18:30+00:00","mainEntityOfPage":{"@id":"https:\/\/rozaria.pl\/blog\/m-rozane-reminiscencje\/"},"wordCount":1108,"commentCount":0,"publisher":{"@id":"https:\/\/rozaria.pl\/blog\/#organization"},"image":{"@id":"https:\/\/rozaria.pl\/blog\/m-rozane-reminiscencje\/#primaryimage"},"thumbnailUrl":"https:\/\/rozaria.pl\/blog\/wp-content\/uploads\/2020\/08\/roza_wielokwiatowa_parole.jpg","articleSection":["Historie"],"inLanguage":"pl-PL","potentialAction":[{"@type":"CommentAction","name":"Comment","target":["https:\/\/rozaria.pl\/blog\/m-rozane-reminiscencje\/#respond"]}]},{"@type":"WebPage","@id":"https:\/\/rozaria.pl\/blog\/m-rozane-reminiscencje\/","url":"https:\/\/rozaria.pl\/blog\/m-rozane-reminiscencje\/","name":"R\u00d3\u017bANE REMINISCENCJE R\u00f3\u017cane reminiscencje - blog Rozaria.pl","isPartOf":{"@id":"https:\/\/rozaria.pl\/blog\/#website"},"primaryImageOfPage":{"@id":"https:\/\/rozaria.pl\/blog\/m-rozane-reminiscencje\/#primaryimage"},"image":{"@id":"https:\/\/rozaria.pl\/blog\/m-rozane-reminiscencje\/#primaryimage"},"thumbnailUrl":"https:\/\/rozaria.pl\/blog\/wp-content\/uploads\/2020\/08\/roza_wielokwiatowa_parole.jpg","datePublished":"2020-08-16T18:50:30+00:00","dateModified":"2024-02-21T19:18:30+00:00","description":"\"R\u00f3\u017cane reminiscencje\" to nostalgiczn\u0105 podr\u00f3\u017c przez wspomnienia i historie, kt\u00f3re \u0142\u0105cz\u0105 pokolenia z kr\u00f3low\u0105 kwiat\u00f3w - r\u00f3\u017c\u0105.","breadcrumb":{"@id":"https:\/\/rozaria.pl\/blog\/m-rozane-reminiscencje\/#breadcrumb"},"inLanguage":"pl-PL","potentialAction":[{"@type":"ReadAction","target":["https:\/\/rozaria.pl\/blog\/m-rozane-reminiscencje\/"]}]},{"@type":"ImageObject","inLanguage":"pl-PL","@id":"https:\/\/rozaria.pl\/blog\/m-rozane-reminiscencje\/#primaryimage","url":"https:\/\/rozaria.pl\/blog\/wp-content\/uploads\/2020\/08\/roza_wielokwiatowa_parole.jpg","contentUrl":"https:\/\/rozaria.pl\/blog\/wp-content\/uploads\/2020\/08\/roza_wielokwiatowa_parole.jpg","width":1920,"height":931,"caption":"r\u00f3\u017ca wielokwiatowa parole"},{"@type":"BreadcrumbList","@id":"https:\/\/rozaria.pl\/blog\/m-rozane-reminiscencje\/#breadcrumb","itemListElement":[{"@type":"ListItem","position":1,"name":"Strona g\u0142\u00f3wna","item":"https:\/\/rozaria.pl\/blog\/"},{"@type":"ListItem","position":2,"name":"R\u00f3\u017cane reminiscencje"}]},{"@type":"WebSite","@id":"https:\/\/rozaria.pl\/blog\/#website","url":"https:\/\/rozaria.pl\/blog\/","name":"blog Rozaria.pl","description":"Porozmawiajmy o r\u00f3\u017cach, o wszystkich sprawach","publisher":{"@id":"https:\/\/rozaria.pl\/blog\/#organization"},"potentialAction":[{"@type":"SearchAction","target":{"@type":"EntryPoint","urlTemplate":"https:\/\/rozaria.pl\/blog\/?s={search_term_string}"},"query-input":{"@type":"PropertyValueSpecification","valueRequired":true,"valueName":"search_term_string"}}],"inLanguage":"pl-PL"},{"@type":"Organization","@id":"https:\/\/rozaria.pl\/blog\/#organization","name":"Szk\u00f3\u0142ka R\u00f3\u017c Rozaria","url":"https:\/\/rozaria.pl\/blog\/","logo":{"@type":"ImageObject","inLanguage":"pl-PL","@id":"https:\/\/rozaria.pl\/blog\/#\/schema\/logo\/image\/","url":"https:\/\/rozaria.pl\/blog\/wp-content\/uploads\/2016\/12\/logo_dla-rozaria.png","contentUrl":"https:\/\/rozaria.pl\/blog\/wp-content\/uploads\/2016\/12\/logo_dla-rozaria.png","width":400,"height":166,"caption":"Szk\u00f3\u0142ka R\u00f3\u017c Rozaria"},"image":{"@id":"https:\/\/rozaria.pl\/blog\/#\/schema\/logo\/image\/"},"sameAs":["https:\/\/www.facebook.com\/SzkolkaRozRozaria\/","https:\/\/x.com\/SzkolkaRozaria","https:\/\/www.youtube.com\/channel\/UCguKKBc7F06eYM1tzYx1Z5A"]},{"@type":"Person","@id":"https:\/\/rozaria.pl\/blog\/#\/schema\/person\/e0b63ce2682f026a88828a7772e9ac22","name":"Rozaria.pl","image":{"@type":"ImageObject","inLanguage":"pl-PL","@id":"https:\/\/rozaria.pl\/blog\/#\/schema\/person\/image\/","url":"https:\/\/secure.gravatar.com\/avatar\/a617f0796bdf5b31b93d812b41809f25?s=96&d=mm&r=g","contentUrl":"https:\/\/secure.gravatar.com\/avatar\/a617f0796bdf5b31b93d812b41809f25?s=96&d=mm&r=g","caption":"Rozaria.pl"},"url":"https:\/\/rozaria.pl\/blog\/author\/pp\/"}]}},"_links":{"self":[{"href":"https:\/\/rozaria.pl\/blog\/wp-json\/wp\/v2\/posts\/4318"}],"collection":[{"href":"https:\/\/rozaria.pl\/blog\/wp-json\/wp\/v2\/posts"}],"about":[{"href":"https:\/\/rozaria.pl\/blog\/wp-json\/wp\/v2\/types\/post"}],"author":[{"embeddable":true,"href":"https:\/\/rozaria.pl\/blog\/wp-json\/wp\/v2\/users\/11"}],"replies":[{"embeddable":true,"href":"https:\/\/rozaria.pl\/blog\/wp-json\/wp\/v2\/comments?post=4318"}],"version-history":[{"count":6,"href":"https:\/\/rozaria.pl\/blog\/wp-json\/wp\/v2\/posts\/4318\/revisions"}],"predecessor-version":[{"id":5448,"href":"https:\/\/rozaria.pl\/blog\/wp-json\/wp\/v2\/posts\/4318\/revisions\/5448"}],"wp:featuredmedia":[{"embeddable":true,"href":"https:\/\/rozaria.pl\/blog\/wp-json\/wp\/v2\/media\/4320"}],"wp:attachment":[{"href":"https:\/\/rozaria.pl\/blog\/wp-json\/wp\/v2\/media?parent=4318"}],"wp:term":[{"taxonomy":"category","embeddable":true,"href":"https:\/\/rozaria.pl\/blog\/wp-json\/wp\/v2\/categories?post=4318"},{"taxonomy":"post_tag","embeddable":true,"href":"https:\/\/rozaria.pl\/blog\/wp-json\/wp\/v2\/tags?post=4318"}],"curies":[{"name":"wp","href":"https:\/\/api.w.org\/{rel}","templated":true}]}}