{"id":4292,"date":"2020-05-10T20:45:50","date_gmt":"2020-05-10T18:45:50","guid":{"rendered":"https:\/\/rozaria.pl\/blog\/?p=4292"},"modified":"2020-06-06T11:59:47","modified_gmt":"2020-06-06T09:59:47","slug":"urszula-rozowy-zawrot-glowy","status":"publish","type":"post","link":"https:\/\/rozaria.pl\/blog\/urszula-rozowy-zawrot-glowy\/","title":{"rendered":"Urszula &#8211; r\u00f3\u017cowy zawr\u00f3t g\u0142owy"},"content":{"rendered":"<p style=\"text-align: justify\"><span style=\"font-size: 14pt\">Zdawa\u0142oby si\u0119, \u017ce zaledwie wczoraj zacz\u0119\u0142am, trwaj\u0105c\u0105 do dzi\u015b, przygod\u0119 z r\u00f3\u017cami. A jednak minie w tym roku dwana\u015bcie lat, kiedy na miejscu brzydkiego trawnika z\u00a0 z dwiema s\u0142abo kwitn\u0105cymi r\u00f3\u017cami i trzmielin\u0105, zapragn\u0119\u0142am r\u00f3\u017canego ogrodu. Wymarzy\u0142am sobie morze kolorowych kwiat\u00f3w i ten jedyny w swoim rodzaju zapach. Dzi\u015b mam 130 r\u00f3\u017c, kt\u00f3re od wiosny do przymrozk\u00f3w wabi\u0105 motyle i pszczo\u0142y, a nas ludzi ciesz\u0105 wygl\u0105dem i zapachem.<\/span><\/p>\n<p style=\"text-align: justify\"><span style=\"font-size: 14pt\">W ci\u0105gu tych lat uzale\u017cni\u0142am si\u0119 od tych najpi\u0119kniejszych ze wszystkich kwiat\u00f3w. I chocia\u017c\u00a0 jedn\u0105 z rabat przeznaczy\u0142am na byliny i jednoroczne, moj\u0105 wielk\u0105\u00a0 mi\u0142o\u015bci\u0105 pozostaj\u0105 r\u00f3\u017ce. A pocz\u0105tki by\u0142y nie\u0142atwe: gliniasta, kamienista ziemia, resztki materia\u0142\u00f3w z budowy domu i niezbyt sprzyjaj\u0105cy klimat nie wr\u00f3\u017cy\u0142y powodzenia. Kiedy mia\u0142am wykopan\u0105 i oczyszczon\u0105 pierwsz\u0105 grz\u0105dk\u0119, kiedy posadzi\u0142am pierwsze dziesi\u0119\u0107 r\u00f3\u017c, poczu\u0142am prawdziw\u0105 rado\u015b\u0107. Jedn\u0105 z pierwszych moich r\u00f3\u017c by\u0142a<a href=\"https:\/\/rozaria.pl\/roze-wielkokwiatowe-chopin\"> r\u00f3\u017ca wielokwiatowa Chopin<\/a> &#8211; pi\u0119kna kremowa r\u00f3\u017ca o olbrzymich kwiatach. Dzi\u015b ma oko\u0142o 180 cm wysoko\u015bci i kwitnie od po\u0142owy czerwca do jesieni. Dzielnie broni si\u0119 przed chorobami i szkodnikami.<\/span><\/p>\n<p style=\"text-align: justify\"><span style=\"font-size: 14pt\">Z roku na rok spe\u0142nia\u0142o si\u0119 moje marzenie o ogrodzie r\u00f3\u017canym. Syn i c\u00f3rka intensywnie w\u0142\u0105czyli si\u0119 w to przedsi\u0119wzi\u0119cie: a to w czasie wizyt u mnie kupowali sadzonki, a to dostawa\u0142am bon prezentowy do szk\u00f3\u0142ki r\u00f3\u017canej, a to sadzonki poczt\u0105 jako kwiatek na Dzie\u0144 Matki. Dzi\u015b mam r\u00f3\u017ce pn\u0105ce, rabatowe, okrywowe, wielkokwiatowe, parkowe. Gdybym mia\u0142a wybra\u0107, kt\u00f3r\u0105 lubi\u0119 najbardziej mia\u0142abym nie lada dylemat&#8230;<\/span><\/p>\n<p><img loading=\"lazy\" decoding=\"async\" class=\"aligncenter wp-image-4294 size-large\" title=\"r\u00f3\u017ca wielokwiatowa double delight\" src=\"http:\/\/rozaria.pl\/blog\/wp-content\/uploads\/2020\/05\/roza_wielokwiatowa_chopin-1024x1024.jpg\" alt=\"r\u00f3\u017ca wielokwiatowa double delight\" width=\"1024\" height=\"1024\" srcset=\"https:\/\/rozaria.pl\/blog\/wp-content\/uploads\/2020\/05\/roza_wielokwiatowa_chopin-66x66.jpg 66w, https:\/\/rozaria.pl\/blog\/wp-content\/uploads\/2020\/05\/roza_wielokwiatowa_chopin-150x150.jpg 150w, https:\/\/rozaria.pl\/blog\/wp-content\/uploads\/2020\/05\/roza_wielokwiatowa_chopin-200x200.jpg 200w, https:\/\/rozaria.pl\/blog\/wp-content\/uploads\/2020\/05\/roza_wielokwiatowa_chopin-300x300.jpg 300w, https:\/\/rozaria.pl\/blog\/wp-content\/uploads\/2020\/05\/roza_wielokwiatowa_chopin-400x400.jpg 400w, https:\/\/rozaria.pl\/blog\/wp-content\/uploads\/2020\/05\/roza_wielokwiatowa_chopin-600x600.jpg 600w, https:\/\/rozaria.pl\/blog\/wp-content\/uploads\/2020\/05\/roza_wielokwiatowa_chopin-768x768.jpg 768w, https:\/\/rozaria.pl\/blog\/wp-content\/uploads\/2020\/05\/roza_wielokwiatowa_chopin-800x800.jpg 800w, https:\/\/rozaria.pl\/blog\/wp-content\/uploads\/2020\/05\/roza_wielokwiatowa_chopin-1024x1024.jpg 1024w, https:\/\/rozaria.pl\/blog\/wp-content\/uploads\/2020\/05\/roza_wielokwiatowa_chopin-1200x1200.jpg 1200w, https:\/\/rozaria.pl\/blog\/wp-content\/uploads\/2020\/05\/roza_wielokwiatowa_chopin.jpg 1414w\" sizes=\"(max-width: 1024px) 100vw, 1024px\" \/><\/p>\n<p style=\"text-align: justify\"><span style=\"font-size: 14pt\">Czy by\u0142aby to ciemnoczerwona Grande Amore, czy <a href=\"https:\/\/rozaria.pl\/roza-westerland-parkowa\">r\u00f3\u017ca parkowa Westerland<\/a> zmieniaj\u0105ca barw\u0119 kwiat\u00f3w od kremowej przez pomara\u0144cz do r\u00f3\u017cu?\u00a0 A mo\u017ce Abracadabra w weso\u0142e czerwono \u017c\u00f3\u0142to bia\u0142e paski? Czy mo\u017ce Schwarze Madonna o aksamitnych p\u0105sowych p\u0142atkach lub Cherry Girl o niezliczonych kwiatuszkach zebranych w baldachy? Id\u0119 w\u015br\u00f3d moich r\u00f3\u017c, mijam Parole o niesamowitych kwiatach i osza\u0142amiaj\u0105cym zapachu, obok pyszni si\u0119 Alexandra Princesse de Luxembourg, za ni\u0105 Queen of Heards, a dalej cudna pomara\u0144czowa Caramella, delikatna porcelanowo-r\u00f3\u017cowa Andre le Notre i bujne pn\u0105ce: Florentina, kt\u00f3rej miseczkowate, bordowe kwiaty utrzymuj\u0105 si\u0119 bardzo d\u0142ugo, z\u0142ocistopomara\u0144czowa Aloha i tyle innych,kt\u00f3rych nazw nie pami\u0119tam. Tak wiele ich jest i wszystkie pi\u0119kne. <\/span><\/p>\n<p style=\"text-align: justify\"><span style=\"font-size: 14pt\">Niestety nie mam ju\u017c tej, kt\u00f3r\u0105 lubi\u0142am najbardziej: Novalis. Olbrzymi krzew w najlepszym momencie kwitnienia mia\u0142 160 kwiat\u00f3w r\u00f3wnocze\u015bnie! Kwiaty o pi\u0119knym lawendowym kolorze, postrz\u0119pione na ko\u0144cach i mocno wype\u0142nione. By\u0142a prawdziw\u0105 kr\u00f3low\u0105 ogrodu.\u00a0 Wystarczy\u0142 jeden, jedyny silny powiew wiatru i palowy korze\u0144 mojej kr\u00f3lowej nie wytrzyma\u0142. Oczywi\u015bcie pr\u00f3bowa\u0142am j\u0105 ratowa\u0107,ale niestety nie uda\u0142o si\u0119. My\u015bl\u0119, \u017ce w tym roku prze\u0142ami\u0119 si\u0119 i kupi\u0119 sadzonk\u0119 tej niezwyk\u0142ej lawendowej r\u00f3\u017cy. Ciekawe jest to, \u017ce\u00a0 krzew kupiony jako r\u00f3\u017ca rabatowa ( czyli nie najwy\u017csza) po trzech latach mia\u0142 ponad 170 cm wysoko\u015bci!<\/span><\/p>\n<p style=\"text-align: justify\"><span style=\"font-size: 14pt\">Sadz\u0105c pierwsze r\u00f3\u017ce niewiele o nich wiedzia\u0142am. Ba\u0142am si\u0119 ci\u0105\u0107, bo a nu\u017c nie b\u0119d\u0105 kwit\u0142y, ka\u017cdy robaczek na li\u015bciu wydawa\u0142 mi si\u0119 zab\u00f3jc\u0105. Dzi\u015b wiem, \u017ce r\u00f3\u017ce nale\u017cy przycina\u0107 wiosn\u0105 i nie ba\u0107 si\u0119 tego. Do\u015bwiadczeni m\u00f3wi\u0105: \u201e je\u017celi kochasz, to tnij mocno\u201d. Tnij nad oczkiem skierowanym na zewn\u0105trz lekko sko\u015bnie bardzo ostrym sekatorem. Na mszyce, skoczki i inne ta\u0142atajstwo tak\u017ce mam sprawdzone sposoby. Niekt\u00f3re z przyrz\u0105dzanych przeze mnie wywar\u00f3w wykr\u0119caj\u0105 nos nie tylko m\u00f3j ( gnoj\u00f3wka z pokrzyw o cudownych w\u0142a\u015bciwo\u015bciach, ale straszliwym zapachu), ale przecie\u017c cel u\u015bwi\u0119ca \u015brodki.<\/span><\/p>\n<p><img loading=\"lazy\" decoding=\"async\" class=\"aligncenter wp-image-4293 size-large\" title=\"r\u00f3\u017ca rabatowa Novalis\" src=\"http:\/\/rozaria.pl\/blog\/wp-content\/uploads\/2020\/05\/roza_parkowa_westerland-1024x576.jpg\" alt=\"r\u00f3\u017ca rabatowa Novalis\" width=\"1024\" height=\"576\" srcset=\"https:\/\/rozaria.pl\/blog\/wp-content\/uploads\/2020\/05\/roza_parkowa_westerland-150x84.jpg 150w, https:\/\/rozaria.pl\/blog\/wp-content\/uploads\/2020\/05\/roza_parkowa_westerland-200x112.jpg 200w, https:\/\/rozaria.pl\/blog\/wp-content\/uploads\/2020\/05\/roza_parkowa_westerland-300x169.jpg 300w, https:\/\/rozaria.pl\/blog\/wp-content\/uploads\/2020\/05\/roza_parkowa_westerland-400x225.jpg 400w, https:\/\/rozaria.pl\/blog\/wp-content\/uploads\/2020\/05\/roza_parkowa_westerland-600x337.jpg 600w, https:\/\/rozaria.pl\/blog\/wp-content\/uploads\/2020\/05\/roza_parkowa_westerland-768x432.jpg 768w, https:\/\/rozaria.pl\/blog\/wp-content\/uploads\/2020\/05\/roza_parkowa_westerland-800x450.jpg 800w, https:\/\/rozaria.pl\/blog\/wp-content\/uploads\/2020\/05\/roza_parkowa_westerland-1024x576.jpg 1024w, https:\/\/rozaria.pl\/blog\/wp-content\/uploads\/2020\/05\/roza_parkowa_westerland-1200x675.jpg 1200w, https:\/\/rozaria.pl\/blog\/wp-content\/uploads\/2020\/05\/roza_parkowa_westerland-1536x864.jpg 1536w, https:\/\/rozaria.pl\/blog\/wp-content\/uploads\/2020\/05\/roza_parkowa_westerland.jpg 1885w\" sizes=\"(max-width: 1024px) 100vw, 1024px\" \/><\/p>\n<p style=\"text-align: justify\"><span style=\"font-size: 14pt\">Moje r\u00f3\u017ce dokarmiam obornikiem i czasem nawozami mineralnymi. Musz\u0119 przyzna\u0107, \u017ce apetyt maj\u0105 du\u017cy, ale odwdzi\u0119czaj\u0105 si\u0119 wiosn\u0105, latem i jesieni\u0105. Bardzo du\u017co czytam o hodowli r\u00f3\u017c, pytam tak\u017ce do\u015bwiadczonych ogrodnik\u00f3w i podpatruj\u0119 wsz\u0119dzie gdzie mog\u0119. W ogrodach botanicznych pierwsze kroki kieruj\u0119 zawsze do rozarium ( jako\u015b nie lubi\u0119 s\u0142owa: r\u00f3\u017canka) i ogl\u0105dam, ogl\u0105dam, ogl\u0105dam. Nie pokocha\u0142y mojego ogrodu tylko r\u00f3\u017ce pienne. Mimo stara\u0144 kolejno marnia\u0142y. Do dzi\u015b nie wiem jaka by\u0142a tego przyczyna&#8230;<\/span><\/p>\n<p style=\"text-align: justify\"><span style=\"font-size: 14pt\">Musz\u0119 wspomnie\u0107 o jeszcze jednej r\u00f3\u017cy. Niepozorna i samotna ros\u0142a na \u015brodku trawnika. Po kilku latach trzeba by\u0142o podeprze\u0107 j\u0105 metalow\u0105 pergol\u0105, bo tak si\u0119 rozros\u0142a. Kwitnie raz od czerwca do sierpnia, ma pachn\u0105ce, jasnoczerwone kwiaty , a jesieni\u0105\u00a0 pi\u0119kne czerwone owoce. Zostawiam je,bo zim\u0105 kiedy ch\u0142odno i g\u0142odno, przylatuj\u0105 sikory, dzwo\u0144ce, kosy i inne fruwaj\u0105ce, aby si\u0119 po\u017cywi\u0107. <\/span><\/p>\n<p style=\"text-align: justify\"><span style=\"font-size: 14pt\">Kocham ten m\u00f3j ogr\u00f3d, ca\u0142y czas co\u015b w nim poprawiam i zmieniam. W ubieg\u0142ym roku mi\u0119dzy p\u0105sowymi pn\u0105cymi r\u00f3\u017cami Jazz posadzi\u0142am jasne powojniki. Przyznam si\u0119, \u017ce podpatrzy\u0142am to w rozarium w warszawskim Wilanowie, ale warto by\u0142o. Widok prawie bia\u0142ych powojnik\u00f3w pomi\u0119dzy r\u00f3\u017cami przer\u00f3s\u0142 moje oczekiwania. Wiem, \u017ce s\u0105 ogrody r\u00f3\u017cane du\u017co pi\u0119kniejsze, bardziej uporz\u0105dkowane, lepiej zaprojektowane. Podziwiam\u00a0 architektur\u0119 i wyposa\u017cenie. Jednak ten ogr\u00f3d jest m\u00f3j. Sama go stworzy\u0142am od podstaw. Ka\u017cdy z kamieni okalaj\u0105cych rabaty zosta\u0142 przeze mnie wydobyty i ka\u017cdy metr ziemi zosta\u0142 przeze mnie przekopany. I nawet kiedy w\u015br\u00f3d r\u00f3\u017c wysieje si\u0119 jaki\u015b koper, zostawiam go, bo jest r\u00f3wnie\u017c elementem wystroju. Dzi\u015b patrz\u0119 na\u00a0 za\u015bnie\u017cony ogr\u00f3d ( jest stycze\u0144) i licz\u0119 dni do rozpocz\u0119cia prac w\u015br\u00f3d moich kwiat\u00f3w.<\/span><\/p>\n<p style=\"text-align: justify\"><span style=\"font-size: 14pt\">Urszula Bober<\/span><\/p>\n","protected":false},"excerpt":{"rendered":"<p>Zdawa\u0142oby si\u0119, \u017ce zaledwie wczoraj zacz\u0119\u0142am, trwaj\u0105c\u0105 do dzi\u015b, przygod\u0119 z r\u00f3\u017cami. A jednak minie w tym roku dwana\u015bcie lat, kiedy na miejscu brzydkiego trawnika z\u00a0 z dwiema s\u0142abo kwitn\u0105cymi r\u00f3\u017cami i trzmielin\u0105, zapragn\u0119\u0142am r\u00f3\u017canego ogrodu. Wymarzy\u0142am sobie morze kolorowych [&hellip;]<\/p>\n","protected":false},"author":11,"featured_media":4293,"comment_status":"open","ping_status":"open","sticky":false,"template":"","format":"standard","meta":{"_mi_skip_tracking":false,"_monsterinsights_sitenote_active":false,"_monsterinsights_sitenote_note":"","_monsterinsights_sitenote_category":0,"footnotes":""},"categories":[111],"tags":[],"yoast_head":"<!-- This site is optimized with the Yoast SEO plugin v23.5 - https:\/\/yoast.com\/wordpress\/plugins\/seo\/ -->\n<title>Urszula - r\u00f3\u017cowy zawr\u00f3t g\u0142owy - blog Rozaria.pl<\/title>\n<meta name=\"robots\" content=\"index, follow, max-snippet:-1, max-image-preview:large, max-video-preview:-1\" \/>\n<link rel=\"canonical\" href=\"https:\/\/rozaria.pl\/blog\/urszula-rozowy-zawrot-glowy\/\" \/>\n<meta property=\"og:locale\" content=\"pl_PL\" \/>\n<meta property=\"og:type\" content=\"article\" \/>\n<meta property=\"og:title\" content=\"Urszula - r\u00f3\u017cowy zawr\u00f3t g\u0142owy - blog Rozaria.pl\" \/>\n<meta property=\"og:description\" content=\"Zdawa\u0142oby si\u0119, \u017ce zaledwie wczoraj zacz\u0119\u0142am, trwaj\u0105c\u0105 do dzi\u015b, przygod\u0119 z r\u00f3\u017cami. A jednak minie w tym roku dwana\u015bcie lat, kiedy na miejscu brzydkiego trawnika z\u00a0 z dwiema s\u0142abo kwitn\u0105cymi r\u00f3\u017cami i trzmielin\u0105, zapragn\u0119\u0142am r\u00f3\u017canego ogrodu. Wymarzy\u0142am sobie morze kolorowych [&hellip;]\" \/>\n<meta property=\"og:url\" content=\"https:\/\/rozaria.pl\/blog\/urszula-rozowy-zawrot-glowy\/\" \/>\n<meta property=\"og:site_name\" content=\"blog Rozaria.pl\" \/>\n<meta property=\"article:publisher\" content=\"https:\/\/www.facebook.com\/SzkolkaRozRozaria\/\" \/>\n<meta property=\"article:published_time\" content=\"2020-05-10T18:45:50+00:00\" \/>\n<meta property=\"article:modified_time\" content=\"2020-06-06T09:59:47+00:00\" \/>\n<meta property=\"og:image\" content=\"https:\/\/rozaria.pl\/blog\/wp-content\/uploads\/2020\/05\/roza_parkowa_westerland.jpg\" \/>\n\t<meta property=\"og:image:width\" content=\"1885\" \/>\n\t<meta property=\"og:image:height\" content=\"1060\" \/>\n\t<meta property=\"og:image:type\" content=\"image\/jpeg\" \/>\n<meta name=\"author\" content=\"Rozaria.pl\" \/>\n<meta name=\"twitter:card\" content=\"summary_large_image\" \/>\n<meta name=\"twitter:creator\" content=\"@SzkolkaRozaria\" \/>\n<meta name=\"twitter:site\" content=\"@SzkolkaRozaria\" \/>\n<meta name=\"twitter:label1\" content=\"Napisane przez\" \/>\n\t<meta name=\"twitter:data1\" content=\"Rozaria.pl\" \/>\n\t<meta name=\"twitter:label2\" content=\"Szacowany czas czytania\" \/>\n\t<meta name=\"twitter:data2\" content=\"5 minut\" \/>\n<script type=\"application\/ld+json\" class=\"yoast-schema-graph\">{\"@context\":\"https:\/\/schema.org\",\"@graph\":[{\"@type\":\"Article\",\"@id\":\"https:\/\/rozaria.pl\/blog\/urszula-rozowy-zawrot-glowy\/#article\",\"isPartOf\":{\"@id\":\"https:\/\/rozaria.pl\/blog\/urszula-rozowy-zawrot-glowy\/\"},\"author\":{\"name\":\"Rozaria.pl\",\"@id\":\"https:\/\/rozaria.pl\/blog\/#\/schema\/person\/e0b63ce2682f026a88828a7772e9ac22\"},\"headline\":\"Urszula &#8211; r\u00f3\u017cowy zawr\u00f3t g\u0142owy\",\"datePublished\":\"2020-05-10T18:45:50+00:00\",\"dateModified\":\"2020-06-06T09:59:47+00:00\",\"mainEntityOfPage\":{\"@id\":\"https:\/\/rozaria.pl\/blog\/urszula-rozowy-zawrot-glowy\/\"},\"wordCount\":973,\"commentCount\":0,\"publisher\":{\"@id\":\"https:\/\/rozaria.pl\/blog\/#organization\"},\"image\":{\"@id\":\"https:\/\/rozaria.pl\/blog\/urszula-rozowy-zawrot-glowy\/#primaryimage\"},\"thumbnailUrl\":\"https:\/\/rozaria.pl\/blog\/wp-content\/uploads\/2020\/05\/roza_parkowa_westerland.jpg\",\"articleSection\":[\"Historie\"],\"inLanguage\":\"pl-PL\",\"potentialAction\":[{\"@type\":\"CommentAction\",\"name\":\"Comment\",\"target\":[\"https:\/\/rozaria.pl\/blog\/urszula-rozowy-zawrot-glowy\/#respond\"]}]},{\"@type\":\"WebPage\",\"@id\":\"https:\/\/rozaria.pl\/blog\/urszula-rozowy-zawrot-glowy\/\",\"url\":\"https:\/\/rozaria.pl\/blog\/urszula-rozowy-zawrot-glowy\/\",\"name\":\"Urszula - r\u00f3\u017cowy zawr\u00f3t g\u0142owy - blog Rozaria.pl\",\"isPartOf\":{\"@id\":\"https:\/\/rozaria.pl\/blog\/#website\"},\"primaryImageOfPage\":{\"@id\":\"https:\/\/rozaria.pl\/blog\/urszula-rozowy-zawrot-glowy\/#primaryimage\"},\"image\":{\"@id\":\"https:\/\/rozaria.pl\/blog\/urszula-rozowy-zawrot-glowy\/#primaryimage\"},\"thumbnailUrl\":\"https:\/\/rozaria.pl\/blog\/wp-content\/uploads\/2020\/05\/roza_parkowa_westerland.jpg\",\"datePublished\":\"2020-05-10T18:45:50+00:00\",\"dateModified\":\"2020-06-06T09:59:47+00:00\",\"breadcrumb\":{\"@id\":\"https:\/\/rozaria.pl\/blog\/urszula-rozowy-zawrot-glowy\/#breadcrumb\"},\"inLanguage\":\"pl-PL\",\"potentialAction\":[{\"@type\":\"ReadAction\",\"target\":[\"https:\/\/rozaria.pl\/blog\/urszula-rozowy-zawrot-glowy\/\"]}]},{\"@type\":\"ImageObject\",\"inLanguage\":\"pl-PL\",\"@id\":\"https:\/\/rozaria.pl\/blog\/urszula-rozowy-zawrot-glowy\/#primaryimage\",\"url\":\"https:\/\/rozaria.pl\/blog\/wp-content\/uploads\/2020\/05\/roza_parkowa_westerland.jpg\",\"contentUrl\":\"https:\/\/rozaria.pl\/blog\/wp-content\/uploads\/2020\/05\/roza_parkowa_westerland.jpg\",\"width\":1885,\"height\":1060,\"caption\":\"r\u00f3\u017ca parkowa westerland\"},{\"@type\":\"BreadcrumbList\",\"@id\":\"https:\/\/rozaria.pl\/blog\/urszula-rozowy-zawrot-glowy\/#breadcrumb\",\"itemListElement\":[{\"@type\":\"ListItem\",\"position\":1,\"name\":\"Strona g\u0142\u00f3wna\",\"item\":\"https:\/\/rozaria.pl\/blog\/\"},{\"@type\":\"ListItem\",\"position\":2,\"name\":\"Urszula &#8211; r\u00f3\u017cowy zawr\u00f3t g\u0142owy\"}]},{\"@type\":\"WebSite\",\"@id\":\"https:\/\/rozaria.pl\/blog\/#website\",\"url\":\"https:\/\/rozaria.pl\/blog\/\",\"name\":\"blog Rozaria.pl\",\"description\":\"Porozmawiajmy o r\u00f3\u017cach, o wszystkich sprawach\",\"publisher\":{\"@id\":\"https:\/\/rozaria.pl\/blog\/#organization\"},\"potentialAction\":[{\"@type\":\"SearchAction\",\"target\":{\"@type\":\"EntryPoint\",\"urlTemplate\":\"https:\/\/rozaria.pl\/blog\/?s={search_term_string}\"},\"query-input\":{\"@type\":\"PropertyValueSpecification\",\"valueRequired\":true,\"valueName\":\"search_term_string\"}}],\"inLanguage\":\"pl-PL\"},{\"@type\":\"Organization\",\"@id\":\"https:\/\/rozaria.pl\/blog\/#organization\",\"name\":\"Szk\u00f3\u0142ka R\u00f3\u017c Rozaria\",\"url\":\"https:\/\/rozaria.pl\/blog\/\",\"logo\":{\"@type\":\"ImageObject\",\"inLanguage\":\"pl-PL\",\"@id\":\"https:\/\/rozaria.pl\/blog\/#\/schema\/logo\/image\/\",\"url\":\"https:\/\/rozaria.pl\/blog\/wp-content\/uploads\/2016\/12\/logo_dla-rozaria.png\",\"contentUrl\":\"https:\/\/rozaria.pl\/blog\/wp-content\/uploads\/2016\/12\/logo_dla-rozaria.png\",\"width\":400,\"height\":166,\"caption\":\"Szk\u00f3\u0142ka R\u00f3\u017c Rozaria\"},\"image\":{\"@id\":\"https:\/\/rozaria.pl\/blog\/#\/schema\/logo\/image\/\"},\"sameAs\":[\"https:\/\/www.facebook.com\/SzkolkaRozRozaria\/\",\"https:\/\/x.com\/SzkolkaRozaria\",\"https:\/\/www.youtube.com\/channel\/UCguKKBc7F06eYM1tzYx1Z5A\"]},{\"@type\":\"Person\",\"@id\":\"https:\/\/rozaria.pl\/blog\/#\/schema\/person\/e0b63ce2682f026a88828a7772e9ac22\",\"name\":\"Rozaria.pl\",\"image\":{\"@type\":\"ImageObject\",\"inLanguage\":\"pl-PL\",\"@id\":\"https:\/\/rozaria.pl\/blog\/#\/schema\/person\/image\/\",\"url\":\"https:\/\/secure.gravatar.com\/avatar\/a617f0796bdf5b31b93d812b41809f25?s=96&d=mm&r=g\",\"contentUrl\":\"https:\/\/secure.gravatar.com\/avatar\/a617f0796bdf5b31b93d812b41809f25?s=96&d=mm&r=g\",\"caption\":\"Rozaria.pl\"},\"url\":\"https:\/\/rozaria.pl\/blog\/author\/pp\/\"}]}<\/script>\n<!-- \/ Yoast SEO plugin. -->","yoast_head_json":{"title":"Urszula - r\u00f3\u017cowy zawr\u00f3t g\u0142owy - blog Rozaria.pl","robots":{"index":"index","follow":"follow","max-snippet":"max-snippet:-1","max-image-preview":"max-image-preview:large","max-video-preview":"max-video-preview:-1"},"canonical":"https:\/\/rozaria.pl\/blog\/urszula-rozowy-zawrot-glowy\/","og_locale":"pl_PL","og_type":"article","og_title":"Urszula - r\u00f3\u017cowy zawr\u00f3t g\u0142owy - blog Rozaria.pl","og_description":"Zdawa\u0142oby si\u0119, \u017ce zaledwie wczoraj zacz\u0119\u0142am, trwaj\u0105c\u0105 do dzi\u015b, przygod\u0119 z r\u00f3\u017cami. A jednak minie w tym roku dwana\u015bcie lat, kiedy na miejscu brzydkiego trawnika z\u00a0 z dwiema s\u0142abo kwitn\u0105cymi r\u00f3\u017cami i trzmielin\u0105, zapragn\u0119\u0142am r\u00f3\u017canego ogrodu. Wymarzy\u0142am sobie morze kolorowych [&hellip;]","og_url":"https:\/\/rozaria.pl\/blog\/urszula-rozowy-zawrot-glowy\/","og_site_name":"blog Rozaria.pl","article_publisher":"https:\/\/www.facebook.com\/SzkolkaRozRozaria\/","article_published_time":"2020-05-10T18:45:50+00:00","article_modified_time":"2020-06-06T09:59:47+00:00","og_image":[{"width":1885,"height":1060,"url":"https:\/\/rozaria.pl\/blog\/wp-content\/uploads\/2020\/05\/roza_parkowa_westerland.jpg","type":"image\/jpeg"}],"author":"Rozaria.pl","twitter_card":"summary_large_image","twitter_creator":"@SzkolkaRozaria","twitter_site":"@SzkolkaRozaria","twitter_misc":{"Napisane przez":"Rozaria.pl","Szacowany czas czytania":"5 minut"},"schema":{"@context":"https:\/\/schema.org","@graph":[{"@type":"Article","@id":"https:\/\/rozaria.pl\/blog\/urszula-rozowy-zawrot-glowy\/#article","isPartOf":{"@id":"https:\/\/rozaria.pl\/blog\/urszula-rozowy-zawrot-glowy\/"},"author":{"name":"Rozaria.pl","@id":"https:\/\/rozaria.pl\/blog\/#\/schema\/person\/e0b63ce2682f026a88828a7772e9ac22"},"headline":"Urszula &#8211; r\u00f3\u017cowy zawr\u00f3t g\u0142owy","datePublished":"2020-05-10T18:45:50+00:00","dateModified":"2020-06-06T09:59:47+00:00","mainEntityOfPage":{"@id":"https:\/\/rozaria.pl\/blog\/urszula-rozowy-zawrot-glowy\/"},"wordCount":973,"commentCount":0,"publisher":{"@id":"https:\/\/rozaria.pl\/blog\/#organization"},"image":{"@id":"https:\/\/rozaria.pl\/blog\/urszula-rozowy-zawrot-glowy\/#primaryimage"},"thumbnailUrl":"https:\/\/rozaria.pl\/blog\/wp-content\/uploads\/2020\/05\/roza_parkowa_westerland.jpg","articleSection":["Historie"],"inLanguage":"pl-PL","potentialAction":[{"@type":"CommentAction","name":"Comment","target":["https:\/\/rozaria.pl\/blog\/urszula-rozowy-zawrot-glowy\/#respond"]}]},{"@type":"WebPage","@id":"https:\/\/rozaria.pl\/blog\/urszula-rozowy-zawrot-glowy\/","url":"https:\/\/rozaria.pl\/blog\/urszula-rozowy-zawrot-glowy\/","name":"Urszula - r\u00f3\u017cowy zawr\u00f3t g\u0142owy - blog Rozaria.pl","isPartOf":{"@id":"https:\/\/rozaria.pl\/blog\/#website"},"primaryImageOfPage":{"@id":"https:\/\/rozaria.pl\/blog\/urszula-rozowy-zawrot-glowy\/#primaryimage"},"image":{"@id":"https:\/\/rozaria.pl\/blog\/urszula-rozowy-zawrot-glowy\/#primaryimage"},"thumbnailUrl":"https:\/\/rozaria.pl\/blog\/wp-content\/uploads\/2020\/05\/roza_parkowa_westerland.jpg","datePublished":"2020-05-10T18:45:50+00:00","dateModified":"2020-06-06T09:59:47+00:00","breadcrumb":{"@id":"https:\/\/rozaria.pl\/blog\/urszula-rozowy-zawrot-glowy\/#breadcrumb"},"inLanguage":"pl-PL","potentialAction":[{"@type":"ReadAction","target":["https:\/\/rozaria.pl\/blog\/urszula-rozowy-zawrot-glowy\/"]}]},{"@type":"ImageObject","inLanguage":"pl-PL","@id":"https:\/\/rozaria.pl\/blog\/urszula-rozowy-zawrot-glowy\/#primaryimage","url":"https:\/\/rozaria.pl\/blog\/wp-content\/uploads\/2020\/05\/roza_parkowa_westerland.jpg","contentUrl":"https:\/\/rozaria.pl\/blog\/wp-content\/uploads\/2020\/05\/roza_parkowa_westerland.jpg","width":1885,"height":1060,"caption":"r\u00f3\u017ca parkowa westerland"},{"@type":"BreadcrumbList","@id":"https:\/\/rozaria.pl\/blog\/urszula-rozowy-zawrot-glowy\/#breadcrumb","itemListElement":[{"@type":"ListItem","position":1,"name":"Strona g\u0142\u00f3wna","item":"https:\/\/rozaria.pl\/blog\/"},{"@type":"ListItem","position":2,"name":"Urszula &#8211; r\u00f3\u017cowy zawr\u00f3t g\u0142owy"}]},{"@type":"WebSite","@id":"https:\/\/rozaria.pl\/blog\/#website","url":"https:\/\/rozaria.pl\/blog\/","name":"blog Rozaria.pl","description":"Porozmawiajmy o r\u00f3\u017cach, o wszystkich sprawach","publisher":{"@id":"https:\/\/rozaria.pl\/blog\/#organization"},"potentialAction":[{"@type":"SearchAction","target":{"@type":"EntryPoint","urlTemplate":"https:\/\/rozaria.pl\/blog\/?s={search_term_string}"},"query-input":{"@type":"PropertyValueSpecification","valueRequired":true,"valueName":"search_term_string"}}],"inLanguage":"pl-PL"},{"@type":"Organization","@id":"https:\/\/rozaria.pl\/blog\/#organization","name":"Szk\u00f3\u0142ka R\u00f3\u017c Rozaria","url":"https:\/\/rozaria.pl\/blog\/","logo":{"@type":"ImageObject","inLanguage":"pl-PL","@id":"https:\/\/rozaria.pl\/blog\/#\/schema\/logo\/image\/","url":"https:\/\/rozaria.pl\/blog\/wp-content\/uploads\/2016\/12\/logo_dla-rozaria.png","contentUrl":"https:\/\/rozaria.pl\/blog\/wp-content\/uploads\/2016\/12\/logo_dla-rozaria.png","width":400,"height":166,"caption":"Szk\u00f3\u0142ka R\u00f3\u017c Rozaria"},"image":{"@id":"https:\/\/rozaria.pl\/blog\/#\/schema\/logo\/image\/"},"sameAs":["https:\/\/www.facebook.com\/SzkolkaRozRozaria\/","https:\/\/x.com\/SzkolkaRozaria","https:\/\/www.youtube.com\/channel\/UCguKKBc7F06eYM1tzYx1Z5A"]},{"@type":"Person","@id":"https:\/\/rozaria.pl\/blog\/#\/schema\/person\/e0b63ce2682f026a88828a7772e9ac22","name":"Rozaria.pl","image":{"@type":"ImageObject","inLanguage":"pl-PL","@id":"https:\/\/rozaria.pl\/blog\/#\/schema\/person\/image\/","url":"https:\/\/secure.gravatar.com\/avatar\/a617f0796bdf5b31b93d812b41809f25?s=96&d=mm&r=g","contentUrl":"https:\/\/secure.gravatar.com\/avatar\/a617f0796bdf5b31b93d812b41809f25?s=96&d=mm&r=g","caption":"Rozaria.pl"},"url":"https:\/\/rozaria.pl\/blog\/author\/pp\/"}]}},"_links":{"self":[{"href":"https:\/\/rozaria.pl\/blog\/wp-json\/wp\/v2\/posts\/4292"}],"collection":[{"href":"https:\/\/rozaria.pl\/blog\/wp-json\/wp\/v2\/posts"}],"about":[{"href":"https:\/\/rozaria.pl\/blog\/wp-json\/wp\/v2\/types\/post"}],"author":[{"embeddable":true,"href":"https:\/\/rozaria.pl\/blog\/wp-json\/wp\/v2\/users\/11"}],"replies":[{"embeddable":true,"href":"https:\/\/rozaria.pl\/blog\/wp-json\/wp\/v2\/comments?post=4292"}],"version-history":[{"count":6,"href":"https:\/\/rozaria.pl\/blog\/wp-json\/wp\/v2\/posts\/4292\/revisions"}],"predecessor-version":[{"id":6729,"href":"https:\/\/rozaria.pl\/blog\/wp-json\/wp\/v2\/posts\/4292\/revisions\/6729"}],"wp:featuredmedia":[{"embeddable":true,"href":"https:\/\/rozaria.pl\/blog\/wp-json\/wp\/v2\/media\/4293"}],"wp:attachment":[{"href":"https:\/\/rozaria.pl\/blog\/wp-json\/wp\/v2\/media?parent=4292"}],"wp:term":[{"taxonomy":"category","embeddable":true,"href":"https:\/\/rozaria.pl\/blog\/wp-json\/wp\/v2\/categories?post=4292"},{"taxonomy":"post_tag","embeddable":true,"href":"https:\/\/rozaria.pl\/blog\/wp-json\/wp\/v2\/tags?post=4292"}],"curies":[{"name":"wp","href":"https:\/\/api.w.org\/{rel}","templated":true}]}}