{"id":4143,"date":"2020-02-08T13:59:02","date_gmt":"2020-02-08T12:59:02","guid":{"rendered":"https:\/\/rozaria.pl\/blog\/?p=4143"},"modified":"2020-02-15T17:57:00","modified_gmt":"2020-02-15T16:57:00","slug":"kazda-roza-to-inna-historia","status":"publish","type":"post","link":"https:\/\/rozaria.pl\/blog\/kazda-roza-to-inna-historia\/","title":{"rendered":"Ka\u017cda r\u00f3\u017ca to inna historia"},"content":{"rendered":"<p style=\"text-align: justify;\"><span style=\"font-size: 18pt;\">Mam na imi\u0119 Aneta<\/span><br \/>\n<span style=\"font-size: 18pt;\">Mo\u017ce m\u00f3j ogr\u00f3dek nie nale\u017cy do najpi\u0119kniejszych, ale bardzo chcia\u0142am si\u0119 podzieli\u0107 moim ulubionym miejscem. Sp\u0119dzam w nim czas po pracy i tu w\u0142a\u015bnie najcz\u0119\u015bciej pragn\u0119 przebywa\u0107.<\/span><\/p>\n<p style=\"text-align: justify;\"><span style=\"font-size: 18pt;\">Kr\u00f3tka historia mojego ogrodu:<\/span><br \/>\n<span style=\"font-size: 18pt;\">Prace nad ogr\u00f3dkiem rozpocz\u0119\u0142am jesieni\u0105. Prace trwa\u0142y dwa miesi\u0105ce: wrzesie\u0144 i pa\u017adziernik. Pocz\u0105tki by\u0142y bardzo trudne, poniewa\u017c by\u0142a to zwyk\u0142a \u0142\u0105ka.<\/span><\/p>\n<div id=\"attachment_4166\" style=\"width: 310px\" class=\"wp-caption alignleft\"><a href=\"http:\/\/rozaria.pl\/blog\/wp-content\/uploads\/2020\/01\/ogrod_rozany_lewa_strona.jpg\"><img loading=\"lazy\" decoding=\"async\" aria-describedby=\"caption-attachment-4166\" class=\"wp-image-4166 size-medium\" src=\"http:\/\/rozaria.pl\/blog\/wp-content\/uploads\/2020\/01\/ogrod_rozany_lewa_strona-300x173.jpg\" alt=\"ogrod_rozany_lewa_strona\" width=\"300\" height=\"173\" srcset=\"https:\/\/rozaria.pl\/blog\/wp-content\/uploads\/2020\/01\/ogrod_rozany_lewa_strona-150x86.jpg 150w, https:\/\/rozaria.pl\/blog\/wp-content\/uploads\/2020\/01\/ogrod_rozany_lewa_strona-200x115.jpg 200w, https:\/\/rozaria.pl\/blog\/wp-content\/uploads\/2020\/01\/ogrod_rozany_lewa_strona-300x173.jpg 300w, https:\/\/rozaria.pl\/blog\/wp-content\/uploads\/2020\/01\/ogrod_rozany_lewa_strona-400x230.jpg 400w, https:\/\/rozaria.pl\/blog\/wp-content\/uploads\/2020\/01\/ogrod_rozany_lewa_strona-600x346.jpg 600w, https:\/\/rozaria.pl\/blog\/wp-content\/uploads\/2020\/01\/ogrod_rozany_lewa_strona.jpg 606w\" sizes=\"(max-width: 300px) 100vw, 300px\" \/><\/a><p id=\"caption-attachment-4166\" class=\"wp-caption-text\">W lewej cz\u0119\u015bci rosn\u0105 warzywa, drobne r\u00f3\u017cyczki oraz aksamitki.<\/p><\/div>\n<p style=\"text-align: justify;\"><span style=\"font-size: 18pt;\">Ale tak bardzo chcia\u0142am mie\u0107 sw\u00f3j kawa\u0142ek, \u017ce zacz\u0119\u0142am kopa\u0107, usuwa\u0107 traw\u0119 z korzeniami.<\/span><\/p>\n<div id=\"attachment_4167\" style=\"width: 310px\" class=\"wp-caption alignright\"><a href=\"http:\/\/rozaria.pl\/blog\/wp-content\/uploads\/2020\/01\/ogrodek_rozany_prawa_strona.jpg\"><img loading=\"lazy\" decoding=\"async\" aria-describedby=\"caption-attachment-4167\" class=\"wp-image-4167 size-medium\" src=\"http:\/\/rozaria.pl\/blog\/wp-content\/uploads\/2020\/01\/ogrodek_rozany_prawa_strona-300x217.jpg\" alt=\"ogrodek_rozany_prawa_strona\" width=\"300\" height=\"217\" srcset=\"https:\/\/rozaria.pl\/blog\/wp-content\/uploads\/2020\/01\/ogrodek_rozany_prawa_strona-150x108.jpg 150w, https:\/\/rozaria.pl\/blog\/wp-content\/uploads\/2020\/01\/ogrodek_rozany_prawa_strona-200x144.jpg 200w, https:\/\/rozaria.pl\/blog\/wp-content\/uploads\/2020\/01\/ogrodek_rozany_prawa_strona-300x217.jpg 300w, https:\/\/rozaria.pl\/blog\/wp-content\/uploads\/2020\/01\/ogrodek_rozany_prawa_strona-400x289.jpg 400w, https:\/\/rozaria.pl\/blog\/wp-content\/uploads\/2020\/01\/ogrodek_rozany_prawa_strona.jpg 579w\" sizes=\"(max-width: 300px) 100vw, 300px\" \/><\/a><p id=\"caption-attachment-4167\" class=\"wp-caption-text\">W prawej cz\u0119\u015bci skupi\u0142am si\u0119 tylko na r\u00f3\u017cach. Wiem, \u017ce jeszcze du\u017co pracy musz\u0119 w\u0142o\u017cy\u0107, by wyko\u0144czy\u0107 m\u00f3j ogr\u00f3d. Mam nadziej\u0119, \u017ce ma\u0142ymi krokami uko\u0144cz\u0119 go i dosadz\u0119 brakuj\u0105ce r\u00f3\u017ce, tak by zape\u0142ni\u0107 puste miejsca.<\/p><\/div>\n<p style=\"text-align: justify;\"><span style=\"font-size: 18pt;\">W ci\u0105gu kilku tygodni uda\u0142o si\u0119 co\u015b stworzy\u0107. Ca\u0142o\u015b\u0107 podzieli\u0142am na dwie cz\u0119\u015bci &#8211; lew\u0105 i praw\u0105. W lewej cz\u0119\u015bci rosn\u0105 warzywa, drobne r\u00f3\u017cyczki oraz aksamitki. W prawej cz\u0119\u015bci skupi\u0142am si\u0119 tylko na r\u00f3\u017cach. Wiem, \u017ce jeszcze du\u017co pracy musz\u0119 w\u0142o\u017cy\u0107, by wyko\u0144czy\u0107 m\u00f3j ogr\u00f3d. Mam nadziej\u0119, \u017ce ma\u0142ymi krokami uko\u0144cz\u0119 go i dosadz\u0119 brakuj\u0105ce r\u00f3\u017ce, tak by zape\u0142ni\u0107 puste miejsca.<\/span><\/p>\n<p>&nbsp;<\/p>\n<p style=\"text-align: justify;\"><span style=\"font-size: 18pt; font-family: georgia, palatino, serif;\"><strong>Pi\u0119kna r\u00f3\u017ca wielkokwiatowa &#8211; bez nazwy<\/strong><\/span><\/p>\n<div id=\"attachment_4170\" style=\"width: 310px\" class=\"wp-caption alignleft\"><a href=\"http:\/\/rozaria.pl\/blog\/wp-content\/uploads\/2020\/01\/bez-nazwy.jpg\"><img loading=\"lazy\" decoding=\"async\" aria-describedby=\"caption-attachment-4170\" class=\"wp-image-4170 size-medium\" src=\"http:\/\/rozaria.pl\/blog\/wp-content\/uploads\/2020\/01\/bez-nazwy-300x272.jpg\" alt=\"ogrod_rozany_roza_wielkokwiatowa\" width=\"300\" height=\"272\" srcset=\"https:\/\/rozaria.pl\/blog\/wp-content\/uploads\/2020\/01\/bez-nazwy-150x136.jpg 150w, https:\/\/rozaria.pl\/blog\/wp-content\/uploads\/2020\/01\/bez-nazwy-200x181.jpg 200w, https:\/\/rozaria.pl\/blog\/wp-content\/uploads\/2020\/01\/bez-nazwy-300x272.jpg 300w, https:\/\/rozaria.pl\/blog\/wp-content\/uploads\/2020\/01\/bez-nazwy-400x362.jpg 400w, https:\/\/rozaria.pl\/blog\/wp-content\/uploads\/2020\/01\/bez-nazwy.jpg 551w\" sizes=\"(max-width: 300px) 100vw, 300px\" \/><\/a><p id=\"caption-attachment-4170\" class=\"wp-caption-text\">wielkokwiatowa r\u00f3\u017ca o nieznanej nazwie<\/p><\/div>\n<p style=\"text-align: justify;\"><span style=\"font-size: 18pt; font-family: georgia, palatino, serif;\">R\u00f3\u017ca kupiona ca\u0142kiem przypadkiem, nawet nie pami\u0119tam gdzie. Na pewno nie kosztowa\u0142a wi\u0119cej ni\u017c 6-7z\u0142 i nie posiada\u0142a \u017cadnej etykiety. Tak\u017ce trafi\u0142am przypadkiem na cude\u0144ko. Kwiaty \u0142adne, du\u017ce i do tego pachn\u0105. Kolor \u0142ososiowy, jednym s\u0142owem zwraca na siebie uwag\u0119.<\/span><\/p>\n<p>&nbsp;<\/p>\n<p>&nbsp;<\/p>\n<p>&nbsp;<\/p>\n<p>&nbsp;<\/p>\n<p style=\"text-align: justify;\"><a href=\"https:\/\/rozaria.pl\/roze-wielkokwiatowe-diamond-jubilee\" target=\"_blank\" rel=\"noopener noreferrer\"><strong><span style=\"font-size: 18pt;\">DIAMOND JUBILEE r\u00f3\u017ca wielkokwiatowa<\/span><\/strong><\/a><\/p>\n<p style=\"text-align: justify;\"><span style=\"font-size: 18pt;\">R\u00f3\u017ca Diamond Jubilee jest jedn\u0105 z najpi\u0119kniejszych r\u00f3\u017c w moim ogr\u00f3dku. <\/span><\/p>\n<div id=\"attachment_4173\" style=\"width: 277px\" class=\"wp-caption alignleft\"><a href=\"http:\/\/rozaria.pl\/blog\/wp-content\/uploads\/2020\/01\/diamond_jubilee_lososiowa_roza_wielkokwiatowa.jpg\"><img loading=\"lazy\" decoding=\"async\" aria-describedby=\"caption-attachment-4173\" class=\"wp-image-4173 size-medium\" src=\"http:\/\/rozaria.pl\/blog\/wp-content\/uploads\/2020\/01\/diamond_jubilee_lososiowa_roza_wielkokwiatowa-267x300.jpg\" alt=\"Diamond_Jubilee_roza_wielkokwiatowa\" width=\"267\" height=\"300\" srcset=\"https:\/\/rozaria.pl\/blog\/wp-content\/uploads\/2020\/01\/diamond_jubilee_lososiowa_roza_wielkokwiatowa-134x150.jpg 134w, https:\/\/rozaria.pl\/blog\/wp-content\/uploads\/2020\/01\/diamond_jubilee_lososiowa_roza_wielkokwiatowa-200x224.jpg 200w, https:\/\/rozaria.pl\/blog\/wp-content\/uploads\/2020\/01\/diamond_jubilee_lososiowa_roza_wielkokwiatowa-267x300.jpg 267w, https:\/\/rozaria.pl\/blog\/wp-content\/uploads\/2020\/01\/diamond_jubilee_lososiowa_roza_wielkokwiatowa-400x449.jpg 400w, https:\/\/rozaria.pl\/blog\/wp-content\/uploads\/2020\/01\/diamond_jubilee_lososiowa_roza_wielkokwiatowa.jpg 600w\" sizes=\"(max-width: 267px) 100vw, 267px\" \/><\/a><p id=\"caption-attachment-4173\" class=\"wp-caption-text\">Diamond Jubilee \u0142ososiowa pi\u0119kno\u015b\u0107<\/p><\/div>\n<p style=\"text-align: justify;\"><span style=\"font-size: 18pt;\">Jako ciekawostk\u0119 dodam, \u017ce kupi\u0142am j\u0105 na Allegro za jedyne 5z\u0142.<\/span><\/p>\n<div id=\"attachment_4172\" style=\"width: 467px\" class=\"wp-caption alignright\"><a href=\"http:\/\/rozaria.pl\/blog\/wp-content\/uploads\/2020\/01\/diamond_jubilee_kwiat_rozy_wielkokwiatowej.jpg\"><img loading=\"lazy\" decoding=\"async\" aria-describedby=\"caption-attachment-4172\" class=\"wp-image-4172 size-full\" src=\"http:\/\/rozaria.pl\/blog\/wp-content\/uploads\/2020\/01\/diamond_jubilee_kwiat_rozy_wielkokwiatowej.jpg\" alt=\"Diamond_Jubilee_roza_wielkokwiatowa\" width=\"457\" height=\"402\" srcset=\"https:\/\/rozaria.pl\/blog\/wp-content\/uploads\/2020\/01\/diamond_jubilee_kwiat_rozy_wielkokwiatowej-150x132.jpg 150w, https:\/\/rozaria.pl\/blog\/wp-content\/uploads\/2020\/01\/diamond_jubilee_kwiat_rozy_wielkokwiatowej-200x176.jpg 200w, https:\/\/rozaria.pl\/blog\/wp-content\/uploads\/2020\/01\/diamond_jubilee_kwiat_rozy_wielkokwiatowej-300x264.jpg 300w, https:\/\/rozaria.pl\/blog\/wp-content\/uploads\/2020\/01\/diamond_jubilee_kwiat_rozy_wielkokwiatowej-400x352.jpg 400w, https:\/\/rozaria.pl\/blog\/wp-content\/uploads\/2020\/01\/diamond_jubilee_kwiat_rozy_wielkokwiatowej.jpg 457w\" sizes=\"(max-width: 457px) 100vw, 457px\" \/><\/a><p id=\"caption-attachment-4172\" class=\"wp-caption-text\">Diamond Jubilee<\/p><\/div>\n<p style=\"text-align: justify;\"><span style=\"font-size: 18pt;\">Nie wi\u0105za\u0142am z ni\u0105 du\u017cych nadziei, a tu mi\u0142e zaskoczenie. Krzaczek ma ju\u017c kilka lat. Mimo, \u017ce zosta\u0142 przesadzony do nowego ogr\u00f3dka, w tym roku kwitnie niesamowicie du\u017c\u0105 ilo\u015bci\u0105 kwiat\u00f3w. Kwiaty s\u0105 zawsze pe\u0142ne i du\u017ce. R\u00f3\u017ca jest bardzo odporna na s\u0142o\u0144ce i deszcz, co jest du\u017c\u0105 zalet\u0105, poniewa\u017c m\u00f3j ogr\u00f3d jest w pe\u0142nym s\u0142o\u0144cu. Niezale\u017cnie od dawki nawozu, lub jego braku, kwitnie zawsze obficie.<\/span><\/p>\n<p>&nbsp;<\/p>\n<p style=\"text-align: justify;\"><a href=\"https:\/\/rozaria.pl\/chartreuse-de-parme-roze-wielkokwiatowe\" target=\"_blank\" rel=\"noopener noreferrer\"><strong><span style=\"font-size: 18pt;\">r\u00f3\u017ca francuska CHARTREUSE DE PARME<\/span><\/strong><\/a><\/p>\n<div id=\"attachment_4175\" style=\"width: 150px\" class=\"wp-caption alignright\"><a href=\"http:\/\/rozaria.pl\/blog\/wp-content\/uploads\/2020\/01\/chartreuse-de-parme.jpg\"><img loading=\"lazy\" decoding=\"async\" aria-describedby=\"caption-attachment-4175\" class=\"size-thumbnail wp-image-4175\" src=\"http:\/\/rozaria.pl\/blog\/wp-content\/uploads\/2020\/01\/chartreuse-de-parme-140x150.jpg\" alt=\"Chartreuse_de_Parme\" width=\"140\" height=\"150\" srcset=\"https:\/\/rozaria.pl\/blog\/wp-content\/uploads\/2020\/01\/chartreuse-de-parme-140x150.jpg 140w, https:\/\/rozaria.pl\/blog\/wp-content\/uploads\/2020\/01\/chartreuse-de-parme-200x214.jpg 200w, https:\/\/rozaria.pl\/blog\/wp-content\/uploads\/2020\/01\/chartreuse-de-parme-281x300.jpg 281w, https:\/\/rozaria.pl\/blog\/wp-content\/uploads\/2020\/01\/chartreuse-de-parme-400x427.jpg 400w, https:\/\/rozaria.pl\/blog\/wp-content\/uploads\/2020\/01\/chartreuse-de-parme-600x641.jpg 600w, https:\/\/rozaria.pl\/blog\/wp-content\/uploads\/2020\/01\/chartreuse-de-parme.jpg 611w\" sizes=\"(max-width: 140px) 100vw, 140px\" \/><\/a><p id=\"caption-attachment-4175\" class=\"wp-caption-text\">Chartreuse de Parme<\/p><\/div>\n<p style=\"text-align: justify;\"><span style=\"font-size: 18pt;\"><a href=\"http:\/\/rozaria.pl\/blog\/wp-content\/uploads\/2020\/01\/chartreuse-de-parme1.jpg\"><img loading=\"lazy\" decoding=\"async\" class=\"alignleft wp-image-4176 size-thumbnail\" src=\"http:\/\/rozaria.pl\/blog\/wp-content\/uploads\/2020\/01\/chartreuse-de-parme1-150x147.jpg\" alt=\"Chartreuse_de_Parme_wielkokwiatowa_roza\" width=\"150\" height=\"147\" srcset=\"https:\/\/rozaria.pl\/blog\/wp-content\/uploads\/2020\/01\/chartreuse-de-parme1-66x66.jpg 66w, https:\/\/rozaria.pl\/blog\/wp-content\/uploads\/2020\/01\/chartreuse-de-parme1-150x147.jpg 150w, https:\/\/rozaria.pl\/blog\/wp-content\/uploads\/2020\/01\/chartreuse-de-parme1-200x195.jpg 200w, https:\/\/rozaria.pl\/blog\/wp-content\/uploads\/2020\/01\/chartreuse-de-parme1-300x293.jpg 300w, https:\/\/rozaria.pl\/blog\/wp-content\/uploads\/2020\/01\/chartreuse-de-parme1-400x391.jpg 400w, https:\/\/rozaria.pl\/blog\/wp-content\/uploads\/2020\/01\/chartreuse-de-parme1.jpg 565w\" sizes=\"(max-width: 150px) 100vw, 150px\" \/><\/a>R\u00f3\u017ca ta zosta\u0142a zakupiona jako &#8220;zagadka&#8221;, poniewa\u017c sprzedawca zapomnia\u0142 doda\u0107 zdj\u0119cie. Tak\u017ce jej zakwitni\u0119cie by\u0142o najbardziej wyczekiwane. Posadzona w tym roku, jak wida\u0107 kwitnie bardzo obficie i do tego ma niesamowicie mocny zapach. W zasadzie nie wymaga zbyt du\u017cej piel\u0119gnacji. Ro\u015bnie cudownie, nawet w pe\u0142nym s\u0142o\u0144cu.<\/span><\/p>\n<p style=\"text-align: justify;\"><a href=\"https:\/\/rozaria.pl\/roze-wielkokwiatowe-imperatrice-farah\" target=\"_blank\" rel=\"noopener noreferrer\"><span style=\"font-size: 18pt;\"><strong>IMPERATRICE FARAH<\/strong> &#8211; moja &#8220;Kr\u00f3lowa w\u015br\u00f3d r\u00f3\u017c&#8221;<\/span><\/a><\/p>\n<div id=\"attachment_4178\" style=\"width: 238px\" class=\"wp-caption alignleft\"><a href=\"http:\/\/rozaria.pl\/blog\/wp-content\/uploads\/2020\/01\/imperatrice_farah_roza_wielkokwiatowa.jpg\"><img loading=\"lazy\" decoding=\"async\" aria-describedby=\"caption-attachment-4178\" class=\"wp-image-4178 size-medium\" src=\"http:\/\/rozaria.pl\/blog\/wp-content\/uploads\/2020\/01\/imperatrice_farah_roza_wielkokwiatowa-228x300.jpg\" alt=\"Imperatrice_Farah_roza_wielkokwiatowa\" width=\"228\" height=\"300\" srcset=\"https:\/\/rozaria.pl\/blog\/wp-content\/uploads\/2020\/01\/imperatrice_farah_roza_wielkokwiatowa-114x150.jpg 114w, https:\/\/rozaria.pl\/blog\/wp-content\/uploads\/2020\/01\/imperatrice_farah_roza_wielkokwiatowa-200x263.jpg 200w, https:\/\/rozaria.pl\/blog\/wp-content\/uploads\/2020\/01\/imperatrice_farah_roza_wielkokwiatowa-228x300.jpg 228w, https:\/\/rozaria.pl\/blog\/wp-content\/uploads\/2020\/01\/imperatrice_farah_roza_wielkokwiatowa-400x525.jpg 400w, https:\/\/rozaria.pl\/blog\/wp-content\/uploads\/2020\/01\/imperatrice_farah_roza_wielkokwiatowa.jpg 536w\" sizes=\"(max-width: 228px) 100vw, 228px\" \/><\/a><p id=\"caption-attachment-4178\" class=\"wp-caption-text\">Imperatrice Farah<\/p><\/div>\n<div id=\"attachment_4179\" style=\"width: 189px\" class=\"wp-caption alignright\"><a href=\"http:\/\/rozaria.pl\/blog\/wp-content\/uploads\/2020\/01\/imperatrice_farah_kwiat_roza_wielkokwiatowa.jpg\"><img loading=\"lazy\" decoding=\"async\" aria-describedby=\"caption-attachment-4179\" class=\"wp-image-4179 size-medium\" src=\"http:\/\/rozaria.pl\/blog\/wp-content\/uploads\/2020\/01\/imperatrice_farah_kwiat_roza_wielkokwiatowa-179x300.jpg\" alt=\"Imperatrice_Farah_wielkokwiatowa_pi\u0119kno\u015b\u0107\" width=\"179\" height=\"300\" srcset=\"https:\/\/rozaria.pl\/blog\/wp-content\/uploads\/2020\/01\/imperatrice_farah_kwiat_roza_wielkokwiatowa-89x150.jpg 89w, https:\/\/rozaria.pl\/blog\/wp-content\/uploads\/2020\/01\/imperatrice_farah_kwiat_roza_wielkokwiatowa-179x300.jpg 179w, https:\/\/rozaria.pl\/blog\/wp-content\/uploads\/2020\/01\/imperatrice_farah_kwiat_roza_wielkokwiatowa-200x336.jpg 200w, https:\/\/rozaria.pl\/blog\/wp-content\/uploads\/2020\/01\/imperatrice_farah_kwiat_roza_wielkokwiatowa.jpg 369w\" sizes=\"(max-width: 179px) 100vw, 179px\" \/><\/a><p id=\"caption-attachment-4179\" class=\"wp-caption-text\">Imperatrice Farah kr\u00f3lowa w\u015br\u00f3d r\u00f3\u017c<\/p><\/div>\n<p style=\"text-align: justify;\"><span style=\"font-size: 18pt;\">Imperatrice Farah to jedna z moich naj\u0142adniejszych pere\u0142ek je\u015bli chodzi o r\u00f3\u017ce. Przede wszystkim zaznacz\u0119, \u017ce r\u00f3\u017ce bia\u0142o-czerwone nie by\u0142y moimi ulubionymi.<\/span><\/p>\n<p style=\"text-align: justify;\"><span style=\"font-size: 18pt;\">A\u017c do momentu, gdy po raz pierwszy zobaczy\u0142am j\u0105 w ogrodzie kuzynki. Wtedy zdumia\u0142a mnie jej wielko\u015b\u0107, pe\u0142ne i ogromne kwiaty, bardzo mocno wype\u0142nione. Na \u017cywo wygl\u0105da du\u017co okazalej ni\u017c na fotografiach. M\u00f3j krzew zosta\u0142 zakupiony w tym roku, a mimo to r\u00f3\u017ca zachwyca swoim rozmiarem &#8211; nale\u017cy do najwi\u0119kszych w moim ogr\u00f3dku. Oczywi\u015bcie dosta\u0142a naw\u00f3z. W zamian zachwyca kwiatami bardzo d\u0142ugo, poniewa\u017c s\u0105 one odporne zar\u00f3wno na s\u0142o\u0144ce, jak i deszcz.<\/span><\/p>\n<p style=\"text-align: justify;\"><a href=\"https:\/\/rozaria.pl\/roze-wielkokwiatowe-isabelle-aubret\" target=\"_blank\" rel=\"noopener noreferrer\"><strong><span style=\"font-size: 18pt;\">ISABELLE AUBRET r\u00f3\u017ca wielkokwiatowa<\/span><\/strong><\/a><\/p>\n<div id=\"attachment_4181\" style=\"width: 160px\" class=\"wp-caption alignleft\"><a href=\"http:\/\/rozaria.pl\/blog\/wp-content\/uploads\/2020\/01\/isabelle_aubret_roza_wielkokwiatowa.jpg\"><img loading=\"lazy\" decoding=\"async\" aria-describedby=\"caption-attachment-4181\" class=\"size-thumbnail wp-image-4181\" src=\"http:\/\/rozaria.pl\/blog\/wp-content\/uploads\/2020\/01\/isabelle_aubret_roza_wielkokwiatowa-150x129.jpg\" alt=\"wielkokwiatowe r\u00f3\u017ce Isabelle_Aubret\" width=\"150\" height=\"129\" srcset=\"https:\/\/rozaria.pl\/blog\/wp-content\/uploads\/2020\/01\/isabelle_aubret_roza_wielkokwiatowa-150x129.jpg 150w, https:\/\/rozaria.pl\/blog\/wp-content\/uploads\/2020\/01\/isabelle_aubret_roza_wielkokwiatowa-200x172.jpg 200w, https:\/\/rozaria.pl\/blog\/wp-content\/uploads\/2020\/01\/isabelle_aubret_roza_wielkokwiatowa-300x258.jpg 300w, https:\/\/rozaria.pl\/blog\/wp-content\/uploads\/2020\/01\/isabelle_aubret_roza_wielkokwiatowa-400x344.jpg 400w, https:\/\/rozaria.pl\/blog\/wp-content\/uploads\/2020\/01\/isabelle_aubret_roza_wielkokwiatowa.jpg 469w\" sizes=\"(max-width: 150px) 100vw, 150px\" \/><\/a><p id=\"caption-attachment-4181\" class=\"wp-caption-text\">Isabelle Aubret<\/p><\/div>\n<p style=\"text-align: justify;\"><span style=\"font-size: 18pt;\">Jak wida\u0107 na zdj\u0119ciu &#8211; nic doda\u0107 nic uj\u0105\u0107. Male\u0144ka, skromna, a taka pi\u0119kna. W zasadzie komentarz nie jest potrzebny. R\u00f3\u017cyczka ma tyle uroku, \u017ce obroni si\u0119 sama ;-). Jej kwiaty s\u0105 du\u017ce i pe\u0142ne. Uwielbiam r\u00f3\u017ce tego typu, bardzo odporne na s\u0142o\u0144ce. Na \u017cywo wygl\u0105da pi\u0119knie. Kupi\u0142am j\u0105 w szk\u00f3\u0142ce r\u00f3\u017c zach\u0119cona pozytywnymi opiniami. Patrz\u0105c wtedy na zdj\u0119cie, nie przypad\u0142a mi do gustu. Dopiero teraz kr\u00f3luje w moim ogrodzie.<\/span><\/p>\n<p style=\"text-align: justify;\"><a href=\"https:\/\/rozaria.pl\/moonstone-roze-wielkokwiatowe\" target=\"_blank\" rel=\"noopener noreferrer\"><strong><span style=\"font-size: 18pt;\">MOONSTONE wielobarwna r\u00f3\u017ca wielkokwiatowa<\/span><\/strong><\/a><\/p>\n<div id=\"attachment_4183\" style=\"width: 194px\" class=\"wp-caption alignleft\"><a href=\"http:\/\/rozaria.pl\/blog\/wp-content\/uploads\/2020\/01\/moonstone_roza_wielkokwiatowa.jpg\"><img loading=\"lazy\" decoding=\"async\" aria-describedby=\"caption-attachment-4183\" class=\"wp-image-4183 size-medium\" src=\"http:\/\/rozaria.pl\/blog\/wp-content\/uploads\/2020\/01\/moonstone_roza_wielkokwiatowa-184x300.jpg\" alt=\"Moonstone r\u00f3\u017ca wielkokwiatowa\" width=\"184\" height=\"300\" srcset=\"https:\/\/rozaria.pl\/blog\/wp-content\/uploads\/2020\/01\/moonstone_roza_wielkokwiatowa-92x150.jpg 92w, https:\/\/rozaria.pl\/blog\/wp-content\/uploads\/2020\/01\/moonstone_roza_wielkokwiatowa-184x300.jpg 184w, https:\/\/rozaria.pl\/blog\/wp-content\/uploads\/2020\/01\/moonstone_roza_wielkokwiatowa-200x325.jpg 200w, https:\/\/rozaria.pl\/blog\/wp-content\/uploads\/2020\/01\/moonstone_roza_wielkokwiatowa-400x650.jpg 400w, https:\/\/rozaria.pl\/blog\/wp-content\/uploads\/2020\/01\/moonstone_roza_wielkokwiatowa.jpg 428w\" sizes=\"(max-width: 184px) 100vw, 184px\" \/><\/a><p id=\"caption-attachment-4183\" class=\"wp-caption-text\">krzew Moonstone<\/p><\/div>\n<p style=\"text-align: justify;\"><span style=\"font-size: 18pt;\">Chyba ka\u017cdy si\u0119 ze mn\u0105 zgodzi, \u017ce to prawdziwy klejnot.<\/span><\/p>\n<div id=\"attachment_4184\" style=\"width: 520px\" class=\"wp-caption alignright\"><a href=\"http:\/\/rozaria.pl\/blog\/wp-content\/uploads\/2020\/01\/moonstone1_roza_wielkokwiatowa.jpg\"><img loading=\"lazy\" decoding=\"async\" aria-describedby=\"caption-attachment-4184\" class=\"wp-image-4184 size-full\" src=\"http:\/\/rozaria.pl\/blog\/wp-content\/uploads\/2020\/01\/moonstone1_roza_wielkokwiatowa.jpg\" alt=\"kwiat r\u00f3\u017cy wielkokwiatowej Moonstone\" width=\"510\" height=\"407\" srcset=\"https:\/\/rozaria.pl\/blog\/wp-content\/uploads\/2020\/01\/moonstone1_roza_wielkokwiatowa-150x120.jpg 150w, https:\/\/rozaria.pl\/blog\/wp-content\/uploads\/2020\/01\/moonstone1_roza_wielkokwiatowa-177x142.jpg 177w, https:\/\/rozaria.pl\/blog\/wp-content\/uploads\/2020\/01\/moonstone1_roza_wielkokwiatowa-200x160.jpg 200w, https:\/\/rozaria.pl\/blog\/wp-content\/uploads\/2020\/01\/moonstone1_roza_wielkokwiatowa-300x239.jpg 300w, https:\/\/rozaria.pl\/blog\/wp-content\/uploads\/2020\/01\/moonstone1_roza_wielkokwiatowa-400x319.jpg 400w, https:\/\/rozaria.pl\/blog\/wp-content\/uploads\/2020\/01\/moonstone1_roza_wielkokwiatowa.jpg 510w\" sizes=\"(max-width: 510px) 100vw, 510px\" \/><\/a><p id=\"caption-attachment-4184\" class=\"wp-caption-text\">elegancki per\u0142owy kwiat r\u00f3\u017cy Moonstone<\/p><\/div>\n<p style=\"text-align: justify;\"><span style=\"font-size: 18pt;\">Mocne wype\u0142nienie, du\u017ce kwiaty i do tego niesamowita barwa. R\u00f3\u017ce posadzi\u0142am dopiero w tym roku i bardzo \u017ca\u0142uj\u0119, \u017ce dopiero teraz. Zdj\u0119cia w wielu szk\u00f3\u0142kach, nie przedstawiaj\u0105 jej prawdziwego pi\u0119kna. Trzeba j\u0105 zobaczy\u0107 koniecznie na \u017cywo i wtedy ju\u017c nie mo\u017cliwe jest si\u0119 nie zakocha\u0107.<\/span><br \/>\n<span style=\"font-size: 18pt;\">Co prawda w pe\u0142nym s\u0142o\u0144cu nie jest a\u017c tak trwa\u0142a, ale bardzo dobrze radzi sobie z deszczem i lekkim s\u0142o\u0144cem. Oczywi\u015bcie najlepiej kwitnie po podlaniu, poniewa\u017c kwiaty du\u017ce, ci\u0119\u017ckie d\u0142ugo si\u0119 rozwijaj\u0105. Dlatego nigdy nie \u017ca\u0142uj\u0119 jej wody.<\/span><\/p>\n<p style=\"text-align: justify;\"><span style=\"font-size: 18pt;\"><a href=\"https:\/\/rozaria.pl\/roze-rabatowe-new-imagine\" target=\"_blank\" rel=\"noopener noreferrer\"><strong>NEW IMAGINE r\u00f3\u017ca rabatowa<\/strong><\/a> (nazwa podana po rozpoznaniu przez Rozaria.pl)<\/span><\/p>\n<div id=\"attachment_4186\" style=\"width: 160px\" class=\"wp-caption alignleft\"><a href=\"http:\/\/rozaria.pl\/blog\/wp-content\/uploads\/2020\/01\/new_imagine_roza_wielobarwna.jpg\"><img loading=\"lazy\" decoding=\"async\" aria-describedby=\"caption-attachment-4186\" class=\"wp-image-4186 size-thumbnail\" src=\"http:\/\/rozaria.pl\/blog\/wp-content\/uploads\/2020\/01\/new_imagine_roza_wielobarwna-150x150.jpg\" alt=\"r\u00f3\u017ca rabatowa new imagine\" width=\"150\" height=\"150\" srcset=\"https:\/\/rozaria.pl\/blog\/wp-content\/uploads\/2020\/01\/new_imagine_roza_wielobarwna-66x66.jpg 66w, https:\/\/rozaria.pl\/blog\/wp-content\/uploads\/2020\/01\/new_imagine_roza_wielobarwna-150x150.jpg 150w, https:\/\/rozaria.pl\/blog\/wp-content\/uploads\/2020\/01\/new_imagine_roza_wielobarwna-200x201.jpg 200w, https:\/\/rozaria.pl\/blog\/wp-content\/uploads\/2020\/01\/new_imagine_roza_wielobarwna-300x300.jpg 300w, https:\/\/rozaria.pl\/blog\/wp-content\/uploads\/2020\/01\/new_imagine_roza_wielobarwna-400x401.jpg 400w, https:\/\/rozaria.pl\/blog\/wp-content\/uploads\/2020\/01\/new_imagine_roza_wielobarwna.jpg 593w\" sizes=\"(max-width: 150px) 100vw, 150px\" \/><\/a><p id=\"caption-attachment-4186\" class=\"wp-caption-text\">r\u00f3\u017ca rabatowa New Imagine<\/p><\/div>\n<p style=\"text-align: justify;\"><span style=\"font-size: 18pt;\">Naprawd\u0119 nie wiem, jak si\u0119 nazywa. Kupi\u0142am j\u0105 na Allegro, za ok. 6z\u0142. Podana nazwa hokus pokus, cho\u0107 ja nie jestem pewna. Na pewno wiedzia\u0142am, \u017ce musz\u0119 j\u0105 mie\u0107, poniewa\u017c wybarwienie p\u0142atk\u00f3w ma niesamowite. Kwitnie bardzo obficie. Naliczy\u0142am a\u017c 25 p\u0105k\u00f3w ostatnio. Kwiaty mo\u017ce szybciej opadaj\u0105, ale przy ich du\u017cej ilo\u015bci zwraca uwag\u0119 mimo wszystko. Podsypuj\u0119 j\u0105 nawozem, by przed\u0142u\u017cy\u0107 trwa\u0142o\u015b\u0107 i d\u0142ugo\u015b\u0107 kwitnienia.<\/span><\/p>\n<p>&nbsp;<\/p>\n<div id=\"attachment_4189\" style=\"width: 262px\" class=\"wp-caption alignright\"><a href=\"http:\/\/rozaria.pl\/blog\/wp-content\/uploads\/2020\/01\/nostalgie_roza_wielkokwiatowa.jpg\"><img loading=\"lazy\" decoding=\"async\" aria-describedby=\"caption-attachment-4189\" class=\"wp-image-4189 size-medium\" src=\"http:\/\/rozaria.pl\/blog\/wp-content\/uploads\/2020\/01\/nostalgie_roza_wielkokwiatowa-252x300.jpg\" alt=\"r\u00f3\u017ca wielkokwiatowa\" width=\"252\" height=\"300\" srcset=\"https:\/\/rozaria.pl\/blog\/wp-content\/uploads\/2020\/01\/nostalgie_roza_wielkokwiatowa-126x150.jpg 126w, https:\/\/rozaria.pl\/blog\/wp-content\/uploads\/2020\/01\/nostalgie_roza_wielkokwiatowa-200x238.jpg 200w, https:\/\/rozaria.pl\/blog\/wp-content\/uploads\/2020\/01\/nostalgie_roza_wielkokwiatowa-252x300.jpg 252w, https:\/\/rozaria.pl\/blog\/wp-content\/uploads\/2020\/01\/nostalgie_roza_wielkokwiatowa-400x477.jpg 400w, https:\/\/rozaria.pl\/blog\/wp-content\/uploads\/2020\/01\/nostalgie_roza_wielkokwiatowa.jpg 584w\" sizes=\"(max-width: 252px) 100vw, 252px\" \/><\/a><p id=\"caption-attachment-4189\" class=\"wp-caption-text\">Nostalgie r\u00f3\u017ca wielkokwiatowa<\/p><\/div>\n<p style=\"text-align: justify;\"><strong><span style=\"font-size: 18pt;\">NOSTALGIE<\/span><\/strong><\/p>\n<p style=\"text-align: justify;\"><span style=\"font-size: 18pt;\">R\u00f3\u017ca zago\u015bci\u0142a w moim ogr\u00f3dku dopiero w tym roku, a ju\u017c jest okaza\u0142ych rozmiar\u00f3w. Kwitnie jak szalona i ma mn\u00f3stwo p\u0105k\u00f3w, co jest ogromn\u0105 zalet\u0105. \u015arodki wype\u0142nione na bia\u0142o, zewn\u0119trzne p\u0142atki mocnej barwy. My\u015bl\u0119, \u017ce je\u015bli chodzi o odporno\u015b\u0107 na mocne s\u0142o\u0144ce, zaliczy\u0142abym j\u0105 do \u015brednich r\u00f3\u017c. Poniewa\u017c kwiaty po 2, 3 dnich wypalaj\u0105 si\u0119. Z racji tego, \u017ce kwitnie na niej wiele kwiat\u00f3w jednocze\u015bnie, mo\u017cna stale cieszy\u0107 si\u0119 nowymi. Dla mnie to prawdziwy rarytas.<\/span><\/p>\n<p style=\"text-align: justify;\"><a href=\"https:\/\/rozaria.pl\/roze-wielkokwiatowe-orient-express\" target=\"_blank\" rel=\"noopener noreferrer\"><strong><span style=\"font-size: 18pt;\">ORIENT EXPRESS wielobarwna r\u00f3\u017ca wielkokwiatowa<\/span><\/strong><\/a><\/p>\n<div id=\"attachment_4191\" style=\"width: 310px\" class=\"wp-caption alignleft\"><a href=\"http:\/\/rozaria.pl\/blog\/wp-content\/uploads\/2020\/01\/orient_expres_roza_wielobarwa_wielkokwiatowa.jpg\"><img loading=\"lazy\" decoding=\"async\" aria-describedby=\"caption-attachment-4191\" class=\"wp-image-4191 size-medium\" src=\"http:\/\/rozaria.pl\/blog\/wp-content\/uploads\/2020\/01\/orient_expres_roza_wielobarwa_wielkokwiatowa-300x297.jpg\" alt=\"Orient Express r\u00f3\u017ca wielkokwiatowa\" width=\"300\" height=\"297\" srcset=\"https:\/\/rozaria.pl\/blog\/wp-content\/uploads\/2020\/01\/orient_expres_roza_wielobarwa_wielkokwiatowa-66x66.jpg 66w, https:\/\/rozaria.pl\/blog\/wp-content\/uploads\/2020\/01\/orient_expres_roza_wielobarwa_wielkokwiatowa-150x150.jpg 150w, https:\/\/rozaria.pl\/blog\/wp-content\/uploads\/2020\/01\/orient_expres_roza_wielobarwa_wielkokwiatowa-200x198.jpg 200w, https:\/\/rozaria.pl\/blog\/wp-content\/uploads\/2020\/01\/orient_expres_roza_wielobarwa_wielkokwiatowa-300x297.jpg 300w, https:\/\/rozaria.pl\/blog\/wp-content\/uploads\/2020\/01\/orient_expres_roza_wielobarwa_wielkokwiatowa-400x396.jpg 400w, https:\/\/rozaria.pl\/blog\/wp-content\/uploads\/2020\/01\/orient_expres_roza_wielobarwa_wielkokwiatowa.jpg 548w\" sizes=\"(max-width: 300px) 100vw, 300px\" \/><\/a><p id=\"caption-attachment-4191\" class=\"wp-caption-text\">Orient Express pachn\u0105ca wielobarwna pi\u0119kno\u015b\u0107<\/p><\/div>\n<p style=\"text-align: justify;\"><span style=\"font-size: 18pt;\">T\u0119 r\u00f3\u017c\u0119 zobaczy\u0142am w ogrodzie kuzynki i od tego momentu wiedzia\u0142am, \u017ce musi zago\u015bci\u0107 w moim ogrodzie. My\u015bl\u0119, \u017ce nie ma osoby, kt\u00f3ra przesz\u0142aby oboj\u0119tnie obok niej. M\u00f3j krzew ma oko\u0142o 3 lat i r\u00f3wnie\u017c jesieni\u0105 zosta\u0142 przesadzony do nowego ogr\u00f3dka. Jak wida\u0107 w niczym mu to nie zaszkodzi\u0142o. Kwiaty ma zawsze ogromne i pe\u0142ne. Bardzo odporne na deszcz i s\u0142o\u0144ce. W zasadzie przy tej odmianie musz\u0119 uwa\u017ca\u0107 tylko na mszyce, kt\u00f3re upodoba\u0142y sobie w\u0142a\u015bnie t\u0119 odmian\u0119 w moim ogr\u00f3dku. Poza tym \u015bwietnie kwitnie r\u00f3wnie\u017c bez od\u017cywek.<\/span><\/p>\n<p>&nbsp;<\/p>\n<div id=\"attachment_4192\" style=\"width: 243px\" class=\"wp-caption alignleft\"><a href=\"http:\/\/rozaria.pl\/blog\/wp-content\/uploads\/2020\/01\/osiria.jpg\"><img loading=\"lazy\" decoding=\"async\" aria-describedby=\"caption-attachment-4192\" class=\"wp-image-4192 size-medium\" src=\"http:\/\/rozaria.pl\/blog\/wp-content\/uploads\/2020\/01\/osiria-233x300.jpg\" alt=\"Osiria r\u00f3\u017ca wielkokwiatowa\" width=\"233\" height=\"300\" srcset=\"https:\/\/rozaria.pl\/blog\/wp-content\/uploads\/2020\/01\/osiria-116x150.jpg 116w, https:\/\/rozaria.pl\/blog\/wp-content\/uploads\/2020\/01\/osiria-200x258.jpg 200w, https:\/\/rozaria.pl\/blog\/wp-content\/uploads\/2020\/01\/osiria-233x300.jpg 233w, https:\/\/rozaria.pl\/blog\/wp-content\/uploads\/2020\/01\/osiria-400x516.jpg 400w, https:\/\/rozaria.pl\/blog\/wp-content\/uploads\/2020\/01\/osiria-600x774.jpg 600w, https:\/\/rozaria.pl\/blog\/wp-content\/uploads\/2020\/01\/osiria.jpg 618w\" sizes=\"(max-width: 233px) 100vw, 233px\" \/><\/a><p id=\"caption-attachment-4192\" class=\"wp-caption-text\">Osiria mocny kontrast czerwieni i bieli<\/p><\/div>\n<div id=\"attachment_4193\" style=\"width: 310px\" class=\"wp-caption alignright\"><a href=\"http:\/\/rozaria.pl\/blog\/wp-content\/uploads\/2020\/01\/osiria1.jpg\"><img loading=\"lazy\" decoding=\"async\" aria-describedby=\"caption-attachment-4193\" class=\"wp-image-4193 size-medium\" src=\"http:\/\/rozaria.pl\/blog\/wp-content\/uploads\/2020\/01\/osiria1-300x268.jpg\" alt=\"r\u00f3\u017ca wielkokwiatowa Osiria\" width=\"300\" height=\"268\" srcset=\"https:\/\/rozaria.pl\/blog\/wp-content\/uploads\/2020\/01\/osiria1-150x134.jpg 150w, https:\/\/rozaria.pl\/blog\/wp-content\/uploads\/2020\/01\/osiria1-200x179.jpg 200w, https:\/\/rozaria.pl\/blog\/wp-content\/uploads\/2020\/01\/osiria1-300x268.jpg 300w, https:\/\/rozaria.pl\/blog\/wp-content\/uploads\/2020\/01\/osiria1-400x357.jpg 400w, https:\/\/rozaria.pl\/blog\/wp-content\/uploads\/2020\/01\/osiria1.jpg 469w\" sizes=\"(max-width: 300px) 100vw, 300px\" \/><\/a><p id=\"caption-attachment-4193\" class=\"wp-caption-text\">Osiria kwiat o mocnym kontra\u015bcie<\/p><\/div>\n<p style=\"text-align: justify;\"><span style=\"font-size: 18pt;\"><a href=\"https:\/\/rozaria.pl\/roze-wielkokwiatowe-osiria\" target=\"_blank\" rel=\"noopener noreferrer\"><strong>OSIRIA<\/strong><\/a> ( prawdopodobnie) pe\u0142na elegancji r\u00f3\u017ca wielkokwiatowa<\/span><\/p>\n<p style=\"text-align: justify;\"><span style=\"font-size: 18pt;\">Kwiaty przepi\u0119knie uformowane, cho\u0107 nie wielkie. Doskonale uformowane o p\u0142atkach mi\u0119kkich jak plusz. P\u0142atki wewn\u0105trz obdarzone barw\u0105 ognistej czerwieni, od spodu bia\u0142e. Odporna na s\u0142o\u0144ce i deszcz. Cieszy moje oko od 3 lat.<\/span><\/p>\n<p>&nbsp;<\/p>\n<p style=\"text-align: justify;\"><strong><span style=\"font-size: 18pt;\">PAUL RICARD<\/span><\/strong><\/p>\n<div id=\"attachment_4195\" style=\"width: 145px\" class=\"wp-caption alignleft\"><a href=\"http:\/\/rozaria.pl\/blog\/wp-content\/uploads\/2020\/01\/paul_ricard1_roza_wielkokwiatowa.jpg\"><img loading=\"lazy\" decoding=\"async\" aria-describedby=\"caption-attachment-4195\" class=\"wp-image-4195 size-thumbnail\" src=\"http:\/\/rozaria.pl\/blog\/wp-content\/uploads\/2020\/01\/paul_ricard1_roza_wielkokwiatowa-135x150.jpg\" alt=\"r\u00f3\u017ca wielkokwiatowa\" width=\"135\" height=\"150\" srcset=\"https:\/\/rozaria.pl\/blog\/wp-content\/uploads\/2020\/01\/paul_ricard1_roza_wielkokwiatowa-135x150.jpg 135w, https:\/\/rozaria.pl\/blog\/wp-content\/uploads\/2020\/01\/paul_ricard1_roza_wielkokwiatowa-200x223.jpg 200w, https:\/\/rozaria.pl\/blog\/wp-content\/uploads\/2020\/01\/paul_ricard1_roza_wielkokwiatowa-269x300.jpg 269w, https:\/\/rozaria.pl\/blog\/wp-content\/uploads\/2020\/01\/paul_ricard1_roza_wielkokwiatowa-400x446.jpg 400w, https:\/\/rozaria.pl\/blog\/wp-content\/uploads\/2020\/01\/paul_ricard1_roza_wielkokwiatowa.jpg 496w\" sizes=\"(max-width: 135px) 100vw, 135px\" \/><\/a><p id=\"caption-attachment-4195\" class=\"wp-caption-text\">Paul Ricard<\/p><\/div>\n<div id=\"attachment_4196\" style=\"width: 138px\" class=\"wp-caption alignleft\"><a href=\"http:\/\/rozaria.pl\/blog\/wp-content\/uploads\/2020\/01\/paul_ricard_roza_wielkokwiatowa.jpg\"><img loading=\"lazy\" decoding=\"async\" aria-describedby=\"caption-attachment-4196\" class=\"size-thumbnail wp-image-4196\" src=\"http:\/\/rozaria.pl\/blog\/wp-content\/uploads\/2020\/01\/paul_ricard_roza_wielkokwiatowa-128x150.jpg\" alt=\"r\u00f3\u017ca wielkokwiatowa\" width=\"128\" height=\"150\" srcset=\"https:\/\/rozaria.pl\/blog\/wp-content\/uploads\/2020\/01\/paul_ricard_roza_wielkokwiatowa-128x150.jpg 128w, https:\/\/rozaria.pl\/blog\/wp-content\/uploads\/2020\/01\/paul_ricard_roza_wielkokwiatowa-200x235.jpg 200w, https:\/\/rozaria.pl\/blog\/wp-content\/uploads\/2020\/01\/paul_ricard_roza_wielkokwiatowa-256x300.jpg 256w, https:\/\/rozaria.pl\/blog\/wp-content\/uploads\/2020\/01\/paul_ricard_roza_wielkokwiatowa-400x470.jpg 400w, https:\/\/rozaria.pl\/blog\/wp-content\/uploads\/2020\/01\/paul_ricard_roza_wielkokwiatowa.jpg 580w\" sizes=\"(max-width: 128px) 100vw, 128px\" \/><\/a><p id=\"caption-attachment-4196\" class=\"wp-caption-text\">Paul Ricard<\/p><\/div>\n<p style=\"text-align: justify;\"><span style=\"font-size: 18pt;\">R\u00f3\u017ca pocz\u0105tkowo bardzo wymagaj\u0105ca, poniewa\u017c pierwsze kwiaty by\u0142y puste z widocznymi \u015brodkami.<\/span><\/p>\n<p style=\"text-align: justify;\"><span style=\"font-size: 18pt;\">Dopiero po nawo\u017ceniu Substralem 100-dniowym, zacz\u0119\u0142y rozkwita\u0107 w miar\u0119 pe\u0142ne kwiaty. Posadzona w tym roku, ju\u017c mnie urzek\u0142a kolorem oraz odporno\u015bci\u0105 na s\u0142o\u0144ce.<\/span><\/p>\n<p style=\"text-align: justify;\"><strong><span style=\"font-size: 18pt;\">PINK INTUITION<\/span><\/strong><\/p>\n<div id=\"attachment_4199\" style=\"width: 185px\" class=\"wp-caption alignleft\"><a href=\"http:\/\/rozaria.pl\/blog\/wp-content\/uploads\/2020\/01\/pink_intuition_roza_wielkokwiatowa.jpg\"><img loading=\"lazy\" decoding=\"async\" aria-describedby=\"caption-attachment-4199\" class=\"wp-image-4199 size-medium\" src=\"http:\/\/rozaria.pl\/blog\/wp-content\/uploads\/2020\/01\/pink_intuition_roza_wielkokwiatowa-175x300.jpg\" alt=\"r\u00f3\u017ca wielkokwiatowa\" width=\"175\" height=\"300\" srcset=\"https:\/\/rozaria.pl\/blog\/wp-content\/uploads\/2020\/01\/pink_intuition_roza_wielkokwiatowa-87x150.jpg 87w, https:\/\/rozaria.pl\/blog\/wp-content\/uploads\/2020\/01\/pink_intuition_roza_wielkokwiatowa-175x300.jpg 175w, https:\/\/rozaria.pl\/blog\/wp-content\/uploads\/2020\/01\/pink_intuition_roza_wielkokwiatowa-200x343.jpg 200w, https:\/\/rozaria.pl\/blog\/wp-content\/uploads\/2020\/01\/pink_intuition_roza_wielkokwiatowa-400x687.jpg 400w, https:\/\/rozaria.pl\/blog\/wp-content\/uploads\/2020\/01\/pink_intuition_roza_wielkokwiatowa.jpg 455w\" sizes=\"(max-width: 175px) 100vw, 175px\" \/><\/a><p id=\"caption-attachment-4199\" class=\"wp-caption-text\">Pink Intuition<\/p><\/div>\n<p style=\"text-align: justify;\"><span style=\"font-size: 18pt;\"><a href=\"http:\/\/rozaria.pl\/blog\/wp-content\/uploads\/2020\/01\/pink_intuition1_roza_wielkokwiatowa.jpg\"><img loading=\"lazy\" decoding=\"async\" class=\"wp-image-4200 size-medium alignright\" src=\"http:\/\/rozaria.pl\/blog\/wp-content\/uploads\/2020\/01\/pink_intuition1_roza_wielkokwiatowa-300x253.jpg\" alt=\"wielkokwiatowa r\u00f3\u017ca \" width=\"300\" height=\"253\" srcset=\"https:\/\/rozaria.pl\/blog\/wp-content\/uploads\/2020\/01\/pink_intuition1_roza_wielkokwiatowa-150x127.jpg 150w, https:\/\/rozaria.pl\/blog\/wp-content\/uploads\/2020\/01\/pink_intuition1_roza_wielkokwiatowa-200x169.jpg 200w, https:\/\/rozaria.pl\/blog\/wp-content\/uploads\/2020\/01\/pink_intuition1_roza_wielkokwiatowa-300x253.jpg 300w, https:\/\/rozaria.pl\/blog\/wp-content\/uploads\/2020\/01\/pink_intuition1_roza_wielkokwiatowa-400x338.jpg 400w, https:\/\/rozaria.pl\/blog\/wp-content\/uploads\/2020\/01\/pink_intuition1_roza_wielkokwiatowa.jpg 500w\" sizes=\"(max-width: 300px) 100vw, 300px\" \/><\/a>Kolejna z grona ulubionych r\u00f3\u017cyczek, posadzona zosta\u0142a w tym roku.<\/span><\/p>\n<p>&nbsp;<\/p>\n<p style=\"text-align: justify;\"><span style=\"font-size: 18pt;\">Kupiona pod wp\u0142ywem impulsu. Krzew jak na pierwszy rok po posadzeniu du\u017cy. Kwiaty pe\u0142ne. Moja ulubienica pod ka\u017cdym wzgl\u0119dem. Nie wymaga szczeg\u00f3lnej piel\u0119gnacji. Uwielbia s\u0142o\u0144ce i deszcz, jest bardzo odporna.<\/span><\/p>\n<p>&nbsp;<\/p>\n<p style=\"text-align: justify;\"><strong><span style=\"font-size: 18pt;\">SALLY KANE<\/span><\/strong><\/p>\n<div id=\"attachment_4202\" style=\"width: 232px\" class=\"wp-caption alignleft\"><a href=\"http:\/\/rozaria.pl\/blog\/wp-content\/uploads\/2020\/01\/sally-kane.jpg\"><img loading=\"lazy\" decoding=\"async\" aria-describedby=\"caption-attachment-4202\" class=\"wp-image-4202 size-medium\" src=\"http:\/\/rozaria.pl\/blog\/wp-content\/uploads\/2020\/01\/sally-kane-222x300.jpg\" alt=\"r\u00f3\u017c\u0105 wielkokwiatowa Sally Kane\" width=\"222\" height=\"300\" srcset=\"https:\/\/rozaria.pl\/blog\/wp-content\/uploads\/2020\/01\/sally-kane-111x150.jpg 111w, https:\/\/rozaria.pl\/blog\/wp-content\/uploads\/2020\/01\/sally-kane-200x270.jpg 200w, https:\/\/rozaria.pl\/blog\/wp-content\/uploads\/2020\/01\/sally-kane-222x300.jpg 222w, https:\/\/rozaria.pl\/blog\/wp-content\/uploads\/2020\/01\/sally-kane-400x540.jpg 400w, https:\/\/rozaria.pl\/blog\/wp-content\/uploads\/2020\/01\/sally-kane.jpg 587w\" sizes=\"(max-width: 222px) 100vw, 222px\" \/><\/a><p id=\"caption-attachment-4202\" class=\"wp-caption-text\">Sally Kane<\/p><\/div>\n<p style=\"text-align: justify;\"><span style=\"font-size: 18pt;\">W ka\u017cdym ogr\u00f3dku musi by\u0107 miejsce dla jasnej r\u00f3\u017cy. Nie jest to jednolity kolor w tym przypadku, ale gra odcieni od kremowego do lekko herbacianego. Niekt\u00f3rym wydaje si\u0119 bia\u0142a, zw\u0142aszcza w pe\u0142nym s\u0142o\u0144cu. Jedno jest pewne zwraca na siebie uwag\u0119. U mnie pierwszy rok po posadzeniu, a kwitnie jak szalona. I te wielkie kwiaty, pe\u0142ne. Bardzo szybko ro\u015bnie, uwielbia i s\u0142o\u0144ce i deszcz. Po prostu zachwycaj\u0105ca.<\/span><\/p>\n<p>&nbsp;<\/p>\n<p>&nbsp;<\/p>\n<div id=\"attachment_4203\" style=\"width: 272px\" class=\"wp-caption alignright\"><a href=\"http:\/\/rozaria.pl\/blog\/wp-content\/uploads\/2020\/01\/tanakinom.jpg\"><img loading=\"lazy\" decoding=\"async\" aria-describedby=\"caption-attachment-4203\" class=\"wp-image-4203 size-medium\" src=\"http:\/\/rozaria.pl\/blog\/wp-content\/uploads\/2020\/01\/tanakinom-262x300.jpg\" alt=\"r\u00f3\u017ca wielkokwiatowa Tanakinom\" width=\"262\" height=\"300\" srcset=\"https:\/\/rozaria.pl\/blog\/wp-content\/uploads\/2020\/01\/tanakinom-131x150.jpg 131w, https:\/\/rozaria.pl\/blog\/wp-content\/uploads\/2020\/01\/tanakinom-200x229.jpg 200w, https:\/\/rozaria.pl\/blog\/wp-content\/uploads\/2020\/01\/tanakinom-262x300.jpg 262w, https:\/\/rozaria.pl\/blog\/wp-content\/uploads\/2020\/01\/tanakinom-400x458.jpg 400w, https:\/\/rozaria.pl\/blog\/wp-content\/uploads\/2020\/01\/tanakinom-600x688.jpg 600w, https:\/\/rozaria.pl\/blog\/wp-content\/uploads\/2020\/01\/tanakinom.jpg 603w\" sizes=\"(max-width: 262px) 100vw, 262px\" \/><\/a><p id=\"caption-attachment-4203\" class=\"wp-caption-text\">pomara\u0144czowa r\u00f3\u017ca wielkokwiatowa Tanakinom<\/p><\/div>\n<p style=\"text-align: justify;\"><span style=\"font-size: 18pt;\"><a href=\"https:\/\/rozaria.pl\/roze-pomaranczowe-monika\" target=\"_blank\" rel=\"noopener noreferrer\"><strong>TANAKINOM<\/strong><\/a> (nazwa podana przez Rozaria.pl)<\/span><\/p>\n<p style=\"text-align: justify;\"><span style=\"font-size: 18pt;\">&#8220;Pi\u0119kna Pomy\u0142ka&#8221; to r\u00f3\u017ca zakupiona na allegro jako Casanova. Chyba nie trzeba nikogo przekonywa\u0107, \u017ce zosta\u0142a by\u0107 mo\u017ce pomylona. Mimo to chocia\u017c nie dosta\u0142am tego co chcia\u0142am, jestem mile zaskoczona. Widzia\u0142am wiele pomara\u0144czowych r\u00f3\u017c, ale jeszcze nigdy o tak intensywnej barwie. R\u00f3\u017ca posadzona w tym roku, na razie niewielka, ale bardzo odporna. Li\u015bcie b\u0142yszcz\u0105ce, kwiaty klasycznego kroju, wida\u0107 j\u0105 z daleka.<\/span><\/p>\n<p>&nbsp;<\/p>\n<p><span style=\"font-size: 18pt; font-family: georgia, palatino, serif;\">Uwielbiam r\u00f3\u017ce i to one by\u0142y inspiracj\u0119 do za\u0142o\u017cenia mojego ogr\u00f3dka.<\/span><\/p>\n","protected":false},"excerpt":{"rendered":"<p>Mam na imi\u0119 Aneta Mo\u017ce m\u00f3j ogr\u00f3dek nie nale\u017cy do najpi\u0119kniejszych, ale bardzo chcia\u0142am si\u0119 podzieli\u0107 moim ulubionym miejscem. Sp\u0119dzam w nim czas po pracy i tu w\u0142a\u015bnie najcz\u0119\u015bciej pragn\u0119 przebywa\u0107. Kr\u00f3tka historia mojego ogrodu: Prace nad ogr\u00f3dkiem rozpocz\u0119\u0142am jesieni\u0105. [&hellip;]<\/p>\n","protected":false},"author":13,"featured_media":4235,"comment_status":"open","ping_status":"open","sticky":false,"template":"","format":"standard","meta":{"_mi_skip_tracking":false,"_monsterinsights_sitenote_active":false,"_monsterinsights_sitenote_note":"","_monsterinsights_sitenote_category":0,"footnotes":""},"categories":[111],"tags":[],"yoast_head":"<!-- This site is optimized with the Yoast SEO plugin v23.5 - https:\/\/yoast.com\/wordpress\/plugins\/seo\/ -->\n<title>Ka\u017cda r\u00f3\u017ca to inna historia - blog Rozaria.pl<\/title>\n<meta name=\"robots\" content=\"index, follow, max-snippet:-1, max-image-preview:large, max-video-preview:-1\" \/>\n<link rel=\"canonical\" href=\"https:\/\/rozaria.pl\/blog\/kazda-roza-to-inna-historia\/\" \/>\n<meta property=\"og:locale\" content=\"pl_PL\" \/>\n<meta property=\"og:type\" content=\"article\" \/>\n<meta property=\"og:title\" content=\"Ka\u017cda r\u00f3\u017ca to inna historia - blog Rozaria.pl\" \/>\n<meta property=\"og:description\" content=\"Mam na imi\u0119 Aneta Mo\u017ce m\u00f3j ogr\u00f3dek nie nale\u017cy do najpi\u0119kniejszych, ale bardzo chcia\u0142am si\u0119 podzieli\u0107 moim ulubionym miejscem. Sp\u0119dzam w nim czas po pracy i tu w\u0142a\u015bnie najcz\u0119\u015bciej pragn\u0119 przebywa\u0107. Kr\u00f3tka historia mojego ogrodu: Prace nad ogr\u00f3dkiem rozpocz\u0119\u0142am jesieni\u0105. [&hellip;]\" \/>\n<meta property=\"og:url\" content=\"https:\/\/rozaria.pl\/blog\/kazda-roza-to-inna-historia\/\" \/>\n<meta property=\"og:site_name\" content=\"blog Rozaria.pl\" \/>\n<meta property=\"article:publisher\" content=\"https:\/\/www.facebook.com\/SzkolkaRozRozaria\/\" \/>\n<meta property=\"article:published_time\" content=\"2020-02-08T12:59:02+00:00\" \/>\n<meta property=\"article:modified_time\" content=\"2020-02-15T16:57:00+00:00\" \/>\n<meta property=\"og:image\" content=\"https:\/\/rozaria.pl\/blog\/wp-content\/uploads\/2020\/02\/new_imagine.jpg\" \/>\n\t<meta property=\"og:image:width\" content=\"934\" \/>\n\t<meta property=\"og:image:height\" content=\"796\" \/>\n\t<meta property=\"og:image:type\" content=\"image\/jpeg\" \/>\n<meta name=\"author\" content=\"ilonka ilonka\" \/>\n<meta name=\"twitter:card\" content=\"summary_large_image\" \/>\n<meta name=\"twitter:creator\" content=\"@SzkolkaRozaria\" \/>\n<meta name=\"twitter:site\" content=\"@SzkolkaRozaria\" \/>\n<meta name=\"twitter:label1\" content=\"Napisane przez\" \/>\n\t<meta name=\"twitter:data1\" content=\"ilonka ilonka\" \/>\n\t<meta name=\"twitter:label2\" content=\"Szacowany czas czytania\" \/>\n\t<meta name=\"twitter:data2\" content=\"8 minut\" \/>\n<script type=\"application\/ld+json\" class=\"yoast-schema-graph\">{\"@context\":\"https:\/\/schema.org\",\"@graph\":[{\"@type\":\"Article\",\"@id\":\"https:\/\/rozaria.pl\/blog\/kazda-roza-to-inna-historia\/#article\",\"isPartOf\":{\"@id\":\"https:\/\/rozaria.pl\/blog\/kazda-roza-to-inna-historia\/\"},\"author\":{\"name\":\"ilonka ilonka\",\"@id\":\"https:\/\/rozaria.pl\/blog\/#\/schema\/person\/c96f9b8f5a4bdce673178df814ce753a\"},\"headline\":\"Ka\u017cda r\u00f3\u017ca to inna historia\",\"datePublished\":\"2020-02-08T12:59:02+00:00\",\"dateModified\":\"2020-02-15T16:57:00+00:00\",\"mainEntityOfPage\":{\"@id\":\"https:\/\/rozaria.pl\/blog\/kazda-roza-to-inna-historia\/\"},\"wordCount\":1688,\"commentCount\":0,\"publisher\":{\"@id\":\"https:\/\/rozaria.pl\/blog\/#organization\"},\"image\":{\"@id\":\"https:\/\/rozaria.pl\/blog\/kazda-roza-to-inna-historia\/#primaryimage\"},\"thumbnailUrl\":\"https:\/\/rozaria.pl\/blog\/wp-content\/uploads\/2020\/02\/new_imagine.jpg\",\"articleSection\":[\"Historie\"],\"inLanguage\":\"pl-PL\",\"potentialAction\":[{\"@type\":\"CommentAction\",\"name\":\"Comment\",\"target\":[\"https:\/\/rozaria.pl\/blog\/kazda-roza-to-inna-historia\/#respond\"]}]},{\"@type\":\"WebPage\",\"@id\":\"https:\/\/rozaria.pl\/blog\/kazda-roza-to-inna-historia\/\",\"url\":\"https:\/\/rozaria.pl\/blog\/kazda-roza-to-inna-historia\/\",\"name\":\"Ka\u017cda r\u00f3\u017ca to inna historia - blog Rozaria.pl\",\"isPartOf\":{\"@id\":\"https:\/\/rozaria.pl\/blog\/#website\"},\"primaryImageOfPage\":{\"@id\":\"https:\/\/rozaria.pl\/blog\/kazda-roza-to-inna-historia\/#primaryimage\"},\"image\":{\"@id\":\"https:\/\/rozaria.pl\/blog\/kazda-roza-to-inna-historia\/#primaryimage\"},\"thumbnailUrl\":\"https:\/\/rozaria.pl\/blog\/wp-content\/uploads\/2020\/02\/new_imagine.jpg\",\"datePublished\":\"2020-02-08T12:59:02+00:00\",\"dateModified\":\"2020-02-15T16:57:00+00:00\",\"breadcrumb\":{\"@id\":\"https:\/\/rozaria.pl\/blog\/kazda-roza-to-inna-historia\/#breadcrumb\"},\"inLanguage\":\"pl-PL\",\"potentialAction\":[{\"@type\":\"ReadAction\",\"target\":[\"https:\/\/rozaria.pl\/blog\/kazda-roza-to-inna-historia\/\"]}]},{\"@type\":\"ImageObject\",\"inLanguage\":\"pl-PL\",\"@id\":\"https:\/\/rozaria.pl\/blog\/kazda-roza-to-inna-historia\/#primaryimage\",\"url\":\"https:\/\/rozaria.pl\/blog\/wp-content\/uploads\/2020\/02\/new_imagine.jpg\",\"contentUrl\":\"https:\/\/rozaria.pl\/blog\/wp-content\/uploads\/2020\/02\/new_imagine.jpg\",\"width\":934,\"height\":796,\"caption\":\"r\u00f3\u017ca rabatowa New Imagine\"},{\"@type\":\"BreadcrumbList\",\"@id\":\"https:\/\/rozaria.pl\/blog\/kazda-roza-to-inna-historia\/#breadcrumb\",\"itemListElement\":[{\"@type\":\"ListItem\",\"position\":1,\"name\":\"Strona g\u0142\u00f3wna\",\"item\":\"https:\/\/rozaria.pl\/blog\/\"},{\"@type\":\"ListItem\",\"position\":2,\"name\":\"Ka\u017cda r\u00f3\u017ca to inna historia\"}]},{\"@type\":\"WebSite\",\"@id\":\"https:\/\/rozaria.pl\/blog\/#website\",\"url\":\"https:\/\/rozaria.pl\/blog\/\",\"name\":\"blog Rozaria.pl\",\"description\":\"Porozmawiajmy o r\u00f3\u017cach, o wszystkich sprawach\",\"publisher\":{\"@id\":\"https:\/\/rozaria.pl\/blog\/#organization\"},\"potentialAction\":[{\"@type\":\"SearchAction\",\"target\":{\"@type\":\"EntryPoint\",\"urlTemplate\":\"https:\/\/rozaria.pl\/blog\/?s={search_term_string}\"},\"query-input\":{\"@type\":\"PropertyValueSpecification\",\"valueRequired\":true,\"valueName\":\"search_term_string\"}}],\"inLanguage\":\"pl-PL\"},{\"@type\":\"Organization\",\"@id\":\"https:\/\/rozaria.pl\/blog\/#organization\",\"name\":\"Szk\u00f3\u0142ka R\u00f3\u017c Rozaria\",\"url\":\"https:\/\/rozaria.pl\/blog\/\",\"logo\":{\"@type\":\"ImageObject\",\"inLanguage\":\"pl-PL\",\"@id\":\"https:\/\/rozaria.pl\/blog\/#\/schema\/logo\/image\/\",\"url\":\"https:\/\/rozaria.pl\/blog\/wp-content\/uploads\/2016\/12\/logo_dla-rozaria.png\",\"contentUrl\":\"https:\/\/rozaria.pl\/blog\/wp-content\/uploads\/2016\/12\/logo_dla-rozaria.png\",\"width\":400,\"height\":166,\"caption\":\"Szk\u00f3\u0142ka R\u00f3\u017c Rozaria\"},\"image\":{\"@id\":\"https:\/\/rozaria.pl\/blog\/#\/schema\/logo\/image\/\"},\"sameAs\":[\"https:\/\/www.facebook.com\/SzkolkaRozRozaria\/\",\"https:\/\/x.com\/SzkolkaRozaria\",\"https:\/\/www.youtube.com\/channel\/UCguKKBc7F06eYM1tzYx1Z5A\"]},{\"@type\":\"Person\",\"@id\":\"https:\/\/rozaria.pl\/blog\/#\/schema\/person\/c96f9b8f5a4bdce673178df814ce753a\",\"name\":\"ilonka ilonka\",\"image\":{\"@type\":\"ImageObject\",\"inLanguage\":\"pl-PL\",\"@id\":\"https:\/\/rozaria.pl\/blog\/#\/schema\/person\/image\/\",\"url\":\"https:\/\/secure.gravatar.com\/avatar\/120d8290bb4c56b4906631bebcba307b?s=96&d=mm&r=g\",\"contentUrl\":\"https:\/\/secure.gravatar.com\/avatar\/120d8290bb4c56b4906631bebcba307b?s=96&d=mm&r=g\",\"caption\":\"ilonka ilonka\"},\"url\":\"https:\/\/rozaria.pl\/blog\/author\/ilonka\/\"}]}<\/script>\n<!-- \/ Yoast SEO plugin. -->","yoast_head_json":{"title":"Ka\u017cda r\u00f3\u017ca to inna historia - blog Rozaria.pl","robots":{"index":"index","follow":"follow","max-snippet":"max-snippet:-1","max-image-preview":"max-image-preview:large","max-video-preview":"max-video-preview:-1"},"canonical":"https:\/\/rozaria.pl\/blog\/kazda-roza-to-inna-historia\/","og_locale":"pl_PL","og_type":"article","og_title":"Ka\u017cda r\u00f3\u017ca to inna historia - blog Rozaria.pl","og_description":"Mam na imi\u0119 Aneta Mo\u017ce m\u00f3j ogr\u00f3dek nie nale\u017cy do najpi\u0119kniejszych, ale bardzo chcia\u0142am si\u0119 podzieli\u0107 moim ulubionym miejscem. Sp\u0119dzam w nim czas po pracy i tu w\u0142a\u015bnie najcz\u0119\u015bciej pragn\u0119 przebywa\u0107. Kr\u00f3tka historia mojego ogrodu: Prace nad ogr\u00f3dkiem rozpocz\u0119\u0142am jesieni\u0105. [&hellip;]","og_url":"https:\/\/rozaria.pl\/blog\/kazda-roza-to-inna-historia\/","og_site_name":"blog Rozaria.pl","article_publisher":"https:\/\/www.facebook.com\/SzkolkaRozRozaria\/","article_published_time":"2020-02-08T12:59:02+00:00","article_modified_time":"2020-02-15T16:57:00+00:00","og_image":[{"width":934,"height":796,"url":"https:\/\/rozaria.pl\/blog\/wp-content\/uploads\/2020\/02\/new_imagine.jpg","type":"image\/jpeg"}],"author":"ilonka ilonka","twitter_card":"summary_large_image","twitter_creator":"@SzkolkaRozaria","twitter_site":"@SzkolkaRozaria","twitter_misc":{"Napisane przez":"ilonka ilonka","Szacowany czas czytania":"8 minut"},"schema":{"@context":"https:\/\/schema.org","@graph":[{"@type":"Article","@id":"https:\/\/rozaria.pl\/blog\/kazda-roza-to-inna-historia\/#article","isPartOf":{"@id":"https:\/\/rozaria.pl\/blog\/kazda-roza-to-inna-historia\/"},"author":{"name":"ilonka ilonka","@id":"https:\/\/rozaria.pl\/blog\/#\/schema\/person\/c96f9b8f5a4bdce673178df814ce753a"},"headline":"Ka\u017cda r\u00f3\u017ca to inna historia","datePublished":"2020-02-08T12:59:02+00:00","dateModified":"2020-02-15T16:57:00+00:00","mainEntityOfPage":{"@id":"https:\/\/rozaria.pl\/blog\/kazda-roza-to-inna-historia\/"},"wordCount":1688,"commentCount":0,"publisher":{"@id":"https:\/\/rozaria.pl\/blog\/#organization"},"image":{"@id":"https:\/\/rozaria.pl\/blog\/kazda-roza-to-inna-historia\/#primaryimage"},"thumbnailUrl":"https:\/\/rozaria.pl\/blog\/wp-content\/uploads\/2020\/02\/new_imagine.jpg","articleSection":["Historie"],"inLanguage":"pl-PL","potentialAction":[{"@type":"CommentAction","name":"Comment","target":["https:\/\/rozaria.pl\/blog\/kazda-roza-to-inna-historia\/#respond"]}]},{"@type":"WebPage","@id":"https:\/\/rozaria.pl\/blog\/kazda-roza-to-inna-historia\/","url":"https:\/\/rozaria.pl\/blog\/kazda-roza-to-inna-historia\/","name":"Ka\u017cda r\u00f3\u017ca to inna historia - blog Rozaria.pl","isPartOf":{"@id":"https:\/\/rozaria.pl\/blog\/#website"},"primaryImageOfPage":{"@id":"https:\/\/rozaria.pl\/blog\/kazda-roza-to-inna-historia\/#primaryimage"},"image":{"@id":"https:\/\/rozaria.pl\/blog\/kazda-roza-to-inna-historia\/#primaryimage"},"thumbnailUrl":"https:\/\/rozaria.pl\/blog\/wp-content\/uploads\/2020\/02\/new_imagine.jpg","datePublished":"2020-02-08T12:59:02+00:00","dateModified":"2020-02-15T16:57:00+00:00","breadcrumb":{"@id":"https:\/\/rozaria.pl\/blog\/kazda-roza-to-inna-historia\/#breadcrumb"},"inLanguage":"pl-PL","potentialAction":[{"@type":"ReadAction","target":["https:\/\/rozaria.pl\/blog\/kazda-roza-to-inna-historia\/"]}]},{"@type":"ImageObject","inLanguage":"pl-PL","@id":"https:\/\/rozaria.pl\/blog\/kazda-roza-to-inna-historia\/#primaryimage","url":"https:\/\/rozaria.pl\/blog\/wp-content\/uploads\/2020\/02\/new_imagine.jpg","contentUrl":"https:\/\/rozaria.pl\/blog\/wp-content\/uploads\/2020\/02\/new_imagine.jpg","width":934,"height":796,"caption":"r\u00f3\u017ca rabatowa New Imagine"},{"@type":"BreadcrumbList","@id":"https:\/\/rozaria.pl\/blog\/kazda-roza-to-inna-historia\/#breadcrumb","itemListElement":[{"@type":"ListItem","position":1,"name":"Strona g\u0142\u00f3wna","item":"https:\/\/rozaria.pl\/blog\/"},{"@type":"ListItem","position":2,"name":"Ka\u017cda r\u00f3\u017ca to inna historia"}]},{"@type":"WebSite","@id":"https:\/\/rozaria.pl\/blog\/#website","url":"https:\/\/rozaria.pl\/blog\/","name":"blog Rozaria.pl","description":"Porozmawiajmy o r\u00f3\u017cach, o wszystkich sprawach","publisher":{"@id":"https:\/\/rozaria.pl\/blog\/#organization"},"potentialAction":[{"@type":"SearchAction","target":{"@type":"EntryPoint","urlTemplate":"https:\/\/rozaria.pl\/blog\/?s={search_term_string}"},"query-input":{"@type":"PropertyValueSpecification","valueRequired":true,"valueName":"search_term_string"}}],"inLanguage":"pl-PL"},{"@type":"Organization","@id":"https:\/\/rozaria.pl\/blog\/#organization","name":"Szk\u00f3\u0142ka R\u00f3\u017c Rozaria","url":"https:\/\/rozaria.pl\/blog\/","logo":{"@type":"ImageObject","inLanguage":"pl-PL","@id":"https:\/\/rozaria.pl\/blog\/#\/schema\/logo\/image\/","url":"https:\/\/rozaria.pl\/blog\/wp-content\/uploads\/2016\/12\/logo_dla-rozaria.png","contentUrl":"https:\/\/rozaria.pl\/blog\/wp-content\/uploads\/2016\/12\/logo_dla-rozaria.png","width":400,"height":166,"caption":"Szk\u00f3\u0142ka R\u00f3\u017c Rozaria"},"image":{"@id":"https:\/\/rozaria.pl\/blog\/#\/schema\/logo\/image\/"},"sameAs":["https:\/\/www.facebook.com\/SzkolkaRozRozaria\/","https:\/\/x.com\/SzkolkaRozaria","https:\/\/www.youtube.com\/channel\/UCguKKBc7F06eYM1tzYx1Z5A"]},{"@type":"Person","@id":"https:\/\/rozaria.pl\/blog\/#\/schema\/person\/c96f9b8f5a4bdce673178df814ce753a","name":"ilonka ilonka","image":{"@type":"ImageObject","inLanguage":"pl-PL","@id":"https:\/\/rozaria.pl\/blog\/#\/schema\/person\/image\/","url":"https:\/\/secure.gravatar.com\/avatar\/120d8290bb4c56b4906631bebcba307b?s=96&d=mm&r=g","contentUrl":"https:\/\/secure.gravatar.com\/avatar\/120d8290bb4c56b4906631bebcba307b?s=96&d=mm&r=g","caption":"ilonka ilonka"},"url":"https:\/\/rozaria.pl\/blog\/author\/ilonka\/"}]}},"_links":{"self":[{"href":"https:\/\/rozaria.pl\/blog\/wp-json\/wp\/v2\/posts\/4143"}],"collection":[{"href":"https:\/\/rozaria.pl\/blog\/wp-json\/wp\/v2\/posts"}],"about":[{"href":"https:\/\/rozaria.pl\/blog\/wp-json\/wp\/v2\/types\/post"}],"author":[{"embeddable":true,"href":"https:\/\/rozaria.pl\/blog\/wp-json\/wp\/v2\/users\/13"}],"replies":[{"embeddable":true,"href":"https:\/\/rozaria.pl\/blog\/wp-json\/wp\/v2\/comments?post=4143"}],"version-history":[{"count":20,"href":"https:\/\/rozaria.pl\/blog\/wp-json\/wp\/v2\/posts\/4143\/revisions"}],"predecessor-version":[{"id":4209,"href":"https:\/\/rozaria.pl\/blog\/wp-json\/wp\/v2\/posts\/4143\/revisions\/4209"}],"wp:featuredmedia":[{"embeddable":true,"href":"https:\/\/rozaria.pl\/blog\/wp-json\/wp\/v2\/media\/4235"}],"wp:attachment":[{"href":"https:\/\/rozaria.pl\/blog\/wp-json\/wp\/v2\/media?parent=4143"}],"wp:term":[{"taxonomy":"category","embeddable":true,"href":"https:\/\/rozaria.pl\/blog\/wp-json\/wp\/v2\/categories?post=4143"},{"taxonomy":"post_tag","embeddable":true,"href":"https:\/\/rozaria.pl\/blog\/wp-json\/wp\/v2\/tags?post=4143"}],"curies":[{"name":"wp","href":"https:\/\/api.w.org\/{rel}","templated":true}]}}