{"id":4129,"date":"2020-01-02T13:35:44","date_gmt":"2020-01-02T12:35:44","guid":{"rendered":"https:\/\/rozaria.pl\/blog\/?p=4129"},"modified":"2020-01-20T13:58:40","modified_gmt":"2020-01-20T12:58:40","slug":"historia-roz-zwiazana-z-dziecinstwem","status":"publish","type":"post","link":"https:\/\/rozaria.pl\/blog\/historia-roz-zwiazana-z-dziecinstwem\/","title":{"rendered":"Historia r\u00f3\u017c zwi\u0105zana z dzieci\u0144stwem"},"content":{"rendered":"<p style=\"text-align: justify;\">Wiele by\u0142o tajemniczych miejsc, kolorowych kwiat\u00f3w i pachn\u0105cych, soczystych owoc\u00f3w w wielkim ogrodzie mojego dzieci\u0144stwa. Dla ma\u0142ych st\u00f3p i ciekawskich oczu stanowi\u0142 on niezmierzony i niewyczerpany teren eksploracji i zachwytu \u015bwiatem.<\/p>\n<p style=\"text-align: justify;\">Obok dzikiego zak\u0105tka porzeczkowych krzak\u00f3w, obok przepi\u0119knie kwitn\u0105cej wi\u015bni zwanej \u201ebaletnic\u0105\u201d, obok kryj\u00f3wki w starej tui, szczeg\u00f3lne miejsce w ogrodzie\u00a0 mojego dzieci\u0144stwa zajmowa\u0142a pn\u0105ca r\u00f3\u017ca o per\u0142owo-r\u00f3\u017cowych kwiatach i delikatnym zapachu. Ros\u0142a tam od zawsze: by\u0107 mo\u017ce posadzi\u0142 j\u0105 przedwojenny w\u0142a\u015bciciel ogrodu, a mo\u017ce moi Rodzice, kiedy wprowadzili si\u0119 w latach 50-tych ubieg\u0142ego wieku do domu ze zdzicza\u0142ym ogrodem i zacz\u0119li\u00a0 urz\u0105dza\u0107 w nim przestrze\u0144 rekreacyjn\u0105 dla siebie i dzieci?&#8230; a my co roku czekali\u015bmy na jej widowiskowe kwitnienie.<\/p>\n<p><img loading=\"lazy\" decoding=\"async\" class=\"aligncenter wp-image-4141 size-full\" src=\"http:\/\/rozaria.pl\/blog\/wp-content\/uploads\/2020\/01\/roze_okrywowe_heidetraum-1.jpg\" alt=\"r\u00f3\u017ce okrywowe heidetraum\" width=\"900\" height=\"900\" srcset=\"https:\/\/rozaria.pl\/blog\/wp-content\/uploads\/2020\/01\/roze_okrywowe_heidetraum-1-66x66.jpg 66w, https:\/\/rozaria.pl\/blog\/wp-content\/uploads\/2020\/01\/roze_okrywowe_heidetraum-1-150x150.jpg 150w, https:\/\/rozaria.pl\/blog\/wp-content\/uploads\/2020\/01\/roze_okrywowe_heidetraum-1-200x200.jpg 200w, https:\/\/rozaria.pl\/blog\/wp-content\/uploads\/2020\/01\/roze_okrywowe_heidetraum-1-300x300.jpg 300w, https:\/\/rozaria.pl\/blog\/wp-content\/uploads\/2020\/01\/roze_okrywowe_heidetraum-1-400x400.jpg 400w, https:\/\/rozaria.pl\/blog\/wp-content\/uploads\/2020\/01\/roze_okrywowe_heidetraum-1-600x600.jpg 600w, https:\/\/rozaria.pl\/blog\/wp-content\/uploads\/2020\/01\/roze_okrywowe_heidetraum-1-768x768.jpg 768w, https:\/\/rozaria.pl\/blog\/wp-content\/uploads\/2020\/01\/roze_okrywowe_heidetraum-1-800x800.jpg 800w, https:\/\/rozaria.pl\/blog\/wp-content\/uploads\/2020\/01\/roze_okrywowe_heidetraum-1.jpg 900w\" sizes=\"(max-width: 900px) 100vw, 900px\" \/><\/p>\n<p style=\"text-align: justify;\">Po latach r\u00f3\u017ca pow\u0119drowa\u0142a z nami do nowego ogrodu o tarasowej formie przy nowym domu, gdzie wegetowa\u0142a w niekorzystnej, zachodniej lokalizacji przy \u015bcianie budynku, w prawie ca\u0142kowitym zacienieniu przez blisko \u0107wier\u0107 wieku. Dopiero kilka lat temu przesadzi\u0142am j\u0105 na inne, po\u0142udniowe stanowisko na \u015brodkowym tarasie, daj\u0105c za podpor\u0119 star\u0105 w\u0119gierk\u0119. R\u00f3\u017ca zyska\u0142a wreszcie drugie \u017cycie: od tamtej pory co roku odwdzi\u0119cza si\u0119 bogactwem delikatnych kwiat\u00f3w i pnie si\u0119 coraz bardziej w koron\u0119 starego drzewa, przeplataj\u0105c z wiciokrzewem. Jej pi\u0119kno i \u017cywotno\u015b\u0107 zainspirowa\u0142y mnie do zainteresowania si\u0119 r\u00f3\u017cami: dopiero po latach sprawdzi\u0142am, \u017ce ta porcelanowa pi\u0119kno\u015b\u0107 to odmiana New Dawn &#8211; jedna z najstarszych i najpopularniejszych odmian r\u00f3\u017cy pn\u0105cej. W dodatku d\u0142ugowieczna- m\u00f3j okaz musi liczy\u0107 sobie co najmniej 50 lat.<\/p>\n<p style=\"text-align: justify;\">I tak rozpocz\u0119\u0142a si\u0119 moja przygoda z r\u00f3\u017cami. Ogr\u00f3d, kt\u00f3rym zaj\u0119\u0142am si\u0119 dopiero ok. 10 lat po \u015bmierci moich Rodzic\u00f3w, potrzebowa\u0142 r\u0119ki gospodarza i\u2026 kolor\u00f3w. Zieleni by\u0142o w nim a\u017c nadto &#8211; rozros\u0142y si\u0119 przez lata nieprzycinane bzy, forsycje, tawu\u0142y i ja\u015bminowce oraz drzewa owocowe. Przepad\u0142y gdzie\u015b tulipany, narcyzy, irysy, dalie, od lat nikt ju\u017c nie nasadza\u0142 wiosn\u0105 nowych bratk\u00f3w, a latem ognistych sza\u0142wi i kolorowych gazanii. R\u00f3\u017ce wydawa\u0142y si\u0119 doskona\u0142ym rozwi\u0105zaniem, by o\u017cywi\u0107 i urozmaici\u0107 t\u0119 wszechobecn\u0105 ziele\u0144. Na g\u00f3rnym tarasie, w centralnym miejscu za\u0142o\u017cy\u0142am mini-rozarium: na pocz\u0105tek r\u00f3\u017cne odcienie r\u00f3\u017cowo\u015bci- niezawodna Bonica, drobnokwiatowe Lovely Fairy, bujne Heidetraum i najbardziej ze wszystkich fotogeniczna Leonardo da Vinci. Z r\u00f3\u017cami jest troch\u0119 tak jak z nauk\u0105 wg \u017beromskiego: \u201eim wi\u0119cej jej pijesz, tym bardziej jeste\u015b spragniony\u201d, a w odniesieniu do r\u00f3\u017c: im wi\u0119cej ich masz w swoim ogrodzie, tym wi\u0119cej nowych odmian pragniesz zasadzi\u0107. Tak wi\u0119c systematycznie dochodz\u0105 nasadzenia soliterowe: kolejna wersja r\u00f3\u017canej r\u00f3\u017cowo\u015bci t.j. Rosarium, obficie kwitn\u0105ca Nina oraz klasyczna dostojna czerwie\u0144 wielkokwiatowej Liebeszauber.<\/p>\n<p><img loading=\"lazy\" decoding=\"async\" class=\"size-full wp-image-4139 aligncenter\" src=\"http:\/\/rozaria.pl\/blog\/wp-content\/uploads\/2020\/01\/wielokolorowe_mini_rozarium-1.jpg\" alt=\"wielokolorowe mini rozarium\" width=\"675\" height=\"900\" srcset=\"https:\/\/rozaria.pl\/blog\/wp-content\/uploads\/2020\/01\/wielokolorowe_mini_rozarium-1-113x150.jpg 113w, https:\/\/rozaria.pl\/blog\/wp-content\/uploads\/2020\/01\/wielokolorowe_mini_rozarium-1-200x267.jpg 200w, https:\/\/rozaria.pl\/blog\/wp-content\/uploads\/2020\/01\/wielokolorowe_mini_rozarium-1-225x300.jpg 225w, https:\/\/rozaria.pl\/blog\/wp-content\/uploads\/2020\/01\/wielokolorowe_mini_rozarium-1-400x533.jpg 400w, https:\/\/rozaria.pl\/blog\/wp-content\/uploads\/2020\/01\/wielokolorowe_mini_rozarium-1-600x800.jpg 600w, https:\/\/rozaria.pl\/blog\/wp-content\/uploads\/2020\/01\/wielokolorowe_mini_rozarium-1.jpg 675w\" sizes=\"(max-width: 675px) 100vw, 675px\" \/><\/p>\n<p style=\"text-align: justify;\">W kolejnym roku urz\u0105dzi\u0142am mini-rozarium nr 2 na rozleg\u0142ym \u015brodkowym tarasie, gdzie ziele\u0144 jest jeszcze intensywniejsza. Postawi\u0142am wi\u0119c na kontrastuj\u0105c\u0105 z ni\u0105 czerwie\u0144. Wczesnym latem, na tle bordowych i bia\u0142ych powojnik\u00f3w rozkwit\u0142a r\u00f3\u017ca Monaco o jasnym \u015brodku i wi\u015bniowych brzegach. Wkr\u00f3tce do\u0142\u0105czy\u0142a do nich pn\u0105ca Sympatia, teraz oczekuj\u0119 na pierwsze kwitnienie dosadzonych zesz\u0142ej jesieni Red Fairy i Hot Chocolate. Ca\u0142o\u015b\u0107 obrazu dope\u0142niaj\u0105 posadzone wcze\u015bniej na dalekim planie, na skraju ogrodu na dolnym tarasie okaza\u0142e krzewy dzikich r\u00f3\u017c, kt\u00f3re na pocz\u0105tku czerwca, zachwycaj\u0105 ulotnym pi\u0119knem drobnych jasnor\u00f3\u017cowych p\u0142atk\u00f3w.<\/p>\n<p><img loading=\"lazy\" decoding=\"async\" class=\"size-full wp-image-4132 aligncenter\" src=\"http:\/\/rozaria.pl\/blog\/wp-content\/uploads\/2020\/01\/rozarium_w_ogrodzie.jpg\" alt=\"rozarium w ogrodzie\" width=\"900\" height=\"540\" srcset=\"https:\/\/rozaria.pl\/blog\/wp-content\/uploads\/2020\/01\/rozarium_w_ogrodzie-150x90.jpg 150w, https:\/\/rozaria.pl\/blog\/wp-content\/uploads\/2020\/01\/rozarium_w_ogrodzie-200x120.jpg 200w, https:\/\/rozaria.pl\/blog\/wp-content\/uploads\/2020\/01\/rozarium_w_ogrodzie-300x180.jpg 300w, https:\/\/rozaria.pl\/blog\/wp-content\/uploads\/2020\/01\/rozarium_w_ogrodzie-400x240.jpg 400w, https:\/\/rozaria.pl\/blog\/wp-content\/uploads\/2020\/01\/rozarium_w_ogrodzie-600x360.jpg 600w, https:\/\/rozaria.pl\/blog\/wp-content\/uploads\/2020\/01\/rozarium_w_ogrodzie-768x461.jpg 768w, https:\/\/rozaria.pl\/blog\/wp-content\/uploads\/2020\/01\/rozarium_w_ogrodzie-800x480.jpg 800w, https:\/\/rozaria.pl\/blog\/wp-content\/uploads\/2020\/01\/rozarium_w_ogrodzie.jpg 900w\" sizes=\"(max-width: 900px) 100vw, 900px\" \/><\/p>\n<p style=\"text-align: justify;\">Dzi\u0119ki r\u00f3\u017com i innym nasadzeniom ogr\u00f3d zyska\u0142 barwy oraz nuty szlachetno\u015bci i romantyczno\u015bci. Nigdy nie stanie si\u0119 ogrodem pod \u201elinijk\u0119\u201d, znacznie bli\u017cej mu do swobodnych wzorc\u00f3w ogrod\u00f3w w stylu angielskim ni\u017c do geometrycznego uporz\u0105dkowania tych wersalskich. Czy to nie jest przypadkiem przywo\u0142ywaniem obraz\u00f3w z dzieci\u0144stwa, kt\u00f3re na zawsze nosimy w sobie? Wszak ogr\u00f3d, w kt\u00f3rym sp\u0119dzi\u0142am szcz\u0119\u015bliwe dzieci\u0144stwo by\u0142 swobodny, troch\u0119 dziki i tajemniczy\u2026<\/p>\n<p style=\"text-align: justify;\">Mi\u0142o\u015b\u0107 do r\u00f3\u017c jest trudnym uczuciem, bowiem piel\u0119gnacja tych szlachetnych kwiat\u00f3w wymaga nieustaj\u0105cej uwagi i pilnowania termin\u00f3w, mniejszych i wi\u0119kszych potyczek z mrozami, mszycami, chorobami grzybowymi i kolcami\u2026 Ale kiedy przychodzi czas kwitnienia, r\u00f3\u017ce odwdzi\u0119czaj\u0105 si\u0119 za trosk\u0119 raduj\u0105c oczy i dusz\u0119 bogactwem swej unikatowej urody, stanowi\u0105c tym samym kwintesencj\u0119 Pi\u0119kna.<\/p>\n\n\t\t<style type=\"text\/css\">\n\t\t\t#gallery-1 {\n\t\t\t\tmargin: auto;\n\t\t\t}\n\t\t\t#gallery-1 .gallery-item {\n\t\t\t\tfloat: left;\n\t\t\t\tmargin-top: 10px;\n\t\t\t\ttext-align: center;\n\t\t\t\twidth: 50%;\n\t\t\t}\n\t\t\t#gallery-1 img {\n\t\t\t\tborder: 2px solid #cfcfcf;\n\t\t\t}\n\t\t\t#gallery-1 .gallery-caption {\n\t\t\t\tmargin-left: 0;\n\t\t\t}\n\t\t\t\/* see gallery_shortcode() in wp-includes\/media.php *\/\n\t\t<\/style>\n\t\t<div id='gallery-1' class='gallery galleryid-4129 gallery-columns-2 gallery-size-full'><dl class='gallery-item'>\n\t\t\t<dt class='gallery-icon portrait'>\n\t\t\t\t<a data-rel=\"iLightbox[postimages]\" data-title=\"miss_obiektywu_leonardo_da_vinci\" data-caption=\"\" href='https:\/\/rozaria.pl\/blog\/historia-roz-zwiazana-z-dziecinstwem\/miss_obiektywu_leonardo_da_vinci\/'><img loading=\"lazy\" decoding=\"async\" width=\"675\" height=\"900\" src=\"https:\/\/rozaria.pl\/blog\/wp-content\/uploads\/2020\/01\/miss_obiektywu_leonardo_da_vinci.jpg\" class=\"attachment-full size-full\" alt=\"\" srcset=\"https:\/\/rozaria.pl\/blog\/wp-content\/uploads\/2020\/01\/miss_obiektywu_leonardo_da_vinci-113x150.jpg 113w, https:\/\/rozaria.pl\/blog\/wp-content\/uploads\/2020\/01\/miss_obiektywu_leonardo_da_vinci-200x267.jpg 200w, https:\/\/rozaria.pl\/blog\/wp-content\/uploads\/2020\/01\/miss_obiektywu_leonardo_da_vinci-225x300.jpg 225w, https:\/\/rozaria.pl\/blog\/wp-content\/uploads\/2020\/01\/miss_obiektywu_leonardo_da_vinci-400x533.jpg 400w, https:\/\/rozaria.pl\/blog\/wp-content\/uploads\/2020\/01\/miss_obiektywu_leonardo_da_vinci-600x800.jpg 600w, https:\/\/rozaria.pl\/blog\/wp-content\/uploads\/2020\/01\/miss_obiektywu_leonardo_da_vinci.jpg 675w\" sizes=\"(max-width: 675px) 100vw, 675px\" \/><\/a>\n\t\t\t<\/dt><\/dl><dl class='gallery-item'>\n\t\t\t<dt class='gallery-icon portrait'>\n\t\t\t\t<a data-rel=\"iLightbox[postimages]\" data-title=\"rozowe_roze_rabatowe_leonardo_da_vinci\" data-caption=\"\" href='https:\/\/rozaria.pl\/blog\/historia-roz-zwiazana-z-dziecinstwem\/rozowe_roze_rabatowe_leonardo_da_vinci\/'><img loading=\"lazy\" decoding=\"async\" width=\"675\" height=\"900\" src=\"https:\/\/rozaria.pl\/blog\/wp-content\/uploads\/2020\/01\/rozowe_roze_rabatowe_leonardo_da_vinci.jpg\" class=\"attachment-full size-full\" alt=\"r\u00f3\u017cowe r\u00f3\u017ce rabatowe leonardo da vinci\" srcset=\"https:\/\/rozaria.pl\/blog\/wp-content\/uploads\/2020\/01\/rozowe_roze_rabatowe_leonardo_da_vinci-113x150.jpg 113w, https:\/\/rozaria.pl\/blog\/wp-content\/uploads\/2020\/01\/rozowe_roze_rabatowe_leonardo_da_vinci-200x267.jpg 200w, https:\/\/rozaria.pl\/blog\/wp-content\/uploads\/2020\/01\/rozowe_roze_rabatowe_leonardo_da_vinci-225x300.jpg 225w, https:\/\/rozaria.pl\/blog\/wp-content\/uploads\/2020\/01\/rozowe_roze_rabatowe_leonardo_da_vinci-400x533.jpg 400w, https:\/\/rozaria.pl\/blog\/wp-content\/uploads\/2020\/01\/rozowe_roze_rabatowe_leonardo_da_vinci-600x800.jpg 600w, https:\/\/rozaria.pl\/blog\/wp-content\/uploads\/2020\/01\/rozowe_roze_rabatowe_leonardo_da_vinci.jpg 675w\" sizes=\"(max-width: 675px) 100vw, 675px\" \/><\/a>\n\t\t\t<\/dt><\/dl><br style=\"clear: both\" \/>\n\t\t<\/div>\n\n<p style=\"text-align: justify;\">\n<p style=\"text-align: justify;\">P.S. wi\u0119kszo\u015b\u0107 sadzonek pochodzi ze szk\u00f3\u0142ki Rozaria<\/p>\n<p style=\"text-align: justify;\"><strong>agnieszkagrzes5<\/strong><\/p>\n","protected":false},"excerpt":{"rendered":"<p>Wiele by\u0142o tajemniczych miejsc, kolorowych kwiat\u00f3w i pachn\u0105cych, soczystych owoc\u00f3w w wielkim ogrodzie mojego dzieci\u0144stwa. Dla ma\u0142ych st\u00f3p i ciekawskich oczu stanowi\u0142 on niezmierzony i niewyczerpany teren eksploracji i zachwytu \u015bwiatem. Obok dzikiego zak\u0105tka porzeczkowych krzak\u00f3w, obok przepi\u0119knie kwitn\u0105cej wi\u015bni [&hellip;]<\/p>\n","protected":false},"author":13,"featured_media":4131,"comment_status":"open","ping_status":"open","sticky":false,"template":"","format":"standard","meta":{"_mi_skip_tracking":false,"_monsterinsights_sitenote_active":false,"_monsterinsights_sitenote_note":"","_monsterinsights_sitenote_category":0,"footnotes":""},"categories":[111],"tags":[],"yoast_head":"<!-- This site is optimized with the Yoast SEO plugin v23.5 - https:\/\/yoast.com\/wordpress\/plugins\/seo\/ -->\n<title>Historia r\u00f3\u017c zwi\u0105zana z dzieci\u0144stwem - blog Rozaria.pl<\/title>\n<meta name=\"robots\" content=\"index, follow, max-snippet:-1, max-image-preview:large, max-video-preview:-1\" \/>\n<link rel=\"canonical\" href=\"https:\/\/rozaria.pl\/blog\/historia-roz-zwiazana-z-dziecinstwem\/\" \/>\n<meta property=\"og:locale\" content=\"pl_PL\" \/>\n<meta property=\"og:type\" content=\"article\" \/>\n<meta property=\"og:title\" content=\"Historia r\u00f3\u017c zwi\u0105zana z dzieci\u0144stwem - blog Rozaria.pl\" \/>\n<meta property=\"og:description\" content=\"Wiele by\u0142o tajemniczych miejsc, kolorowych kwiat\u00f3w i pachn\u0105cych, soczystych owoc\u00f3w w wielkim ogrodzie mojego dzieci\u0144stwa. Dla ma\u0142ych st\u00f3p i ciekawskich oczu stanowi\u0142 on niezmierzony i niewyczerpany teren eksploracji i zachwytu \u015bwiatem. Obok dzikiego zak\u0105tka porzeczkowych krzak\u00f3w, obok przepi\u0119knie kwitn\u0105cej wi\u015bni [&hellip;]\" \/>\n<meta property=\"og:url\" content=\"https:\/\/rozaria.pl\/blog\/historia-roz-zwiazana-z-dziecinstwem\/\" \/>\n<meta property=\"og:site_name\" content=\"blog Rozaria.pl\" \/>\n<meta property=\"article:publisher\" content=\"https:\/\/www.facebook.com\/SzkolkaRozRozaria\/\" \/>\n<meta property=\"article:published_time\" content=\"2020-01-02T12:35:44+00:00\" \/>\n<meta property=\"article:modified_time\" content=\"2020-01-20T12:58:40+00:00\" \/>\n<meta property=\"og:image\" content=\"https:\/\/rozaria.pl\/blog\/wp-content\/uploads\/2020\/01\/roza_pnaca_new_dawn.jpg\" \/>\n\t<meta property=\"og:image:width\" content=\"675\" \/>\n\t<meta property=\"og:image:height\" content=\"900\" \/>\n\t<meta property=\"og:image:type\" content=\"image\/jpeg\" \/>\n<meta name=\"author\" content=\"ilonka ilonka\" \/>\n<meta name=\"twitter:card\" content=\"summary_large_image\" \/>\n<meta name=\"twitter:creator\" content=\"@SzkolkaRozaria\" \/>\n<meta name=\"twitter:site\" content=\"@SzkolkaRozaria\" \/>\n<meta name=\"twitter:label1\" content=\"Napisane przez\" \/>\n\t<meta name=\"twitter:data1\" content=\"ilonka ilonka\" \/>\n\t<meta name=\"twitter:label2\" content=\"Szacowany czas czytania\" \/>\n\t<meta name=\"twitter:data2\" content=\"4 minuty\" \/>\n<script type=\"application\/ld+json\" class=\"yoast-schema-graph\">{\"@context\":\"https:\/\/schema.org\",\"@graph\":[{\"@type\":\"Article\",\"@id\":\"https:\/\/rozaria.pl\/blog\/historia-roz-zwiazana-z-dziecinstwem\/#article\",\"isPartOf\":{\"@id\":\"https:\/\/rozaria.pl\/blog\/historia-roz-zwiazana-z-dziecinstwem\/\"},\"author\":{\"name\":\"ilonka ilonka\",\"@id\":\"https:\/\/rozaria.pl\/blog\/#\/schema\/person\/c96f9b8f5a4bdce673178df814ce753a\"},\"headline\":\"Historia r\u00f3\u017c zwi\u0105zana z dzieci\u0144stwem\",\"datePublished\":\"2020-01-02T12:35:44+00:00\",\"dateModified\":\"2020-01-20T12:58:40+00:00\",\"mainEntityOfPage\":{\"@id\":\"https:\/\/rozaria.pl\/blog\/historia-roz-zwiazana-z-dziecinstwem\/\"},\"wordCount\":763,\"commentCount\":0,\"publisher\":{\"@id\":\"https:\/\/rozaria.pl\/blog\/#organization\"},\"image\":{\"@id\":\"https:\/\/rozaria.pl\/blog\/historia-roz-zwiazana-z-dziecinstwem\/#primaryimage\"},\"thumbnailUrl\":\"https:\/\/rozaria.pl\/blog\/wp-content\/uploads\/2020\/01\/roza_pnaca_new_dawn.jpg\",\"articleSection\":[\"Historie\"],\"inLanguage\":\"pl-PL\",\"potentialAction\":[{\"@type\":\"CommentAction\",\"name\":\"Comment\",\"target\":[\"https:\/\/rozaria.pl\/blog\/historia-roz-zwiazana-z-dziecinstwem\/#respond\"]}]},{\"@type\":\"WebPage\",\"@id\":\"https:\/\/rozaria.pl\/blog\/historia-roz-zwiazana-z-dziecinstwem\/\",\"url\":\"https:\/\/rozaria.pl\/blog\/historia-roz-zwiazana-z-dziecinstwem\/\",\"name\":\"Historia r\u00f3\u017c zwi\u0105zana z dzieci\u0144stwem - blog Rozaria.pl\",\"isPartOf\":{\"@id\":\"https:\/\/rozaria.pl\/blog\/#website\"},\"primaryImageOfPage\":{\"@id\":\"https:\/\/rozaria.pl\/blog\/historia-roz-zwiazana-z-dziecinstwem\/#primaryimage\"},\"image\":{\"@id\":\"https:\/\/rozaria.pl\/blog\/historia-roz-zwiazana-z-dziecinstwem\/#primaryimage\"},\"thumbnailUrl\":\"https:\/\/rozaria.pl\/blog\/wp-content\/uploads\/2020\/01\/roza_pnaca_new_dawn.jpg\",\"datePublished\":\"2020-01-02T12:35:44+00:00\",\"dateModified\":\"2020-01-20T12:58:40+00:00\",\"breadcrumb\":{\"@id\":\"https:\/\/rozaria.pl\/blog\/historia-roz-zwiazana-z-dziecinstwem\/#breadcrumb\"},\"inLanguage\":\"pl-PL\",\"potentialAction\":[{\"@type\":\"ReadAction\",\"target\":[\"https:\/\/rozaria.pl\/blog\/historia-roz-zwiazana-z-dziecinstwem\/\"]}]},{\"@type\":\"ImageObject\",\"inLanguage\":\"pl-PL\",\"@id\":\"https:\/\/rozaria.pl\/blog\/historia-roz-zwiazana-z-dziecinstwem\/#primaryimage\",\"url\":\"https:\/\/rozaria.pl\/blog\/wp-content\/uploads\/2020\/01\/roza_pnaca_new_dawn.jpg\",\"contentUrl\":\"https:\/\/rozaria.pl\/blog\/wp-content\/uploads\/2020\/01\/roza_pnaca_new_dawn.jpg\",\"width\":675,\"height\":900,\"caption\":\"r\u00f3\u017ca pn\u0105ca new dawn\"},{\"@type\":\"BreadcrumbList\",\"@id\":\"https:\/\/rozaria.pl\/blog\/historia-roz-zwiazana-z-dziecinstwem\/#breadcrumb\",\"itemListElement\":[{\"@type\":\"ListItem\",\"position\":1,\"name\":\"Strona g\u0142\u00f3wna\",\"item\":\"https:\/\/rozaria.pl\/blog\/\"},{\"@type\":\"ListItem\",\"position\":2,\"name\":\"Historia r\u00f3\u017c zwi\u0105zana z dzieci\u0144stwem\"}]},{\"@type\":\"WebSite\",\"@id\":\"https:\/\/rozaria.pl\/blog\/#website\",\"url\":\"https:\/\/rozaria.pl\/blog\/\",\"name\":\"blog Rozaria.pl\",\"description\":\"Porozmawiajmy o r\u00f3\u017cach, o wszystkich sprawach\",\"publisher\":{\"@id\":\"https:\/\/rozaria.pl\/blog\/#organization\"},\"potentialAction\":[{\"@type\":\"SearchAction\",\"target\":{\"@type\":\"EntryPoint\",\"urlTemplate\":\"https:\/\/rozaria.pl\/blog\/?s={search_term_string}\"},\"query-input\":{\"@type\":\"PropertyValueSpecification\",\"valueRequired\":true,\"valueName\":\"search_term_string\"}}],\"inLanguage\":\"pl-PL\"},{\"@type\":\"Organization\",\"@id\":\"https:\/\/rozaria.pl\/blog\/#organization\",\"name\":\"Szk\u00f3\u0142ka R\u00f3\u017c Rozaria\",\"url\":\"https:\/\/rozaria.pl\/blog\/\",\"logo\":{\"@type\":\"ImageObject\",\"inLanguage\":\"pl-PL\",\"@id\":\"https:\/\/rozaria.pl\/blog\/#\/schema\/logo\/image\/\",\"url\":\"https:\/\/rozaria.pl\/blog\/wp-content\/uploads\/2016\/12\/logo_dla-rozaria.png\",\"contentUrl\":\"https:\/\/rozaria.pl\/blog\/wp-content\/uploads\/2016\/12\/logo_dla-rozaria.png\",\"width\":400,\"height\":166,\"caption\":\"Szk\u00f3\u0142ka R\u00f3\u017c Rozaria\"},\"image\":{\"@id\":\"https:\/\/rozaria.pl\/blog\/#\/schema\/logo\/image\/\"},\"sameAs\":[\"https:\/\/www.facebook.com\/SzkolkaRozRozaria\/\",\"https:\/\/x.com\/SzkolkaRozaria\",\"https:\/\/www.youtube.com\/channel\/UCguKKBc7F06eYM1tzYx1Z5A\"]},{\"@type\":\"Person\",\"@id\":\"https:\/\/rozaria.pl\/blog\/#\/schema\/person\/c96f9b8f5a4bdce673178df814ce753a\",\"name\":\"ilonka ilonka\",\"image\":{\"@type\":\"ImageObject\",\"inLanguage\":\"pl-PL\",\"@id\":\"https:\/\/rozaria.pl\/blog\/#\/schema\/person\/image\/\",\"url\":\"https:\/\/secure.gravatar.com\/avatar\/120d8290bb4c56b4906631bebcba307b?s=96&d=mm&r=g\",\"contentUrl\":\"https:\/\/secure.gravatar.com\/avatar\/120d8290bb4c56b4906631bebcba307b?s=96&d=mm&r=g\",\"caption\":\"ilonka ilonka\"},\"url\":\"https:\/\/rozaria.pl\/blog\/author\/ilonka\/\"}]}<\/script>\n<!-- \/ Yoast SEO plugin. -->","yoast_head_json":{"title":"Historia r\u00f3\u017c zwi\u0105zana z dzieci\u0144stwem - blog Rozaria.pl","robots":{"index":"index","follow":"follow","max-snippet":"max-snippet:-1","max-image-preview":"max-image-preview:large","max-video-preview":"max-video-preview:-1"},"canonical":"https:\/\/rozaria.pl\/blog\/historia-roz-zwiazana-z-dziecinstwem\/","og_locale":"pl_PL","og_type":"article","og_title":"Historia r\u00f3\u017c zwi\u0105zana z dzieci\u0144stwem - blog Rozaria.pl","og_description":"Wiele by\u0142o tajemniczych miejsc, kolorowych kwiat\u00f3w i pachn\u0105cych, soczystych owoc\u00f3w w wielkim ogrodzie mojego dzieci\u0144stwa. Dla ma\u0142ych st\u00f3p i ciekawskich oczu stanowi\u0142 on niezmierzony i niewyczerpany teren eksploracji i zachwytu \u015bwiatem. Obok dzikiego zak\u0105tka porzeczkowych krzak\u00f3w, obok przepi\u0119knie kwitn\u0105cej wi\u015bni [&hellip;]","og_url":"https:\/\/rozaria.pl\/blog\/historia-roz-zwiazana-z-dziecinstwem\/","og_site_name":"blog Rozaria.pl","article_publisher":"https:\/\/www.facebook.com\/SzkolkaRozRozaria\/","article_published_time":"2020-01-02T12:35:44+00:00","article_modified_time":"2020-01-20T12:58:40+00:00","og_image":[{"width":675,"height":900,"url":"https:\/\/rozaria.pl\/blog\/wp-content\/uploads\/2020\/01\/roza_pnaca_new_dawn.jpg","type":"image\/jpeg"}],"author":"ilonka ilonka","twitter_card":"summary_large_image","twitter_creator":"@SzkolkaRozaria","twitter_site":"@SzkolkaRozaria","twitter_misc":{"Napisane przez":"ilonka ilonka","Szacowany czas czytania":"4 minuty"},"schema":{"@context":"https:\/\/schema.org","@graph":[{"@type":"Article","@id":"https:\/\/rozaria.pl\/blog\/historia-roz-zwiazana-z-dziecinstwem\/#article","isPartOf":{"@id":"https:\/\/rozaria.pl\/blog\/historia-roz-zwiazana-z-dziecinstwem\/"},"author":{"name":"ilonka ilonka","@id":"https:\/\/rozaria.pl\/blog\/#\/schema\/person\/c96f9b8f5a4bdce673178df814ce753a"},"headline":"Historia r\u00f3\u017c zwi\u0105zana z dzieci\u0144stwem","datePublished":"2020-01-02T12:35:44+00:00","dateModified":"2020-01-20T12:58:40+00:00","mainEntityOfPage":{"@id":"https:\/\/rozaria.pl\/blog\/historia-roz-zwiazana-z-dziecinstwem\/"},"wordCount":763,"commentCount":0,"publisher":{"@id":"https:\/\/rozaria.pl\/blog\/#organization"},"image":{"@id":"https:\/\/rozaria.pl\/blog\/historia-roz-zwiazana-z-dziecinstwem\/#primaryimage"},"thumbnailUrl":"https:\/\/rozaria.pl\/blog\/wp-content\/uploads\/2020\/01\/roza_pnaca_new_dawn.jpg","articleSection":["Historie"],"inLanguage":"pl-PL","potentialAction":[{"@type":"CommentAction","name":"Comment","target":["https:\/\/rozaria.pl\/blog\/historia-roz-zwiazana-z-dziecinstwem\/#respond"]}]},{"@type":"WebPage","@id":"https:\/\/rozaria.pl\/blog\/historia-roz-zwiazana-z-dziecinstwem\/","url":"https:\/\/rozaria.pl\/blog\/historia-roz-zwiazana-z-dziecinstwem\/","name":"Historia r\u00f3\u017c zwi\u0105zana z dzieci\u0144stwem - blog Rozaria.pl","isPartOf":{"@id":"https:\/\/rozaria.pl\/blog\/#website"},"primaryImageOfPage":{"@id":"https:\/\/rozaria.pl\/blog\/historia-roz-zwiazana-z-dziecinstwem\/#primaryimage"},"image":{"@id":"https:\/\/rozaria.pl\/blog\/historia-roz-zwiazana-z-dziecinstwem\/#primaryimage"},"thumbnailUrl":"https:\/\/rozaria.pl\/blog\/wp-content\/uploads\/2020\/01\/roza_pnaca_new_dawn.jpg","datePublished":"2020-01-02T12:35:44+00:00","dateModified":"2020-01-20T12:58:40+00:00","breadcrumb":{"@id":"https:\/\/rozaria.pl\/blog\/historia-roz-zwiazana-z-dziecinstwem\/#breadcrumb"},"inLanguage":"pl-PL","potentialAction":[{"@type":"ReadAction","target":["https:\/\/rozaria.pl\/blog\/historia-roz-zwiazana-z-dziecinstwem\/"]}]},{"@type":"ImageObject","inLanguage":"pl-PL","@id":"https:\/\/rozaria.pl\/blog\/historia-roz-zwiazana-z-dziecinstwem\/#primaryimage","url":"https:\/\/rozaria.pl\/blog\/wp-content\/uploads\/2020\/01\/roza_pnaca_new_dawn.jpg","contentUrl":"https:\/\/rozaria.pl\/blog\/wp-content\/uploads\/2020\/01\/roza_pnaca_new_dawn.jpg","width":675,"height":900,"caption":"r\u00f3\u017ca pn\u0105ca new dawn"},{"@type":"BreadcrumbList","@id":"https:\/\/rozaria.pl\/blog\/historia-roz-zwiazana-z-dziecinstwem\/#breadcrumb","itemListElement":[{"@type":"ListItem","position":1,"name":"Strona g\u0142\u00f3wna","item":"https:\/\/rozaria.pl\/blog\/"},{"@type":"ListItem","position":2,"name":"Historia r\u00f3\u017c zwi\u0105zana z dzieci\u0144stwem"}]},{"@type":"WebSite","@id":"https:\/\/rozaria.pl\/blog\/#website","url":"https:\/\/rozaria.pl\/blog\/","name":"blog Rozaria.pl","description":"Porozmawiajmy o r\u00f3\u017cach, o wszystkich sprawach","publisher":{"@id":"https:\/\/rozaria.pl\/blog\/#organization"},"potentialAction":[{"@type":"SearchAction","target":{"@type":"EntryPoint","urlTemplate":"https:\/\/rozaria.pl\/blog\/?s={search_term_string}"},"query-input":{"@type":"PropertyValueSpecification","valueRequired":true,"valueName":"search_term_string"}}],"inLanguage":"pl-PL"},{"@type":"Organization","@id":"https:\/\/rozaria.pl\/blog\/#organization","name":"Szk\u00f3\u0142ka R\u00f3\u017c Rozaria","url":"https:\/\/rozaria.pl\/blog\/","logo":{"@type":"ImageObject","inLanguage":"pl-PL","@id":"https:\/\/rozaria.pl\/blog\/#\/schema\/logo\/image\/","url":"https:\/\/rozaria.pl\/blog\/wp-content\/uploads\/2016\/12\/logo_dla-rozaria.png","contentUrl":"https:\/\/rozaria.pl\/blog\/wp-content\/uploads\/2016\/12\/logo_dla-rozaria.png","width":400,"height":166,"caption":"Szk\u00f3\u0142ka R\u00f3\u017c Rozaria"},"image":{"@id":"https:\/\/rozaria.pl\/blog\/#\/schema\/logo\/image\/"},"sameAs":["https:\/\/www.facebook.com\/SzkolkaRozRozaria\/","https:\/\/x.com\/SzkolkaRozaria","https:\/\/www.youtube.com\/channel\/UCguKKBc7F06eYM1tzYx1Z5A"]},{"@type":"Person","@id":"https:\/\/rozaria.pl\/blog\/#\/schema\/person\/c96f9b8f5a4bdce673178df814ce753a","name":"ilonka ilonka","image":{"@type":"ImageObject","inLanguage":"pl-PL","@id":"https:\/\/rozaria.pl\/blog\/#\/schema\/person\/image\/","url":"https:\/\/secure.gravatar.com\/avatar\/120d8290bb4c56b4906631bebcba307b?s=96&d=mm&r=g","contentUrl":"https:\/\/secure.gravatar.com\/avatar\/120d8290bb4c56b4906631bebcba307b?s=96&d=mm&r=g","caption":"ilonka ilonka"},"url":"https:\/\/rozaria.pl\/blog\/author\/ilonka\/"}]}},"_links":{"self":[{"href":"https:\/\/rozaria.pl\/blog\/wp-json\/wp\/v2\/posts\/4129"}],"collection":[{"href":"https:\/\/rozaria.pl\/blog\/wp-json\/wp\/v2\/posts"}],"about":[{"href":"https:\/\/rozaria.pl\/blog\/wp-json\/wp\/v2\/types\/post"}],"author":[{"embeddable":true,"href":"https:\/\/rozaria.pl\/blog\/wp-json\/wp\/v2\/users\/13"}],"replies":[{"embeddable":true,"href":"https:\/\/rozaria.pl\/blog\/wp-json\/wp\/v2\/comments?post=4129"}],"version-history":[{"count":3,"href":"https:\/\/rozaria.pl\/blog\/wp-json\/wp\/v2\/posts\/4129\/revisions"}],"predecessor-version":[{"id":4163,"href":"https:\/\/rozaria.pl\/blog\/wp-json\/wp\/v2\/posts\/4129\/revisions\/4163"}],"wp:featuredmedia":[{"embeddable":true,"href":"https:\/\/rozaria.pl\/blog\/wp-json\/wp\/v2\/media\/4131"}],"wp:attachment":[{"href":"https:\/\/rozaria.pl\/blog\/wp-json\/wp\/v2\/media?parent=4129"}],"wp:term":[{"taxonomy":"category","embeddable":true,"href":"https:\/\/rozaria.pl\/blog\/wp-json\/wp\/v2\/categories?post=4129"},{"taxonomy":"post_tag","embeddable":true,"href":"https:\/\/rozaria.pl\/blog\/wp-json\/wp\/v2\/tags?post=4129"}],"curies":[{"name":"wp","href":"https:\/\/api.w.org\/{rel}","templated":true}]}}