{"id":4054,"date":"2019-12-11T17:11:44","date_gmt":"2019-12-11T16:11:44","guid":{"rendered":"https:\/\/rozaria.pl\/blog\/?p=4054"},"modified":"2023-09-19T18:13:44","modified_gmt":"2023-09-19T16:13:44","slug":"zimowanie-roz-piennych-w-fotopigulce","status":"publish","type":"post","link":"https:\/\/rozaria.pl\/blog\/zimowanie-roz-piennych-w-fotopigulce\/","title":{"rendered":"Zimowanie r\u00f3\u017c piennych w fotopigu\u0142ce"},"content":{"rendered":"<p style=\"text-align: justify;\">Szpaler r\u00f3\u017c piennych to niew\u0105tpliwa ozdoba ka\u017cdego ogrodu i ka\u017cdej r\u00f3\u017canki. <a href=\"http:\/\/rozaria.pl\/blog\/wp-content\/uploads\/2019\/12\/lato.jpg\"><img loading=\"lazy\" decoding=\"async\" class=\"alignright wp-image-4058 size-medium\" src=\"http:\/\/rozaria.pl\/blog\/wp-content\/uploads\/2019\/12\/lato-300x227.jpg\" alt=\"r\u00f3\u017ce pienne latem\" width=\"300\" height=\"227\" srcset=\"https:\/\/rozaria.pl\/blog\/wp-content\/uploads\/2019\/12\/lato-150x113.jpg 150w, https:\/\/rozaria.pl\/blog\/wp-content\/uploads\/2019\/12\/lato-200x151.jpg 200w, https:\/\/rozaria.pl\/blog\/wp-content\/uploads\/2019\/12\/lato-300x227.jpg 300w, https:\/\/rozaria.pl\/blog\/wp-content\/uploads\/2019\/12\/lato-400x302.jpg 400w, https:\/\/rozaria.pl\/blog\/wp-content\/uploads\/2019\/12\/lato-600x453.jpg 600w, https:\/\/rozaria.pl\/blog\/wp-content\/uploads\/2019\/12\/lato-768x580.jpg 768w, https:\/\/rozaria.pl\/blog\/wp-content\/uploads\/2019\/12\/lato.jpg 794w\" sizes=\"(max-width: 300px) 100vw, 300px\" \/><\/a><\/p>\n<p style=\"text-align: justify;\">Im starsze drzewko r\u00f3\u017cane,tym wi\u0119ksz\u0105 stanowi\u00a0 dekoracj\u0119, dlatego warto pomy\u015ble\u0107 o kolejnym sezonie r\u00f3\u017cy i w\u0142a\u015bciwie j\u0105 przezimowa\u0107. \u017beby skorzysta\u0107 z polecanego sposobu okrywania r\u00f3\u017c musimy o nim pomy\u015ble\u0107 ju\u017c w momencie sadzenia r\u00f3\u017cy piennej. <a href=\"http:\/\/rozaria.pl\/blog\/wp-content\/uploads\/2019\/12\/pienne-scaled.jpg\"><img loading=\"lazy\" decoding=\"async\" class=\"alignleft wp-image-4059 size-medium\" src=\"http:\/\/rozaria.pl\/blog\/wp-content\/uploads\/2019\/12\/pienne-207x300.jpg\" alt=\"\" width=\"207\" height=\"300\" srcset=\"https:\/\/rozaria.pl\/blog\/wp-content\/uploads\/2019\/12\/pienne-103x150.jpg 103w, https:\/\/rozaria.pl\/blog\/wp-content\/uploads\/2019\/12\/pienne-200x290.jpg 200w, https:\/\/rozaria.pl\/blog\/wp-content\/uploads\/2019\/12\/pienne-207x300.jpg 207w, https:\/\/rozaria.pl\/blog\/wp-content\/uploads\/2019\/12\/pienne-400x581.jpg 400w, https:\/\/rozaria.pl\/blog\/wp-content\/uploads\/2019\/12\/pienne-600x871.jpg 600w, https:\/\/rozaria.pl\/blog\/wp-content\/uploads\/2019\/12\/pienne-705x1024.jpg 705w, https:\/\/rozaria.pl\/blog\/wp-content\/uploads\/2019\/12\/pienne-768x1115.jpg 768w, https:\/\/rozaria.pl\/blog\/wp-content\/uploads\/2019\/12\/pienne-800x1162.jpg 800w, https:\/\/rozaria.pl\/blog\/wp-content\/uploads\/2019\/12\/pienne-1058x1536.jpg 1058w, https:\/\/rozaria.pl\/blog\/wp-content\/uploads\/2019\/12\/pienne-1200x1742.jpg 1200w, https:\/\/rozaria.pl\/blog\/wp-content\/uploads\/2019\/12\/pienne-1410x2048.jpg 1410w, https:\/\/rozaria.pl\/blog\/wp-content\/uploads\/2019\/12\/pienne-scaled.jpg 1763w\" sizes=\"(max-width: 207px) 100vw, 207px\" \/><\/a>Poniewa\u017c b\u0119dziemy przygina\u0107 pie\u0144 krzewu do gruntu, r\u00f3\u017ca musi by\u0107 posadzona pod skosem, absolutnie nie prostopadle do ziemi. Nie mamy wtedy obawy z\u0142amania pnia i jesieni\u0105 po odwi\u0105zaniu pnia krzewu od podpory stabilizuj\u0105cej krzew sam pochyla si\u0119 i wskazuje bezpieczny kierunek przygi\u0119cia r\u00f3\u017cy.<\/p>\n<p style=\"text-align: justify;\">Kolejna zasada o kt\u00f3rej nale\u017cy pami\u0119ta\u0107, to odpowiednia pogoda. Nie zabieramy si\u0119 do tej operacji w mro\u017any dzie\u0144, poniewa\u017c ziemia nie nadaje si\u0119 wtedy do okrycia, a zmro\u017cony pie\u0144 mo\u017ce si\u0119 \u0142atwo z\u0142ama\u0107.<\/p>\n<p style=\"text-align: justify;\">W przypadku r\u00f3\u017c piennych kopu\u0142owych zalecamy wiosenne skracanie korony, tak by odm\u0142odzi\u0107 p\u0119dy i zag\u0119\u015bci\u0107 koron\u0119, dlatego jesieni\u0105 je\u015bli korony r\u00f3\u017c s\u0105 poka\u017anych rozmiar\u00f3w, mo\u017cemy je lekko skr\u00f3ci\u0107, tak by \u0142atwiej by\u0142o je obsypa\u0107,jednocze\u015bnie pami\u0119tajmy o zostawieniu p\u0119d\u00f3w d\u0142u\u017cszych i wiosennym ci\u0119ciu.<\/p>\n<p><img loading=\"lazy\" decoding=\"async\" class=\"alignleft wp-image-4062 size-medium\" src=\"http:\/\/rozaria.pl\/blog\/wp-content\/uploads\/2019\/12\/kolce-300x269.jpg\" alt=\"kolce\" width=\"300\" height=\"269\" srcset=\"https:\/\/rozaria.pl\/blog\/wp-content\/uploads\/2019\/12\/kolce-150x135.jpg 150w, https:\/\/rozaria.pl\/blog\/wp-content\/uploads\/2019\/12\/kolce-200x180.jpg 200w, https:\/\/rozaria.pl\/blog\/wp-content\/uploads\/2019\/12\/kolce-300x269.jpg 300w, https:\/\/rozaria.pl\/blog\/wp-content\/uploads\/2019\/12\/kolce-400x359.jpg 400w, https:\/\/rozaria.pl\/blog\/wp-content\/uploads\/2019\/12\/kolce-600x539.jpg 600w, https:\/\/rozaria.pl\/blog\/wp-content\/uploads\/2019\/12\/kolce.jpg 668w\" sizes=\"(max-width: 300px) 100vw, 300px\" \/><\/p>\n<p style=\"text-align: justify;\">W przypadku r\u00f3\u017c kaskadowych mo\u017cemy korony obwi\u0105za\u0107 sznurkiem dooko\u0142a p\u0119du, \u017ceby u\u0142atwi\u0107 sobie zadanie.<\/p>\n<p style=\"text-align: justify;\">Odczepiamy od pnia krzewu podpor\u0119( paliki, tyczki bambusowe, itd.). Lekko przyginamy p\u0119d do ziemi. Mo\u017cemy pom\u00f3c sobie metalowymi kolcami z drutu.<\/p>\n<p style=\"text-align: justify;\">W przypadku m\u0142odych i bardziej elastycznych sadzonek mo\u017cemy wykopa\u0107 pod miejscem zimowania korony do\u0142ek,<\/p>\n<p style=\"text-align: justify;\">przygi\u0105\u0107 j\u0105 mocniej do gruntu, zabezpieczy\u0107 p\u0119d przed podnoszeniem i obsypa\u0107 warstw\u0105 ziemi, ziemi wymieszanej z obornikiem, ziemi kompostowej lub torfu.\u00a0 W naszym\u00a0 klimacie\u00a0 ziemia\u00a0 jest\u00a0 zdecydowanie\u00a0 najlepszym\u00a0 izolatorem\u00a0 i chroni\u00a0 krzewy r\u00f3\u017cane\u00a0 przed\u00a0 mrozem\u00a0 i zimnym\u00a0 wiatrem.<img loading=\"lazy\" decoding=\"async\" class=\"wp-image-4055 size-medium alignleft\" src=\"http:\/\/rozaria.pl\/blog\/wp-content\/uploads\/2019\/12\/dolek-225x300.jpg\" alt=\"do\u0142ek pod koron\u0119 r\u00f3\u017cy\" width=\"225\" height=\"300\" srcset=\"https:\/\/rozaria.pl\/blog\/wp-content\/uploads\/2019\/12\/dolek-113x150.jpg 113w, https:\/\/rozaria.pl\/blog\/wp-content\/uploads\/2019\/12\/dolek-200x267.jpg 200w, https:\/\/rozaria.pl\/blog\/wp-content\/uploads\/2019\/12\/dolek-225x300.jpg 225w, https:\/\/rozaria.pl\/blog\/wp-content\/uploads\/2019\/12\/dolek-400x533.jpg 400w, https:\/\/rozaria.pl\/blog\/wp-content\/uploads\/2019\/12\/dolek.jpg 600w\" sizes=\"(max-width: 225px) 100vw, 225px\" \/><a href=\"http:\/\/rozaria.pl\/blog\/wp-content\/uploads\/2019\/12\/dolekkorona.jpg\"><img loading=\"lazy\" decoding=\"async\" class=\"wp-image-4061 size-medium alignright\" src=\"http:\/\/rozaria.pl\/blog\/wp-content\/uploads\/2019\/12\/dolekkorona-225x300.jpg\" alt=\"korona przygi\u0119ta na zim\u0119\" width=\"225\" height=\"300\" srcset=\"https:\/\/rozaria.pl\/blog\/wp-content\/uploads\/2019\/12\/dolekkorona-113x150.jpg 113w, https:\/\/rozaria.pl\/blog\/wp-content\/uploads\/2019\/12\/dolekkorona-200x267.jpg 200w, https:\/\/rozaria.pl\/blog\/wp-content\/uploads\/2019\/12\/dolekkorona-225x300.jpg 225w, https:\/\/rozaria.pl\/blog\/wp-content\/uploads\/2019\/12\/dolekkorona-400x533.jpg 400w, https:\/\/rozaria.pl\/blog\/wp-content\/uploads\/2019\/12\/dolekkorona-600x800.jpg 600w, https:\/\/rozaria.pl\/blog\/wp-content\/uploads\/2019\/12\/dolekkorona-768x1024.jpg 768w, https:\/\/rozaria.pl\/blog\/wp-content\/uploads\/2019\/12\/dolekkorona-800x1067.jpg 800w, https:\/\/rozaria.pl\/blog\/wp-content\/uploads\/2019\/12\/dolekkorona.jpg 960w\" sizes=\"(max-width: 225px) 100vw, 225px\" \/><\/a><\/p>\n<p style=\"text-align: justify;\">Czasem ro\u015blina trzyma si\u0119 mocno przy podstawie dlatego pomagamy sobie odkopuj\u0105c j\u0105 lekko przy korzeniach.<\/p>\n<p style=\"text-align: justify;\">\u00a0Pami\u0119tajmy potem o uzupe\u0142nieniu brakuj\u0105cej ziemi, wykorzystuj\u0105c jednocze\u015bnie moment na dokarmienie krzewu czy to obornikiem,czy dawk\u0105 nawoz\u00f3w potasowo &#8211; fosforowych.\u00a0 Dobrze okryte r\u00f3\u017ce i w\u0142a\u015bciwie\u00a0 zasilone jesieni\u0105\u00a0 odwdzi\u0119cz\u0105 si\u0119\u00a0 w sezonie letnim.<a href=\"http:\/\/rozaria.pl\/blog\/wp-content\/uploads\/2019\/12\/obsypanie.jpg\"><img loading=\"lazy\" decoding=\"async\" class=\"wp-image-4065 size-medium alignleft\" src=\"http:\/\/rozaria.pl\/blog\/wp-content\/uploads\/2019\/12\/obsypanie-300x230.jpg\" alt=\"obsypana korona\" width=\"300\" height=\"230\" srcset=\"https:\/\/rozaria.pl\/blog\/wp-content\/uploads\/2019\/12\/obsypanie-150x115.jpg 150w, https:\/\/rozaria.pl\/blog\/wp-content\/uploads\/2019\/12\/obsypanie-200x154.jpg 200w, https:\/\/rozaria.pl\/blog\/wp-content\/uploads\/2019\/12\/obsypanie-300x230.jpg 300w, https:\/\/rozaria.pl\/blog\/wp-content\/uploads\/2019\/12\/obsypanie-400x307.jpg 400w, https:\/\/rozaria.pl\/blog\/wp-content\/uploads\/2019\/12\/obsypanie-600x461.jpg 600w, https:\/\/rozaria.pl\/blog\/wp-content\/uploads\/2019\/12\/obsypanie-768x590.jpg 768w, https:\/\/rozaria.pl\/blog\/wp-content\/uploads\/2019\/12\/obsypanie-800x614.jpg 800w, https:\/\/rozaria.pl\/blog\/wp-content\/uploads\/2019\/12\/obsypanie-1024x786.jpg 1024w, https:\/\/rozaria.pl\/blog\/wp-content\/uploads\/2019\/12\/obsypanie-1200x922.jpg 1200w, https:\/\/rozaria.pl\/blog\/wp-content\/uploads\/2019\/12\/obsypanie.jpg 1280w\" sizes=\"(max-width: 300px) 100vw, 300px\" \/><\/a><img loading=\"lazy\" decoding=\"async\" class=\"wp-image-4063 size-medium alignnone\" src=\"http:\/\/rozaria.pl\/blog\/wp-content\/uploads\/2019\/12\/nawoz-300x201.jpg\" alt=\"naw\u00f3z\" width=\"300\" height=\"201\" srcset=\"https:\/\/rozaria.pl\/blog\/wp-content\/uploads\/2019\/12\/nawoz-150x101.jpg 150w, https:\/\/rozaria.pl\/blog\/wp-content\/uploads\/2019\/12\/nawoz-200x134.jpg 200w, https:\/\/rozaria.pl\/blog\/wp-content\/uploads\/2019\/12\/nawoz-300x201.jpg 300w, https:\/\/rozaria.pl\/blog\/wp-content\/uploads\/2019\/12\/nawoz-400x268.jpg 400w, https:\/\/rozaria.pl\/blog\/wp-content\/uploads\/2019\/12\/nawoz-600x402.jpg 600w, https:\/\/rozaria.pl\/blog\/wp-content\/uploads\/2019\/12\/nawoz-768x515.jpg 768w, https:\/\/rozaria.pl\/blog\/wp-content\/uploads\/2019\/12\/nawoz.jpg 800w\" sizes=\"(max-width: 300px) 100vw, 300px\" \/><\/p>\n<p style=\"text-align: justify;\">Je\u015bli r\u00f3\u017cana rabata uzupe\u0142niona jest kor\u0105 lub \u017cwirem oczywi\u015bcie nie mo\u017cemy jej obsypa\u0107 ziemi\u0105, jednak przygi\u0119ta b\u0119dzie zimowa\u0107 bezpiecznie, a my mo\u017cemy okry\u0107 koron\u0119 zimow\u0105 agrow\u0142\u00f3knin\u0105, stroiszem z iglastych ro\u015blin, ewentualnie trocinami i kor\u0105.<a href=\"http:\/\/rozaria.pl\/blog\/wp-content\/uploads\/2019\/12\/kopiec.jpg\"><img loading=\"lazy\" decoding=\"async\" class=\"aligncenter wp-image-4069 size-medium\" src=\"http:\/\/rozaria.pl\/blog\/wp-content\/uploads\/2019\/12\/kopiec-300x225.jpg\" alt=\"kopiec r\u00f3\u017c\" width=\"300\" height=\"225\" srcset=\"https:\/\/rozaria.pl\/blog\/wp-content\/uploads\/2019\/12\/kopiec-150x113.jpg 150w, https:\/\/rozaria.pl\/blog\/wp-content\/uploads\/2019\/12\/kopiec-200x150.jpg 200w, https:\/\/rozaria.pl\/blog\/wp-content\/uploads\/2019\/12\/kopiec-300x225.jpg 300w, https:\/\/rozaria.pl\/blog\/wp-content\/uploads\/2019\/12\/kopiec-400x300.jpg 400w, https:\/\/rozaria.pl\/blog\/wp-content\/uploads\/2019\/12\/kopiec-600x450.jpg 600w, https:\/\/rozaria.pl\/blog\/wp-content\/uploads\/2019\/12\/kopiec-768x576.jpg 768w, https:\/\/rozaria.pl\/blog\/wp-content\/uploads\/2019\/12\/kopiec.jpg 800w\" sizes=\"(max-width: 300px) 100vw, 300px\" \/><\/a><\/p>\n","protected":false},"excerpt":{"rendered":"<p>Szpaler r\u00f3\u017c piennych to niew\u0105tpliwa ozdoba ka\u017cdego ogrodu i ka\u017cdej r\u00f3\u017canki. Im starsze drzewko r\u00f3\u017cane,tym wi\u0119ksz\u0105 stanowi\u00a0 dekoracj\u0119, dlatego warto pomy\u015ble\u0107 o kolejnym sezonie r\u00f3\u017cy i w\u0142a\u015bciwie j\u0105 przezimowa\u0107. \u017beby skorzysta\u0107 z polecanego sposobu okrywania r\u00f3\u017c musimy o nim pomy\u015ble\u0107 [&hellip;]<\/p>\n","protected":false},"author":1,"featured_media":4065,"comment_status":"open","ping_status":"open","sticky":false,"template":"","format":"standard","meta":{"_mi_skip_tracking":false,"_monsterinsights_sitenote_active":false,"_monsterinsights_sitenote_note":"","_monsterinsights_sitenote_category":0,"footnotes":""},"categories":[6,7],"tags":[36,112],"yoast_head":"<!-- This site is optimized with the Yoast SEO plugin v23.5 - https:\/\/yoast.com\/wordpress\/plugins\/seo\/ -->\n<title>Zimowanie r\u00f3\u017c piennych w fotopigu\u0142ce - blog Rozaria.pl<\/title>\n<meta name=\"robots\" content=\"index, follow, max-snippet:-1, max-image-preview:large, max-video-preview:-1\" \/>\n<link rel=\"canonical\" href=\"https:\/\/rozaria.pl\/blog\/zimowanie-roz-piennych-w-fotopigulce\/\" \/>\n<meta property=\"og:locale\" content=\"pl_PL\" \/>\n<meta property=\"og:type\" content=\"article\" \/>\n<meta property=\"og:title\" content=\"Zimowanie r\u00f3\u017c piennych w fotopigu\u0142ce - blog Rozaria.pl\" \/>\n<meta property=\"og:description\" content=\"Szpaler r\u00f3\u017c piennych to niew\u0105tpliwa ozdoba ka\u017cdego ogrodu i ka\u017cdej r\u00f3\u017canki. Im starsze drzewko r\u00f3\u017cane,tym wi\u0119ksz\u0105 stanowi\u00a0 dekoracj\u0119, dlatego warto pomy\u015ble\u0107 o kolejnym sezonie r\u00f3\u017cy i w\u0142a\u015bciwie j\u0105 przezimowa\u0107. \u017beby skorzysta\u0107 z polecanego sposobu okrywania r\u00f3\u017c musimy o nim pomy\u015ble\u0107 [&hellip;]\" \/>\n<meta property=\"og:url\" content=\"https:\/\/rozaria.pl\/blog\/zimowanie-roz-piennych-w-fotopigulce\/\" \/>\n<meta property=\"og:site_name\" content=\"blog Rozaria.pl\" \/>\n<meta property=\"article:publisher\" content=\"https:\/\/www.facebook.com\/SzkolkaRozRozaria\/\" \/>\n<meta property=\"article:published_time\" content=\"2019-12-11T16:11:44+00:00\" \/>\n<meta property=\"article:modified_time\" content=\"2023-09-19T16:13:44+00:00\" \/>\n<meta property=\"og:image\" content=\"https:\/\/rozaria.pl\/blog\/wp-content\/uploads\/2019\/12\/obsypanie.jpg\" \/>\n\t<meta property=\"og:image:width\" content=\"1280\" \/>\n\t<meta property=\"og:image:height\" content=\"983\" \/>\n\t<meta property=\"og:image:type\" content=\"image\/jpeg\" \/>\n<meta name=\"author\" content=\"Rozaria.pl\" \/>\n<meta name=\"twitter:card\" content=\"summary_large_image\" \/>\n<meta name=\"twitter:creator\" content=\"@SzkolkaRozaria\" \/>\n<meta name=\"twitter:site\" content=\"@SzkolkaRozaria\" \/>\n<meta name=\"twitter:label1\" content=\"Napisane przez\" \/>\n\t<meta name=\"twitter:data1\" content=\"Rozaria.pl\" \/>\n\t<meta name=\"twitter:label2\" content=\"Szacowany czas czytania\" \/>\n\t<meta name=\"twitter:data2\" content=\"2 minuty\" \/>\n<script type=\"application\/ld+json\" class=\"yoast-schema-graph\">{\"@context\":\"https:\/\/schema.org\",\"@graph\":[{\"@type\":\"Article\",\"@id\":\"https:\/\/rozaria.pl\/blog\/zimowanie-roz-piennych-w-fotopigulce\/#article\",\"isPartOf\":{\"@id\":\"https:\/\/rozaria.pl\/blog\/zimowanie-roz-piennych-w-fotopigulce\/\"},\"author\":{\"name\":\"Rozaria.pl\",\"@id\":\"https:\/\/rozaria.pl\/blog\/#\/schema\/person\/31b3805d5058ea1cffed1d8efb6e2513\"},\"headline\":\"Zimowanie r\u00f3\u017c piennych w fotopigu\u0142ce\",\"datePublished\":\"2019-12-11T16:11:44+00:00\",\"dateModified\":\"2023-09-19T16:13:44+00:00\",\"mainEntityOfPage\":{\"@id\":\"https:\/\/rozaria.pl\/blog\/zimowanie-roz-piennych-w-fotopigulce\/\"},\"wordCount\":419,\"commentCount\":3,\"publisher\":{\"@id\":\"https:\/\/rozaria.pl\/blog\/#organization\"},\"image\":{\"@id\":\"https:\/\/rozaria.pl\/blog\/zimowanie-roz-piennych-w-fotopigulce\/#primaryimage\"},\"thumbnailUrl\":\"https:\/\/rozaria.pl\/blog\/wp-content\/uploads\/2019\/12\/obsypanie.jpg\",\"keywords\":[\"r\u00f3\u017ce ochrona na zim\u0119\",\"zimowanie r\u00f3\u017c piennych\"],\"articleSection\":[\"Piel\u0119gnacja\",\"Uprawa\"],\"inLanguage\":\"pl-PL\",\"potentialAction\":[{\"@type\":\"CommentAction\",\"name\":\"Comment\",\"target\":[\"https:\/\/rozaria.pl\/blog\/zimowanie-roz-piennych-w-fotopigulce\/#respond\"]}]},{\"@type\":\"WebPage\",\"@id\":\"https:\/\/rozaria.pl\/blog\/zimowanie-roz-piennych-w-fotopigulce\/\",\"url\":\"https:\/\/rozaria.pl\/blog\/zimowanie-roz-piennych-w-fotopigulce\/\",\"name\":\"Zimowanie r\u00f3\u017c piennych w fotopigu\u0142ce - blog Rozaria.pl\",\"isPartOf\":{\"@id\":\"https:\/\/rozaria.pl\/blog\/#website\"},\"primaryImageOfPage\":{\"@id\":\"https:\/\/rozaria.pl\/blog\/zimowanie-roz-piennych-w-fotopigulce\/#primaryimage\"},\"image\":{\"@id\":\"https:\/\/rozaria.pl\/blog\/zimowanie-roz-piennych-w-fotopigulce\/#primaryimage\"},\"thumbnailUrl\":\"https:\/\/rozaria.pl\/blog\/wp-content\/uploads\/2019\/12\/obsypanie.jpg\",\"datePublished\":\"2019-12-11T16:11:44+00:00\",\"dateModified\":\"2023-09-19T16:13:44+00:00\",\"breadcrumb\":{\"@id\":\"https:\/\/rozaria.pl\/blog\/zimowanie-roz-piennych-w-fotopigulce\/#breadcrumb\"},\"inLanguage\":\"pl-PL\",\"potentialAction\":[{\"@type\":\"ReadAction\",\"target\":[\"https:\/\/rozaria.pl\/blog\/zimowanie-roz-piennych-w-fotopigulce\/\"]}]},{\"@type\":\"ImageObject\",\"inLanguage\":\"pl-PL\",\"@id\":\"https:\/\/rozaria.pl\/blog\/zimowanie-roz-piennych-w-fotopigulce\/#primaryimage\",\"url\":\"https:\/\/rozaria.pl\/blog\/wp-content\/uploads\/2019\/12\/obsypanie.jpg\",\"contentUrl\":\"https:\/\/rozaria.pl\/blog\/wp-content\/uploads\/2019\/12\/obsypanie.jpg\",\"width\":1280,\"height\":983,\"caption\":\"obsypana korona\"},{\"@type\":\"BreadcrumbList\",\"@id\":\"https:\/\/rozaria.pl\/blog\/zimowanie-roz-piennych-w-fotopigulce\/#breadcrumb\",\"itemListElement\":[{\"@type\":\"ListItem\",\"position\":1,\"name\":\"Strona g\u0142\u00f3wna\",\"item\":\"https:\/\/rozaria.pl\/blog\/\"},{\"@type\":\"ListItem\",\"position\":2,\"name\":\"Zimowanie r\u00f3\u017c piennych w fotopigu\u0142ce\"}]},{\"@type\":\"WebSite\",\"@id\":\"https:\/\/rozaria.pl\/blog\/#website\",\"url\":\"https:\/\/rozaria.pl\/blog\/\",\"name\":\"blog Rozaria.pl\",\"description\":\"Porozmawiajmy o r\u00f3\u017cach, o wszystkich sprawach\",\"publisher\":{\"@id\":\"https:\/\/rozaria.pl\/blog\/#organization\"},\"potentialAction\":[{\"@type\":\"SearchAction\",\"target\":{\"@type\":\"EntryPoint\",\"urlTemplate\":\"https:\/\/rozaria.pl\/blog\/?s={search_term_string}\"},\"query-input\":{\"@type\":\"PropertyValueSpecification\",\"valueRequired\":true,\"valueName\":\"search_term_string\"}}],\"inLanguage\":\"pl-PL\"},{\"@type\":\"Organization\",\"@id\":\"https:\/\/rozaria.pl\/blog\/#organization\",\"name\":\"Szk\u00f3\u0142ka R\u00f3\u017c Rozaria\",\"url\":\"https:\/\/rozaria.pl\/blog\/\",\"logo\":{\"@type\":\"ImageObject\",\"inLanguage\":\"pl-PL\",\"@id\":\"https:\/\/rozaria.pl\/blog\/#\/schema\/logo\/image\/\",\"url\":\"https:\/\/rozaria.pl\/blog\/wp-content\/uploads\/2016\/12\/logo_dla-rozaria.png\",\"contentUrl\":\"https:\/\/rozaria.pl\/blog\/wp-content\/uploads\/2016\/12\/logo_dla-rozaria.png\",\"width\":400,\"height\":166,\"caption\":\"Szk\u00f3\u0142ka R\u00f3\u017c Rozaria\"},\"image\":{\"@id\":\"https:\/\/rozaria.pl\/blog\/#\/schema\/logo\/image\/\"},\"sameAs\":[\"https:\/\/www.facebook.com\/SzkolkaRozRozaria\/\",\"https:\/\/x.com\/SzkolkaRozaria\",\"https:\/\/www.youtube.com\/channel\/UCguKKBc7F06eYM1tzYx1Z5A\"]},{\"@type\":\"Person\",\"@id\":\"https:\/\/rozaria.pl\/blog\/#\/schema\/person\/31b3805d5058ea1cffed1d8efb6e2513\",\"name\":\"Rozaria.pl\",\"image\":{\"@type\":\"ImageObject\",\"inLanguage\":\"pl-PL\",\"@id\":\"https:\/\/rozaria.pl\/blog\/#\/schema\/person\/image\/\",\"url\":\"https:\/\/secure.gravatar.com\/avatar\/36c7e4b15b333b9fb573f9e54e7fcf52?s=96&d=mm&r=g\",\"contentUrl\":\"https:\/\/secure.gravatar.com\/avatar\/36c7e4b15b333b9fb573f9e54e7fcf52?s=96&d=mm&r=g\",\"caption\":\"Rozaria.pl\"},\"sameAs\":[\"https:\/\/www.rozaria.pl\",\"https:\/\/www.youtube.com\/channel\/UCguKKBc7F06eYM1tzYx1Z5A\"],\"url\":\"https:\/\/rozaria.pl\/blog\/author\/1rozanka\/\"}]}<\/script>\n<!-- \/ Yoast SEO plugin. -->","yoast_head_json":{"title":"Zimowanie r\u00f3\u017c piennych w fotopigu\u0142ce - blog Rozaria.pl","robots":{"index":"index","follow":"follow","max-snippet":"max-snippet:-1","max-image-preview":"max-image-preview:large","max-video-preview":"max-video-preview:-1"},"canonical":"https:\/\/rozaria.pl\/blog\/zimowanie-roz-piennych-w-fotopigulce\/","og_locale":"pl_PL","og_type":"article","og_title":"Zimowanie r\u00f3\u017c piennych w fotopigu\u0142ce - blog Rozaria.pl","og_description":"Szpaler r\u00f3\u017c piennych to niew\u0105tpliwa ozdoba ka\u017cdego ogrodu i ka\u017cdej r\u00f3\u017canki. Im starsze drzewko r\u00f3\u017cane,tym wi\u0119ksz\u0105 stanowi\u00a0 dekoracj\u0119, dlatego warto pomy\u015ble\u0107 o kolejnym sezonie r\u00f3\u017cy i w\u0142a\u015bciwie j\u0105 przezimowa\u0107. \u017beby skorzysta\u0107 z polecanego sposobu okrywania r\u00f3\u017c musimy o nim pomy\u015ble\u0107 [&hellip;]","og_url":"https:\/\/rozaria.pl\/blog\/zimowanie-roz-piennych-w-fotopigulce\/","og_site_name":"blog Rozaria.pl","article_publisher":"https:\/\/www.facebook.com\/SzkolkaRozRozaria\/","article_published_time":"2019-12-11T16:11:44+00:00","article_modified_time":"2023-09-19T16:13:44+00:00","og_image":[{"width":1280,"height":983,"url":"https:\/\/rozaria.pl\/blog\/wp-content\/uploads\/2019\/12\/obsypanie.jpg","type":"image\/jpeg"}],"author":"Rozaria.pl","twitter_card":"summary_large_image","twitter_creator":"@SzkolkaRozaria","twitter_site":"@SzkolkaRozaria","twitter_misc":{"Napisane przez":"Rozaria.pl","Szacowany czas czytania":"2 minuty"},"schema":{"@context":"https:\/\/schema.org","@graph":[{"@type":"Article","@id":"https:\/\/rozaria.pl\/blog\/zimowanie-roz-piennych-w-fotopigulce\/#article","isPartOf":{"@id":"https:\/\/rozaria.pl\/blog\/zimowanie-roz-piennych-w-fotopigulce\/"},"author":{"name":"Rozaria.pl","@id":"https:\/\/rozaria.pl\/blog\/#\/schema\/person\/31b3805d5058ea1cffed1d8efb6e2513"},"headline":"Zimowanie r\u00f3\u017c piennych w fotopigu\u0142ce","datePublished":"2019-12-11T16:11:44+00:00","dateModified":"2023-09-19T16:13:44+00:00","mainEntityOfPage":{"@id":"https:\/\/rozaria.pl\/blog\/zimowanie-roz-piennych-w-fotopigulce\/"},"wordCount":419,"commentCount":3,"publisher":{"@id":"https:\/\/rozaria.pl\/blog\/#organization"},"image":{"@id":"https:\/\/rozaria.pl\/blog\/zimowanie-roz-piennych-w-fotopigulce\/#primaryimage"},"thumbnailUrl":"https:\/\/rozaria.pl\/blog\/wp-content\/uploads\/2019\/12\/obsypanie.jpg","keywords":["r\u00f3\u017ce ochrona na zim\u0119","zimowanie r\u00f3\u017c piennych"],"articleSection":["Piel\u0119gnacja","Uprawa"],"inLanguage":"pl-PL","potentialAction":[{"@type":"CommentAction","name":"Comment","target":["https:\/\/rozaria.pl\/blog\/zimowanie-roz-piennych-w-fotopigulce\/#respond"]}]},{"@type":"WebPage","@id":"https:\/\/rozaria.pl\/blog\/zimowanie-roz-piennych-w-fotopigulce\/","url":"https:\/\/rozaria.pl\/blog\/zimowanie-roz-piennych-w-fotopigulce\/","name":"Zimowanie r\u00f3\u017c piennych w fotopigu\u0142ce - blog Rozaria.pl","isPartOf":{"@id":"https:\/\/rozaria.pl\/blog\/#website"},"primaryImageOfPage":{"@id":"https:\/\/rozaria.pl\/blog\/zimowanie-roz-piennych-w-fotopigulce\/#primaryimage"},"image":{"@id":"https:\/\/rozaria.pl\/blog\/zimowanie-roz-piennych-w-fotopigulce\/#primaryimage"},"thumbnailUrl":"https:\/\/rozaria.pl\/blog\/wp-content\/uploads\/2019\/12\/obsypanie.jpg","datePublished":"2019-12-11T16:11:44+00:00","dateModified":"2023-09-19T16:13:44+00:00","breadcrumb":{"@id":"https:\/\/rozaria.pl\/blog\/zimowanie-roz-piennych-w-fotopigulce\/#breadcrumb"},"inLanguage":"pl-PL","potentialAction":[{"@type":"ReadAction","target":["https:\/\/rozaria.pl\/blog\/zimowanie-roz-piennych-w-fotopigulce\/"]}]},{"@type":"ImageObject","inLanguage":"pl-PL","@id":"https:\/\/rozaria.pl\/blog\/zimowanie-roz-piennych-w-fotopigulce\/#primaryimage","url":"https:\/\/rozaria.pl\/blog\/wp-content\/uploads\/2019\/12\/obsypanie.jpg","contentUrl":"https:\/\/rozaria.pl\/blog\/wp-content\/uploads\/2019\/12\/obsypanie.jpg","width":1280,"height":983,"caption":"obsypana korona"},{"@type":"BreadcrumbList","@id":"https:\/\/rozaria.pl\/blog\/zimowanie-roz-piennych-w-fotopigulce\/#breadcrumb","itemListElement":[{"@type":"ListItem","position":1,"name":"Strona g\u0142\u00f3wna","item":"https:\/\/rozaria.pl\/blog\/"},{"@type":"ListItem","position":2,"name":"Zimowanie r\u00f3\u017c piennych w fotopigu\u0142ce"}]},{"@type":"WebSite","@id":"https:\/\/rozaria.pl\/blog\/#website","url":"https:\/\/rozaria.pl\/blog\/","name":"blog Rozaria.pl","description":"Porozmawiajmy o r\u00f3\u017cach, o wszystkich sprawach","publisher":{"@id":"https:\/\/rozaria.pl\/blog\/#organization"},"potentialAction":[{"@type":"SearchAction","target":{"@type":"EntryPoint","urlTemplate":"https:\/\/rozaria.pl\/blog\/?s={search_term_string}"},"query-input":{"@type":"PropertyValueSpecification","valueRequired":true,"valueName":"search_term_string"}}],"inLanguage":"pl-PL"},{"@type":"Organization","@id":"https:\/\/rozaria.pl\/blog\/#organization","name":"Szk\u00f3\u0142ka R\u00f3\u017c Rozaria","url":"https:\/\/rozaria.pl\/blog\/","logo":{"@type":"ImageObject","inLanguage":"pl-PL","@id":"https:\/\/rozaria.pl\/blog\/#\/schema\/logo\/image\/","url":"https:\/\/rozaria.pl\/blog\/wp-content\/uploads\/2016\/12\/logo_dla-rozaria.png","contentUrl":"https:\/\/rozaria.pl\/blog\/wp-content\/uploads\/2016\/12\/logo_dla-rozaria.png","width":400,"height":166,"caption":"Szk\u00f3\u0142ka R\u00f3\u017c Rozaria"},"image":{"@id":"https:\/\/rozaria.pl\/blog\/#\/schema\/logo\/image\/"},"sameAs":["https:\/\/www.facebook.com\/SzkolkaRozRozaria\/","https:\/\/x.com\/SzkolkaRozaria","https:\/\/www.youtube.com\/channel\/UCguKKBc7F06eYM1tzYx1Z5A"]},{"@type":"Person","@id":"https:\/\/rozaria.pl\/blog\/#\/schema\/person\/31b3805d5058ea1cffed1d8efb6e2513","name":"Rozaria.pl","image":{"@type":"ImageObject","inLanguage":"pl-PL","@id":"https:\/\/rozaria.pl\/blog\/#\/schema\/person\/image\/","url":"https:\/\/secure.gravatar.com\/avatar\/36c7e4b15b333b9fb573f9e54e7fcf52?s=96&d=mm&r=g","contentUrl":"https:\/\/secure.gravatar.com\/avatar\/36c7e4b15b333b9fb573f9e54e7fcf52?s=96&d=mm&r=g","caption":"Rozaria.pl"},"sameAs":["https:\/\/www.rozaria.pl","https:\/\/www.youtube.com\/channel\/UCguKKBc7F06eYM1tzYx1Z5A"],"url":"https:\/\/rozaria.pl\/blog\/author\/1rozanka\/"}]}},"_links":{"self":[{"href":"https:\/\/rozaria.pl\/blog\/wp-json\/wp\/v2\/posts\/4054"}],"collection":[{"href":"https:\/\/rozaria.pl\/blog\/wp-json\/wp\/v2\/posts"}],"about":[{"href":"https:\/\/rozaria.pl\/blog\/wp-json\/wp\/v2\/types\/post"}],"author":[{"embeddable":true,"href":"https:\/\/rozaria.pl\/blog\/wp-json\/wp\/v2\/users\/1"}],"replies":[{"embeddable":true,"href":"https:\/\/rozaria.pl\/blog\/wp-json\/wp\/v2\/comments?post=4054"}],"version-history":[{"count":14,"href":"https:\/\/rozaria.pl\/blog\/wp-json\/wp\/v2\/posts\/4054\/revisions"}],"predecessor-version":[{"id":4688,"href":"https:\/\/rozaria.pl\/blog\/wp-json\/wp\/v2\/posts\/4054\/revisions\/4688"}],"wp:featuredmedia":[{"embeddable":true,"href":"https:\/\/rozaria.pl\/blog\/wp-json\/wp\/v2\/media\/4065"}],"wp:attachment":[{"href":"https:\/\/rozaria.pl\/blog\/wp-json\/wp\/v2\/media?parent=4054"}],"wp:term":[{"taxonomy":"category","embeddable":true,"href":"https:\/\/rozaria.pl\/blog\/wp-json\/wp\/v2\/categories?post=4054"},{"taxonomy":"post_tag","embeddable":true,"href":"https:\/\/rozaria.pl\/blog\/wp-json\/wp\/v2\/tags?post=4054"}],"curies":[{"name":"wp","href":"https:\/\/api.w.org\/{rel}","templated":true}]}}