{"id":4046,"date":"2019-09-23T21:53:32","date_gmt":"2019-09-23T19:53:32","guid":{"rendered":"https:\/\/rozaria.pl\/blog\/?p=4046"},"modified":"2019-09-23T21:53:32","modified_gmt":"2019-09-23T19:53:32","slug":"rozstrzygniecie-konkursu-fotograficznego-2019","status":"publish","type":"post","link":"https:\/\/rozaria.pl\/blog\/rozstrzygniecie-konkursu-fotograficznego-2019\/","title":{"rendered":"Rozstrzygni\u0119cie konkursu fotograficznego &#8220;2019&#8221;"},"content":{"rendered":"<p>Szanowni Pa\u0144stwo,<\/p>\n<p>Z przyjemno\u015bci\u0105 informujemy, \u017ce konkurs fotograficzny &#8220;2019&#8221; zosta\u0142 rozstrzygni\u0119ty.<\/p>\n<p>Wiemy, \u017ce czekali\u015bcie Pa\u0144stwo z niecierpliwo\u015bci\u0105.<\/p>\n<p>Jury mia\u0142o bardzo trudne zadanie, poniewa\u017c do konkursu przyst\u0105pi\u0142o 102 uczestnik\u00f3w, a ka\u017cdy ogr\u00f3d by\u0142 wyj\u0105tkowy.<\/p>\n<p>Pa\u0144stwa ogrody bardzo mi\u0142o si\u0119 ogl\u0105da\u0142o.<\/p>\n<p>Nie b\u0119dziemy przeci\u0105ga\u0107, dlatego te\u017c mamy zaszczyt przedstawi\u0107 wam zwyci\u0119zc\u00f3w konkursu:<\/p>\n<p>&nbsp;<\/p>\n<p><a href=\"https:\/\/rozaria.pl\/ogrody-naszych-klientow\/i-miejsce\/aleksandra-mika-cudowny-ogrod-rozany-2\/\" target=\"_blank\" rel=\"noopener noreferrer\"><em><strong>I miejsce zdoby\u0142a Pani Aleksandra Mika<\/strong><\/em><\/a><\/p>\n<p>Pani Aleksandrze jeszcze raz gratulujemy zaj\u0119cie pierwszego miejsca.<\/p>\n<p>Otrzymuje Pani bon zakupowy w wysoko\u015bci 500 z\u0142.<\/p>\n<p>\u017byczymy dalszego zadowolenia z uprawy r\u00f3\u017c.<\/p>\n<p>&nbsp;<\/p>\n<p><a href=\"https:\/\/rozaria.pl\/ogrody-naszych-klientow\/ii-miejsce\/paulina-niepokoj-rozane-zacisze\/\" target=\"_blank\" rel=\"noopener noreferrer\"><em><strong>II miejsce zdoby\u0142a Pani Paulina Niepok\u00f3j<\/strong><\/em><\/a><\/p>\n<p>Pani Paulinie serdecznie gratulujemy zaj\u0119cie drugiego miejsca.<\/p>\n<p>Otrzymuje Pani bon zakupowy w wysoko\u015bci 300 z\u0142.<\/p>\n<p>\u017byczymy dalszego zadowolenia z uprawy r\u00f3\u017c.<\/p>\n<p>&nbsp;<\/p>\n<p><a href=\"https:\/\/rozaria.pl\/ogrody-naszych-klientow\/iii-miejsce\/agnieszka-murzicz-paslek-rozowe-roze-rabatowe\/\" target=\"_blank\" rel=\"noopener noreferrer\"><strong><em>III miejsce zdoby\u0142a Pani Agnieszka Murzicz Pas\u0142\u0119k<\/em><\/strong><\/a><\/p>\n<p>Pani Agnieszce gratulujemy zaj\u0119cie trzeciego miejsca.<\/p>\n<p>Otrzymuje Pani bon zakupowy w wysoko\u015bci 200 z\u0142.<\/p>\n<p>\u017byczymy dalszego zadowolenia z uprawy r\u00f3\u017c.<\/p>\n<p>&nbsp;<\/p>\n<p>Na zako\u0144czenie chcieliby\u015bmy bardzo serdecznie podzi\u0119kowa\u0107 wszystkim, kt\u00f3rzy wzi\u0119li udzia\u0142 w konkursie.<\/p>\n<p>Zapraszamy serdecznie do \u015bledzenia naszego bloga oraz kolejnych konkurs\u00f3w, kt\u00f3rych na pewno nie zabraknie.<\/p>\n","protected":false},"excerpt":{"rendered":"<p>Szanowni Pa\u0144stwo, Z przyjemno\u015bci\u0105 informujemy, \u017ce konkurs fotograficzny &#8220;2019&#8221; zosta\u0142 rozstrzygni\u0119ty. Wiemy, \u017ce czekali\u015bcie Pa\u0144stwo z niecierpliwo\u015bci\u0105. Jury mia\u0142o bardzo trudne zadanie, poniewa\u017c do konkursu przyst\u0105pi\u0142o 102 uczestnik\u00f3w, a ka\u017cdy ogr\u00f3d by\u0142 wyj\u0105tkowy. Pa\u0144stwa ogrody bardzo mi\u0142o si\u0119 ogl\u0105da\u0142o. Nie [&hellip;]<\/p>\n","protected":false},"author":13,"featured_media":1729,"comment_status":"open","ping_status":"open","sticky":false,"template":"","format":"standard","meta":{"_mi_skip_tracking":false,"_monsterinsights_sitenote_active":false,"_monsterinsights_sitenote_note":"","_monsterinsights_sitenote_category":0,"footnotes":""},"categories":[103],"tags":[],"yoast_head":"<!-- This site is optimized with the Yoast SEO plugin v23.5 - https:\/\/yoast.com\/wordpress\/plugins\/seo\/ -->\n<title>Rozstrzygni\u0119cie konkursu fotograficznego &quot;2019&quot; - blog Rozaria.pl<\/title>\n<meta name=\"robots\" content=\"index, follow, max-snippet:-1, max-image-preview:large, max-video-preview:-1\" \/>\n<link rel=\"canonical\" href=\"https:\/\/rozaria.pl\/blog\/rozstrzygniecie-konkursu-fotograficznego-2019\/\" \/>\n<meta property=\"og:locale\" content=\"pl_PL\" \/>\n<meta property=\"og:type\" content=\"article\" \/>\n<meta property=\"og:title\" content=\"Rozstrzygni\u0119cie konkursu fotograficznego &quot;2019&quot; - blog Rozaria.pl\" \/>\n<meta property=\"og:description\" content=\"Szanowni Pa\u0144stwo, Z przyjemno\u015bci\u0105 informujemy, \u017ce konkurs fotograficzny &#8220;2019&#8221; zosta\u0142 rozstrzygni\u0119ty. Wiemy, \u017ce czekali\u015bcie Pa\u0144stwo z niecierpliwo\u015bci\u0105. Jury mia\u0142o bardzo trudne zadanie, poniewa\u017c do konkursu przyst\u0105pi\u0142o 102 uczestnik\u00f3w, a ka\u017cdy ogr\u00f3d by\u0142 wyj\u0105tkowy. Pa\u0144stwa ogrody bardzo mi\u0142o si\u0119 ogl\u0105da\u0142o. Nie [&hellip;]\" \/>\n<meta property=\"og:url\" content=\"https:\/\/rozaria.pl\/blog\/rozstrzygniecie-konkursu-fotograficznego-2019\/\" \/>\n<meta property=\"og:site_name\" content=\"blog Rozaria.pl\" \/>\n<meta property=\"article:publisher\" content=\"https:\/\/www.facebook.com\/SzkolkaRozRozaria\/\" \/>\n<meta property=\"article:published_time\" content=\"2019-09-23T19:53:32+00:00\" \/>\n<meta property=\"og:image\" content=\"https:\/\/rozaria.pl\/blog\/wp-content\/uploads\/2018\/01\/parkowe-3.jpg\" \/>\n\t<meta property=\"og:image:width\" content=\"1000\" \/>\n\t<meta property=\"og:image:height\" content=\"750\" \/>\n\t<meta property=\"og:image:type\" content=\"image\/jpeg\" \/>\n<meta name=\"author\" content=\"ilonka ilonka\" \/>\n<meta name=\"twitter:card\" content=\"summary_large_image\" \/>\n<meta name=\"twitter:creator\" content=\"@SzkolkaRozaria\" \/>\n<meta name=\"twitter:site\" content=\"@SzkolkaRozaria\" \/>\n<meta name=\"twitter:label1\" content=\"Napisane przez\" \/>\n\t<meta name=\"twitter:data1\" content=\"ilonka ilonka\" \/>\n\t<meta name=\"twitter:label2\" content=\"Szacowany czas czytania\" \/>\n\t<meta name=\"twitter:data2\" content=\"1 minuta\" \/>\n<script type=\"application\/ld+json\" class=\"yoast-schema-graph\">{\"@context\":\"https:\/\/schema.org\",\"@graph\":[{\"@type\":\"Article\",\"@id\":\"https:\/\/rozaria.pl\/blog\/rozstrzygniecie-konkursu-fotograficznego-2019\/#article\",\"isPartOf\":{\"@id\":\"https:\/\/rozaria.pl\/blog\/rozstrzygniecie-konkursu-fotograficznego-2019\/\"},\"author\":{\"name\":\"ilonka ilonka\",\"@id\":\"https:\/\/rozaria.pl\/blog\/#\/schema\/person\/c96f9b8f5a4bdce673178df814ce753a\"},\"headline\":\"Rozstrzygni\u0119cie konkursu fotograficznego &#8220;2019&#8221;\",\"datePublished\":\"2019-09-23T19:53:32+00:00\",\"dateModified\":\"2019-09-23T19:53:32+00:00\",\"mainEntityOfPage\":{\"@id\":\"https:\/\/rozaria.pl\/blog\/rozstrzygniecie-konkursu-fotograficznego-2019\/\"},\"wordCount\":200,\"commentCount\":0,\"publisher\":{\"@id\":\"https:\/\/rozaria.pl\/blog\/#organization\"},\"image\":{\"@id\":\"https:\/\/rozaria.pl\/blog\/rozstrzygniecie-konkursu-fotograficznego-2019\/#primaryimage\"},\"thumbnailUrl\":\"https:\/\/rozaria.pl\/blog\/wp-content\/uploads\/2018\/01\/parkowe-3.jpg\",\"articleSection\":[\"Wydarzenia\"],\"inLanguage\":\"pl-PL\",\"potentialAction\":[{\"@type\":\"CommentAction\",\"name\":\"Comment\",\"target\":[\"https:\/\/rozaria.pl\/blog\/rozstrzygniecie-konkursu-fotograficznego-2019\/#respond\"]}]},{\"@type\":\"WebPage\",\"@id\":\"https:\/\/rozaria.pl\/blog\/rozstrzygniecie-konkursu-fotograficznego-2019\/\",\"url\":\"https:\/\/rozaria.pl\/blog\/rozstrzygniecie-konkursu-fotograficznego-2019\/\",\"name\":\"Rozstrzygni\u0119cie konkursu fotograficznego \\\"2019\\\" - blog Rozaria.pl\",\"isPartOf\":{\"@id\":\"https:\/\/rozaria.pl\/blog\/#website\"},\"primaryImageOfPage\":{\"@id\":\"https:\/\/rozaria.pl\/blog\/rozstrzygniecie-konkursu-fotograficznego-2019\/#primaryimage\"},\"image\":{\"@id\":\"https:\/\/rozaria.pl\/blog\/rozstrzygniecie-konkursu-fotograficznego-2019\/#primaryimage\"},\"thumbnailUrl\":\"https:\/\/rozaria.pl\/blog\/wp-content\/uploads\/2018\/01\/parkowe-3.jpg\",\"datePublished\":\"2019-09-23T19:53:32+00:00\",\"dateModified\":\"2019-09-23T19:53:32+00:00\",\"breadcrumb\":{\"@id\":\"https:\/\/rozaria.pl\/blog\/rozstrzygniecie-konkursu-fotograficznego-2019\/#breadcrumb\"},\"inLanguage\":\"pl-PL\",\"potentialAction\":[{\"@type\":\"ReadAction\",\"target\":[\"https:\/\/rozaria.pl\/blog\/rozstrzygniecie-konkursu-fotograficznego-2019\/\"]}]},{\"@type\":\"ImageObject\",\"inLanguage\":\"pl-PL\",\"@id\":\"https:\/\/rozaria.pl\/blog\/rozstrzygniecie-konkursu-fotograficznego-2019\/#primaryimage\",\"url\":\"https:\/\/rozaria.pl\/blog\/wp-content\/uploads\/2018\/01\/parkowe-3.jpg\",\"contentUrl\":\"https:\/\/rozaria.pl\/blog\/wp-content\/uploads\/2018\/01\/parkowe-3.jpg\",\"width\":1000,\"height\":750,\"caption\":\"r\u00f3\u017ce krzaczaste w ogrodzie\"},{\"@type\":\"BreadcrumbList\",\"@id\":\"https:\/\/rozaria.pl\/blog\/rozstrzygniecie-konkursu-fotograficznego-2019\/#breadcrumb\",\"itemListElement\":[{\"@type\":\"ListItem\",\"position\":1,\"name\":\"Strona g\u0142\u00f3wna\",\"item\":\"https:\/\/rozaria.pl\/blog\/\"},{\"@type\":\"ListItem\",\"position\":2,\"name\":\"Rozstrzygni\u0119cie konkursu fotograficznego &#8220;2019&#8221;\"}]},{\"@type\":\"WebSite\",\"@id\":\"https:\/\/rozaria.pl\/blog\/#website\",\"url\":\"https:\/\/rozaria.pl\/blog\/\",\"name\":\"blog Rozaria.pl\",\"description\":\"Porozmawiajmy o r\u00f3\u017cach, o wszystkich sprawach\",\"publisher\":{\"@id\":\"https:\/\/rozaria.pl\/blog\/#organization\"},\"potentialAction\":[{\"@type\":\"SearchAction\",\"target\":{\"@type\":\"EntryPoint\",\"urlTemplate\":\"https:\/\/rozaria.pl\/blog\/?s={search_term_string}\"},\"query-input\":{\"@type\":\"PropertyValueSpecification\",\"valueRequired\":true,\"valueName\":\"search_term_string\"}}],\"inLanguage\":\"pl-PL\"},{\"@type\":\"Organization\",\"@id\":\"https:\/\/rozaria.pl\/blog\/#organization\",\"name\":\"Szk\u00f3\u0142ka R\u00f3\u017c Rozaria\",\"url\":\"https:\/\/rozaria.pl\/blog\/\",\"logo\":{\"@type\":\"ImageObject\",\"inLanguage\":\"pl-PL\",\"@id\":\"https:\/\/rozaria.pl\/blog\/#\/schema\/logo\/image\/\",\"url\":\"https:\/\/rozaria.pl\/blog\/wp-content\/uploads\/2016\/12\/logo_dla-rozaria.png\",\"contentUrl\":\"https:\/\/rozaria.pl\/blog\/wp-content\/uploads\/2016\/12\/logo_dla-rozaria.png\",\"width\":400,\"height\":166,\"caption\":\"Szk\u00f3\u0142ka R\u00f3\u017c Rozaria\"},\"image\":{\"@id\":\"https:\/\/rozaria.pl\/blog\/#\/schema\/logo\/image\/\"},\"sameAs\":[\"https:\/\/www.facebook.com\/SzkolkaRozRozaria\/\",\"https:\/\/x.com\/SzkolkaRozaria\",\"https:\/\/www.youtube.com\/channel\/UCguKKBc7F06eYM1tzYx1Z5A\"]},{\"@type\":\"Person\",\"@id\":\"https:\/\/rozaria.pl\/blog\/#\/schema\/person\/c96f9b8f5a4bdce673178df814ce753a\",\"name\":\"ilonka ilonka\",\"image\":{\"@type\":\"ImageObject\",\"inLanguage\":\"pl-PL\",\"@id\":\"https:\/\/rozaria.pl\/blog\/#\/schema\/person\/image\/\",\"url\":\"https:\/\/secure.gravatar.com\/avatar\/120d8290bb4c56b4906631bebcba307b?s=96&d=mm&r=g\",\"contentUrl\":\"https:\/\/secure.gravatar.com\/avatar\/120d8290bb4c56b4906631bebcba307b?s=96&d=mm&r=g\",\"caption\":\"ilonka ilonka\"},\"url\":\"https:\/\/rozaria.pl\/blog\/author\/ilonka\/\"}]}<\/script>\n<!-- \/ Yoast SEO plugin. -->","yoast_head_json":{"title":"Rozstrzygni\u0119cie konkursu fotograficznego \"2019\" - blog Rozaria.pl","robots":{"index":"index","follow":"follow","max-snippet":"max-snippet:-1","max-image-preview":"max-image-preview:large","max-video-preview":"max-video-preview:-1"},"canonical":"https:\/\/rozaria.pl\/blog\/rozstrzygniecie-konkursu-fotograficznego-2019\/","og_locale":"pl_PL","og_type":"article","og_title":"Rozstrzygni\u0119cie konkursu fotograficznego \"2019\" - blog Rozaria.pl","og_description":"Szanowni Pa\u0144stwo, Z przyjemno\u015bci\u0105 informujemy, \u017ce konkurs fotograficzny &#8220;2019&#8221; zosta\u0142 rozstrzygni\u0119ty. Wiemy, \u017ce czekali\u015bcie Pa\u0144stwo z niecierpliwo\u015bci\u0105. Jury mia\u0142o bardzo trudne zadanie, poniewa\u017c do konkursu przyst\u0105pi\u0142o 102 uczestnik\u00f3w, a ka\u017cdy ogr\u00f3d by\u0142 wyj\u0105tkowy. Pa\u0144stwa ogrody bardzo mi\u0142o si\u0119 ogl\u0105da\u0142o. Nie [&hellip;]","og_url":"https:\/\/rozaria.pl\/blog\/rozstrzygniecie-konkursu-fotograficznego-2019\/","og_site_name":"blog Rozaria.pl","article_publisher":"https:\/\/www.facebook.com\/SzkolkaRozRozaria\/","article_published_time":"2019-09-23T19:53:32+00:00","og_image":[{"width":1000,"height":750,"url":"https:\/\/rozaria.pl\/blog\/wp-content\/uploads\/2018\/01\/parkowe-3.jpg","type":"image\/jpeg"}],"author":"ilonka ilonka","twitter_card":"summary_large_image","twitter_creator":"@SzkolkaRozaria","twitter_site":"@SzkolkaRozaria","twitter_misc":{"Napisane przez":"ilonka ilonka","Szacowany czas czytania":"1 minuta"},"schema":{"@context":"https:\/\/schema.org","@graph":[{"@type":"Article","@id":"https:\/\/rozaria.pl\/blog\/rozstrzygniecie-konkursu-fotograficznego-2019\/#article","isPartOf":{"@id":"https:\/\/rozaria.pl\/blog\/rozstrzygniecie-konkursu-fotograficznego-2019\/"},"author":{"name":"ilonka ilonka","@id":"https:\/\/rozaria.pl\/blog\/#\/schema\/person\/c96f9b8f5a4bdce673178df814ce753a"},"headline":"Rozstrzygni\u0119cie konkursu fotograficznego &#8220;2019&#8221;","datePublished":"2019-09-23T19:53:32+00:00","dateModified":"2019-09-23T19:53:32+00:00","mainEntityOfPage":{"@id":"https:\/\/rozaria.pl\/blog\/rozstrzygniecie-konkursu-fotograficznego-2019\/"},"wordCount":200,"commentCount":0,"publisher":{"@id":"https:\/\/rozaria.pl\/blog\/#organization"},"image":{"@id":"https:\/\/rozaria.pl\/blog\/rozstrzygniecie-konkursu-fotograficznego-2019\/#primaryimage"},"thumbnailUrl":"https:\/\/rozaria.pl\/blog\/wp-content\/uploads\/2018\/01\/parkowe-3.jpg","articleSection":["Wydarzenia"],"inLanguage":"pl-PL","potentialAction":[{"@type":"CommentAction","name":"Comment","target":["https:\/\/rozaria.pl\/blog\/rozstrzygniecie-konkursu-fotograficznego-2019\/#respond"]}]},{"@type":"WebPage","@id":"https:\/\/rozaria.pl\/blog\/rozstrzygniecie-konkursu-fotograficznego-2019\/","url":"https:\/\/rozaria.pl\/blog\/rozstrzygniecie-konkursu-fotograficznego-2019\/","name":"Rozstrzygni\u0119cie konkursu fotograficznego \"2019\" - blog Rozaria.pl","isPartOf":{"@id":"https:\/\/rozaria.pl\/blog\/#website"},"primaryImageOfPage":{"@id":"https:\/\/rozaria.pl\/blog\/rozstrzygniecie-konkursu-fotograficznego-2019\/#primaryimage"},"image":{"@id":"https:\/\/rozaria.pl\/blog\/rozstrzygniecie-konkursu-fotograficznego-2019\/#primaryimage"},"thumbnailUrl":"https:\/\/rozaria.pl\/blog\/wp-content\/uploads\/2018\/01\/parkowe-3.jpg","datePublished":"2019-09-23T19:53:32+00:00","dateModified":"2019-09-23T19:53:32+00:00","breadcrumb":{"@id":"https:\/\/rozaria.pl\/blog\/rozstrzygniecie-konkursu-fotograficznego-2019\/#breadcrumb"},"inLanguage":"pl-PL","potentialAction":[{"@type":"ReadAction","target":["https:\/\/rozaria.pl\/blog\/rozstrzygniecie-konkursu-fotograficznego-2019\/"]}]},{"@type":"ImageObject","inLanguage":"pl-PL","@id":"https:\/\/rozaria.pl\/blog\/rozstrzygniecie-konkursu-fotograficznego-2019\/#primaryimage","url":"https:\/\/rozaria.pl\/blog\/wp-content\/uploads\/2018\/01\/parkowe-3.jpg","contentUrl":"https:\/\/rozaria.pl\/blog\/wp-content\/uploads\/2018\/01\/parkowe-3.jpg","width":1000,"height":750,"caption":"r\u00f3\u017ce krzaczaste w ogrodzie"},{"@type":"BreadcrumbList","@id":"https:\/\/rozaria.pl\/blog\/rozstrzygniecie-konkursu-fotograficznego-2019\/#breadcrumb","itemListElement":[{"@type":"ListItem","position":1,"name":"Strona g\u0142\u00f3wna","item":"https:\/\/rozaria.pl\/blog\/"},{"@type":"ListItem","position":2,"name":"Rozstrzygni\u0119cie konkursu fotograficznego &#8220;2019&#8221;"}]},{"@type":"WebSite","@id":"https:\/\/rozaria.pl\/blog\/#website","url":"https:\/\/rozaria.pl\/blog\/","name":"blog Rozaria.pl","description":"Porozmawiajmy o r\u00f3\u017cach, o wszystkich sprawach","publisher":{"@id":"https:\/\/rozaria.pl\/blog\/#organization"},"potentialAction":[{"@type":"SearchAction","target":{"@type":"EntryPoint","urlTemplate":"https:\/\/rozaria.pl\/blog\/?s={search_term_string}"},"query-input":{"@type":"PropertyValueSpecification","valueRequired":true,"valueName":"search_term_string"}}],"inLanguage":"pl-PL"},{"@type":"Organization","@id":"https:\/\/rozaria.pl\/blog\/#organization","name":"Szk\u00f3\u0142ka R\u00f3\u017c Rozaria","url":"https:\/\/rozaria.pl\/blog\/","logo":{"@type":"ImageObject","inLanguage":"pl-PL","@id":"https:\/\/rozaria.pl\/blog\/#\/schema\/logo\/image\/","url":"https:\/\/rozaria.pl\/blog\/wp-content\/uploads\/2016\/12\/logo_dla-rozaria.png","contentUrl":"https:\/\/rozaria.pl\/blog\/wp-content\/uploads\/2016\/12\/logo_dla-rozaria.png","width":400,"height":166,"caption":"Szk\u00f3\u0142ka R\u00f3\u017c Rozaria"},"image":{"@id":"https:\/\/rozaria.pl\/blog\/#\/schema\/logo\/image\/"},"sameAs":["https:\/\/www.facebook.com\/SzkolkaRozRozaria\/","https:\/\/x.com\/SzkolkaRozaria","https:\/\/www.youtube.com\/channel\/UCguKKBc7F06eYM1tzYx1Z5A"]},{"@type":"Person","@id":"https:\/\/rozaria.pl\/blog\/#\/schema\/person\/c96f9b8f5a4bdce673178df814ce753a","name":"ilonka ilonka","image":{"@type":"ImageObject","inLanguage":"pl-PL","@id":"https:\/\/rozaria.pl\/blog\/#\/schema\/person\/image\/","url":"https:\/\/secure.gravatar.com\/avatar\/120d8290bb4c56b4906631bebcba307b?s=96&d=mm&r=g","contentUrl":"https:\/\/secure.gravatar.com\/avatar\/120d8290bb4c56b4906631bebcba307b?s=96&d=mm&r=g","caption":"ilonka ilonka"},"url":"https:\/\/rozaria.pl\/blog\/author\/ilonka\/"}]}},"_links":{"self":[{"href":"https:\/\/rozaria.pl\/blog\/wp-json\/wp\/v2\/posts\/4046"}],"collection":[{"href":"https:\/\/rozaria.pl\/blog\/wp-json\/wp\/v2\/posts"}],"about":[{"href":"https:\/\/rozaria.pl\/blog\/wp-json\/wp\/v2\/types\/post"}],"author":[{"embeddable":true,"href":"https:\/\/rozaria.pl\/blog\/wp-json\/wp\/v2\/users\/13"}],"replies":[{"embeddable":true,"href":"https:\/\/rozaria.pl\/blog\/wp-json\/wp\/v2\/comments?post=4046"}],"version-history":[{"count":3,"href":"https:\/\/rozaria.pl\/blog\/wp-json\/wp\/v2\/posts\/4046\/revisions"}],"predecessor-version":[{"id":4052,"href":"https:\/\/rozaria.pl\/blog\/wp-json\/wp\/v2\/posts\/4046\/revisions\/4052"}],"wp:featuredmedia":[{"embeddable":true,"href":"https:\/\/rozaria.pl\/blog\/wp-json\/wp\/v2\/media\/1729"}],"wp:attachment":[{"href":"https:\/\/rozaria.pl\/blog\/wp-json\/wp\/v2\/media?parent=4046"}],"wp:term":[{"taxonomy":"category","embeddable":true,"href":"https:\/\/rozaria.pl\/blog\/wp-json\/wp\/v2\/categories?post=4046"},{"taxonomy":"post_tag","embeddable":true,"href":"https:\/\/rozaria.pl\/blog\/wp-json\/wp\/v2\/tags?post=4046"}],"curies":[{"name":"wp","href":"https:\/\/api.w.org\/{rel}","templated":true}]}}