{"id":3962,"date":"2019-05-23T13:04:14","date_gmt":"2019-05-23T11:04:14","guid":{"rendered":"https:\/\/rozaria.pl\/blog\/?p=3962"},"modified":"2019-07-19T18:07:17","modified_gmt":"2019-07-19T16:07:17","slug":"roza-niejedno-ma-imie","status":"publish","type":"post","link":"https:\/\/rozaria.pl\/blog\/roza-niejedno-ma-imie\/","title":{"rendered":"R\u00f3\u017ca niejedno ma imi\u0119"},"content":{"rendered":"<p><div class=\"fusion-fullwidth fullwidth-box nonhundred-percent-fullwidth non-hundred-percent-height-scrolling\"  style='background-color: #ffffff;background-position: center center;background-repeat: no-repeat;padding-top:0px;padding-right:0px;padding-bottom:0px;padding-left:0px;'><div class=\"fusion-builder-row fusion-row \"><div  class=\"fusion-layout-column fusion_builder_column fusion_builder_column_1_1  fusion-one-full fusion-column-first fusion-column-last 1_1\"  style='margin-top:0px;margin-bottom:50px;'>\n\t\t\t\t\t<div class=\"fusion-column-wrapper\" style=\"padding: 0px 0px 0px 0px;background-position:left top;background-repeat:no-repeat;-webkit-background-size:cover;-moz-background-size:cover;-o-background-size:cover;background-size:cover;\"  data-bg-url=\"\">\n\t\t\t\t\t\t<div class=\"fusion-text\"><p><strong><span style=\"font-size: 14pt;\">Bogactwo r\u00f3\u017c<\/span><\/strong><\/p>\n<p style=\"text-align: justify;\">Wielu ludziom na d\u017awi\u0119k s\u0142owa \u201er\u00f3\u017ca\u201d przed oczami pojawia si\u0119 najcz\u0119\u015bciej r\u00f3\u017ca czerwona, elegancki kwiat umieszczony na bardzo d\u0142ugiej \u0142odydze. I nic w tym dziwnego, bo w dalszym ci\u0105gu to najpopularniejsze z kwiat\u00f3w ci\u0119tych, kr\u00f3lowe bukiet\u00f3w, tak ch\u0119tnie darowanych przy najr\u00f3\u017cniejszych okazjach. Dlatego dla wielu mo\u017ce by\u0107 zaskoczeniem, \u017ce pod poj\u0119ciem \u201er\u00f3\u017ca\u201d kryje si\u0119 bogactwo zapach\u00f3w, barw, kszta\u0142t\u00f3w i pokroj\u00f3w. Mnogo\u015b\u0107 odmian, kt\u00f3ra jest a\u017c niemo\u017cliwa do zliczenia. Te liczne odmiany r\u00f3\u017c, w zale\u017cno\u015bci od pokroju i rozmiar\u00f3w, dzieli si\u0119 na grupy. Znajomo\u015b\u0107 tego podzia\u0142u jest bardzo pomocna przy wyborze tych wyj\u0105tkowych krzew\u00f3w do naszych ogrod\u00f3w.<\/p>\n<\/div><div class=\"fusion-clearfix\"><\/div>\n\n\t\t\t\t\t<\/div>\n\t\t\t\t<\/div><\/div><\/div><div class=\"fusion-fullwidth fullwidth-box nonhundred-percent-fullwidth non-hundred-percent-height-scrolling\"  style='background-color: #ffffff;background-position: center center;background-repeat: no-repeat;padding-top:0px;padding-right:0px;padding-bottom:0px;padding-left:0px;'><div class=\"fusion-builder-row fusion-row \"><div  class=\"fusion-layout-column fusion_builder_column fusion_builder_column_1_2  fusion-one-half fusion-column-first 1_2\"  style='margin-top:0px;margin-bottom:50px;width:50%;width:calc(50% - ( ( 4% ) * 0.5 ) );margin-right: 4%;'>\n\t\t\t\t\t<div class=\"fusion-column-wrapper\" style=\"padding: 0px 0px 0px 0px;background-position:left top;background-repeat:no-repeat;-webkit-background-size:cover;-moz-background-size:cover;-o-background-size:cover;background-size:cover;\"  data-bg-url=\"\">\n\t\t\t\t\t\t<div class=\"fusion-text\"><p><span style=\"font-size: 14pt;\"><strong>Kr\u00f3tka charakterystyka r\u00f3\u017c<\/strong><\/span><\/p>\n<p style=\"text-align: justify;\"><strong>R\u00f3\u017ce rabatowe<\/strong>, zwane tak\u017ce wielokwiatowymi, to krzewy o zwartym pokroju i stosunkowo niewielkich rozmiarach (osi\u0105gaj\u0105 wysoko\u015b\u0107 od ok. 40 do 110 cm) i bogatym kwitnieniu. Idealne do sadzenia w du\u017cych i ma\u0142ych grupach r\u00f3\u017canych, a tak\u017ce na rabatach w towarzystwie bylin i ro\u015blin jednorocznych. Z powodzeniem mog\u0105 by\u0107 uprawiane i w ma\u0142ych i w tych wi\u0119kszych ogrodach.<\/p>\n<\/div><div class=\"fusion-text\"><p style=\"text-align: justify;\"><strong>R\u00f3\u017ce wielkokwiatowe<\/strong>, zwane s\u0105 szlachetnymi. Krzewy te charakteryzuj\u0105 si\u0119 tym, \u017ce posiadaj\u0105 du\u017ce kwiaty, kt\u00f3re pojedynczo lub po kilka osadzone s\u0105 na d\u0142ugiej, sztywnej \u0142odydze. R\u00f3\u017ce wielkokwiatowe maj\u0105 wzniesiony pokr\u00f3j i nie rozga\u0142\u0119ziaj\u0105 si\u0119 zbytnio. Osi\u0105gaj\u0105 wysoko\u015b\u0107 od ok. 50 cm do 150 cm. R\u00f3\u017ce z tej grupy wspaniale nadaj\u0105 si\u0119 na kwiat ci\u0119ty.<\/p>\n<\/div><div class=\"fusion-text\"><p style=\"text-align: justify;\"><strong>R\u00f3\u017ce okrywowe<\/strong> to \u017cywotne, obficie kwitn\u0105ce, silnie krzewi\u0105ce si\u0119 ro\u015bliny. Maj\u0105 pokr\u00f3j charakterystyczny dla ro\u015blin okrywowych \u2013 pokrywaj\u0105 gleb\u0119 swoimi rozga\u0142\u0119zionymi p\u0119dami pok\u0142adaj\u0105cymi si\u0119 na ziemi. W\u015br\u00f3d tej grupy mo\u017cna odnale\u017a\u0107 r\u00f3\u017ce o r\u00f3\u017cnej wysoko\u015bci, od 10 cm a\u017c po wysokie odmiany si\u0119gaj\u0105ce nawet 150 cm i wi\u0119cej. R\u00f3\u017ce okrywowe znajduj\u0105 cz\u0119sto zastosowanie w\u00a0nasadzeniach w zieleni miejskiej, gdzie ciesz\u0105 oczy mieszka\u0144c\u00f3w miast.<\/p>\n<\/div><div class=\"fusion-clearfix\"><\/div>\n\n\t\t\t\t\t<\/div>\n\t\t\t\t<\/div><div  class=\"fusion-layout-column fusion_builder_column fusion_builder_column_1_2  fusion-one-half fusion-column-last 1_2\"  style='margin-top:0px;margin-bottom:50px;width:50%;width:calc(50% - ( ( 4% ) * 0.5 ) );'>\n\t\t\t\t\t<div class=\"fusion-column-wrapper\" style=\"padding: 0px 0px 0px 0px;background-position:left top;background-repeat:no-repeat;-webkit-background-size:cover;-moz-background-size:cover;-o-background-size:cover;background-size:cover;\"  data-bg-url=\"\">\n\t\t\t\t\t\t<div class=\"imageframe-align-center\"><div class=\"imageframe-liftup fusion-image-frame-bottomshadow image-frame-shadow-1\"><style scoped=\"scoped\">.element-bottomshadow.imageframe-1:before, .element-bottomshadow.imageframe-1:after{-webkit-box-shadow: 0 17px 10px rgba(0,0,0,0.4);box-shadow: 0 17px 10px rgba(0,0,0,0.4);}<\/style><span class=\"fusion-imageframe imageframe-bottomshadow imageframe-1 element-bottomshadow\"><a href=\"http:\/\/rozaria.pl\/blog\/wp-content\/uploads\/2019\/06\/leonardo_da_vinci_roze_rabatowe.jpg\" class=\"fusion-lightbox\" data-rel=\"iLightbox[d29cf30f5d6f7e08406]\" data-title=\"leonardo_da_vinci_roze_rabatowe\" title=\"leonardo_da_vinci_roze_rabatowe\"><img decoding=\"async\" src=\"http:\/\/rozaria.pl\/blog\/wp-content\/uploads\/2019\/06\/leonardo_da_vinci_roze_rabatowe.jpg\" width=\"\" height=\"\" alt=\"leonardo da vinci r\u00f3\u017ce rabatowe\" class=\"img-responsive wp-image-3964\" srcset=\"https:\/\/rozaria.pl\/blog\/wp-content\/uploads\/2019\/06\/leonardo_da_vinci_roze_rabatowe-200x300.jpg 200w, https:\/\/rozaria.pl\/blog\/wp-content\/uploads\/2019\/06\/leonardo_da_vinci_roze_rabatowe-400x600.jpg 400w, https:\/\/rozaria.pl\/blog\/wp-content\/uploads\/2019\/06\/leonardo_da_vinci_roze_rabatowe.jpg 567w\" sizes=\"(max-width: 960px) 100vw, 567px\" \/><\/a><\/span><\/div><\/div><div class=\"fusion-clearfix\"><\/div>\n\n\t\t\t\t\t<\/div>\n\t\t\t\t<\/div><\/div><\/div><div class=\"fusion-fullwidth fullwidth-box nonhundred-percent-fullwidth non-hundred-percent-height-scrolling\"  style='background-color: #ffffff;background-position: center center;background-repeat: no-repeat;padding-top:0px;padding-right:0px;padding-bottom:0px;padding-left:0px;'><div class=\"fusion-builder-row fusion-row \"><div  class=\"fusion-layout-column fusion_builder_column fusion_builder_column_1_1  fusion-one-full fusion-column-first fusion-column-last 1_1\"  style='margin-top:0px;margin-bottom:50px;'>\n\t\t\t\t\t<div class=\"fusion-column-wrapper\" style=\"padding: 0px 0px 0px 0px;background-position:left top;background-repeat:no-repeat;-webkit-background-size:cover;-moz-background-size:cover;-o-background-size:cover;background-size:cover;\"  data-bg-url=\"\">\n\t\t\t\t\t\t<div class=\"fusion-text\"><p><span style=\"font-size: 14pt;\"><strong>Kilka s\u0142\u00f3w opisu o r\u00f3\u017cach pn\u0105cych oraz parkowych<\/strong><\/span><\/p>\n<p><strong>R\u00f3\u017ce pn\u0105ce<\/strong> (zwane te\u017c czepnymi) to krzewy o d\u0142ugich, ukwieconych p\u0119dach, kt\u00f3re znajduj\u0105 zastosowanie przy obsadzaniu \u0142uk\u00f3w, przej\u015b\u0107, pergoli. Po\u015br\u00f3d tej grupy rozr\u00f3\u017cnia si\u0119 dwa typy: ramblery (sztywno\u0142odygowe) i klimbery (wiotko\u0142odygowe). Ramblery charakteryzuj\u0105 si\u0119 tym, \u017ce maj\u0105 sztywne, proste \u0142odygi, osi\u0105gaj\u0105ce d\u0142ugo\u015b\u0107 od ok. 2 do 3 m. Klimbery natomiast posiadaj\u0105 elastyczne p\u0119dy, kt\u00f3re osi\u0105gaj\u0105 wzrost do ok. 5 m, a nawet wi\u0119cej. R\u00f3\u017ce pn\u0105ce musz\u0105 rosn\u0105\u0107 przy podporach, do kt\u00f3rych nale\u017cy je przywi\u0105zywa\u0107.<\/p>\n<p><strong>R\u00f3\u017ce parkowe<\/strong> zwane s\u0105 tak\u017ce krzaczastymi, to krzewy silnie rosn\u0105ce, roz\u0142o\u017cyste, cz\u0119sto o\u00a0\u0142ukowato wygi\u0119tych \u0142odygach. Osi\u0105gaj\u0105 wysoko\u015b\u0107 od ok. 100 cm do 300 cm. Do tej grupy nale\u017c\u0105 stare r\u00f3\u017ce ogrodowe, r\u00f3\u017ce burbo\u0144skie, damace\u0144skie, portlandzkie, francuskie, pi\u017cmowe, wsp\u00f3\u0142czesne r\u00f3\u017ce parkowe oraz wi\u0119kszo\u015b\u0107 r\u00f3\u017c angielskich.\u00a0 &#8211; Znajduj\u0105 zastosowanie zar\u00f3wno w przestrzeni miejskiej, jak i w ogrodach. Ze wzgl\u0119du na sw\u00f3j rozmiar, zwykle eksponowane s\u0105 pojedynczo (jako solitery), na jednolitym tle.<\/p>\n<\/div><div class=\"fusion-clearfix\"><\/div>\n\n\t\t\t\t\t<\/div>\n\t\t\t\t<\/div><\/div><\/div><div class=\"fusion-fullwidth fullwidth-box nonhundred-percent-fullwidth non-hundred-percent-height-scrolling\"  style='background-color: #ffffff;background-position: center center;background-repeat: no-repeat;padding-top:0px;padding-right:0px;padding-bottom:0px;padding-left:0px;'><div class=\"fusion-builder-row fusion-row \"><div  class=\"fusion-layout-column fusion_builder_column fusion_builder_column_1_1  fusion-one-full fusion-column-first fusion-column-last 1_1\"  style='margin-top:0px;margin-bottom:50px;'>\n\t\t\t\t\t<div class=\"fusion-column-wrapper\" style=\"padding: 0px 0px 0px 0px;background-position:left top;background-repeat:no-repeat;-webkit-background-size:cover;-moz-background-size:cover;-o-background-size:cover;background-size:cover;\"  data-bg-url=\"\">\n\t\t\t\t\t\t<div class=\"fusion-text\"><p style=\"text-align: justify;\"><span style=\"font-size: 14pt;\"><strong>R\u00f3\u017cnorodna rodzina r\u00f3\u017cana<\/strong><\/span><\/p>\n<p style=\"text-align: justify;\"><img loading=\"lazy\" decoding=\"async\" class=\"alignleft wp-image-3970 size-full\" src=\"http:\/\/rozaria.pl\/blog\/wp-content\/uploads\/2019\/06\/eden_rose_pierwszy_rok_w_ogrodzie.jpg\" alt=\"eden rose pierwszy rok w ogrodzie\" width=\"800\" height=\"533\" srcset=\"https:\/\/rozaria.pl\/blog\/wp-content\/uploads\/2019\/06\/eden_rose_pierwszy_rok_w_ogrodzie-150x100.jpg 150w, https:\/\/rozaria.pl\/blog\/wp-content\/uploads\/2019\/06\/eden_rose_pierwszy_rok_w_ogrodzie-200x133.jpg 200w, https:\/\/rozaria.pl\/blog\/wp-content\/uploads\/2019\/06\/eden_rose_pierwszy_rok_w_ogrodzie-300x200.jpg 300w, https:\/\/rozaria.pl\/blog\/wp-content\/uploads\/2019\/06\/eden_rose_pierwszy_rok_w_ogrodzie-400x267.jpg 400w, https:\/\/rozaria.pl\/blog\/wp-content\/uploads\/2019\/06\/eden_rose_pierwszy_rok_w_ogrodzie-600x400.jpg 600w, https:\/\/rozaria.pl\/blog\/wp-content\/uploads\/2019\/06\/eden_rose_pierwszy_rok_w_ogrodzie-768x512.jpg 768w, https:\/\/rozaria.pl\/blog\/wp-content\/uploads\/2019\/06\/eden_rose_pierwszy_rok_w_ogrodzie.jpg 800w\" sizes=\"(max-width: 800px) 100vw, 800px\" \/>W tak licznej r\u00f3\u017canej rodzinie ka\u017cdy sympatyk kwiat\u00f3w znajdzie co\u015b dla siebie. R\u00f3\u017cnorodno\u015b\u0107 kszta\u0142t\u00f3w kwiat\u00f3w i ich kolor\u00f3w wydaje si\u0119 niesko\u0144czona i potrafi wprawi\u0107 w zachwyt. Mi\u0142o\u015bnik\u00f3w romantycznych ogrod\u00f3w i r\u00f3\u017cowej barwy kwiat\u00f3w zachwyci z pewno\u015bci\u0105 r\u00f3\u017ca krzaczasta, obok kt\u00f3rej nie spos\u00f3b przej\u015b\u0107 oboj\u0119tnie &#8211; <em>Eden Rose<\/em>\u00a0o\u00a0du\u017cych, pe\u0142nych kwiatach, kremowych na zewn\u0105trz i\u00a0r\u00f3\u017cowych wewn\u0105trz. <em>Alexandra \u2013 Princess de Luxembourg<\/em> to r\u00f3wnie\u017c krzaczasta r\u00f3\u017ca o du\u017cych, \u015blicznych, r\u00f3\u017cowych kwiatach, wype\u0142nionych p\u0142atkami. Wspania\u0142y kszta\u0142t kwiat\u00f3w w kolorach podobnych do <em>Eden Rose<\/em> <em>(https:\/\/rozaria.pl\/roze-parkowe-eden-rose) <\/em>posiada r\u00f3wnie\u017c odmiana <em>First Lad<\/em>y, r\u00f3\u017ca rabatowa, kt\u00f3ra wydaje si\u0119 by\u0107 idealn\u0105 r\u00f3\u017c\u0105 florystyczn\u0105 i pi\u0119knie zaprezentuje si\u0119 w\u00a0letnim bukiecie, a tak\u017ce <em>Pashmina<\/em>, nostalgiczna i romantyczna, urzekaj\u0105ca form\u0105 kwiatu. W wazonie natomiast pi\u0119knie prezentowa\u0107 si\u0119 b\u0119dzie r\u00f3\u017ca wielkokwiatowa Flamingo, o idealnym wr\u0119cz kszta\u0142cie kwiat\u00f3w i ujmuj\u0105cej porcelanowo-r\u00f3\u017cowej barwie. Na romantycznej rabacie nie powinno tak\u017ce zabrakn\u0105\u0107 r\u00f3\u017c angielskich, przyk\u0142adowo obficie kwitn\u0105cej i\u00a0ujmuj\u0105cej zapachem <em>Heritage <\/em>o morelowo r\u00f3\u017cowej barwie, czy \u0142ososiowej <em>Abraham Darby<\/em>. Ci, kt\u00f3rzy lubi\u0105 intensywne akcenty kolorystyczne w swoich ogrodach, z ch\u0119ci\u0105 si\u0119gn\u0105 po odmiany r\u00f3\u017c o barwach pomara\u0144czowych, \u017c\u00f3\u0142tych, czy czerwonych. R\u00f3\u017ca rabatowa <em>Qeen of Hearts <\/em>ma intensywn\u0105 barw\u0119 kwiat\u00f3w, kt\u00f3ra sprawia, \u017ce odznacza si\u0119 na tle rabaty i jest widoczna ju\u017c z daleka. Nie mo\u017ce tu zosta\u0107 pomini\u0119ta krzaczasta odmiana <em>Westerland, <\/em>o jaskrawej wr\u0119cz, pomara\u0144czowej barwie. R\u00f3wnie\u017c w\u015br\u00f3d r\u00f3\u017c angielskich mo\u017cna odnale\u017a\u0107 r\u00f3\u017ce barwie \u017c\u00f3\u0142tej, takie jak <em>Yellow Charles Austin, Pilgrim, czy Lemon Parody, <\/em>czy pomara\u0144czowej, jak <em>Lady of Shalott<\/em>. Fan\u00f3w najbardziej klasycznej, czyli czerwonej barwy uciesz\u0105 odmiany &#8211; pn\u0105ca <em>Sympatia, \u00a0<\/em>rabatowa <em>Red Leonardo, Cherry Girl<\/em>, okrywowa <em>Red Fairy<\/em>, angielska <em>L.D. Braithwaite, <\/em>czy krzaczast<em>a Venrosa. <\/em>Sympatycy bia\u0142ych r\u00f3\u017c nie przejd\u0105 z pewno\u015bci\u0105 oboj\u0119tnie obok polskiej odmiany r\u00f3\u017cy wielkokwiatowej <em>Chopin <\/em>o szlachetnych, pe\u0142nych kwiatach. Jedn\u0105 z najpi\u0119kniejszych bia\u0142ych r\u00f3\u017c jest tak\u017ce odmiana <em>Jan Pawe\u0142 II <\/em>o bardzo du\u017cych, eleganckich kwiatach. W ogrodzie mi\u0142o\u015bnika tej barwy r\u00f3\u017c nie mo\u017ce zabrakn\u0105\u0107 popularnych odmian: okrywowej White Fairy, rabatowej <em>Aspirin Rose, <\/em>czy krzaczastej <em>Schneewittchen.<\/em><\/p>\n<\/div><div class=\"imageframe-align-center\"><div class=\"imageframe-liftup fusion-image-frame-bottomshadow image-frame-shadow-2\"><style scoped=\"scoped\">.element-bottomshadow.imageframe-2:before, .element-bottomshadow.imageframe-2:after{-webkit-box-shadow: 0 17px 10px rgba(0,0,0,0.4);box-shadow: 0 17px 10px rgba(0,0,0,0.4);}<\/style><span class=\"fusion-imageframe imageframe-bottomshadow imageframe-2 element-bottomshadow\"><a href=\"http:\/\/rozaria.pl\/blog\/wp-content\/uploads\/2019\/06\/novalis_roza_rabatowa.jpg\" class=\"fusion-lightbox\" data-rel=\"iLightbox[6212f029999ef6a33de]\" data-title=\"novalis_roza_rabatowa\" title=\"novalis_roza_rabatowa\"><img decoding=\"async\" src=\"http:\/\/rozaria.pl\/blog\/wp-content\/uploads\/2019\/06\/novalis_roza_rabatowa.jpg\" width=\"\" height=\"\" alt=\"novalis r\u00f3\u017ca rabatowa\" class=\"img-responsive wp-image-3973\" srcset=\"https:\/\/rozaria.pl\/blog\/wp-content\/uploads\/2019\/06\/novalis_roza_rabatowa-200x133.jpg 200w, https:\/\/rozaria.pl\/blog\/wp-content\/uploads\/2019\/06\/novalis_roza_rabatowa-400x267.jpg 400w, https:\/\/rozaria.pl\/blog\/wp-content\/uploads\/2019\/06\/novalis_roza_rabatowa-600x400.jpg 600w, https:\/\/rozaria.pl\/blog\/wp-content\/uploads\/2019\/06\/novalis_roza_rabatowa.jpg 800w\" sizes=\"(max-width: 960px) 100vw, 800px\" \/><\/a><\/span><\/div><\/div><div class=\"fusion-clearfix\"><\/div>\n\n\t\t\t\t\t<\/div>\n\t\t\t\t<\/div><\/div><\/div><div class=\"fusion-fullwidth fullwidth-box nonhundred-percent-fullwidth non-hundred-percent-height-scrolling\"  style='background-color: #ffffff;background-position: center center;background-repeat: no-repeat;padding-top:0px;padding-right:0px;padding-bottom:0px;padding-left:0px;'><div class=\"fusion-builder-row fusion-row \"><div  class=\"fusion-layout-column fusion_builder_column fusion_builder_column_1_1  fusion-one-full fusion-column-first fusion-column-last 1_1\"  style='margin-top:0px;margin-bottom:50px;'>\n\t\t\t\t\t<div class=\"fusion-column-wrapper\" style=\"padding: 0px 0px 0px 0px;background-position:left top;background-repeat:no-repeat;-webkit-background-size:cover;-moz-background-size:cover;-o-background-size:cover;background-size:cover;\"  data-bg-url=\"\">\n\t\t\t\t\t\t<div class=\"fusion-text\"><p style=\"text-align: justify;\"><strong><span style=\"font-size: 14pt;\">Warto pami\u0119ta\u0107 o barwie, rodzaju oraz zapachu r\u00f3\u017c<\/span><\/strong><\/p>\n<p style=\"text-align: justify;\">Chocia\u017c hodowcy r\u00f3\u017c usilnie, chocia\u017c z niewielkim skutkiem, pracuj\u0105 nad pozyskaniem niebieskiej barwy tych kwiat\u00f3w, a entuzja\u015bci niebieskich kolor\u00f3w kwiat\u00f3w nie maj\u0105 w\u015br\u00f3d r\u00f3\u017c wielkiego wyboru, to istniej\u0105 odmiany o barwach zbli\u017conych do niebieskiego, kt\u00f3re z pewno\u015bci\u0105 przypadn\u0105 im do gustu. Do takich odmian nale\u017cy krzaczasta r\u00f3\u017c\u0105 <em>Rhapsody in Blue<\/em> o wyj\u0105tkowej, trudnej do przeoczenia, barwie, czy rabatowa r\u00f3\u017ca <em>Minerva.<\/em> Delikatnym, pastelowo fioletowym kolorem i bajkowym kszta\u0142tem kwiatu o postrz\u0119pionych p\u0142atkach zaskoczy ba\u015bniowa r\u00f3\u017ca rabatowa <em>Novalis. <\/em><\/p>\n<p style=\"text-align: justify;\">Dla poszukuj\u0105cych odmian, kt\u00f3re nie zawiod\u0105 nawet pocz\u0105tkuj\u0105cych ogrodnik\u00f3w, idealnie sprawdzi si\u0119 r\u00f3\u017ca rabatowa <em>Bonica 82, <\/em>kwitn\u0105ca przez ca\u0142y sezon burz\u0105 drobnych, r\u00f3\u017cowych kwiat\u00f3w, a tak\u017ce <em>Leonardo da Vinci\u00a0 <\/em>o r\u00f3\u017cowym kolorze, kt\u00f3rego kwiat jest mocno wype\u0142niony p\u0142atkami i zachwyca form\u0105, czy r\u00f3wnie\u017c pn\u0105ca i bardzo bogato kwitn\u0105ca <em>Rosarium Uetersen.<\/em><\/p>\n<p style=\"text-align: justify;\">Poszukuj\u0105cy upojnych zapach\u00f3w ogrodowych, swoj\u0105 uwag\u0119 powinni zwr\u00f3ci\u0107 przede wszystkim na r\u00f3\u017ce historyczne i angielskie. Zapachem zachwyc\u0105 odmiany takie jak burbo\u0144ska <em>Louise Odier, <\/em>portlandzka<em> Comte de Chambord, <\/em>damasce\u0144ska <em>Rose de Rescht, <\/em>burbo\u0144ska<em> Madame Isaac Pereire, <\/em>czy zachwycaj\u0105ca dwukolorowymi p\u0142atkami <em>Variegata di Bologna.<\/em><\/p>\n<\/div><div class=\"fusion-clearfix\"><\/div>\n\n\t\t\t\t\t<\/div>\n\t\t\t\t<\/div><\/div><\/div><div class=\"fusion-fullwidth fullwidth-box nonhundred-percent-fullwidth non-hundred-percent-height-scrolling\"  style='background-color: #ffffff;background-position: center center;background-repeat: no-repeat;padding-top:0px;padding-right:0px;padding-bottom:0px;padding-left:0px;'><div class=\"fusion-builder-row fusion-row \"><div  class=\"fusion-layout-column fusion_builder_column fusion_builder_column_1_2  fusion-one-half fusion-column-first 1_2\"  style='margin-top:0px;margin-bottom:50px;width:50%;width:calc(50% - ( ( 4% ) * 0.5 ) );margin-right: 4%;'>\n\t\t\t\t\t<div class=\"fusion-column-wrapper\" style=\"padding: 0px 0px 0px 0px;background-position:left top;background-repeat:no-repeat;-webkit-background-size:cover;-moz-background-size:cover;-o-background-size:cover;background-size:cover;\"  data-bg-url=\"\">\n\t\t\t\t\t\t<div class=\"imageframe-align-center\"><div class=\"imageframe-liftup fusion-image-frame-bottomshadow image-frame-shadow-3\"><style scoped=\"scoped\">.element-bottomshadow.imageframe-3:before, .element-bottomshadow.imageframe-3:after{-webkit-box-shadow: 0 17px 10px rgba(0,0,0,0.4);box-shadow: 0 17px 10px rgba(0,0,0,0.4);}<\/style><span class=\"fusion-imageframe imageframe-bottomshadow imageframe-3 element-bottomshadow\"><a href=\"http:\/\/rozaria.pl\/blog\/wp-content\/uploads\/2019\/06\/roza_pnaca_rosarium.jpg\" class=\"fusion-lightbox\" data-rel=\"iLightbox[c679e2aa7e47e2fd83b]\" data-title=\"roza_pnaca_rosarium\" title=\"roza_pnaca_rosarium\"><img decoding=\"async\" src=\"http:\/\/rozaria.pl\/blog\/wp-content\/uploads\/2019\/06\/roza_pnaca_rosarium.jpg\" width=\"\" height=\"\" alt=\"\" class=\"img-responsive wp-image-3977\" srcset=\"https:\/\/rozaria.pl\/blog\/wp-content\/uploads\/2019\/06\/roza_pnaca_rosarium-200x133.jpg 200w, https:\/\/rozaria.pl\/blog\/wp-content\/uploads\/2019\/06\/roza_pnaca_rosarium-400x267.jpg 400w, https:\/\/rozaria.pl\/blog\/wp-content\/uploads\/2019\/06\/roza_pnaca_rosarium-600x400.jpg 600w, https:\/\/rozaria.pl\/blog\/wp-content\/uploads\/2019\/06\/roza_pnaca_rosarium-800x533.jpg 800w, https:\/\/rozaria.pl\/blog\/wp-content\/uploads\/2019\/06\/roza_pnaca_rosarium.jpg 840w\" sizes=\"(max-width: 960px) 100vw, 800px\" \/><\/a><\/span><\/div><\/div><div class=\"fusion-clearfix\"><\/div>\n\n\t\t\t\t\t<\/div>\n\t\t\t\t<\/div><div  class=\"fusion-layout-column fusion_builder_column fusion_builder_column_1_2  fusion-one-half fusion-column-last 1_2\"  style='margin-top:0px;margin-bottom:50px;width:50%;width:calc(50% - ( ( 4% ) * 0.5 ) );'>\n\t\t\t\t\t<div class=\"fusion-column-wrapper\" style=\"padding: 0px 0px 0px 0px;background-position:left top;background-repeat:no-repeat;-webkit-background-size:cover;-moz-background-size:cover;-o-background-size:cover;background-size:cover;\"  data-bg-url=\"\">\n\t\t\t\t\t\t<div class=\"fusion-text\"><p><span style=\"font-size: 14pt;\"><strong>R\u00f3\u017ce, jako pasja<\/strong><\/span><\/p>\n<p style=\"text-align: justify;\">Wci\u0105\u017c istnieje przekonanie, ze uprawa r\u00f3\u017c jest wymagaj\u0105ca, a same ro\u015bliny kapry\u015bne i\u00a0delikatne, dlatego wielu ludzi nie podejmuje si\u0119 ich uprawy w swoim ogrodzie. A jednak na rynku istnieje wiele odpornych, obficie i d\u0142ugo kwitn\u0105cych odmian, kt\u00f3re nie wymagaj\u0105 du\u017cych nak\u0142ad\u00f3w pracy. Wa\u017cny jest wi\u0119c wyb\u00f3r odpowiedniej odmiany, nie tylko odpowiadaj\u0105cej naszym potrzebom wizualnym, ale charakteryzuj\u0105cej si\u0119 mrozoodporno\u015bci\u0105 odpowiedni\u0105 dla regionu, w kt\u00f3rej ma by\u0107 posadzona oraz odporno\u015bci\u0105 na choroby, w szczeg\u00f3lno\u015bci posiadaj\u0105cej certyfikat zdrowotno\u015bci ADR. Poznawanie bogatego \u015bwiata r\u00f3\u017c jest zaj\u0119ciem bardzo ciekawym, kt\u00f3re z \u0142atwo\u015bci\u0105 mo\u017ce przerodzi\u0107 si\u0119 w pasj\u0119.<\/p>\n<\/div><div class=\"fusion-clearfix\"><\/div>\n\n\t\t\t\t\t<\/div>\n\t\t\t\t<\/div><\/div><\/div><div class=\"fusion-fullwidth fullwidth-box nonhundred-percent-fullwidth non-hundred-percent-height-scrolling\"  style='background-color: #ffffff;background-position: center center;background-repeat: no-repeat;padding-top:0px;padding-right:0px;padding-bottom:0px;padding-left:0px;'><div class=\"fusion-builder-row fusion-row \"><div  class=\"fusion-layout-column fusion_builder_column fusion_builder_column_1_1  fusion-one-full fusion-column-first fusion-column-last 1_1\"  style='margin-top:0px;margin-bottom:50px;'>\n\t\t\t\t\t<div class=\"fusion-column-wrapper\" style=\"padding: 0px 0px 0px 0px;background-position:left top;background-repeat:no-repeat;-webkit-background-size:cover;-moz-background-size:cover;-o-background-size:cover;background-size:cover;\"  data-bg-url=\"\">\n\t\t\t\t\t\t<div class=\"fusion-text\"><p><em><strong>Anna Wilk-Miodunka<\/strong><\/em><\/p>\n<\/div><div class=\"fusion-clearfix\"><\/div>\n\n\t\t\t\t\t<\/div>\n\t\t\t\t<\/div><\/div><\/div><\/p>\n","protected":false},"excerpt":{"rendered":"","protected":false},"author":13,"featured_media":3965,"comment_status":"open","ping_status":"open","sticky":false,"template":"","format":"standard","meta":{"_mi_skip_tracking":false,"_monsterinsights_sitenote_active":false,"_monsterinsights_sitenote_note":"","_monsterinsights_sitenote_category":0,"footnotes":""},"categories":[111],"tags":[],"yoast_head":"<!-- This site is optimized with the Yoast SEO plugin v23.5 - https:\/\/yoast.com\/wordpress\/plugins\/seo\/ -->\n<title>R\u00f3\u017ca niejedno ma imi\u0119 - blog Rozaria.pl<\/title>\n<meta name=\"robots\" content=\"index, follow, max-snippet:-1, max-image-preview:large, max-video-preview:-1\" \/>\n<link rel=\"canonical\" href=\"https:\/\/rozaria.pl\/blog\/roza-niejedno-ma-imie\/\" \/>\n<meta property=\"og:locale\" content=\"pl_PL\" \/>\n<meta property=\"og:type\" content=\"article\" \/>\n<meta property=\"og:title\" content=\"R\u00f3\u017ca niejedno ma imi\u0119 - blog Rozaria.pl\" \/>\n<meta property=\"og:url\" content=\"https:\/\/rozaria.pl\/blog\/roza-niejedno-ma-imie\/\" \/>\n<meta property=\"og:site_name\" content=\"blog Rozaria.pl\" \/>\n<meta property=\"article:publisher\" content=\"https:\/\/www.facebook.com\/SzkolkaRozRozaria\/\" \/>\n<meta property=\"article:published_time\" content=\"2019-05-23T11:04:14+00:00\" \/>\n<meta property=\"article:modified_time\" content=\"2019-07-19T16:07:17+00:00\" \/>\n<meta property=\"og:image\" content=\"https:\/\/rozaria.pl\/blog\/wp-content\/uploads\/2019\/06\/roze_rabatowe_bonica.jpg\" \/>\n\t<meta property=\"og:image:width\" content=\"900\" \/>\n\t<meta property=\"og:image:height\" content=\"600\" \/>\n\t<meta property=\"og:image:type\" content=\"image\/jpeg\" \/>\n<meta name=\"author\" content=\"ilonka ilonka\" \/>\n<meta name=\"twitter:card\" content=\"summary_large_image\" \/>\n<meta name=\"twitter:creator\" content=\"@SzkolkaRozaria\" \/>\n<meta name=\"twitter:site\" content=\"@SzkolkaRozaria\" \/>\n<meta name=\"twitter:label1\" content=\"Napisane przez\" \/>\n\t<meta name=\"twitter:data1\" content=\"ilonka ilonka\" \/>\n\t<meta name=\"twitter:label2\" content=\"Szacowany czas czytania\" \/>\n\t<meta name=\"twitter:data2\" content=\"16 minut\" \/>\n<script type=\"application\/ld+json\" class=\"yoast-schema-graph\">{\"@context\":\"https:\/\/schema.org\",\"@graph\":[{\"@type\":\"Article\",\"@id\":\"https:\/\/rozaria.pl\/blog\/roza-niejedno-ma-imie\/#article\",\"isPartOf\":{\"@id\":\"https:\/\/rozaria.pl\/blog\/roza-niejedno-ma-imie\/\"},\"author\":{\"name\":\"ilonka ilonka\",\"@id\":\"https:\/\/rozaria.pl\/blog\/#\/schema\/person\/c96f9b8f5a4bdce673178df814ce753a\"},\"headline\":\"R\u00f3\u017ca niejedno ma imi\u0119\",\"datePublished\":\"2019-05-23T11:04:14+00:00\",\"dateModified\":\"2019-07-19T16:07:17+00:00\",\"mainEntityOfPage\":{\"@id\":\"https:\/\/rozaria.pl\/blog\/roza-niejedno-ma-imie\/\"},\"wordCount\":3135,\"commentCount\":0,\"publisher\":{\"@id\":\"https:\/\/rozaria.pl\/blog\/#organization\"},\"image\":{\"@id\":\"https:\/\/rozaria.pl\/blog\/roza-niejedno-ma-imie\/#primaryimage\"},\"thumbnailUrl\":\"https:\/\/rozaria.pl\/blog\/wp-content\/uploads\/2019\/06\/roze_rabatowe_bonica.jpg\",\"articleSection\":[\"Historie\"],\"inLanguage\":\"pl-PL\",\"potentialAction\":[{\"@type\":\"CommentAction\",\"name\":\"Comment\",\"target\":[\"https:\/\/rozaria.pl\/blog\/roza-niejedno-ma-imie\/#respond\"]}]},{\"@type\":\"WebPage\",\"@id\":\"https:\/\/rozaria.pl\/blog\/roza-niejedno-ma-imie\/\",\"url\":\"https:\/\/rozaria.pl\/blog\/roza-niejedno-ma-imie\/\",\"name\":\"R\u00f3\u017ca niejedno ma imi\u0119 - blog Rozaria.pl\",\"isPartOf\":{\"@id\":\"https:\/\/rozaria.pl\/blog\/#website\"},\"primaryImageOfPage\":{\"@id\":\"https:\/\/rozaria.pl\/blog\/roza-niejedno-ma-imie\/#primaryimage\"},\"image\":{\"@id\":\"https:\/\/rozaria.pl\/blog\/roza-niejedno-ma-imie\/#primaryimage\"},\"thumbnailUrl\":\"https:\/\/rozaria.pl\/blog\/wp-content\/uploads\/2019\/06\/roze_rabatowe_bonica.jpg\",\"datePublished\":\"2019-05-23T11:04:14+00:00\",\"dateModified\":\"2019-07-19T16:07:17+00:00\",\"breadcrumb\":{\"@id\":\"https:\/\/rozaria.pl\/blog\/roza-niejedno-ma-imie\/#breadcrumb\"},\"inLanguage\":\"pl-PL\",\"potentialAction\":[{\"@type\":\"ReadAction\",\"target\":[\"https:\/\/rozaria.pl\/blog\/roza-niejedno-ma-imie\/\"]}]},{\"@type\":\"ImageObject\",\"inLanguage\":\"pl-PL\",\"@id\":\"https:\/\/rozaria.pl\/blog\/roza-niejedno-ma-imie\/#primaryimage\",\"url\":\"https:\/\/rozaria.pl\/blog\/wp-content\/uploads\/2019\/06\/roze_rabatowe_bonica.jpg\",\"contentUrl\":\"https:\/\/rozaria.pl\/blog\/wp-content\/uploads\/2019\/06\/roze_rabatowe_bonica.jpg\",\"width\":900,\"height\":600},{\"@type\":\"BreadcrumbList\",\"@id\":\"https:\/\/rozaria.pl\/blog\/roza-niejedno-ma-imie\/#breadcrumb\",\"itemListElement\":[{\"@type\":\"ListItem\",\"position\":1,\"name\":\"Strona g\u0142\u00f3wna\",\"item\":\"https:\/\/rozaria.pl\/blog\/\"},{\"@type\":\"ListItem\",\"position\":2,\"name\":\"R\u00f3\u017ca niejedno ma imi\u0119\"}]},{\"@type\":\"WebSite\",\"@id\":\"https:\/\/rozaria.pl\/blog\/#website\",\"url\":\"https:\/\/rozaria.pl\/blog\/\",\"name\":\"blog Rozaria.pl\",\"description\":\"Porozmawiajmy o r\u00f3\u017cach, o wszystkich sprawach\",\"publisher\":{\"@id\":\"https:\/\/rozaria.pl\/blog\/#organization\"},\"potentialAction\":[{\"@type\":\"SearchAction\",\"target\":{\"@type\":\"EntryPoint\",\"urlTemplate\":\"https:\/\/rozaria.pl\/blog\/?s={search_term_string}\"},\"query-input\":{\"@type\":\"PropertyValueSpecification\",\"valueRequired\":true,\"valueName\":\"search_term_string\"}}],\"inLanguage\":\"pl-PL\"},{\"@type\":\"Organization\",\"@id\":\"https:\/\/rozaria.pl\/blog\/#organization\",\"name\":\"Szk\u00f3\u0142ka R\u00f3\u017c Rozaria\",\"url\":\"https:\/\/rozaria.pl\/blog\/\",\"logo\":{\"@type\":\"ImageObject\",\"inLanguage\":\"pl-PL\",\"@id\":\"https:\/\/rozaria.pl\/blog\/#\/schema\/logo\/image\/\",\"url\":\"https:\/\/rozaria.pl\/blog\/wp-content\/uploads\/2016\/12\/logo_dla-rozaria.png\",\"contentUrl\":\"https:\/\/rozaria.pl\/blog\/wp-content\/uploads\/2016\/12\/logo_dla-rozaria.png\",\"width\":400,\"height\":166,\"caption\":\"Szk\u00f3\u0142ka R\u00f3\u017c Rozaria\"},\"image\":{\"@id\":\"https:\/\/rozaria.pl\/blog\/#\/schema\/logo\/image\/\"},\"sameAs\":[\"https:\/\/www.facebook.com\/SzkolkaRozRozaria\/\",\"https:\/\/x.com\/SzkolkaRozaria\",\"https:\/\/www.youtube.com\/channel\/UCguKKBc7F06eYM1tzYx1Z5A\"]},{\"@type\":\"Person\",\"@id\":\"https:\/\/rozaria.pl\/blog\/#\/schema\/person\/c96f9b8f5a4bdce673178df814ce753a\",\"name\":\"ilonka ilonka\",\"image\":{\"@type\":\"ImageObject\",\"inLanguage\":\"pl-PL\",\"@id\":\"https:\/\/rozaria.pl\/blog\/#\/schema\/person\/image\/\",\"url\":\"https:\/\/secure.gravatar.com\/avatar\/120d8290bb4c56b4906631bebcba307b?s=96&d=mm&r=g\",\"contentUrl\":\"https:\/\/secure.gravatar.com\/avatar\/120d8290bb4c56b4906631bebcba307b?s=96&d=mm&r=g\",\"caption\":\"ilonka ilonka\"},\"url\":\"https:\/\/rozaria.pl\/blog\/author\/ilonka\/\"}]}<\/script>\n<!-- \/ Yoast SEO plugin. -->","yoast_head_json":{"title":"R\u00f3\u017ca niejedno ma imi\u0119 - blog Rozaria.pl","robots":{"index":"index","follow":"follow","max-snippet":"max-snippet:-1","max-image-preview":"max-image-preview:large","max-video-preview":"max-video-preview:-1"},"canonical":"https:\/\/rozaria.pl\/blog\/roza-niejedno-ma-imie\/","og_locale":"pl_PL","og_type":"article","og_title":"R\u00f3\u017ca niejedno ma imi\u0119 - blog Rozaria.pl","og_url":"https:\/\/rozaria.pl\/blog\/roza-niejedno-ma-imie\/","og_site_name":"blog Rozaria.pl","article_publisher":"https:\/\/www.facebook.com\/SzkolkaRozRozaria\/","article_published_time":"2019-05-23T11:04:14+00:00","article_modified_time":"2019-07-19T16:07:17+00:00","og_image":[{"width":900,"height":600,"url":"https:\/\/rozaria.pl\/blog\/wp-content\/uploads\/2019\/06\/roze_rabatowe_bonica.jpg","type":"image\/jpeg"}],"author":"ilonka ilonka","twitter_card":"summary_large_image","twitter_creator":"@SzkolkaRozaria","twitter_site":"@SzkolkaRozaria","twitter_misc":{"Napisane przez":"ilonka ilonka","Szacowany czas czytania":"16 minut"},"schema":{"@context":"https:\/\/schema.org","@graph":[{"@type":"Article","@id":"https:\/\/rozaria.pl\/blog\/roza-niejedno-ma-imie\/#article","isPartOf":{"@id":"https:\/\/rozaria.pl\/blog\/roza-niejedno-ma-imie\/"},"author":{"name":"ilonka ilonka","@id":"https:\/\/rozaria.pl\/blog\/#\/schema\/person\/c96f9b8f5a4bdce673178df814ce753a"},"headline":"R\u00f3\u017ca niejedno ma imi\u0119","datePublished":"2019-05-23T11:04:14+00:00","dateModified":"2019-07-19T16:07:17+00:00","mainEntityOfPage":{"@id":"https:\/\/rozaria.pl\/blog\/roza-niejedno-ma-imie\/"},"wordCount":3135,"commentCount":0,"publisher":{"@id":"https:\/\/rozaria.pl\/blog\/#organization"},"image":{"@id":"https:\/\/rozaria.pl\/blog\/roza-niejedno-ma-imie\/#primaryimage"},"thumbnailUrl":"https:\/\/rozaria.pl\/blog\/wp-content\/uploads\/2019\/06\/roze_rabatowe_bonica.jpg","articleSection":["Historie"],"inLanguage":"pl-PL","potentialAction":[{"@type":"CommentAction","name":"Comment","target":["https:\/\/rozaria.pl\/blog\/roza-niejedno-ma-imie\/#respond"]}]},{"@type":"WebPage","@id":"https:\/\/rozaria.pl\/blog\/roza-niejedno-ma-imie\/","url":"https:\/\/rozaria.pl\/blog\/roza-niejedno-ma-imie\/","name":"R\u00f3\u017ca niejedno ma imi\u0119 - blog Rozaria.pl","isPartOf":{"@id":"https:\/\/rozaria.pl\/blog\/#website"},"primaryImageOfPage":{"@id":"https:\/\/rozaria.pl\/blog\/roza-niejedno-ma-imie\/#primaryimage"},"image":{"@id":"https:\/\/rozaria.pl\/blog\/roza-niejedno-ma-imie\/#primaryimage"},"thumbnailUrl":"https:\/\/rozaria.pl\/blog\/wp-content\/uploads\/2019\/06\/roze_rabatowe_bonica.jpg","datePublished":"2019-05-23T11:04:14+00:00","dateModified":"2019-07-19T16:07:17+00:00","breadcrumb":{"@id":"https:\/\/rozaria.pl\/blog\/roza-niejedno-ma-imie\/#breadcrumb"},"inLanguage":"pl-PL","potentialAction":[{"@type":"ReadAction","target":["https:\/\/rozaria.pl\/blog\/roza-niejedno-ma-imie\/"]}]},{"@type":"ImageObject","inLanguage":"pl-PL","@id":"https:\/\/rozaria.pl\/blog\/roza-niejedno-ma-imie\/#primaryimage","url":"https:\/\/rozaria.pl\/blog\/wp-content\/uploads\/2019\/06\/roze_rabatowe_bonica.jpg","contentUrl":"https:\/\/rozaria.pl\/blog\/wp-content\/uploads\/2019\/06\/roze_rabatowe_bonica.jpg","width":900,"height":600},{"@type":"BreadcrumbList","@id":"https:\/\/rozaria.pl\/blog\/roza-niejedno-ma-imie\/#breadcrumb","itemListElement":[{"@type":"ListItem","position":1,"name":"Strona g\u0142\u00f3wna","item":"https:\/\/rozaria.pl\/blog\/"},{"@type":"ListItem","position":2,"name":"R\u00f3\u017ca niejedno ma imi\u0119"}]},{"@type":"WebSite","@id":"https:\/\/rozaria.pl\/blog\/#website","url":"https:\/\/rozaria.pl\/blog\/","name":"blog Rozaria.pl","description":"Porozmawiajmy o r\u00f3\u017cach, o wszystkich sprawach","publisher":{"@id":"https:\/\/rozaria.pl\/blog\/#organization"},"potentialAction":[{"@type":"SearchAction","target":{"@type":"EntryPoint","urlTemplate":"https:\/\/rozaria.pl\/blog\/?s={search_term_string}"},"query-input":{"@type":"PropertyValueSpecification","valueRequired":true,"valueName":"search_term_string"}}],"inLanguage":"pl-PL"},{"@type":"Organization","@id":"https:\/\/rozaria.pl\/blog\/#organization","name":"Szk\u00f3\u0142ka R\u00f3\u017c Rozaria","url":"https:\/\/rozaria.pl\/blog\/","logo":{"@type":"ImageObject","inLanguage":"pl-PL","@id":"https:\/\/rozaria.pl\/blog\/#\/schema\/logo\/image\/","url":"https:\/\/rozaria.pl\/blog\/wp-content\/uploads\/2016\/12\/logo_dla-rozaria.png","contentUrl":"https:\/\/rozaria.pl\/blog\/wp-content\/uploads\/2016\/12\/logo_dla-rozaria.png","width":400,"height":166,"caption":"Szk\u00f3\u0142ka R\u00f3\u017c Rozaria"},"image":{"@id":"https:\/\/rozaria.pl\/blog\/#\/schema\/logo\/image\/"},"sameAs":["https:\/\/www.facebook.com\/SzkolkaRozRozaria\/","https:\/\/x.com\/SzkolkaRozaria","https:\/\/www.youtube.com\/channel\/UCguKKBc7F06eYM1tzYx1Z5A"]},{"@type":"Person","@id":"https:\/\/rozaria.pl\/blog\/#\/schema\/person\/c96f9b8f5a4bdce673178df814ce753a","name":"ilonka ilonka","image":{"@type":"ImageObject","inLanguage":"pl-PL","@id":"https:\/\/rozaria.pl\/blog\/#\/schema\/person\/image\/","url":"https:\/\/secure.gravatar.com\/avatar\/120d8290bb4c56b4906631bebcba307b?s=96&d=mm&r=g","contentUrl":"https:\/\/secure.gravatar.com\/avatar\/120d8290bb4c56b4906631bebcba307b?s=96&d=mm&r=g","caption":"ilonka ilonka"},"url":"https:\/\/rozaria.pl\/blog\/author\/ilonka\/"}]}},"_links":{"self":[{"href":"https:\/\/rozaria.pl\/blog\/wp-json\/wp\/v2\/posts\/3962"}],"collection":[{"href":"https:\/\/rozaria.pl\/blog\/wp-json\/wp\/v2\/posts"}],"about":[{"href":"https:\/\/rozaria.pl\/blog\/wp-json\/wp\/v2\/types\/post"}],"author":[{"embeddable":true,"href":"https:\/\/rozaria.pl\/blog\/wp-json\/wp\/v2\/users\/13"}],"replies":[{"embeddable":true,"href":"https:\/\/rozaria.pl\/blog\/wp-json\/wp\/v2\/comments?post=3962"}],"version-history":[{"count":13,"href":"https:\/\/rozaria.pl\/blog\/wp-json\/wp\/v2\/posts\/3962\/revisions"}],"predecessor-version":[{"id":3980,"href":"https:\/\/rozaria.pl\/blog\/wp-json\/wp\/v2\/posts\/3962\/revisions\/3980"}],"wp:featuredmedia":[{"embeddable":true,"href":"https:\/\/rozaria.pl\/blog\/wp-json\/wp\/v2\/media\/3965"}],"wp:attachment":[{"href":"https:\/\/rozaria.pl\/blog\/wp-json\/wp\/v2\/media?parent=3962"}],"wp:term":[{"taxonomy":"category","embeddable":true,"href":"https:\/\/rozaria.pl\/blog\/wp-json\/wp\/v2\/categories?post=3962"},{"taxonomy":"post_tag","embeddable":true,"href":"https:\/\/rozaria.pl\/blog\/wp-json\/wp\/v2\/tags?post=3962"}],"curies":[{"name":"wp","href":"https:\/\/api.w.org\/{rel}","templated":true}]}}