{"id":3903,"date":"2019-03-26T16:26:14","date_gmt":"2019-03-26T15:26:14","guid":{"rendered":"https:\/\/rozaria.pl\/blog\/?p=3903"},"modified":"2019-07-19T17:57:36","modified_gmt":"2019-07-19T15:57:36","slug":"ogrod-to-wyjatkowe-miejsce","status":"publish","type":"post","link":"https:\/\/rozaria.pl\/blog\/ogrod-to-wyjatkowe-miejsce\/","title":{"rendered":"Ogr\u00f3d to wyj\u0105tkowe miejsce"},"content":{"rendered":"<p><div class=\"fusion-fullwidth fullwidth-box nonhundred-percent-fullwidth non-hundred-percent-height-scrolling\"  style='background-color: #ffffff;background-position: center center;background-repeat: no-repeat;padding-top:0px;padding-right:0px;padding-bottom:0px;padding-left:0px;'><div class=\"fusion-builder-row fusion-row \"><div  class=\"fusion-layout-column fusion_builder_column fusion_builder_column_1_1  fusion-one-full fusion-column-first fusion-column-last 1_1\"  style='margin-top:0px;margin-bottom:50px;'>\n\t\t\t\t\t<div class=\"fusion-column-wrapper\" style=\"padding: 0px 0px 0px 0px;background-position:left top;background-repeat:no-repeat;-webkit-background-size:cover;-moz-background-size:cover;-o-background-size:cover;background-size:cover;\"  data-bg-url=\"\">\n\t\t\t\t\t\t<div class=\"fusion-text\"><p><strong><span style=\"font-size: 14pt;\">Pocz\u0105tek przygody r\u00f3\u017canej<\/span><\/strong><\/p>\n<p style=\"text-align: justify;\">Ogr\u00f3d to wyj\u0105tkowe miejsce , tak\u0105 opini\u0119 s\u0142ysza\u0142am ju\u017c dawno temu , sama przekona\u0142am si\u0119 o tym kiedy par\u0119 lat temu przenios\u0142am si\u0119 na wie\u015b . Moja przygoda z kwiatami rozpocz\u0119\u0142a si\u0119 jednak troch\u0119 wcze\u015bniej , pocz\u0105tkowo na balkonie posadzi\u0142am w doniczkach przepi\u0119kne fuksje w kolorze r\u00f3\u017cowo-fioletowym , ale zosta\u0142y zjedzone przez jakie\u015b robactwo. Jak si\u0119 zorientowa\u0142am \u017ce choruj\u0105 to by\u0142o ju\u017c za p\u00f3\u017ano. Niezra\u017cona tym na balkonie pojawi\u0142 si\u0119 malutki rododendron zakupiony w jednym z ogrodowych supermarket\u00f3w .. Rododendron kupi\u0142am w sierpniu a we wrze\u015bniu okaza\u0142o si\u0119 \u017ce ma p\u0105czki , czyli zakwitnie nied\u0142ugo. I zakwit\u0142 tyle \u017ce wiosn\u0105 nast\u0119pnego roku \ud83d\ude42 To chyba wszystko w temacie mojej wiedzy o kwiatach.<\/p>\n<p style=\"text-align: justify;\"><span style=\"font-size: 14pt;\"><strong>Narodzenie si\u0119 mi\u0142o\u015bci do ogrodu<\/strong><\/span><\/p>\n<p style=\"text-align: justify;\">Zasadniczo win\u0105 za to \u017ce pokocha\u0142am ogr\u00f3d musz\u0119 obarczy\u0107 moj\u0105 Te\u015bciow\u0105 , poniewa\u017c od niej na imieniny otrzyma\u0142am grabie przepasane czerwon\u0105 wst\u0105\u017ck\u0105 . I si\u0119 zacz\u0119\u0142o , wtedy mieli\u015bmy ju\u017c dzia\u0142k\u0119 na wsi ale zapuszczon\u0105 okropnie , wsz\u0119dzie ros\u0142y \u017carnowce , sosny , brzozy.\u00a0 M\u0105\u017c zabra\u0142 si\u0119 za porz\u0105dkowanie terenu a ja za grabienie , do dzisiaj jest to moja ulubiona czynno\u015b\u0107 w ogrodzie . Nieco p\u00f3\u017aniej wybudowali\u015bmy dom i on poch\u0142on\u0105\u0142 ca\u0142\u0105 nasz\u0105 energie i finanse .<\/p>\n<p><strong><span style=\"font-size: 14pt;\">Prezent imieninowy<\/span><\/strong><\/p>\n<p style=\"text-align: justify;\">Poniewa\u017c imieniny mam w lipcu to z regu\u0142y dostaj\u0119 kwiaty w doniczce aby je mo\u017cna by\u0142o przesadzi\u0107 do ogrodu . Co oczywi\u015bcie czyni\u0119 ale z r\u00f3\u017cnym skutkiem , Najbardziej pami\u0119tam tak\u0105 pi\u0119kn\u0105 blador\u00f3\u017cow\u0105 r\u00f3\u017c\u0119 otrzyman\u0105 od Te\u015bciowej , mia\u0142a pe\u0142ne kwiaty i ten cudowny zapach. Ale nie wytrzyma\u0142a ze mn\u0105 za d\u0142ugo ,, w nast\u0119pnym sezonie zakwit\u0142a s\u0142abiej a\u017c w ko\u0144cu usch\u0142a. Zal mi jej by\u0142o bardzo, ale musz\u0119 uczciwie stwierdzi\u0107 \u017ce nie mia\u0142a ze mn\u0105 \u0142atwo . W zwi\u0105zku z tym wyrobi\u0142am sobie opini\u0119 o r\u00f3\u017cach : s\u0105 bardzo wymagaj\u0105ce i lubi\u0105 chorowa\u0107.<\/p>\n<\/div><div class=\"imageframe-align-center\"><div class=\"imageframe-liftup fusion-image-frame-bottomshadow image-frame-shadow-1\"><style scoped=\"scoped\">.element-bottomshadow.imageframe-1:before, .element-bottomshadow.imageframe-1:after{-webkit-box-shadow: 0 17px 10px rgba(0,0,0,0.4);box-shadow: 0 17px 10px rgba(0,0,0,0.4);}<\/style><span class=\"fusion-imageframe imageframe-bottomshadow imageframe-1 element-bottomshadow\"><a href=\"http:\/\/rozaria.pl\/blog\/wp-content\/uploads\/2019\/03\/ogrod_jako-wyjatkowe_miejsce_do_odpoczynku.jpg\" class=\"fusion-lightbox\" data-rel=\"iLightbox[efac8e1a02b3ab61739]\" data-title=\"ogrod_jako wyj\u0105tkowe_miejsce_do_odpoczynku\" title=\"ogrod_jako wyj\u0105tkowe_miejsce_do_odpoczynku\"><img decoding=\"async\" src=\"http:\/\/rozaria.pl\/blog\/wp-content\/uploads\/2019\/03\/ogrod_jako-wyjatkowe_miejsce_do_odpoczynku.jpg\" width=\"\" height=\"\" alt=\"ogr\u00f3d jako wyj\u0105tkowe miejsce do odpoczynku\" class=\"img-responsive wp-image-3919\" srcset=\"https:\/\/rozaria.pl\/blog\/wp-content\/uploads\/2019\/03\/ogrod_jako-wyjatkowe_miejsce_do_odpoczynku-200x150.jpg 200w, https:\/\/rozaria.pl\/blog\/wp-content\/uploads\/2019\/03\/ogrod_jako-wyjatkowe_miejsce_do_odpoczynku-400x300.jpg 400w, https:\/\/rozaria.pl\/blog\/wp-content\/uploads\/2019\/03\/ogrod_jako-wyjatkowe_miejsce_do_odpoczynku-600x450.jpg 600w, https:\/\/rozaria.pl\/blog\/wp-content\/uploads\/2019\/03\/ogrod_jako-wyjatkowe_miejsce_do_odpoczynku-800x600.jpg 800w, https:\/\/rozaria.pl\/blog\/wp-content\/uploads\/2019\/03\/ogrod_jako-wyjatkowe_miejsce_do_odpoczynku-1200x900.jpg 1200w, https:\/\/rozaria.pl\/blog\/wp-content\/uploads\/2019\/03\/ogrod_jako-wyjatkowe_miejsce_do_odpoczynku.jpg 1600w\" sizes=\"(max-width: 960px) 100vw, 1600px\" \/><\/a><\/span><\/div><\/div><div class=\"fusion-text\"><p><span style=\"font-size: 14pt;\"><strong>Dzika r\u00f3\u017ca &#8211; to nie przypadek<\/strong><\/span><\/p>\n<p style=\"text-align: justify;\">Pewnego dnia chodz\u0105c ogrodzie odkry\u0142am \u017ce w samym k\u0105cie niedaleko roz\u0142o\u017cystej brzozy ro\u015bnie bia\u0142a dzika r\u00f3\u017ca . Nie za du\u017cy krzew obsypany bia\u0142ym kwieciem , jak ona pi\u0119knie pachnia\u0142a !!! z miejsca sta\u0142a si\u0119 moj\u0105 ulubion\u0105 ro\u015blin\u0105 . Kieruj\u0105c si\u0119 zasad\u0105 starego m\u0105drego \u017c\u00f3\u0142wia Oogway&#8217;a z fimu Kung Fu Panda \u017ce nic nie dzieje si\u0119 przypadkowo, skoro r\u00f3\u017ca wybra\u0142a m\u00f3j ogr\u00f3d to musz\u0105 si\u0119 one znale\u017a\u0107 w moim ogrodzie .Zacz\u0119\u0142o si\u0119 przeczesywanie sklep\u00f3w internetowych . W mi\u0119dzyczasie zasadzi\u0142am kolejne dzikie r\u00f3\u017ce , tym razem r\u00f3\u017cowe .Sadzonki otrzyma\u0142am od kole\u017canki . Rok p\u00f3\u017aniej zakwit\u0142y bardzo oszcz\u0119dnie ale jaka by\u0142am z nich dumna !!! A moja ulubienica ros\u0142a i w kolejnym sezonie mia\u0142a jeszcze wi\u0119cej bia\u0142ego kwiecia .<\/p>\n<p><span style=\"font-size: 14pt;\"><strong>R\u00f3\u017ce okrywowe ozdob\u0105 ogrodu<\/strong><\/span><\/p>\n<p style=\"text-align: justify;\">Kiedy nasta\u0142a jesienna s\u0142ota i plucha prace w ogrodzie ograniczy\u0142y si\u0119 do grabienia opad\u0142ych li\u015bci i \u017ceby przerwa\u0107 monotoni\u0119 tych czynno\u015bci postanowi\u0142am zasadzi\u0107 kilka r\u00f3\u017c okrywowych zakupionych w Waszej szk\u00f3\u0142ce . Podj\u0119cie decyzji o odmianie bardzo u\u0142atwi\u0142 mi Wasz podzia\u0142 na r\u00f3\u017ce ( do cienia, okrywowe, pn\u0105ce ) . W\u0142a\u015bnie dzi\u0119ki temu najpierw wybieram miejsce gdzie chc\u0119 je posadzi\u0107 a potem wybieram odmian\u0119 I tak na skarpie wzd\u0142u\u017c podjazdu rosn\u0105 odmiany Pink Fairy , Scarlet Meillandecor , RED FAIRY uzupe\u0142nione 3 krzaczkami Swany .<\/p>\n<\/div><div class=\"imageframe-align-center\"><div class=\"imageframe-liftup fusion-image-frame-bottomshadow image-frame-shadow-2\"><style scoped=\"scoped\">.element-bottomshadow.imageframe-2:before, .element-bottomshadow.imageframe-2:after{-webkit-box-shadow: 0 17px 10px rgba(0,0,0,0.4);box-shadow: 0 17px 10px rgba(0,0,0,0.4);}<\/style><span class=\"fusion-imageframe imageframe-bottomshadow imageframe-2 element-bottomshadow\"><a href=\"http:\/\/rozaria.pl\/blog\/wp-content\/uploads\/2019\/03\/roze_okrywowe_swany_pink_fairy_scarlet_meillandecor-1.jpg\" class=\"fusion-lightbox\" data-rel=\"iLightbox[e0ad8d4ddf7d92faf0b]\" data-title=\"roze_okrywowe_swany_pink_fairy_scarlet_meillandecor\" title=\"roze_okrywowe_swany_pink_fairy_scarlet_meillandecor\"><img decoding=\"async\" src=\"http:\/\/rozaria.pl\/blog\/wp-content\/uploads\/2019\/03\/roze_okrywowe_swany_pink_fairy_scarlet_meillandecor-1.jpg\" width=\"\" height=\"\" alt=\"\" class=\"img-responsive wp-image-3921\" srcset=\"https:\/\/rozaria.pl\/blog\/wp-content\/uploads\/2019\/03\/roze_okrywowe_swany_pink_fairy_scarlet_meillandecor-1-200x150.jpg 200w, https:\/\/rozaria.pl\/blog\/wp-content\/uploads\/2019\/03\/roze_okrywowe_swany_pink_fairy_scarlet_meillandecor-1-400x300.jpg 400w, https:\/\/rozaria.pl\/blog\/wp-content\/uploads\/2019\/03\/roze_okrywowe_swany_pink_fairy_scarlet_meillandecor-1-600x450.jpg 600w, https:\/\/rozaria.pl\/blog\/wp-content\/uploads\/2019\/03\/roze_okrywowe_swany_pink_fairy_scarlet_meillandecor-1-800x600.jpg 800w, https:\/\/rozaria.pl\/blog\/wp-content\/uploads\/2019\/03\/roze_okrywowe_swany_pink_fairy_scarlet_meillandecor-1-1200x900.jpg 1200w, https:\/\/rozaria.pl\/blog\/wp-content\/uploads\/2019\/03\/roze_okrywowe_swany_pink_fairy_scarlet_meillandecor-1.jpg 1600w\" sizes=\"(max-width: 960px) 100vw, 1600px\" \/><\/a><\/span><\/div><\/div><div class=\"fusion-text\"><p><span style=\"font-size: 14pt;\"><strong>Zabezpieczenie na zim\u0119<\/strong><\/span><\/p>\n<p style=\"text-align: justify;\">Na pierwsz\u0105 zim\u0119 po posadzeniu usypa\u0142am kopczyki i otuli\u0142am je agrow\u0142\u00f3knin\u0105 , w kolejne zimy ograniczy\u0142am si\u0119 tylko do kopczykowania r\u00f3\u017c okrywowych natomiast agrow\u0142\u00f3knin\u0105 opatulam tylko te , kt\u00f3re wg waszych informacji tego wymagaj\u0105 .<\/p>\n<p><span style=\"font-size: 14pt;\"><strong>R\u00f3\u017ce ciesz\u0105ce oko<\/strong><\/span><\/p>\n<p style=\"text-align: justify;\">Teraz latem siedz\u0105c na tarasie moje oko ciesz\u0105 krzaki r\u00f3\u017cy odmiany Cuba Dance posadzone w towarzystwie r\u00f3\u017cy pn\u0105cej Golden Shower. Kilka lat po posadzeniu zacz\u0119\u0142y wzajemnie si\u0119 przenika\u0107 i teraz powstaje cudowna mieszanina w zale\u017cno\u015bci od stopnia wybarwienia i nat\u0119\u017cenia kwitnienia pocz\u0105tkowo pomara\u0144czowo- \u017c\u00f3\u0142ta by nast\u0119pnie po kilku dniach zmieni\u0107 si\u0119 na \u017c\u00f3\u0142t\u0105 z elementami pomara\u0144czowymi.<\/p>\n<p><span style=\"font-size: 14pt;\"><strong>Piel\u0119gnacja r\u00f3\u017c<\/strong><\/span><\/p>\n<p style=\"text-align: justify;\">R\u00f3\u017ce zmieni\u0142y moje podej\u015bcie do ogrodu w og\u00f3le , teraz wiem ,\u017ce za trosk\u0119 odp\u0142acaj\u0105 si\u0119 pi\u0119knym kwitnieniem, bujn\u0105 zieleni\u0105. Ju\u017c nie my\u015bl\u0119 o \u017ce s\u0105 problematyczne wr\u0119cz odwrotnie ciesz\u0119 si\u0119, \u017ce mog\u0119 im pom\u00f3c gdy zasiadaj\u0105 na nich mszyce, smuci mnie gdy przekwitaj\u0105 i ich p\u0142atki opadaj\u0105 na rabat\u0119, ub\u00f3stwiam podgl\u0105da\u0107 jak rozwija si\u0119 p\u0105k r\u00f3\u017cy. Czasami potrzeba na to kilku dni a czasami tempo rozkwitania jest ekspresowe . R\u00f3wnie\u017c bardzo wzbogaci\u0142a si\u0119 moja kolekcja narz\u0119dzi ogrodowych o sekatory, ma\u015bci ogrodnicze, opryskiwacze i preparaty do oprysku, nawozy.<\/p>\n<p><span style=\"font-size: 14pt;\"><strong>Najlepszym nauczycielem jest czas\u00a0<\/strong><\/span><\/p>\n<p>M\u00f3wi si\u0119 \u017ce na wszystko w \u017cyciu przychodzi czas , ja nie jestem wyj\u0105tkiem . \u017beby pokocha\u0107 ogr\u00f3d i zakocha\u0107 si\u0119 w r\u00f3\u017cach z\u0142o\u017cy\u0142o si\u0119 wiele czynnik\u00f3w ale czas by\u0142 jednym z najwa\u017cniejszych. Ciesz\u0119 si\u0119 \u017ce mi si\u0119 to uda\u0142o .<\/p>\n<p><em><strong>Mirka J.<\/strong><\/em><\/p>\n<\/div><div class=\"fusion-clearfix\"><\/div>\n\n\t\t\t\t\t<\/div>\n\t\t\t\t<\/div><\/div><\/div><div class=\"fusion-fullwidth fullwidth-box nonhundred-percent-fullwidth non-hundred-percent-height-scrolling\"  style='background-color: #ffffff;background-position: center center;background-repeat: no-repeat;padding-top:0px;padding-right:0px;padding-bottom:0px;padding-left:0px;'><div class=\"fusion-builder-row fusion-row \"><div  class=\"fusion-layout-column fusion_builder_column fusion_builder_column_1_1  fusion-one-full fusion-column-first fusion-column-last 1_1\"  style='margin-top:0px;margin-bottom:50px;'>\n\t\t\t\t\t<div class=\"fusion-column-wrapper\" style=\"padding: 0px 0px 0px 0px;background-position:left top;background-repeat:no-repeat;-webkit-background-size:cover;-moz-background-size:cover;-o-background-size:cover;background-size:cover;\"  data-bg-url=\"\">\n\t\t\t\t\t\t<div class=\"fusion-clearfix\"><\/div>\n\n\t\t\t\t\t<\/div>\n\t\t\t\t<\/div><\/div><\/div><\/p>\n","protected":false},"excerpt":{"rendered":"","protected":false},"author":13,"featured_media":3920,"comment_status":"open","ping_status":"open","sticky":false,"template":"","format":"standard","meta":{"_mi_skip_tracking":false,"_monsterinsights_sitenote_active":false,"_monsterinsights_sitenote_note":"","_monsterinsights_sitenote_category":0,"footnotes":""},"categories":[4],"tags":[],"yoast_head":"<!-- This site is optimized with the Yoast SEO plugin v23.5 - https:\/\/yoast.com\/wordpress\/plugins\/seo\/ -->\n<title>Ogr\u00f3d to wyj\u0105tkowe miejsce - blog Rozaria.pl<\/title>\n<meta name=\"robots\" content=\"index, follow, max-snippet:-1, max-image-preview:large, max-video-preview:-1\" \/>\n<link rel=\"canonical\" href=\"https:\/\/rozaria.pl\/blog\/ogrod-to-wyjatkowe-miejsce\/\" \/>\n<meta property=\"og:locale\" content=\"pl_PL\" \/>\n<meta property=\"og:type\" content=\"article\" \/>\n<meta property=\"og:title\" content=\"Ogr\u00f3d to wyj\u0105tkowe miejsce - blog Rozaria.pl\" \/>\n<meta property=\"og:url\" content=\"https:\/\/rozaria.pl\/blog\/ogrod-to-wyjatkowe-miejsce\/\" \/>\n<meta property=\"og:site_name\" content=\"blog Rozaria.pl\" \/>\n<meta property=\"article:publisher\" content=\"https:\/\/www.facebook.com\/SzkolkaRozRozaria\/\" \/>\n<meta property=\"article:published_time\" content=\"2019-03-26T15:26:14+00:00\" \/>\n<meta property=\"article:modified_time\" content=\"2019-07-19T15:57:36+00:00\" \/>\n<meta property=\"og:image\" content=\"https:\/\/rozaria.pl\/blog\/wp-content\/uploads\/2019\/03\/roze_okrywowe_kolekcja_rozana-2.jpg\" \/>\n\t<meta property=\"og:image:width\" content=\"1600\" \/>\n\t<meta property=\"og:image:height\" content=\"1200\" \/>\n\t<meta property=\"og:image:type\" content=\"image\/jpeg\" \/>\n<meta name=\"author\" content=\"ilonka ilonka\" \/>\n<meta name=\"twitter:card\" content=\"summary_large_image\" \/>\n<meta name=\"twitter:creator\" content=\"@SzkolkaRozaria\" \/>\n<meta name=\"twitter:site\" content=\"@SzkolkaRozaria\" \/>\n<meta name=\"twitter:label1\" content=\"Napisane przez\" \/>\n\t<meta name=\"twitter:data1\" content=\"ilonka ilonka\" \/>\n\t<meta name=\"twitter:label2\" content=\"Szacowany czas czytania\" \/>\n\t<meta name=\"twitter:data2\" content=\"7 minut\" \/>\n<script type=\"application\/ld+json\" class=\"yoast-schema-graph\">{\"@context\":\"https:\/\/schema.org\",\"@graph\":[{\"@type\":\"Article\",\"@id\":\"https:\/\/rozaria.pl\/blog\/ogrod-to-wyjatkowe-miejsce\/#article\",\"isPartOf\":{\"@id\":\"https:\/\/rozaria.pl\/blog\/ogrod-to-wyjatkowe-miejsce\/\"},\"author\":{\"name\":\"ilonka ilonka\",\"@id\":\"https:\/\/rozaria.pl\/blog\/#\/schema\/person\/c96f9b8f5a4bdce673178df814ce753a\"},\"headline\":\"Ogr\u00f3d to wyj\u0105tkowe miejsce\",\"datePublished\":\"2019-03-26T15:26:14+00:00\",\"dateModified\":\"2019-07-19T15:57:36+00:00\",\"mainEntityOfPage\":{\"@id\":\"https:\/\/rozaria.pl\/blog\/ogrod-to-wyjatkowe-miejsce\/\"},\"wordCount\":1424,\"commentCount\":0,\"publisher\":{\"@id\":\"https:\/\/rozaria.pl\/blog\/#organization\"},\"image\":{\"@id\":\"https:\/\/rozaria.pl\/blog\/ogrod-to-wyjatkowe-miejsce\/#primaryimage\"},\"thumbnailUrl\":\"https:\/\/rozaria.pl\/blog\/wp-content\/uploads\/2019\/03\/roze_okrywowe_kolekcja_rozana-2.jpg\",\"articleSection\":[\"Ciekawostki\"],\"inLanguage\":\"pl-PL\",\"potentialAction\":[{\"@type\":\"CommentAction\",\"name\":\"Comment\",\"target\":[\"https:\/\/rozaria.pl\/blog\/ogrod-to-wyjatkowe-miejsce\/#respond\"]}]},{\"@type\":\"WebPage\",\"@id\":\"https:\/\/rozaria.pl\/blog\/ogrod-to-wyjatkowe-miejsce\/\",\"url\":\"https:\/\/rozaria.pl\/blog\/ogrod-to-wyjatkowe-miejsce\/\",\"name\":\"Ogr\u00f3d to wyj\u0105tkowe miejsce - blog Rozaria.pl\",\"isPartOf\":{\"@id\":\"https:\/\/rozaria.pl\/blog\/#website\"},\"primaryImageOfPage\":{\"@id\":\"https:\/\/rozaria.pl\/blog\/ogrod-to-wyjatkowe-miejsce\/#primaryimage\"},\"image\":{\"@id\":\"https:\/\/rozaria.pl\/blog\/ogrod-to-wyjatkowe-miejsce\/#primaryimage\"},\"thumbnailUrl\":\"https:\/\/rozaria.pl\/blog\/wp-content\/uploads\/2019\/03\/roze_okrywowe_kolekcja_rozana-2.jpg\",\"datePublished\":\"2019-03-26T15:26:14+00:00\",\"dateModified\":\"2019-07-19T15:57:36+00:00\",\"breadcrumb\":{\"@id\":\"https:\/\/rozaria.pl\/blog\/ogrod-to-wyjatkowe-miejsce\/#breadcrumb\"},\"inLanguage\":\"pl-PL\",\"potentialAction\":[{\"@type\":\"ReadAction\",\"target\":[\"https:\/\/rozaria.pl\/blog\/ogrod-to-wyjatkowe-miejsce\/\"]}]},{\"@type\":\"ImageObject\",\"inLanguage\":\"pl-PL\",\"@id\":\"https:\/\/rozaria.pl\/blog\/ogrod-to-wyjatkowe-miejsce\/#primaryimage\",\"url\":\"https:\/\/rozaria.pl\/blog\/wp-content\/uploads\/2019\/03\/roze_okrywowe_kolekcja_rozana-2.jpg\",\"contentUrl\":\"https:\/\/rozaria.pl\/blog\/wp-content\/uploads\/2019\/03\/roze_okrywowe_kolekcja_rozana-2.jpg\",\"width\":1600,\"height\":1200,\"caption\":\"r\u00f3\u017ce okrywowe kolekcja r\u00f3\u017c\"},{\"@type\":\"BreadcrumbList\",\"@id\":\"https:\/\/rozaria.pl\/blog\/ogrod-to-wyjatkowe-miejsce\/#breadcrumb\",\"itemListElement\":[{\"@type\":\"ListItem\",\"position\":1,\"name\":\"Strona g\u0142\u00f3wna\",\"item\":\"https:\/\/rozaria.pl\/blog\/\"},{\"@type\":\"ListItem\",\"position\":2,\"name\":\"Ogr\u00f3d to wyj\u0105tkowe miejsce\"}]},{\"@type\":\"WebSite\",\"@id\":\"https:\/\/rozaria.pl\/blog\/#website\",\"url\":\"https:\/\/rozaria.pl\/blog\/\",\"name\":\"blog Rozaria.pl\",\"description\":\"Porozmawiajmy o r\u00f3\u017cach, o wszystkich sprawach\",\"publisher\":{\"@id\":\"https:\/\/rozaria.pl\/blog\/#organization\"},\"potentialAction\":[{\"@type\":\"SearchAction\",\"target\":{\"@type\":\"EntryPoint\",\"urlTemplate\":\"https:\/\/rozaria.pl\/blog\/?s={search_term_string}\"},\"query-input\":{\"@type\":\"PropertyValueSpecification\",\"valueRequired\":true,\"valueName\":\"search_term_string\"}}],\"inLanguage\":\"pl-PL\"},{\"@type\":\"Organization\",\"@id\":\"https:\/\/rozaria.pl\/blog\/#organization\",\"name\":\"Szk\u00f3\u0142ka R\u00f3\u017c Rozaria\",\"url\":\"https:\/\/rozaria.pl\/blog\/\",\"logo\":{\"@type\":\"ImageObject\",\"inLanguage\":\"pl-PL\",\"@id\":\"https:\/\/rozaria.pl\/blog\/#\/schema\/logo\/image\/\",\"url\":\"https:\/\/rozaria.pl\/blog\/wp-content\/uploads\/2016\/12\/logo_dla-rozaria.png\",\"contentUrl\":\"https:\/\/rozaria.pl\/blog\/wp-content\/uploads\/2016\/12\/logo_dla-rozaria.png\",\"width\":400,\"height\":166,\"caption\":\"Szk\u00f3\u0142ka R\u00f3\u017c Rozaria\"},\"image\":{\"@id\":\"https:\/\/rozaria.pl\/blog\/#\/schema\/logo\/image\/\"},\"sameAs\":[\"https:\/\/www.facebook.com\/SzkolkaRozRozaria\/\",\"https:\/\/x.com\/SzkolkaRozaria\",\"https:\/\/www.youtube.com\/channel\/UCguKKBc7F06eYM1tzYx1Z5A\"]},{\"@type\":\"Person\",\"@id\":\"https:\/\/rozaria.pl\/blog\/#\/schema\/person\/c96f9b8f5a4bdce673178df814ce753a\",\"name\":\"ilonka ilonka\",\"image\":{\"@type\":\"ImageObject\",\"inLanguage\":\"pl-PL\",\"@id\":\"https:\/\/rozaria.pl\/blog\/#\/schema\/person\/image\/\",\"url\":\"https:\/\/secure.gravatar.com\/avatar\/120d8290bb4c56b4906631bebcba307b?s=96&d=mm&r=g\",\"contentUrl\":\"https:\/\/secure.gravatar.com\/avatar\/120d8290bb4c56b4906631bebcba307b?s=96&d=mm&r=g\",\"caption\":\"ilonka ilonka\"},\"url\":\"https:\/\/rozaria.pl\/blog\/author\/ilonka\/\"}]}<\/script>\n<!-- \/ Yoast SEO plugin. -->","yoast_head_json":{"title":"Ogr\u00f3d to wyj\u0105tkowe miejsce - blog Rozaria.pl","robots":{"index":"index","follow":"follow","max-snippet":"max-snippet:-1","max-image-preview":"max-image-preview:large","max-video-preview":"max-video-preview:-1"},"canonical":"https:\/\/rozaria.pl\/blog\/ogrod-to-wyjatkowe-miejsce\/","og_locale":"pl_PL","og_type":"article","og_title":"Ogr\u00f3d to wyj\u0105tkowe miejsce - blog Rozaria.pl","og_url":"https:\/\/rozaria.pl\/blog\/ogrod-to-wyjatkowe-miejsce\/","og_site_name":"blog Rozaria.pl","article_publisher":"https:\/\/www.facebook.com\/SzkolkaRozRozaria\/","article_published_time":"2019-03-26T15:26:14+00:00","article_modified_time":"2019-07-19T15:57:36+00:00","og_image":[{"width":1600,"height":1200,"url":"https:\/\/rozaria.pl\/blog\/wp-content\/uploads\/2019\/03\/roze_okrywowe_kolekcja_rozana-2.jpg","type":"image\/jpeg"}],"author":"ilonka ilonka","twitter_card":"summary_large_image","twitter_creator":"@SzkolkaRozaria","twitter_site":"@SzkolkaRozaria","twitter_misc":{"Napisane przez":"ilonka ilonka","Szacowany czas czytania":"7 minut"},"schema":{"@context":"https:\/\/schema.org","@graph":[{"@type":"Article","@id":"https:\/\/rozaria.pl\/blog\/ogrod-to-wyjatkowe-miejsce\/#article","isPartOf":{"@id":"https:\/\/rozaria.pl\/blog\/ogrod-to-wyjatkowe-miejsce\/"},"author":{"name":"ilonka ilonka","@id":"https:\/\/rozaria.pl\/blog\/#\/schema\/person\/c96f9b8f5a4bdce673178df814ce753a"},"headline":"Ogr\u00f3d to wyj\u0105tkowe miejsce","datePublished":"2019-03-26T15:26:14+00:00","dateModified":"2019-07-19T15:57:36+00:00","mainEntityOfPage":{"@id":"https:\/\/rozaria.pl\/blog\/ogrod-to-wyjatkowe-miejsce\/"},"wordCount":1424,"commentCount":0,"publisher":{"@id":"https:\/\/rozaria.pl\/blog\/#organization"},"image":{"@id":"https:\/\/rozaria.pl\/blog\/ogrod-to-wyjatkowe-miejsce\/#primaryimage"},"thumbnailUrl":"https:\/\/rozaria.pl\/blog\/wp-content\/uploads\/2019\/03\/roze_okrywowe_kolekcja_rozana-2.jpg","articleSection":["Ciekawostki"],"inLanguage":"pl-PL","potentialAction":[{"@type":"CommentAction","name":"Comment","target":["https:\/\/rozaria.pl\/blog\/ogrod-to-wyjatkowe-miejsce\/#respond"]}]},{"@type":"WebPage","@id":"https:\/\/rozaria.pl\/blog\/ogrod-to-wyjatkowe-miejsce\/","url":"https:\/\/rozaria.pl\/blog\/ogrod-to-wyjatkowe-miejsce\/","name":"Ogr\u00f3d to wyj\u0105tkowe miejsce - blog Rozaria.pl","isPartOf":{"@id":"https:\/\/rozaria.pl\/blog\/#website"},"primaryImageOfPage":{"@id":"https:\/\/rozaria.pl\/blog\/ogrod-to-wyjatkowe-miejsce\/#primaryimage"},"image":{"@id":"https:\/\/rozaria.pl\/blog\/ogrod-to-wyjatkowe-miejsce\/#primaryimage"},"thumbnailUrl":"https:\/\/rozaria.pl\/blog\/wp-content\/uploads\/2019\/03\/roze_okrywowe_kolekcja_rozana-2.jpg","datePublished":"2019-03-26T15:26:14+00:00","dateModified":"2019-07-19T15:57:36+00:00","breadcrumb":{"@id":"https:\/\/rozaria.pl\/blog\/ogrod-to-wyjatkowe-miejsce\/#breadcrumb"},"inLanguage":"pl-PL","potentialAction":[{"@type":"ReadAction","target":["https:\/\/rozaria.pl\/blog\/ogrod-to-wyjatkowe-miejsce\/"]}]},{"@type":"ImageObject","inLanguage":"pl-PL","@id":"https:\/\/rozaria.pl\/blog\/ogrod-to-wyjatkowe-miejsce\/#primaryimage","url":"https:\/\/rozaria.pl\/blog\/wp-content\/uploads\/2019\/03\/roze_okrywowe_kolekcja_rozana-2.jpg","contentUrl":"https:\/\/rozaria.pl\/blog\/wp-content\/uploads\/2019\/03\/roze_okrywowe_kolekcja_rozana-2.jpg","width":1600,"height":1200,"caption":"r\u00f3\u017ce okrywowe kolekcja r\u00f3\u017c"},{"@type":"BreadcrumbList","@id":"https:\/\/rozaria.pl\/blog\/ogrod-to-wyjatkowe-miejsce\/#breadcrumb","itemListElement":[{"@type":"ListItem","position":1,"name":"Strona g\u0142\u00f3wna","item":"https:\/\/rozaria.pl\/blog\/"},{"@type":"ListItem","position":2,"name":"Ogr\u00f3d to wyj\u0105tkowe miejsce"}]},{"@type":"WebSite","@id":"https:\/\/rozaria.pl\/blog\/#website","url":"https:\/\/rozaria.pl\/blog\/","name":"blog Rozaria.pl","description":"Porozmawiajmy o r\u00f3\u017cach, o wszystkich sprawach","publisher":{"@id":"https:\/\/rozaria.pl\/blog\/#organization"},"potentialAction":[{"@type":"SearchAction","target":{"@type":"EntryPoint","urlTemplate":"https:\/\/rozaria.pl\/blog\/?s={search_term_string}"},"query-input":{"@type":"PropertyValueSpecification","valueRequired":true,"valueName":"search_term_string"}}],"inLanguage":"pl-PL"},{"@type":"Organization","@id":"https:\/\/rozaria.pl\/blog\/#organization","name":"Szk\u00f3\u0142ka R\u00f3\u017c Rozaria","url":"https:\/\/rozaria.pl\/blog\/","logo":{"@type":"ImageObject","inLanguage":"pl-PL","@id":"https:\/\/rozaria.pl\/blog\/#\/schema\/logo\/image\/","url":"https:\/\/rozaria.pl\/blog\/wp-content\/uploads\/2016\/12\/logo_dla-rozaria.png","contentUrl":"https:\/\/rozaria.pl\/blog\/wp-content\/uploads\/2016\/12\/logo_dla-rozaria.png","width":400,"height":166,"caption":"Szk\u00f3\u0142ka R\u00f3\u017c Rozaria"},"image":{"@id":"https:\/\/rozaria.pl\/blog\/#\/schema\/logo\/image\/"},"sameAs":["https:\/\/www.facebook.com\/SzkolkaRozRozaria\/","https:\/\/x.com\/SzkolkaRozaria","https:\/\/www.youtube.com\/channel\/UCguKKBc7F06eYM1tzYx1Z5A"]},{"@type":"Person","@id":"https:\/\/rozaria.pl\/blog\/#\/schema\/person\/c96f9b8f5a4bdce673178df814ce753a","name":"ilonka ilonka","image":{"@type":"ImageObject","inLanguage":"pl-PL","@id":"https:\/\/rozaria.pl\/blog\/#\/schema\/person\/image\/","url":"https:\/\/secure.gravatar.com\/avatar\/120d8290bb4c56b4906631bebcba307b?s=96&d=mm&r=g","contentUrl":"https:\/\/secure.gravatar.com\/avatar\/120d8290bb4c56b4906631bebcba307b?s=96&d=mm&r=g","caption":"ilonka ilonka"},"url":"https:\/\/rozaria.pl\/blog\/author\/ilonka\/"}]}},"_links":{"self":[{"href":"https:\/\/rozaria.pl\/blog\/wp-json\/wp\/v2\/posts\/3903"}],"collection":[{"href":"https:\/\/rozaria.pl\/blog\/wp-json\/wp\/v2\/posts"}],"about":[{"href":"https:\/\/rozaria.pl\/blog\/wp-json\/wp\/v2\/types\/post"}],"author":[{"embeddable":true,"href":"https:\/\/rozaria.pl\/blog\/wp-json\/wp\/v2\/users\/13"}],"replies":[{"embeddable":true,"href":"https:\/\/rozaria.pl\/blog\/wp-json\/wp\/v2\/comments?post=3903"}],"version-history":[{"count":8,"href":"https:\/\/rozaria.pl\/blog\/wp-json\/wp\/v2\/posts\/3903\/revisions"}],"predecessor-version":[{"id":3924,"href":"https:\/\/rozaria.pl\/blog\/wp-json\/wp\/v2\/posts\/3903\/revisions\/3924"}],"wp:featuredmedia":[{"embeddable":true,"href":"https:\/\/rozaria.pl\/blog\/wp-json\/wp\/v2\/media\/3920"}],"wp:attachment":[{"href":"https:\/\/rozaria.pl\/blog\/wp-json\/wp\/v2\/media?parent=3903"}],"wp:term":[{"taxonomy":"category","embeddable":true,"href":"https:\/\/rozaria.pl\/blog\/wp-json\/wp\/v2\/categories?post=3903"},{"taxonomy":"post_tag","embeddable":true,"href":"https:\/\/rozaria.pl\/blog\/wp-json\/wp\/v2\/tags?post=3903"}],"curies":[{"name":"wp","href":"https:\/\/api.w.org\/{rel}","templated":true}]}}