{"id":3712,"date":"2019-01-06T17:59:49","date_gmt":"2019-01-06T16:59:49","guid":{"rendered":"https:\/\/rozaria.pl\/blog\/?p=3712"},"modified":"2019-01-08T20:17:23","modified_gmt":"2019-01-08T19:17:23","slug":"roze-doniczkowe-uprawa-od-a-do-z","status":"publish","type":"post","link":"https:\/\/rozaria.pl\/blog\/roze-doniczkowe-uprawa-od-a-do-z\/","title":{"rendered":"R\u00f3\u017ce doniczkowe \u2013 uprawa od A do Z"},"content":{"rendered":"<p style=\"text-align: justify\"><strong>Za oknami ci\u0105gle jeszcze \u00a0zima, dlatego mamy niepowtarzalna okazj\u0119, \u017ceby odpocz\u0105\u0107 od wyczerpuj\u0105cych prac ogrodowych i skupi\u0107 si\u0119 na tych r\u00f3\u017cach, kt\u00f3re mo\u017cemy trzyma\u0107 nawet we w\u0142asnym mieszkaniu. R\u00f3\u017ce doniczkowe odwiedzili\u015bmy po raz ostatni dobrych kilka lat temu, dlatego nadszed\u0142 najwy\u017cszy czas, \u017ceby przypomnie\u0107 sobie to i owo o ich uprawie i przy okazji przyozdobi\u0107 nieco nasze mieszkania.<\/strong><\/p>\n<p style=\"text-align: justify\"><strong>Ma\u0142e wielkie wyzwania<\/strong><\/p>\n<p style=\"text-align: justify\">Utrzymanie <strong>r\u00f3\u017c w doniczkach<\/strong> w dobrej kondycji to wbrew pozorom nie lada zadanie i niejednokrotnie wymaga od nas tyle samo uwagi, ile piel\u0119gnacja \u00a0krzew\u00f3w rosn\u0105cych w naszym ogrodzie. Chocia\u017c dla wielu do\u015bwiadczonych ogrodnik\u00f3w zauwa\u017cenie tego faktu nie jest \u017cadnym problemem, niewystarczaj\u0105ca ilo\u015b\u0107 uwagi po\u015bwi\u0119cana naszym ro\u015blinom doniczkowym to tak naprawd\u0119 jedna z g\u0142\u00f3wnych przyczyn usychania kwiat\u00f3w w domu.<\/p>\n<p style=\"text-align: justify\">Skoro ju\u017c zdecydowali\u015bmy si\u0119 po\u015bwi\u0119ca\u0107 naszym r\u00f3\u017com nale\u017cn\u0105 im uwag\u0119, nadszed\u0142 czas na prawdziwe wyzwania, kt\u00f3re nie powinny by\u0107 dla nas obce. Mowa tu o doborze odpowiedniego stanowiska, regularnym podlewaniu i nawo\u017ceniu oraz\u2026 zapewnieniu warunk\u00f3w do zimowania.<img loading=\"lazy\" decoding=\"async\" class=\"aligncenter wp-image-3717 \" title=\"uprawa r\u00f3\u017c doniczkowych\" src=\"http:\/\/rozaria.pl\/blog\/wp-content\/uploads\/2019\/01\/2019-1.jpg\" alt=\"uprawa r\u00f3\u017c doniczkowych\" width=\"938\" height=\"703\" srcset=\"https:\/\/rozaria.pl\/blog\/wp-content\/uploads\/2019\/01\/2019-1-150x113.jpg 150w, https:\/\/rozaria.pl\/blog\/wp-content\/uploads\/2019\/01\/2019-1-200x150.jpg 200w, https:\/\/rozaria.pl\/blog\/wp-content\/uploads\/2019\/01\/2019-1-300x225.jpg 300w, https:\/\/rozaria.pl\/blog\/wp-content\/uploads\/2019\/01\/2019-1-400x300.jpg 400w, https:\/\/rozaria.pl\/blog\/wp-content\/uploads\/2019\/01\/2019-1-600x450.jpg 600w, https:\/\/rozaria.pl\/blog\/wp-content\/uploads\/2019\/01\/2019-1-768x576.jpg 768w, https:\/\/rozaria.pl\/blog\/wp-content\/uploads\/2019\/01\/2019-1-800x600.jpg 800w, https:\/\/rozaria.pl\/blog\/wp-content\/uploads\/2019\/01\/2019-1-1024x768.jpg 1024w, https:\/\/rozaria.pl\/blog\/wp-content\/uploads\/2019\/01\/2019-1-1200x900.jpg 1200w, https:\/\/rozaria.pl\/blog\/wp-content\/uploads\/2019\/01\/2019-1.jpg 1280w\" sizes=\"(max-width: 938px) 100vw, 938px\" \/><\/p>\n<p style=\"text-align: justify\"><strong>Dobre stanowisko, czyli co i jak z t\u0105 doniczk\u0105<\/strong><\/p>\n<p style=\"text-align: justify\">Pierwsza decyzja, kt\u00f3rej dokonujemy po zakupie <strong><a href=\"https:\/\/rozaria.pl\/roze-doniczkowe\">r\u00f3\u017cy w doniczce<\/a><\/strong> dotyczy z regu\u0142y miejsca, w kt\u00f3rym powinni\u015bmy j\u0105 ustawi\u0107, jednak to nie od tego powinni\u015bmy zacz\u0105\u0107. Naszym pierwszym zadaniem powinno by\u0107 dobranie odpowiedniego rozmiaru doniczki oraz zapewnienie naszym r\u00f3\u017com w\u0142a\u015bciwego pod\u0142o\u017ca do dalszego rozwoju. Korzenie r\u00f3\u017c cz\u0119sto si\u0119gaj\u0105 zaskakuj\u0105co g\u0142\u0119boko , dlatego ju\u017c teraz powinni\u015bmy zapomnie\u0107 o pojemnikach ni\u017cszych, ni\u017c 40 \u2013 45 cm. Od tej regu\u0142y obowi\u0105zuj\u0105 oczywi\u015bcie wyj\u0105tki, jednak powinni\u015bmy zachowa\u0107 te wielko\u015bci z ty\u0142u g\u0142owy podczas przygotowywania miejsca na nasz\u0105 doniczk\u0119.<\/p>\n<p style=\"text-align: justify\">Poza dobraniem w\u0142a\u015bciwego pojemnika\u00a0 na r\u00f3\u017ce nie potrzebujemy \u00a0na szcz\u0119\u015bcie niczego specjalnego. Podobnie jak krzewy rosn\u0105ce w ogrodzie, r\u00f3\u017ce doniczkowe preferuj\u0105 gleb\u0119 bogat\u0105 w pr\u00f3chnic\u0119 i o dobrej przepuszczalno\u015bci wody, a do tego dobrze czuj\u0105 si\u0119 w jasnych, stosunkowo dobrze nas\u0142onecznionych pomieszczeniach. W tym ostatnim \u00a0niczym nie r\u00f3\u017cni\u0105 si\u0119 od swoich ogrodowych kole\u017canek, dlatego bez trudu powinni\u015bmy znale\u017a\u0107 dla nich w\u0142a\u015bciwe miejsce w domu.<\/p>\n<p style=\"text-align: justify\"><strong><img loading=\"lazy\" decoding=\"async\" class=\"alignleft wp-image-3719 \" title=\"piel\u0119gnacja r\u00f3\u017c w doniczkach\" src=\"http:\/\/rozaria.pl\/blog\/wp-content\/uploads\/2019\/01\/2019-2.jpg\" alt=\"piel\u0119gnacja r\u00f3\u017c w doniczkach\" width=\"493\" height=\"739\" srcset=\"https:\/\/rozaria.pl\/blog\/wp-content\/uploads\/2019\/01\/2019-2-100x150.jpg 100w, https:\/\/rozaria.pl\/blog\/wp-content\/uploads\/2019\/01\/2019-2-200x300.jpg 200w, https:\/\/rozaria.pl\/blog\/wp-content\/uploads\/2019\/01\/2019-2-400x600.jpg 400w, https:\/\/rozaria.pl\/blog\/wp-content\/uploads\/2019\/01\/2019-2-600x900.jpg 600w, https:\/\/rozaria.pl\/blog\/wp-content\/uploads\/2019\/01\/2019-2.jpg 683w\" sizes=\"(max-width: 493px) 100vw, 493px\" \/>Podlewanie i nawo\u017cenie<\/strong><\/p>\n<p style=\"text-align: justify\">Teraz kiedy ju\u017c posadzili\u015bmy nasze <strong>r\u00f3\u017ce w doniczce<\/strong> przyszed\u0142 czas na najwa\u017cniejsze, czyli techniki piel\u0119gnacji. Podobnie jak r\u00f3\u017ce ogrodowe, r\u00f3\u017ce doniczkowe tak\u017ce doceni\u0105 cz\u0119ste i jednocze\u015bnie umiarkowanie obfite podlewanie (pami\u0119tajmy o drena\u017cu w doniczce), jednak s\u0105 od niego o wiele bardziej uzale\u017cnione z uwagi na brak jakiejkolwiek wody deszczowej. Z tego powodu nasze doniczkowe uprawy powinni\u015bmy podlewa\u0107 co najmniej raz w tygodniu, aby nie dopu\u015bci\u0107 do ich uschni\u0119cia.<\/p>\n<p style=\"text-align: justify\">W przeciwie\u0144stwie do ziemi ogrodowej ta w doniczce jest te\u017c o wiele bardziej podatna na wyja\u0142owienie, dlatego niezb\u0119dne jest stosowanie nawoz\u00f3w oraz co jaki\u015b czas wymienianie ziemi na now\u0105. Chocia\u017c nawozy zdecydowanie wyd\u0142u\u017c\u0105 \u201e\u017cywotno\u015b\u0107\u201d gleby w pojemniku, powinni\u015bmy pami\u0119ta\u0107 o wymianie ziemi co najmniej raz na 3 \u2013 5 lat (zale\u017cnie od rozmiaru doniczki).<\/p>\n<p style=\"text-align: justify\"><strong>Zimowanie<\/strong><\/p>\n<p style=\"text-align: justify\">Dochodzimy wreszcie do najwa\u017cniejszego punktu, kt\u00f3ry zgubi\u0142 ju\u017c wielu ogrodnik\u00f3w, czyli zimowania. Wbrew pozorom r\u00f3\u017ce rosn\u0105ce w domu tak\u017ce musz\u0105 zimowa\u0107 i od temperatury pomieszczenia, w kt\u00f3rym je trzymamy w du\u017cej mierze zale\u017cy ich dalszy rozw\u00f3j.<\/p>\n<p style=\"text-align: justify\">Podczas kiedy od wiosny do jesieni mo\u017cemy trzyma\u0107 je w temperaturze pokojowej (ok. 20 stopni Celsjusza), kiedy zaczn\u0105 gubi\u0107 li\u015bcie powinni\u015bmy przenie\u015b\u0107 je do innego, ch\u0142odniejszego pomieszczenia, w kt\u00f3rym b\u0119d\u0105 mog\u0142y spokojnie przezimowa\u0107. W tym okresie <strong>r\u00f3\u017ce w doniczkach<\/strong> b\u0119d\u0105 potrzebowa\u0142y przede wszystkim schronienia od mrozu, niskiej temperatury (od ok. 5 do 15 stopni Celsjusza) i oczywi\u015bcie \u015bwiat\u0142a. Je\u017celi nie mamy takiego miejsca w mieszkaniu pozostaje nam przesadzi\u0107 je do ogrodu i zabezpieczy\u0107 tak, jak pozosta\u0142e r\u00f3\u017ce.<\/p>\n<p style=\"text-align: justify\"><strong>Co si\u0119 sta\u0142o z przycinaniem?<\/strong><\/p>\n<p style=\"text-align: justify\">Jak pewnie zauwa\u017cyli\u015bcie, przez ca\u0142y ten czas nie wspomnieli\u015bmy ani s\u0142owem o przycinaniu. Zabieg ten zostawili\u015bmy na koniec, poniewa\u017c jest on prawie ca\u0142kowicie uzale\u017cniony od tego, z jak\u0105 odmian\u0105 mamy do czynienia. Opr\u00f3cz tradycyjnego wiosennego usuwania zmarzni\u0119tych, chorych i obumar\u0142ych p\u0119d\u00f3w mo\u017cemy pokusi\u0107 si\u0119 te\u017c o usuwanie przekwit\u0142ych kwiat\u00f3w (w przypadku r\u00f3\u017c powtarzaj\u0105cych kwitnienie) lub nawet przyci\u0119cie ca\u0142ego krzewu, je\u015bli \u201ewyrwie nam si\u0119 spod kontroli\u201d.<\/p>\n<p><img loading=\"lazy\" decoding=\"async\" class=\"aligncenter wp-image-3715 \" style=\"text-align: justify\" title=\"zimowanie r\u00f3\u017c w doniczce\" src=\"http:\/\/rozaria.pl\/blog\/wp-content\/uploads\/2019\/01\/2019-3.jpg\" alt=\"zimowanie r\u00f3\u017c w doniczce\" width=\"874\" height=\"655\" srcset=\"https:\/\/rozaria.pl\/blog\/wp-content\/uploads\/2019\/01\/2019-3-150x113.jpg 150w, https:\/\/rozaria.pl\/blog\/wp-content\/uploads\/2019\/01\/2019-3-200x150.jpg 200w, https:\/\/rozaria.pl\/blog\/wp-content\/uploads\/2019\/01\/2019-3-300x225.jpg 300w, https:\/\/rozaria.pl\/blog\/wp-content\/uploads\/2019\/01\/2019-3-400x300.jpg 400w, https:\/\/rozaria.pl\/blog\/wp-content\/uploads\/2019\/01\/2019-3-600x450.jpg 600w, https:\/\/rozaria.pl\/blog\/wp-content\/uploads\/2019\/01\/2019-3-768x576.jpg 768w, https:\/\/rozaria.pl\/blog\/wp-content\/uploads\/2019\/01\/2019-3-800x600.jpg 800w, https:\/\/rozaria.pl\/blog\/wp-content\/uploads\/2019\/01\/2019-3-1024x768.jpg 1024w, https:\/\/rozaria.pl\/blog\/wp-content\/uploads\/2019\/01\/2019-3-1200x900.jpg 1200w, https:\/\/rozaria.pl\/blog\/wp-content\/uploads\/2019\/01\/2019-3.jpg 1280w\" sizes=\"(max-width: 874px) 100vw, 874px\" \/><\/p>\n","protected":false},"excerpt":{"rendered":"<p>Za oknami ci\u0105gle jeszcze \u00a0zima, dlatego mamy niepowtarzalna okazj\u0119, \u017ceby odpocz\u0105\u0107 od wyczerpuj\u0105cych prac ogrodowych i skupi\u0107 si\u0119 na tych r\u00f3\u017cach, kt\u00f3re mo\u017cemy trzyma\u0107 nawet we w\u0142asnym mieszkaniu. R\u00f3\u017ce doniczkowe odwiedzili\u015bmy po raz ostatni dobrych kilka lat temu, dlatego nadszed\u0142 [&hellip;]<\/p>\n","protected":false},"author":11,"featured_media":3716,"comment_status":"open","ping_status":"open","sticky":false,"template":"","format":"standard","meta":{"_mi_skip_tracking":false,"_monsterinsights_sitenote_active":false,"_monsterinsights_sitenote_note":"","_monsterinsights_sitenote_category":0,"footnotes":""},"categories":[7],"tags":[27,37,49,29,30,15,2,10,108],"yoast_head":"<!-- This site is optimized with the Yoast SEO plugin v23.5 - https:\/\/yoast.com\/wordpress\/plugins\/seo\/ -->\n<title>R\u00f3\u017ce doniczkowe \u2013 uprawa od A do Z - blog Rozaria.pl<\/title>\n<meta name=\"robots\" content=\"index, follow, max-snippet:-1, max-image-preview:large, max-video-preview:-1\" \/>\n<link rel=\"canonical\" href=\"https:\/\/rozaria.pl\/blog\/roze-doniczkowe-uprawa-od-a-do-z\/\" \/>\n<meta property=\"og:locale\" content=\"pl_PL\" \/>\n<meta property=\"og:type\" content=\"article\" \/>\n<meta property=\"og:title\" content=\"R\u00f3\u017ce doniczkowe \u2013 uprawa od A do Z - blog Rozaria.pl\" \/>\n<meta property=\"og:description\" content=\"Za oknami ci\u0105gle jeszcze \u00a0zima, dlatego mamy niepowtarzalna okazj\u0119, \u017ceby odpocz\u0105\u0107 od wyczerpuj\u0105cych prac ogrodowych i skupi\u0107 si\u0119 na tych r\u00f3\u017cach, kt\u00f3re mo\u017cemy trzyma\u0107 nawet we w\u0142asnym mieszkaniu. R\u00f3\u017ce doniczkowe odwiedzili\u015bmy po raz ostatni dobrych kilka lat temu, dlatego nadszed\u0142 [&hellip;]\" \/>\n<meta property=\"og:url\" content=\"https:\/\/rozaria.pl\/blog\/roze-doniczkowe-uprawa-od-a-do-z\/\" \/>\n<meta property=\"og:site_name\" content=\"blog Rozaria.pl\" \/>\n<meta property=\"article:publisher\" content=\"https:\/\/www.facebook.com\/SzkolkaRozRozaria\/\" \/>\n<meta property=\"article:published_time\" content=\"2019-01-06T16:59:49+00:00\" \/>\n<meta property=\"article:modified_time\" content=\"2019-01-08T19:17:23+00:00\" \/>\n<meta property=\"og:image\" content=\"https:\/\/rozaria.pl\/blog\/wp-content\/uploads\/2019\/01\/2019-wyr.jpg\" \/>\n\t<meta property=\"og:image:width\" content=\"900\" \/>\n\t<meta property=\"og:image:height\" content=\"675\" \/>\n\t<meta property=\"og:image:type\" content=\"image\/jpeg\" \/>\n<meta name=\"author\" content=\"Rozaria.pl\" \/>\n<meta name=\"twitter:card\" content=\"summary_large_image\" \/>\n<meta name=\"twitter:creator\" content=\"@SzkolkaRozaria\" \/>\n<meta name=\"twitter:site\" content=\"@SzkolkaRozaria\" \/>\n<meta name=\"twitter:label1\" content=\"Napisane przez\" \/>\n\t<meta name=\"twitter:data1\" content=\"Rozaria.pl\" \/>\n\t<meta name=\"twitter:label2\" content=\"Szacowany czas czytania\" \/>\n\t<meta name=\"twitter:data2\" content=\"4 minuty\" \/>\n<script type=\"application\/ld+json\" class=\"yoast-schema-graph\">{\"@context\":\"https:\/\/schema.org\",\"@graph\":[{\"@type\":\"Article\",\"@id\":\"https:\/\/rozaria.pl\/blog\/roze-doniczkowe-uprawa-od-a-do-z\/#article\",\"isPartOf\":{\"@id\":\"https:\/\/rozaria.pl\/blog\/roze-doniczkowe-uprawa-od-a-do-z\/\"},\"author\":{\"name\":\"Rozaria.pl\",\"@id\":\"https:\/\/rozaria.pl\/blog\/#\/schema\/person\/e0b63ce2682f026a88828a7772e9ac22\"},\"headline\":\"R\u00f3\u017ce doniczkowe \u2013 uprawa od A do Z\",\"datePublished\":\"2019-01-06T16:59:49+00:00\",\"dateModified\":\"2019-01-08T19:17:23+00:00\",\"mainEntityOfPage\":{\"@id\":\"https:\/\/rozaria.pl\/blog\/roze-doniczkowe-uprawa-od-a-do-z\/\"},\"wordCount\":758,\"commentCount\":0,\"publisher\":{\"@id\":\"https:\/\/rozaria.pl\/blog\/#organization\"},\"image\":{\"@id\":\"https:\/\/rozaria.pl\/blog\/roze-doniczkowe-uprawa-od-a-do-z\/#primaryimage\"},\"thumbnailUrl\":\"https:\/\/rozaria.pl\/blog\/wp-content\/uploads\/2019\/01\/2019-wyr.jpg\",\"keywords\":[\"jak pielegnowa\u0107 r\u00f3\u017ce\",\"piel\u0119gnacja r\u00f3\u017c\",\"r\u00f3\u017ce\",\"r\u00f3\u017ce doniczkowe\",\"r\u00f3\u017ce doniczkowe pielegnacja\",\"r\u00f3\u017ce hodowla\",\"r\u00f3\u017ce piel\u0119gnacja\",\"r\u00f3\u017ce uprawa\",\"r\u00f3\u017ce w doniczkach\"],\"articleSection\":[\"Uprawa\"],\"inLanguage\":\"pl-PL\",\"potentialAction\":[{\"@type\":\"CommentAction\",\"name\":\"Comment\",\"target\":[\"https:\/\/rozaria.pl\/blog\/roze-doniczkowe-uprawa-od-a-do-z\/#respond\"]}]},{\"@type\":\"WebPage\",\"@id\":\"https:\/\/rozaria.pl\/blog\/roze-doniczkowe-uprawa-od-a-do-z\/\",\"url\":\"https:\/\/rozaria.pl\/blog\/roze-doniczkowe-uprawa-od-a-do-z\/\",\"name\":\"R\u00f3\u017ce doniczkowe \u2013 uprawa od A do Z - blog Rozaria.pl\",\"isPartOf\":{\"@id\":\"https:\/\/rozaria.pl\/blog\/#website\"},\"primaryImageOfPage\":{\"@id\":\"https:\/\/rozaria.pl\/blog\/roze-doniczkowe-uprawa-od-a-do-z\/#primaryimage\"},\"image\":{\"@id\":\"https:\/\/rozaria.pl\/blog\/roze-doniczkowe-uprawa-od-a-do-z\/#primaryimage\"},\"thumbnailUrl\":\"https:\/\/rozaria.pl\/blog\/wp-content\/uploads\/2019\/01\/2019-wyr.jpg\",\"datePublished\":\"2019-01-06T16:59:49+00:00\",\"dateModified\":\"2019-01-08T19:17:23+00:00\",\"breadcrumb\":{\"@id\":\"https:\/\/rozaria.pl\/blog\/roze-doniczkowe-uprawa-od-a-do-z\/#breadcrumb\"},\"inLanguage\":\"pl-PL\",\"potentialAction\":[{\"@type\":\"ReadAction\",\"target\":[\"https:\/\/rozaria.pl\/blog\/roze-doniczkowe-uprawa-od-a-do-z\/\"]}]},{\"@type\":\"ImageObject\",\"inLanguage\":\"pl-PL\",\"@id\":\"https:\/\/rozaria.pl\/blog\/roze-doniczkowe-uprawa-od-a-do-z\/#primaryimage\",\"url\":\"https:\/\/rozaria.pl\/blog\/wp-content\/uploads\/2019\/01\/2019-wyr.jpg\",\"contentUrl\":\"https:\/\/rozaria.pl\/blog\/wp-content\/uploads\/2019\/01\/2019-wyr.jpg\",\"width\":900,\"height\":675,\"caption\":\"uprawa r\u00f3\u017c w doniczkach\"},{\"@type\":\"BreadcrumbList\",\"@id\":\"https:\/\/rozaria.pl\/blog\/roze-doniczkowe-uprawa-od-a-do-z\/#breadcrumb\",\"itemListElement\":[{\"@type\":\"ListItem\",\"position\":1,\"name\":\"Strona g\u0142\u00f3wna\",\"item\":\"https:\/\/rozaria.pl\/blog\/\"},{\"@type\":\"ListItem\",\"position\":2,\"name\":\"R\u00f3\u017ce doniczkowe \u2013 uprawa od A do Z\"}]},{\"@type\":\"WebSite\",\"@id\":\"https:\/\/rozaria.pl\/blog\/#website\",\"url\":\"https:\/\/rozaria.pl\/blog\/\",\"name\":\"blog Rozaria.pl\",\"description\":\"Porozmawiajmy o r\u00f3\u017cach, o wszystkich sprawach\",\"publisher\":{\"@id\":\"https:\/\/rozaria.pl\/blog\/#organization\"},\"potentialAction\":[{\"@type\":\"SearchAction\",\"target\":{\"@type\":\"EntryPoint\",\"urlTemplate\":\"https:\/\/rozaria.pl\/blog\/?s={search_term_string}\"},\"query-input\":{\"@type\":\"PropertyValueSpecification\",\"valueRequired\":true,\"valueName\":\"search_term_string\"}}],\"inLanguage\":\"pl-PL\"},{\"@type\":\"Organization\",\"@id\":\"https:\/\/rozaria.pl\/blog\/#organization\",\"name\":\"Szk\u00f3\u0142ka R\u00f3\u017c Rozaria\",\"url\":\"https:\/\/rozaria.pl\/blog\/\",\"logo\":{\"@type\":\"ImageObject\",\"inLanguage\":\"pl-PL\",\"@id\":\"https:\/\/rozaria.pl\/blog\/#\/schema\/logo\/image\/\",\"url\":\"https:\/\/rozaria.pl\/blog\/wp-content\/uploads\/2016\/12\/logo_dla-rozaria.png\",\"contentUrl\":\"https:\/\/rozaria.pl\/blog\/wp-content\/uploads\/2016\/12\/logo_dla-rozaria.png\",\"width\":400,\"height\":166,\"caption\":\"Szk\u00f3\u0142ka R\u00f3\u017c Rozaria\"},\"image\":{\"@id\":\"https:\/\/rozaria.pl\/blog\/#\/schema\/logo\/image\/\"},\"sameAs\":[\"https:\/\/www.facebook.com\/SzkolkaRozRozaria\/\",\"https:\/\/x.com\/SzkolkaRozaria\",\"https:\/\/www.youtube.com\/channel\/UCguKKBc7F06eYM1tzYx1Z5A\"]},{\"@type\":\"Person\",\"@id\":\"https:\/\/rozaria.pl\/blog\/#\/schema\/person\/e0b63ce2682f026a88828a7772e9ac22\",\"name\":\"Rozaria.pl\",\"image\":{\"@type\":\"ImageObject\",\"inLanguage\":\"pl-PL\",\"@id\":\"https:\/\/rozaria.pl\/blog\/#\/schema\/person\/image\/\",\"url\":\"https:\/\/secure.gravatar.com\/avatar\/a617f0796bdf5b31b93d812b41809f25?s=96&d=mm&r=g\",\"contentUrl\":\"https:\/\/secure.gravatar.com\/avatar\/a617f0796bdf5b31b93d812b41809f25?s=96&d=mm&r=g\",\"caption\":\"Rozaria.pl\"},\"url\":\"https:\/\/rozaria.pl\/blog\/author\/pp\/\"}]}<\/script>\n<!-- \/ Yoast SEO plugin. -->","yoast_head_json":{"title":"R\u00f3\u017ce doniczkowe \u2013 uprawa od A do Z - blog Rozaria.pl","robots":{"index":"index","follow":"follow","max-snippet":"max-snippet:-1","max-image-preview":"max-image-preview:large","max-video-preview":"max-video-preview:-1"},"canonical":"https:\/\/rozaria.pl\/blog\/roze-doniczkowe-uprawa-od-a-do-z\/","og_locale":"pl_PL","og_type":"article","og_title":"R\u00f3\u017ce doniczkowe \u2013 uprawa od A do Z - blog Rozaria.pl","og_description":"Za oknami ci\u0105gle jeszcze \u00a0zima, dlatego mamy niepowtarzalna okazj\u0119, \u017ceby odpocz\u0105\u0107 od wyczerpuj\u0105cych prac ogrodowych i skupi\u0107 si\u0119 na tych r\u00f3\u017cach, kt\u00f3re mo\u017cemy trzyma\u0107 nawet we w\u0142asnym mieszkaniu. R\u00f3\u017ce doniczkowe odwiedzili\u015bmy po raz ostatni dobrych kilka lat temu, dlatego nadszed\u0142 [&hellip;]","og_url":"https:\/\/rozaria.pl\/blog\/roze-doniczkowe-uprawa-od-a-do-z\/","og_site_name":"blog Rozaria.pl","article_publisher":"https:\/\/www.facebook.com\/SzkolkaRozRozaria\/","article_published_time":"2019-01-06T16:59:49+00:00","article_modified_time":"2019-01-08T19:17:23+00:00","og_image":[{"width":900,"height":675,"url":"https:\/\/rozaria.pl\/blog\/wp-content\/uploads\/2019\/01\/2019-wyr.jpg","type":"image\/jpeg"}],"author":"Rozaria.pl","twitter_card":"summary_large_image","twitter_creator":"@SzkolkaRozaria","twitter_site":"@SzkolkaRozaria","twitter_misc":{"Napisane przez":"Rozaria.pl","Szacowany czas czytania":"4 minuty"},"schema":{"@context":"https:\/\/schema.org","@graph":[{"@type":"Article","@id":"https:\/\/rozaria.pl\/blog\/roze-doniczkowe-uprawa-od-a-do-z\/#article","isPartOf":{"@id":"https:\/\/rozaria.pl\/blog\/roze-doniczkowe-uprawa-od-a-do-z\/"},"author":{"name":"Rozaria.pl","@id":"https:\/\/rozaria.pl\/blog\/#\/schema\/person\/e0b63ce2682f026a88828a7772e9ac22"},"headline":"R\u00f3\u017ce doniczkowe \u2013 uprawa od A do Z","datePublished":"2019-01-06T16:59:49+00:00","dateModified":"2019-01-08T19:17:23+00:00","mainEntityOfPage":{"@id":"https:\/\/rozaria.pl\/blog\/roze-doniczkowe-uprawa-od-a-do-z\/"},"wordCount":758,"commentCount":0,"publisher":{"@id":"https:\/\/rozaria.pl\/blog\/#organization"},"image":{"@id":"https:\/\/rozaria.pl\/blog\/roze-doniczkowe-uprawa-od-a-do-z\/#primaryimage"},"thumbnailUrl":"https:\/\/rozaria.pl\/blog\/wp-content\/uploads\/2019\/01\/2019-wyr.jpg","keywords":["jak pielegnowa\u0107 r\u00f3\u017ce","piel\u0119gnacja r\u00f3\u017c","r\u00f3\u017ce","r\u00f3\u017ce doniczkowe","r\u00f3\u017ce doniczkowe pielegnacja","r\u00f3\u017ce hodowla","r\u00f3\u017ce piel\u0119gnacja","r\u00f3\u017ce uprawa","r\u00f3\u017ce w doniczkach"],"articleSection":["Uprawa"],"inLanguage":"pl-PL","potentialAction":[{"@type":"CommentAction","name":"Comment","target":["https:\/\/rozaria.pl\/blog\/roze-doniczkowe-uprawa-od-a-do-z\/#respond"]}]},{"@type":"WebPage","@id":"https:\/\/rozaria.pl\/blog\/roze-doniczkowe-uprawa-od-a-do-z\/","url":"https:\/\/rozaria.pl\/blog\/roze-doniczkowe-uprawa-od-a-do-z\/","name":"R\u00f3\u017ce doniczkowe \u2013 uprawa od A do Z - blog Rozaria.pl","isPartOf":{"@id":"https:\/\/rozaria.pl\/blog\/#website"},"primaryImageOfPage":{"@id":"https:\/\/rozaria.pl\/blog\/roze-doniczkowe-uprawa-od-a-do-z\/#primaryimage"},"image":{"@id":"https:\/\/rozaria.pl\/blog\/roze-doniczkowe-uprawa-od-a-do-z\/#primaryimage"},"thumbnailUrl":"https:\/\/rozaria.pl\/blog\/wp-content\/uploads\/2019\/01\/2019-wyr.jpg","datePublished":"2019-01-06T16:59:49+00:00","dateModified":"2019-01-08T19:17:23+00:00","breadcrumb":{"@id":"https:\/\/rozaria.pl\/blog\/roze-doniczkowe-uprawa-od-a-do-z\/#breadcrumb"},"inLanguage":"pl-PL","potentialAction":[{"@type":"ReadAction","target":["https:\/\/rozaria.pl\/blog\/roze-doniczkowe-uprawa-od-a-do-z\/"]}]},{"@type":"ImageObject","inLanguage":"pl-PL","@id":"https:\/\/rozaria.pl\/blog\/roze-doniczkowe-uprawa-od-a-do-z\/#primaryimage","url":"https:\/\/rozaria.pl\/blog\/wp-content\/uploads\/2019\/01\/2019-wyr.jpg","contentUrl":"https:\/\/rozaria.pl\/blog\/wp-content\/uploads\/2019\/01\/2019-wyr.jpg","width":900,"height":675,"caption":"uprawa r\u00f3\u017c w doniczkach"},{"@type":"BreadcrumbList","@id":"https:\/\/rozaria.pl\/blog\/roze-doniczkowe-uprawa-od-a-do-z\/#breadcrumb","itemListElement":[{"@type":"ListItem","position":1,"name":"Strona g\u0142\u00f3wna","item":"https:\/\/rozaria.pl\/blog\/"},{"@type":"ListItem","position":2,"name":"R\u00f3\u017ce doniczkowe \u2013 uprawa od A do Z"}]},{"@type":"WebSite","@id":"https:\/\/rozaria.pl\/blog\/#website","url":"https:\/\/rozaria.pl\/blog\/","name":"blog Rozaria.pl","description":"Porozmawiajmy o r\u00f3\u017cach, o wszystkich sprawach","publisher":{"@id":"https:\/\/rozaria.pl\/blog\/#organization"},"potentialAction":[{"@type":"SearchAction","target":{"@type":"EntryPoint","urlTemplate":"https:\/\/rozaria.pl\/blog\/?s={search_term_string}"},"query-input":{"@type":"PropertyValueSpecification","valueRequired":true,"valueName":"search_term_string"}}],"inLanguage":"pl-PL"},{"@type":"Organization","@id":"https:\/\/rozaria.pl\/blog\/#organization","name":"Szk\u00f3\u0142ka R\u00f3\u017c Rozaria","url":"https:\/\/rozaria.pl\/blog\/","logo":{"@type":"ImageObject","inLanguage":"pl-PL","@id":"https:\/\/rozaria.pl\/blog\/#\/schema\/logo\/image\/","url":"https:\/\/rozaria.pl\/blog\/wp-content\/uploads\/2016\/12\/logo_dla-rozaria.png","contentUrl":"https:\/\/rozaria.pl\/blog\/wp-content\/uploads\/2016\/12\/logo_dla-rozaria.png","width":400,"height":166,"caption":"Szk\u00f3\u0142ka R\u00f3\u017c Rozaria"},"image":{"@id":"https:\/\/rozaria.pl\/blog\/#\/schema\/logo\/image\/"},"sameAs":["https:\/\/www.facebook.com\/SzkolkaRozRozaria\/","https:\/\/x.com\/SzkolkaRozaria","https:\/\/www.youtube.com\/channel\/UCguKKBc7F06eYM1tzYx1Z5A"]},{"@type":"Person","@id":"https:\/\/rozaria.pl\/blog\/#\/schema\/person\/e0b63ce2682f026a88828a7772e9ac22","name":"Rozaria.pl","image":{"@type":"ImageObject","inLanguage":"pl-PL","@id":"https:\/\/rozaria.pl\/blog\/#\/schema\/person\/image\/","url":"https:\/\/secure.gravatar.com\/avatar\/a617f0796bdf5b31b93d812b41809f25?s=96&d=mm&r=g","contentUrl":"https:\/\/secure.gravatar.com\/avatar\/a617f0796bdf5b31b93d812b41809f25?s=96&d=mm&r=g","caption":"Rozaria.pl"},"url":"https:\/\/rozaria.pl\/blog\/author\/pp\/"}]}},"_links":{"self":[{"href":"https:\/\/rozaria.pl\/blog\/wp-json\/wp\/v2\/posts\/3712"}],"collection":[{"href":"https:\/\/rozaria.pl\/blog\/wp-json\/wp\/v2\/posts"}],"about":[{"href":"https:\/\/rozaria.pl\/blog\/wp-json\/wp\/v2\/types\/post"}],"author":[{"embeddable":true,"href":"https:\/\/rozaria.pl\/blog\/wp-json\/wp\/v2\/users\/11"}],"replies":[{"embeddable":true,"href":"https:\/\/rozaria.pl\/blog\/wp-json\/wp\/v2\/comments?post=3712"}],"version-history":[{"count":15,"href":"https:\/\/rozaria.pl\/blog\/wp-json\/wp\/v2\/posts\/3712\/revisions"}],"predecessor-version":[{"id":3732,"href":"https:\/\/rozaria.pl\/blog\/wp-json\/wp\/v2\/posts\/3712\/revisions\/3732"}],"wp:featuredmedia":[{"embeddable":true,"href":"https:\/\/rozaria.pl\/blog\/wp-json\/wp\/v2\/media\/3716"}],"wp:attachment":[{"href":"https:\/\/rozaria.pl\/blog\/wp-json\/wp\/v2\/media?parent=3712"}],"wp:term":[{"taxonomy":"category","embeddable":true,"href":"https:\/\/rozaria.pl\/blog\/wp-json\/wp\/v2\/categories?post=3712"},{"taxonomy":"post_tag","embeddable":true,"href":"https:\/\/rozaria.pl\/blog\/wp-json\/wp\/v2\/tags?post=3712"}],"curies":[{"name":"wp","href":"https:\/\/api.w.org\/{rel}","templated":true}]}}