{"id":279,"date":"2013-06-27T08:06:42","date_gmt":"2013-06-27T06:06:42","guid":{"rendered":"http:\/\/rozaria.pl\/blog\/?p=279"},"modified":"2024-05-21T13:05:55","modified_gmt":"2024-05-21T11:05:55","slug":"choroby-roz-czarna-plamistosc","status":"publish","type":"post","link":"https:\/\/rozaria.pl\/blog\/choroby-roz-czarna-plamistosc\/","title":{"rendered":"Czarna Plamisto\u015b\u0107 &#8211; najgro\u017aniejsza choroba r\u00f3\u017c"},"content":{"rendered":"<h2 style=\"text-align: justify;\"><a href=\"http:\/\/rozaria.pl\/blog\/wp-content\/uploads\/2013\/06\/czarna-plamisto\u015b\u0107-r\u00f3\u017cy-1.jpg\"><img loading=\"lazy\" decoding=\"async\" class=\"size-medium wp-image-287 alignleft\" style=\"border: 2px solid black;\" src=\"http:\/\/rozaria.pl\/blog\/wp-content\/uploads\/2013\/06\/czarna-plamisto\u015b\u0107-r\u00f3\u017cy-1-300x225.jpg\" alt=\"roze choroby - czarna plamisto\u015b\u0107 r\u00f3\u017cy\" width=\"300\" height=\"225\" srcset=\"https:\/\/rozaria.pl\/blog\/wp-content\/uploads\/2013\/06\/czarna-plamisto\u015b\u0107-r\u00f3\u017cy-1-150x112.jpg 150w, https:\/\/rozaria.pl\/blog\/wp-content\/uploads\/2013\/06\/czarna-plamisto\u015b\u0107-r\u00f3\u017cy-1-200x150.jpg 200w, https:\/\/rozaria.pl\/blog\/wp-content\/uploads\/2013\/06\/czarna-plamisto\u015b\u0107-r\u00f3\u017cy-1-300x225.jpg 300w, https:\/\/rozaria.pl\/blog\/wp-content\/uploads\/2013\/06\/czarna-plamisto\u015b\u0107-r\u00f3\u017cy-1.jpg 800w\" sizes=\"(max-width: 300px) 100vw, 300px\" \/><\/a><\/h2>\n<h2>Jak Zwalcza\u0107 Czarn\u0105 Plamisto\u015b\u0107 R\u00f3\u017c: Skuteczne Metody i Porady<\/h2>\n<p style=\"text-align: justify;\">Dowiedz si\u0119, jak skutecznie zwalcza\u0107 czarn\u0105 plamisto\u015b\u0107 r\u00f3\u017c. Odkryj metody ochrony i piel\u0119gnacji, aby utrzyma\u0107 zdrowe ro\u015bliny.<\/p>\n<p style=\"text-align: justify;\">W tym wpisie dowiesz si\u0119, jak rozpoznawa\u0107 objawy, jakie s\u0105 najlepsze metody zwalczania oraz jak zapobiega\u0107 nawrotom choroby. Przeczytaj nasz poradnik i zadbaj o zdrowie swoich r\u00f3\u017c!<\/p>\n<p>&nbsp;<\/p>\n<h2>Czym jest czarna plamisto\u015b\u0107 r\u00f3\u017c<\/h2>\n<p style=\"text-align: justify;\">Czarna plamisto\u015b\u0107 <i>(Marssonina rosae)<\/i> od dawna uznawana jest za najgro\u017aniejsz\u0105 chorob\u0119 r\u00f3\u017c, zw\u0142aszcza wielkokwiatowych. W przeciwie\u0144stwie do m\u0105czniaka w\u0142a\u015bciwego, kt\u00f3ry atakuje najpierw m\u0142ode li\u015bcie, p\u0119dy i p\u0105ki, czarna plamisto\u015b\u0107 pora\u017ca zazwyczaj w pierwszej kolejno\u015bci najstarsze li\u015bcie, u podstawy krzewu. Zarodniki grzyba dostaj\u0105 si\u0119 na nie od do\u0142u, odbite od ziemi podczas deszczu lub podlewania. O uci\u0105\u017cliwo\u015bci tej choroby \u015bwiadczy fakt, \u017ce sta\u0142a si\u0119 nawet powodem zmiany kierunku w hodowli nowych odmian r\u00f3\u017c. Odst\u0105piono bowiem od u\u017cywania w krzy\u017c\u00f3wkach miesza\u0144c\u00f3w r\u00f3\u017cy \u017c\u00f3\u0142tej (R. foetida Herrm.) ze wzgl\u0119du na ich podatno\u015b\u0107 na t\u0119 chorob\u0119.<\/p>\n<h3 style=\"padding-left: 30px;\"><strong><em><a href=\"http:\/\/rozaria.pl\/blog\/wp-content\/uploads\/2013\/06\/czarna-plamisto\u015b\u0107-r\u00f3\u017cy-4.jpg\"><img loading=\"lazy\" decoding=\"async\" class=\"alignright wp-image-290\" style=\"border: 2px solid black;\" src=\"http:\/\/rozaria.pl\/blog\/wp-content\/uploads\/2013\/06\/czarna-plamisto\u015b\u0107-r\u00f3\u017cy-4-300x225.jpg\" alt=\"roze choroby - czarna plamisto\u015b\u0107 r\u00f3\u017cy\" width=\"200\" height=\"150\" srcset=\"https:\/\/rozaria.pl\/blog\/wp-content\/uploads\/2013\/06\/czarna-plamisto\u015b\u0107-r\u00f3\u017cy-4-150x112.jpg 150w, https:\/\/rozaria.pl\/blog\/wp-content\/uploads\/2013\/06\/czarna-plamisto\u015b\u0107-r\u00f3\u017cy-4-200x150.jpg 200w, https:\/\/rozaria.pl\/blog\/wp-content\/uploads\/2013\/06\/czarna-plamisto\u015b\u0107-r\u00f3\u017cy-4-300x225.jpg 300w, https:\/\/rozaria.pl\/blog\/wp-content\/uploads\/2013\/06\/czarna-plamisto\u015b\u0107-r\u00f3\u017cy-4.jpg 800w\" sizes=\"(max-width: 200px) 100vw, 200px\" \/><\/a>Objawy<\/em><\/strong><\/h3>\n<p style=\"text-align: justify; padding-left: 30px;\">Na g\u00f3rnej stronie li\u015bci pojawiaj\u0105 si\u0119 pojedyncze czerwonobrunatne, o nieregularnych brzegach plamy, z czasem czerniej\u0105ce i zlewaj\u0105ce si\u0119 ze sob\u0105. Przy silnym pora\u017ceniu li\u015bcie \u00a0stopniowo \u017c\u00f3\u0142kn\u0105 i opadaj\u0105 (st\u0105d potoczna nazwa &#8211; opadzina). Powstrzymany jest wi\u0119c wzrost nowych p\u0119d\u00f3w jak i ca\u0142ej ro\u015bliny oraz na czym nam szczeg\u00f3lnie zale\u017cy &#8211; kwitnienie. Pora\u017cone p\u0119dy nie dojrzewaj\u0105 przed zim\u0105 i mog\u0105 by\u0107 uszkadzane przez mr\u00f3z nawet pod dobrym okryciem. \u00a0Wyst\u0119powaniu choroby sprzyja d\u0142ugotrwa\u0142a deszczowa pogoda, niew\u0142a\u015bciwe podlewanie z g\u00f3ry po li\u015bciach, pozostawianie na zim\u0119 niewygrabionych opad\u0142ych li\u015bci i p\u0119d\u00f3w po ci\u0119ciu, zbyt g\u0119ste nasadzenia, brak sk\u0142adnik\u00f3w pokarmowych w glebie.<\/p>\n<p><a href=\"http:\/\/rozaria.pl\/blog\/wp-content\/uploads\/2013\/06\/czarna-plamisto\u015b\u0107-r\u00f3\u017cy-7.jpg\"><img loading=\"lazy\" decoding=\"async\" class=\" wp-image-293 alignleft\" style=\"border: 2px solid black;\" src=\"http:\/\/rozaria.pl\/blog\/wp-content\/uploads\/2013\/06\/czarna-plamisto\u015b\u0107-r\u00f3\u017cy-7-300x225.jpg\" alt=\"objawy - czarna plamisto\u015b\u0107 r\u00f3\u017cy\" width=\"200\" height=\"150\" srcset=\"https:\/\/rozaria.pl\/blog\/wp-content\/uploads\/2013\/06\/czarna-plamisto\u015b\u0107-r\u00f3\u017cy-7-150x112.jpg 150w, https:\/\/rozaria.pl\/blog\/wp-content\/uploads\/2013\/06\/czarna-plamisto\u015b\u0107-r\u00f3\u017cy-7-200x150.jpg 200w, https:\/\/rozaria.pl\/blog\/wp-content\/uploads\/2013\/06\/czarna-plamisto\u015b\u0107-r\u00f3\u017cy-7-300x225.jpg 300w, https:\/\/rozaria.pl\/blog\/wp-content\/uploads\/2013\/06\/czarna-plamisto\u015b\u0107-r\u00f3\u017cy-7.jpg 800w\" sizes=\"(max-width: 200px) 100vw, 200px\" \/><\/a><\/p>\n<h3 style=\"text-align: justify;\"><em><b>Rozw\u00f3j choroby<\/b><\/em><\/h3>\n<p style=\"text-align: justify;\">Wiosn\u0105 i wczesnym latem zarodniki grzyba przedostaj\u0105 si\u0119 wraz z wod\u0105 na doln\u0105 stron\u0119 li\u015bcia. Zarodniki kie\u0142kuj\u0105 ju\u017c w temp. 18<sup>0<\/sup>. Wystarczy 6 godzin ci\u0105g\u0142ej wilgotno\u015bci, aby grzybnia wnikn\u0119\u0142a w tkank\u0119 li\u015bcia. Dlatego czasem ju\u017c w po\u0142owie czerwca czarna plamisto\u015b\u0107 intensywnie pora\u017ca ro\u015bliny a r\u00f3\u017ce w lipcu s\u0105 ju\u017c bez li\u015bci. Wygl\u0105da to fatalnie. P\u00f3\u017an\u0105 jesieni\u0105 grzyb produkuje specjalne zarodniki, kt\u00f3re przetrwaj\u0105 zim\u0119 w opad\u0142ych li\u015bciach stanowi\u0105c \u017ar\u00f3d\u0142o infekcji na wiosn\u0119. <a href=\"http:\/\/rozaria.pl\/roze-na-pniu\" target=\"_blank\" rel=\"noopener noreferrer\">R\u00f3\u017ce pienne<\/a> s\u0105 mniej zagro\u017cone, poniewa\u017c rosn\u0105c wysoko unikaj\u0105 infekcji zarodnikami z opad\u0142ych li\u015bci roznoszonych podlewaniem.<\/p>\n<h3 style=\"padding-left: 30px; text-align: justify;\"><em><b><a href=\"http:\/\/rozaria.pl\/blog\/wp-content\/uploads\/2013\/06\/czarna-plamisto\u015b\u0107-r\u00f3\u017cy-5.jpg\"><img loading=\"lazy\" decoding=\"async\" class=\"alignright wp-image-291\" style=\"border: 2px solid black;\" src=\"http:\/\/rozaria.pl\/blog\/wp-content\/uploads\/2013\/06\/czarna-plamisto\u015b\u0107-r\u00f3\u017cy-5-300x225.jpg\" alt=\"czarna plamisto\u015b\u0107 r\u00f3\u017cy 5\" width=\"200\" height=\"150\" srcset=\"https:\/\/rozaria.pl\/blog\/wp-content\/uploads\/2013\/06\/czarna-plamisto\u015b\u0107-r\u00f3\u017cy-5-150x112.jpg 150w, https:\/\/rozaria.pl\/blog\/wp-content\/uploads\/2013\/06\/czarna-plamisto\u015b\u0107-r\u00f3\u017cy-5-200x150.jpg 200w, https:\/\/rozaria.pl\/blog\/wp-content\/uploads\/2013\/06\/czarna-plamisto\u015b\u0107-r\u00f3\u017cy-5-300x225.jpg 300w, https:\/\/rozaria.pl\/blog\/wp-content\/uploads\/2013\/06\/czarna-plamisto\u015b\u0107-r\u00f3\u017cy-5.jpg 800w\" sizes=\"(max-width: 200px) 100vw, 200px\" \/><\/a>Zwalczanie<\/b><\/em><\/h3>\n<p style=\"padding-left: 30px; text-align: justify;\">Walk\u0119 z chorob\u0105 nale\u017cy rozpocz\u0105\u0107 od utrzymania higieny w ogrodzie wygrabiaj\u0105c i pal\u0105c opad\u0142e li\u015bcie oraz \u015bci\u0119te p\u0119dy. Niekt\u00f3re odmiany r\u00f3\u017c s\u0105 bardziej podatne na t\u0105 chorob\u0119 wi\u0119c je\u017celi nie mo\u017cemy po\u015bwieci\u0107 r\u00f3\u017com zbyt wiele uwagi nale\u017cy wybiera\u0107 odmiany odporne. W czasie d\u0142ugotrwa\u0142ej wilgotnej pogody na li\u015bciach odmian odpornych mog\u0105 pojawia\u0107 si\u0119 czarne plamki plamisto\u015bci, jednak li\u015bcie nie \u017c\u00f3\u0142kn\u0105 i nie opadaj\u0105.<\/p>\n<table border=\"0\">\n<tbody>\n<tr>\n<td><a href=\"http:\/\/rozaria.pl\/blog\/wp-content\/uploads\/2013\/06\/czarna-plamisto\u015b\u0107-r\u00f3\u017cy-2.jpg\"><img loading=\"lazy\" decoding=\"async\" class=\"alignleft wp-image-288\" style=\"border: 2px solid black; margin-left: 2px; margin-right: 2px;\" src=\"http:\/\/rozaria.pl\/blog\/wp-content\/uploads\/2013\/06\/czarna-plamisto\u015b\u0107-r\u00f3\u017cy-2-300x225.jpg\" alt=\"czarna plamisto\u015b\u0107 r\u00f3\u017cy 2\" width=\"200\" height=\"150\" srcset=\"https:\/\/rozaria.pl\/blog\/wp-content\/uploads\/2013\/06\/czarna-plamisto\u015b\u0107-r\u00f3\u017cy-2-150x112.jpg 150w, https:\/\/rozaria.pl\/blog\/wp-content\/uploads\/2013\/06\/czarna-plamisto\u015b\u0107-r\u00f3\u017cy-2-200x150.jpg 200w, https:\/\/rozaria.pl\/blog\/wp-content\/uploads\/2013\/06\/czarna-plamisto\u015b\u0107-r\u00f3\u017cy-2-300x225.jpg 300w, https:\/\/rozaria.pl\/blog\/wp-content\/uploads\/2013\/06\/czarna-plamisto\u015b\u0107-r\u00f3\u017cy-2.jpg 800w\" sizes=\"(max-width: 200px) 100vw, 200px\" \/><\/a><\/td>\n<td><a href=\"http:\/\/rozaria.pl\/blog\/wp-content\/uploads\/2013\/06\/czarna-plamisto\u015b\u0107-r\u00f3\u017cy-6.jpg\"><img loading=\"lazy\" decoding=\"async\" class=\" wp-image-292 alignleft\" style=\"border: 2px solid black; margin-left: 2px; margin-right: 2px;\" src=\"http:\/\/rozaria.pl\/blog\/wp-content\/uploads\/2013\/06\/czarna-plamisto\u015b\u0107-r\u00f3\u017cy-6-300x225.jpg\" alt=\"objawy na li\u015bciu - czarna plamisto\u015b\u0107 r\u00f3\u017cy\" width=\"200\" height=\"150\" srcset=\"https:\/\/rozaria.pl\/blog\/wp-content\/uploads\/2013\/06\/czarna-plamisto\u015b\u0107-r\u00f3\u017cy-6-150x113.jpg 150w, https:\/\/rozaria.pl\/blog\/wp-content\/uploads\/2013\/06\/czarna-plamisto\u015b\u0107-r\u00f3\u017cy-6-300x225.jpg 300w, https:\/\/rozaria.pl\/blog\/wp-content\/uploads\/2013\/06\/czarna-plamisto\u015b\u0107-r\u00f3\u017cy-6.jpg 800w\" sizes=\"(max-width: 200px) 100vw, 200px\" \/><\/a><\/td>\n<\/tr>\n<\/tbody>\n<\/table>\n<h2>Oprysk na czarn\u0105 plamisto\u015b\u0107 r\u00f3\u017c<\/h2>\n<p>Czarna plamisto\u015b\u0107 r\u00f3\u017c (Diplocarpon rosae) to powszechna choroba grzybowa, kt\u00f3ra powoduje pojawienie si\u0119 czarnych plam na li\u015bciach r\u00f3\u017c, prowadz\u0105c do ich przedwczesnego opadania. Oprysk na czarn\u0105 plamisto\u015b\u0107 r\u00f3\u017c powinien zawiera\u0107 fungicydy, kt\u00f3re s\u0105 skuteczne w zwalczaniu tego grzyba. Stosowanie oprysku ma zapobiec utracie li\u015bci przez ca\u0142y sezon letnio jesienny.<\/p>\n<h3>Oto kroki do wykonania oprysku na czarn\u0105 plamisto\u015b\u0107 r\u00f3\u017c:<\/h3>\n<h4>Wyb\u00f3r odpowiedniego fungicydu:<a href=\"https:\/\/rozaria.pl\/blog\/wp-content\/uploads\/2021\/06\/oprysk_chemiczny_choroby_roz.jpg\"><img loading=\"lazy\" decoding=\"async\" class=\"alignright size-medium wp-image-5340\" src=\"https:\/\/rozaria.pl\/blog\/wp-content\/uploads\/2021\/06\/oprysk_chemiczny_choroby_roz-300x200.jpg\" alt=\"oprysk czarna plamisto\u015b\u0107\" width=\"300\" height=\"200\" srcset=\"https:\/\/rozaria.pl\/blog\/wp-content\/uploads\/2021\/06\/oprysk_chemiczny_choroby_roz-150x100.jpg 150w, https:\/\/rozaria.pl\/blog\/wp-content\/uploads\/2021\/06\/oprysk_chemiczny_choroby_roz-200x133.jpg 200w, https:\/\/rozaria.pl\/blog\/wp-content\/uploads\/2021\/06\/oprysk_chemiczny_choroby_roz-300x200.jpg 300w, https:\/\/rozaria.pl\/blog\/wp-content\/uploads\/2021\/06\/oprysk_chemiczny_choroby_roz-400x267.jpg 400w, https:\/\/rozaria.pl\/blog\/wp-content\/uploads\/2021\/06\/oprysk_chemiczny_choroby_roz-600x400.jpg 600w, https:\/\/rozaria.pl\/blog\/wp-content\/uploads\/2021\/06\/oprysk_chemiczny_choroby_roz-768x512.jpg 768w, https:\/\/rozaria.pl\/blog\/wp-content\/uploads\/2021\/06\/oprysk_chemiczny_choroby_roz.jpg 800w\" sizes=\"(max-width: 300px) 100vw, 300px\" \/><\/a><\/h4>\n<p>Popularne fungicydy na czarn\u0105 plamisto\u015b\u0107 r\u00f3\u017c to m.in. preparaty zawieraj\u0105ce mankozeb, chlorotalonil, myklobutanil lub tebukonazol.<\/p>\n<p style=\"text-align: justify;\"><em><b>Ochrona chemiczna \u2013 Fungicydy<\/b><\/em><\/p>\n<ul style=\"text-align: justify;\">\n<li><b>zapobiegawczo:<\/b> Miedzian, Biosept 33 SL, Dithane Neo Tec 75 WG, Grevit 200 SL, Ipotar 600 SC, Manconex 80 WP, Sancozeb 80 WP, Tiotar 80 WP, Tiotar 800 SC<\/li>\n<li><b>interwencyjnie i zapobiegawczo:<\/b> Score 250 EC, SOK\u00d3\u0141 460 EC, Skower 250 EC, Sokker 250 EC, SUBSTRAL. Saprol D\u0142ugo Dzia\u0142aj\u0105cy dla ro\u015blin ozdobnych.<\/li>\n<\/ul>\n<h4>Przygotowanie oprysku:<\/h4>\n<p>Przygotuj roztw\u00f3r fungicydu zgodnie z instrukcjami producenta. Wa\u017cne jest, aby stosowa\u0107 odpowiednie dawki, aby zapewni\u0107 skuteczno\u015b\u0107 i unikn\u0105\u0107 uszkodzenia ro\u015blin.<br \/>\nZawsze u\u017cywaj r\u0119kawic ochronnych i okular\u00f3w ochronnych podczas przygotowywania i stosowania oprysku.<\/p>\n<h4>Wykonanie oprysku:<\/h4>\n<p>Oprysk najlepiej wykonywa\u0107 rano lub p\u00f3\u017anym popo\u0142udniem, kiedy temperatura jest ni\u017csza, a ro\u015bliny nie s\u0105 bezpo\u015brednio nara\u017cone na silne promieniowanie s\u0142oneczne.<br \/>\nDok\u0142adnie opryskaj wszystkie cz\u0119\u015bci ro\u015bliny, w tym doln\u0105 i g\u00f3rn\u0105 stron\u0119 li\u015bci, p\u0119dy i okolice korzeni.<br \/>\nPowtarzaj oprysk co 7-14 dni, szczeg\u00f3lnie w okresie deszczowym, aby zapobiec rozprzestrzenianiu si\u0119 choroby.<\/p>\n<h2>Dodatkowe dzia\u0142ania profilaktyczne:<\/h2>\n<ul>\n<li style=\"text-align: justify;\">Usu\u0144 i zniszcz opad\u0142e li\u015bcie i zaka\u017cone cz\u0119\u015bci ro\u015blin, aby zredukowa\u0107 \u017ar\u00f3d\u0142a infekcji.<\/li>\n<li style=\"text-align: justify;\">Zapewnij odpowiedni\u0105 cyrkulacj\u0119 powietrza wok\u00f3\u0142 ro\u015blin, przycinaj\u0105c nadmiernie zag\u0119szczone p\u0119dy.<\/li>\n<li style=\"text-align: justify;\">Unikaj podlewania li\u015bci, skupiaj\u0105c si\u0119 na podlewaniu u podstawy ro\u015blin.<\/li>\n<li style=\"text-align: justify;\">Regularne monitorowanie r\u00f3\u017c i szybka reakcja na pierwsze oznaki czarnej plamisto\u015bci pozwol\u0105 utrzyma\u0107 zdrowie ro\u015blin i zminimalizowa\u0107 straty. Wi\u0119cej materia\u0142u znajdziecie na naszym kanale w filmie odno\u015bnie <a href=\"https:\/\/www.youtube.com\/watch?v=_sFxuGLWCBY\">czarnej plamisto\u015bci r\u00f3\u017c<\/a>.<\/li>\n<\/ul>\n","protected":false},"excerpt":{"rendered":"<p>Jak Zwalcza\u0107 Czarn\u0105 Plamisto\u015b\u0107 R\u00f3\u017c: Skuteczne Metody i Porady Dowiedz si\u0119, jak skutecznie zwalcza\u0107 czarn\u0105 plamisto\u015b\u0107 r\u00f3\u017c. Odkryj metody ochrony i piel\u0119gnacji, aby utrzyma\u0107 zdrowe ro\u015bliny. W tym wpisie dowiesz si\u0119, jak rozpoznawa\u0107 objawy, jakie s\u0105 najlepsze metody zwalczania oraz [&hellip;]<\/p>\n","protected":false},"author":1,"featured_media":292,"comment_status":"open","ping_status":"open","sticky":false,"template":"","format":"standard","meta":{"_mi_skip_tracking":false,"_monsterinsights_sitenote_active":false,"_monsterinsights_sitenote_note":"","_monsterinsights_sitenote_category":0,"footnotes":""},"categories":[3],"tags":[51,37,12],"yoast_head":"<!-- This site is optimized with the Yoast SEO plugin v23.5 - https:\/\/yoast.com\/wordpress\/plugins\/seo\/ -->\n<title>Czarna Plamisto\u015b\u0107 - najgro\u017aniejsza choroba r\u00f3\u017c - blog Rozaria.pl<\/title>\n<meta name=\"description\" content=\"Czarna plamisto\u015b\u0107 r\u00f3\u017c to choroba, kt\u00f3ra mo\u017ce znacz\u0105co os\u0142abi\u0107 te pi\u0119kne ro\u015bliny. Jak rozpoznawa\u0107 objawy i wprowadzi\u0107 metody zwalczania.\" \/>\n<meta name=\"robots\" content=\"index, follow, max-snippet:-1, max-image-preview:large, max-video-preview:-1\" \/>\n<link rel=\"canonical\" href=\"https:\/\/rozaria.pl\/blog\/choroby-roz-czarna-plamistosc\/\" \/>\n<meta property=\"og:locale\" content=\"pl_PL\" \/>\n<meta property=\"og:type\" content=\"article\" \/>\n<meta property=\"og:title\" content=\"Czarna Plamisto\u015b\u0107 - najgro\u017aniejsza choroba r\u00f3\u017c - blog Rozaria.pl\" \/>\n<meta property=\"og:description\" content=\"Czarna plamisto\u015b\u0107 r\u00f3\u017c to choroba, kt\u00f3ra mo\u017ce znacz\u0105co os\u0142abi\u0107 te pi\u0119kne ro\u015bliny. Jak rozpoznawa\u0107 objawy i wprowadzi\u0107 metody zwalczania.\" \/>\n<meta property=\"og:url\" content=\"https:\/\/rozaria.pl\/blog\/choroby-roz-czarna-plamistosc\/\" \/>\n<meta property=\"og:site_name\" content=\"blog Rozaria.pl\" \/>\n<meta property=\"article:publisher\" content=\"https:\/\/www.facebook.com\/SzkolkaRozRozaria\/\" \/>\n<meta property=\"article:published_time\" content=\"2013-06-27T06:06:42+00:00\" \/>\n<meta property=\"article:modified_time\" content=\"2024-05-21T11:05:55+00:00\" \/>\n<meta property=\"og:image\" content=\"https:\/\/rozaria.pl\/blog\/wp-content\/uploads\/2013\/06\/czarna-plamisto\u015b\u0107-r\u00f3\u017cy-6.jpg\" \/>\n\t<meta property=\"og:image:width\" content=\"800\" \/>\n\t<meta property=\"og:image:height\" content=\"600\" \/>\n\t<meta property=\"og:image:type\" content=\"image\/jpeg\" \/>\n<meta name=\"author\" content=\"Rozaria.pl\" \/>\n<meta name=\"twitter:card\" content=\"summary_large_image\" \/>\n<meta name=\"twitter:creator\" content=\"@SzkolkaRozaria\" \/>\n<meta name=\"twitter:site\" content=\"@SzkolkaRozaria\" \/>\n<meta name=\"twitter:label1\" content=\"Napisane przez\" \/>\n\t<meta name=\"twitter:data1\" content=\"Rozaria.pl\" \/>\n\t<meta name=\"twitter:label2\" content=\"Szacowany czas czytania\" \/>\n\t<meta name=\"twitter:data2\" content=\"6 minut\" \/>\n<script type=\"application\/ld+json\" class=\"yoast-schema-graph\">{\"@context\":\"https:\/\/schema.org\",\"@graph\":[{\"@type\":\"Article\",\"@id\":\"https:\/\/rozaria.pl\/blog\/choroby-roz-czarna-plamistosc\/#article\",\"isPartOf\":{\"@id\":\"https:\/\/rozaria.pl\/blog\/choroby-roz-czarna-plamistosc\/\"},\"author\":{\"name\":\"Rozaria.pl\",\"@id\":\"https:\/\/rozaria.pl\/blog\/#\/schema\/person\/31b3805d5058ea1cffed1d8efb6e2513\"},\"headline\":\"Czarna Plamisto\u015b\u0107 &#8211; najgro\u017aniejsza choroba r\u00f3\u017c\",\"datePublished\":\"2013-06-27T06:06:42+00:00\",\"dateModified\":\"2024-05-21T11:05:55+00:00\",\"mainEntityOfPage\":{\"@id\":\"https:\/\/rozaria.pl\/blog\/choroby-roz-czarna-plamistosc\/\"},\"wordCount\":839,\"commentCount\":14,\"publisher\":{\"@id\":\"https:\/\/rozaria.pl\/blog\/#organization\"},\"image\":{\"@id\":\"https:\/\/rozaria.pl\/blog\/choroby-roz-czarna-plamistosc\/#primaryimage\"},\"thumbnailUrl\":\"https:\/\/rozaria.pl\/blog\/wp-content\/uploads\/2013\/06\/czarna-plamisto\u015b\u0107-r\u00f3\u017cy-6.jpg\",\"keywords\":[\"choroby grzybowe\",\"piel\u0119gnacja r\u00f3\u017c\",\"r\u00f3\u017ce choroby\"],\"articleSection\":[\"Choroby i Szkodniki\"],\"inLanguage\":\"pl-PL\",\"potentialAction\":[{\"@type\":\"CommentAction\",\"name\":\"Comment\",\"target\":[\"https:\/\/rozaria.pl\/blog\/choroby-roz-czarna-plamistosc\/#respond\"]}]},{\"@type\":\"WebPage\",\"@id\":\"https:\/\/rozaria.pl\/blog\/choroby-roz-czarna-plamistosc\/\",\"url\":\"https:\/\/rozaria.pl\/blog\/choroby-roz-czarna-plamistosc\/\",\"name\":\"Czarna Plamisto\u015b\u0107 - najgro\u017aniejsza choroba r\u00f3\u017c - blog Rozaria.pl\",\"isPartOf\":{\"@id\":\"https:\/\/rozaria.pl\/blog\/#website\"},\"primaryImageOfPage\":{\"@id\":\"https:\/\/rozaria.pl\/blog\/choroby-roz-czarna-plamistosc\/#primaryimage\"},\"image\":{\"@id\":\"https:\/\/rozaria.pl\/blog\/choroby-roz-czarna-plamistosc\/#primaryimage\"},\"thumbnailUrl\":\"https:\/\/rozaria.pl\/blog\/wp-content\/uploads\/2013\/06\/czarna-plamisto\u015b\u0107-r\u00f3\u017cy-6.jpg\",\"datePublished\":\"2013-06-27T06:06:42+00:00\",\"dateModified\":\"2024-05-21T11:05:55+00:00\",\"description\":\"Czarna plamisto\u015b\u0107 r\u00f3\u017c to choroba, kt\u00f3ra mo\u017ce znacz\u0105co os\u0142abi\u0107 te pi\u0119kne ro\u015bliny. Jak rozpoznawa\u0107 objawy i wprowadzi\u0107 metody zwalczania.\",\"breadcrumb\":{\"@id\":\"https:\/\/rozaria.pl\/blog\/choroby-roz-czarna-plamistosc\/#breadcrumb\"},\"inLanguage\":\"pl-PL\",\"potentialAction\":[{\"@type\":\"ReadAction\",\"target\":[\"https:\/\/rozaria.pl\/blog\/choroby-roz-czarna-plamistosc\/\"]}]},{\"@type\":\"ImageObject\",\"inLanguage\":\"pl-PL\",\"@id\":\"https:\/\/rozaria.pl\/blog\/choroby-roz-czarna-plamistosc\/#primaryimage\",\"url\":\"https:\/\/rozaria.pl\/blog\/wp-content\/uploads\/2013\/06\/czarna-plamisto\u015b\u0107-r\u00f3\u017cy-6.jpg\",\"contentUrl\":\"https:\/\/rozaria.pl\/blog\/wp-content\/uploads\/2013\/06\/czarna-plamisto\u015b\u0107-r\u00f3\u017cy-6.jpg\",\"width\":800,\"height\":600,\"caption\":\"objawy na li\u015bciu - czarna plamisto\u015b\u0107 r\u00f3\u017cy\"},{\"@type\":\"BreadcrumbList\",\"@id\":\"https:\/\/rozaria.pl\/blog\/choroby-roz-czarna-plamistosc\/#breadcrumb\",\"itemListElement\":[{\"@type\":\"ListItem\",\"position\":1,\"name\":\"Strona g\u0142\u00f3wna\",\"item\":\"https:\/\/rozaria.pl\/blog\/\"},{\"@type\":\"ListItem\",\"position\":2,\"name\":\"Czarna Plamisto\u015b\u0107 &#8211; najgro\u017aniejsza choroba r\u00f3\u017c\"}]},{\"@type\":\"WebSite\",\"@id\":\"https:\/\/rozaria.pl\/blog\/#website\",\"url\":\"https:\/\/rozaria.pl\/blog\/\",\"name\":\"blog Rozaria.pl\",\"description\":\"Porozmawiajmy o r\u00f3\u017cach, o wszystkich sprawach\",\"publisher\":{\"@id\":\"https:\/\/rozaria.pl\/blog\/#organization\"},\"potentialAction\":[{\"@type\":\"SearchAction\",\"target\":{\"@type\":\"EntryPoint\",\"urlTemplate\":\"https:\/\/rozaria.pl\/blog\/?s={search_term_string}\"},\"query-input\":{\"@type\":\"PropertyValueSpecification\",\"valueRequired\":true,\"valueName\":\"search_term_string\"}}],\"inLanguage\":\"pl-PL\"},{\"@type\":\"Organization\",\"@id\":\"https:\/\/rozaria.pl\/blog\/#organization\",\"name\":\"Szk\u00f3\u0142ka R\u00f3\u017c Rozaria\",\"url\":\"https:\/\/rozaria.pl\/blog\/\",\"logo\":{\"@type\":\"ImageObject\",\"inLanguage\":\"pl-PL\",\"@id\":\"https:\/\/rozaria.pl\/blog\/#\/schema\/logo\/image\/\",\"url\":\"https:\/\/rozaria.pl\/blog\/wp-content\/uploads\/2016\/12\/logo_dla-rozaria.png\",\"contentUrl\":\"https:\/\/rozaria.pl\/blog\/wp-content\/uploads\/2016\/12\/logo_dla-rozaria.png\",\"width\":400,\"height\":166,\"caption\":\"Szk\u00f3\u0142ka R\u00f3\u017c Rozaria\"},\"image\":{\"@id\":\"https:\/\/rozaria.pl\/blog\/#\/schema\/logo\/image\/\"},\"sameAs\":[\"https:\/\/www.facebook.com\/SzkolkaRozRozaria\/\",\"https:\/\/x.com\/SzkolkaRozaria\",\"https:\/\/www.youtube.com\/channel\/UCguKKBc7F06eYM1tzYx1Z5A\"]},{\"@type\":\"Person\",\"@id\":\"https:\/\/rozaria.pl\/blog\/#\/schema\/person\/31b3805d5058ea1cffed1d8efb6e2513\",\"name\":\"Rozaria.pl\",\"image\":{\"@type\":\"ImageObject\",\"inLanguage\":\"pl-PL\",\"@id\":\"https:\/\/rozaria.pl\/blog\/#\/schema\/person\/image\/\",\"url\":\"https:\/\/secure.gravatar.com\/avatar\/36c7e4b15b333b9fb573f9e54e7fcf52?s=96&d=mm&r=g\",\"contentUrl\":\"https:\/\/secure.gravatar.com\/avatar\/36c7e4b15b333b9fb573f9e54e7fcf52?s=96&d=mm&r=g\",\"caption\":\"Rozaria.pl\"},\"sameAs\":[\"https:\/\/www.rozaria.pl\",\"https:\/\/www.youtube.com\/channel\/UCguKKBc7F06eYM1tzYx1Z5A\"],\"url\":\"https:\/\/rozaria.pl\/blog\/author\/1rozanka\/\"}]}<\/script>\n<!-- \/ Yoast SEO plugin. -->","yoast_head_json":{"title":"Czarna Plamisto\u015b\u0107 - najgro\u017aniejsza choroba r\u00f3\u017c - blog Rozaria.pl","description":"Czarna plamisto\u015b\u0107 r\u00f3\u017c to choroba, kt\u00f3ra mo\u017ce znacz\u0105co os\u0142abi\u0107 te pi\u0119kne ro\u015bliny. Jak rozpoznawa\u0107 objawy i wprowadzi\u0107 metody zwalczania.","robots":{"index":"index","follow":"follow","max-snippet":"max-snippet:-1","max-image-preview":"max-image-preview:large","max-video-preview":"max-video-preview:-1"},"canonical":"https:\/\/rozaria.pl\/blog\/choroby-roz-czarna-plamistosc\/","og_locale":"pl_PL","og_type":"article","og_title":"Czarna Plamisto\u015b\u0107 - najgro\u017aniejsza choroba r\u00f3\u017c - blog Rozaria.pl","og_description":"Czarna plamisto\u015b\u0107 r\u00f3\u017c to choroba, kt\u00f3ra mo\u017ce znacz\u0105co os\u0142abi\u0107 te pi\u0119kne ro\u015bliny. Jak rozpoznawa\u0107 objawy i wprowadzi\u0107 metody zwalczania.","og_url":"https:\/\/rozaria.pl\/blog\/choroby-roz-czarna-plamistosc\/","og_site_name":"blog Rozaria.pl","article_publisher":"https:\/\/www.facebook.com\/SzkolkaRozRozaria\/","article_published_time":"2013-06-27T06:06:42+00:00","article_modified_time":"2024-05-21T11:05:55+00:00","og_image":[{"width":800,"height":600,"url":"https:\/\/rozaria.pl\/blog\/wp-content\/uploads\/2013\/06\/czarna-plamisto\u015b\u0107-r\u00f3\u017cy-6.jpg","type":"image\/jpeg"}],"author":"Rozaria.pl","twitter_card":"summary_large_image","twitter_creator":"@SzkolkaRozaria","twitter_site":"@SzkolkaRozaria","twitter_misc":{"Napisane przez":"Rozaria.pl","Szacowany czas czytania":"6 minut"},"schema":{"@context":"https:\/\/schema.org","@graph":[{"@type":"Article","@id":"https:\/\/rozaria.pl\/blog\/choroby-roz-czarna-plamistosc\/#article","isPartOf":{"@id":"https:\/\/rozaria.pl\/blog\/choroby-roz-czarna-plamistosc\/"},"author":{"name":"Rozaria.pl","@id":"https:\/\/rozaria.pl\/blog\/#\/schema\/person\/31b3805d5058ea1cffed1d8efb6e2513"},"headline":"Czarna Plamisto\u015b\u0107 &#8211; najgro\u017aniejsza choroba r\u00f3\u017c","datePublished":"2013-06-27T06:06:42+00:00","dateModified":"2024-05-21T11:05:55+00:00","mainEntityOfPage":{"@id":"https:\/\/rozaria.pl\/blog\/choroby-roz-czarna-plamistosc\/"},"wordCount":839,"commentCount":14,"publisher":{"@id":"https:\/\/rozaria.pl\/blog\/#organization"},"image":{"@id":"https:\/\/rozaria.pl\/blog\/choroby-roz-czarna-plamistosc\/#primaryimage"},"thumbnailUrl":"https:\/\/rozaria.pl\/blog\/wp-content\/uploads\/2013\/06\/czarna-plamisto\u015b\u0107-r\u00f3\u017cy-6.jpg","keywords":["choroby grzybowe","piel\u0119gnacja r\u00f3\u017c","r\u00f3\u017ce choroby"],"articleSection":["Choroby i Szkodniki"],"inLanguage":"pl-PL","potentialAction":[{"@type":"CommentAction","name":"Comment","target":["https:\/\/rozaria.pl\/blog\/choroby-roz-czarna-plamistosc\/#respond"]}]},{"@type":"WebPage","@id":"https:\/\/rozaria.pl\/blog\/choroby-roz-czarna-plamistosc\/","url":"https:\/\/rozaria.pl\/blog\/choroby-roz-czarna-plamistosc\/","name":"Czarna Plamisto\u015b\u0107 - najgro\u017aniejsza choroba r\u00f3\u017c - blog Rozaria.pl","isPartOf":{"@id":"https:\/\/rozaria.pl\/blog\/#website"},"primaryImageOfPage":{"@id":"https:\/\/rozaria.pl\/blog\/choroby-roz-czarna-plamistosc\/#primaryimage"},"image":{"@id":"https:\/\/rozaria.pl\/blog\/choroby-roz-czarna-plamistosc\/#primaryimage"},"thumbnailUrl":"https:\/\/rozaria.pl\/blog\/wp-content\/uploads\/2013\/06\/czarna-plamisto\u015b\u0107-r\u00f3\u017cy-6.jpg","datePublished":"2013-06-27T06:06:42+00:00","dateModified":"2024-05-21T11:05:55+00:00","description":"Czarna plamisto\u015b\u0107 r\u00f3\u017c to choroba, kt\u00f3ra mo\u017ce znacz\u0105co os\u0142abi\u0107 te pi\u0119kne ro\u015bliny. Jak rozpoznawa\u0107 objawy i wprowadzi\u0107 metody zwalczania.","breadcrumb":{"@id":"https:\/\/rozaria.pl\/blog\/choroby-roz-czarna-plamistosc\/#breadcrumb"},"inLanguage":"pl-PL","potentialAction":[{"@type":"ReadAction","target":["https:\/\/rozaria.pl\/blog\/choroby-roz-czarna-plamistosc\/"]}]},{"@type":"ImageObject","inLanguage":"pl-PL","@id":"https:\/\/rozaria.pl\/blog\/choroby-roz-czarna-plamistosc\/#primaryimage","url":"https:\/\/rozaria.pl\/blog\/wp-content\/uploads\/2013\/06\/czarna-plamisto\u015b\u0107-r\u00f3\u017cy-6.jpg","contentUrl":"https:\/\/rozaria.pl\/blog\/wp-content\/uploads\/2013\/06\/czarna-plamisto\u015b\u0107-r\u00f3\u017cy-6.jpg","width":800,"height":600,"caption":"objawy na li\u015bciu - czarna plamisto\u015b\u0107 r\u00f3\u017cy"},{"@type":"BreadcrumbList","@id":"https:\/\/rozaria.pl\/blog\/choroby-roz-czarna-plamistosc\/#breadcrumb","itemListElement":[{"@type":"ListItem","position":1,"name":"Strona g\u0142\u00f3wna","item":"https:\/\/rozaria.pl\/blog\/"},{"@type":"ListItem","position":2,"name":"Czarna Plamisto\u015b\u0107 &#8211; najgro\u017aniejsza choroba r\u00f3\u017c"}]},{"@type":"WebSite","@id":"https:\/\/rozaria.pl\/blog\/#website","url":"https:\/\/rozaria.pl\/blog\/","name":"blog Rozaria.pl","description":"Porozmawiajmy o r\u00f3\u017cach, o wszystkich sprawach","publisher":{"@id":"https:\/\/rozaria.pl\/blog\/#organization"},"potentialAction":[{"@type":"SearchAction","target":{"@type":"EntryPoint","urlTemplate":"https:\/\/rozaria.pl\/blog\/?s={search_term_string}"},"query-input":{"@type":"PropertyValueSpecification","valueRequired":true,"valueName":"search_term_string"}}],"inLanguage":"pl-PL"},{"@type":"Organization","@id":"https:\/\/rozaria.pl\/blog\/#organization","name":"Szk\u00f3\u0142ka R\u00f3\u017c Rozaria","url":"https:\/\/rozaria.pl\/blog\/","logo":{"@type":"ImageObject","inLanguage":"pl-PL","@id":"https:\/\/rozaria.pl\/blog\/#\/schema\/logo\/image\/","url":"https:\/\/rozaria.pl\/blog\/wp-content\/uploads\/2016\/12\/logo_dla-rozaria.png","contentUrl":"https:\/\/rozaria.pl\/blog\/wp-content\/uploads\/2016\/12\/logo_dla-rozaria.png","width":400,"height":166,"caption":"Szk\u00f3\u0142ka R\u00f3\u017c Rozaria"},"image":{"@id":"https:\/\/rozaria.pl\/blog\/#\/schema\/logo\/image\/"},"sameAs":["https:\/\/www.facebook.com\/SzkolkaRozRozaria\/","https:\/\/x.com\/SzkolkaRozaria","https:\/\/www.youtube.com\/channel\/UCguKKBc7F06eYM1tzYx1Z5A"]},{"@type":"Person","@id":"https:\/\/rozaria.pl\/blog\/#\/schema\/person\/31b3805d5058ea1cffed1d8efb6e2513","name":"Rozaria.pl","image":{"@type":"ImageObject","inLanguage":"pl-PL","@id":"https:\/\/rozaria.pl\/blog\/#\/schema\/person\/image\/","url":"https:\/\/secure.gravatar.com\/avatar\/36c7e4b15b333b9fb573f9e54e7fcf52?s=96&d=mm&r=g","contentUrl":"https:\/\/secure.gravatar.com\/avatar\/36c7e4b15b333b9fb573f9e54e7fcf52?s=96&d=mm&r=g","caption":"Rozaria.pl"},"sameAs":["https:\/\/www.rozaria.pl","https:\/\/www.youtube.com\/channel\/UCguKKBc7F06eYM1tzYx1Z5A"],"url":"https:\/\/rozaria.pl\/blog\/author\/1rozanka\/"}]}},"_links":{"self":[{"href":"https:\/\/rozaria.pl\/blog\/wp-json\/wp\/v2\/posts\/279"}],"collection":[{"href":"https:\/\/rozaria.pl\/blog\/wp-json\/wp\/v2\/posts"}],"about":[{"href":"https:\/\/rozaria.pl\/blog\/wp-json\/wp\/v2\/types\/post"}],"author":[{"embeddable":true,"href":"https:\/\/rozaria.pl\/blog\/wp-json\/wp\/v2\/users\/1"}],"replies":[{"embeddable":true,"href":"https:\/\/rozaria.pl\/blog\/wp-json\/wp\/v2\/comments?post=279"}],"version-history":[{"count":35,"href":"https:\/\/rozaria.pl\/blog\/wp-json\/wp\/v2\/posts\/279\/revisions"}],"predecessor-version":[{"id":5787,"href":"https:\/\/rozaria.pl\/blog\/wp-json\/wp\/v2\/posts\/279\/revisions\/5787"}],"wp:featuredmedia":[{"embeddable":true,"href":"https:\/\/rozaria.pl\/blog\/wp-json\/wp\/v2\/media\/292"}],"wp:attachment":[{"href":"https:\/\/rozaria.pl\/blog\/wp-json\/wp\/v2\/media?parent=279"}],"wp:term":[{"taxonomy":"category","embeddable":true,"href":"https:\/\/rozaria.pl\/blog\/wp-json\/wp\/v2\/categories?post=279"},{"taxonomy":"post_tag","embeddable":true,"href":"https:\/\/rozaria.pl\/blog\/wp-json\/wp\/v2\/tags?post=279"}],"curies":[{"name":"wp","href":"https:\/\/api.w.org\/{rel}","templated":true}]}}