{"id":2778,"date":"2018-11-20T00:17:49","date_gmt":"2018-11-19T23:17:49","guid":{"rendered":"https:\/\/rozaria.pl\/blog\/?p=2778"},"modified":"2018-11-20T08:49:50","modified_gmt":"2018-11-20T07:49:50","slug":"roze-zimowanie-a-dobor-okrycia","status":"publish","type":"post","link":"https:\/\/rozaria.pl\/blog\/roze-zimowanie-a-dobor-okrycia\/","title":{"rendered":"R\u00f3\u017ce \u2013 zimowanie, a dob\u00f3r okrycia"},"content":{"rendered":"<p style=\"text-align: justify;\" align=\"center\"><span style=\"font-size: medium;\"><b>Po\u0142owa listopada ju\u017c za nami, a to znak, \u017ce najwy\u017cszy czas pomy\u015ble\u0107 o naszych r\u00f3\u017cach i zabezpieczeniu ich przed zim\u0105. Wszyscy chcieliby\u015bmy, \u017ceby nasze krzewy przetrwa\u0142y nadchodz\u0105ce przymrozki bez szwanku i jednocze\u015bnie bez wi\u0119kszego wysi\u0142ku z naszej strony, jednak je\u015bli nie mamy w naszym ogrodzie zbyt wielu gatunk\u00f3w <a href=\"https:\/\/rozaria.pl\/roze-zimujace-bez-okrycia\">r\u00f3\u017c zimuj\u0105cych bez okrycia<\/a>, b\u0119dziemy musieli mimo wszystko po\u015bwi\u0119ci\u0107 troch\u0119 czasu na zabezpieczenie naszych ro\u015blin przed zimnem. \u017beby u\u0142atwi\u0107 wam to zadanie przygotowali\u015bmy poni\u017cej kilka porad, dzi\u0119ki kt\u00f3rym zabezpieczanie r\u00f3\u017c powinno sta\u0107 si\u0119 szybkie i mo\u017ce nawet przyjemne.<img loading=\"lazy\" decoding=\"async\" class=\"aligncenter wp-image-2781 \" title=\"ro\u017ce zimuj\u0105ce bez okrycia\" src=\"http:\/\/rozaria.pl\/blog\/wp-content\/uploads\/2018\/11\/pon1.jpg\" alt=\"ro\u017ce zimuj\u0105ce bez okrycia\" width=\"795\" height=\"596\" srcset=\"https:\/\/rozaria.pl\/blog\/wp-content\/uploads\/2018\/11\/pon1-150x113.jpg 150w, https:\/\/rozaria.pl\/blog\/wp-content\/uploads\/2018\/11\/pon1-300x225.jpg 300w, https:\/\/rozaria.pl\/blog\/wp-content\/uploads\/2018\/11\/pon1-768x576.jpg 768w, https:\/\/rozaria.pl\/blog\/wp-content\/uploads\/2018\/11\/pon1.jpg 1000w\" sizes=\"(max-width: 795px) 100vw, 795px\" \/><\/b><\/span><\/p>\n<p style=\"text-align: justify;\" align=\"left\"><span style=\"font-size: medium;\"><b>R\u00f3\u017ce donicowe i rosn\u0105ce w pojemnikach<\/b><\/span><\/p>\n<p style=\"text-align: justify;\" align=\"left\"><span style=\"font-size: medium;\">Zaczynamy chyba od naj\u0142atwiejszej grupy krzew\u00f3w, czyli tych, kt\u00f3re tak cz\u0119sto ozdabiaj\u0105 nasze tarasy i balkony. Niezale\u017cnie od tego, czy posadzili\u015bmy nasze kwiaty w donicy, czy w pojemniku, kt\u00f3ry mo\u017cemy zakopa\u0107 w ogrodzie, przepis na sukces jest tutaj prosty \u2013 os\u0142oni\u0119cie krzewu wraz z donic\u0105 mat\u0105 s\u0142omian\u0105 lub (co jest ju\u017c nieco bardziej pracoch\u0142onne) zakopanie pojemnika w ogrodzie, delikatne kopczykowanie ro\u015bliny oraz okrycie jej p\u0119d\u00f3w. Chocia\u017c my sk\u0142aniamy si\u0119 tutaj ku pierwszej z opcji, wyb\u00f3r jak zawsze nale\u017cy do was.<\/span><\/p>\n<p style=\"text-align: justify;\" align=\"left\"><span style=\"font-size: medium;\"><b>R\u00f3\u017ce wielokwiatowe<\/b><\/span><\/p>\n<p style=\"text-align: justify;\" align=\"left\"><span style=\"font-size: medium;\">Chocia\u017c te krzewy to bez w\u0105tpienia jedna z najwi\u0119kszych ozd\u00f3b ka\u017cdego ogrodu, tylko <b>nieliczne r\u00f3\u017ce<\/b> wielokwiatowe <b>zimuj\u0105 bez okrycia<\/b>. W pozosta\u0142ych przypadkach konieczne jest nie tylko obsypanie ich ziemi\u0105 (a\u017c do wysoko\u015bci szczepienia), ale te\u017c szczelne okrycie p\u0119d\u00f3w np. agrow\u0142\u00f3knina, kt\u00f3ra pomo\u017ce ochroni\u0107 niezwykle wra\u017cliwe p\u0119dy tych krzew\u00f3w przed zimowymi wiatrami.<\/span><\/p>\n<p><b style=\"font-size: medium; text-align: justify;\"><img loading=\"lazy\" decoding=\"async\" class=\"alignleft wp-image-2782 \" title=\"zimowanie r\u00f3\u017c\" src=\"http:\/\/rozaria.pl\/blog\/wp-content\/uploads\/2018\/11\/pon2.jpg\" alt=\"zimowanie r\u00f3\u017c\" width=\"417\" height=\"567\" srcset=\"https:\/\/rozaria.pl\/blog\/wp-content\/uploads\/2018\/11\/pon2-110x150.jpg 110w, https:\/\/rozaria.pl\/blog\/wp-content\/uploads\/2018\/11\/pon2-221x300.jpg 221w, https:\/\/rozaria.pl\/blog\/wp-content\/uploads\/2018\/11\/pon2.jpg 588w\" sizes=\"(max-width: 417px) 100vw, 417px\" \/><\/b><\/p>\n<p style=\"text-align: justify;\" align=\"left\"><span style=\"font-size: medium;\"><b>R\u00f3\u017ce pn\u0105ce<\/b><\/span><\/p>\n<p style=\"text-align: justify;\" align=\"left\"><span style=\"font-size: medium;\">Przechodzimy wreszcie do jednego z najwi\u0119kszych wyzwa\u0144 (szczeg\u00f3lnie pocz\u0105tkuj\u0105cego) ogrodnika \u2013 r\u00f3\u017c pn\u0105cych. Na pierwszy rzut oka zabezpieczenie ich przed mrozem nie wydaje si\u0119 \u0142atwym zadaniem, a spore rozmiary wielu odmian z tej grupy wcale nie u\u0142atwiaj\u0105 nam zadania. Na szcz\u0119\u015bcie istniej\u0105 dwa do\u015b\u0107 proste i jednocze\u015bnie skuteczne sposoby poradzenia sobie z tymi krzewami. Pierwszym (i najpewniejszym) z nich jest odczepienie r\u00f3\u017cy od podp\u00f3r i u\u0142o\u017cenie jej na ziemi, a nast\u0119pnie przykrycie le\u017c\u0105cych p\u0119d\u00f3w matami s\u0142omianymi lub ga\u0142\u0119ziami drzew iglastych. Zdarza si\u0119 jednak, \u017ce r\u00f3\u017ca jest ju\u017c do\u015b\u0107 mocno rozro\u015bni\u0119ta i nie jeste\u015bmy wstanie odczepi\u0107 i roz\u0142o\u017cy\u0107 wszystkich jej p\u0119d\u00f3w. Poniewa\u017c nie mo\u017cemy pozwoli\u0107 naszej <b>r\u00f3\u017cy zimowa\u0107 bez okrycia<\/b>, powinni\u015bmy zadowoli\u0107 si\u0119 niewielkim kopczykiem os\u0142aniaj\u0105cym podstaw\u0119 krzewu oraz mat\u0105 s\u0142omian\u0105, kt\u00f3ra ochroni jego p\u0119dy.<\/span><\/p>\n<p style=\"text-align: justify;\" align=\"left\"><span style=\"font-size: medium;\"><b>R\u00f3\u017ce pienne <\/b><\/span><\/p>\n<p style=\"text-align: justify;\" align=\"left\"><span style=\"font-size: medium;\">Po naszej przygodzie z r\u00f3\u017cami pn\u0105cymi nie czekaj\u0105 nas ju\u017c tutaj \u017cadne niespodzianki \u2013 pomimo tego, \u017ce wiele os\u00f3b radzi tylko dok\u0142adne os\u0142oni\u0119cie korony krzewu mat\u0105 s\u0142omian\u0105 lub agrow\u0142\u00f3knin\u0105 naszym zdaniem tylko przygi\u0119cie krzew\u00f3w r\u00f3\u017c piennych do ziemi i zamocowanie ich w tej pozycji skutecznie zabezpieczy je przed przemarzni\u0119ciem. Na sam pie\u0144 mo\u017cna za\u0142o\u017cy\u0107 piank\u0119 do izolacji rur\u00a0 wodoci\u0105gowych znan\u0105 te\u017c jako otulina termoizolacyjna.<\/span><\/p>\n<p style=\"text-align: justify;\" align=\"left\"><span style=\"font-size: medium;\"><b>R\u00f3\u017ce okrywowe<\/b><\/span><\/p>\n<p style=\"text-align: justify;\" align=\"left\"><span style=\"font-size: medium;\">R\u00f3\u017ce okrywowe podobnie, jak odmiany r\u00f3\u017c dzikich i kanadyjskich, to chyba najlepsze, co mo\u017ce spotka\u0107 ka\u017cdego ogrodnika (przynajmniej w tym sezonie). Te niezwykle wytrzyma\u0142e <b>r\u00f3\u017ce<\/b> doskonale <b>zimuj\u0105 bez okrycia<\/b>, dlatego nie powinni\u015bmy przejmowa\u0107 si\u0119 zbytnio ich os\u0142anianiem (z wyj\u0105tkiem naprawd\u0119 ekstremalnych przypadk\u00f3w).<img loading=\"lazy\" decoding=\"async\" class=\"aligncenter wp-image-2783 \" title=\"okrywanie r\u00f3\u017c na zim\u0119\" src=\"http:\/\/rozaria.pl\/blog\/wp-content\/uploads\/2018\/11\/pon3.jpg\" alt=\"okrywanie r\u00f3\u017c na zim\u0119\" width=\"799\" height=\"599\" srcset=\"https:\/\/rozaria.pl\/blog\/wp-content\/uploads\/2018\/11\/pon3-150x113.jpg 150w, https:\/\/rozaria.pl\/blog\/wp-content\/uploads\/2018\/11\/pon3-300x225.jpg 300w, https:\/\/rozaria.pl\/blog\/wp-content\/uploads\/2018\/11\/pon3-768x576.jpg 768w, https:\/\/rozaria.pl\/blog\/wp-content\/uploads\/2018\/11\/pon3.jpg 800w\" sizes=\"(max-width: 799px) 100vw, 799px\" \/> <\/span><\/p>\n<p style=\"text-align: justify;\" align=\"left\"><span style=\"font-size: medium;\"><b>Z\u0142ota rada &#8211; kopczykowanie<\/b><\/span><\/p>\n<p style=\"text-align: justify;\" align=\"left\"><span style=\"font-size: medium;\">Chocia\u017c kopczykowanie jest chyba najcz\u0119\u015bciej stosowan\u0105 metod\u0105 ochrony krzew\u00f3w, wielu ogrodnik\u00f3w wci\u0105\u017c ma problemy z prawid\u0142owym przeprowadzeniem tego <i>zabiegu, <\/i>dlatego<i> zdecydowali\u015bmy<\/i> si\u0119 zostawi\u0107 poni\u017cej dwie naszym zdaniem najwa\u017cniejsze rady dotycz\u0105ce tej metody ochrony r\u00f3\u017c.<\/span><\/p>\n<ul>\n<li style=\"text-align: justify;\">\n<p align=\"left\"><span style=\"font-size: medium;\">W zale\u017cno\u015bci od tego, czy mamy do czynienia z nisk\u0105, czy z wysok\u0105 odmian\u0105 r\u00f3\u017cy, kopczyk powinien mie\u0107 wysoko\u015b\u0107 od 10 do ok. 20 cm. Taka ilo\u015b\u0107 ziemi w po\u0142\u0105czeniu z ga\u0142\u0105zkami np. \u015bwierku w zupe\u0142no\u015bci wystarcza do zabezpieczenia naszej r\u00f3\u017cy przed mrozem, dlatego nie ma sensu wznoszenie <i>ziemnych fort\u00f3w<\/i>, kt\u00f3re czasami mo\u017cna spotka\u0107 w niekt\u00f3rych ogrodach.<\/span><\/p>\n<\/li>\n<li>\n<p style=\"text-align: justify;\" align=\"left\"><span style=\"font-size: medium;\">Nie dajmy si\u0119 zwie\u015b\u0107 przej\u015bciowym ociepleniom i kilkudniowym powiewom wiosny \u2013 je\u015bli zbyt wcze\u015bnie ods\u0142onimy nasze r\u00f3\u017ce i nieszcz\u0119\u015bliwie trafimy na przymrozek, ca\u0142a nasza praca p\u00f3jdzie na marne. Wyka\u017cmy si\u0119 lepiej cierpliwo\u015bci\u0105 i upewnijmy, ze wiosna rzeczywi\u015bcie zawita\u0142a na dobre zanim pozostawimy nasze krzewy samym sobie.<\/span><\/p>\n<\/li>\n<\/ul>\n","protected":false},"excerpt":{"rendered":"<p>Po\u0142owa listopada ju\u017c za nami, a to znak, \u017ce najwy\u017cszy czas pomy\u015ble\u0107 o naszych r\u00f3\u017cach i zabezpieczeniu ich przed zim\u0105. Wszyscy chcieliby\u015bmy, \u017ceby nasze krzewy przetrwa\u0142y nadchodz\u0105ce przymrozki bez szwanku i jednocze\u015bnie bez wi\u0119kszego wysi\u0142ku z naszej strony, jednak je\u015bli [&hellip;]<\/p>\n","protected":false},"author":11,"featured_media":2780,"comment_status":"open","ping_status":"open","sticky":false,"template":"","format":"standard","meta":{"_mi_skip_tracking":false,"_monsterinsights_sitenote_active":false,"_monsterinsights_sitenote_note":"","_monsterinsights_sitenote_category":0,"footnotes":""},"categories":[6],"tags":[27,38,37,58,49,15,36,2,56,35,106],"yoast_head":"<!-- This site is optimized with the Yoast SEO plugin v23.5 - https:\/\/yoast.com\/wordpress\/plugins\/seo\/ -->\n<title>R\u00f3\u017ce \u2013 zimowanie, a dob\u00f3r okrycia - blog Rozaria.pl<\/title>\n<meta name=\"robots\" content=\"index, follow, max-snippet:-1, max-image-preview:large, max-video-preview:-1\" \/>\n<link rel=\"canonical\" href=\"https:\/\/rozaria.pl\/blog\/roze-zimowanie-a-dobor-okrycia\/\" \/>\n<meta property=\"og:locale\" content=\"pl_PL\" \/>\n<meta property=\"og:type\" content=\"article\" \/>\n<meta property=\"og:title\" content=\"R\u00f3\u017ce \u2013 zimowanie, a dob\u00f3r okrycia - blog Rozaria.pl\" \/>\n<meta property=\"og:description\" content=\"Po\u0142owa listopada ju\u017c za nami, a to znak, \u017ce najwy\u017cszy czas pomy\u015ble\u0107 o naszych r\u00f3\u017cach i zabezpieczeniu ich przed zim\u0105. Wszyscy chcieliby\u015bmy, \u017ceby nasze krzewy przetrwa\u0142y nadchodz\u0105ce przymrozki bez szwanku i jednocze\u015bnie bez wi\u0119kszego wysi\u0142ku z naszej strony, jednak je\u015bli [&hellip;]\" \/>\n<meta property=\"og:url\" content=\"https:\/\/rozaria.pl\/blog\/roze-zimowanie-a-dobor-okrycia\/\" \/>\n<meta property=\"og:site_name\" content=\"blog Rozaria.pl\" \/>\n<meta property=\"article:publisher\" content=\"https:\/\/www.facebook.com\/SzkolkaRozRozaria\/\" \/>\n<meta property=\"article:published_time\" content=\"2018-11-19T23:17:49+00:00\" \/>\n<meta property=\"article:modified_time\" content=\"2018-11-20T07:49:50+00:00\" \/>\n<meta property=\"og:image\" content=\"https:\/\/rozaria.pl\/blog\/wp-content\/uploads\/2018\/11\/pon-wyr.jpg\" \/>\n\t<meta property=\"og:image:width\" content=\"800\" \/>\n\t<meta property=\"og:image:height\" content=\"611\" \/>\n\t<meta property=\"og:image:type\" content=\"image\/jpeg\" \/>\n<meta name=\"author\" content=\"Rozaria.pl\" \/>\n<meta name=\"twitter:card\" content=\"summary_large_image\" \/>\n<meta name=\"twitter:creator\" content=\"@SzkolkaRozaria\" \/>\n<meta name=\"twitter:site\" content=\"@SzkolkaRozaria\" \/>\n<meta name=\"twitter:label1\" content=\"Napisane przez\" \/>\n\t<meta name=\"twitter:data1\" content=\"Rozaria.pl\" \/>\n\t<meta name=\"twitter:label2\" content=\"Szacowany czas czytania\" \/>\n\t<meta name=\"twitter:data2\" content=\"4 minuty\" \/>\n<script type=\"application\/ld+json\" class=\"yoast-schema-graph\">{\"@context\":\"https:\/\/schema.org\",\"@graph\":[{\"@type\":\"Article\",\"@id\":\"https:\/\/rozaria.pl\/blog\/roze-zimowanie-a-dobor-okrycia\/#article\",\"isPartOf\":{\"@id\":\"https:\/\/rozaria.pl\/blog\/roze-zimowanie-a-dobor-okrycia\/\"},\"author\":{\"name\":\"Rozaria.pl\",\"@id\":\"https:\/\/rozaria.pl\/blog\/#\/schema\/person\/e0b63ce2682f026a88828a7772e9ac22\"},\"headline\":\"R\u00f3\u017ce \u2013 zimowanie, a dob\u00f3r okrycia\",\"datePublished\":\"2018-11-19T23:17:49+00:00\",\"dateModified\":\"2018-11-20T07:49:50+00:00\",\"mainEntityOfPage\":{\"@id\":\"https:\/\/rozaria.pl\/blog\/roze-zimowanie-a-dobor-okrycia\/\"},\"wordCount\":757,\"commentCount\":5,\"publisher\":{\"@id\":\"https:\/\/rozaria.pl\/blog\/#organization\"},\"image\":{\"@id\":\"https:\/\/rozaria.pl\/blog\/roze-zimowanie-a-dobor-okrycia\/#primaryimage\"},\"thumbnailUrl\":\"https:\/\/rozaria.pl\/blog\/wp-content\/uploads\/2018\/11\/pon-wyr.jpg\",\"keywords\":[\"jak pielegnowa\u0107 r\u00f3\u017ce\",\"kopczykowanie r\u00f3\u017c\",\"piel\u0119gnacja r\u00f3\u017c\",\"r\u00f3\u017cane ogrody\",\"r\u00f3\u017ce\",\"r\u00f3\u017ce hodowla\",\"r\u00f3\u017ce ochrona na zim\u0119\",\"r\u00f3\u017ce piel\u0119gnacja\",\"r\u00f3\u017ce w ogrodzie\",\"r\u00f3\u017ce zim\u0105\",\"r\u00f3\u017ce zimuj\u0105ce bez okrycia\"],\"articleSection\":[\"Piel\u0119gnacja\"],\"inLanguage\":\"pl-PL\",\"potentialAction\":[{\"@type\":\"CommentAction\",\"name\":\"Comment\",\"target\":[\"https:\/\/rozaria.pl\/blog\/roze-zimowanie-a-dobor-okrycia\/#respond\"]}]},{\"@type\":\"WebPage\",\"@id\":\"https:\/\/rozaria.pl\/blog\/roze-zimowanie-a-dobor-okrycia\/\",\"url\":\"https:\/\/rozaria.pl\/blog\/roze-zimowanie-a-dobor-okrycia\/\",\"name\":\"R\u00f3\u017ce \u2013 zimowanie, a dob\u00f3r okrycia - blog Rozaria.pl\",\"isPartOf\":{\"@id\":\"https:\/\/rozaria.pl\/blog\/#website\"},\"primaryImageOfPage\":{\"@id\":\"https:\/\/rozaria.pl\/blog\/roze-zimowanie-a-dobor-okrycia\/#primaryimage\"},\"image\":{\"@id\":\"https:\/\/rozaria.pl\/blog\/roze-zimowanie-a-dobor-okrycia\/#primaryimage\"},\"thumbnailUrl\":\"https:\/\/rozaria.pl\/blog\/wp-content\/uploads\/2018\/11\/pon-wyr.jpg\",\"datePublished\":\"2018-11-19T23:17:49+00:00\",\"dateModified\":\"2018-11-20T07:49:50+00:00\",\"breadcrumb\":{\"@id\":\"https:\/\/rozaria.pl\/blog\/roze-zimowanie-a-dobor-okrycia\/#breadcrumb\"},\"inLanguage\":\"pl-PL\",\"potentialAction\":[{\"@type\":\"ReadAction\",\"target\":[\"https:\/\/rozaria.pl\/blog\/roze-zimowanie-a-dobor-okrycia\/\"]}]},{\"@type\":\"ImageObject\",\"inLanguage\":\"pl-PL\",\"@id\":\"https:\/\/rozaria.pl\/blog\/roze-zimowanie-a-dobor-okrycia\/#primaryimage\",\"url\":\"https:\/\/rozaria.pl\/blog\/wp-content\/uploads\/2018\/11\/pon-wyr.jpg\",\"contentUrl\":\"https:\/\/rozaria.pl\/blog\/wp-content\/uploads\/2018\/11\/pon-wyr.jpg\",\"width\":800,\"height\":611,\"caption\":\"zimowanie r\u00f3\u017c\"},{\"@type\":\"BreadcrumbList\",\"@id\":\"https:\/\/rozaria.pl\/blog\/roze-zimowanie-a-dobor-okrycia\/#breadcrumb\",\"itemListElement\":[{\"@type\":\"ListItem\",\"position\":1,\"name\":\"Strona g\u0142\u00f3wna\",\"item\":\"https:\/\/rozaria.pl\/blog\/\"},{\"@type\":\"ListItem\",\"position\":2,\"name\":\"R\u00f3\u017ce \u2013 zimowanie, a dob\u00f3r okrycia\"}]},{\"@type\":\"WebSite\",\"@id\":\"https:\/\/rozaria.pl\/blog\/#website\",\"url\":\"https:\/\/rozaria.pl\/blog\/\",\"name\":\"blog Rozaria.pl\",\"description\":\"Porozmawiajmy o r\u00f3\u017cach, o wszystkich sprawach\",\"publisher\":{\"@id\":\"https:\/\/rozaria.pl\/blog\/#organization\"},\"potentialAction\":[{\"@type\":\"SearchAction\",\"target\":{\"@type\":\"EntryPoint\",\"urlTemplate\":\"https:\/\/rozaria.pl\/blog\/?s={search_term_string}\"},\"query-input\":{\"@type\":\"PropertyValueSpecification\",\"valueRequired\":true,\"valueName\":\"search_term_string\"}}],\"inLanguage\":\"pl-PL\"},{\"@type\":\"Organization\",\"@id\":\"https:\/\/rozaria.pl\/blog\/#organization\",\"name\":\"Szk\u00f3\u0142ka R\u00f3\u017c Rozaria\",\"url\":\"https:\/\/rozaria.pl\/blog\/\",\"logo\":{\"@type\":\"ImageObject\",\"inLanguage\":\"pl-PL\",\"@id\":\"https:\/\/rozaria.pl\/blog\/#\/schema\/logo\/image\/\",\"url\":\"https:\/\/rozaria.pl\/blog\/wp-content\/uploads\/2016\/12\/logo_dla-rozaria.png\",\"contentUrl\":\"https:\/\/rozaria.pl\/blog\/wp-content\/uploads\/2016\/12\/logo_dla-rozaria.png\",\"width\":400,\"height\":166,\"caption\":\"Szk\u00f3\u0142ka R\u00f3\u017c Rozaria\"},\"image\":{\"@id\":\"https:\/\/rozaria.pl\/blog\/#\/schema\/logo\/image\/\"},\"sameAs\":[\"https:\/\/www.facebook.com\/SzkolkaRozRozaria\/\",\"https:\/\/x.com\/SzkolkaRozaria\",\"https:\/\/www.youtube.com\/channel\/UCguKKBc7F06eYM1tzYx1Z5A\"]},{\"@type\":\"Person\",\"@id\":\"https:\/\/rozaria.pl\/blog\/#\/schema\/person\/e0b63ce2682f026a88828a7772e9ac22\",\"name\":\"Rozaria.pl\",\"image\":{\"@type\":\"ImageObject\",\"inLanguage\":\"pl-PL\",\"@id\":\"https:\/\/rozaria.pl\/blog\/#\/schema\/person\/image\/\",\"url\":\"https:\/\/secure.gravatar.com\/avatar\/a617f0796bdf5b31b93d812b41809f25?s=96&d=mm&r=g\",\"contentUrl\":\"https:\/\/secure.gravatar.com\/avatar\/a617f0796bdf5b31b93d812b41809f25?s=96&d=mm&r=g\",\"caption\":\"Rozaria.pl\"},\"url\":\"https:\/\/rozaria.pl\/blog\/author\/pp\/\"}]}<\/script>\n<!-- \/ Yoast SEO plugin. -->","yoast_head_json":{"title":"R\u00f3\u017ce \u2013 zimowanie, a dob\u00f3r okrycia - blog Rozaria.pl","robots":{"index":"index","follow":"follow","max-snippet":"max-snippet:-1","max-image-preview":"max-image-preview:large","max-video-preview":"max-video-preview:-1"},"canonical":"https:\/\/rozaria.pl\/blog\/roze-zimowanie-a-dobor-okrycia\/","og_locale":"pl_PL","og_type":"article","og_title":"R\u00f3\u017ce \u2013 zimowanie, a dob\u00f3r okrycia - blog Rozaria.pl","og_description":"Po\u0142owa listopada ju\u017c za nami, a to znak, \u017ce najwy\u017cszy czas pomy\u015ble\u0107 o naszych r\u00f3\u017cach i zabezpieczeniu ich przed zim\u0105. Wszyscy chcieliby\u015bmy, \u017ceby nasze krzewy przetrwa\u0142y nadchodz\u0105ce przymrozki bez szwanku i jednocze\u015bnie bez wi\u0119kszego wysi\u0142ku z naszej strony, jednak je\u015bli [&hellip;]","og_url":"https:\/\/rozaria.pl\/blog\/roze-zimowanie-a-dobor-okrycia\/","og_site_name":"blog Rozaria.pl","article_publisher":"https:\/\/www.facebook.com\/SzkolkaRozRozaria\/","article_published_time":"2018-11-19T23:17:49+00:00","article_modified_time":"2018-11-20T07:49:50+00:00","og_image":[{"width":800,"height":611,"url":"https:\/\/rozaria.pl\/blog\/wp-content\/uploads\/2018\/11\/pon-wyr.jpg","type":"image\/jpeg"}],"author":"Rozaria.pl","twitter_card":"summary_large_image","twitter_creator":"@SzkolkaRozaria","twitter_site":"@SzkolkaRozaria","twitter_misc":{"Napisane przez":"Rozaria.pl","Szacowany czas czytania":"4 minuty"},"schema":{"@context":"https:\/\/schema.org","@graph":[{"@type":"Article","@id":"https:\/\/rozaria.pl\/blog\/roze-zimowanie-a-dobor-okrycia\/#article","isPartOf":{"@id":"https:\/\/rozaria.pl\/blog\/roze-zimowanie-a-dobor-okrycia\/"},"author":{"name":"Rozaria.pl","@id":"https:\/\/rozaria.pl\/blog\/#\/schema\/person\/e0b63ce2682f026a88828a7772e9ac22"},"headline":"R\u00f3\u017ce \u2013 zimowanie, a dob\u00f3r okrycia","datePublished":"2018-11-19T23:17:49+00:00","dateModified":"2018-11-20T07:49:50+00:00","mainEntityOfPage":{"@id":"https:\/\/rozaria.pl\/blog\/roze-zimowanie-a-dobor-okrycia\/"},"wordCount":757,"commentCount":5,"publisher":{"@id":"https:\/\/rozaria.pl\/blog\/#organization"},"image":{"@id":"https:\/\/rozaria.pl\/blog\/roze-zimowanie-a-dobor-okrycia\/#primaryimage"},"thumbnailUrl":"https:\/\/rozaria.pl\/blog\/wp-content\/uploads\/2018\/11\/pon-wyr.jpg","keywords":["jak pielegnowa\u0107 r\u00f3\u017ce","kopczykowanie r\u00f3\u017c","piel\u0119gnacja r\u00f3\u017c","r\u00f3\u017cane ogrody","r\u00f3\u017ce","r\u00f3\u017ce hodowla","r\u00f3\u017ce ochrona na zim\u0119","r\u00f3\u017ce piel\u0119gnacja","r\u00f3\u017ce w ogrodzie","r\u00f3\u017ce zim\u0105","r\u00f3\u017ce zimuj\u0105ce bez okrycia"],"articleSection":["Piel\u0119gnacja"],"inLanguage":"pl-PL","potentialAction":[{"@type":"CommentAction","name":"Comment","target":["https:\/\/rozaria.pl\/blog\/roze-zimowanie-a-dobor-okrycia\/#respond"]}]},{"@type":"WebPage","@id":"https:\/\/rozaria.pl\/blog\/roze-zimowanie-a-dobor-okrycia\/","url":"https:\/\/rozaria.pl\/blog\/roze-zimowanie-a-dobor-okrycia\/","name":"R\u00f3\u017ce \u2013 zimowanie, a dob\u00f3r okrycia - blog Rozaria.pl","isPartOf":{"@id":"https:\/\/rozaria.pl\/blog\/#website"},"primaryImageOfPage":{"@id":"https:\/\/rozaria.pl\/blog\/roze-zimowanie-a-dobor-okrycia\/#primaryimage"},"image":{"@id":"https:\/\/rozaria.pl\/blog\/roze-zimowanie-a-dobor-okrycia\/#primaryimage"},"thumbnailUrl":"https:\/\/rozaria.pl\/blog\/wp-content\/uploads\/2018\/11\/pon-wyr.jpg","datePublished":"2018-11-19T23:17:49+00:00","dateModified":"2018-11-20T07:49:50+00:00","breadcrumb":{"@id":"https:\/\/rozaria.pl\/blog\/roze-zimowanie-a-dobor-okrycia\/#breadcrumb"},"inLanguage":"pl-PL","potentialAction":[{"@type":"ReadAction","target":["https:\/\/rozaria.pl\/blog\/roze-zimowanie-a-dobor-okrycia\/"]}]},{"@type":"ImageObject","inLanguage":"pl-PL","@id":"https:\/\/rozaria.pl\/blog\/roze-zimowanie-a-dobor-okrycia\/#primaryimage","url":"https:\/\/rozaria.pl\/blog\/wp-content\/uploads\/2018\/11\/pon-wyr.jpg","contentUrl":"https:\/\/rozaria.pl\/blog\/wp-content\/uploads\/2018\/11\/pon-wyr.jpg","width":800,"height":611,"caption":"zimowanie r\u00f3\u017c"},{"@type":"BreadcrumbList","@id":"https:\/\/rozaria.pl\/blog\/roze-zimowanie-a-dobor-okrycia\/#breadcrumb","itemListElement":[{"@type":"ListItem","position":1,"name":"Strona g\u0142\u00f3wna","item":"https:\/\/rozaria.pl\/blog\/"},{"@type":"ListItem","position":2,"name":"R\u00f3\u017ce \u2013 zimowanie, a dob\u00f3r okrycia"}]},{"@type":"WebSite","@id":"https:\/\/rozaria.pl\/blog\/#website","url":"https:\/\/rozaria.pl\/blog\/","name":"blog Rozaria.pl","description":"Porozmawiajmy o r\u00f3\u017cach, o wszystkich sprawach","publisher":{"@id":"https:\/\/rozaria.pl\/blog\/#organization"},"potentialAction":[{"@type":"SearchAction","target":{"@type":"EntryPoint","urlTemplate":"https:\/\/rozaria.pl\/blog\/?s={search_term_string}"},"query-input":{"@type":"PropertyValueSpecification","valueRequired":true,"valueName":"search_term_string"}}],"inLanguage":"pl-PL"},{"@type":"Organization","@id":"https:\/\/rozaria.pl\/blog\/#organization","name":"Szk\u00f3\u0142ka R\u00f3\u017c Rozaria","url":"https:\/\/rozaria.pl\/blog\/","logo":{"@type":"ImageObject","inLanguage":"pl-PL","@id":"https:\/\/rozaria.pl\/blog\/#\/schema\/logo\/image\/","url":"https:\/\/rozaria.pl\/blog\/wp-content\/uploads\/2016\/12\/logo_dla-rozaria.png","contentUrl":"https:\/\/rozaria.pl\/blog\/wp-content\/uploads\/2016\/12\/logo_dla-rozaria.png","width":400,"height":166,"caption":"Szk\u00f3\u0142ka R\u00f3\u017c Rozaria"},"image":{"@id":"https:\/\/rozaria.pl\/blog\/#\/schema\/logo\/image\/"},"sameAs":["https:\/\/www.facebook.com\/SzkolkaRozRozaria\/","https:\/\/x.com\/SzkolkaRozaria","https:\/\/www.youtube.com\/channel\/UCguKKBc7F06eYM1tzYx1Z5A"]},{"@type":"Person","@id":"https:\/\/rozaria.pl\/blog\/#\/schema\/person\/e0b63ce2682f026a88828a7772e9ac22","name":"Rozaria.pl","image":{"@type":"ImageObject","inLanguage":"pl-PL","@id":"https:\/\/rozaria.pl\/blog\/#\/schema\/person\/image\/","url":"https:\/\/secure.gravatar.com\/avatar\/a617f0796bdf5b31b93d812b41809f25?s=96&d=mm&r=g","contentUrl":"https:\/\/secure.gravatar.com\/avatar\/a617f0796bdf5b31b93d812b41809f25?s=96&d=mm&r=g","caption":"Rozaria.pl"},"url":"https:\/\/rozaria.pl\/blog\/author\/pp\/"}]}},"_links":{"self":[{"href":"https:\/\/rozaria.pl\/blog\/wp-json\/wp\/v2\/posts\/2778"}],"collection":[{"href":"https:\/\/rozaria.pl\/blog\/wp-json\/wp\/v2\/posts"}],"about":[{"href":"https:\/\/rozaria.pl\/blog\/wp-json\/wp\/v2\/types\/post"}],"author":[{"embeddable":true,"href":"https:\/\/rozaria.pl\/blog\/wp-json\/wp\/v2\/users\/11"}],"replies":[{"embeddable":true,"href":"https:\/\/rozaria.pl\/blog\/wp-json\/wp\/v2\/comments?post=2778"}],"version-history":[{"count":5,"href":"https:\/\/rozaria.pl\/blog\/wp-json\/wp\/v2\/posts\/2778\/revisions"}],"predecessor-version":[{"id":2787,"href":"https:\/\/rozaria.pl\/blog\/wp-json\/wp\/v2\/posts\/2778\/revisions\/2787"}],"wp:featuredmedia":[{"embeddable":true,"href":"https:\/\/rozaria.pl\/blog\/wp-json\/wp\/v2\/media\/2780"}],"wp:attachment":[{"href":"https:\/\/rozaria.pl\/blog\/wp-json\/wp\/v2\/media?parent=2778"}],"wp:term":[{"taxonomy":"category","embeddable":true,"href":"https:\/\/rozaria.pl\/blog\/wp-json\/wp\/v2\/categories?post=2778"},{"taxonomy":"post_tag","embeddable":true,"href":"https:\/\/rozaria.pl\/blog\/wp-json\/wp\/v2\/tags?post=2778"}],"curies":[{"name":"wp","href":"https:\/\/api.w.org\/{rel}","templated":true}]}}