{"id":1860,"date":"2018-05-20T19:31:51","date_gmt":"2018-05-20T17:31:51","guid":{"rendered":"http:\/\/rozaria.pl\/blog\/?p=1860"},"modified":"2018-05-21T21:05:51","modified_gmt":"2018-05-21T19:05:51","slug":"od-sadzonki-do-kwiatu-czyli-o-uprawie-roz-raz-jeszcze","status":"publish","type":"post","link":"https:\/\/rozaria.pl\/blog\/od-sadzonki-do-kwiatu-czyli-o-uprawie-roz-raz-jeszcze\/","title":{"rendered":"Od sadzonki do kwiatu, czyli o uprawie r\u00f3\u017c raz jeszcze"},"content":{"rendered":"<p style=\"text-align: justify;\"><strong>Temat uprawy r\u00f3\u017c poruszali\u015bmy ju\u017c wcze\u015bniej na naszym blogu i chocia\u017c wi\u0119kszo\u015bci z nas nie jest on obcy, pozostaje wci\u0105\u017c na tyle wa\u017cnym elementem corocznej rutyny ka\u017cdego ogrodnika, \u017ce co jaki\u015b czas warto do niego wraca\u0107. Poniewa\u017c jest to na tyle szerokie zagadnienie, \u017ce mogliby\u015bmy o nim rozprawia\u0107 dniami, dzisiaj skupimy si\u0119 na samym sadzeniu r\u00f3\u017c oraz zwi\u0105zanymi z nim decyzjami, od kt\u00f3rych zale\u017cy przysz\u0142o\u015b\u0107 naszych kwiat\u00f3w.<img loading=\"lazy\" decoding=\"async\" class=\"aligncenter wp-image-1863 \" title=\"uprawa krzew\u00f3w r\u00f3\u017c\" src=\"http:\/\/rozaria.pl\/blog\/wp-content\/uploads\/2018\/05\/uprawa-1.jpg\" alt=\"uprawa krzew\u00f3w r\u00f3\u017c\" width=\"1092\" height=\"819\" srcset=\"https:\/\/rozaria.pl\/blog\/wp-content\/uploads\/2018\/05\/uprawa-1-150x113.jpg 150w, https:\/\/rozaria.pl\/blog\/wp-content\/uploads\/2018\/05\/uprawa-1-300x225.jpg 300w, https:\/\/rozaria.pl\/blog\/wp-content\/uploads\/2018\/05\/uprawa-1-768x576.jpg 768w, https:\/\/rozaria.pl\/blog\/wp-content\/uploads\/2018\/05\/uprawa-1-1024x768.jpg 1024w, https:\/\/rozaria.pl\/blog\/wp-content\/uploads\/2018\/05\/uprawa-1.jpg 1280w\" sizes=\"(max-width: 1092px) 100vw, 1092px\" \/><\/strong><\/p>\n<p style=\"text-align: justify;\"><strong>Krok pierwszy, czyli zanim posadzisz<\/strong><\/p>\n<p style=\"text-align: justify;\">Zanim zaczniemy zastanawia\u0107 si\u0119 nad bardziej skomplikowanymi aspektami uprawy <strong>krzew\u00f3w r\u00f3\u017c<\/strong>, powinni\u015bmy dok\u0142adnie przemy\u015ble\u0107, jakie warunki b\u0119d\u0105 dla naszych kwiat\u00f3w najlepsze. Chocia\u017c nie wszyscy przywi\u0105zuj\u0105 du\u017c\u0105 wag\u0119 do wyboru stanowiska, nieodpowiednie zlokalizowanie naszych r\u00f3\u017c w ogrodzie mo\u017ce w p\u00f3\u017aniejszym czasie odbi\u0107\u00a0 si\u0119 nam czkawk\u0105 i zniweczy\u0107 starania nawet najbardziej wytrwa\u0142ego i zdeterminowanego \u00a0ogrodnika. W\u0142a\u015bnie z tego wzgl\u0119du t\u0105 pierwsz\u0105 i prawdopodobnie najwa\u017cniejsz\u0105 decyzj\u0119 dobrze jest podj\u0105\u0107 jeszcze przed samym dokonaniem zakupu \u2013 mo\u017cemy wtedy ograniczy\u0107 wyb\u00f3r sadzonek, kt\u00f3re sprawdz\u0105 si\u0119 w naszym ogrodzie, a to pozwoli nam zaoszcz\u0119dzi\u0107 w przysz\u0142o\u015bci sporo czasu i nerw\u00f3w.<\/p>\n<p style=\"text-align: justify;\">Zdecydowana wi\u0119kszo\u015b\u0107 gatunk\u00f3w r\u00f3\u017c preferuje stanowiska mocno nas\u0142onecznione, jednak nie oznacza to, \u017ce nie znajdziemy kandydatek na inne miejsca w naszym ogrodzie. Je\u015bli na przyk\u0142ad \u00a0rabaty, kt\u00f3re chcemy obsadzi\u0107 znajduj\u0105 si\u0119 w zacienionych przez wi\u0119kszo\u015b\u0107 dnia miejscach to na <a href=\"https:\/\/rozaria.pl\/roze-do-cienia\" target=\"_blank\" rel=\"noopener\">r\u00f3\u017ce do p\u00f3\u0142cienia<\/a> lepiej wybra\u0107 odmiany parkowe, czy pn\u0105ce, kt\u00f3re sprawdz\u0105 si\u0119 tam o wiele lepiej, ni\u017c pozosta\u0142e odmiany tych kwiat\u00f3w.<\/p>\n<p style=\"text-align: justify;\">Oczywi\u015bcie, je\u015bli nie chcemy po\u015bwi\u0119ca\u0107 zbyt du\u017co czasu na odpowiednie przygotowanie stanowiska dla naszych r\u00f3\u017c, mo\u017cemy zdecydowa\u0107 si\u0119 na kt\u00f3r\u0105\u015b z <a href=\"https:\/\/rozaria.pl\/roze-certyfikat-adr\">wyj\u0105tkowo odpornych<\/a> odmian, kt\u00f3re poradz\u0105 sobie niemal w ka\u017cdych warunkach, a do tego nie straszny im b\u0119dzie mr\u00f3z, czy choroby.<\/p>\n<p style=\"text-align: justify;\"><strong><img loading=\"lazy\" decoding=\"async\" class=\"alignleft wp-image-1864\" style=\"text-align: justify;\" title=\"uprawa sadzonek r\u00f3\u017c\" src=\"http:\/\/rozaria.pl\/blog\/wp-content\/uploads\/2018\/05\/uprawa-2.jpg\" alt=\"uprawa sadzonek r\u00f3\u017c\" width=\"341\" height=\"511\" srcset=\"https:\/\/rozaria.pl\/blog\/wp-content\/uploads\/2018\/05\/uprawa-2-100x150.jpg 100w, https:\/\/rozaria.pl\/blog\/wp-content\/uploads\/2018\/05\/uprawa-2-200x300.jpg 200w, https:\/\/rozaria.pl\/blog\/wp-content\/uploads\/2018\/05\/uprawa-2.jpg 683w\" sizes=\"(max-width: 341px) 100vw, 341px\" \/>Krok rugi \u2013 sadzenie<\/strong><\/p>\n<p style=\"text-align: justify;\">Po wybraniu odpowiedniego stanowiska przychodzi oczywi\u015bcie czas na posadzenie naszych sadzonek. Chocia\u017c <strong>krzewy r\u00f3\u017c<\/strong> r\u00f3\u017cni\u0105 si\u0119 znacz\u0105co od siebie w wielu kwestiach, zamawiane w szk\u00f3\u0142kach r\u00f3\u017c sadzonki mo\u017cemy podzieli\u0107 zasadniczo \u00a0na trzy typy:<\/p>\n<p><u>Krzewy z go\u0142ym korzeniem<\/u> \u2013 jak sama nazwa wskazuje posiadaj\u0105 go\u0142y, nieos\u0142oni\u0119ty korze\u0144. Najlepiej sadzi\u0107 je wiosna i jesieni\u0105, a podczas kopania do\u0142ka na nasz\u0105 sadzonk\u0119 powinni\u015bmy zwr\u00f3ci\u0107 uwag\u0119, \u017ceby korzenie nie zagina\u0142y si\u0119 na ko\u0144cach, tylko swobodnie si\u0119 w nim uk\u0142ada\u0142y.<\/p>\n<p><u>Sadzonki balotowane<\/u> \u2013 w tym przypadku system korzeniowy os\u0142oni\u0119ty jest siatk\u0105, kt\u00f3ra ma za zadanie przed\u0142u\u017cy\u0107 \u017cywotno\u015b\u0107 naszych ro\u015blin. Zale\u017cnie od odmiany mo\u017cemy sadzi\u0107 je razem z siatk\u0105 lub po jej wcze\u015bniejszym zdj\u0119ciu. Poza tym post\u0119pujemy z nimi identycznie, jak z krzewami o go\u0142ym korzeniu.<\/p>\n<p><u>R\u00f3\u017ce w pojemnikach<\/u> \u2013 prawdopodobnie naj\u0142atwiej przyjmuj\u0105ca si\u0119 grupa r\u00f3\u017c, idealna dla os\u00f3b, kt\u00f3re boja si\u0119 utraty sadzonki ju\u017c na pierwszym etapie. Chocia\u017c zaleca si\u0119, aby\u015bmy sadzili je jesieni\u0105, mo\u017cemy robi\u0107 to tak naprawd\u0119 przez ca\u0142y sezon, a przy okazji nie musimy przejmowa\u0107 si\u0119 korzeniami, gdy\u017c s\u0105 one ju\u017c dobrze wykszta\u0142cone.<\/p>\n<p style=\"text-align: justify;\"><strong>Gleba \u2013 kwestia warta zachodu?<\/strong><\/p>\n<p style=\"text-align: justify;\">Nieod\u0142\u0105cznym elementem ka\u017cdego stanowiska jest oczywi\u015bcie gleba, w kt\u00f3rej zakorzenione b\u0119d\u0105 nasze <strong>krzewy r\u00f3\u017c<\/strong>. \u00a0Najlepsze pod\u0142o\u017ce do uprawy\u00a0 tych kwiat\u00f3w to \u017cyzna, bogata w pr\u00f3chnic\u0119 gleba, kt\u00f3rej pH jest kwasowe i waha si\u0119 mi\u0119dzy 5,5, a 6,5. Wa\u017cne jest te\u017c, aby ziemia nie by\u0142a zbyt mocno zbita i umo\u017cliwia\u0142a korzeniom odpowiedni pob\u00f3r wody i sk\u0142adnik\u00f3w mineralnych.\u00a0 Chocia\u017c nie zawsze b\u0119dziemy w stanie od zaraz zapewni\u0107 w\u0142a\u015bciw\u0105 gleb\u0119 dla naszych r\u00f3\u017c, w dzisiejszych czasach mo\u017cemy temu bardzo \u0142atwo zaradzi\u0107, czy to kupuj\u0105c specjalnie przeznaczon\u0105 dla r\u00f3\u017c ziemi\u0119, kt\u00f3ra zapewni im odpowiedni\u0105 ilo\u015b\u0107 pr\u00f3chnicy, czy te\u017c zwyczajnie spulchniaj\u0105c pod\u0142o\u017ce przed posadzeniem kwiat\u00f3w.<\/p>\n<p><img loading=\"lazy\" decoding=\"async\" class=\" wp-image-1866 aligncenter\" style=\"text-align: justify;\" src=\"http:\/\/rozaria.pl\/blog\/wp-content\/uploads\/2018\/05\/uprawa-3.jpg\" alt=\"uprawa krzew\u00f3w r\u00f3\u017c\" width=\"566\" height=\"425\" srcset=\"https:\/\/rozaria.pl\/blog\/wp-content\/uploads\/2018\/05\/uprawa-3-150x113.jpg 150w, https:\/\/rozaria.pl\/blog\/wp-content\/uploads\/2018\/05\/uprawa-3-300x225.jpg 300w, https:\/\/rozaria.pl\/blog\/wp-content\/uploads\/2018\/05\/uprawa-3-768x576.jpg 768w, https:\/\/rozaria.pl\/blog\/wp-content\/uploads\/2018\/05\/uprawa-3-1024x768.jpg 1024w, https:\/\/rozaria.pl\/blog\/wp-content\/uploads\/2018\/05\/uprawa-3.jpg 1280w\" sizes=\"(max-width: 566px) 100vw, 566px\" \/><\/p>\n<p style=\"text-align: justify;\">Je\u015bli jednak nie decydujemy si\u0119 na sprowadzanie ziemi i chcemy skorzysta\u0107 z bogactw naszego ogrodu, powinni\u015bmy szczeg\u00f3lnie wystrzega\u0107 si\u0119\u00a0 gleb piaszczystych, w kt\u00f3rych wyst\u0119puj\u0105 problemy z nawodnieniem ro\u015blin oraz cz\u0119stym wyp\u0142ukiwaniem minera\u0142\u00f3w.<\/p>\n<p style=\"text-align: justify;\">\u00a0Od rodzaju pod\u0142o\u017ca zale\u017cy te\u017c, jak cz\u0119sto b\u0119dziemy musieli podlewa\u0107 nasze <strong>krzewy r\u00f3\u017c<\/strong> oraz jakich nawoz\u00f3w b\u0119dziemy potrzebowa\u0107, jednak te tematy poruszymy dopiero w kolejnych artyku\u0142ach<\/p>\n","protected":false},"excerpt":{"rendered":"<p>Temat uprawy r\u00f3\u017c poruszali\u015bmy ju\u017c wcze\u015bniej na naszym blogu i chocia\u017c wi\u0119kszo\u015bci z nas nie jest on obcy, pozostaje wci\u0105\u017c na tyle wa\u017cnym elementem corocznej rutyny ka\u017cdego ogrodnika, \u017ce co jaki\u015b czas warto do niego wraca\u0107. Poniewa\u017c jest to na [&hellip;]<\/p>\n","protected":false},"author":11,"featured_media":1861,"comment_status":"open","ping_status":"open","sticky":false,"template":"","format":"standard","meta":{"_mi_skip_tracking":false,"_monsterinsights_sitenote_active":false,"_monsterinsights_sitenote_note":"","_monsterinsights_sitenote_category":0,"footnotes":""},"categories":[7],"tags":[94,58,49,29,15,32,31,10,56,39,86],"yoast_head":"<!-- This site is optimized with the Yoast SEO plugin v23.5 - https:\/\/yoast.com\/wordpress\/plugins\/seo\/ -->\n<title>Od sadzonki do kwiatu, czyli o uprawie r\u00f3\u017c raz jeszcze - blog Rozaria.pl<\/title>\n<meta name=\"robots\" content=\"index, follow, max-snippet:-1, max-image-preview:large, max-video-preview:-1\" \/>\n<link rel=\"canonical\" href=\"https:\/\/rozaria.pl\/blog\/od-sadzonki-do-kwiatu-czyli-o-uprawie-roz-raz-jeszcze\/\" \/>\n<meta property=\"og:locale\" content=\"pl_PL\" \/>\n<meta property=\"og:type\" content=\"article\" \/>\n<meta property=\"og:title\" content=\"Od sadzonki do kwiatu, czyli o uprawie r\u00f3\u017c raz jeszcze - blog Rozaria.pl\" \/>\n<meta property=\"og:description\" content=\"Temat uprawy r\u00f3\u017c poruszali\u015bmy ju\u017c wcze\u015bniej na naszym blogu i chocia\u017c wi\u0119kszo\u015bci z nas nie jest on obcy, pozostaje wci\u0105\u017c na tyle wa\u017cnym elementem corocznej rutyny ka\u017cdego ogrodnika, \u017ce co jaki\u015b czas warto do niego wraca\u0107. Poniewa\u017c jest to na [&hellip;]\" \/>\n<meta property=\"og:url\" content=\"https:\/\/rozaria.pl\/blog\/od-sadzonki-do-kwiatu-czyli-o-uprawie-roz-raz-jeszcze\/\" \/>\n<meta property=\"og:site_name\" content=\"blog Rozaria.pl\" \/>\n<meta property=\"article:publisher\" content=\"https:\/\/www.facebook.com\/SzkolkaRozRozaria\/\" \/>\n<meta property=\"article:published_time\" content=\"2018-05-20T17:31:51+00:00\" \/>\n<meta property=\"article:modified_time\" content=\"2018-05-21T19:05:51+00:00\" \/>\n<meta property=\"og:image\" content=\"https:\/\/rozaria.pl\/blog\/wp-content\/uploads\/2018\/05\/uprawa-wyrozn.jpg\" \/>\n\t<meta property=\"og:image:width\" content=\"1280\" \/>\n\t<meta property=\"og:image:height\" content=\"853\" \/>\n\t<meta property=\"og:image:type\" content=\"image\/jpeg\" \/>\n<meta name=\"author\" content=\"Rozaria.pl\" \/>\n<meta name=\"twitter:card\" content=\"summary_large_image\" \/>\n<meta name=\"twitter:creator\" content=\"@SzkolkaRozaria\" \/>\n<meta name=\"twitter:site\" content=\"@SzkolkaRozaria\" \/>\n<meta name=\"twitter:label1\" content=\"Napisane przez\" \/>\n\t<meta name=\"twitter:data1\" content=\"Rozaria.pl\" \/>\n\t<meta name=\"twitter:label2\" content=\"Szacowany czas czytania\" \/>\n\t<meta name=\"twitter:data2\" content=\"4 minuty\" \/>\n<script type=\"application\/ld+json\" class=\"yoast-schema-graph\">{\"@context\":\"https:\/\/schema.org\",\"@graph\":[{\"@type\":\"Article\",\"@id\":\"https:\/\/rozaria.pl\/blog\/od-sadzonki-do-kwiatu-czyli-o-uprawie-roz-raz-jeszcze\/#article\",\"isPartOf\":{\"@id\":\"https:\/\/rozaria.pl\/blog\/od-sadzonki-do-kwiatu-czyli-o-uprawie-roz-raz-jeszcze\/\"},\"author\":{\"name\":\"Rozaria.pl\",\"@id\":\"https:\/\/rozaria.pl\/blog\/#\/schema\/person\/e0b63ce2682f026a88828a7772e9ac22\"},\"headline\":\"Od sadzonki do kwiatu, czyli o uprawie r\u00f3\u017c raz jeszcze\",\"datePublished\":\"2018-05-20T17:31:51+00:00\",\"dateModified\":\"2018-05-21T19:05:51+00:00\",\"mainEntityOfPage\":{\"@id\":\"https:\/\/rozaria.pl\/blog\/od-sadzonki-do-kwiatu-czyli-o-uprawie-roz-raz-jeszcze\/\"},\"wordCount\":748,\"commentCount\":0,\"publisher\":{\"@id\":\"https:\/\/rozaria.pl\/blog\/#organization\"},\"image\":{\"@id\":\"https:\/\/rozaria.pl\/blog\/od-sadzonki-do-kwiatu-czyli-o-uprawie-roz-raz-jeszcze\/#primaryimage\"},\"thumbnailUrl\":\"https:\/\/rozaria.pl\/blog\/wp-content\/uploads\/2018\/05\/uprawa-wyrozn.jpg\",\"keywords\":[\"krzewy r\u00f3\u017c\",\"r\u00f3\u017cane ogrody\",\"r\u00f3\u017ce\",\"r\u00f3\u017ce doniczkowe\",\"r\u00f3\u017ce hodowla\",\"r\u00f3\u017ce ogrodowe\",\"r\u00f3\u017ce sadzenie\",\"r\u00f3\u017ce uprawa\",\"r\u00f3\u017ce w ogrodzie\",\"sadzenie r\u00f3\u017c\",\"sadzonki r\u00f3\u017c\"],\"articleSection\":[\"Uprawa\"],\"inLanguage\":\"pl-PL\",\"potentialAction\":[{\"@type\":\"CommentAction\",\"name\":\"Comment\",\"target\":[\"https:\/\/rozaria.pl\/blog\/od-sadzonki-do-kwiatu-czyli-o-uprawie-roz-raz-jeszcze\/#respond\"]}]},{\"@type\":\"WebPage\",\"@id\":\"https:\/\/rozaria.pl\/blog\/od-sadzonki-do-kwiatu-czyli-o-uprawie-roz-raz-jeszcze\/\",\"url\":\"https:\/\/rozaria.pl\/blog\/od-sadzonki-do-kwiatu-czyli-o-uprawie-roz-raz-jeszcze\/\",\"name\":\"Od sadzonki do kwiatu, czyli o uprawie r\u00f3\u017c raz jeszcze - blog Rozaria.pl\",\"isPartOf\":{\"@id\":\"https:\/\/rozaria.pl\/blog\/#website\"},\"primaryImageOfPage\":{\"@id\":\"https:\/\/rozaria.pl\/blog\/od-sadzonki-do-kwiatu-czyli-o-uprawie-roz-raz-jeszcze\/#primaryimage\"},\"image\":{\"@id\":\"https:\/\/rozaria.pl\/blog\/od-sadzonki-do-kwiatu-czyli-o-uprawie-roz-raz-jeszcze\/#primaryimage\"},\"thumbnailUrl\":\"https:\/\/rozaria.pl\/blog\/wp-content\/uploads\/2018\/05\/uprawa-wyrozn.jpg\",\"datePublished\":\"2018-05-20T17:31:51+00:00\",\"dateModified\":\"2018-05-21T19:05:51+00:00\",\"breadcrumb\":{\"@id\":\"https:\/\/rozaria.pl\/blog\/od-sadzonki-do-kwiatu-czyli-o-uprawie-roz-raz-jeszcze\/#breadcrumb\"},\"inLanguage\":\"pl-PL\",\"potentialAction\":[{\"@type\":\"ReadAction\",\"target\":[\"https:\/\/rozaria.pl\/blog\/od-sadzonki-do-kwiatu-czyli-o-uprawie-roz-raz-jeszcze\/\"]}]},{\"@type\":\"ImageObject\",\"inLanguage\":\"pl-PL\",\"@id\":\"https:\/\/rozaria.pl\/blog\/od-sadzonki-do-kwiatu-czyli-o-uprawie-roz-raz-jeszcze\/#primaryimage\",\"url\":\"https:\/\/rozaria.pl\/blog\/wp-content\/uploads\/2018\/05\/uprawa-wyrozn.jpg\",\"contentUrl\":\"https:\/\/rozaria.pl\/blog\/wp-content\/uploads\/2018\/05\/uprawa-wyrozn.jpg\",\"width\":1280,\"height\":853,\"caption\":\"krzewy r\u00f3\u017c\"},{\"@type\":\"BreadcrumbList\",\"@id\":\"https:\/\/rozaria.pl\/blog\/od-sadzonki-do-kwiatu-czyli-o-uprawie-roz-raz-jeszcze\/#breadcrumb\",\"itemListElement\":[{\"@type\":\"ListItem\",\"position\":1,\"name\":\"Strona g\u0142\u00f3wna\",\"item\":\"https:\/\/rozaria.pl\/blog\/\"},{\"@type\":\"ListItem\",\"position\":2,\"name\":\"Od sadzonki do kwiatu, czyli o uprawie r\u00f3\u017c raz jeszcze\"}]},{\"@type\":\"WebSite\",\"@id\":\"https:\/\/rozaria.pl\/blog\/#website\",\"url\":\"https:\/\/rozaria.pl\/blog\/\",\"name\":\"blog Rozaria.pl\",\"description\":\"Porozmawiajmy o r\u00f3\u017cach, o wszystkich sprawach\",\"publisher\":{\"@id\":\"https:\/\/rozaria.pl\/blog\/#organization\"},\"potentialAction\":[{\"@type\":\"SearchAction\",\"target\":{\"@type\":\"EntryPoint\",\"urlTemplate\":\"https:\/\/rozaria.pl\/blog\/?s={search_term_string}\"},\"query-input\":{\"@type\":\"PropertyValueSpecification\",\"valueRequired\":true,\"valueName\":\"search_term_string\"}}],\"inLanguage\":\"pl-PL\"},{\"@type\":\"Organization\",\"@id\":\"https:\/\/rozaria.pl\/blog\/#organization\",\"name\":\"Szk\u00f3\u0142ka R\u00f3\u017c Rozaria\",\"url\":\"https:\/\/rozaria.pl\/blog\/\",\"logo\":{\"@type\":\"ImageObject\",\"inLanguage\":\"pl-PL\",\"@id\":\"https:\/\/rozaria.pl\/blog\/#\/schema\/logo\/image\/\",\"url\":\"https:\/\/rozaria.pl\/blog\/wp-content\/uploads\/2016\/12\/logo_dla-rozaria.png\",\"contentUrl\":\"https:\/\/rozaria.pl\/blog\/wp-content\/uploads\/2016\/12\/logo_dla-rozaria.png\",\"width\":400,\"height\":166,\"caption\":\"Szk\u00f3\u0142ka R\u00f3\u017c Rozaria\"},\"image\":{\"@id\":\"https:\/\/rozaria.pl\/blog\/#\/schema\/logo\/image\/\"},\"sameAs\":[\"https:\/\/www.facebook.com\/SzkolkaRozRozaria\/\",\"https:\/\/x.com\/SzkolkaRozaria\",\"https:\/\/www.youtube.com\/channel\/UCguKKBc7F06eYM1tzYx1Z5A\"]},{\"@type\":\"Person\",\"@id\":\"https:\/\/rozaria.pl\/blog\/#\/schema\/person\/e0b63ce2682f026a88828a7772e9ac22\",\"name\":\"Rozaria.pl\",\"image\":{\"@type\":\"ImageObject\",\"inLanguage\":\"pl-PL\",\"@id\":\"https:\/\/rozaria.pl\/blog\/#\/schema\/person\/image\/\",\"url\":\"https:\/\/secure.gravatar.com\/avatar\/a617f0796bdf5b31b93d812b41809f25?s=96&d=mm&r=g\",\"contentUrl\":\"https:\/\/secure.gravatar.com\/avatar\/a617f0796bdf5b31b93d812b41809f25?s=96&d=mm&r=g\",\"caption\":\"Rozaria.pl\"},\"url\":\"https:\/\/rozaria.pl\/blog\/author\/pp\/\"}]}<\/script>\n<!-- \/ Yoast SEO plugin. -->","yoast_head_json":{"title":"Od sadzonki do kwiatu, czyli o uprawie r\u00f3\u017c raz jeszcze - blog Rozaria.pl","robots":{"index":"index","follow":"follow","max-snippet":"max-snippet:-1","max-image-preview":"max-image-preview:large","max-video-preview":"max-video-preview:-1"},"canonical":"https:\/\/rozaria.pl\/blog\/od-sadzonki-do-kwiatu-czyli-o-uprawie-roz-raz-jeszcze\/","og_locale":"pl_PL","og_type":"article","og_title":"Od sadzonki do kwiatu, czyli o uprawie r\u00f3\u017c raz jeszcze - blog Rozaria.pl","og_description":"Temat uprawy r\u00f3\u017c poruszali\u015bmy ju\u017c wcze\u015bniej na naszym blogu i chocia\u017c wi\u0119kszo\u015bci z nas nie jest on obcy, pozostaje wci\u0105\u017c na tyle wa\u017cnym elementem corocznej rutyny ka\u017cdego ogrodnika, \u017ce co jaki\u015b czas warto do niego wraca\u0107. Poniewa\u017c jest to na [&hellip;]","og_url":"https:\/\/rozaria.pl\/blog\/od-sadzonki-do-kwiatu-czyli-o-uprawie-roz-raz-jeszcze\/","og_site_name":"blog Rozaria.pl","article_publisher":"https:\/\/www.facebook.com\/SzkolkaRozRozaria\/","article_published_time":"2018-05-20T17:31:51+00:00","article_modified_time":"2018-05-21T19:05:51+00:00","og_image":[{"width":1280,"height":853,"url":"https:\/\/rozaria.pl\/blog\/wp-content\/uploads\/2018\/05\/uprawa-wyrozn.jpg","type":"image\/jpeg"}],"author":"Rozaria.pl","twitter_card":"summary_large_image","twitter_creator":"@SzkolkaRozaria","twitter_site":"@SzkolkaRozaria","twitter_misc":{"Napisane przez":"Rozaria.pl","Szacowany czas czytania":"4 minuty"},"schema":{"@context":"https:\/\/schema.org","@graph":[{"@type":"Article","@id":"https:\/\/rozaria.pl\/blog\/od-sadzonki-do-kwiatu-czyli-o-uprawie-roz-raz-jeszcze\/#article","isPartOf":{"@id":"https:\/\/rozaria.pl\/blog\/od-sadzonki-do-kwiatu-czyli-o-uprawie-roz-raz-jeszcze\/"},"author":{"name":"Rozaria.pl","@id":"https:\/\/rozaria.pl\/blog\/#\/schema\/person\/e0b63ce2682f026a88828a7772e9ac22"},"headline":"Od sadzonki do kwiatu, czyli o uprawie r\u00f3\u017c raz jeszcze","datePublished":"2018-05-20T17:31:51+00:00","dateModified":"2018-05-21T19:05:51+00:00","mainEntityOfPage":{"@id":"https:\/\/rozaria.pl\/blog\/od-sadzonki-do-kwiatu-czyli-o-uprawie-roz-raz-jeszcze\/"},"wordCount":748,"commentCount":0,"publisher":{"@id":"https:\/\/rozaria.pl\/blog\/#organization"},"image":{"@id":"https:\/\/rozaria.pl\/blog\/od-sadzonki-do-kwiatu-czyli-o-uprawie-roz-raz-jeszcze\/#primaryimage"},"thumbnailUrl":"https:\/\/rozaria.pl\/blog\/wp-content\/uploads\/2018\/05\/uprawa-wyrozn.jpg","keywords":["krzewy r\u00f3\u017c","r\u00f3\u017cane ogrody","r\u00f3\u017ce","r\u00f3\u017ce doniczkowe","r\u00f3\u017ce hodowla","r\u00f3\u017ce ogrodowe","r\u00f3\u017ce sadzenie","r\u00f3\u017ce uprawa","r\u00f3\u017ce w ogrodzie","sadzenie r\u00f3\u017c","sadzonki r\u00f3\u017c"],"articleSection":["Uprawa"],"inLanguage":"pl-PL","potentialAction":[{"@type":"CommentAction","name":"Comment","target":["https:\/\/rozaria.pl\/blog\/od-sadzonki-do-kwiatu-czyli-o-uprawie-roz-raz-jeszcze\/#respond"]}]},{"@type":"WebPage","@id":"https:\/\/rozaria.pl\/blog\/od-sadzonki-do-kwiatu-czyli-o-uprawie-roz-raz-jeszcze\/","url":"https:\/\/rozaria.pl\/blog\/od-sadzonki-do-kwiatu-czyli-o-uprawie-roz-raz-jeszcze\/","name":"Od sadzonki do kwiatu, czyli o uprawie r\u00f3\u017c raz jeszcze - blog Rozaria.pl","isPartOf":{"@id":"https:\/\/rozaria.pl\/blog\/#website"},"primaryImageOfPage":{"@id":"https:\/\/rozaria.pl\/blog\/od-sadzonki-do-kwiatu-czyli-o-uprawie-roz-raz-jeszcze\/#primaryimage"},"image":{"@id":"https:\/\/rozaria.pl\/blog\/od-sadzonki-do-kwiatu-czyli-o-uprawie-roz-raz-jeszcze\/#primaryimage"},"thumbnailUrl":"https:\/\/rozaria.pl\/blog\/wp-content\/uploads\/2018\/05\/uprawa-wyrozn.jpg","datePublished":"2018-05-20T17:31:51+00:00","dateModified":"2018-05-21T19:05:51+00:00","breadcrumb":{"@id":"https:\/\/rozaria.pl\/blog\/od-sadzonki-do-kwiatu-czyli-o-uprawie-roz-raz-jeszcze\/#breadcrumb"},"inLanguage":"pl-PL","potentialAction":[{"@type":"ReadAction","target":["https:\/\/rozaria.pl\/blog\/od-sadzonki-do-kwiatu-czyli-o-uprawie-roz-raz-jeszcze\/"]}]},{"@type":"ImageObject","inLanguage":"pl-PL","@id":"https:\/\/rozaria.pl\/blog\/od-sadzonki-do-kwiatu-czyli-o-uprawie-roz-raz-jeszcze\/#primaryimage","url":"https:\/\/rozaria.pl\/blog\/wp-content\/uploads\/2018\/05\/uprawa-wyrozn.jpg","contentUrl":"https:\/\/rozaria.pl\/blog\/wp-content\/uploads\/2018\/05\/uprawa-wyrozn.jpg","width":1280,"height":853,"caption":"krzewy r\u00f3\u017c"},{"@type":"BreadcrumbList","@id":"https:\/\/rozaria.pl\/blog\/od-sadzonki-do-kwiatu-czyli-o-uprawie-roz-raz-jeszcze\/#breadcrumb","itemListElement":[{"@type":"ListItem","position":1,"name":"Strona g\u0142\u00f3wna","item":"https:\/\/rozaria.pl\/blog\/"},{"@type":"ListItem","position":2,"name":"Od sadzonki do kwiatu, czyli o uprawie r\u00f3\u017c raz jeszcze"}]},{"@type":"WebSite","@id":"https:\/\/rozaria.pl\/blog\/#website","url":"https:\/\/rozaria.pl\/blog\/","name":"blog Rozaria.pl","description":"Porozmawiajmy o r\u00f3\u017cach, o wszystkich sprawach","publisher":{"@id":"https:\/\/rozaria.pl\/blog\/#organization"},"potentialAction":[{"@type":"SearchAction","target":{"@type":"EntryPoint","urlTemplate":"https:\/\/rozaria.pl\/blog\/?s={search_term_string}"},"query-input":{"@type":"PropertyValueSpecification","valueRequired":true,"valueName":"search_term_string"}}],"inLanguage":"pl-PL"},{"@type":"Organization","@id":"https:\/\/rozaria.pl\/blog\/#organization","name":"Szk\u00f3\u0142ka R\u00f3\u017c Rozaria","url":"https:\/\/rozaria.pl\/blog\/","logo":{"@type":"ImageObject","inLanguage":"pl-PL","@id":"https:\/\/rozaria.pl\/blog\/#\/schema\/logo\/image\/","url":"https:\/\/rozaria.pl\/blog\/wp-content\/uploads\/2016\/12\/logo_dla-rozaria.png","contentUrl":"https:\/\/rozaria.pl\/blog\/wp-content\/uploads\/2016\/12\/logo_dla-rozaria.png","width":400,"height":166,"caption":"Szk\u00f3\u0142ka R\u00f3\u017c Rozaria"},"image":{"@id":"https:\/\/rozaria.pl\/blog\/#\/schema\/logo\/image\/"},"sameAs":["https:\/\/www.facebook.com\/SzkolkaRozRozaria\/","https:\/\/x.com\/SzkolkaRozaria","https:\/\/www.youtube.com\/channel\/UCguKKBc7F06eYM1tzYx1Z5A"]},{"@type":"Person","@id":"https:\/\/rozaria.pl\/blog\/#\/schema\/person\/e0b63ce2682f026a88828a7772e9ac22","name":"Rozaria.pl","image":{"@type":"ImageObject","inLanguage":"pl-PL","@id":"https:\/\/rozaria.pl\/blog\/#\/schema\/person\/image\/","url":"https:\/\/secure.gravatar.com\/avatar\/a617f0796bdf5b31b93d812b41809f25?s=96&d=mm&r=g","contentUrl":"https:\/\/secure.gravatar.com\/avatar\/a617f0796bdf5b31b93d812b41809f25?s=96&d=mm&r=g","caption":"Rozaria.pl"},"url":"https:\/\/rozaria.pl\/blog\/author\/pp\/"}]}},"_links":{"self":[{"href":"https:\/\/rozaria.pl\/blog\/wp-json\/wp\/v2\/posts\/1860"}],"collection":[{"href":"https:\/\/rozaria.pl\/blog\/wp-json\/wp\/v2\/posts"}],"about":[{"href":"https:\/\/rozaria.pl\/blog\/wp-json\/wp\/v2\/types\/post"}],"author":[{"embeddable":true,"href":"https:\/\/rozaria.pl\/blog\/wp-json\/wp\/v2\/users\/11"}],"replies":[{"embeddable":true,"href":"https:\/\/rozaria.pl\/blog\/wp-json\/wp\/v2\/comments?post=1860"}],"version-history":[{"count":20,"href":"https:\/\/rozaria.pl\/blog\/wp-json\/wp\/v2\/posts\/1860\/revisions"}],"predecessor-version":[{"id":1885,"href":"https:\/\/rozaria.pl\/blog\/wp-json\/wp\/v2\/posts\/1860\/revisions\/1885"}],"wp:featuredmedia":[{"embeddable":true,"href":"https:\/\/rozaria.pl\/blog\/wp-json\/wp\/v2\/media\/1861"}],"wp:attachment":[{"href":"https:\/\/rozaria.pl\/blog\/wp-json\/wp\/v2\/media?parent=1860"}],"wp:term":[{"taxonomy":"category","embeddable":true,"href":"https:\/\/rozaria.pl\/blog\/wp-json\/wp\/v2\/categories?post=1860"},{"taxonomy":"post_tag","embeddable":true,"href":"https:\/\/rozaria.pl\/blog\/wp-json\/wp\/v2\/tags?post=1860"}],"curies":[{"name":"wp","href":"https:\/\/api.w.org\/{rel}","templated":true}]}}