{"id":1706,"date":"2017-12-17T17:18:28","date_gmt":"2017-12-17T16:18:28","guid":{"rendered":"http:\/\/rozaria.pl\/blog\/?p=1706"},"modified":"2017-12-20T11:43:06","modified_gmt":"2017-12-20T10:43:06","slug":"roza-konfiturowa-czyli-smak-prosto-z-ogrodu","status":"publish","type":"post","link":"https:\/\/rozaria.pl\/blog\/roza-konfiturowa-czyli-smak-prosto-z-ogrodu\/","title":{"rendered":"R\u00f3\u017ca konfiturowa, czyli smak prosto z ogrodu"},"content":{"rendered":"<p style=\"text-align: justify;\"><strong>Chocia\u017c zima nie jest najlepszym okresem na przygotowywanie konfitur i d\u017cem\u00f3w, warto ju\u017c teraz zastanowi\u0107 si\u0119, czy nasze r\u00f3\u017ce maja by\u0107 wy\u0142\u0105cznie ozdob\u0105 ogrodu, czy mo\u017ce oczekujemy od nich czego\u015b wi\u0119cej. Je\u015bli jeste\u015bmy zwolennikami tej drugiej opcji, istnieje kilka dodatkowych czynnik\u00f3w, kt\u00f3re powinni\u015bmy wzi\u0105\u0107 pod uwag\u0119 wybieraj\u0105c krzewy do naszego ogrodu.<img loading=\"lazy\" decoding=\"async\" class=\"aligncenter wp-image-1708 size-full\" title=\"najlepsze r\u00f3\u017ce konfiturowe\" src=\"http:\/\/rozaria.pl\/blog\/wp-content\/uploads\/2017\/12\/konfiturowe-1.jpg\" alt=\"najlepsze r\u00f3\u017ce konfiturowe\" width=\"800\" height=\"600\" srcset=\"https:\/\/rozaria.pl\/blog\/wp-content\/uploads\/2017\/12\/konfiturowe-1-150x113.jpg 150w, https:\/\/rozaria.pl\/blog\/wp-content\/uploads\/2017\/12\/konfiturowe-1-300x225.jpg 300w, https:\/\/rozaria.pl\/blog\/wp-content\/uploads\/2017\/12\/konfiturowe-1-768x576.jpg 768w, https:\/\/rozaria.pl\/blog\/wp-content\/uploads\/2017\/12\/konfiturowe-1.jpg 800w\" sizes=\"(max-width: 800px) 100vw, 800px\" \/><\/strong><\/p>\n<p style=\"text-align: justify;\"><strong>Kt\u00f3re r\u00f3\u017ce nadaj\u0105 si\u0119 na konfitury?<\/strong><\/p>\n<p style=\"text-align: justify;\">Prawda jest taka, \u017ce praktycznie wszystkie gatunki r\u00f3\u017c s\u0105\u00a0 jadalne, nie oznacza to jednak, \u017ce powinni\u015bmy przerabia\u0107 na konfitury ca\u0142y nasz ogr\u00f3d. \u017beby znale\u017a\u0107 idealn\u0105 <strong>r\u00f3\u017c\u0119 konfiturow\u0105<\/strong> musimy odpowiedzie\u0107 sobie na kilka bardzo wa\u017cnych pyta\u0144, dzi\u0119ki kt\u00f3rym oszcz\u0119dzimy nie tylko niewinne kwiaty, ale tak\u017ce i sw\u00f3j \u017co\u0142\u0105dek.<\/p>\n<p style=\"text-align: justify;\">Pierwszym i prawdopodobnie najwa\u017cniejszym pytaniem, jakie powinni\u015bmy postawi\u0107 jest: <em>czy moje <a href=\"https:\/\/rozaria.pl\/roze-jadalne\" target=\"_blank\" rel=\"noopener\">r\u00f3\u017ce s\u0105 jadalne<\/a>? <\/em>Chocia\u017c wszystkie krzewy w naszym ogrodzie mog\u0142y kiedy\u015b nadawa\u0107 si\u0119 do przerobienia na konfitury, teraz mog\u0105 przyprawi\u0107 nas o b\u00f3l brzucha. Win\u0119 za to ponosz\u0105 oczywi\u015bcie substancje chemiczne, kt\u00f3rymi czasami opryskuje si\u0119 r\u00f3\u017ce (cz\u0119sto w celu ochrony przed chorobami i szkodnikami). To w\u0142a\u015bnie z tego powodu kupowanie r\u00f3\u017c np. w kwiaciarni tylko po to, by przerobi\u0107 je na d\u017cem mo\u017ce nie by\u0107 najlepszym pomys\u0142em.<\/p>\n<p style=\"text-align: justify;\">Drugie pytanie, kt\u00f3re mo\u017ce zawa\u017cy\u0107 w du\u017cym stopniu na jako\u015bci naszych konfitur to: <em>czy moja r\u00f3\u017ca pachnie? <\/em>Przed przyst\u0105pieniem do jakichkolwiek kuchennych zmaga\u0144 powinni\u015bmy u\u015bwiadomi\u0107 sobie, \u017ce przetwory r\u00f3\u017cane nie tylko s\u0142yn\u0105 z walor\u00f3w smakowych, ale r\u00f3wnie\u017c ze swojego intensywnego zapachu. Wszystko oczywi\u015bcie zale\u017cy od dodatkowych sk\u0142adnik\u00f3w, jakie zamierzamy wykorzysta\u0107, jednak mimo wszystko powinni\u015bmy mie\u0107 to na uwadze.<\/p>\n<p style=\"text-align: justify;\">Wreszcie ostatnim elementem, kt\u00f3ry powinni\u015bmy wzi\u0105\u0107 pod uwag\u0119 wybieraj\u0105c najlepsz\u0105 <strong>r\u00f3\u017c\u0119 konfiturow\u0105<\/strong> jest jej\u2026 wygl\u0105d. Czasami zwyczajnie nie warto po\u015bwi\u0119ca\u0107 najwi\u0119kszej ozdoby naszego ogrodu dla s\u0142oika przetwor\u00f3w, nawet je\u015bli mia\u0142aby naprawd\u0119 nieziemski zapach. To kryterium jest najbardziej subiektywne, dlatego sami powinni\u015bmy zastanowi\u0107 si\u0119, na czym zale\u017cy nam najbardziej.<\/p>\n<p style=\"text-align: justify;\"><strong>Smaki Francji<\/strong><img loading=\"lazy\" decoding=\"async\" class=\"alignleft wp-image-1709\" title=\"r\u00f3\u017ca konfiturowa\" src=\"http:\/\/rozaria.pl\/blog\/wp-content\/uploads\/2017\/12\/konfiturowe-2.jpg\" alt=\"r\u00f3\u017ca konfiturowa\" width=\"506\" height=\"643\" srcset=\"https:\/\/rozaria.pl\/blog\/wp-content\/uploads\/2017\/12\/konfiturowe-2-118x150.jpg 118w, https:\/\/rozaria.pl\/blog\/wp-content\/uploads\/2017\/12\/konfiturowe-2-236x300.jpg 236w, https:\/\/rozaria.pl\/blog\/wp-content\/uploads\/2017\/12\/konfiturowe-2.jpg 630w\" sizes=\"(max-width: 506px) 100vw, 506px\" \/><\/p>\n<p style=\"text-align: justify;\">W\u015br\u00f3d kandydatek na idealny przysmak prosto z ogrodu wyr\u00f3\u017cnia si\u0119 kilka gatunk\u00f3w, kt\u00f3re cz\u0119sto ch\u0119tniej zobaczyliby\u015bmy na stole, ni\u017c w ogrodzie. Nasz\u0105 list\u0119 otwiera r\u00f3\u017ca galicyjska. Podobnie, jak pozosta\u0142e <a href=\"https:\/\/rozaria.pl\/roze-historyczne\">r\u00f3\u017ce historyczne<\/a>, r\u00f3\u017ca galicyjska posiada bardzo przyjemny i intensywny zapach, kt\u00f3ry czyni j\u0105 idealn\u0105 kandydatk\u0105 na nasz st\u00f3\u0142. Dodatkowymi atutami s\u0105 bardzo niewielka liczba kolc\u00f3w oraz kwiaty w kolorze ciemnego r\u00f3\u017cu nadaj\u0105ce konfiturom apetyczny wygl\u0105d.<\/p>\n<p style=\"text-align: justify;\">Wspominaj\u0105c o r\u00f3\u017cy galicyjskiej nie mo\u017cna te\u017c zapomnie\u0107 o jej m\u0142odszej siostrze \u2013 r\u00f3\u017cy damasce\u0144skiej. Chocia\u017c jest ona r\u00f3wnie dobr\u0105 kandydatk\u0105 do roli <strong>r\u00f3\u017cy konfiturowej<\/strong>, obecnie jest wykorzystywana g\u0142\u00f3wnie przy produkcji wody r\u00f3\u017canej i olejku r\u00f3\u017canego, kt\u00f3re pozwalaj\u0105 uwolni\u0107 jej pe\u0142en potencja\u0142.<\/p>\n<p style=\"text-align: justify;\"><strong>R\u00f3\u017ca stulistna<\/strong><\/p>\n<p style=\"text-align: justify;\">Drugie miejsce na naszej li\u015bcie zajmuje (pochodz\u0105ca tak\u017ce z Francji) r\u00f3\u017ca stulistna. O r\u00f3\u017cy stulistnej pisali\u015bmy ju\u017c w jednym z wcze\u015bniejszych wpis\u00f3w, dlatego przypomnimy tylko najwa\u017cniejsze fakty. R\u00f3\u017ca stulistna to niewymagaj\u0105cy krzew tworz\u0105cy w okresie kwitnienia charakterystyczne, barwne zas\u0142ony p\u0142atk\u00f3w. Z uwagi na jego niezwyk\u0142\u0105 urod\u0119, wolimy podziwia\u0107 go w ogrodzie, ni\u017c na talerzu, ale wyb\u00f3r jak zawsze nale\u017cy do was.<\/p>\n<p style=\"text-align: justify;\"><strong>R\u00f3\u017ca pomarszczona<\/strong><\/p>\n<p style=\"text-align: justify;\">R\u00f3\u017ca pomarszczona to ostatnia kandydatka do tytu\u0142u najlepszej <strong>r\u00f3\u017cy konfiturowej<\/strong> i chyba najbardziej zas\u0142uguje na to miano. Opr\u00f3cz du\u017cych, pachn\u0105cych kwiat\u00f3w posiada te\u017c znacznych rozmiar\u00f3w owoce, kt\u00f3rych g\u0142\u00f3wna warto\u015b\u0107 le\u017cy w nieprzeci\u0119tnej zawarto\u015bci witaminy C. Z tego powodu owoce r\u00f3\u017cy pomarszczonej wykorzystywane s\u0105 nie tylko do przygotowywania potraw, ale te\u017c jako sk\u0142adniki wielu lek\u00f3w o dzia\u0142aniu wzmacniaj\u0105cym i przeciwzapalnym.<\/p>\n<p style=\"text-align: justify;\">R\u00f3\u017ca japo\u0144ska to jeden z krzew\u00f3w o najliczniejszych zastosowaniach. Mo\u017cemy spotka\u0107 go nie tylko w ogrodach, ale tak\u017ce w aptekach, czy na domowych sto\u0142ach i to w\u0142a\u015bnie czyni te kwiaty tak wyj\u0105tkowymi. Niezale\u017cnie od tego, czy szukacie warto\u015bciowej ozdoby ogrodu, czy mo\u017ce marz\u0105 wam si\u0119 r\u00f3\u017cane konfitury, r\u00f3\u017ca pomarszczona sprawdzi si\u0119 \u015bwietnie w ka\u017cdej roli.<img loading=\"lazy\" decoding=\"async\" class=\"aligncenter wp-image-1710 size-full\" title=\"r\u00f3\u017ce na konfitury\" src=\"http:\/\/rozaria.pl\/blog\/wp-content\/uploads\/2017\/12\/konfiturowe-3.jpg\" alt=\"r\u00f3\u017ce na konfitury\" width=\"799\" height=\"599\" srcset=\"https:\/\/rozaria.pl\/blog\/wp-content\/uploads\/2017\/12\/konfiturowe-3-150x112.jpg 150w, https:\/\/rozaria.pl\/blog\/wp-content\/uploads\/2017\/12\/konfiturowe-3-300x225.jpg 300w, https:\/\/rozaria.pl\/blog\/wp-content\/uploads\/2017\/12\/konfiturowe-3-768x576.jpg 768w, https:\/\/rozaria.pl\/blog\/wp-content\/uploads\/2017\/12\/konfiturowe-3.jpg 799w\" sizes=\"(max-width: 799px) 100vw, 799px\" \/><\/p>\n","protected":false},"excerpt":{"rendered":"<p>Chocia\u017c zima nie jest najlepszym okresem na przygotowywanie konfitur i d\u017cem\u00f3w, warto ju\u017c teraz zastanowi\u0107 si\u0119, czy nasze r\u00f3\u017ce maja by\u0107 wy\u0142\u0105cznie ozdob\u0105 ogrodu, czy mo\u017ce oczekujemy od nich czego\u015b wi\u0119cej. Je\u015bli jeste\u015bmy zwolennikami tej drugiej opcji, istnieje kilka dodatkowych [&hellip;]<\/p>\n","protected":false},"author":11,"featured_media":1707,"comment_status":"open","ping_status":"open","sticky":false,"template":"","format":"standard","meta":{"_mi_skip_tracking":false,"_monsterinsights_sitenote_active":false,"_monsterinsights_sitenote_note":"","_monsterinsights_sitenote_category":0,"footnotes":""},"categories":[5],"tags":[79,78,68,77,42,71,23,32,55,56],"yoast_head":"<!-- This site is optimized with the Yoast SEO plugin v23.5 - https:\/\/yoast.com\/wordpress\/plugins\/seo\/ -->\n<title>R\u00f3\u017ca konfiturowa, czyli smak prosto z ogrodu - blog Rozaria.pl<\/title>\n<meta name=\"robots\" content=\"index, follow, max-snippet:-1, max-image-preview:large, max-video-preview:-1\" \/>\n<link rel=\"canonical\" href=\"https:\/\/rozaria.pl\/blog\/roza-konfiturowa-czyli-smak-prosto-z-ogrodu\/\" \/>\n<meta property=\"og:locale\" content=\"pl_PL\" \/>\n<meta property=\"og:type\" content=\"article\" \/>\n<meta property=\"og:title\" content=\"R\u00f3\u017ca konfiturowa, czyli smak prosto z ogrodu - blog Rozaria.pl\" \/>\n<meta property=\"og:description\" content=\"Chocia\u017c zima nie jest najlepszym okresem na przygotowywanie konfitur i d\u017cem\u00f3w, warto ju\u017c teraz zastanowi\u0107 si\u0119, czy nasze r\u00f3\u017ce maja by\u0107 wy\u0142\u0105cznie ozdob\u0105 ogrodu, czy mo\u017ce oczekujemy od nich czego\u015b wi\u0119cej. Je\u015bli jeste\u015bmy zwolennikami tej drugiej opcji, istnieje kilka dodatkowych [&hellip;]\" \/>\n<meta property=\"og:url\" content=\"https:\/\/rozaria.pl\/blog\/roza-konfiturowa-czyli-smak-prosto-z-ogrodu\/\" \/>\n<meta property=\"og:site_name\" content=\"blog Rozaria.pl\" \/>\n<meta property=\"article:publisher\" content=\"https:\/\/www.facebook.com\/SzkolkaRozRozaria\/\" \/>\n<meta property=\"article:published_time\" content=\"2017-12-17T16:18:28+00:00\" \/>\n<meta property=\"article:modified_time\" content=\"2017-12-20T10:43:06+00:00\" \/>\n<meta property=\"og:image\" content=\"https:\/\/rozaria.pl\/blog\/wp-content\/uploads\/2017\/12\/konfiturowe-wyroznienie.jpg\" \/>\n\t<meta property=\"og:image:width\" content=\"1125\" \/>\n\t<meta property=\"og:image:height\" content=\"1500\" \/>\n\t<meta property=\"og:image:type\" content=\"image\/jpeg\" \/>\n<meta name=\"author\" content=\"Rozaria.pl\" \/>\n<meta name=\"twitter:card\" content=\"summary_large_image\" \/>\n<meta name=\"twitter:creator\" content=\"@SzkolkaRozaria\" \/>\n<meta name=\"twitter:site\" content=\"@SzkolkaRozaria\" \/>\n<meta name=\"twitter:label1\" content=\"Napisane przez\" \/>\n\t<meta name=\"twitter:data1\" content=\"Rozaria.pl\" \/>\n\t<meta name=\"twitter:label2\" content=\"Szacowany czas czytania\" \/>\n\t<meta name=\"twitter:data2\" content=\"4 minuty\" \/>\n<script type=\"application\/ld+json\" class=\"yoast-schema-graph\">{\"@context\":\"https:\/\/schema.org\",\"@graph\":[{\"@type\":\"Article\",\"@id\":\"https:\/\/rozaria.pl\/blog\/roza-konfiturowa-czyli-smak-prosto-z-ogrodu\/#article\",\"isPartOf\":{\"@id\":\"https:\/\/rozaria.pl\/blog\/roza-konfiturowa-czyli-smak-prosto-z-ogrodu\/\"},\"author\":{\"name\":\"Rozaria.pl\",\"@id\":\"https:\/\/rozaria.pl\/blog\/#\/schema\/person\/e0b63ce2682f026a88828a7772e9ac22\"},\"headline\":\"R\u00f3\u017ca konfiturowa, czyli smak prosto z ogrodu\",\"datePublished\":\"2017-12-17T16:18:28+00:00\",\"dateModified\":\"2017-12-20T10:43:06+00:00\",\"mainEntityOfPage\":{\"@id\":\"https:\/\/rozaria.pl\/blog\/roza-konfiturowa-czyli-smak-prosto-z-ogrodu\/\"},\"wordCount\":734,\"commentCount\":2,\"publisher\":{\"@id\":\"https:\/\/rozaria.pl\/blog\/#organization\"},\"image\":{\"@id\":\"https:\/\/rozaria.pl\/blog\/roza-konfiturowa-czyli-smak-prosto-z-ogrodu\/#primaryimage\"},\"thumbnailUrl\":\"https:\/\/rozaria.pl\/blog\/wp-content\/uploads\/2017\/12\/konfiturowe-wyroznienie.jpg\",\"keywords\":[\"r\u00f3\u017ca damasce\u0144ska\",\"r\u00f3\u017ca galicyjska\",\"r\u00f3\u017ca japo\u0144ska\",\"r\u00f3\u017ca konfiturowa\",\"r\u00f3\u017ca pomarszczona\",\"r\u00f3\u017ca stulistna\",\"r\u00f3\u017ce historyczne\",\"r\u00f3\u017ce ogrodowe\",\"r\u00f3\u017ce w kuchni\",\"r\u00f3\u017ce w ogrodzie\"],\"articleSection\":[\"Kulinaria\"],\"inLanguage\":\"pl-PL\",\"potentialAction\":[{\"@type\":\"CommentAction\",\"name\":\"Comment\",\"target\":[\"https:\/\/rozaria.pl\/blog\/roza-konfiturowa-czyli-smak-prosto-z-ogrodu\/#respond\"]}]},{\"@type\":\"WebPage\",\"@id\":\"https:\/\/rozaria.pl\/blog\/roza-konfiturowa-czyli-smak-prosto-z-ogrodu\/\",\"url\":\"https:\/\/rozaria.pl\/blog\/roza-konfiturowa-czyli-smak-prosto-z-ogrodu\/\",\"name\":\"R\u00f3\u017ca konfiturowa, czyli smak prosto z ogrodu - blog Rozaria.pl\",\"isPartOf\":{\"@id\":\"https:\/\/rozaria.pl\/blog\/#website\"},\"primaryImageOfPage\":{\"@id\":\"https:\/\/rozaria.pl\/blog\/roza-konfiturowa-czyli-smak-prosto-z-ogrodu\/#primaryimage\"},\"image\":{\"@id\":\"https:\/\/rozaria.pl\/blog\/roza-konfiturowa-czyli-smak-prosto-z-ogrodu\/#primaryimage\"},\"thumbnailUrl\":\"https:\/\/rozaria.pl\/blog\/wp-content\/uploads\/2017\/12\/konfiturowe-wyroznienie.jpg\",\"datePublished\":\"2017-12-17T16:18:28+00:00\",\"dateModified\":\"2017-12-20T10:43:06+00:00\",\"breadcrumb\":{\"@id\":\"https:\/\/rozaria.pl\/blog\/roza-konfiturowa-czyli-smak-prosto-z-ogrodu\/#breadcrumb\"},\"inLanguage\":\"pl-PL\",\"potentialAction\":[{\"@type\":\"ReadAction\",\"target\":[\"https:\/\/rozaria.pl\/blog\/roza-konfiturowa-czyli-smak-prosto-z-ogrodu\/\"]}]},{\"@type\":\"ImageObject\",\"inLanguage\":\"pl-PL\",\"@id\":\"https:\/\/rozaria.pl\/blog\/roza-konfiturowa-czyli-smak-prosto-z-ogrodu\/#primaryimage\",\"url\":\"https:\/\/rozaria.pl\/blog\/wp-content\/uploads\/2017\/12\/konfiturowe-wyroznienie.jpg\",\"contentUrl\":\"https:\/\/rozaria.pl\/blog\/wp-content\/uploads\/2017\/12\/konfiturowe-wyroznienie.jpg\",\"width\":1125,\"height\":1500},{\"@type\":\"BreadcrumbList\",\"@id\":\"https:\/\/rozaria.pl\/blog\/roza-konfiturowa-czyli-smak-prosto-z-ogrodu\/#breadcrumb\",\"itemListElement\":[{\"@type\":\"ListItem\",\"position\":1,\"name\":\"Strona g\u0142\u00f3wna\",\"item\":\"https:\/\/rozaria.pl\/blog\/\"},{\"@type\":\"ListItem\",\"position\":2,\"name\":\"R\u00f3\u017ca konfiturowa, czyli smak prosto z ogrodu\"}]},{\"@type\":\"WebSite\",\"@id\":\"https:\/\/rozaria.pl\/blog\/#website\",\"url\":\"https:\/\/rozaria.pl\/blog\/\",\"name\":\"blog Rozaria.pl\",\"description\":\"Porozmawiajmy o r\u00f3\u017cach, o wszystkich sprawach\",\"publisher\":{\"@id\":\"https:\/\/rozaria.pl\/blog\/#organization\"},\"potentialAction\":[{\"@type\":\"SearchAction\",\"target\":{\"@type\":\"EntryPoint\",\"urlTemplate\":\"https:\/\/rozaria.pl\/blog\/?s={search_term_string}\"},\"query-input\":{\"@type\":\"PropertyValueSpecification\",\"valueRequired\":true,\"valueName\":\"search_term_string\"}}],\"inLanguage\":\"pl-PL\"},{\"@type\":\"Organization\",\"@id\":\"https:\/\/rozaria.pl\/blog\/#organization\",\"name\":\"Szk\u00f3\u0142ka R\u00f3\u017c Rozaria\",\"url\":\"https:\/\/rozaria.pl\/blog\/\",\"logo\":{\"@type\":\"ImageObject\",\"inLanguage\":\"pl-PL\",\"@id\":\"https:\/\/rozaria.pl\/blog\/#\/schema\/logo\/image\/\",\"url\":\"https:\/\/rozaria.pl\/blog\/wp-content\/uploads\/2016\/12\/logo_dla-rozaria.png\",\"contentUrl\":\"https:\/\/rozaria.pl\/blog\/wp-content\/uploads\/2016\/12\/logo_dla-rozaria.png\",\"width\":400,\"height\":166,\"caption\":\"Szk\u00f3\u0142ka R\u00f3\u017c Rozaria\"},\"image\":{\"@id\":\"https:\/\/rozaria.pl\/blog\/#\/schema\/logo\/image\/\"},\"sameAs\":[\"https:\/\/www.facebook.com\/SzkolkaRozRozaria\/\",\"https:\/\/x.com\/SzkolkaRozaria\",\"https:\/\/www.youtube.com\/channel\/UCguKKBc7F06eYM1tzYx1Z5A\"]},{\"@type\":\"Person\",\"@id\":\"https:\/\/rozaria.pl\/blog\/#\/schema\/person\/e0b63ce2682f026a88828a7772e9ac22\",\"name\":\"Rozaria.pl\",\"image\":{\"@type\":\"ImageObject\",\"inLanguage\":\"pl-PL\",\"@id\":\"https:\/\/rozaria.pl\/blog\/#\/schema\/person\/image\/\",\"url\":\"https:\/\/secure.gravatar.com\/avatar\/a617f0796bdf5b31b93d812b41809f25?s=96&d=mm&r=g\",\"contentUrl\":\"https:\/\/secure.gravatar.com\/avatar\/a617f0796bdf5b31b93d812b41809f25?s=96&d=mm&r=g\",\"caption\":\"Rozaria.pl\"},\"url\":\"https:\/\/rozaria.pl\/blog\/author\/pp\/\"}]}<\/script>\n<!-- \/ Yoast SEO plugin. -->","yoast_head_json":{"title":"R\u00f3\u017ca konfiturowa, czyli smak prosto z ogrodu - blog Rozaria.pl","robots":{"index":"index","follow":"follow","max-snippet":"max-snippet:-1","max-image-preview":"max-image-preview:large","max-video-preview":"max-video-preview:-1"},"canonical":"https:\/\/rozaria.pl\/blog\/roza-konfiturowa-czyli-smak-prosto-z-ogrodu\/","og_locale":"pl_PL","og_type":"article","og_title":"R\u00f3\u017ca konfiturowa, czyli smak prosto z ogrodu - blog Rozaria.pl","og_description":"Chocia\u017c zima nie jest najlepszym okresem na przygotowywanie konfitur i d\u017cem\u00f3w, warto ju\u017c teraz zastanowi\u0107 si\u0119, czy nasze r\u00f3\u017ce maja by\u0107 wy\u0142\u0105cznie ozdob\u0105 ogrodu, czy mo\u017ce oczekujemy od nich czego\u015b wi\u0119cej. Je\u015bli jeste\u015bmy zwolennikami tej drugiej opcji, istnieje kilka dodatkowych [&hellip;]","og_url":"https:\/\/rozaria.pl\/blog\/roza-konfiturowa-czyli-smak-prosto-z-ogrodu\/","og_site_name":"blog Rozaria.pl","article_publisher":"https:\/\/www.facebook.com\/SzkolkaRozRozaria\/","article_published_time":"2017-12-17T16:18:28+00:00","article_modified_time":"2017-12-20T10:43:06+00:00","og_image":[{"width":1125,"height":1500,"url":"https:\/\/rozaria.pl\/blog\/wp-content\/uploads\/2017\/12\/konfiturowe-wyroznienie.jpg","type":"image\/jpeg"}],"author":"Rozaria.pl","twitter_card":"summary_large_image","twitter_creator":"@SzkolkaRozaria","twitter_site":"@SzkolkaRozaria","twitter_misc":{"Napisane przez":"Rozaria.pl","Szacowany czas czytania":"4 minuty"},"schema":{"@context":"https:\/\/schema.org","@graph":[{"@type":"Article","@id":"https:\/\/rozaria.pl\/blog\/roza-konfiturowa-czyli-smak-prosto-z-ogrodu\/#article","isPartOf":{"@id":"https:\/\/rozaria.pl\/blog\/roza-konfiturowa-czyli-smak-prosto-z-ogrodu\/"},"author":{"name":"Rozaria.pl","@id":"https:\/\/rozaria.pl\/blog\/#\/schema\/person\/e0b63ce2682f026a88828a7772e9ac22"},"headline":"R\u00f3\u017ca konfiturowa, czyli smak prosto z ogrodu","datePublished":"2017-12-17T16:18:28+00:00","dateModified":"2017-12-20T10:43:06+00:00","mainEntityOfPage":{"@id":"https:\/\/rozaria.pl\/blog\/roza-konfiturowa-czyli-smak-prosto-z-ogrodu\/"},"wordCount":734,"commentCount":2,"publisher":{"@id":"https:\/\/rozaria.pl\/blog\/#organization"},"image":{"@id":"https:\/\/rozaria.pl\/blog\/roza-konfiturowa-czyli-smak-prosto-z-ogrodu\/#primaryimage"},"thumbnailUrl":"https:\/\/rozaria.pl\/blog\/wp-content\/uploads\/2017\/12\/konfiturowe-wyroznienie.jpg","keywords":["r\u00f3\u017ca damasce\u0144ska","r\u00f3\u017ca galicyjska","r\u00f3\u017ca japo\u0144ska","r\u00f3\u017ca konfiturowa","r\u00f3\u017ca pomarszczona","r\u00f3\u017ca stulistna","r\u00f3\u017ce historyczne","r\u00f3\u017ce ogrodowe","r\u00f3\u017ce w kuchni","r\u00f3\u017ce w ogrodzie"],"articleSection":["Kulinaria"],"inLanguage":"pl-PL","potentialAction":[{"@type":"CommentAction","name":"Comment","target":["https:\/\/rozaria.pl\/blog\/roza-konfiturowa-czyli-smak-prosto-z-ogrodu\/#respond"]}]},{"@type":"WebPage","@id":"https:\/\/rozaria.pl\/blog\/roza-konfiturowa-czyli-smak-prosto-z-ogrodu\/","url":"https:\/\/rozaria.pl\/blog\/roza-konfiturowa-czyli-smak-prosto-z-ogrodu\/","name":"R\u00f3\u017ca konfiturowa, czyli smak prosto z ogrodu - blog Rozaria.pl","isPartOf":{"@id":"https:\/\/rozaria.pl\/blog\/#website"},"primaryImageOfPage":{"@id":"https:\/\/rozaria.pl\/blog\/roza-konfiturowa-czyli-smak-prosto-z-ogrodu\/#primaryimage"},"image":{"@id":"https:\/\/rozaria.pl\/blog\/roza-konfiturowa-czyli-smak-prosto-z-ogrodu\/#primaryimage"},"thumbnailUrl":"https:\/\/rozaria.pl\/blog\/wp-content\/uploads\/2017\/12\/konfiturowe-wyroznienie.jpg","datePublished":"2017-12-17T16:18:28+00:00","dateModified":"2017-12-20T10:43:06+00:00","breadcrumb":{"@id":"https:\/\/rozaria.pl\/blog\/roza-konfiturowa-czyli-smak-prosto-z-ogrodu\/#breadcrumb"},"inLanguage":"pl-PL","potentialAction":[{"@type":"ReadAction","target":["https:\/\/rozaria.pl\/blog\/roza-konfiturowa-czyli-smak-prosto-z-ogrodu\/"]}]},{"@type":"ImageObject","inLanguage":"pl-PL","@id":"https:\/\/rozaria.pl\/blog\/roza-konfiturowa-czyli-smak-prosto-z-ogrodu\/#primaryimage","url":"https:\/\/rozaria.pl\/blog\/wp-content\/uploads\/2017\/12\/konfiturowe-wyroznienie.jpg","contentUrl":"https:\/\/rozaria.pl\/blog\/wp-content\/uploads\/2017\/12\/konfiturowe-wyroznienie.jpg","width":1125,"height":1500},{"@type":"BreadcrumbList","@id":"https:\/\/rozaria.pl\/blog\/roza-konfiturowa-czyli-smak-prosto-z-ogrodu\/#breadcrumb","itemListElement":[{"@type":"ListItem","position":1,"name":"Strona g\u0142\u00f3wna","item":"https:\/\/rozaria.pl\/blog\/"},{"@type":"ListItem","position":2,"name":"R\u00f3\u017ca konfiturowa, czyli smak prosto z ogrodu"}]},{"@type":"WebSite","@id":"https:\/\/rozaria.pl\/blog\/#website","url":"https:\/\/rozaria.pl\/blog\/","name":"blog Rozaria.pl","description":"Porozmawiajmy o r\u00f3\u017cach, o wszystkich sprawach","publisher":{"@id":"https:\/\/rozaria.pl\/blog\/#organization"},"potentialAction":[{"@type":"SearchAction","target":{"@type":"EntryPoint","urlTemplate":"https:\/\/rozaria.pl\/blog\/?s={search_term_string}"},"query-input":{"@type":"PropertyValueSpecification","valueRequired":true,"valueName":"search_term_string"}}],"inLanguage":"pl-PL"},{"@type":"Organization","@id":"https:\/\/rozaria.pl\/blog\/#organization","name":"Szk\u00f3\u0142ka R\u00f3\u017c Rozaria","url":"https:\/\/rozaria.pl\/blog\/","logo":{"@type":"ImageObject","inLanguage":"pl-PL","@id":"https:\/\/rozaria.pl\/blog\/#\/schema\/logo\/image\/","url":"https:\/\/rozaria.pl\/blog\/wp-content\/uploads\/2016\/12\/logo_dla-rozaria.png","contentUrl":"https:\/\/rozaria.pl\/blog\/wp-content\/uploads\/2016\/12\/logo_dla-rozaria.png","width":400,"height":166,"caption":"Szk\u00f3\u0142ka R\u00f3\u017c Rozaria"},"image":{"@id":"https:\/\/rozaria.pl\/blog\/#\/schema\/logo\/image\/"},"sameAs":["https:\/\/www.facebook.com\/SzkolkaRozRozaria\/","https:\/\/x.com\/SzkolkaRozaria","https:\/\/www.youtube.com\/channel\/UCguKKBc7F06eYM1tzYx1Z5A"]},{"@type":"Person","@id":"https:\/\/rozaria.pl\/blog\/#\/schema\/person\/e0b63ce2682f026a88828a7772e9ac22","name":"Rozaria.pl","image":{"@type":"ImageObject","inLanguage":"pl-PL","@id":"https:\/\/rozaria.pl\/blog\/#\/schema\/person\/image\/","url":"https:\/\/secure.gravatar.com\/avatar\/a617f0796bdf5b31b93d812b41809f25?s=96&d=mm&r=g","contentUrl":"https:\/\/secure.gravatar.com\/avatar\/a617f0796bdf5b31b93d812b41809f25?s=96&d=mm&r=g","caption":"Rozaria.pl"},"url":"https:\/\/rozaria.pl\/blog\/author\/pp\/"}]}},"_links":{"self":[{"href":"https:\/\/rozaria.pl\/blog\/wp-json\/wp\/v2\/posts\/1706"}],"collection":[{"href":"https:\/\/rozaria.pl\/blog\/wp-json\/wp\/v2\/posts"}],"about":[{"href":"https:\/\/rozaria.pl\/blog\/wp-json\/wp\/v2\/types\/post"}],"author":[{"embeddable":true,"href":"https:\/\/rozaria.pl\/blog\/wp-json\/wp\/v2\/users\/11"}],"replies":[{"embeddable":true,"href":"https:\/\/rozaria.pl\/blog\/wp-json\/wp\/v2\/comments?post=1706"}],"version-history":[{"count":10,"href":"https:\/\/rozaria.pl\/blog\/wp-json\/wp\/v2\/posts\/1706\/revisions"}],"predecessor-version":[{"id":1721,"href":"https:\/\/rozaria.pl\/blog\/wp-json\/wp\/v2\/posts\/1706\/revisions\/1721"}],"wp:featuredmedia":[{"embeddable":true,"href":"https:\/\/rozaria.pl\/blog\/wp-json\/wp\/v2\/media\/1707"}],"wp:attachment":[{"href":"https:\/\/rozaria.pl\/blog\/wp-json\/wp\/v2\/media?parent=1706"}],"wp:term":[{"taxonomy":"category","embeddable":true,"href":"https:\/\/rozaria.pl\/blog\/wp-json\/wp\/v2\/categories?post=1706"},{"taxonomy":"post_tag","embeddable":true,"href":"https:\/\/rozaria.pl\/blog\/wp-json\/wp\/v2\/tags?post=1706"}],"curies":[{"name":"wp","href":"https:\/\/api.w.org\/{rel}","templated":true}]}}