{"id":1500,"date":"2016-11-30T23:17:39","date_gmt":"2016-11-30T22:17:39","guid":{"rendered":"http:\/\/rozaria.pl\/blog\/?p=1500"},"modified":"2017-07-22T15:21:13","modified_gmt":"2017-07-22T13:21:13","slug":"o-chorobach-grzybowych-roz-raz-jeszcze","status":"publish","type":"post","link":"https:\/\/rozaria.pl\/blog\/o-chorobach-grzybowych-roz-raz-jeszcze\/","title":{"rendered":"O chorobach grzybowych r\u00f3\u017c raz jeszcze"},"content":{"rendered":"<p style=\"text-align: justify;\"><span style=\"color: #000000;\"><strong>Sezon r\u00f3\u017cany w pe\u0142ni. Mo\u017cemy podziwia\u0107 swoje r\u00f3\u017ce, kt\u00f3re w okresie letnim prezentuj\u0105 si\u0119 najokazalej. R\u00f3\u017cane krzewy rozrastaj\u0105 si\u0119 pi\u0119knie, a na szczytach p\u0119d\u00f3w ukazuj\u0105 si\u0119 kwiaty wszelakich barw. Jednak lato to r\u00f3wnie\u017c czas, w kt\u00f3rym ro\u015bliny te s\u0105 nara\u017cone na choroby. Przypominamy wi\u0119c na co trzeba zwraca\u0107 uwag\u0119, aby zapobiega\u0107 atakowi chor\u00f3b, a je\u015bli mimo tego r\u00f3\u017ce zostan\u0105 zara\u017cone, to jak post\u0119powa\u0107, aby chorob\u0119 zwalczy\u0107.<\/strong> <\/span><\/p>\n<p style=\"text-align: justify;\"><span style=\"color: #000000;\"><b>Jesienne porz\u0105dki<\/b><\/span><\/p>\n<p style=\"text-align: justify;\"><span style=\"color: #000000;\"><a href=\"http:\/\/rozaria.pl\/blog\/wp-content\/uploads\/2017\/06\/roze_sprzed_domu-4.jpg\"><img loading=\"lazy\" decoding=\"async\" class=\"alignleft size-medium wp-image-1518\" src=\"http:\/\/rozaria.pl\/blog\/wp-content\/uploads\/2017\/06\/roze_sprzed_domu-4-300x225.jpg\" alt=\"r\u00f3\u017ce bez choroby\" width=\"300\" height=\"225\" srcset=\"https:\/\/rozaria.pl\/blog\/wp-content\/uploads\/2017\/06\/roze_sprzed_domu-4-150x113.jpg 150w, https:\/\/rozaria.pl\/blog\/wp-content\/uploads\/2017\/06\/roze_sprzed_domu-4-300x225.jpg 300w, https:\/\/rozaria.pl\/blog\/wp-content\/uploads\/2017\/06\/roze_sprzed_domu-4-768x576.jpg 768w, https:\/\/rozaria.pl\/blog\/wp-content\/uploads\/2017\/06\/roze_sprzed_domu-4-1024x768.jpg 1024w, https:\/\/rozaria.pl\/blog\/wp-content\/uploads\/2017\/06\/roze_sprzed_domu-4.jpg 1280w\" sizes=\"(max-width: 300px) 100vw, 300px\" \/><\/a>Pocz\u0105tek zapobiegania rozwojowi chor\u00f3b powinien zacz\u0105\u0107 si\u0119 ju\u017c jesieni\u0105. Wtedy to skrupulatnie powinni\u015bmy wycina\u0107 pora\u017cone cz\u0119\u015bci krzew\u00f3w, natomiast opadaj\u0105ce jesienne li\u015bci wygrabi\u0107 dok\u0142adnie z rabat i wszystko to usun\u0105\u0107 z ogrodu lub je\u015bli jest taka mo\u017cliwo\u015b\u0107, to spali\u0107. Dlaczego to wa\u017cne? Ot\u00f3\u017c opad\u0142e li\u015bcie czy te\u017c chore p\u0119dy to siedlisko grzyb\u00f3w, kt\u00f3re w ten spos\u00f3b zimuj\u0105, by na wiosn\u0119 zaatakowa\u0107 budz\u0105ce si\u0119 do \u017cycia ro\u015bliny.<\/span><\/p>\n<p style=\"text-align: justify;\"><span style=\"color: #000000;\"><b>Nie przesadzajmy z sadzeniem<\/b><\/span><\/p>\n<p style=\"text-align: justify;\"><span style=\"color: #000000;\">R\u00f3\u017ce lubi\u0105 stanowiska przewiewne, dlatego zbyt du\u017ce zag\u0119szczenie krzew\u00f3w w jednym miejscu nie jest korzystne, poniewa\u017c zmniejsza to cyrkulacj\u0119 powietrza. Je\u015bli wi\u0119c zak\u0142adamy now\u0105 rabat\u0119, to pami\u0119tajmy o odpowiedniej odleg\u0142o\u015bci mi\u0119dzy krzewami. Je\u015bli natomiast chcemy ju\u017c istniej\u0105c\u0105 rabat\u0119 uzupe\u0142ni\u0107 o nowe okazy, to r\u00f3bmy to rozs\u0105dnie.<\/span><\/p>\n<p style=\"text-align: justify;\"><span style=\"color: #000000;\"><b><img loading=\"lazy\" decoding=\"async\" class=\"alignright wp-image-1506 size-medium\" title=\"r\u00f3\u017ce ogrodowe\" src=\"http:\/\/rozaria.pl\/blog\/wp-content\/uploads\/2017\/06\/r\u00f3\u017ce-w-ogrodzie-300x200.jpg\" alt=\"r\u00f3\u017ce w ogrodzie\" width=\"300\" height=\"200\" srcset=\"https:\/\/rozaria.pl\/blog\/wp-content\/uploads\/2017\/06\/r\u00f3\u017ce-w-ogrodzie-150x100.jpg 150w, https:\/\/rozaria.pl\/blog\/wp-content\/uploads\/2017\/06\/r\u00f3\u017ce-w-ogrodzie-300x200.jpg 300w, https:\/\/rozaria.pl\/blog\/wp-content\/uploads\/2017\/06\/r\u00f3\u017ce-w-ogrodzie-768x512.jpg 768w, https:\/\/rozaria.pl\/blog\/wp-content\/uploads\/2017\/06\/r\u00f3\u017ce-w-ogrodzie.jpg 820w\" sizes=\"(max-width: 300px) 100vw, 300px\" \/>Czy woda zdrowia doda?<\/b><\/span><\/p>\n<p style=\"text-align: justify;\"><span style=\"color: #000000;\">Tak, umiej\u0119tnie dostarczana r\u00f3\u017com na pewno. Mianowicie strumie\u0144 wody nale\u017cy kierowa\u0107 pod krzew, wprost na ziemi\u0119, natomiast nie nale\u017cy podlewa\u0107 krzew\u00f3w od g\u00f3ry czy zrasza\u0107 na r\u00f3\u017cne sposoby. Mokre li\u015bcie i zbytnia wilgo\u0107 utrzymuj\u0105ca si\u0119 na krzewie to idealne warunki do rozwoju grzyb\u00f3w, kt\u00f3re s\u0105 sprawcami chor\u00f3b. Czasem, mimo naszych stara\u0144, pogoda niweczy wszystko, serwuj\u0105c przed\u0142u\u017caj\u0105c\u0105 si\u0119 deszczow\u0105 por\u0119. Musimy by\u0107 wtedy czujni, obserwuj\u0105c nasze krzewy, a dodatkowo mo\u017cemy si\u0119gn\u0105\u0107 po profilaktyk\u0119 w postaci oprysk\u00f3w. <\/span><\/p>\n<p style=\"text-align: justify;\"><span style=\"color: #000000;\"><b>Przejd\u017amy do chor\u00f3b<\/b><\/span><\/p>\n<p style=\"text-align: justify;\"><span style=\"color: #000000;\"><b><a href=\"http:\/\/rozaria.pl\/blog\/wp-content\/uploads\/2017\/06\/maczniak_rzekomy.jpg\"><img loading=\"lazy\" decoding=\"async\" class=\"alignleft size-medium wp-image-1515\" src=\"http:\/\/rozaria.pl\/blog\/wp-content\/uploads\/2017\/06\/maczniak_rzekomy-225x300.jpg\" alt=\"M\u0105czniak Rzekomy\" width=\"225\" height=\"300\" srcset=\"https:\/\/rozaria.pl\/blog\/wp-content\/uploads\/2017\/06\/maczniak_rzekomy-113x150.jpg 113w, https:\/\/rozaria.pl\/blog\/wp-content\/uploads\/2017\/06\/maczniak_rzekomy-225x300.jpg 225w, https:\/\/rozaria.pl\/blog\/wp-content\/uploads\/2017\/06\/maczniak_rzekomy.jpg 600w\" sizes=\"(max-width: 225px) 100vw, 225px\" \/><\/a>M\u0105czniak rzekomy<\/b><\/span><span style=\"color: #000000;\"> wywo\u0142ywany przez <\/span><i>Plasmopara viticola<\/i><span style=\"color: #000000;\">, jest gro\u017an\u0105 chorob\u0105 z racji szybkiego rozwoju. Jej pierwsze objawy to nieregularne, wyd\u0142u\u017cone, \u017c\u00f3\u0142te plamy usytuowane pomi\u0119dzy nerwami li\u015bci wierzcho\u0142kowatych. Ilo\u015b\u0107 plam szybko si\u0119 zwi\u0119ksza, a kolor zmienia si\u0119 na czerwony. Od spodu li\u015bci i czasem te\u017c na p\u0119dach ukazuje si\u0119 bia\u0142awy nalot grzybni. Nast\u0119pnie li\u015bcie opadaj\u0105, sukcesywnie od g\u00f3ry p\u0119d\u00f3w, w d\u00f3\u0142, co w konsekwencji mo\u017ce ca\u0142kowicie ogo\u0142oci\u0107 krzew z li\u015bci.<\/span><\/p>\n<p style=\"text-align: justify;\"><span style=\"color: #000000;\">Grzyb ten zimuje na p\u0119dach oraz p\u0105kach kwiatowych, ch\u0119tnie te\u017c wybiera na miejsce zimowania niezgrabione li\u015bcie. Wiosn\u0105 si\u0119 uaktywnia, atakuj\u0105c r\u00f3\u017ce.<\/span><\/p>\n<p style=\"text-align: justify;\"><span style=\"color: #000000;\">Jak w wypadku ka\u017cdej choroby grzybicznej, zainfekowane krzewy nale\u017cy oczy\u015bci\u0107 z zainfekowanych miejsc, usuwaj\u0105c martwe p\u0119dy, chore i przekwit\u0142e kwiaty i grabi\u0105c dok\u0142adnie opad\u0142e li\u015bcie. Nast\u0119pnie nale\u017cy zastosowa\u0107 preparaty chemiczne do zwalczania chor\u00f3b grzybowych r\u00f3\u017c.<\/span><\/p>\n<p style=\"text-align: justify;\"><strong><span style=\"color: #000000;\"><a href=\"http:\/\/rozaria.pl\/blog\/wp-content\/uploads\/2017\/06\/szara-ple\u015b\u0144.jpg\"><img loading=\"lazy\" decoding=\"async\" class=\"alignright size-medium wp-image-1517\" src=\"http:\/\/rozaria.pl\/blog\/wp-content\/uploads\/2017\/06\/szara-ple\u015b\u0144-300x169.jpg\" alt=\"Szara Ple\u015b\u0144 r\u00f3\u017cy\" width=\"300\" height=\"169\" srcset=\"https:\/\/rozaria.pl\/blog\/wp-content\/uploads\/2017\/06\/szara-ple\u015b\u0144-150x85.jpg 150w, https:\/\/rozaria.pl\/blog\/wp-content\/uploads\/2017\/06\/szara-ple\u015b\u0144-300x169.jpg 300w, https:\/\/rozaria.pl\/blog\/wp-content\/uploads\/2017\/06\/szara-ple\u015b\u0144-388x220.jpg 388w, https:\/\/rozaria.pl\/blog\/wp-content\/uploads\/2017\/06\/szara-ple\u015b\u0144-768x434.jpg 768w, https:\/\/rozaria.pl\/blog\/wp-content\/uploads\/2017\/06\/szara-ple\u015b\u0144.jpg 885w\" sizes=\"(max-width: 300px) 100vw, 300px\" \/><\/a>Szara ple\u015b\u0144<\/span><\/strong><span style=\"color: #000000;\"> wywo\u0142ywana jest przez <\/span>grzyb <i>Botrytis cinerea. A<\/i><span style=\"color: #000000;\">takuje ona wszystkie cz\u0119\u015bci nadziemne r\u00f3\u017c, czyli jej p\u0119dy, li\u015bcie, p\u0105ki, kwiaty i owoce. Pierwszy symptom choroby to popielaty nalot grzybni pokrywaj\u0105cy kwiaty, co skutkuje gniciem p\u0142atk\u00f3w kwiatowych i p\u0105k\u00f3w. Choroba ta objawia si\u0119 te\u017c brunatnymi gnilnymi plamami, kt\u00f3re zmieniaj\u0105 si\u0119 szybko w prawie czarne nekrozy. Charakterystyczne jest pojawianie si\u0119 na pyl\u0105cego, szarego nalotu na granicy tkanki chorej ze zdrow\u0105. <\/span><\/p>\n<p style=\"text-align: justify;\"><span style=\"color: #000000;\">Deszczowa i ciep\u0142a pogoda oraz przenawo\u017cenie ro\u015blin sprzyjaj\u0105 rozwojowi grzyba. Wilgotno\u015b\u0107 powietrza powy\u017cej 90 procent oraz temperatura oscyluj\u0105ca w granicach 15-25 stopni, to doskona\u0142e warunki dla rozwoju szarej ple\u015bni.<\/span><\/p>\n<p style=\"text-align: justify;\"><span style=\"color: #000000;\">Botrytis cinerea zimuje w postaci form przetrwalnikowych w resztkach ro\u015blin pozostawionych jesieni\u0105, takich jak opad\u0142e li\u015bcie czy pora\u017cone chorob\u0105 p\u0119dy.<\/span><\/p>\n<p style=\"text-align: justify;\"><span style=\"color: #000000;\">W razie ataku szarej ple\u015bni przede wszystkim nale\u017cy usun\u0105\u0107 cz\u0119\u015bci ro\u015blin zainfekowane przez grzyb \u2013 przyci\u0105\u0107 chore p\u0119dy, usun\u0105\u0107 chore kwiaty, a tak\u017ce przekwit\u0142e kwiatostany, kt\u00f3re s\u0105 podatne na atak choroby oraz wygrabi\u0107 dok\u0142adnie li\u015bcie pod krzewami, kt\u00f3re ju\u017c opad\u0142y. Nast\u0119pn\u0105 czynno\u015bci\u0105 jest oprysk stosownym preparatem do zwalczania chor\u00f3b grzybowych, stosowany zgodnie z zaleceniami producenta.<\/span><\/p>\n<p style=\"text-align: justify;\"><strong>O innych chorobach r\u00f3\u017c<\/strong>, takich jak <a href=\"http:\/\/rozaria.pl\/blog\/czym-jest-rdza-roz-i-jak-sie-jej-pozbyc\/\" target=\"_blank\" rel=\"noopener noreferrer\"><strong>rdza r\u00f3\u017c<\/strong><\/a>,\u00a0 <span style=\"color: #000000;\"><a href=\"http:\/\/rozaria.pl\/blog\/roze-choroby-maczniak-prawdziwy\/\" target=\"_blank\" rel=\"noopener noreferrer\"><strong>m\u0105czniak w\u0142a\u015bciwy (prawdziwy)<\/strong><\/a> i <a href=\"http:\/\/rozaria.pl\/blog\/choroby-roz-czarna-plamistosc\/\" target=\"_blank\" rel=\"noopener noreferrer\"><strong>czarna plamisto\u015b\u0107 <\/strong><\/a><\/span>mo\u017cna przeczyta\u0107 w naszych wcze\u015bniejszych artyku\u0142ach.<\/p>\n","protected":false},"excerpt":{"rendered":"<p>Sezon r\u00f3\u017cany w pe\u0142ni. Mo\u017cemy podziwia\u0107 swoje r\u00f3\u017ce, kt\u00f3re w okresie letnim prezentuj\u0105 si\u0119 najokazalej. R\u00f3\u017cane krzewy rozrastaj\u0105 si\u0119 pi\u0119knie, a na szczytach p\u0119d\u00f3w ukazuj\u0105 si\u0119 kwiaty wszelakich barw. Jednak lato to r\u00f3wnie\u017c czas, w kt\u00f3rym ro\u015bliny te s\u0105 nara\u017cone [&hellip;]<\/p>\n","protected":false},"author":11,"featured_media":1503,"comment_status":"open","ping_status":"open","sticky":false,"template":"","format":"standard","meta":{"_mi_skip_tracking":false,"_monsterinsights_sitenote_active":false,"_monsterinsights_sitenote_note":"","_monsterinsights_sitenote_category":0,"footnotes":""},"categories":[6],"tags":[62,64,37,63],"yoast_head":"<!-- This site is optimized with the Yoast SEO plugin v23.5 - https:\/\/yoast.com\/wordpress\/plugins\/seo\/ -->\n<title>O chorobach grzybowych r\u00f3\u017c raz jeszcze - blog Rozaria.pl<\/title>\n<meta name=\"robots\" content=\"index, follow, max-snippet:-1, max-image-preview:large, max-video-preview:-1\" \/>\n<link rel=\"canonical\" href=\"https:\/\/rozaria.pl\/blog\/o-chorobach-grzybowych-roz-raz-jeszcze\/\" \/>\n<meta property=\"og:locale\" content=\"pl_PL\" \/>\n<meta property=\"og:type\" content=\"article\" \/>\n<meta property=\"og:title\" content=\"O chorobach grzybowych r\u00f3\u017c raz jeszcze - blog Rozaria.pl\" \/>\n<meta property=\"og:description\" content=\"Sezon r\u00f3\u017cany w pe\u0142ni. Mo\u017cemy podziwia\u0107 swoje r\u00f3\u017ce, kt\u00f3re w okresie letnim prezentuj\u0105 si\u0119 najokazalej. R\u00f3\u017cane krzewy rozrastaj\u0105 si\u0119 pi\u0119knie, a na szczytach p\u0119d\u00f3w ukazuj\u0105 si\u0119 kwiaty wszelakich barw. Jednak lato to r\u00f3wnie\u017c czas, w kt\u00f3rym ro\u015bliny te s\u0105 nara\u017cone [&hellip;]\" \/>\n<meta property=\"og:url\" content=\"https:\/\/rozaria.pl\/blog\/o-chorobach-grzybowych-roz-raz-jeszcze\/\" \/>\n<meta property=\"og:site_name\" content=\"blog Rozaria.pl\" \/>\n<meta property=\"article:publisher\" content=\"https:\/\/www.facebook.com\/SzkolkaRozRozaria\/\" \/>\n<meta property=\"article:published_time\" content=\"2016-11-30T22:17:39+00:00\" \/>\n<meta property=\"article:modified_time\" content=\"2017-07-22T13:21:13+00:00\" \/>\n<meta property=\"og:image\" content=\"https:\/\/rozaria.pl\/blog\/wp-content\/uploads\/2017\/06\/i.jpg\" \/>\n\t<meta property=\"og:image:width\" content=\"596\" \/>\n\t<meta property=\"og:image:height\" content=\"397\" \/>\n\t<meta property=\"og:image:type\" content=\"image\/jpeg\" \/>\n<meta name=\"author\" content=\"Rozaria.pl\" \/>\n<meta name=\"twitter:card\" content=\"summary_large_image\" \/>\n<meta name=\"twitter:creator\" content=\"@SzkolkaRozaria\" \/>\n<meta name=\"twitter:site\" content=\"@SzkolkaRozaria\" \/>\n<meta name=\"twitter:label1\" content=\"Napisane przez\" \/>\n\t<meta name=\"twitter:data1\" content=\"Rozaria.pl\" \/>\n\t<meta name=\"twitter:label2\" content=\"Szacowany czas czytania\" \/>\n\t<meta name=\"twitter:data2\" content=\"4 minuty\" \/>\n<script type=\"application\/ld+json\" class=\"yoast-schema-graph\">{\"@context\":\"https:\/\/schema.org\",\"@graph\":[{\"@type\":\"Article\",\"@id\":\"https:\/\/rozaria.pl\/blog\/o-chorobach-grzybowych-roz-raz-jeszcze\/#article\",\"isPartOf\":{\"@id\":\"https:\/\/rozaria.pl\/blog\/o-chorobach-grzybowych-roz-raz-jeszcze\/\"},\"author\":{\"name\":\"Rozaria.pl\",\"@id\":\"https:\/\/rozaria.pl\/blog\/#\/schema\/person\/e0b63ce2682f026a88828a7772e9ac22\"},\"headline\":\"O chorobach grzybowych r\u00f3\u017c raz jeszcze\",\"datePublished\":\"2016-11-30T22:17:39+00:00\",\"dateModified\":\"2017-07-22T13:21:13+00:00\",\"mainEntityOfPage\":{\"@id\":\"https:\/\/rozaria.pl\/blog\/o-chorobach-grzybowych-roz-raz-jeszcze\/\"},\"wordCount\":749,\"commentCount\":2,\"publisher\":{\"@id\":\"https:\/\/rozaria.pl\/blog\/#organization\"},\"image\":{\"@id\":\"https:\/\/rozaria.pl\/blog\/o-chorobach-grzybowych-roz-raz-jeszcze\/#primaryimage\"},\"thumbnailUrl\":\"https:\/\/rozaria.pl\/blog\/wp-content\/uploads\/2017\/06\/i.jpg\",\"keywords\":[\"choroby r\u00f3\u017c\",\"m\u0105czniak rzekomy\",\"piel\u0119gnacja r\u00f3\u017c\",\"szara ple\u015b\u0144\"],\"articleSection\":[\"Piel\u0119gnacja\"],\"inLanguage\":\"pl-PL\",\"potentialAction\":[{\"@type\":\"CommentAction\",\"name\":\"Comment\",\"target\":[\"https:\/\/rozaria.pl\/blog\/o-chorobach-grzybowych-roz-raz-jeszcze\/#respond\"]}]},{\"@type\":\"WebPage\",\"@id\":\"https:\/\/rozaria.pl\/blog\/o-chorobach-grzybowych-roz-raz-jeszcze\/\",\"url\":\"https:\/\/rozaria.pl\/blog\/o-chorobach-grzybowych-roz-raz-jeszcze\/\",\"name\":\"O chorobach grzybowych r\u00f3\u017c raz jeszcze - blog Rozaria.pl\",\"isPartOf\":{\"@id\":\"https:\/\/rozaria.pl\/blog\/#website\"},\"primaryImageOfPage\":{\"@id\":\"https:\/\/rozaria.pl\/blog\/o-chorobach-grzybowych-roz-raz-jeszcze\/#primaryimage\"},\"image\":{\"@id\":\"https:\/\/rozaria.pl\/blog\/o-chorobach-grzybowych-roz-raz-jeszcze\/#primaryimage\"},\"thumbnailUrl\":\"https:\/\/rozaria.pl\/blog\/wp-content\/uploads\/2017\/06\/i.jpg\",\"datePublished\":\"2016-11-30T22:17:39+00:00\",\"dateModified\":\"2017-07-22T13:21:13+00:00\",\"breadcrumb\":{\"@id\":\"https:\/\/rozaria.pl\/blog\/o-chorobach-grzybowych-roz-raz-jeszcze\/#breadcrumb\"},\"inLanguage\":\"pl-PL\",\"potentialAction\":[{\"@type\":\"ReadAction\",\"target\":[\"https:\/\/rozaria.pl\/blog\/o-chorobach-grzybowych-roz-raz-jeszcze\/\"]}]},{\"@type\":\"ImageObject\",\"inLanguage\":\"pl-PL\",\"@id\":\"https:\/\/rozaria.pl\/blog\/o-chorobach-grzybowych-roz-raz-jeszcze\/#primaryimage\",\"url\":\"https:\/\/rozaria.pl\/blog\/wp-content\/uploads\/2017\/06\/i.jpg\",\"contentUrl\":\"https:\/\/rozaria.pl\/blog\/wp-content\/uploads\/2017\/06\/i.jpg\",\"width\":596,\"height\":397,\"caption\":\"choroby r\u00f3\u017c\"},{\"@type\":\"BreadcrumbList\",\"@id\":\"https:\/\/rozaria.pl\/blog\/o-chorobach-grzybowych-roz-raz-jeszcze\/#breadcrumb\",\"itemListElement\":[{\"@type\":\"ListItem\",\"position\":1,\"name\":\"Strona g\u0142\u00f3wna\",\"item\":\"https:\/\/rozaria.pl\/blog\/\"},{\"@type\":\"ListItem\",\"position\":2,\"name\":\"O chorobach grzybowych r\u00f3\u017c raz jeszcze\"}]},{\"@type\":\"WebSite\",\"@id\":\"https:\/\/rozaria.pl\/blog\/#website\",\"url\":\"https:\/\/rozaria.pl\/blog\/\",\"name\":\"blog Rozaria.pl\",\"description\":\"Porozmawiajmy o r\u00f3\u017cach, o wszystkich sprawach\",\"publisher\":{\"@id\":\"https:\/\/rozaria.pl\/blog\/#organization\"},\"potentialAction\":[{\"@type\":\"SearchAction\",\"target\":{\"@type\":\"EntryPoint\",\"urlTemplate\":\"https:\/\/rozaria.pl\/blog\/?s={search_term_string}\"},\"query-input\":{\"@type\":\"PropertyValueSpecification\",\"valueRequired\":true,\"valueName\":\"search_term_string\"}}],\"inLanguage\":\"pl-PL\"},{\"@type\":\"Organization\",\"@id\":\"https:\/\/rozaria.pl\/blog\/#organization\",\"name\":\"Szk\u00f3\u0142ka R\u00f3\u017c Rozaria\",\"url\":\"https:\/\/rozaria.pl\/blog\/\",\"logo\":{\"@type\":\"ImageObject\",\"inLanguage\":\"pl-PL\",\"@id\":\"https:\/\/rozaria.pl\/blog\/#\/schema\/logo\/image\/\",\"url\":\"https:\/\/rozaria.pl\/blog\/wp-content\/uploads\/2016\/12\/logo_dla-rozaria.png\",\"contentUrl\":\"https:\/\/rozaria.pl\/blog\/wp-content\/uploads\/2016\/12\/logo_dla-rozaria.png\",\"width\":400,\"height\":166,\"caption\":\"Szk\u00f3\u0142ka R\u00f3\u017c Rozaria\"},\"image\":{\"@id\":\"https:\/\/rozaria.pl\/blog\/#\/schema\/logo\/image\/\"},\"sameAs\":[\"https:\/\/www.facebook.com\/SzkolkaRozRozaria\/\",\"https:\/\/x.com\/SzkolkaRozaria\",\"https:\/\/www.youtube.com\/channel\/UCguKKBc7F06eYM1tzYx1Z5A\"]},{\"@type\":\"Person\",\"@id\":\"https:\/\/rozaria.pl\/blog\/#\/schema\/person\/e0b63ce2682f026a88828a7772e9ac22\",\"name\":\"Rozaria.pl\",\"image\":{\"@type\":\"ImageObject\",\"inLanguage\":\"pl-PL\",\"@id\":\"https:\/\/rozaria.pl\/blog\/#\/schema\/person\/image\/\",\"url\":\"https:\/\/secure.gravatar.com\/avatar\/a617f0796bdf5b31b93d812b41809f25?s=96&d=mm&r=g\",\"contentUrl\":\"https:\/\/secure.gravatar.com\/avatar\/a617f0796bdf5b31b93d812b41809f25?s=96&d=mm&r=g\",\"caption\":\"Rozaria.pl\"},\"url\":\"https:\/\/rozaria.pl\/blog\/author\/pp\/\"}]}<\/script>\n<!-- \/ Yoast SEO plugin. -->","yoast_head_json":{"title":"O chorobach grzybowych r\u00f3\u017c raz jeszcze - blog Rozaria.pl","robots":{"index":"index","follow":"follow","max-snippet":"max-snippet:-1","max-image-preview":"max-image-preview:large","max-video-preview":"max-video-preview:-1"},"canonical":"https:\/\/rozaria.pl\/blog\/o-chorobach-grzybowych-roz-raz-jeszcze\/","og_locale":"pl_PL","og_type":"article","og_title":"O chorobach grzybowych r\u00f3\u017c raz jeszcze - blog Rozaria.pl","og_description":"Sezon r\u00f3\u017cany w pe\u0142ni. Mo\u017cemy podziwia\u0107 swoje r\u00f3\u017ce, kt\u00f3re w okresie letnim prezentuj\u0105 si\u0119 najokazalej. R\u00f3\u017cane krzewy rozrastaj\u0105 si\u0119 pi\u0119knie, a na szczytach p\u0119d\u00f3w ukazuj\u0105 si\u0119 kwiaty wszelakich barw. Jednak lato to r\u00f3wnie\u017c czas, w kt\u00f3rym ro\u015bliny te s\u0105 nara\u017cone [&hellip;]","og_url":"https:\/\/rozaria.pl\/blog\/o-chorobach-grzybowych-roz-raz-jeszcze\/","og_site_name":"blog Rozaria.pl","article_publisher":"https:\/\/www.facebook.com\/SzkolkaRozRozaria\/","article_published_time":"2016-11-30T22:17:39+00:00","article_modified_time":"2017-07-22T13:21:13+00:00","og_image":[{"width":596,"height":397,"url":"https:\/\/rozaria.pl\/blog\/wp-content\/uploads\/2017\/06\/i.jpg","type":"image\/jpeg"}],"author":"Rozaria.pl","twitter_card":"summary_large_image","twitter_creator":"@SzkolkaRozaria","twitter_site":"@SzkolkaRozaria","twitter_misc":{"Napisane przez":"Rozaria.pl","Szacowany czas czytania":"4 minuty"},"schema":{"@context":"https:\/\/schema.org","@graph":[{"@type":"Article","@id":"https:\/\/rozaria.pl\/blog\/o-chorobach-grzybowych-roz-raz-jeszcze\/#article","isPartOf":{"@id":"https:\/\/rozaria.pl\/blog\/o-chorobach-grzybowych-roz-raz-jeszcze\/"},"author":{"name":"Rozaria.pl","@id":"https:\/\/rozaria.pl\/blog\/#\/schema\/person\/e0b63ce2682f026a88828a7772e9ac22"},"headline":"O chorobach grzybowych r\u00f3\u017c raz jeszcze","datePublished":"2016-11-30T22:17:39+00:00","dateModified":"2017-07-22T13:21:13+00:00","mainEntityOfPage":{"@id":"https:\/\/rozaria.pl\/blog\/o-chorobach-grzybowych-roz-raz-jeszcze\/"},"wordCount":749,"commentCount":2,"publisher":{"@id":"https:\/\/rozaria.pl\/blog\/#organization"},"image":{"@id":"https:\/\/rozaria.pl\/blog\/o-chorobach-grzybowych-roz-raz-jeszcze\/#primaryimage"},"thumbnailUrl":"https:\/\/rozaria.pl\/blog\/wp-content\/uploads\/2017\/06\/i.jpg","keywords":["choroby r\u00f3\u017c","m\u0105czniak rzekomy","piel\u0119gnacja r\u00f3\u017c","szara ple\u015b\u0144"],"articleSection":["Piel\u0119gnacja"],"inLanguage":"pl-PL","potentialAction":[{"@type":"CommentAction","name":"Comment","target":["https:\/\/rozaria.pl\/blog\/o-chorobach-grzybowych-roz-raz-jeszcze\/#respond"]}]},{"@type":"WebPage","@id":"https:\/\/rozaria.pl\/blog\/o-chorobach-grzybowych-roz-raz-jeszcze\/","url":"https:\/\/rozaria.pl\/blog\/o-chorobach-grzybowych-roz-raz-jeszcze\/","name":"O chorobach grzybowych r\u00f3\u017c raz jeszcze - blog Rozaria.pl","isPartOf":{"@id":"https:\/\/rozaria.pl\/blog\/#website"},"primaryImageOfPage":{"@id":"https:\/\/rozaria.pl\/blog\/o-chorobach-grzybowych-roz-raz-jeszcze\/#primaryimage"},"image":{"@id":"https:\/\/rozaria.pl\/blog\/o-chorobach-grzybowych-roz-raz-jeszcze\/#primaryimage"},"thumbnailUrl":"https:\/\/rozaria.pl\/blog\/wp-content\/uploads\/2017\/06\/i.jpg","datePublished":"2016-11-30T22:17:39+00:00","dateModified":"2017-07-22T13:21:13+00:00","breadcrumb":{"@id":"https:\/\/rozaria.pl\/blog\/o-chorobach-grzybowych-roz-raz-jeszcze\/#breadcrumb"},"inLanguage":"pl-PL","potentialAction":[{"@type":"ReadAction","target":["https:\/\/rozaria.pl\/blog\/o-chorobach-grzybowych-roz-raz-jeszcze\/"]}]},{"@type":"ImageObject","inLanguage":"pl-PL","@id":"https:\/\/rozaria.pl\/blog\/o-chorobach-grzybowych-roz-raz-jeszcze\/#primaryimage","url":"https:\/\/rozaria.pl\/blog\/wp-content\/uploads\/2017\/06\/i.jpg","contentUrl":"https:\/\/rozaria.pl\/blog\/wp-content\/uploads\/2017\/06\/i.jpg","width":596,"height":397,"caption":"choroby r\u00f3\u017c"},{"@type":"BreadcrumbList","@id":"https:\/\/rozaria.pl\/blog\/o-chorobach-grzybowych-roz-raz-jeszcze\/#breadcrumb","itemListElement":[{"@type":"ListItem","position":1,"name":"Strona g\u0142\u00f3wna","item":"https:\/\/rozaria.pl\/blog\/"},{"@type":"ListItem","position":2,"name":"O chorobach grzybowych r\u00f3\u017c raz jeszcze"}]},{"@type":"WebSite","@id":"https:\/\/rozaria.pl\/blog\/#website","url":"https:\/\/rozaria.pl\/blog\/","name":"blog Rozaria.pl","description":"Porozmawiajmy o r\u00f3\u017cach, o wszystkich sprawach","publisher":{"@id":"https:\/\/rozaria.pl\/blog\/#organization"},"potentialAction":[{"@type":"SearchAction","target":{"@type":"EntryPoint","urlTemplate":"https:\/\/rozaria.pl\/blog\/?s={search_term_string}"},"query-input":{"@type":"PropertyValueSpecification","valueRequired":true,"valueName":"search_term_string"}}],"inLanguage":"pl-PL"},{"@type":"Organization","@id":"https:\/\/rozaria.pl\/blog\/#organization","name":"Szk\u00f3\u0142ka R\u00f3\u017c Rozaria","url":"https:\/\/rozaria.pl\/blog\/","logo":{"@type":"ImageObject","inLanguage":"pl-PL","@id":"https:\/\/rozaria.pl\/blog\/#\/schema\/logo\/image\/","url":"https:\/\/rozaria.pl\/blog\/wp-content\/uploads\/2016\/12\/logo_dla-rozaria.png","contentUrl":"https:\/\/rozaria.pl\/blog\/wp-content\/uploads\/2016\/12\/logo_dla-rozaria.png","width":400,"height":166,"caption":"Szk\u00f3\u0142ka R\u00f3\u017c Rozaria"},"image":{"@id":"https:\/\/rozaria.pl\/blog\/#\/schema\/logo\/image\/"},"sameAs":["https:\/\/www.facebook.com\/SzkolkaRozRozaria\/","https:\/\/x.com\/SzkolkaRozaria","https:\/\/www.youtube.com\/channel\/UCguKKBc7F06eYM1tzYx1Z5A"]},{"@type":"Person","@id":"https:\/\/rozaria.pl\/blog\/#\/schema\/person\/e0b63ce2682f026a88828a7772e9ac22","name":"Rozaria.pl","image":{"@type":"ImageObject","inLanguage":"pl-PL","@id":"https:\/\/rozaria.pl\/blog\/#\/schema\/person\/image\/","url":"https:\/\/secure.gravatar.com\/avatar\/a617f0796bdf5b31b93d812b41809f25?s=96&d=mm&r=g","contentUrl":"https:\/\/secure.gravatar.com\/avatar\/a617f0796bdf5b31b93d812b41809f25?s=96&d=mm&r=g","caption":"Rozaria.pl"},"url":"https:\/\/rozaria.pl\/blog\/author\/pp\/"}]}},"_links":{"self":[{"href":"https:\/\/rozaria.pl\/blog\/wp-json\/wp\/v2\/posts\/1500"}],"collection":[{"href":"https:\/\/rozaria.pl\/blog\/wp-json\/wp\/v2\/posts"}],"about":[{"href":"https:\/\/rozaria.pl\/blog\/wp-json\/wp\/v2\/types\/post"}],"author":[{"embeddable":true,"href":"https:\/\/rozaria.pl\/blog\/wp-json\/wp\/v2\/users\/11"}],"replies":[{"embeddable":true,"href":"https:\/\/rozaria.pl\/blog\/wp-json\/wp\/v2\/comments?post=1500"}],"version-history":[{"count":11,"href":"https:\/\/rozaria.pl\/blog\/wp-json\/wp\/v2\/posts\/1500\/revisions"}],"predecessor-version":[{"id":1521,"href":"https:\/\/rozaria.pl\/blog\/wp-json\/wp\/v2\/posts\/1500\/revisions\/1521"}],"wp:featuredmedia":[{"embeddable":true,"href":"https:\/\/rozaria.pl\/blog\/wp-json\/wp\/v2\/media\/1503"}],"wp:attachment":[{"href":"https:\/\/rozaria.pl\/blog\/wp-json\/wp\/v2\/media?parent=1500"}],"wp:term":[{"taxonomy":"category","embeddable":true,"href":"https:\/\/rozaria.pl\/blog\/wp-json\/wp\/v2\/categories?post=1500"},{"taxonomy":"post_tag","embeddable":true,"href":"https:\/\/rozaria.pl\/blog\/wp-json\/wp\/v2\/tags?post=1500"}],"curies":[{"name":"wp","href":"https:\/\/api.w.org\/{rel}","templated":true}]}}