{"id":1485,"date":"2016-10-29T23:04:16","date_gmt":"2016-10-29T21:04:16","guid":{"rendered":"http:\/\/rozaria.pl\/blog\/?p=1485"},"modified":"2017-07-22T15:20:29","modified_gmt":"2017-07-22T13:20:29","slug":"roza-krolowa-lata","status":"publish","type":"post","link":"https:\/\/rozaria.pl\/blog\/roza-krolowa-lata\/","title":{"rendered":"R\u00f3\u017ca, kr\u00f3lowa lata"},"content":{"rendered":"<p><!-- @page { size: 21cm 29.7cm; margin: 2cm } P { margin-bottom: 0.21cm } --><\/p>\n<p style=\"text-align: justify;\"><strong>Wielu pasjonatom ogrod\u00f3w trudno sobie wyobrazi\u0107 ogr\u00f3d bez r\u00f3\u017c. Szczeg\u00f3lnie pi\u0119knie prezentuj\u0105 si\u0119 one latem, gdy rozkwitaj\u0105 w pe\u0142ni, rozpoczynaj\u0105c sw\u0105 wielobarwn\u0105, pachn\u0105c\u0105 opowie\u015b\u0107. R\u00f3\u017ce kochaj\u0105 lato i s\u0142o\u0144ce, cho\u0107, aby w pe\u0142ni mog\u0142y ukaza\u0107 swoje pi\u0119kno, nale\u017cy je wspiera\u0107 w\u0142a\u015bciw\u0105 piel\u0119gnacj\u0105, otoczy\u0107 trosk\u0105 i uwa\u017cn\u0105 obserwacj\u0105. Trudy jednak si\u0119 op\u0142acaj\u0105 \u2013 r\u00f3\u017ce potrafi\u0105 odwdzi\u0119czy\u0107 si\u0119 eksplozj\u0105 kwiat\u00f3w wyj\u0105tkowej urody.<\/strong><\/p>\n<p style=\"text-align: justify;\"><b><a href=\"http:\/\/rozaria.pl\/blog\/wp-content\/uploads\/2016\/10\/r\u00f3\u017ce-letnie.jpg\"><img loading=\"lazy\" decoding=\"async\" class=\"alignleft size-medium wp-image-1522\" src=\"http:\/\/rozaria.pl\/blog\/wp-content\/uploads\/2016\/10\/r\u00f3\u017ce-letnie-300x173.jpg\" alt=\"r\u00f3\u017ce pn\u0105ce\" width=\"300\" height=\"173\" srcset=\"https:\/\/rozaria.pl\/blog\/wp-content\/uploads\/2016\/10\/r\u00f3\u017ce-letnie-150x86.jpg 150w, https:\/\/rozaria.pl\/blog\/wp-content\/uploads\/2016\/10\/r\u00f3\u017ce-letnie-300x173.jpg 300w, https:\/\/rozaria.pl\/blog\/wp-content\/uploads\/2016\/10\/r\u00f3\u017ce-letnie-768x443.jpg 768w, https:\/\/rozaria.pl\/blog\/wp-content\/uploads\/2016\/10\/r\u00f3\u017ce-letnie.jpg 1024w\" sizes=\"(max-width: 300px) 100vw, 300px\" \/><\/a>Nie wystarczy tylko posadzi\u0107<\/b><\/p>\n<p style=\"text-align: justify;\">Tak, tak, posadzenie krzew\u00f3w r\u00f3\u017cy wiosn\u0105 czy jesieni\u0105 to nie koniec pracy, je\u015bli chcemy by\u0107 przez ca\u0142e lato dumni z r\u00f3\u017canych pi\u0119kno\u015bci. Jak to z kr\u00f3low\u0105 bywa, trzeba o ni\u0105 dba\u0107 i j\u0105 rozpieszcza\u0107. Owszem, s\u0105 odmiany r\u00f3\u017c mniej lub bardziej wra\u017cliwe na warunki atmosferyczne czy podatne na choroby, wymagaj\u0105ce wi\u0119cej lub mniej uwagi. Jednak o wszystkie nale\u017cy dba\u0107, nie pozostawiaj\u0105c ich samym sobie, gdy\u017c wtedy cz\u0119sto sobie nie radz\u0105.<\/p>\n<p style=\"text-align: justify;\"><b>Podlewajmy<\/b><\/p>\n<p style=\"text-align: justify;\">Woda musi by\u0107 dostarczana r\u00f3\u017com w bezdeszczowym okresie. R\u00f3\u017ce dobrze czuj\u0105 si\u0119 w s\u0142o\u0144cu, jednak bez nawodnienia trudno im przetrwa\u0107 suche dni. Podlewaj\u0105c kierujmy si\u0119 zasad\u0105: lepiej rzadziej a obficie, ni\u017c cz\u0119sto a sk\u0105po. Dlaczego? Ot\u00f3\u017c r\u00f3\u017ca posiada g\u0142\u0119boki i rozbudowany system korzeniowy, wi\u0119c potrzebuje dog\u0142\u0119bnego nawodnienia, kt\u00f3re zapewni dotarcie wody w ni\u017cszy poziom gleby. Je\u015bli b\u0119dziemy nawet cz\u0119sto podlewa\u0107, ale kr\u00f3tko i powierzchownie, to woda nie dotrze do korzenia, a nawodnienie krzew\u00f3w b\u0119dzie pozorne.<\/p>\n<p style=\"text-align: justify;\"><img loading=\"lazy\" decoding=\"async\" class=\"alignright wp-image-1494 size-medium\" title=\"podlewanie r\u00f3\u017c\" src=\"http:\/\/rozaria.pl\/blog\/wp-content\/uploads\/2017\/06\/podlewanie-r\u00f3\u017c-300x231.jpg\" alt=\"podlewanie r\u00f3\u017c\" width=\"300\" height=\"231\" srcset=\"https:\/\/rozaria.pl\/blog\/wp-content\/uploads\/2017\/06\/podlewanie-r\u00f3\u017c-150x116.jpg 150w, https:\/\/rozaria.pl\/blog\/wp-content\/uploads\/2017\/06\/podlewanie-r\u00f3\u017c-300x231.jpg 300w, https:\/\/rozaria.pl\/blog\/wp-content\/uploads\/2017\/06\/podlewanie-r\u00f3\u017c.jpg 480w\" sizes=\"(max-width: 300px) 100vw, 300px\" \/><\/p>\n<p style=\"text-align: justify;\">Aby podlewanie by\u0142o bardziej skuteczne, czynno\u015b\u0107 t\u0119 wykonujmy rano lub wieczorem, zw\u0142aszcza w upalnym okresie. W ci\u0105gu dnia, gdy jest najwy\u017csza temperatura, ziemia jest najbardziej nagrzana, a co za tym idzie, najszybciej nast\u0119puje odparowanie wody z gleby. Dostarczajmy wi\u0119c wod\u0119 w ch\u0142odniejszych porach dnia, aby ziemia mog\u0142a najskuteczniej j\u0105 ch\u0142on\u0105\u0107.<\/p>\n<p style=\"text-align: justify;\"><b>Unikajmy zraszania<\/b><\/p>\n<p style=\"text-align: justify;\">Tak, r\u00f3\u017ca lubi pobiera\u0107 wod\u0119 korzeniem, jednaj zdecydowanie nie s\u0142u\u017cy jej SPA fundowane od g\u00f3ry, na li\u015bcie i kwiaty. Zbytnia wilgo\u0107 w tych miejscach to zaproszenie dla grzyb\u00f3w. A przecie\u017c nie chcemy narazi\u0107 nasze r\u00f3\u017ce na m\u0105czniaka w\u0142a\u015bciwego lub czarn\u0105 plamisto\u015b\u0107. Podlewaj\u0105c wi\u0119c r\u00f3\u017ce, pami\u0119tajmy o kolejnej zasadzie \u2013 strumie\u0144 pod krzew, a nie na.<\/p>\n<p style=\"text-align: justify;\">Zraszanie krzew\u00f3w w czasie upa\u0142u, gdy mocno operuje s\u0142o\u0144ce, jest dodatkowo bardzo ryzykowne. Krople wody pozostaj\u0105ce w takich warunkach na li\u015bciach i p\u0142atkach kwiat\u00f3w, mog\u0105 zadzia\u0142a\u0107 jak soczewki skupiaj\u0105ce promienie s\u0142o\u0144ca i prowadzi\u0107 do ich ro\u015bliny.<\/p>\n<p style=\"text-align: justify;\">Je\u015bli chcemy zapewni\u0107 jeszcze lepsz\u0105 gospodark\u0119 wodn\u0105 na r\u00f3\u017canych rabatach, mo\u017cemy wy\u015bci\u00f3\u0142kowa\u0107 pod\u0142o\u017ce, kt\u00f3re dzi\u0119ki temu nie b\u0119dzie zbyt szybko wysycha\u0107. Ponadto \u015bci\u00f3\u0142ka nawozi gleb\u0119 oraz hamuje rozw\u00f3j chwast\u00f3w, z kt\u00f3rymi r\u00f3\u017ca przecie\u017c nie lubi dzieli\u0107 swojego rejonu. Je\u015bli wi\u0119c mamy dost\u0119p do roz\u0142o\u017conego obornika bydl\u0119cego lub kompostu ogrodniczego, to nie wahajmy si\u0119 tym okry\u0107 ziemi wok\u00f3\u0142 r\u00f3\u017c.<\/p>\n<p style=\"text-align: justify;\"><strong><img loading=\"lazy\" decoding=\"async\" class=\"alignleft wp-image-1495 size-medium\" title=\"przycinanie r\u00f3\u017c\" src=\"http:\/\/rozaria.pl\/blog\/wp-content\/uploads\/2017\/06\/przycinanie-r\u00f3\u017c-300x196.jpeg\" alt=\"przycinanie r\u00f3\u017c\" width=\"300\" height=\"196\" srcset=\"https:\/\/rozaria.pl\/blog\/wp-content\/uploads\/2017\/06\/przycinanie-r\u00f3\u017c-150x98.jpeg 150w, https:\/\/rozaria.pl\/blog\/wp-content\/uploads\/2017\/06\/przycinanie-r\u00f3\u017c-300x196.jpeg 300w, https:\/\/rozaria.pl\/blog\/wp-content\/uploads\/2017\/06\/przycinanie-r\u00f3\u017c.jpeg 495w\" sizes=\"(max-width: 300px) 100vw, 300px\" \/>Co z przycinaniem latem?<\/strong><\/p>\n<p style=\"text-align: justify;\">Nie robimy tego. Wystarczy wiosenne przycinanie. Latem r\u00f3\u017com pozwalamy po prostu rosn\u0105\u0107. Je\u015bli zachodzi konieczno\u015b\u0107 jakiego\u015b ci\u0119cia, to nast\u0119puje ona bez w\u0105tpienia w wypadku odrost\u00f3w korzeniowych. Trudno ich nie zauwa\u017cy\u0107. Wyrastaj\u0105 mocno ponad krzew, zdecydowanie demonstruj\u0105c swoj\u0105 obecno\u015b\u0107. Nie s\u0105 one ani ozdob\u0105, ani po\u017cytkiem dla krzewu. Os\u0142abiaj\u0105 go, a z czasem sprawiaj\u0105, \u017ce szlachetna odmiana r\u00f3\u017cy zostanie zdominowana przez niechciane odrosty podk\u0142adek i zatraci swoj\u0105 szlachetno\u015b\u0107. I jak w takich warunkach pozostawa\u0107 kr\u00f3low\u0105?<\/p>\n<p style=\"text-align: justify;\">Nie miejmy lito\u015bci nad tymi p\u0119dami. Nie nale\u017cy ich klasycznie przycina\u0107, poniewa\u017c wtedy wypuszcz\u0105 nowe p\u0119dy. Zaleca si\u0119 je wy\u0142amywa\u0107 i to najlepiej odkopuj\u0105c pod\u0142o\u017ce, aby dotrze\u0107 do miejsca, sk\u0105d bezpo\u015brednio odrost wyrasta z podk\u0142adki i w\u0142a\u015bnie stamt\u0105d si\u0119 go pozby\u0107.<\/p>\n<p style=\"text-align: justify;\"><strong><a href=\"http:\/\/rozaria.pl\/blog\/wp-content\/uploads\/2016\/10\/r\u00f3\u017ce-Isaac-Pereire.jpg\"><img loading=\"lazy\" decoding=\"async\" class=\"alignright wp-image-1524 size-medium\" src=\"http:\/\/rozaria.pl\/blog\/wp-content\/uploads\/2016\/10\/r\u00f3\u017ce-Isaac-Pereire-300x225.jpg\" alt=\"historyczne r\u00f3\u017ce Isaac Pereire\" width=\"300\" height=\"225\" srcset=\"https:\/\/rozaria.pl\/blog\/wp-content\/uploads\/2016\/10\/r\u00f3\u017ce-Isaac-Pereire-150x113.jpg 150w, https:\/\/rozaria.pl\/blog\/wp-content\/uploads\/2016\/10\/r\u00f3\u017ce-Isaac-Pereire-300x225.jpg 300w, https:\/\/rozaria.pl\/blog\/wp-content\/uploads\/2016\/10\/r\u00f3\u017ce-Isaac-Pereire-768x576.jpg 768w, https:\/\/rozaria.pl\/blog\/wp-content\/uploads\/2016\/10\/r\u00f3\u017ce-Isaac-Pereire-1024x768.jpg 1024w, https:\/\/rozaria.pl\/blog\/wp-content\/uploads\/2016\/10\/r\u00f3\u017ce-Isaac-Pereire.jpg 1280w\" sizes=\"(max-width: 300px) 100vw, 300px\" \/><\/a>A gdy przekwitaj\u0105?<\/strong><\/p>\n<p style=\"text-align: justify;\">Kwiaty po przekwitni\u0119ciu zostawiamy jedynie wtedy, gdy chcemy doczeka\u0107 si\u0119 owoc\u00f3w. Przyk\u0142adowo owoce\u00a0 r\u00f3\u017cy dzikiej, sinej lub pomarszczonej s\u0105 bardzo dekoracyjne, nawet wtedy gdy lato ju\u017c jest odleg\u0142ym wspomnieniem. Ponadto s\u0105 straw\u0105 dla ptak\u00f3w, kt\u00f3re jesieni\u0105 i zim\u0105 szukaj\u0105 po\u017cywienia w ogrodach, a dla nas s\u0105 cennym \u017ar\u00f3d\u0142em witamin, kt\u00f3re wykorzystujemy w kuchni.<\/p>\n<p style=\"text-align: justify;\">\n<p style=\"text-align: justify;\">W innym wypadku, gdy nie czekamy na owoce, pami\u0119tajmy o systematycznym usuwaniu przekwit\u0142ych kwiatostan\u00f3w, kt\u00f3re odbieraj\u0105 nieco urod\u0119 krzewom. Usuwanie tych kwiat\u00f3w ponadto stymuluje ro\u015blin\u0119 do wytwarzania nowych p\u0119d\u00f3w kwiatowych i tym samym przed\u0142u\u017ca okres kwitnienia krzewu.<\/p>\n<p style=\"text-align: justify;\">A kiedy lato b\u0119dzie ju\u017c mia\u0142o si\u0119 ku ko\u0144cowi, spojrzymy na krzewy r\u00f3\u017c i stwierdzimy z satysfakcj\u0105, \u017ce to by\u0142 udany sezon dla kr\u00f3lowej lata.<\/p>\n","protected":false},"excerpt":{"rendered":"<p>Wielu pasjonatom ogrod\u00f3w trudno sobie wyobrazi\u0107 ogr\u00f3d bez r\u00f3\u017c. Szczeg\u00f3lnie pi\u0119knie prezentuj\u0105 si\u0119 one latem, gdy rozkwitaj\u0105 w pe\u0142ni, rozpoczynaj\u0105c sw\u0105 wielobarwn\u0105, pachn\u0105c\u0105 opowie\u015b\u0107. R\u00f3\u017ce kochaj\u0105 lato i s\u0142o\u0144ce, cho\u0107, aby w pe\u0142ni mog\u0142y ukaza\u0107 swoje pi\u0119kno, nale\u017cy je wspiera\u0107 [&hellip;]<\/p>\n","protected":false},"author":11,"featured_media":1487,"comment_status":"open","ping_status":"open","sticky":false,"template":"","format":"standard","meta":{"_mi_skip_tracking":false,"_monsterinsights_sitenote_active":false,"_monsterinsights_sitenote_note":"","_monsterinsights_sitenote_category":0,"footnotes":""},"categories":[7],"tags":[60,61,56],"yoast_head":"<!-- This site is optimized with the Yoast SEO plugin v23.5 - https:\/\/yoast.com\/wordpress\/plugins\/seo\/ -->\n<title>R\u00f3\u017ca, kr\u00f3lowa lata - blog Rozaria.pl<\/title>\n<meta name=\"robots\" content=\"index, follow, max-snippet:-1, max-image-preview:large, max-video-preview:-1\" \/>\n<link rel=\"canonical\" href=\"https:\/\/rozaria.pl\/blog\/roza-krolowa-lata\/\" \/>\n<meta property=\"og:locale\" content=\"pl_PL\" \/>\n<meta property=\"og:type\" content=\"article\" \/>\n<meta property=\"og:title\" content=\"R\u00f3\u017ca, kr\u00f3lowa lata - blog Rozaria.pl\" \/>\n<meta property=\"og:description\" content=\"Wielu pasjonatom ogrod\u00f3w trudno sobie wyobrazi\u0107 ogr\u00f3d bez r\u00f3\u017c. Szczeg\u00f3lnie pi\u0119knie prezentuj\u0105 si\u0119 one latem, gdy rozkwitaj\u0105 w pe\u0142ni, rozpoczynaj\u0105c sw\u0105 wielobarwn\u0105, pachn\u0105c\u0105 opowie\u015b\u0107. R\u00f3\u017ce kochaj\u0105 lato i s\u0142o\u0144ce, cho\u0107, aby w pe\u0142ni mog\u0142y ukaza\u0107 swoje pi\u0119kno, nale\u017cy je wspiera\u0107 [&hellip;]\" \/>\n<meta property=\"og:url\" content=\"https:\/\/rozaria.pl\/blog\/roza-krolowa-lata\/\" \/>\n<meta property=\"og:site_name\" content=\"blog Rozaria.pl\" \/>\n<meta property=\"article:publisher\" content=\"https:\/\/www.facebook.com\/SzkolkaRozRozaria\/\" \/>\n<meta property=\"article:published_time\" content=\"2016-10-29T21:04:16+00:00\" \/>\n<meta property=\"article:modified_time\" content=\"2017-07-22T13:20:29+00:00\" \/>\n<meta property=\"og:image\" content=\"https:\/\/rozaria.pl\/blog\/wp-content\/uploads\/2017\/06\/323.jpg\" \/>\n\t<meta property=\"og:image:width\" content=\"833\" \/>\n\t<meta property=\"og:image:height\" content=\"600\" \/>\n\t<meta property=\"og:image:type\" content=\"image\/jpeg\" \/>\n<meta name=\"author\" content=\"Rozaria.pl\" \/>\n<meta name=\"twitter:card\" content=\"summary_large_image\" \/>\n<meta name=\"twitter:creator\" content=\"@SzkolkaRozaria\" \/>\n<meta name=\"twitter:site\" content=\"@SzkolkaRozaria\" \/>\n<meta name=\"twitter:label1\" content=\"Napisane przez\" \/>\n\t<meta name=\"twitter:data1\" content=\"Rozaria.pl\" \/>\n\t<meta name=\"twitter:label2\" content=\"Szacowany czas czytania\" \/>\n\t<meta name=\"twitter:data2\" content=\"4 minuty\" \/>\n<script type=\"application\/ld+json\" class=\"yoast-schema-graph\">{\"@context\":\"https:\/\/schema.org\",\"@graph\":[{\"@type\":\"Article\",\"@id\":\"https:\/\/rozaria.pl\/blog\/roza-krolowa-lata\/#article\",\"isPartOf\":{\"@id\":\"https:\/\/rozaria.pl\/blog\/roza-krolowa-lata\/\"},\"author\":{\"name\":\"Rozaria.pl\",\"@id\":\"https:\/\/rozaria.pl\/blog\/#\/schema\/person\/e0b63ce2682f026a88828a7772e9ac22\"},\"headline\":\"R\u00f3\u017ca, kr\u00f3lowa lata\",\"datePublished\":\"2016-10-29T21:04:16+00:00\",\"dateModified\":\"2017-07-22T13:20:29+00:00\",\"mainEntityOfPage\":{\"@id\":\"https:\/\/rozaria.pl\/blog\/roza-krolowa-lata\/\"},\"wordCount\":816,\"commentCount\":0,\"publisher\":{\"@id\":\"https:\/\/rozaria.pl\/blog\/#organization\"},\"image\":{\"@id\":\"https:\/\/rozaria.pl\/blog\/roza-krolowa-lata\/#primaryimage\"},\"thumbnailUrl\":\"https:\/\/rozaria.pl\/blog\/wp-content\/uploads\/2017\/06\/323.jpg\",\"keywords\":[\"piel\u0119gnacja r\u00f3\u017c latem\",\"podlewanie r\u00f3\u017c\",\"r\u00f3\u017ce w ogrodzie\"],\"articleSection\":[\"Uprawa\"],\"inLanguage\":\"pl-PL\",\"potentialAction\":[{\"@type\":\"CommentAction\",\"name\":\"Comment\",\"target\":[\"https:\/\/rozaria.pl\/blog\/roza-krolowa-lata\/#respond\"]}]},{\"@type\":\"WebPage\",\"@id\":\"https:\/\/rozaria.pl\/blog\/roza-krolowa-lata\/\",\"url\":\"https:\/\/rozaria.pl\/blog\/roza-krolowa-lata\/\",\"name\":\"R\u00f3\u017ca, kr\u00f3lowa lata - blog Rozaria.pl\",\"isPartOf\":{\"@id\":\"https:\/\/rozaria.pl\/blog\/#website\"},\"primaryImageOfPage\":{\"@id\":\"https:\/\/rozaria.pl\/blog\/roza-krolowa-lata\/#primaryimage\"},\"image\":{\"@id\":\"https:\/\/rozaria.pl\/blog\/roza-krolowa-lata\/#primaryimage\"},\"thumbnailUrl\":\"https:\/\/rozaria.pl\/blog\/wp-content\/uploads\/2017\/06\/323.jpg\",\"datePublished\":\"2016-10-29T21:04:16+00:00\",\"dateModified\":\"2017-07-22T13:20:29+00:00\",\"breadcrumb\":{\"@id\":\"https:\/\/rozaria.pl\/blog\/roza-krolowa-lata\/#breadcrumb\"},\"inLanguage\":\"pl-PL\",\"potentialAction\":[{\"@type\":\"ReadAction\",\"target\":[\"https:\/\/rozaria.pl\/blog\/roza-krolowa-lata\/\"]}]},{\"@type\":\"ImageObject\",\"inLanguage\":\"pl-PL\",\"@id\":\"https:\/\/rozaria.pl\/blog\/roza-krolowa-lata\/#primaryimage\",\"url\":\"https:\/\/rozaria.pl\/blog\/wp-content\/uploads\/2017\/06\/323.jpg\",\"contentUrl\":\"https:\/\/rozaria.pl\/blog\/wp-content\/uploads\/2017\/06\/323.jpg\",\"width\":833,\"height\":600,\"caption\":\"r\u00f3\u017ca kr\u00f3lowa lata\"},{\"@type\":\"BreadcrumbList\",\"@id\":\"https:\/\/rozaria.pl\/blog\/roza-krolowa-lata\/#breadcrumb\",\"itemListElement\":[{\"@type\":\"ListItem\",\"position\":1,\"name\":\"Strona g\u0142\u00f3wna\",\"item\":\"https:\/\/rozaria.pl\/blog\/\"},{\"@type\":\"ListItem\",\"position\":2,\"name\":\"R\u00f3\u017ca, kr\u00f3lowa lata\"}]},{\"@type\":\"WebSite\",\"@id\":\"https:\/\/rozaria.pl\/blog\/#website\",\"url\":\"https:\/\/rozaria.pl\/blog\/\",\"name\":\"blog Rozaria.pl\",\"description\":\"Porozmawiajmy o r\u00f3\u017cach, o wszystkich sprawach\",\"publisher\":{\"@id\":\"https:\/\/rozaria.pl\/blog\/#organization\"},\"potentialAction\":[{\"@type\":\"SearchAction\",\"target\":{\"@type\":\"EntryPoint\",\"urlTemplate\":\"https:\/\/rozaria.pl\/blog\/?s={search_term_string}\"},\"query-input\":{\"@type\":\"PropertyValueSpecification\",\"valueRequired\":true,\"valueName\":\"search_term_string\"}}],\"inLanguage\":\"pl-PL\"},{\"@type\":\"Organization\",\"@id\":\"https:\/\/rozaria.pl\/blog\/#organization\",\"name\":\"Szk\u00f3\u0142ka R\u00f3\u017c Rozaria\",\"url\":\"https:\/\/rozaria.pl\/blog\/\",\"logo\":{\"@type\":\"ImageObject\",\"inLanguage\":\"pl-PL\",\"@id\":\"https:\/\/rozaria.pl\/blog\/#\/schema\/logo\/image\/\",\"url\":\"https:\/\/rozaria.pl\/blog\/wp-content\/uploads\/2016\/12\/logo_dla-rozaria.png\",\"contentUrl\":\"https:\/\/rozaria.pl\/blog\/wp-content\/uploads\/2016\/12\/logo_dla-rozaria.png\",\"width\":400,\"height\":166,\"caption\":\"Szk\u00f3\u0142ka R\u00f3\u017c Rozaria\"},\"image\":{\"@id\":\"https:\/\/rozaria.pl\/blog\/#\/schema\/logo\/image\/\"},\"sameAs\":[\"https:\/\/www.facebook.com\/SzkolkaRozRozaria\/\",\"https:\/\/x.com\/SzkolkaRozaria\",\"https:\/\/www.youtube.com\/channel\/UCguKKBc7F06eYM1tzYx1Z5A\"]},{\"@type\":\"Person\",\"@id\":\"https:\/\/rozaria.pl\/blog\/#\/schema\/person\/e0b63ce2682f026a88828a7772e9ac22\",\"name\":\"Rozaria.pl\",\"image\":{\"@type\":\"ImageObject\",\"inLanguage\":\"pl-PL\",\"@id\":\"https:\/\/rozaria.pl\/blog\/#\/schema\/person\/image\/\",\"url\":\"https:\/\/secure.gravatar.com\/avatar\/a617f0796bdf5b31b93d812b41809f25?s=96&d=mm&r=g\",\"contentUrl\":\"https:\/\/secure.gravatar.com\/avatar\/a617f0796bdf5b31b93d812b41809f25?s=96&d=mm&r=g\",\"caption\":\"Rozaria.pl\"},\"url\":\"https:\/\/rozaria.pl\/blog\/author\/pp\/\"}]}<\/script>\n<!-- \/ Yoast SEO plugin. -->","yoast_head_json":{"title":"R\u00f3\u017ca, kr\u00f3lowa lata - blog Rozaria.pl","robots":{"index":"index","follow":"follow","max-snippet":"max-snippet:-1","max-image-preview":"max-image-preview:large","max-video-preview":"max-video-preview:-1"},"canonical":"https:\/\/rozaria.pl\/blog\/roza-krolowa-lata\/","og_locale":"pl_PL","og_type":"article","og_title":"R\u00f3\u017ca, kr\u00f3lowa lata - blog Rozaria.pl","og_description":"Wielu pasjonatom ogrod\u00f3w trudno sobie wyobrazi\u0107 ogr\u00f3d bez r\u00f3\u017c. Szczeg\u00f3lnie pi\u0119knie prezentuj\u0105 si\u0119 one latem, gdy rozkwitaj\u0105 w pe\u0142ni, rozpoczynaj\u0105c sw\u0105 wielobarwn\u0105, pachn\u0105c\u0105 opowie\u015b\u0107. R\u00f3\u017ce kochaj\u0105 lato i s\u0142o\u0144ce, cho\u0107, aby w pe\u0142ni mog\u0142y ukaza\u0107 swoje pi\u0119kno, nale\u017cy je wspiera\u0107 [&hellip;]","og_url":"https:\/\/rozaria.pl\/blog\/roza-krolowa-lata\/","og_site_name":"blog Rozaria.pl","article_publisher":"https:\/\/www.facebook.com\/SzkolkaRozRozaria\/","article_published_time":"2016-10-29T21:04:16+00:00","article_modified_time":"2017-07-22T13:20:29+00:00","og_image":[{"width":833,"height":600,"url":"https:\/\/rozaria.pl\/blog\/wp-content\/uploads\/2017\/06\/323.jpg","type":"image\/jpeg"}],"author":"Rozaria.pl","twitter_card":"summary_large_image","twitter_creator":"@SzkolkaRozaria","twitter_site":"@SzkolkaRozaria","twitter_misc":{"Napisane przez":"Rozaria.pl","Szacowany czas czytania":"4 minuty"},"schema":{"@context":"https:\/\/schema.org","@graph":[{"@type":"Article","@id":"https:\/\/rozaria.pl\/blog\/roza-krolowa-lata\/#article","isPartOf":{"@id":"https:\/\/rozaria.pl\/blog\/roza-krolowa-lata\/"},"author":{"name":"Rozaria.pl","@id":"https:\/\/rozaria.pl\/blog\/#\/schema\/person\/e0b63ce2682f026a88828a7772e9ac22"},"headline":"R\u00f3\u017ca, kr\u00f3lowa lata","datePublished":"2016-10-29T21:04:16+00:00","dateModified":"2017-07-22T13:20:29+00:00","mainEntityOfPage":{"@id":"https:\/\/rozaria.pl\/blog\/roza-krolowa-lata\/"},"wordCount":816,"commentCount":0,"publisher":{"@id":"https:\/\/rozaria.pl\/blog\/#organization"},"image":{"@id":"https:\/\/rozaria.pl\/blog\/roza-krolowa-lata\/#primaryimage"},"thumbnailUrl":"https:\/\/rozaria.pl\/blog\/wp-content\/uploads\/2017\/06\/323.jpg","keywords":["piel\u0119gnacja r\u00f3\u017c latem","podlewanie r\u00f3\u017c","r\u00f3\u017ce w ogrodzie"],"articleSection":["Uprawa"],"inLanguage":"pl-PL","potentialAction":[{"@type":"CommentAction","name":"Comment","target":["https:\/\/rozaria.pl\/blog\/roza-krolowa-lata\/#respond"]}]},{"@type":"WebPage","@id":"https:\/\/rozaria.pl\/blog\/roza-krolowa-lata\/","url":"https:\/\/rozaria.pl\/blog\/roza-krolowa-lata\/","name":"R\u00f3\u017ca, kr\u00f3lowa lata - blog Rozaria.pl","isPartOf":{"@id":"https:\/\/rozaria.pl\/blog\/#website"},"primaryImageOfPage":{"@id":"https:\/\/rozaria.pl\/blog\/roza-krolowa-lata\/#primaryimage"},"image":{"@id":"https:\/\/rozaria.pl\/blog\/roza-krolowa-lata\/#primaryimage"},"thumbnailUrl":"https:\/\/rozaria.pl\/blog\/wp-content\/uploads\/2017\/06\/323.jpg","datePublished":"2016-10-29T21:04:16+00:00","dateModified":"2017-07-22T13:20:29+00:00","breadcrumb":{"@id":"https:\/\/rozaria.pl\/blog\/roza-krolowa-lata\/#breadcrumb"},"inLanguage":"pl-PL","potentialAction":[{"@type":"ReadAction","target":["https:\/\/rozaria.pl\/blog\/roza-krolowa-lata\/"]}]},{"@type":"ImageObject","inLanguage":"pl-PL","@id":"https:\/\/rozaria.pl\/blog\/roza-krolowa-lata\/#primaryimage","url":"https:\/\/rozaria.pl\/blog\/wp-content\/uploads\/2017\/06\/323.jpg","contentUrl":"https:\/\/rozaria.pl\/blog\/wp-content\/uploads\/2017\/06\/323.jpg","width":833,"height":600,"caption":"r\u00f3\u017ca kr\u00f3lowa lata"},{"@type":"BreadcrumbList","@id":"https:\/\/rozaria.pl\/blog\/roza-krolowa-lata\/#breadcrumb","itemListElement":[{"@type":"ListItem","position":1,"name":"Strona g\u0142\u00f3wna","item":"https:\/\/rozaria.pl\/blog\/"},{"@type":"ListItem","position":2,"name":"R\u00f3\u017ca, kr\u00f3lowa lata"}]},{"@type":"WebSite","@id":"https:\/\/rozaria.pl\/blog\/#website","url":"https:\/\/rozaria.pl\/blog\/","name":"blog Rozaria.pl","description":"Porozmawiajmy o r\u00f3\u017cach, o wszystkich sprawach","publisher":{"@id":"https:\/\/rozaria.pl\/blog\/#organization"},"potentialAction":[{"@type":"SearchAction","target":{"@type":"EntryPoint","urlTemplate":"https:\/\/rozaria.pl\/blog\/?s={search_term_string}"},"query-input":{"@type":"PropertyValueSpecification","valueRequired":true,"valueName":"search_term_string"}}],"inLanguage":"pl-PL"},{"@type":"Organization","@id":"https:\/\/rozaria.pl\/blog\/#organization","name":"Szk\u00f3\u0142ka R\u00f3\u017c Rozaria","url":"https:\/\/rozaria.pl\/blog\/","logo":{"@type":"ImageObject","inLanguage":"pl-PL","@id":"https:\/\/rozaria.pl\/blog\/#\/schema\/logo\/image\/","url":"https:\/\/rozaria.pl\/blog\/wp-content\/uploads\/2016\/12\/logo_dla-rozaria.png","contentUrl":"https:\/\/rozaria.pl\/blog\/wp-content\/uploads\/2016\/12\/logo_dla-rozaria.png","width":400,"height":166,"caption":"Szk\u00f3\u0142ka R\u00f3\u017c Rozaria"},"image":{"@id":"https:\/\/rozaria.pl\/blog\/#\/schema\/logo\/image\/"},"sameAs":["https:\/\/www.facebook.com\/SzkolkaRozRozaria\/","https:\/\/x.com\/SzkolkaRozaria","https:\/\/www.youtube.com\/channel\/UCguKKBc7F06eYM1tzYx1Z5A"]},{"@type":"Person","@id":"https:\/\/rozaria.pl\/blog\/#\/schema\/person\/e0b63ce2682f026a88828a7772e9ac22","name":"Rozaria.pl","image":{"@type":"ImageObject","inLanguage":"pl-PL","@id":"https:\/\/rozaria.pl\/blog\/#\/schema\/person\/image\/","url":"https:\/\/secure.gravatar.com\/avatar\/a617f0796bdf5b31b93d812b41809f25?s=96&d=mm&r=g","contentUrl":"https:\/\/secure.gravatar.com\/avatar\/a617f0796bdf5b31b93d812b41809f25?s=96&d=mm&r=g","caption":"Rozaria.pl"},"url":"https:\/\/rozaria.pl\/blog\/author\/pp\/"}]}},"_links":{"self":[{"href":"https:\/\/rozaria.pl\/blog\/wp-json\/wp\/v2\/posts\/1485"}],"collection":[{"href":"https:\/\/rozaria.pl\/blog\/wp-json\/wp\/v2\/posts"}],"about":[{"href":"https:\/\/rozaria.pl\/blog\/wp-json\/wp\/v2\/types\/post"}],"author":[{"embeddable":true,"href":"https:\/\/rozaria.pl\/blog\/wp-json\/wp\/v2\/users\/11"}],"replies":[{"embeddable":true,"href":"https:\/\/rozaria.pl\/blog\/wp-json\/wp\/v2\/comments?post=1485"}],"version-history":[{"count":10,"href":"https:\/\/rozaria.pl\/blog\/wp-json\/wp\/v2\/posts\/1485\/revisions"}],"predecessor-version":[{"id":1525,"href":"https:\/\/rozaria.pl\/blog\/wp-json\/wp\/v2\/posts\/1485\/revisions\/1525"}],"wp:featuredmedia":[{"embeddable":true,"href":"https:\/\/rozaria.pl\/blog\/wp-json\/wp\/v2\/media\/1487"}],"wp:attachment":[{"href":"https:\/\/rozaria.pl\/blog\/wp-json\/wp\/v2\/media?parent=1485"}],"wp:term":[{"taxonomy":"category","embeddable":true,"href":"https:\/\/rozaria.pl\/blog\/wp-json\/wp\/v2\/categories?post=1485"},{"taxonomy":"post_tag","embeddable":true,"href":"https:\/\/rozaria.pl\/blog\/wp-json\/wp\/v2\/tags?post=1485"}],"curies":[{"name":"wp","href":"https:\/\/api.w.org\/{rel}","templated":true}]}}