{"id":1444,"date":"2016-08-26T18:29:31","date_gmt":"2016-08-26T16:29:31","guid":{"rendered":"http:\/\/rozaria.pl\/blog\/?p=1444"},"modified":"2020-01-17T09:04:29","modified_gmt":"2020-01-17T08:04:29","slug":"jak-przygotowac-glebe-pod-roze","status":"publish","type":"post","link":"https:\/\/rozaria.pl\/blog\/jak-przygotowac-glebe-pod-roze\/","title":{"rendered":"Jak przygotowa\u0107 gleb\u0119 pod r\u00f3\u017ce"},"content":{"rendered":"<p style=\"text-align: justify;\"><span style=\"font-size: 14pt;\"><strong><a href=\"http:\/\/rozaria.pl\/blog\/wp-content\/uploads\/2016\/08\/jak-przygotowa\u0107-gleb\u0119-do-r\u00f3\u017c.jpg\"><img loading=\"lazy\" decoding=\"async\" class=\"alignleft size-medium wp-image-1451\" src=\"http:\/\/rozaria.pl\/blog\/wp-content\/uploads\/2016\/08\/jak-przygotowa\u0107-gleb\u0119-do-r\u00f3\u017c-300x225.jpg\" alt=\"jak przygotowa\u0107 gleb\u0119 do r\u00f3\u017c\" width=\"300\" height=\"225\" srcset=\"https:\/\/rozaria.pl\/blog\/wp-content\/uploads\/2016\/08\/jak-przygotowa\u0107-gleb\u0119-do-r\u00f3\u017c-150x113.jpg 150w, https:\/\/rozaria.pl\/blog\/wp-content\/uploads\/2016\/08\/jak-przygotowa\u0107-gleb\u0119-do-r\u00f3\u017c-300x225.jpg 300w, https:\/\/rozaria.pl\/blog\/wp-content\/uploads\/2016\/08\/jak-przygotowa\u0107-gleb\u0119-do-r\u00f3\u017c-768x576.jpg 768w, https:\/\/rozaria.pl\/blog\/wp-content\/uploads\/2016\/08\/jak-przygotowa\u0107-gleb\u0119-do-r\u00f3\u017c-1024x768.jpg 1024w, https:\/\/rozaria.pl\/blog\/wp-content\/uploads\/2016\/08\/jak-przygotowa\u0107-gleb\u0119-do-r\u00f3\u017c.jpg 1280w\" sizes=\"(max-width: 300px) 100vw, 300px\" \/><\/a>Jak przygotowa\u0107 gleb\u0119 pod r\u00f3\u017ce.<\/strong><\/span><\/p>\n<p style=\"text-align: justify;\">By r\u00f3\u017ce zdrowo ros\u0142y i obficie kwit\u0142y nale\u017cy ju\u017c przed wsadzeniem zadba\u0107 o ich miejsce pobytu w kolejnych latach. Odpowiednie\u00a0przygotowanie gleby\u00a0to klucz do sukcesu i jednocze\u015bnie tajemnica pi\u0119knego ogrodu. A \u017ce nie ka\u017cdy ma do dyspozycji od razu idealne miejsce, dlatego warto po\u015bwi\u0119ci\u0107 mu troch\u0119 uwagi a odwdzi\u0119czy nam si\u0119 to ju\u017c wkr\u00f3tce.<\/p>\n<h2 style=\"text-align: justify;\"><span style=\"font-size: 14pt;\"><strong>Usuni\u0119cie chwast\u00f3w przed sadzeniem\u00a0 <\/strong><\/span><\/h2>\n<p style=\"text-align: justify;\">Na pocz\u0105tku, niezb\u0119dne jest usuni\u0119cie wszelkich zanieczyszcze\u0144 gleby, takich jak ceg\u0142y, gruz czy fragmenty desek. Dok\u0142adnej likwidacji wymagaj\u0105 r\u00f3wnie\u017c chwasty wieloletnie takie jak \u00a0perz, pow\u00f3j, oset czy mniszek. Zlekcewa\u017cenie owej czynno\u015bci sprawi, \u017ce chwasty b\u0119d\u0105 wraca\u0142y do nas ka\u017cdego lata niczym bumerang, a to prze\u0142o\u017cy si\u0119 na dodatkowe prace.<\/p>\n<p style=\"text-align: justify;\"><span style=\"font-size: 14pt;\"><strong><a href=\"http:\/\/rozaria.pl\/blog\/wp-content\/uploads\/2016\/08\/Jaka-gleba-jest-najlepsza-dla-r\u00f3\u017c.jpg\"><img loading=\"lazy\" decoding=\"async\" class=\"alignright size-medium wp-image-1456\" src=\"http:\/\/rozaria.pl\/blog\/wp-content\/uploads\/2016\/08\/Jaka-gleba-jest-najlepsza-dla-r\u00f3\u017c-300x225.jpg\" alt=\"Jaka gleba jest najlepsza dla r\u00f3\u017c\" width=\"300\" height=\"225\" srcset=\"https:\/\/rozaria.pl\/blog\/wp-content\/uploads\/2016\/08\/Jaka-gleba-jest-najlepsza-dla-r\u00f3\u017c-150x113.jpg 150w, https:\/\/rozaria.pl\/blog\/wp-content\/uploads\/2016\/08\/Jaka-gleba-jest-najlepsza-dla-r\u00f3\u017c-300x225.jpg 300w, https:\/\/rozaria.pl\/blog\/wp-content\/uploads\/2016\/08\/Jaka-gleba-jest-najlepsza-dla-r\u00f3\u017c-768x576.jpg 768w, https:\/\/rozaria.pl\/blog\/wp-content\/uploads\/2016\/08\/Jaka-gleba-jest-najlepsza-dla-r\u00f3\u017c-1024x768.jpg 1024w, https:\/\/rozaria.pl\/blog\/wp-content\/uploads\/2016\/08\/Jaka-gleba-jest-najlepsza-dla-r\u00f3\u017c.jpg 1280w\" sizes=\"(max-width: 300px) 100vw, 300px\" \/><\/a>Jaka gleba jest najlepsza dla r\u00f3\u017c?<\/strong><\/span><\/p>\n<p style=\"text-align: justify;\">Najlepsza b\u0119dzie gleba gliniasto-piaszczysta o du\u017cej zawarto\u015bci pr\u00f3chnicy, kt\u00f3rej odczyn pH r\u00f3wny jest warto\u015bci 6,5. W przypadku zbyt kwa\u015bnej gleby w ogrodzie, przed sadzeniem r\u00f3\u017c, wskazane jest zwapnowanie gleby za pomoc\u0105 wapna nawozowego lub kredy. W praktyce wprowadzenie blisko 0,5 kg kredy na 1m\u00b2 zagonu przek\u0142ada si\u0119 na zwi\u0119kszenie warto\u015bci pH gleby o 0,5 do 1,0. W celu poprawy struktury gleby, warto doda\u0107 obornik, kt\u00f3ry wzbogaci gleb\u0119 w pr\u00f3chnic\u0119 i sk\u0142adniki mineralne. Najlepiej zastosowa\u0107 taki przekompostowany kilka miesi\u0119cy na pry\u017amie.<\/p>\n<p style=\"text-align: justify;\"><span style=\"font-size: 14pt;\"><strong>Kiedy sadzi\u0107 r\u00f3\u017ce?<\/strong><\/span><\/p>\n<p style=\"text-align: justify;\">Na sadzenie r\u00f3\u017c najlepszy jest okres jesienny. Sadzenie krzew\u00f3w o tej porze roku sprawi, \u017ce \u0142atwiej si\u0119 ukorzeniaj\u0105 i bez problem\u00f3w przyjdzie nam je przycina\u0107. W okresie wiosennym wskazane jest sadzenie r\u00f3\u017c piennych &#8211; ich sadzenie jesieni\u0105 wi\u0105\u017ce si\u0119 z problemami zwi\u0105zanymi z zabezpieczeniem ich przed mrozami. O ka\u017cdej porze roku mo\u017cemy sadzi\u0107 r\u00f3\u017ce wyhodowane w pojemnikach, kt\u00f3re wyr\u00f3\u017cnia wykszta\u0142cona i zwarta bry\u0142a korzeniowa.<\/p>\n<p style=\"text-align: justify;\"><span style=\"font-size: 14pt;\"><strong>Jak przygotowa\u0107 r\u00f3\u017ce do sadzenia?<\/strong><\/span><\/p>\n<p style=\"text-align: justify;\">Przed sadzeniem r\u00f3\u017c, niezb\u0119dne jest usuni\u0119cie nad\u0142amanych cz\u0119\u015bci korzeni. Pozosta\u0142o\u015bci korzenia krzewu skracamy do 25 cm, po czym moczymy je w wodzie. Mo\u017cna doda\u0107 do niej fungicydy. Czas moczenia to ok. 1 godziny. Wa\u017cne jest to zw\u0142aszcza dla zakupionych wiosn\u0105 r\u00f3\u017c z go\u0142ym korzeniem. Po wyj\u0119ciu z zaprawy, r\u00f3\u017ce sadzimy jak najszybciej. W przypadku sadzenia jesiennego, je\u015bli krzew ma jeszcze li\u015bcie, wskazane jest ich usuni\u0119cie.<\/p>\n<p style=\"text-align: justify;\"><span style=\"font-size: 14pt;\"><strong><a href=\"http:\/\/rozaria.pl\/blog\/wp-content\/uploads\/2016\/08\/jak-przygotowa\u0107-gleb\u0119-do-sadzenia-r\u00f3\u017c.jpg\"><img loading=\"lazy\" decoding=\"async\" class=\"alignleft wp-image-1448 size-medium\" title=\"jak przygotowa\u0107 gleb\u0119 do sadzenia r\u00f3\u017c\" src=\"http:\/\/rozaria.pl\/blog\/wp-content\/uploads\/2016\/08\/jak-przygotowa\u0107-gleb\u0119-do-sadzenia-r\u00f3\u017c-300x200.jpg\" alt=\"jak przygotowa\u0107 gleb\u0119 do sadzenia r\u00f3\u017c\" width=\"300\" height=\"200\" srcset=\"https:\/\/rozaria.pl\/blog\/wp-content\/uploads\/2016\/08\/jak-przygotowa\u0107-gleb\u0119-do-sadzenia-r\u00f3\u017c-150x100.jpg 150w, https:\/\/rozaria.pl\/blog\/wp-content\/uploads\/2016\/08\/jak-przygotowa\u0107-gleb\u0119-do-sadzenia-r\u00f3\u017c-300x200.jpg 300w, https:\/\/rozaria.pl\/blog\/wp-content\/uploads\/2016\/08\/jak-przygotowa\u0107-gleb\u0119-do-sadzenia-r\u00f3\u017c-768x512.jpg 768w, https:\/\/rozaria.pl\/blog\/wp-content\/uploads\/2016\/08\/jak-przygotowa\u0107-gleb\u0119-do-sadzenia-r\u00f3\u017c-1024x682.jpg 1024w, https:\/\/rozaria.pl\/blog\/wp-content\/uploads\/2016\/08\/jak-przygotowa\u0107-gleb\u0119-do-sadzenia-r\u00f3\u017c.jpg 1280w\" sizes=\"(max-width: 300px) 100vw, 300px\" \/><\/a>Sadzenie r\u00f3\u017c w ogrodzie<\/strong><\/span><\/p>\n<p style=\"text-align: justify;\">Miejsce sadzenia krzewu, musi mie\u0107 tak\u0105 g\u0142\u0119boko\u015b\u0107, by korzenie po wsadzeniu nie zawin\u0119\u0142y si\u0119. Sadz\u0105c uk\u0142adamy je r\u00f3wnomiernie. W momencie zasypywania korzeni, warto podci\u0105gn\u0105\u0107 krzew lekko do g\u00f3ry. Zapewni to lepsze przyleganie gleby do korzeni i ich wyprostowanie.. Po zasypaniu, udeptujemy gleb\u0119 wok\u00f3\u0142 krzewu. Gdy woda po podlaniu wsi\u0105knie, usypujemy ziemi\u0119 wok\u00f3\u0142 r\u00f3\u017cy o wysoko\u015bci 20 do 30 cm \u2013 zabezpieczymy w ten spos\u00f3b \u00a0p\u0119dy przed przemarzni\u0119ciem. W czasie zimy przy wi\u0119kszych mrozkach panuj\u0105cych na zewn\u0105trz, na usypan\u0105 ziemi\u0119 mo\u017cemy na\u0142o\u017cy\u0107 warstw\u0119 kory i ga\u0142\u0105zki z drzew iglastych.<\/p>\n<p style=\"text-align: justify;\"><span style=\"font-size: 14pt;\"><strong>Podlewanie r\u00f3\u017c <\/strong><\/span><\/p>\n<p style=\"text-align: justify;\">R\u00f3\u017ce nie toleruj\u0105 ani zbyt mokrego, ani zbyt suchego miejsca. W momencie podlewania, staramy si\u0119 nie moczy\u0107 li\u015bci i kwiat\u00f3w, wykluczaj\u0105c tym samym podlewanie wachlarzem i deszczykiem z g\u00f3ry. Strumie\u0144 powinien skierowany by\u0107 mi\u0119dzy ro\u015bliny przy ziemi. Warto u\u017cy\u0107 linii kropluj\u0105cej, by zapobiec moczeniu li\u015bci i kwiat\u00f3w. Lepiej jest podla\u0107 mniej, lecz obficie ani\u017celi cz\u0119sto ale p\u0142ytko. Gleba powinna by\u0107 nieustannie wilgotna.<\/p>\n<p style=\"text-align: justify;\"><a href=\"http:\/\/rozaria.pl\/blog\/wp-content\/uploads\/2016\/08\/kopczyki-na-r\u00f3\u017cach.jpg\"><img loading=\"lazy\" decoding=\"async\" class=\"alignright wp-image-1446 size-medium\" title=\"kopczyki na r\u00f3\u017cach\" src=\"http:\/\/rozaria.pl\/blog\/wp-content\/uploads\/2016\/08\/kopczyki-na-r\u00f3\u017cach-300x225.jpg\" alt=\"kopczyki na r\u00f3\u017cach\" width=\"300\" height=\"225\" srcset=\"https:\/\/rozaria.pl\/blog\/wp-content\/uploads\/2016\/08\/kopczyki-na-r\u00f3\u017cach-150x113.jpg 150w, https:\/\/rozaria.pl\/blog\/wp-content\/uploads\/2016\/08\/kopczyki-na-r\u00f3\u017cach-300x225.jpg 300w, https:\/\/rozaria.pl\/blog\/wp-content\/uploads\/2016\/08\/kopczyki-na-r\u00f3\u017cach.jpg 500w\" sizes=\"(max-width: 300px) 100vw, 300px\" \/><\/a><\/p>\n<p style=\"text-align: justify;\"><strong>Zabezpieczenie ro\u015blin przed zim\u0105<\/strong><\/p>\n<p style=\"text-align: justify;\">W klimacie panuj\u0105cym w naszym kraju, niezb\u0119dne jest okrycie r\u00f3\u017c w okresie zimowym \u2013 okrywamy je p\u00f3\u017an\u0105 jesieni\u0105 po pierwszych przymrozkach. Idealna alternatyw\u0105, kt\u00f3ra ochroni ro\u015bliny przez mrozem s\u0105 kopczyki z ziemi. Przy wiosennym sadzeniu tworzenie kopczyk\u00f3w zapobiegnie wyschni\u0119ciu p\u0119d\u00f3w. Powsta\u0142e \u201ebudowle\u201d rozgarniamy, gdy pojawi\u0105 si\u0119\u00a0 nowe p\u0119dy. Innym sposobem jest okrycie \u00a0krzewu za pomoc\u0105 ga\u0142\u0105zek sosnowych lub \u015bwierkowych.<\/p>\n<p style=\"text-align: justify;\">Te zabiegi spowoduj\u0105, ze nawet w przypadku przemarzni\u0119cia nadziemnej cz\u0119\u015bci, z okrytej i \u00a0zabezpieczonej podstawy, wiosn\u0105 odbij\u0105 nam nowe p\u0119dy.<\/p>\n","protected":false},"excerpt":{"rendered":"<p>Jak przygotowa\u0107 gleb\u0119 pod r\u00f3\u017ce. By r\u00f3\u017ce zdrowo ros\u0142y i obficie kwit\u0142y nale\u017cy ju\u017c przed wsadzeniem zadba\u0107 o ich miejsce pobytu w kolejnych latach. Odpowiednie\u00a0przygotowanie gleby\u00a0to klucz do sukcesu i jednocze\u015bnie tajemnica pi\u0119knego ogrodu. A \u017ce nie ka\u017cdy ma do [&hellip;]<\/p>\n","protected":false},"author":1,"featured_media":1448,"comment_status":"open","ping_status":"open","sticky":false,"template":"","format":"standard","meta":{"_mi_skip_tracking":false,"_monsterinsights_sitenote_active":false,"_monsterinsights_sitenote_note":"","_monsterinsights_sitenote_category":0,"footnotes":""},"categories":[7],"tags":[38,58,2],"yoast_head":"<!-- This site is optimized with the Yoast SEO plugin v23.5 - https:\/\/yoast.com\/wordpress\/plugins\/seo\/ -->\n<title>Jak przygotowa\u0107 gleb\u0119 pod r\u00f3\u017ce - blog Rozaria.pl<\/title>\n<meta name=\"robots\" content=\"index, follow, max-snippet:-1, max-image-preview:large, max-video-preview:-1\" \/>\n<link rel=\"canonical\" href=\"https:\/\/rozaria.pl\/blog\/jak-przygotowac-glebe-pod-roze\/\" \/>\n<meta property=\"og:locale\" content=\"pl_PL\" \/>\n<meta property=\"og:type\" content=\"article\" \/>\n<meta property=\"og:title\" content=\"Jak przygotowa\u0107 gleb\u0119 pod r\u00f3\u017ce - blog Rozaria.pl\" \/>\n<meta property=\"og:description\" content=\"Jak przygotowa\u0107 gleb\u0119 pod r\u00f3\u017ce. By r\u00f3\u017ce zdrowo ros\u0142y i obficie kwit\u0142y nale\u017cy ju\u017c przed wsadzeniem zadba\u0107 o ich miejsce pobytu w kolejnych latach. Odpowiednie\u00a0przygotowanie gleby\u00a0to klucz do sukcesu i jednocze\u015bnie tajemnica pi\u0119knego ogrodu. A \u017ce nie ka\u017cdy ma do [&hellip;]\" \/>\n<meta property=\"og:url\" content=\"https:\/\/rozaria.pl\/blog\/jak-przygotowac-glebe-pod-roze\/\" \/>\n<meta property=\"og:site_name\" content=\"blog Rozaria.pl\" \/>\n<meta property=\"article:publisher\" content=\"https:\/\/www.facebook.com\/SzkolkaRozRozaria\/\" \/>\n<meta property=\"article:published_time\" content=\"2016-08-26T16:29:31+00:00\" \/>\n<meta property=\"article:modified_time\" content=\"2020-01-17T08:04:29+00:00\" \/>\n<meta property=\"og:image\" content=\"https:\/\/rozaria.pl\/blog\/wp-content\/uploads\/2016\/08\/jak-przygotowa\u0107-gleb\u0119-do-sadzenia-r\u00f3\u017c.jpg\" \/>\n\t<meta property=\"og:image:width\" content=\"1280\" \/>\n\t<meta property=\"og:image:height\" content=\"853\" \/>\n\t<meta property=\"og:image:type\" content=\"image\/jpeg\" \/>\n<meta name=\"author\" content=\"Rozaria.pl\" \/>\n<meta name=\"twitter:card\" content=\"summary_large_image\" \/>\n<meta name=\"twitter:creator\" content=\"@SzkolkaRozaria\" \/>\n<meta name=\"twitter:site\" content=\"@SzkolkaRozaria\" \/>\n<meta name=\"twitter:label1\" content=\"Napisane przez\" \/>\n\t<meta name=\"twitter:data1\" content=\"Rozaria.pl\" \/>\n\t<meta name=\"twitter:label2\" content=\"Szacowany czas czytania\" \/>\n\t<meta name=\"twitter:data2\" content=\"3 minuty\" \/>\n<script type=\"application\/ld+json\" class=\"yoast-schema-graph\">{\"@context\":\"https:\/\/schema.org\",\"@graph\":[{\"@type\":\"Article\",\"@id\":\"https:\/\/rozaria.pl\/blog\/jak-przygotowac-glebe-pod-roze\/#article\",\"isPartOf\":{\"@id\":\"https:\/\/rozaria.pl\/blog\/jak-przygotowac-glebe-pod-roze\/\"},\"author\":{\"name\":\"Rozaria.pl\",\"@id\":\"https:\/\/rozaria.pl\/blog\/#\/schema\/person\/31b3805d5058ea1cffed1d8efb6e2513\"},\"headline\":\"Jak przygotowa\u0107 gleb\u0119 pod r\u00f3\u017ce\",\"datePublished\":\"2016-08-26T16:29:31+00:00\",\"dateModified\":\"2020-01-17T08:04:29+00:00\",\"mainEntityOfPage\":{\"@id\":\"https:\/\/rozaria.pl\/blog\/jak-przygotowac-glebe-pod-roze\/\"},\"wordCount\":693,\"commentCount\":1,\"publisher\":{\"@id\":\"https:\/\/rozaria.pl\/blog\/#organization\"},\"image\":{\"@id\":\"https:\/\/rozaria.pl\/blog\/jak-przygotowac-glebe-pod-roze\/#primaryimage\"},\"thumbnailUrl\":\"https:\/\/rozaria.pl\/blog\/wp-content\/uploads\/2016\/08\/jak-przygotowa\u0107-gleb\u0119-do-sadzenia-r\u00f3\u017c.jpg\",\"keywords\":[\"kopczykowanie r\u00f3\u017c\",\"r\u00f3\u017cane ogrody\",\"r\u00f3\u017ce piel\u0119gnacja\"],\"articleSection\":[\"Uprawa\"],\"inLanguage\":\"pl-PL\",\"potentialAction\":[{\"@type\":\"CommentAction\",\"name\":\"Comment\",\"target\":[\"https:\/\/rozaria.pl\/blog\/jak-przygotowac-glebe-pod-roze\/#respond\"]}]},{\"@type\":\"WebPage\",\"@id\":\"https:\/\/rozaria.pl\/blog\/jak-przygotowac-glebe-pod-roze\/\",\"url\":\"https:\/\/rozaria.pl\/blog\/jak-przygotowac-glebe-pod-roze\/\",\"name\":\"Jak przygotowa\u0107 gleb\u0119 pod r\u00f3\u017ce - blog Rozaria.pl\",\"isPartOf\":{\"@id\":\"https:\/\/rozaria.pl\/blog\/#website\"},\"primaryImageOfPage\":{\"@id\":\"https:\/\/rozaria.pl\/blog\/jak-przygotowac-glebe-pod-roze\/#primaryimage\"},\"image\":{\"@id\":\"https:\/\/rozaria.pl\/blog\/jak-przygotowac-glebe-pod-roze\/#primaryimage\"},\"thumbnailUrl\":\"https:\/\/rozaria.pl\/blog\/wp-content\/uploads\/2016\/08\/jak-przygotowa\u0107-gleb\u0119-do-sadzenia-r\u00f3\u017c.jpg\",\"datePublished\":\"2016-08-26T16:29:31+00:00\",\"dateModified\":\"2020-01-17T08:04:29+00:00\",\"breadcrumb\":{\"@id\":\"https:\/\/rozaria.pl\/blog\/jak-przygotowac-glebe-pod-roze\/#breadcrumb\"},\"inLanguage\":\"pl-PL\",\"potentialAction\":[{\"@type\":\"ReadAction\",\"target\":[\"https:\/\/rozaria.pl\/blog\/jak-przygotowac-glebe-pod-roze\/\"]}]},{\"@type\":\"ImageObject\",\"inLanguage\":\"pl-PL\",\"@id\":\"https:\/\/rozaria.pl\/blog\/jak-przygotowac-glebe-pod-roze\/#primaryimage\",\"url\":\"https:\/\/rozaria.pl\/blog\/wp-content\/uploads\/2016\/08\/jak-przygotowa\u0107-gleb\u0119-do-sadzenia-r\u00f3\u017c.jpg\",\"contentUrl\":\"https:\/\/rozaria.pl\/blog\/wp-content\/uploads\/2016\/08\/jak-przygotowa\u0107-gleb\u0119-do-sadzenia-r\u00f3\u017c.jpg\",\"width\":1280,\"height\":853,\"caption\":\"jak przygotowa\u0107 gleb\u0119 do sadzenia r\u00f3\u017c\"},{\"@type\":\"BreadcrumbList\",\"@id\":\"https:\/\/rozaria.pl\/blog\/jak-przygotowac-glebe-pod-roze\/#breadcrumb\",\"itemListElement\":[{\"@type\":\"ListItem\",\"position\":1,\"name\":\"Strona g\u0142\u00f3wna\",\"item\":\"https:\/\/rozaria.pl\/blog\/\"},{\"@type\":\"ListItem\",\"position\":2,\"name\":\"Jak przygotowa\u0107 gleb\u0119 pod r\u00f3\u017ce\"}]},{\"@type\":\"WebSite\",\"@id\":\"https:\/\/rozaria.pl\/blog\/#website\",\"url\":\"https:\/\/rozaria.pl\/blog\/\",\"name\":\"blog Rozaria.pl\",\"description\":\"Porozmawiajmy o r\u00f3\u017cach, o wszystkich sprawach\",\"publisher\":{\"@id\":\"https:\/\/rozaria.pl\/blog\/#organization\"},\"potentialAction\":[{\"@type\":\"SearchAction\",\"target\":{\"@type\":\"EntryPoint\",\"urlTemplate\":\"https:\/\/rozaria.pl\/blog\/?s={search_term_string}\"},\"query-input\":{\"@type\":\"PropertyValueSpecification\",\"valueRequired\":true,\"valueName\":\"search_term_string\"}}],\"inLanguage\":\"pl-PL\"},{\"@type\":\"Organization\",\"@id\":\"https:\/\/rozaria.pl\/blog\/#organization\",\"name\":\"Szk\u00f3\u0142ka R\u00f3\u017c Rozaria\",\"url\":\"https:\/\/rozaria.pl\/blog\/\",\"logo\":{\"@type\":\"ImageObject\",\"inLanguage\":\"pl-PL\",\"@id\":\"https:\/\/rozaria.pl\/blog\/#\/schema\/logo\/image\/\",\"url\":\"https:\/\/rozaria.pl\/blog\/wp-content\/uploads\/2016\/12\/logo_dla-rozaria.png\",\"contentUrl\":\"https:\/\/rozaria.pl\/blog\/wp-content\/uploads\/2016\/12\/logo_dla-rozaria.png\",\"width\":400,\"height\":166,\"caption\":\"Szk\u00f3\u0142ka R\u00f3\u017c Rozaria\"},\"image\":{\"@id\":\"https:\/\/rozaria.pl\/blog\/#\/schema\/logo\/image\/\"},\"sameAs\":[\"https:\/\/www.facebook.com\/SzkolkaRozRozaria\/\",\"https:\/\/x.com\/SzkolkaRozaria\",\"https:\/\/www.youtube.com\/channel\/UCguKKBc7F06eYM1tzYx1Z5A\"]},{\"@type\":\"Person\",\"@id\":\"https:\/\/rozaria.pl\/blog\/#\/schema\/person\/31b3805d5058ea1cffed1d8efb6e2513\",\"name\":\"Rozaria.pl\",\"image\":{\"@type\":\"ImageObject\",\"inLanguage\":\"pl-PL\",\"@id\":\"https:\/\/rozaria.pl\/blog\/#\/schema\/person\/image\/\",\"url\":\"https:\/\/secure.gravatar.com\/avatar\/36c7e4b15b333b9fb573f9e54e7fcf52?s=96&d=mm&r=g\",\"contentUrl\":\"https:\/\/secure.gravatar.com\/avatar\/36c7e4b15b333b9fb573f9e54e7fcf52?s=96&d=mm&r=g\",\"caption\":\"Rozaria.pl\"},\"sameAs\":[\"https:\/\/www.rozaria.pl\",\"https:\/\/www.youtube.com\/channel\/UCguKKBc7F06eYM1tzYx1Z5A\"],\"url\":\"https:\/\/rozaria.pl\/blog\/author\/1rozanka\/\"}]}<\/script>\n<!-- \/ Yoast SEO plugin. -->","yoast_head_json":{"title":"Jak przygotowa\u0107 gleb\u0119 pod r\u00f3\u017ce - blog Rozaria.pl","robots":{"index":"index","follow":"follow","max-snippet":"max-snippet:-1","max-image-preview":"max-image-preview:large","max-video-preview":"max-video-preview:-1"},"canonical":"https:\/\/rozaria.pl\/blog\/jak-przygotowac-glebe-pod-roze\/","og_locale":"pl_PL","og_type":"article","og_title":"Jak przygotowa\u0107 gleb\u0119 pod r\u00f3\u017ce - blog Rozaria.pl","og_description":"Jak przygotowa\u0107 gleb\u0119 pod r\u00f3\u017ce. By r\u00f3\u017ce zdrowo ros\u0142y i obficie kwit\u0142y nale\u017cy ju\u017c przed wsadzeniem zadba\u0107 o ich miejsce pobytu w kolejnych latach. Odpowiednie\u00a0przygotowanie gleby\u00a0to klucz do sukcesu i jednocze\u015bnie tajemnica pi\u0119knego ogrodu. A \u017ce nie ka\u017cdy ma do [&hellip;]","og_url":"https:\/\/rozaria.pl\/blog\/jak-przygotowac-glebe-pod-roze\/","og_site_name":"blog Rozaria.pl","article_publisher":"https:\/\/www.facebook.com\/SzkolkaRozRozaria\/","article_published_time":"2016-08-26T16:29:31+00:00","article_modified_time":"2020-01-17T08:04:29+00:00","og_image":[{"width":1280,"height":853,"url":"https:\/\/rozaria.pl\/blog\/wp-content\/uploads\/2016\/08\/jak-przygotowa\u0107-gleb\u0119-do-sadzenia-r\u00f3\u017c.jpg","type":"image\/jpeg"}],"author":"Rozaria.pl","twitter_card":"summary_large_image","twitter_creator":"@SzkolkaRozaria","twitter_site":"@SzkolkaRozaria","twitter_misc":{"Napisane przez":"Rozaria.pl","Szacowany czas czytania":"3 minuty"},"schema":{"@context":"https:\/\/schema.org","@graph":[{"@type":"Article","@id":"https:\/\/rozaria.pl\/blog\/jak-przygotowac-glebe-pod-roze\/#article","isPartOf":{"@id":"https:\/\/rozaria.pl\/blog\/jak-przygotowac-glebe-pod-roze\/"},"author":{"name":"Rozaria.pl","@id":"https:\/\/rozaria.pl\/blog\/#\/schema\/person\/31b3805d5058ea1cffed1d8efb6e2513"},"headline":"Jak przygotowa\u0107 gleb\u0119 pod r\u00f3\u017ce","datePublished":"2016-08-26T16:29:31+00:00","dateModified":"2020-01-17T08:04:29+00:00","mainEntityOfPage":{"@id":"https:\/\/rozaria.pl\/blog\/jak-przygotowac-glebe-pod-roze\/"},"wordCount":693,"commentCount":1,"publisher":{"@id":"https:\/\/rozaria.pl\/blog\/#organization"},"image":{"@id":"https:\/\/rozaria.pl\/blog\/jak-przygotowac-glebe-pod-roze\/#primaryimage"},"thumbnailUrl":"https:\/\/rozaria.pl\/blog\/wp-content\/uploads\/2016\/08\/jak-przygotowa\u0107-gleb\u0119-do-sadzenia-r\u00f3\u017c.jpg","keywords":["kopczykowanie r\u00f3\u017c","r\u00f3\u017cane ogrody","r\u00f3\u017ce piel\u0119gnacja"],"articleSection":["Uprawa"],"inLanguage":"pl-PL","potentialAction":[{"@type":"CommentAction","name":"Comment","target":["https:\/\/rozaria.pl\/blog\/jak-przygotowac-glebe-pod-roze\/#respond"]}]},{"@type":"WebPage","@id":"https:\/\/rozaria.pl\/blog\/jak-przygotowac-glebe-pod-roze\/","url":"https:\/\/rozaria.pl\/blog\/jak-przygotowac-glebe-pod-roze\/","name":"Jak przygotowa\u0107 gleb\u0119 pod r\u00f3\u017ce - blog Rozaria.pl","isPartOf":{"@id":"https:\/\/rozaria.pl\/blog\/#website"},"primaryImageOfPage":{"@id":"https:\/\/rozaria.pl\/blog\/jak-przygotowac-glebe-pod-roze\/#primaryimage"},"image":{"@id":"https:\/\/rozaria.pl\/blog\/jak-przygotowac-glebe-pod-roze\/#primaryimage"},"thumbnailUrl":"https:\/\/rozaria.pl\/blog\/wp-content\/uploads\/2016\/08\/jak-przygotowa\u0107-gleb\u0119-do-sadzenia-r\u00f3\u017c.jpg","datePublished":"2016-08-26T16:29:31+00:00","dateModified":"2020-01-17T08:04:29+00:00","breadcrumb":{"@id":"https:\/\/rozaria.pl\/blog\/jak-przygotowac-glebe-pod-roze\/#breadcrumb"},"inLanguage":"pl-PL","potentialAction":[{"@type":"ReadAction","target":["https:\/\/rozaria.pl\/blog\/jak-przygotowac-glebe-pod-roze\/"]}]},{"@type":"ImageObject","inLanguage":"pl-PL","@id":"https:\/\/rozaria.pl\/blog\/jak-przygotowac-glebe-pod-roze\/#primaryimage","url":"https:\/\/rozaria.pl\/blog\/wp-content\/uploads\/2016\/08\/jak-przygotowa\u0107-gleb\u0119-do-sadzenia-r\u00f3\u017c.jpg","contentUrl":"https:\/\/rozaria.pl\/blog\/wp-content\/uploads\/2016\/08\/jak-przygotowa\u0107-gleb\u0119-do-sadzenia-r\u00f3\u017c.jpg","width":1280,"height":853,"caption":"jak przygotowa\u0107 gleb\u0119 do sadzenia r\u00f3\u017c"},{"@type":"BreadcrumbList","@id":"https:\/\/rozaria.pl\/blog\/jak-przygotowac-glebe-pod-roze\/#breadcrumb","itemListElement":[{"@type":"ListItem","position":1,"name":"Strona g\u0142\u00f3wna","item":"https:\/\/rozaria.pl\/blog\/"},{"@type":"ListItem","position":2,"name":"Jak przygotowa\u0107 gleb\u0119 pod r\u00f3\u017ce"}]},{"@type":"WebSite","@id":"https:\/\/rozaria.pl\/blog\/#website","url":"https:\/\/rozaria.pl\/blog\/","name":"blog Rozaria.pl","description":"Porozmawiajmy o r\u00f3\u017cach, o wszystkich sprawach","publisher":{"@id":"https:\/\/rozaria.pl\/blog\/#organization"},"potentialAction":[{"@type":"SearchAction","target":{"@type":"EntryPoint","urlTemplate":"https:\/\/rozaria.pl\/blog\/?s={search_term_string}"},"query-input":{"@type":"PropertyValueSpecification","valueRequired":true,"valueName":"search_term_string"}}],"inLanguage":"pl-PL"},{"@type":"Organization","@id":"https:\/\/rozaria.pl\/blog\/#organization","name":"Szk\u00f3\u0142ka R\u00f3\u017c Rozaria","url":"https:\/\/rozaria.pl\/blog\/","logo":{"@type":"ImageObject","inLanguage":"pl-PL","@id":"https:\/\/rozaria.pl\/blog\/#\/schema\/logo\/image\/","url":"https:\/\/rozaria.pl\/blog\/wp-content\/uploads\/2016\/12\/logo_dla-rozaria.png","contentUrl":"https:\/\/rozaria.pl\/blog\/wp-content\/uploads\/2016\/12\/logo_dla-rozaria.png","width":400,"height":166,"caption":"Szk\u00f3\u0142ka R\u00f3\u017c Rozaria"},"image":{"@id":"https:\/\/rozaria.pl\/blog\/#\/schema\/logo\/image\/"},"sameAs":["https:\/\/www.facebook.com\/SzkolkaRozRozaria\/","https:\/\/x.com\/SzkolkaRozaria","https:\/\/www.youtube.com\/channel\/UCguKKBc7F06eYM1tzYx1Z5A"]},{"@type":"Person","@id":"https:\/\/rozaria.pl\/blog\/#\/schema\/person\/31b3805d5058ea1cffed1d8efb6e2513","name":"Rozaria.pl","image":{"@type":"ImageObject","inLanguage":"pl-PL","@id":"https:\/\/rozaria.pl\/blog\/#\/schema\/person\/image\/","url":"https:\/\/secure.gravatar.com\/avatar\/36c7e4b15b333b9fb573f9e54e7fcf52?s=96&d=mm&r=g","contentUrl":"https:\/\/secure.gravatar.com\/avatar\/36c7e4b15b333b9fb573f9e54e7fcf52?s=96&d=mm&r=g","caption":"Rozaria.pl"},"sameAs":["https:\/\/www.rozaria.pl","https:\/\/www.youtube.com\/channel\/UCguKKBc7F06eYM1tzYx1Z5A"],"url":"https:\/\/rozaria.pl\/blog\/author\/1rozanka\/"}]}},"_links":{"self":[{"href":"https:\/\/rozaria.pl\/blog\/wp-json\/wp\/v2\/posts\/1444"}],"collection":[{"href":"https:\/\/rozaria.pl\/blog\/wp-json\/wp\/v2\/posts"}],"about":[{"href":"https:\/\/rozaria.pl\/blog\/wp-json\/wp\/v2\/types\/post"}],"author":[{"embeddable":true,"href":"https:\/\/rozaria.pl\/blog\/wp-json\/wp\/v2\/users\/1"}],"replies":[{"embeddable":true,"href":"https:\/\/rozaria.pl\/blog\/wp-json\/wp\/v2\/comments?post=1444"}],"version-history":[{"count":10,"href":"https:\/\/rozaria.pl\/blog\/wp-json\/wp\/v2\/posts\/1444\/revisions"}],"predecessor-version":[{"id":1458,"href":"https:\/\/rozaria.pl\/blog\/wp-json\/wp\/v2\/posts\/1444\/revisions\/1458"}],"wp:featuredmedia":[{"embeddable":true,"href":"https:\/\/rozaria.pl\/blog\/wp-json\/wp\/v2\/media\/1448"}],"wp:attachment":[{"href":"https:\/\/rozaria.pl\/blog\/wp-json\/wp\/v2\/media?parent=1444"}],"wp:term":[{"taxonomy":"category","embeddable":true,"href":"https:\/\/rozaria.pl\/blog\/wp-json\/wp\/v2\/categories?post=1444"},{"taxonomy":"post_tag","embeddable":true,"href":"https:\/\/rozaria.pl\/blog\/wp-json\/wp\/v2\/tags?post=1444"}],"curies":[{"name":"wp","href":"https:\/\/api.w.org\/{rel}","templated":true}]}}