{"id":1398,"date":"2016-07-13T11:15:50","date_gmt":"2016-07-13T09:15:50","guid":{"rendered":"http:\/\/rozaria.pl\/blog\/?p=1398"},"modified":"2016-09-08T14:52:54","modified_gmt":"2016-09-08T12:52:54","slug":"rozane-smakolyki","status":"publish","type":"post","link":"https:\/\/rozaria.pl\/blog\/rozane-smakolyki\/","title":{"rendered":"R\u00f3\u017cane smako\u0142yki"},"content":{"rendered":"<h1 style=\"text-align: justify;\"><span style=\"font-family: arial, helvetica, sans-serif; font-size: 14pt;\">R\u00f3\u017cane smako\u0142yki<\/span><\/h1>\n<p style=\"text-align: justify;\"><span style=\"font-family: arial, helvetica, sans-serif;\"> P\u0105czek z nadzieniem r\u00f3\u017canym, znany od lat. <a href=\"http:\/\/rozaria.pl\/blog\/wp-content\/uploads\/2016\/07\/p\u0105czki1.jpg\"><img loading=\"lazy\" decoding=\"async\" class=\"alignleft wp-image-1403 size-medium\" title=\"r\u00f3\u017cane smako\u0142yki\" src=\"http:\/\/rozaria.pl\/blog\/wp-content\/uploads\/2016\/07\/p\u0105czki1-218x300.jpg\" alt=\"r\u00f3\u017cane smako\u0142yki\" width=\"218\" height=\"300\" srcset=\"https:\/\/rozaria.pl\/blog\/wp-content\/uploads\/2016\/07\/p\u0105czki1-109x150.jpg 109w, https:\/\/rozaria.pl\/blog\/wp-content\/uploads\/2016\/07\/p\u0105czki1-218x300.jpg 218w, https:\/\/rozaria.pl\/blog\/wp-content\/uploads\/2016\/07\/p\u0105czki1.jpg 543w\" sizes=\"(max-width: 218px) 100vw, 218px\" \/><\/a>Przygotowywa\u0142y go nasze babcie, mamy i teraz my pr\u00f3bujemy swoich si\u0142 w kuchni. To obiekt po\u017c\u0105dania niemal\u017ce ka\u017cdego \u0142asucha, zw\u0142aszcza w okolicach \u201eT\u0142ustego czwartku\u201d.<\/span><br \/>\n<span style=\"font-family: arial, helvetica, sans-serif;\"> To, \u017ce r\u00f3\u017ce \u015bwietnie sprawdzaj\u0105 si\u0119 <a href=\"http:\/\/rozaria.pl\/blog\/wp-content\/uploads\/2016\/07\/IMG_3278.jpg\"><img loading=\"lazy\" decoding=\"async\" class=\"alignright size-medium wp-image-1404\" src=\"http:\/\/rozaria.pl\/blog\/wp-content\/uploads\/2016\/07\/IMG_3278-300x200.jpg\" alt=\"r\u00f3\u017cane smako\u0142yki\" width=\"300\" height=\"200\" srcset=\"https:\/\/rozaria.pl\/blog\/wp-content\/uploads\/2016\/07\/IMG_3278-150x100.jpg 150w, https:\/\/rozaria.pl\/blog\/wp-content\/uploads\/2016\/07\/IMG_3278-300x200.jpg 300w, https:\/\/rozaria.pl\/blog\/wp-content\/uploads\/2016\/07\/IMG_3278-768x512.jpg 768w, https:\/\/rozaria.pl\/blog\/wp-content\/uploads\/2016\/07\/IMG_3278-1024x683.jpg 1024w, https:\/\/rozaria.pl\/blog\/wp-content\/uploads\/2016\/07\/IMG_3278.jpg 2256w\" sizes=\"(max-width: 300px) 100vw, 300px\" \/><\/a>w ka\u017cdym ogrodzie i bez w\u0105tpienia stanowi\u0105 jego najwi\u0119ksz\u0105 ozdob\u0119, wie ju\u017c ka\u017cdy.\u00a0A tego, \u017ce z ich p\u0142atk\u00f3w i owoc\u00f3w r\u00f3\u017c mo\u017cemy stworzy\u0107 wyborne <em>r\u00f3\u017cane smako\u0142yki<\/em>, dowiemy si\u0119 teraz. Oczywi\u015bcie jak jeszcze nie wiemy.<\/span><br \/>\n<span style=\"font-family: arial, helvetica, sans-serif;\"> Dowiemy si\u0119, jakie odmiany r\u00f3\u017cane najlepiej b\u0119d\u0105 si\u0119 nadawa\u0142y na przetwory, jakie warto\u015bci od\u017cywcze i witaminy uzupe\u0142ni\u0105 w naszym organizmie.<\/span><\/p>\n<h2 style=\"text-align: justify;\"><span style=\"font-family: arial, helvetica, sans-serif; font-size: 14pt;\"> Jakie odmiany i jakie sk\u0142adniki od\u017cywcze?<\/span><\/h2>\n<p style=\"text-align: justify;\"><span class=\"aligncenter\" style=\"font-family: arial, helvetica, sans-serif;\"> Z pewno\u015bci\u0105 w kuchni najwi\u0119ksze zastosowanie znajdzie Dzika R\u00f3\u017ca,<a href=\"http:\/\/rozaria.pl\/blog\/wp-content\/uploads\/2016\/07\/rapsody.jpg\"><img loading=\"lazy\" decoding=\"async\" class=\"wp-image-1405 size-medium alignleft\" src=\"http:\/\/rozaria.pl\/blog\/wp-content\/uploads\/2016\/07\/rapsody-258x300.jpg\" alt=\"r\u00f3\u017cane smako\u0142yki\" width=\"258\" height=\"300\" srcset=\"https:\/\/rozaria.pl\/blog\/wp-content\/uploads\/2016\/07\/rapsody-129x150.jpg 129w, https:\/\/rozaria.pl\/blog\/wp-content\/uploads\/2016\/07\/rapsody-258x300.jpg 258w, https:\/\/rozaria.pl\/blog\/wp-content\/uploads\/2016\/07\/rapsody-768x893.jpg 768w, https:\/\/rozaria.pl\/blog\/wp-content\/uploads\/2016\/07\/rapsody-881x1024.jpg 881w, https:\/\/rozaria.pl\/blog\/wp-content\/uploads\/2016\/07\/rapsody.jpg 1442w\" sizes=\"(max-width: 258px) 100vw, 258px\" \/><\/a> zwana przez niekt\u00f3rych Psi\u0105 R\u00f3\u017c\u0105. W jej przypadku praktycznie mo\u017ce wykorzysta\u0107 ca\u0142o\u015b\u0107. Korzenie i p\u0119dy mo\u017cemy zostawi\u0107 dla naszych braci mniejszych. Z innych odmian mo\u017cemy wykorzysta\u0107 jedynie p\u0142atki, pozosta\u0142e cz\u0119\u015bci nie przydadz\u0105 si\u0119.<\/span><br \/>\n<span style=\"font-family: arial, helvetica, sans-serif;\"> Z dzikiej r\u00f3\u017cy wykorzystujemy p\u0142atki, ewentualnie ca\u0142e kwiaty, owoce a nawet li\u015bcie. Ka\u017cdy z tych element\u00f3w ma zbawienny wp\u0142yw na nasz organizm. Sama ro\u015blina jest niezwykle odporna na wszelkie choroby, przymrozki czy szkodniki i t\u0105 odporno\u015bci\u0105 chce si\u0119 z nami podzieli\u0107. Wykorzystajmy to! Z uwagi na ogromn\u0105 zawarto\u015b\u0107 witaminy \u201eC\u201d podnosi nasz\u0105 odporno\u015b\u0107, lub wspomaga leczenie przezi\u0119bienia. Opr\u00f3cz witaminy \u201eC\u201d w swoim sk\u0142adzie ma ca\u0142kiem sporo witam rozpuszczalnych w t\u0142uszczach, takich jak \u201eA\u201d, \u201eE\u201d i \u201eK\u201d oraz witaminy z grupy \u201eB\u201d, \u2013 kt\u00f3re to wspomagaj\u0105 nasz uk\u0142ad nerwowy. Opr\u00f3cz witamin zawiera jeszcze pektyny, karotenoidy, olejki eteryczne, oraz fosfor, potas, magnez i \u017celazo. Samo zdrowie!<\/span><\/p>\n<h3 style=\"text-align: justify;\"><span style=\"font-family: arial, helvetica, sans-serif; font-size: 14pt;\"> Jakie r\u00f3\u017cane smako\u0142yki mo\u017cemy przygotowa\u0107 samodzielnie?<a href=\"http:\/\/rozaria.pl\/blog\/wp-content\/uploads\/2016\/07\/p\u0142atki.jpg\"><img loading=\"lazy\" decoding=\"async\" class=\"alignright size-medium wp-image-1406\" src=\"http:\/\/rozaria.pl\/blog\/wp-content\/uploads\/2016\/07\/p\u0142atki-300x166.jpg\" alt=\"r\u00f3\u017cane smako\u0142yki\" width=\"300\" height=\"166\" srcset=\"https:\/\/rozaria.pl\/blog\/wp-content\/uploads\/2016\/07\/p\u0142atki-150x83.jpg 150w, https:\/\/rozaria.pl\/blog\/wp-content\/uploads\/2016\/07\/p\u0142atki-300x166.jpg 300w, https:\/\/rozaria.pl\/blog\/wp-content\/uploads\/2016\/07\/p\u0142atki-768x424.jpg 768w, https:\/\/rozaria.pl\/blog\/wp-content\/uploads\/2016\/07\/p\u0142atki.jpg 870w\" sizes=\"(max-width: 300px) 100vw, 300px\" \/><\/a><\/span><\/h3>\n<p style=\"text-align: justify;\"><span style=\"font-family: arial, helvetica, sans-serif;\"> Ciekawym urozmaiceniem b\u0119d\u0105 <strong><em><span style=\"text-decoration: underline;\">p\u0142atki r\u00f3\u017c<\/span><\/em><\/strong> obtoczone w ubitym na sztywno bia\u0142ku z cukrem. Z powodzeniem zast\u0105pi\u0105 chipsy. Mimo zawarto\u015bci cukru i tak b\u0119d\u0105 du\u017co zdrowsze. Sprawdz\u0105 si\u0119 zar\u00f3wno, jako samodzielna przek\u0105ska, ale te\u017c, jako dekoracja do domowych wypiek\u00f3w cukierniczych.<\/span><\/p>\n<p style=\"text-align: justify;\"><span style=\"font-family: arial, helvetica, sans-serif;\">Innym <strong>r\u00f3\u017canym smako\u0142ykiem<\/strong> b\u0119dzie, ju\u017c ciesz\u0105ca si\u0119 sporym uznaniem <span style=\"text-decoration: underline;\"><em><strong>konfitura r\u00f3\u017cana<\/strong><\/em><\/span>. <a href=\"http:\/\/rozaria.pl\/blog\/wp-content\/uploads\/2016\/07\/cvetok-roza-9-uksus.jpg\"><img loading=\"lazy\" decoding=\"async\" class=\"alignleft size-medium wp-image-1408\" src=\"http:\/\/rozaria.pl\/blog\/wp-content\/uploads\/2016\/07\/cvetok-roza-9-uksus-300x200.jpg\" alt=\"r\u00f3\u017cane smako\u0142yki\" width=\"300\" height=\"200\" srcset=\"https:\/\/rozaria.pl\/blog\/wp-content\/uploads\/2016\/07\/cvetok-roza-9-uksus-150x100.jpg 150w, https:\/\/rozaria.pl\/blog\/wp-content\/uploads\/2016\/07\/cvetok-roza-9-uksus-300x200.jpg 300w, https:\/\/rozaria.pl\/blog\/wp-content\/uploads\/2016\/07\/cvetok-roza-9-uksus-768x512.jpg 768w, https:\/\/rozaria.pl\/blog\/wp-content\/uploads\/2016\/07\/cvetok-roza-9-uksus-1024x683.jpg 1024w, https:\/\/rozaria.pl\/blog\/wp-content\/uploads\/2016\/07\/cvetok-roza-9-uksus.jpg 1200w\" sizes=\"(max-width: 300px) 100vw, 300px\" \/><\/a>Konfitur\u0119 mo\u017cemy przygotowa\u0107 zar\u00f3wno z p\u0142atk\u00f3w, jak i z owoc\u00f3w r\u00f3\u017cy. Z p\u0142atk\u00f3w jest znacznie \u0142atwiejsza i mniej pracoch\u0142onna do przygotowania, jednak z owoc\u00f3w jest wyra\u017aniejsza i bardziej intensywna w smaku. Aby przygotowa\u0107 konfitur\u0119 z p\u0142atk\u00f3w, nale\u017cy dzie\u0144 wcze\u015bniej warstwowo przesypa\u0107 p\u0142atki cukrem i odstawi\u0107. Nast\u0119pnego dnia doda\u0107 wody i gotowa\u0107, <a href=\"http:\/\/rozaria.pl\/blog\/wp-content\/uploads\/2016\/07\/marmolada.jpg\"><img loading=\"lazy\" decoding=\"async\" class=\"alignright size-medium wp-image-1407\" src=\"http:\/\/rozaria.pl\/blog\/wp-content\/uploads\/2016\/07\/marmolada-300x188.jpg\" alt=\"r\u00f3\u017cane smako\u0142yki\" width=\"300\" height=\"188\" srcset=\"https:\/\/rozaria.pl\/blog\/wp-content\/uploads\/2016\/07\/marmolada-150x94.jpg 150w, https:\/\/rozaria.pl\/blog\/wp-content\/uploads\/2016\/07\/marmolada-300x188.jpg 300w, https:\/\/rozaria.pl\/blog\/wp-content\/uploads\/2016\/07\/marmolada-768x481.jpg 768w, https:\/\/rozaria.pl\/blog\/wp-content\/uploads\/2016\/07\/marmolada.jpg 958w\" sizes=\"(max-width: 300px) 100vw, 300px\" \/><\/a>ostudzi\u0107 i znowu zagotowa\u0107 do uzyskania odpowiedniej konsystencji. Gor\u0105c\u0105 zamykamy w wyparzonych s\u0142oikach i tym sposobem przechowujemy kawa\u0142ek lata do zimy. Konfitura z owoc\u00f3w jest o tyle uci\u0105\u017cliwa, \u017ce ka\u017cdy owoc nale\u017cy oczy\u015bci\u0107 z tych ma\u0142ych parz\u0105cych nasion, pozostawi\u0107 sam mi\u0105\u017csz. I z niego przygotowa\u0107 konfitur\u0119, w spos\u00f3b taki jak ka\u017cd\u0105 inn\u0105.<\/span><\/p>\n<h4 style=\"text-align: justify;\"><span style=\"font-size: 14pt; font-family: arial, helvetica, sans-serif;\">Wody, nalewki, napary uzupe\u0142nieniem r\u00f3\u017canych smako\u0142yk\u00f3w<\/span><\/h4>\n<p style=\"text-align: justify;\"><span style=\"font-family: arial, helvetica, sans-serif;\"> <a href=\"http:\/\/rozaria.pl\/blog\/wp-content\/uploads\/2016\/07\/p\u0142atki111.jpg\"><img loading=\"lazy\" decoding=\"async\" class=\"alignleft size-medium wp-image-1409\" src=\"http:\/\/rozaria.pl\/blog\/wp-content\/uploads\/2016\/07\/p\u0142atki111-300x225.jpg\" alt=\"r\u00f3\u017cane smako\u0142yki\" width=\"300\" height=\"225\" srcset=\"https:\/\/rozaria.pl\/blog\/wp-content\/uploads\/2016\/07\/p\u0142atki111-150x113.jpg 150w, https:\/\/rozaria.pl\/blog\/wp-content\/uploads\/2016\/07\/p\u0142atki111-300x225.jpg 300w, https:\/\/rozaria.pl\/blog\/wp-content\/uploads\/2016\/07\/p\u0142atki111.jpg 640w\" sizes=\"(max-width: 300px) 100vw, 300px\" \/><\/a>Z p\u0142atk\u00f3w r\u00f3\u017c mo\u017cemy te\u017c wytworzy\u0107 <span style=\"text-decoration: underline;\"><em><strong>wod\u0119 r\u00f3\u017can\u0105<\/strong><\/em><\/span>, kt\u00f3ra ma mn\u00f3stwo zastosowa\u0144, tak w kuchni jak i w kosmetyce. Do przygotowania b\u0119d\u0105 nam potrzebne p\u0142atki r\u00f3\u017cane, woda i cytryna. P\u0142atki przebieramy, zostawiamy tylko najzdrowsze egzemplarze. Zaparzymy je wod\u0105, dodajemy cytryn\u0119 i odstawiamy na dwa dni. Po tym czasie przelewamy j\u0105 w mniejsze buteleczki i odstawiamy, najlepiej do lod\u00f3wki.<\/span><\/p>\n<p style=\"text-align: justify;\"><span style=\"font-family: arial, helvetica, sans-serif;\">Podobne zastosowanie jak woda r\u00f3\u017cana b\u0119dzie mia\u0142 <span style=\"text-decoration: underline;\"><em><strong>cukier r\u00f3\u017cany<\/strong><\/em><\/span>. Do przygotowania b\u0119dziemy potrzebowali 50 g p\u0142atk\u00f3w, przygotowanych jak poprzednio, z tym, \u017ce dodatkowo nale\u017cy usun\u0105\u0107 z nich bia\u0142e ko\u0144c\u00f3wki, i 200 g cukru. P\u0142atki mielimy w m\u0142ynku lub blend ujemy, mieszamy z cukrem. Nast\u0119pnie uzyskan\u0105 mieszank\u0119 w pi\u0119knym kolorze, musimy odstawi\u0107 na kilka dni do wyschni\u0119cia. Co jaki\u015b czas nale\u017cy go przemiesza\u0107, aby si\u0119 nie zbryli\u0142.<\/span><\/p>\n<p style=\"text-align: justify;\"><span style=\"font-family: arial, helvetica, sans-serif;\"><span style=\"text-decoration: underline;\"><em><strong><a href=\"http:\/\/rozaria.pl\/blog\/wp-content\/uploads\/2016\/07\/herbatka.jpg\"><img loading=\"lazy\" decoding=\"async\" class=\"wp-image-1410 size-medium alignleft\" src=\"http:\/\/rozaria.pl\/blog\/wp-content\/uploads\/2016\/07\/herbatka-300x207.jpg\" alt=\"r\u00f3\u017cane smako\u0142yki\" width=\"300\" height=\"207\" srcset=\"https:\/\/rozaria.pl\/blog\/wp-content\/uploads\/2016\/07\/herbatka-150x103.jpg 150w, https:\/\/rozaria.pl\/blog\/wp-content\/uploads\/2016\/07\/herbatka-300x207.jpg 300w, https:\/\/rozaria.pl\/blog\/wp-content\/uploads\/2016\/07\/herbatka.jpg 640w\" sizes=\"(max-width: 300px) 100vw, 300px\" \/><\/a>Sok z owoc\u00f3w dzikiej r\u00f3\u017cy<\/strong><\/em><\/span> jest po prostu niezast\u0105piony w zimowe, ch\u0142odne wieczory. Do przygotowania b\u0119d\u0105 potrzebne owoce dzikiej r\u00f3\u017cy, litr wody na ka\u017cdy kilogram owoc\u00f3w i kwasek cytrynowy. Owoce podgrzewamy, nie doprowadzaj\u0105c do wrzenia. Gdy owoce zmi\u0119kn\u0105 zlewamy pierwszy sok. Owoce zalewamy powt\u00f3rnie o po\u0142ow\u0119 mniejsz\u0105 ilo\u015bci\u0105 wody i ponownie podgrzewamy. <a href=\"http:\/\/rozaria.pl\/blog\/wp-content\/uploads\/2016\/07\/nalewka.jpg\"><img loading=\"lazy\" decoding=\"async\" class=\"alignright size-medium wp-image-1413\" src=\"http:\/\/rozaria.pl\/blog\/wp-content\/uploads\/2016\/07\/nalewka-300x214.jpg\" alt=\"r\u00f3\u017cane smako\u0142yki\" width=\"300\" height=\"214\" srcset=\"https:\/\/rozaria.pl\/blog\/wp-content\/uploads\/2016\/07\/nalewka-120x85.jpg 120w, https:\/\/rozaria.pl\/blog\/wp-content\/uploads\/2016\/07\/nalewka-150x107.jpg 150w, https:\/\/rozaria.pl\/blog\/wp-content\/uploads\/2016\/07\/nalewka-300x214.jpg 300w, https:\/\/rozaria.pl\/blog\/wp-content\/uploads\/2016\/07\/nalewka.jpg 700w\" sizes=\"(max-width: 300px) 100vw, 300px\" \/><\/a>Obydwa p\u0142yny mieszamy, przelewamy do s\u0142oiczk\u00f3w i pasteryzujemy. Dzi\u0119ki temu, \u017ce owoce nie b\u0119d\u0105 si\u0119 gotowa\u0142y, zachowamy w nich znacznie wi\u0119cej witaminy \u201eC\u201d.<\/span><br \/>\n<span style=\"font-family: arial, helvetica, sans-serif;\"> Najprostszymi r\u00f3\u017canymi smako\u0142ykami, niewymagaj\u0105cymi specjalnego po\u015bwi\u0119cania, ani czasu ani pracy z pewno\u015bci\u0105 b\u0119d\u0105 herbatki, napary, nalewki.<\/span><\/p>\n<p style=\"text-align: justify;\"><span style=\"font-family: arial, helvetica, sans-serif;\"> To nie tylko <span style=\"text-decoration: underline;\"><strong>r\u00f3\u017cane smako\u0142yki,<\/strong><\/span> to przede wszystkim \u017ar\u00f3d\u0142o dobroczynnych sk\u0142adnik\u00f3w mineralnych i witamin. Maj\u0105 one zbawienny wp\u0142yw na nasz organizm. Wspomagaj\u0105 trawienie i oczyszczanie. S\u0105 niezast\u0105pione przy przezi\u0119bieniach, b\u00f3lach gard\u0142a. Jednym s\u0142owem przywracaj\u0105 nam si\u0142y witalne i ch\u0119\u0107 do dzia\u0142ania.<\/span><\/p>\n","protected":false},"excerpt":{"rendered":"<p>R\u00f3\u017cane smako\u0142yki P\u0105czek z nadzieniem r\u00f3\u017canym, znany od lat. Przygotowywa\u0142y go nasze babcie, mamy i teraz my pr\u00f3bujemy swoich si\u0142 w kuchni. To obiekt po\u017c\u0105dania niemal\u017ce ka\u017cdego \u0142asucha, zw\u0142aszcza w okolicach \u201eT\u0142ustego czwartku\u201d. To, \u017ce r\u00f3\u017ce \u015bwietnie sprawdzaj\u0105 si\u0119 w [&hellip;]<\/p>\n","protected":false},"author":1,"featured_media":1415,"comment_status":"open","ping_status":"open","sticky":false,"template":"","format":"standard","meta":{"_mi_skip_tracking":false,"_monsterinsights_sitenote_active":false,"_monsterinsights_sitenote_note":"","_monsterinsights_sitenote_category":0,"footnotes":""},"categories":[5],"tags":[54,55],"yoast_head":"<!-- This site is optimized with the Yoast SEO plugin v23.5 - https:\/\/yoast.com\/wordpress\/plugins\/seo\/ -->\n<title>R\u00f3\u017cane smako\u0142yki - blog Rozaria.pl<\/title>\n<meta name=\"robots\" content=\"index, follow, max-snippet:-1, max-image-preview:large, max-video-preview:-1\" \/>\n<link rel=\"canonical\" href=\"https:\/\/rozaria.pl\/blog\/rozane-smakolyki\/\" \/>\n<meta property=\"og:locale\" content=\"pl_PL\" \/>\n<meta property=\"og:type\" content=\"article\" \/>\n<meta property=\"og:title\" content=\"R\u00f3\u017cane smako\u0142yki - blog Rozaria.pl\" \/>\n<meta property=\"og:description\" content=\"R\u00f3\u017cane smako\u0142yki P\u0105czek z nadzieniem r\u00f3\u017canym, znany od lat. Przygotowywa\u0142y go nasze babcie, mamy i teraz my pr\u00f3bujemy swoich si\u0142 w kuchni. To obiekt po\u017c\u0105dania niemal\u017ce ka\u017cdego \u0142asucha, zw\u0142aszcza w okolicach \u201eT\u0142ustego czwartku\u201d. To, \u017ce r\u00f3\u017ce \u015bwietnie sprawdzaj\u0105 si\u0119 w [&hellip;]\" \/>\n<meta property=\"og:url\" content=\"https:\/\/rozaria.pl\/blog\/rozane-smakolyki\/\" \/>\n<meta property=\"og:site_name\" content=\"blog Rozaria.pl\" \/>\n<meta property=\"article:publisher\" content=\"https:\/\/www.facebook.com\/SzkolkaRozRozaria\/\" \/>\n<meta property=\"article:published_time\" content=\"2016-07-13T09:15:50+00:00\" \/>\n<meta property=\"article:modified_time\" content=\"2016-09-08T12:52:54+00:00\" \/>\n<meta property=\"og:image\" content=\"https:\/\/rozaria.pl\/blog\/wp-content\/uploads\/2016\/07\/r\u00f3\u017cane-smako\u0142yki1111.jpg\" \/>\n\t<meta property=\"og:image:width\" content=\"1500\" \/>\n\t<meta property=\"og:image:height\" content=\"1186\" \/>\n\t<meta property=\"og:image:type\" content=\"image\/jpeg\" \/>\n<meta name=\"author\" content=\"Rozaria.pl\" \/>\n<meta name=\"twitter:card\" content=\"summary_large_image\" \/>\n<meta name=\"twitter:creator\" content=\"@SzkolkaRozaria\" \/>\n<meta name=\"twitter:site\" content=\"@SzkolkaRozaria\" \/>\n<meta name=\"twitter:label1\" content=\"Napisane przez\" \/>\n\t<meta name=\"twitter:data1\" content=\"Rozaria.pl\" \/>\n\t<meta name=\"twitter:label2\" content=\"Szacowany czas czytania\" \/>\n\t<meta name=\"twitter:data2\" content=\"4 minuty\" \/>\n<script type=\"application\/ld+json\" class=\"yoast-schema-graph\">{\"@context\":\"https:\/\/schema.org\",\"@graph\":[{\"@type\":\"Article\",\"@id\":\"https:\/\/rozaria.pl\/blog\/rozane-smakolyki\/#article\",\"isPartOf\":{\"@id\":\"https:\/\/rozaria.pl\/blog\/rozane-smakolyki\/\"},\"author\":{\"name\":\"Rozaria.pl\",\"@id\":\"https:\/\/rozaria.pl\/blog\/#\/schema\/person\/31b3805d5058ea1cffed1d8efb6e2513\"},\"headline\":\"R\u00f3\u017cane smako\u0142yki\",\"datePublished\":\"2016-07-13T09:15:50+00:00\",\"dateModified\":\"2016-09-08T12:52:54+00:00\",\"mainEntityOfPage\":{\"@id\":\"https:\/\/rozaria.pl\/blog\/rozane-smakolyki\/\"},\"wordCount\":848,\"commentCount\":2,\"publisher\":{\"@id\":\"https:\/\/rozaria.pl\/blog\/#organization\"},\"image\":{\"@id\":\"https:\/\/rozaria.pl\/blog\/rozane-smakolyki\/#primaryimage\"},\"thumbnailUrl\":\"https:\/\/rozaria.pl\/blog\/wp-content\/uploads\/2016\/07\/r\u00f3\u017cane-smako\u0142yki1111.jpg\",\"keywords\":[\"r\u00f3\u017ce przepisy\",\"r\u00f3\u017ce w kuchni\"],\"articleSection\":[\"Kulinaria\"],\"inLanguage\":\"pl-PL\",\"potentialAction\":[{\"@type\":\"CommentAction\",\"name\":\"Comment\",\"target\":[\"https:\/\/rozaria.pl\/blog\/rozane-smakolyki\/#respond\"]}]},{\"@type\":\"WebPage\",\"@id\":\"https:\/\/rozaria.pl\/blog\/rozane-smakolyki\/\",\"url\":\"https:\/\/rozaria.pl\/blog\/rozane-smakolyki\/\",\"name\":\"R\u00f3\u017cane smako\u0142yki - blog Rozaria.pl\",\"isPartOf\":{\"@id\":\"https:\/\/rozaria.pl\/blog\/#website\"},\"primaryImageOfPage\":{\"@id\":\"https:\/\/rozaria.pl\/blog\/rozane-smakolyki\/#primaryimage\"},\"image\":{\"@id\":\"https:\/\/rozaria.pl\/blog\/rozane-smakolyki\/#primaryimage\"},\"thumbnailUrl\":\"https:\/\/rozaria.pl\/blog\/wp-content\/uploads\/2016\/07\/r\u00f3\u017cane-smako\u0142yki1111.jpg\",\"datePublished\":\"2016-07-13T09:15:50+00:00\",\"dateModified\":\"2016-09-08T12:52:54+00:00\",\"breadcrumb\":{\"@id\":\"https:\/\/rozaria.pl\/blog\/rozane-smakolyki\/#breadcrumb\"},\"inLanguage\":\"pl-PL\",\"potentialAction\":[{\"@type\":\"ReadAction\",\"target\":[\"https:\/\/rozaria.pl\/blog\/rozane-smakolyki\/\"]}]},{\"@type\":\"ImageObject\",\"inLanguage\":\"pl-PL\",\"@id\":\"https:\/\/rozaria.pl\/blog\/rozane-smakolyki\/#primaryimage\",\"url\":\"https:\/\/rozaria.pl\/blog\/wp-content\/uploads\/2016\/07\/r\u00f3\u017cane-smako\u0142yki1111.jpg\",\"contentUrl\":\"https:\/\/rozaria.pl\/blog\/wp-content\/uploads\/2016\/07\/r\u00f3\u017cane-smako\u0142yki1111.jpg\",\"width\":1500,\"height\":1186},{\"@type\":\"BreadcrumbList\",\"@id\":\"https:\/\/rozaria.pl\/blog\/rozane-smakolyki\/#breadcrumb\",\"itemListElement\":[{\"@type\":\"ListItem\",\"position\":1,\"name\":\"Strona g\u0142\u00f3wna\",\"item\":\"https:\/\/rozaria.pl\/blog\/\"},{\"@type\":\"ListItem\",\"position\":2,\"name\":\"R\u00f3\u017cane smako\u0142yki\"}]},{\"@type\":\"WebSite\",\"@id\":\"https:\/\/rozaria.pl\/blog\/#website\",\"url\":\"https:\/\/rozaria.pl\/blog\/\",\"name\":\"blog Rozaria.pl\",\"description\":\"Porozmawiajmy o r\u00f3\u017cach, o wszystkich sprawach\",\"publisher\":{\"@id\":\"https:\/\/rozaria.pl\/blog\/#organization\"},\"potentialAction\":[{\"@type\":\"SearchAction\",\"target\":{\"@type\":\"EntryPoint\",\"urlTemplate\":\"https:\/\/rozaria.pl\/blog\/?s={search_term_string}\"},\"query-input\":{\"@type\":\"PropertyValueSpecification\",\"valueRequired\":true,\"valueName\":\"search_term_string\"}}],\"inLanguage\":\"pl-PL\"},{\"@type\":\"Organization\",\"@id\":\"https:\/\/rozaria.pl\/blog\/#organization\",\"name\":\"Szk\u00f3\u0142ka R\u00f3\u017c Rozaria\",\"url\":\"https:\/\/rozaria.pl\/blog\/\",\"logo\":{\"@type\":\"ImageObject\",\"inLanguage\":\"pl-PL\",\"@id\":\"https:\/\/rozaria.pl\/blog\/#\/schema\/logo\/image\/\",\"url\":\"https:\/\/rozaria.pl\/blog\/wp-content\/uploads\/2016\/12\/logo_dla-rozaria.png\",\"contentUrl\":\"https:\/\/rozaria.pl\/blog\/wp-content\/uploads\/2016\/12\/logo_dla-rozaria.png\",\"width\":400,\"height\":166,\"caption\":\"Szk\u00f3\u0142ka R\u00f3\u017c Rozaria\"},\"image\":{\"@id\":\"https:\/\/rozaria.pl\/blog\/#\/schema\/logo\/image\/\"},\"sameAs\":[\"https:\/\/www.facebook.com\/SzkolkaRozRozaria\/\",\"https:\/\/x.com\/SzkolkaRozaria\",\"https:\/\/www.youtube.com\/channel\/UCguKKBc7F06eYM1tzYx1Z5A\"]},{\"@type\":\"Person\",\"@id\":\"https:\/\/rozaria.pl\/blog\/#\/schema\/person\/31b3805d5058ea1cffed1d8efb6e2513\",\"name\":\"Rozaria.pl\",\"image\":{\"@type\":\"ImageObject\",\"inLanguage\":\"pl-PL\",\"@id\":\"https:\/\/rozaria.pl\/blog\/#\/schema\/person\/image\/\",\"url\":\"https:\/\/secure.gravatar.com\/avatar\/36c7e4b15b333b9fb573f9e54e7fcf52?s=96&d=mm&r=g\",\"contentUrl\":\"https:\/\/secure.gravatar.com\/avatar\/36c7e4b15b333b9fb573f9e54e7fcf52?s=96&d=mm&r=g\",\"caption\":\"Rozaria.pl\"},\"sameAs\":[\"https:\/\/www.rozaria.pl\",\"https:\/\/www.youtube.com\/channel\/UCguKKBc7F06eYM1tzYx1Z5A\"],\"url\":\"https:\/\/rozaria.pl\/blog\/author\/1rozanka\/\"}]}<\/script>\n<!-- \/ Yoast SEO plugin. -->","yoast_head_json":{"title":"R\u00f3\u017cane smako\u0142yki - blog Rozaria.pl","robots":{"index":"index","follow":"follow","max-snippet":"max-snippet:-1","max-image-preview":"max-image-preview:large","max-video-preview":"max-video-preview:-1"},"canonical":"https:\/\/rozaria.pl\/blog\/rozane-smakolyki\/","og_locale":"pl_PL","og_type":"article","og_title":"R\u00f3\u017cane smako\u0142yki - blog Rozaria.pl","og_description":"R\u00f3\u017cane smako\u0142yki P\u0105czek z nadzieniem r\u00f3\u017canym, znany od lat. Przygotowywa\u0142y go nasze babcie, mamy i teraz my pr\u00f3bujemy swoich si\u0142 w kuchni. To obiekt po\u017c\u0105dania niemal\u017ce ka\u017cdego \u0142asucha, zw\u0142aszcza w okolicach \u201eT\u0142ustego czwartku\u201d. To, \u017ce r\u00f3\u017ce \u015bwietnie sprawdzaj\u0105 si\u0119 w [&hellip;]","og_url":"https:\/\/rozaria.pl\/blog\/rozane-smakolyki\/","og_site_name":"blog Rozaria.pl","article_publisher":"https:\/\/www.facebook.com\/SzkolkaRozRozaria\/","article_published_time":"2016-07-13T09:15:50+00:00","article_modified_time":"2016-09-08T12:52:54+00:00","og_image":[{"width":1500,"height":1186,"url":"https:\/\/rozaria.pl\/blog\/wp-content\/uploads\/2016\/07\/r\u00f3\u017cane-smako\u0142yki1111.jpg","type":"image\/jpeg"}],"author":"Rozaria.pl","twitter_card":"summary_large_image","twitter_creator":"@SzkolkaRozaria","twitter_site":"@SzkolkaRozaria","twitter_misc":{"Napisane przez":"Rozaria.pl","Szacowany czas czytania":"4 minuty"},"schema":{"@context":"https:\/\/schema.org","@graph":[{"@type":"Article","@id":"https:\/\/rozaria.pl\/blog\/rozane-smakolyki\/#article","isPartOf":{"@id":"https:\/\/rozaria.pl\/blog\/rozane-smakolyki\/"},"author":{"name":"Rozaria.pl","@id":"https:\/\/rozaria.pl\/blog\/#\/schema\/person\/31b3805d5058ea1cffed1d8efb6e2513"},"headline":"R\u00f3\u017cane smako\u0142yki","datePublished":"2016-07-13T09:15:50+00:00","dateModified":"2016-09-08T12:52:54+00:00","mainEntityOfPage":{"@id":"https:\/\/rozaria.pl\/blog\/rozane-smakolyki\/"},"wordCount":848,"commentCount":2,"publisher":{"@id":"https:\/\/rozaria.pl\/blog\/#organization"},"image":{"@id":"https:\/\/rozaria.pl\/blog\/rozane-smakolyki\/#primaryimage"},"thumbnailUrl":"https:\/\/rozaria.pl\/blog\/wp-content\/uploads\/2016\/07\/r\u00f3\u017cane-smako\u0142yki1111.jpg","keywords":["r\u00f3\u017ce przepisy","r\u00f3\u017ce w kuchni"],"articleSection":["Kulinaria"],"inLanguage":"pl-PL","potentialAction":[{"@type":"CommentAction","name":"Comment","target":["https:\/\/rozaria.pl\/blog\/rozane-smakolyki\/#respond"]}]},{"@type":"WebPage","@id":"https:\/\/rozaria.pl\/blog\/rozane-smakolyki\/","url":"https:\/\/rozaria.pl\/blog\/rozane-smakolyki\/","name":"R\u00f3\u017cane smako\u0142yki - blog Rozaria.pl","isPartOf":{"@id":"https:\/\/rozaria.pl\/blog\/#website"},"primaryImageOfPage":{"@id":"https:\/\/rozaria.pl\/blog\/rozane-smakolyki\/#primaryimage"},"image":{"@id":"https:\/\/rozaria.pl\/blog\/rozane-smakolyki\/#primaryimage"},"thumbnailUrl":"https:\/\/rozaria.pl\/blog\/wp-content\/uploads\/2016\/07\/r\u00f3\u017cane-smako\u0142yki1111.jpg","datePublished":"2016-07-13T09:15:50+00:00","dateModified":"2016-09-08T12:52:54+00:00","breadcrumb":{"@id":"https:\/\/rozaria.pl\/blog\/rozane-smakolyki\/#breadcrumb"},"inLanguage":"pl-PL","potentialAction":[{"@type":"ReadAction","target":["https:\/\/rozaria.pl\/blog\/rozane-smakolyki\/"]}]},{"@type":"ImageObject","inLanguage":"pl-PL","@id":"https:\/\/rozaria.pl\/blog\/rozane-smakolyki\/#primaryimage","url":"https:\/\/rozaria.pl\/blog\/wp-content\/uploads\/2016\/07\/r\u00f3\u017cane-smako\u0142yki1111.jpg","contentUrl":"https:\/\/rozaria.pl\/blog\/wp-content\/uploads\/2016\/07\/r\u00f3\u017cane-smako\u0142yki1111.jpg","width":1500,"height":1186},{"@type":"BreadcrumbList","@id":"https:\/\/rozaria.pl\/blog\/rozane-smakolyki\/#breadcrumb","itemListElement":[{"@type":"ListItem","position":1,"name":"Strona g\u0142\u00f3wna","item":"https:\/\/rozaria.pl\/blog\/"},{"@type":"ListItem","position":2,"name":"R\u00f3\u017cane smako\u0142yki"}]},{"@type":"WebSite","@id":"https:\/\/rozaria.pl\/blog\/#website","url":"https:\/\/rozaria.pl\/blog\/","name":"blog Rozaria.pl","description":"Porozmawiajmy o r\u00f3\u017cach, o wszystkich sprawach","publisher":{"@id":"https:\/\/rozaria.pl\/blog\/#organization"},"potentialAction":[{"@type":"SearchAction","target":{"@type":"EntryPoint","urlTemplate":"https:\/\/rozaria.pl\/blog\/?s={search_term_string}"},"query-input":{"@type":"PropertyValueSpecification","valueRequired":true,"valueName":"search_term_string"}}],"inLanguage":"pl-PL"},{"@type":"Organization","@id":"https:\/\/rozaria.pl\/blog\/#organization","name":"Szk\u00f3\u0142ka R\u00f3\u017c Rozaria","url":"https:\/\/rozaria.pl\/blog\/","logo":{"@type":"ImageObject","inLanguage":"pl-PL","@id":"https:\/\/rozaria.pl\/blog\/#\/schema\/logo\/image\/","url":"https:\/\/rozaria.pl\/blog\/wp-content\/uploads\/2016\/12\/logo_dla-rozaria.png","contentUrl":"https:\/\/rozaria.pl\/blog\/wp-content\/uploads\/2016\/12\/logo_dla-rozaria.png","width":400,"height":166,"caption":"Szk\u00f3\u0142ka R\u00f3\u017c Rozaria"},"image":{"@id":"https:\/\/rozaria.pl\/blog\/#\/schema\/logo\/image\/"},"sameAs":["https:\/\/www.facebook.com\/SzkolkaRozRozaria\/","https:\/\/x.com\/SzkolkaRozaria","https:\/\/www.youtube.com\/channel\/UCguKKBc7F06eYM1tzYx1Z5A"]},{"@type":"Person","@id":"https:\/\/rozaria.pl\/blog\/#\/schema\/person\/31b3805d5058ea1cffed1d8efb6e2513","name":"Rozaria.pl","image":{"@type":"ImageObject","inLanguage":"pl-PL","@id":"https:\/\/rozaria.pl\/blog\/#\/schema\/person\/image\/","url":"https:\/\/secure.gravatar.com\/avatar\/36c7e4b15b333b9fb573f9e54e7fcf52?s=96&d=mm&r=g","contentUrl":"https:\/\/secure.gravatar.com\/avatar\/36c7e4b15b333b9fb573f9e54e7fcf52?s=96&d=mm&r=g","caption":"Rozaria.pl"},"sameAs":["https:\/\/www.rozaria.pl","https:\/\/www.youtube.com\/channel\/UCguKKBc7F06eYM1tzYx1Z5A"],"url":"https:\/\/rozaria.pl\/blog\/author\/1rozanka\/"}]}},"_links":{"self":[{"href":"https:\/\/rozaria.pl\/blog\/wp-json\/wp\/v2\/posts\/1398"}],"collection":[{"href":"https:\/\/rozaria.pl\/blog\/wp-json\/wp\/v2\/posts"}],"about":[{"href":"https:\/\/rozaria.pl\/blog\/wp-json\/wp\/v2\/types\/post"}],"author":[{"embeddable":true,"href":"https:\/\/rozaria.pl\/blog\/wp-json\/wp\/v2\/users\/1"}],"replies":[{"embeddable":true,"href":"https:\/\/rozaria.pl\/blog\/wp-json\/wp\/v2\/comments?post=1398"}],"version-history":[{"count":9,"href":"https:\/\/rozaria.pl\/blog\/wp-json\/wp\/v2\/posts\/1398\/revisions"}],"predecessor-version":[{"id":1426,"href":"https:\/\/rozaria.pl\/blog\/wp-json\/wp\/v2\/posts\/1398\/revisions\/1426"}],"wp:featuredmedia":[{"embeddable":true,"href":"https:\/\/rozaria.pl\/blog\/wp-json\/wp\/v2\/media\/1415"}],"wp:attachment":[{"href":"https:\/\/rozaria.pl\/blog\/wp-json\/wp\/v2\/media?parent=1398"}],"wp:term":[{"taxonomy":"category","embeddable":true,"href":"https:\/\/rozaria.pl\/blog\/wp-json\/wp\/v2\/categories?post=1398"},{"taxonomy":"post_tag","embeddable":true,"href":"https:\/\/rozaria.pl\/blog\/wp-json\/wp\/v2\/tags?post=1398"}],"curies":[{"name":"wp","href":"https:\/\/api.w.org\/{rel}","templated":true}]}}