{"id":1304,"date":"2012-08-28T09:51:51","date_gmt":"2012-08-28T07:51:51","guid":{"rendered":"http:\/\/rozaria.pl\/blog\/?p=1304"},"modified":"2017-11-05T21:48:34","modified_gmt":"2017-11-05T20:48:34","slug":"jak-wkomponowac-w-nasz-krajobraz-roze-pienne","status":"publish","type":"post","link":"https:\/\/rozaria.pl\/blog\/jak-wkomponowac-w-nasz-krajobraz-roze-pienne\/","title":{"rendered":"Jak wkomponowa\u0107 w nasz krajobraz r\u00f3\u017ce pienne"},"content":{"rendered":"<h1 style=\"text-align: justify;\"><span style=\"font-family: arial, helvetica, sans-serif; font-size: 14pt;\">Jak wkomponowa\u0107 r\u00f3\u017ce pienne w nasz krajobraz?<\/span><\/h1>\n<p style=\"text-align: justify;\"><span style=\"font-family: arial, helvetica, sans-serif;\"> To ju\u017c wiadomo! R\u00f3\u017ce to niekwestionowane kr\u00f3lowe ogrodu, jednak nawet w\u015br\u00f3d kr\u00f3lowych s\u0105 takie, kt\u00f3re traktujemy zwyczajnie i takie, z kt\u00f3rymi kontakt nas onie\u015bmiela. Takimi w\u0142a\u015bnie kr\u00f3lowymi s\u0105 r\u00f3\u017ce pienne. <a href=\"http:\/\/rozaria.pl\/blog\/wp-content\/uploads\/2016\/04\/Rose5.jpg\" rel=\"attachment wp-att-1311\"><img loading=\"lazy\" decoding=\"async\" class=\"alignleft wp-image-1311 size-full\" src=\"http:\/\/rozaria.pl\/blog\/wp-content\/uploads\/2016\/04\/Rose5.jpg\" alt=\"Jak wkomponowa\u0107 w nasz ogr\u00f3d r\u00f3\u017ce pienne - aleja r\u00f3\u017c i bylin\" width=\"600\" height=\"401\" srcset=\"https:\/\/rozaria.pl\/blog\/wp-content\/uploads\/2016\/04\/Rose5-150x100.jpg 150w, https:\/\/rozaria.pl\/blog\/wp-content\/uploads\/2016\/04\/Rose5-300x201.jpg 300w, https:\/\/rozaria.pl\/blog\/wp-content\/uploads\/2016\/04\/Rose5.jpg 600w\" sizes=\"(max-width: 600px) 100vw, 600px\" \/><\/a>S\u0105 proste, wysokie i dostojne. Ich szlachetno\u015b\u0107 opromienia\u00a0ca\u0142y ogr\u00f3d. Niezwykle godnie prezentuj\u0105 sw\u00f3j gatunek. To kr\u00f3lowe w\u015br\u00f3d innych r\u00f3\u017c. Ciesz\u0105 si\u0119 ogromnym zainteresowaniem. Gdy odpowiednio si\u0119 nimi zaopiekujemy, sprawi\u0105, \u017ce nasze otoczenie b\u0119dzie si\u0119 cudownie prezentowa\u0142o i budzi\u0142o zachwyt nie tylko nasz, ale i os\u00f3b nas odwiedzaj\u0105cych. S\u0105 nieco bardziej wymagaj\u0105ce, ni\u017c zwyk\u0142e r\u00f3\u017ce, jednak wci\u0105\u017c znajduj\u0105 nowych amator\u00f3w. Prezentuj\u0105 si\u0119 cudownie nie tylko w ogrodzie, r\u00f3wnie pi\u0119knie wygl\u0105daj\u0105 na balkonach czy tarasach. Dzi\u0119ki temu, \u017ce kwiaty r\u00f3\u017c piennych s\u0105 na pewnej wysoko\u015bci od pod\u0142o\u017ca, a za\u0142\u00f3\u017cmy takich r\u00f3\u017c mamy w ogrodzie kilka, zyskujemy efekt wisz\u0105cego ogrodu. W\u015br\u00f3d nich mo\u017cemy zdecydowanie wyodr\u0119bni\u0107 te nieco bardziej popularne &#8211; kaskadowe, do z\u0142udzenia pokrojem przypominaj\u0105ce wierzby p\u0142acz\u0105ce i te kopu\u0142owe.<\/span><\/p>\n<h2 style=\"text-align: justify;\"><span style=\"font-family: arial, helvetica, sans-serif; font-size: 14pt;\">Sk\u0105d si\u0119 bior\u0105 r\u00f3\u017ce pienne?<a href=\"http:\/\/rozaria.pl\/blog\/wp-content\/uploads\/2016\/04\/rose_dame_de_coeur.jpg\" rel=\"attachment wp-att-1312\"><img loading=\"lazy\" decoding=\"async\" class=\"alignright size-medium wp-image-1312\" src=\"http:\/\/rozaria.pl\/blog\/wp-content\/uploads\/2016\/04\/rose_dame_de_coeur-219x300.jpg\" alt=\"Jak wkomponowa\u0107 w ogr\u00f3d r\u00f3\u017ce pienne - odmiana kopu\u0142owa Dame de Coure\" width=\"219\" height=\"300\" srcset=\"https:\/\/rozaria.pl\/blog\/wp-content\/uploads\/2016\/04\/rose_dame_de_coeur-110x150.jpg 110w, https:\/\/rozaria.pl\/blog\/wp-content\/uploads\/2016\/04\/rose_dame_de_coeur-219x300.jpg 219w, https:\/\/rozaria.pl\/blog\/wp-content\/uploads\/2016\/04\/rose_dame_de_coeur.jpg 292w\" sizes=\"(max-width: 219px) 100vw, 219px\" \/><\/a><\/span><\/h2>\n<p style=\"text-align: justify;\"><span style=\"font-family: arial, helvetica, sans-serif;\">R\u00f3\u017ce pienne pozyskujemy przez po\u0142\u0105czenie dzikiej r\u00f3\u017cy z szlachetnymi odmianami wielokwiatowymi, pn\u0105cymi lub okrywowymi. Na podk\u0142adce, zazwyczaj z dzikiej r\u00f3\u017cy, na wysoko\u015bci oko\u0142o 1 metra okulizujemy, czyli przeszczepiamy p\u0105ka li\u015bciowego szlachetnej odmiany, a w zwi\u0105zku z tym, \u017ce okulizowa\u0107 mo\u017cemy r\u00f3\u017ce z grupy pn\u0105cych, okrywowych czy wielokwiatowych, pozyskujemy niezwykle szeroki wachlarz wyj\u0105tkowych, r\u00f3\u017cnorodnych r\u00f3\u017c piennych. Od wyboru rodzaju okulizacji b\u0119dzie te\u017c zale\u017ca\u0142 czas, w kt\u00f3rym najlepiej b\u0119dzie jej dokona\u0107.<\/span><\/p>\n<h3 style=\"text-align: justify;\"><em><span style=\"font-family: arial, helvetica, sans-serif; font-size: 14pt;\"> W jakie otoczenie wkomponowa\u0107 najlepiej r\u00f3\u017ce na pniu?<\/span><\/em><\/h3>\n<p style=\"text-align: justify;\"><span style=\"font-family: arial, helvetica, sans-serif;\"> Z pewno\u015bci\u0105 w ka\u017cdym otoczeniu r\u00f3\u017ce b\u0119d\u0105 wygl\u0105da\u0142y pi\u0119knie, jednak, aby podkre\u015bli\u0107 jej wyj\u0105tkowy urok nale\u017cy zachowa\u0107 pewn\u0105 r\u00f3wnowag\u0119. <a href=\"http:\/\/rozaria.pl\/blog\/wp-content\/uploads\/2016\/04\/sztamowa-kaskadowa.jpg\" rel=\"attachment wp-att-1314\"><img loading=\"lazy\" decoding=\"async\" class=\"alignleft size-medium wp-image-1314\" src=\"http:\/\/rozaria.pl\/blog\/wp-content\/uploads\/2016\/04\/sztamowa-kaskadowa-246x300.jpg\" alt=\"Jak wkomponowa\u0107 w ogr\u00f3d r\u00f3\u017ce pienne - odmiana kaskadowa r\u00f3\u017cy piennej\" width=\"246\" height=\"300\" srcset=\"https:\/\/rozaria.pl\/blog\/wp-content\/uploads\/2016\/04\/sztamowa-kaskadowa-123x150.jpg 123w, https:\/\/rozaria.pl\/blog\/wp-content\/uploads\/2016\/04\/sztamowa-kaskadowa-246x300.jpg 246w, https:\/\/rozaria.pl\/blog\/wp-content\/uploads\/2016\/04\/sztamowa-kaskadowa.jpg 491w\" sizes=\"(max-width: 246px) 100vw, 246px\" \/><\/a>Pi\u0119knie b\u0119d\u0105 si\u0119 prezentowa\u0142y, jako soliter, czyli rosn\u0105ce samodzielnie w wolnej przestrzeni, otulone trawnikiem. Posadzona lub postawiona w donicy, jako soliter b\u0119dzie niezwyk\u0142ym akcentem, kt\u00f3ry b\u0119dzie koncentrowa\u0142 na sobie uwag\u0119 ka\u017cdego. Na rabatach wygl\u0105daj\u0105 r\u00f3wnie atrakcyjnie, jednak w ich towarzystwie lepiej widziane s\u0105 niskie ro\u015bliny, niskie byliny, takie, kt\u00f3re by nie przys\u0142ania\u0142y wdzi\u0119k\u00f3w kr\u00f3lowej, np. sza\u0142wia omszona czy lawenda. <a href=\"http:\/\/rozaria.pl\/blog\/wp-content\/uploads\/2016\/04\/sztamowe-plus-bukszpan.jpg\" rel=\"attachment wp-att-1315\"><img loading=\"lazy\" decoding=\"async\" class=\"alignright wp-image-1315 size-medium\" src=\"http:\/\/rozaria.pl\/blog\/wp-content\/uploads\/2016\/04\/sztamowe-plus-bukszpan-300x195.jpg\" alt=\"Jak wkomponowa\u0107 w ogr\u00f3d r\u00f3\u017ce pienne - r\u00f3\u017ce pienne w kompozycji z bukszpanem\" width=\"300\" height=\"195\" srcset=\"https:\/\/rozaria.pl\/blog\/wp-content\/uploads\/2016\/04\/sztamowe-plus-bukszpan-150x97.jpg 150w, https:\/\/rozaria.pl\/blog\/wp-content\/uploads\/2016\/04\/sztamowe-plus-bukszpan-300x195.jpg 300w, https:\/\/rozaria.pl\/blog\/wp-content\/uploads\/2016\/04\/sztamowe-plus-bukszpan-768x498.jpg 768w, https:\/\/rozaria.pl\/blog\/wp-content\/uploads\/2016\/04\/sztamowe-plus-bukszpan.jpg 800w\" sizes=\"(max-width: 300px) 100vw, 300px\" \/><\/a>Mog\u0105 to te\u017c by\u0107 inne r\u00f3\u017ce, np. miniaturowe lub okrywowe. Gdy na rabat\u0119 wystawiamy r\u00f3\u017c\u0119 pienn\u0105 w donicy, w jej towarzystwie mo\u017cemy wystawi\u0107 &#8211; r\u00f3wnie\u017c w donicach \u2013 surfinie i petunie. Szlachetno\u015bci rodem z angielskiego ogrodu doda r\u00f3\u017com piennym otoczka z przystrzy\u017conego bukszpanu. Posadzone wzd\u0142u\u017c alejek dodadz\u0105 ogrodowi eleganckiego i reprezentacyjnego wygl\u0105du.<\/span><\/p>\n<h4><span style=\"font-family: arial, helvetica, sans-serif; font-size: 14pt;\">Jakie r\u00f3\u017ce pienne wkomponowa\u0107 w nasz ogr\u00f3d<a href=\"http:\/\/rozaria.pl\/blog\/wp-content\/uploads\/2016\/04\/pienna-rabata.jpg\" rel=\"attachment wp-att-1316\"><img loading=\"lazy\" decoding=\"async\" class=\"alignleft size-medium wp-image-1316\" src=\"http:\/\/rozaria.pl\/blog\/wp-content\/uploads\/2016\/04\/pienna-rabata-225x300.jpg\" alt=\"Jak wkomponowa\u0107 w ogr\u00f3d r\u00f3\u017ce pienne - r\u00f3\u017ca pienna jako soliter w otoczeniu ro\u015blin wieloletnich\" width=\"225\" height=\"300\" srcset=\"https:\/\/rozaria.pl\/blog\/wp-content\/uploads\/2016\/04\/pienna-rabata-113x150.jpg 113w, https:\/\/rozaria.pl\/blog\/wp-content\/uploads\/2016\/04\/pienna-rabata-225x300.jpg 225w, https:\/\/rozaria.pl\/blog\/wp-content\/uploads\/2016\/04\/pienna-rabata.jpg 375w\" sizes=\"(max-width: 225px) 100vw, 225px\" \/><\/a><\/span><\/h4>\n<p style=\"text-align: justify;\"><span style=\"font-family: arial, helvetica, sans-serif;\">O wyborze i <span style=\"text-decoration: underline;\"><em>kompozycji r\u00f3\u017c piennych<\/em><\/span>\u00a0 decydujemy \u00a0zgodnie z naszymi upodobaniami. Je\u015bli chodzi o kszta\u0142t korony <span style=\"text-decoration: underline;\">r\u00f3\u017cy piennej<\/span>\u00a0mamy zasadniczy podzia\u0142 na r\u00f3\u017ce p\u0142acz\u0105ce- tzn. kaskadowe oraz korony r\u00f3\u017c kopu\u0142owych. R\u00f3\u017ce kaskadowe nadaj\u0105 miejscu bardziej romantyczny, nostalgiczny charakter. Doskonale wygl\u0105daj\u0105 jako solitery i ukszta\u0142towane kilkuletnie okazy przyci\u0105gaj\u0105 nasz wzrok. Odmiany kopu\u0142owe to doskona\u0142a klasyczna elegancja w ogrodzie. <a href=\"http:\/\/rozaria.pl\/blog\/wp-content\/uploads\/2016\/04\/sztamowe-szpaler.jpg\" rel=\"attachment wp-att-1317\"><img loading=\"lazy\" decoding=\"async\" class=\"alignright wp-image-1317 size-medium\" src=\"http:\/\/rozaria.pl\/blog\/wp-content\/uploads\/2016\/04\/sztamowe-szpaler-300x300.jpg\" alt=\"Jak wkomponowa\u0107 w ogr\u00f3d r\u00f3\u017ce pienne - szpaler r\u00f3\u017c piennych\" width=\"300\" height=\"300\" srcset=\"https:\/\/rozaria.pl\/blog\/wp-content\/uploads\/2016\/04\/sztamowe-szpaler-150x150.jpg 150w, https:\/\/rozaria.pl\/blog\/wp-content\/uploads\/2016\/04\/sztamowe-szpaler-300x300.jpg 300w, https:\/\/rozaria.pl\/blog\/wp-content\/uploads\/2016\/04\/sztamowe-szpaler-768x768.jpg 768w, https:\/\/rozaria.pl\/blog\/wp-content\/uploads\/2016\/04\/sztamowe-szpaler.jpg 800w\" sizes=\"(max-width: 300px) 100vw, 300px\" \/><\/a>Okazy sadzimy w rz\u0119dach, na rabatach oraz pojedynczo. Pie\u0144 takiej r\u00f3\u017cy obsadzamy dowoln\u0105 kompozycj\u0105 r\u00f3\u017c krzaczastych( rabatowych, okrywowych), bylin, ro\u015blin jednorocznych. Nasze nasadzenia komponujemy dowolnie jak obrazy. \u00a0Kolory, formy, faktury li\u015bci oraz kszta\u0142t i wielko\u015b\u0107 kwiat\u00f3w zale\u017c\u0105 od naszych upodoba\u0144. Cz\u0119\u015b\u0107 z ogrodnik\u00f3w dope\u0142ni kompozycj\u0119 r\u00f3\u017can\u0105 wszystkim co kwitnie i przyci\u0105ga wzrok,kolejni wybior\u0105 soczyst\u0105 ziele\u0144 i postawi\u0105 na trawnik, bukszpan i byliny o ozdobnych li\u015bciach. Wszystko zale\u017cy od naszej inwencji. Najwspanialsze w <strong>komponowaniu r\u00f3\u017c piennych w ogrodzi<\/strong>e jest coroczna mo\u017cliwo\u015b\u0107 zmiany i dodawania na rabatach czego\u015b nowego.<\/span><\/p>\n<h5 style=\"text-align: justify;\"><span style=\"font-family: arial, helvetica, sans-serif; font-size: 14pt;\"> Ciekawe odmiany r\u00f3\u017c piennych<\/span><\/h5>\n<p style=\"text-align: justify;\"><span style=\"font-family: arial, helvetica, sans-serif;\"> Jest ich tyle, \u017ce trudno si\u0119 zdecydowa\u0107, na kt\u00f3re\u015b konkretne. Wyb\u00f3r nie jest prosty, zw\u0142aszcza, \u017ce wi\u0105\u017cemy si\u0119 z konkretn\u0105 odmian\u0105 r\u00f3\u017cy\u00a0na d\u0142u\u017cszy czas i chcemy \u017ceby wci\u0105\u017c, niezmiennie cieszy\u0142a nasze oczy. <a href=\"http:\/\/rozaria.pl\/blog\/wp-content\/uploads\/2016\/04\/Double-Delight.jpg\" rel=\"attachment wp-att-1325\"><img loading=\"lazy\" decoding=\"async\" class=\"alignleft size-medium wp-image-1325\" src=\"http:\/\/rozaria.pl\/blog\/wp-content\/uploads\/2016\/04\/Double-Delight-230x300.jpg\" alt=\"Jak wkomponowa\u0107 w krajobraz r\u00f3\u017ce pienne - odmiana Double Delight\" width=\"230\" height=\"300\" srcset=\"https:\/\/rozaria.pl\/blog\/wp-content\/uploads\/2016\/04\/Double-Delight-115x150.jpg 115w, https:\/\/rozaria.pl\/blog\/wp-content\/uploads\/2016\/04\/Double-Delight-230x300.jpg 230w, https:\/\/rozaria.pl\/blog\/wp-content\/uploads\/2016\/04\/Double-Delight.jpg 467w\" sizes=\"(max-width: 230px) 100vw, 230px\" \/><\/a>Mo\u017cemy wybiera\u0107 spo\u015br\u00f3d wielu kolor\u00f3w, kszta\u0142t\u00f3w, wielko\u015bci i ilo\u015bci kwiatostan\u00f3w i cz\u0119sto\u015bci kwitnienia w sezonie, intensywno\u015bci rozsiewanej woni. Ze wzgl\u0119du na sw\u00f3j wyj\u0105tkowo pi\u0119kny wygl\u0105d uwag\u0119 przykuwaj\u0105:<\/span><br \/>\n<span style=\"font-family: arial, helvetica, sans-serif;\"> \u2022 <a href=\"http:\/\/rozaria.pl\/roze-pienne-double-delight\" target=\"_blank\" rel=\"noopener\"><strong>Double Delight<\/strong>\u00a0odmiana pienna<\/a>\u2013 to pi\u0119kna wielobarwna r\u00f3\u017ca, jej kolory to pocz\u0105wszy od bieli a na ciemnym r\u00f3\u017cu, czerwieni ko\u0144cz\u0105c. Ro\u015blina ta bardzo intensywnie pachnie, a wielko\u015b\u0107 jej kwiat\u00f3w to a\u017c 12 cm \u015brednicy. Powtarza kwitnienie w sezonie. Jest umiarkowanie odporna na choroby i do\u015b\u0107 s\u0142abo znosi mr\u00f3z, wi\u0119c przed zim\u0105 wymaga zabezpieczenia.<\/span><br \/>\n<span style=\"font-family: arial, helvetica, sans-serif;\"> \u2022 <a href=\"http:\/\/rozaria.pl\/roze-pienne-peace\" target=\"_blank\" rel=\"noopener\"><strong>Peace (Gloria Dei)<\/strong>\u00a0odmiana pienna<\/a>\u2013 <a href=\"http:\/\/rozaria.pl\/blog\/wp-content\/uploads\/2016\/04\/gloria-dei.jpg\" rel=\"attachment wp-att-1319\"><img loading=\"lazy\" decoding=\"async\" class=\"alignright size-medium wp-image-1319\" src=\"http:\/\/rozaria.pl\/blog\/wp-content\/uploads\/2016\/04\/gloria-dei-300x297.jpg\" alt=\"Jak wkomponowa\u0107 r\u00f3\u017ce pienne w ogrodzie - odmiana Gloria Dei\" width=\"300\" height=\"297\" srcset=\"https:\/\/rozaria.pl\/blog\/wp-content\/uploads\/2016\/04\/gloria-dei-150x150.jpg 150w, https:\/\/rozaria.pl\/blog\/wp-content\/uploads\/2016\/04\/gloria-dei-300x297.jpg 300w, https:\/\/rozaria.pl\/blog\/wp-content\/uploads\/2016\/04\/gloria-dei.jpg 526w\" sizes=\"(max-width: 300px) 100vw, 300px\" \/><\/a>r\u00f3wnie wielobarwna ro\u015blina, jednak wpadaj\u0105ca bardziej w odcienie \u017c\u00f3\u0142ci, kremu i r\u00f3\u017cu. Jej zapach jest stosunkowo umiarkowany, a kwiaty wr\u0119cz ogromne, bo ich \u015brednica wynosi a\u017c 13 cm. Jest odporna na choroby, ale mr\u00f3z znosi raczej s\u0142abo, wi\u0119c wymaga okrycia przed zim\u0105. Za to kwitnie przez ca\u0142y sezon.<\/span><br \/>\n<span style=\"font-family: arial, helvetica, sans-serif;\"> \u2022 <a href=\"http:\/\/rozaria.pl\/roze-pienne-the-fairy\" target=\"_blank\" rel=\"noopener\"><strong>The Fairy<\/strong>\u00a0r\u00f3\u017ca pienna<\/a> \u2013 <a href=\"http:\/\/rozaria.pl\/blog\/wp-content\/uploads\/2016\/04\/the-fairy.jpg\" rel=\"attachment wp-att-1322\"><img loading=\"lazy\" decoding=\"async\" class=\"alignleft size-medium wp-image-1322\" src=\"http:\/\/rozaria.pl\/blog\/wp-content\/uploads\/2016\/04\/the-fairy-300x200.jpg\" alt=\"Jak wkomponowa\u0107 r\u00f3\u017ce pienne w krajobraz - odmiana The Fairy\" width=\"300\" height=\"200\" srcset=\"https:\/\/rozaria.pl\/blog\/wp-content\/uploads\/2016\/04\/the-fairy-150x100.jpg 150w, https:\/\/rozaria.pl\/blog\/wp-content\/uploads\/2016\/04\/the-fairy-300x200.jpg 300w, https:\/\/rozaria.pl\/blog\/wp-content\/uploads\/2016\/04\/the-fairy.jpg 644w\" sizes=\"(max-width: 300px) 100vw, 300px\" \/><\/a>to r\u00f3\u017ca pienna o jasno-r\u00f3\u017cowych kwiatach, a mo\u017ce jednak kwiatkach, bo ich \u015brednica to zaledwie 2-3 cm, za to s\u0105 ich ogromne ilo\u015bci i praktycznie przez ca\u0142y sezon nie przestaje kwitn\u0105\u0107. Wo\u0144 kwiat\u00f3w jest lekko wyczuwalna. Z powodzeniem znosi p\u00f3\u0142cie\u0144, jest bardzo odporna na wszelkie choroby, ale jak wi\u0119kszo\u015b\u0107 r\u00f3\u017c piennych zalecane jest okrycie zimowe.<\/span><br \/>\n<span style=\"font-family: arial, helvetica, sans-serif;\"> \u2022 <a href=\"http:\/\/rozaria.pl\/roze-pienne-red-leonardo\" target=\"_blank\" rel=\"noopener\"><strong>Red Leonardo<\/strong> r\u00f3\u017ce pienne<\/a> \u2013 <a href=\"http:\/\/rozaria.pl\/blog\/wp-content\/uploads\/2016\/04\/red-leonardo.jpg\" rel=\"attachment wp-att-1320\"><img loading=\"lazy\" decoding=\"async\" class=\"alignright size-medium wp-image-1320\" src=\"http:\/\/rozaria.pl\/blog\/wp-content\/uploads\/2016\/04\/red-leonardo-300x163.jpg\" alt=\"Jak wkomponowa\u0107 r\u00f3\u017ce pienne w ogr\u00f3d - odmiana Red Leonardo da Vinci\" width=\"300\" height=\"163\" srcset=\"https:\/\/rozaria.pl\/blog\/wp-content\/uploads\/2016\/04\/red-leonardo-150x81.jpg 150w, https:\/\/rozaria.pl\/blog\/wp-content\/uploads\/2016\/04\/red-leonardo-300x163.jpg 300w, https:\/\/rozaria.pl\/blog\/wp-content\/uploads\/2016\/04\/red-leonardo.jpg 385w\" sizes=\"(max-width: 300px) 100vw, 300px\" \/><\/a>to niezwykle urocza ro\u015blina, jej kwiaty s\u0105 niesamowicie wype\u0142nione, w kolorze purpurowej czerwieni, a ich \u015brednica to 7-8 cm. Kwiaty rozsiewaj\u0105 subteln\u0105 wo\u0144 i pojawiaj\u0105 si\u0119 na krzewie kilka razy w sezonie. R\u00f3\u017ca ta jest odporna na choroby oraz na krople deszczu, r\u00f3wnie\u017c wymaga ochrony przed\u00a0mrozem.<\/span><br \/>\n<span style=\"font-family: arial, helvetica, sans-serif;\"> To tylko namiastka mo\u017cliwo\u015bci. Kt\u00f3r\u0105kolwiek by\u015bmy nie wybrali, z pewno\u015bci\u0105 sprawi nam wiele rado\u015bci i powod\u00f3w do dumy. B\u0119dzie cieszy\u0107 nasze oczy i wprawia\u0107 w os\u0142upienie s\u0105siad\u00f3w. Aleja r\u00f3\u017c piennych doda naszemu ogrodowemu azylowi elegancji i uroku. C\u00f3\u017c po prostu warto spr\u00f3bowa\u0107.<\/span><\/p>\n","protected":false},"excerpt":{"rendered":"<p>Jak wkomponowa\u0107 r\u00f3\u017ce pienne w nasz krajobraz? To ju\u017c wiadomo! R\u00f3\u017ce to niekwestionowane kr\u00f3lowe ogrodu, jednak nawet w\u015br\u00f3d kr\u00f3lowych s\u0105 takie, kt\u00f3re traktujemy zwyczajnie i takie, z kt\u00f3rymi kontakt nas onie\u015bmiela. Takimi w\u0142a\u015bnie kr\u00f3lowymi s\u0105 r\u00f3\u017ce pienne. S\u0105 proste, wysokie [&hellip;]<\/p>\n","protected":false},"author":1,"featured_media":1323,"comment_status":"open","ping_status":"open","sticky":false,"template":"","format":"standard","meta":{"_mi_skip_tracking":false,"_monsterinsights_sitenote_active":false,"_monsterinsights_sitenote_note":"","_monsterinsights_sitenote_category":0,"footnotes":""},"categories":[6],"tags":[9,31,10,56,34],"yoast_head":"<!-- This site is optimized with the Yoast SEO plugin v23.5 - https:\/\/yoast.com\/wordpress\/plugins\/seo\/ -->\n<title>Jak wkomponowa\u0107 w nasz krajobraz r\u00f3\u017ce pienne - blog Rozaria.pl<\/title>\n<meta name=\"robots\" content=\"index, follow, max-snippet:-1, max-image-preview:large, max-video-preview:-1\" \/>\n<link rel=\"canonical\" href=\"https:\/\/rozaria.pl\/blog\/jak-wkomponowac-w-nasz-krajobraz-roze-pienne\/\" \/>\n<meta property=\"og:locale\" content=\"pl_PL\" \/>\n<meta property=\"og:type\" content=\"article\" \/>\n<meta property=\"og:title\" content=\"Jak wkomponowa\u0107 w nasz krajobraz r\u00f3\u017ce pienne - blog Rozaria.pl\" \/>\n<meta property=\"og:description\" content=\"Jak wkomponowa\u0107 r\u00f3\u017ce pienne w nasz krajobraz? To ju\u017c wiadomo! R\u00f3\u017ce to niekwestionowane kr\u00f3lowe ogrodu, jednak nawet w\u015br\u00f3d kr\u00f3lowych s\u0105 takie, kt\u00f3re traktujemy zwyczajnie i takie, z kt\u00f3rymi kontakt nas onie\u015bmiela. Takimi w\u0142a\u015bnie kr\u00f3lowymi s\u0105 r\u00f3\u017ce pienne. S\u0105 proste, wysokie [&hellip;]\" \/>\n<meta property=\"og:url\" content=\"https:\/\/rozaria.pl\/blog\/jak-wkomponowac-w-nasz-krajobraz-roze-pienne\/\" \/>\n<meta property=\"og:site_name\" content=\"blog Rozaria.pl\" \/>\n<meta property=\"article:publisher\" content=\"https:\/\/www.facebook.com\/SzkolkaRozRozaria\/\" \/>\n<meta property=\"article:published_time\" content=\"2012-08-28T07:51:51+00:00\" \/>\n<meta property=\"article:modified_time\" content=\"2017-11-05T20:48:34+00:00\" \/>\n<meta property=\"og:image\" content=\"https:\/\/rozaria.pl\/blog\/wp-content\/uploads\/2016\/04\/pienne.jpg\" \/>\n\t<meta property=\"og:image:width\" content=\"880\" \/>\n\t<meta property=\"og:image:height\" content=\"586\" \/>\n\t<meta property=\"og:image:type\" content=\"image\/jpeg\" \/>\n<meta name=\"author\" content=\"Rozaria.pl\" \/>\n<meta name=\"twitter:card\" content=\"summary_large_image\" \/>\n<meta name=\"twitter:creator\" content=\"@SzkolkaRozaria\" \/>\n<meta name=\"twitter:site\" content=\"@SzkolkaRozaria\" \/>\n<meta name=\"twitter:label1\" content=\"Napisane przez\" \/>\n\t<meta name=\"twitter:data1\" content=\"Rozaria.pl\" \/>\n\t<meta name=\"twitter:label2\" content=\"Szacowany czas czytania\" \/>\n\t<meta name=\"twitter:data2\" content=\"5 minut\" \/>\n<script type=\"application\/ld+json\" class=\"yoast-schema-graph\">{\"@context\":\"https:\/\/schema.org\",\"@graph\":[{\"@type\":\"Article\",\"@id\":\"https:\/\/rozaria.pl\/blog\/jak-wkomponowac-w-nasz-krajobraz-roze-pienne\/#article\",\"isPartOf\":{\"@id\":\"https:\/\/rozaria.pl\/blog\/jak-wkomponowac-w-nasz-krajobraz-roze-pienne\/\"},\"author\":{\"name\":\"Rozaria.pl\",\"@id\":\"https:\/\/rozaria.pl\/blog\/#\/schema\/person\/31b3805d5058ea1cffed1d8efb6e2513\"},\"headline\":\"Jak wkomponowa\u0107 w nasz krajobraz r\u00f3\u017ce pienne\",\"datePublished\":\"2012-08-28T07:51:51+00:00\",\"dateModified\":\"2017-11-05T20:48:34+00:00\",\"mainEntityOfPage\":{\"@id\":\"https:\/\/rozaria.pl\/blog\/jak-wkomponowac-w-nasz-krajobraz-roze-pienne\/\"},\"wordCount\":1052,\"commentCount\":2,\"publisher\":{\"@id\":\"https:\/\/rozaria.pl\/blog\/#organization\"},\"image\":{\"@id\":\"https:\/\/rozaria.pl\/blog\/jak-wkomponowac-w-nasz-krajobraz-roze-pienne\/#primaryimage\"},\"thumbnailUrl\":\"https:\/\/rozaria.pl\/blog\/wp-content\/uploads\/2016\/04\/pienne.jpg\",\"keywords\":[\"r\u00f3\u017ce pienne\",\"r\u00f3\u017ce sadzenie\",\"r\u00f3\u017ce uprawa\",\"r\u00f3\u017ce w ogrodzie\",\"sadzenie r\u00f3\u017c piennych\"],\"articleSection\":[\"Piel\u0119gnacja\"],\"inLanguage\":\"pl-PL\",\"potentialAction\":[{\"@type\":\"CommentAction\",\"name\":\"Comment\",\"target\":[\"https:\/\/rozaria.pl\/blog\/jak-wkomponowac-w-nasz-krajobraz-roze-pienne\/#respond\"]}]},{\"@type\":\"WebPage\",\"@id\":\"https:\/\/rozaria.pl\/blog\/jak-wkomponowac-w-nasz-krajobraz-roze-pienne\/\",\"url\":\"https:\/\/rozaria.pl\/blog\/jak-wkomponowac-w-nasz-krajobraz-roze-pienne\/\",\"name\":\"Jak wkomponowa\u0107 w nasz krajobraz r\u00f3\u017ce pienne - blog Rozaria.pl\",\"isPartOf\":{\"@id\":\"https:\/\/rozaria.pl\/blog\/#website\"},\"primaryImageOfPage\":{\"@id\":\"https:\/\/rozaria.pl\/blog\/jak-wkomponowac-w-nasz-krajobraz-roze-pienne\/#primaryimage\"},\"image\":{\"@id\":\"https:\/\/rozaria.pl\/blog\/jak-wkomponowac-w-nasz-krajobraz-roze-pienne\/#primaryimage\"},\"thumbnailUrl\":\"https:\/\/rozaria.pl\/blog\/wp-content\/uploads\/2016\/04\/pienne.jpg\",\"datePublished\":\"2012-08-28T07:51:51+00:00\",\"dateModified\":\"2017-11-05T20:48:34+00:00\",\"breadcrumb\":{\"@id\":\"https:\/\/rozaria.pl\/blog\/jak-wkomponowac-w-nasz-krajobraz-roze-pienne\/#breadcrumb\"},\"inLanguage\":\"pl-PL\",\"potentialAction\":[{\"@type\":\"ReadAction\",\"target\":[\"https:\/\/rozaria.pl\/blog\/jak-wkomponowac-w-nasz-krajobraz-roze-pienne\/\"]}]},{\"@type\":\"ImageObject\",\"inLanguage\":\"pl-PL\",\"@id\":\"https:\/\/rozaria.pl\/blog\/jak-wkomponowac-w-nasz-krajobraz-roze-pienne\/#primaryimage\",\"url\":\"https:\/\/rozaria.pl\/blog\/wp-content\/uploads\/2016\/04\/pienne.jpg\",\"contentUrl\":\"https:\/\/rozaria.pl\/blog\/wp-content\/uploads\/2016\/04\/pienne.jpg\",\"width\":880,\"height\":586,\"caption\":\"Jak wkomponowa\u0107 w krajobraz r\u00f3\u017ce pienne\"},{\"@type\":\"BreadcrumbList\",\"@id\":\"https:\/\/rozaria.pl\/blog\/jak-wkomponowac-w-nasz-krajobraz-roze-pienne\/#breadcrumb\",\"itemListElement\":[{\"@type\":\"ListItem\",\"position\":1,\"name\":\"Strona g\u0142\u00f3wna\",\"item\":\"https:\/\/rozaria.pl\/blog\/\"},{\"@type\":\"ListItem\",\"position\":2,\"name\":\"Jak wkomponowa\u0107 w nasz krajobraz r\u00f3\u017ce pienne\"}]},{\"@type\":\"WebSite\",\"@id\":\"https:\/\/rozaria.pl\/blog\/#website\",\"url\":\"https:\/\/rozaria.pl\/blog\/\",\"name\":\"blog Rozaria.pl\",\"description\":\"Porozmawiajmy o r\u00f3\u017cach, o wszystkich sprawach\",\"publisher\":{\"@id\":\"https:\/\/rozaria.pl\/blog\/#organization\"},\"potentialAction\":[{\"@type\":\"SearchAction\",\"target\":{\"@type\":\"EntryPoint\",\"urlTemplate\":\"https:\/\/rozaria.pl\/blog\/?s={search_term_string}\"},\"query-input\":{\"@type\":\"PropertyValueSpecification\",\"valueRequired\":true,\"valueName\":\"search_term_string\"}}],\"inLanguage\":\"pl-PL\"},{\"@type\":\"Organization\",\"@id\":\"https:\/\/rozaria.pl\/blog\/#organization\",\"name\":\"Szk\u00f3\u0142ka R\u00f3\u017c Rozaria\",\"url\":\"https:\/\/rozaria.pl\/blog\/\",\"logo\":{\"@type\":\"ImageObject\",\"inLanguage\":\"pl-PL\",\"@id\":\"https:\/\/rozaria.pl\/blog\/#\/schema\/logo\/image\/\",\"url\":\"https:\/\/rozaria.pl\/blog\/wp-content\/uploads\/2016\/12\/logo_dla-rozaria.png\",\"contentUrl\":\"https:\/\/rozaria.pl\/blog\/wp-content\/uploads\/2016\/12\/logo_dla-rozaria.png\",\"width\":400,\"height\":166,\"caption\":\"Szk\u00f3\u0142ka R\u00f3\u017c Rozaria\"},\"image\":{\"@id\":\"https:\/\/rozaria.pl\/blog\/#\/schema\/logo\/image\/\"},\"sameAs\":[\"https:\/\/www.facebook.com\/SzkolkaRozRozaria\/\",\"https:\/\/x.com\/SzkolkaRozaria\",\"https:\/\/www.youtube.com\/channel\/UCguKKBc7F06eYM1tzYx1Z5A\"]},{\"@type\":\"Person\",\"@id\":\"https:\/\/rozaria.pl\/blog\/#\/schema\/person\/31b3805d5058ea1cffed1d8efb6e2513\",\"name\":\"Rozaria.pl\",\"image\":{\"@type\":\"ImageObject\",\"inLanguage\":\"pl-PL\",\"@id\":\"https:\/\/rozaria.pl\/blog\/#\/schema\/person\/image\/\",\"url\":\"https:\/\/secure.gravatar.com\/avatar\/36c7e4b15b333b9fb573f9e54e7fcf52?s=96&d=mm&r=g\",\"contentUrl\":\"https:\/\/secure.gravatar.com\/avatar\/36c7e4b15b333b9fb573f9e54e7fcf52?s=96&d=mm&r=g\",\"caption\":\"Rozaria.pl\"},\"sameAs\":[\"https:\/\/www.rozaria.pl\",\"https:\/\/www.youtube.com\/channel\/UCguKKBc7F06eYM1tzYx1Z5A\"],\"url\":\"https:\/\/rozaria.pl\/blog\/author\/1rozanka\/\"}]}<\/script>\n<!-- \/ Yoast SEO plugin. -->","yoast_head_json":{"title":"Jak wkomponowa\u0107 w nasz krajobraz r\u00f3\u017ce pienne - blog Rozaria.pl","robots":{"index":"index","follow":"follow","max-snippet":"max-snippet:-1","max-image-preview":"max-image-preview:large","max-video-preview":"max-video-preview:-1"},"canonical":"https:\/\/rozaria.pl\/blog\/jak-wkomponowac-w-nasz-krajobraz-roze-pienne\/","og_locale":"pl_PL","og_type":"article","og_title":"Jak wkomponowa\u0107 w nasz krajobraz r\u00f3\u017ce pienne - blog Rozaria.pl","og_description":"Jak wkomponowa\u0107 r\u00f3\u017ce pienne w nasz krajobraz? To ju\u017c wiadomo! R\u00f3\u017ce to niekwestionowane kr\u00f3lowe ogrodu, jednak nawet w\u015br\u00f3d kr\u00f3lowych s\u0105 takie, kt\u00f3re traktujemy zwyczajnie i takie, z kt\u00f3rymi kontakt nas onie\u015bmiela. Takimi w\u0142a\u015bnie kr\u00f3lowymi s\u0105 r\u00f3\u017ce pienne. S\u0105 proste, wysokie [&hellip;]","og_url":"https:\/\/rozaria.pl\/blog\/jak-wkomponowac-w-nasz-krajobraz-roze-pienne\/","og_site_name":"blog Rozaria.pl","article_publisher":"https:\/\/www.facebook.com\/SzkolkaRozRozaria\/","article_published_time":"2012-08-28T07:51:51+00:00","article_modified_time":"2017-11-05T20:48:34+00:00","og_image":[{"width":880,"height":586,"url":"https:\/\/rozaria.pl\/blog\/wp-content\/uploads\/2016\/04\/pienne.jpg","type":"image\/jpeg"}],"author":"Rozaria.pl","twitter_card":"summary_large_image","twitter_creator":"@SzkolkaRozaria","twitter_site":"@SzkolkaRozaria","twitter_misc":{"Napisane przez":"Rozaria.pl","Szacowany czas czytania":"5 minut"},"schema":{"@context":"https:\/\/schema.org","@graph":[{"@type":"Article","@id":"https:\/\/rozaria.pl\/blog\/jak-wkomponowac-w-nasz-krajobraz-roze-pienne\/#article","isPartOf":{"@id":"https:\/\/rozaria.pl\/blog\/jak-wkomponowac-w-nasz-krajobraz-roze-pienne\/"},"author":{"name":"Rozaria.pl","@id":"https:\/\/rozaria.pl\/blog\/#\/schema\/person\/31b3805d5058ea1cffed1d8efb6e2513"},"headline":"Jak wkomponowa\u0107 w nasz krajobraz r\u00f3\u017ce pienne","datePublished":"2012-08-28T07:51:51+00:00","dateModified":"2017-11-05T20:48:34+00:00","mainEntityOfPage":{"@id":"https:\/\/rozaria.pl\/blog\/jak-wkomponowac-w-nasz-krajobraz-roze-pienne\/"},"wordCount":1052,"commentCount":2,"publisher":{"@id":"https:\/\/rozaria.pl\/blog\/#organization"},"image":{"@id":"https:\/\/rozaria.pl\/blog\/jak-wkomponowac-w-nasz-krajobraz-roze-pienne\/#primaryimage"},"thumbnailUrl":"https:\/\/rozaria.pl\/blog\/wp-content\/uploads\/2016\/04\/pienne.jpg","keywords":["r\u00f3\u017ce pienne","r\u00f3\u017ce sadzenie","r\u00f3\u017ce uprawa","r\u00f3\u017ce w ogrodzie","sadzenie r\u00f3\u017c piennych"],"articleSection":["Piel\u0119gnacja"],"inLanguage":"pl-PL","potentialAction":[{"@type":"CommentAction","name":"Comment","target":["https:\/\/rozaria.pl\/blog\/jak-wkomponowac-w-nasz-krajobraz-roze-pienne\/#respond"]}]},{"@type":"WebPage","@id":"https:\/\/rozaria.pl\/blog\/jak-wkomponowac-w-nasz-krajobraz-roze-pienne\/","url":"https:\/\/rozaria.pl\/blog\/jak-wkomponowac-w-nasz-krajobraz-roze-pienne\/","name":"Jak wkomponowa\u0107 w nasz krajobraz r\u00f3\u017ce pienne - blog Rozaria.pl","isPartOf":{"@id":"https:\/\/rozaria.pl\/blog\/#website"},"primaryImageOfPage":{"@id":"https:\/\/rozaria.pl\/blog\/jak-wkomponowac-w-nasz-krajobraz-roze-pienne\/#primaryimage"},"image":{"@id":"https:\/\/rozaria.pl\/blog\/jak-wkomponowac-w-nasz-krajobraz-roze-pienne\/#primaryimage"},"thumbnailUrl":"https:\/\/rozaria.pl\/blog\/wp-content\/uploads\/2016\/04\/pienne.jpg","datePublished":"2012-08-28T07:51:51+00:00","dateModified":"2017-11-05T20:48:34+00:00","breadcrumb":{"@id":"https:\/\/rozaria.pl\/blog\/jak-wkomponowac-w-nasz-krajobraz-roze-pienne\/#breadcrumb"},"inLanguage":"pl-PL","potentialAction":[{"@type":"ReadAction","target":["https:\/\/rozaria.pl\/blog\/jak-wkomponowac-w-nasz-krajobraz-roze-pienne\/"]}]},{"@type":"ImageObject","inLanguage":"pl-PL","@id":"https:\/\/rozaria.pl\/blog\/jak-wkomponowac-w-nasz-krajobraz-roze-pienne\/#primaryimage","url":"https:\/\/rozaria.pl\/blog\/wp-content\/uploads\/2016\/04\/pienne.jpg","contentUrl":"https:\/\/rozaria.pl\/blog\/wp-content\/uploads\/2016\/04\/pienne.jpg","width":880,"height":586,"caption":"Jak wkomponowa\u0107 w krajobraz r\u00f3\u017ce pienne"},{"@type":"BreadcrumbList","@id":"https:\/\/rozaria.pl\/blog\/jak-wkomponowac-w-nasz-krajobraz-roze-pienne\/#breadcrumb","itemListElement":[{"@type":"ListItem","position":1,"name":"Strona g\u0142\u00f3wna","item":"https:\/\/rozaria.pl\/blog\/"},{"@type":"ListItem","position":2,"name":"Jak wkomponowa\u0107 w nasz krajobraz r\u00f3\u017ce pienne"}]},{"@type":"WebSite","@id":"https:\/\/rozaria.pl\/blog\/#website","url":"https:\/\/rozaria.pl\/blog\/","name":"blog Rozaria.pl","description":"Porozmawiajmy o r\u00f3\u017cach, o wszystkich sprawach","publisher":{"@id":"https:\/\/rozaria.pl\/blog\/#organization"},"potentialAction":[{"@type":"SearchAction","target":{"@type":"EntryPoint","urlTemplate":"https:\/\/rozaria.pl\/blog\/?s={search_term_string}"},"query-input":{"@type":"PropertyValueSpecification","valueRequired":true,"valueName":"search_term_string"}}],"inLanguage":"pl-PL"},{"@type":"Organization","@id":"https:\/\/rozaria.pl\/blog\/#organization","name":"Szk\u00f3\u0142ka R\u00f3\u017c Rozaria","url":"https:\/\/rozaria.pl\/blog\/","logo":{"@type":"ImageObject","inLanguage":"pl-PL","@id":"https:\/\/rozaria.pl\/blog\/#\/schema\/logo\/image\/","url":"https:\/\/rozaria.pl\/blog\/wp-content\/uploads\/2016\/12\/logo_dla-rozaria.png","contentUrl":"https:\/\/rozaria.pl\/blog\/wp-content\/uploads\/2016\/12\/logo_dla-rozaria.png","width":400,"height":166,"caption":"Szk\u00f3\u0142ka R\u00f3\u017c Rozaria"},"image":{"@id":"https:\/\/rozaria.pl\/blog\/#\/schema\/logo\/image\/"},"sameAs":["https:\/\/www.facebook.com\/SzkolkaRozRozaria\/","https:\/\/x.com\/SzkolkaRozaria","https:\/\/www.youtube.com\/channel\/UCguKKBc7F06eYM1tzYx1Z5A"]},{"@type":"Person","@id":"https:\/\/rozaria.pl\/blog\/#\/schema\/person\/31b3805d5058ea1cffed1d8efb6e2513","name":"Rozaria.pl","image":{"@type":"ImageObject","inLanguage":"pl-PL","@id":"https:\/\/rozaria.pl\/blog\/#\/schema\/person\/image\/","url":"https:\/\/secure.gravatar.com\/avatar\/36c7e4b15b333b9fb573f9e54e7fcf52?s=96&d=mm&r=g","contentUrl":"https:\/\/secure.gravatar.com\/avatar\/36c7e4b15b333b9fb573f9e54e7fcf52?s=96&d=mm&r=g","caption":"Rozaria.pl"},"sameAs":["https:\/\/www.rozaria.pl","https:\/\/www.youtube.com\/channel\/UCguKKBc7F06eYM1tzYx1Z5A"],"url":"https:\/\/rozaria.pl\/blog\/author\/1rozanka\/"}]}},"_links":{"self":[{"href":"https:\/\/rozaria.pl\/blog\/wp-json\/wp\/v2\/posts\/1304"}],"collection":[{"href":"https:\/\/rozaria.pl\/blog\/wp-json\/wp\/v2\/posts"}],"about":[{"href":"https:\/\/rozaria.pl\/blog\/wp-json\/wp\/v2\/types\/post"}],"author":[{"embeddable":true,"href":"https:\/\/rozaria.pl\/blog\/wp-json\/wp\/v2\/users\/1"}],"replies":[{"embeddable":true,"href":"https:\/\/rozaria.pl\/blog\/wp-json\/wp\/v2\/comments?post=1304"}],"version-history":[{"count":11,"href":"https:\/\/rozaria.pl\/blog\/wp-json\/wp\/v2\/posts\/1304\/revisions"}],"predecessor-version":[{"id":1662,"href":"https:\/\/rozaria.pl\/blog\/wp-json\/wp\/v2\/posts\/1304\/revisions\/1662"}],"wp:featuredmedia":[{"embeddable":true,"href":"https:\/\/rozaria.pl\/blog\/wp-json\/wp\/v2\/media\/1323"}],"wp:attachment":[{"href":"https:\/\/rozaria.pl\/blog\/wp-json\/wp\/v2\/media?parent=1304"}],"wp:term":[{"taxonomy":"category","embeddable":true,"href":"https:\/\/rozaria.pl\/blog\/wp-json\/wp\/v2\/categories?post=1304"},{"taxonomy":"post_tag","embeddable":true,"href":"https:\/\/rozaria.pl\/blog\/wp-json\/wp\/v2\/tags?post=1304"}],"curies":[{"name":"wp","href":"https:\/\/api.w.org\/{rel}","templated":true}]}}